{"id":56567,"date":"2025-06-04T18:29:19","date_gmt":"2025-06-04T21:29:19","guid":{"rendered":"https:\/\/www.cidademarketing.com.br\/marketing\/?p=56567"},"modified":"2025-06-04T18:29:19","modified_gmt":"2025-06-04T21:29:19","slug":"alcool-na-coca-cola-governo-suspende-fabrica-no-ceara-por-medida-preventiva","status":"publish","type":"post","link":"https:\/\/www.cidademarketing.com.br\/marketing\/2025\/06\/04\/alcool-na-coca-cola-governo-suspende-fabrica-no-ceara-por-medida-preventiva\/","title":{"rendered":"\u00c1lcool na Coca-Cola? Governo suspende f\u00e1brica no Cear\u00e1 por medida preventiva"},"content":{"rendered":"<p>O Minist\u00e9rio da Agricultura e Pecu\u00e1ria (Mapa) suspendeu temporariamente, nesta segunda-feira (3), as atividades de produ\u00e7\u00e3o e envase de uma f\u00e1brica de bebidas da Solar Coca-Cola, localizada no estado do Cear\u00e1. A medida foi tomada de forma preventiva, ap\u00f3s ser identificado um vazamento no sistema de resfriamento da linha de produ\u00e7\u00e3o, que pode ter gerado contato com um l\u00edquido que cont\u00e9m \u00e1lcool de grau aliment\u00edcio.<\/p>\n<p>Segundo o Mapa, o insumo envolvido n\u00e3o apresenta risco elevado \u00e0 sa\u00fade, tampouco cont\u00e9m subst\u00e2ncias t\u00f3xicas, mas, por precau\u00e7\u00e3o, aproximadamente 9 milh\u00f5es de litros de bebidas foram retidos e est\u00e3o sob an\u00e1lise laboratorial. At\u00e9 o momento, n\u00e3o h\u00e1 confirma\u00e7\u00e3o de contamina\u00e7\u00e3o dos produtos.<\/p>\n<p>A medida de suspens\u00e3o foi acordada em conson\u00e2ncia com a empresa, e a expectativa \u00e9 de que a produ\u00e7\u00e3o seja retomada ainda nesta quarta-feira (4), caso sejam comprovadas a corre\u00e7\u00e3o da falha e a elimina\u00e7\u00e3o de riscos \u00e0 seguran\u00e7a alimentar.<\/p>\n<p>\u201cA a\u00e7\u00e3o faz parte dos protocolos de fiscaliza\u00e7\u00e3o do Minist\u00e9rio, que priorizam a transpar\u00eancia, a prote\u00e7\u00e3o \u00e0 sa\u00fade da popula\u00e7\u00e3o e a confian\u00e7a do consumidor\u201d, afirmou a pasta em nota.<\/p>\n<p><strong>Perfil da Solar Coca-Cola<\/strong><br \/>\nA Solar Coca-Cola \u00e9 o segundo maior fabricante do Sistema Coca-Cola no Brasil e est\u00e1 entre os 15 maiores fabricantes da marca no mundo. A companhia possui cerca de 15 mil colaboradores, atuando em uma \u00e1rea territorial que abrange 70% do territ\u00f3rio nacional, com 13 f\u00e1bricas e 44 centros de distribui\u00e7\u00e3o.<\/p>\n<p>Com capacidade de produ\u00e7\u00e3o anual de aproximadamente 5 bilh\u00f5es de litros de bebidas, a empresa atende cerca de 400 mil pontos de venda, estando presente em todas as regi\u00f5es Norte e Nordeste, al\u00e9m do Mato Grosso e parte dos estados de Goi\u00e1s e Tocantins.<\/p>\n<p>A marca foi eleita a 2\u00aa Melhor Empresa de Alimentos e Bebidas do Brasil, segundo o anu\u00e1rio Valor 1000. O reconhecimento leva em conta n\u00e3o apenas o desempenho financeiro da nossa opera\u00e7\u00e3o, mas tamb\u00e9m as iniciativas em ESG \u2014 que envolvem pr\u00e1ticas de Governan\u00e7a, Responsabilidade Social e Sustentabilidade Ambiental.<\/p>\n<p>O CidadeMarketing entrou em contato com o Minist\u00e9rio da Agricultura e com a Solar Coca-Cola para entender os detalhes sobre a suspens\u00e3o tempor\u00e1ria das opera\u00e7\u00f5es na unidade de Maracana\u00fa (CE), anunciada no dia 3 de junho de 2025. At\u00e9 o fechamento desta mat\u00e9ria, n\u00e3o obtivemos retorno do Minist\u00e9rio da Agricultura. Assim que houver uma resposta oficial, o conte\u00fado ser\u00e1 atualizado.<\/p>\n<p>Em nota enviada \u00e0 nossa reda\u00e7\u00e3o, a Solar esclareceu:<\/p>\n<p><em>\u201cA Solar informa que a unidade de Maracana\u00fa (CE) interrompeu temporariamente suas opera\u00e7\u00f5es em conson\u00e2ncia com o Minist\u00e9rio da Agricultura, Pecu\u00e1ria e Abastecimento (MAPA). Essa pausa foi realizada de forma preventiva, e estamos atualmente conduzindo testes rigorosos para comprovar a total seguran\u00e7a de nossos produtos.<\/em><\/p>\n<p><em>Estamos empenhados em retomar as atividades o mais r\u00e1pido poss\u00edvel. As licen\u00e7as de funcionamento da unidade permanecem v\u00e1lidas e atualizadas, com pr\u00e1ticas sendo auditadas continuamente, tanto internamente quanto por \u00f3rg\u00e3os externos.<\/em><\/p>\n<p><em>A unidade \u00e9 certificada pelas normas ISO 9001 (gest\u00e3o da qualidade) e FSSC 22000 (seguran\u00e7a de alimentos). A Solar segue protocolos rigorosos de controle sanit\u00e1rio e de qualidade, reafirmando seu compromisso com os mais altos padr\u00f5es internacionais de produ\u00e7\u00e3o e seguran\u00e7a alimentar em todas as etapas.<\/em><\/p>\n<p><em>Refor\u00e7amos nosso compromisso com o di\u00e1logo transparente com as autoridades e reiteramos que nossos produtos s\u00e3o 100% seguros, sem qualquer risco \u00e0 sa\u00fade dos consumidores. Todas as demais opera\u00e7\u00f5es da Solar seguem funcionando normalmente.\u201d<\/em><\/p>\n<p>Al\u00e9m da solicita\u00e7\u00e3o do posicionamento oficial, a equipe do CidadeMarketing questionou o Minist\u00e9rio da Agricultura sobre os seguintes pontos:<\/p>\n<p>Quais produtos e qual foi a amostragem analisada?<br \/>\nPor quanto tempo a unidade dever\u00e1 permanecer fechada ou qual o prazo estimado para a regulariza\u00e7\u00e3o da situa\u00e7\u00e3o?<br \/>\nQual foi o tipo de insumo considerado inadequado que motivou a interven\u00e7\u00e3o?<br \/>\nExistem imagens do processo de fiscaliza\u00e7\u00e3o na f\u00e1brica que possam ser compartilhadas com a imprensa?<\/p>\n<p>Seguimos acompanhando o caso e traremos novas informa\u00e7\u00f5es assim que dispon\u00edveis.<\/p>\n","protected":false},"excerpt":{"rendered":"<p>O Minist\u00e9rio da Agricultura e Pecu\u00e1ria (Mapa) suspendeu temporariamente, nesta segunda-feira (3), as atividades de produ\u00e7\u00e3o e envase de uma f\u00e1brica de bebidas da Solar Coca-Cola, localizada no estado do Cear\u00e1. A medida foi tomada de forma preventiva, ap\u00f3s ser identificado um vazamento no sistema de resfriamento da linha de produ\u00e7\u00e3o, que pode ter gerado [&hellip;]<\/p>\n","protected":false},"author":1,"featured_media":56568,"comment_status":"open","ping_status":"open","sticky":false,"template":"","format":"standard","meta":{"tdm_status":"","tdm_grid_status":"","footnotes":""},"categories":[6],"tags":[2885,1071,56,33,2702,28,1607,7162,216,182,4166],"class_list":["post-56567","post","type-post","status-publish","format-standard","has-post-thumbnail","hentry","category-noticias","tag-alcool","tag-ceara","tag-coca-cola","tag-estrategia","tag-mapa","tag-marketing","tag-ministerio-da-agricultura","tag-ministerio-da-agricultura-e-pecuaria","tag-producao","tag-produto","tag-solar"],"yoast_head":"<!-- This site is optimized with the Yoast SEO plugin v27.5 - https:\/\/yoast.com\/product\/yoast-seo-wordpress\/ -->\n<title>\u00c1lcool na Coca-Cola? Governo suspende f\u00e1brica no Cear\u00e1 por medida preventiva - CidadeMarketing<\/title>\n<meta name=\"robots\" content=\"index, follow, max-snippet:-1, max-image-preview:large, max-video-preview:-1\" \/>\n<link rel=\"canonical\" href=\"https:\/\/www.cidademarketing.com.br\/marketing\/2025\/06\/04\/alcool-na-coca-cola-governo-suspende-fabrica-no-ceara-por-medida-preventiva\/\" \/>\n<meta property=\"og:locale\" content=\"pt_BR\" \/>\n<meta property=\"og:type\" content=\"article\" \/>\n<meta property=\"og:title\" content=\"\u00c1lcool na Coca-Cola? Governo suspende f\u00e1brica no Cear\u00e1 por medida preventiva - CidadeMarketing\" \/>\n<meta property=\"og:description\" content=\"O Minist\u00e9rio da Agricultura e Pecu\u00e1ria (Mapa) suspendeu temporariamente, nesta segunda-feira (3), as atividades de produ\u00e7\u00e3o e envase de uma f\u00e1brica de bebidas da Solar Coca-Cola, localizada no estado do Cear\u00e1. A medida foi tomada de forma preventiva, ap\u00f3s ser identificado um vazamento no sistema de resfriamento da linha de produ\u00e7\u00e3o, que pode ter gerado [&hellip;]\" \/>\n<meta property=\"og:url\" content=\"https:\/\/www.cidademarketing.com.br\/marketing\/2025\/06\/04\/alcool-na-coca-cola-governo-suspende-fabrica-no-ceara-por-medida-preventiva\/\" \/>\n<meta property=\"og:site_name\" content=\"CidadeMarketing\" \/>\n<meta property=\"article:publisher\" content=\"https:\/\/www.facebook.com\/portalcidademarketing\" \/>\n<meta property=\"article:author\" content=\"https:\/\/www.facebook.com\/thalesbrandao\" \/>\n<meta property=\"article:published_time\" content=\"2025-06-04T21:29:19+00:00\" \/>\n<meta property=\"og:image\" content=\"https:\/\/www.cidademarketing.com.br\/marketing\/wp-content\/uploads\/2025\/06\/cocacola_solar_alcool_ministeriodaagricultura.webp\" \/>\n\t<meta property=\"og:image:width\" content=\"665\" \/>\n\t<meta property=\"og:image:height\" content=\"655\" \/>\n\t<meta property=\"og:image:type\" content=\"image\/webp\" \/>\n<meta name=\"author\" content=\"Thales Brand\u00e3o\" \/>\n<meta name=\"twitter:card\" content=\"summary_large_image\" \/>\n<meta name=\"twitter:creator\" content=\"@http:\/\/www.twitter.com\/thalesbrandao\" \/>\n<meta name=\"twitter:site\" content=\"@CidadeMarketing\" \/>\n<meta name=\"twitter:label1\" content=\"Escrito por\" \/>\n\t<meta name=\"twitter:data1\" content=\"Thales Brand\u00e3o\" \/>\n\t<meta name=\"twitter:label2\" content=\"Est. tempo de leitura\" \/>\n\t<meta name=\"twitter:data2\" content=\"3 minutos\" \/>\n<script type=\"application\/ld+json\" class=\"yoast-schema-graph\">{\"@context\":\"https:\\\/\\\/schema.org\",\"@graph\":[{\"@type\":\"Article\",\"@id\":\"https:\\\/\\\/www.cidademarketing.com.br\\\/marketing\\\/2025\\\/06\\\/04\\\/alcool-na-coca-cola-governo-suspende-fabrica-no-ceara-por-medida-preventiva\\\/#article\",\"isPartOf\":{\"@id\":\"https:\\\/\\\/www.cidademarketing.com.br\\\/marketing\\\/2025\\\/06\\\/04\\\/alcool-na-coca-cola-governo-suspende-fabrica-no-ceara-por-medida-preventiva\\\/\"},\"author\":{\"name\":\"Thales Brand\u00e3o\",\"@id\":\"https:\\\/\\\/www.cidademarketing.com.br\\\/marketing\\\/#\\\/schema\\\/person\\\/02daff9f18bd9378c9e01eb6b2db155f\"},\"headline\":\"\u00c1lcool na Coca-Cola? Governo suspende f\u00e1brica no Cear\u00e1 por medida preventiva\",\"datePublished\":\"2025-06-04T21:29:19+00:00\",\"mainEntityOfPage\":{\"@id\":\"https:\\\/\\\/www.cidademarketing.com.br\\\/marketing\\\/2025\\\/06\\\/04\\\/alcool-na-coca-cola-governo-suspende-fabrica-no-ceara-por-medida-preventiva\\\/\"},\"wordCount\":710,\"commentCount\":0,\"publisher\":{\"@id\":\"https:\\\/\\\/www.cidademarketing.com.br\\\/marketing\\\/#organization\"},\"image\":{\"@id\":\"https:\\\/\\\/www.cidademarketing.com.br\\\/marketing\\\/2025\\\/06\\\/04\\\/alcool-na-coca-cola-governo-suspende-fabrica-no-ceara-por-medida-preventiva\\\/#primaryimage\"},\"thumbnailUrl\":\"https:\\\/\\\/www.cidademarketing.com.br\\\/marketing\\\/wp-content\\\/uploads\\\/2025\\\/06\\\/cocacola_solar_alcool_ministeriodaagricultura.webp\",\"keywords\":[\"\u00c1lcool\",\"Cear\u00e1\",\"Coca-Cola\",\"estrat\u00e9gia\",\"Mapa\",\"marketing\",\"Minist\u00e9rio da Agricultura\",\"Minist\u00e9rio da Agricultura e Pecu\u00e1ria\",\"produ\u00e7\u00e3o\",\"produto\",\"Solar\"],\"articleSection\":[\"Not\u00edcias\"],\"inLanguage\":\"pt-BR\",\"potentialAction\":[{\"@type\":\"CommentAction\",\"name\":\"Comment\",\"target\":[\"https:\\\/\\\/www.cidademarketing.com.br\\\/marketing\\\/2025\\\/06\\\/04\\\/alcool-na-coca-cola-governo-suspende-fabrica-no-ceara-por-medida-preventiva\\\/#respond\"]}]},{\"@type\":\"WebPage\",\"@id\":\"https:\\\/\\\/www.cidademarketing.com.br\\\/marketing\\\/2025\\\/06\\\/04\\\/alcool-na-coca-cola-governo-suspende-fabrica-no-ceara-por-medida-preventiva\\\/\",\"url\":\"https:\\\/\\\/www.cidademarketing.com.br\\\/marketing\\\/2025\\\/06\\\/04\\\/alcool-na-coca-cola-governo-suspende-fabrica-no-ceara-por-medida-preventiva\\\/\",\"name\":\"\u00c1lcool na Coca-Cola? Governo suspende f\u00e1brica no Cear\u00e1 por medida preventiva - CidadeMarketing\",\"isPartOf\":{\"@id\":\"https:\\\/\\\/www.cidademarketing.com.br\\\/marketing\\\/#website\"},\"primaryImageOfPage\":{\"@id\":\"https:\\\/\\\/www.cidademarketing.com.br\\\/marketing\\\/2025\\\/06\\\/04\\\/alcool-na-coca-cola-governo-suspende-fabrica-no-ceara-por-medida-preventiva\\\/#primaryimage\"},\"image\":{\"@id\":\"https:\\\/\\\/www.cidademarketing.com.br\\\/marketing\\\/2025\\\/06\\\/04\\\/alcool-na-coca-cola-governo-suspende-fabrica-no-ceara-por-medida-preventiva\\\/#primaryimage\"},\"thumbnailUrl\":\"https:\\\/\\\/www.cidademarketing.com.br\\\/marketing\\\/wp-content\\\/uploads\\\/2025\\\/06\\\/cocacola_solar_alcool_ministeriodaagricultura.webp\",\"datePublished\":\"2025-06-04T21:29:19+00:00\",\"breadcrumb\":{\"@id\":\"https:\\\/\\\/www.cidademarketing.com.br\\\/marketing\\\/2025\\\/06\\\/04\\\/alcool-na-coca-cola-governo-suspende-fabrica-no-ceara-por-medida-preventiva\\\/#breadcrumb\"},\"inLanguage\":\"pt-BR\",\"potentialAction\":[{\"@type\":\"ReadAction\",\"target\":[\"https:\\\/\\\/www.cidademarketing.com.br\\\/marketing\\\/2025\\\/06\\\/04\\\/alcool-na-coca-cola-governo-suspende-fabrica-no-ceara-por-medida-preventiva\\\/\"]}]},{\"@type\":\"ImageObject\",\"inLanguage\":\"pt-BR\",\"@id\":\"https:\\\/\\\/www.cidademarketing.com.br\\\/marketing\\\/2025\\\/06\\\/04\\\/alcool-na-coca-cola-governo-suspende-fabrica-no-ceara-por-medida-preventiva\\\/#primaryimage\",\"url\":\"https:\\\/\\\/www.cidademarketing.com.br\\\/marketing\\\/wp-content\\\/uploads\\\/2025\\\/06\\\/cocacola_solar_alcool_ministeriodaagricultura.webp\",\"contentUrl\":\"https:\\\/\\\/www.cidademarketing.com.br\\\/marketing\\\/wp-content\\\/uploads\\\/2025\\\/06\\\/cocacola_solar_alcool_ministeriodaagricultura.webp\",\"width\":665,\"height\":655,\"caption\":\"Divulga\u00e7\u00e3o\"},{\"@type\":\"BreadcrumbList\",\"@id\":\"https:\\\/\\\/www.cidademarketing.com.br\\\/marketing\\\/2025\\\/06\\\/04\\\/alcool-na-coca-cola-governo-suspende-fabrica-no-ceara-por-medida-preventiva\\\/#breadcrumb\",\"itemListElement\":[{\"@type\":\"ListItem\",\"position\":1,\"name\":\"In\u00edcio\",\"item\":\"https:\\\/\\\/www.cidademarketing.com.br\\\/marketing\\\/\"},{\"@type\":\"ListItem\",\"position\":2,\"name\":\"\u00c1lcool na Coca-Cola? Governo suspende f\u00e1brica no Cear\u00e1 por medida preventiva\"}]},{\"@type\":\"WebSite\",\"@id\":\"https:\\\/\\\/www.cidademarketing.com.br\\\/marketing\\\/#website\",\"url\":\"https:\\\/\\\/www.cidademarketing.com.br\\\/marketing\\\/\",\"name\":\"CidadeMarketing\",\"description\":\"Somos um ve\u00edculo de comunica\u00e7\u00e3o de destaque no Brasil, reconhecido por conte\u00fados nos segmentos de marketing, empreendedorismo e inova\u00e7\u00e3o.\",\"publisher\":{\"@id\":\"https:\\\/\\\/www.cidademarketing.com.br\\\/marketing\\\/#organization\"},\"alternateName\":\"CidadeMarketing\",\"potentialAction\":[{\"@type\":\"SearchAction\",\"target\":{\"@type\":\"EntryPoint\",\"urlTemplate\":\"https:\\\/\\\/www.cidademarketing.com.br\\\/marketing\\\/?s={search_term_string}\"},\"query-input\":{\"@type\":\"PropertyValueSpecification\",\"valueRequired\":true,\"valueName\":\"search_term_string\"}}],\"inLanguage\":\"pt-BR\"},{\"@type\":\"Organization\",\"@id\":\"https:\\\/\\\/www.cidademarketing.com.br\\\/marketing\\\/#organization\",\"name\":\"CidadeMarketing\",\"alternateName\":\"CidadeMarketing\",\"url\":\"https:\\\/\\\/www.cidademarketing.com.br\\\/marketing\\\/\",\"logo\":{\"@type\":\"ImageObject\",\"inLanguage\":\"pt-BR\",\"@id\":\"https:\\\/\\\/www.cidademarketing.com.br\\\/marketing\\\/#\\\/schema\\\/logo\\\/image\\\/\",\"url\":\"https:\\\/\\\/www.cidademarketing.com.br\\\/marketing\\\/wp-content\\\/uploads\\\/2020\\\/01\\\/cidademarketing_marca_mobile.png\",\"contentUrl\":\"https:\\\/\\\/www.cidademarketing.com.br\\\/marketing\\\/wp-content\\\/uploads\\\/2020\\\/01\\\/cidademarketing_marca_mobile.png\",\"width\":230,\"height\":92,\"caption\":\"CidadeMarketing\"},\"image\":{\"@id\":\"https:\\\/\\\/www.cidademarketing.com.br\\\/marketing\\\/#\\\/schema\\\/logo\\\/image\\\/\"},\"sameAs\":[\"https:\\\/\\\/www.facebook.com\\\/portalcidademarketing\",\"https:\\\/\\\/x.com\\\/CidadeMarketing\",\"https:\\\/\\\/www.instagram.com\\\/cidademarketing\\\/\"]},{\"@type\":\"Person\",\"@id\":\"https:\\\/\\\/www.cidademarketing.com.br\\\/marketing\\\/#\\\/schema\\\/person\\\/02daff9f18bd9378c9e01eb6b2db155f\",\"name\":\"Thales Brand\u00e3o\",\"image\":{\"@type\":\"ImageObject\",\"inLanguage\":\"pt-BR\",\"@id\":\"https:\\\/\\\/secure.gravatar.com\\\/avatar\\\/7ca3206950207cc3cb48feec56a8a7898741ab725c368d99d5d7a5a50aab80c6?s=96&d=mm&r=g\",\"url\":\"https:\\\/\\\/secure.gravatar.com\\\/avatar\\\/7ca3206950207cc3cb48feec56a8a7898741ab725c368d99d5d7a5a50aab80c6?s=96&d=mm&r=g\",\"contentUrl\":\"https:\\\/\\\/secure.gravatar.com\\\/avatar\\\/7ca3206950207cc3cb48feec56a8a7898741ab725c368d99d5d7a5a50aab80c6?s=96&d=mm&r=g\",\"caption\":\"Thales Brand\u00e3o\"},\"description\":\"Editor Executivo do Portal CidadeMarketing.com.br &gt; Mestre em Comunica\u00e7\u00e3o e Sociedade pela Universidade Federal de Sergipe. Possui MBA Executivo em Administra\u00e7\u00e3o com \u00eanfase em Marketing pela Funda\u00e7\u00e3o Get\u00falio Vargas - Rio de Janeiro. Consultor, Palestrante e Pesquisador sobre Empreendedorismo, Marketing, Redes Sociais e Neg\u00f3cios Digitais. Professor, Palestrante TedxTalks e Campus Party. Twitter: @ThalesBrandao\",\"sameAs\":[\"http:\\\/\\\/www.mandacaru.com.br\",\"https:\\\/\\\/www.facebook.com\\\/thalesbrandao\",\"http:\\\/\\\/www.instagram.com.br\\\/thalesbrandaoferreira\",\"https:\\\/\\\/www.linkedin.com\\\/in\\\/thales-brand\u00e3o-3948609\\\/\",\"https:\\\/\\\/x.com\\\/http:\\\/\\\/www.twitter.com\\\/thalesbrandao\"],\"url\":\"https:\\\/\\\/www.cidademarketing.com.br\\\/marketing\\\/author\\\/thalesbrandao\\\/\"}]}<\/script>\n<!-- \/ Yoast SEO plugin. -->","yoast_head_json":{"title":"\u00c1lcool na Coca-Cola? Governo suspende f\u00e1brica no Cear\u00e1 por medida preventiva - CidadeMarketing","robots":{"index":"index","follow":"follow","max-snippet":"max-snippet:-1","max-image-preview":"max-image-preview:large","max-video-preview":"max-video-preview:-1"},"canonical":"https:\/\/www.cidademarketing.com.br\/marketing\/2025\/06\/04\/alcool-na-coca-cola-governo-suspende-fabrica-no-ceara-por-medida-preventiva\/","og_locale":"pt_BR","og_type":"article","og_title":"\u00c1lcool na Coca-Cola? Governo suspende f\u00e1brica no Cear\u00e1 por medida preventiva - CidadeMarketing","og_description":"O Minist\u00e9rio da Agricultura e Pecu\u00e1ria (Mapa) suspendeu temporariamente, nesta segunda-feira (3), as atividades de produ\u00e7\u00e3o e envase de uma f\u00e1brica de bebidas da Solar Coca-Cola, localizada no estado do Cear\u00e1. A medida foi tomada de forma preventiva, ap\u00f3s ser identificado um vazamento no sistema de resfriamento da linha de produ\u00e7\u00e3o, que pode ter gerado [&hellip;]","og_url":"https:\/\/www.cidademarketing.com.br\/marketing\/2025\/06\/04\/alcool-na-coca-cola-governo-suspende-fabrica-no-ceara-por-medida-preventiva\/","og_site_name":"CidadeMarketing","article_publisher":"https:\/\/www.facebook.com\/portalcidademarketing","article_author":"https:\/\/www.facebook.com\/thalesbrandao","article_published_time":"2025-06-04T21:29:19+00:00","og_image":[{"width":665,"height":655,"url":"https:\/\/www.cidademarketing.com.br\/marketing\/wp-content\/uploads\/2025\/06\/cocacola_solar_alcool_ministeriodaagricultura.webp","type":"image\/webp"}],"author":"Thales Brand\u00e3o","twitter_card":"summary_large_image","twitter_creator":"@http:\/\/www.twitter.com\/thalesbrandao","twitter_site":"@CidadeMarketing","twitter_misc":{"Escrito por":"Thales Brand\u00e3o","Est. tempo de leitura":"3 minutos"},"schema":{"@context":"https:\/\/schema.org","@graph":[{"@type":"Article","@id":"https:\/\/www.cidademarketing.com.br\/marketing\/2025\/06\/04\/alcool-na-coca-cola-governo-suspende-fabrica-no-ceara-por-medida-preventiva\/#article","isPartOf":{"@id":"https:\/\/www.cidademarketing.com.br\/marketing\/2025\/06\/04\/alcool-na-coca-cola-governo-suspende-fabrica-no-ceara-por-medida-preventiva\/"},"author":{"name":"Thales Brand\u00e3o","@id":"https:\/\/www.cidademarketing.com.br\/marketing\/#\/schema\/person\/02daff9f18bd9378c9e01eb6b2db155f"},"headline":"\u00c1lcool na Coca-Cola? Governo suspende f\u00e1brica no Cear\u00e1 por medida preventiva","datePublished":"2025-06-04T21:29:19+00:00","mainEntityOfPage":{"@id":"https:\/\/www.cidademarketing.com.br\/marketing\/2025\/06\/04\/alcool-na-coca-cola-governo-suspende-fabrica-no-ceara-por-medida-preventiva\/"},"wordCount":710,"commentCount":0,"publisher":{"@id":"https:\/\/www.cidademarketing.com.br\/marketing\/#organization"},"image":{"@id":"https:\/\/www.cidademarketing.com.br\/marketing\/2025\/06\/04\/alcool-na-coca-cola-governo-suspende-fabrica-no-ceara-por-medida-preventiva\/#primaryimage"},"thumbnailUrl":"https:\/\/www.cidademarketing.com.br\/marketing\/wp-content\/uploads\/2025\/06\/cocacola_solar_alcool_ministeriodaagricultura.webp","keywords":["\u00c1lcool","Cear\u00e1","Coca-Cola","estrat\u00e9gia","Mapa","marketing","Minist\u00e9rio da Agricultura","Minist\u00e9rio da Agricultura e Pecu\u00e1ria","produ\u00e7\u00e3o","produto","Solar"],"articleSection":["Not\u00edcias"],"inLanguage":"pt-BR","potentialAction":[{"@type":"CommentAction","name":"Comment","target":["https:\/\/www.cidademarketing.com.br\/marketing\/2025\/06\/04\/alcool-na-coca-cola-governo-suspende-fabrica-no-ceara-por-medida-preventiva\/#respond"]}]},{"@type":"WebPage","@id":"https:\/\/www.cidademarketing.com.br\/marketing\/2025\/06\/04\/alcool-na-coca-cola-governo-suspende-fabrica-no-ceara-por-medida-preventiva\/","url":"https:\/\/www.cidademarketing.com.br\/marketing\/2025\/06\/04\/alcool-na-coca-cola-governo-suspende-fabrica-no-ceara-por-medida-preventiva\/","name":"\u00c1lcool na Coca-Cola? Governo suspende f\u00e1brica no Cear\u00e1 por medida preventiva - CidadeMarketing","isPartOf":{"@id":"https:\/\/www.cidademarketing.com.br\/marketing\/#website"},"primaryImageOfPage":{"@id":"https:\/\/www.cidademarketing.com.br\/marketing\/2025\/06\/04\/alcool-na-coca-cola-governo-suspende-fabrica-no-ceara-por-medida-preventiva\/#primaryimage"},"image":{"@id":"https:\/\/www.cidademarketing.com.br\/marketing\/2025\/06\/04\/alcool-na-coca-cola-governo-suspende-fabrica-no-ceara-por-medida-preventiva\/#primaryimage"},"thumbnailUrl":"https:\/\/www.cidademarketing.com.br\/marketing\/wp-content\/uploads\/2025\/06\/cocacola_solar_alcool_ministeriodaagricultura.webp","datePublished":"2025-06-04T21:29:19+00:00","breadcrumb":{"@id":"https:\/\/www.cidademarketing.com.br\/marketing\/2025\/06\/04\/alcool-na-coca-cola-governo-suspende-fabrica-no-ceara-por-medida-preventiva\/#breadcrumb"},"inLanguage":"pt-BR","potentialAction":[{"@type":"ReadAction","target":["https:\/\/www.cidademarketing.com.br\/marketing\/2025\/06\/04\/alcool-na-coca-cola-governo-suspende-fabrica-no-ceara-por-medida-preventiva\/"]}]},{"@type":"ImageObject","inLanguage":"pt-BR","@id":"https:\/\/www.cidademarketing.com.br\/marketing\/2025\/06\/04\/alcool-na-coca-cola-governo-suspende-fabrica-no-ceara-por-medida-preventiva\/#primaryimage","url":"https:\/\/www.cidademarketing.com.br\/marketing\/wp-content\/uploads\/2025\/06\/cocacola_solar_alcool_ministeriodaagricultura.webp","contentUrl":"https:\/\/www.cidademarketing.com.br\/marketing\/wp-content\/uploads\/2025\/06\/cocacola_solar_alcool_ministeriodaagricultura.webp","width":665,"height":655,"caption":"Divulga\u00e7\u00e3o"},{"@type":"BreadcrumbList","@id":"https:\/\/www.cidademarketing.com.br\/marketing\/2025\/06\/04\/alcool-na-coca-cola-governo-suspende-fabrica-no-ceara-por-medida-preventiva\/#breadcrumb","itemListElement":[{"@type":"ListItem","position":1,"name":"In\u00edcio","item":"https:\/\/www.cidademarketing.com.br\/marketing\/"},{"@type":"ListItem","position":2,"name":"\u00c1lcool na Coca-Cola? Governo suspende f\u00e1brica no Cear\u00e1 por medida preventiva"}]},{"@type":"WebSite","@id":"https:\/\/www.cidademarketing.com.br\/marketing\/#website","url":"https:\/\/www.cidademarketing.com.br\/marketing\/","name":"CidadeMarketing","description":"Somos um ve\u00edculo de comunica\u00e7\u00e3o de destaque no Brasil, reconhecido por conte\u00fados nos segmentos de marketing, empreendedorismo e inova\u00e7\u00e3o.","publisher":{"@id":"https:\/\/www.cidademarketing.com.br\/marketing\/#organization"},"alternateName":"CidadeMarketing","potentialAction":[{"@type":"SearchAction","target":{"@type":"EntryPoint","urlTemplate":"https:\/\/www.cidademarketing.com.br\/marketing\/?s={search_term_string}"},"query-input":{"@type":"PropertyValueSpecification","valueRequired":true,"valueName":"search_term_string"}}],"inLanguage":"pt-BR"},{"@type":"Organization","@id":"https:\/\/www.cidademarketing.com.br\/marketing\/#organization","name":"CidadeMarketing","alternateName":"CidadeMarketing","url":"https:\/\/www.cidademarketing.com.br\/marketing\/","logo":{"@type":"ImageObject","inLanguage":"pt-BR","@id":"https:\/\/www.cidademarketing.com.br\/marketing\/#\/schema\/logo\/image\/","url":"https:\/\/www.cidademarketing.com.br\/marketing\/wp-content\/uploads\/2020\/01\/cidademarketing_marca_mobile.png","contentUrl":"https:\/\/www.cidademarketing.com.br\/marketing\/wp-content\/uploads\/2020\/01\/cidademarketing_marca_mobile.png","width":230,"height":92,"caption":"CidadeMarketing"},"image":{"@id":"https:\/\/www.cidademarketing.com.br\/marketing\/#\/schema\/logo\/image\/"},"sameAs":["https:\/\/www.facebook.com\/portalcidademarketing","https:\/\/x.com\/CidadeMarketing","https:\/\/www.instagram.com\/cidademarketing\/"]},{"@type":"Person","@id":"https:\/\/www.cidademarketing.com.br\/marketing\/#\/schema\/person\/02daff9f18bd9378c9e01eb6b2db155f","name":"Thales Brand\u00e3o","image":{"@type":"ImageObject","inLanguage":"pt-BR","@id":"https:\/\/secure.gravatar.com\/avatar\/7ca3206950207cc3cb48feec56a8a7898741ab725c368d99d5d7a5a50aab80c6?s=96&d=mm&r=g","url":"https:\/\/secure.gravatar.com\/avatar\/7ca3206950207cc3cb48feec56a8a7898741ab725c368d99d5d7a5a50aab80c6?s=96&d=mm&r=g","contentUrl":"https:\/\/secure.gravatar.com\/avatar\/7ca3206950207cc3cb48feec56a8a7898741ab725c368d99d5d7a5a50aab80c6?s=96&d=mm&r=g","caption":"Thales Brand\u00e3o"},"description":"Editor Executivo do Portal CidadeMarketing.com.br &gt; Mestre em Comunica\u00e7\u00e3o e Sociedade pela Universidade Federal de Sergipe. Possui MBA Executivo em Administra\u00e7\u00e3o com \u00eanfase em Marketing pela Funda\u00e7\u00e3o Get\u00falio Vargas - Rio de Janeiro. Consultor, Palestrante e Pesquisador sobre Empreendedorismo, Marketing, Redes Sociais e Neg\u00f3cios Digitais. Professor, Palestrante TedxTalks e Campus Party. Twitter: @ThalesBrandao","sameAs":["http:\/\/www.mandacaru.com.br","https:\/\/www.facebook.com\/thalesbrandao","http:\/\/www.instagram.com.br\/thalesbrandaoferreira","https:\/\/www.linkedin.com\/in\/thales-brand\u00e3o-3948609\/","https:\/\/x.com\/http:\/\/www.twitter.com\/thalesbrandao"],"url":"https:\/\/www.cidademarketing.com.br\/marketing\/author\/thalesbrandao\/"}]}},"amp_enabled":true,"_links":{"self":[{"href":"https:\/\/www.cidademarketing.com.br\/marketing\/wp-json\/wp\/v2\/posts\/56567","targetHints":{"allow":["GET"]}}],"collection":[{"href":"https:\/\/www.cidademarketing.com.br\/marketing\/wp-json\/wp\/v2\/posts"}],"about":[{"href":"https:\/\/www.cidademarketing.com.br\/marketing\/wp-json\/wp\/v2\/types\/post"}],"author":[{"embeddable":true,"href":"https:\/\/www.cidademarketing.com.br\/marketing\/wp-json\/wp\/v2\/users\/1"}],"replies":[{"embeddable":true,"href":"https:\/\/www.cidademarketing.com.br\/marketing\/wp-json\/wp\/v2\/comments?post=56567"}],"version-history":[{"count":1,"href":"https:\/\/www.cidademarketing.com.br\/marketing\/wp-json\/wp\/v2\/posts\/56567\/revisions"}],"predecessor-version":[{"id":56569,"href":"https:\/\/www.cidademarketing.com.br\/marketing\/wp-json\/wp\/v2\/posts\/56567\/revisions\/56569"}],"wp:featuredmedia":[{"embeddable":true,"href":"https:\/\/www.cidademarketing.com.br\/marketing\/wp-json\/wp\/v2\/media\/56568"}],"wp:attachment":[{"href":"https:\/\/www.cidademarketing.com.br\/marketing\/wp-json\/wp\/v2\/media?parent=56567"}],"wp:term":[{"taxonomy":"category","embeddable":true,"href":"https:\/\/www.cidademarketing.com.br\/marketing\/wp-json\/wp\/v2\/categories?post=56567"},{"taxonomy":"post_tag","embeddable":true,"href":"https:\/\/www.cidademarketing.com.br\/marketing\/wp-json\/wp\/v2\/tags?post=56567"}],"curies":[{"name":"wp","href":"https:\/\/api.w.org\/{rel}","templated":true}]}}