{"id":56564,"date":"2025-06-04T13:22:18","date_gmt":"2025-06-04T16:22:18","guid":{"rendered":"https:\/\/www.cidademarketing.com.br\/marketing\/?p=56564"},"modified":"2025-06-04T13:22:18","modified_gmt":"2025-06-04T16:22:18","slug":"deline-entra-no-clima-de-sao-joao-com-ativacoes-especiais-nos-festejos-de-caruaru-2025","status":"publish","type":"post","link":"https:\/\/www.cidademarketing.com.br\/marketing\/2025\/06\/04\/deline-entra-no-clima-de-sao-joao-com-ativacoes-especiais-nos-festejos-de-caruaru-2025\/","title":{"rendered":"Deline entra no clima de S\u00e3o Jo\u00e3o com ativa\u00e7\u00f5es especiais nos festejos de Caruaru 2025"},"content":{"rendered":"<p>A Deline confirma presen\u00e7a marcante como patrocinadora oficial do S\u00e3o Jo\u00e3o de Caruaru 2025. Considerada a maior festa junina do mundo, o evento atrai mais de 100 mil pessoas por dia ao longo de mais de 30 dias de celebra\u00e7\u00e3o e cultura popular. Este ano, a marca aposta em ativa\u00e7\u00f5es interativas e recheadas de sabor para fortalecer sua conex\u00e3o com o p\u00fablico nordestino.<\/p>\n<p>Uma das grandes atra\u00e7\u00f5es preparadas pela Deline \u00e9 o estandarte sensorial da marca, que conta com um cuscuz gigante exalando aroma do prato t\u00edpico no ar, al\u00e9m de espa\u00e7os instagram\u00e1veis para registros inesquec\u00edveis. O p\u00fablico tamb\u00e9m poder\u00e1 participar de brincadeiras divertidas, como um estilingue gigante e um labirinto em formato de milho, no qual o desafio \u00e9 movimentar uma bolinha representando a margarina Deline.<\/p>\n<p>Os participantes poder\u00e3o trocar a intera\u00e7\u00e3o por brindes tem\u00e1ticos, como copos e tirantes personalizados. Toda a estrutura foi pensada para proporcionar momentos afetivos e imersivos, que remetam \u00e0 for\u00e7a da tradi\u00e7\u00e3o junina e aos sabores do Nordeste.<\/p>\n<p>Outra grande novidade \u00e9 a Rua Deline, um espa\u00e7o propriet\u00e1rio com 22 barracas dedicadas \u00e0 venda e degusta\u00e7\u00e3o de receitas juninas feitas com as margarinas da marca. O p\u00fablico ser\u00e1 convidado a participar da vota\u00e7\u00e3o para eleger \u201ca barraca mais arretada do S\u00e3o Jo\u00e3o de Caruaru\u201d, com premia\u00e7\u00e3o de R$ 5 mil em cart\u00e3o para o vencedor investir na moderniza\u00e7\u00e3o de seus equipamentos de cozinha.<\/p>\n<p>Entre os destaques da programa\u00e7\u00e3o, Deline ser\u00e1 patrocinadora exclusiva do evento do Maior Cuscuz do Mundo, feito em uma cuscuzeira de quatro metros de altura, decorada com a identidade visual da marca. A iguaria, que pesa cerca de uma tonelada, refor\u00e7a o protagonismo do cuscuz na culin\u00e1ria regional e na estrat\u00e9gia da marca.<\/p>\n<p>Al\u00e9m disso, a Deline marca presen\u00e7a no tradicional Circuito de Comidas Gigantes de Caruaru, apoiando festas como o Bolo de Saia, Bolo de Fub\u00e1, Broa de Milho, Beiju, Mungunz\u00e1, Bolo de Milho e o Arrai\u00e1 do P\u00e3o Doce.<\/p>\n<p>Para amplificar o di\u00e1logo com os consumidores nordestinos, a Deline tamb\u00e9m lan\u00e7ou o movimento #MeuCuscuz\u00c9Patrim\u00f4nio nas redes sociais. A iniciativa celebra o cuscuz como um prato com profundo valor afetivo, reconhecido pela Unesco como patrim\u00f4nio imaterial da humanidade desde 2020.<\/p>\n<p>A marca circular\u00e1 pelas cidades de Caruaru (PE) e Campina Grande (PB) com a sua Kombi Deline, distribuindo brindes aos participantes das ativa\u00e7\u00f5es juninas. No varejo, os produtos da marca chegam com embalagens comemorativas de S\u00e3o Jo\u00e3o, incluindo o relan\u00e7amento da Deline Milho, \u00fanica margarina com sabor de milho do mercado.<\/p>\n<p>A volta do produto ao portf\u00f3lio \u00e9 resultado de um estudo de consumo que revelou a alta frequ\u00eancia de ingest\u00e3o de milho no Nordeste (25,8% frente aos 11,9% da m\u00e9dia nacional), unindo inova\u00e7\u00e3o e identidade regional.<\/p>\n<p>De acordo com dados da Nielsen, o Nordeste responde por 35% do consumo nacional de margarinas. Junho e julho s\u00e3o os meses de maior demanda, impulsionados pelas festas juninas. A regi\u00e3o tamb\u00e9m abriga a f\u00e1brica da Deline em Vit\u00f3ria de Santo Ant\u00e3o (PE), respons\u00e1vel por produzir cerca de 8 mil toneladas de margarina por m\u00eas \u2014 o equivalente a 20% da capacidade total da BRF nesse segmento.<\/p>\n","protected":false},"excerpt":{"rendered":"<p>A Deline confirma presen\u00e7a marcante como patrocinadora oficial do S\u00e3o Jo\u00e3o de Caruaru 2025. Considerada a maior festa junina do mundo, o evento atrai mais de 100 mil pessoas por dia ao longo de mais de 30 dias de celebra\u00e7\u00e3o e cultura popular. Este ano, a marca aposta em ativa\u00e7\u00f5es interativas e recheadas de sabor [&hellip;]<\/p>\n","protected":false},"author":1,"featured_media":56565,"comment_status":"open","ping_status":"open","sticky":false,"template":"","format":"standard","meta":{"tdm_status":"","tdm_grid_status":"","footnotes":""},"categories":[6],"tags":[2041,9421,1977,4403,33,9422,3157,28,30,447,1978],"class_list":["post-56564","post","type-post","status-publish","format-standard","has-post-thumbnail","hentry","category-noticias","tag-campina-grande","tag-caruaru","tag-cultura-popular","tag-deline","tag-estrategia","tag-festa-junina","tag-forro","tag-marketing","tag-nordeste","tag-patrocinio","tag-sao-joao"],"yoast_head":"<!-- This site is optimized with the Yoast SEO plugin v27.5 - https:\/\/yoast.com\/product\/yoast-seo-wordpress\/ -->\n<title>Deline entra no clima de S\u00e3o Jo\u00e3o com ativa\u00e7\u00f5es especiais nos festejos de Caruaru 2025 - CidadeMarketing<\/title>\n<meta name=\"robots\" content=\"index, follow, max-snippet:-1, max-image-preview:large, max-video-preview:-1\" \/>\n<link rel=\"canonical\" href=\"https:\/\/www.cidademarketing.com.br\/marketing\/2025\/06\/04\/deline-entra-no-clima-de-sao-joao-com-ativacoes-especiais-nos-festejos-de-caruaru-2025\/\" \/>\n<meta property=\"og:locale\" content=\"pt_BR\" \/>\n<meta property=\"og:type\" content=\"article\" \/>\n<meta property=\"og:title\" content=\"Deline entra no clima de S\u00e3o Jo\u00e3o com ativa\u00e7\u00f5es especiais nos festejos de Caruaru 2025 - CidadeMarketing\" \/>\n<meta property=\"og:description\" content=\"A Deline confirma presen\u00e7a marcante como patrocinadora oficial do S\u00e3o Jo\u00e3o de Caruaru 2025. Considerada a maior festa junina do mundo, o evento atrai mais de 100 mil pessoas por dia ao longo de mais de 30 dias de celebra\u00e7\u00e3o e cultura popular. Este ano, a marca aposta em ativa\u00e7\u00f5es interativas e recheadas de sabor [&hellip;]\" \/>\n<meta property=\"og:url\" content=\"https:\/\/www.cidademarketing.com.br\/marketing\/2025\/06\/04\/deline-entra-no-clima-de-sao-joao-com-ativacoes-especiais-nos-festejos-de-caruaru-2025\/\" \/>\n<meta property=\"og:site_name\" content=\"CidadeMarketing\" \/>\n<meta property=\"article:publisher\" content=\"https:\/\/www.facebook.com\/portalcidademarketing\" \/>\n<meta property=\"article:author\" content=\"https:\/\/www.facebook.com\/thalesbrandao\" \/>\n<meta property=\"article:published_time\" content=\"2025-06-04T16:22:18+00:00\" \/>\n<meta property=\"og:image\" content=\"https:\/\/www.cidademarketing.com.br\/marketing\/wp-content\/uploads\/2025\/06\/deline_saojoao_caruaru.webp\" \/>\n\t<meta property=\"og:image:width\" content=\"891\" \/>\n\t<meta property=\"og:image:height\" content=\"746\" \/>\n\t<meta property=\"og:image:type\" content=\"image\/webp\" \/>\n<meta name=\"author\" content=\"Thales Brand\u00e3o\" \/>\n<meta name=\"twitter:card\" content=\"summary_large_image\" \/>\n<meta name=\"twitter:creator\" content=\"@http:\/\/www.twitter.com\/thalesbrandao\" \/>\n<meta name=\"twitter:site\" content=\"@CidadeMarketing\" \/>\n<meta name=\"twitter:label1\" content=\"Escrito por\" \/>\n\t<meta name=\"twitter:data1\" content=\"Thales Brand\u00e3o\" \/>\n\t<meta name=\"twitter:label2\" content=\"Est. tempo de leitura\" \/>\n\t<meta name=\"twitter:data2\" content=\"3 minutos\" \/>\n<script type=\"application\/ld+json\" class=\"yoast-schema-graph\">{\"@context\":\"https:\\\/\\\/schema.org\",\"@graph\":[{\"@type\":\"Article\",\"@id\":\"https:\\\/\\\/www.cidademarketing.com.br\\\/marketing\\\/2025\\\/06\\\/04\\\/deline-entra-no-clima-de-sao-joao-com-ativacoes-especiais-nos-festejos-de-caruaru-2025\\\/#article\",\"isPartOf\":{\"@id\":\"https:\\\/\\\/www.cidademarketing.com.br\\\/marketing\\\/2025\\\/06\\\/04\\\/deline-entra-no-clima-de-sao-joao-com-ativacoes-especiais-nos-festejos-de-caruaru-2025\\\/\"},\"author\":{\"name\":\"Thales Brand\u00e3o\",\"@id\":\"https:\\\/\\\/www.cidademarketing.com.br\\\/marketing\\\/#\\\/schema\\\/person\\\/02daff9f18bd9378c9e01eb6b2db155f\"},\"headline\":\"Deline entra no clima de S\u00e3o Jo\u00e3o com ativa\u00e7\u00f5es especiais nos festejos de Caruaru 2025\",\"datePublished\":\"2025-06-04T16:22:18+00:00\",\"mainEntityOfPage\":{\"@id\":\"https:\\\/\\\/www.cidademarketing.com.br\\\/marketing\\\/2025\\\/06\\\/04\\\/deline-entra-no-clima-de-sao-joao-com-ativacoes-especiais-nos-festejos-de-caruaru-2025\\\/\"},\"wordCount\":573,\"commentCount\":0,\"publisher\":{\"@id\":\"https:\\\/\\\/www.cidademarketing.com.br\\\/marketing\\\/#organization\"},\"image\":{\"@id\":\"https:\\\/\\\/www.cidademarketing.com.br\\\/marketing\\\/2025\\\/06\\\/04\\\/deline-entra-no-clima-de-sao-joao-com-ativacoes-especiais-nos-festejos-de-caruaru-2025\\\/#primaryimage\"},\"thumbnailUrl\":\"https:\\\/\\\/www.cidademarketing.com.br\\\/marketing\\\/wp-content\\\/uploads\\\/2025\\\/06\\\/deline_saojoao_caruaru.webp\",\"keywords\":[\"Campina Grande\",\"Caruaru\",\"cultura popular\",\"Deline\",\"estrat\u00e9gia\",\"festa junina\",\"forr\u00f3\",\"marketing\",\"Nordeste\",\"patroc\u00ednio\",\"S\u00e3o Jo\u00e3o\"],\"articleSection\":[\"Not\u00edcias\"],\"inLanguage\":\"pt-BR\",\"potentialAction\":[{\"@type\":\"CommentAction\",\"name\":\"Comment\",\"target\":[\"https:\\\/\\\/www.cidademarketing.com.br\\\/marketing\\\/2025\\\/06\\\/04\\\/deline-entra-no-clima-de-sao-joao-com-ativacoes-especiais-nos-festejos-de-caruaru-2025\\\/#respond\"]}]},{\"@type\":\"WebPage\",\"@id\":\"https:\\\/\\\/www.cidademarketing.com.br\\\/marketing\\\/2025\\\/06\\\/04\\\/deline-entra-no-clima-de-sao-joao-com-ativacoes-especiais-nos-festejos-de-caruaru-2025\\\/\",\"url\":\"https:\\\/\\\/www.cidademarketing.com.br\\\/marketing\\\/2025\\\/06\\\/04\\\/deline-entra-no-clima-de-sao-joao-com-ativacoes-especiais-nos-festejos-de-caruaru-2025\\\/\",\"name\":\"Deline entra no clima de S\u00e3o Jo\u00e3o com ativa\u00e7\u00f5es especiais nos festejos de Caruaru 2025 - CidadeMarketing\",\"isPartOf\":{\"@id\":\"https:\\\/\\\/www.cidademarketing.com.br\\\/marketing\\\/#website\"},\"primaryImageOfPage\":{\"@id\":\"https:\\\/\\\/www.cidademarketing.com.br\\\/marketing\\\/2025\\\/06\\\/04\\\/deline-entra-no-clima-de-sao-joao-com-ativacoes-especiais-nos-festejos-de-caruaru-2025\\\/#primaryimage\"},\"image\":{\"@id\":\"https:\\\/\\\/www.cidademarketing.com.br\\\/marketing\\\/2025\\\/06\\\/04\\\/deline-entra-no-clima-de-sao-joao-com-ativacoes-especiais-nos-festejos-de-caruaru-2025\\\/#primaryimage\"},\"thumbnailUrl\":\"https:\\\/\\\/www.cidademarketing.com.br\\\/marketing\\\/wp-content\\\/uploads\\\/2025\\\/06\\\/deline_saojoao_caruaru.webp\",\"datePublished\":\"2025-06-04T16:22:18+00:00\",\"breadcrumb\":{\"@id\":\"https:\\\/\\\/www.cidademarketing.com.br\\\/marketing\\\/2025\\\/06\\\/04\\\/deline-entra-no-clima-de-sao-joao-com-ativacoes-especiais-nos-festejos-de-caruaru-2025\\\/#breadcrumb\"},\"inLanguage\":\"pt-BR\",\"potentialAction\":[{\"@type\":\"ReadAction\",\"target\":[\"https:\\\/\\\/www.cidademarketing.com.br\\\/marketing\\\/2025\\\/06\\\/04\\\/deline-entra-no-clima-de-sao-joao-com-ativacoes-especiais-nos-festejos-de-caruaru-2025\\\/\"]}]},{\"@type\":\"ImageObject\",\"inLanguage\":\"pt-BR\",\"@id\":\"https:\\\/\\\/www.cidademarketing.com.br\\\/marketing\\\/2025\\\/06\\\/04\\\/deline-entra-no-clima-de-sao-joao-com-ativacoes-especiais-nos-festejos-de-caruaru-2025\\\/#primaryimage\",\"url\":\"https:\\\/\\\/www.cidademarketing.com.br\\\/marketing\\\/wp-content\\\/uploads\\\/2025\\\/06\\\/deline_saojoao_caruaru.webp\",\"contentUrl\":\"https:\\\/\\\/www.cidademarketing.com.br\\\/marketing\\\/wp-content\\\/uploads\\\/2025\\\/06\\\/deline_saojoao_caruaru.webp\",\"width\":891,\"height\":746,\"caption\":\"Reprodu\u00e7\u00e3o\\\/Instagram\"},{\"@type\":\"BreadcrumbList\",\"@id\":\"https:\\\/\\\/www.cidademarketing.com.br\\\/marketing\\\/2025\\\/06\\\/04\\\/deline-entra-no-clima-de-sao-joao-com-ativacoes-especiais-nos-festejos-de-caruaru-2025\\\/#breadcrumb\",\"itemListElement\":[{\"@type\":\"ListItem\",\"position\":1,\"name\":\"In\u00edcio\",\"item\":\"https:\\\/\\\/www.cidademarketing.com.br\\\/marketing\\\/\"},{\"@type\":\"ListItem\",\"position\":2,\"name\":\"Deline entra no clima de S\u00e3o Jo\u00e3o com ativa\u00e7\u00f5es especiais nos festejos de Caruaru 2025\"}]},{\"@type\":\"WebSite\",\"@id\":\"https:\\\/\\\/www.cidademarketing.com.br\\\/marketing\\\/#website\",\"url\":\"https:\\\/\\\/www.cidademarketing.com.br\\\/marketing\\\/\",\"name\":\"CidadeMarketing\",\"description\":\"Somos um ve\u00edculo de comunica\u00e7\u00e3o de destaque no Brasil, reconhecido por conte\u00fados nos segmentos de marketing, empreendedorismo e inova\u00e7\u00e3o.\",\"publisher\":{\"@id\":\"https:\\\/\\\/www.cidademarketing.com.br\\\/marketing\\\/#organization\"},\"alternateName\":\"CidadeMarketing\",\"potentialAction\":[{\"@type\":\"SearchAction\",\"target\":{\"@type\":\"EntryPoint\",\"urlTemplate\":\"https:\\\/\\\/www.cidademarketing.com.br\\\/marketing\\\/?s={search_term_string}\"},\"query-input\":{\"@type\":\"PropertyValueSpecification\",\"valueRequired\":true,\"valueName\":\"search_term_string\"}}],\"inLanguage\":\"pt-BR\"},{\"@type\":\"Organization\",\"@id\":\"https:\\\/\\\/www.cidademarketing.com.br\\\/marketing\\\/#organization\",\"name\":\"CidadeMarketing\",\"alternateName\":\"CidadeMarketing\",\"url\":\"https:\\\/\\\/www.cidademarketing.com.br\\\/marketing\\\/\",\"logo\":{\"@type\":\"ImageObject\",\"inLanguage\":\"pt-BR\",\"@id\":\"https:\\\/\\\/www.cidademarketing.com.br\\\/marketing\\\/#\\\/schema\\\/logo\\\/image\\\/\",\"url\":\"https:\\\/\\\/www.cidademarketing.com.br\\\/marketing\\\/wp-content\\\/uploads\\\/2020\\\/01\\\/cidademarketing_marca_mobile.png\",\"contentUrl\":\"https:\\\/\\\/www.cidademarketing.com.br\\\/marketing\\\/wp-content\\\/uploads\\\/2020\\\/01\\\/cidademarketing_marca_mobile.png\",\"width\":230,\"height\":92,\"caption\":\"CidadeMarketing\"},\"image\":{\"@id\":\"https:\\\/\\\/www.cidademarketing.com.br\\\/marketing\\\/#\\\/schema\\\/logo\\\/image\\\/\"},\"sameAs\":[\"https:\\\/\\\/www.facebook.com\\\/portalcidademarketing\",\"https:\\\/\\\/x.com\\\/CidadeMarketing\",\"https:\\\/\\\/www.instagram.com\\\/cidademarketing\\\/\"]},{\"@type\":\"Person\",\"@id\":\"https:\\\/\\\/www.cidademarketing.com.br\\\/marketing\\\/#\\\/schema\\\/person\\\/02daff9f18bd9378c9e01eb6b2db155f\",\"name\":\"Thales Brand\u00e3o\",\"image\":{\"@type\":\"ImageObject\",\"inLanguage\":\"pt-BR\",\"@id\":\"https:\\\/\\\/secure.gravatar.com\\\/avatar\\\/7ca3206950207cc3cb48feec56a8a7898741ab725c368d99d5d7a5a50aab80c6?s=96&d=mm&r=g\",\"url\":\"https:\\\/\\\/secure.gravatar.com\\\/avatar\\\/7ca3206950207cc3cb48feec56a8a7898741ab725c368d99d5d7a5a50aab80c6?s=96&d=mm&r=g\",\"contentUrl\":\"https:\\\/\\\/secure.gravatar.com\\\/avatar\\\/7ca3206950207cc3cb48feec56a8a7898741ab725c368d99d5d7a5a50aab80c6?s=96&d=mm&r=g\",\"caption\":\"Thales Brand\u00e3o\"},\"description\":\"Editor Executivo do Portal CidadeMarketing.com.br &gt; Mestre em Comunica\u00e7\u00e3o e Sociedade pela Universidade Federal de Sergipe. Possui MBA Executivo em Administra\u00e7\u00e3o com \u00eanfase em Marketing pela Funda\u00e7\u00e3o Get\u00falio Vargas - Rio de Janeiro. Consultor, Palestrante e Pesquisador sobre Empreendedorismo, Marketing, Redes Sociais e Neg\u00f3cios Digitais. Professor, Palestrante TedxTalks e Campus Party. Twitter: @ThalesBrandao\",\"sameAs\":[\"http:\\\/\\\/www.mandacaru.com.br\",\"https:\\\/\\\/www.facebook.com\\\/thalesbrandao\",\"http:\\\/\\\/www.instagram.com.br\\\/thalesbrandaoferreira\",\"https:\\\/\\\/www.linkedin.com\\\/in\\\/thales-brand\u00e3o-3948609\\\/\",\"https:\\\/\\\/x.com\\\/http:\\\/\\\/www.twitter.com\\\/thalesbrandao\"],\"url\":\"https:\\\/\\\/www.cidademarketing.com.br\\\/marketing\\\/author\\\/thalesbrandao\\\/\"}]}<\/script>\n<!-- \/ Yoast SEO plugin. -->","yoast_head_json":{"title":"Deline entra no clima de S\u00e3o Jo\u00e3o com ativa\u00e7\u00f5es especiais nos festejos de Caruaru 2025 - CidadeMarketing","robots":{"index":"index","follow":"follow","max-snippet":"max-snippet:-1","max-image-preview":"max-image-preview:large","max-video-preview":"max-video-preview:-1"},"canonical":"https:\/\/www.cidademarketing.com.br\/marketing\/2025\/06\/04\/deline-entra-no-clima-de-sao-joao-com-ativacoes-especiais-nos-festejos-de-caruaru-2025\/","og_locale":"pt_BR","og_type":"article","og_title":"Deline entra no clima de S\u00e3o Jo\u00e3o com ativa\u00e7\u00f5es especiais nos festejos de Caruaru 2025 - CidadeMarketing","og_description":"A Deline confirma presen\u00e7a marcante como patrocinadora oficial do S\u00e3o Jo\u00e3o de Caruaru 2025. Considerada a maior festa junina do mundo, o evento atrai mais de 100 mil pessoas por dia ao longo de mais de 30 dias de celebra\u00e7\u00e3o e cultura popular. Este ano, a marca aposta em ativa\u00e7\u00f5es interativas e recheadas de sabor [&hellip;]","og_url":"https:\/\/www.cidademarketing.com.br\/marketing\/2025\/06\/04\/deline-entra-no-clima-de-sao-joao-com-ativacoes-especiais-nos-festejos-de-caruaru-2025\/","og_site_name":"CidadeMarketing","article_publisher":"https:\/\/www.facebook.com\/portalcidademarketing","article_author":"https:\/\/www.facebook.com\/thalesbrandao","article_published_time":"2025-06-04T16:22:18+00:00","og_image":[{"width":891,"height":746,"url":"https:\/\/www.cidademarketing.com.br\/marketing\/wp-content\/uploads\/2025\/06\/deline_saojoao_caruaru.webp","type":"image\/webp"}],"author":"Thales Brand\u00e3o","twitter_card":"summary_large_image","twitter_creator":"@http:\/\/www.twitter.com\/thalesbrandao","twitter_site":"@CidadeMarketing","twitter_misc":{"Escrito por":"Thales Brand\u00e3o","Est. tempo de leitura":"3 minutos"},"schema":{"@context":"https:\/\/schema.org","@graph":[{"@type":"Article","@id":"https:\/\/www.cidademarketing.com.br\/marketing\/2025\/06\/04\/deline-entra-no-clima-de-sao-joao-com-ativacoes-especiais-nos-festejos-de-caruaru-2025\/#article","isPartOf":{"@id":"https:\/\/www.cidademarketing.com.br\/marketing\/2025\/06\/04\/deline-entra-no-clima-de-sao-joao-com-ativacoes-especiais-nos-festejos-de-caruaru-2025\/"},"author":{"name":"Thales Brand\u00e3o","@id":"https:\/\/www.cidademarketing.com.br\/marketing\/#\/schema\/person\/02daff9f18bd9378c9e01eb6b2db155f"},"headline":"Deline entra no clima de S\u00e3o Jo\u00e3o com ativa\u00e7\u00f5es especiais nos festejos de Caruaru 2025","datePublished":"2025-06-04T16:22:18+00:00","mainEntityOfPage":{"@id":"https:\/\/www.cidademarketing.com.br\/marketing\/2025\/06\/04\/deline-entra-no-clima-de-sao-joao-com-ativacoes-especiais-nos-festejos-de-caruaru-2025\/"},"wordCount":573,"commentCount":0,"publisher":{"@id":"https:\/\/www.cidademarketing.com.br\/marketing\/#organization"},"image":{"@id":"https:\/\/www.cidademarketing.com.br\/marketing\/2025\/06\/04\/deline-entra-no-clima-de-sao-joao-com-ativacoes-especiais-nos-festejos-de-caruaru-2025\/#primaryimage"},"thumbnailUrl":"https:\/\/www.cidademarketing.com.br\/marketing\/wp-content\/uploads\/2025\/06\/deline_saojoao_caruaru.webp","keywords":["Campina Grande","Caruaru","cultura popular","Deline","estrat\u00e9gia","festa junina","forr\u00f3","marketing","Nordeste","patroc\u00ednio","S\u00e3o Jo\u00e3o"],"articleSection":["Not\u00edcias"],"inLanguage":"pt-BR","potentialAction":[{"@type":"CommentAction","name":"Comment","target":["https:\/\/www.cidademarketing.com.br\/marketing\/2025\/06\/04\/deline-entra-no-clima-de-sao-joao-com-ativacoes-especiais-nos-festejos-de-caruaru-2025\/#respond"]}]},{"@type":"WebPage","@id":"https:\/\/www.cidademarketing.com.br\/marketing\/2025\/06\/04\/deline-entra-no-clima-de-sao-joao-com-ativacoes-especiais-nos-festejos-de-caruaru-2025\/","url":"https:\/\/www.cidademarketing.com.br\/marketing\/2025\/06\/04\/deline-entra-no-clima-de-sao-joao-com-ativacoes-especiais-nos-festejos-de-caruaru-2025\/","name":"Deline entra no clima de S\u00e3o Jo\u00e3o com ativa\u00e7\u00f5es especiais nos festejos de Caruaru 2025 - CidadeMarketing","isPartOf":{"@id":"https:\/\/www.cidademarketing.com.br\/marketing\/#website"},"primaryImageOfPage":{"@id":"https:\/\/www.cidademarketing.com.br\/marketing\/2025\/06\/04\/deline-entra-no-clima-de-sao-joao-com-ativacoes-especiais-nos-festejos-de-caruaru-2025\/#primaryimage"},"image":{"@id":"https:\/\/www.cidademarketing.com.br\/marketing\/2025\/06\/04\/deline-entra-no-clima-de-sao-joao-com-ativacoes-especiais-nos-festejos-de-caruaru-2025\/#primaryimage"},"thumbnailUrl":"https:\/\/www.cidademarketing.com.br\/marketing\/wp-content\/uploads\/2025\/06\/deline_saojoao_caruaru.webp","datePublished":"2025-06-04T16:22:18+00:00","breadcrumb":{"@id":"https:\/\/www.cidademarketing.com.br\/marketing\/2025\/06\/04\/deline-entra-no-clima-de-sao-joao-com-ativacoes-especiais-nos-festejos-de-caruaru-2025\/#breadcrumb"},"inLanguage":"pt-BR","potentialAction":[{"@type":"ReadAction","target":["https:\/\/www.cidademarketing.com.br\/marketing\/2025\/06\/04\/deline-entra-no-clima-de-sao-joao-com-ativacoes-especiais-nos-festejos-de-caruaru-2025\/"]}]},{"@type":"ImageObject","inLanguage":"pt-BR","@id":"https:\/\/www.cidademarketing.com.br\/marketing\/2025\/06\/04\/deline-entra-no-clima-de-sao-joao-com-ativacoes-especiais-nos-festejos-de-caruaru-2025\/#primaryimage","url":"https:\/\/www.cidademarketing.com.br\/marketing\/wp-content\/uploads\/2025\/06\/deline_saojoao_caruaru.webp","contentUrl":"https:\/\/www.cidademarketing.com.br\/marketing\/wp-content\/uploads\/2025\/06\/deline_saojoao_caruaru.webp","width":891,"height":746,"caption":"Reprodu\u00e7\u00e3o\/Instagram"},{"@type":"BreadcrumbList","@id":"https:\/\/www.cidademarketing.com.br\/marketing\/2025\/06\/04\/deline-entra-no-clima-de-sao-joao-com-ativacoes-especiais-nos-festejos-de-caruaru-2025\/#breadcrumb","itemListElement":[{"@type":"ListItem","position":1,"name":"In\u00edcio","item":"https:\/\/www.cidademarketing.com.br\/marketing\/"},{"@type":"ListItem","position":2,"name":"Deline entra no clima de S\u00e3o Jo\u00e3o com ativa\u00e7\u00f5es especiais nos festejos de Caruaru 2025"}]},{"@type":"WebSite","@id":"https:\/\/www.cidademarketing.com.br\/marketing\/#website","url":"https:\/\/www.cidademarketing.com.br\/marketing\/","name":"CidadeMarketing","description":"Somos um ve\u00edculo de comunica\u00e7\u00e3o de destaque no Brasil, reconhecido por conte\u00fados nos segmentos de marketing, empreendedorismo e inova\u00e7\u00e3o.","publisher":{"@id":"https:\/\/www.cidademarketing.com.br\/marketing\/#organization"},"alternateName":"CidadeMarketing","potentialAction":[{"@type":"SearchAction","target":{"@type":"EntryPoint","urlTemplate":"https:\/\/www.cidademarketing.com.br\/marketing\/?s={search_term_string}"},"query-input":{"@type":"PropertyValueSpecification","valueRequired":true,"valueName":"search_term_string"}}],"inLanguage":"pt-BR"},{"@type":"Organization","@id":"https:\/\/www.cidademarketing.com.br\/marketing\/#organization","name":"CidadeMarketing","alternateName":"CidadeMarketing","url":"https:\/\/www.cidademarketing.com.br\/marketing\/","logo":{"@type":"ImageObject","inLanguage":"pt-BR","@id":"https:\/\/www.cidademarketing.com.br\/marketing\/#\/schema\/logo\/image\/","url":"https:\/\/www.cidademarketing.com.br\/marketing\/wp-content\/uploads\/2020\/01\/cidademarketing_marca_mobile.png","contentUrl":"https:\/\/www.cidademarketing.com.br\/marketing\/wp-content\/uploads\/2020\/01\/cidademarketing_marca_mobile.png","width":230,"height":92,"caption":"CidadeMarketing"},"image":{"@id":"https:\/\/www.cidademarketing.com.br\/marketing\/#\/schema\/logo\/image\/"},"sameAs":["https:\/\/www.facebook.com\/portalcidademarketing","https:\/\/x.com\/CidadeMarketing","https:\/\/www.instagram.com\/cidademarketing\/"]},{"@type":"Person","@id":"https:\/\/www.cidademarketing.com.br\/marketing\/#\/schema\/person\/02daff9f18bd9378c9e01eb6b2db155f","name":"Thales Brand\u00e3o","image":{"@type":"ImageObject","inLanguage":"pt-BR","@id":"https:\/\/secure.gravatar.com\/avatar\/7ca3206950207cc3cb48feec56a8a7898741ab725c368d99d5d7a5a50aab80c6?s=96&d=mm&r=g","url":"https:\/\/secure.gravatar.com\/avatar\/7ca3206950207cc3cb48feec56a8a7898741ab725c368d99d5d7a5a50aab80c6?s=96&d=mm&r=g","contentUrl":"https:\/\/secure.gravatar.com\/avatar\/7ca3206950207cc3cb48feec56a8a7898741ab725c368d99d5d7a5a50aab80c6?s=96&d=mm&r=g","caption":"Thales Brand\u00e3o"},"description":"Editor Executivo do Portal CidadeMarketing.com.br &gt; Mestre em Comunica\u00e7\u00e3o e Sociedade pela Universidade Federal de Sergipe. Possui MBA Executivo em Administra\u00e7\u00e3o com \u00eanfase em Marketing pela Funda\u00e7\u00e3o Get\u00falio Vargas - Rio de Janeiro. Consultor, Palestrante e Pesquisador sobre Empreendedorismo, Marketing, Redes Sociais e Neg\u00f3cios Digitais. Professor, Palestrante TedxTalks e Campus Party. Twitter: @ThalesBrandao","sameAs":["http:\/\/www.mandacaru.com.br","https:\/\/www.facebook.com\/thalesbrandao","http:\/\/www.instagram.com.br\/thalesbrandaoferreira","https:\/\/www.linkedin.com\/in\/thales-brand\u00e3o-3948609\/","https:\/\/x.com\/http:\/\/www.twitter.com\/thalesbrandao"],"url":"https:\/\/www.cidademarketing.com.br\/marketing\/author\/thalesbrandao\/"}]}},"amp_enabled":true,"_links":{"self":[{"href":"https:\/\/www.cidademarketing.com.br\/marketing\/wp-json\/wp\/v2\/posts\/56564","targetHints":{"allow":["GET"]}}],"collection":[{"href":"https:\/\/www.cidademarketing.com.br\/marketing\/wp-json\/wp\/v2\/posts"}],"about":[{"href":"https:\/\/www.cidademarketing.com.br\/marketing\/wp-json\/wp\/v2\/types\/post"}],"author":[{"embeddable":true,"href":"https:\/\/www.cidademarketing.com.br\/marketing\/wp-json\/wp\/v2\/users\/1"}],"replies":[{"embeddable":true,"href":"https:\/\/www.cidademarketing.com.br\/marketing\/wp-json\/wp\/v2\/comments?post=56564"}],"version-history":[{"count":1,"href":"https:\/\/www.cidademarketing.com.br\/marketing\/wp-json\/wp\/v2\/posts\/56564\/revisions"}],"predecessor-version":[{"id":56566,"href":"https:\/\/www.cidademarketing.com.br\/marketing\/wp-json\/wp\/v2\/posts\/56564\/revisions\/56566"}],"wp:featuredmedia":[{"embeddable":true,"href":"https:\/\/www.cidademarketing.com.br\/marketing\/wp-json\/wp\/v2\/media\/56565"}],"wp:attachment":[{"href":"https:\/\/www.cidademarketing.com.br\/marketing\/wp-json\/wp\/v2\/media?parent=56564"}],"wp:term":[{"taxonomy":"category","embeddable":true,"href":"https:\/\/www.cidademarketing.com.br\/marketing\/wp-json\/wp\/v2\/categories?post=56564"},{"taxonomy":"post_tag","embeddable":true,"href":"https:\/\/www.cidademarketing.com.br\/marketing\/wp-json\/wp\/v2\/tags?post=56564"}],"curies":[{"name":"wp","href":"https:\/\/api.w.org\/{rel}","templated":true}]}}