{"id":56559,"date":"2025-06-04T13:12:25","date_gmt":"2025-06-04T16:12:25","guid":{"rendered":"https:\/\/www.cidademarketing.com.br\/marketing\/?p=56559"},"modified":"2025-06-04T13:12:25","modified_gmt":"2025-06-04T16:12:25","slug":"tenis-feminino-de-elite-retorna-a-sao-paulo-com-o-sp-open-apos-25-anos","status":"publish","type":"post","link":"https:\/\/www.cidademarketing.com.br\/marketing\/2025\/06\/04\/tenis-feminino-de-elite-retorna-a-sao-paulo-com-o-sp-open-apos-25-anos\/","title":{"rendered":"T\u00eanis feminino de elite retorna a S\u00e3o Paulo com o SP Open ap\u00f3s 25 anos"},"content":{"rendered":"<p>A cidade de S\u00e3o Paulo est\u00e1 de volta ao cen\u00e1rio internacional do t\u00eanis feminino. Ap\u00f3s 25 anos, a capital paulista volta a sediar um torneio oficial do circuito WTA com a chegada do SP Open, que acontecer\u00e1 entre os dias 6 e 14 de setembro, no Parque Villa-Lobos. O evento promete ser um marco na hist\u00f3ria do esporte nacional, reunindo grandes nomes do t\u00eanis brasileiro e internacional, com infraestrutura moderna e diversas a\u00e7\u00f5es sociais.<\/p>\n<p><strong>Bia Haddad Maia lidera time brasileiro<\/strong><br \/>\nDurante o evento de lan\u00e7amento realizado nesta ter\u00e7a-feira (3), foi confirmada a presen\u00e7a de Bia Haddad Maia, principal tenista brasileira na atualidade e Top 25 do ranking mundial, na chave principal da competi\u00e7\u00e3o. Al\u00e9m dela, outras representantes do Brasil tamb\u00e9m marcar\u00e3o presen\u00e7a no torneio de n\u00edvel WTA 250, como as medalhistas ol\u00edmpicas Luisa Stefani e Laura Pigossi, Carol Meligeni, Ingrid Martins, Nauhany Silva e Victoria Barros \u2014 jovens talentos da nova gera\u00e7\u00e3o.<\/p>\n<p>\u201c\u00c9 uma alegria receber novamente um torneio da WTA na capital paulista. Este evento refor\u00e7a S\u00e3o Paulo como capital global dos esportes e da cultura. O Parque Villa-Lobos \u00e9 o palco ideal para esse retorno\u201d, afirmou Ricardo Nunes, prefeito da cidade de S\u00e3o Paulo.<\/p>\n<figure id=\"attachment_56561\" aria-describedby=\"caption-attachment-56561\" style=\"width: 1000px\" class=\"wp-caption alignnone\"><img fetchpriority=\"high\" decoding=\"async\" class=\"wp-image-56561 size-full\" src=\"https:\/\/www.cidademarketing.com.br\/marketing\/wp-content\/uploads\/2025\/06\/SP_Open_Coletiva2025_RenePaciullo_044.webp\" alt=\"\" width=\"1000\" height=\"667\" srcset=\"https:\/\/www.cidademarketing.com.br\/marketing\/wp-content\/uploads\/2025\/06\/SP_Open_Coletiva2025_RenePaciullo_044.webp 1000w, https:\/\/www.cidademarketing.com.br\/marketing\/wp-content\/uploads\/2025\/06\/SP_Open_Coletiva2025_RenePaciullo_044-300x200.webp 300w, https:\/\/www.cidademarketing.com.br\/marketing\/wp-content\/uploads\/2025\/06\/SP_Open_Coletiva2025_RenePaciullo_044-768x512.webp 768w, https:\/\/www.cidademarketing.com.br\/marketing\/wp-content\/uploads\/2025\/06\/SP_Open_Coletiva2025_RenePaciullo_044-630x420.webp 630w, https:\/\/www.cidademarketing.com.br\/marketing\/wp-content\/uploads\/2025\/06\/SP_Open_Coletiva2025_RenePaciullo_044-640x427.webp 640w, https:\/\/www.cidademarketing.com.br\/marketing\/wp-content\/uploads\/2025\/06\/SP_Open_Coletiva2025_RenePaciullo_044-681x454.webp 681w\" sizes=\"(max-width: 1000px) 100vw, 1000px\" \/><figcaption id=\"caption-attachment-56561\" class=\"wp-caption-text\">Divulga\u00e7\u00e3o\/Rene Paciullo<\/figcaption><\/figure>\n<p><strong>Estrutura moderna e programa\u00e7\u00e3o intensa<\/strong><br \/>\nO SP Open contar\u00e1 com 32 atletas na chave principal, 16 no qualifying e 16 duplas. O qualifying acontecer\u00e1 nos dias 6 e 7 de setembro, com entrada gratuita. A partir do dia 8, come\u00e7am os jogos da chave principal, com sess\u00f5es duplas de segunda a quinta (\u00e0s 15h e 17h30), e sess\u00f5es \u00fanicas para as fases finais \u2014 quartas, semifinais e final.<\/p>\n<p>\u201cEstamos felizes em oferecer \u00e0 cidade um evento esportivo deste porte. Vamos projetar S\u00e3o Paulo para o mundo, com partidas emocionantes e experi\u00eancias para toda a fam\u00edlia\u201d, destacou Alan Adler, CEO da IMM, promotora do torneio.<\/p>\n<p><strong>Vendas de ingressos e a\u00e7\u00f5es sociais<\/strong><br \/>\nOs ingressos estar\u00e3o \u00e0 venda ainda este m\u00eas nos canais oficiais do SP Open. Al\u00e9m da competi\u00e7\u00e3o, o torneio promover\u00e1 a\u00e7\u00f5es sociais como a reforma das seis quadras do Parque Villa-Lobos e apoio ao Projeto Bola Dentro, que j\u00e1 impactou mais de 5 mil jovens por meio do t\u00eanis. Os participantes do projeto tamb\u00e9m integrar\u00e3o a equipe de ball kids e poder\u00e3o assistir aos jogos da primeira rodada gratuitamente.<\/p>\n<figure id=\"attachment_56562\" aria-describedby=\"caption-attachment-56562\" style=\"width: 1000px\" class=\"wp-caption alignnone\"><img decoding=\"async\" class=\"wp-image-56562 size-full\" src=\"https:\/\/www.cidademarketing.com.br\/marketing\/wp-content\/uploads\/2025\/06\/SP_Open_Coletiva2025_RenePaciullo_031.webp\" alt=\"Evento da WTA ser\u00e1 realizado no Parque Villa-Lobos em setembro, com presen\u00e7a de Bia Haddad Maia e estrelas do t\u00eanis nacional; venda de ingressos come\u00e7a ainda este m\u00eas.\" width=\"1000\" height=\"667\" srcset=\"https:\/\/www.cidademarketing.com.br\/marketing\/wp-content\/uploads\/2025\/06\/SP_Open_Coletiva2025_RenePaciullo_031.webp 1000w, https:\/\/www.cidademarketing.com.br\/marketing\/wp-content\/uploads\/2025\/06\/SP_Open_Coletiva2025_RenePaciullo_031-300x200.webp 300w, https:\/\/www.cidademarketing.com.br\/marketing\/wp-content\/uploads\/2025\/06\/SP_Open_Coletiva2025_RenePaciullo_031-768x512.webp 768w, https:\/\/www.cidademarketing.com.br\/marketing\/wp-content\/uploads\/2025\/06\/SP_Open_Coletiva2025_RenePaciullo_031-630x420.webp 630w, https:\/\/www.cidademarketing.com.br\/marketing\/wp-content\/uploads\/2025\/06\/SP_Open_Coletiva2025_RenePaciullo_031-640x427.webp 640w, https:\/\/www.cidademarketing.com.br\/marketing\/wp-content\/uploads\/2025\/06\/SP_Open_Coletiva2025_RenePaciullo_031-681x454.webp 681w\" sizes=\"(max-width: 1000px) 100vw, 1000px\" \/><figcaption id=\"caption-attachment-56562\" class=\"wp-caption-text\">Divulga\u00e7\u00e3o\/Rene Paciullo<\/figcaption><\/figure>\n<p><strong>Identidade visual e marcas patrocinadoras<\/strong><br \/>\nA nova logomarca do SP Open foi revelada com destaque para a bola de t\u00eanis em cor fosforescente e elementos gr\u00e1ficos que remetem \u00e0 arquitetura e arte urbana paulistana.<\/p>\n<p>Entre os patrocinadores m\u00e1ster est\u00e3o Claro, Heineken 0.0, Allos e Shopping Villa Lobos. O evento tamb\u00e9m conta com marcas como Prudential, Seara Gourmet, B3, Atvos, Tegra, Engie, Oncocl\u00ednicas, BlueFit, Melitta, Giovanna Baby, entre outras. A Wilson ser\u00e1 a fornecedora oficial das bolas, com ASICS e Slyce como marcas esportivas oficiais.<\/p>\n<p><strong>Incentivo e apoio institucional<\/strong><br \/>\nO SP Open \u00e9 viabilizado por meio da Lei de Incentivo ao Esporte, com apoio do Minist\u00e9rio do Esporte e da Prefeitura de S\u00e3o Paulo, via SPTuris. A realiza\u00e7\u00e3o \u00e9 da IMM, com promo\u00e7\u00e3o do ICT.<\/p>\n<p>\u201cN\u00e3o havia momento melhor para trazer um torneio da WTA ao Brasil. O t\u00eanis feminino vive uma fase brilhante, com atletas na elite mundial e uma nova gera\u00e7\u00e3o promissora. Queremos proporcionar uma experi\u00eancia inesquec\u00edvel aos f\u00e3s\u201d, concluiu Luiz Carvalho, diretor do SP Open.<\/p>\n","protected":false},"excerpt":{"rendered":"<p>A cidade de S\u00e3o Paulo est\u00e1 de volta ao cen\u00e1rio internacional do t\u00eanis feminino. Ap\u00f3s 25 anos, a capital paulista volta a sediar um torneio oficial do circuito WTA com a chegada do SP Open, que acontecer\u00e1 entre os dias 6 e 14 de setembro, no Parque Villa-Lobos. O evento promete ser um marco na [&hellip;]<\/p>\n","protected":false},"author":1,"featured_media":56560,"comment_status":"open","ping_status":"open","sticky":false,"template":"","format":"standard","meta":{"tdm_status":"","tdm_grid_status":"","footnotes":""},"categories":[6],"tags":[6098,33,8611,28,656,1200,9222,9420,1448,8991],"class_list":["post-56559","post","type-post","status-publish","format-standard","has-post-thumbnail","hentry","category-noticias","tag-bia-haddad","tag-estrategia","tag-laura-pigossi","tag-marketing","tag-sao-paulo","tag-sp","tag-sp-open","tag-sp-open-2025","tag-tenis","tag-wta"],"yoast_head":"<!-- This site is optimized with the Yoast SEO plugin v27.5 - https:\/\/yoast.com\/product\/yoast-seo-wordpress\/ -->\n<title>T\u00eanis feminino de elite retorna a S\u00e3o Paulo com o SP Open ap\u00f3s 25 anos - CidadeMarketing<\/title>\n<meta name=\"robots\" content=\"index, follow, max-snippet:-1, max-image-preview:large, max-video-preview:-1\" \/>\n<link rel=\"canonical\" href=\"https:\/\/www.cidademarketing.com.br\/marketing\/2025\/06\/04\/tenis-feminino-de-elite-retorna-a-sao-paulo-com-o-sp-open-apos-25-anos\/\" \/>\n<meta property=\"og:locale\" content=\"pt_BR\" \/>\n<meta property=\"og:type\" content=\"article\" \/>\n<meta property=\"og:title\" content=\"T\u00eanis feminino de elite retorna a S\u00e3o Paulo com o SP Open ap\u00f3s 25 anos - CidadeMarketing\" \/>\n<meta property=\"og:description\" content=\"A cidade de S\u00e3o Paulo est\u00e1 de volta ao cen\u00e1rio internacional do t\u00eanis feminino. Ap\u00f3s 25 anos, a capital paulista volta a sediar um torneio oficial do circuito WTA com a chegada do SP Open, que acontecer\u00e1 entre os dias 6 e 14 de setembro, no Parque Villa-Lobos. O evento promete ser um marco na [&hellip;]\" \/>\n<meta property=\"og:url\" content=\"https:\/\/www.cidademarketing.com.br\/marketing\/2025\/06\/04\/tenis-feminino-de-elite-retorna-a-sao-paulo-com-o-sp-open-apos-25-anos\/\" \/>\n<meta property=\"og:site_name\" content=\"CidadeMarketing\" \/>\n<meta property=\"article:publisher\" content=\"https:\/\/www.facebook.com\/portalcidademarketing\" \/>\n<meta property=\"article:author\" content=\"https:\/\/www.facebook.com\/thalesbrandao\" \/>\n<meta property=\"article:published_time\" content=\"2025-06-04T16:12:25+00:00\" \/>\n<meta property=\"og:image\" content=\"https:\/\/www.cidademarketing.com.br\/marketing\/wp-content\/uploads\/2025\/06\/SP_Open_Coletiva2025_RenePaciullo_033.webp\" \/>\n\t<meta property=\"og:image:width\" content=\"1000\" \/>\n\t<meta property=\"og:image:height\" content=\"667\" \/>\n\t<meta property=\"og:image:type\" content=\"image\/webp\" \/>\n<meta name=\"author\" content=\"Thales Brand\u00e3o\" \/>\n<meta name=\"twitter:card\" content=\"summary_large_image\" \/>\n<meta name=\"twitter:creator\" content=\"@http:\/\/www.twitter.com\/thalesbrandao\" \/>\n<meta name=\"twitter:site\" content=\"@CidadeMarketing\" \/>\n<meta name=\"twitter:label1\" content=\"Escrito por\" \/>\n\t<meta name=\"twitter:data1\" content=\"Thales Brand\u00e3o\" \/>\n\t<meta name=\"twitter:label2\" content=\"Est. tempo de leitura\" \/>\n\t<meta name=\"twitter:data2\" content=\"3 minutos\" \/>\n<script type=\"application\/ld+json\" class=\"yoast-schema-graph\">{\"@context\":\"https:\\\/\\\/schema.org\",\"@graph\":[{\"@type\":\"Article\",\"@id\":\"https:\\\/\\\/www.cidademarketing.com.br\\\/marketing\\\/2025\\\/06\\\/04\\\/tenis-feminino-de-elite-retorna-a-sao-paulo-com-o-sp-open-apos-25-anos\\\/#article\",\"isPartOf\":{\"@id\":\"https:\\\/\\\/www.cidademarketing.com.br\\\/marketing\\\/2025\\\/06\\\/04\\\/tenis-feminino-de-elite-retorna-a-sao-paulo-com-o-sp-open-apos-25-anos\\\/\"},\"author\":{\"name\":\"Thales Brand\u00e3o\",\"@id\":\"https:\\\/\\\/www.cidademarketing.com.br\\\/marketing\\\/#\\\/schema\\\/person\\\/02daff9f18bd9378c9e01eb6b2db155f\"},\"headline\":\"T\u00eanis feminino de elite retorna a S\u00e3o Paulo com o SP Open ap\u00f3s 25 anos\",\"datePublished\":\"2025-06-04T16:12:25+00:00\",\"mainEntityOfPage\":{\"@id\":\"https:\\\/\\\/www.cidademarketing.com.br\\\/marketing\\\/2025\\\/06\\\/04\\\/tenis-feminino-de-elite-retorna-a-sao-paulo-com-o-sp-open-apos-25-anos\\\/\"},\"wordCount\":612,\"commentCount\":0,\"publisher\":{\"@id\":\"https:\\\/\\\/www.cidademarketing.com.br\\\/marketing\\\/#organization\"},\"image\":{\"@id\":\"https:\\\/\\\/www.cidademarketing.com.br\\\/marketing\\\/2025\\\/06\\\/04\\\/tenis-feminino-de-elite-retorna-a-sao-paulo-com-o-sp-open-apos-25-anos\\\/#primaryimage\"},\"thumbnailUrl\":\"https:\\\/\\\/www.cidademarketing.com.br\\\/marketing\\\/wp-content\\\/uploads\\\/2025\\\/06\\\/SP_Open_Coletiva2025_RenePaciullo_033.webp\",\"keywords\":[\"Bia Haddad\",\"estrat\u00e9gia\",\"Laura Pigossi\",\"marketing\",\"S\u00e3o Paulo\",\"SP\",\"SP Open\",\"SP Open 2025\",\"t\u00eanis\",\"WTA\"],\"articleSection\":[\"Not\u00edcias\"],\"inLanguage\":\"pt-BR\",\"potentialAction\":[{\"@type\":\"CommentAction\",\"name\":\"Comment\",\"target\":[\"https:\\\/\\\/www.cidademarketing.com.br\\\/marketing\\\/2025\\\/06\\\/04\\\/tenis-feminino-de-elite-retorna-a-sao-paulo-com-o-sp-open-apos-25-anos\\\/#respond\"]}]},{\"@type\":\"WebPage\",\"@id\":\"https:\\\/\\\/www.cidademarketing.com.br\\\/marketing\\\/2025\\\/06\\\/04\\\/tenis-feminino-de-elite-retorna-a-sao-paulo-com-o-sp-open-apos-25-anos\\\/\",\"url\":\"https:\\\/\\\/www.cidademarketing.com.br\\\/marketing\\\/2025\\\/06\\\/04\\\/tenis-feminino-de-elite-retorna-a-sao-paulo-com-o-sp-open-apos-25-anos\\\/\",\"name\":\"T\u00eanis feminino de elite retorna a S\u00e3o Paulo com o SP Open ap\u00f3s 25 anos - CidadeMarketing\",\"isPartOf\":{\"@id\":\"https:\\\/\\\/www.cidademarketing.com.br\\\/marketing\\\/#website\"},\"primaryImageOfPage\":{\"@id\":\"https:\\\/\\\/www.cidademarketing.com.br\\\/marketing\\\/2025\\\/06\\\/04\\\/tenis-feminino-de-elite-retorna-a-sao-paulo-com-o-sp-open-apos-25-anos\\\/#primaryimage\"},\"image\":{\"@id\":\"https:\\\/\\\/www.cidademarketing.com.br\\\/marketing\\\/2025\\\/06\\\/04\\\/tenis-feminino-de-elite-retorna-a-sao-paulo-com-o-sp-open-apos-25-anos\\\/#primaryimage\"},\"thumbnailUrl\":\"https:\\\/\\\/www.cidademarketing.com.br\\\/marketing\\\/wp-content\\\/uploads\\\/2025\\\/06\\\/SP_Open_Coletiva2025_RenePaciullo_033.webp\",\"datePublished\":\"2025-06-04T16:12:25+00:00\",\"breadcrumb\":{\"@id\":\"https:\\\/\\\/www.cidademarketing.com.br\\\/marketing\\\/2025\\\/06\\\/04\\\/tenis-feminino-de-elite-retorna-a-sao-paulo-com-o-sp-open-apos-25-anos\\\/#breadcrumb\"},\"inLanguage\":\"pt-BR\",\"potentialAction\":[{\"@type\":\"ReadAction\",\"target\":[\"https:\\\/\\\/www.cidademarketing.com.br\\\/marketing\\\/2025\\\/06\\\/04\\\/tenis-feminino-de-elite-retorna-a-sao-paulo-com-o-sp-open-apos-25-anos\\\/\"]}]},{\"@type\":\"ImageObject\",\"inLanguage\":\"pt-BR\",\"@id\":\"https:\\\/\\\/www.cidademarketing.com.br\\\/marketing\\\/2025\\\/06\\\/04\\\/tenis-feminino-de-elite-retorna-a-sao-paulo-com-o-sp-open-apos-25-anos\\\/#primaryimage\",\"url\":\"https:\\\/\\\/www.cidademarketing.com.br\\\/marketing\\\/wp-content\\\/uploads\\\/2025\\\/06\\\/SP_Open_Coletiva2025_RenePaciullo_033.webp\",\"contentUrl\":\"https:\\\/\\\/www.cidademarketing.com.br\\\/marketing\\\/wp-content\\\/uploads\\\/2025\\\/06\\\/SP_Open_Coletiva2025_RenePaciullo_033.webp\",\"width\":1000,\"height\":667,\"caption\":\"Divulga\u00e7\u00e3o\\\/Rene Paciullo\"},{\"@type\":\"BreadcrumbList\",\"@id\":\"https:\\\/\\\/www.cidademarketing.com.br\\\/marketing\\\/2025\\\/06\\\/04\\\/tenis-feminino-de-elite-retorna-a-sao-paulo-com-o-sp-open-apos-25-anos\\\/#breadcrumb\",\"itemListElement\":[{\"@type\":\"ListItem\",\"position\":1,\"name\":\"In\u00edcio\",\"item\":\"https:\\\/\\\/www.cidademarketing.com.br\\\/marketing\\\/\"},{\"@type\":\"ListItem\",\"position\":2,\"name\":\"T\u00eanis feminino de elite retorna a S\u00e3o Paulo com o SP Open ap\u00f3s 25 anos\"}]},{\"@type\":\"WebSite\",\"@id\":\"https:\\\/\\\/www.cidademarketing.com.br\\\/marketing\\\/#website\",\"url\":\"https:\\\/\\\/www.cidademarketing.com.br\\\/marketing\\\/\",\"name\":\"CidadeMarketing\",\"description\":\"Somos um ve\u00edculo de comunica\u00e7\u00e3o de destaque no Brasil, reconhecido por conte\u00fados nos segmentos de marketing, empreendedorismo e inova\u00e7\u00e3o.\",\"publisher\":{\"@id\":\"https:\\\/\\\/www.cidademarketing.com.br\\\/marketing\\\/#organization\"},\"alternateName\":\"CidadeMarketing\",\"potentialAction\":[{\"@type\":\"SearchAction\",\"target\":{\"@type\":\"EntryPoint\",\"urlTemplate\":\"https:\\\/\\\/www.cidademarketing.com.br\\\/marketing\\\/?s={search_term_string}\"},\"query-input\":{\"@type\":\"PropertyValueSpecification\",\"valueRequired\":true,\"valueName\":\"search_term_string\"}}],\"inLanguage\":\"pt-BR\"},{\"@type\":\"Organization\",\"@id\":\"https:\\\/\\\/www.cidademarketing.com.br\\\/marketing\\\/#organization\",\"name\":\"CidadeMarketing\",\"alternateName\":\"CidadeMarketing\",\"url\":\"https:\\\/\\\/www.cidademarketing.com.br\\\/marketing\\\/\",\"logo\":{\"@type\":\"ImageObject\",\"inLanguage\":\"pt-BR\",\"@id\":\"https:\\\/\\\/www.cidademarketing.com.br\\\/marketing\\\/#\\\/schema\\\/logo\\\/image\\\/\",\"url\":\"https:\\\/\\\/www.cidademarketing.com.br\\\/marketing\\\/wp-content\\\/uploads\\\/2020\\\/01\\\/cidademarketing_marca_mobile.png\",\"contentUrl\":\"https:\\\/\\\/www.cidademarketing.com.br\\\/marketing\\\/wp-content\\\/uploads\\\/2020\\\/01\\\/cidademarketing_marca_mobile.png\",\"width\":230,\"height\":92,\"caption\":\"CidadeMarketing\"},\"image\":{\"@id\":\"https:\\\/\\\/www.cidademarketing.com.br\\\/marketing\\\/#\\\/schema\\\/logo\\\/image\\\/\"},\"sameAs\":[\"https:\\\/\\\/www.facebook.com\\\/portalcidademarketing\",\"https:\\\/\\\/x.com\\\/CidadeMarketing\",\"https:\\\/\\\/www.instagram.com\\\/cidademarketing\\\/\"]},{\"@type\":\"Person\",\"@id\":\"https:\\\/\\\/www.cidademarketing.com.br\\\/marketing\\\/#\\\/schema\\\/person\\\/02daff9f18bd9378c9e01eb6b2db155f\",\"name\":\"Thales Brand\u00e3o\",\"image\":{\"@type\":\"ImageObject\",\"inLanguage\":\"pt-BR\",\"@id\":\"https:\\\/\\\/secure.gravatar.com\\\/avatar\\\/7ca3206950207cc3cb48feec56a8a7898741ab725c368d99d5d7a5a50aab80c6?s=96&d=mm&r=g\",\"url\":\"https:\\\/\\\/secure.gravatar.com\\\/avatar\\\/7ca3206950207cc3cb48feec56a8a7898741ab725c368d99d5d7a5a50aab80c6?s=96&d=mm&r=g\",\"contentUrl\":\"https:\\\/\\\/secure.gravatar.com\\\/avatar\\\/7ca3206950207cc3cb48feec56a8a7898741ab725c368d99d5d7a5a50aab80c6?s=96&d=mm&r=g\",\"caption\":\"Thales Brand\u00e3o\"},\"description\":\"Editor Executivo do Portal CidadeMarketing.com.br &gt; Mestre em Comunica\u00e7\u00e3o e Sociedade pela Universidade Federal de Sergipe. Possui MBA Executivo em Administra\u00e7\u00e3o com \u00eanfase em Marketing pela Funda\u00e7\u00e3o Get\u00falio Vargas - Rio de Janeiro. Consultor, Palestrante e Pesquisador sobre Empreendedorismo, Marketing, Redes Sociais e Neg\u00f3cios Digitais. Professor, Palestrante TedxTalks e Campus Party. Twitter: @ThalesBrandao\",\"sameAs\":[\"http:\\\/\\\/www.mandacaru.com.br\",\"https:\\\/\\\/www.facebook.com\\\/thalesbrandao\",\"http:\\\/\\\/www.instagram.com.br\\\/thalesbrandaoferreira\",\"https:\\\/\\\/www.linkedin.com\\\/in\\\/thales-brand\u00e3o-3948609\\\/\",\"https:\\\/\\\/x.com\\\/http:\\\/\\\/www.twitter.com\\\/thalesbrandao\"],\"url\":\"https:\\\/\\\/www.cidademarketing.com.br\\\/marketing\\\/author\\\/thalesbrandao\\\/\"}]}<\/script>\n<!-- \/ Yoast SEO plugin. -->","yoast_head_json":{"title":"T\u00eanis feminino de elite retorna a S\u00e3o Paulo com o SP Open ap\u00f3s 25 anos - CidadeMarketing","robots":{"index":"index","follow":"follow","max-snippet":"max-snippet:-1","max-image-preview":"max-image-preview:large","max-video-preview":"max-video-preview:-1"},"canonical":"https:\/\/www.cidademarketing.com.br\/marketing\/2025\/06\/04\/tenis-feminino-de-elite-retorna-a-sao-paulo-com-o-sp-open-apos-25-anos\/","og_locale":"pt_BR","og_type":"article","og_title":"T\u00eanis feminino de elite retorna a S\u00e3o Paulo com o SP Open ap\u00f3s 25 anos - CidadeMarketing","og_description":"A cidade de S\u00e3o Paulo est\u00e1 de volta ao cen\u00e1rio internacional do t\u00eanis feminino. Ap\u00f3s 25 anos, a capital paulista volta a sediar um torneio oficial do circuito WTA com a chegada do SP Open, que acontecer\u00e1 entre os dias 6 e 14 de setembro, no Parque Villa-Lobos. O evento promete ser um marco na [&hellip;]","og_url":"https:\/\/www.cidademarketing.com.br\/marketing\/2025\/06\/04\/tenis-feminino-de-elite-retorna-a-sao-paulo-com-o-sp-open-apos-25-anos\/","og_site_name":"CidadeMarketing","article_publisher":"https:\/\/www.facebook.com\/portalcidademarketing","article_author":"https:\/\/www.facebook.com\/thalesbrandao","article_published_time":"2025-06-04T16:12:25+00:00","og_image":[{"width":1000,"height":667,"url":"https:\/\/www.cidademarketing.com.br\/marketing\/wp-content\/uploads\/2025\/06\/SP_Open_Coletiva2025_RenePaciullo_033.webp","type":"image\/webp"}],"author":"Thales Brand\u00e3o","twitter_card":"summary_large_image","twitter_creator":"@http:\/\/www.twitter.com\/thalesbrandao","twitter_site":"@CidadeMarketing","twitter_misc":{"Escrito por":"Thales Brand\u00e3o","Est. tempo de leitura":"3 minutos"},"schema":{"@context":"https:\/\/schema.org","@graph":[{"@type":"Article","@id":"https:\/\/www.cidademarketing.com.br\/marketing\/2025\/06\/04\/tenis-feminino-de-elite-retorna-a-sao-paulo-com-o-sp-open-apos-25-anos\/#article","isPartOf":{"@id":"https:\/\/www.cidademarketing.com.br\/marketing\/2025\/06\/04\/tenis-feminino-de-elite-retorna-a-sao-paulo-com-o-sp-open-apos-25-anos\/"},"author":{"name":"Thales Brand\u00e3o","@id":"https:\/\/www.cidademarketing.com.br\/marketing\/#\/schema\/person\/02daff9f18bd9378c9e01eb6b2db155f"},"headline":"T\u00eanis feminino de elite retorna a S\u00e3o Paulo com o SP Open ap\u00f3s 25 anos","datePublished":"2025-06-04T16:12:25+00:00","mainEntityOfPage":{"@id":"https:\/\/www.cidademarketing.com.br\/marketing\/2025\/06\/04\/tenis-feminino-de-elite-retorna-a-sao-paulo-com-o-sp-open-apos-25-anos\/"},"wordCount":612,"commentCount":0,"publisher":{"@id":"https:\/\/www.cidademarketing.com.br\/marketing\/#organization"},"image":{"@id":"https:\/\/www.cidademarketing.com.br\/marketing\/2025\/06\/04\/tenis-feminino-de-elite-retorna-a-sao-paulo-com-o-sp-open-apos-25-anos\/#primaryimage"},"thumbnailUrl":"https:\/\/www.cidademarketing.com.br\/marketing\/wp-content\/uploads\/2025\/06\/SP_Open_Coletiva2025_RenePaciullo_033.webp","keywords":["Bia Haddad","estrat\u00e9gia","Laura Pigossi","marketing","S\u00e3o Paulo","SP","SP Open","SP Open 2025","t\u00eanis","WTA"],"articleSection":["Not\u00edcias"],"inLanguage":"pt-BR","potentialAction":[{"@type":"CommentAction","name":"Comment","target":["https:\/\/www.cidademarketing.com.br\/marketing\/2025\/06\/04\/tenis-feminino-de-elite-retorna-a-sao-paulo-com-o-sp-open-apos-25-anos\/#respond"]}]},{"@type":"WebPage","@id":"https:\/\/www.cidademarketing.com.br\/marketing\/2025\/06\/04\/tenis-feminino-de-elite-retorna-a-sao-paulo-com-o-sp-open-apos-25-anos\/","url":"https:\/\/www.cidademarketing.com.br\/marketing\/2025\/06\/04\/tenis-feminino-de-elite-retorna-a-sao-paulo-com-o-sp-open-apos-25-anos\/","name":"T\u00eanis feminino de elite retorna a S\u00e3o Paulo com o SP Open ap\u00f3s 25 anos - CidadeMarketing","isPartOf":{"@id":"https:\/\/www.cidademarketing.com.br\/marketing\/#website"},"primaryImageOfPage":{"@id":"https:\/\/www.cidademarketing.com.br\/marketing\/2025\/06\/04\/tenis-feminino-de-elite-retorna-a-sao-paulo-com-o-sp-open-apos-25-anos\/#primaryimage"},"image":{"@id":"https:\/\/www.cidademarketing.com.br\/marketing\/2025\/06\/04\/tenis-feminino-de-elite-retorna-a-sao-paulo-com-o-sp-open-apos-25-anos\/#primaryimage"},"thumbnailUrl":"https:\/\/www.cidademarketing.com.br\/marketing\/wp-content\/uploads\/2025\/06\/SP_Open_Coletiva2025_RenePaciullo_033.webp","datePublished":"2025-06-04T16:12:25+00:00","breadcrumb":{"@id":"https:\/\/www.cidademarketing.com.br\/marketing\/2025\/06\/04\/tenis-feminino-de-elite-retorna-a-sao-paulo-com-o-sp-open-apos-25-anos\/#breadcrumb"},"inLanguage":"pt-BR","potentialAction":[{"@type":"ReadAction","target":["https:\/\/www.cidademarketing.com.br\/marketing\/2025\/06\/04\/tenis-feminino-de-elite-retorna-a-sao-paulo-com-o-sp-open-apos-25-anos\/"]}]},{"@type":"ImageObject","inLanguage":"pt-BR","@id":"https:\/\/www.cidademarketing.com.br\/marketing\/2025\/06\/04\/tenis-feminino-de-elite-retorna-a-sao-paulo-com-o-sp-open-apos-25-anos\/#primaryimage","url":"https:\/\/www.cidademarketing.com.br\/marketing\/wp-content\/uploads\/2025\/06\/SP_Open_Coletiva2025_RenePaciullo_033.webp","contentUrl":"https:\/\/www.cidademarketing.com.br\/marketing\/wp-content\/uploads\/2025\/06\/SP_Open_Coletiva2025_RenePaciullo_033.webp","width":1000,"height":667,"caption":"Divulga\u00e7\u00e3o\/Rene Paciullo"},{"@type":"BreadcrumbList","@id":"https:\/\/www.cidademarketing.com.br\/marketing\/2025\/06\/04\/tenis-feminino-de-elite-retorna-a-sao-paulo-com-o-sp-open-apos-25-anos\/#breadcrumb","itemListElement":[{"@type":"ListItem","position":1,"name":"In\u00edcio","item":"https:\/\/www.cidademarketing.com.br\/marketing\/"},{"@type":"ListItem","position":2,"name":"T\u00eanis feminino de elite retorna a S\u00e3o Paulo com o SP Open ap\u00f3s 25 anos"}]},{"@type":"WebSite","@id":"https:\/\/www.cidademarketing.com.br\/marketing\/#website","url":"https:\/\/www.cidademarketing.com.br\/marketing\/","name":"CidadeMarketing","description":"Somos um ve\u00edculo de comunica\u00e7\u00e3o de destaque no Brasil, reconhecido por conte\u00fados nos segmentos de marketing, empreendedorismo e inova\u00e7\u00e3o.","publisher":{"@id":"https:\/\/www.cidademarketing.com.br\/marketing\/#organization"},"alternateName":"CidadeMarketing","potentialAction":[{"@type":"SearchAction","target":{"@type":"EntryPoint","urlTemplate":"https:\/\/www.cidademarketing.com.br\/marketing\/?s={search_term_string}"},"query-input":{"@type":"PropertyValueSpecification","valueRequired":true,"valueName":"search_term_string"}}],"inLanguage":"pt-BR"},{"@type":"Organization","@id":"https:\/\/www.cidademarketing.com.br\/marketing\/#organization","name":"CidadeMarketing","alternateName":"CidadeMarketing","url":"https:\/\/www.cidademarketing.com.br\/marketing\/","logo":{"@type":"ImageObject","inLanguage":"pt-BR","@id":"https:\/\/www.cidademarketing.com.br\/marketing\/#\/schema\/logo\/image\/","url":"https:\/\/www.cidademarketing.com.br\/marketing\/wp-content\/uploads\/2020\/01\/cidademarketing_marca_mobile.png","contentUrl":"https:\/\/www.cidademarketing.com.br\/marketing\/wp-content\/uploads\/2020\/01\/cidademarketing_marca_mobile.png","width":230,"height":92,"caption":"CidadeMarketing"},"image":{"@id":"https:\/\/www.cidademarketing.com.br\/marketing\/#\/schema\/logo\/image\/"},"sameAs":["https:\/\/www.facebook.com\/portalcidademarketing","https:\/\/x.com\/CidadeMarketing","https:\/\/www.instagram.com\/cidademarketing\/"]},{"@type":"Person","@id":"https:\/\/www.cidademarketing.com.br\/marketing\/#\/schema\/person\/02daff9f18bd9378c9e01eb6b2db155f","name":"Thales Brand\u00e3o","image":{"@type":"ImageObject","inLanguage":"pt-BR","@id":"https:\/\/secure.gravatar.com\/avatar\/7ca3206950207cc3cb48feec56a8a7898741ab725c368d99d5d7a5a50aab80c6?s=96&d=mm&r=g","url":"https:\/\/secure.gravatar.com\/avatar\/7ca3206950207cc3cb48feec56a8a7898741ab725c368d99d5d7a5a50aab80c6?s=96&d=mm&r=g","contentUrl":"https:\/\/secure.gravatar.com\/avatar\/7ca3206950207cc3cb48feec56a8a7898741ab725c368d99d5d7a5a50aab80c6?s=96&d=mm&r=g","caption":"Thales Brand\u00e3o"},"description":"Editor Executivo do Portal CidadeMarketing.com.br &gt; Mestre em Comunica\u00e7\u00e3o e Sociedade pela Universidade Federal de Sergipe. Possui MBA Executivo em Administra\u00e7\u00e3o com \u00eanfase em Marketing pela Funda\u00e7\u00e3o Get\u00falio Vargas - Rio de Janeiro. Consultor, Palestrante e Pesquisador sobre Empreendedorismo, Marketing, Redes Sociais e Neg\u00f3cios Digitais. Professor, Palestrante TedxTalks e Campus Party. Twitter: @ThalesBrandao","sameAs":["http:\/\/www.mandacaru.com.br","https:\/\/www.facebook.com\/thalesbrandao","http:\/\/www.instagram.com.br\/thalesbrandaoferreira","https:\/\/www.linkedin.com\/in\/thales-brand\u00e3o-3948609\/","https:\/\/x.com\/http:\/\/www.twitter.com\/thalesbrandao"],"url":"https:\/\/www.cidademarketing.com.br\/marketing\/author\/thalesbrandao\/"}]}},"amp_enabled":true,"_links":{"self":[{"href":"https:\/\/www.cidademarketing.com.br\/marketing\/wp-json\/wp\/v2\/posts\/56559","targetHints":{"allow":["GET"]}}],"collection":[{"href":"https:\/\/www.cidademarketing.com.br\/marketing\/wp-json\/wp\/v2\/posts"}],"about":[{"href":"https:\/\/www.cidademarketing.com.br\/marketing\/wp-json\/wp\/v2\/types\/post"}],"author":[{"embeddable":true,"href":"https:\/\/www.cidademarketing.com.br\/marketing\/wp-json\/wp\/v2\/users\/1"}],"replies":[{"embeddable":true,"href":"https:\/\/www.cidademarketing.com.br\/marketing\/wp-json\/wp\/v2\/comments?post=56559"}],"version-history":[{"count":1,"href":"https:\/\/www.cidademarketing.com.br\/marketing\/wp-json\/wp\/v2\/posts\/56559\/revisions"}],"predecessor-version":[{"id":56563,"href":"https:\/\/www.cidademarketing.com.br\/marketing\/wp-json\/wp\/v2\/posts\/56559\/revisions\/56563"}],"wp:featuredmedia":[{"embeddable":true,"href":"https:\/\/www.cidademarketing.com.br\/marketing\/wp-json\/wp\/v2\/media\/56560"}],"wp:attachment":[{"href":"https:\/\/www.cidademarketing.com.br\/marketing\/wp-json\/wp\/v2\/media?parent=56559"}],"wp:term":[{"taxonomy":"category","embeddable":true,"href":"https:\/\/www.cidademarketing.com.br\/marketing\/wp-json\/wp\/v2\/categories?post=56559"},{"taxonomy":"post_tag","embeddable":true,"href":"https:\/\/www.cidademarketing.com.br\/marketing\/wp-json\/wp\/v2\/tags?post=56559"}],"curies":[{"name":"wp","href":"https:\/\/api.w.org\/{rel}","templated":true}]}}