{"id":56553,"date":"2025-06-03T14:13:20","date_gmt":"2025-06-03T17:13:20","guid":{"rendered":"https:\/\/www.cidademarketing.com.br\/marketing\/?p=56553"},"modified":"2025-06-03T14:13:20","modified_gmt":"2025-06-03T17:13:20","slug":"empreendedores-saem-em-defesa-da-cacau-show-e-de-ale-costa-apos-denuncias-nas-redes-sociais","status":"publish","type":"post","link":"https:\/\/www.cidademarketing.com.br\/marketing\/2025\/06\/03\/empreendedores-saem-em-defesa-da-cacau-show-e-de-ale-costa-apos-denuncias-nas-redes-sociais\/","title":{"rendered":"Empreendedores saem em defesa da Cacau Show e de Al\u00ea Costa ap\u00f3s den\u00fancias nas redes sociais"},"content":{"rendered":"<p>Nos \u00faltimos dias, a Cacau Show, uma das maiores redes de chocolates finos do mundo, tornou-se o centro de uma intensa discuss\u00e3o nas redes sociais. <a href=\"https:\/\/www.cidademarketing.com.br\/marketing\/2025\/06\/01\/sera-que-a-franquia-da-cacau-show-nao-presta-entenda-a-polemica\/\" target=\"_blank\" rel=\"noopener\">Den\u00fancias de ex-franqueados, ex-colaboradores e reportagens veiculadas na imprensa apontaram supostos problemas na gest\u00e3o da marca<\/a>, com cr\u00edticas a pr\u00e1ticas internas e \u00e0 condu\u00e7\u00e3o do relacionamento com os franqueados. A pol\u00eamica ganhou for\u00e7a ap\u00f3s relatos sobre um suposto \u201critual\u201d durante o acolhimento de novos parceiros, que, segundo os cr\u00edticos, seria inadequado e causaria preju\u00edzos aos envolvidos.<\/p>\n<p>Em resposta, a Cacau Show divulgou um <a href=\"https:\/\/www.cidademarketing.com.br\/marketing\/2025\/06\/02\/cacau-show-se-defende-de-denuncias-e-afirma-que-ritual-do-cacau-e-uma-vivencia-sensorial\/\" target=\"_blank\" rel=\"noopener\">comunicado oficial no qual classificou as den\u00fancias como \u201cinver\u00eddicas\u201d e defendeu que o chamado \u201critual do cacau\u201d<\/a> \u00e9, na verdade, uma viv\u00eancia sensorial e cultural com licor de cacau 100% n\u00e3o alco\u00f3lico, praticada de forma espont\u00e2nea e simb\u00f3lica. A empresa tamb\u00e9m reiterou seu compromisso com a \u00e9tica, a inclus\u00e3o, a diversidade e a verdade.<\/p>\n<p><strong>Redes sociais se mobilizam em apoio \u00e0 marca<\/strong><br \/>\nAp\u00f3s a publica\u00e7\u00e3o do pronunciamento oficial no Instagram da marca, o que se viu foi uma onda de apoio vinda de grandes nomes do empreendedorismo nacional. Nos coment\u00e1rios, diversos empres\u00e1rios, influenciadores e investidores sa\u00edram publicamente em defesa do fundador da Cacau Show, Al\u00ea Costa, destacando sua trajet\u00f3ria, legado e os valores que a empresa representa.<\/p>\n<blockquote class=\"instagram-media\" style=\"background: #FFF; border: 0; border-radius: 3px; box-shadow: 0 0 1px 0 rgba(0,0,0,0.5),0 1px 10px 0 rgba(0,0,0,0.15); margin: 1px; max-width: 540px; min-width: 326px; padding: 0; width: calc(100% - 2px);\" data-instgrm-captioned=\"\" data-instgrm-permalink=\"https:\/\/www.instagram.com\/p\/DKa1UlYRX_t\/?utm_source=ig_embed&amp;utm_campaign=loading\" data-instgrm-version=\"14\">\n<div style=\"padding: 16px;\">\n<p>&nbsp;<\/p>\n<div style=\"display: flex; flex-direction: row; align-items: center;\">\n<div style=\"background-color: #f4f4f4; border-radius: 50%; flex-grow: 0; height: 40px; margin-right: 14px; width: 40px;\"><\/div>\n<div style=\"display: flex; flex-direction: column; flex-grow: 1; justify-content: center;\">\n<div style=\"background-color: #f4f4f4; border-radius: 4px; flex-grow: 0; height: 14px; margin-bottom: 6px; width: 100px;\"><\/div>\n<div style=\"background-color: #f4f4f4; border-radius: 4px; flex-grow: 0; height: 14px; width: 60px;\"><\/div>\n<\/div>\n<\/div>\n<div style=\"padding: 19% 0;\"><\/div>\n<div style=\"display: block; height: 50px; margin: 0 auto 12px; width: 50px;\"><\/div>\n<div style=\"padding-top: 8px;\">\n<div style=\"color: #3897f0; font-family: Arial,sans-serif; font-size: 14px; font-style: normal; font-weight: 550; line-height: 18px;\">Ver essa foto no Instagram<\/div>\n<\/div>\n<div style=\"padding: 12.5% 0;\"><\/div>\n<div style=\"display: flex; flex-direction: row; margin-bottom: 14px; align-items: center;\">\n<div>\n<div style=\"background-color: #f4f4f4; border-radius: 50%; height: 12.5px; width: 12.5px; transform: translateX(0px) translateY(7px);\"><\/div>\n<div style=\"background-color: #f4f4f4; height: 12.5px; transform: rotate(-45deg) translateX(3px) translateY(1px); width: 12.5px; flex-grow: 0; margin-right: 14px; margin-left: 2px;\"><\/div>\n<div style=\"background-color: #f4f4f4; border-radius: 50%; height: 12.5px; width: 12.5px; transform: translateX(9px) translateY(-18px);\"><\/div>\n<\/div>\n<div style=\"margin-left: 8px;\">\n<div style=\"background-color: #f4f4f4; border-radius: 50%; flex-grow: 0; height: 20px; width: 20px;\"><\/div>\n<div style=\"width: 0; height: 0; border-top: 2px solid transparent; border-left: 6px solid #f4f4f4; border-bottom: 2px solid transparent; transform: translateX(16px) translateY(-4px) rotate(30deg);\"><\/div>\n<\/div>\n<div style=\"margin-left: auto;\">\n<div style=\"width: 0px; border-top: 8px solid #F4F4F4; border-right: 8px solid transparent; transform: translateY(16px);\"><\/div>\n<div style=\"background-color: #f4f4f4; flex-grow: 0; height: 12px; width: 16px; transform: translateY(-4px);\"><\/div>\n<div style=\"width: 0; height: 0; border-top: 8px solid #F4F4F4; border-left: 8px solid transparent; transform: translateY(-4px) translateX(8px);\"><\/div>\n<\/div>\n<\/div>\n<div style=\"display: flex; flex-direction: column; flex-grow: 1; justify-content: center; margin-bottom: 24px;\">\n<div style=\"background-color: #f4f4f4; border-radius: 4px; flex-grow: 0; height: 14px; margin-bottom: 6px; width: 224px;\"><\/div>\n<div style=\"background-color: #f4f4f4; border-radius: 4px; flex-grow: 0; height: 14px; width: 144px;\"><\/div>\n<\/div>\n<p>&nbsp;<\/p>\n<p style=\"color: #c9c8cd; font-family: Arial,sans-serif; font-size: 14px; line-height: 17px; margin-bottom: 0; margin-top: 8px; overflow: hidden; padding: 8px 0 7px; text-align: center; text-overflow: ellipsis; white-space: nowrap;\"><a style=\"color: #c9c8cd; font-family: Arial,sans-serif; font-size: 14px; font-style: normal; font-weight: normal; line-height: 17px; text-decoration: none;\" href=\"https:\/\/www.instagram.com\/p\/DKa1UlYRX_t\/?utm_source=ig_embed&amp;utm_campaign=loading\" target=\"_blank\" rel=\"noopener\">Uma publica\u00e7\u00e3o compartilhada por Cacau Show (@cacaushow)<\/a><\/p>\n<\/div>\n<\/blockquote>\n<p><script async src=\"\/\/www.instagram.com\/embed.js\"><\/script><\/p>\n<p><strong>Fl\u00e1vio Augusto da Silva, fundador da Wise Up e criador do Gera\u00e7\u00e3o de Valor<\/strong>, escreveu:<\/p>\n<p><em>&#8220;Empres\u00e1rio, pai, marido, filantropo de m\u00e3o cheia e ser humano. Como tal, n\u00e3o \u00e9 perfeito como nenhum de n\u00f3s \u00e9. Mas \u00e9 corajoso o suficiente para construir sonhos. O Brasil que d\u00e1 certo \u00e9 feito por homens e mulheres como voc\u00ea.<\/em><br \/>\n<em>Vai superar este momento (de novo) e crescer ainda mais.<\/em><br \/>\n<em>A verdade sempre prevalece.&#8221;<\/em><\/p>\n<p><strong>Guilherme Benchimol, fundador da XP Investimentos<\/strong>, tamb\u00e9m demonstrou apoio:<\/p>\n<p><em>&#8220;Al\u00ea, voc\u00ea \u00e9 um dos grandes empreendedores do Brasil e tenho muito orgulho de ser seu amigo. Tenho certeza que, em breve, todo esse mal entendido ser\u00e1 resolvido.&#8221;<\/em><\/p>\n<p><strong>Sandro Rodrigues, CEO da Hinode<\/strong>, relatou sua pr\u00f3pria experi\u00eancia:<\/p>\n<p><em>&#8220;Tive o prazer de ver o final de um curso para novos franqueados na Cacau Show e ficou claro o respeito e dedica\u00e7\u00e3o de todo time com os franqueados. [&#8230;] A Cacau Show \u00e9 um exemplo para o nosso pa\u00eds e o Al\u00ea Costa \u00e9 um exemplo de empreendedor.&#8221;<\/em><\/p>\n<p><strong>Tallis Gomes, fundador do G4 Educa\u00e7\u00e3o e da Easy Taxi<\/strong>, refor\u00e7ou:<\/p>\n<p><em>&#8220;Voc\u00ea \u00e9 um baita empreendedor, Al\u00ea Costa. Os c\u00e3es ladram e a caravana passa&#8230; Bora construir Brasil.&#8221;<\/em><\/p>\n<p><strong>Jo\u00e3o Adibe, presidente da Cimed<\/strong>, destacou:<\/p>\n<p><em>&#8220;A verdade sempre prevalece. Exemplo de empreendedorismo, modelo de neg\u00f3cio, crescimento e gest\u00e3o. Vai pra cima, irm\u00e3o.&#8221;<\/em><\/p>\n<p><strong>Influenciadora tamb\u00e9m se manifesta<\/strong><br \/>\nAt\u00e9 mesmo influenciadores de grande alcance, como <strong>Viih Tube, com mais de 33 milh\u00f5es de seguidores<\/strong>, fizeram quest\u00e3o de apoiar publicamente a marca:<\/p>\n<p><em>&#8220;N\u00e3o liguem pra isso, sei que \u00e9 dif\u00edcil. [&#8230;] Estou com voc\u00eas h\u00e1 mais de 8 anos, indo diversas vezes \u00e0s comemora\u00e7\u00f5es e nunca vi como um &#8216;ritual&#8217;. D\u00e1 pra ver de longe que a base de tudo que fazem \u00e9 o amor! [&#8230;] No final, tudo se ajeita! Estou sempre com voc\u00eas.&#8221;<\/em><\/p>\n<p><strong>Imagem da marca permanece forte<\/strong><br \/>\nMesmo diante das den\u00fancias, a imagem da Cacau Show se mant\u00e9m s\u00f3lida entre seus apoiadores e no mercado. Com mais de 37 anos de hist\u00f3ria, quase 5 mil lojas e um ecossistema que envolve mais de 22 mil pessoas, a empresa continua sendo refer\u00eancia no franchising brasileiro.<\/p>\n<p>Com o comunicado a marca busca refor\u00e7ar seu compromisso com a verdade, a transpar\u00eancia e o respeito aos franqueados.<\/p>\n","protected":false},"excerpt":{"rendered":"<p>Nos \u00faltimos dias, a Cacau Show, uma das maiores redes de chocolates finos do mundo, tornou-se o centro de uma intensa discuss\u00e3o nas redes sociais. Den\u00fancias de ex-franqueados, ex-colaboradores e reportagens veiculadas na imprensa apontaram supostos problemas na gest\u00e3o da marca, com cr\u00edticas a pr\u00e1ticas internas e \u00e0 condu\u00e7\u00e3o do relacionamento com os franqueados. A [&hellip;]<\/p>\n","protected":false},"author":1,"featured_media":56554,"comment_status":"open","ping_status":"open","sticky":false,"template":"","format":"standard","meta":{"tdm_status":"","tdm_grid_status":"","footnotes":""},"categories":[6],"tags":[547,205,308,1110,9414,33,5963,5964,129,28,7585],"class_list":["post-56553","post","type-post","status-publish","format-standard","has-post-thumbnail","hentry","category-noticias","tag-cacau-show","tag-chocolate","tag-comunicacao","tag-comunicado","tag-denuncias","tag-estrategia","tag-franqueado","tag-franqueador","tag-franquia","tag-marketing","tag-nota-oficial"],"yoast_head":"<!-- This site is optimized with the Yoast SEO plugin v27.5 - https:\/\/yoast.com\/product\/yoast-seo-wordpress\/ -->\n<title>Empreendedores saem em defesa da Cacau Show e de Al\u00ea Costa ap\u00f3s den\u00fancias nas redes sociais - CidadeMarketing<\/title>\n<meta name=\"robots\" content=\"index, follow, max-snippet:-1, max-image-preview:large, max-video-preview:-1\" \/>\n<link rel=\"canonical\" href=\"https:\/\/www.cidademarketing.com.br\/marketing\/2025\/06\/03\/empreendedores-saem-em-defesa-da-cacau-show-e-de-ale-costa-apos-denuncias-nas-redes-sociais\/\" \/>\n<meta property=\"og:locale\" content=\"pt_BR\" \/>\n<meta property=\"og:type\" content=\"article\" \/>\n<meta property=\"og:title\" content=\"Empreendedores saem em defesa da Cacau Show e de Al\u00ea Costa ap\u00f3s den\u00fancias nas redes sociais - CidadeMarketing\" \/>\n<meta property=\"og:description\" content=\"Nos \u00faltimos dias, a Cacau Show, uma das maiores redes de chocolates finos do mundo, tornou-se o centro de uma intensa discuss\u00e3o nas redes sociais. Den\u00fancias de ex-franqueados, ex-colaboradores e reportagens veiculadas na imprensa apontaram supostos problemas na gest\u00e3o da marca, com cr\u00edticas a pr\u00e1ticas internas e \u00e0 condu\u00e7\u00e3o do relacionamento com os franqueados. A [&hellip;]\" \/>\n<meta property=\"og:url\" content=\"https:\/\/www.cidademarketing.com.br\/marketing\/2025\/06\/03\/empreendedores-saem-em-defesa-da-cacau-show-e-de-ale-costa-apos-denuncias-nas-redes-sociais\/\" \/>\n<meta property=\"og:site_name\" content=\"CidadeMarketing\" \/>\n<meta property=\"article:publisher\" content=\"https:\/\/www.facebook.com\/portalcidademarketing\" \/>\n<meta property=\"article:author\" content=\"https:\/\/www.facebook.com\/thalesbrandao\" \/>\n<meta property=\"article:published_time\" content=\"2025-06-03T17:13:20+00:00\" \/>\n<meta property=\"og:image\" content=\"https:\/\/www.cidademarketing.com.br\/marketing\/wp-content\/uploads\/2025\/06\/cacaushow_marca.webp\" \/>\n\t<meta property=\"og:image:width\" content=\"1000\" \/>\n\t<meta property=\"og:image:height\" content=\"1250\" \/>\n\t<meta property=\"og:image:type\" content=\"image\/webp\" \/>\n<meta name=\"author\" content=\"Thales Brand\u00e3o\" \/>\n<meta name=\"twitter:card\" content=\"summary_large_image\" \/>\n<meta name=\"twitter:creator\" content=\"@http:\/\/www.twitter.com\/thalesbrandao\" \/>\n<meta name=\"twitter:site\" content=\"@CidadeMarketing\" \/>\n<meta name=\"twitter:label1\" content=\"Escrito por\" \/>\n\t<meta name=\"twitter:data1\" content=\"Thales Brand\u00e3o\" \/>\n\t<meta name=\"twitter:label2\" content=\"Est. tempo de leitura\" \/>\n\t<meta name=\"twitter:data2\" content=\"3 minutos\" \/>\n<script type=\"application\/ld+json\" class=\"yoast-schema-graph\">{\"@context\":\"https:\\\/\\\/schema.org\",\"@graph\":[{\"@type\":\"Article\",\"@id\":\"https:\\\/\\\/www.cidademarketing.com.br\\\/marketing\\\/2025\\\/06\\\/03\\\/empreendedores-saem-em-defesa-da-cacau-show-e-de-ale-costa-apos-denuncias-nas-redes-sociais\\\/#article\",\"isPartOf\":{\"@id\":\"https:\\\/\\\/www.cidademarketing.com.br\\\/marketing\\\/2025\\\/06\\\/03\\\/empreendedores-saem-em-defesa-da-cacau-show-e-de-ale-costa-apos-denuncias-nas-redes-sociais\\\/\"},\"author\":{\"name\":\"Thales Brand\u00e3o\",\"@id\":\"https:\\\/\\\/www.cidademarketing.com.br\\\/marketing\\\/#\\\/schema\\\/person\\\/02daff9f18bd9378c9e01eb6b2db155f\"},\"headline\":\"Empreendedores saem em defesa da Cacau Show e de Al\u00ea Costa ap\u00f3s den\u00fancias nas redes sociais\",\"datePublished\":\"2025-06-03T17:13:20+00:00\",\"mainEntityOfPage\":{\"@id\":\"https:\\\/\\\/www.cidademarketing.com.br\\\/marketing\\\/2025\\\/06\\\/03\\\/empreendedores-saem-em-defesa-da-cacau-show-e-de-ale-costa-apos-denuncias-nas-redes-sociais\\\/\"},\"wordCount\":642,\"commentCount\":0,\"publisher\":{\"@id\":\"https:\\\/\\\/www.cidademarketing.com.br\\\/marketing\\\/#organization\"},\"image\":{\"@id\":\"https:\\\/\\\/www.cidademarketing.com.br\\\/marketing\\\/2025\\\/06\\\/03\\\/empreendedores-saem-em-defesa-da-cacau-show-e-de-ale-costa-apos-denuncias-nas-redes-sociais\\\/#primaryimage\"},\"thumbnailUrl\":\"https:\\\/\\\/www.cidademarketing.com.br\\\/marketing\\\/wp-content\\\/uploads\\\/2025\\\/06\\\/cacaushow_marca.webp\",\"keywords\":[\"Cacau Show\",\"chocolate\",\"comunica\u00e7\u00e3o\",\"comunicado\",\"den\u00fancias\",\"estrat\u00e9gia\",\"franqueado\",\"franqueador\",\"franquia\",\"marketing\",\"nota oficial\"],\"articleSection\":[\"Not\u00edcias\"],\"inLanguage\":\"pt-BR\",\"potentialAction\":[{\"@type\":\"CommentAction\",\"name\":\"Comment\",\"target\":[\"https:\\\/\\\/www.cidademarketing.com.br\\\/marketing\\\/2025\\\/06\\\/03\\\/empreendedores-saem-em-defesa-da-cacau-show-e-de-ale-costa-apos-denuncias-nas-redes-sociais\\\/#respond\"]}]},{\"@type\":\"WebPage\",\"@id\":\"https:\\\/\\\/www.cidademarketing.com.br\\\/marketing\\\/2025\\\/06\\\/03\\\/empreendedores-saem-em-defesa-da-cacau-show-e-de-ale-costa-apos-denuncias-nas-redes-sociais\\\/\",\"url\":\"https:\\\/\\\/www.cidademarketing.com.br\\\/marketing\\\/2025\\\/06\\\/03\\\/empreendedores-saem-em-defesa-da-cacau-show-e-de-ale-costa-apos-denuncias-nas-redes-sociais\\\/\",\"name\":\"Empreendedores saem em defesa da Cacau Show e de Al\u00ea Costa ap\u00f3s den\u00fancias nas redes sociais - CidadeMarketing\",\"isPartOf\":{\"@id\":\"https:\\\/\\\/www.cidademarketing.com.br\\\/marketing\\\/#website\"},\"primaryImageOfPage\":{\"@id\":\"https:\\\/\\\/www.cidademarketing.com.br\\\/marketing\\\/2025\\\/06\\\/03\\\/empreendedores-saem-em-defesa-da-cacau-show-e-de-ale-costa-apos-denuncias-nas-redes-sociais\\\/#primaryimage\"},\"image\":{\"@id\":\"https:\\\/\\\/www.cidademarketing.com.br\\\/marketing\\\/2025\\\/06\\\/03\\\/empreendedores-saem-em-defesa-da-cacau-show-e-de-ale-costa-apos-denuncias-nas-redes-sociais\\\/#primaryimage\"},\"thumbnailUrl\":\"https:\\\/\\\/www.cidademarketing.com.br\\\/marketing\\\/wp-content\\\/uploads\\\/2025\\\/06\\\/cacaushow_marca.webp\",\"datePublished\":\"2025-06-03T17:13:20+00:00\",\"breadcrumb\":{\"@id\":\"https:\\\/\\\/www.cidademarketing.com.br\\\/marketing\\\/2025\\\/06\\\/03\\\/empreendedores-saem-em-defesa-da-cacau-show-e-de-ale-costa-apos-denuncias-nas-redes-sociais\\\/#breadcrumb\"},\"inLanguage\":\"pt-BR\",\"potentialAction\":[{\"@type\":\"ReadAction\",\"target\":[\"https:\\\/\\\/www.cidademarketing.com.br\\\/marketing\\\/2025\\\/06\\\/03\\\/empreendedores-saem-em-defesa-da-cacau-show-e-de-ale-costa-apos-denuncias-nas-redes-sociais\\\/\"]}]},{\"@type\":\"ImageObject\",\"inLanguage\":\"pt-BR\",\"@id\":\"https:\\\/\\\/www.cidademarketing.com.br\\\/marketing\\\/2025\\\/06\\\/03\\\/empreendedores-saem-em-defesa-da-cacau-show-e-de-ale-costa-apos-denuncias-nas-redes-sociais\\\/#primaryimage\",\"url\":\"https:\\\/\\\/www.cidademarketing.com.br\\\/marketing\\\/wp-content\\\/uploads\\\/2025\\\/06\\\/cacaushow_marca.webp\",\"contentUrl\":\"https:\\\/\\\/www.cidademarketing.com.br\\\/marketing\\\/wp-content\\\/uploads\\\/2025\\\/06\\\/cacaushow_marca.webp\",\"width\":1000,\"height\":1250},{\"@type\":\"BreadcrumbList\",\"@id\":\"https:\\\/\\\/www.cidademarketing.com.br\\\/marketing\\\/2025\\\/06\\\/03\\\/empreendedores-saem-em-defesa-da-cacau-show-e-de-ale-costa-apos-denuncias-nas-redes-sociais\\\/#breadcrumb\",\"itemListElement\":[{\"@type\":\"ListItem\",\"position\":1,\"name\":\"In\u00edcio\",\"item\":\"https:\\\/\\\/www.cidademarketing.com.br\\\/marketing\\\/\"},{\"@type\":\"ListItem\",\"position\":2,\"name\":\"Empreendedores saem em defesa da Cacau Show e de Al\u00ea Costa ap\u00f3s den\u00fancias nas redes sociais\"}]},{\"@type\":\"WebSite\",\"@id\":\"https:\\\/\\\/www.cidademarketing.com.br\\\/marketing\\\/#website\",\"url\":\"https:\\\/\\\/www.cidademarketing.com.br\\\/marketing\\\/\",\"name\":\"CidadeMarketing\",\"description\":\"Somos um ve\u00edculo de comunica\u00e7\u00e3o de destaque no Brasil, reconhecido por conte\u00fados nos segmentos de marketing, empreendedorismo e inova\u00e7\u00e3o.\",\"publisher\":{\"@id\":\"https:\\\/\\\/www.cidademarketing.com.br\\\/marketing\\\/#organization\"},\"alternateName\":\"CidadeMarketing\",\"potentialAction\":[{\"@type\":\"SearchAction\",\"target\":{\"@type\":\"EntryPoint\",\"urlTemplate\":\"https:\\\/\\\/www.cidademarketing.com.br\\\/marketing\\\/?s={search_term_string}\"},\"query-input\":{\"@type\":\"PropertyValueSpecification\",\"valueRequired\":true,\"valueName\":\"search_term_string\"}}],\"inLanguage\":\"pt-BR\"},{\"@type\":\"Organization\",\"@id\":\"https:\\\/\\\/www.cidademarketing.com.br\\\/marketing\\\/#organization\",\"name\":\"CidadeMarketing\",\"alternateName\":\"CidadeMarketing\",\"url\":\"https:\\\/\\\/www.cidademarketing.com.br\\\/marketing\\\/\",\"logo\":{\"@type\":\"ImageObject\",\"inLanguage\":\"pt-BR\",\"@id\":\"https:\\\/\\\/www.cidademarketing.com.br\\\/marketing\\\/#\\\/schema\\\/logo\\\/image\\\/\",\"url\":\"https:\\\/\\\/www.cidademarketing.com.br\\\/marketing\\\/wp-content\\\/uploads\\\/2020\\\/01\\\/cidademarketing_marca_mobile.png\",\"contentUrl\":\"https:\\\/\\\/www.cidademarketing.com.br\\\/marketing\\\/wp-content\\\/uploads\\\/2020\\\/01\\\/cidademarketing_marca_mobile.png\",\"width\":230,\"height\":92,\"caption\":\"CidadeMarketing\"},\"image\":{\"@id\":\"https:\\\/\\\/www.cidademarketing.com.br\\\/marketing\\\/#\\\/schema\\\/logo\\\/image\\\/\"},\"sameAs\":[\"https:\\\/\\\/www.facebook.com\\\/portalcidademarketing\",\"https:\\\/\\\/x.com\\\/CidadeMarketing\",\"https:\\\/\\\/www.instagram.com\\\/cidademarketing\\\/\"]},{\"@type\":\"Person\",\"@id\":\"https:\\\/\\\/www.cidademarketing.com.br\\\/marketing\\\/#\\\/schema\\\/person\\\/02daff9f18bd9378c9e01eb6b2db155f\",\"name\":\"Thales Brand\u00e3o\",\"image\":{\"@type\":\"ImageObject\",\"inLanguage\":\"pt-BR\",\"@id\":\"https:\\\/\\\/secure.gravatar.com\\\/avatar\\\/7ca3206950207cc3cb48feec56a8a7898741ab725c368d99d5d7a5a50aab80c6?s=96&d=mm&r=g\",\"url\":\"https:\\\/\\\/secure.gravatar.com\\\/avatar\\\/7ca3206950207cc3cb48feec56a8a7898741ab725c368d99d5d7a5a50aab80c6?s=96&d=mm&r=g\",\"contentUrl\":\"https:\\\/\\\/secure.gravatar.com\\\/avatar\\\/7ca3206950207cc3cb48feec56a8a7898741ab725c368d99d5d7a5a50aab80c6?s=96&d=mm&r=g\",\"caption\":\"Thales Brand\u00e3o\"},\"description\":\"Editor Executivo do Portal CidadeMarketing.com.br &gt; Mestre em Comunica\u00e7\u00e3o e Sociedade pela Universidade Federal de Sergipe. Possui MBA Executivo em Administra\u00e7\u00e3o com \u00eanfase em Marketing pela Funda\u00e7\u00e3o Get\u00falio Vargas - Rio de Janeiro. Consultor, Palestrante e Pesquisador sobre Empreendedorismo, Marketing, Redes Sociais e Neg\u00f3cios Digitais. Professor, Palestrante TedxTalks e Campus Party. Twitter: @ThalesBrandao\",\"sameAs\":[\"http:\\\/\\\/www.mandacaru.com.br\",\"https:\\\/\\\/www.facebook.com\\\/thalesbrandao\",\"http:\\\/\\\/www.instagram.com.br\\\/thalesbrandaoferreira\",\"https:\\\/\\\/www.linkedin.com\\\/in\\\/thales-brand\u00e3o-3948609\\\/\",\"https:\\\/\\\/x.com\\\/http:\\\/\\\/www.twitter.com\\\/thalesbrandao\"],\"url\":\"https:\\\/\\\/www.cidademarketing.com.br\\\/marketing\\\/author\\\/thalesbrandao\\\/\"}]}<\/script>\n<!-- \/ Yoast SEO plugin. -->","yoast_head_json":{"title":"Empreendedores saem em defesa da Cacau Show e de Al\u00ea Costa ap\u00f3s den\u00fancias nas redes sociais - CidadeMarketing","robots":{"index":"index","follow":"follow","max-snippet":"max-snippet:-1","max-image-preview":"max-image-preview:large","max-video-preview":"max-video-preview:-1"},"canonical":"https:\/\/www.cidademarketing.com.br\/marketing\/2025\/06\/03\/empreendedores-saem-em-defesa-da-cacau-show-e-de-ale-costa-apos-denuncias-nas-redes-sociais\/","og_locale":"pt_BR","og_type":"article","og_title":"Empreendedores saem em defesa da Cacau Show e de Al\u00ea Costa ap\u00f3s den\u00fancias nas redes sociais - CidadeMarketing","og_description":"Nos \u00faltimos dias, a Cacau Show, uma das maiores redes de chocolates finos do mundo, tornou-se o centro de uma intensa discuss\u00e3o nas redes sociais. Den\u00fancias de ex-franqueados, ex-colaboradores e reportagens veiculadas na imprensa apontaram supostos problemas na gest\u00e3o da marca, com cr\u00edticas a pr\u00e1ticas internas e \u00e0 condu\u00e7\u00e3o do relacionamento com os franqueados. A [&hellip;]","og_url":"https:\/\/www.cidademarketing.com.br\/marketing\/2025\/06\/03\/empreendedores-saem-em-defesa-da-cacau-show-e-de-ale-costa-apos-denuncias-nas-redes-sociais\/","og_site_name":"CidadeMarketing","article_publisher":"https:\/\/www.facebook.com\/portalcidademarketing","article_author":"https:\/\/www.facebook.com\/thalesbrandao","article_published_time":"2025-06-03T17:13:20+00:00","og_image":[{"width":1000,"height":1250,"url":"https:\/\/www.cidademarketing.com.br\/marketing\/wp-content\/uploads\/2025\/06\/cacaushow_marca.webp","type":"image\/webp"}],"author":"Thales Brand\u00e3o","twitter_card":"summary_large_image","twitter_creator":"@http:\/\/www.twitter.com\/thalesbrandao","twitter_site":"@CidadeMarketing","twitter_misc":{"Escrito por":"Thales Brand\u00e3o","Est. tempo de leitura":"3 minutos"},"schema":{"@context":"https:\/\/schema.org","@graph":[{"@type":"Article","@id":"https:\/\/www.cidademarketing.com.br\/marketing\/2025\/06\/03\/empreendedores-saem-em-defesa-da-cacau-show-e-de-ale-costa-apos-denuncias-nas-redes-sociais\/#article","isPartOf":{"@id":"https:\/\/www.cidademarketing.com.br\/marketing\/2025\/06\/03\/empreendedores-saem-em-defesa-da-cacau-show-e-de-ale-costa-apos-denuncias-nas-redes-sociais\/"},"author":{"name":"Thales Brand\u00e3o","@id":"https:\/\/www.cidademarketing.com.br\/marketing\/#\/schema\/person\/02daff9f18bd9378c9e01eb6b2db155f"},"headline":"Empreendedores saem em defesa da Cacau Show e de Al\u00ea Costa ap\u00f3s den\u00fancias nas redes sociais","datePublished":"2025-06-03T17:13:20+00:00","mainEntityOfPage":{"@id":"https:\/\/www.cidademarketing.com.br\/marketing\/2025\/06\/03\/empreendedores-saem-em-defesa-da-cacau-show-e-de-ale-costa-apos-denuncias-nas-redes-sociais\/"},"wordCount":642,"commentCount":0,"publisher":{"@id":"https:\/\/www.cidademarketing.com.br\/marketing\/#organization"},"image":{"@id":"https:\/\/www.cidademarketing.com.br\/marketing\/2025\/06\/03\/empreendedores-saem-em-defesa-da-cacau-show-e-de-ale-costa-apos-denuncias-nas-redes-sociais\/#primaryimage"},"thumbnailUrl":"https:\/\/www.cidademarketing.com.br\/marketing\/wp-content\/uploads\/2025\/06\/cacaushow_marca.webp","keywords":["Cacau Show","chocolate","comunica\u00e7\u00e3o","comunicado","den\u00fancias","estrat\u00e9gia","franqueado","franqueador","franquia","marketing","nota oficial"],"articleSection":["Not\u00edcias"],"inLanguage":"pt-BR","potentialAction":[{"@type":"CommentAction","name":"Comment","target":["https:\/\/www.cidademarketing.com.br\/marketing\/2025\/06\/03\/empreendedores-saem-em-defesa-da-cacau-show-e-de-ale-costa-apos-denuncias-nas-redes-sociais\/#respond"]}]},{"@type":"WebPage","@id":"https:\/\/www.cidademarketing.com.br\/marketing\/2025\/06\/03\/empreendedores-saem-em-defesa-da-cacau-show-e-de-ale-costa-apos-denuncias-nas-redes-sociais\/","url":"https:\/\/www.cidademarketing.com.br\/marketing\/2025\/06\/03\/empreendedores-saem-em-defesa-da-cacau-show-e-de-ale-costa-apos-denuncias-nas-redes-sociais\/","name":"Empreendedores saem em defesa da Cacau Show e de Al\u00ea Costa ap\u00f3s den\u00fancias nas redes sociais - CidadeMarketing","isPartOf":{"@id":"https:\/\/www.cidademarketing.com.br\/marketing\/#website"},"primaryImageOfPage":{"@id":"https:\/\/www.cidademarketing.com.br\/marketing\/2025\/06\/03\/empreendedores-saem-em-defesa-da-cacau-show-e-de-ale-costa-apos-denuncias-nas-redes-sociais\/#primaryimage"},"image":{"@id":"https:\/\/www.cidademarketing.com.br\/marketing\/2025\/06\/03\/empreendedores-saem-em-defesa-da-cacau-show-e-de-ale-costa-apos-denuncias-nas-redes-sociais\/#primaryimage"},"thumbnailUrl":"https:\/\/www.cidademarketing.com.br\/marketing\/wp-content\/uploads\/2025\/06\/cacaushow_marca.webp","datePublished":"2025-06-03T17:13:20+00:00","breadcrumb":{"@id":"https:\/\/www.cidademarketing.com.br\/marketing\/2025\/06\/03\/empreendedores-saem-em-defesa-da-cacau-show-e-de-ale-costa-apos-denuncias-nas-redes-sociais\/#breadcrumb"},"inLanguage":"pt-BR","potentialAction":[{"@type":"ReadAction","target":["https:\/\/www.cidademarketing.com.br\/marketing\/2025\/06\/03\/empreendedores-saem-em-defesa-da-cacau-show-e-de-ale-costa-apos-denuncias-nas-redes-sociais\/"]}]},{"@type":"ImageObject","inLanguage":"pt-BR","@id":"https:\/\/www.cidademarketing.com.br\/marketing\/2025\/06\/03\/empreendedores-saem-em-defesa-da-cacau-show-e-de-ale-costa-apos-denuncias-nas-redes-sociais\/#primaryimage","url":"https:\/\/www.cidademarketing.com.br\/marketing\/wp-content\/uploads\/2025\/06\/cacaushow_marca.webp","contentUrl":"https:\/\/www.cidademarketing.com.br\/marketing\/wp-content\/uploads\/2025\/06\/cacaushow_marca.webp","width":1000,"height":1250},{"@type":"BreadcrumbList","@id":"https:\/\/www.cidademarketing.com.br\/marketing\/2025\/06\/03\/empreendedores-saem-em-defesa-da-cacau-show-e-de-ale-costa-apos-denuncias-nas-redes-sociais\/#breadcrumb","itemListElement":[{"@type":"ListItem","position":1,"name":"In\u00edcio","item":"https:\/\/www.cidademarketing.com.br\/marketing\/"},{"@type":"ListItem","position":2,"name":"Empreendedores saem em defesa da Cacau Show e de Al\u00ea Costa ap\u00f3s den\u00fancias nas redes sociais"}]},{"@type":"WebSite","@id":"https:\/\/www.cidademarketing.com.br\/marketing\/#website","url":"https:\/\/www.cidademarketing.com.br\/marketing\/","name":"CidadeMarketing","description":"Somos um ve\u00edculo de comunica\u00e7\u00e3o de destaque no Brasil, reconhecido por conte\u00fados nos segmentos de marketing, empreendedorismo e inova\u00e7\u00e3o.","publisher":{"@id":"https:\/\/www.cidademarketing.com.br\/marketing\/#organization"},"alternateName":"CidadeMarketing","potentialAction":[{"@type":"SearchAction","target":{"@type":"EntryPoint","urlTemplate":"https:\/\/www.cidademarketing.com.br\/marketing\/?s={search_term_string}"},"query-input":{"@type":"PropertyValueSpecification","valueRequired":true,"valueName":"search_term_string"}}],"inLanguage":"pt-BR"},{"@type":"Organization","@id":"https:\/\/www.cidademarketing.com.br\/marketing\/#organization","name":"CidadeMarketing","alternateName":"CidadeMarketing","url":"https:\/\/www.cidademarketing.com.br\/marketing\/","logo":{"@type":"ImageObject","inLanguage":"pt-BR","@id":"https:\/\/www.cidademarketing.com.br\/marketing\/#\/schema\/logo\/image\/","url":"https:\/\/www.cidademarketing.com.br\/marketing\/wp-content\/uploads\/2020\/01\/cidademarketing_marca_mobile.png","contentUrl":"https:\/\/www.cidademarketing.com.br\/marketing\/wp-content\/uploads\/2020\/01\/cidademarketing_marca_mobile.png","width":230,"height":92,"caption":"CidadeMarketing"},"image":{"@id":"https:\/\/www.cidademarketing.com.br\/marketing\/#\/schema\/logo\/image\/"},"sameAs":["https:\/\/www.facebook.com\/portalcidademarketing","https:\/\/x.com\/CidadeMarketing","https:\/\/www.instagram.com\/cidademarketing\/"]},{"@type":"Person","@id":"https:\/\/www.cidademarketing.com.br\/marketing\/#\/schema\/person\/02daff9f18bd9378c9e01eb6b2db155f","name":"Thales Brand\u00e3o","image":{"@type":"ImageObject","inLanguage":"pt-BR","@id":"https:\/\/secure.gravatar.com\/avatar\/7ca3206950207cc3cb48feec56a8a7898741ab725c368d99d5d7a5a50aab80c6?s=96&d=mm&r=g","url":"https:\/\/secure.gravatar.com\/avatar\/7ca3206950207cc3cb48feec56a8a7898741ab725c368d99d5d7a5a50aab80c6?s=96&d=mm&r=g","contentUrl":"https:\/\/secure.gravatar.com\/avatar\/7ca3206950207cc3cb48feec56a8a7898741ab725c368d99d5d7a5a50aab80c6?s=96&d=mm&r=g","caption":"Thales Brand\u00e3o"},"description":"Editor Executivo do Portal CidadeMarketing.com.br &gt; Mestre em Comunica\u00e7\u00e3o e Sociedade pela Universidade Federal de Sergipe. Possui MBA Executivo em Administra\u00e7\u00e3o com \u00eanfase em Marketing pela Funda\u00e7\u00e3o Get\u00falio Vargas - Rio de Janeiro. Consultor, Palestrante e Pesquisador sobre Empreendedorismo, Marketing, Redes Sociais e Neg\u00f3cios Digitais. Professor, Palestrante TedxTalks e Campus Party. Twitter: @ThalesBrandao","sameAs":["http:\/\/www.mandacaru.com.br","https:\/\/www.facebook.com\/thalesbrandao","http:\/\/www.instagram.com.br\/thalesbrandaoferreira","https:\/\/www.linkedin.com\/in\/thales-brand\u00e3o-3948609\/","https:\/\/x.com\/http:\/\/www.twitter.com\/thalesbrandao"],"url":"https:\/\/www.cidademarketing.com.br\/marketing\/author\/thalesbrandao\/"}]}},"amp_enabled":true,"_links":{"self":[{"href":"https:\/\/www.cidademarketing.com.br\/marketing\/wp-json\/wp\/v2\/posts\/56553","targetHints":{"allow":["GET"]}}],"collection":[{"href":"https:\/\/www.cidademarketing.com.br\/marketing\/wp-json\/wp\/v2\/posts"}],"about":[{"href":"https:\/\/www.cidademarketing.com.br\/marketing\/wp-json\/wp\/v2\/types\/post"}],"author":[{"embeddable":true,"href":"https:\/\/www.cidademarketing.com.br\/marketing\/wp-json\/wp\/v2\/users\/1"}],"replies":[{"embeddable":true,"href":"https:\/\/www.cidademarketing.com.br\/marketing\/wp-json\/wp\/v2\/comments?post=56553"}],"version-history":[{"count":1,"href":"https:\/\/www.cidademarketing.com.br\/marketing\/wp-json\/wp\/v2\/posts\/56553\/revisions"}],"predecessor-version":[{"id":56555,"href":"https:\/\/www.cidademarketing.com.br\/marketing\/wp-json\/wp\/v2\/posts\/56553\/revisions\/56555"}],"wp:featuredmedia":[{"embeddable":true,"href":"https:\/\/www.cidademarketing.com.br\/marketing\/wp-json\/wp\/v2\/media\/56554"}],"wp:attachment":[{"href":"https:\/\/www.cidademarketing.com.br\/marketing\/wp-json\/wp\/v2\/media?parent=56553"}],"wp:term":[{"taxonomy":"category","embeddable":true,"href":"https:\/\/www.cidademarketing.com.br\/marketing\/wp-json\/wp\/v2\/categories?post=56553"},{"taxonomy":"post_tag","embeddable":true,"href":"https:\/\/www.cidademarketing.com.br\/marketing\/wp-json\/wp\/v2\/tags?post=56553"}],"curies":[{"name":"wp","href":"https:\/\/api.w.org\/{rel}","templated":true}]}}