{"id":56539,"date":"2025-06-03T13:17:16","date_gmt":"2025-06-03T16:17:16","guid":{"rendered":"https:\/\/www.cidademarketing.com.br\/marketing\/?p=56539"},"modified":"2025-06-03T13:17:16","modified_gmt":"2025-06-03T16:17:16","slug":"pearson-e-yazigi-aracaju-realizam-encontro-inedito-para-lideres-educacionais-com-foco-em-inclusao-e-inovacao","status":"publish","type":"post","link":"https:\/\/www.cidademarketing.com.br\/marketing\/2025\/06\/03\/pearson-e-yazigi-aracaju-realizam-encontro-inedito-para-lideres-educacionais-com-foco-em-inclusao-e-inovacao\/","title":{"rendered":"Pearson e Y\u00e1zigi Aracaju realizam encontro in\u00e9dito para l\u00edderes educacionais com foco em inclus\u00e3o e inova\u00e7\u00e3o"},"content":{"rendered":"<p>Na \u00faltima quinta-feira, 29 de maio, o audit\u00f3rio do Y\u00e1zigi Aracaju foi palco de um marco para a educa\u00e7\u00e3o sergipana. A Pearson \u2014 maior empresa de educa\u00e7\u00e3o do mundo \u2014, em parceria com o Y\u00e1zigi Aracaju, promoveu o 1\u00ba Encontro de Diretores e Coordenadores de Aracaju &#8211; Vozes que Lideram, reunindo profissionais da educa\u00e7\u00e3o para uma noite de di\u00e1logo, forma\u00e7\u00e3o e inspira\u00e7\u00e3o.<\/p>\n<p>O evento, idealizado especialmente para gestores escolares e coordenadores pedag\u00f3gicos, buscou refletir sobre os desafios contempor\u00e2neos da lideran\u00e7a educacional, como a diversidade de perfis nas escolas, a inclus\u00e3o de alunos neurodivergentes, a inova\u00e7\u00e3o pedag\u00f3gica e o envolvimento das fam\u00edlias no processo de aprendizagem.<\/p>\n\r\n                <style type=\"text\/css\">\r\n                    \r\n                    #tdi_1  .td-doubleSlider-2 .td-item1 {\r\n                        background: url(https:\/\/www.cidademarketing.com.br\/marketing\/wp-content\/uploads\/2025\/06\/yazigiaracaju_encontropedagogico_011-80x60.webp) 0 0 no-repeat;\r\n                    }\r\n                    #tdi_1  .td-doubleSlider-2 .td-item2 {\r\n                        background: url(https:\/\/www.cidademarketing.com.br\/marketing\/wp-content\/uploads\/2025\/06\/yazigiaracaju_encontropedagogico_12-80x60.webp) 0 0 no-repeat;\r\n                    }\r\n                    #tdi_1  .td-doubleSlider-2 .td-item3 {\r\n                        background: url(https:\/\/www.cidademarketing.com.br\/marketing\/wp-content\/uploads\/2025\/06\/yazigiaracaju_encontropedagogico_01-80x60.webp) 0 0 no-repeat;\r\n                    }\r\n                    #tdi_1  .td-doubleSlider-2 .td-item4 {\r\n                        background: url(https:\/\/www.cidademarketing.com.br\/marketing\/wp-content\/uploads\/2025\/06\/yazigiaracaju_encontropedagogico_02-80x60.webp) 0 0 no-repeat;\r\n                    }\r\n                    #tdi_1  .td-doubleSlider-2 .td-item5 {\r\n                        background: url(https:\/\/www.cidademarketing.com.br\/marketing\/wp-content\/uploads\/2025\/06\/yazigiaracaju_encontropedagogico_03-80x60.webp) 0 0 no-repeat;\r\n                    }\r\n                    #tdi_1  .td-doubleSlider-2 .td-item6 {\r\n                        background: url(https:\/\/www.cidademarketing.com.br\/marketing\/wp-content\/uploads\/2025\/06\/yazigiaracaju_encontropedagogico_04-80x60.webp) 0 0 no-repeat;\r\n                    }\r\n                    #tdi_1  .td-doubleSlider-2 .td-item7 {\r\n                        background: url(https:\/\/www.cidademarketing.com.br\/marketing\/wp-content\/uploads\/2025\/06\/yazigiaracaju_encontropedagogico_05-80x60.webp) 0 0 no-repeat;\r\n                    }\r\n                    #tdi_1  .td-doubleSlider-2 .td-item8 {\r\n                        background: url(https:\/\/www.cidademarketing.com.br\/marketing\/wp-content\/uploads\/2025\/06\/yazigiaracaju_encontropedagogico_06-80x60.webp) 0 0 no-repeat;\r\n                    }\r\n                    #tdi_1  .td-doubleSlider-2 .td-item9 {\r\n                        background: url(https:\/\/www.cidademarketing.com.br\/marketing\/wp-content\/uploads\/2025\/06\/yazigiaracaju_encontropedagogico_07-80x60.webp) 0 0 no-repeat;\r\n                    }\r\n                    #tdi_1  .td-doubleSlider-2 .td-item10 {\r\n                        background: url(https:\/\/www.cidademarketing.com.br\/marketing\/wp-content\/uploads\/2025\/06\/yazigiaracaju_encontropedagogico_08-80x60.webp) 0 0 no-repeat;\r\n                    }\r\n                    #tdi_1  .td-doubleSlider-2 .td-item11 {\r\n                        background: url(https:\/\/www.cidademarketing.com.br\/marketing\/wp-content\/uploads\/2025\/06\/yazigiaracaju_encontropedagogico_09-80x60.webp) 0 0 no-repeat;\r\n                    }\r\n                    #tdi_1  .td-doubleSlider-2 .td-item12 {\r\n                        background: url(https:\/\/www.cidademarketing.com.br\/marketing\/wp-content\/uploads\/2025\/06\/yazigiaracaju_encontropedagogico_10-80x60.webp) 0 0 no-repeat;\r\n                    }\r\n                <\/style>\r\n\r\n                <div id=\"tdi_1\" class=\"td-gallery td-slide-on-2-columns\">\r\n                    <div class=\"post_td_gallery\">\r\n                        <div class=\"td-gallery-slide-top\">\r\n                           <div class=\"td-gallery-title\"><\/div>\r\n\r\n                            <div class=\"td-gallery-controls-wrapper\">\r\n                                <div class=\"td-gallery-slide-count\"><span class=\"td-gallery-slide-item-focus\">1<\/span> de 12<\/div>\r\n                                <div class=\"td-gallery-slide-prev-next-but\">\r\n                                    <i class = \"td-icon-left doubleSliderPrevButton\"><\/i>\r\n                                    <i class = \"td-icon-right doubleSliderNextButton\"><\/i>\r\n                                <\/div>\r\n                            <\/div>\r\n                        <\/div>\r\n\r\n                        <div class = \"td-doubleSlider-1 \">\r\n                            <div class = \"td-slider\">\r\n                                \r\n                    <div class = \"td-slide-item td-item1\">\r\n                        <figure class=\"td-slide-galery-figure td-slide-popup-gallery\">\r\n                            <a class=\"slide-gallery-image-link\" href=\"https:\/\/www.cidademarketing.com.br\/marketing\/wp-content\/uploads\/2025\/06\/yazigiaracaju_encontropedagogico_011.webp\" title=\"Pearson e Y\u00e1zigi Aracaju realizam encontro in\u00e9dito para l\u00edderes educacionais com foco em inclus\u00e3o e inova\u00e7\u00e3o\"  data-caption=\"Foto: Agnes Souza\"  data-description=\"\">\r\n                                <img decoding=\"async\" src=\"https:\/\/www.cidademarketing.com.br\/marketing\/wp-content\/uploads\/2025\/06\/yazigiaracaju_encontropedagogico_011-630x420.webp\" srcset=\"https:\/\/www.cidademarketing.com.br\/marketing\/wp-content\/uploads\/2025\/06\/yazigiaracaju_encontropedagogico_011-630x420.webp 630w, https:\/\/www.cidademarketing.com.br\/marketing\/wp-content\/uploads\/2025\/06\/yazigiaracaju_encontropedagogico_011-300x200.webp 300w, https:\/\/www.cidademarketing.com.br\/marketing\/wp-content\/uploads\/2025\/06\/yazigiaracaju_encontropedagogico_011-768x512.webp 768w, https:\/\/www.cidademarketing.com.br\/marketing\/wp-content\/uploads\/2025\/06\/yazigiaracaju_encontropedagogico_011-640x427.webp 640w, https:\/\/www.cidademarketing.com.br\/marketing\/wp-content\/uploads\/2025\/06\/yazigiaracaju_encontropedagogico_011-681x454.webp 681w, https:\/\/www.cidademarketing.com.br\/marketing\/wp-content\/uploads\/2025\/06\/yazigiaracaju_encontropedagogico_011.webp 1000w\" sizes=\"(max-width: 630px) 100vw, 630px\" alt=\"1&ordm; Encontro de Diretores e Coordenadores de Aracaju reuniu especialistas e gestores para discutir desafios da educa&ccedil;&atilde;o contempor&acirc;nea.\">\r\n                            <\/a>\r\n                            <figcaption class = \"td-slide-caption td-gallery-slide-content\"><div class = \"td-gallery-slide-copywrite\">Foto: Agnes Souza<\/div><\/figcaption>\r\n                        <\/figure>\r\n                    <\/div>\r\n                    <div class = \"td-slide-item td-item2\">\r\n                        <figure class=\"td-slide-galery-figure td-slide-popup-gallery\">\r\n                            <a class=\"slide-gallery-image-link\" href=\"https:\/\/www.cidademarketing.com.br\/marketing\/wp-content\/uploads\/2025\/06\/yazigiaracaju_encontropedagogico_12.webp\" title=\"Pearson e Y\u00e1zigi Aracaju realizam encontro in\u00e9dito para l\u00edderes educacionais com foco em inclus\u00e3o e inova\u00e7\u00e3o\"  data-caption=\"Foto: Agnes Souza\"  data-description=\"\">\r\n                                <img decoding=\"async\" src=\"https:\/\/www.cidademarketing.com.br\/marketing\/wp-content\/uploads\/2025\/06\/yazigiaracaju_encontropedagogico_12-630x420.webp\" srcset=\"https:\/\/www.cidademarketing.com.br\/marketing\/wp-content\/uploads\/2025\/06\/yazigiaracaju_encontropedagogico_12-630x420.webp 630w, https:\/\/www.cidademarketing.com.br\/marketing\/wp-content\/uploads\/2025\/06\/yazigiaracaju_encontropedagogico_12-300x200.webp 300w, https:\/\/www.cidademarketing.com.br\/marketing\/wp-content\/uploads\/2025\/06\/yazigiaracaju_encontropedagogico_12-768x512.webp 768w, https:\/\/www.cidademarketing.com.br\/marketing\/wp-content\/uploads\/2025\/06\/yazigiaracaju_encontropedagogico_12-640x427.webp 640w, https:\/\/www.cidademarketing.com.br\/marketing\/wp-content\/uploads\/2025\/06\/yazigiaracaju_encontropedagogico_12-681x454.webp 681w, https:\/\/www.cidademarketing.com.br\/marketing\/wp-content\/uploads\/2025\/06\/yazigiaracaju_encontropedagogico_12.webp 1000w\" sizes=\"(max-width: 630px) 100vw, 630px\" alt=\"1&ordm; Encontro de Diretores e Coordenadores de Aracaju reuniu especialistas e gestores para discutir desafios da educa&ccedil;&atilde;o contempor&acirc;nea.\">\r\n                            <\/a>\r\n                            <figcaption class = \"td-slide-caption td-gallery-slide-content\"><div class = \"td-gallery-slide-copywrite\">Foto: Agnes Souza<\/div><\/figcaption>\r\n                        <\/figure>\r\n                    <\/div>\r\n                    <div class = \"td-slide-item td-item3\">\r\n                        <figure class=\"td-slide-galery-figure td-slide-popup-gallery\">\r\n                            <a class=\"slide-gallery-image-link\" href=\"https:\/\/www.cidademarketing.com.br\/marketing\/wp-content\/uploads\/2025\/06\/yazigiaracaju_encontropedagogico_01.webp\" title=\"yazigiaracaju_encontropedagogico_01\"  data-caption=\"Foto: Agnes Souza\"  data-description=\"\">\r\n                                <img decoding=\"async\" src=\"https:\/\/www.cidademarketing.com.br\/marketing\/wp-content\/uploads\/2025\/06\/yazigiaracaju_encontropedagogico_01-630x420.webp\" srcset=\"https:\/\/www.cidademarketing.com.br\/marketing\/wp-content\/uploads\/2025\/06\/yazigiaracaju_encontropedagogico_01-630x420.webp 630w, https:\/\/www.cidademarketing.com.br\/marketing\/wp-content\/uploads\/2025\/06\/yazigiaracaju_encontropedagogico_01-300x200.webp 300w, https:\/\/www.cidademarketing.com.br\/marketing\/wp-content\/uploads\/2025\/06\/yazigiaracaju_encontropedagogico_01-768x512.webp 768w, https:\/\/www.cidademarketing.com.br\/marketing\/wp-content\/uploads\/2025\/06\/yazigiaracaju_encontropedagogico_01-640x427.webp 640w, https:\/\/www.cidademarketing.com.br\/marketing\/wp-content\/uploads\/2025\/06\/yazigiaracaju_encontropedagogico_01-681x454.webp 681w, https:\/\/www.cidademarketing.com.br\/marketing\/wp-content\/uploads\/2025\/06\/yazigiaracaju_encontropedagogico_01.webp 1000w\" sizes=\"(max-width: 630px) 100vw, 630px\" alt=\"1&ordm; Encontro de Diretores e Coordenadores de Aracaju reuniu especialistas e gestores para discutir desafios da educa&ccedil;&atilde;o contempor&acirc;nea.\">\r\n                            <\/a>\r\n                            <figcaption class = \"td-slide-caption td-gallery-slide-content\"><div class = \"td-gallery-slide-copywrite\">Foto: Agnes Souza<\/div><\/figcaption>\r\n                        <\/figure>\r\n                    <\/div>\r\n                    <div class = \"td-slide-item td-item4\">\r\n                        <figure class=\"td-slide-galery-figure td-slide-popup-gallery\">\r\n                            <a class=\"slide-gallery-image-link\" href=\"https:\/\/www.cidademarketing.com.br\/marketing\/wp-content\/uploads\/2025\/06\/yazigiaracaju_encontropedagogico_02.webp\" title=\"Pearson e Y\u00e1zigi Aracaju realizam encontro in\u00e9dito para l\u00edderes educacionais com foco em inclus\u00e3o e inova\u00e7\u00e3o\"  data-caption=\"Foto: Agnes Souza\"  data-description=\"\">\r\n                                <img decoding=\"async\" src=\"https:\/\/www.cidademarketing.com.br\/marketing\/wp-content\/uploads\/2025\/06\/yazigiaracaju_encontropedagogico_02-630x420.webp\" srcset=\"https:\/\/www.cidademarketing.com.br\/marketing\/wp-content\/uploads\/2025\/06\/yazigiaracaju_encontropedagogico_02-630x420.webp 630w, https:\/\/www.cidademarketing.com.br\/marketing\/wp-content\/uploads\/2025\/06\/yazigiaracaju_encontropedagogico_02-300x200.webp 300w, https:\/\/www.cidademarketing.com.br\/marketing\/wp-content\/uploads\/2025\/06\/yazigiaracaju_encontropedagogico_02-768x512.webp 768w, https:\/\/www.cidademarketing.com.br\/marketing\/wp-content\/uploads\/2025\/06\/yazigiaracaju_encontropedagogico_02-640x427.webp 640w, https:\/\/www.cidademarketing.com.br\/marketing\/wp-content\/uploads\/2025\/06\/yazigiaracaju_encontropedagogico_02-681x454.webp 681w, https:\/\/www.cidademarketing.com.br\/marketing\/wp-content\/uploads\/2025\/06\/yazigiaracaju_encontropedagogico_02.webp 1000w\" sizes=\"(max-width: 630px) 100vw, 630px\" alt=\"1&ordm; Encontro de Diretores e Coordenadores de Aracaju reuniu especialistas e gestores para discutir desafios da educa&ccedil;&atilde;o contempor&acirc;nea.\">\r\n                            <\/a>\r\n                            <figcaption class = \"td-slide-caption td-gallery-slide-content\"><div class = \"td-gallery-slide-copywrite\">Foto: Agnes Souza<\/div><\/figcaption>\r\n                        <\/figure>\r\n                    <\/div>\r\n                    <div class = \"td-slide-item td-item5\">\r\n                        <figure class=\"td-slide-galery-figure td-slide-popup-gallery\">\r\n                            <a class=\"slide-gallery-image-link\" href=\"https:\/\/www.cidademarketing.com.br\/marketing\/wp-content\/uploads\/2025\/06\/yazigiaracaju_encontropedagogico_03.webp\" title=\"Pearson e Y\u00e1zigi Aracaju realizam encontro in\u00e9dito para l\u00edderes educacionais com foco em inclus\u00e3o e inova\u00e7\u00e3o\"  data-caption=\"Foto: Agnes Souza\"  data-description=\"\">\r\n                                <img decoding=\"async\" src=\"https:\/\/www.cidademarketing.com.br\/marketing\/wp-content\/uploads\/2025\/06\/yazigiaracaju_encontropedagogico_03-630x420.webp\" srcset=\"https:\/\/www.cidademarketing.com.br\/marketing\/wp-content\/uploads\/2025\/06\/yazigiaracaju_encontropedagogico_03-630x420.webp 630w, https:\/\/www.cidademarketing.com.br\/marketing\/wp-content\/uploads\/2025\/06\/yazigiaracaju_encontropedagogico_03-300x200.webp 300w, https:\/\/www.cidademarketing.com.br\/marketing\/wp-content\/uploads\/2025\/06\/yazigiaracaju_encontropedagogico_03-768x512.webp 768w, https:\/\/www.cidademarketing.com.br\/marketing\/wp-content\/uploads\/2025\/06\/yazigiaracaju_encontropedagogico_03-640x427.webp 640w, https:\/\/www.cidademarketing.com.br\/marketing\/wp-content\/uploads\/2025\/06\/yazigiaracaju_encontropedagogico_03-681x454.webp 681w, https:\/\/www.cidademarketing.com.br\/marketing\/wp-content\/uploads\/2025\/06\/yazigiaracaju_encontropedagogico_03.webp 1000w\" sizes=\"(max-width: 630px) 100vw, 630px\" alt=\"1&ordm; Encontro de Diretores e Coordenadores de Aracaju reuniu especialistas e gestores para discutir desafios da educa&ccedil;&atilde;o contempor&acirc;nea.\">\r\n                            <\/a>\r\n                            <figcaption class = \"td-slide-caption td-gallery-slide-content\"><div class = \"td-gallery-slide-copywrite\">Foto: Agnes Souza<\/div><\/figcaption>\r\n                        <\/figure>\r\n                    <\/div>\r\n                    <div class = \"td-slide-item td-item6\">\r\n                        <figure class=\"td-slide-galery-figure td-slide-popup-gallery\">\r\n                            <a class=\"slide-gallery-image-link\" href=\"https:\/\/www.cidademarketing.com.br\/marketing\/wp-content\/uploads\/2025\/06\/yazigiaracaju_encontropedagogico_04.webp\" title=\"Pearson e Y\u00e1zigi Aracaju realizam encontro in\u00e9dito para l\u00edderes educacionais com foco em inclus\u00e3o e inova\u00e7\u00e3o\"  data-caption=\"Foto: Agnes Souza\"  data-description=\"\">\r\n                                <img decoding=\"async\" src=\"https:\/\/www.cidademarketing.com.br\/marketing\/wp-content\/uploads\/2025\/06\/yazigiaracaju_encontropedagogico_04-630x420.webp\" srcset=\"https:\/\/www.cidademarketing.com.br\/marketing\/wp-content\/uploads\/2025\/06\/yazigiaracaju_encontropedagogico_04-630x420.webp 630w, https:\/\/www.cidademarketing.com.br\/marketing\/wp-content\/uploads\/2025\/06\/yazigiaracaju_encontropedagogico_04-300x200.webp 300w, https:\/\/www.cidademarketing.com.br\/marketing\/wp-content\/uploads\/2025\/06\/yazigiaracaju_encontropedagogico_04-768x512.webp 768w, https:\/\/www.cidademarketing.com.br\/marketing\/wp-content\/uploads\/2025\/06\/yazigiaracaju_encontropedagogico_04-640x427.webp 640w, https:\/\/www.cidademarketing.com.br\/marketing\/wp-content\/uploads\/2025\/06\/yazigiaracaju_encontropedagogico_04-681x454.webp 681w, https:\/\/www.cidademarketing.com.br\/marketing\/wp-content\/uploads\/2025\/06\/yazigiaracaju_encontropedagogico_04.webp 1000w\" sizes=\"(max-width: 630px) 100vw, 630px\" alt=\"1&ordm; Encontro de Diretores e Coordenadores de Aracaju reuniu especialistas e gestores para discutir desafios da educa&ccedil;&atilde;o contempor&acirc;nea.\">\r\n                            <\/a>\r\n                            <figcaption class = \"td-slide-caption td-gallery-slide-content\"><div class = \"td-gallery-slide-copywrite\">Foto: Agnes Souza<\/div><\/figcaption>\r\n                        <\/figure>\r\n                    <\/div>\r\n                    <div class = \"td-slide-item td-item7\">\r\n                        <figure class=\"td-slide-galery-figure td-slide-popup-gallery\">\r\n                            <a class=\"slide-gallery-image-link\" href=\"https:\/\/www.cidademarketing.com.br\/marketing\/wp-content\/uploads\/2025\/06\/yazigiaracaju_encontropedagogico_05.webp\" title=\"Pearson e Y\u00e1zigi Aracaju realizam encontro in\u00e9dito para l\u00edderes educacionais com foco em inclus\u00e3o e inova\u00e7\u00e3o\"  data-caption=\"Foto: Agnes Souza\"  data-description=\"\">\r\n                                <img decoding=\"async\" src=\"https:\/\/www.cidademarketing.com.br\/marketing\/wp-content\/uploads\/2025\/06\/yazigiaracaju_encontropedagogico_05-630x420.webp\" srcset=\"https:\/\/www.cidademarketing.com.br\/marketing\/wp-content\/uploads\/2025\/06\/yazigiaracaju_encontropedagogico_05-630x420.webp 630w, https:\/\/www.cidademarketing.com.br\/marketing\/wp-content\/uploads\/2025\/06\/yazigiaracaju_encontropedagogico_05-300x200.webp 300w, https:\/\/www.cidademarketing.com.br\/marketing\/wp-content\/uploads\/2025\/06\/yazigiaracaju_encontropedagogico_05-768x512.webp 768w, https:\/\/www.cidademarketing.com.br\/marketing\/wp-content\/uploads\/2025\/06\/yazigiaracaju_encontropedagogico_05-640x427.webp 640w, https:\/\/www.cidademarketing.com.br\/marketing\/wp-content\/uploads\/2025\/06\/yazigiaracaju_encontropedagogico_05-681x454.webp 681w, https:\/\/www.cidademarketing.com.br\/marketing\/wp-content\/uploads\/2025\/06\/yazigiaracaju_encontropedagogico_05.webp 1000w\" sizes=\"(max-width: 630px) 100vw, 630px\" alt=\"1&ordm; Encontro de Diretores e Coordenadores de Aracaju reuniu especialistas e gestores para discutir desafios da educa&ccedil;&atilde;o contempor&acirc;nea.\">\r\n                            <\/a>\r\n                            <figcaption class = \"td-slide-caption td-gallery-slide-content\"><div class = \"td-gallery-slide-copywrite\">Foto: Agnes Souza<\/div><\/figcaption>\r\n                        <\/figure>\r\n                    <\/div>\r\n                    <div class = \"td-slide-item td-item8\">\r\n                        <figure class=\"td-slide-galery-figure td-slide-popup-gallery\">\r\n                            <a class=\"slide-gallery-image-link\" href=\"https:\/\/www.cidademarketing.com.br\/marketing\/wp-content\/uploads\/2025\/06\/yazigiaracaju_encontropedagogico_06.webp\" title=\"Pearson e Y\u00e1zigi Aracaju realizam encontro in\u00e9dito para l\u00edderes educacionais com foco em inclus\u00e3o e inova\u00e7\u00e3o\"  data-caption=\"Foto: Agnes Souza\"  data-description=\"\">\r\n                                <img decoding=\"async\" src=\"https:\/\/www.cidademarketing.com.br\/marketing\/wp-content\/uploads\/2025\/06\/yazigiaracaju_encontropedagogico_06-630x420.webp\" srcset=\"https:\/\/www.cidademarketing.com.br\/marketing\/wp-content\/uploads\/2025\/06\/yazigiaracaju_encontropedagogico_06-630x420.webp 630w, https:\/\/www.cidademarketing.com.br\/marketing\/wp-content\/uploads\/2025\/06\/yazigiaracaju_encontropedagogico_06-300x200.webp 300w, https:\/\/www.cidademarketing.com.br\/marketing\/wp-content\/uploads\/2025\/06\/yazigiaracaju_encontropedagogico_06-768x512.webp 768w, https:\/\/www.cidademarketing.com.br\/marketing\/wp-content\/uploads\/2025\/06\/yazigiaracaju_encontropedagogico_06-640x427.webp 640w, https:\/\/www.cidademarketing.com.br\/marketing\/wp-content\/uploads\/2025\/06\/yazigiaracaju_encontropedagogico_06-681x454.webp 681w, https:\/\/www.cidademarketing.com.br\/marketing\/wp-content\/uploads\/2025\/06\/yazigiaracaju_encontropedagogico_06.webp 1000w\" sizes=\"(max-width: 630px) 100vw, 630px\" alt=\"1&ordm; Encontro de Diretores e Coordenadores de Aracaju reuniu especialistas e gestores para discutir desafios da educa&ccedil;&atilde;o contempor&acirc;nea.\">\r\n                            <\/a>\r\n                            <figcaption class = \"td-slide-caption td-gallery-slide-content\"><div class = \"td-gallery-slide-copywrite\">Foto: Agnes Souza<\/div><\/figcaption>\r\n                        <\/figure>\r\n                    <\/div>\r\n                    <div class = \"td-slide-item td-item9\">\r\n                        <figure class=\"td-slide-galery-figure td-slide-popup-gallery\">\r\n                            <a class=\"slide-gallery-image-link\" href=\"https:\/\/www.cidademarketing.com.br\/marketing\/wp-content\/uploads\/2025\/06\/yazigiaracaju_encontropedagogico_07.webp\" title=\"Pearson e Y\u00e1zigi Aracaju realizam encontro in\u00e9dito para l\u00edderes educacionais com foco em inclus\u00e3o e inova\u00e7\u00e3o\"  data-caption=\"Foto: Agnes Souza\"  data-description=\"\">\r\n                                <img decoding=\"async\" src=\"https:\/\/www.cidademarketing.com.br\/marketing\/wp-content\/uploads\/2025\/06\/yazigiaracaju_encontropedagogico_07-630x420.webp\" srcset=\"https:\/\/www.cidademarketing.com.br\/marketing\/wp-content\/uploads\/2025\/06\/yazigiaracaju_encontropedagogico_07-630x420.webp 630w, https:\/\/www.cidademarketing.com.br\/marketing\/wp-content\/uploads\/2025\/06\/yazigiaracaju_encontropedagogico_07-300x200.webp 300w, https:\/\/www.cidademarketing.com.br\/marketing\/wp-content\/uploads\/2025\/06\/yazigiaracaju_encontropedagogico_07-768x512.webp 768w, https:\/\/www.cidademarketing.com.br\/marketing\/wp-content\/uploads\/2025\/06\/yazigiaracaju_encontropedagogico_07-640x427.webp 640w, https:\/\/www.cidademarketing.com.br\/marketing\/wp-content\/uploads\/2025\/06\/yazigiaracaju_encontropedagogico_07-681x454.webp 681w, https:\/\/www.cidademarketing.com.br\/marketing\/wp-content\/uploads\/2025\/06\/yazigiaracaju_encontropedagogico_07.webp 1000w\" sizes=\"(max-width: 630px) 100vw, 630px\" alt=\"1&ordm; Encontro de Diretores e Coordenadores de Aracaju reuniu especialistas e gestores para discutir desafios da educa&ccedil;&atilde;o contempor&acirc;nea.\">\r\n                            <\/a>\r\n                            <figcaption class = \"td-slide-caption td-gallery-slide-content\"><div class = \"td-gallery-slide-copywrite\">Foto: Agnes Souza<\/div><\/figcaption>\r\n                        <\/figure>\r\n                    <\/div>\r\n                    <div class = \"td-slide-item td-item10\">\r\n                        <figure class=\"td-slide-galery-figure td-slide-popup-gallery\">\r\n                            <a class=\"slide-gallery-image-link\" href=\"https:\/\/www.cidademarketing.com.br\/marketing\/wp-content\/uploads\/2025\/06\/yazigiaracaju_encontropedagogico_08.webp\" title=\"Pearson e Y\u00e1zigi Aracaju realizam encontro in\u00e9dito para l\u00edderes educacionais com foco em inclus\u00e3o e inova\u00e7\u00e3o\"  data-caption=\"Foto: Agnes Souza\"  data-description=\"\">\r\n                                <img decoding=\"async\" src=\"https:\/\/www.cidademarketing.com.br\/marketing\/wp-content\/uploads\/2025\/06\/yazigiaracaju_encontropedagogico_08-630x420.webp\" srcset=\"https:\/\/www.cidademarketing.com.br\/marketing\/wp-content\/uploads\/2025\/06\/yazigiaracaju_encontropedagogico_08-630x420.webp 630w, https:\/\/www.cidademarketing.com.br\/marketing\/wp-content\/uploads\/2025\/06\/yazigiaracaju_encontropedagogico_08-300x200.webp 300w, https:\/\/www.cidademarketing.com.br\/marketing\/wp-content\/uploads\/2025\/06\/yazigiaracaju_encontropedagogico_08-768x512.webp 768w, https:\/\/www.cidademarketing.com.br\/marketing\/wp-content\/uploads\/2025\/06\/yazigiaracaju_encontropedagogico_08-640x427.webp 640w, https:\/\/www.cidademarketing.com.br\/marketing\/wp-content\/uploads\/2025\/06\/yazigiaracaju_encontropedagogico_08-681x454.webp 681w, https:\/\/www.cidademarketing.com.br\/marketing\/wp-content\/uploads\/2025\/06\/yazigiaracaju_encontropedagogico_08.webp 1000w\" sizes=\"(max-width: 630px) 100vw, 630px\" alt=\"1&ordm; Encontro de Diretores e Coordenadores de Aracaju reuniu especialistas e gestores para discutir desafios da educa&ccedil;&atilde;o contempor&acirc;nea.\">\r\n                            <\/a>\r\n                            <figcaption class = \"td-slide-caption td-gallery-slide-content\"><div class = \"td-gallery-slide-copywrite\">Foto: Agnes Souza<\/div><\/figcaption>\r\n                        <\/figure>\r\n                    <\/div>\r\n                    <div class = \"td-slide-item td-item11\">\r\n                        <figure class=\"td-slide-galery-figure td-slide-popup-gallery\">\r\n                            <a class=\"slide-gallery-image-link\" href=\"https:\/\/www.cidademarketing.com.br\/marketing\/wp-content\/uploads\/2025\/06\/yazigiaracaju_encontropedagogico_09.webp\" title=\"Pearson e Y\u00e1zigi Aracaju realizam encontro in\u00e9dito para l\u00edderes educacionais com foco em inclus\u00e3o e inova\u00e7\u00e3o\"  data-caption=\"Foto: Agnes Souza\"  data-description=\"\">\r\n                                <img decoding=\"async\" src=\"https:\/\/www.cidademarketing.com.br\/marketing\/wp-content\/uploads\/2025\/06\/yazigiaracaju_encontropedagogico_09-630x420.webp\" srcset=\"https:\/\/www.cidademarketing.com.br\/marketing\/wp-content\/uploads\/2025\/06\/yazigiaracaju_encontropedagogico_09-630x420.webp 630w, https:\/\/www.cidademarketing.com.br\/marketing\/wp-content\/uploads\/2025\/06\/yazigiaracaju_encontropedagogico_09-300x200.webp 300w, https:\/\/www.cidademarketing.com.br\/marketing\/wp-content\/uploads\/2025\/06\/yazigiaracaju_encontropedagogico_09-768x512.webp 768w, https:\/\/www.cidademarketing.com.br\/marketing\/wp-content\/uploads\/2025\/06\/yazigiaracaju_encontropedagogico_09-640x427.webp 640w, https:\/\/www.cidademarketing.com.br\/marketing\/wp-content\/uploads\/2025\/06\/yazigiaracaju_encontropedagogico_09-681x454.webp 681w, https:\/\/www.cidademarketing.com.br\/marketing\/wp-content\/uploads\/2025\/06\/yazigiaracaju_encontropedagogico_09.webp 1000w\" sizes=\"(max-width: 630px) 100vw, 630px\" alt=\"1&ordm; Encontro de Diretores e Coordenadores de Aracaju reuniu especialistas e gestores para discutir desafios da educa&ccedil;&atilde;o contempor&acirc;nea.\">\r\n                            <\/a>\r\n                            <figcaption class = \"td-slide-caption td-gallery-slide-content\"><div class = \"td-gallery-slide-copywrite\">Foto: Agnes Souza<\/div><\/figcaption>\r\n                        <\/figure>\r\n                    <\/div>\r\n                    <div class = \"td-slide-item td-item12\">\r\n                        <figure class=\"td-slide-galery-figure td-slide-popup-gallery\">\r\n                            <a class=\"slide-gallery-image-link\" href=\"https:\/\/www.cidademarketing.com.br\/marketing\/wp-content\/uploads\/2025\/06\/yazigiaracaju_encontropedagogico_10.webp\" title=\"Pearson e Y\u00e1zigi Aracaju realizam encontro in\u00e9dito para l\u00edderes educacionais com foco em inclus\u00e3o e inova\u00e7\u00e3o\"  data-caption=\"Foto: Agnes Souza\"  data-description=\"\">\r\n                                <img decoding=\"async\" src=\"https:\/\/www.cidademarketing.com.br\/marketing\/wp-content\/uploads\/2025\/06\/yazigiaracaju_encontropedagogico_10-630x420.webp\" srcset=\"https:\/\/www.cidademarketing.com.br\/marketing\/wp-content\/uploads\/2025\/06\/yazigiaracaju_encontropedagogico_10-630x420.webp 630w, https:\/\/www.cidademarketing.com.br\/marketing\/wp-content\/uploads\/2025\/06\/yazigiaracaju_encontropedagogico_10-300x200.webp 300w, https:\/\/www.cidademarketing.com.br\/marketing\/wp-content\/uploads\/2025\/06\/yazigiaracaju_encontropedagogico_10-768x512.webp 768w, https:\/\/www.cidademarketing.com.br\/marketing\/wp-content\/uploads\/2025\/06\/yazigiaracaju_encontropedagogico_10-640x427.webp 640w, https:\/\/www.cidademarketing.com.br\/marketing\/wp-content\/uploads\/2025\/06\/yazigiaracaju_encontropedagogico_10-681x454.webp 681w, https:\/\/www.cidademarketing.com.br\/marketing\/wp-content\/uploads\/2025\/06\/yazigiaracaju_encontropedagogico_10.webp 1000w\" sizes=\"(max-width: 630px) 100vw, 630px\" alt=\"1&ordm; Encontro de Diretores e Coordenadores de Aracaju reuniu especialistas e gestores para discutir desafios da educa&ccedil;&atilde;o contempor&acirc;nea.\">\r\n                            <\/a>\r\n                            <figcaption class = \"td-slide-caption td-gallery-slide-content\"><div class = \"td-gallery-slide-copywrite\">Foto: Agnes Souza<\/div><\/figcaption>\r\n                        <\/figure>\r\n                    <\/div>\r\n                            <\/div>\r\n                        <\/div>\r\n\r\n                        <div class = \"td-doubleSlider-2\">\r\n                            <div class = \"td-slider\">\r\n                                \r\n                    <div class = \"td-button td-item1\">\r\n                        <div class = \"td-border\"><\/div>\r\n                    <\/div>\r\n                    <div class = \"td-button td-item2\">\r\n                        <div class = \"td-border\"><\/div>\r\n                    <\/div>\r\n                    <div class = \"td-button td-item3\">\r\n                        <div class = \"td-border\"><\/div>\r\n                    <\/div>\r\n                    <div class = \"td-button td-item4\">\r\n                        <div class = \"td-border\"><\/div>\r\n                    <\/div>\r\n                    <div class = \"td-button td-item5\">\r\n                        <div class = \"td-border\"><\/div>\r\n                    <\/div>\r\n                    <div class = \"td-button td-item6\">\r\n                        <div class = \"td-border\"><\/div>\r\n                    <\/div>\r\n                    <div class = \"td-button td-item7\">\r\n                        <div class = \"td-border\"><\/div>\r\n                    <\/div>\r\n                    <div class = \"td-button td-item8\">\r\n                        <div class = \"td-border\"><\/div>\r\n                    <\/div>\r\n                    <div class = \"td-button td-item9\">\r\n                        <div class = \"td-border\"><\/div>\r\n                    <\/div>\r\n                    <div class = \"td-button td-item10\">\r\n                        <div class = \"td-border\"><\/div>\r\n                    <\/div>\r\n                    <div class = \"td-button td-item11\">\r\n                        <div class = \"td-border\"><\/div>\r\n                    <\/div>\r\n                    <div class = \"td-button td-item12\">\r\n                        <div class = \"td-border\"><\/div>\r\n                    <\/div>\r\n                            <\/div>\r\n                        <\/div>\r\n\r\n                    <\/div>\r\n\r\n                <\/div>\r\n                \n<p><strong>Educa\u00e7\u00e3o transformadora e lideran\u00e7a inspiradora<\/strong><br \/>\nCom o audit\u00f3rio lotado, o encontro destacou o papel essencial da lideran\u00e7a na constru\u00e7\u00e3o de escolas mais humanas, inclusivas e eficazes. A programa\u00e7\u00e3o foi cuidadosamente elaborada para oferecer solu\u00e7\u00f5es pr\u00e1ticas, insights valiosos e conex\u00f5es significativas entre os participantes.<br \/>\nO grande momento da noite foi a palestra \u201cMediatiza\u00e7\u00e3o como ferramenta de inclus\u00e3o: Estrat\u00e9gias comunicativas para contextos com alunos neurodivergentes\u201d, ministrada por duas grandes refer\u00eancias da educa\u00e7\u00e3o:<\/p>\n<p>\u2022 Claudia Mariano \u2013 Consultora pedag\u00f3gica da Pearson, com ampla experi\u00eancia na forma\u00e7\u00e3o de professores e na implementa\u00e7\u00e3o de pr\u00e1ticas educacionais inovadoras. Em sua fala, Claudia trouxe uma vis\u00e3o pr\u00e1tica e atualizada sobre como promover a inclus\u00e3o e a excel\u00eancia de forma integrada nas escolas.<br \/>\n\u2022 Ana Rita Neiva \u2013 Psic\u00f3loga, pedagoga e especialista em inclus\u00e3o escolar. Ana compartilhou experi\u00eancias e estrat\u00e9gias eficazes para tornar o ambiente escolar mais acolhedor, seguro e acess\u00edvel para todos os alunos, especialmente os neurodivergentes.<\/p>\n<p><strong>Um novo cap\u00edtulo para a educa\u00e7\u00e3o de Aracaju<\/strong><br \/>\nO sucesso do evento refor\u00e7a o compromisso do Y\u00e1zigi Aracaju \u2014 unidade refer\u00eancia nacional no ensino de idiomas \u2014 com a educa\u00e7\u00e3o transformadora e com a valoriza\u00e7\u00e3o dos profissionais que fazem a diferen\u00e7a no cotidiano escolar.<br \/>\n\u201cEste evento n\u00e3o foi apenas um encontro, foi um marco. Sa\u00edmos fortalecidos, inspirados e ainda mais comprometidos com uma educa\u00e7\u00e3o que acolhe, inova e transforma vidas\u201d, destacou Antelmo Almeida, diretor do Y\u00e1zigi Aracaju.<\/p>\n<p><strong>Compromisso com o futuro<\/strong><br \/>\nA parceria entre Pearson e Y\u00e1zigi Aracaju demonstra que investir na forma\u00e7\u00e3o de l\u00edderes educacionais \u00e9 fundamental para o avan\u00e7o da educa\u00e7\u00e3o brasileira. O 1\u00ba Encontro de Diretores e Coordenadores de Aracaju abre espa\u00e7o para novas iniciativas, consolidando a cidade como polo de refer\u00eancia em pr\u00e1ticas pedag\u00f3gicas inclusivas e inovadoras.<\/p>\n<p><img decoding=\"async\" class=\"alignnone size-medium wp-image-50666\" src=\"https:\/\/www.cidademarketing.com.br\/marketing\/wp-content\/uploads\/2024\/04\/marca_yazigi_-300x158.webp\" alt=\"A escola Y\u00e1zigi possui cursos para crian\u00e7as, adolescentes e adultos.\" width=\"300\" height=\"158\" srcset=\"https:\/\/www.cidademarketing.com.br\/marketing\/wp-content\/uploads\/2024\/04\/marca_yazigi_-300x158.webp 300w, https:\/\/www.cidademarketing.com.br\/marketing\/wp-content\/uploads\/2024\/04\/marca_yazigi_-1024x538.webp 1024w, https:\/\/www.cidademarketing.com.br\/marketing\/wp-content\/uploads\/2024\/04\/marca_yazigi_-768x403.webp 768w, https:\/\/www.cidademarketing.com.br\/marketing\/wp-content\/uploads\/2024\/04\/marca_yazigi_-800x420.webp 800w, https:\/\/www.cidademarketing.com.br\/marketing\/wp-content\/uploads\/2024\/04\/marca_yazigi_-640x336.webp 640w, https:\/\/www.cidademarketing.com.br\/marketing\/wp-content\/uploads\/2024\/04\/marca_yazigi_-681x358.webp 681w, https:\/\/www.cidademarketing.com.br\/marketing\/wp-content\/uploads\/2024\/04\/marca_yazigi_.webp 1200w\" sizes=\"(max-width: 300px) 100vw, 300px\" \/><\/p>\n<p><strong>Y\u00e1zigi Aracaju<\/strong><br \/>\nO Y\u00e1zigi Aracaju \u00e9 uma refer\u00eancia da franquia Y\u00e1zigi no Brasil chancelada pelo Pearson Education, destacando-se por formar profissionais renomados tanto no Brasil quanto no exterior no ensino dos idiomas ingl\u00eas e espanhol. Com um foco primordial na conversa\u00e7\u00e3o e flu\u00eancia, adota uma metodologia de ensino de alta qualidade, proporcionando programas com certifica\u00e7\u00f5es alinhadas aos padr\u00f5es internacionais de profici\u00eancia lingu\u00edstica. Al\u00e9m disso, a escola oferece materiais did\u00e1ticos pr\u00f3prios, desenvolvidos por especialistas, garantindo um aprendizado eficaz e din\u00e2mico. Localizada na Rua Celso Oliva, 497, no bairro 13 de Julho em Aracaju\/SE, a escola Y\u00e1zigi Aracaju conta com uma equipe pedag\u00f3gica altamente qualificada e com experi\u00eancia internacional, colocando sempre o aluno como protagonista do processo de ensino-aprendizagem. Com um amplo espa\u00e7o f\u00edsico, composto por 26 salas climatizadas, teatro, quadra esportiva, audit\u00f3rio, salas de estudos e espa\u00e7os exclusivos para crian\u00e7as, como cozinha infantil e ambiente com jogos, al\u00e9m de uma galeria de arte para promover a imers\u00e3o cultural e social da comunidade. Al\u00e9m disso, a escola conta com um departamento exclusivo para interc\u00e2mbio cultural, o Y\u00e1zigi Travel. Para mais informa\u00e7\u00f5es acesse <a href=\"https:\/\/www.yazigi.com.br\/aracaju\" target=\"_blank\" rel=\"noopener\">https:\/\/www.yazigi.com.br\/aracaju<\/a> ou entre em contato pelo 79 3216-6060 \/ 79 99156-1905 \/ 79 998786978<\/p>\n","protected":false},"excerpt":{"rendered":"<p>Na \u00faltima quinta-feira, 29 de maio, o audit\u00f3rio do Y\u00e1zigi Aracaju foi palco de um marco para a educa\u00e7\u00e3o sergipana. A Pearson \u2014 maior empresa de educa\u00e7\u00e3o do mundo \u2014, em parceria com o Y\u00e1zigi Aracaju, promoveu o 1\u00ba Encontro de Diretores e Coordenadores de Aracaju &#8211; Vozes que Lideram, reunindo profissionais da educa\u00e7\u00e3o para [&hellip;]<\/p>\n","protected":false},"author":1,"featured_media":56547,"comment_status":"open","ping_status":"open","sticky":false,"template":"","format":"standard","meta":{"tdm_status":"","tdm_grid_status":"","footnotes":""},"categories":[6],"tags":[3782,9418,100,9417,6852,6851,4563,293,9061,171,4562,6984,6850],"class_list":{"0":"post-56539","1":"post","2":"type-post","3":"status-publish","4":"format-standard","5":"has-post-thumbnail","6":"hentry","7":"category-noticias","8":"tag-aracaju","9":"tag-coordenadores-pedagogicos","10":"tag-educacao","11":"tag-encontro","13":"tag-idiomas","14":"tag-ingles","15":"tag-inovacao","16":"tag-neurodivergentes","17":"tag-palestra","18":"tag-pearson","19":"tag-pedagogico","20":"tag-yazigi-aracaju"},"yoast_head":"<!-- This site is optimized with the Yoast SEO plugin v27.5 - https:\/\/yoast.com\/product\/yoast-seo-wordpress\/ -->\n<title>Pearson e Y\u00e1zigi Aracaju realizam encontro in\u00e9dito para l\u00edderes educacionais com foco em inclus\u00e3o e inova\u00e7\u00e3o - CidadeMarketing<\/title>\n<meta name=\"robots\" content=\"index, follow, max-snippet:-1, max-image-preview:large, max-video-preview:-1\" \/>\n<link rel=\"canonical\" href=\"https:\/\/www.cidademarketing.com.br\/marketing\/2025\/06\/03\/pearson-e-yazigi-aracaju-realizam-encontro-inedito-para-lideres-educacionais-com-foco-em-inclusao-e-inovacao\/\" \/>\n<meta property=\"og:locale\" content=\"pt_BR\" \/>\n<meta property=\"og:type\" content=\"article\" \/>\n<meta property=\"og:title\" content=\"Pearson e Y\u00e1zigi Aracaju realizam encontro in\u00e9dito para l\u00edderes educacionais com foco em inclus\u00e3o e inova\u00e7\u00e3o - CidadeMarketing\" \/>\n<meta property=\"og:description\" content=\"Na \u00faltima quinta-feira, 29 de maio, o audit\u00f3rio do Y\u00e1zigi Aracaju foi palco de um marco para a educa\u00e7\u00e3o sergipana. A Pearson \u2014 maior empresa de educa\u00e7\u00e3o do mundo \u2014, em parceria com o Y\u00e1zigi Aracaju, promoveu o 1\u00ba Encontro de Diretores e Coordenadores de Aracaju &#8211; Vozes que Lideram, reunindo profissionais da educa\u00e7\u00e3o para [&hellip;]\" \/>\n<meta property=\"og:url\" content=\"https:\/\/www.cidademarketing.com.br\/marketing\/2025\/06\/03\/pearson-e-yazigi-aracaju-realizam-encontro-inedito-para-lideres-educacionais-com-foco-em-inclusao-e-inovacao\/\" \/>\n<meta property=\"og:site_name\" content=\"CidadeMarketing\" \/>\n<meta property=\"article:publisher\" content=\"https:\/\/www.facebook.com\/portalcidademarketing\" \/>\n<meta property=\"article:author\" content=\"https:\/\/www.facebook.com\/thalesbrandao\" \/>\n<meta property=\"article:published_time\" content=\"2025-06-03T16:17:16+00:00\" \/>\n<meta property=\"og:image\" content=\"https:\/\/www.cidademarketing.com.br\/marketing\/wp-content\/uploads\/2025\/06\/yazigiaracaju_encontropedagogico_06.webp\" \/>\n\t<meta property=\"og:image:width\" content=\"1000\" \/>\n\t<meta property=\"og:image:height\" content=\"667\" \/>\n\t<meta property=\"og:image:type\" content=\"image\/webp\" \/>\n<meta name=\"author\" content=\"Thales Brand\u00e3o\" \/>\n<meta name=\"twitter:card\" content=\"summary_large_image\" \/>\n<meta name=\"twitter:creator\" content=\"@http:\/\/www.twitter.com\/thalesbrandao\" \/>\n<meta name=\"twitter:site\" content=\"@CidadeMarketing\" \/>\n<meta name=\"twitter:label1\" content=\"Escrito por\" \/>\n\t<meta name=\"twitter:data1\" content=\"Thales Brand\u00e3o\" \/>\n\t<meta name=\"twitter:label2\" content=\"Est. tempo de leitura\" \/>\n\t<meta name=\"twitter:data2\" content=\"3 minutos\" \/>\n<script type=\"application\/ld+json\" class=\"yoast-schema-graph\">{\"@context\":\"https:\\\/\\\/schema.org\",\"@graph\":[{\"@type\":\"Article\",\"@id\":\"https:\\\/\\\/www.cidademarketing.com.br\\\/marketing\\\/2025\\\/06\\\/03\\\/pearson-e-yazigi-aracaju-realizam-encontro-inedito-para-lideres-educacionais-com-foco-em-inclusao-e-inovacao\\\/#article\",\"isPartOf\":{\"@id\":\"https:\\\/\\\/www.cidademarketing.com.br\\\/marketing\\\/2025\\\/06\\\/03\\\/pearson-e-yazigi-aracaju-realizam-encontro-inedito-para-lideres-educacionais-com-foco-em-inclusao-e-inovacao\\\/\"},\"author\":{\"name\":\"Thales Brand\u00e3o\",\"@id\":\"https:\\\/\\\/www.cidademarketing.com.br\\\/marketing\\\/#\\\/schema\\\/person\\\/02daff9f18bd9378c9e01eb6b2db155f\"},\"headline\":\"Pearson e Y\u00e1zigi Aracaju realizam encontro in\u00e9dito para l\u00edderes educacionais com foco em inclus\u00e3o e inova\u00e7\u00e3o\",\"datePublished\":\"2025-06-03T16:17:16+00:00\",\"mainEntityOfPage\":{\"@id\":\"https:\\\/\\\/www.cidademarketing.com.br\\\/marketing\\\/2025\\\/06\\\/03\\\/pearson-e-yazigi-aracaju-realizam-encontro-inedito-para-lideres-educacionais-com-foco-em-inclusao-e-inovacao\\\/\"},\"wordCount\":686,\"commentCount\":0,\"publisher\":{\"@id\":\"https:\\\/\\\/www.cidademarketing.com.br\\\/marketing\\\/#organization\"},\"image\":{\"@id\":\"https:\\\/\\\/www.cidademarketing.com.br\\\/marketing\\\/2025\\\/06\\\/03\\\/pearson-e-yazigi-aracaju-realizam-encontro-inedito-para-lideres-educacionais-com-foco-em-inclusao-e-inovacao\\\/#primaryimage\"},\"thumbnailUrl\":\"https:\\\/\\\/www.cidademarketing.com.br\\\/marketing\\\/wp-content\\\/uploads\\\/2025\\\/06\\\/yazigiaracaju_encontropedagogico_06.webp\",\"keywords\":[\"Aracaju\",\"coordenadores pedag\u00f3gicos\",\"educa\u00e7\u00e3o\",\"encontro\",\"espanhol\",\"idiomas\",\"ingl\u00eas\",\"inova\u00e7\u00e3o\",\"neurodivergentes\",\"palestra\",\"Pearson\",\"pedag\u00f3gico\",\"Y\u00e1zigi Aracaju\"],\"articleSection\":[\"Not\u00edcias\"],\"inLanguage\":\"pt-BR\",\"potentialAction\":[{\"@type\":\"CommentAction\",\"name\":\"Comment\",\"target\":[\"https:\\\/\\\/www.cidademarketing.com.br\\\/marketing\\\/2025\\\/06\\\/03\\\/pearson-e-yazigi-aracaju-realizam-encontro-inedito-para-lideres-educacionais-com-foco-em-inclusao-e-inovacao\\\/#respond\"]}]},{\"@type\":\"WebPage\",\"@id\":\"https:\\\/\\\/www.cidademarketing.com.br\\\/marketing\\\/2025\\\/06\\\/03\\\/pearson-e-yazigi-aracaju-realizam-encontro-inedito-para-lideres-educacionais-com-foco-em-inclusao-e-inovacao\\\/\",\"url\":\"https:\\\/\\\/www.cidademarketing.com.br\\\/marketing\\\/2025\\\/06\\\/03\\\/pearson-e-yazigi-aracaju-realizam-encontro-inedito-para-lideres-educacionais-com-foco-em-inclusao-e-inovacao\\\/\",\"name\":\"Pearson e Y\u00e1zigi Aracaju realizam encontro in\u00e9dito para l\u00edderes educacionais com foco em inclus\u00e3o e inova\u00e7\u00e3o - CidadeMarketing\",\"isPartOf\":{\"@id\":\"https:\\\/\\\/www.cidademarketing.com.br\\\/marketing\\\/#website\"},\"primaryImageOfPage\":{\"@id\":\"https:\\\/\\\/www.cidademarketing.com.br\\\/marketing\\\/2025\\\/06\\\/03\\\/pearson-e-yazigi-aracaju-realizam-encontro-inedito-para-lideres-educacionais-com-foco-em-inclusao-e-inovacao\\\/#primaryimage\"},\"image\":{\"@id\":\"https:\\\/\\\/www.cidademarketing.com.br\\\/marketing\\\/2025\\\/06\\\/03\\\/pearson-e-yazigi-aracaju-realizam-encontro-inedito-para-lideres-educacionais-com-foco-em-inclusao-e-inovacao\\\/#primaryimage\"},\"thumbnailUrl\":\"https:\\\/\\\/www.cidademarketing.com.br\\\/marketing\\\/wp-content\\\/uploads\\\/2025\\\/06\\\/yazigiaracaju_encontropedagogico_06.webp\",\"datePublished\":\"2025-06-03T16:17:16+00:00\",\"breadcrumb\":{\"@id\":\"https:\\\/\\\/www.cidademarketing.com.br\\\/marketing\\\/2025\\\/06\\\/03\\\/pearson-e-yazigi-aracaju-realizam-encontro-inedito-para-lideres-educacionais-com-foco-em-inclusao-e-inovacao\\\/#breadcrumb\"},\"inLanguage\":\"pt-BR\",\"potentialAction\":[{\"@type\":\"ReadAction\",\"target\":[\"https:\\\/\\\/www.cidademarketing.com.br\\\/marketing\\\/2025\\\/06\\\/03\\\/pearson-e-yazigi-aracaju-realizam-encontro-inedito-para-lideres-educacionais-com-foco-em-inclusao-e-inovacao\\\/\"]}]},{\"@type\":\"ImageObject\",\"inLanguage\":\"pt-BR\",\"@id\":\"https:\\\/\\\/www.cidademarketing.com.br\\\/marketing\\\/2025\\\/06\\\/03\\\/pearson-e-yazigi-aracaju-realizam-encontro-inedito-para-lideres-educacionais-com-foco-em-inclusao-e-inovacao\\\/#primaryimage\",\"url\":\"https:\\\/\\\/www.cidademarketing.com.br\\\/marketing\\\/wp-content\\\/uploads\\\/2025\\\/06\\\/yazigiaracaju_encontropedagogico_06.webp\",\"contentUrl\":\"https:\\\/\\\/www.cidademarketing.com.br\\\/marketing\\\/wp-content\\\/uploads\\\/2025\\\/06\\\/yazigiaracaju_encontropedagogico_06.webp\",\"width\":1000,\"height\":667,\"caption\":\"Foto: Agnes Souza\"},{\"@type\":\"BreadcrumbList\",\"@id\":\"https:\\\/\\\/www.cidademarketing.com.br\\\/marketing\\\/2025\\\/06\\\/03\\\/pearson-e-yazigi-aracaju-realizam-encontro-inedito-para-lideres-educacionais-com-foco-em-inclusao-e-inovacao\\\/#breadcrumb\",\"itemListElement\":[{\"@type\":\"ListItem\",\"position\":1,\"name\":\"In\u00edcio\",\"item\":\"https:\\\/\\\/www.cidademarketing.com.br\\\/marketing\\\/\"},{\"@type\":\"ListItem\",\"position\":2,\"name\":\"Pearson e Y\u00e1zigi Aracaju realizam encontro in\u00e9dito para l\u00edderes educacionais com foco em inclus\u00e3o e inova\u00e7\u00e3o\"}]},{\"@type\":\"WebSite\",\"@id\":\"https:\\\/\\\/www.cidademarketing.com.br\\\/marketing\\\/#website\",\"url\":\"https:\\\/\\\/www.cidademarketing.com.br\\\/marketing\\\/\",\"name\":\"CidadeMarketing\",\"description\":\"Somos um ve\u00edculo de comunica\u00e7\u00e3o de destaque no Brasil, reconhecido por conte\u00fados nos segmentos de marketing, empreendedorismo e inova\u00e7\u00e3o.\",\"publisher\":{\"@id\":\"https:\\\/\\\/www.cidademarketing.com.br\\\/marketing\\\/#organization\"},\"alternateName\":\"CidadeMarketing\",\"potentialAction\":[{\"@type\":\"SearchAction\",\"target\":{\"@type\":\"EntryPoint\",\"urlTemplate\":\"https:\\\/\\\/www.cidademarketing.com.br\\\/marketing\\\/?s={search_term_string}\"},\"query-input\":{\"@type\":\"PropertyValueSpecification\",\"valueRequired\":true,\"valueName\":\"search_term_string\"}}],\"inLanguage\":\"pt-BR\"},{\"@type\":\"Organization\",\"@id\":\"https:\\\/\\\/www.cidademarketing.com.br\\\/marketing\\\/#organization\",\"name\":\"CidadeMarketing\",\"alternateName\":\"CidadeMarketing\",\"url\":\"https:\\\/\\\/www.cidademarketing.com.br\\\/marketing\\\/\",\"logo\":{\"@type\":\"ImageObject\",\"inLanguage\":\"pt-BR\",\"@id\":\"https:\\\/\\\/www.cidademarketing.com.br\\\/marketing\\\/#\\\/schema\\\/logo\\\/image\\\/\",\"url\":\"https:\\\/\\\/www.cidademarketing.com.br\\\/marketing\\\/wp-content\\\/uploads\\\/2020\\\/01\\\/cidademarketing_marca_mobile.png\",\"contentUrl\":\"https:\\\/\\\/www.cidademarketing.com.br\\\/marketing\\\/wp-content\\\/uploads\\\/2020\\\/01\\\/cidademarketing_marca_mobile.png\",\"width\":230,\"height\":92,\"caption\":\"CidadeMarketing\"},\"image\":{\"@id\":\"https:\\\/\\\/www.cidademarketing.com.br\\\/marketing\\\/#\\\/schema\\\/logo\\\/image\\\/\"},\"sameAs\":[\"https:\\\/\\\/www.facebook.com\\\/portalcidademarketing\",\"https:\\\/\\\/x.com\\\/CidadeMarketing\",\"https:\\\/\\\/www.instagram.com\\\/cidademarketing\\\/\"]},{\"@type\":\"Person\",\"@id\":\"https:\\\/\\\/www.cidademarketing.com.br\\\/marketing\\\/#\\\/schema\\\/person\\\/02daff9f18bd9378c9e01eb6b2db155f\",\"name\":\"Thales Brand\u00e3o\",\"image\":{\"@type\":\"ImageObject\",\"inLanguage\":\"pt-BR\",\"@id\":\"https:\\\/\\\/secure.gravatar.com\\\/avatar\\\/7ca3206950207cc3cb48feec56a8a7898741ab725c368d99d5d7a5a50aab80c6?s=96&d=mm&r=g\",\"url\":\"https:\\\/\\\/secure.gravatar.com\\\/avatar\\\/7ca3206950207cc3cb48feec56a8a7898741ab725c368d99d5d7a5a50aab80c6?s=96&d=mm&r=g\",\"contentUrl\":\"https:\\\/\\\/secure.gravatar.com\\\/avatar\\\/7ca3206950207cc3cb48feec56a8a7898741ab725c368d99d5d7a5a50aab80c6?s=96&d=mm&r=g\",\"caption\":\"Thales Brand\u00e3o\"},\"description\":\"Editor Executivo do Portal CidadeMarketing.com.br &gt; Mestre em Comunica\u00e7\u00e3o e Sociedade pela Universidade Federal de Sergipe. Possui MBA Executivo em Administra\u00e7\u00e3o com \u00eanfase em Marketing pela Funda\u00e7\u00e3o Get\u00falio Vargas - Rio de Janeiro. Consultor, Palestrante e Pesquisador sobre Empreendedorismo, Marketing, Redes Sociais e Neg\u00f3cios Digitais. Professor, Palestrante TedxTalks e Campus Party. Twitter: @ThalesBrandao\",\"sameAs\":[\"http:\\\/\\\/www.mandacaru.com.br\",\"https:\\\/\\\/www.facebook.com\\\/thalesbrandao\",\"http:\\\/\\\/www.instagram.com.br\\\/thalesbrandaoferreira\",\"https:\\\/\\\/www.linkedin.com\\\/in\\\/thales-brand\u00e3o-3948609\\\/\",\"https:\\\/\\\/x.com\\\/http:\\\/\\\/www.twitter.com\\\/thalesbrandao\"],\"url\":\"https:\\\/\\\/www.cidademarketing.com.br\\\/marketing\\\/author\\\/thalesbrandao\\\/\"}]}<\/script>\n<!-- \/ Yoast SEO plugin. -->","yoast_head_json":{"title":"Pearson e Y\u00e1zigi Aracaju realizam encontro in\u00e9dito para l\u00edderes educacionais com foco em inclus\u00e3o e inova\u00e7\u00e3o - CidadeMarketing","robots":{"index":"index","follow":"follow","max-snippet":"max-snippet:-1","max-image-preview":"max-image-preview:large","max-video-preview":"max-video-preview:-1"},"canonical":"https:\/\/www.cidademarketing.com.br\/marketing\/2025\/06\/03\/pearson-e-yazigi-aracaju-realizam-encontro-inedito-para-lideres-educacionais-com-foco-em-inclusao-e-inovacao\/","og_locale":"pt_BR","og_type":"article","og_title":"Pearson e Y\u00e1zigi Aracaju realizam encontro in\u00e9dito para l\u00edderes educacionais com foco em inclus\u00e3o e inova\u00e7\u00e3o - CidadeMarketing","og_description":"Na \u00faltima quinta-feira, 29 de maio, o audit\u00f3rio do Y\u00e1zigi Aracaju foi palco de um marco para a educa\u00e7\u00e3o sergipana. A Pearson \u2014 maior empresa de educa\u00e7\u00e3o do mundo \u2014, em parceria com o Y\u00e1zigi Aracaju, promoveu o 1\u00ba Encontro de Diretores e Coordenadores de Aracaju &#8211; Vozes que Lideram, reunindo profissionais da educa\u00e7\u00e3o para [&hellip;]","og_url":"https:\/\/www.cidademarketing.com.br\/marketing\/2025\/06\/03\/pearson-e-yazigi-aracaju-realizam-encontro-inedito-para-lideres-educacionais-com-foco-em-inclusao-e-inovacao\/","og_site_name":"CidadeMarketing","article_publisher":"https:\/\/www.facebook.com\/portalcidademarketing","article_author":"https:\/\/www.facebook.com\/thalesbrandao","article_published_time":"2025-06-03T16:17:16+00:00","og_image":[{"width":1000,"height":667,"url":"https:\/\/www.cidademarketing.com.br\/marketing\/wp-content\/uploads\/2025\/06\/yazigiaracaju_encontropedagogico_06.webp","type":"image\/webp"}],"author":"Thales Brand\u00e3o","twitter_card":"summary_large_image","twitter_creator":"@http:\/\/www.twitter.com\/thalesbrandao","twitter_site":"@CidadeMarketing","twitter_misc":{"Escrito por":"Thales Brand\u00e3o","Est. tempo de leitura":"3 minutos"},"schema":{"@context":"https:\/\/schema.org","@graph":[{"@type":"Article","@id":"https:\/\/www.cidademarketing.com.br\/marketing\/2025\/06\/03\/pearson-e-yazigi-aracaju-realizam-encontro-inedito-para-lideres-educacionais-com-foco-em-inclusao-e-inovacao\/#article","isPartOf":{"@id":"https:\/\/www.cidademarketing.com.br\/marketing\/2025\/06\/03\/pearson-e-yazigi-aracaju-realizam-encontro-inedito-para-lideres-educacionais-com-foco-em-inclusao-e-inovacao\/"},"author":{"name":"Thales Brand\u00e3o","@id":"https:\/\/www.cidademarketing.com.br\/marketing\/#\/schema\/person\/02daff9f18bd9378c9e01eb6b2db155f"},"headline":"Pearson e Y\u00e1zigi Aracaju realizam encontro in\u00e9dito para l\u00edderes educacionais com foco em inclus\u00e3o e inova\u00e7\u00e3o","datePublished":"2025-06-03T16:17:16+00:00","mainEntityOfPage":{"@id":"https:\/\/www.cidademarketing.com.br\/marketing\/2025\/06\/03\/pearson-e-yazigi-aracaju-realizam-encontro-inedito-para-lideres-educacionais-com-foco-em-inclusao-e-inovacao\/"},"wordCount":686,"commentCount":0,"publisher":{"@id":"https:\/\/www.cidademarketing.com.br\/marketing\/#organization"},"image":{"@id":"https:\/\/www.cidademarketing.com.br\/marketing\/2025\/06\/03\/pearson-e-yazigi-aracaju-realizam-encontro-inedito-para-lideres-educacionais-com-foco-em-inclusao-e-inovacao\/#primaryimage"},"thumbnailUrl":"https:\/\/www.cidademarketing.com.br\/marketing\/wp-content\/uploads\/2025\/06\/yazigiaracaju_encontropedagogico_06.webp","keywords":["Aracaju","coordenadores pedag\u00f3gicos","educa\u00e7\u00e3o","encontro","espanhol","idiomas","ingl\u00eas","inova\u00e7\u00e3o","neurodivergentes","palestra","Pearson","pedag\u00f3gico","Y\u00e1zigi Aracaju"],"articleSection":["Not\u00edcias"],"inLanguage":"pt-BR","potentialAction":[{"@type":"CommentAction","name":"Comment","target":["https:\/\/www.cidademarketing.com.br\/marketing\/2025\/06\/03\/pearson-e-yazigi-aracaju-realizam-encontro-inedito-para-lideres-educacionais-com-foco-em-inclusao-e-inovacao\/#respond"]}]},{"@type":"WebPage","@id":"https:\/\/www.cidademarketing.com.br\/marketing\/2025\/06\/03\/pearson-e-yazigi-aracaju-realizam-encontro-inedito-para-lideres-educacionais-com-foco-em-inclusao-e-inovacao\/","url":"https:\/\/www.cidademarketing.com.br\/marketing\/2025\/06\/03\/pearson-e-yazigi-aracaju-realizam-encontro-inedito-para-lideres-educacionais-com-foco-em-inclusao-e-inovacao\/","name":"Pearson e Y\u00e1zigi Aracaju realizam encontro in\u00e9dito para l\u00edderes educacionais com foco em inclus\u00e3o e inova\u00e7\u00e3o - CidadeMarketing","isPartOf":{"@id":"https:\/\/www.cidademarketing.com.br\/marketing\/#website"},"primaryImageOfPage":{"@id":"https:\/\/www.cidademarketing.com.br\/marketing\/2025\/06\/03\/pearson-e-yazigi-aracaju-realizam-encontro-inedito-para-lideres-educacionais-com-foco-em-inclusao-e-inovacao\/#primaryimage"},"image":{"@id":"https:\/\/www.cidademarketing.com.br\/marketing\/2025\/06\/03\/pearson-e-yazigi-aracaju-realizam-encontro-inedito-para-lideres-educacionais-com-foco-em-inclusao-e-inovacao\/#primaryimage"},"thumbnailUrl":"https:\/\/www.cidademarketing.com.br\/marketing\/wp-content\/uploads\/2025\/06\/yazigiaracaju_encontropedagogico_06.webp","datePublished":"2025-06-03T16:17:16+00:00","breadcrumb":{"@id":"https:\/\/www.cidademarketing.com.br\/marketing\/2025\/06\/03\/pearson-e-yazigi-aracaju-realizam-encontro-inedito-para-lideres-educacionais-com-foco-em-inclusao-e-inovacao\/#breadcrumb"},"inLanguage":"pt-BR","potentialAction":[{"@type":"ReadAction","target":["https:\/\/www.cidademarketing.com.br\/marketing\/2025\/06\/03\/pearson-e-yazigi-aracaju-realizam-encontro-inedito-para-lideres-educacionais-com-foco-em-inclusao-e-inovacao\/"]}]},{"@type":"ImageObject","inLanguage":"pt-BR","@id":"https:\/\/www.cidademarketing.com.br\/marketing\/2025\/06\/03\/pearson-e-yazigi-aracaju-realizam-encontro-inedito-para-lideres-educacionais-com-foco-em-inclusao-e-inovacao\/#primaryimage","url":"https:\/\/www.cidademarketing.com.br\/marketing\/wp-content\/uploads\/2025\/06\/yazigiaracaju_encontropedagogico_06.webp","contentUrl":"https:\/\/www.cidademarketing.com.br\/marketing\/wp-content\/uploads\/2025\/06\/yazigiaracaju_encontropedagogico_06.webp","width":1000,"height":667,"caption":"Foto: Agnes Souza"},{"@type":"BreadcrumbList","@id":"https:\/\/www.cidademarketing.com.br\/marketing\/2025\/06\/03\/pearson-e-yazigi-aracaju-realizam-encontro-inedito-para-lideres-educacionais-com-foco-em-inclusao-e-inovacao\/#breadcrumb","itemListElement":[{"@type":"ListItem","position":1,"name":"In\u00edcio","item":"https:\/\/www.cidademarketing.com.br\/marketing\/"},{"@type":"ListItem","position":2,"name":"Pearson e Y\u00e1zigi Aracaju realizam encontro in\u00e9dito para l\u00edderes educacionais com foco em inclus\u00e3o e inova\u00e7\u00e3o"}]},{"@type":"WebSite","@id":"https:\/\/www.cidademarketing.com.br\/marketing\/#website","url":"https:\/\/www.cidademarketing.com.br\/marketing\/","name":"CidadeMarketing","description":"Somos um ve\u00edculo de comunica\u00e7\u00e3o de destaque no Brasil, reconhecido por conte\u00fados nos segmentos de marketing, empreendedorismo e inova\u00e7\u00e3o.","publisher":{"@id":"https:\/\/www.cidademarketing.com.br\/marketing\/#organization"},"alternateName":"CidadeMarketing","potentialAction":[{"@type":"SearchAction","target":{"@type":"EntryPoint","urlTemplate":"https:\/\/www.cidademarketing.com.br\/marketing\/?s={search_term_string}"},"query-input":{"@type":"PropertyValueSpecification","valueRequired":true,"valueName":"search_term_string"}}],"inLanguage":"pt-BR"},{"@type":"Organization","@id":"https:\/\/www.cidademarketing.com.br\/marketing\/#organization","name":"CidadeMarketing","alternateName":"CidadeMarketing","url":"https:\/\/www.cidademarketing.com.br\/marketing\/","logo":{"@type":"ImageObject","inLanguage":"pt-BR","@id":"https:\/\/www.cidademarketing.com.br\/marketing\/#\/schema\/logo\/image\/","url":"https:\/\/www.cidademarketing.com.br\/marketing\/wp-content\/uploads\/2020\/01\/cidademarketing_marca_mobile.png","contentUrl":"https:\/\/www.cidademarketing.com.br\/marketing\/wp-content\/uploads\/2020\/01\/cidademarketing_marca_mobile.png","width":230,"height":92,"caption":"CidadeMarketing"},"image":{"@id":"https:\/\/www.cidademarketing.com.br\/marketing\/#\/schema\/logo\/image\/"},"sameAs":["https:\/\/www.facebook.com\/portalcidademarketing","https:\/\/x.com\/CidadeMarketing","https:\/\/www.instagram.com\/cidademarketing\/"]},{"@type":"Person","@id":"https:\/\/www.cidademarketing.com.br\/marketing\/#\/schema\/person\/02daff9f18bd9378c9e01eb6b2db155f","name":"Thales Brand\u00e3o","image":{"@type":"ImageObject","inLanguage":"pt-BR","@id":"https:\/\/secure.gravatar.com\/avatar\/7ca3206950207cc3cb48feec56a8a7898741ab725c368d99d5d7a5a50aab80c6?s=96&d=mm&r=g","url":"https:\/\/secure.gravatar.com\/avatar\/7ca3206950207cc3cb48feec56a8a7898741ab725c368d99d5d7a5a50aab80c6?s=96&d=mm&r=g","contentUrl":"https:\/\/secure.gravatar.com\/avatar\/7ca3206950207cc3cb48feec56a8a7898741ab725c368d99d5d7a5a50aab80c6?s=96&d=mm&r=g","caption":"Thales Brand\u00e3o"},"description":"Editor Executivo do Portal CidadeMarketing.com.br &gt; Mestre em Comunica\u00e7\u00e3o e Sociedade pela Universidade Federal de Sergipe. Possui MBA Executivo em Administra\u00e7\u00e3o com \u00eanfase em Marketing pela Funda\u00e7\u00e3o Get\u00falio Vargas - Rio de Janeiro. Consultor, Palestrante e Pesquisador sobre Empreendedorismo, Marketing, Redes Sociais e Neg\u00f3cios Digitais. Professor, Palestrante TedxTalks e Campus Party. Twitter: @ThalesBrandao","sameAs":["http:\/\/www.mandacaru.com.br","https:\/\/www.facebook.com\/thalesbrandao","http:\/\/www.instagram.com.br\/thalesbrandaoferreira","https:\/\/www.linkedin.com\/in\/thales-brand\u00e3o-3948609\/","https:\/\/x.com\/http:\/\/www.twitter.com\/thalesbrandao"],"url":"https:\/\/www.cidademarketing.com.br\/marketing\/author\/thalesbrandao\/"}]}},"amp_enabled":true,"_links":{"self":[{"href":"https:\/\/www.cidademarketing.com.br\/marketing\/wp-json\/wp\/v2\/posts\/56539","targetHints":{"allow":["GET"]}}],"collection":[{"href":"https:\/\/www.cidademarketing.com.br\/marketing\/wp-json\/wp\/v2\/posts"}],"about":[{"href":"https:\/\/www.cidademarketing.com.br\/marketing\/wp-json\/wp\/v2\/types\/post"}],"author":[{"embeddable":true,"href":"https:\/\/www.cidademarketing.com.br\/marketing\/wp-json\/wp\/v2\/users\/1"}],"replies":[{"embeddable":true,"href":"https:\/\/www.cidademarketing.com.br\/marketing\/wp-json\/wp\/v2\/comments?post=56539"}],"version-history":[{"count":1,"href":"https:\/\/www.cidademarketing.com.br\/marketing\/wp-json\/wp\/v2\/posts\/56539\/revisions"}],"predecessor-version":[{"id":56552,"href":"https:\/\/www.cidademarketing.com.br\/marketing\/wp-json\/wp\/v2\/posts\/56539\/revisions\/56552"}],"wp:featuredmedia":[{"embeddable":true,"href":"https:\/\/www.cidademarketing.com.br\/marketing\/wp-json\/wp\/v2\/media\/56547"}],"wp:attachment":[{"href":"https:\/\/www.cidademarketing.com.br\/marketing\/wp-json\/wp\/v2\/media?parent=56539"}],"wp:term":[{"taxonomy":"category","embeddable":true,"href":"https:\/\/www.cidademarketing.com.br\/marketing\/wp-json\/wp\/v2\/categories?post=56539"},{"taxonomy":"post_tag","embeddable":true,"href":"https:\/\/www.cidademarketing.com.br\/marketing\/wp-json\/wp\/v2\/tags?post=56539"}],"curies":[{"name":"wp","href":"https:\/\/api.w.org\/{rel}","templated":true}]}}