{"id":56536,"date":"2025-06-02T22:19:58","date_gmt":"2025-06-03T01:19:58","guid":{"rendered":"https:\/\/www.cidademarketing.com.br\/marketing\/?p=56536"},"modified":"2025-06-02T22:19:58","modified_gmt":"2025-06-03T01:19:58","slug":"cacau-show-se-defende-de-denuncias-e-afirma-que-ritual-do-cacau-e-uma-vivencia-sensorial","status":"publish","type":"post","link":"https:\/\/www.cidademarketing.com.br\/marketing\/2025\/06\/02\/cacau-show-se-defende-de-denuncias-e-afirma-que-ritual-do-cacau-e-uma-vivencia-sensorial\/","title":{"rendered":"Cacau Show se defende de den\u00fancias e afirma que \u201critual do cacau\u201d \u00e9 uma viv\u00eancia sensorial"},"content":{"rendered":"<p>Nos \u00faltimos dias, a Cacau Show se viu no centro de uma <a href=\"https:\/\/www.cidademarketing.com.br\/marketing\/2025\/06\/01\/sera-que-a-franquia-da-cacau-show-nao-presta-entenda-a-polemica\/\" target=\"_blank\" rel=\"noopener\">pol\u00eamica ap\u00f3s den\u00fancias de ex-franqueados, ex-colaboradores e reportagens<\/a> que apontam pr\u00e1ticas supostamente n\u00e3o acolhedoras da marca. Entre as cr\u00edticas, est\u00e3o alega\u00e7\u00f5es sobre um \u201critual do cacau\u201d aplicado durante o processo de integra\u00e7\u00e3o, al\u00e9m de relatos de preju\u00edzos financeiros enfrentados por antigos franqueados.<\/p>\n<p>Em resposta, a empresa divulgou um comunicado oficial, em tom enf\u00e1tico, para refor\u00e7ar sua vers\u00e3o dos fatos e defender sua trajet\u00f3ria. A rede de chocolates finos, que afirma ser a maior franqueadora do Brasil com quase 5 mil lojas e mais de 22 mil pessoas envolvidas em seu ecossistema, classificou as publica\u00e7\u00f5es negativas como \u201cinver\u00eddicas\u201d e \u201cataques injustos\u201d.<\/p>\n<p><strong>\u201cRitual do cacau\u201d \u00e9 simb\u00f3lico e sensorial, diz empresa<\/strong><br \/>\nSegundo o comunicado, o chamado &#8220;ritual do cacau&#8221; n\u00e3o passa de uma viv\u00eancia sensorial com licor 100% cacau (n\u00e3o alco\u00f3lico), oferecida como parte da experi\u00eancia cultural e gastron\u00f4mica da marca \u2014 inclusive em suas unidades hoteleiras. A empresa destaca que essa pr\u00e1tica visa celebrar a principal mat\u00e9ria-prima da Cacau Show, e que n\u00e3o h\u00e1 qualquer imposi\u00e7\u00e3o religiosa ou ideol\u00f3gica envolvida.<\/p>\n<p>A marca tamb\u00e9m esclarece que a ora\u00e7\u00e3o do \u201cPai Nosso\u201d, mencionada em alguns relatos, \u00e9 feita de forma espont\u00e2nea, volunt\u00e1ria e com respeito \u00e0 liberdade de cren\u00e7a, refor\u00e7ando que seu ambiente de trabalho \u00e9 \u00e9tico, inclusivo e voltado \u00e0 valoriza\u00e7\u00e3o da diversidade.<\/p>\n<p><strong>Franqueados de longa data e crescimento cont\u00ednuo<\/strong><br \/>\nA Cacau Show afirmou manter rela\u00e7\u00f5es duradouras com seus franqueados, com mais de 50% deles atuando h\u00e1 mais de sete anos na rede. A empresa destacou ainda a atua\u00e7\u00e3o do Conselho de Franqueados e os desafios recentes enfrentados em conjunto, como o aumento de 300% no pre\u00e7o do cacau, a instabilidade econ\u00f4mica nacional e um <a href=\"https:\/\/www.cidademarketing.com.br\/marketing\/2024\/11\/08\/apos-incendio-cacau-show-reinaugura-fabrica-em-linhares-com-tecnologia-de-automacao\/\" target=\"_blank\" rel=\"noopener\">inc\u00eandio em uma de suas f\u00e1bricas no Esp\u00edrito Santo<\/a>.<\/p>\n<p>Mesmo diante dessas dificuldades, a marca afirma ter seguido em expans\u00e3o, com investimentos em log\u00edstica, amplia\u00e7\u00e3o da f\u00e1brica e constru\u00e7\u00e3o de um novo centro de distribui\u00e7\u00e3o.<\/p>\n<p><strong>\u201cS\u00f3 trabalho e chocolate\u201d<\/strong><br \/>\nAo final da nota, a Cacau Show afirma que seu sucesso \u00e9 fruto de \u201cpaix\u00e3o, trabalho e \u00e9tica\u201d, e que continuar\u00e1 atuando com base em seu prop\u00f3sito de tocar a vida das pessoas por meio do chocolate.\u00a0 \u201cN\u00e3o vamos permitir que distor\u00e7am quem somos. Seguimos trabalhando firme, sem segredo, sem mist\u00e9rio. S\u00f3 trabalho e chocolate, mesmo\u201d, conclui o comunicado oficial.<\/p>\n<p>Confira a nota completa emitida pela Cacau Show:<\/p>\n<p><em>&#8220;Da fam\u00edlia Cacau Show a todos os Brasileiros.<\/em><\/p>\n<p><em>Nos \u00faltimos dias, fomos surpreendidos por publica\u00e7\u00f5es inver\u00eddicas sobre a Cacau Show que circularam na internet. S\u00e3o ataques injustos \u00e0 nossa hist\u00f3ria, aos nossos valores e, principalmente, \u00e0s milhares de pessoas que constroem essa marca com integridade e amor.<\/em><\/p>\n<p><em>Temos uma trajet\u00f3ria de mais de 37 anos, constru\u00edda com trabalho s\u00e9rio, respeito, verdade e coragem.<\/em><\/p>\n<p><em>Somos a maior rede de chocolates finos do mundo, a maior franqueadora do Brasil, com quase 5 mil lojas e mais de 22 mil pessoas em nosso ecossistema \u2014 e cada uma delas merece respeito.<\/em><\/p>\n<p><em>\u00c9 indignante e entristecedor a deturpa\u00e7\u00e3o de alguns momentos simb\u00f3licos que s\u00e3o t\u00e3o especiais para a nossa cultura.&#8221;<\/em><\/p>\n<p><em>A GRATID\u00c3O no fim de ano \u00e9 uma pr\u00e1tica espont\u00e2nea, marcada por acolhimento e liberdade. A ora\u00e7\u00e3o do &#8220;Pai Nosso&#8221;, quando feita, \u00e9 volunt\u00e1ria e respeitosa \u00e0 liberdade de cren\u00e7a. Promovemos um ambiente de trabalho \u00e9tico, inclusivo e que valoriza a diversidade.<\/em><\/p>\n<p><em>O chamado &#8220;ritual do cacau&#8221; \u00e9 uma viv\u00eancia sensorial com o licor de cacau \u2014 100% cacau, n\u00e3o alco\u00f3lico \u2014, oferecido como experi\u00eancia cultural e gastron\u00f4mica, inclusive em nossos hot\u00e9is. Uma forma de celebrar nossa principal mat\u00e9ria-prima.<\/em><\/p>\n<p><em>Nada disso fere valores &#8211; pelo contr\u00e1rio: refor\u00e7a o que somos. Uma empresa humana, com alma, que ouve, que caminha junto, que constr\u00f3i com coragem e verdade.&#8221;<\/em><\/p>\n<p><em>Com os franqueados, temos uma rela\u00e7\u00e3o baseada em confian\u00e7a e parceria de longo prazo \u2014 mais de 50% deles est\u00e3o conosco h\u00e1 mais de 7 anos, representados por um maduro Conselho de Franqueados. Enfrentamos juntos o aumento de mais de 300% no pre\u00e7o do cacau, a instabilidade econ\u00f4mica e at\u00e9 um inc\u00eandio em nossa f\u00e1brica de Linhares.<\/em><\/p>\n<p><em>E mesmo assim, seguimos crescendo. Investimos em log\u00edstica, ampliamos a f\u00e1brica e estamos construindo um novo centro de distribui\u00e7\u00e3o.<\/em><\/p>\n<p><em>N\u00e3o porque \u00e9 f\u00e1cil. Mas porque temos um prop\u00f3sito que nos move. Vivemos para, JUNTOS, tocar a vida das pessoas.\u00a0 E n\u00e3o vamos permitir que distor\u00e7am quem somos.\u00a0 Nosso sucesso \u00e9 fruto de paix\u00e3o, trabalho e \u00e9tica. N\u00f3s ouvimos as pessoas. Temos compromisso com a verdade. Seguimos trabalhando firme, sem segredo, sem mist\u00e9rio.<\/em><\/p>\n<p><em>S\u00f3 trabalho e chocolate, mesmo.&#8221;<\/em><\/p>\n","protected":false},"excerpt":{"rendered":"<p>Nos \u00faltimos dias, a Cacau Show se viu no centro de uma pol\u00eamica ap\u00f3s den\u00fancias de ex-franqueados, ex-colaboradores e reportagens que apontam pr\u00e1ticas supostamente n\u00e3o acolhedoras da marca. Entre as cr\u00edticas, est\u00e3o alega\u00e7\u00f5es sobre um \u201critual do cacau\u201d aplicado durante o processo de integra\u00e7\u00e3o, al\u00e9m de relatos de preju\u00edzos financeiros enfrentados por antigos franqueados. Em [&hellip;]<\/p>\n","protected":false},"author":1,"featured_media":56537,"comment_status":"open","ping_status":"open","sticky":false,"template":"","format":"standard","meta":{"tdm_status":"","tdm_grid_status":"","footnotes":""},"categories":[6],"tags":[7339,4538,547,1110,9414,7315,5964,9415,129,7585,9416],"class_list":["post-56536","post","type-post","status-publish","format-standard","has-post-thumbnail","hentry","category-noticias","tag-ale-costa","tag-cacau","tag-cacau-show","tag-comunicado","tag-denuncias","tag-experiencia-sensorial","tag-franqueador","tag-franqueados","tag-franquia","tag-nota-oficial","tag-ritual"],"yoast_head":"<!-- This site is optimized with the Yoast SEO plugin v27.4 - https:\/\/yoast.com\/product\/yoast-seo-wordpress\/ -->\n<title>Cacau Show se defende de den\u00fancias e afirma que \u201critual do cacau\u201d \u00e9 uma viv\u00eancia sensorial - CidadeMarketing<\/title>\n<meta name=\"robots\" content=\"index, follow, max-snippet:-1, max-image-preview:large, max-video-preview:-1\" \/>\n<link rel=\"canonical\" href=\"https:\/\/www.cidademarketing.com.br\/marketing\/2025\/06\/02\/cacau-show-se-defende-de-denuncias-e-afirma-que-ritual-do-cacau-e-uma-vivencia-sensorial\/\" \/>\n<meta property=\"og:locale\" content=\"pt_BR\" \/>\n<meta property=\"og:type\" content=\"article\" \/>\n<meta property=\"og:title\" content=\"Cacau Show se defende de den\u00fancias e afirma que \u201critual do cacau\u201d \u00e9 uma viv\u00eancia sensorial - CidadeMarketing\" \/>\n<meta property=\"og:description\" content=\"Nos \u00faltimos dias, a Cacau Show se viu no centro de uma pol\u00eamica ap\u00f3s den\u00fancias de ex-franqueados, ex-colaboradores e reportagens que apontam pr\u00e1ticas supostamente n\u00e3o acolhedoras da marca. Entre as cr\u00edticas, est\u00e3o alega\u00e7\u00f5es sobre um \u201critual do cacau\u201d aplicado durante o processo de integra\u00e7\u00e3o, al\u00e9m de relatos de preju\u00edzos financeiros enfrentados por antigos franqueados. Em [&hellip;]\" \/>\n<meta property=\"og:url\" content=\"https:\/\/www.cidademarketing.com.br\/marketing\/2025\/06\/02\/cacau-show-se-defende-de-denuncias-e-afirma-que-ritual-do-cacau-e-uma-vivencia-sensorial\/\" \/>\n<meta property=\"og:site_name\" content=\"CidadeMarketing\" \/>\n<meta property=\"article:publisher\" content=\"https:\/\/www.facebook.com\/portalcidademarketing\" \/>\n<meta property=\"article:author\" content=\"https:\/\/www.facebook.com\/thalesbrandao\" \/>\n<meta property=\"article:published_time\" content=\"2025-06-03T01:19:58+00:00\" \/>\n<meta property=\"og:image\" content=\"https:\/\/www.cidademarketing.com.br\/marketing\/wp-content\/uploads\/2025\/06\/cacaushow_notaoficial_comunicado.webp\" \/>\n\t<meta property=\"og:image:width\" content=\"890\" \/>\n\t<meta property=\"og:image:height\" content=\"887\" \/>\n\t<meta property=\"og:image:type\" content=\"image\/webp\" \/>\n<meta name=\"author\" content=\"Thales Brand\u00e3o\" \/>\n<meta name=\"twitter:card\" content=\"summary_large_image\" \/>\n<meta name=\"twitter:creator\" content=\"@http:\/\/www.twitter.com\/thalesbrandao\" \/>\n<meta name=\"twitter:site\" content=\"@CidadeMarketing\" \/>\n<meta name=\"twitter:label1\" content=\"Escrito por\" \/>\n\t<meta name=\"twitter:data1\" content=\"Thales Brand\u00e3o\" \/>\n\t<meta name=\"twitter:label2\" content=\"Est. tempo de leitura\" \/>\n\t<meta name=\"twitter:data2\" content=\"4 minutos\" \/>\n<script type=\"application\/ld+json\" class=\"yoast-schema-graph\">{\"@context\":\"https:\\\/\\\/schema.org\",\"@graph\":[{\"@type\":\"Article\",\"@id\":\"https:\\\/\\\/www.cidademarketing.com.br\\\/marketing\\\/2025\\\/06\\\/02\\\/cacau-show-se-defende-de-denuncias-e-afirma-que-ritual-do-cacau-e-uma-vivencia-sensorial\\\/#article\",\"isPartOf\":{\"@id\":\"https:\\\/\\\/www.cidademarketing.com.br\\\/marketing\\\/2025\\\/06\\\/02\\\/cacau-show-se-defende-de-denuncias-e-afirma-que-ritual-do-cacau-e-uma-vivencia-sensorial\\\/\"},\"author\":{\"name\":\"Thales Brand\u00e3o\",\"@id\":\"https:\\\/\\\/www.cidademarketing.com.br\\\/marketing\\\/#\\\/schema\\\/person\\\/02daff9f18bd9378c9e01eb6b2db155f\"},\"headline\":\"Cacau Show se defende de den\u00fancias e afirma que \u201critual do cacau\u201d \u00e9 uma viv\u00eancia sensorial\",\"datePublished\":\"2025-06-03T01:19:58+00:00\",\"mainEntityOfPage\":{\"@id\":\"https:\\\/\\\/www.cidademarketing.com.br\\\/marketing\\\/2025\\\/06\\\/02\\\/cacau-show-se-defende-de-denuncias-e-afirma-que-ritual-do-cacau-e-uma-vivencia-sensorial\\\/\"},\"wordCount\":835,\"commentCount\":0,\"publisher\":{\"@id\":\"https:\\\/\\\/www.cidademarketing.com.br\\\/marketing\\\/#organization\"},\"image\":{\"@id\":\"https:\\\/\\\/www.cidademarketing.com.br\\\/marketing\\\/2025\\\/06\\\/02\\\/cacau-show-se-defende-de-denuncias-e-afirma-que-ritual-do-cacau-e-uma-vivencia-sensorial\\\/#primaryimage\"},\"thumbnailUrl\":\"https:\\\/\\\/www.cidademarketing.com.br\\\/marketing\\\/wp-content\\\/uploads\\\/2025\\\/06\\\/cacaushow_notaoficial_comunicado.webp\",\"keywords\":[\"Al\u00ea Costa\",\"cacau\",\"Cacau Show\",\"comunicado\",\"den\u00fancias\",\"experi\u00eancia sensorial\",\"franqueador\",\"franqueados\",\"franquia\",\"nota oficial\",\"ritual\"],\"articleSection\":[\"Not\u00edcias\"],\"inLanguage\":\"pt-BR\",\"potentialAction\":[{\"@type\":\"CommentAction\",\"name\":\"Comment\",\"target\":[\"https:\\\/\\\/www.cidademarketing.com.br\\\/marketing\\\/2025\\\/06\\\/02\\\/cacau-show-se-defende-de-denuncias-e-afirma-que-ritual-do-cacau-e-uma-vivencia-sensorial\\\/#respond\"]}]},{\"@type\":\"WebPage\",\"@id\":\"https:\\\/\\\/www.cidademarketing.com.br\\\/marketing\\\/2025\\\/06\\\/02\\\/cacau-show-se-defende-de-denuncias-e-afirma-que-ritual-do-cacau-e-uma-vivencia-sensorial\\\/\",\"url\":\"https:\\\/\\\/www.cidademarketing.com.br\\\/marketing\\\/2025\\\/06\\\/02\\\/cacau-show-se-defende-de-denuncias-e-afirma-que-ritual-do-cacau-e-uma-vivencia-sensorial\\\/\",\"name\":\"Cacau Show se defende de den\u00fancias e afirma que \u201critual do cacau\u201d \u00e9 uma viv\u00eancia sensorial - CidadeMarketing\",\"isPartOf\":{\"@id\":\"https:\\\/\\\/www.cidademarketing.com.br\\\/marketing\\\/#website\"},\"primaryImageOfPage\":{\"@id\":\"https:\\\/\\\/www.cidademarketing.com.br\\\/marketing\\\/2025\\\/06\\\/02\\\/cacau-show-se-defende-de-denuncias-e-afirma-que-ritual-do-cacau-e-uma-vivencia-sensorial\\\/#primaryimage\"},\"image\":{\"@id\":\"https:\\\/\\\/www.cidademarketing.com.br\\\/marketing\\\/2025\\\/06\\\/02\\\/cacau-show-se-defende-de-denuncias-e-afirma-que-ritual-do-cacau-e-uma-vivencia-sensorial\\\/#primaryimage\"},\"thumbnailUrl\":\"https:\\\/\\\/www.cidademarketing.com.br\\\/marketing\\\/wp-content\\\/uploads\\\/2025\\\/06\\\/cacaushow_notaoficial_comunicado.webp\",\"datePublished\":\"2025-06-03T01:19:58+00:00\",\"breadcrumb\":{\"@id\":\"https:\\\/\\\/www.cidademarketing.com.br\\\/marketing\\\/2025\\\/06\\\/02\\\/cacau-show-se-defende-de-denuncias-e-afirma-que-ritual-do-cacau-e-uma-vivencia-sensorial\\\/#breadcrumb\"},\"inLanguage\":\"pt-BR\",\"potentialAction\":[{\"@type\":\"ReadAction\",\"target\":[\"https:\\\/\\\/www.cidademarketing.com.br\\\/marketing\\\/2025\\\/06\\\/02\\\/cacau-show-se-defende-de-denuncias-e-afirma-que-ritual-do-cacau-e-uma-vivencia-sensorial\\\/\"]}]},{\"@type\":\"ImageObject\",\"inLanguage\":\"pt-BR\",\"@id\":\"https:\\\/\\\/www.cidademarketing.com.br\\\/marketing\\\/2025\\\/06\\\/02\\\/cacau-show-se-defende-de-denuncias-e-afirma-que-ritual-do-cacau-e-uma-vivencia-sensorial\\\/#primaryimage\",\"url\":\"https:\\\/\\\/www.cidademarketing.com.br\\\/marketing\\\/wp-content\\\/uploads\\\/2025\\\/06\\\/cacaushow_notaoficial_comunicado.webp\",\"contentUrl\":\"https:\\\/\\\/www.cidademarketing.com.br\\\/marketing\\\/wp-content\\\/uploads\\\/2025\\\/06\\\/cacaushow_notaoficial_comunicado.webp\",\"width\":890,\"height\":887,\"caption\":\"Cacau Show diz que pr\u00e1tica \u00e9 parte da experi\u00eancia cultural e gastron\u00f4mica da empresa, e nega acusa\u00e7\u00f5es de ex-franqueados e ex-colaboradores.\"},{\"@type\":\"BreadcrumbList\",\"@id\":\"https:\\\/\\\/www.cidademarketing.com.br\\\/marketing\\\/2025\\\/06\\\/02\\\/cacau-show-se-defende-de-denuncias-e-afirma-que-ritual-do-cacau-e-uma-vivencia-sensorial\\\/#breadcrumb\",\"itemListElement\":[{\"@type\":\"ListItem\",\"position\":1,\"name\":\"In\u00edcio\",\"item\":\"https:\\\/\\\/www.cidademarketing.com.br\\\/marketing\\\/\"},{\"@type\":\"ListItem\",\"position\":2,\"name\":\"Cacau Show se defende de den\u00fancias e afirma que \u201critual do cacau\u201d \u00e9 uma viv\u00eancia sensorial\"}]},{\"@type\":\"WebSite\",\"@id\":\"https:\\\/\\\/www.cidademarketing.com.br\\\/marketing\\\/#website\",\"url\":\"https:\\\/\\\/www.cidademarketing.com.br\\\/marketing\\\/\",\"name\":\"CidadeMarketing\",\"description\":\"Somos um ve\u00edculo de comunica\u00e7\u00e3o de destaque no Brasil, reconhecido por conte\u00fados nos segmentos de marketing, empreendedorismo e inova\u00e7\u00e3o.\",\"publisher\":{\"@id\":\"https:\\\/\\\/www.cidademarketing.com.br\\\/marketing\\\/#organization\"},\"alternateName\":\"CidadeMarketing\",\"potentialAction\":[{\"@type\":\"SearchAction\",\"target\":{\"@type\":\"EntryPoint\",\"urlTemplate\":\"https:\\\/\\\/www.cidademarketing.com.br\\\/marketing\\\/?s={search_term_string}\"},\"query-input\":{\"@type\":\"PropertyValueSpecification\",\"valueRequired\":true,\"valueName\":\"search_term_string\"}}],\"inLanguage\":\"pt-BR\"},{\"@type\":\"Organization\",\"@id\":\"https:\\\/\\\/www.cidademarketing.com.br\\\/marketing\\\/#organization\",\"name\":\"CidadeMarketing\",\"alternateName\":\"CidadeMarketing\",\"url\":\"https:\\\/\\\/www.cidademarketing.com.br\\\/marketing\\\/\",\"logo\":{\"@type\":\"ImageObject\",\"inLanguage\":\"pt-BR\",\"@id\":\"https:\\\/\\\/www.cidademarketing.com.br\\\/marketing\\\/#\\\/schema\\\/logo\\\/image\\\/\",\"url\":\"https:\\\/\\\/www.cidademarketing.com.br\\\/marketing\\\/wp-content\\\/uploads\\\/2020\\\/01\\\/cidademarketing_marca_mobile.png\",\"contentUrl\":\"https:\\\/\\\/www.cidademarketing.com.br\\\/marketing\\\/wp-content\\\/uploads\\\/2020\\\/01\\\/cidademarketing_marca_mobile.png\",\"width\":230,\"height\":92,\"caption\":\"CidadeMarketing\"},\"image\":{\"@id\":\"https:\\\/\\\/www.cidademarketing.com.br\\\/marketing\\\/#\\\/schema\\\/logo\\\/image\\\/\"},\"sameAs\":[\"https:\\\/\\\/www.facebook.com\\\/portalcidademarketing\",\"https:\\\/\\\/x.com\\\/CidadeMarketing\",\"https:\\\/\\\/www.instagram.com\\\/cidademarketing\\\/\"]},{\"@type\":\"Person\",\"@id\":\"https:\\\/\\\/www.cidademarketing.com.br\\\/marketing\\\/#\\\/schema\\\/person\\\/02daff9f18bd9378c9e01eb6b2db155f\",\"name\":\"Thales Brand\u00e3o\",\"image\":{\"@type\":\"ImageObject\",\"inLanguage\":\"pt-BR\",\"@id\":\"https:\\\/\\\/secure.gravatar.com\\\/avatar\\\/7ca3206950207cc3cb48feec56a8a7898741ab725c368d99d5d7a5a50aab80c6?s=96&d=mm&r=g\",\"url\":\"https:\\\/\\\/secure.gravatar.com\\\/avatar\\\/7ca3206950207cc3cb48feec56a8a7898741ab725c368d99d5d7a5a50aab80c6?s=96&d=mm&r=g\",\"contentUrl\":\"https:\\\/\\\/secure.gravatar.com\\\/avatar\\\/7ca3206950207cc3cb48feec56a8a7898741ab725c368d99d5d7a5a50aab80c6?s=96&d=mm&r=g\",\"caption\":\"Thales Brand\u00e3o\"},\"description\":\"Editor Executivo do Portal CidadeMarketing.com.br &gt; Mestre em Comunica\u00e7\u00e3o e Sociedade pela Universidade Federal de Sergipe. Possui MBA Executivo em Administra\u00e7\u00e3o com \u00eanfase em Marketing pela Funda\u00e7\u00e3o Get\u00falio Vargas - Rio de Janeiro. Consultor, Palestrante e Pesquisador sobre Empreendedorismo, Marketing, Redes Sociais e Neg\u00f3cios Digitais. Professor, Palestrante TedxTalks e Campus Party. Twitter: @ThalesBrandao\",\"sameAs\":[\"http:\\\/\\\/www.mandacaru.com.br\",\"https:\\\/\\\/www.facebook.com\\\/thalesbrandao\",\"http:\\\/\\\/www.instagram.com.br\\\/thalesbrandaoferreira\",\"https:\\\/\\\/www.linkedin.com\\\/in\\\/thales-brand\u00e3o-3948609\\\/\",\"https:\\\/\\\/x.com\\\/http:\\\/\\\/www.twitter.com\\\/thalesbrandao\"],\"url\":\"https:\\\/\\\/www.cidademarketing.com.br\\\/marketing\\\/author\\\/thalesbrandao\\\/\"}]}<\/script>\n<!-- \/ Yoast SEO plugin. -->","yoast_head_json":{"title":"Cacau Show se defende de den\u00fancias e afirma que \u201critual do cacau\u201d \u00e9 uma viv\u00eancia sensorial - CidadeMarketing","robots":{"index":"index","follow":"follow","max-snippet":"max-snippet:-1","max-image-preview":"max-image-preview:large","max-video-preview":"max-video-preview:-1"},"canonical":"https:\/\/www.cidademarketing.com.br\/marketing\/2025\/06\/02\/cacau-show-se-defende-de-denuncias-e-afirma-que-ritual-do-cacau-e-uma-vivencia-sensorial\/","og_locale":"pt_BR","og_type":"article","og_title":"Cacau Show se defende de den\u00fancias e afirma que \u201critual do cacau\u201d \u00e9 uma viv\u00eancia sensorial - CidadeMarketing","og_description":"Nos \u00faltimos dias, a Cacau Show se viu no centro de uma pol\u00eamica ap\u00f3s den\u00fancias de ex-franqueados, ex-colaboradores e reportagens que apontam pr\u00e1ticas supostamente n\u00e3o acolhedoras da marca. Entre as cr\u00edticas, est\u00e3o alega\u00e7\u00f5es sobre um \u201critual do cacau\u201d aplicado durante o processo de integra\u00e7\u00e3o, al\u00e9m de relatos de preju\u00edzos financeiros enfrentados por antigos franqueados. Em [&hellip;]","og_url":"https:\/\/www.cidademarketing.com.br\/marketing\/2025\/06\/02\/cacau-show-se-defende-de-denuncias-e-afirma-que-ritual-do-cacau-e-uma-vivencia-sensorial\/","og_site_name":"CidadeMarketing","article_publisher":"https:\/\/www.facebook.com\/portalcidademarketing","article_author":"https:\/\/www.facebook.com\/thalesbrandao","article_published_time":"2025-06-03T01:19:58+00:00","og_image":[{"width":890,"height":887,"url":"https:\/\/www.cidademarketing.com.br\/marketing\/wp-content\/uploads\/2025\/06\/cacaushow_notaoficial_comunicado.webp","type":"image\/webp"}],"author":"Thales Brand\u00e3o","twitter_card":"summary_large_image","twitter_creator":"@http:\/\/www.twitter.com\/thalesbrandao","twitter_site":"@CidadeMarketing","twitter_misc":{"Escrito por":"Thales Brand\u00e3o","Est. tempo de leitura":"4 minutos"},"schema":{"@context":"https:\/\/schema.org","@graph":[{"@type":"Article","@id":"https:\/\/www.cidademarketing.com.br\/marketing\/2025\/06\/02\/cacau-show-se-defende-de-denuncias-e-afirma-que-ritual-do-cacau-e-uma-vivencia-sensorial\/#article","isPartOf":{"@id":"https:\/\/www.cidademarketing.com.br\/marketing\/2025\/06\/02\/cacau-show-se-defende-de-denuncias-e-afirma-que-ritual-do-cacau-e-uma-vivencia-sensorial\/"},"author":{"name":"Thales Brand\u00e3o","@id":"https:\/\/www.cidademarketing.com.br\/marketing\/#\/schema\/person\/02daff9f18bd9378c9e01eb6b2db155f"},"headline":"Cacau Show se defende de den\u00fancias e afirma que \u201critual do cacau\u201d \u00e9 uma viv\u00eancia sensorial","datePublished":"2025-06-03T01:19:58+00:00","mainEntityOfPage":{"@id":"https:\/\/www.cidademarketing.com.br\/marketing\/2025\/06\/02\/cacau-show-se-defende-de-denuncias-e-afirma-que-ritual-do-cacau-e-uma-vivencia-sensorial\/"},"wordCount":835,"commentCount":0,"publisher":{"@id":"https:\/\/www.cidademarketing.com.br\/marketing\/#organization"},"image":{"@id":"https:\/\/www.cidademarketing.com.br\/marketing\/2025\/06\/02\/cacau-show-se-defende-de-denuncias-e-afirma-que-ritual-do-cacau-e-uma-vivencia-sensorial\/#primaryimage"},"thumbnailUrl":"https:\/\/www.cidademarketing.com.br\/marketing\/wp-content\/uploads\/2025\/06\/cacaushow_notaoficial_comunicado.webp","keywords":["Al\u00ea Costa","cacau","Cacau Show","comunicado","den\u00fancias","experi\u00eancia sensorial","franqueador","franqueados","franquia","nota oficial","ritual"],"articleSection":["Not\u00edcias"],"inLanguage":"pt-BR","potentialAction":[{"@type":"CommentAction","name":"Comment","target":["https:\/\/www.cidademarketing.com.br\/marketing\/2025\/06\/02\/cacau-show-se-defende-de-denuncias-e-afirma-que-ritual-do-cacau-e-uma-vivencia-sensorial\/#respond"]}]},{"@type":"WebPage","@id":"https:\/\/www.cidademarketing.com.br\/marketing\/2025\/06\/02\/cacau-show-se-defende-de-denuncias-e-afirma-que-ritual-do-cacau-e-uma-vivencia-sensorial\/","url":"https:\/\/www.cidademarketing.com.br\/marketing\/2025\/06\/02\/cacau-show-se-defende-de-denuncias-e-afirma-que-ritual-do-cacau-e-uma-vivencia-sensorial\/","name":"Cacau Show se defende de den\u00fancias e afirma que \u201critual do cacau\u201d \u00e9 uma viv\u00eancia sensorial - CidadeMarketing","isPartOf":{"@id":"https:\/\/www.cidademarketing.com.br\/marketing\/#website"},"primaryImageOfPage":{"@id":"https:\/\/www.cidademarketing.com.br\/marketing\/2025\/06\/02\/cacau-show-se-defende-de-denuncias-e-afirma-que-ritual-do-cacau-e-uma-vivencia-sensorial\/#primaryimage"},"image":{"@id":"https:\/\/www.cidademarketing.com.br\/marketing\/2025\/06\/02\/cacau-show-se-defende-de-denuncias-e-afirma-que-ritual-do-cacau-e-uma-vivencia-sensorial\/#primaryimage"},"thumbnailUrl":"https:\/\/www.cidademarketing.com.br\/marketing\/wp-content\/uploads\/2025\/06\/cacaushow_notaoficial_comunicado.webp","datePublished":"2025-06-03T01:19:58+00:00","breadcrumb":{"@id":"https:\/\/www.cidademarketing.com.br\/marketing\/2025\/06\/02\/cacau-show-se-defende-de-denuncias-e-afirma-que-ritual-do-cacau-e-uma-vivencia-sensorial\/#breadcrumb"},"inLanguage":"pt-BR","potentialAction":[{"@type":"ReadAction","target":["https:\/\/www.cidademarketing.com.br\/marketing\/2025\/06\/02\/cacau-show-se-defende-de-denuncias-e-afirma-que-ritual-do-cacau-e-uma-vivencia-sensorial\/"]}]},{"@type":"ImageObject","inLanguage":"pt-BR","@id":"https:\/\/www.cidademarketing.com.br\/marketing\/2025\/06\/02\/cacau-show-se-defende-de-denuncias-e-afirma-que-ritual-do-cacau-e-uma-vivencia-sensorial\/#primaryimage","url":"https:\/\/www.cidademarketing.com.br\/marketing\/wp-content\/uploads\/2025\/06\/cacaushow_notaoficial_comunicado.webp","contentUrl":"https:\/\/www.cidademarketing.com.br\/marketing\/wp-content\/uploads\/2025\/06\/cacaushow_notaoficial_comunicado.webp","width":890,"height":887,"caption":"Cacau Show diz que pr\u00e1tica \u00e9 parte da experi\u00eancia cultural e gastron\u00f4mica da empresa, e nega acusa\u00e7\u00f5es de ex-franqueados e ex-colaboradores."},{"@type":"BreadcrumbList","@id":"https:\/\/www.cidademarketing.com.br\/marketing\/2025\/06\/02\/cacau-show-se-defende-de-denuncias-e-afirma-que-ritual-do-cacau-e-uma-vivencia-sensorial\/#breadcrumb","itemListElement":[{"@type":"ListItem","position":1,"name":"In\u00edcio","item":"https:\/\/www.cidademarketing.com.br\/marketing\/"},{"@type":"ListItem","position":2,"name":"Cacau Show se defende de den\u00fancias e afirma que \u201critual do cacau\u201d \u00e9 uma viv\u00eancia sensorial"}]},{"@type":"WebSite","@id":"https:\/\/www.cidademarketing.com.br\/marketing\/#website","url":"https:\/\/www.cidademarketing.com.br\/marketing\/","name":"CidadeMarketing","description":"Somos um ve\u00edculo de comunica\u00e7\u00e3o de destaque no Brasil, reconhecido por conte\u00fados nos segmentos de marketing, empreendedorismo e inova\u00e7\u00e3o.","publisher":{"@id":"https:\/\/www.cidademarketing.com.br\/marketing\/#organization"},"alternateName":"CidadeMarketing","potentialAction":[{"@type":"SearchAction","target":{"@type":"EntryPoint","urlTemplate":"https:\/\/www.cidademarketing.com.br\/marketing\/?s={search_term_string}"},"query-input":{"@type":"PropertyValueSpecification","valueRequired":true,"valueName":"search_term_string"}}],"inLanguage":"pt-BR"},{"@type":"Organization","@id":"https:\/\/www.cidademarketing.com.br\/marketing\/#organization","name":"CidadeMarketing","alternateName":"CidadeMarketing","url":"https:\/\/www.cidademarketing.com.br\/marketing\/","logo":{"@type":"ImageObject","inLanguage":"pt-BR","@id":"https:\/\/www.cidademarketing.com.br\/marketing\/#\/schema\/logo\/image\/","url":"https:\/\/www.cidademarketing.com.br\/marketing\/wp-content\/uploads\/2020\/01\/cidademarketing_marca_mobile.png","contentUrl":"https:\/\/www.cidademarketing.com.br\/marketing\/wp-content\/uploads\/2020\/01\/cidademarketing_marca_mobile.png","width":230,"height":92,"caption":"CidadeMarketing"},"image":{"@id":"https:\/\/www.cidademarketing.com.br\/marketing\/#\/schema\/logo\/image\/"},"sameAs":["https:\/\/www.facebook.com\/portalcidademarketing","https:\/\/x.com\/CidadeMarketing","https:\/\/www.instagram.com\/cidademarketing\/"]},{"@type":"Person","@id":"https:\/\/www.cidademarketing.com.br\/marketing\/#\/schema\/person\/02daff9f18bd9378c9e01eb6b2db155f","name":"Thales Brand\u00e3o","image":{"@type":"ImageObject","inLanguage":"pt-BR","@id":"https:\/\/secure.gravatar.com\/avatar\/7ca3206950207cc3cb48feec56a8a7898741ab725c368d99d5d7a5a50aab80c6?s=96&d=mm&r=g","url":"https:\/\/secure.gravatar.com\/avatar\/7ca3206950207cc3cb48feec56a8a7898741ab725c368d99d5d7a5a50aab80c6?s=96&d=mm&r=g","contentUrl":"https:\/\/secure.gravatar.com\/avatar\/7ca3206950207cc3cb48feec56a8a7898741ab725c368d99d5d7a5a50aab80c6?s=96&d=mm&r=g","caption":"Thales Brand\u00e3o"},"description":"Editor Executivo do Portal CidadeMarketing.com.br &gt; Mestre em Comunica\u00e7\u00e3o e Sociedade pela Universidade Federal de Sergipe. Possui MBA Executivo em Administra\u00e7\u00e3o com \u00eanfase em Marketing pela Funda\u00e7\u00e3o Get\u00falio Vargas - Rio de Janeiro. Consultor, Palestrante e Pesquisador sobre Empreendedorismo, Marketing, Redes Sociais e Neg\u00f3cios Digitais. Professor, Palestrante TedxTalks e Campus Party. Twitter: @ThalesBrandao","sameAs":["http:\/\/www.mandacaru.com.br","https:\/\/www.facebook.com\/thalesbrandao","http:\/\/www.instagram.com.br\/thalesbrandaoferreira","https:\/\/www.linkedin.com\/in\/thales-brand\u00e3o-3948609\/","https:\/\/x.com\/http:\/\/www.twitter.com\/thalesbrandao"],"url":"https:\/\/www.cidademarketing.com.br\/marketing\/author\/thalesbrandao\/"}]}},"amp_enabled":true,"_links":{"self":[{"href":"https:\/\/www.cidademarketing.com.br\/marketing\/wp-json\/wp\/v2\/posts\/56536","targetHints":{"allow":["GET"]}}],"collection":[{"href":"https:\/\/www.cidademarketing.com.br\/marketing\/wp-json\/wp\/v2\/posts"}],"about":[{"href":"https:\/\/www.cidademarketing.com.br\/marketing\/wp-json\/wp\/v2\/types\/post"}],"author":[{"embeddable":true,"href":"https:\/\/www.cidademarketing.com.br\/marketing\/wp-json\/wp\/v2\/users\/1"}],"replies":[{"embeddable":true,"href":"https:\/\/www.cidademarketing.com.br\/marketing\/wp-json\/wp\/v2\/comments?post=56536"}],"version-history":[{"count":1,"href":"https:\/\/www.cidademarketing.com.br\/marketing\/wp-json\/wp\/v2\/posts\/56536\/revisions"}],"predecessor-version":[{"id":56538,"href":"https:\/\/www.cidademarketing.com.br\/marketing\/wp-json\/wp\/v2\/posts\/56536\/revisions\/56538"}],"wp:featuredmedia":[{"embeddable":true,"href":"https:\/\/www.cidademarketing.com.br\/marketing\/wp-json\/wp\/v2\/media\/56537"}],"wp:attachment":[{"href":"https:\/\/www.cidademarketing.com.br\/marketing\/wp-json\/wp\/v2\/media?parent=56536"}],"wp:term":[{"taxonomy":"category","embeddable":true,"href":"https:\/\/www.cidademarketing.com.br\/marketing\/wp-json\/wp\/v2\/categories?post=56536"},{"taxonomy":"post_tag","embeddable":true,"href":"https:\/\/www.cidademarketing.com.br\/marketing\/wp-json\/wp\/v2\/tags?post=56536"}],"curies":[{"name":"wp","href":"https:\/\/api.w.org\/{rel}","templated":true}]}}