{"id":56499,"date":"2025-05-29T11:18:33","date_gmt":"2025-05-29T14:18:33","guid":{"rendered":"https:\/\/www.cidademarketing.com.br\/marketing\/?p=56499"},"modified":"2025-05-29T11:18:33","modified_gmt":"2025-05-29T14:18:33","slug":"campanha-de-aniversario-da-pague-menos-assinada-pela-advance-impacta-fortaleza-com-170-paineis","status":"publish","type":"post","link":"https:\/\/www.cidademarketing.com.br\/marketing\/2025\/05\/29\/campanha-de-aniversario-da-pague-menos-assinada-pela-advance-impacta-fortaleza-com-170-paineis\/","title":{"rendered":"Campanha de Anivers\u00e1rio da Pague Menos, assinada pela Advance, impacta Fortaleza com 170 pain\u00e9is"},"content":{"rendered":"<p>Nova campanha promocional de anivers\u00e1rio da Pague Menos, assinada pela Advance, convida o p\u00fablico a celebrar n\u00e3o s\u00f3 os descontos de at\u00e9 70% em produtos e medicamentos, mas tamb\u00e9m a sa\u00fade e o v\u00ednculo de cuidado que a marca constr\u00f3i com seus clientes diariamente.<br \/>\nCom presen\u00e7a robusta em TV, r\u00e1dio, canais digitais, redes sociais, lojas e em a\u00e7\u00f5es de m\u00eddia out-of-home, a campanha aposta em um forte apelo emocional para transformar o anivers\u00e1rio da rede em um momento de conex\u00e3o genu\u00edna com os consumidores.<\/p>\n<p>Um dos destaques da campanha \u00e9 a a\u00e7\u00e3o de OOH na capital cearense, realizada em parceria com a Eletromidia Cear\u00e1 e a Urbm\u00eddia. Em uma ativa\u00e7\u00e3o sincronizada de alto impacto, a Pague Menos veiculou, durante uma hora (entre 17h30 e 18h30), a mesma campanha com muitas ofertas de anivers\u00e1rio, simultaneamente, em mais de 170 pain\u00e9is de LED espalhados por Fortaleza, sendo 100 deles instalados em abrigos de \u00f4nibus da marca. A iniciativa transformou a cidade em um grande palco de celebra\u00e7\u00e3o e refor\u00e7a a presen\u00e7a da Pague Menos como parte ativa do cotidiano das pessoas.<\/p>\n<figure id=\"attachment_56500\" aria-describedby=\"caption-attachment-56500\" style=\"width: 1000px\" class=\"wp-caption alignnone\"><img fetchpriority=\"high\" decoding=\"async\" class=\"wp-image-56500 size-full\" src=\"https:\/\/www.cidademarketing.com.br\/marketing\/wp-content\/uploads\/2025\/05\/agenica_advance_paguemenos_aniversario_fortaleza_02.webp\" alt=\"Um dos destaques da campanha \u00e9 a a\u00e7\u00e3o de OOH na capital cearense, realizada em parceria com a Eletromidia Cear\u00e1 e a Urbm\u00eddia.\" width=\"1000\" height=\"455\" srcset=\"https:\/\/www.cidademarketing.com.br\/marketing\/wp-content\/uploads\/2025\/05\/agenica_advance_paguemenos_aniversario_fortaleza_02.webp 1000w, https:\/\/www.cidademarketing.com.br\/marketing\/wp-content\/uploads\/2025\/05\/agenica_advance_paguemenos_aniversario_fortaleza_02-300x137.webp 300w, https:\/\/www.cidademarketing.com.br\/marketing\/wp-content\/uploads\/2025\/05\/agenica_advance_paguemenos_aniversario_fortaleza_02-768x349.webp 768w, https:\/\/www.cidademarketing.com.br\/marketing\/wp-content\/uploads\/2025\/05\/agenica_advance_paguemenos_aniversario_fortaleza_02-923x420.webp 923w, https:\/\/www.cidademarketing.com.br\/marketing\/wp-content\/uploads\/2025\/05\/agenica_advance_paguemenos_aniversario_fortaleza_02-640x291.webp 640w, https:\/\/www.cidademarketing.com.br\/marketing\/wp-content\/uploads\/2025\/05\/agenica_advance_paguemenos_aniversario_fortaleza_02-681x310.webp 681w\" sizes=\"(max-width: 1000px) 100vw, 1000px\" \/><figcaption id=\"caption-attachment-56500\" class=\"wp-caption-text\">Divulga\u00e7\u00e3o<\/figcaption><\/figure>\n<p>De acordo com Renato Camargo, VP de Clientes da Pague Menos, o objetivo da iniciativa foi propor algo totalmente in\u00e9dito, inovador e impactante. \u201cPor uma hora, n\u00f3s envolvemos toda a cidade com intuito de transmitir a mesma mensagem, em diversos pontos estrat\u00e9gicos da capital, impactando milhares de pessoas e gerando curiosidade, conex\u00e3o e aproxima\u00e7\u00e3o por meio de uma a\u00e7\u00e3o urbana criativa\u201d, explica.<\/p>\n<p>Para Eliziane Alencar, CEO da Advance, \u201ca a\u00e7\u00e3o articulada de m\u00eddia exterior proporcionou uma superexposi\u00e7\u00e3o da marca, ampliando seu share of voice de forma consistente\u201d.<\/p>\n<p><strong>FICHA T\u00c9CNICA:<\/strong><br \/>\nDiretor de Cria\u00e7\u00e3o: Ed Souza<br \/>\nReda\u00e7\u00e3o: F\u00e1bio Ribeiro<br \/>\nDire\u00e7\u00e3o de Arte: Leandro Lemos e Carlos Felipe Santos<br \/>\nAtendimento: Mar\u00edlia Cavalcante e Ma\u00edra Pereira<br \/>\nM\u00eddia: Grace Cardoso, B\u00e1rbara Honorato, K\u00e1tia VirgInia e Isabela Campos<br \/>\nProdu\u00e7\u00e3o Gr\u00e1fica: Eliziane Carvalho e Gabriel Moraes<br \/>\nFinaliza\u00e7\u00e3o: Douglas Almeida e Clemilson Alencar<br \/>\nProdu\u00e7\u00e3o Eletr\u00f4nica: Musa Guedes, Alexandre Bilio e Barbara Pontes<br \/>\nRevis\u00e3o: Sara Colares e Carlos Normando<br \/>\nAprova\u00e7\u00e3o: M\u00e1rcio Holanda e Brunno Alves<\/p>\n<p><strong>Sobre as Farm\u00e1cias Pague Menos e Extrafarma<\/strong><br \/>\nA rede de farm\u00e1cias Pague Menos e Extrafarma est\u00e1 presente nos 26 estados da Federa\u00e7\u00e3o e no Distrito Federal. Conta com mais de 1.600 lojas, distribu\u00eddas em mais de 400 munic\u00edpios, com 26 mil colaboradores, al\u00e9m de uma plataforma omnichannel, que possibilita ao cliente comprar como quiser e receber seus produtos como preferir. L\u00edder nas regi\u00f5es Norte e Nordeste, atualmente a rede \u00e9 o Hub de Sa\u00fade da classe m\u00e9dia expandida, com mais de 1.100 unidades de consult\u00f3rios farmac\u00eauticos do Clinic Farma em todas as regi\u00f5es do pa\u00eds.<\/p>\n<p><strong>Sobre a Advance<\/strong><br \/>\nCom 30 anos de hist\u00f3ria, a Advance possui uma trajet\u00f3ria marcada por grandes cases de sucesso. Sempre com uma proposta muito clara de oferecer solu\u00e7\u00f5es criativas de comunica\u00e7\u00e3o aliadas a uma opera\u00e7\u00e3o eficaz e orientada por resultados, rapidamente firmou-se como uma das mais importantes ag\u00eancias do Norte e Nordeste. Hoje, com atua\u00e7\u00e3o nacional, a ag\u00eancia se destaca pela qualidade criativa e estrat\u00e9gica de seus trabalhos, respaldada pelo intenso envolvimento com o dia a dia do neg\u00f3cio de seus clientes. Em 2025, conquistou pela terceira vez o Selo Google Partners Premier, posicionando-se entre as top 3% do Brasil no programa. Para saber mais: www.advance.com.br<\/p>\n","protected":false},"excerpt":{"rendered":"<p>Nova campanha promocional de anivers\u00e1rio da Pague Menos, assinada pela Advance, convida o p\u00fablico a celebrar n\u00e3o s\u00f3 os descontos de at\u00e9 70% em produtos e medicamentos, mas tamb\u00e9m a sa\u00fade e o v\u00ednculo de cuidado que a marca constr\u00f3i com seus clientes diariamente. Com presen\u00e7a robusta em TV, r\u00e1dio, canais digitais, redes sociais, lojas [&hellip;]<\/p>\n","protected":false},"author":1,"featured_media":56501,"comment_status":"open","ping_status":"open","sticky":false,"template":"","format":"standard","meta":{"tdm_status":"","tdm_grid_status":"","footnotes":""},"categories":[6],"tags":[8731,9400,9399,308,9402,9401,33,1740,28,5211,472],"class_list":["post-56499","post","type-post","status-publish","format-standard","has-post-thumbnail","hentry","category-noticias","tag-advance","tag-agencia-advance","tag-aniversario-da-pague-menos","tag-comunicacao","tag-eletromidia-ceara","tag-eliziane-alencar","tag-estrategia","tag-fortaleza","tag-marketing","tag-ooh","tag-pague-menos"],"yoast_head":"<!-- This site is optimized with the Yoast SEO plugin v27.4 - https:\/\/yoast.com\/product\/yoast-seo-wordpress\/ -->\n<title>Campanha de Anivers\u00e1rio da Pague Menos, assinada pela Advance, impacta Fortaleza com 170 pain\u00e9is - CidadeMarketing<\/title>\n<meta name=\"robots\" content=\"index, follow, max-snippet:-1, max-image-preview:large, max-video-preview:-1\" \/>\n<link rel=\"canonical\" href=\"https:\/\/www.cidademarketing.com.br\/marketing\/2025\/05\/29\/campanha-de-aniversario-da-pague-menos-assinada-pela-advance-impacta-fortaleza-com-170-paineis\/\" \/>\n<meta property=\"og:locale\" content=\"pt_BR\" \/>\n<meta property=\"og:type\" content=\"article\" \/>\n<meta property=\"og:title\" content=\"Campanha de Anivers\u00e1rio da Pague Menos, assinada pela Advance, impacta Fortaleza com 170 pain\u00e9is - CidadeMarketing\" \/>\n<meta property=\"og:description\" content=\"Nova campanha promocional de anivers\u00e1rio da Pague Menos, assinada pela Advance, convida o p\u00fablico a celebrar n\u00e3o s\u00f3 os descontos de at\u00e9 70% em produtos e medicamentos, mas tamb\u00e9m a sa\u00fade e o v\u00ednculo de cuidado que a marca constr\u00f3i com seus clientes diariamente. Com presen\u00e7a robusta em TV, r\u00e1dio, canais digitais, redes sociais, lojas [&hellip;]\" \/>\n<meta property=\"og:url\" content=\"https:\/\/www.cidademarketing.com.br\/marketing\/2025\/05\/29\/campanha-de-aniversario-da-pague-menos-assinada-pela-advance-impacta-fortaleza-com-170-paineis\/\" \/>\n<meta property=\"og:site_name\" content=\"CidadeMarketing\" \/>\n<meta property=\"article:publisher\" content=\"https:\/\/www.facebook.com\/portalcidademarketing\" \/>\n<meta property=\"article:author\" content=\"https:\/\/www.facebook.com\/thalesbrandao\" \/>\n<meta property=\"article:published_time\" content=\"2025-05-29T14:18:33+00:00\" \/>\n<meta property=\"og:image\" content=\"https:\/\/www.cidademarketing.com.br\/marketing\/wp-content\/uploads\/2025\/05\/agenica_advance_paguemenos_aniversario_fortaleza_01.webp\" \/>\n\t<meta property=\"og:image:width\" content=\"1000\" \/>\n\t<meta property=\"og:image:height\" content=\"736\" \/>\n\t<meta property=\"og:image:type\" content=\"image\/webp\" \/>\n<meta name=\"author\" content=\"Thales Brand\u00e3o\" \/>\n<meta name=\"twitter:card\" content=\"summary_large_image\" \/>\n<meta name=\"twitter:creator\" content=\"@http:\/\/www.twitter.com\/thalesbrandao\" \/>\n<meta name=\"twitter:site\" content=\"@CidadeMarketing\" \/>\n<meta name=\"twitter:label1\" content=\"Escrito por\" \/>\n\t<meta name=\"twitter:data1\" content=\"Thales Brand\u00e3o\" \/>\n\t<meta name=\"twitter:label2\" content=\"Est. tempo de leitura\" \/>\n\t<meta name=\"twitter:data2\" content=\"3 minutos\" \/>\n<script type=\"application\/ld+json\" class=\"yoast-schema-graph\">{\"@context\":\"https:\\\/\\\/schema.org\",\"@graph\":[{\"@type\":\"Article\",\"@id\":\"https:\\\/\\\/www.cidademarketing.com.br\\\/marketing\\\/2025\\\/05\\\/29\\\/campanha-de-aniversario-da-pague-menos-assinada-pela-advance-impacta-fortaleza-com-170-paineis\\\/#article\",\"isPartOf\":{\"@id\":\"https:\\\/\\\/www.cidademarketing.com.br\\\/marketing\\\/2025\\\/05\\\/29\\\/campanha-de-aniversario-da-pague-menos-assinada-pela-advance-impacta-fortaleza-com-170-paineis\\\/\"},\"author\":{\"name\":\"Thales Brand\u00e3o\",\"@id\":\"https:\\\/\\\/www.cidademarketing.com.br\\\/marketing\\\/#\\\/schema\\\/person\\\/02daff9f18bd9378c9e01eb6b2db155f\"},\"headline\":\"Campanha de Anivers\u00e1rio da Pague Menos, assinada pela Advance, impacta Fortaleza com 170 pain\u00e9is\",\"datePublished\":\"2025-05-29T14:18:33+00:00\",\"mainEntityOfPage\":{\"@id\":\"https:\\\/\\\/www.cidademarketing.com.br\\\/marketing\\\/2025\\\/05\\\/29\\\/campanha-de-aniversario-da-pague-menos-assinada-pela-advance-impacta-fortaleza-com-170-paineis\\\/\"},\"wordCount\":623,\"commentCount\":0,\"publisher\":{\"@id\":\"https:\\\/\\\/www.cidademarketing.com.br\\\/marketing\\\/#organization\"},\"image\":{\"@id\":\"https:\\\/\\\/www.cidademarketing.com.br\\\/marketing\\\/2025\\\/05\\\/29\\\/campanha-de-aniversario-da-pague-menos-assinada-pela-advance-impacta-fortaleza-com-170-paineis\\\/#primaryimage\"},\"thumbnailUrl\":\"https:\\\/\\\/www.cidademarketing.com.br\\\/marketing\\\/wp-content\\\/uploads\\\/2025\\\/05\\\/agenica_advance_paguemenos_aniversario_fortaleza_01.webp\",\"keywords\":[\"Advance\",\"ag\u00eancia Advance\",\"Anivers\u00e1rio da Pague Menos\",\"comunica\u00e7\u00e3o\",\"Eletromidia Cear\u00e1\",\"Eliziane Alencar\",\"estrat\u00e9gia\",\"Fortaleza\",\"marketing\",\"OOH\",\"Pague Menos\"],\"articleSection\":[\"Not\u00edcias\"],\"inLanguage\":\"pt-BR\",\"potentialAction\":[{\"@type\":\"CommentAction\",\"name\":\"Comment\",\"target\":[\"https:\\\/\\\/www.cidademarketing.com.br\\\/marketing\\\/2025\\\/05\\\/29\\\/campanha-de-aniversario-da-pague-menos-assinada-pela-advance-impacta-fortaleza-com-170-paineis\\\/#respond\"]}]},{\"@type\":\"WebPage\",\"@id\":\"https:\\\/\\\/www.cidademarketing.com.br\\\/marketing\\\/2025\\\/05\\\/29\\\/campanha-de-aniversario-da-pague-menos-assinada-pela-advance-impacta-fortaleza-com-170-paineis\\\/\",\"url\":\"https:\\\/\\\/www.cidademarketing.com.br\\\/marketing\\\/2025\\\/05\\\/29\\\/campanha-de-aniversario-da-pague-menos-assinada-pela-advance-impacta-fortaleza-com-170-paineis\\\/\",\"name\":\"Campanha de Anivers\u00e1rio da Pague Menos, assinada pela Advance, impacta Fortaleza com 170 pain\u00e9is - CidadeMarketing\",\"isPartOf\":{\"@id\":\"https:\\\/\\\/www.cidademarketing.com.br\\\/marketing\\\/#website\"},\"primaryImageOfPage\":{\"@id\":\"https:\\\/\\\/www.cidademarketing.com.br\\\/marketing\\\/2025\\\/05\\\/29\\\/campanha-de-aniversario-da-pague-menos-assinada-pela-advance-impacta-fortaleza-com-170-paineis\\\/#primaryimage\"},\"image\":{\"@id\":\"https:\\\/\\\/www.cidademarketing.com.br\\\/marketing\\\/2025\\\/05\\\/29\\\/campanha-de-aniversario-da-pague-menos-assinada-pela-advance-impacta-fortaleza-com-170-paineis\\\/#primaryimage\"},\"thumbnailUrl\":\"https:\\\/\\\/www.cidademarketing.com.br\\\/marketing\\\/wp-content\\\/uploads\\\/2025\\\/05\\\/agenica_advance_paguemenos_aniversario_fortaleza_01.webp\",\"datePublished\":\"2025-05-29T14:18:33+00:00\",\"breadcrumb\":{\"@id\":\"https:\\\/\\\/www.cidademarketing.com.br\\\/marketing\\\/2025\\\/05\\\/29\\\/campanha-de-aniversario-da-pague-menos-assinada-pela-advance-impacta-fortaleza-com-170-paineis\\\/#breadcrumb\"},\"inLanguage\":\"pt-BR\",\"potentialAction\":[{\"@type\":\"ReadAction\",\"target\":[\"https:\\\/\\\/www.cidademarketing.com.br\\\/marketing\\\/2025\\\/05\\\/29\\\/campanha-de-aniversario-da-pague-menos-assinada-pela-advance-impacta-fortaleza-com-170-paineis\\\/\"]}]},{\"@type\":\"ImageObject\",\"inLanguage\":\"pt-BR\",\"@id\":\"https:\\\/\\\/www.cidademarketing.com.br\\\/marketing\\\/2025\\\/05\\\/29\\\/campanha-de-aniversario-da-pague-menos-assinada-pela-advance-impacta-fortaleza-com-170-paineis\\\/#primaryimage\",\"url\":\"https:\\\/\\\/www.cidademarketing.com.br\\\/marketing\\\/wp-content\\\/uploads\\\/2025\\\/05\\\/agenica_advance_paguemenos_aniversario_fortaleza_01.webp\",\"contentUrl\":\"https:\\\/\\\/www.cidademarketing.com.br\\\/marketing\\\/wp-content\\\/uploads\\\/2025\\\/05\\\/agenica_advance_paguemenos_aniversario_fortaleza_01.webp\",\"width\":1000,\"height\":736,\"caption\":\"Divulga\u00e7\u00e3o\"},{\"@type\":\"BreadcrumbList\",\"@id\":\"https:\\\/\\\/www.cidademarketing.com.br\\\/marketing\\\/2025\\\/05\\\/29\\\/campanha-de-aniversario-da-pague-menos-assinada-pela-advance-impacta-fortaleza-com-170-paineis\\\/#breadcrumb\",\"itemListElement\":[{\"@type\":\"ListItem\",\"position\":1,\"name\":\"In\u00edcio\",\"item\":\"https:\\\/\\\/www.cidademarketing.com.br\\\/marketing\\\/\"},{\"@type\":\"ListItem\",\"position\":2,\"name\":\"Campanha de Anivers\u00e1rio da Pague Menos, assinada pela Advance, impacta Fortaleza com 170 pain\u00e9is\"}]},{\"@type\":\"WebSite\",\"@id\":\"https:\\\/\\\/www.cidademarketing.com.br\\\/marketing\\\/#website\",\"url\":\"https:\\\/\\\/www.cidademarketing.com.br\\\/marketing\\\/\",\"name\":\"CidadeMarketing\",\"description\":\"Somos um ve\u00edculo de comunica\u00e7\u00e3o de destaque no Brasil, reconhecido por conte\u00fados nos segmentos de marketing, empreendedorismo e inova\u00e7\u00e3o.\",\"publisher\":{\"@id\":\"https:\\\/\\\/www.cidademarketing.com.br\\\/marketing\\\/#organization\"},\"alternateName\":\"CidadeMarketing\",\"potentialAction\":[{\"@type\":\"SearchAction\",\"target\":{\"@type\":\"EntryPoint\",\"urlTemplate\":\"https:\\\/\\\/www.cidademarketing.com.br\\\/marketing\\\/?s={search_term_string}\"},\"query-input\":{\"@type\":\"PropertyValueSpecification\",\"valueRequired\":true,\"valueName\":\"search_term_string\"}}],\"inLanguage\":\"pt-BR\"},{\"@type\":\"Organization\",\"@id\":\"https:\\\/\\\/www.cidademarketing.com.br\\\/marketing\\\/#organization\",\"name\":\"CidadeMarketing\",\"alternateName\":\"CidadeMarketing\",\"url\":\"https:\\\/\\\/www.cidademarketing.com.br\\\/marketing\\\/\",\"logo\":{\"@type\":\"ImageObject\",\"inLanguage\":\"pt-BR\",\"@id\":\"https:\\\/\\\/www.cidademarketing.com.br\\\/marketing\\\/#\\\/schema\\\/logo\\\/image\\\/\",\"url\":\"https:\\\/\\\/www.cidademarketing.com.br\\\/marketing\\\/wp-content\\\/uploads\\\/2020\\\/01\\\/cidademarketing_marca_mobile.png\",\"contentUrl\":\"https:\\\/\\\/www.cidademarketing.com.br\\\/marketing\\\/wp-content\\\/uploads\\\/2020\\\/01\\\/cidademarketing_marca_mobile.png\",\"width\":230,\"height\":92,\"caption\":\"CidadeMarketing\"},\"image\":{\"@id\":\"https:\\\/\\\/www.cidademarketing.com.br\\\/marketing\\\/#\\\/schema\\\/logo\\\/image\\\/\"},\"sameAs\":[\"https:\\\/\\\/www.facebook.com\\\/portalcidademarketing\",\"https:\\\/\\\/x.com\\\/CidadeMarketing\",\"https:\\\/\\\/www.instagram.com\\\/cidademarketing\\\/\"]},{\"@type\":\"Person\",\"@id\":\"https:\\\/\\\/www.cidademarketing.com.br\\\/marketing\\\/#\\\/schema\\\/person\\\/02daff9f18bd9378c9e01eb6b2db155f\",\"name\":\"Thales Brand\u00e3o\",\"image\":{\"@type\":\"ImageObject\",\"inLanguage\":\"pt-BR\",\"@id\":\"https:\\\/\\\/secure.gravatar.com\\\/avatar\\\/7ca3206950207cc3cb48feec56a8a7898741ab725c368d99d5d7a5a50aab80c6?s=96&d=mm&r=g\",\"url\":\"https:\\\/\\\/secure.gravatar.com\\\/avatar\\\/7ca3206950207cc3cb48feec56a8a7898741ab725c368d99d5d7a5a50aab80c6?s=96&d=mm&r=g\",\"contentUrl\":\"https:\\\/\\\/secure.gravatar.com\\\/avatar\\\/7ca3206950207cc3cb48feec56a8a7898741ab725c368d99d5d7a5a50aab80c6?s=96&d=mm&r=g\",\"caption\":\"Thales Brand\u00e3o\"},\"description\":\"Editor Executivo do Portal CidadeMarketing.com.br &gt; Mestre em Comunica\u00e7\u00e3o e Sociedade pela Universidade Federal de Sergipe. Possui MBA Executivo em Administra\u00e7\u00e3o com \u00eanfase em Marketing pela Funda\u00e7\u00e3o Get\u00falio Vargas - Rio de Janeiro. Consultor, Palestrante e Pesquisador sobre Empreendedorismo, Marketing, Redes Sociais e Neg\u00f3cios Digitais. Professor, Palestrante TedxTalks e Campus Party. Twitter: @ThalesBrandao\",\"sameAs\":[\"http:\\\/\\\/www.mandacaru.com.br\",\"https:\\\/\\\/www.facebook.com\\\/thalesbrandao\",\"http:\\\/\\\/www.instagram.com.br\\\/thalesbrandaoferreira\",\"https:\\\/\\\/www.linkedin.com\\\/in\\\/thales-brand\u00e3o-3948609\\\/\",\"https:\\\/\\\/x.com\\\/http:\\\/\\\/www.twitter.com\\\/thalesbrandao\"],\"url\":\"https:\\\/\\\/www.cidademarketing.com.br\\\/marketing\\\/author\\\/thalesbrandao\\\/\"}]}<\/script>\n<!-- \/ Yoast SEO plugin. -->","yoast_head_json":{"title":"Campanha de Anivers\u00e1rio da Pague Menos, assinada pela Advance, impacta Fortaleza com 170 pain\u00e9is - CidadeMarketing","robots":{"index":"index","follow":"follow","max-snippet":"max-snippet:-1","max-image-preview":"max-image-preview:large","max-video-preview":"max-video-preview:-1"},"canonical":"https:\/\/www.cidademarketing.com.br\/marketing\/2025\/05\/29\/campanha-de-aniversario-da-pague-menos-assinada-pela-advance-impacta-fortaleza-com-170-paineis\/","og_locale":"pt_BR","og_type":"article","og_title":"Campanha de Anivers\u00e1rio da Pague Menos, assinada pela Advance, impacta Fortaleza com 170 pain\u00e9is - CidadeMarketing","og_description":"Nova campanha promocional de anivers\u00e1rio da Pague Menos, assinada pela Advance, convida o p\u00fablico a celebrar n\u00e3o s\u00f3 os descontos de at\u00e9 70% em produtos e medicamentos, mas tamb\u00e9m a sa\u00fade e o v\u00ednculo de cuidado que a marca constr\u00f3i com seus clientes diariamente. Com presen\u00e7a robusta em TV, r\u00e1dio, canais digitais, redes sociais, lojas [&hellip;]","og_url":"https:\/\/www.cidademarketing.com.br\/marketing\/2025\/05\/29\/campanha-de-aniversario-da-pague-menos-assinada-pela-advance-impacta-fortaleza-com-170-paineis\/","og_site_name":"CidadeMarketing","article_publisher":"https:\/\/www.facebook.com\/portalcidademarketing","article_author":"https:\/\/www.facebook.com\/thalesbrandao","article_published_time":"2025-05-29T14:18:33+00:00","og_image":[{"width":1000,"height":736,"url":"https:\/\/www.cidademarketing.com.br\/marketing\/wp-content\/uploads\/2025\/05\/agenica_advance_paguemenos_aniversario_fortaleza_01.webp","type":"image\/webp"}],"author":"Thales Brand\u00e3o","twitter_card":"summary_large_image","twitter_creator":"@http:\/\/www.twitter.com\/thalesbrandao","twitter_site":"@CidadeMarketing","twitter_misc":{"Escrito por":"Thales Brand\u00e3o","Est. tempo de leitura":"3 minutos"},"schema":{"@context":"https:\/\/schema.org","@graph":[{"@type":"Article","@id":"https:\/\/www.cidademarketing.com.br\/marketing\/2025\/05\/29\/campanha-de-aniversario-da-pague-menos-assinada-pela-advance-impacta-fortaleza-com-170-paineis\/#article","isPartOf":{"@id":"https:\/\/www.cidademarketing.com.br\/marketing\/2025\/05\/29\/campanha-de-aniversario-da-pague-menos-assinada-pela-advance-impacta-fortaleza-com-170-paineis\/"},"author":{"name":"Thales Brand\u00e3o","@id":"https:\/\/www.cidademarketing.com.br\/marketing\/#\/schema\/person\/02daff9f18bd9378c9e01eb6b2db155f"},"headline":"Campanha de Anivers\u00e1rio da Pague Menos, assinada pela Advance, impacta Fortaleza com 170 pain\u00e9is","datePublished":"2025-05-29T14:18:33+00:00","mainEntityOfPage":{"@id":"https:\/\/www.cidademarketing.com.br\/marketing\/2025\/05\/29\/campanha-de-aniversario-da-pague-menos-assinada-pela-advance-impacta-fortaleza-com-170-paineis\/"},"wordCount":623,"commentCount":0,"publisher":{"@id":"https:\/\/www.cidademarketing.com.br\/marketing\/#organization"},"image":{"@id":"https:\/\/www.cidademarketing.com.br\/marketing\/2025\/05\/29\/campanha-de-aniversario-da-pague-menos-assinada-pela-advance-impacta-fortaleza-com-170-paineis\/#primaryimage"},"thumbnailUrl":"https:\/\/www.cidademarketing.com.br\/marketing\/wp-content\/uploads\/2025\/05\/agenica_advance_paguemenos_aniversario_fortaleza_01.webp","keywords":["Advance","ag\u00eancia Advance","Anivers\u00e1rio da Pague Menos","comunica\u00e7\u00e3o","Eletromidia Cear\u00e1","Eliziane Alencar","estrat\u00e9gia","Fortaleza","marketing","OOH","Pague Menos"],"articleSection":["Not\u00edcias"],"inLanguage":"pt-BR","potentialAction":[{"@type":"CommentAction","name":"Comment","target":["https:\/\/www.cidademarketing.com.br\/marketing\/2025\/05\/29\/campanha-de-aniversario-da-pague-menos-assinada-pela-advance-impacta-fortaleza-com-170-paineis\/#respond"]}]},{"@type":"WebPage","@id":"https:\/\/www.cidademarketing.com.br\/marketing\/2025\/05\/29\/campanha-de-aniversario-da-pague-menos-assinada-pela-advance-impacta-fortaleza-com-170-paineis\/","url":"https:\/\/www.cidademarketing.com.br\/marketing\/2025\/05\/29\/campanha-de-aniversario-da-pague-menos-assinada-pela-advance-impacta-fortaleza-com-170-paineis\/","name":"Campanha de Anivers\u00e1rio da Pague Menos, assinada pela Advance, impacta Fortaleza com 170 pain\u00e9is - CidadeMarketing","isPartOf":{"@id":"https:\/\/www.cidademarketing.com.br\/marketing\/#website"},"primaryImageOfPage":{"@id":"https:\/\/www.cidademarketing.com.br\/marketing\/2025\/05\/29\/campanha-de-aniversario-da-pague-menos-assinada-pela-advance-impacta-fortaleza-com-170-paineis\/#primaryimage"},"image":{"@id":"https:\/\/www.cidademarketing.com.br\/marketing\/2025\/05\/29\/campanha-de-aniversario-da-pague-menos-assinada-pela-advance-impacta-fortaleza-com-170-paineis\/#primaryimage"},"thumbnailUrl":"https:\/\/www.cidademarketing.com.br\/marketing\/wp-content\/uploads\/2025\/05\/agenica_advance_paguemenos_aniversario_fortaleza_01.webp","datePublished":"2025-05-29T14:18:33+00:00","breadcrumb":{"@id":"https:\/\/www.cidademarketing.com.br\/marketing\/2025\/05\/29\/campanha-de-aniversario-da-pague-menos-assinada-pela-advance-impacta-fortaleza-com-170-paineis\/#breadcrumb"},"inLanguage":"pt-BR","potentialAction":[{"@type":"ReadAction","target":["https:\/\/www.cidademarketing.com.br\/marketing\/2025\/05\/29\/campanha-de-aniversario-da-pague-menos-assinada-pela-advance-impacta-fortaleza-com-170-paineis\/"]}]},{"@type":"ImageObject","inLanguage":"pt-BR","@id":"https:\/\/www.cidademarketing.com.br\/marketing\/2025\/05\/29\/campanha-de-aniversario-da-pague-menos-assinada-pela-advance-impacta-fortaleza-com-170-paineis\/#primaryimage","url":"https:\/\/www.cidademarketing.com.br\/marketing\/wp-content\/uploads\/2025\/05\/agenica_advance_paguemenos_aniversario_fortaleza_01.webp","contentUrl":"https:\/\/www.cidademarketing.com.br\/marketing\/wp-content\/uploads\/2025\/05\/agenica_advance_paguemenos_aniversario_fortaleza_01.webp","width":1000,"height":736,"caption":"Divulga\u00e7\u00e3o"},{"@type":"BreadcrumbList","@id":"https:\/\/www.cidademarketing.com.br\/marketing\/2025\/05\/29\/campanha-de-aniversario-da-pague-menos-assinada-pela-advance-impacta-fortaleza-com-170-paineis\/#breadcrumb","itemListElement":[{"@type":"ListItem","position":1,"name":"In\u00edcio","item":"https:\/\/www.cidademarketing.com.br\/marketing\/"},{"@type":"ListItem","position":2,"name":"Campanha de Anivers\u00e1rio da Pague Menos, assinada pela Advance, impacta Fortaleza com 170 pain\u00e9is"}]},{"@type":"WebSite","@id":"https:\/\/www.cidademarketing.com.br\/marketing\/#website","url":"https:\/\/www.cidademarketing.com.br\/marketing\/","name":"CidadeMarketing","description":"Somos um ve\u00edculo de comunica\u00e7\u00e3o de destaque no Brasil, reconhecido por conte\u00fados nos segmentos de marketing, empreendedorismo e inova\u00e7\u00e3o.","publisher":{"@id":"https:\/\/www.cidademarketing.com.br\/marketing\/#organization"},"alternateName":"CidadeMarketing","potentialAction":[{"@type":"SearchAction","target":{"@type":"EntryPoint","urlTemplate":"https:\/\/www.cidademarketing.com.br\/marketing\/?s={search_term_string}"},"query-input":{"@type":"PropertyValueSpecification","valueRequired":true,"valueName":"search_term_string"}}],"inLanguage":"pt-BR"},{"@type":"Organization","@id":"https:\/\/www.cidademarketing.com.br\/marketing\/#organization","name":"CidadeMarketing","alternateName":"CidadeMarketing","url":"https:\/\/www.cidademarketing.com.br\/marketing\/","logo":{"@type":"ImageObject","inLanguage":"pt-BR","@id":"https:\/\/www.cidademarketing.com.br\/marketing\/#\/schema\/logo\/image\/","url":"https:\/\/www.cidademarketing.com.br\/marketing\/wp-content\/uploads\/2020\/01\/cidademarketing_marca_mobile.png","contentUrl":"https:\/\/www.cidademarketing.com.br\/marketing\/wp-content\/uploads\/2020\/01\/cidademarketing_marca_mobile.png","width":230,"height":92,"caption":"CidadeMarketing"},"image":{"@id":"https:\/\/www.cidademarketing.com.br\/marketing\/#\/schema\/logo\/image\/"},"sameAs":["https:\/\/www.facebook.com\/portalcidademarketing","https:\/\/x.com\/CidadeMarketing","https:\/\/www.instagram.com\/cidademarketing\/"]},{"@type":"Person","@id":"https:\/\/www.cidademarketing.com.br\/marketing\/#\/schema\/person\/02daff9f18bd9378c9e01eb6b2db155f","name":"Thales Brand\u00e3o","image":{"@type":"ImageObject","inLanguage":"pt-BR","@id":"https:\/\/secure.gravatar.com\/avatar\/7ca3206950207cc3cb48feec56a8a7898741ab725c368d99d5d7a5a50aab80c6?s=96&d=mm&r=g","url":"https:\/\/secure.gravatar.com\/avatar\/7ca3206950207cc3cb48feec56a8a7898741ab725c368d99d5d7a5a50aab80c6?s=96&d=mm&r=g","contentUrl":"https:\/\/secure.gravatar.com\/avatar\/7ca3206950207cc3cb48feec56a8a7898741ab725c368d99d5d7a5a50aab80c6?s=96&d=mm&r=g","caption":"Thales Brand\u00e3o"},"description":"Editor Executivo do Portal CidadeMarketing.com.br &gt; Mestre em Comunica\u00e7\u00e3o e Sociedade pela Universidade Federal de Sergipe. Possui MBA Executivo em Administra\u00e7\u00e3o com \u00eanfase em Marketing pela Funda\u00e7\u00e3o Get\u00falio Vargas - Rio de Janeiro. Consultor, Palestrante e Pesquisador sobre Empreendedorismo, Marketing, Redes Sociais e Neg\u00f3cios Digitais. Professor, Palestrante TedxTalks e Campus Party. Twitter: @ThalesBrandao","sameAs":["http:\/\/www.mandacaru.com.br","https:\/\/www.facebook.com\/thalesbrandao","http:\/\/www.instagram.com.br\/thalesbrandaoferreira","https:\/\/www.linkedin.com\/in\/thales-brand\u00e3o-3948609\/","https:\/\/x.com\/http:\/\/www.twitter.com\/thalesbrandao"],"url":"https:\/\/www.cidademarketing.com.br\/marketing\/author\/thalesbrandao\/"}]}},"amp_enabled":true,"_links":{"self":[{"href":"https:\/\/www.cidademarketing.com.br\/marketing\/wp-json\/wp\/v2\/posts\/56499","targetHints":{"allow":["GET"]}}],"collection":[{"href":"https:\/\/www.cidademarketing.com.br\/marketing\/wp-json\/wp\/v2\/posts"}],"about":[{"href":"https:\/\/www.cidademarketing.com.br\/marketing\/wp-json\/wp\/v2\/types\/post"}],"author":[{"embeddable":true,"href":"https:\/\/www.cidademarketing.com.br\/marketing\/wp-json\/wp\/v2\/users\/1"}],"replies":[{"embeddable":true,"href":"https:\/\/www.cidademarketing.com.br\/marketing\/wp-json\/wp\/v2\/comments?post=56499"}],"version-history":[{"count":1,"href":"https:\/\/www.cidademarketing.com.br\/marketing\/wp-json\/wp\/v2\/posts\/56499\/revisions"}],"predecessor-version":[{"id":56502,"href":"https:\/\/www.cidademarketing.com.br\/marketing\/wp-json\/wp\/v2\/posts\/56499\/revisions\/56502"}],"wp:featuredmedia":[{"embeddable":true,"href":"https:\/\/www.cidademarketing.com.br\/marketing\/wp-json\/wp\/v2\/media\/56501"}],"wp:attachment":[{"href":"https:\/\/www.cidademarketing.com.br\/marketing\/wp-json\/wp\/v2\/media?parent=56499"}],"wp:term":[{"taxonomy":"category","embeddable":true,"href":"https:\/\/www.cidademarketing.com.br\/marketing\/wp-json\/wp\/v2\/categories?post=56499"},{"taxonomy":"post_tag","embeddable":true,"href":"https:\/\/www.cidademarketing.com.br\/marketing\/wp-json\/wp\/v2\/tags?post=56499"}],"curies":[{"name":"wp","href":"https:\/\/api.w.org\/{rel}","templated":true}]}}