{"id":56484,"date":"2025-05-29T00:43:51","date_gmt":"2025-05-29T03:43:51","guid":{"rendered":"https:\/\/www.cidademarketing.com.br\/marketing\/?p=56484"},"modified":"2025-05-29T09:00:09","modified_gmt":"2025-05-29T12:00:09","slug":"joao-fonseca-atrai-olhares-do-mundo-do-tenis","status":"publish","type":"post","link":"https:\/\/www.cidademarketing.com.br\/marketing\/2025\/05\/29\/joao-fonseca-atrai-olhares-do-mundo-do-tenis\/","title":{"rendered":"Jo\u00e3o Fonseca atrai olhares do mundo do t\u00eanis"},"content":{"rendered":"<p>Aos 17 anos, o jovem tenista Jo\u00e3o Fonseca, atual n\u00famero 65 do ranking mundial, vem conquistando o cen\u00e1rio internacional com seu talento, carisma e desempenho impressionante nas quadras. Natural do Rio de Janeiro, Fonseca \u00e9 apontado como uma das maiores promessas do t\u00eanis brasileiro e j\u00e1 come\u00e7a a construir uma trajet\u00f3ria s\u00f3lida rumo \u00e0 elite do esporte mundial.<\/p>\n<p>O nome de Jo\u00e3o Fonseca voltou aos holofotes ap\u00f3s sua estreia marcante em Roland Garros, um dos torneios mais tradicionais do circuito Grand Slam. Em sua primeira participa\u00e7\u00e3o no torneio franc\u00eas, Fonseca venceu com autoridade na estreia, em uma atua\u00e7\u00e3o que chamou aten\u00e7\u00e3o n\u00e3o s\u00f3 dos brasileiros, mas tamb\u00e9m da imprensa internacional. A vit\u00f3ria foi considerada expressiva e consolidou seu nome entre os jovens talentos a serem observados de perto nos pr\u00f3ximos anos.<\/p>\n<p>Com capacidade para duas mil pessoas, a Quadra 7 ficou completamente lotada de torcedores brasileiros para acompanhar a estreia de Jo\u00e3o Fonseca em Roland Garros. Competindo pela primeira vez no Aberto da Fran\u00e7a, o brasileiro, atual n\u00famero 65 do mundo, venceu o polon\u00eas Hubert Hurkacz em uma partida convincente por 3 sets a 0, com parciais de 6\/2, 6\/4 e 6\/2, garantindo sua classifica\u00e7\u00e3o para a pr\u00f3xima fase. Na segunda rodada, o jovem fen\u00f4meno do t\u00eanis enfrentar\u00e1 o franc\u00eas Pierre-Hugues Herbert, n\u00famero 147 do ranking mundial. O jogo est\u00e1 previsto para amanh\u00e3, 29\/05, \u00e0s 10h20, na Quadra 14 \u2014 considerada pelos especialistas uma quadra pequena para o p\u00fablico que deve se concentrar para assistir \u00e0 partida de Jo\u00e3o Fonseca. Al\u00e9m disso, o advers\u00e1rio ter\u00e1 a vantagem de jogar em casa, diante da torcida francesa.<\/p>\n<p data-start=\"83\" data-end=\"832\">O atual campe\u00e3o das Next Gen ATP Finals tornou-se n\u00famero 1 do ranking juvenil em setembro de 2023, entrou no Top 100 do ranking PIF ATP apenas 16 meses depois e atingiu seu melhor ranking na carreira, o 59\u00ba lugar, em mar\u00e7o de 2025, ap\u00f3s chegar \u00e0 terceira rodada do ATP Masters 1000 de Miami. Conquistou seu primeiro t\u00edtulo no ATP Tour em Buenos Aires, em 2025, aos 18 anos, tornando-se o campe\u00e3o mais jovem da Am\u00e9rica do Sul em torneios de n\u00edvel profissional desde Perez-Rold\u00e1n, em 1987, e o brasileiro mais jovem a vencer na Era Aberta. No Australian Open de 2025, conseguiu a maior vit\u00f3ria da carreira ao derrotar o n\u00famero 9 do mundo, Rublev, na primeira rodada, tornando-se o homem mais jovem a vencer um jogador do Top 10 na hist\u00f3ria do torneio.<\/p>\n<p data-start=\"834\" data-end=\"1483\">Em sua cidade natal, Rio de Janeiro, Fonseca fez sua estreia no ATP Tour em 2023 e conquistou suas primeiras vit\u00f3rias na elite sobre o n\u00famero 36, Fils, e o ex-campe\u00e3o Garin, chegando \u00e0s quartas de final em 2024 \u2014 dez anos depois de assistir a vit\u00f3ria de Nadal na mesma competi\u00e7\u00e3o, quando ainda era f\u00e3. No circuito juvenil, brilhou ao vencer o US Open de 2023 na categoria juvenil, garantindo o topo do ranking mundial juvenil ap\u00f3s chegar \u00e0s quartas de final do Australian Open, Roland Garros e Wimbledon naquela temporada. Al\u00e9m disso, em 2022, liderou o Brasil \u00e0 conquista in\u00e9dita da Junior Davis Cup com um recorde invicto de 6 vit\u00f3rias em simples.<\/p>\n<p>Seu estilo agressivo, combinado com muita t\u00e9cnica e maturidade emocional, vem impressionando especialistas e \u00eddolos do t\u00eanis. Jo\u00e3o \u00e9 frequentemente elogiado pela postura em quadra e pela forma como se comunica com o p\u00fablico, sempre com energia positiva e respeito ao esporte.<\/p>\n<p>A ascens\u00e3o mete\u00f3rica do jovem carioca j\u00e1 se reflete fora das quadras. Durante suas partidas em Roland Garros, filas se formam para garantir um lugar nas arquibancadas. A presen\u00e7a do brasileiro tem gerado euforia entre os torcedores, especialmente entre os mais jovens, que se identificam com a nova gera\u00e7\u00e3o do t\u00eanis nacional.<\/p>\n<p>Fonseca n\u00e3o apenas representa uma nova esperan\u00e7a para o esporte brasileiro como tamb\u00e9m j\u00e1 movimenta o mercado de patroc\u00ednios e comunica\u00e7\u00e3o. Sua imagem jovem, talentosa e aut\u00eantica tem atra\u00eddo marcas e entusiastas do esporte, o que pode indicar uma carreira de grande proje\u00e7\u00e3o dentro e fora das quadras.\u00a0 Jo\u00e3o Fonseca conta com o patroc\u00ednio das marcas On, XP Investimentos, Yonex Tennis, Rolex e Yes Tennis RJ.<\/p>\n","protected":false},"excerpt":{"rendered":"<p>Aos 17 anos, o jovem tenista Jo\u00e3o Fonseca, atual n\u00famero 65 do ranking mundial, vem conquistando o cen\u00e1rio internacional com seu talento, carisma e desempenho impressionante nas quadras. Natural do Rio de Janeiro, Fonseca \u00e9 apontado como uma das maiores promessas do t\u00eanis brasileiro e j\u00e1 come\u00e7a a construir uma trajet\u00f3ria s\u00f3lida rumo \u00e0 elite [&hellip;]<\/p>\n","protected":false},"author":1,"featured_media":55410,"comment_status":"open","ping_status":"open","sticky":false,"template":"","format":"standard","meta":{"tdm_status":"","tdm_grid_status":"","footnotes":""},"categories":[6],"tags":[147,33,5840,6998,6760,28,6843,1448,6767],"class_list":["post-56484","post","type-post","status-publish","format-standard","has-post-thumbnail","hentry","category-noticias","tag-brasil","tag-estrategia","tag-franca","tag-grand-slam","tag-joao-fonseca","tag-marketing","tag-roland-garros","tag-tenis","tag-tenista"],"yoast_head":"<!-- This site is optimized with the Yoast SEO plugin v27.4 - https:\/\/yoast.com\/product\/yoast-seo-wordpress\/ -->\n<title>Jo\u00e3o Fonseca atrai olhares do mundo do t\u00eanis - CidadeMarketing<\/title>\n<meta name=\"robots\" content=\"index, follow, max-snippet:-1, max-image-preview:large, max-video-preview:-1\" \/>\n<link rel=\"canonical\" href=\"https:\/\/www.cidademarketing.com.br\/marketing\/2025\/05\/29\/joao-fonseca-atrai-olhares-do-mundo-do-tenis\/\" \/>\n<meta property=\"og:locale\" content=\"pt_BR\" \/>\n<meta property=\"og:type\" content=\"article\" \/>\n<meta property=\"og:title\" content=\"Jo\u00e3o Fonseca atrai olhares do mundo do t\u00eanis - CidadeMarketing\" \/>\n<meta property=\"og:description\" content=\"Aos 17 anos, o jovem tenista Jo\u00e3o Fonseca, atual n\u00famero 65 do ranking mundial, vem conquistando o cen\u00e1rio internacional com seu talento, carisma e desempenho impressionante nas quadras. Natural do Rio de Janeiro, Fonseca \u00e9 apontado como uma das maiores promessas do t\u00eanis brasileiro e j\u00e1 come\u00e7a a construir uma trajet\u00f3ria s\u00f3lida rumo \u00e0 elite [&hellip;]\" \/>\n<meta property=\"og:url\" content=\"https:\/\/www.cidademarketing.com.br\/marketing\/2025\/05\/29\/joao-fonseca-atrai-olhares-do-mundo-do-tenis\/\" \/>\n<meta property=\"og:site_name\" content=\"CidadeMarketing\" \/>\n<meta property=\"article:publisher\" content=\"https:\/\/www.facebook.com\/portalcidademarketing\" \/>\n<meta property=\"article:author\" content=\"https:\/\/www.facebook.com\/thalesbrandao\" \/>\n<meta property=\"article:published_time\" content=\"2025-05-29T03:43:51+00:00\" \/>\n<meta property=\"article:modified_time\" content=\"2025-05-29T12:00:09+00:00\" \/>\n<meta property=\"og:image\" content=\"https:\/\/www.cidademarketing.com.br\/marketing\/wp-content\/uploads\/2025\/03\/joaofonseca_tenista.webp\" \/>\n\t<meta property=\"og:image:width\" content=\"647\" \/>\n\t<meta property=\"og:image:height\" content=\"824\" \/>\n\t<meta property=\"og:image:type\" content=\"image\/webp\" \/>\n<meta name=\"author\" content=\"Thales Brand\u00e3o\" \/>\n<meta name=\"twitter:card\" content=\"summary_large_image\" \/>\n<meta name=\"twitter:creator\" content=\"@http:\/\/www.twitter.com\/thalesbrandao\" \/>\n<meta name=\"twitter:site\" content=\"@CidadeMarketing\" \/>\n<meta name=\"twitter:label1\" content=\"Escrito por\" \/>\n\t<meta name=\"twitter:data1\" content=\"Thales Brand\u00e3o\" \/>\n\t<meta name=\"twitter:label2\" content=\"Est. tempo de leitura\" \/>\n\t<meta name=\"twitter:data2\" content=\"4 minutos\" \/>\n<script type=\"application\/ld+json\" class=\"yoast-schema-graph\">{\"@context\":\"https:\\\/\\\/schema.org\",\"@graph\":[{\"@type\":\"Article\",\"@id\":\"https:\\\/\\\/www.cidademarketing.com.br\\\/marketing\\\/2025\\\/05\\\/29\\\/joao-fonseca-atrai-olhares-do-mundo-do-tenis\\\/#article\",\"isPartOf\":{\"@id\":\"https:\\\/\\\/www.cidademarketing.com.br\\\/marketing\\\/2025\\\/05\\\/29\\\/joao-fonseca-atrai-olhares-do-mundo-do-tenis\\\/\"},\"author\":{\"name\":\"Thales Brand\u00e3o\",\"@id\":\"https:\\\/\\\/www.cidademarketing.com.br\\\/marketing\\\/#\\\/schema\\\/person\\\/02daff9f18bd9378c9e01eb6b2db155f\"},\"headline\":\"Jo\u00e3o Fonseca atrai olhares do mundo do t\u00eanis\",\"datePublished\":\"2025-05-29T03:43:51+00:00\",\"dateModified\":\"2025-05-29T12:00:09+00:00\",\"mainEntityOfPage\":{\"@id\":\"https:\\\/\\\/www.cidademarketing.com.br\\\/marketing\\\/2025\\\/05\\\/29\\\/joao-fonseca-atrai-olhares-do-mundo-do-tenis\\\/\"},\"wordCount\":718,\"commentCount\":0,\"publisher\":{\"@id\":\"https:\\\/\\\/www.cidademarketing.com.br\\\/marketing\\\/#organization\"},\"image\":{\"@id\":\"https:\\\/\\\/www.cidademarketing.com.br\\\/marketing\\\/2025\\\/05\\\/29\\\/joao-fonseca-atrai-olhares-do-mundo-do-tenis\\\/#primaryimage\"},\"thumbnailUrl\":\"https:\\\/\\\/www.cidademarketing.com.br\\\/marketing\\\/wp-content\\\/uploads\\\/2025\\\/03\\\/joaofonseca_tenista.webp\",\"keywords\":[\"Brasil\",\"estrat\u00e9gia\",\"Fran\u00e7a\",\"Grand Slam\",\"Jo\u00e3o Fonseca\",\"marketing\",\"Roland-Garros\",\"t\u00eanis\",\"tenista\"],\"articleSection\":[\"Not\u00edcias\"],\"inLanguage\":\"pt-BR\",\"potentialAction\":[{\"@type\":\"CommentAction\",\"name\":\"Comment\",\"target\":[\"https:\\\/\\\/www.cidademarketing.com.br\\\/marketing\\\/2025\\\/05\\\/29\\\/joao-fonseca-atrai-olhares-do-mundo-do-tenis\\\/#respond\"]}]},{\"@type\":\"WebPage\",\"@id\":\"https:\\\/\\\/www.cidademarketing.com.br\\\/marketing\\\/2025\\\/05\\\/29\\\/joao-fonseca-atrai-olhares-do-mundo-do-tenis\\\/\",\"url\":\"https:\\\/\\\/www.cidademarketing.com.br\\\/marketing\\\/2025\\\/05\\\/29\\\/joao-fonseca-atrai-olhares-do-mundo-do-tenis\\\/\",\"name\":\"Jo\u00e3o Fonseca atrai olhares do mundo do t\u00eanis - CidadeMarketing\",\"isPartOf\":{\"@id\":\"https:\\\/\\\/www.cidademarketing.com.br\\\/marketing\\\/#website\"},\"primaryImageOfPage\":{\"@id\":\"https:\\\/\\\/www.cidademarketing.com.br\\\/marketing\\\/2025\\\/05\\\/29\\\/joao-fonseca-atrai-olhares-do-mundo-do-tenis\\\/#primaryimage\"},\"image\":{\"@id\":\"https:\\\/\\\/www.cidademarketing.com.br\\\/marketing\\\/2025\\\/05\\\/29\\\/joao-fonseca-atrai-olhares-do-mundo-do-tenis\\\/#primaryimage\"},\"thumbnailUrl\":\"https:\\\/\\\/www.cidademarketing.com.br\\\/marketing\\\/wp-content\\\/uploads\\\/2025\\\/03\\\/joaofonseca_tenista.webp\",\"datePublished\":\"2025-05-29T03:43:51+00:00\",\"dateModified\":\"2025-05-29T12:00:09+00:00\",\"breadcrumb\":{\"@id\":\"https:\\\/\\\/www.cidademarketing.com.br\\\/marketing\\\/2025\\\/05\\\/29\\\/joao-fonseca-atrai-olhares-do-mundo-do-tenis\\\/#breadcrumb\"},\"inLanguage\":\"pt-BR\",\"potentialAction\":[{\"@type\":\"ReadAction\",\"target\":[\"https:\\\/\\\/www.cidademarketing.com.br\\\/marketing\\\/2025\\\/05\\\/29\\\/joao-fonseca-atrai-olhares-do-mundo-do-tenis\\\/\"]}]},{\"@type\":\"ImageObject\",\"inLanguage\":\"pt-BR\",\"@id\":\"https:\\\/\\\/www.cidademarketing.com.br\\\/marketing\\\/2025\\\/05\\\/29\\\/joao-fonseca-atrai-olhares-do-mundo-do-tenis\\\/#primaryimage\",\"url\":\"https:\\\/\\\/www.cidademarketing.com.br\\\/marketing\\\/wp-content\\\/uploads\\\/2025\\\/03\\\/joaofonseca_tenista.webp\",\"contentUrl\":\"https:\\\/\\\/www.cidademarketing.com.br\\\/marketing\\\/wp-content\\\/uploads\\\/2025\\\/03\\\/joaofonseca_tenista.webp\",\"width\":647,\"height\":824,\"caption\":\"Divulga\u00e7\u00e3o\\\/Instagram\"},{\"@type\":\"BreadcrumbList\",\"@id\":\"https:\\\/\\\/www.cidademarketing.com.br\\\/marketing\\\/2025\\\/05\\\/29\\\/joao-fonseca-atrai-olhares-do-mundo-do-tenis\\\/#breadcrumb\",\"itemListElement\":[{\"@type\":\"ListItem\",\"position\":1,\"name\":\"In\u00edcio\",\"item\":\"https:\\\/\\\/www.cidademarketing.com.br\\\/marketing\\\/\"},{\"@type\":\"ListItem\",\"position\":2,\"name\":\"Jo\u00e3o Fonseca atrai olhares do mundo do t\u00eanis\"}]},{\"@type\":\"WebSite\",\"@id\":\"https:\\\/\\\/www.cidademarketing.com.br\\\/marketing\\\/#website\",\"url\":\"https:\\\/\\\/www.cidademarketing.com.br\\\/marketing\\\/\",\"name\":\"CidadeMarketing\",\"description\":\"Somos um ve\u00edculo de comunica\u00e7\u00e3o de destaque no Brasil, reconhecido por conte\u00fados nos segmentos de marketing, empreendedorismo e inova\u00e7\u00e3o.\",\"publisher\":{\"@id\":\"https:\\\/\\\/www.cidademarketing.com.br\\\/marketing\\\/#organization\"},\"alternateName\":\"CidadeMarketing\",\"potentialAction\":[{\"@type\":\"SearchAction\",\"target\":{\"@type\":\"EntryPoint\",\"urlTemplate\":\"https:\\\/\\\/www.cidademarketing.com.br\\\/marketing\\\/?s={search_term_string}\"},\"query-input\":{\"@type\":\"PropertyValueSpecification\",\"valueRequired\":true,\"valueName\":\"search_term_string\"}}],\"inLanguage\":\"pt-BR\"},{\"@type\":\"Organization\",\"@id\":\"https:\\\/\\\/www.cidademarketing.com.br\\\/marketing\\\/#organization\",\"name\":\"CidadeMarketing\",\"alternateName\":\"CidadeMarketing\",\"url\":\"https:\\\/\\\/www.cidademarketing.com.br\\\/marketing\\\/\",\"logo\":{\"@type\":\"ImageObject\",\"inLanguage\":\"pt-BR\",\"@id\":\"https:\\\/\\\/www.cidademarketing.com.br\\\/marketing\\\/#\\\/schema\\\/logo\\\/image\\\/\",\"url\":\"https:\\\/\\\/www.cidademarketing.com.br\\\/marketing\\\/wp-content\\\/uploads\\\/2020\\\/01\\\/cidademarketing_marca_mobile.png\",\"contentUrl\":\"https:\\\/\\\/www.cidademarketing.com.br\\\/marketing\\\/wp-content\\\/uploads\\\/2020\\\/01\\\/cidademarketing_marca_mobile.png\",\"width\":230,\"height\":92,\"caption\":\"CidadeMarketing\"},\"image\":{\"@id\":\"https:\\\/\\\/www.cidademarketing.com.br\\\/marketing\\\/#\\\/schema\\\/logo\\\/image\\\/\"},\"sameAs\":[\"https:\\\/\\\/www.facebook.com\\\/portalcidademarketing\",\"https:\\\/\\\/x.com\\\/CidadeMarketing\",\"https:\\\/\\\/www.instagram.com\\\/cidademarketing\\\/\"]},{\"@type\":\"Person\",\"@id\":\"https:\\\/\\\/www.cidademarketing.com.br\\\/marketing\\\/#\\\/schema\\\/person\\\/02daff9f18bd9378c9e01eb6b2db155f\",\"name\":\"Thales Brand\u00e3o\",\"image\":{\"@type\":\"ImageObject\",\"inLanguage\":\"pt-BR\",\"@id\":\"https:\\\/\\\/secure.gravatar.com\\\/avatar\\\/7ca3206950207cc3cb48feec56a8a7898741ab725c368d99d5d7a5a50aab80c6?s=96&d=mm&r=g\",\"url\":\"https:\\\/\\\/secure.gravatar.com\\\/avatar\\\/7ca3206950207cc3cb48feec56a8a7898741ab725c368d99d5d7a5a50aab80c6?s=96&d=mm&r=g\",\"contentUrl\":\"https:\\\/\\\/secure.gravatar.com\\\/avatar\\\/7ca3206950207cc3cb48feec56a8a7898741ab725c368d99d5d7a5a50aab80c6?s=96&d=mm&r=g\",\"caption\":\"Thales Brand\u00e3o\"},\"description\":\"Editor Executivo do Portal CidadeMarketing.com.br &gt; Mestre em Comunica\u00e7\u00e3o e Sociedade pela Universidade Federal de Sergipe. Possui MBA Executivo em Administra\u00e7\u00e3o com \u00eanfase em Marketing pela Funda\u00e7\u00e3o Get\u00falio Vargas - Rio de Janeiro. Consultor, Palestrante e Pesquisador sobre Empreendedorismo, Marketing, Redes Sociais e Neg\u00f3cios Digitais. Professor, Palestrante TedxTalks e Campus Party. Twitter: @ThalesBrandao\",\"sameAs\":[\"http:\\\/\\\/www.mandacaru.com.br\",\"https:\\\/\\\/www.facebook.com\\\/thalesbrandao\",\"http:\\\/\\\/www.instagram.com.br\\\/thalesbrandaoferreira\",\"https:\\\/\\\/www.linkedin.com\\\/in\\\/thales-brand\u00e3o-3948609\\\/\",\"https:\\\/\\\/x.com\\\/http:\\\/\\\/www.twitter.com\\\/thalesbrandao\"],\"url\":\"https:\\\/\\\/www.cidademarketing.com.br\\\/marketing\\\/author\\\/thalesbrandao\\\/\"}]}<\/script>\n<!-- \/ Yoast SEO plugin. -->","yoast_head_json":{"title":"Jo\u00e3o Fonseca atrai olhares do mundo do t\u00eanis - CidadeMarketing","robots":{"index":"index","follow":"follow","max-snippet":"max-snippet:-1","max-image-preview":"max-image-preview:large","max-video-preview":"max-video-preview:-1"},"canonical":"https:\/\/www.cidademarketing.com.br\/marketing\/2025\/05\/29\/joao-fonseca-atrai-olhares-do-mundo-do-tenis\/","og_locale":"pt_BR","og_type":"article","og_title":"Jo\u00e3o Fonseca atrai olhares do mundo do t\u00eanis - CidadeMarketing","og_description":"Aos 17 anos, o jovem tenista Jo\u00e3o Fonseca, atual n\u00famero 65 do ranking mundial, vem conquistando o cen\u00e1rio internacional com seu talento, carisma e desempenho impressionante nas quadras. Natural do Rio de Janeiro, Fonseca \u00e9 apontado como uma das maiores promessas do t\u00eanis brasileiro e j\u00e1 come\u00e7a a construir uma trajet\u00f3ria s\u00f3lida rumo \u00e0 elite [&hellip;]","og_url":"https:\/\/www.cidademarketing.com.br\/marketing\/2025\/05\/29\/joao-fonseca-atrai-olhares-do-mundo-do-tenis\/","og_site_name":"CidadeMarketing","article_publisher":"https:\/\/www.facebook.com\/portalcidademarketing","article_author":"https:\/\/www.facebook.com\/thalesbrandao","article_published_time":"2025-05-29T03:43:51+00:00","article_modified_time":"2025-05-29T12:00:09+00:00","og_image":[{"width":647,"height":824,"url":"https:\/\/www.cidademarketing.com.br\/marketing\/wp-content\/uploads\/2025\/03\/joaofonseca_tenista.webp","type":"image\/webp"}],"author":"Thales Brand\u00e3o","twitter_card":"summary_large_image","twitter_creator":"@http:\/\/www.twitter.com\/thalesbrandao","twitter_site":"@CidadeMarketing","twitter_misc":{"Escrito por":"Thales Brand\u00e3o","Est. tempo de leitura":"4 minutos"},"schema":{"@context":"https:\/\/schema.org","@graph":[{"@type":"Article","@id":"https:\/\/www.cidademarketing.com.br\/marketing\/2025\/05\/29\/joao-fonseca-atrai-olhares-do-mundo-do-tenis\/#article","isPartOf":{"@id":"https:\/\/www.cidademarketing.com.br\/marketing\/2025\/05\/29\/joao-fonseca-atrai-olhares-do-mundo-do-tenis\/"},"author":{"name":"Thales Brand\u00e3o","@id":"https:\/\/www.cidademarketing.com.br\/marketing\/#\/schema\/person\/02daff9f18bd9378c9e01eb6b2db155f"},"headline":"Jo\u00e3o Fonseca atrai olhares do mundo do t\u00eanis","datePublished":"2025-05-29T03:43:51+00:00","dateModified":"2025-05-29T12:00:09+00:00","mainEntityOfPage":{"@id":"https:\/\/www.cidademarketing.com.br\/marketing\/2025\/05\/29\/joao-fonseca-atrai-olhares-do-mundo-do-tenis\/"},"wordCount":718,"commentCount":0,"publisher":{"@id":"https:\/\/www.cidademarketing.com.br\/marketing\/#organization"},"image":{"@id":"https:\/\/www.cidademarketing.com.br\/marketing\/2025\/05\/29\/joao-fonseca-atrai-olhares-do-mundo-do-tenis\/#primaryimage"},"thumbnailUrl":"https:\/\/www.cidademarketing.com.br\/marketing\/wp-content\/uploads\/2025\/03\/joaofonseca_tenista.webp","keywords":["Brasil","estrat\u00e9gia","Fran\u00e7a","Grand Slam","Jo\u00e3o Fonseca","marketing","Roland-Garros","t\u00eanis","tenista"],"articleSection":["Not\u00edcias"],"inLanguage":"pt-BR","potentialAction":[{"@type":"CommentAction","name":"Comment","target":["https:\/\/www.cidademarketing.com.br\/marketing\/2025\/05\/29\/joao-fonseca-atrai-olhares-do-mundo-do-tenis\/#respond"]}]},{"@type":"WebPage","@id":"https:\/\/www.cidademarketing.com.br\/marketing\/2025\/05\/29\/joao-fonseca-atrai-olhares-do-mundo-do-tenis\/","url":"https:\/\/www.cidademarketing.com.br\/marketing\/2025\/05\/29\/joao-fonseca-atrai-olhares-do-mundo-do-tenis\/","name":"Jo\u00e3o Fonseca atrai olhares do mundo do t\u00eanis - CidadeMarketing","isPartOf":{"@id":"https:\/\/www.cidademarketing.com.br\/marketing\/#website"},"primaryImageOfPage":{"@id":"https:\/\/www.cidademarketing.com.br\/marketing\/2025\/05\/29\/joao-fonseca-atrai-olhares-do-mundo-do-tenis\/#primaryimage"},"image":{"@id":"https:\/\/www.cidademarketing.com.br\/marketing\/2025\/05\/29\/joao-fonseca-atrai-olhares-do-mundo-do-tenis\/#primaryimage"},"thumbnailUrl":"https:\/\/www.cidademarketing.com.br\/marketing\/wp-content\/uploads\/2025\/03\/joaofonseca_tenista.webp","datePublished":"2025-05-29T03:43:51+00:00","dateModified":"2025-05-29T12:00:09+00:00","breadcrumb":{"@id":"https:\/\/www.cidademarketing.com.br\/marketing\/2025\/05\/29\/joao-fonseca-atrai-olhares-do-mundo-do-tenis\/#breadcrumb"},"inLanguage":"pt-BR","potentialAction":[{"@type":"ReadAction","target":["https:\/\/www.cidademarketing.com.br\/marketing\/2025\/05\/29\/joao-fonseca-atrai-olhares-do-mundo-do-tenis\/"]}]},{"@type":"ImageObject","inLanguage":"pt-BR","@id":"https:\/\/www.cidademarketing.com.br\/marketing\/2025\/05\/29\/joao-fonseca-atrai-olhares-do-mundo-do-tenis\/#primaryimage","url":"https:\/\/www.cidademarketing.com.br\/marketing\/wp-content\/uploads\/2025\/03\/joaofonseca_tenista.webp","contentUrl":"https:\/\/www.cidademarketing.com.br\/marketing\/wp-content\/uploads\/2025\/03\/joaofonseca_tenista.webp","width":647,"height":824,"caption":"Divulga\u00e7\u00e3o\/Instagram"},{"@type":"BreadcrumbList","@id":"https:\/\/www.cidademarketing.com.br\/marketing\/2025\/05\/29\/joao-fonseca-atrai-olhares-do-mundo-do-tenis\/#breadcrumb","itemListElement":[{"@type":"ListItem","position":1,"name":"In\u00edcio","item":"https:\/\/www.cidademarketing.com.br\/marketing\/"},{"@type":"ListItem","position":2,"name":"Jo\u00e3o Fonseca atrai olhares do mundo do t\u00eanis"}]},{"@type":"WebSite","@id":"https:\/\/www.cidademarketing.com.br\/marketing\/#website","url":"https:\/\/www.cidademarketing.com.br\/marketing\/","name":"CidadeMarketing","description":"Somos um ve\u00edculo de comunica\u00e7\u00e3o de destaque no Brasil, reconhecido por conte\u00fados nos segmentos de marketing, empreendedorismo e inova\u00e7\u00e3o.","publisher":{"@id":"https:\/\/www.cidademarketing.com.br\/marketing\/#organization"},"alternateName":"CidadeMarketing","potentialAction":[{"@type":"SearchAction","target":{"@type":"EntryPoint","urlTemplate":"https:\/\/www.cidademarketing.com.br\/marketing\/?s={search_term_string}"},"query-input":{"@type":"PropertyValueSpecification","valueRequired":true,"valueName":"search_term_string"}}],"inLanguage":"pt-BR"},{"@type":"Organization","@id":"https:\/\/www.cidademarketing.com.br\/marketing\/#organization","name":"CidadeMarketing","alternateName":"CidadeMarketing","url":"https:\/\/www.cidademarketing.com.br\/marketing\/","logo":{"@type":"ImageObject","inLanguage":"pt-BR","@id":"https:\/\/www.cidademarketing.com.br\/marketing\/#\/schema\/logo\/image\/","url":"https:\/\/www.cidademarketing.com.br\/marketing\/wp-content\/uploads\/2020\/01\/cidademarketing_marca_mobile.png","contentUrl":"https:\/\/www.cidademarketing.com.br\/marketing\/wp-content\/uploads\/2020\/01\/cidademarketing_marca_mobile.png","width":230,"height":92,"caption":"CidadeMarketing"},"image":{"@id":"https:\/\/www.cidademarketing.com.br\/marketing\/#\/schema\/logo\/image\/"},"sameAs":["https:\/\/www.facebook.com\/portalcidademarketing","https:\/\/x.com\/CidadeMarketing","https:\/\/www.instagram.com\/cidademarketing\/"]},{"@type":"Person","@id":"https:\/\/www.cidademarketing.com.br\/marketing\/#\/schema\/person\/02daff9f18bd9378c9e01eb6b2db155f","name":"Thales Brand\u00e3o","image":{"@type":"ImageObject","inLanguage":"pt-BR","@id":"https:\/\/secure.gravatar.com\/avatar\/7ca3206950207cc3cb48feec56a8a7898741ab725c368d99d5d7a5a50aab80c6?s=96&d=mm&r=g","url":"https:\/\/secure.gravatar.com\/avatar\/7ca3206950207cc3cb48feec56a8a7898741ab725c368d99d5d7a5a50aab80c6?s=96&d=mm&r=g","contentUrl":"https:\/\/secure.gravatar.com\/avatar\/7ca3206950207cc3cb48feec56a8a7898741ab725c368d99d5d7a5a50aab80c6?s=96&d=mm&r=g","caption":"Thales Brand\u00e3o"},"description":"Editor Executivo do Portal CidadeMarketing.com.br &gt; Mestre em Comunica\u00e7\u00e3o e Sociedade pela Universidade Federal de Sergipe. Possui MBA Executivo em Administra\u00e7\u00e3o com \u00eanfase em Marketing pela Funda\u00e7\u00e3o Get\u00falio Vargas - Rio de Janeiro. Consultor, Palestrante e Pesquisador sobre Empreendedorismo, Marketing, Redes Sociais e Neg\u00f3cios Digitais. Professor, Palestrante TedxTalks e Campus Party. Twitter: @ThalesBrandao","sameAs":["http:\/\/www.mandacaru.com.br","https:\/\/www.facebook.com\/thalesbrandao","http:\/\/www.instagram.com.br\/thalesbrandaoferreira","https:\/\/www.linkedin.com\/in\/thales-brand\u00e3o-3948609\/","https:\/\/x.com\/http:\/\/www.twitter.com\/thalesbrandao"],"url":"https:\/\/www.cidademarketing.com.br\/marketing\/author\/thalesbrandao\/"}]}},"amp_enabled":true,"_links":{"self":[{"href":"https:\/\/www.cidademarketing.com.br\/marketing\/wp-json\/wp\/v2\/posts\/56484","targetHints":{"allow":["GET"]}}],"collection":[{"href":"https:\/\/www.cidademarketing.com.br\/marketing\/wp-json\/wp\/v2\/posts"}],"about":[{"href":"https:\/\/www.cidademarketing.com.br\/marketing\/wp-json\/wp\/v2\/types\/post"}],"author":[{"embeddable":true,"href":"https:\/\/www.cidademarketing.com.br\/marketing\/wp-json\/wp\/v2\/users\/1"}],"replies":[{"embeddable":true,"href":"https:\/\/www.cidademarketing.com.br\/marketing\/wp-json\/wp\/v2\/comments?post=56484"}],"version-history":[{"count":4,"href":"https:\/\/www.cidademarketing.com.br\/marketing\/wp-json\/wp\/v2\/posts\/56484\/revisions"}],"predecessor-version":[{"id":56498,"href":"https:\/\/www.cidademarketing.com.br\/marketing\/wp-json\/wp\/v2\/posts\/56484\/revisions\/56498"}],"wp:featuredmedia":[{"embeddable":true,"href":"https:\/\/www.cidademarketing.com.br\/marketing\/wp-json\/wp\/v2\/media\/55410"}],"wp:attachment":[{"href":"https:\/\/www.cidademarketing.com.br\/marketing\/wp-json\/wp\/v2\/media?parent=56484"}],"wp:term":[{"taxonomy":"category","embeddable":true,"href":"https:\/\/www.cidademarketing.com.br\/marketing\/wp-json\/wp\/v2\/categories?post=56484"},{"taxonomy":"post_tag","embeddable":true,"href":"https:\/\/www.cidademarketing.com.br\/marketing\/wp-json\/wp\/v2\/tags?post=56484"}],"curies":[{"name":"wp","href":"https:\/\/api.w.org\/{rel}","templated":true}]}}