{"id":56192,"date":"2025-05-05T13:17:14","date_gmt":"2025-05-05T16:17:14","guid":{"rendered":"https:\/\/www.cidademarketing.com.br\/marketing\/?p=56192"},"modified":"2025-05-05T13:22:05","modified_gmt":"2025-05-05T16:22:05","slug":"dia-das-maes-jardim-em-miniatura-lanca-catalogo-exclusivo-de-terrarios-e-mini-jardins","status":"publish","type":"post","link":"https:\/\/www.cidademarketing.com.br\/marketing\/2025\/05\/05\/dia-das-maes-jardim-em-miniatura-lanca-catalogo-exclusivo-de-terrarios-e-mini-jardins\/","title":{"rendered":"Dia das M\u00e3es: Jardim em Miniatura lan\u00e7a cat\u00e1logo exclusivo de terr\u00e1rios e mini jardins"},"content":{"rendered":"<p>O Dia das M\u00e3es \u00e9 uma das datas mais emocionantes do ano \u2014 um momento para celebrar o amor incondicional, a presen\u00e7a cuidadosa e as mem\u00f3rias que s\u00f3 uma m\u00e3e \u00e9 capaz de construir com seus filhos. Presentear nessa ocasi\u00e3o vai al\u00e9m de um gesto simb\u00f3lico: \u00e9 uma forma de eternizar afeto e gratid\u00e3o. Em um mundo onde o imediatismo domina, oferecer algo que conecta \u00e0 natureza, com significado e durabilidade, se torna ainda mais especial. Um presente que une beleza, vida e hist\u00f3ria tem o poder de transformar o ambiente e fortalecer v\u00ednculos afetivos \u2014 e \u00e9 exatamente isso que os terr\u00e1rios e mini jardins oferecem.<\/p>\n<blockquote class=\"instagram-media\" style=\"background: #FFF; border: 0; border-radius: 3px; box-shadow: 0 0 1px 0 rgba(0,0,0,0.5),0 1px 10px 0 rgba(0,0,0,0.15); margin: 1px; max-width: 540px; min-width: 326px; padding: 0; width: calc(100% - 2px);\" data-instgrm-captioned=\"\" data-instgrm-permalink=\"https:\/\/www.instagram.com\/reel\/DJIh8fiO5wh\/?utm_source=ig_embed&amp;utm_campaign=loading\" data-instgrm-version=\"14\">\n<div style=\"padding: 16px;\">\n<p>&nbsp;<\/p>\n<div style=\"display: flex; flex-direction: row; align-items: center;\">\n<div style=\"background-color: #f4f4f4; border-radius: 50%; flex-grow: 0; height: 40px; margin-right: 14px; width: 40px;\"><\/div>\n<div style=\"display: flex; flex-direction: column; flex-grow: 1; justify-content: center;\">\n<div style=\"background-color: #f4f4f4; border-radius: 4px; flex-grow: 0; height: 14px; margin-bottom: 6px; width: 100px;\"><\/div>\n<div style=\"background-color: #f4f4f4; border-radius: 4px; flex-grow: 0; height: 14px; width: 60px;\"><\/div>\n<\/div>\n<\/div>\n<div style=\"padding: 19% 0;\"><\/div>\n<div style=\"display: block; height: 50px; margin: 0 auto 12px; width: 50px;\"><\/div>\n<div style=\"padding-top: 8px;\">\n<div style=\"color: #3897f0; font-family: Arial,sans-serif; font-size: 14px; font-style: normal; font-weight: 550; line-height: 18px;\">Ver essa foto no Instagram<\/div>\n<\/div>\n<div style=\"padding: 12.5% 0;\"><\/div>\n<div style=\"display: flex; flex-direction: row; margin-bottom: 14px; align-items: center;\">\n<div>\n<div style=\"background-color: #f4f4f4; border-radius: 50%; height: 12.5px; width: 12.5px; transform: translateX(0px) translateY(7px);\"><\/div>\n<div style=\"background-color: #f4f4f4; height: 12.5px; transform: rotate(-45deg) translateX(3px) translateY(1px); width: 12.5px; flex-grow: 0; margin-right: 14px; margin-left: 2px;\"><\/div>\n<div style=\"background-color: #f4f4f4; border-radius: 50%; height: 12.5px; width: 12.5px; transform: translateX(9px) translateY(-18px);\"><\/div>\n<\/div>\n<div style=\"margin-left: 8px;\">\n<div style=\"background-color: #f4f4f4; border-radius: 50%; flex-grow: 0; height: 20px; width: 20px;\"><\/div>\n<div style=\"width: 0; height: 0; border-top: 2px solid transparent; border-left: 6px solid #f4f4f4; border-bottom: 2px solid transparent; transform: translateX(16px) translateY(-4px) rotate(30deg);\"><\/div>\n<\/div>\n<div style=\"margin-left: auto;\">\n<div style=\"width: 0px; border-top: 8px solid #F4F4F4; border-right: 8px solid transparent; transform: translateY(16px);\"><\/div>\n<div style=\"background-color: #f4f4f4; flex-grow: 0; height: 12px; width: 16px; transform: translateY(-4px);\"><\/div>\n<div style=\"width: 0; height: 0; border-top: 8px solid #F4F4F4; border-left: 8px solid transparent; transform: translateY(-4px) translateX(8px);\"><\/div>\n<\/div>\n<\/div>\n<div style=\"display: flex; flex-direction: column; flex-grow: 1; justify-content: center; margin-bottom: 24px;\">\n<div style=\"background-color: #f4f4f4; border-radius: 4px; flex-grow: 0; height: 14px; margin-bottom: 6px; width: 224px;\"><\/div>\n<div style=\"background-color: #f4f4f4; border-radius: 4px; flex-grow: 0; height: 14px; width: 144px;\"><\/div>\n<\/div>\n<p>&nbsp;<\/p>\n<p style=\"color: #c9c8cd; font-family: Arial,sans-serif; font-size: 14px; line-height: 17px; margin-bottom: 0; margin-top: 8px; overflow: hidden; padding: 8px 0 7px; text-align: center; text-overflow: ellipsis; white-space: nowrap;\"><a style=\"color: #c9c8cd; font-family: Arial,sans-serif; font-size: 14px; font-style: normal; font-weight: normal; line-height: 17px; text-decoration: none;\" href=\"https:\/\/www.instagram.com\/reel\/DJIh8fiO5wh\/?utm_source=ig_embed&amp;utm_campaign=loading\" target=\"_blank\" rel=\"noopener\">Uma publica\u00e7\u00e3o compartilhada por Jardim em Miniatura (@jardimemminiatura)<\/a><\/p>\n<\/div>\n<\/blockquote>\n<p><script async src=\"\/\/www.instagram.com\/embed.js\"><\/script><\/p>\n<p>Pensando nesse simbolismo, o <a href=\"https:\/\/www.instagram.com\/jardimemminiatura\/\" target=\"_blank\" rel=\"noopener\">Jardim em Miniatura<\/a>, refer\u00eancia nacional em arte bot\u00e2nica, criou um cat\u00e1logo exclusivo para o Dia das M\u00e3es. Especialista na produ\u00e7\u00e3o artesanal de terr\u00e1rios e mini jardins, a marca desenvolve pe\u00e7as \u00fanicas que combinam mini plantas coloridas, pedras ex\u00f3ticas, substrato especial e, em sua maioria, ilumina\u00e7\u00e3o embutida. Os terr\u00e1rios s\u00e3o montados em recipientes de vidro com sistema de drenagem e baixa necessidade de manuten\u00e7\u00e3o \u2014 ideais para ambientes com luz indireta. J\u00e1 os mini jardins s\u00e3o criados em cumbucas de barro r\u00fastico, com composi\u00e7\u00f5es que valorizam a est\u00e9tica nordestina e o toque afetivo da ocasi\u00e3o. A proposta \u00e9 oferecer um presente vivo, repleto de personalidade, ideal para encantar a mam\u00e3e \u2014 ou \u201cmainha\u201d, como dizemos no Nordeste.<br \/>\nTodos os projetos s\u00e3o desenvolvidos com anteced\u00eancia, permitindo a forma\u00e7\u00e3o de um ecossistema vivo e a adaptabilidade das plantas ao ambiente.<\/p>\n\r\n                <style type=\"text\/css\">\r\n                    \r\n                    #tdi_1  .td-doubleSlider-2 .td-item1 {\r\n                        background: url(https:\/\/www.cidademarketing.com.br\/marketing\/wp-content\/uploads\/2025\/05\/diadasmaes_terrario_minijardim_aracaju_salvador_01-80x60.webp) 0 0 no-repeat;\r\n                    }\r\n                    #tdi_1  .td-doubleSlider-2 .td-item2 {\r\n                        background: url(https:\/\/www.cidademarketing.com.br\/marketing\/wp-content\/uploads\/2025\/05\/diadasmaes_terrario_minijardim_aracaju_salvador_02-80x60.webp) 0 0 no-repeat;\r\n                    }\r\n                    #tdi_1  .td-doubleSlider-2 .td-item3 {\r\n                        background: url(https:\/\/www.cidademarketing.com.br\/marketing\/wp-content\/uploads\/2025\/05\/diadasmaes_terrario_minijardim_aracaju_salvador_03-80x60.webp) 0 0 no-repeat;\r\n                    }\r\n                    #tdi_1  .td-doubleSlider-2 .td-item4 {\r\n                        background: url(https:\/\/www.cidademarketing.com.br\/marketing\/wp-content\/uploads\/2025\/05\/diadasmaes_terrario_minijardim_aracaju_salvador_04-80x60.webp) 0 0 no-repeat;\r\n                    }\r\n                    #tdi_1  .td-doubleSlider-2 .td-item5 {\r\n                        background: url(https:\/\/www.cidademarketing.com.br\/marketing\/wp-content\/uploads\/2025\/05\/diadasmaes_terrario_minijardim_aracaju_salvador_05-80x60.webp) 0 0 no-repeat;\r\n                    }\r\n                    #tdi_1  .td-doubleSlider-2 .td-item6 {\r\n                        background: url(https:\/\/www.cidademarketing.com.br\/marketing\/wp-content\/uploads\/2025\/05\/diadasmaes_terrario_minijardim_aracaju_salvador_06-80x60.webp) 0 0 no-repeat;\r\n                    }\r\n                    #tdi_1  .td-doubleSlider-2 .td-item7 {\r\n                        background: url(https:\/\/www.cidademarketing.com.br\/marketing\/wp-content\/uploads\/2025\/05\/diadasmaes_terrario_minijardim_aracaju_salvador_07-80x60.webp) 0 0 no-repeat;\r\n                    }\r\n                    #tdi_1  .td-doubleSlider-2 .td-item8 {\r\n                        background: url(https:\/\/www.cidademarketing.com.br\/marketing\/wp-content\/uploads\/2025\/05\/diadasmaes_terrario_minijardim_aracaju_salvador_08-80x60.webp) 0 0 no-repeat;\r\n                    }\r\n                    #tdi_1  .td-doubleSlider-2 .td-item9 {\r\n                        background: url(https:\/\/www.cidademarketing.com.br\/marketing\/wp-content\/uploads\/2025\/05\/diadasmaes_terrario_minijardim_aracaju_salvador_09-80x60.webp) 0 0 no-repeat;\r\n                    }\r\n                    #tdi_1  .td-doubleSlider-2 .td-item10 {\r\n                        background: url(https:\/\/www.cidademarketing.com.br\/marketing\/wp-content\/uploads\/2025\/05\/diadasmaes_terrario_minijardim_aracaju_salvador_10-80x60.webp) 0 0 no-repeat;\r\n                    }\r\n                    #tdi_1  .td-doubleSlider-2 .td-item11 {\r\n                        background: url(https:\/\/www.cidademarketing.com.br\/marketing\/wp-content\/uploads\/2025\/05\/diadasmaes_terrario_minijardim_aracaju_salvador_11-80x60.webp) 0 0 no-repeat;\r\n                    }\r\n                    #tdi_1  .td-doubleSlider-2 .td-item12 {\r\n                        background: url(https:\/\/www.cidademarketing.com.br\/marketing\/wp-content\/uploads\/2025\/05\/diadasmaes_terrario_minijardim_aracaju_salvador_12-80x60.webp) 0 0 no-repeat;\r\n                    }\r\n                    #tdi_1  .td-doubleSlider-2 .td-item13 {\r\n                        background: url(https:\/\/www.cidademarketing.com.br\/marketing\/wp-content\/uploads\/2025\/05\/diadasmaes_terrario_minijardim_aracaju_salvador_13-80x60.webp) 0 0 no-repeat;\r\n                    }\r\n                    #tdi_1  .td-doubleSlider-2 .td-item14 {\r\n                        background: url(https:\/\/www.cidademarketing.com.br\/marketing\/wp-content\/uploads\/2025\/05\/diadasmaes_terrario_minijardim_aracaju_salvador_14-80x60.webp) 0 0 no-repeat;\r\n                    }\r\n                <\/style>\r\n\r\n                <div id=\"tdi_1\" class=\"td-gallery td-slide-on-2-columns\">\r\n                    <div class=\"post_td_gallery\">\r\n                        <div class=\"td-gallery-slide-top\">\r\n                           <div class=\"td-gallery-title\"><\/div>\r\n\r\n                            <div class=\"td-gallery-controls-wrapper\">\r\n                                <div class=\"td-gallery-slide-count\"><span class=\"td-gallery-slide-item-focus\">1<\/span> de 14<\/div>\r\n                                <div class=\"td-gallery-slide-prev-next-but\">\r\n                                    <i class = \"td-icon-left doubleSliderPrevButton\"><\/i>\r\n                                    <i class = \"td-icon-right doubleSliderNextButton\"><\/i>\r\n                                <\/div>\r\n                            <\/div>\r\n                        <\/div>\r\n\r\n                        <div class = \"td-doubleSlider-1 \">\r\n                            <div class = \"td-slider\">\r\n                                \r\n                    <div class = \"td-slide-item td-item1\">\r\n                        <figure class=\"td-slide-galery-figure td-slide-popup-gallery\">\r\n                            <a class=\"slide-gallery-image-link\" href=\"https:\/\/www.cidademarketing.com.br\/marketing\/wp-content\/uploads\/2025\/05\/diadasmaes_terrario_minijardim_aracaju_salvador_01.webp\" title=\"Jardim em Miniatura lan\u00e7a cat\u00e1logo exclusivo de terr\u00e1rios e mini jardins para o Dia das M\u00e3es\"  data-caption=\"Divulga\u00e7\u00e3o\"  data-description=\"\">\r\n                                <img decoding=\"async\" src=\"https:\/\/www.cidademarketing.com.br\/marketing\/wp-content\/uploads\/2025\/05\/diadasmaes_terrario_minijardim_aracaju_salvador_01-317x420.webp\" srcset=\"https:\/\/www.cidademarketing.com.br\/marketing\/wp-content\/uploads\/2025\/05\/diadasmaes_terrario_minijardim_aracaju_salvador_01-317x420.webp 317w, https:\/\/www.cidademarketing.com.br\/marketing\/wp-content\/uploads\/2025\/05\/diadasmaes_terrario_minijardim_aracaju_salvador_01-226x300.webp 226w, https:\/\/www.cidademarketing.com.br\/marketing\/wp-content\/uploads\/2025\/05\/diadasmaes_terrario_minijardim_aracaju_salvador_01-773x1024.webp 773w, https:\/\/www.cidademarketing.com.br\/marketing\/wp-content\/uploads\/2025\/05\/diadasmaes_terrario_minijardim_aracaju_salvador_01-768x1018.webp 768w, https:\/\/www.cidademarketing.com.br\/marketing\/wp-content\/uploads\/2025\/05\/diadasmaes_terrario_minijardim_aracaju_salvador_01-640x848.webp 640w, https:\/\/www.cidademarketing.com.br\/marketing\/wp-content\/uploads\/2025\/05\/diadasmaes_terrario_minijardim_aracaju_salvador_01-681x902.webp 681w, https:\/\/www.cidademarketing.com.br\/marketing\/wp-content\/uploads\/2025\/05\/diadasmaes_terrario_minijardim_aracaju_salvador_01.webp 1000w\" sizes=\"(max-width: 317px) 100vw, 317px\" alt=\"Os projetos dos Jardim em Miniatura s&atilde;o entregues de forma personalizada para esta data especial, com frete gratuito para a cidade de Aracaju.\">\r\n                            <\/a>\r\n                            <figcaption class = \"td-slide-caption td-gallery-slide-content\"><div class = \"td-gallery-slide-copywrite\">Divulga\u00e7\u00e3o<\/div><\/figcaption>\r\n                        <\/figure>\r\n                    <\/div>\r\n                    <div class = \"td-slide-item td-item2\">\r\n                        <figure class=\"td-slide-galery-figure td-slide-popup-gallery\">\r\n                            <a class=\"slide-gallery-image-link\" href=\"https:\/\/www.cidademarketing.com.br\/marketing\/wp-content\/uploads\/2025\/05\/diadasmaes_terrario_minijardim_aracaju_salvador_02.webp\" title=\"Jardim em Miniatura lan\u00e7a cat\u00e1logo exclusivo de terr\u00e1rios e mini jardins para o Dia das M\u00e3es\"  data-caption=\"Divulga\u00e7\u00e3o\"  data-description=\"\">\r\n                                <img decoding=\"async\" src=\"https:\/\/www.cidademarketing.com.br\/marketing\/wp-content\/uploads\/2025\/05\/diadasmaes_terrario_minijardim_aracaju_salvador_02-317x420.webp\" srcset=\"https:\/\/www.cidademarketing.com.br\/marketing\/wp-content\/uploads\/2025\/05\/diadasmaes_terrario_minijardim_aracaju_salvador_02-317x420.webp 317w, https:\/\/www.cidademarketing.com.br\/marketing\/wp-content\/uploads\/2025\/05\/diadasmaes_terrario_minijardim_aracaju_salvador_02-226x300.webp 226w, https:\/\/www.cidademarketing.com.br\/marketing\/wp-content\/uploads\/2025\/05\/diadasmaes_terrario_minijardim_aracaju_salvador_02-772x1024.webp 772w, https:\/\/www.cidademarketing.com.br\/marketing\/wp-content\/uploads\/2025\/05\/diadasmaes_terrario_minijardim_aracaju_salvador_02-768x1019.webp 768w, https:\/\/www.cidademarketing.com.br\/marketing\/wp-content\/uploads\/2025\/05\/diadasmaes_terrario_minijardim_aracaju_salvador_02-640x849.webp 640w, https:\/\/www.cidademarketing.com.br\/marketing\/wp-content\/uploads\/2025\/05\/diadasmaes_terrario_minijardim_aracaju_salvador_02-681x904.webp 681w, https:\/\/www.cidademarketing.com.br\/marketing\/wp-content\/uploads\/2025\/05\/diadasmaes_terrario_minijardim_aracaju_salvador_02.webp 1000w\" sizes=\"(max-width: 317px) 100vw, 317px\" alt=\"Os projetos dos Jardim em Miniatura s&atilde;o entregues de forma personalizada para esta data especial, com frete gratuito para a cidade de Aracaju.\">\r\n                            <\/a>\r\n                            <figcaption class = \"td-slide-caption td-gallery-slide-content\"><div class = \"td-gallery-slide-copywrite\">Divulga\u00e7\u00e3o<\/div><\/figcaption>\r\n                        <\/figure>\r\n                    <\/div>\r\n                    <div class = \"td-slide-item td-item3\">\r\n                        <figure class=\"td-slide-galery-figure td-slide-popup-gallery\">\r\n                            <a class=\"slide-gallery-image-link\" href=\"https:\/\/www.cidademarketing.com.br\/marketing\/wp-content\/uploads\/2025\/05\/diadasmaes_terrario_minijardim_aracaju_salvador_03.webp\" title=\"Jardim em Miniatura lan\u00e7a cat\u00e1logo exclusivo de terr\u00e1rios e mini jardins para o Dia das M\u00e3es\"  data-caption=\"Divulga\u00e7\u00e3o\"  data-description=\"\">\r\n                                <img decoding=\"async\" src=\"https:\/\/www.cidademarketing.com.br\/marketing\/wp-content\/uploads\/2025\/05\/diadasmaes_terrario_minijardim_aracaju_salvador_03-313x420.webp\" srcset=\"https:\/\/www.cidademarketing.com.br\/marketing\/wp-content\/uploads\/2025\/05\/diadasmaes_terrario_minijardim_aracaju_salvador_03-313x420.webp 313w, https:\/\/www.cidademarketing.com.br\/marketing\/wp-content\/uploads\/2025\/05\/diadasmaes_terrario_minijardim_aracaju_salvador_03-223x300.webp 223w, https:\/\/www.cidademarketing.com.br\/marketing\/wp-content\/uploads\/2025\/05\/diadasmaes_terrario_minijardim_aracaju_salvador_03-762x1024.webp 762w, https:\/\/www.cidademarketing.com.br\/marketing\/wp-content\/uploads\/2025\/05\/diadasmaes_terrario_minijardim_aracaju_salvador_03-768x1031.webp 768w, https:\/\/www.cidademarketing.com.br\/marketing\/wp-content\/uploads\/2025\/05\/diadasmaes_terrario_minijardim_aracaju_salvador_03-640x860.webp 640w, https:\/\/www.cidademarketing.com.br\/marketing\/wp-content\/uploads\/2025\/05\/diadasmaes_terrario_minijardim_aracaju_salvador_03-681x915.webp 681w, https:\/\/www.cidademarketing.com.br\/marketing\/wp-content\/uploads\/2025\/05\/diadasmaes_terrario_minijardim_aracaju_salvador_03.webp 1000w\" sizes=\"(max-width: 313px) 100vw, 313px\" alt=\"Os projetos dos Jardim em Miniatura s&atilde;o entregues de forma personalizada para esta data especial, com frete gratuito para a cidade de Aracaju.\">\r\n                            <\/a>\r\n                            <figcaption class = \"td-slide-caption td-gallery-slide-content\"><div class = \"td-gallery-slide-copywrite\">Divulga\u00e7\u00e3o<\/div><\/figcaption>\r\n                        <\/figure>\r\n                    <\/div>\r\n                    <div class = \"td-slide-item td-item4\">\r\n                        <figure class=\"td-slide-galery-figure td-slide-popup-gallery\">\r\n                            <a class=\"slide-gallery-image-link\" href=\"https:\/\/www.cidademarketing.com.br\/marketing\/wp-content\/uploads\/2025\/05\/diadasmaes_terrario_minijardim_aracaju_salvador_04.webp\" title=\"Jardim em Miniatura lan\u00e7a cat\u00e1logo exclusivo de terr\u00e1rios e mini jardins para o Dia das M\u00e3es\"  data-caption=\"Divulga\u00e7\u00e3o\"  data-description=\"\">\r\n                                <img decoding=\"async\" src=\"https:\/\/www.cidademarketing.com.br\/marketing\/wp-content\/uploads\/2025\/05\/diadasmaes_terrario_minijardim_aracaju_salvador_04-317x420.webp\" srcset=\"https:\/\/www.cidademarketing.com.br\/marketing\/wp-content\/uploads\/2025\/05\/diadasmaes_terrario_minijardim_aracaju_salvador_04-317x420.webp 317w, https:\/\/www.cidademarketing.com.br\/marketing\/wp-content\/uploads\/2025\/05\/diadasmaes_terrario_minijardim_aracaju_salvador_04-226x300.webp 226w, https:\/\/www.cidademarketing.com.br\/marketing\/wp-content\/uploads\/2025\/05\/diadasmaes_terrario_minijardim_aracaju_salvador_04-772x1024.webp 772w, https:\/\/www.cidademarketing.com.br\/marketing\/wp-content\/uploads\/2025\/05\/diadasmaes_terrario_minijardim_aracaju_salvador_04-768x1018.webp 768w, https:\/\/www.cidademarketing.com.br\/marketing\/wp-content\/uploads\/2025\/05\/diadasmaes_terrario_minijardim_aracaju_salvador_04-640x849.webp 640w, https:\/\/www.cidademarketing.com.br\/marketing\/wp-content\/uploads\/2025\/05\/diadasmaes_terrario_minijardim_aracaju_salvador_04-681x903.webp 681w, https:\/\/www.cidademarketing.com.br\/marketing\/wp-content\/uploads\/2025\/05\/diadasmaes_terrario_minijardim_aracaju_salvador_04.webp 1000w\" sizes=\"(max-width: 317px) 100vw, 317px\" alt=\"Os projetos dos Jardim em Miniatura s&atilde;o entregues de forma personalizada para esta data especial, com frete gratuito para a cidade de Aracaju.\">\r\n                            <\/a>\r\n                            <figcaption class = \"td-slide-caption td-gallery-slide-content\"><div class = \"td-gallery-slide-copywrite\">Divulga\u00e7\u00e3o<\/div><\/figcaption>\r\n                        <\/figure>\r\n                    <\/div>\r\n                    <div class = \"td-slide-item td-item5\">\r\n                        <figure class=\"td-slide-galery-figure td-slide-popup-gallery\">\r\n                            <a class=\"slide-gallery-image-link\" href=\"https:\/\/www.cidademarketing.com.br\/marketing\/wp-content\/uploads\/2025\/05\/diadasmaes_terrario_minijardim_aracaju_salvador_05.webp\" title=\"Jardim em Miniatura lan\u00e7a cat\u00e1logo exclusivo de terr\u00e1rios e mini jardins para o Dia das M\u00e3es\"  data-caption=\"Divulga\u00e7\u00e3o\"  data-description=\"\">\r\n                                <img decoding=\"async\" src=\"https:\/\/www.cidademarketing.com.br\/marketing\/wp-content\/uploads\/2025\/05\/diadasmaes_terrario_minijardim_aracaju_salvador_05-318x420.webp\" srcset=\"https:\/\/www.cidademarketing.com.br\/marketing\/wp-content\/uploads\/2025\/05\/diadasmaes_terrario_minijardim_aracaju_salvador_05-318x420.webp 318w, https:\/\/www.cidademarketing.com.br\/marketing\/wp-content\/uploads\/2025\/05\/diadasmaes_terrario_minijardim_aracaju_salvador_05-227x300.webp 227w, https:\/\/www.cidademarketing.com.br\/marketing\/wp-content\/uploads\/2025\/05\/diadasmaes_terrario_minijardim_aracaju_salvador_05-776x1024.webp 776w, https:\/\/www.cidademarketing.com.br\/marketing\/wp-content\/uploads\/2025\/05\/diadasmaes_terrario_minijardim_aracaju_salvador_05-768x1014.webp 768w, https:\/\/www.cidademarketing.com.br\/marketing\/wp-content\/uploads\/2025\/05\/diadasmaes_terrario_minijardim_aracaju_salvador_05-640x845.webp 640w, https:\/\/www.cidademarketing.com.br\/marketing\/wp-content\/uploads\/2025\/05\/diadasmaes_terrario_minijardim_aracaju_salvador_05-681x899.webp 681w, https:\/\/www.cidademarketing.com.br\/marketing\/wp-content\/uploads\/2025\/05\/diadasmaes_terrario_minijardim_aracaju_salvador_05.webp 1000w\" sizes=\"(max-width: 318px) 100vw, 318px\" alt=\"Os projetos dos Jardim em Miniatura s&atilde;o entregues de forma personalizada para esta data especial, com frete gratuito para a cidade de Aracaju.\">\r\n                            <\/a>\r\n                            <figcaption class = \"td-slide-caption td-gallery-slide-content\"><div class = \"td-gallery-slide-copywrite\">Divulga\u00e7\u00e3o<\/div><\/figcaption>\r\n                        <\/figure>\r\n                    <\/div>\r\n                    <div class = \"td-slide-item td-item6\">\r\n                        <figure class=\"td-slide-galery-figure td-slide-popup-gallery\">\r\n                            <a class=\"slide-gallery-image-link\" href=\"https:\/\/www.cidademarketing.com.br\/marketing\/wp-content\/uploads\/2025\/05\/diadasmaes_terrario_minijardim_aracaju_salvador_06.webp\" title=\"Jardim em Miniatura lan\u00e7a cat\u00e1logo exclusivo de terr\u00e1rios e mini jardins para o Dia das M\u00e3es\"  data-caption=\"Divulga\u00e7\u00e3o\"  data-description=\"\">\r\n                                <img decoding=\"async\" src=\"https:\/\/www.cidademarketing.com.br\/marketing\/wp-content\/uploads\/2025\/05\/diadasmaes_terrario_minijardim_aracaju_salvador_06-315x420.webp\" srcset=\"https:\/\/www.cidademarketing.com.br\/marketing\/wp-content\/uploads\/2025\/05\/diadasmaes_terrario_minijardim_aracaju_salvador_06-315x420.webp 315w, https:\/\/www.cidademarketing.com.br\/marketing\/wp-content\/uploads\/2025\/05\/diadasmaes_terrario_minijardim_aracaju_salvador_06-225x300.webp 225w, https:\/\/www.cidademarketing.com.br\/marketing\/wp-content\/uploads\/2025\/05\/diadasmaes_terrario_minijardim_aracaju_salvador_06-769x1024.webp 769w, https:\/\/www.cidademarketing.com.br\/marketing\/wp-content\/uploads\/2025\/05\/diadasmaes_terrario_minijardim_aracaju_salvador_06-768x1023.webp 768w, https:\/\/www.cidademarketing.com.br\/marketing\/wp-content\/uploads\/2025\/05\/diadasmaes_terrario_minijardim_aracaju_salvador_06-640x852.webp 640w, https:\/\/www.cidademarketing.com.br\/marketing\/wp-content\/uploads\/2025\/05\/diadasmaes_terrario_minijardim_aracaju_salvador_06-681x907.webp 681w, https:\/\/www.cidademarketing.com.br\/marketing\/wp-content\/uploads\/2025\/05\/diadasmaes_terrario_minijardim_aracaju_salvador_06.webp 1000w\" sizes=\"(max-width: 315px) 100vw, 315px\" alt=\"Os projetos dos Jardim em Miniatura s&atilde;o entregues de forma personalizada para esta data especial, com frete gratuito para a cidade de Aracaju.\">\r\n                            <\/a>\r\n                            <figcaption class = \"td-slide-caption td-gallery-slide-content\"><div class = \"td-gallery-slide-copywrite\">Divulga\u00e7\u00e3o<\/div><\/figcaption>\r\n                        <\/figure>\r\n                    <\/div>\r\n                    <div class = \"td-slide-item td-item7\">\r\n                        <figure class=\"td-slide-galery-figure td-slide-popup-gallery\">\r\n                            <a class=\"slide-gallery-image-link\" href=\"https:\/\/www.cidademarketing.com.br\/marketing\/wp-content\/uploads\/2025\/05\/diadasmaes_terrario_minijardim_aracaju_salvador_07.webp\" title=\"Jardim em Miniatura lan\u00e7a cat\u00e1logo exclusivo de terr\u00e1rios e mini jardins para o Dia das M\u00e3es\"  data-caption=\"Divulga\u00e7\u00e3o\"  data-description=\"\">\r\n                                <img decoding=\"async\" src=\"https:\/\/www.cidademarketing.com.br\/marketing\/wp-content\/uploads\/2025\/05\/diadasmaes_terrario_minijardim_aracaju_salvador_07-316x420.webp\" srcset=\"https:\/\/www.cidademarketing.com.br\/marketing\/wp-content\/uploads\/2025\/05\/diadasmaes_terrario_minijardim_aracaju_salvador_07-316x420.webp 316w, https:\/\/www.cidademarketing.com.br\/marketing\/wp-content\/uploads\/2025\/05\/diadasmaes_terrario_minijardim_aracaju_salvador_07-226x300.webp 226w, https:\/\/www.cidademarketing.com.br\/marketing\/wp-content\/uploads\/2025\/05\/diadasmaes_terrario_minijardim_aracaju_salvador_07-770x1024.webp 770w, https:\/\/www.cidademarketing.com.br\/marketing\/wp-content\/uploads\/2025\/05\/diadasmaes_terrario_minijardim_aracaju_salvador_07-768x1021.webp 768w, https:\/\/www.cidademarketing.com.br\/marketing\/wp-content\/uploads\/2025\/05\/diadasmaes_terrario_minijardim_aracaju_salvador_07-640x851.webp 640w, https:\/\/www.cidademarketing.com.br\/marketing\/wp-content\/uploads\/2025\/05\/diadasmaes_terrario_minijardim_aracaju_salvador_07-681x906.webp 681w, https:\/\/www.cidademarketing.com.br\/marketing\/wp-content\/uploads\/2025\/05\/diadasmaes_terrario_minijardim_aracaju_salvador_07.webp 1000w\" sizes=\"(max-width: 316px) 100vw, 316px\" alt=\"Os projetos dos Jardim em Miniatura s&atilde;o entregues de forma personalizada para esta data especial, com frete gratuito para a cidade de Aracaju.\">\r\n                            <\/a>\r\n                            <figcaption class = \"td-slide-caption td-gallery-slide-content\"><div class = \"td-gallery-slide-copywrite\">Divulga\u00e7\u00e3o<\/div><\/figcaption>\r\n                        <\/figure>\r\n                    <\/div>\r\n                    <div class = \"td-slide-item td-item8\">\r\n                        <figure class=\"td-slide-galery-figure td-slide-popup-gallery\">\r\n                            <a class=\"slide-gallery-image-link\" href=\"https:\/\/www.cidademarketing.com.br\/marketing\/wp-content\/uploads\/2025\/05\/diadasmaes_terrario_minijardim_aracaju_salvador_08.webp\" title=\"Jardim em Miniatura lan\u00e7a cat\u00e1logo exclusivo de terr\u00e1rios e mini jardins para o Dia das M\u00e3es\"  data-caption=\"Divulga\u00e7\u00e3o\"  data-description=\"\">\r\n                                <img decoding=\"async\" src=\"https:\/\/www.cidademarketing.com.br\/marketing\/wp-content\/uploads\/2025\/05\/diadasmaes_terrario_minijardim_aracaju_salvador_08-317x420.webp\" srcset=\"https:\/\/www.cidademarketing.com.br\/marketing\/wp-content\/uploads\/2025\/05\/diadasmaes_terrario_minijardim_aracaju_salvador_08-317x420.webp 317w, https:\/\/www.cidademarketing.com.br\/marketing\/wp-content\/uploads\/2025\/05\/diadasmaes_terrario_minijardim_aracaju_salvador_08-226x300.webp 226w, https:\/\/www.cidademarketing.com.br\/marketing\/wp-content\/uploads\/2025\/05\/diadasmaes_terrario_minijardim_aracaju_salvador_08-773x1024.webp 773w, https:\/\/www.cidademarketing.com.br\/marketing\/wp-content\/uploads\/2025\/05\/diadasmaes_terrario_minijardim_aracaju_salvador_08-768x1018.webp 768w, https:\/\/www.cidademarketing.com.br\/marketing\/wp-content\/uploads\/2025\/05\/diadasmaes_terrario_minijardim_aracaju_salvador_08-640x848.webp 640w, https:\/\/www.cidademarketing.com.br\/marketing\/wp-content\/uploads\/2025\/05\/diadasmaes_terrario_minijardim_aracaju_salvador_08-681x902.webp 681w, https:\/\/www.cidademarketing.com.br\/marketing\/wp-content\/uploads\/2025\/05\/diadasmaes_terrario_minijardim_aracaju_salvador_08.webp 1000w\" sizes=\"(max-width: 317px) 100vw, 317px\" alt=\"Os projetos dos Jardim em Miniatura s&atilde;o entregues de forma personalizada para esta data especial, com frete gratuito para a cidade de Aracaju.\">\r\n                            <\/a>\r\n                            <figcaption class = \"td-slide-caption td-gallery-slide-content\"><div class = \"td-gallery-slide-copywrite\">Divulga\u00e7\u00e3o<\/div><\/figcaption>\r\n                        <\/figure>\r\n                    <\/div>\r\n                    <div class = \"td-slide-item td-item9\">\r\n                        <figure class=\"td-slide-galery-figure td-slide-popup-gallery\">\r\n                            <a class=\"slide-gallery-image-link\" href=\"https:\/\/www.cidademarketing.com.br\/marketing\/wp-content\/uploads\/2025\/05\/diadasmaes_terrario_minijardim_aracaju_salvador_09.webp\" title=\"Jardim em Miniatura lan\u00e7a cat\u00e1logo exclusivo de terr\u00e1rios e mini jardins para o Dia das M\u00e3es\"  data-caption=\"Divulga\u00e7\u00e3o\"  data-description=\"\">\r\n                                <img decoding=\"async\" src=\"https:\/\/www.cidademarketing.com.br\/marketing\/wp-content\/uploads\/2025\/05\/diadasmaes_terrario_minijardim_aracaju_salvador_09-310x420.webp\" srcset=\"https:\/\/www.cidademarketing.com.br\/marketing\/wp-content\/uploads\/2025\/05\/diadasmaes_terrario_minijardim_aracaju_salvador_09-310x420.webp 310w, https:\/\/www.cidademarketing.com.br\/marketing\/wp-content\/uploads\/2025\/05\/diadasmaes_terrario_minijardim_aracaju_salvador_09-221x300.webp 221w, https:\/\/www.cidademarketing.com.br\/marketing\/wp-content\/uploads\/2025\/05\/diadasmaes_terrario_minijardim_aracaju_salvador_09-756x1024.webp 756w, https:\/\/www.cidademarketing.com.br\/marketing\/wp-content\/uploads\/2025\/05\/diadasmaes_terrario_minijardim_aracaju_salvador_09-768x1041.webp 768w, https:\/\/www.cidademarketing.com.br\/marketing\/wp-content\/uploads\/2025\/05\/diadasmaes_terrario_minijardim_aracaju_salvador_09-640x867.webp 640w, https:\/\/www.cidademarketing.com.br\/marketing\/wp-content\/uploads\/2025\/05\/diadasmaes_terrario_minijardim_aracaju_salvador_09-681x923.webp 681w, https:\/\/www.cidademarketing.com.br\/marketing\/wp-content\/uploads\/2025\/05\/diadasmaes_terrario_minijardim_aracaju_salvador_09.webp 1000w\" sizes=\"(max-width: 310px) 100vw, 310px\" alt=\"Os projetos dos Jardim em Miniatura s&atilde;o entregues de forma personalizada para esta data especial, com frete gratuito para a cidade de Aracaju.\">\r\n                            <\/a>\r\n                            <figcaption class = \"td-slide-caption td-gallery-slide-content\"><div class = \"td-gallery-slide-copywrite\">Divulga\u00e7\u00e3o<\/div><\/figcaption>\r\n                        <\/figure>\r\n                    <\/div>\r\n                    <div class = \"td-slide-item td-item10\">\r\n                        <figure class=\"td-slide-galery-figure td-slide-popup-gallery\">\r\n                            <a class=\"slide-gallery-image-link\" href=\"https:\/\/www.cidademarketing.com.br\/marketing\/wp-content\/uploads\/2025\/05\/diadasmaes_terrario_minijardim_aracaju_salvador_10.webp\" title=\"Jardim em Miniatura lan\u00e7a cat\u00e1logo exclusivo de terr\u00e1rios e mini jardins para o Dia das M\u00e3es\"  data-caption=\"Divulga\u00e7\u00e3o\"  data-description=\"\">\r\n                                <img decoding=\"async\" src=\"https:\/\/www.cidademarketing.com.br\/marketing\/wp-content\/uploads\/2025\/05\/diadasmaes_terrario_minijardim_aracaju_salvador_10-317x420.webp\" srcset=\"https:\/\/www.cidademarketing.com.br\/marketing\/wp-content\/uploads\/2025\/05\/diadasmaes_terrario_minijardim_aracaju_salvador_10-317x420.webp 317w, https:\/\/www.cidademarketing.com.br\/marketing\/wp-content\/uploads\/2025\/05\/diadasmaes_terrario_minijardim_aracaju_salvador_10-227x300.webp 227w, https:\/\/www.cidademarketing.com.br\/marketing\/wp-content\/uploads\/2025\/05\/diadasmaes_terrario_minijardim_aracaju_salvador_10-773x1024.webp 773w, https:\/\/www.cidademarketing.com.br\/marketing\/wp-content\/uploads\/2025\/05\/diadasmaes_terrario_minijardim_aracaju_salvador_10-768x1017.webp 768w, https:\/\/www.cidademarketing.com.br\/marketing\/wp-content\/uploads\/2025\/05\/diadasmaes_terrario_minijardim_aracaju_salvador_10-640x847.webp 640w, https:\/\/www.cidademarketing.com.br\/marketing\/wp-content\/uploads\/2025\/05\/diadasmaes_terrario_minijardim_aracaju_salvador_10-681x902.webp 681w, https:\/\/www.cidademarketing.com.br\/marketing\/wp-content\/uploads\/2025\/05\/diadasmaes_terrario_minijardim_aracaju_salvador_10.webp 1000w\" sizes=\"(max-width: 317px) 100vw, 317px\" alt=\"Os projetos dos Jardim em Miniatura s&atilde;o entregues de forma personalizada para esta data especial, com frete gratuito para a cidade de Aracaju.\">\r\n                            <\/a>\r\n                            <figcaption class = \"td-slide-caption td-gallery-slide-content\"><div class = \"td-gallery-slide-copywrite\">Divulga\u00e7\u00e3o<\/div><\/figcaption>\r\n                        <\/figure>\r\n                    <\/div>\r\n                    <div class = \"td-slide-item td-item11\">\r\n                        <figure class=\"td-slide-galery-figure td-slide-popup-gallery\">\r\n                            <a class=\"slide-gallery-image-link\" href=\"https:\/\/www.cidademarketing.com.br\/marketing\/wp-content\/uploads\/2025\/05\/diadasmaes_terrario_minijardim_aracaju_salvador_11.webp\" title=\"Jardim em Miniatura lan\u00e7a cat\u00e1logo exclusivo de terr\u00e1rios e mini jardins para o Dia das M\u00e3es\"  data-caption=\"Divulga\u00e7\u00e3o\"  data-description=\"\">\r\n                                <img decoding=\"async\" src=\"https:\/\/www.cidademarketing.com.br\/marketing\/wp-content\/uploads\/2025\/05\/diadasmaes_terrario_minijardim_aracaju_salvador_11-313x420.webp\" srcset=\"https:\/\/www.cidademarketing.com.br\/marketing\/wp-content\/uploads\/2025\/05\/diadasmaes_terrario_minijardim_aracaju_salvador_11-313x420.webp 313w, https:\/\/www.cidademarketing.com.br\/marketing\/wp-content\/uploads\/2025\/05\/diadasmaes_terrario_minijardim_aracaju_salvador_11-224x300.webp 224w, https:\/\/www.cidademarketing.com.br\/marketing\/wp-content\/uploads\/2025\/05\/diadasmaes_terrario_minijardim_aracaju_salvador_11-764x1024.webp 764w, https:\/\/www.cidademarketing.com.br\/marketing\/wp-content\/uploads\/2025\/05\/diadasmaes_terrario_minijardim_aracaju_salvador_11-768x1030.webp 768w, https:\/\/www.cidademarketing.com.br\/marketing\/wp-content\/uploads\/2025\/05\/diadasmaes_terrario_minijardim_aracaju_salvador_11-640x858.webp 640w, https:\/\/www.cidademarketing.com.br\/marketing\/wp-content\/uploads\/2025\/05\/diadasmaes_terrario_minijardim_aracaju_salvador_11-681x913.webp 681w, https:\/\/www.cidademarketing.com.br\/marketing\/wp-content\/uploads\/2025\/05\/diadasmaes_terrario_minijardim_aracaju_salvador_11.webp 1000w\" sizes=\"(max-width: 313px) 100vw, 313px\" alt=\"Os projetos dos Jardim em Miniatura s&atilde;o entregues de forma personalizada para esta data especial, com frete gratuito para a cidade de Aracaju.\">\r\n                            <\/a>\r\n                            <figcaption class = \"td-slide-caption td-gallery-slide-content\"><div class = \"td-gallery-slide-copywrite\">Divulga\u00e7\u00e3o<\/div><\/figcaption>\r\n                        <\/figure>\r\n                    <\/div>\r\n                    <div class = \"td-slide-item td-item12\">\r\n                        <figure class=\"td-slide-galery-figure td-slide-popup-gallery\">\r\n                            <a class=\"slide-gallery-image-link\" href=\"https:\/\/www.cidademarketing.com.br\/marketing\/wp-content\/uploads\/2025\/05\/diadasmaes_terrario_minijardim_aracaju_salvador_12.webp\" title=\"Jardim em Miniatura lan\u00e7a cat\u00e1logo exclusivo de terr\u00e1rios e mini jardins para o Dia das M\u00e3es\"  data-caption=\"Divulga\u00e7\u00e3o\"  data-description=\"\">\r\n                                <img decoding=\"async\" src=\"https:\/\/www.cidademarketing.com.br\/marketing\/wp-content\/uploads\/2025\/05\/diadasmaes_terrario_minijardim_aracaju_salvador_12-319x420.webp\" srcset=\"https:\/\/www.cidademarketing.com.br\/marketing\/wp-content\/uploads\/2025\/05\/diadasmaes_terrario_minijardim_aracaju_salvador_12-319x420.webp 319w, https:\/\/www.cidademarketing.com.br\/marketing\/wp-content\/uploads\/2025\/05\/diadasmaes_terrario_minijardim_aracaju_salvador_12-228x300.webp 228w, https:\/\/www.cidademarketing.com.br\/marketing\/wp-content\/uploads\/2025\/05\/diadasmaes_terrario_minijardim_aracaju_salvador_12-777x1024.webp 777w, https:\/\/www.cidademarketing.com.br\/marketing\/wp-content\/uploads\/2025\/05\/diadasmaes_terrario_minijardim_aracaju_salvador_12-768x1012.webp 768w, https:\/\/www.cidademarketing.com.br\/marketing\/wp-content\/uploads\/2025\/05\/diadasmaes_terrario_minijardim_aracaju_salvador_12-640x844.webp 640w, https:\/\/www.cidademarketing.com.br\/marketing\/wp-content\/uploads\/2025\/05\/diadasmaes_terrario_minijardim_aracaju_salvador_12-681x898.webp 681w, https:\/\/www.cidademarketing.com.br\/marketing\/wp-content\/uploads\/2025\/05\/diadasmaes_terrario_minijardim_aracaju_salvador_12.webp 1000w\" sizes=\"(max-width: 319px) 100vw, 319px\" alt=\"Os projetos dos Jardim em Miniatura s&atilde;o entregues de forma personalizada para esta data especial, com frete gratuito para a cidade de Aracaju.\">\r\n                            <\/a>\r\n                            <figcaption class = \"td-slide-caption td-gallery-slide-content\"><div class = \"td-gallery-slide-copywrite\">Divulga\u00e7\u00e3o<\/div><\/figcaption>\r\n                        <\/figure>\r\n                    <\/div>\r\n                    <div class = \"td-slide-item td-item13\">\r\n                        <figure class=\"td-slide-galery-figure td-slide-popup-gallery\">\r\n                            <a class=\"slide-gallery-image-link\" href=\"https:\/\/www.cidademarketing.com.br\/marketing\/wp-content\/uploads\/2025\/05\/diadasmaes_terrario_minijardim_aracaju_salvador_13.webp\" title=\"Jardim em Miniatura lan\u00e7a cat\u00e1logo exclusivo de terr\u00e1rios e mini jardins para o Dia das M\u00e3es\"  data-caption=\"Divulga\u00e7\u00e3o\"  data-description=\"\">\r\n                                <img decoding=\"async\" src=\"https:\/\/www.cidademarketing.com.br\/marketing\/wp-content\/uploads\/2025\/05\/diadasmaes_terrario_minijardim_aracaju_salvador_13-314x420.webp\" srcset=\"https:\/\/www.cidademarketing.com.br\/marketing\/wp-content\/uploads\/2025\/05\/diadasmaes_terrario_minijardim_aracaju_salvador_13-314x420.webp 314w, https:\/\/www.cidademarketing.com.br\/marketing\/wp-content\/uploads\/2025\/05\/diadasmaes_terrario_minijardim_aracaju_salvador_13-225x300.webp 225w, https:\/\/www.cidademarketing.com.br\/marketing\/wp-content\/uploads\/2025\/05\/diadasmaes_terrario_minijardim_aracaju_salvador_13-766x1024.webp 766w, https:\/\/www.cidademarketing.com.br\/marketing\/wp-content\/uploads\/2025\/05\/diadasmaes_terrario_minijardim_aracaju_salvador_13-768x1026.webp 768w, https:\/\/www.cidademarketing.com.br\/marketing\/wp-content\/uploads\/2025\/05\/diadasmaes_terrario_minijardim_aracaju_salvador_13-640x855.webp 640w, https:\/\/www.cidademarketing.com.br\/marketing\/wp-content\/uploads\/2025\/05\/diadasmaes_terrario_minijardim_aracaju_salvador_13-681x910.webp 681w, https:\/\/www.cidademarketing.com.br\/marketing\/wp-content\/uploads\/2025\/05\/diadasmaes_terrario_minijardim_aracaju_salvador_13.webp 1000w\" sizes=\"(max-width: 314px) 100vw, 314px\" alt=\"Os projetos dos Jardim em Miniatura s&atilde;o entregues de forma personalizada para esta data especial, com frete gratuito para a cidade de Aracaju.\">\r\n                            <\/a>\r\n                            <figcaption class = \"td-slide-caption td-gallery-slide-content\"><div class = \"td-gallery-slide-copywrite\">Divulga\u00e7\u00e3o<\/div><\/figcaption>\r\n                        <\/figure>\r\n                    <\/div>\r\n                    <div class = \"td-slide-item td-item14\">\r\n                        <figure class=\"td-slide-galery-figure td-slide-popup-gallery\">\r\n                            <a class=\"slide-gallery-image-link\" href=\"https:\/\/www.cidademarketing.com.br\/marketing\/wp-content\/uploads\/2025\/05\/diadasmaes_terrario_minijardim_aracaju_salvador_14.webp\" title=\"Jardim em Miniatura lan\u00e7a cat\u00e1logo exclusivo de terr\u00e1rios e mini jardins para o Dia das M\u00e3es\"  data-caption=\"Divulga\u00e7\u00e3o\"  data-description=\"\">\r\n                                <img decoding=\"async\" src=\"https:\/\/www.cidademarketing.com.br\/marketing\/wp-content\/uploads\/2025\/05\/diadasmaes_terrario_minijardim_aracaju_salvador_14-313x420.webp\" srcset=\"https:\/\/www.cidademarketing.com.br\/marketing\/wp-content\/uploads\/2025\/05\/diadasmaes_terrario_minijardim_aracaju_salvador_14-313x420.webp 313w, https:\/\/www.cidademarketing.com.br\/marketing\/wp-content\/uploads\/2025\/05\/diadasmaes_terrario_minijardim_aracaju_salvador_14-223x300.webp 223w, https:\/\/www.cidademarketing.com.br\/marketing\/wp-content\/uploads\/2025\/05\/diadasmaes_terrario_minijardim_aracaju_salvador_14-762x1024.webp 762w, https:\/\/www.cidademarketing.com.br\/marketing\/wp-content\/uploads\/2025\/05\/diadasmaes_terrario_minijardim_aracaju_salvador_14-768x1031.webp 768w, https:\/\/www.cidademarketing.com.br\/marketing\/wp-content\/uploads\/2025\/05\/diadasmaes_terrario_minijardim_aracaju_salvador_14-640x860.webp 640w, https:\/\/www.cidademarketing.com.br\/marketing\/wp-content\/uploads\/2025\/05\/diadasmaes_terrario_minijardim_aracaju_salvador_14-681x915.webp 681w, https:\/\/www.cidademarketing.com.br\/marketing\/wp-content\/uploads\/2025\/05\/diadasmaes_terrario_minijardim_aracaju_salvador_14.webp 1000w\" sizes=\"(max-width: 313px) 100vw, 313px\" alt=\"Os projetos dos Jardim em Miniatura s&atilde;o entregues de forma personalizada para esta data especial, com frete gratuito para a cidade de Aracaju.\">\r\n                            <\/a>\r\n                            <figcaption class = \"td-slide-caption td-gallery-slide-content\"><div class = \"td-gallery-slide-copywrite\">Divulga\u00e7\u00e3o<\/div><\/figcaption>\r\n                        <\/figure>\r\n                    <\/div>\r\n                            <\/div>\r\n                        <\/div>\r\n\r\n                        <div class = \"td-doubleSlider-2\">\r\n                            <div class = \"td-slider\">\r\n                                \r\n                    <div class = \"td-button td-item1\">\r\n                        <div class = \"td-border\"><\/div>\r\n                    <\/div>\r\n                    <div class = \"td-button td-item2\">\r\n                        <div class = \"td-border\"><\/div>\r\n                    <\/div>\r\n                    <div class = \"td-button td-item3\">\r\n                        <div class = \"td-border\"><\/div>\r\n                    <\/div>\r\n                    <div class = \"td-button td-item4\">\r\n                        <div class = \"td-border\"><\/div>\r\n                    <\/div>\r\n                    <div class = \"td-button td-item5\">\r\n                        <div class = \"td-border\"><\/div>\r\n                    <\/div>\r\n                    <div class = \"td-button td-item6\">\r\n                        <div class = \"td-border\"><\/div>\r\n                    <\/div>\r\n                    <div class = \"td-button td-item7\">\r\n                        <div class = \"td-border\"><\/div>\r\n                    <\/div>\r\n                    <div class = \"td-button td-item8\">\r\n                        <div class = \"td-border\"><\/div>\r\n                    <\/div>\r\n                    <div class = \"td-button td-item9\">\r\n                        <div class = \"td-border\"><\/div>\r\n                    <\/div>\r\n                    <div class = \"td-button td-item10\">\r\n                        <div class = \"td-border\"><\/div>\r\n                    <\/div>\r\n                    <div class = \"td-button td-item11\">\r\n                        <div class = \"td-border\"><\/div>\r\n                    <\/div>\r\n                    <div class = \"td-button td-item12\">\r\n                        <div class = \"td-border\"><\/div>\r\n                    <\/div>\r\n                    <div class = \"td-button td-item13\">\r\n                        <div class = \"td-border\"><\/div>\r\n                    <\/div>\r\n                    <div class = \"td-button td-item14\">\r\n                        <div class = \"td-border\"><\/div>\r\n                    <\/div>\r\n                            <\/div>\r\n                        <\/div>\r\n\r\n                    <\/div>\r\n\r\n                <\/div>\r\n                \n<p>Com entregas gratuitas em Aracaju (SE) e despacho para Salvador (BA) por meio de um parceiro log\u00edstico, o <a href=\"https:\/\/www.instagram.com\/jardimemminiatura\/\" target=\"_blank\" rel=\"noopener\">Jardim em Miniatura<\/a> tamb\u00e9m oferece atendimento personalizado via WhatsApp. Todas as pe\u00e7as podem ser personalizadas com uma plaquinha com o nome da m\u00e3e e uma frase especial. Com avalia\u00e7\u00f5es m\u00e1ximas e coment\u00e1rios positivos no Google Meu Neg\u00f3cio, o Jardim em Miniatura refor\u00e7a seu compromisso com qualidade, beleza e um p\u00f3s-venda que fideliza. As reservas j\u00e1 est\u00e3o abertas e o cat\u00e1logo exclusivo para o Dia das M\u00e3es est\u00e1 encantador.<\/p>\n<p>Jardim em Miniatura<br \/>\n<a href=\"http:\/\/bit.ly\/atendimentojardimemminiatura\" target=\"_blank\" rel=\"noopener\">Comprar terr\u00e1rios e mini jardins para o Dia das M\u00e2es<\/a><br \/>\nInstagram: <a href=\"https:\/\/www.instagram.com\/jardimemminiatura\/\" target=\"_blank\" rel=\"noopener\">https:\/\/www.instagram.com\/jardimemminiatura\/<\/a><\/p>\n","protected":false},"excerpt":{"rendered":"<p>O Dia das M\u00e3es \u00e9 uma das datas mais emocionantes do ano \u2014 um momento para celebrar o amor incondicional, a presen\u00e7a cuidadosa e as mem\u00f3rias que s\u00f3 uma m\u00e3e \u00e9 capaz de construir com seus filhos. Presentear nessa ocasi\u00e3o vai al\u00e9m de um gesto simb\u00f3lico: \u00e9 uma forma de eternizar afeto e gratid\u00e3o. Em [&hellip;]<\/p>\n","protected":false},"author":1,"featured_media":56204,"comment_status":"open","ping_status":"open","sticky":false,"template":"","format":"standard","meta":{"tdm_status":"","tdm_grid_status":"","footnotes":""},"categories":[6],"tags":[3782,2509,1737,5920,6779,5971,5970,572,5921],"class_list":["post-56192","post","type-post","status-publish","format-standard","has-post-thumbnail","hentry","category-noticias","tag-aracaju","tag-decoracao","tag-dia-das-maes","tag-jardim-em-miniatura","tag-mini-jardim","tag-plantas","tag-presente","tag-salvador","tag-terrario"],"yoast_head":"<!-- This site is optimized with the Yoast SEO plugin v27.5 - https:\/\/yoast.com\/product\/yoast-seo-wordpress\/ -->\n<title>Dia das M\u00e3es: Jardim em Miniatura lan\u00e7a cat\u00e1logo exclusivo de terr\u00e1rios e mini jardins - CidadeMarketing<\/title>\n<meta name=\"robots\" content=\"index, follow, max-snippet:-1, max-image-preview:large, max-video-preview:-1\" \/>\n<link rel=\"canonical\" href=\"https:\/\/www.cidademarketing.com.br\/marketing\/2025\/05\/05\/dia-das-maes-jardim-em-miniatura-lanca-catalogo-exclusivo-de-terrarios-e-mini-jardins\/\" \/>\n<meta property=\"og:locale\" content=\"pt_BR\" \/>\n<meta property=\"og:type\" content=\"article\" \/>\n<meta property=\"og:title\" content=\"Dia das M\u00e3es: Jardim em Miniatura lan\u00e7a cat\u00e1logo exclusivo de terr\u00e1rios e mini jardins - CidadeMarketing\" \/>\n<meta property=\"og:description\" content=\"O Dia das M\u00e3es \u00e9 uma das datas mais emocionantes do ano \u2014 um momento para celebrar o amor incondicional, a presen\u00e7a cuidadosa e as mem\u00f3rias que s\u00f3 uma m\u00e3e \u00e9 capaz de construir com seus filhos. Presentear nessa ocasi\u00e3o vai al\u00e9m de um gesto simb\u00f3lico: \u00e9 uma forma de eternizar afeto e gratid\u00e3o. Em [&hellip;]\" \/>\n<meta property=\"og:url\" content=\"https:\/\/www.cidademarketing.com.br\/marketing\/2025\/05\/05\/dia-das-maes-jardim-em-miniatura-lanca-catalogo-exclusivo-de-terrarios-e-mini-jardins\/\" \/>\n<meta property=\"og:site_name\" content=\"CidadeMarketing\" \/>\n<meta property=\"article:publisher\" content=\"https:\/\/www.facebook.com\/portalcidademarketing\" \/>\n<meta property=\"article:author\" content=\"https:\/\/www.facebook.com\/thalesbrandao\" \/>\n<meta property=\"article:published_time\" content=\"2025-05-05T16:17:14+00:00\" \/>\n<meta property=\"article:modified_time\" content=\"2025-05-05T16:22:05+00:00\" \/>\n<meta property=\"og:image\" content=\"https:\/\/www.cidademarketing.com.br\/marketing\/wp-content\/uploads\/2025\/05\/diadasmaes_terrario_minijardim_aracaju_salvador_03.webp\" \/>\n\t<meta property=\"og:image:width\" content=\"1000\" \/>\n\t<meta property=\"og:image:height\" content=\"1343\" \/>\n\t<meta property=\"og:image:type\" content=\"image\/webp\" \/>\n<meta name=\"author\" content=\"Thales Brand\u00e3o\" \/>\n<meta name=\"twitter:card\" content=\"summary_large_image\" \/>\n<meta name=\"twitter:creator\" content=\"@http:\/\/www.twitter.com\/thalesbrandao\" \/>\n<meta name=\"twitter:site\" content=\"@CidadeMarketing\" \/>\n<meta name=\"twitter:label1\" content=\"Escrito por\" \/>\n\t<meta name=\"twitter:data1\" content=\"Thales Brand\u00e3o\" \/>\n\t<meta name=\"twitter:label2\" content=\"Est. tempo de leitura\" \/>\n\t<meta name=\"twitter:data2\" content=\"2 minutos\" \/>\n<script type=\"application\/ld+json\" class=\"yoast-schema-graph\">{\"@context\":\"https:\\\/\\\/schema.org\",\"@graph\":[{\"@type\":\"Article\",\"@id\":\"https:\\\/\\\/www.cidademarketing.com.br\\\/marketing\\\/2025\\\/05\\\/05\\\/dia-das-maes-jardim-em-miniatura-lanca-catalogo-exclusivo-de-terrarios-e-mini-jardins\\\/#article\",\"isPartOf\":{\"@id\":\"https:\\\/\\\/www.cidademarketing.com.br\\\/marketing\\\/2025\\\/05\\\/05\\\/dia-das-maes-jardim-em-miniatura-lanca-catalogo-exclusivo-de-terrarios-e-mini-jardins\\\/\"},\"author\":{\"name\":\"Thales Brand\u00e3o\",\"@id\":\"https:\\\/\\\/www.cidademarketing.com.br\\\/marketing\\\/#\\\/schema\\\/person\\\/02daff9f18bd9378c9e01eb6b2db155f\"},\"headline\":\"Dia das M\u00e3es: Jardim em Miniatura lan\u00e7a cat\u00e1logo exclusivo de terr\u00e1rios e mini jardins\",\"datePublished\":\"2025-05-05T16:17:14+00:00\",\"dateModified\":\"2025-05-05T16:22:05+00:00\",\"mainEntityOfPage\":{\"@id\":\"https:\\\/\\\/www.cidademarketing.com.br\\\/marketing\\\/2025\\\/05\\\/05\\\/dia-das-maes-jardim-em-miniatura-lanca-catalogo-exclusivo-de-terrarios-e-mini-jardins\\\/\"},\"wordCount\":431,\"commentCount\":0,\"publisher\":{\"@id\":\"https:\\\/\\\/www.cidademarketing.com.br\\\/marketing\\\/#organization\"},\"image\":{\"@id\":\"https:\\\/\\\/www.cidademarketing.com.br\\\/marketing\\\/2025\\\/05\\\/05\\\/dia-das-maes-jardim-em-miniatura-lanca-catalogo-exclusivo-de-terrarios-e-mini-jardins\\\/#primaryimage\"},\"thumbnailUrl\":\"https:\\\/\\\/www.cidademarketing.com.br\\\/marketing\\\/wp-content\\\/uploads\\\/2025\\\/05\\\/diadasmaes_terrario_minijardim_aracaju_salvador_03.webp\",\"keywords\":[\"Aracaju\",\"decora\u00e7\u00e3o\",\"Dia das M\u00e3es\",\"Jardim em Miniatura\",\"mini jardim\",\"plantas\",\"presente\",\"Salvador\",\"terr\u00e1rio\"],\"articleSection\":[\"Not\u00edcias\"],\"inLanguage\":\"pt-BR\",\"potentialAction\":[{\"@type\":\"CommentAction\",\"name\":\"Comment\",\"target\":[\"https:\\\/\\\/www.cidademarketing.com.br\\\/marketing\\\/2025\\\/05\\\/05\\\/dia-das-maes-jardim-em-miniatura-lanca-catalogo-exclusivo-de-terrarios-e-mini-jardins\\\/#respond\"]}]},{\"@type\":\"WebPage\",\"@id\":\"https:\\\/\\\/www.cidademarketing.com.br\\\/marketing\\\/2025\\\/05\\\/05\\\/dia-das-maes-jardim-em-miniatura-lanca-catalogo-exclusivo-de-terrarios-e-mini-jardins\\\/\",\"url\":\"https:\\\/\\\/www.cidademarketing.com.br\\\/marketing\\\/2025\\\/05\\\/05\\\/dia-das-maes-jardim-em-miniatura-lanca-catalogo-exclusivo-de-terrarios-e-mini-jardins\\\/\",\"name\":\"Dia das M\u00e3es: Jardim em Miniatura lan\u00e7a cat\u00e1logo exclusivo de terr\u00e1rios e mini jardins - CidadeMarketing\",\"isPartOf\":{\"@id\":\"https:\\\/\\\/www.cidademarketing.com.br\\\/marketing\\\/#website\"},\"primaryImageOfPage\":{\"@id\":\"https:\\\/\\\/www.cidademarketing.com.br\\\/marketing\\\/2025\\\/05\\\/05\\\/dia-das-maes-jardim-em-miniatura-lanca-catalogo-exclusivo-de-terrarios-e-mini-jardins\\\/#primaryimage\"},\"image\":{\"@id\":\"https:\\\/\\\/www.cidademarketing.com.br\\\/marketing\\\/2025\\\/05\\\/05\\\/dia-das-maes-jardim-em-miniatura-lanca-catalogo-exclusivo-de-terrarios-e-mini-jardins\\\/#primaryimage\"},\"thumbnailUrl\":\"https:\\\/\\\/www.cidademarketing.com.br\\\/marketing\\\/wp-content\\\/uploads\\\/2025\\\/05\\\/diadasmaes_terrario_minijardim_aracaju_salvador_03.webp\",\"datePublished\":\"2025-05-05T16:17:14+00:00\",\"dateModified\":\"2025-05-05T16:22:05+00:00\",\"breadcrumb\":{\"@id\":\"https:\\\/\\\/www.cidademarketing.com.br\\\/marketing\\\/2025\\\/05\\\/05\\\/dia-das-maes-jardim-em-miniatura-lanca-catalogo-exclusivo-de-terrarios-e-mini-jardins\\\/#breadcrumb\"},\"inLanguage\":\"pt-BR\",\"potentialAction\":[{\"@type\":\"ReadAction\",\"target\":[\"https:\\\/\\\/www.cidademarketing.com.br\\\/marketing\\\/2025\\\/05\\\/05\\\/dia-das-maes-jardim-em-miniatura-lanca-catalogo-exclusivo-de-terrarios-e-mini-jardins\\\/\"]}]},{\"@type\":\"ImageObject\",\"inLanguage\":\"pt-BR\",\"@id\":\"https:\\\/\\\/www.cidademarketing.com.br\\\/marketing\\\/2025\\\/05\\\/05\\\/dia-das-maes-jardim-em-miniatura-lanca-catalogo-exclusivo-de-terrarios-e-mini-jardins\\\/#primaryimage\",\"url\":\"https:\\\/\\\/www.cidademarketing.com.br\\\/marketing\\\/wp-content\\\/uploads\\\/2025\\\/05\\\/diadasmaes_terrario_minijardim_aracaju_salvador_03.webp\",\"contentUrl\":\"https:\\\/\\\/www.cidademarketing.com.br\\\/marketing\\\/wp-content\\\/uploads\\\/2025\\\/05\\\/diadasmaes_terrario_minijardim_aracaju_salvador_03.webp\",\"width\":1000,\"height\":1343,\"caption\":\"Divulga\u00e7\u00e3o\"},{\"@type\":\"BreadcrumbList\",\"@id\":\"https:\\\/\\\/www.cidademarketing.com.br\\\/marketing\\\/2025\\\/05\\\/05\\\/dia-das-maes-jardim-em-miniatura-lanca-catalogo-exclusivo-de-terrarios-e-mini-jardins\\\/#breadcrumb\",\"itemListElement\":[{\"@type\":\"ListItem\",\"position\":1,\"name\":\"In\u00edcio\",\"item\":\"https:\\\/\\\/www.cidademarketing.com.br\\\/marketing\\\/\"},{\"@type\":\"ListItem\",\"position\":2,\"name\":\"Dia das M\u00e3es: Jardim em Miniatura lan\u00e7a cat\u00e1logo exclusivo de terr\u00e1rios e mini jardins\"}]},{\"@type\":\"WebSite\",\"@id\":\"https:\\\/\\\/www.cidademarketing.com.br\\\/marketing\\\/#website\",\"url\":\"https:\\\/\\\/www.cidademarketing.com.br\\\/marketing\\\/\",\"name\":\"CidadeMarketing\",\"description\":\"Somos um ve\u00edculo de comunica\u00e7\u00e3o de destaque no Brasil, reconhecido por conte\u00fados nos segmentos de marketing, empreendedorismo e inova\u00e7\u00e3o.\",\"publisher\":{\"@id\":\"https:\\\/\\\/www.cidademarketing.com.br\\\/marketing\\\/#organization\"},\"alternateName\":\"CidadeMarketing\",\"potentialAction\":[{\"@type\":\"SearchAction\",\"target\":{\"@type\":\"EntryPoint\",\"urlTemplate\":\"https:\\\/\\\/www.cidademarketing.com.br\\\/marketing\\\/?s={search_term_string}\"},\"query-input\":{\"@type\":\"PropertyValueSpecification\",\"valueRequired\":true,\"valueName\":\"search_term_string\"}}],\"inLanguage\":\"pt-BR\"},{\"@type\":\"Organization\",\"@id\":\"https:\\\/\\\/www.cidademarketing.com.br\\\/marketing\\\/#organization\",\"name\":\"CidadeMarketing\",\"alternateName\":\"CidadeMarketing\",\"url\":\"https:\\\/\\\/www.cidademarketing.com.br\\\/marketing\\\/\",\"logo\":{\"@type\":\"ImageObject\",\"inLanguage\":\"pt-BR\",\"@id\":\"https:\\\/\\\/www.cidademarketing.com.br\\\/marketing\\\/#\\\/schema\\\/logo\\\/image\\\/\",\"url\":\"https:\\\/\\\/www.cidademarketing.com.br\\\/marketing\\\/wp-content\\\/uploads\\\/2020\\\/01\\\/cidademarketing_marca_mobile.png\",\"contentUrl\":\"https:\\\/\\\/www.cidademarketing.com.br\\\/marketing\\\/wp-content\\\/uploads\\\/2020\\\/01\\\/cidademarketing_marca_mobile.png\",\"width\":230,\"height\":92,\"caption\":\"CidadeMarketing\"},\"image\":{\"@id\":\"https:\\\/\\\/www.cidademarketing.com.br\\\/marketing\\\/#\\\/schema\\\/logo\\\/image\\\/\"},\"sameAs\":[\"https:\\\/\\\/www.facebook.com\\\/portalcidademarketing\",\"https:\\\/\\\/x.com\\\/CidadeMarketing\",\"https:\\\/\\\/www.instagram.com\\\/cidademarketing\\\/\"]},{\"@type\":\"Person\",\"@id\":\"https:\\\/\\\/www.cidademarketing.com.br\\\/marketing\\\/#\\\/schema\\\/person\\\/02daff9f18bd9378c9e01eb6b2db155f\",\"name\":\"Thales Brand\u00e3o\",\"image\":{\"@type\":\"ImageObject\",\"inLanguage\":\"pt-BR\",\"@id\":\"https:\\\/\\\/secure.gravatar.com\\\/avatar\\\/7ca3206950207cc3cb48feec56a8a7898741ab725c368d99d5d7a5a50aab80c6?s=96&d=mm&r=g\",\"url\":\"https:\\\/\\\/secure.gravatar.com\\\/avatar\\\/7ca3206950207cc3cb48feec56a8a7898741ab725c368d99d5d7a5a50aab80c6?s=96&d=mm&r=g\",\"contentUrl\":\"https:\\\/\\\/secure.gravatar.com\\\/avatar\\\/7ca3206950207cc3cb48feec56a8a7898741ab725c368d99d5d7a5a50aab80c6?s=96&d=mm&r=g\",\"caption\":\"Thales Brand\u00e3o\"},\"description\":\"Editor Executivo do Portal CidadeMarketing.com.br &gt; Mestre em Comunica\u00e7\u00e3o e Sociedade pela Universidade Federal de Sergipe. Possui MBA Executivo em Administra\u00e7\u00e3o com \u00eanfase em Marketing pela Funda\u00e7\u00e3o Get\u00falio Vargas - Rio de Janeiro. Consultor, Palestrante e Pesquisador sobre Empreendedorismo, Marketing, Redes Sociais e Neg\u00f3cios Digitais. Professor, Palestrante TedxTalks e Campus Party. Twitter: @ThalesBrandao\",\"sameAs\":[\"http:\\\/\\\/www.mandacaru.com.br\",\"https:\\\/\\\/www.facebook.com\\\/thalesbrandao\",\"http:\\\/\\\/www.instagram.com.br\\\/thalesbrandaoferreira\",\"https:\\\/\\\/www.linkedin.com\\\/in\\\/thales-brand\u00e3o-3948609\\\/\",\"https:\\\/\\\/x.com\\\/http:\\\/\\\/www.twitter.com\\\/thalesbrandao\"],\"url\":\"https:\\\/\\\/www.cidademarketing.com.br\\\/marketing\\\/author\\\/thalesbrandao\\\/\"}]}<\/script>\n<!-- \/ Yoast SEO plugin. -->","yoast_head_json":{"title":"Dia das M\u00e3es: Jardim em Miniatura lan\u00e7a cat\u00e1logo exclusivo de terr\u00e1rios e mini jardins - CidadeMarketing","robots":{"index":"index","follow":"follow","max-snippet":"max-snippet:-1","max-image-preview":"max-image-preview:large","max-video-preview":"max-video-preview:-1"},"canonical":"https:\/\/www.cidademarketing.com.br\/marketing\/2025\/05\/05\/dia-das-maes-jardim-em-miniatura-lanca-catalogo-exclusivo-de-terrarios-e-mini-jardins\/","og_locale":"pt_BR","og_type":"article","og_title":"Dia das M\u00e3es: Jardim em Miniatura lan\u00e7a cat\u00e1logo exclusivo de terr\u00e1rios e mini jardins - CidadeMarketing","og_description":"O Dia das M\u00e3es \u00e9 uma das datas mais emocionantes do ano \u2014 um momento para celebrar o amor incondicional, a presen\u00e7a cuidadosa e as mem\u00f3rias que s\u00f3 uma m\u00e3e \u00e9 capaz de construir com seus filhos. Presentear nessa ocasi\u00e3o vai al\u00e9m de um gesto simb\u00f3lico: \u00e9 uma forma de eternizar afeto e gratid\u00e3o. Em [&hellip;]","og_url":"https:\/\/www.cidademarketing.com.br\/marketing\/2025\/05\/05\/dia-das-maes-jardim-em-miniatura-lanca-catalogo-exclusivo-de-terrarios-e-mini-jardins\/","og_site_name":"CidadeMarketing","article_publisher":"https:\/\/www.facebook.com\/portalcidademarketing","article_author":"https:\/\/www.facebook.com\/thalesbrandao","article_published_time":"2025-05-05T16:17:14+00:00","article_modified_time":"2025-05-05T16:22:05+00:00","og_image":[{"width":1000,"height":1343,"url":"https:\/\/www.cidademarketing.com.br\/marketing\/wp-content\/uploads\/2025\/05\/diadasmaes_terrario_minijardim_aracaju_salvador_03.webp","type":"image\/webp"}],"author":"Thales Brand\u00e3o","twitter_card":"summary_large_image","twitter_creator":"@http:\/\/www.twitter.com\/thalesbrandao","twitter_site":"@CidadeMarketing","twitter_misc":{"Escrito por":"Thales Brand\u00e3o","Est. tempo de leitura":"2 minutos"},"schema":{"@context":"https:\/\/schema.org","@graph":[{"@type":"Article","@id":"https:\/\/www.cidademarketing.com.br\/marketing\/2025\/05\/05\/dia-das-maes-jardim-em-miniatura-lanca-catalogo-exclusivo-de-terrarios-e-mini-jardins\/#article","isPartOf":{"@id":"https:\/\/www.cidademarketing.com.br\/marketing\/2025\/05\/05\/dia-das-maes-jardim-em-miniatura-lanca-catalogo-exclusivo-de-terrarios-e-mini-jardins\/"},"author":{"name":"Thales Brand\u00e3o","@id":"https:\/\/www.cidademarketing.com.br\/marketing\/#\/schema\/person\/02daff9f18bd9378c9e01eb6b2db155f"},"headline":"Dia das M\u00e3es: Jardim em Miniatura lan\u00e7a cat\u00e1logo exclusivo de terr\u00e1rios e mini jardins","datePublished":"2025-05-05T16:17:14+00:00","dateModified":"2025-05-05T16:22:05+00:00","mainEntityOfPage":{"@id":"https:\/\/www.cidademarketing.com.br\/marketing\/2025\/05\/05\/dia-das-maes-jardim-em-miniatura-lanca-catalogo-exclusivo-de-terrarios-e-mini-jardins\/"},"wordCount":431,"commentCount":0,"publisher":{"@id":"https:\/\/www.cidademarketing.com.br\/marketing\/#organization"},"image":{"@id":"https:\/\/www.cidademarketing.com.br\/marketing\/2025\/05\/05\/dia-das-maes-jardim-em-miniatura-lanca-catalogo-exclusivo-de-terrarios-e-mini-jardins\/#primaryimage"},"thumbnailUrl":"https:\/\/www.cidademarketing.com.br\/marketing\/wp-content\/uploads\/2025\/05\/diadasmaes_terrario_minijardim_aracaju_salvador_03.webp","keywords":["Aracaju","decora\u00e7\u00e3o","Dia das M\u00e3es","Jardim em Miniatura","mini jardim","plantas","presente","Salvador","terr\u00e1rio"],"articleSection":["Not\u00edcias"],"inLanguage":"pt-BR","potentialAction":[{"@type":"CommentAction","name":"Comment","target":["https:\/\/www.cidademarketing.com.br\/marketing\/2025\/05\/05\/dia-das-maes-jardim-em-miniatura-lanca-catalogo-exclusivo-de-terrarios-e-mini-jardins\/#respond"]}]},{"@type":"WebPage","@id":"https:\/\/www.cidademarketing.com.br\/marketing\/2025\/05\/05\/dia-das-maes-jardim-em-miniatura-lanca-catalogo-exclusivo-de-terrarios-e-mini-jardins\/","url":"https:\/\/www.cidademarketing.com.br\/marketing\/2025\/05\/05\/dia-das-maes-jardim-em-miniatura-lanca-catalogo-exclusivo-de-terrarios-e-mini-jardins\/","name":"Dia das M\u00e3es: Jardim em Miniatura lan\u00e7a cat\u00e1logo exclusivo de terr\u00e1rios e mini jardins - CidadeMarketing","isPartOf":{"@id":"https:\/\/www.cidademarketing.com.br\/marketing\/#website"},"primaryImageOfPage":{"@id":"https:\/\/www.cidademarketing.com.br\/marketing\/2025\/05\/05\/dia-das-maes-jardim-em-miniatura-lanca-catalogo-exclusivo-de-terrarios-e-mini-jardins\/#primaryimage"},"image":{"@id":"https:\/\/www.cidademarketing.com.br\/marketing\/2025\/05\/05\/dia-das-maes-jardim-em-miniatura-lanca-catalogo-exclusivo-de-terrarios-e-mini-jardins\/#primaryimage"},"thumbnailUrl":"https:\/\/www.cidademarketing.com.br\/marketing\/wp-content\/uploads\/2025\/05\/diadasmaes_terrario_minijardim_aracaju_salvador_03.webp","datePublished":"2025-05-05T16:17:14+00:00","dateModified":"2025-05-05T16:22:05+00:00","breadcrumb":{"@id":"https:\/\/www.cidademarketing.com.br\/marketing\/2025\/05\/05\/dia-das-maes-jardim-em-miniatura-lanca-catalogo-exclusivo-de-terrarios-e-mini-jardins\/#breadcrumb"},"inLanguage":"pt-BR","potentialAction":[{"@type":"ReadAction","target":["https:\/\/www.cidademarketing.com.br\/marketing\/2025\/05\/05\/dia-das-maes-jardim-em-miniatura-lanca-catalogo-exclusivo-de-terrarios-e-mini-jardins\/"]}]},{"@type":"ImageObject","inLanguage":"pt-BR","@id":"https:\/\/www.cidademarketing.com.br\/marketing\/2025\/05\/05\/dia-das-maes-jardim-em-miniatura-lanca-catalogo-exclusivo-de-terrarios-e-mini-jardins\/#primaryimage","url":"https:\/\/www.cidademarketing.com.br\/marketing\/wp-content\/uploads\/2025\/05\/diadasmaes_terrario_minijardim_aracaju_salvador_03.webp","contentUrl":"https:\/\/www.cidademarketing.com.br\/marketing\/wp-content\/uploads\/2025\/05\/diadasmaes_terrario_minijardim_aracaju_salvador_03.webp","width":1000,"height":1343,"caption":"Divulga\u00e7\u00e3o"},{"@type":"BreadcrumbList","@id":"https:\/\/www.cidademarketing.com.br\/marketing\/2025\/05\/05\/dia-das-maes-jardim-em-miniatura-lanca-catalogo-exclusivo-de-terrarios-e-mini-jardins\/#breadcrumb","itemListElement":[{"@type":"ListItem","position":1,"name":"In\u00edcio","item":"https:\/\/www.cidademarketing.com.br\/marketing\/"},{"@type":"ListItem","position":2,"name":"Dia das M\u00e3es: Jardim em Miniatura lan\u00e7a cat\u00e1logo exclusivo de terr\u00e1rios e mini jardins"}]},{"@type":"WebSite","@id":"https:\/\/www.cidademarketing.com.br\/marketing\/#website","url":"https:\/\/www.cidademarketing.com.br\/marketing\/","name":"CidadeMarketing","description":"Somos um ve\u00edculo de comunica\u00e7\u00e3o de destaque no Brasil, reconhecido por conte\u00fados nos segmentos de marketing, empreendedorismo e inova\u00e7\u00e3o.","publisher":{"@id":"https:\/\/www.cidademarketing.com.br\/marketing\/#organization"},"alternateName":"CidadeMarketing","potentialAction":[{"@type":"SearchAction","target":{"@type":"EntryPoint","urlTemplate":"https:\/\/www.cidademarketing.com.br\/marketing\/?s={search_term_string}"},"query-input":{"@type":"PropertyValueSpecification","valueRequired":true,"valueName":"search_term_string"}}],"inLanguage":"pt-BR"},{"@type":"Organization","@id":"https:\/\/www.cidademarketing.com.br\/marketing\/#organization","name":"CidadeMarketing","alternateName":"CidadeMarketing","url":"https:\/\/www.cidademarketing.com.br\/marketing\/","logo":{"@type":"ImageObject","inLanguage":"pt-BR","@id":"https:\/\/www.cidademarketing.com.br\/marketing\/#\/schema\/logo\/image\/","url":"https:\/\/www.cidademarketing.com.br\/marketing\/wp-content\/uploads\/2020\/01\/cidademarketing_marca_mobile.png","contentUrl":"https:\/\/www.cidademarketing.com.br\/marketing\/wp-content\/uploads\/2020\/01\/cidademarketing_marca_mobile.png","width":230,"height":92,"caption":"CidadeMarketing"},"image":{"@id":"https:\/\/www.cidademarketing.com.br\/marketing\/#\/schema\/logo\/image\/"},"sameAs":["https:\/\/www.facebook.com\/portalcidademarketing","https:\/\/x.com\/CidadeMarketing","https:\/\/www.instagram.com\/cidademarketing\/"]},{"@type":"Person","@id":"https:\/\/www.cidademarketing.com.br\/marketing\/#\/schema\/person\/02daff9f18bd9378c9e01eb6b2db155f","name":"Thales Brand\u00e3o","image":{"@type":"ImageObject","inLanguage":"pt-BR","@id":"https:\/\/secure.gravatar.com\/avatar\/7ca3206950207cc3cb48feec56a8a7898741ab725c368d99d5d7a5a50aab80c6?s=96&d=mm&r=g","url":"https:\/\/secure.gravatar.com\/avatar\/7ca3206950207cc3cb48feec56a8a7898741ab725c368d99d5d7a5a50aab80c6?s=96&d=mm&r=g","contentUrl":"https:\/\/secure.gravatar.com\/avatar\/7ca3206950207cc3cb48feec56a8a7898741ab725c368d99d5d7a5a50aab80c6?s=96&d=mm&r=g","caption":"Thales Brand\u00e3o"},"description":"Editor Executivo do Portal CidadeMarketing.com.br &gt; Mestre em Comunica\u00e7\u00e3o e Sociedade pela Universidade Federal de Sergipe. Possui MBA Executivo em Administra\u00e7\u00e3o com \u00eanfase em Marketing pela Funda\u00e7\u00e3o Get\u00falio Vargas - Rio de Janeiro. Consultor, Palestrante e Pesquisador sobre Empreendedorismo, Marketing, Redes Sociais e Neg\u00f3cios Digitais. Professor, Palestrante TedxTalks e Campus Party. Twitter: @ThalesBrandao","sameAs":["http:\/\/www.mandacaru.com.br","https:\/\/www.facebook.com\/thalesbrandao","http:\/\/www.instagram.com.br\/thalesbrandaoferreira","https:\/\/www.linkedin.com\/in\/thales-brand\u00e3o-3948609\/","https:\/\/x.com\/http:\/\/www.twitter.com\/thalesbrandao"],"url":"https:\/\/www.cidademarketing.com.br\/marketing\/author\/thalesbrandao\/"}]}},"amp_enabled":true,"_links":{"self":[{"href":"https:\/\/www.cidademarketing.com.br\/marketing\/wp-json\/wp\/v2\/posts\/56192","targetHints":{"allow":["GET"]}}],"collection":[{"href":"https:\/\/www.cidademarketing.com.br\/marketing\/wp-json\/wp\/v2\/posts"}],"about":[{"href":"https:\/\/www.cidademarketing.com.br\/marketing\/wp-json\/wp\/v2\/types\/post"}],"author":[{"embeddable":true,"href":"https:\/\/www.cidademarketing.com.br\/marketing\/wp-json\/wp\/v2\/users\/1"}],"replies":[{"embeddable":true,"href":"https:\/\/www.cidademarketing.com.br\/marketing\/wp-json\/wp\/v2\/comments?post=56192"}],"version-history":[{"count":1,"href":"https:\/\/www.cidademarketing.com.br\/marketing\/wp-json\/wp\/v2\/posts\/56192\/revisions"}],"predecessor-version":[{"id":56207,"href":"https:\/\/www.cidademarketing.com.br\/marketing\/wp-json\/wp\/v2\/posts\/56192\/revisions\/56207"}],"wp:featuredmedia":[{"embeddable":true,"href":"https:\/\/www.cidademarketing.com.br\/marketing\/wp-json\/wp\/v2\/media\/56204"}],"wp:attachment":[{"href":"https:\/\/www.cidademarketing.com.br\/marketing\/wp-json\/wp\/v2\/media?parent=56192"}],"wp:term":[{"taxonomy":"category","embeddable":true,"href":"https:\/\/www.cidademarketing.com.br\/marketing\/wp-json\/wp\/v2\/categories?post=56192"},{"taxonomy":"post_tag","embeddable":true,"href":"https:\/\/www.cidademarketing.com.br\/marketing\/wp-json\/wp\/v2\/tags?post=56192"}],"curies":[{"name":"wp","href":"https:\/\/api.w.org\/{rel}","templated":true}]}}