{"id":56030,"date":"2025-04-25T00:29:58","date_gmt":"2025-04-25T03:29:58","guid":{"rendered":"https:\/\/www.cidademarketing.com.br\/marketing\/?p=56030"},"modified":"2025-04-25T00:29:58","modified_gmt":"2025-04-25T03:29:58","slug":"nestle-e-acusada-de-propaganda-enganosa-em-rotulos-de-produtos","status":"publish","type":"post","link":"https:\/\/www.cidademarketing.com.br\/marketing\/2025\/04\/25\/nestle-e-acusada-de-propaganda-enganosa-em-rotulos-de-produtos\/","title":{"rendered":"Nestl\u00e9 \u00e9 acusada de propaganda enganosa em r\u00f3tulos de produtos"},"content":{"rendered":"<p>O Procon-SP concluiu, neste m\u00eas de abril de 2025, um processo de fiscaliza\u00e7\u00e3o contra a Nestl\u00e9, acusando a multinacional de praticar publicidade enganosa em diversos produtos aliment\u00edcios. A empresa foi autuada por infra\u00e7\u00e3o ao C\u00f3digo de Defesa do Consumidor (CDC) ap\u00f3s an\u00e1lise de r\u00f3tulos que, segundo o \u00f3rg\u00e3o, induziam os consumidores a erro quanto \u00e0 composi\u00e7\u00e3o real dos itens.<\/p>\n<p>De acordo com o Procon-SP, a Nestl\u00e9 comercializou produtos com informa\u00e7\u00f5es incorretas nas embalagens, fazendo refer\u00eancia a ingredientes que n\u00e3o estavam presentes em suas f\u00f3rmulas. A den\u00fancia inclui os seguintes produtos: Biscoito Nesfit Aveia e Mel, Biscoito Nesfit Leite e Mel e Nesfit Cookie Cacau, Aveia e Mel. Tamb\u00e9m foi alvo da fiscaliza\u00e7\u00e3o o item rotulado como \u201cMistura de Creme de Leite\u201d, cuja embalagem destacava a marca \u201cNestl\u00e9 Creme de Leite\u201d, apesar da composi\u00e7\u00e3o incluir soro de leite, o que, para o \u00f3rg\u00e3o, n\u00e3o condiz com a percep\u00e7\u00e3o que o consumidor pode ter ao adquirir o produto.<\/p>\n<figure id=\"attachment_56031\" aria-describedby=\"caption-attachment-56031\" style=\"width: 239px\" class=\"wp-caption alignnone\"><img fetchpriority=\"high\" decoding=\"async\" class=\"size-medium wp-image-56031\" src=\"https:\/\/www.cidademarketing.com.br\/marketing\/wp-content\/uploads\/2025\/04\/misturadecremedeleite_nestle_propagandaenganosa-239x300.webp\" alt=\"\" width=\"239\" height=\"300\" srcset=\"https:\/\/www.cidademarketing.com.br\/marketing\/wp-content\/uploads\/2025\/04\/misturadecremedeleite_nestle_propagandaenganosa-239x300.webp 239w, https:\/\/www.cidademarketing.com.br\/marketing\/wp-content\/uploads\/2025\/04\/misturadecremedeleite_nestle_propagandaenganosa-335x420.webp 335w, https:\/\/www.cidademarketing.com.br\/marketing\/wp-content\/uploads\/2025\/04\/misturadecremedeleite_nestle_propagandaenganosa.webp 436w\" sizes=\"(max-width: 239px) 100vw, 239px\" \/><figcaption id=\"caption-attachment-56031\" class=\"wp-caption-text\">Divulga\u00e7\u00e3o<\/figcaption><\/figure>\n<p>Segundo nota oficial do Procon-SP, &#8220;a publicidade veiculada atrav\u00e9s das embalagens foi enganosa, configurando infra\u00e7\u00e3o ao artigo 37 do CDC&#8221;. A multa aplicada \u00e0 Nestl\u00e9 pode ultrapassar R$ 13 milh\u00f5es, valor calculado com base no artigo 56 do mesmo c\u00f3digo.<\/p>\n<p><strong>O que diz a Nestl\u00e9<\/strong><br \/>\nProcurada pelo CidadeMarketing, a Nestl\u00e9 afirmou, em nota oficial, que &#8220;cumpre rigorosamente as legisla\u00e7\u00f5es vigentes, incluindo as normas relacionadas \u00e0 rotulagem e comunica\u00e7\u00e3o de seus produtos&#8221;. A empresa tamb\u00e9m informou que os produtos citados &#8220;n\u00e3o fazem mais parte do portf\u00f3lio&#8221;, tendo sido descontinuados em 2022, no caso dos biscoitos, e em 2023, no caso da mistura de creme de leite.<\/p>\n<p>Ainda segundo a companhia, ser\u00e1 apresentada defesa \u00e0s autoridades, reafirmando o compromisso com a \u00e9tica, a transpar\u00eancia e o respeito ao consumidor.<\/p>\n<p>&#8220;A Nestl\u00e9 refor\u00e7a seu compromisso com a \u00e9tica e a transpar\u00eancia na publicidade de seus produtos, bem como sua atua\u00e7\u00e3o em conformidade com os princ\u00edpios do C\u00f3digo de Defesa do Consumidor&#8221;, diz o comunicado.<\/p>\n<p>A Nestl\u00e9 poder\u00e1 apresentar recurso junto ao Procon-SP, que seguir\u00e1 analisando os desdobramentos do caso. O \u00f3rg\u00e3o de defesa do consumidor alerta que o uso de informa\u00e7\u00f5es imprecisas ou exageradas em embalagens pode configurar viola\u00e7\u00e3o grave aos direitos do consumidor, especialmente quando induz \u00e0 compra com base em promessas n\u00e3o cumpridas.<\/p>\n<p><strong>Recall<\/strong><br \/>\nNo final do ano passado, a <a href=\"https:\/\/www.cidademarketing.com.br\/marketing\/2024\/12\/02\/riscos-a-saude-nestle-recolhe-lotes-do-mucilon-por-alto-nivel-de-toxina\/\" target=\"_blank\" rel=\"noopener\">Nestl\u00e9 Brasil anunciou o recolhimento volunt\u00e1rio de lotes do produto Meu Primeiro Lanchinho, da linha Mucilon<\/a>, ap\u00f3s detectar n\u00edveis elevados de aflatoxina \u2014 uma subst\u00e2ncia t\u00f3xica produzida por fungos do g\u00eanero Aspergillus. O processo foi acompanhado pela Anvisa.<\/p>\n","protected":false},"excerpt":{"rendered":"<p>O Procon-SP concluiu, neste m\u00eas de abril de 2025, um processo de fiscaliza\u00e7\u00e3o contra a Nestl\u00e9, acusando a multinacional de praticar publicidade enganosa em diversos produtos aliment\u00edcios. A empresa foi autuada por infra\u00e7\u00e3o ao C\u00f3digo de Defesa do Consumidor (CDC) ap\u00f3s an\u00e1lise de r\u00f3tulos que, segundo o \u00f3rg\u00e3o, induziam os consumidores a erro quanto \u00e0 [&hellip;]<\/p>\n","protected":false},"author":1,"featured_media":56032,"comment_status":"open","ping_status":"open","sticky":false,"template":"","format":"standard","meta":{"tdm_status":"","tdm_grid_status":"","footnotes":""},"categories":[9,6],"tags":[9181,308,9179,223,225,9180,131,1692,736],"class_list":["post-56030","post","type-post","status-publish","format-standard","has-post-thumbnail","hentry","category-consumidor","category-noticias","tag-biscoito-nesfit","tag-comunicacao","tag-creme-de-leite","tag-design","tag-embalagem","tag-nesfit","tag-nestle","tag-procon-sp-2","tag-propaganda-enganosa"],"yoast_head":"<!-- This site is optimized with the Yoast SEO plugin v27.5 - https:\/\/yoast.com\/product\/yoast-seo-wordpress\/ -->\n<title>Nestl\u00e9 \u00e9 acusada de propaganda enganosa em r\u00f3tulos de produtos - CidadeMarketing<\/title>\n<meta name=\"robots\" content=\"index, follow, max-snippet:-1, max-image-preview:large, max-video-preview:-1\" \/>\n<link rel=\"canonical\" href=\"https:\/\/www.cidademarketing.com.br\/marketing\/2025\/04\/25\/nestle-e-acusada-de-propaganda-enganosa-em-rotulos-de-produtos\/\" \/>\n<meta property=\"og:locale\" content=\"pt_BR\" \/>\n<meta property=\"og:type\" content=\"article\" \/>\n<meta property=\"og:title\" content=\"Nestl\u00e9 \u00e9 acusada de propaganda enganosa em r\u00f3tulos de produtos - CidadeMarketing\" \/>\n<meta property=\"og:description\" content=\"O Procon-SP concluiu, neste m\u00eas de abril de 2025, um processo de fiscaliza\u00e7\u00e3o contra a Nestl\u00e9, acusando a multinacional de praticar publicidade enganosa em diversos produtos aliment\u00edcios. A empresa foi autuada por infra\u00e7\u00e3o ao C\u00f3digo de Defesa do Consumidor (CDC) ap\u00f3s an\u00e1lise de r\u00f3tulos que, segundo o \u00f3rg\u00e3o, induziam os consumidores a erro quanto \u00e0 [&hellip;]\" \/>\n<meta property=\"og:url\" content=\"https:\/\/www.cidademarketing.com.br\/marketing\/2025\/04\/25\/nestle-e-acusada-de-propaganda-enganosa-em-rotulos-de-produtos\/\" \/>\n<meta property=\"og:site_name\" content=\"CidadeMarketing\" \/>\n<meta property=\"article:publisher\" content=\"https:\/\/www.facebook.com\/portalcidademarketing\" \/>\n<meta property=\"article:author\" content=\"https:\/\/www.facebook.com\/thalesbrandao\" \/>\n<meta property=\"article:published_time\" content=\"2025-04-25T03:29:58+00:00\" \/>\n<meta property=\"og:image\" content=\"https:\/\/www.cidademarketing.com.br\/marketing\/wp-content\/uploads\/2025\/04\/nestle_propaganda_enganosa_.webp\" \/>\n\t<meta property=\"og:image:width\" content=\"621\" \/>\n\t<meta property=\"og:image:height\" content=\"616\" \/>\n\t<meta property=\"og:image:type\" content=\"image\/webp\" \/>\n<meta name=\"author\" content=\"Thales Brand\u00e3o\" \/>\n<meta name=\"twitter:card\" content=\"summary_large_image\" \/>\n<meta name=\"twitter:creator\" content=\"@http:\/\/www.twitter.com\/thalesbrandao\" \/>\n<meta name=\"twitter:site\" content=\"@CidadeMarketing\" \/>\n<meta name=\"twitter:label1\" content=\"Escrito por\" \/>\n\t<meta name=\"twitter:data1\" content=\"Thales Brand\u00e3o\" \/>\n\t<meta name=\"twitter:label2\" content=\"Est. tempo de leitura\" \/>\n\t<meta name=\"twitter:data2\" content=\"2 minutos\" \/>\n<script type=\"application\/ld+json\" class=\"yoast-schema-graph\">{\"@context\":\"https:\\\/\\\/schema.org\",\"@graph\":[{\"@type\":\"Article\",\"@id\":\"https:\\\/\\\/www.cidademarketing.com.br\\\/marketing\\\/2025\\\/04\\\/25\\\/nestle-e-acusada-de-propaganda-enganosa-em-rotulos-de-produtos\\\/#article\",\"isPartOf\":{\"@id\":\"https:\\\/\\\/www.cidademarketing.com.br\\\/marketing\\\/2025\\\/04\\\/25\\\/nestle-e-acusada-de-propaganda-enganosa-em-rotulos-de-produtos\\\/\"},\"author\":{\"name\":\"Thales Brand\u00e3o\",\"@id\":\"https:\\\/\\\/www.cidademarketing.com.br\\\/marketing\\\/#\\\/schema\\\/person\\\/02daff9f18bd9378c9e01eb6b2db155f\"},\"headline\":\"Nestl\u00e9 \u00e9 acusada de propaganda enganosa em r\u00f3tulos de produtos\",\"datePublished\":\"2025-04-25T03:29:58+00:00\",\"mainEntityOfPage\":{\"@id\":\"https:\\\/\\\/www.cidademarketing.com.br\\\/marketing\\\/2025\\\/04\\\/25\\\/nestle-e-acusada-de-propaganda-enganosa-em-rotulos-de-produtos\\\/\"},\"wordCount\":467,\"commentCount\":0,\"publisher\":{\"@id\":\"https:\\\/\\\/www.cidademarketing.com.br\\\/marketing\\\/#organization\"},\"image\":{\"@id\":\"https:\\\/\\\/www.cidademarketing.com.br\\\/marketing\\\/2025\\\/04\\\/25\\\/nestle-e-acusada-de-propaganda-enganosa-em-rotulos-de-produtos\\\/#primaryimage\"},\"thumbnailUrl\":\"https:\\\/\\\/www.cidademarketing.com.br\\\/marketing\\\/wp-content\\\/uploads\\\/2025\\\/04\\\/nestle_propaganda_enganosa_.webp\",\"keywords\":[\"Biscoito Nesfit\",\"comunica\u00e7\u00e3o\",\"creme de leite\",\"design\",\"embalagem\",\"Nesfit\",\"Nestl\u00e9\",\"Procon-SP\",\"propaganda enganosa\"],\"articleSection\":[\"Consumidor\",\"Not\u00edcias\"],\"inLanguage\":\"pt-BR\",\"potentialAction\":[{\"@type\":\"CommentAction\",\"name\":\"Comment\",\"target\":[\"https:\\\/\\\/www.cidademarketing.com.br\\\/marketing\\\/2025\\\/04\\\/25\\\/nestle-e-acusada-de-propaganda-enganosa-em-rotulos-de-produtos\\\/#respond\"]}]},{\"@type\":\"WebPage\",\"@id\":\"https:\\\/\\\/www.cidademarketing.com.br\\\/marketing\\\/2025\\\/04\\\/25\\\/nestle-e-acusada-de-propaganda-enganosa-em-rotulos-de-produtos\\\/\",\"url\":\"https:\\\/\\\/www.cidademarketing.com.br\\\/marketing\\\/2025\\\/04\\\/25\\\/nestle-e-acusada-de-propaganda-enganosa-em-rotulos-de-produtos\\\/\",\"name\":\"Nestl\u00e9 \u00e9 acusada de propaganda enganosa em r\u00f3tulos de produtos - CidadeMarketing\",\"isPartOf\":{\"@id\":\"https:\\\/\\\/www.cidademarketing.com.br\\\/marketing\\\/#website\"},\"primaryImageOfPage\":{\"@id\":\"https:\\\/\\\/www.cidademarketing.com.br\\\/marketing\\\/2025\\\/04\\\/25\\\/nestle-e-acusada-de-propaganda-enganosa-em-rotulos-de-produtos\\\/#primaryimage\"},\"image\":{\"@id\":\"https:\\\/\\\/www.cidademarketing.com.br\\\/marketing\\\/2025\\\/04\\\/25\\\/nestle-e-acusada-de-propaganda-enganosa-em-rotulos-de-produtos\\\/#primaryimage\"},\"thumbnailUrl\":\"https:\\\/\\\/www.cidademarketing.com.br\\\/marketing\\\/wp-content\\\/uploads\\\/2025\\\/04\\\/nestle_propaganda_enganosa_.webp\",\"datePublished\":\"2025-04-25T03:29:58+00:00\",\"breadcrumb\":{\"@id\":\"https:\\\/\\\/www.cidademarketing.com.br\\\/marketing\\\/2025\\\/04\\\/25\\\/nestle-e-acusada-de-propaganda-enganosa-em-rotulos-de-produtos\\\/#breadcrumb\"},\"inLanguage\":\"pt-BR\",\"potentialAction\":[{\"@type\":\"ReadAction\",\"target\":[\"https:\\\/\\\/www.cidademarketing.com.br\\\/marketing\\\/2025\\\/04\\\/25\\\/nestle-e-acusada-de-propaganda-enganosa-em-rotulos-de-produtos\\\/\"]}]},{\"@type\":\"ImageObject\",\"inLanguage\":\"pt-BR\",\"@id\":\"https:\\\/\\\/www.cidademarketing.com.br\\\/marketing\\\/2025\\\/04\\\/25\\\/nestle-e-acusada-de-propaganda-enganosa-em-rotulos-de-produtos\\\/#primaryimage\",\"url\":\"https:\\\/\\\/www.cidademarketing.com.br\\\/marketing\\\/wp-content\\\/uploads\\\/2025\\\/04\\\/nestle_propaganda_enganosa_.webp\",\"contentUrl\":\"https:\\\/\\\/www.cidademarketing.com.br\\\/marketing\\\/wp-content\\\/uploads\\\/2025\\\/04\\\/nestle_propaganda_enganosa_.webp\",\"width\":621,\"height\":616,\"caption\":\"Divulga\u00e7\u00e3o\"},{\"@type\":\"BreadcrumbList\",\"@id\":\"https:\\\/\\\/www.cidademarketing.com.br\\\/marketing\\\/2025\\\/04\\\/25\\\/nestle-e-acusada-de-propaganda-enganosa-em-rotulos-de-produtos\\\/#breadcrumb\",\"itemListElement\":[{\"@type\":\"ListItem\",\"position\":1,\"name\":\"In\u00edcio\",\"item\":\"https:\\\/\\\/www.cidademarketing.com.br\\\/marketing\\\/\"},{\"@type\":\"ListItem\",\"position\":2,\"name\":\"Nestl\u00e9 \u00e9 acusada de propaganda enganosa em r\u00f3tulos de produtos\"}]},{\"@type\":\"WebSite\",\"@id\":\"https:\\\/\\\/www.cidademarketing.com.br\\\/marketing\\\/#website\",\"url\":\"https:\\\/\\\/www.cidademarketing.com.br\\\/marketing\\\/\",\"name\":\"CidadeMarketing\",\"description\":\"Somos um ve\u00edculo de comunica\u00e7\u00e3o de destaque no Brasil, reconhecido por conte\u00fados nos segmentos de marketing, empreendedorismo e inova\u00e7\u00e3o.\",\"publisher\":{\"@id\":\"https:\\\/\\\/www.cidademarketing.com.br\\\/marketing\\\/#organization\"},\"alternateName\":\"CidadeMarketing\",\"potentialAction\":[{\"@type\":\"SearchAction\",\"target\":{\"@type\":\"EntryPoint\",\"urlTemplate\":\"https:\\\/\\\/www.cidademarketing.com.br\\\/marketing\\\/?s={search_term_string}\"},\"query-input\":{\"@type\":\"PropertyValueSpecification\",\"valueRequired\":true,\"valueName\":\"search_term_string\"}}],\"inLanguage\":\"pt-BR\"},{\"@type\":\"Organization\",\"@id\":\"https:\\\/\\\/www.cidademarketing.com.br\\\/marketing\\\/#organization\",\"name\":\"CidadeMarketing\",\"alternateName\":\"CidadeMarketing\",\"url\":\"https:\\\/\\\/www.cidademarketing.com.br\\\/marketing\\\/\",\"logo\":{\"@type\":\"ImageObject\",\"inLanguage\":\"pt-BR\",\"@id\":\"https:\\\/\\\/www.cidademarketing.com.br\\\/marketing\\\/#\\\/schema\\\/logo\\\/image\\\/\",\"url\":\"https:\\\/\\\/www.cidademarketing.com.br\\\/marketing\\\/wp-content\\\/uploads\\\/2020\\\/01\\\/cidademarketing_marca_mobile.png\",\"contentUrl\":\"https:\\\/\\\/www.cidademarketing.com.br\\\/marketing\\\/wp-content\\\/uploads\\\/2020\\\/01\\\/cidademarketing_marca_mobile.png\",\"width\":230,\"height\":92,\"caption\":\"CidadeMarketing\"},\"image\":{\"@id\":\"https:\\\/\\\/www.cidademarketing.com.br\\\/marketing\\\/#\\\/schema\\\/logo\\\/image\\\/\"},\"sameAs\":[\"https:\\\/\\\/www.facebook.com\\\/portalcidademarketing\",\"https:\\\/\\\/x.com\\\/CidadeMarketing\",\"https:\\\/\\\/www.instagram.com\\\/cidademarketing\\\/\"]},{\"@type\":\"Person\",\"@id\":\"https:\\\/\\\/www.cidademarketing.com.br\\\/marketing\\\/#\\\/schema\\\/person\\\/02daff9f18bd9378c9e01eb6b2db155f\",\"name\":\"Thales Brand\u00e3o\",\"image\":{\"@type\":\"ImageObject\",\"inLanguage\":\"pt-BR\",\"@id\":\"https:\\\/\\\/secure.gravatar.com\\\/avatar\\\/7ca3206950207cc3cb48feec56a8a7898741ab725c368d99d5d7a5a50aab80c6?s=96&d=mm&r=g\",\"url\":\"https:\\\/\\\/secure.gravatar.com\\\/avatar\\\/7ca3206950207cc3cb48feec56a8a7898741ab725c368d99d5d7a5a50aab80c6?s=96&d=mm&r=g\",\"contentUrl\":\"https:\\\/\\\/secure.gravatar.com\\\/avatar\\\/7ca3206950207cc3cb48feec56a8a7898741ab725c368d99d5d7a5a50aab80c6?s=96&d=mm&r=g\",\"caption\":\"Thales Brand\u00e3o\"},\"description\":\"Editor Executivo do Portal CidadeMarketing.com.br &gt; Mestre em Comunica\u00e7\u00e3o e Sociedade pela Universidade Federal de Sergipe. Possui MBA Executivo em Administra\u00e7\u00e3o com \u00eanfase em Marketing pela Funda\u00e7\u00e3o Get\u00falio Vargas - Rio de Janeiro. Consultor, Palestrante e Pesquisador sobre Empreendedorismo, Marketing, Redes Sociais e Neg\u00f3cios Digitais. Professor, Palestrante TedxTalks e Campus Party. Twitter: @ThalesBrandao\",\"sameAs\":[\"http:\\\/\\\/www.mandacaru.com.br\",\"https:\\\/\\\/www.facebook.com\\\/thalesbrandao\",\"http:\\\/\\\/www.instagram.com.br\\\/thalesbrandaoferreira\",\"https:\\\/\\\/www.linkedin.com\\\/in\\\/thales-brand\u00e3o-3948609\\\/\",\"https:\\\/\\\/x.com\\\/http:\\\/\\\/www.twitter.com\\\/thalesbrandao\"],\"url\":\"https:\\\/\\\/www.cidademarketing.com.br\\\/marketing\\\/author\\\/thalesbrandao\\\/\"}]}<\/script>\n<!-- \/ Yoast SEO plugin. -->","yoast_head_json":{"title":"Nestl\u00e9 \u00e9 acusada de propaganda enganosa em r\u00f3tulos de produtos - CidadeMarketing","robots":{"index":"index","follow":"follow","max-snippet":"max-snippet:-1","max-image-preview":"max-image-preview:large","max-video-preview":"max-video-preview:-1"},"canonical":"https:\/\/www.cidademarketing.com.br\/marketing\/2025\/04\/25\/nestle-e-acusada-de-propaganda-enganosa-em-rotulos-de-produtos\/","og_locale":"pt_BR","og_type":"article","og_title":"Nestl\u00e9 \u00e9 acusada de propaganda enganosa em r\u00f3tulos de produtos - CidadeMarketing","og_description":"O Procon-SP concluiu, neste m\u00eas de abril de 2025, um processo de fiscaliza\u00e7\u00e3o contra a Nestl\u00e9, acusando a multinacional de praticar publicidade enganosa em diversos produtos aliment\u00edcios. A empresa foi autuada por infra\u00e7\u00e3o ao C\u00f3digo de Defesa do Consumidor (CDC) ap\u00f3s an\u00e1lise de r\u00f3tulos que, segundo o \u00f3rg\u00e3o, induziam os consumidores a erro quanto \u00e0 [&hellip;]","og_url":"https:\/\/www.cidademarketing.com.br\/marketing\/2025\/04\/25\/nestle-e-acusada-de-propaganda-enganosa-em-rotulos-de-produtos\/","og_site_name":"CidadeMarketing","article_publisher":"https:\/\/www.facebook.com\/portalcidademarketing","article_author":"https:\/\/www.facebook.com\/thalesbrandao","article_published_time":"2025-04-25T03:29:58+00:00","og_image":[{"width":621,"height":616,"url":"https:\/\/www.cidademarketing.com.br\/marketing\/wp-content\/uploads\/2025\/04\/nestle_propaganda_enganosa_.webp","type":"image\/webp"}],"author":"Thales Brand\u00e3o","twitter_card":"summary_large_image","twitter_creator":"@http:\/\/www.twitter.com\/thalesbrandao","twitter_site":"@CidadeMarketing","twitter_misc":{"Escrito por":"Thales Brand\u00e3o","Est. tempo de leitura":"2 minutos"},"schema":{"@context":"https:\/\/schema.org","@graph":[{"@type":"Article","@id":"https:\/\/www.cidademarketing.com.br\/marketing\/2025\/04\/25\/nestle-e-acusada-de-propaganda-enganosa-em-rotulos-de-produtos\/#article","isPartOf":{"@id":"https:\/\/www.cidademarketing.com.br\/marketing\/2025\/04\/25\/nestle-e-acusada-de-propaganda-enganosa-em-rotulos-de-produtos\/"},"author":{"name":"Thales Brand\u00e3o","@id":"https:\/\/www.cidademarketing.com.br\/marketing\/#\/schema\/person\/02daff9f18bd9378c9e01eb6b2db155f"},"headline":"Nestl\u00e9 \u00e9 acusada de propaganda enganosa em r\u00f3tulos de produtos","datePublished":"2025-04-25T03:29:58+00:00","mainEntityOfPage":{"@id":"https:\/\/www.cidademarketing.com.br\/marketing\/2025\/04\/25\/nestle-e-acusada-de-propaganda-enganosa-em-rotulos-de-produtos\/"},"wordCount":467,"commentCount":0,"publisher":{"@id":"https:\/\/www.cidademarketing.com.br\/marketing\/#organization"},"image":{"@id":"https:\/\/www.cidademarketing.com.br\/marketing\/2025\/04\/25\/nestle-e-acusada-de-propaganda-enganosa-em-rotulos-de-produtos\/#primaryimage"},"thumbnailUrl":"https:\/\/www.cidademarketing.com.br\/marketing\/wp-content\/uploads\/2025\/04\/nestle_propaganda_enganosa_.webp","keywords":["Biscoito Nesfit","comunica\u00e7\u00e3o","creme de leite","design","embalagem","Nesfit","Nestl\u00e9","Procon-SP","propaganda enganosa"],"articleSection":["Consumidor","Not\u00edcias"],"inLanguage":"pt-BR","potentialAction":[{"@type":"CommentAction","name":"Comment","target":["https:\/\/www.cidademarketing.com.br\/marketing\/2025\/04\/25\/nestle-e-acusada-de-propaganda-enganosa-em-rotulos-de-produtos\/#respond"]}]},{"@type":"WebPage","@id":"https:\/\/www.cidademarketing.com.br\/marketing\/2025\/04\/25\/nestle-e-acusada-de-propaganda-enganosa-em-rotulos-de-produtos\/","url":"https:\/\/www.cidademarketing.com.br\/marketing\/2025\/04\/25\/nestle-e-acusada-de-propaganda-enganosa-em-rotulos-de-produtos\/","name":"Nestl\u00e9 \u00e9 acusada de propaganda enganosa em r\u00f3tulos de produtos - CidadeMarketing","isPartOf":{"@id":"https:\/\/www.cidademarketing.com.br\/marketing\/#website"},"primaryImageOfPage":{"@id":"https:\/\/www.cidademarketing.com.br\/marketing\/2025\/04\/25\/nestle-e-acusada-de-propaganda-enganosa-em-rotulos-de-produtos\/#primaryimage"},"image":{"@id":"https:\/\/www.cidademarketing.com.br\/marketing\/2025\/04\/25\/nestle-e-acusada-de-propaganda-enganosa-em-rotulos-de-produtos\/#primaryimage"},"thumbnailUrl":"https:\/\/www.cidademarketing.com.br\/marketing\/wp-content\/uploads\/2025\/04\/nestle_propaganda_enganosa_.webp","datePublished":"2025-04-25T03:29:58+00:00","breadcrumb":{"@id":"https:\/\/www.cidademarketing.com.br\/marketing\/2025\/04\/25\/nestle-e-acusada-de-propaganda-enganosa-em-rotulos-de-produtos\/#breadcrumb"},"inLanguage":"pt-BR","potentialAction":[{"@type":"ReadAction","target":["https:\/\/www.cidademarketing.com.br\/marketing\/2025\/04\/25\/nestle-e-acusada-de-propaganda-enganosa-em-rotulos-de-produtos\/"]}]},{"@type":"ImageObject","inLanguage":"pt-BR","@id":"https:\/\/www.cidademarketing.com.br\/marketing\/2025\/04\/25\/nestle-e-acusada-de-propaganda-enganosa-em-rotulos-de-produtos\/#primaryimage","url":"https:\/\/www.cidademarketing.com.br\/marketing\/wp-content\/uploads\/2025\/04\/nestle_propaganda_enganosa_.webp","contentUrl":"https:\/\/www.cidademarketing.com.br\/marketing\/wp-content\/uploads\/2025\/04\/nestle_propaganda_enganosa_.webp","width":621,"height":616,"caption":"Divulga\u00e7\u00e3o"},{"@type":"BreadcrumbList","@id":"https:\/\/www.cidademarketing.com.br\/marketing\/2025\/04\/25\/nestle-e-acusada-de-propaganda-enganosa-em-rotulos-de-produtos\/#breadcrumb","itemListElement":[{"@type":"ListItem","position":1,"name":"In\u00edcio","item":"https:\/\/www.cidademarketing.com.br\/marketing\/"},{"@type":"ListItem","position":2,"name":"Nestl\u00e9 \u00e9 acusada de propaganda enganosa em r\u00f3tulos de produtos"}]},{"@type":"WebSite","@id":"https:\/\/www.cidademarketing.com.br\/marketing\/#website","url":"https:\/\/www.cidademarketing.com.br\/marketing\/","name":"CidadeMarketing","description":"Somos um ve\u00edculo de comunica\u00e7\u00e3o de destaque no Brasil, reconhecido por conte\u00fados nos segmentos de marketing, empreendedorismo e inova\u00e7\u00e3o.","publisher":{"@id":"https:\/\/www.cidademarketing.com.br\/marketing\/#organization"},"alternateName":"CidadeMarketing","potentialAction":[{"@type":"SearchAction","target":{"@type":"EntryPoint","urlTemplate":"https:\/\/www.cidademarketing.com.br\/marketing\/?s={search_term_string}"},"query-input":{"@type":"PropertyValueSpecification","valueRequired":true,"valueName":"search_term_string"}}],"inLanguage":"pt-BR"},{"@type":"Organization","@id":"https:\/\/www.cidademarketing.com.br\/marketing\/#organization","name":"CidadeMarketing","alternateName":"CidadeMarketing","url":"https:\/\/www.cidademarketing.com.br\/marketing\/","logo":{"@type":"ImageObject","inLanguage":"pt-BR","@id":"https:\/\/www.cidademarketing.com.br\/marketing\/#\/schema\/logo\/image\/","url":"https:\/\/www.cidademarketing.com.br\/marketing\/wp-content\/uploads\/2020\/01\/cidademarketing_marca_mobile.png","contentUrl":"https:\/\/www.cidademarketing.com.br\/marketing\/wp-content\/uploads\/2020\/01\/cidademarketing_marca_mobile.png","width":230,"height":92,"caption":"CidadeMarketing"},"image":{"@id":"https:\/\/www.cidademarketing.com.br\/marketing\/#\/schema\/logo\/image\/"},"sameAs":["https:\/\/www.facebook.com\/portalcidademarketing","https:\/\/x.com\/CidadeMarketing","https:\/\/www.instagram.com\/cidademarketing\/"]},{"@type":"Person","@id":"https:\/\/www.cidademarketing.com.br\/marketing\/#\/schema\/person\/02daff9f18bd9378c9e01eb6b2db155f","name":"Thales Brand\u00e3o","image":{"@type":"ImageObject","inLanguage":"pt-BR","@id":"https:\/\/secure.gravatar.com\/avatar\/7ca3206950207cc3cb48feec56a8a7898741ab725c368d99d5d7a5a50aab80c6?s=96&d=mm&r=g","url":"https:\/\/secure.gravatar.com\/avatar\/7ca3206950207cc3cb48feec56a8a7898741ab725c368d99d5d7a5a50aab80c6?s=96&d=mm&r=g","contentUrl":"https:\/\/secure.gravatar.com\/avatar\/7ca3206950207cc3cb48feec56a8a7898741ab725c368d99d5d7a5a50aab80c6?s=96&d=mm&r=g","caption":"Thales Brand\u00e3o"},"description":"Editor Executivo do Portal CidadeMarketing.com.br &gt; Mestre em Comunica\u00e7\u00e3o e Sociedade pela Universidade Federal de Sergipe. Possui MBA Executivo em Administra\u00e7\u00e3o com \u00eanfase em Marketing pela Funda\u00e7\u00e3o Get\u00falio Vargas - Rio de Janeiro. Consultor, Palestrante e Pesquisador sobre Empreendedorismo, Marketing, Redes Sociais e Neg\u00f3cios Digitais. Professor, Palestrante TedxTalks e Campus Party. Twitter: @ThalesBrandao","sameAs":["http:\/\/www.mandacaru.com.br","https:\/\/www.facebook.com\/thalesbrandao","http:\/\/www.instagram.com.br\/thalesbrandaoferreira","https:\/\/www.linkedin.com\/in\/thales-brand\u00e3o-3948609\/","https:\/\/x.com\/http:\/\/www.twitter.com\/thalesbrandao"],"url":"https:\/\/www.cidademarketing.com.br\/marketing\/author\/thalesbrandao\/"}]}},"amp_enabled":true,"_links":{"self":[{"href":"https:\/\/www.cidademarketing.com.br\/marketing\/wp-json\/wp\/v2\/posts\/56030","targetHints":{"allow":["GET"]}}],"collection":[{"href":"https:\/\/www.cidademarketing.com.br\/marketing\/wp-json\/wp\/v2\/posts"}],"about":[{"href":"https:\/\/www.cidademarketing.com.br\/marketing\/wp-json\/wp\/v2\/types\/post"}],"author":[{"embeddable":true,"href":"https:\/\/www.cidademarketing.com.br\/marketing\/wp-json\/wp\/v2\/users\/1"}],"replies":[{"embeddable":true,"href":"https:\/\/www.cidademarketing.com.br\/marketing\/wp-json\/wp\/v2\/comments?post=56030"}],"version-history":[{"count":1,"href":"https:\/\/www.cidademarketing.com.br\/marketing\/wp-json\/wp\/v2\/posts\/56030\/revisions"}],"predecessor-version":[{"id":56033,"href":"https:\/\/www.cidademarketing.com.br\/marketing\/wp-json\/wp\/v2\/posts\/56030\/revisions\/56033"}],"wp:featuredmedia":[{"embeddable":true,"href":"https:\/\/www.cidademarketing.com.br\/marketing\/wp-json\/wp\/v2\/media\/56032"}],"wp:attachment":[{"href":"https:\/\/www.cidademarketing.com.br\/marketing\/wp-json\/wp\/v2\/media?parent=56030"}],"wp:term":[{"taxonomy":"category","embeddable":true,"href":"https:\/\/www.cidademarketing.com.br\/marketing\/wp-json\/wp\/v2\/categories?post=56030"},{"taxonomy":"post_tag","embeddable":true,"href":"https:\/\/www.cidademarketing.com.br\/marketing\/wp-json\/wp\/v2\/tags?post=56030"}],"curies":[{"name":"wp","href":"https:\/\/api.w.org\/{rel}","templated":true}]}}