{"id":56008,"date":"2025-04-23T10:37:07","date_gmt":"2025-04-23T13:37:07","guid":{"rendered":"https:\/\/www.cidademarketing.com.br\/marketing\/?p=56008"},"modified":"2025-04-23T11:29:54","modified_gmt":"2025-04-23T14:29:54","slug":"joao-fonseca-faz-sua-estreia-no-madrid-open-2025-confira-dia-horario-e-onde-assistir","status":"publish","type":"post","link":"https:\/\/www.cidademarketing.com.br\/marketing\/2025\/04\/23\/joao-fonseca-faz-sua-estreia-no-madrid-open-2025-confira-dia-horario-e-onde-assistir\/","title":{"rendered":"Jo\u00e3o Fonseca faz sua estreia no Madrid Open 2025; Confira dia, hor\u00e1rio e onde assistir"},"content":{"rendered":"<p>O jovem talento brasileiro Jo\u00e3o Fonseca, atual n\u00famero 65 do ranking da ATP, far\u00e1 sua aguardada estreia na chave principal do Masters 1000 de Madri nesta quinta-feira, 24 de abril. Seu primeiro desafio na capital espanhola ser\u00e1 contra o dinamarqu\u00eas Elmer Moller, n\u00famero 114 do mundo e segundo melhor tenista de seu pa\u00eds, logo atr\u00e1s de Holger Rune.<\/p>\n<p>Fonseca retorna \u00e0s quadras ap\u00f3s um per\u00edodo de descanso de um m\u00eas, chegando a Madri embalado por uma temporada promissora, que j\u00e1 lhe rendeu os t\u00edtulos do ATP 250 de Buenos Aires e dos Challengers de Camberra e Phoenix. Aos 18 anos, o brasileiro demonstra um grande potencial e busca consolidar seu nome no circuito profissional.<\/p>\n<p>O confronto contra Elmer Moller ser\u00e1 in\u00e9dito no circuito da ATP. O dinamarqu\u00eas, de 21 anos, garantiu sua vaga na chave principal ap\u00f3s passar pelo qualificat\u00f3rio do torneio madrilenho.<\/p>\n<p>Caso supere Elmer Moller em sua estreia, Jo\u00e3o Fonseca poder\u00e1 ter um confronto de peso j\u00e1 na segunda rodada do Masters 1000 de Madri. O advers\u00e1rio em potencial \u00e9 o experiente norte-americano Tommy Paul, atual n\u00famero 12 do ranking mundial.<\/p>\n<p>Apesar de nunca terem se enfrentado em partidas oficiais, Fonseca e Paul j\u00e1 compartilharam treinos em algumas ocasi\u00f5es, o que pode trazer um conhecimento pr\u00e9vio do estilo de jogo um do outro. Um duelo entre o jovem talento brasileiro e o Top 15 americano certamente atrairia os olhares dos f\u00e3s de t\u00eanis.<\/p>\n<p>A partida de estreia de Jo\u00e3o Fonseca no Masters 1000 de Madri contra Elmer Moller est\u00e1 agendada para esta quinta-feira, 24 de abril. A partida est\u00e1 prevista para come\u00e7ar \u00e0s 10h30.<\/p>\n<p>Os holofotes do Masters 1000 de Madri se acendem com a presen\u00e7a de dois bicampe\u00f5es como principais cabe\u00e7as de chave: Alexander Zverev e Carlos Alcaraz. O alem\u00e3o, vitorioso em 2018 e 2021, chega \u00e0 Caja M\u00e1gica impulsionado pela recente conquista do ATP 500 de Munique, demonstrando estar em grande forma no saibro europeu. J\u00e1 o jovem espanhol, dono dos trof\u00e9us em 2022 e 2023, joga em casa e tamb\u00e9m ostenta um excelente momento na temporada, vindo de um t\u00edtulo no Masters 1000 de Monte Carlo e um vice-campeonato no ATP 500 de Barcelona, consolidando seu status como um dos favoritos ao t\u00edtulo.<\/p>\n<p>A lista de tenistas renomados n\u00e3o para por a\u00ed, com o retorno de Novak Djokovic a Madri pela primeira vez desde 2022. O s\u00e9rvio, tricampe\u00e3o do torneio (2011, 2016 e 2019), segue na busca pelo seu 100\u00ba t\u00edtulo na carreira da ATP, sendo o primeiro desde o ATP Finals de 2023, apesar da expressiva conquista do ouro ol\u00edmpico em Paris 2024. Outro nome de peso na disputa \u00e9 o atual campe\u00e3o, Andrey Rublev, que tentar\u00e1 defender seu t\u00edtulo conquistado na edi\u00e7\u00e3o de 2024, mostrando a for\u00e7a e a competitividade do torneio espanhol em sua chave masculina.<\/p>\n<p>O Madrid Open, desde sua cria\u00e7\u00e3o em 2002, passou por uma significativa transi\u00e7\u00e3o de piso, sendo disputado em quadra dura at\u00e9 2009 e adotando o saibro como sua superf\u00edcie a partir de ent\u00e3o. Ao longo de sua hist\u00f3ria, o torneio consagrou grandes campe\u00f5es, com o lend\u00e1rio Rafael Nadal liderando o ranking de t\u00edtulos, com cinco conquistas.<\/p>\n<p>Os f\u00e3s de t\u00eanis no Brasil poder\u00e3o acompanhar a estreia de Jo\u00e3o Fonseca no ATP de Madri atrav\u00e9s dos canais da ESPN e da plataforma de streaming Disney+. Ambas as op\u00e7\u00f5es transmitir\u00e3o a partida ao vivo.<\/p>\n<p>A expectativa \u00e9 grande para ver o desempenho de Jo\u00e3o Fonseca em seu retorno ao circuito, especialmente em um torneio da magnitude do Masters 1000 de Madri. A partida contra Elmer Moller ser\u00e1 um importante teste para o jovem brasileiro, que busca avan\u00e7ar na competi\u00e7\u00e3o e mostrar seu talento no cen\u00e1rio internacional do t\u00eanis.<\/p>\n","protected":false},"excerpt":{"rendered":"<p>O jovem talento brasileiro Jo\u00e3o Fonseca, atual n\u00famero 65 do ranking da ATP, far\u00e1 sua aguardada estreia na chave principal do Masters 1000 de Madri nesta quinta-feira, 24 de abril. Seu primeiro desafio na capital espanhola ser\u00e1 contra o dinamarqu\u00eas Elmer Moller, n\u00famero 114 do mundo e segundo melhor tenista de seu pa\u00eds, logo atr\u00e1s [&hellip;]<\/p>\n","protected":false},"author":1,"featured_media":56009,"comment_status":"open","ping_status":"open","sticky":false,"template":"","format":"standard","meta":{"tdm_status":"","tdm_grid_status":"","footnotes":""},"categories":[6],"tags":[7291,147,6808,1750,9169,2753,786,33,6760,9168,9170,1448,6767],"class_list":["post-56008","post","type-post","status-publish","format-standard","has-post-thumbnail","hentry","category-noticias","tag-alexander-zverev","tag-brasil","tag-carlos-alcaraz","tag-disney","tag-elmer-moller","tag-espn","tag-esporte","tag-estrategia","tag-joao-fonseca","tag-mutua-madrid-open-2025","tag-novak-djokovic","tag-tenis","tag-tenista"],"yoast_head":"<!-- This site is optimized with the Yoast SEO plugin v27.5 - https:\/\/yoast.com\/product\/yoast-seo-wordpress\/ -->\n<title>Jo\u00e3o Fonseca faz sua estreia no Madrid Open 2025; Confira dia, hor\u00e1rio e onde assistir - CidadeMarketing<\/title>\n<meta name=\"robots\" content=\"index, follow, max-snippet:-1, max-image-preview:large, max-video-preview:-1\" \/>\n<link rel=\"canonical\" href=\"https:\/\/www.cidademarketing.com.br\/marketing\/2025\/04\/23\/joao-fonseca-faz-sua-estreia-no-madrid-open-2025-confira-dia-horario-e-onde-assistir\/\" \/>\n<meta property=\"og:locale\" content=\"pt_BR\" \/>\n<meta property=\"og:type\" content=\"article\" \/>\n<meta property=\"og:title\" content=\"Jo\u00e3o Fonseca faz sua estreia no Madrid Open 2025; Confira dia, hor\u00e1rio e onde assistir - CidadeMarketing\" \/>\n<meta property=\"og:description\" content=\"O jovem talento brasileiro Jo\u00e3o Fonseca, atual n\u00famero 65 do ranking da ATP, far\u00e1 sua aguardada estreia na chave principal do Masters 1000 de Madri nesta quinta-feira, 24 de abril. Seu primeiro desafio na capital espanhola ser\u00e1 contra o dinamarqu\u00eas Elmer Moller, n\u00famero 114 do mundo e segundo melhor tenista de seu pa\u00eds, logo atr\u00e1s [&hellip;]\" \/>\n<meta property=\"og:url\" content=\"https:\/\/www.cidademarketing.com.br\/marketing\/2025\/04\/23\/joao-fonseca-faz-sua-estreia-no-madrid-open-2025-confira-dia-horario-e-onde-assistir\/\" \/>\n<meta property=\"og:site_name\" content=\"CidadeMarketing\" \/>\n<meta property=\"article:publisher\" content=\"https:\/\/www.facebook.com\/portalcidademarketing\" \/>\n<meta property=\"article:author\" content=\"https:\/\/www.facebook.com\/thalesbrandao\" \/>\n<meta property=\"article:published_time\" content=\"2025-04-23T13:37:07+00:00\" \/>\n<meta property=\"article:modified_time\" content=\"2025-04-23T14:29:54+00:00\" \/>\n<meta property=\"og:image\" content=\"https:\/\/www.cidademarketing.com.br\/marketing\/wp-content\/uploads\/2025\/04\/joaofonseca_madrid_open_2025.webp\" \/>\n\t<meta property=\"og:image:width\" content=\"795\" \/>\n\t<meta property=\"og:image:height\" content=\"749\" \/>\n\t<meta property=\"og:image:type\" content=\"image\/webp\" \/>\n<meta name=\"author\" content=\"Thales Brand\u00e3o\" \/>\n<meta name=\"twitter:card\" content=\"summary_large_image\" \/>\n<meta name=\"twitter:creator\" content=\"@http:\/\/www.twitter.com\/thalesbrandao\" \/>\n<meta name=\"twitter:site\" content=\"@CidadeMarketing\" \/>\n<meta name=\"twitter:label1\" content=\"Escrito por\" \/>\n\t<meta name=\"twitter:data1\" content=\"Thales Brand\u00e3o\" \/>\n\t<meta name=\"twitter:label2\" content=\"Est. tempo de leitura\" \/>\n\t<meta name=\"twitter:data2\" content=\"3 minutos\" \/>\n<script type=\"application\/ld+json\" class=\"yoast-schema-graph\">{\"@context\":\"https:\\\/\\\/schema.org\",\"@graph\":[{\"@type\":\"Article\",\"@id\":\"https:\\\/\\\/www.cidademarketing.com.br\\\/marketing\\\/2025\\\/04\\\/23\\\/joao-fonseca-faz-sua-estreia-no-madrid-open-2025-confira-dia-horario-e-onde-assistir\\\/#article\",\"isPartOf\":{\"@id\":\"https:\\\/\\\/www.cidademarketing.com.br\\\/marketing\\\/2025\\\/04\\\/23\\\/joao-fonseca-faz-sua-estreia-no-madrid-open-2025-confira-dia-horario-e-onde-assistir\\\/\"},\"author\":{\"name\":\"Thales Brand\u00e3o\",\"@id\":\"https:\\\/\\\/www.cidademarketing.com.br\\\/marketing\\\/#\\\/schema\\\/person\\\/02daff9f18bd9378c9e01eb6b2db155f\"},\"headline\":\"Jo\u00e3o Fonseca faz sua estreia no Madrid Open 2025; Confira dia, hor\u00e1rio e onde assistir\",\"datePublished\":\"2025-04-23T13:37:07+00:00\",\"dateModified\":\"2025-04-23T14:29:54+00:00\",\"mainEntityOfPage\":{\"@id\":\"https:\\\/\\\/www.cidademarketing.com.br\\\/marketing\\\/2025\\\/04\\\/23\\\/joao-fonseca-faz-sua-estreia-no-madrid-open-2025-confira-dia-horario-e-onde-assistir\\\/\"},\"wordCount\":652,\"commentCount\":0,\"publisher\":{\"@id\":\"https:\\\/\\\/www.cidademarketing.com.br\\\/marketing\\\/#organization\"},\"image\":{\"@id\":\"https:\\\/\\\/www.cidademarketing.com.br\\\/marketing\\\/2025\\\/04\\\/23\\\/joao-fonseca-faz-sua-estreia-no-madrid-open-2025-confira-dia-horario-e-onde-assistir\\\/#primaryimage\"},\"thumbnailUrl\":\"https:\\\/\\\/www.cidademarketing.com.br\\\/marketing\\\/wp-content\\\/uploads\\\/2025\\\/04\\\/joaofonseca_madrid_open_2025.webp\",\"keywords\":[\"Alexander Zverev\",\"Brasil\",\"Carlos Alcaraz\",\"Disney\",\"Elmer Moller\",\"ESPN\",\"esporte\",\"estrat\u00e9gia\",\"Jo\u00e3o Fonseca\",\"Mutua Madrid Open 2025\",\"Novak Djokovic\",\"t\u00eanis\",\"tenista\"],\"articleSection\":[\"Not\u00edcias\"],\"inLanguage\":\"pt-BR\",\"potentialAction\":[{\"@type\":\"CommentAction\",\"name\":\"Comment\",\"target\":[\"https:\\\/\\\/www.cidademarketing.com.br\\\/marketing\\\/2025\\\/04\\\/23\\\/joao-fonseca-faz-sua-estreia-no-madrid-open-2025-confira-dia-horario-e-onde-assistir\\\/#respond\"]}]},{\"@type\":\"WebPage\",\"@id\":\"https:\\\/\\\/www.cidademarketing.com.br\\\/marketing\\\/2025\\\/04\\\/23\\\/joao-fonseca-faz-sua-estreia-no-madrid-open-2025-confira-dia-horario-e-onde-assistir\\\/\",\"url\":\"https:\\\/\\\/www.cidademarketing.com.br\\\/marketing\\\/2025\\\/04\\\/23\\\/joao-fonseca-faz-sua-estreia-no-madrid-open-2025-confira-dia-horario-e-onde-assistir\\\/\",\"name\":\"Jo\u00e3o Fonseca faz sua estreia no Madrid Open 2025; Confira dia, hor\u00e1rio e onde assistir - CidadeMarketing\",\"isPartOf\":{\"@id\":\"https:\\\/\\\/www.cidademarketing.com.br\\\/marketing\\\/#website\"},\"primaryImageOfPage\":{\"@id\":\"https:\\\/\\\/www.cidademarketing.com.br\\\/marketing\\\/2025\\\/04\\\/23\\\/joao-fonseca-faz-sua-estreia-no-madrid-open-2025-confira-dia-horario-e-onde-assistir\\\/#primaryimage\"},\"image\":{\"@id\":\"https:\\\/\\\/www.cidademarketing.com.br\\\/marketing\\\/2025\\\/04\\\/23\\\/joao-fonseca-faz-sua-estreia-no-madrid-open-2025-confira-dia-horario-e-onde-assistir\\\/#primaryimage\"},\"thumbnailUrl\":\"https:\\\/\\\/www.cidademarketing.com.br\\\/marketing\\\/wp-content\\\/uploads\\\/2025\\\/04\\\/joaofonseca_madrid_open_2025.webp\",\"datePublished\":\"2025-04-23T13:37:07+00:00\",\"dateModified\":\"2025-04-23T14:29:54+00:00\",\"breadcrumb\":{\"@id\":\"https:\\\/\\\/www.cidademarketing.com.br\\\/marketing\\\/2025\\\/04\\\/23\\\/joao-fonseca-faz-sua-estreia-no-madrid-open-2025-confira-dia-horario-e-onde-assistir\\\/#breadcrumb\"},\"inLanguage\":\"pt-BR\",\"potentialAction\":[{\"@type\":\"ReadAction\",\"target\":[\"https:\\\/\\\/www.cidademarketing.com.br\\\/marketing\\\/2025\\\/04\\\/23\\\/joao-fonseca-faz-sua-estreia-no-madrid-open-2025-confira-dia-horario-e-onde-assistir\\\/\"]}]},{\"@type\":\"ImageObject\",\"inLanguage\":\"pt-BR\",\"@id\":\"https:\\\/\\\/www.cidademarketing.com.br\\\/marketing\\\/2025\\\/04\\\/23\\\/joao-fonseca-faz-sua-estreia-no-madrid-open-2025-confira-dia-horario-e-onde-assistir\\\/#primaryimage\",\"url\":\"https:\\\/\\\/www.cidademarketing.com.br\\\/marketing\\\/wp-content\\\/uploads\\\/2025\\\/04\\\/joaofonseca_madrid_open_2025.webp\",\"contentUrl\":\"https:\\\/\\\/www.cidademarketing.com.br\\\/marketing\\\/wp-content\\\/uploads\\\/2025\\\/04\\\/joaofonseca_madrid_open_2025.webp\",\"width\":795,\"height\":749,\"caption\":\"Reprodu\u00e7\u00e3o\\\/Instagram @joaoffonseca\"},{\"@type\":\"BreadcrumbList\",\"@id\":\"https:\\\/\\\/www.cidademarketing.com.br\\\/marketing\\\/2025\\\/04\\\/23\\\/joao-fonseca-faz-sua-estreia-no-madrid-open-2025-confira-dia-horario-e-onde-assistir\\\/#breadcrumb\",\"itemListElement\":[{\"@type\":\"ListItem\",\"position\":1,\"name\":\"In\u00edcio\",\"item\":\"https:\\\/\\\/www.cidademarketing.com.br\\\/marketing\\\/\"},{\"@type\":\"ListItem\",\"position\":2,\"name\":\"Jo\u00e3o Fonseca faz sua estreia no Madrid Open 2025; Confira dia, hor\u00e1rio e onde assistir\"}]},{\"@type\":\"WebSite\",\"@id\":\"https:\\\/\\\/www.cidademarketing.com.br\\\/marketing\\\/#website\",\"url\":\"https:\\\/\\\/www.cidademarketing.com.br\\\/marketing\\\/\",\"name\":\"CidadeMarketing\",\"description\":\"Somos um ve\u00edculo de comunica\u00e7\u00e3o de destaque no Brasil, reconhecido por conte\u00fados nos segmentos de marketing, empreendedorismo e inova\u00e7\u00e3o.\",\"publisher\":{\"@id\":\"https:\\\/\\\/www.cidademarketing.com.br\\\/marketing\\\/#organization\"},\"alternateName\":\"CidadeMarketing\",\"potentialAction\":[{\"@type\":\"SearchAction\",\"target\":{\"@type\":\"EntryPoint\",\"urlTemplate\":\"https:\\\/\\\/www.cidademarketing.com.br\\\/marketing\\\/?s={search_term_string}\"},\"query-input\":{\"@type\":\"PropertyValueSpecification\",\"valueRequired\":true,\"valueName\":\"search_term_string\"}}],\"inLanguage\":\"pt-BR\"},{\"@type\":\"Organization\",\"@id\":\"https:\\\/\\\/www.cidademarketing.com.br\\\/marketing\\\/#organization\",\"name\":\"CidadeMarketing\",\"alternateName\":\"CidadeMarketing\",\"url\":\"https:\\\/\\\/www.cidademarketing.com.br\\\/marketing\\\/\",\"logo\":{\"@type\":\"ImageObject\",\"inLanguage\":\"pt-BR\",\"@id\":\"https:\\\/\\\/www.cidademarketing.com.br\\\/marketing\\\/#\\\/schema\\\/logo\\\/image\\\/\",\"url\":\"https:\\\/\\\/www.cidademarketing.com.br\\\/marketing\\\/wp-content\\\/uploads\\\/2020\\\/01\\\/cidademarketing_marca_mobile.png\",\"contentUrl\":\"https:\\\/\\\/www.cidademarketing.com.br\\\/marketing\\\/wp-content\\\/uploads\\\/2020\\\/01\\\/cidademarketing_marca_mobile.png\",\"width\":230,\"height\":92,\"caption\":\"CidadeMarketing\"},\"image\":{\"@id\":\"https:\\\/\\\/www.cidademarketing.com.br\\\/marketing\\\/#\\\/schema\\\/logo\\\/image\\\/\"},\"sameAs\":[\"https:\\\/\\\/www.facebook.com\\\/portalcidademarketing\",\"https:\\\/\\\/x.com\\\/CidadeMarketing\",\"https:\\\/\\\/www.instagram.com\\\/cidademarketing\\\/\"]},{\"@type\":\"Person\",\"@id\":\"https:\\\/\\\/www.cidademarketing.com.br\\\/marketing\\\/#\\\/schema\\\/person\\\/02daff9f18bd9378c9e01eb6b2db155f\",\"name\":\"Thales Brand\u00e3o\",\"image\":{\"@type\":\"ImageObject\",\"inLanguage\":\"pt-BR\",\"@id\":\"https:\\\/\\\/secure.gravatar.com\\\/avatar\\\/7ca3206950207cc3cb48feec56a8a7898741ab725c368d99d5d7a5a50aab80c6?s=96&d=mm&r=g\",\"url\":\"https:\\\/\\\/secure.gravatar.com\\\/avatar\\\/7ca3206950207cc3cb48feec56a8a7898741ab725c368d99d5d7a5a50aab80c6?s=96&d=mm&r=g\",\"contentUrl\":\"https:\\\/\\\/secure.gravatar.com\\\/avatar\\\/7ca3206950207cc3cb48feec56a8a7898741ab725c368d99d5d7a5a50aab80c6?s=96&d=mm&r=g\",\"caption\":\"Thales Brand\u00e3o\"},\"description\":\"Editor Executivo do Portal CidadeMarketing.com.br &gt; Mestre em Comunica\u00e7\u00e3o e Sociedade pela Universidade Federal de Sergipe. Possui MBA Executivo em Administra\u00e7\u00e3o com \u00eanfase em Marketing pela Funda\u00e7\u00e3o Get\u00falio Vargas - Rio de Janeiro. Consultor, Palestrante e Pesquisador sobre Empreendedorismo, Marketing, Redes Sociais e Neg\u00f3cios Digitais. Professor, Palestrante TedxTalks e Campus Party. Twitter: @ThalesBrandao\",\"sameAs\":[\"http:\\\/\\\/www.mandacaru.com.br\",\"https:\\\/\\\/www.facebook.com\\\/thalesbrandao\",\"http:\\\/\\\/www.instagram.com.br\\\/thalesbrandaoferreira\",\"https:\\\/\\\/www.linkedin.com\\\/in\\\/thales-brand\u00e3o-3948609\\\/\",\"https:\\\/\\\/x.com\\\/http:\\\/\\\/www.twitter.com\\\/thalesbrandao\"],\"url\":\"https:\\\/\\\/www.cidademarketing.com.br\\\/marketing\\\/author\\\/thalesbrandao\\\/\"}]}<\/script>\n<!-- \/ Yoast SEO plugin. -->","yoast_head_json":{"title":"Jo\u00e3o Fonseca faz sua estreia no Madrid Open 2025; Confira dia, hor\u00e1rio e onde assistir - CidadeMarketing","robots":{"index":"index","follow":"follow","max-snippet":"max-snippet:-1","max-image-preview":"max-image-preview:large","max-video-preview":"max-video-preview:-1"},"canonical":"https:\/\/www.cidademarketing.com.br\/marketing\/2025\/04\/23\/joao-fonseca-faz-sua-estreia-no-madrid-open-2025-confira-dia-horario-e-onde-assistir\/","og_locale":"pt_BR","og_type":"article","og_title":"Jo\u00e3o Fonseca faz sua estreia no Madrid Open 2025; Confira dia, hor\u00e1rio e onde assistir - CidadeMarketing","og_description":"O jovem talento brasileiro Jo\u00e3o Fonseca, atual n\u00famero 65 do ranking da ATP, far\u00e1 sua aguardada estreia na chave principal do Masters 1000 de Madri nesta quinta-feira, 24 de abril. Seu primeiro desafio na capital espanhola ser\u00e1 contra o dinamarqu\u00eas Elmer Moller, n\u00famero 114 do mundo e segundo melhor tenista de seu pa\u00eds, logo atr\u00e1s [&hellip;]","og_url":"https:\/\/www.cidademarketing.com.br\/marketing\/2025\/04\/23\/joao-fonseca-faz-sua-estreia-no-madrid-open-2025-confira-dia-horario-e-onde-assistir\/","og_site_name":"CidadeMarketing","article_publisher":"https:\/\/www.facebook.com\/portalcidademarketing","article_author":"https:\/\/www.facebook.com\/thalesbrandao","article_published_time":"2025-04-23T13:37:07+00:00","article_modified_time":"2025-04-23T14:29:54+00:00","og_image":[{"width":795,"height":749,"url":"https:\/\/www.cidademarketing.com.br\/marketing\/wp-content\/uploads\/2025\/04\/joaofonseca_madrid_open_2025.webp","type":"image\/webp"}],"author":"Thales Brand\u00e3o","twitter_card":"summary_large_image","twitter_creator":"@http:\/\/www.twitter.com\/thalesbrandao","twitter_site":"@CidadeMarketing","twitter_misc":{"Escrito por":"Thales Brand\u00e3o","Est. tempo de leitura":"3 minutos"},"schema":{"@context":"https:\/\/schema.org","@graph":[{"@type":"Article","@id":"https:\/\/www.cidademarketing.com.br\/marketing\/2025\/04\/23\/joao-fonseca-faz-sua-estreia-no-madrid-open-2025-confira-dia-horario-e-onde-assistir\/#article","isPartOf":{"@id":"https:\/\/www.cidademarketing.com.br\/marketing\/2025\/04\/23\/joao-fonseca-faz-sua-estreia-no-madrid-open-2025-confira-dia-horario-e-onde-assistir\/"},"author":{"name":"Thales Brand\u00e3o","@id":"https:\/\/www.cidademarketing.com.br\/marketing\/#\/schema\/person\/02daff9f18bd9378c9e01eb6b2db155f"},"headline":"Jo\u00e3o Fonseca faz sua estreia no Madrid Open 2025; Confira dia, hor\u00e1rio e onde assistir","datePublished":"2025-04-23T13:37:07+00:00","dateModified":"2025-04-23T14:29:54+00:00","mainEntityOfPage":{"@id":"https:\/\/www.cidademarketing.com.br\/marketing\/2025\/04\/23\/joao-fonseca-faz-sua-estreia-no-madrid-open-2025-confira-dia-horario-e-onde-assistir\/"},"wordCount":652,"commentCount":0,"publisher":{"@id":"https:\/\/www.cidademarketing.com.br\/marketing\/#organization"},"image":{"@id":"https:\/\/www.cidademarketing.com.br\/marketing\/2025\/04\/23\/joao-fonseca-faz-sua-estreia-no-madrid-open-2025-confira-dia-horario-e-onde-assistir\/#primaryimage"},"thumbnailUrl":"https:\/\/www.cidademarketing.com.br\/marketing\/wp-content\/uploads\/2025\/04\/joaofonseca_madrid_open_2025.webp","keywords":["Alexander Zverev","Brasil","Carlos Alcaraz","Disney","Elmer Moller","ESPN","esporte","estrat\u00e9gia","Jo\u00e3o Fonseca","Mutua Madrid Open 2025","Novak Djokovic","t\u00eanis","tenista"],"articleSection":["Not\u00edcias"],"inLanguage":"pt-BR","potentialAction":[{"@type":"CommentAction","name":"Comment","target":["https:\/\/www.cidademarketing.com.br\/marketing\/2025\/04\/23\/joao-fonseca-faz-sua-estreia-no-madrid-open-2025-confira-dia-horario-e-onde-assistir\/#respond"]}]},{"@type":"WebPage","@id":"https:\/\/www.cidademarketing.com.br\/marketing\/2025\/04\/23\/joao-fonseca-faz-sua-estreia-no-madrid-open-2025-confira-dia-horario-e-onde-assistir\/","url":"https:\/\/www.cidademarketing.com.br\/marketing\/2025\/04\/23\/joao-fonseca-faz-sua-estreia-no-madrid-open-2025-confira-dia-horario-e-onde-assistir\/","name":"Jo\u00e3o Fonseca faz sua estreia no Madrid Open 2025; Confira dia, hor\u00e1rio e onde assistir - CidadeMarketing","isPartOf":{"@id":"https:\/\/www.cidademarketing.com.br\/marketing\/#website"},"primaryImageOfPage":{"@id":"https:\/\/www.cidademarketing.com.br\/marketing\/2025\/04\/23\/joao-fonseca-faz-sua-estreia-no-madrid-open-2025-confira-dia-horario-e-onde-assistir\/#primaryimage"},"image":{"@id":"https:\/\/www.cidademarketing.com.br\/marketing\/2025\/04\/23\/joao-fonseca-faz-sua-estreia-no-madrid-open-2025-confira-dia-horario-e-onde-assistir\/#primaryimage"},"thumbnailUrl":"https:\/\/www.cidademarketing.com.br\/marketing\/wp-content\/uploads\/2025\/04\/joaofonseca_madrid_open_2025.webp","datePublished":"2025-04-23T13:37:07+00:00","dateModified":"2025-04-23T14:29:54+00:00","breadcrumb":{"@id":"https:\/\/www.cidademarketing.com.br\/marketing\/2025\/04\/23\/joao-fonseca-faz-sua-estreia-no-madrid-open-2025-confira-dia-horario-e-onde-assistir\/#breadcrumb"},"inLanguage":"pt-BR","potentialAction":[{"@type":"ReadAction","target":["https:\/\/www.cidademarketing.com.br\/marketing\/2025\/04\/23\/joao-fonseca-faz-sua-estreia-no-madrid-open-2025-confira-dia-horario-e-onde-assistir\/"]}]},{"@type":"ImageObject","inLanguage":"pt-BR","@id":"https:\/\/www.cidademarketing.com.br\/marketing\/2025\/04\/23\/joao-fonseca-faz-sua-estreia-no-madrid-open-2025-confira-dia-horario-e-onde-assistir\/#primaryimage","url":"https:\/\/www.cidademarketing.com.br\/marketing\/wp-content\/uploads\/2025\/04\/joaofonseca_madrid_open_2025.webp","contentUrl":"https:\/\/www.cidademarketing.com.br\/marketing\/wp-content\/uploads\/2025\/04\/joaofonseca_madrid_open_2025.webp","width":795,"height":749,"caption":"Reprodu\u00e7\u00e3o\/Instagram @joaoffonseca"},{"@type":"BreadcrumbList","@id":"https:\/\/www.cidademarketing.com.br\/marketing\/2025\/04\/23\/joao-fonseca-faz-sua-estreia-no-madrid-open-2025-confira-dia-horario-e-onde-assistir\/#breadcrumb","itemListElement":[{"@type":"ListItem","position":1,"name":"In\u00edcio","item":"https:\/\/www.cidademarketing.com.br\/marketing\/"},{"@type":"ListItem","position":2,"name":"Jo\u00e3o Fonseca faz sua estreia no Madrid Open 2025; Confira dia, hor\u00e1rio e onde assistir"}]},{"@type":"WebSite","@id":"https:\/\/www.cidademarketing.com.br\/marketing\/#website","url":"https:\/\/www.cidademarketing.com.br\/marketing\/","name":"CidadeMarketing","description":"Somos um ve\u00edculo de comunica\u00e7\u00e3o de destaque no Brasil, reconhecido por conte\u00fados nos segmentos de marketing, empreendedorismo e inova\u00e7\u00e3o.","publisher":{"@id":"https:\/\/www.cidademarketing.com.br\/marketing\/#organization"},"alternateName":"CidadeMarketing","potentialAction":[{"@type":"SearchAction","target":{"@type":"EntryPoint","urlTemplate":"https:\/\/www.cidademarketing.com.br\/marketing\/?s={search_term_string}"},"query-input":{"@type":"PropertyValueSpecification","valueRequired":true,"valueName":"search_term_string"}}],"inLanguage":"pt-BR"},{"@type":"Organization","@id":"https:\/\/www.cidademarketing.com.br\/marketing\/#organization","name":"CidadeMarketing","alternateName":"CidadeMarketing","url":"https:\/\/www.cidademarketing.com.br\/marketing\/","logo":{"@type":"ImageObject","inLanguage":"pt-BR","@id":"https:\/\/www.cidademarketing.com.br\/marketing\/#\/schema\/logo\/image\/","url":"https:\/\/www.cidademarketing.com.br\/marketing\/wp-content\/uploads\/2020\/01\/cidademarketing_marca_mobile.png","contentUrl":"https:\/\/www.cidademarketing.com.br\/marketing\/wp-content\/uploads\/2020\/01\/cidademarketing_marca_mobile.png","width":230,"height":92,"caption":"CidadeMarketing"},"image":{"@id":"https:\/\/www.cidademarketing.com.br\/marketing\/#\/schema\/logo\/image\/"},"sameAs":["https:\/\/www.facebook.com\/portalcidademarketing","https:\/\/x.com\/CidadeMarketing","https:\/\/www.instagram.com\/cidademarketing\/"]},{"@type":"Person","@id":"https:\/\/www.cidademarketing.com.br\/marketing\/#\/schema\/person\/02daff9f18bd9378c9e01eb6b2db155f","name":"Thales Brand\u00e3o","image":{"@type":"ImageObject","inLanguage":"pt-BR","@id":"https:\/\/secure.gravatar.com\/avatar\/7ca3206950207cc3cb48feec56a8a7898741ab725c368d99d5d7a5a50aab80c6?s=96&d=mm&r=g","url":"https:\/\/secure.gravatar.com\/avatar\/7ca3206950207cc3cb48feec56a8a7898741ab725c368d99d5d7a5a50aab80c6?s=96&d=mm&r=g","contentUrl":"https:\/\/secure.gravatar.com\/avatar\/7ca3206950207cc3cb48feec56a8a7898741ab725c368d99d5d7a5a50aab80c6?s=96&d=mm&r=g","caption":"Thales Brand\u00e3o"},"description":"Editor Executivo do Portal CidadeMarketing.com.br &gt; Mestre em Comunica\u00e7\u00e3o e Sociedade pela Universidade Federal de Sergipe. Possui MBA Executivo em Administra\u00e7\u00e3o com \u00eanfase em Marketing pela Funda\u00e7\u00e3o Get\u00falio Vargas - Rio de Janeiro. Consultor, Palestrante e Pesquisador sobre Empreendedorismo, Marketing, Redes Sociais e Neg\u00f3cios Digitais. Professor, Palestrante TedxTalks e Campus Party. Twitter: @ThalesBrandao","sameAs":["http:\/\/www.mandacaru.com.br","https:\/\/www.facebook.com\/thalesbrandao","http:\/\/www.instagram.com.br\/thalesbrandaoferreira","https:\/\/www.linkedin.com\/in\/thales-brand\u00e3o-3948609\/","https:\/\/x.com\/http:\/\/www.twitter.com\/thalesbrandao"],"url":"https:\/\/www.cidademarketing.com.br\/marketing\/author\/thalesbrandao\/"}]}},"amp_enabled":true,"_links":{"self":[{"href":"https:\/\/www.cidademarketing.com.br\/marketing\/wp-json\/wp\/v2\/posts\/56008","targetHints":{"allow":["GET"]}}],"collection":[{"href":"https:\/\/www.cidademarketing.com.br\/marketing\/wp-json\/wp\/v2\/posts"}],"about":[{"href":"https:\/\/www.cidademarketing.com.br\/marketing\/wp-json\/wp\/v2\/types\/post"}],"author":[{"embeddable":true,"href":"https:\/\/www.cidademarketing.com.br\/marketing\/wp-json\/wp\/v2\/users\/1"}],"replies":[{"embeddable":true,"href":"https:\/\/www.cidademarketing.com.br\/marketing\/wp-json\/wp\/v2\/comments?post=56008"}],"version-history":[{"count":2,"href":"https:\/\/www.cidademarketing.com.br\/marketing\/wp-json\/wp\/v2\/posts\/56008\/revisions"}],"predecessor-version":[{"id":56011,"href":"https:\/\/www.cidademarketing.com.br\/marketing\/wp-json\/wp\/v2\/posts\/56008\/revisions\/56011"}],"wp:featuredmedia":[{"embeddable":true,"href":"https:\/\/www.cidademarketing.com.br\/marketing\/wp-json\/wp\/v2\/media\/56009"}],"wp:attachment":[{"href":"https:\/\/www.cidademarketing.com.br\/marketing\/wp-json\/wp\/v2\/media?parent=56008"}],"wp:term":[{"taxonomy":"category","embeddable":true,"href":"https:\/\/www.cidademarketing.com.br\/marketing\/wp-json\/wp\/v2\/categories?post=56008"},{"taxonomy":"post_tag","embeddable":true,"href":"https:\/\/www.cidademarketing.com.br\/marketing\/wp-json\/wp\/v2\/tags?post=56008"}],"curies":[{"name":"wp","href":"https:\/\/api.w.org\/{rel}","templated":true}]}}