{"id":56005,"date":"2025-04-22T23:52:43","date_gmt":"2025-04-23T02:52:43","guid":{"rendered":"https:\/\/www.cidademarketing.com.br\/marketing\/?p=56005"},"modified":"2025-04-22T23:52:43","modified_gmt":"2025-04-23T02:52:43","slug":"sem-autorizacao-para-voar-voepass-entra-com-pedido-de-recuperacao-judicial","status":"publish","type":"post","link":"https:\/\/www.cidademarketing.com.br\/marketing\/2025\/04\/22\/sem-autorizacao-para-voar-voepass-entra-com-pedido-de-recuperacao-judicial\/","title":{"rendered":"Sem autoriza\u00e7\u00e3o para voar, Voepass entra com pedido de recupera\u00e7\u00e3o judicial"},"content":{"rendered":"<p>A Voepass Linhas A\u00e9reas formalizou, na noite desta ter\u00e7a-feira (22), um pedido de recupera\u00e7\u00e3o judicial. A medida dr\u00e1stica ocorre em um momento cr\u00edtico para a companhia, que teve todas as suas opera\u00e7\u00f5es suspensas pela Ag\u00eancia Nacional de Avia\u00e7\u00e3o Civil (Anac).<\/p>\n<p>Esta \u00e9 a segunda vez na sua hist\u00f3ria recente que a empresa a\u00e9rea, com sede em Ribeir\u00e3o Preto (SP) e que j\u00e1 figurou como a quarta maior do pa\u00eds, recorre a esse tipo de processo na Justi\u00e7a.\u00a0 A suspens\u00e3o das opera\u00e7\u00f5es da Voepass foi determinada pela Anac em mar\u00e7o deste ano, ap\u00f3s a constata\u00e7\u00e3o de uma s\u00e9rie de irregularidades e falhas de seguran\u00e7a nas opera\u00e7\u00f5es da empresa. A companhia a\u00e9rea acumula uma d\u00edvida estimada em R$ 210 milh\u00f5es.<\/p>\n<p>A grave crise financeira enfrentada pela Voepass se intensificou, principalmente, em decorr\u00eancia dos desdobramentos do tr\u00e1gico acidente a\u00e9reo ocorrido em agosto de 2024 em Vinhedo (SP), que resultou na morte de 62 pessoas. Outro fator determinante para a crise foi o rompimento de um acordo de codeshare com a Latam, no qual a Voepass operava voos comercializados pela concorrente. Essa parceria chegou a representar expressivos 93% do faturamento da companhia a\u00e9rea.<\/p>\n<p>Em fevereiro, antes de formalizar o pedido de recupera\u00e7\u00e3o judicial, a Voepass havia anunciado uma reestrutura\u00e7\u00e3o financeira e conseguido na Justi\u00e7a a suspens\u00e3o de a\u00e7\u00f5es de credores e a apreens\u00e3o de suas aeronaves. Contudo, sem obter a autoriza\u00e7\u00e3o da Anac para retomar suas atividades, a empresa realizou demiss\u00f5es de funcion\u00e1rios neste m\u00eas. O n\u00famero exato de desligamentos n\u00e3o foi divulgado.<\/p>\n<p>O pedido de recupera\u00e7\u00e3o judicial da Voepass abre um novo cap\u00edtulo na tentativa da companhia de renegociar suas d\u00edvidas e reestruturar suas opera\u00e7\u00f5es, em um cen\u00e1rio marcado pela suspens\u00e3o de voos e pela grave crise de confian\u00e7a em rela\u00e7\u00e3o \u00e0 seguran\u00e7a de suas opera\u00e7\u00f5es.<\/p>\n","protected":false},"excerpt":{"rendered":"<p>A Voepass Linhas A\u00e9reas formalizou, na noite desta ter\u00e7a-feira (22), um pedido de recupera\u00e7\u00e3o judicial. A medida dr\u00e1stica ocorre em um momento cr\u00edtico para a companhia, que teve todas as suas opera\u00e7\u00f5es suspensas pela Ag\u00eancia Nacional de Avia\u00e7\u00e3o Civil (Anac). Esta \u00e9 a segunda vez na sua hist\u00f3ria recente que a empresa a\u00e9rea, com sede [&hellip;]<\/p>\n","protected":false},"author":1,"featured_media":56006,"comment_status":"open","ping_status":"open","sticky":false,"template":"","format":"standard","meta":{"tdm_status":"","tdm_grid_status":"","footnotes":""},"categories":[6],"tags":[186,147,580,33,430,155,398,8902,7293],"class_list":["post-56005","post","type-post","status-publish","format-standard","has-post-thumbnail","hentry","category-noticias","tag-anac","tag-brasil","tag-crise","tag-estrategia","tag-financas","tag-latam","tag-recuperacao-judicial","tag-transporte-aereo","tag-voepass"],"yoast_head":"<!-- This site is optimized with the Yoast SEO plugin v27.5 - https:\/\/yoast.com\/product\/yoast-seo-wordpress\/ -->\n<title>Sem autoriza\u00e7\u00e3o para voar, Voepass entra com pedido de recupera\u00e7\u00e3o judicial - CidadeMarketing<\/title>\n<meta name=\"robots\" content=\"index, follow, max-snippet:-1, max-image-preview:large, max-video-preview:-1\" \/>\n<link rel=\"canonical\" href=\"https:\/\/www.cidademarketing.com.br\/marketing\/2025\/04\/22\/sem-autorizacao-para-voar-voepass-entra-com-pedido-de-recuperacao-judicial\/\" \/>\n<meta property=\"og:locale\" content=\"pt_BR\" \/>\n<meta property=\"og:type\" content=\"article\" \/>\n<meta property=\"og:title\" content=\"Sem autoriza\u00e7\u00e3o para voar, Voepass entra com pedido de recupera\u00e7\u00e3o judicial - CidadeMarketing\" \/>\n<meta property=\"og:description\" content=\"A Voepass Linhas A\u00e9reas formalizou, na noite desta ter\u00e7a-feira (22), um pedido de recupera\u00e7\u00e3o judicial. A medida dr\u00e1stica ocorre em um momento cr\u00edtico para a companhia, que teve todas as suas opera\u00e7\u00f5es suspensas pela Ag\u00eancia Nacional de Avia\u00e7\u00e3o Civil (Anac). Esta \u00e9 a segunda vez na sua hist\u00f3ria recente que a empresa a\u00e9rea, com sede [&hellip;]\" \/>\n<meta property=\"og:url\" content=\"https:\/\/www.cidademarketing.com.br\/marketing\/2025\/04\/22\/sem-autorizacao-para-voar-voepass-entra-com-pedido-de-recuperacao-judicial\/\" \/>\n<meta property=\"og:site_name\" content=\"CidadeMarketing\" \/>\n<meta property=\"article:publisher\" content=\"https:\/\/www.facebook.com\/portalcidademarketing\" \/>\n<meta property=\"article:author\" content=\"https:\/\/www.facebook.com\/thalesbrandao\" \/>\n<meta property=\"article:published_time\" content=\"2025-04-23T02:52:43+00:00\" \/>\n<meta property=\"og:image\" content=\"https:\/\/www.cidademarketing.com.br\/marketing\/wp-content\/uploads\/2025\/04\/marcavoepass_recuperacaojudicial_latam.webp\" \/>\n\t<meta property=\"og:image:width\" content=\"1000\" \/>\n\t<meta property=\"og:image:height\" content=\"563\" \/>\n\t<meta property=\"og:image:type\" content=\"image\/webp\" \/>\n<meta name=\"author\" content=\"Thales Brand\u00e3o\" \/>\n<meta name=\"twitter:card\" content=\"summary_large_image\" \/>\n<meta name=\"twitter:creator\" content=\"@http:\/\/www.twitter.com\/thalesbrandao\" \/>\n<meta name=\"twitter:site\" content=\"@CidadeMarketing\" \/>\n<meta name=\"twitter:label1\" content=\"Escrito por\" \/>\n\t<meta name=\"twitter:data1\" content=\"Thales Brand\u00e3o\" \/>\n\t<meta name=\"twitter:label2\" content=\"Est. tempo de leitura\" \/>\n\t<meta name=\"twitter:data2\" content=\"2 minutos\" \/>\n<script type=\"application\/ld+json\" class=\"yoast-schema-graph\">{\"@context\":\"https:\\\/\\\/schema.org\",\"@graph\":[{\"@type\":\"Article\",\"@id\":\"https:\\\/\\\/www.cidademarketing.com.br\\\/marketing\\\/2025\\\/04\\\/22\\\/sem-autorizacao-para-voar-voepass-entra-com-pedido-de-recuperacao-judicial\\\/#article\",\"isPartOf\":{\"@id\":\"https:\\\/\\\/www.cidademarketing.com.br\\\/marketing\\\/2025\\\/04\\\/22\\\/sem-autorizacao-para-voar-voepass-entra-com-pedido-de-recuperacao-judicial\\\/\"},\"author\":{\"name\":\"Thales Brand\u00e3o\",\"@id\":\"https:\\\/\\\/www.cidademarketing.com.br\\\/marketing\\\/#\\\/schema\\\/person\\\/02daff9f18bd9378c9e01eb6b2db155f\"},\"headline\":\"Sem autoriza\u00e7\u00e3o para voar, Voepass entra com pedido de recupera\u00e7\u00e3o judicial\",\"datePublished\":\"2025-04-23T02:52:43+00:00\",\"mainEntityOfPage\":{\"@id\":\"https:\\\/\\\/www.cidademarketing.com.br\\\/marketing\\\/2025\\\/04\\\/22\\\/sem-autorizacao-para-voar-voepass-entra-com-pedido-de-recuperacao-judicial\\\/\"},\"wordCount\":349,\"commentCount\":0,\"publisher\":{\"@id\":\"https:\\\/\\\/www.cidademarketing.com.br\\\/marketing\\\/#organization\"},\"image\":{\"@id\":\"https:\\\/\\\/www.cidademarketing.com.br\\\/marketing\\\/2025\\\/04\\\/22\\\/sem-autorizacao-para-voar-voepass-entra-com-pedido-de-recuperacao-judicial\\\/#primaryimage\"},\"thumbnailUrl\":\"https:\\\/\\\/www.cidademarketing.com.br\\\/marketing\\\/wp-content\\\/uploads\\\/2025\\\/04\\\/marcavoepass_recuperacaojudicial_latam.webp\",\"keywords\":[\"ANAC\",\"Brasil\",\"crise\",\"estrat\u00e9gia\",\"finan\u00e7as\",\"Latam\",\"recupera\u00e7\u00e3o judicial\",\"transporte a\u00e9reo\",\"Voepass\"],\"articleSection\":[\"Not\u00edcias\"],\"inLanguage\":\"pt-BR\",\"potentialAction\":[{\"@type\":\"CommentAction\",\"name\":\"Comment\",\"target\":[\"https:\\\/\\\/www.cidademarketing.com.br\\\/marketing\\\/2025\\\/04\\\/22\\\/sem-autorizacao-para-voar-voepass-entra-com-pedido-de-recuperacao-judicial\\\/#respond\"]}]},{\"@type\":\"WebPage\",\"@id\":\"https:\\\/\\\/www.cidademarketing.com.br\\\/marketing\\\/2025\\\/04\\\/22\\\/sem-autorizacao-para-voar-voepass-entra-com-pedido-de-recuperacao-judicial\\\/\",\"url\":\"https:\\\/\\\/www.cidademarketing.com.br\\\/marketing\\\/2025\\\/04\\\/22\\\/sem-autorizacao-para-voar-voepass-entra-com-pedido-de-recuperacao-judicial\\\/\",\"name\":\"Sem autoriza\u00e7\u00e3o para voar, Voepass entra com pedido de recupera\u00e7\u00e3o judicial - CidadeMarketing\",\"isPartOf\":{\"@id\":\"https:\\\/\\\/www.cidademarketing.com.br\\\/marketing\\\/#website\"},\"primaryImageOfPage\":{\"@id\":\"https:\\\/\\\/www.cidademarketing.com.br\\\/marketing\\\/2025\\\/04\\\/22\\\/sem-autorizacao-para-voar-voepass-entra-com-pedido-de-recuperacao-judicial\\\/#primaryimage\"},\"image\":{\"@id\":\"https:\\\/\\\/www.cidademarketing.com.br\\\/marketing\\\/2025\\\/04\\\/22\\\/sem-autorizacao-para-voar-voepass-entra-com-pedido-de-recuperacao-judicial\\\/#primaryimage\"},\"thumbnailUrl\":\"https:\\\/\\\/www.cidademarketing.com.br\\\/marketing\\\/wp-content\\\/uploads\\\/2025\\\/04\\\/marcavoepass_recuperacaojudicial_latam.webp\",\"datePublished\":\"2025-04-23T02:52:43+00:00\",\"breadcrumb\":{\"@id\":\"https:\\\/\\\/www.cidademarketing.com.br\\\/marketing\\\/2025\\\/04\\\/22\\\/sem-autorizacao-para-voar-voepass-entra-com-pedido-de-recuperacao-judicial\\\/#breadcrumb\"},\"inLanguage\":\"pt-BR\",\"potentialAction\":[{\"@type\":\"ReadAction\",\"target\":[\"https:\\\/\\\/www.cidademarketing.com.br\\\/marketing\\\/2025\\\/04\\\/22\\\/sem-autorizacao-para-voar-voepass-entra-com-pedido-de-recuperacao-judicial\\\/\"]}]},{\"@type\":\"ImageObject\",\"inLanguage\":\"pt-BR\",\"@id\":\"https:\\\/\\\/www.cidademarketing.com.br\\\/marketing\\\/2025\\\/04\\\/22\\\/sem-autorizacao-para-voar-voepass-entra-com-pedido-de-recuperacao-judicial\\\/#primaryimage\",\"url\":\"https:\\\/\\\/www.cidademarketing.com.br\\\/marketing\\\/wp-content\\\/uploads\\\/2025\\\/04\\\/marcavoepass_recuperacaojudicial_latam.webp\",\"contentUrl\":\"https:\\\/\\\/www.cidademarketing.com.br\\\/marketing\\\/wp-content\\\/uploads\\\/2025\\\/04\\\/marcavoepass_recuperacaojudicial_latam.webp\",\"width\":1000,\"height\":563},{\"@type\":\"BreadcrumbList\",\"@id\":\"https:\\\/\\\/www.cidademarketing.com.br\\\/marketing\\\/2025\\\/04\\\/22\\\/sem-autorizacao-para-voar-voepass-entra-com-pedido-de-recuperacao-judicial\\\/#breadcrumb\",\"itemListElement\":[{\"@type\":\"ListItem\",\"position\":1,\"name\":\"In\u00edcio\",\"item\":\"https:\\\/\\\/www.cidademarketing.com.br\\\/marketing\\\/\"},{\"@type\":\"ListItem\",\"position\":2,\"name\":\"Sem autoriza\u00e7\u00e3o para voar, Voepass entra com pedido de recupera\u00e7\u00e3o judicial\"}]},{\"@type\":\"WebSite\",\"@id\":\"https:\\\/\\\/www.cidademarketing.com.br\\\/marketing\\\/#website\",\"url\":\"https:\\\/\\\/www.cidademarketing.com.br\\\/marketing\\\/\",\"name\":\"CidadeMarketing\",\"description\":\"Somos um ve\u00edculo de comunica\u00e7\u00e3o de destaque no Brasil, reconhecido por conte\u00fados nos segmentos de marketing, empreendedorismo e inova\u00e7\u00e3o.\",\"publisher\":{\"@id\":\"https:\\\/\\\/www.cidademarketing.com.br\\\/marketing\\\/#organization\"},\"alternateName\":\"CidadeMarketing\",\"potentialAction\":[{\"@type\":\"SearchAction\",\"target\":{\"@type\":\"EntryPoint\",\"urlTemplate\":\"https:\\\/\\\/www.cidademarketing.com.br\\\/marketing\\\/?s={search_term_string}\"},\"query-input\":{\"@type\":\"PropertyValueSpecification\",\"valueRequired\":true,\"valueName\":\"search_term_string\"}}],\"inLanguage\":\"pt-BR\"},{\"@type\":\"Organization\",\"@id\":\"https:\\\/\\\/www.cidademarketing.com.br\\\/marketing\\\/#organization\",\"name\":\"CidadeMarketing\",\"alternateName\":\"CidadeMarketing\",\"url\":\"https:\\\/\\\/www.cidademarketing.com.br\\\/marketing\\\/\",\"logo\":{\"@type\":\"ImageObject\",\"inLanguage\":\"pt-BR\",\"@id\":\"https:\\\/\\\/www.cidademarketing.com.br\\\/marketing\\\/#\\\/schema\\\/logo\\\/image\\\/\",\"url\":\"https:\\\/\\\/www.cidademarketing.com.br\\\/marketing\\\/wp-content\\\/uploads\\\/2020\\\/01\\\/cidademarketing_marca_mobile.png\",\"contentUrl\":\"https:\\\/\\\/www.cidademarketing.com.br\\\/marketing\\\/wp-content\\\/uploads\\\/2020\\\/01\\\/cidademarketing_marca_mobile.png\",\"width\":230,\"height\":92,\"caption\":\"CidadeMarketing\"},\"image\":{\"@id\":\"https:\\\/\\\/www.cidademarketing.com.br\\\/marketing\\\/#\\\/schema\\\/logo\\\/image\\\/\"},\"sameAs\":[\"https:\\\/\\\/www.facebook.com\\\/portalcidademarketing\",\"https:\\\/\\\/x.com\\\/CidadeMarketing\",\"https:\\\/\\\/www.instagram.com\\\/cidademarketing\\\/\"]},{\"@type\":\"Person\",\"@id\":\"https:\\\/\\\/www.cidademarketing.com.br\\\/marketing\\\/#\\\/schema\\\/person\\\/02daff9f18bd9378c9e01eb6b2db155f\",\"name\":\"Thales Brand\u00e3o\",\"image\":{\"@type\":\"ImageObject\",\"inLanguage\":\"pt-BR\",\"@id\":\"https:\\\/\\\/secure.gravatar.com\\\/avatar\\\/7ca3206950207cc3cb48feec56a8a7898741ab725c368d99d5d7a5a50aab80c6?s=96&d=mm&r=g\",\"url\":\"https:\\\/\\\/secure.gravatar.com\\\/avatar\\\/7ca3206950207cc3cb48feec56a8a7898741ab725c368d99d5d7a5a50aab80c6?s=96&d=mm&r=g\",\"contentUrl\":\"https:\\\/\\\/secure.gravatar.com\\\/avatar\\\/7ca3206950207cc3cb48feec56a8a7898741ab725c368d99d5d7a5a50aab80c6?s=96&d=mm&r=g\",\"caption\":\"Thales Brand\u00e3o\"},\"description\":\"Editor Executivo do Portal CidadeMarketing.com.br &gt; Mestre em Comunica\u00e7\u00e3o e Sociedade pela Universidade Federal de Sergipe. Possui MBA Executivo em Administra\u00e7\u00e3o com \u00eanfase em Marketing pela Funda\u00e7\u00e3o Get\u00falio Vargas - Rio de Janeiro. Consultor, Palestrante e Pesquisador sobre Empreendedorismo, Marketing, Redes Sociais e Neg\u00f3cios Digitais. Professor, Palestrante TedxTalks e Campus Party. Twitter: @ThalesBrandao\",\"sameAs\":[\"http:\\\/\\\/www.mandacaru.com.br\",\"https:\\\/\\\/www.facebook.com\\\/thalesbrandao\",\"http:\\\/\\\/www.instagram.com.br\\\/thalesbrandaoferreira\",\"https:\\\/\\\/www.linkedin.com\\\/in\\\/thales-brand\u00e3o-3948609\\\/\",\"https:\\\/\\\/x.com\\\/http:\\\/\\\/www.twitter.com\\\/thalesbrandao\"],\"url\":\"https:\\\/\\\/www.cidademarketing.com.br\\\/marketing\\\/author\\\/thalesbrandao\\\/\"}]}<\/script>\n<!-- \/ Yoast SEO plugin. -->","yoast_head_json":{"title":"Sem autoriza\u00e7\u00e3o para voar, Voepass entra com pedido de recupera\u00e7\u00e3o judicial - CidadeMarketing","robots":{"index":"index","follow":"follow","max-snippet":"max-snippet:-1","max-image-preview":"max-image-preview:large","max-video-preview":"max-video-preview:-1"},"canonical":"https:\/\/www.cidademarketing.com.br\/marketing\/2025\/04\/22\/sem-autorizacao-para-voar-voepass-entra-com-pedido-de-recuperacao-judicial\/","og_locale":"pt_BR","og_type":"article","og_title":"Sem autoriza\u00e7\u00e3o para voar, Voepass entra com pedido de recupera\u00e7\u00e3o judicial - CidadeMarketing","og_description":"A Voepass Linhas A\u00e9reas formalizou, na noite desta ter\u00e7a-feira (22), um pedido de recupera\u00e7\u00e3o judicial. A medida dr\u00e1stica ocorre em um momento cr\u00edtico para a companhia, que teve todas as suas opera\u00e7\u00f5es suspensas pela Ag\u00eancia Nacional de Avia\u00e7\u00e3o Civil (Anac). Esta \u00e9 a segunda vez na sua hist\u00f3ria recente que a empresa a\u00e9rea, com sede [&hellip;]","og_url":"https:\/\/www.cidademarketing.com.br\/marketing\/2025\/04\/22\/sem-autorizacao-para-voar-voepass-entra-com-pedido-de-recuperacao-judicial\/","og_site_name":"CidadeMarketing","article_publisher":"https:\/\/www.facebook.com\/portalcidademarketing","article_author":"https:\/\/www.facebook.com\/thalesbrandao","article_published_time":"2025-04-23T02:52:43+00:00","og_image":[{"width":1000,"height":563,"url":"https:\/\/www.cidademarketing.com.br\/marketing\/wp-content\/uploads\/2025\/04\/marcavoepass_recuperacaojudicial_latam.webp","type":"image\/webp"}],"author":"Thales Brand\u00e3o","twitter_card":"summary_large_image","twitter_creator":"@http:\/\/www.twitter.com\/thalesbrandao","twitter_site":"@CidadeMarketing","twitter_misc":{"Escrito por":"Thales Brand\u00e3o","Est. tempo de leitura":"2 minutos"},"schema":{"@context":"https:\/\/schema.org","@graph":[{"@type":"Article","@id":"https:\/\/www.cidademarketing.com.br\/marketing\/2025\/04\/22\/sem-autorizacao-para-voar-voepass-entra-com-pedido-de-recuperacao-judicial\/#article","isPartOf":{"@id":"https:\/\/www.cidademarketing.com.br\/marketing\/2025\/04\/22\/sem-autorizacao-para-voar-voepass-entra-com-pedido-de-recuperacao-judicial\/"},"author":{"name":"Thales Brand\u00e3o","@id":"https:\/\/www.cidademarketing.com.br\/marketing\/#\/schema\/person\/02daff9f18bd9378c9e01eb6b2db155f"},"headline":"Sem autoriza\u00e7\u00e3o para voar, Voepass entra com pedido de recupera\u00e7\u00e3o judicial","datePublished":"2025-04-23T02:52:43+00:00","mainEntityOfPage":{"@id":"https:\/\/www.cidademarketing.com.br\/marketing\/2025\/04\/22\/sem-autorizacao-para-voar-voepass-entra-com-pedido-de-recuperacao-judicial\/"},"wordCount":349,"commentCount":0,"publisher":{"@id":"https:\/\/www.cidademarketing.com.br\/marketing\/#organization"},"image":{"@id":"https:\/\/www.cidademarketing.com.br\/marketing\/2025\/04\/22\/sem-autorizacao-para-voar-voepass-entra-com-pedido-de-recuperacao-judicial\/#primaryimage"},"thumbnailUrl":"https:\/\/www.cidademarketing.com.br\/marketing\/wp-content\/uploads\/2025\/04\/marcavoepass_recuperacaojudicial_latam.webp","keywords":["ANAC","Brasil","crise","estrat\u00e9gia","finan\u00e7as","Latam","recupera\u00e7\u00e3o judicial","transporte a\u00e9reo","Voepass"],"articleSection":["Not\u00edcias"],"inLanguage":"pt-BR","potentialAction":[{"@type":"CommentAction","name":"Comment","target":["https:\/\/www.cidademarketing.com.br\/marketing\/2025\/04\/22\/sem-autorizacao-para-voar-voepass-entra-com-pedido-de-recuperacao-judicial\/#respond"]}]},{"@type":"WebPage","@id":"https:\/\/www.cidademarketing.com.br\/marketing\/2025\/04\/22\/sem-autorizacao-para-voar-voepass-entra-com-pedido-de-recuperacao-judicial\/","url":"https:\/\/www.cidademarketing.com.br\/marketing\/2025\/04\/22\/sem-autorizacao-para-voar-voepass-entra-com-pedido-de-recuperacao-judicial\/","name":"Sem autoriza\u00e7\u00e3o para voar, Voepass entra com pedido de recupera\u00e7\u00e3o judicial - CidadeMarketing","isPartOf":{"@id":"https:\/\/www.cidademarketing.com.br\/marketing\/#website"},"primaryImageOfPage":{"@id":"https:\/\/www.cidademarketing.com.br\/marketing\/2025\/04\/22\/sem-autorizacao-para-voar-voepass-entra-com-pedido-de-recuperacao-judicial\/#primaryimage"},"image":{"@id":"https:\/\/www.cidademarketing.com.br\/marketing\/2025\/04\/22\/sem-autorizacao-para-voar-voepass-entra-com-pedido-de-recuperacao-judicial\/#primaryimage"},"thumbnailUrl":"https:\/\/www.cidademarketing.com.br\/marketing\/wp-content\/uploads\/2025\/04\/marcavoepass_recuperacaojudicial_latam.webp","datePublished":"2025-04-23T02:52:43+00:00","breadcrumb":{"@id":"https:\/\/www.cidademarketing.com.br\/marketing\/2025\/04\/22\/sem-autorizacao-para-voar-voepass-entra-com-pedido-de-recuperacao-judicial\/#breadcrumb"},"inLanguage":"pt-BR","potentialAction":[{"@type":"ReadAction","target":["https:\/\/www.cidademarketing.com.br\/marketing\/2025\/04\/22\/sem-autorizacao-para-voar-voepass-entra-com-pedido-de-recuperacao-judicial\/"]}]},{"@type":"ImageObject","inLanguage":"pt-BR","@id":"https:\/\/www.cidademarketing.com.br\/marketing\/2025\/04\/22\/sem-autorizacao-para-voar-voepass-entra-com-pedido-de-recuperacao-judicial\/#primaryimage","url":"https:\/\/www.cidademarketing.com.br\/marketing\/wp-content\/uploads\/2025\/04\/marcavoepass_recuperacaojudicial_latam.webp","contentUrl":"https:\/\/www.cidademarketing.com.br\/marketing\/wp-content\/uploads\/2025\/04\/marcavoepass_recuperacaojudicial_latam.webp","width":1000,"height":563},{"@type":"BreadcrumbList","@id":"https:\/\/www.cidademarketing.com.br\/marketing\/2025\/04\/22\/sem-autorizacao-para-voar-voepass-entra-com-pedido-de-recuperacao-judicial\/#breadcrumb","itemListElement":[{"@type":"ListItem","position":1,"name":"In\u00edcio","item":"https:\/\/www.cidademarketing.com.br\/marketing\/"},{"@type":"ListItem","position":2,"name":"Sem autoriza\u00e7\u00e3o para voar, Voepass entra com pedido de recupera\u00e7\u00e3o judicial"}]},{"@type":"WebSite","@id":"https:\/\/www.cidademarketing.com.br\/marketing\/#website","url":"https:\/\/www.cidademarketing.com.br\/marketing\/","name":"CidadeMarketing","description":"Somos um ve\u00edculo de comunica\u00e7\u00e3o de destaque no Brasil, reconhecido por conte\u00fados nos segmentos de marketing, empreendedorismo e inova\u00e7\u00e3o.","publisher":{"@id":"https:\/\/www.cidademarketing.com.br\/marketing\/#organization"},"alternateName":"CidadeMarketing","potentialAction":[{"@type":"SearchAction","target":{"@type":"EntryPoint","urlTemplate":"https:\/\/www.cidademarketing.com.br\/marketing\/?s={search_term_string}"},"query-input":{"@type":"PropertyValueSpecification","valueRequired":true,"valueName":"search_term_string"}}],"inLanguage":"pt-BR"},{"@type":"Organization","@id":"https:\/\/www.cidademarketing.com.br\/marketing\/#organization","name":"CidadeMarketing","alternateName":"CidadeMarketing","url":"https:\/\/www.cidademarketing.com.br\/marketing\/","logo":{"@type":"ImageObject","inLanguage":"pt-BR","@id":"https:\/\/www.cidademarketing.com.br\/marketing\/#\/schema\/logo\/image\/","url":"https:\/\/www.cidademarketing.com.br\/marketing\/wp-content\/uploads\/2020\/01\/cidademarketing_marca_mobile.png","contentUrl":"https:\/\/www.cidademarketing.com.br\/marketing\/wp-content\/uploads\/2020\/01\/cidademarketing_marca_mobile.png","width":230,"height":92,"caption":"CidadeMarketing"},"image":{"@id":"https:\/\/www.cidademarketing.com.br\/marketing\/#\/schema\/logo\/image\/"},"sameAs":["https:\/\/www.facebook.com\/portalcidademarketing","https:\/\/x.com\/CidadeMarketing","https:\/\/www.instagram.com\/cidademarketing\/"]},{"@type":"Person","@id":"https:\/\/www.cidademarketing.com.br\/marketing\/#\/schema\/person\/02daff9f18bd9378c9e01eb6b2db155f","name":"Thales Brand\u00e3o","image":{"@type":"ImageObject","inLanguage":"pt-BR","@id":"https:\/\/secure.gravatar.com\/avatar\/7ca3206950207cc3cb48feec56a8a7898741ab725c368d99d5d7a5a50aab80c6?s=96&d=mm&r=g","url":"https:\/\/secure.gravatar.com\/avatar\/7ca3206950207cc3cb48feec56a8a7898741ab725c368d99d5d7a5a50aab80c6?s=96&d=mm&r=g","contentUrl":"https:\/\/secure.gravatar.com\/avatar\/7ca3206950207cc3cb48feec56a8a7898741ab725c368d99d5d7a5a50aab80c6?s=96&d=mm&r=g","caption":"Thales Brand\u00e3o"},"description":"Editor Executivo do Portal CidadeMarketing.com.br &gt; Mestre em Comunica\u00e7\u00e3o e Sociedade pela Universidade Federal de Sergipe. Possui MBA Executivo em Administra\u00e7\u00e3o com \u00eanfase em Marketing pela Funda\u00e7\u00e3o Get\u00falio Vargas - Rio de Janeiro. Consultor, Palestrante e Pesquisador sobre Empreendedorismo, Marketing, Redes Sociais e Neg\u00f3cios Digitais. Professor, Palestrante TedxTalks e Campus Party. Twitter: @ThalesBrandao","sameAs":["http:\/\/www.mandacaru.com.br","https:\/\/www.facebook.com\/thalesbrandao","http:\/\/www.instagram.com.br\/thalesbrandaoferreira","https:\/\/www.linkedin.com\/in\/thales-brand\u00e3o-3948609\/","https:\/\/x.com\/http:\/\/www.twitter.com\/thalesbrandao"],"url":"https:\/\/www.cidademarketing.com.br\/marketing\/author\/thalesbrandao\/"}]}},"amp_enabled":true,"_links":{"self":[{"href":"https:\/\/www.cidademarketing.com.br\/marketing\/wp-json\/wp\/v2\/posts\/56005","targetHints":{"allow":["GET"]}}],"collection":[{"href":"https:\/\/www.cidademarketing.com.br\/marketing\/wp-json\/wp\/v2\/posts"}],"about":[{"href":"https:\/\/www.cidademarketing.com.br\/marketing\/wp-json\/wp\/v2\/types\/post"}],"author":[{"embeddable":true,"href":"https:\/\/www.cidademarketing.com.br\/marketing\/wp-json\/wp\/v2\/users\/1"}],"replies":[{"embeddable":true,"href":"https:\/\/www.cidademarketing.com.br\/marketing\/wp-json\/wp\/v2\/comments?post=56005"}],"version-history":[{"count":1,"href":"https:\/\/www.cidademarketing.com.br\/marketing\/wp-json\/wp\/v2\/posts\/56005\/revisions"}],"predecessor-version":[{"id":56007,"href":"https:\/\/www.cidademarketing.com.br\/marketing\/wp-json\/wp\/v2\/posts\/56005\/revisions\/56007"}],"wp:featuredmedia":[{"embeddable":true,"href":"https:\/\/www.cidademarketing.com.br\/marketing\/wp-json\/wp\/v2\/media\/56006"}],"wp:attachment":[{"href":"https:\/\/www.cidademarketing.com.br\/marketing\/wp-json\/wp\/v2\/media?parent=56005"}],"wp:term":[{"taxonomy":"category","embeddable":true,"href":"https:\/\/www.cidademarketing.com.br\/marketing\/wp-json\/wp\/v2\/categories?post=56005"},{"taxonomy":"post_tag","embeddable":true,"href":"https:\/\/www.cidademarketing.com.br\/marketing\/wp-json\/wp\/v2\/tags?post=56005"}],"curies":[{"name":"wp","href":"https:\/\/api.w.org\/{rel}","templated":true}]}}