{"id":55909,"date":"2025-04-16T01:58:33","date_gmt":"2025-04-16T04:58:33","guid":{"rendered":"https:\/\/www.cidademarketing.com.br\/marketing\/?p=55909"},"modified":"2025-04-16T01:58:33","modified_gmt":"2025-04-16T04:58:33","slug":"joao-fonseca-esta-na-chave-principal-de-roland-garros","status":"publish","type":"post","link":"https:\/\/www.cidademarketing.com.br\/marketing\/2025\/04\/16\/joao-fonseca-esta-na-chave-principal-de-roland-garros\/","title":{"rendered":"Jo\u00e3o Fonseca est\u00e1 na chave principal de Roland Garros"},"content":{"rendered":"<p>O jovem tenista brasileiro Jo\u00e3o Fonseca, de apenas 18 anos, continua a ascens\u00e3o mete\u00f3rica no cen\u00e1rio do t\u00eanis mundial. Nesta ter\u00e7a-feira (15), a organiza\u00e7\u00e3o de Roland Garros confirmou a presen\u00e7a do carioca, atualmente o 59\u00ba colocado no ranking da ATP, na chave principal do prestigiado Aberto da Fran\u00e7a, que ser\u00e1 disputado entre os dias 25 de maio e 8 de junho e ter\u00e1 transmiss\u00e3o exclusiva pelo Disney+.<\/p>\n<p>A confirma\u00e7\u00e3o de Fonseca na chave principal do principal torneio de saibro do circuito dispensa o brasileiro de disputar as fases qualificat\u00f3rias, um feito not\u00e1vel para um atleta em sua primeira temporada completa no circuito profissional. Esta ser\u00e1 apenas a segunda participa\u00e7\u00e3o de Jo\u00e3o Fonseca em um Grand Slam. Em janeiro, ele precisou superar o qualifying para alcan\u00e7ar a chave principal do Australian Open, onde brilhou ao avan\u00e7ar at\u00e9 a segunda rodada, sendo parado pelo italiano Lorenzo Sonego.<\/p>\n<p>A lista divulgada pela organiza\u00e7\u00e3o tamb\u00e9m confirmou a presen\u00e7a da outra representante brasileira de destaque, Bia Haddad Maia, na chave feminina de simples.<\/p>\n<p><img fetchpriority=\"high\" decoding=\"async\" class=\"alignnone size-medium wp-image-55910\" src=\"https:\/\/www.cidademarketing.com.br\/marketing\/wp-content\/uploads\/2025\/04\/roland_garros_joaofonseca-300x300.webp\" alt=\"\" width=\"300\" height=\"300\" srcset=\"https:\/\/www.cidademarketing.com.br\/marketing\/wp-content\/uploads\/2025\/04\/roland_garros_joaofonseca-300x300.webp 300w, https:\/\/www.cidademarketing.com.br\/marketing\/wp-content\/uploads\/2025\/04\/roland_garros_joaofonseca-1024x1024.webp 1024w, https:\/\/www.cidademarketing.com.br\/marketing\/wp-content\/uploads\/2025\/04\/roland_garros_joaofonseca-150x150.webp 150w, https:\/\/www.cidademarketing.com.br\/marketing\/wp-content\/uploads\/2025\/04\/roland_garros_joaofonseca-768x768.webp 768w, https:\/\/www.cidademarketing.com.br\/marketing\/wp-content\/uploads\/2025\/04\/roland_garros_joaofonseca-420x420.webp 420w, https:\/\/www.cidademarketing.com.br\/marketing\/wp-content\/uploads\/2025\/04\/roland_garros_joaofonseca-640x640.webp 640w, https:\/\/www.cidademarketing.com.br\/marketing\/wp-content\/uploads\/2025\/04\/roland_garros_joaofonseca-681x681.webp 681w, https:\/\/www.cidademarketing.com.br\/marketing\/wp-content\/uploads\/2025\/04\/roland_garros_joaofonseca.webp 1418w\" sizes=\"(max-width: 300px) 100vw, 300px\" \/><\/p>\n<p>A edi\u00e7\u00e3o de 2025 de Roland Garros promete ser especial, com a confirma\u00e7\u00e3o de grandes nomes do t\u00eanis mundial, incluindo o atual l\u00edder do ranking da ATP, Jannik Sinner. O italiano, que cumpre uma suspens\u00e3o de tr\u00eas meses por um acordo com a Ag\u00eancia Mundial Antidoping, estar\u00e1 apto a competir, j\u00e1 que sua puni\u00e7\u00e3o se encerra no dia 4 de maio.<\/p>\n<p>Outro nome de peso confirmado \u00e9 o do atual campe\u00e3o, Carlos Alcaraz. Esta ser\u00e1 a primeira edi\u00e7\u00e3o de Roland Garros desde a aposentadoria do lend\u00e1rio Rafael Nadal, o maior vencedor da hist\u00f3ria do torneio franc\u00eas com impressionantes 14 t\u00edtulos. <a href=\"https:\/\/www.cidademarketing.com.br\/marketing\/2024\/10\/10\/lenda-do-tenis-rafael-nadal-pendura-a-raquete-apos-copa-davis\/\" target=\"_blank\" rel=\"noopener\">A aus\u00eancia do &#8220;Rei do Saibro&#8221; certamente deixar\u00e1 uma lacuna na competi\u00e7\u00e3o.<\/a><\/p>\n<p>A confirma\u00e7\u00e3o em Roland Garros \u00e9 um reflexo da excelente temporada que Jo\u00e3o Fonseca vem construindo. O jovem talento j\u00e1 conquistou dois t\u00edtulos de n\u00edvel Challenger, em Camberra e Phoenix, al\u00e9m de ter levantado o trof\u00e9u do ATP 250 de Buenos Aires, demonstrando sua versatilidade e potencial em diferentes superf\u00edcies.<\/p>\n<p>Apesar de estar afastado das quadras desde o final de mar\u00e7o, quando foi eliminado do Masters 1000 de Miami pelo australiano Alex de Minaur, a expectativa \u00e9 que Fonseca retorne \u00e0 competi\u00e7\u00e3o j\u00e1 na pr\u00f3xima semana, no Masters 1000 de Madri, na Espanha, como prepara\u00e7\u00e3o para o grande desafio em Roland Garros.<\/p>\n<p>Aos 18 anos, Jo\u00e3o Fonseca se consolida como uma das grandes promessas do t\u00eanis brasileiro e mundial, e sua presen\u00e7a na chave principal de Roland Garros \u00e9 motivo de grande expectativa para os f\u00e3s do esporte no Brasil. O segundo Grand Slam de sua jovem carreira ser\u00e1 uma oportunidade de ouro para o carioca mostrar seu talento no mais alto n\u00edvel do t\u00eanis mundial.<\/p>\n","protected":false},"excerpt":{"rendered":"<p>O jovem tenista brasileiro Jo\u00e3o Fonseca, de apenas 18 anos, continua a ascens\u00e3o mete\u00f3rica no cen\u00e1rio do t\u00eanis mundial. Nesta ter\u00e7a-feira (15), a organiza\u00e7\u00e3o de Roland Garros confirmou a presen\u00e7a do carioca, atualmente o 59\u00ba colocado no ranking da ATP, na chave principal do prestigiado Aberto da Fran\u00e7a, que ser\u00e1 disputado entre os dias 25 [&hellip;]<\/p>\n","protected":false},"author":1,"featured_media":55911,"comment_status":"open","ping_status":"open","sticky":false,"template":"","format":"standard","meta":{"tdm_status":"","tdm_grid_status":"","footnotes":""},"categories":[6],"tags":[147,9127,1750,2753,5840,6760,7634,6843,1448,6767],"class_list":["post-55909","post","type-post","status-publish","format-standard","has-post-thumbnail","hentry","category-noticias","tag-brasil","tag-chave-principal-tenis","tag-disney","tag-espn","tag-franca","tag-joao-fonseca","tag-jovem","tag-roland-garros","tag-tenis","tag-tenista"],"yoast_head":"<!-- This site is optimized with the Yoast SEO plugin v27.5 - https:\/\/yoast.com\/product\/yoast-seo-wordpress\/ -->\n<title>Jo\u00e3o Fonseca est\u00e1 na chave principal de Roland Garros - CidadeMarketing<\/title>\n<meta name=\"robots\" content=\"index, follow, max-snippet:-1, max-image-preview:large, max-video-preview:-1\" \/>\n<link rel=\"canonical\" href=\"https:\/\/www.cidademarketing.com.br\/marketing\/2025\/04\/16\/joao-fonseca-esta-na-chave-principal-de-roland-garros\/\" \/>\n<meta property=\"og:locale\" content=\"pt_BR\" \/>\n<meta property=\"og:type\" content=\"article\" \/>\n<meta property=\"og:title\" content=\"Jo\u00e3o Fonseca est\u00e1 na chave principal de Roland Garros - CidadeMarketing\" \/>\n<meta property=\"og:description\" content=\"O jovem tenista brasileiro Jo\u00e3o Fonseca, de apenas 18 anos, continua a ascens\u00e3o mete\u00f3rica no cen\u00e1rio do t\u00eanis mundial. Nesta ter\u00e7a-feira (15), a organiza\u00e7\u00e3o de Roland Garros confirmou a presen\u00e7a do carioca, atualmente o 59\u00ba colocado no ranking da ATP, na chave principal do prestigiado Aberto da Fran\u00e7a, que ser\u00e1 disputado entre os dias 25 [&hellip;]\" \/>\n<meta property=\"og:url\" content=\"https:\/\/www.cidademarketing.com.br\/marketing\/2025\/04\/16\/joao-fonseca-esta-na-chave-principal-de-roland-garros\/\" \/>\n<meta property=\"og:site_name\" content=\"CidadeMarketing\" \/>\n<meta property=\"article:publisher\" content=\"https:\/\/www.facebook.com\/portalcidademarketing\" \/>\n<meta property=\"article:author\" content=\"https:\/\/www.facebook.com\/thalesbrandao\" \/>\n<meta property=\"article:published_time\" content=\"2025-04-16T04:58:33+00:00\" \/>\n<meta property=\"og:image\" content=\"https:\/\/www.cidademarketing.com.br\/marketing\/wp-content\/uploads\/2025\/04\/joaofonseca_rolandgarros.webp\" \/>\n\t<meta property=\"og:image:width\" content=\"880\" \/>\n\t<meta property=\"og:image:height\" content=\"754\" \/>\n\t<meta property=\"og:image:type\" content=\"image\/webp\" \/>\n<meta name=\"author\" content=\"Thales Brand\u00e3o\" \/>\n<meta name=\"twitter:card\" content=\"summary_large_image\" \/>\n<meta name=\"twitter:creator\" content=\"@http:\/\/www.twitter.com\/thalesbrandao\" \/>\n<meta name=\"twitter:site\" content=\"@CidadeMarketing\" \/>\n<meta name=\"twitter:label1\" content=\"Escrito por\" \/>\n\t<meta name=\"twitter:data1\" content=\"Thales Brand\u00e3o\" \/>\n\t<meta name=\"twitter:label2\" content=\"Est. tempo de leitura\" \/>\n\t<meta name=\"twitter:data2\" content=\"2 minutos\" \/>\n<script type=\"application\/ld+json\" class=\"yoast-schema-graph\">{\"@context\":\"https:\\\/\\\/schema.org\",\"@graph\":[{\"@type\":\"Article\",\"@id\":\"https:\\\/\\\/www.cidademarketing.com.br\\\/marketing\\\/2025\\\/04\\\/16\\\/joao-fonseca-esta-na-chave-principal-de-roland-garros\\\/#article\",\"isPartOf\":{\"@id\":\"https:\\\/\\\/www.cidademarketing.com.br\\\/marketing\\\/2025\\\/04\\\/16\\\/joao-fonseca-esta-na-chave-principal-de-roland-garros\\\/\"},\"author\":{\"name\":\"Thales Brand\u00e3o\",\"@id\":\"https:\\\/\\\/www.cidademarketing.com.br\\\/marketing\\\/#\\\/schema\\\/person\\\/02daff9f18bd9378c9e01eb6b2db155f\"},\"headline\":\"Jo\u00e3o Fonseca est\u00e1 na chave principal de Roland Garros\",\"datePublished\":\"2025-04-16T04:58:33+00:00\",\"mainEntityOfPage\":{\"@id\":\"https:\\\/\\\/www.cidademarketing.com.br\\\/marketing\\\/2025\\\/04\\\/16\\\/joao-fonseca-esta-na-chave-principal-de-roland-garros\\\/\"},\"wordCount\":492,\"commentCount\":0,\"publisher\":{\"@id\":\"https:\\\/\\\/www.cidademarketing.com.br\\\/marketing\\\/#organization\"},\"image\":{\"@id\":\"https:\\\/\\\/www.cidademarketing.com.br\\\/marketing\\\/2025\\\/04\\\/16\\\/joao-fonseca-esta-na-chave-principal-de-roland-garros\\\/#primaryimage\"},\"thumbnailUrl\":\"https:\\\/\\\/www.cidademarketing.com.br\\\/marketing\\\/wp-content\\\/uploads\\\/2025\\\/04\\\/joaofonseca_rolandgarros.webp\",\"keywords\":[\"Brasil\",\"chave principal t\u00eanis\",\"Disney\",\"ESPN\",\"Fran\u00e7a\",\"Jo\u00e3o Fonseca\",\"jovem\",\"Roland-Garros\",\"t\u00eanis\",\"tenista\"],\"articleSection\":[\"Not\u00edcias\"],\"inLanguage\":\"pt-BR\",\"potentialAction\":[{\"@type\":\"CommentAction\",\"name\":\"Comment\",\"target\":[\"https:\\\/\\\/www.cidademarketing.com.br\\\/marketing\\\/2025\\\/04\\\/16\\\/joao-fonseca-esta-na-chave-principal-de-roland-garros\\\/#respond\"]}]},{\"@type\":\"WebPage\",\"@id\":\"https:\\\/\\\/www.cidademarketing.com.br\\\/marketing\\\/2025\\\/04\\\/16\\\/joao-fonseca-esta-na-chave-principal-de-roland-garros\\\/\",\"url\":\"https:\\\/\\\/www.cidademarketing.com.br\\\/marketing\\\/2025\\\/04\\\/16\\\/joao-fonseca-esta-na-chave-principal-de-roland-garros\\\/\",\"name\":\"Jo\u00e3o Fonseca est\u00e1 na chave principal de Roland Garros - CidadeMarketing\",\"isPartOf\":{\"@id\":\"https:\\\/\\\/www.cidademarketing.com.br\\\/marketing\\\/#website\"},\"primaryImageOfPage\":{\"@id\":\"https:\\\/\\\/www.cidademarketing.com.br\\\/marketing\\\/2025\\\/04\\\/16\\\/joao-fonseca-esta-na-chave-principal-de-roland-garros\\\/#primaryimage\"},\"image\":{\"@id\":\"https:\\\/\\\/www.cidademarketing.com.br\\\/marketing\\\/2025\\\/04\\\/16\\\/joao-fonseca-esta-na-chave-principal-de-roland-garros\\\/#primaryimage\"},\"thumbnailUrl\":\"https:\\\/\\\/www.cidademarketing.com.br\\\/marketing\\\/wp-content\\\/uploads\\\/2025\\\/04\\\/joaofonseca_rolandgarros.webp\",\"datePublished\":\"2025-04-16T04:58:33+00:00\",\"breadcrumb\":{\"@id\":\"https:\\\/\\\/www.cidademarketing.com.br\\\/marketing\\\/2025\\\/04\\\/16\\\/joao-fonseca-esta-na-chave-principal-de-roland-garros\\\/#breadcrumb\"},\"inLanguage\":\"pt-BR\",\"potentialAction\":[{\"@type\":\"ReadAction\",\"target\":[\"https:\\\/\\\/www.cidademarketing.com.br\\\/marketing\\\/2025\\\/04\\\/16\\\/joao-fonseca-esta-na-chave-principal-de-roland-garros\\\/\"]}]},{\"@type\":\"ImageObject\",\"inLanguage\":\"pt-BR\",\"@id\":\"https:\\\/\\\/www.cidademarketing.com.br\\\/marketing\\\/2025\\\/04\\\/16\\\/joao-fonseca-esta-na-chave-principal-de-roland-garros\\\/#primaryimage\",\"url\":\"https:\\\/\\\/www.cidademarketing.com.br\\\/marketing\\\/wp-content\\\/uploads\\\/2025\\\/04\\\/joaofonseca_rolandgarros.webp\",\"contentUrl\":\"https:\\\/\\\/www.cidademarketing.com.br\\\/marketing\\\/wp-content\\\/uploads\\\/2025\\\/04\\\/joaofonseca_rolandgarros.webp\",\"width\":880,\"height\":754,\"caption\":\"Divulga\u00e7\u00e3o\\\/Instagram @xpinvestimentos\"},{\"@type\":\"BreadcrumbList\",\"@id\":\"https:\\\/\\\/www.cidademarketing.com.br\\\/marketing\\\/2025\\\/04\\\/16\\\/joao-fonseca-esta-na-chave-principal-de-roland-garros\\\/#breadcrumb\",\"itemListElement\":[{\"@type\":\"ListItem\",\"position\":1,\"name\":\"In\u00edcio\",\"item\":\"https:\\\/\\\/www.cidademarketing.com.br\\\/marketing\\\/\"},{\"@type\":\"ListItem\",\"position\":2,\"name\":\"Jo\u00e3o Fonseca est\u00e1 na chave principal de Roland Garros\"}]},{\"@type\":\"WebSite\",\"@id\":\"https:\\\/\\\/www.cidademarketing.com.br\\\/marketing\\\/#website\",\"url\":\"https:\\\/\\\/www.cidademarketing.com.br\\\/marketing\\\/\",\"name\":\"CidadeMarketing\",\"description\":\"Somos um ve\u00edculo de comunica\u00e7\u00e3o de destaque no Brasil, reconhecido por conte\u00fados nos segmentos de marketing, empreendedorismo e inova\u00e7\u00e3o.\",\"publisher\":{\"@id\":\"https:\\\/\\\/www.cidademarketing.com.br\\\/marketing\\\/#organization\"},\"alternateName\":\"CidadeMarketing\",\"potentialAction\":[{\"@type\":\"SearchAction\",\"target\":{\"@type\":\"EntryPoint\",\"urlTemplate\":\"https:\\\/\\\/www.cidademarketing.com.br\\\/marketing\\\/?s={search_term_string}\"},\"query-input\":{\"@type\":\"PropertyValueSpecification\",\"valueRequired\":true,\"valueName\":\"search_term_string\"}}],\"inLanguage\":\"pt-BR\"},{\"@type\":\"Organization\",\"@id\":\"https:\\\/\\\/www.cidademarketing.com.br\\\/marketing\\\/#organization\",\"name\":\"CidadeMarketing\",\"alternateName\":\"CidadeMarketing\",\"url\":\"https:\\\/\\\/www.cidademarketing.com.br\\\/marketing\\\/\",\"logo\":{\"@type\":\"ImageObject\",\"inLanguage\":\"pt-BR\",\"@id\":\"https:\\\/\\\/www.cidademarketing.com.br\\\/marketing\\\/#\\\/schema\\\/logo\\\/image\\\/\",\"url\":\"https:\\\/\\\/www.cidademarketing.com.br\\\/marketing\\\/wp-content\\\/uploads\\\/2020\\\/01\\\/cidademarketing_marca_mobile.png\",\"contentUrl\":\"https:\\\/\\\/www.cidademarketing.com.br\\\/marketing\\\/wp-content\\\/uploads\\\/2020\\\/01\\\/cidademarketing_marca_mobile.png\",\"width\":230,\"height\":92,\"caption\":\"CidadeMarketing\"},\"image\":{\"@id\":\"https:\\\/\\\/www.cidademarketing.com.br\\\/marketing\\\/#\\\/schema\\\/logo\\\/image\\\/\"},\"sameAs\":[\"https:\\\/\\\/www.facebook.com\\\/portalcidademarketing\",\"https:\\\/\\\/x.com\\\/CidadeMarketing\",\"https:\\\/\\\/www.instagram.com\\\/cidademarketing\\\/\"]},{\"@type\":\"Person\",\"@id\":\"https:\\\/\\\/www.cidademarketing.com.br\\\/marketing\\\/#\\\/schema\\\/person\\\/02daff9f18bd9378c9e01eb6b2db155f\",\"name\":\"Thales Brand\u00e3o\",\"image\":{\"@type\":\"ImageObject\",\"inLanguage\":\"pt-BR\",\"@id\":\"https:\\\/\\\/secure.gravatar.com\\\/avatar\\\/7ca3206950207cc3cb48feec56a8a7898741ab725c368d99d5d7a5a50aab80c6?s=96&d=mm&r=g\",\"url\":\"https:\\\/\\\/secure.gravatar.com\\\/avatar\\\/7ca3206950207cc3cb48feec56a8a7898741ab725c368d99d5d7a5a50aab80c6?s=96&d=mm&r=g\",\"contentUrl\":\"https:\\\/\\\/secure.gravatar.com\\\/avatar\\\/7ca3206950207cc3cb48feec56a8a7898741ab725c368d99d5d7a5a50aab80c6?s=96&d=mm&r=g\",\"caption\":\"Thales Brand\u00e3o\"},\"description\":\"Editor Executivo do Portal CidadeMarketing.com.br &gt; Mestre em Comunica\u00e7\u00e3o e Sociedade pela Universidade Federal de Sergipe. Possui MBA Executivo em Administra\u00e7\u00e3o com \u00eanfase em Marketing pela Funda\u00e7\u00e3o Get\u00falio Vargas - Rio de Janeiro. Consultor, Palestrante e Pesquisador sobre Empreendedorismo, Marketing, Redes Sociais e Neg\u00f3cios Digitais. Professor, Palestrante TedxTalks e Campus Party. Twitter: @ThalesBrandao\",\"sameAs\":[\"http:\\\/\\\/www.mandacaru.com.br\",\"https:\\\/\\\/www.facebook.com\\\/thalesbrandao\",\"http:\\\/\\\/www.instagram.com.br\\\/thalesbrandaoferreira\",\"https:\\\/\\\/www.linkedin.com\\\/in\\\/thales-brand\u00e3o-3948609\\\/\",\"https:\\\/\\\/x.com\\\/http:\\\/\\\/www.twitter.com\\\/thalesbrandao\"],\"url\":\"https:\\\/\\\/www.cidademarketing.com.br\\\/marketing\\\/author\\\/thalesbrandao\\\/\"}]}<\/script>\n<!-- \/ Yoast SEO plugin. -->","yoast_head_json":{"title":"Jo\u00e3o Fonseca est\u00e1 na chave principal de Roland Garros - CidadeMarketing","robots":{"index":"index","follow":"follow","max-snippet":"max-snippet:-1","max-image-preview":"max-image-preview:large","max-video-preview":"max-video-preview:-1"},"canonical":"https:\/\/www.cidademarketing.com.br\/marketing\/2025\/04\/16\/joao-fonseca-esta-na-chave-principal-de-roland-garros\/","og_locale":"pt_BR","og_type":"article","og_title":"Jo\u00e3o Fonseca est\u00e1 na chave principal de Roland Garros - CidadeMarketing","og_description":"O jovem tenista brasileiro Jo\u00e3o Fonseca, de apenas 18 anos, continua a ascens\u00e3o mete\u00f3rica no cen\u00e1rio do t\u00eanis mundial. Nesta ter\u00e7a-feira (15), a organiza\u00e7\u00e3o de Roland Garros confirmou a presen\u00e7a do carioca, atualmente o 59\u00ba colocado no ranking da ATP, na chave principal do prestigiado Aberto da Fran\u00e7a, que ser\u00e1 disputado entre os dias 25 [&hellip;]","og_url":"https:\/\/www.cidademarketing.com.br\/marketing\/2025\/04\/16\/joao-fonseca-esta-na-chave-principal-de-roland-garros\/","og_site_name":"CidadeMarketing","article_publisher":"https:\/\/www.facebook.com\/portalcidademarketing","article_author":"https:\/\/www.facebook.com\/thalesbrandao","article_published_time":"2025-04-16T04:58:33+00:00","og_image":[{"width":880,"height":754,"url":"https:\/\/www.cidademarketing.com.br\/marketing\/wp-content\/uploads\/2025\/04\/joaofonseca_rolandgarros.webp","type":"image\/webp"}],"author":"Thales Brand\u00e3o","twitter_card":"summary_large_image","twitter_creator":"@http:\/\/www.twitter.com\/thalesbrandao","twitter_site":"@CidadeMarketing","twitter_misc":{"Escrito por":"Thales Brand\u00e3o","Est. tempo de leitura":"2 minutos"},"schema":{"@context":"https:\/\/schema.org","@graph":[{"@type":"Article","@id":"https:\/\/www.cidademarketing.com.br\/marketing\/2025\/04\/16\/joao-fonseca-esta-na-chave-principal-de-roland-garros\/#article","isPartOf":{"@id":"https:\/\/www.cidademarketing.com.br\/marketing\/2025\/04\/16\/joao-fonseca-esta-na-chave-principal-de-roland-garros\/"},"author":{"name":"Thales Brand\u00e3o","@id":"https:\/\/www.cidademarketing.com.br\/marketing\/#\/schema\/person\/02daff9f18bd9378c9e01eb6b2db155f"},"headline":"Jo\u00e3o Fonseca est\u00e1 na chave principal de Roland Garros","datePublished":"2025-04-16T04:58:33+00:00","mainEntityOfPage":{"@id":"https:\/\/www.cidademarketing.com.br\/marketing\/2025\/04\/16\/joao-fonseca-esta-na-chave-principal-de-roland-garros\/"},"wordCount":492,"commentCount":0,"publisher":{"@id":"https:\/\/www.cidademarketing.com.br\/marketing\/#organization"},"image":{"@id":"https:\/\/www.cidademarketing.com.br\/marketing\/2025\/04\/16\/joao-fonseca-esta-na-chave-principal-de-roland-garros\/#primaryimage"},"thumbnailUrl":"https:\/\/www.cidademarketing.com.br\/marketing\/wp-content\/uploads\/2025\/04\/joaofonseca_rolandgarros.webp","keywords":["Brasil","chave principal t\u00eanis","Disney","ESPN","Fran\u00e7a","Jo\u00e3o Fonseca","jovem","Roland-Garros","t\u00eanis","tenista"],"articleSection":["Not\u00edcias"],"inLanguage":"pt-BR","potentialAction":[{"@type":"CommentAction","name":"Comment","target":["https:\/\/www.cidademarketing.com.br\/marketing\/2025\/04\/16\/joao-fonseca-esta-na-chave-principal-de-roland-garros\/#respond"]}]},{"@type":"WebPage","@id":"https:\/\/www.cidademarketing.com.br\/marketing\/2025\/04\/16\/joao-fonseca-esta-na-chave-principal-de-roland-garros\/","url":"https:\/\/www.cidademarketing.com.br\/marketing\/2025\/04\/16\/joao-fonseca-esta-na-chave-principal-de-roland-garros\/","name":"Jo\u00e3o Fonseca est\u00e1 na chave principal de Roland Garros - CidadeMarketing","isPartOf":{"@id":"https:\/\/www.cidademarketing.com.br\/marketing\/#website"},"primaryImageOfPage":{"@id":"https:\/\/www.cidademarketing.com.br\/marketing\/2025\/04\/16\/joao-fonseca-esta-na-chave-principal-de-roland-garros\/#primaryimage"},"image":{"@id":"https:\/\/www.cidademarketing.com.br\/marketing\/2025\/04\/16\/joao-fonseca-esta-na-chave-principal-de-roland-garros\/#primaryimage"},"thumbnailUrl":"https:\/\/www.cidademarketing.com.br\/marketing\/wp-content\/uploads\/2025\/04\/joaofonseca_rolandgarros.webp","datePublished":"2025-04-16T04:58:33+00:00","breadcrumb":{"@id":"https:\/\/www.cidademarketing.com.br\/marketing\/2025\/04\/16\/joao-fonseca-esta-na-chave-principal-de-roland-garros\/#breadcrumb"},"inLanguage":"pt-BR","potentialAction":[{"@type":"ReadAction","target":["https:\/\/www.cidademarketing.com.br\/marketing\/2025\/04\/16\/joao-fonseca-esta-na-chave-principal-de-roland-garros\/"]}]},{"@type":"ImageObject","inLanguage":"pt-BR","@id":"https:\/\/www.cidademarketing.com.br\/marketing\/2025\/04\/16\/joao-fonseca-esta-na-chave-principal-de-roland-garros\/#primaryimage","url":"https:\/\/www.cidademarketing.com.br\/marketing\/wp-content\/uploads\/2025\/04\/joaofonseca_rolandgarros.webp","contentUrl":"https:\/\/www.cidademarketing.com.br\/marketing\/wp-content\/uploads\/2025\/04\/joaofonseca_rolandgarros.webp","width":880,"height":754,"caption":"Divulga\u00e7\u00e3o\/Instagram @xpinvestimentos"},{"@type":"BreadcrumbList","@id":"https:\/\/www.cidademarketing.com.br\/marketing\/2025\/04\/16\/joao-fonseca-esta-na-chave-principal-de-roland-garros\/#breadcrumb","itemListElement":[{"@type":"ListItem","position":1,"name":"In\u00edcio","item":"https:\/\/www.cidademarketing.com.br\/marketing\/"},{"@type":"ListItem","position":2,"name":"Jo\u00e3o Fonseca est\u00e1 na chave principal de Roland Garros"}]},{"@type":"WebSite","@id":"https:\/\/www.cidademarketing.com.br\/marketing\/#website","url":"https:\/\/www.cidademarketing.com.br\/marketing\/","name":"CidadeMarketing","description":"Somos um ve\u00edculo de comunica\u00e7\u00e3o de destaque no Brasil, reconhecido por conte\u00fados nos segmentos de marketing, empreendedorismo e inova\u00e7\u00e3o.","publisher":{"@id":"https:\/\/www.cidademarketing.com.br\/marketing\/#organization"},"alternateName":"CidadeMarketing","potentialAction":[{"@type":"SearchAction","target":{"@type":"EntryPoint","urlTemplate":"https:\/\/www.cidademarketing.com.br\/marketing\/?s={search_term_string}"},"query-input":{"@type":"PropertyValueSpecification","valueRequired":true,"valueName":"search_term_string"}}],"inLanguage":"pt-BR"},{"@type":"Organization","@id":"https:\/\/www.cidademarketing.com.br\/marketing\/#organization","name":"CidadeMarketing","alternateName":"CidadeMarketing","url":"https:\/\/www.cidademarketing.com.br\/marketing\/","logo":{"@type":"ImageObject","inLanguage":"pt-BR","@id":"https:\/\/www.cidademarketing.com.br\/marketing\/#\/schema\/logo\/image\/","url":"https:\/\/www.cidademarketing.com.br\/marketing\/wp-content\/uploads\/2020\/01\/cidademarketing_marca_mobile.png","contentUrl":"https:\/\/www.cidademarketing.com.br\/marketing\/wp-content\/uploads\/2020\/01\/cidademarketing_marca_mobile.png","width":230,"height":92,"caption":"CidadeMarketing"},"image":{"@id":"https:\/\/www.cidademarketing.com.br\/marketing\/#\/schema\/logo\/image\/"},"sameAs":["https:\/\/www.facebook.com\/portalcidademarketing","https:\/\/x.com\/CidadeMarketing","https:\/\/www.instagram.com\/cidademarketing\/"]},{"@type":"Person","@id":"https:\/\/www.cidademarketing.com.br\/marketing\/#\/schema\/person\/02daff9f18bd9378c9e01eb6b2db155f","name":"Thales Brand\u00e3o","image":{"@type":"ImageObject","inLanguage":"pt-BR","@id":"https:\/\/secure.gravatar.com\/avatar\/7ca3206950207cc3cb48feec56a8a7898741ab725c368d99d5d7a5a50aab80c6?s=96&d=mm&r=g","url":"https:\/\/secure.gravatar.com\/avatar\/7ca3206950207cc3cb48feec56a8a7898741ab725c368d99d5d7a5a50aab80c6?s=96&d=mm&r=g","contentUrl":"https:\/\/secure.gravatar.com\/avatar\/7ca3206950207cc3cb48feec56a8a7898741ab725c368d99d5d7a5a50aab80c6?s=96&d=mm&r=g","caption":"Thales Brand\u00e3o"},"description":"Editor Executivo do Portal CidadeMarketing.com.br &gt; Mestre em Comunica\u00e7\u00e3o e Sociedade pela Universidade Federal de Sergipe. Possui MBA Executivo em Administra\u00e7\u00e3o com \u00eanfase em Marketing pela Funda\u00e7\u00e3o Get\u00falio Vargas - Rio de Janeiro. Consultor, Palestrante e Pesquisador sobre Empreendedorismo, Marketing, Redes Sociais e Neg\u00f3cios Digitais. Professor, Palestrante TedxTalks e Campus Party. Twitter: @ThalesBrandao","sameAs":["http:\/\/www.mandacaru.com.br","https:\/\/www.facebook.com\/thalesbrandao","http:\/\/www.instagram.com.br\/thalesbrandaoferreira","https:\/\/www.linkedin.com\/in\/thales-brand\u00e3o-3948609\/","https:\/\/x.com\/http:\/\/www.twitter.com\/thalesbrandao"],"url":"https:\/\/www.cidademarketing.com.br\/marketing\/author\/thalesbrandao\/"}]}},"amp_enabled":true,"_links":{"self":[{"href":"https:\/\/www.cidademarketing.com.br\/marketing\/wp-json\/wp\/v2\/posts\/55909","targetHints":{"allow":["GET"]}}],"collection":[{"href":"https:\/\/www.cidademarketing.com.br\/marketing\/wp-json\/wp\/v2\/posts"}],"about":[{"href":"https:\/\/www.cidademarketing.com.br\/marketing\/wp-json\/wp\/v2\/types\/post"}],"author":[{"embeddable":true,"href":"https:\/\/www.cidademarketing.com.br\/marketing\/wp-json\/wp\/v2\/users\/1"}],"replies":[{"embeddable":true,"href":"https:\/\/www.cidademarketing.com.br\/marketing\/wp-json\/wp\/v2\/comments?post=55909"}],"version-history":[{"count":1,"href":"https:\/\/www.cidademarketing.com.br\/marketing\/wp-json\/wp\/v2\/posts\/55909\/revisions"}],"predecessor-version":[{"id":55912,"href":"https:\/\/www.cidademarketing.com.br\/marketing\/wp-json\/wp\/v2\/posts\/55909\/revisions\/55912"}],"wp:featuredmedia":[{"embeddable":true,"href":"https:\/\/www.cidademarketing.com.br\/marketing\/wp-json\/wp\/v2\/media\/55911"}],"wp:attachment":[{"href":"https:\/\/www.cidademarketing.com.br\/marketing\/wp-json\/wp\/v2\/media?parent=55909"}],"wp:term":[{"taxonomy":"category","embeddable":true,"href":"https:\/\/www.cidademarketing.com.br\/marketing\/wp-json\/wp\/v2\/categories?post=55909"},{"taxonomy":"post_tag","embeddable":true,"href":"https:\/\/www.cidademarketing.com.br\/marketing\/wp-json\/wp\/v2\/tags?post=55909"}],"curies":[{"name":"wp","href":"https:\/\/api.w.org\/{rel}","templated":true}]}}