{"id":55762,"date":"2025-04-02T11:25:24","date_gmt":"2025-04-02T14:25:24","guid":{"rendered":"https:\/\/www.cidademarketing.com.br\/marketing\/?p=55762"},"modified":"2025-04-02T11:25:24","modified_gmt":"2025-04-02T14:25:24","slug":"vivo-lanca-campanha-que-alerta-sobre-os-impactos-do-uso-excessivo-do-celular-na-saude-mental","status":"publish","type":"post","link":"https:\/\/www.cidademarketing.com.br\/marketing\/2025\/04\/02\/vivo-lanca-campanha-que-alerta-sobre-os-impactos-do-uso-excessivo-do-celular-na-saude-mental\/","title":{"rendered":"Vivo lan\u00e7a campanha que alerta sobre os impactos do uso excessivo do celular na sa\u00fade mental"},"content":{"rendered":"<p>A hiperconectividade tem transformado profundamente as rela\u00e7\u00f5es humanas, impactando desde o ambiente de trabalho at\u00e9 intera\u00e7\u00f5es sociais e momentos de lazer. Diante das preocupa\u00e7\u00f5es globais sobre os efeitos do uso excessivo da tecnologia, a Vivo lan\u00e7ou uma nova campanha que convida as pessoas a repensarem sua rela\u00e7\u00e3o com o celular e estabelecerem limites para um uso mais equilibrado.<\/p>\n<p>De acordo com o Panorama da Sa\u00fade Mental 2024, estudo conduzido pelo Instituto Cactus e pela AtlasIntel, 40% dos entrevistados afirmaram que a quantidade de curtidas e coment\u00e1rios nas redes sociais influencia diretamente sua autoestima. Entre adolescentes e jovens adultos, essa depend\u00eancia de valida\u00e7\u00e3o digital \u00e9 ainda mais evidente. O levantamento tamb\u00e9m revelou que 45% dos jovens brasileiros, entre 15 e 29 anos, percebem que o uso excessivo das redes sociais impacta negativamente sua sa\u00fade mental, aumentando quadros de ansiedade e depress\u00e3o. A Organiza\u00e7\u00e3o Mundial da Sa\u00fade (OMS) refor\u00e7a essa preocupa\u00e7\u00e3o ao apontar que 5,8% da popula\u00e7\u00e3o brasileira sofre de depress\u00e3o, o que equivale a 11,7 milh\u00f5es de pessoas, colocando o Brasil no topo do ranking de ansiedade e depress\u00e3o na Am\u00e9rica Latina.<\/p>\n<div class=\"youtube-embed\" data-video_id=\"0GGrAlVI2Nw\"><iframe title=\"\u00c9 tempo de mudar seu tempo com o celular\" width=\"640\" height=\"360\" src=\"https:\/\/www.youtube.com\/embed\/0GGrAlVI2Nw?feature=oembed&#038;enablejsapi=1\" frameborder=\"0\" allow=\"accelerometer; autoplay; clipboard-write; encrypted-media; gyroscope; picture-in-picture; web-share\" referrerpolicy=\"strict-origin-when-cross-origin\" allowfullscreen><\/iframe><\/div>\n<p>Outro estudo realizado pelo VTrends, hub de pesquisas da Vivo, mostrou que 51% dos entrevistados perdem a no\u00e7\u00e3o do tempo ao utilizar dispositivos m\u00f3veis, evidenciando o desafio de equilibrar o uso da tecnologia com o bem-estar mental.<\/p>\n<p>A Vivo tem se posicionado de forma ativa no debate sobre o uso respons\u00e1vel da tecnologia e, com sua nova campanha, refor\u00e7a a necessidade de estabelecer um equil\u00edbrio saud\u00e1vel no tempo de tela. O filme \u201cRelacionamento T\u00f3xico\u201d, traz uma releitura da m\u00fasica jealousy, jealousy, de Olivia Rodrigo, para ilustrar como a depend\u00eancia digital pode afetar o bem-estar emocional. A escolha da trilha sonora dialoga diretamente com a Gera\u00e7\u00e3o Z, p\u00fablico que mais sofre os impactos do uso intenso das redes sociais.\u00a0 No v\u00eddeo, uma jovem aparece imersa no celular, sem perceber que est\u00e1 sendo dominada pelo universo digital e pressionada pela constante necessidade de estar online. A narrativa busca provocar uma reflex\u00e3o sobre os efeitos da hiperconectividade e incentivar um uso mais consciente da tecnologia.<\/p>\n<p data-pm-slice=\"1 1 []\">A campanha da Vivo se soma a um movimento crescente de conscientiza\u00e7\u00e3o sobre o impacto da tecnologia na vida das pessoas.<\/p>\n","protected":false},"excerpt":{"rendered":"<p>A hiperconectividade tem transformado profundamente as rela\u00e7\u00f5es humanas, impactando desde o ambiente de trabalho at\u00e9 intera\u00e7\u00f5es sociais e momentos de lazer. Diante das preocupa\u00e7\u00f5es globais sobre os efeitos do uso excessivo da tecnologia, a Vivo lan\u00e7ou uma nova campanha que convida as pessoas a repensarem sua rela\u00e7\u00e3o com o celular e estabelecerem limites para um [&hellip;]<\/p>\n","protected":false},"author":1,"featured_media":55763,"comment_status":"open","ping_status":"open","sticky":false,"template":"","format":"standard","meta":{"tdm_status":"","tdm_grid_status":"","footnotes":""},"categories":[6,14],"tags":[65,33,836,9044,28,141,58,181,25,7670,119],"class_list":["post-55762","post","type-post","status-publish","format-standard","has-post-thumbnail","hentry","category-noticias","category-videos","tag-campanha","tag-estrategia","tag-filme","tag-hiperconectividade","tag-marketing","tag-pesquisa","tag-pesquisa-de-mercado","tag-publicidade","tag-redes-sociais","tag-saude-mental","tag-vivo"],"yoast_head":"<!-- This site is optimized with the Yoast SEO plugin v27.5 - https:\/\/yoast.com\/product\/yoast-seo-wordpress\/ -->\n<title>Vivo lan\u00e7a campanha que alerta sobre os impactos do uso excessivo do celular na sa\u00fade mental - CidadeMarketing<\/title>\n<meta name=\"robots\" content=\"index, follow, max-snippet:-1, max-image-preview:large, max-video-preview:-1\" \/>\n<link rel=\"canonical\" href=\"https:\/\/www.cidademarketing.com.br\/marketing\/2025\/04\/02\/vivo-lanca-campanha-que-alerta-sobre-os-impactos-do-uso-excessivo-do-celular-na-saude-mental\/\" \/>\n<meta property=\"og:locale\" content=\"pt_BR\" \/>\n<meta property=\"og:type\" content=\"article\" \/>\n<meta property=\"og:title\" content=\"Vivo lan\u00e7a campanha que alerta sobre os impactos do uso excessivo do celular na sa\u00fade mental - CidadeMarketing\" \/>\n<meta property=\"og:description\" content=\"A hiperconectividade tem transformado profundamente as rela\u00e7\u00f5es humanas, impactando desde o ambiente de trabalho at\u00e9 intera\u00e7\u00f5es sociais e momentos de lazer. Diante das preocupa\u00e7\u00f5es globais sobre os efeitos do uso excessivo da tecnologia, a Vivo lan\u00e7ou uma nova campanha que convida as pessoas a repensarem sua rela\u00e7\u00e3o com o celular e estabelecerem limites para um [&hellip;]\" \/>\n<meta property=\"og:url\" content=\"https:\/\/www.cidademarketing.com.br\/marketing\/2025\/04\/02\/vivo-lanca-campanha-que-alerta-sobre-os-impactos-do-uso-excessivo-do-celular-na-saude-mental\/\" \/>\n<meta property=\"og:site_name\" content=\"CidadeMarketing\" \/>\n<meta property=\"article:publisher\" content=\"https:\/\/www.facebook.com\/portalcidademarketing\" \/>\n<meta property=\"article:author\" content=\"https:\/\/www.facebook.com\/thalesbrandao\" \/>\n<meta property=\"article:published_time\" content=\"2025-04-02T14:25:24+00:00\" \/>\n<meta property=\"og:image\" content=\"https:\/\/www.cidademarketing.com.br\/marketing\/wp-content\/uploads\/2025\/04\/vivo_hiperconectividade.webp\" \/>\n\t<meta property=\"og:image:width\" content=\"1125\" \/>\n\t<meta property=\"og:image:height\" content=\"610\" \/>\n\t<meta property=\"og:image:type\" content=\"image\/webp\" \/>\n<meta name=\"author\" content=\"Thales Brand\u00e3o\" \/>\n<meta name=\"twitter:card\" content=\"summary_large_image\" \/>\n<meta name=\"twitter:creator\" content=\"@http:\/\/www.twitter.com\/thalesbrandao\" \/>\n<meta name=\"twitter:site\" content=\"@CidadeMarketing\" \/>\n<meta name=\"twitter:label1\" content=\"Escrito por\" \/>\n\t<meta name=\"twitter:data1\" content=\"Thales Brand\u00e3o\" \/>\n\t<meta name=\"twitter:label2\" content=\"Est. tempo de leitura\" \/>\n\t<meta name=\"twitter:data2\" content=\"2 minutos\" \/>\n<script type=\"application\/ld+json\" class=\"yoast-schema-graph\">{\"@context\":\"https:\\\/\\\/schema.org\",\"@graph\":[{\"@type\":\"Article\",\"@id\":\"https:\\\/\\\/www.cidademarketing.com.br\\\/marketing\\\/2025\\\/04\\\/02\\\/vivo-lanca-campanha-que-alerta-sobre-os-impactos-do-uso-excessivo-do-celular-na-saude-mental\\\/#article\",\"isPartOf\":{\"@id\":\"https:\\\/\\\/www.cidademarketing.com.br\\\/marketing\\\/2025\\\/04\\\/02\\\/vivo-lanca-campanha-que-alerta-sobre-os-impactos-do-uso-excessivo-do-celular-na-saude-mental\\\/\"},\"author\":{\"name\":\"Thales Brand\u00e3o\",\"@id\":\"https:\\\/\\\/www.cidademarketing.com.br\\\/marketing\\\/#\\\/schema\\\/person\\\/02daff9f18bd9378c9e01eb6b2db155f\"},\"headline\":\"Vivo lan\u00e7a campanha que alerta sobre os impactos do uso excessivo do celular na sa\u00fade mental\",\"datePublished\":\"2025-04-02T14:25:24+00:00\",\"mainEntityOfPage\":{\"@id\":\"https:\\\/\\\/www.cidademarketing.com.br\\\/marketing\\\/2025\\\/04\\\/02\\\/vivo-lanca-campanha-que-alerta-sobre-os-impactos-do-uso-excessivo-do-celular-na-saude-mental\\\/\"},\"wordCount\":418,\"commentCount\":0,\"publisher\":{\"@id\":\"https:\\\/\\\/www.cidademarketing.com.br\\\/marketing\\\/#organization\"},\"image\":{\"@id\":\"https:\\\/\\\/www.cidademarketing.com.br\\\/marketing\\\/2025\\\/04\\\/02\\\/vivo-lanca-campanha-que-alerta-sobre-os-impactos-do-uso-excessivo-do-celular-na-saude-mental\\\/#primaryimage\"},\"thumbnailUrl\":\"https:\\\/\\\/www.cidademarketing.com.br\\\/marketing\\\/wp-content\\\/uploads\\\/2025\\\/04\\\/vivo_hiperconectividade.webp\",\"keywords\":[\"campanha\",\"estrat\u00e9gia\",\"filme\",\"hiperconectividade\",\"marketing\",\"pesquisa\",\"pesquisa de mercado\",\"publicidade\",\"redes sociais\",\"sa\u00fade mental\",\"Vivo\"],\"articleSection\":[\"Not\u00edcias\",\"Videos\"],\"inLanguage\":\"pt-BR\",\"potentialAction\":[{\"@type\":\"CommentAction\",\"name\":\"Comment\",\"target\":[\"https:\\\/\\\/www.cidademarketing.com.br\\\/marketing\\\/2025\\\/04\\\/02\\\/vivo-lanca-campanha-que-alerta-sobre-os-impactos-do-uso-excessivo-do-celular-na-saude-mental\\\/#respond\"]}]},{\"@type\":\"WebPage\",\"@id\":\"https:\\\/\\\/www.cidademarketing.com.br\\\/marketing\\\/2025\\\/04\\\/02\\\/vivo-lanca-campanha-que-alerta-sobre-os-impactos-do-uso-excessivo-do-celular-na-saude-mental\\\/\",\"url\":\"https:\\\/\\\/www.cidademarketing.com.br\\\/marketing\\\/2025\\\/04\\\/02\\\/vivo-lanca-campanha-que-alerta-sobre-os-impactos-do-uso-excessivo-do-celular-na-saude-mental\\\/\",\"name\":\"Vivo lan\u00e7a campanha que alerta sobre os impactos do uso excessivo do celular na sa\u00fade mental - CidadeMarketing\",\"isPartOf\":{\"@id\":\"https:\\\/\\\/www.cidademarketing.com.br\\\/marketing\\\/#website\"},\"primaryImageOfPage\":{\"@id\":\"https:\\\/\\\/www.cidademarketing.com.br\\\/marketing\\\/2025\\\/04\\\/02\\\/vivo-lanca-campanha-que-alerta-sobre-os-impactos-do-uso-excessivo-do-celular-na-saude-mental\\\/#primaryimage\"},\"image\":{\"@id\":\"https:\\\/\\\/www.cidademarketing.com.br\\\/marketing\\\/2025\\\/04\\\/02\\\/vivo-lanca-campanha-que-alerta-sobre-os-impactos-do-uso-excessivo-do-celular-na-saude-mental\\\/#primaryimage\"},\"thumbnailUrl\":\"https:\\\/\\\/www.cidademarketing.com.br\\\/marketing\\\/wp-content\\\/uploads\\\/2025\\\/04\\\/vivo_hiperconectividade.webp\",\"datePublished\":\"2025-04-02T14:25:24+00:00\",\"breadcrumb\":{\"@id\":\"https:\\\/\\\/www.cidademarketing.com.br\\\/marketing\\\/2025\\\/04\\\/02\\\/vivo-lanca-campanha-que-alerta-sobre-os-impactos-do-uso-excessivo-do-celular-na-saude-mental\\\/#breadcrumb\"},\"inLanguage\":\"pt-BR\",\"potentialAction\":[{\"@type\":\"ReadAction\",\"target\":[\"https:\\\/\\\/www.cidademarketing.com.br\\\/marketing\\\/2025\\\/04\\\/02\\\/vivo-lanca-campanha-que-alerta-sobre-os-impactos-do-uso-excessivo-do-celular-na-saude-mental\\\/\"]}]},{\"@type\":\"ImageObject\",\"inLanguage\":\"pt-BR\",\"@id\":\"https:\\\/\\\/www.cidademarketing.com.br\\\/marketing\\\/2025\\\/04\\\/02\\\/vivo-lanca-campanha-que-alerta-sobre-os-impactos-do-uso-excessivo-do-celular-na-saude-mental\\\/#primaryimage\",\"url\":\"https:\\\/\\\/www.cidademarketing.com.br\\\/marketing\\\/wp-content\\\/uploads\\\/2025\\\/04\\\/vivo_hiperconectividade.webp\",\"contentUrl\":\"https:\\\/\\\/www.cidademarketing.com.br\\\/marketing\\\/wp-content\\\/uploads\\\/2025\\\/04\\\/vivo_hiperconectividade.webp\",\"width\":1125,\"height\":610,\"caption\":\"Reprodu\u00e7\u00e3o\"},{\"@type\":\"BreadcrumbList\",\"@id\":\"https:\\\/\\\/www.cidademarketing.com.br\\\/marketing\\\/2025\\\/04\\\/02\\\/vivo-lanca-campanha-que-alerta-sobre-os-impactos-do-uso-excessivo-do-celular-na-saude-mental\\\/#breadcrumb\",\"itemListElement\":[{\"@type\":\"ListItem\",\"position\":1,\"name\":\"In\u00edcio\",\"item\":\"https:\\\/\\\/www.cidademarketing.com.br\\\/marketing\\\/\"},{\"@type\":\"ListItem\",\"position\":2,\"name\":\"Vivo lan\u00e7a campanha que alerta sobre os impactos do uso excessivo do celular na sa\u00fade mental\"}]},{\"@type\":\"WebSite\",\"@id\":\"https:\\\/\\\/www.cidademarketing.com.br\\\/marketing\\\/#website\",\"url\":\"https:\\\/\\\/www.cidademarketing.com.br\\\/marketing\\\/\",\"name\":\"CidadeMarketing\",\"description\":\"Somos um ve\u00edculo de comunica\u00e7\u00e3o de destaque no Brasil, reconhecido por conte\u00fados nos segmentos de marketing, empreendedorismo e inova\u00e7\u00e3o.\",\"publisher\":{\"@id\":\"https:\\\/\\\/www.cidademarketing.com.br\\\/marketing\\\/#organization\"},\"alternateName\":\"CidadeMarketing\",\"potentialAction\":[{\"@type\":\"SearchAction\",\"target\":{\"@type\":\"EntryPoint\",\"urlTemplate\":\"https:\\\/\\\/www.cidademarketing.com.br\\\/marketing\\\/?s={search_term_string}\"},\"query-input\":{\"@type\":\"PropertyValueSpecification\",\"valueRequired\":true,\"valueName\":\"search_term_string\"}}],\"inLanguage\":\"pt-BR\"},{\"@type\":\"Organization\",\"@id\":\"https:\\\/\\\/www.cidademarketing.com.br\\\/marketing\\\/#organization\",\"name\":\"CidadeMarketing\",\"alternateName\":\"CidadeMarketing\",\"url\":\"https:\\\/\\\/www.cidademarketing.com.br\\\/marketing\\\/\",\"logo\":{\"@type\":\"ImageObject\",\"inLanguage\":\"pt-BR\",\"@id\":\"https:\\\/\\\/www.cidademarketing.com.br\\\/marketing\\\/#\\\/schema\\\/logo\\\/image\\\/\",\"url\":\"https:\\\/\\\/www.cidademarketing.com.br\\\/marketing\\\/wp-content\\\/uploads\\\/2020\\\/01\\\/cidademarketing_marca_mobile.png\",\"contentUrl\":\"https:\\\/\\\/www.cidademarketing.com.br\\\/marketing\\\/wp-content\\\/uploads\\\/2020\\\/01\\\/cidademarketing_marca_mobile.png\",\"width\":230,\"height\":92,\"caption\":\"CidadeMarketing\"},\"image\":{\"@id\":\"https:\\\/\\\/www.cidademarketing.com.br\\\/marketing\\\/#\\\/schema\\\/logo\\\/image\\\/\"},\"sameAs\":[\"https:\\\/\\\/www.facebook.com\\\/portalcidademarketing\",\"https:\\\/\\\/x.com\\\/CidadeMarketing\",\"https:\\\/\\\/www.instagram.com\\\/cidademarketing\\\/\"]},{\"@type\":\"Person\",\"@id\":\"https:\\\/\\\/www.cidademarketing.com.br\\\/marketing\\\/#\\\/schema\\\/person\\\/02daff9f18bd9378c9e01eb6b2db155f\",\"name\":\"Thales Brand\u00e3o\",\"image\":{\"@type\":\"ImageObject\",\"inLanguage\":\"pt-BR\",\"@id\":\"https:\\\/\\\/secure.gravatar.com\\\/avatar\\\/7ca3206950207cc3cb48feec56a8a7898741ab725c368d99d5d7a5a50aab80c6?s=96&d=mm&r=g\",\"url\":\"https:\\\/\\\/secure.gravatar.com\\\/avatar\\\/7ca3206950207cc3cb48feec56a8a7898741ab725c368d99d5d7a5a50aab80c6?s=96&d=mm&r=g\",\"contentUrl\":\"https:\\\/\\\/secure.gravatar.com\\\/avatar\\\/7ca3206950207cc3cb48feec56a8a7898741ab725c368d99d5d7a5a50aab80c6?s=96&d=mm&r=g\",\"caption\":\"Thales Brand\u00e3o\"},\"description\":\"Editor Executivo do Portal CidadeMarketing.com.br &gt; Mestre em Comunica\u00e7\u00e3o e Sociedade pela Universidade Federal de Sergipe. Possui MBA Executivo em Administra\u00e7\u00e3o com \u00eanfase em Marketing pela Funda\u00e7\u00e3o Get\u00falio Vargas - Rio de Janeiro. Consultor, Palestrante e Pesquisador sobre Empreendedorismo, Marketing, Redes Sociais e Neg\u00f3cios Digitais. Professor, Palestrante TedxTalks e Campus Party. Twitter: @ThalesBrandao\",\"sameAs\":[\"http:\\\/\\\/www.mandacaru.com.br\",\"https:\\\/\\\/www.facebook.com\\\/thalesbrandao\",\"http:\\\/\\\/www.instagram.com.br\\\/thalesbrandaoferreira\",\"https:\\\/\\\/www.linkedin.com\\\/in\\\/thales-brand\u00e3o-3948609\\\/\",\"https:\\\/\\\/x.com\\\/http:\\\/\\\/www.twitter.com\\\/thalesbrandao\"],\"url\":\"https:\\\/\\\/www.cidademarketing.com.br\\\/marketing\\\/author\\\/thalesbrandao\\\/\"}]}<\/script>\n<!-- \/ Yoast SEO plugin. -->","yoast_head_json":{"title":"Vivo lan\u00e7a campanha que alerta sobre os impactos do uso excessivo do celular na sa\u00fade mental - CidadeMarketing","robots":{"index":"index","follow":"follow","max-snippet":"max-snippet:-1","max-image-preview":"max-image-preview:large","max-video-preview":"max-video-preview:-1"},"canonical":"https:\/\/www.cidademarketing.com.br\/marketing\/2025\/04\/02\/vivo-lanca-campanha-que-alerta-sobre-os-impactos-do-uso-excessivo-do-celular-na-saude-mental\/","og_locale":"pt_BR","og_type":"article","og_title":"Vivo lan\u00e7a campanha que alerta sobre os impactos do uso excessivo do celular na sa\u00fade mental - CidadeMarketing","og_description":"A hiperconectividade tem transformado profundamente as rela\u00e7\u00f5es humanas, impactando desde o ambiente de trabalho at\u00e9 intera\u00e7\u00f5es sociais e momentos de lazer. Diante das preocupa\u00e7\u00f5es globais sobre os efeitos do uso excessivo da tecnologia, a Vivo lan\u00e7ou uma nova campanha que convida as pessoas a repensarem sua rela\u00e7\u00e3o com o celular e estabelecerem limites para um [&hellip;]","og_url":"https:\/\/www.cidademarketing.com.br\/marketing\/2025\/04\/02\/vivo-lanca-campanha-que-alerta-sobre-os-impactos-do-uso-excessivo-do-celular-na-saude-mental\/","og_site_name":"CidadeMarketing","article_publisher":"https:\/\/www.facebook.com\/portalcidademarketing","article_author":"https:\/\/www.facebook.com\/thalesbrandao","article_published_time":"2025-04-02T14:25:24+00:00","og_image":[{"width":1125,"height":610,"url":"https:\/\/www.cidademarketing.com.br\/marketing\/wp-content\/uploads\/2025\/04\/vivo_hiperconectividade.webp","type":"image\/webp"}],"author":"Thales Brand\u00e3o","twitter_card":"summary_large_image","twitter_creator":"@http:\/\/www.twitter.com\/thalesbrandao","twitter_site":"@CidadeMarketing","twitter_misc":{"Escrito por":"Thales Brand\u00e3o","Est. tempo de leitura":"2 minutos"},"schema":{"@context":"https:\/\/schema.org","@graph":[{"@type":"Article","@id":"https:\/\/www.cidademarketing.com.br\/marketing\/2025\/04\/02\/vivo-lanca-campanha-que-alerta-sobre-os-impactos-do-uso-excessivo-do-celular-na-saude-mental\/#article","isPartOf":{"@id":"https:\/\/www.cidademarketing.com.br\/marketing\/2025\/04\/02\/vivo-lanca-campanha-que-alerta-sobre-os-impactos-do-uso-excessivo-do-celular-na-saude-mental\/"},"author":{"name":"Thales Brand\u00e3o","@id":"https:\/\/www.cidademarketing.com.br\/marketing\/#\/schema\/person\/02daff9f18bd9378c9e01eb6b2db155f"},"headline":"Vivo lan\u00e7a campanha que alerta sobre os impactos do uso excessivo do celular na sa\u00fade mental","datePublished":"2025-04-02T14:25:24+00:00","mainEntityOfPage":{"@id":"https:\/\/www.cidademarketing.com.br\/marketing\/2025\/04\/02\/vivo-lanca-campanha-que-alerta-sobre-os-impactos-do-uso-excessivo-do-celular-na-saude-mental\/"},"wordCount":418,"commentCount":0,"publisher":{"@id":"https:\/\/www.cidademarketing.com.br\/marketing\/#organization"},"image":{"@id":"https:\/\/www.cidademarketing.com.br\/marketing\/2025\/04\/02\/vivo-lanca-campanha-que-alerta-sobre-os-impactos-do-uso-excessivo-do-celular-na-saude-mental\/#primaryimage"},"thumbnailUrl":"https:\/\/www.cidademarketing.com.br\/marketing\/wp-content\/uploads\/2025\/04\/vivo_hiperconectividade.webp","keywords":["campanha","estrat\u00e9gia","filme","hiperconectividade","marketing","pesquisa","pesquisa de mercado","publicidade","redes sociais","sa\u00fade mental","Vivo"],"articleSection":["Not\u00edcias","Videos"],"inLanguage":"pt-BR","potentialAction":[{"@type":"CommentAction","name":"Comment","target":["https:\/\/www.cidademarketing.com.br\/marketing\/2025\/04\/02\/vivo-lanca-campanha-que-alerta-sobre-os-impactos-do-uso-excessivo-do-celular-na-saude-mental\/#respond"]}]},{"@type":"WebPage","@id":"https:\/\/www.cidademarketing.com.br\/marketing\/2025\/04\/02\/vivo-lanca-campanha-que-alerta-sobre-os-impactos-do-uso-excessivo-do-celular-na-saude-mental\/","url":"https:\/\/www.cidademarketing.com.br\/marketing\/2025\/04\/02\/vivo-lanca-campanha-que-alerta-sobre-os-impactos-do-uso-excessivo-do-celular-na-saude-mental\/","name":"Vivo lan\u00e7a campanha que alerta sobre os impactos do uso excessivo do celular na sa\u00fade mental - CidadeMarketing","isPartOf":{"@id":"https:\/\/www.cidademarketing.com.br\/marketing\/#website"},"primaryImageOfPage":{"@id":"https:\/\/www.cidademarketing.com.br\/marketing\/2025\/04\/02\/vivo-lanca-campanha-que-alerta-sobre-os-impactos-do-uso-excessivo-do-celular-na-saude-mental\/#primaryimage"},"image":{"@id":"https:\/\/www.cidademarketing.com.br\/marketing\/2025\/04\/02\/vivo-lanca-campanha-que-alerta-sobre-os-impactos-do-uso-excessivo-do-celular-na-saude-mental\/#primaryimage"},"thumbnailUrl":"https:\/\/www.cidademarketing.com.br\/marketing\/wp-content\/uploads\/2025\/04\/vivo_hiperconectividade.webp","datePublished":"2025-04-02T14:25:24+00:00","breadcrumb":{"@id":"https:\/\/www.cidademarketing.com.br\/marketing\/2025\/04\/02\/vivo-lanca-campanha-que-alerta-sobre-os-impactos-do-uso-excessivo-do-celular-na-saude-mental\/#breadcrumb"},"inLanguage":"pt-BR","potentialAction":[{"@type":"ReadAction","target":["https:\/\/www.cidademarketing.com.br\/marketing\/2025\/04\/02\/vivo-lanca-campanha-que-alerta-sobre-os-impactos-do-uso-excessivo-do-celular-na-saude-mental\/"]}]},{"@type":"ImageObject","inLanguage":"pt-BR","@id":"https:\/\/www.cidademarketing.com.br\/marketing\/2025\/04\/02\/vivo-lanca-campanha-que-alerta-sobre-os-impactos-do-uso-excessivo-do-celular-na-saude-mental\/#primaryimage","url":"https:\/\/www.cidademarketing.com.br\/marketing\/wp-content\/uploads\/2025\/04\/vivo_hiperconectividade.webp","contentUrl":"https:\/\/www.cidademarketing.com.br\/marketing\/wp-content\/uploads\/2025\/04\/vivo_hiperconectividade.webp","width":1125,"height":610,"caption":"Reprodu\u00e7\u00e3o"},{"@type":"BreadcrumbList","@id":"https:\/\/www.cidademarketing.com.br\/marketing\/2025\/04\/02\/vivo-lanca-campanha-que-alerta-sobre-os-impactos-do-uso-excessivo-do-celular-na-saude-mental\/#breadcrumb","itemListElement":[{"@type":"ListItem","position":1,"name":"In\u00edcio","item":"https:\/\/www.cidademarketing.com.br\/marketing\/"},{"@type":"ListItem","position":2,"name":"Vivo lan\u00e7a campanha que alerta sobre os impactos do uso excessivo do celular na sa\u00fade mental"}]},{"@type":"WebSite","@id":"https:\/\/www.cidademarketing.com.br\/marketing\/#website","url":"https:\/\/www.cidademarketing.com.br\/marketing\/","name":"CidadeMarketing","description":"Somos um ve\u00edculo de comunica\u00e7\u00e3o de destaque no Brasil, reconhecido por conte\u00fados nos segmentos de marketing, empreendedorismo e inova\u00e7\u00e3o.","publisher":{"@id":"https:\/\/www.cidademarketing.com.br\/marketing\/#organization"},"alternateName":"CidadeMarketing","potentialAction":[{"@type":"SearchAction","target":{"@type":"EntryPoint","urlTemplate":"https:\/\/www.cidademarketing.com.br\/marketing\/?s={search_term_string}"},"query-input":{"@type":"PropertyValueSpecification","valueRequired":true,"valueName":"search_term_string"}}],"inLanguage":"pt-BR"},{"@type":"Organization","@id":"https:\/\/www.cidademarketing.com.br\/marketing\/#organization","name":"CidadeMarketing","alternateName":"CidadeMarketing","url":"https:\/\/www.cidademarketing.com.br\/marketing\/","logo":{"@type":"ImageObject","inLanguage":"pt-BR","@id":"https:\/\/www.cidademarketing.com.br\/marketing\/#\/schema\/logo\/image\/","url":"https:\/\/www.cidademarketing.com.br\/marketing\/wp-content\/uploads\/2020\/01\/cidademarketing_marca_mobile.png","contentUrl":"https:\/\/www.cidademarketing.com.br\/marketing\/wp-content\/uploads\/2020\/01\/cidademarketing_marca_mobile.png","width":230,"height":92,"caption":"CidadeMarketing"},"image":{"@id":"https:\/\/www.cidademarketing.com.br\/marketing\/#\/schema\/logo\/image\/"},"sameAs":["https:\/\/www.facebook.com\/portalcidademarketing","https:\/\/x.com\/CidadeMarketing","https:\/\/www.instagram.com\/cidademarketing\/"]},{"@type":"Person","@id":"https:\/\/www.cidademarketing.com.br\/marketing\/#\/schema\/person\/02daff9f18bd9378c9e01eb6b2db155f","name":"Thales Brand\u00e3o","image":{"@type":"ImageObject","inLanguage":"pt-BR","@id":"https:\/\/secure.gravatar.com\/avatar\/7ca3206950207cc3cb48feec56a8a7898741ab725c368d99d5d7a5a50aab80c6?s=96&d=mm&r=g","url":"https:\/\/secure.gravatar.com\/avatar\/7ca3206950207cc3cb48feec56a8a7898741ab725c368d99d5d7a5a50aab80c6?s=96&d=mm&r=g","contentUrl":"https:\/\/secure.gravatar.com\/avatar\/7ca3206950207cc3cb48feec56a8a7898741ab725c368d99d5d7a5a50aab80c6?s=96&d=mm&r=g","caption":"Thales Brand\u00e3o"},"description":"Editor Executivo do Portal CidadeMarketing.com.br &gt; Mestre em Comunica\u00e7\u00e3o e Sociedade pela Universidade Federal de Sergipe. Possui MBA Executivo em Administra\u00e7\u00e3o com \u00eanfase em Marketing pela Funda\u00e7\u00e3o Get\u00falio Vargas - Rio de Janeiro. Consultor, Palestrante e Pesquisador sobre Empreendedorismo, Marketing, Redes Sociais e Neg\u00f3cios Digitais. Professor, Palestrante TedxTalks e Campus Party. Twitter: @ThalesBrandao","sameAs":["http:\/\/www.mandacaru.com.br","https:\/\/www.facebook.com\/thalesbrandao","http:\/\/www.instagram.com.br\/thalesbrandaoferreira","https:\/\/www.linkedin.com\/in\/thales-brand\u00e3o-3948609\/","https:\/\/x.com\/http:\/\/www.twitter.com\/thalesbrandao"],"url":"https:\/\/www.cidademarketing.com.br\/marketing\/author\/thalesbrandao\/"}]}},"amp_enabled":true,"_links":{"self":[{"href":"https:\/\/www.cidademarketing.com.br\/marketing\/wp-json\/wp\/v2\/posts\/55762","targetHints":{"allow":["GET"]}}],"collection":[{"href":"https:\/\/www.cidademarketing.com.br\/marketing\/wp-json\/wp\/v2\/posts"}],"about":[{"href":"https:\/\/www.cidademarketing.com.br\/marketing\/wp-json\/wp\/v2\/types\/post"}],"author":[{"embeddable":true,"href":"https:\/\/www.cidademarketing.com.br\/marketing\/wp-json\/wp\/v2\/users\/1"}],"replies":[{"embeddable":true,"href":"https:\/\/www.cidademarketing.com.br\/marketing\/wp-json\/wp\/v2\/comments?post=55762"}],"version-history":[{"count":1,"href":"https:\/\/www.cidademarketing.com.br\/marketing\/wp-json\/wp\/v2\/posts\/55762\/revisions"}],"predecessor-version":[{"id":55764,"href":"https:\/\/www.cidademarketing.com.br\/marketing\/wp-json\/wp\/v2\/posts\/55762\/revisions\/55764"}],"wp:featuredmedia":[{"embeddable":true,"href":"https:\/\/www.cidademarketing.com.br\/marketing\/wp-json\/wp\/v2\/media\/55763"}],"wp:attachment":[{"href":"https:\/\/www.cidademarketing.com.br\/marketing\/wp-json\/wp\/v2\/media?parent=55762"}],"wp:term":[{"taxonomy":"category","embeddable":true,"href":"https:\/\/www.cidademarketing.com.br\/marketing\/wp-json\/wp\/v2\/categories?post=55762"},{"taxonomy":"post_tag","embeddable":true,"href":"https:\/\/www.cidademarketing.com.br\/marketing\/wp-json\/wp\/v2\/tags?post=55762"}],"curies":[{"name":"wp","href":"https:\/\/api.w.org\/{rel}","templated":true}]}}