{"id":55702,"date":"2025-03-31T17:45:16","date_gmt":"2025-03-31T20:45:16","guid":{"rendered":"https:\/\/www.cidademarketing.com.br\/marketing\/?p=55702"},"modified":"2025-03-31T18:15:37","modified_gmt":"2025-03-31T21:15:37","slug":"jeanflv-cresce-atendendo-pequenos-varejistas-com-frutas-legumes-e-verduras","status":"publish","type":"post","link":"https:\/\/www.cidademarketing.com.br\/marketing\/2025\/03\/31\/jeanflv-cresce-atendendo-pequenos-varejistas-com-frutas-legumes-e-verduras\/","title":{"rendered":"JeanFLV cresce atendendo pequenos varejistas com frutas, legumes e verduras"},"content":{"rendered":"<p>Com ampla experi\u00eancia no mercado, a JeanFLV vem se destacando ao oferecer solu\u00e7\u00f5es log\u00edsticas e comerciais para pequenos varejistas e distribuidores de frutas, legumes e verduras frescas em todo o Brasil. A empresa se especializou em um atendimento personalizado, oferecendo a neg\u00f3cios locais maior controle sobre suas compras. Com ampla experi\u00eancia no com\u00e9rcio nacional e internacional, a JeanFLV se destaca pela excel\u00eancia no relacionamento com fornecedores, assegurando um abastecimento eficiente e produtos de alta qualidade para o mercado local.<\/p>\n<p><strong>Crescimento e impacto<\/strong><br \/>\nA JeanFLV surgiu para suprir uma necessidade espec\u00edfica do mercado: atender pequenos varejistas que, devido ao baixo volume de compras, n\u00e3o recebiam o suporte adequado dos fornecedores. Com ampla experi\u00eancia acad\u00eamica e profissional, incluindo um mestrado em agroneg\u00f3cio pela FGV, Jean Lopes dos Santos, ao lado dos s\u00f3cios Genival Francisco da Silva e Henrique Toniello Piva, desenvolveu um modelo de neg\u00f3cio que facilita o abastecimento de mini e supermercados, hortifr\u00fatis, sacol\u00f5es e padarias, permitindo que esses estabelecimentos concentrem seus esfor\u00e7os na gest\u00e3o do neg\u00f3cio, enquanto a JeanFLV cuida de toda a cadeia de suprimentos, desde a prospec\u00e7\u00e3o de fornecedores at\u00e9 a busca por produtos espec\u00edficos relacionados a frutas, legumes e verduras.<\/p>\n<p>A marca tamb\u00e9m conta com um <a href=\"https:\/\/www.jeanflv.com.br\/\" target=\"_blank\" rel=\"noopener\">e-commerce intuitivo<\/a>, oferecendo um canal de compra online pr\u00e1tico e eficiente. O ambiente digital da JeanFLV oferece um atendimento humanizado e personalizado via WhatsApp, garantindo suporte \u00e1gil para atender \u00e0s necessidades de neg\u00f3cios.<\/p>\n<figure id=\"attachment_55705\" aria-describedby=\"caption-attachment-55705\" style=\"width: 640px\" class=\"wp-caption alignnone\"><img fetchpriority=\"high\" decoding=\"async\" class=\"wp-image-55705 size-large\" src=\"https:\/\/www.cidademarketing.com.br\/marketing\/wp-content\/uploads\/2025\/03\/jeanflv_frutas_verduras_legumes_varejo_-1024x604.webp\" alt=\"\" width=\"640\" height=\"378\" srcset=\"https:\/\/www.cidademarketing.com.br\/marketing\/wp-content\/uploads\/2025\/03\/jeanflv_frutas_verduras_legumes_varejo_-1024x604.webp 1024w, https:\/\/www.cidademarketing.com.br\/marketing\/wp-content\/uploads\/2025\/03\/jeanflv_frutas_verduras_legumes_varejo_-300x177.webp 300w, https:\/\/www.cidademarketing.com.br\/marketing\/wp-content\/uploads\/2025\/03\/jeanflv_frutas_verduras_legumes_varejo_-768x453.webp 768w, https:\/\/www.cidademarketing.com.br\/marketing\/wp-content\/uploads\/2025\/03\/jeanflv_frutas_verduras_legumes_varejo_-712x420.webp 712w, https:\/\/www.cidademarketing.com.br\/marketing\/wp-content\/uploads\/2025\/03\/jeanflv_frutas_verduras_legumes_varejo_-640x377.webp 640w, https:\/\/www.cidademarketing.com.br\/marketing\/wp-content\/uploads\/2025\/03\/jeanflv_frutas_verduras_legumes_varejo_-681x402.webp 681w, https:\/\/www.cidademarketing.com.br\/marketing\/wp-content\/uploads\/2025\/03\/jeanflv_frutas_verduras_legumes_varejo_.webp 1509w\" sizes=\"(max-width: 640px) 100vw, 640px\" \/><figcaption id=\"caption-attachment-55705\" class=\"wp-caption-text\">Reprodu\u00e7\u00e3o\/Site<\/figcaption><\/figure>\n<p>Seu portf\u00f3lio inclui uma ampla variedade de frutas nacionais e importadas, como ameixa, kiwi, laranja, lim\u00e3o siciliano, ma\u00e7\u00e3, pera, avocado, framboesa, mirtilo, amora, cacau, cupua\u00e7u, maracuj\u00e1 doce, pitaya, entre outras, al\u00e9m de verduras, legumes, cogumelos, brotos, ervas arom\u00e1ticas e pimentas.<\/p>\n\r\n                <style type=\"text\/css\">\r\n                    \r\n                    #tdi_1  .td-doubleSlider-2 .td-item1 {\r\n                        background: url(https:\/\/www.cidademarketing.com.br\/marketing\/wp-content\/uploads\/2025\/03\/jean_flv_frutas_verduras_legumes_01-80x60.webp) 0 0 no-repeat;\r\n                    }\r\n                    #tdi_1  .td-doubleSlider-2 .td-item2 {\r\n                        background: url(https:\/\/www.cidademarketing.com.br\/marketing\/wp-content\/uploads\/2025\/03\/jean_flv_frutas_verduras_legumes_02-80x60.webp) 0 0 no-repeat;\r\n                    }\r\n                    #tdi_1  .td-doubleSlider-2 .td-item3 {\r\n                        background: url(https:\/\/www.cidademarketing.com.br\/marketing\/wp-content\/uploads\/2025\/03\/jean_flv_frutas_verduras_legumes_03-80x60.webp) 0 0 no-repeat;\r\n                    }\r\n                    #tdi_1  .td-doubleSlider-2 .td-item4 {\r\n                        background: url(https:\/\/www.cidademarketing.com.br\/marketing\/wp-content\/uploads\/2025\/03\/jean_flv_frutas_verduras_legumes_04-80x60.webp) 0 0 no-repeat;\r\n                    }\r\n                    #tdi_1  .td-doubleSlider-2 .td-item5 {\r\n                        background: url(https:\/\/www.cidademarketing.com.br\/marketing\/wp-content\/uploads\/2025\/03\/jean_flv_frutas_verduras_legumes_05-80x60.webp) 0 0 no-repeat;\r\n                    }\r\n                    #tdi_1  .td-doubleSlider-2 .td-item6 {\r\n                        background: url(https:\/\/www.cidademarketing.com.br\/marketing\/wp-content\/uploads\/2025\/03\/jean_flv_frutas_verduras_legumes_06-80x60.webp) 0 0 no-repeat;\r\n                    }\r\n                    #tdi_1  .td-doubleSlider-2 .td-item7 {\r\n                        background: url(https:\/\/www.cidademarketing.com.br\/marketing\/wp-content\/uploads\/2025\/03\/jean_flv_frutas_verduras_legumes_07-80x60.webp) 0 0 no-repeat;\r\n                    }\r\n                    #tdi_1  .td-doubleSlider-2 .td-item8 {\r\n                        background: url(https:\/\/www.cidademarketing.com.br\/marketing\/wp-content\/uploads\/2025\/03\/jean_flv_frutas_verduras_legumes_08-80x60.webp) 0 0 no-repeat;\r\n                    }\r\n                    #tdi_1  .td-doubleSlider-2 .td-item9 {\r\n                        background: url(https:\/\/www.cidademarketing.com.br\/marketing\/wp-content\/uploads\/2025\/03\/jean_flv_frutas_verduras_legumes_09-80x60.webp) 0 0 no-repeat;\r\n                    }\r\n                    #tdi_1  .td-doubleSlider-2 .td-item10 {\r\n                        background: url(https:\/\/www.cidademarketing.com.br\/marketing\/wp-content\/uploads\/2025\/03\/jean_flv_frutas_verduras_legumes_10-80x60.webp) 0 0 no-repeat;\r\n                    }\r\n                    #tdi_1  .td-doubleSlider-2 .td-item11 {\r\n                        background: url(https:\/\/www.cidademarketing.com.br\/marketing\/wp-content\/uploads\/2025\/03\/jean_flv_frutas_verduras_legumes_11-80x60.webp) 0 0 no-repeat;\r\n                    }\r\n                    #tdi_1  .td-doubleSlider-2 .td-item12 {\r\n                        background: url(https:\/\/www.cidademarketing.com.br\/marketing\/wp-content\/uploads\/2025\/03\/jean_flv_frutas_verduras_legumes_12-80x60.webp) 0 0 no-repeat;\r\n                    }\r\n                    #tdi_1  .td-doubleSlider-2 .td-item13 {\r\n                        background: url(https:\/\/www.cidademarketing.com.br\/marketing\/wp-content\/uploads\/2025\/03\/jean_flv_frutas_verduras_legumes_13-80x60.webp) 0 0 no-repeat;\r\n                    }\r\n                    #tdi_1  .td-doubleSlider-2 .td-item14 {\r\n                        background: url(https:\/\/www.cidademarketing.com.br\/marketing\/wp-content\/uploads\/2025\/03\/jean_flv_frutas_verduras_legumes_14-80x60.webp) 0 0 no-repeat;\r\n                    }\r\n                    #tdi_1  .td-doubleSlider-2 .td-item15 {\r\n                        background: url(https:\/\/www.cidademarketing.com.br\/marketing\/wp-content\/uploads\/2025\/03\/jean_flv_frutas_verduras_legumes_15-80x60.webp) 0 0 no-repeat;\r\n                    }\r\n                <\/style>\r\n\r\n                <div id=\"tdi_1\" class=\"td-gallery td-slide-on-2-columns\">\r\n                    <div class=\"post_td_gallery\">\r\n                        <div class=\"td-gallery-slide-top\">\r\n                           <div class=\"td-gallery-title\"><\/div>\r\n\r\n                            <div class=\"td-gallery-controls-wrapper\">\r\n                                <div class=\"td-gallery-slide-count\"><span class=\"td-gallery-slide-item-focus\">1<\/span> de 15<\/div>\r\n                                <div class=\"td-gallery-slide-prev-next-but\">\r\n                                    <i class = \"td-icon-left doubleSliderPrevButton\"><\/i>\r\n                                    <i class = \"td-icon-right doubleSliderNextButton\"><\/i>\r\n                                <\/div>\r\n                            <\/div>\r\n                        <\/div>\r\n\r\n                        <div class = \"td-doubleSlider-1 \">\r\n                            <div class = \"td-slider\">\r\n                                \r\n                    <div class = \"td-slide-item td-item1\">\r\n                        <figure class=\"td-slide-galery-figure td-slide-popup-gallery\">\r\n                            <a class=\"slide-gallery-image-link\" href=\"https:\/\/www.cidademarketing.com.br\/marketing\/wp-content\/uploads\/2025\/03\/jean_flv_frutas_verduras_legumes_01.webp\" title=\"JeanFLV cresce atendendo pequenos varejistas com frutas, legumes e verduras\"  data-caption=\"\"  data-description=\"\">\r\n                                <img decoding=\"async\" src=\"https:\/\/www.cidademarketing.com.br\/marketing\/wp-content\/uploads\/2025\/03\/jean_flv_frutas_verduras_legumes_01-792x420.webp\" srcset=\"https:\/\/www.cidademarketing.com.br\/marketing\/wp-content\/uploads\/2025\/03\/jean_flv_frutas_verduras_legumes_01-792x420.webp 792w, https:\/\/www.cidademarketing.com.br\/marketing\/wp-content\/uploads\/2025\/03\/jean_flv_frutas_verduras_legumes_01-300x160.webp 300w, https:\/\/www.cidademarketing.com.br\/marketing\/wp-content\/uploads\/2025\/03\/jean_flv_frutas_verduras_legumes_01-768x407.webp 768w, https:\/\/www.cidademarketing.com.br\/marketing\/wp-content\/uploads\/2025\/03\/jean_flv_frutas_verduras_legumes_01-640x339.webp 640w, https:\/\/www.cidademarketing.com.br\/marketing\/wp-content\/uploads\/2025\/03\/jean_flv_frutas_verduras_legumes_01-681x361.webp 681w, https:\/\/www.cidademarketing.com.br\/marketing\/wp-content\/uploads\/2025\/03\/jean_flv_frutas_verduras_legumes_01.webp 975w\" sizes=\"(max-width: 792px) 100vw, 792px\" alt=\"\">\r\n                            <\/a>\r\n                            \r\n                        <\/figure>\r\n                    <\/div>\r\n                    <div class = \"td-slide-item td-item2\">\r\n                        <figure class=\"td-slide-galery-figure td-slide-popup-gallery\">\r\n                            <a class=\"slide-gallery-image-link\" href=\"https:\/\/www.cidademarketing.com.br\/marketing\/wp-content\/uploads\/2025\/03\/jean_flv_frutas_verduras_legumes_02.webp\" title=\"JeanFLV cresce atendendo pequenos varejistas com frutas, legumes e verduras\"  data-caption=\"\"  data-description=\"\">\r\n                                <img decoding=\"async\" src=\"https:\/\/www.cidademarketing.com.br\/marketing\/wp-content\/uploads\/2025\/03\/jean_flv_frutas_verduras_legumes_02-792x420.webp\" srcset=\"https:\/\/www.cidademarketing.com.br\/marketing\/wp-content\/uploads\/2025\/03\/jean_flv_frutas_verduras_legumes_02-792x420.webp 792w, https:\/\/www.cidademarketing.com.br\/marketing\/wp-content\/uploads\/2025\/03\/jean_flv_frutas_verduras_legumes_02-300x160.webp 300w, https:\/\/www.cidademarketing.com.br\/marketing\/wp-content\/uploads\/2025\/03\/jean_flv_frutas_verduras_legumes_02-768x407.webp 768w, https:\/\/www.cidademarketing.com.br\/marketing\/wp-content\/uploads\/2025\/03\/jean_flv_frutas_verduras_legumes_02-640x339.webp 640w, https:\/\/www.cidademarketing.com.br\/marketing\/wp-content\/uploads\/2025\/03\/jean_flv_frutas_verduras_legumes_02-681x361.webp 681w, https:\/\/www.cidademarketing.com.br\/marketing\/wp-content\/uploads\/2025\/03\/jean_flv_frutas_verduras_legumes_02.webp 975w\" sizes=\"(max-width: 792px) 100vw, 792px\" alt=\"\">\r\n                            <\/a>\r\n                            \r\n                        <\/figure>\r\n                    <\/div>\r\n                    <div class = \"td-slide-item td-item3\">\r\n                        <figure class=\"td-slide-galery-figure td-slide-popup-gallery\">\r\n                            <a class=\"slide-gallery-image-link\" href=\"https:\/\/www.cidademarketing.com.br\/marketing\/wp-content\/uploads\/2025\/03\/jean_flv_frutas_verduras_legumes_03.webp\" title=\"O cat\u00e1logo de frutas, verduras e legumes da JeanFLV \u00e9 diversificado.\"  data-caption=\"Reprodu\u00e7\u00e3o\/JeanFLV\"  data-description=\"\">\r\n                                <img decoding=\"async\" src=\"https:\/\/www.cidademarketing.com.br\/marketing\/wp-content\/uploads\/2025\/03\/jean_flv_frutas_verduras_legumes_03-435x420.webp\" srcset=\"https:\/\/www.cidademarketing.com.br\/marketing\/wp-content\/uploads\/2025\/03\/jean_flv_frutas_verduras_legumes_03-435x420.webp 435w, https:\/\/www.cidademarketing.com.br\/marketing\/wp-content\/uploads\/2025\/03\/jean_flv_frutas_verduras_legumes_03-300x289.webp 300w, https:\/\/www.cidademarketing.com.br\/marketing\/wp-content\/uploads\/2025\/03\/jean_flv_frutas_verduras_legumes_03-640x617.webp 640w, https:\/\/www.cidademarketing.com.br\/marketing\/wp-content\/uploads\/2025\/03\/jean_flv_frutas_verduras_legumes_03-681x657.webp 681w, https:\/\/www.cidademarketing.com.br\/marketing\/wp-content\/uploads\/2025\/03\/jean_flv_frutas_verduras_legumes_03.webp 764w\" sizes=\"(max-width: 435px) 100vw, 435px\" alt=\"A ameixa importada origin&aacute;ria da Argentina, Chile, Espanha e Uruguai tem um sabor mais doce e intenso que a nacional.\">\r\n                            <\/a>\r\n                            <figcaption class = \"td-slide-caption td-gallery-slide-content\"><div class = \"td-gallery-slide-copywrite\">Reprodu\u00e7\u00e3o\/JeanFLV<\/div><\/figcaption>\r\n                        <\/figure>\r\n                    <\/div>\r\n                    <div class = \"td-slide-item td-item4\">\r\n                        <figure class=\"td-slide-galery-figure td-slide-popup-gallery\">\r\n                            <a class=\"slide-gallery-image-link\" href=\"https:\/\/www.cidademarketing.com.br\/marketing\/wp-content\/uploads\/2025\/03\/jean_flv_frutas_verduras_legumes_04.webp\" title=\"O cat\u00e1logo de frutas, verduras e legumes da JeanFLV \u00e9 diversificado.\"  data-caption=\"Reprodu\u00e7\u00e3o\/JeanFLV\"  data-description=\"\">\r\n                                <img decoding=\"async\" src=\"https:\/\/www.cidademarketing.com.br\/marketing\/wp-content\/uploads\/2025\/03\/jean_flv_frutas_verduras_legumes_04-435x420.webp\" srcset=\"https:\/\/www.cidademarketing.com.br\/marketing\/wp-content\/uploads\/2025\/03\/jean_flv_frutas_verduras_legumes_04-435x420.webp 435w, https:\/\/www.cidademarketing.com.br\/marketing\/wp-content\/uploads\/2025\/03\/jean_flv_frutas_verduras_legumes_04-300x289.webp 300w, https:\/\/www.cidademarketing.com.br\/marketing\/wp-content\/uploads\/2025\/03\/jean_flv_frutas_verduras_legumes_04-640x617.webp 640w, https:\/\/www.cidademarketing.com.br\/marketing\/wp-content\/uploads\/2025\/03\/jean_flv_frutas_verduras_legumes_04-681x657.webp 681w, https:\/\/www.cidademarketing.com.br\/marketing\/wp-content\/uploads\/2025\/03\/jean_flv_frutas_verduras_legumes_04.webp 764w\" sizes=\"(max-width: 435px) 100vw, 435px\" alt=\"O kiwi importado tem um sabor doce e refrescante, com alto teor de Brix.\">\r\n                            <\/a>\r\n                            <figcaption class = \"td-slide-caption td-gallery-slide-content\"><div class = \"td-gallery-slide-copywrite\">Reprodu\u00e7\u00e3o\/JeanFLV<\/div><\/figcaption>\r\n                        <\/figure>\r\n                    <\/div>\r\n                    <div class = \"td-slide-item td-item5\">\r\n                        <figure class=\"td-slide-galery-figure td-slide-popup-gallery\">\r\n                            <a class=\"slide-gallery-image-link\" href=\"https:\/\/www.cidademarketing.com.br\/marketing\/wp-content\/uploads\/2025\/03\/jean_flv_frutas_verduras_legumes_05.webp\" title=\"O cat\u00e1logo de frutas, verduras e legumes da JeanFLV \u00e9 diversificado.\"  data-caption=\"Reprodu\u00e7\u00e3o\/JeanFLV\"  data-description=\"\">\r\n                                <img decoding=\"async\" src=\"https:\/\/www.cidademarketing.com.br\/marketing\/wp-content\/uploads\/2025\/03\/jean_flv_frutas_verduras_legumes_05-435x420.webp\" srcset=\"https:\/\/www.cidademarketing.com.br\/marketing\/wp-content\/uploads\/2025\/03\/jean_flv_frutas_verduras_legumes_05-435x420.webp 435w, https:\/\/www.cidademarketing.com.br\/marketing\/wp-content\/uploads\/2025\/03\/jean_flv_frutas_verduras_legumes_05-300x289.webp 300w, https:\/\/www.cidademarketing.com.br\/marketing\/wp-content\/uploads\/2025\/03\/jean_flv_frutas_verduras_legumes_05-640x617.webp 640w, https:\/\/www.cidademarketing.com.br\/marketing\/wp-content\/uploads\/2025\/03\/jean_flv_frutas_verduras_legumes_05-681x657.webp 681w, https:\/\/www.cidademarketing.com.br\/marketing\/wp-content\/uploads\/2025\/03\/jean_flv_frutas_verduras_legumes_05.webp 764w\" sizes=\"(max-width: 435px) 100vw, 435px\" alt=\"A laranja importada &eacute; menos &aacute;cida, proporcionando um sabor suave e agrad&aacute;vel.\">\r\n                            <\/a>\r\n                            <figcaption class = \"td-slide-caption td-gallery-slide-content\"><div class = \"td-gallery-slide-copywrite\">Reprodu\u00e7\u00e3o\/JeanFLV<\/div><\/figcaption>\r\n                        <\/figure>\r\n                    <\/div>\r\n                    <div class = \"td-slide-item td-item6\">\r\n                        <figure class=\"td-slide-galery-figure td-slide-popup-gallery\">\r\n                            <a class=\"slide-gallery-image-link\" href=\"https:\/\/www.cidademarketing.com.br\/marketing\/wp-content\/uploads\/2025\/03\/jean_flv_frutas_verduras_legumes_06.webp\" title=\"O cat\u00e1logo de frutas, verduras e legumes da JeanFLV \u00e9 diversificado.\"  data-caption=\"Reprodu\u00e7\u00e3o\/JeanFLV\"  data-description=\"\">\r\n                                <img decoding=\"async\" src=\"https:\/\/www.cidademarketing.com.br\/marketing\/wp-content\/uploads\/2025\/03\/jean_flv_frutas_verduras_legumes_06-435x420.webp\" srcset=\"https:\/\/www.cidademarketing.com.br\/marketing\/wp-content\/uploads\/2025\/03\/jean_flv_frutas_verduras_legumes_06-435x420.webp 435w, https:\/\/www.cidademarketing.com.br\/marketing\/wp-content\/uploads\/2025\/03\/jean_flv_frutas_verduras_legumes_06-300x289.webp 300w, https:\/\/www.cidademarketing.com.br\/marketing\/wp-content\/uploads\/2025\/03\/jean_flv_frutas_verduras_legumes_06-640x617.webp 640w, https:\/\/www.cidademarketing.com.br\/marketing\/wp-content\/uploads\/2025\/03\/jean_flv_frutas_verduras_legumes_06-681x657.webp 681w, https:\/\/www.cidademarketing.com.br\/marketing\/wp-content\/uploads\/2025\/03\/jean_flv_frutas_verduras_legumes_06.webp 764w\" sizes=\"(max-width: 435px) 100vw, 435px\" alt=\"O lim&atilde;o siciliano importado da Espanha ou do Uruguai possui um sabor distinto do nacional, com uma acidez mais suave e um aroma mais intenso.\">\r\n                            <\/a>\r\n                            <figcaption class = \"td-slide-caption td-gallery-slide-content\"><div class = \"td-gallery-slide-copywrite\">Reprodu\u00e7\u00e3o\/JeanFLV<\/div><\/figcaption>\r\n                        <\/figure>\r\n                    <\/div>\r\n                    <div class = \"td-slide-item td-item7\">\r\n                        <figure class=\"td-slide-galery-figure td-slide-popup-gallery\">\r\n                            <a class=\"slide-gallery-image-link\" href=\"https:\/\/www.cidademarketing.com.br\/marketing\/wp-content\/uploads\/2025\/03\/jean_flv_frutas_verduras_legumes_07.webp\" title=\"O cat\u00e1logo de frutas, verduras e legumes da JeanFLV \u00e9 diversificado.\"  data-caption=\"Reprodu\u00e7\u00e3o\/JeanFLV\"  data-description=\"\">\r\n                                <img decoding=\"async\" src=\"https:\/\/www.cidademarketing.com.br\/marketing\/wp-content\/uploads\/2025\/03\/jean_flv_frutas_verduras_legumes_07-435x420.webp\" srcset=\"https:\/\/www.cidademarketing.com.br\/marketing\/wp-content\/uploads\/2025\/03\/jean_flv_frutas_verduras_legumes_07-435x420.webp 435w, https:\/\/www.cidademarketing.com.br\/marketing\/wp-content\/uploads\/2025\/03\/jean_flv_frutas_verduras_legumes_07-300x289.webp 300w, https:\/\/www.cidademarketing.com.br\/marketing\/wp-content\/uploads\/2025\/03\/jean_flv_frutas_verduras_legumes_07-640x617.webp 640w, https:\/\/www.cidademarketing.com.br\/marketing\/wp-content\/uploads\/2025\/03\/jean_flv_frutas_verduras_legumes_07-681x657.webp 681w, https:\/\/www.cidademarketing.com.br\/marketing\/wp-content\/uploads\/2025\/03\/jean_flv_frutas_verduras_legumes_07.webp 764w\" sizes=\"(max-width: 435px) 100vw, 435px\" alt=\"A ma&ccedil;&atilde; importada Granny Smith destaca-se pelo seu sabor &uacute;nico, combinando do&ccedil;ura e acidez de forma equilibrada.\">\r\n                            <\/a>\r\n                            <figcaption class = \"td-slide-caption td-gallery-slide-content\"><div class = \"td-gallery-slide-copywrite\">Reprodu\u00e7\u00e3o\/JeanFLV<\/div><\/figcaption>\r\n                        <\/figure>\r\n                    <\/div>\r\n                    <div class = \"td-slide-item td-item8\">\r\n                        <figure class=\"td-slide-galery-figure td-slide-popup-gallery\">\r\n                            <a class=\"slide-gallery-image-link\" href=\"https:\/\/www.cidademarketing.com.br\/marketing\/wp-content\/uploads\/2025\/03\/jean_flv_frutas_verduras_legumes_08.webp\" title=\"O cat\u00e1logo de frutas, verduras e legumes da JeanFLV \u00e9 diversificado.\"  data-caption=\"Reprodu\u00e7\u00e3o\/JeanFLV\"  data-description=\"\">\r\n                                <img decoding=\"async\" src=\"https:\/\/www.cidademarketing.com.br\/marketing\/wp-content\/uploads\/2025\/03\/jean_flv_frutas_verduras_legumes_08-435x420.webp\" srcset=\"https:\/\/www.cidademarketing.com.br\/marketing\/wp-content\/uploads\/2025\/03\/jean_flv_frutas_verduras_legumes_08-435x420.webp 435w, https:\/\/www.cidademarketing.com.br\/marketing\/wp-content\/uploads\/2025\/03\/jean_flv_frutas_verduras_legumes_08-300x289.webp 300w, https:\/\/www.cidademarketing.com.br\/marketing\/wp-content\/uploads\/2025\/03\/jean_flv_frutas_verduras_legumes_08-640x617.webp 640w, https:\/\/www.cidademarketing.com.br\/marketing\/wp-content\/uploads\/2025\/03\/jean_flv_frutas_verduras_legumes_08-681x657.webp 681w, https:\/\/www.cidademarketing.com.br\/marketing\/wp-content\/uploads\/2025\/03\/jean_flv_frutas_verduras_legumes_08.webp 764w\" sizes=\"(max-width: 435px) 100vw, 435px\" alt=\"A pera Ercolini &eacute; pequena e oval, sendo mais indicada para o preparo de doces em calda.\">\r\n                            <\/a>\r\n                            <figcaption class = \"td-slide-caption td-gallery-slide-content\"><div class = \"td-gallery-slide-copywrite\">Reprodu\u00e7\u00e3o\/JeanFLV<\/div><\/figcaption>\r\n                        <\/figure>\r\n                    <\/div>\r\n                    <div class = \"td-slide-item td-item9\">\r\n                        <figure class=\"td-slide-galery-figure td-slide-popup-gallery\">\r\n                            <a class=\"slide-gallery-image-link\" href=\"https:\/\/www.cidademarketing.com.br\/marketing\/wp-content\/uploads\/2025\/03\/jean_flv_frutas_verduras_legumes_09.webp\" title=\"O cat\u00e1logo de frutas, verduras e legumes da JeanFLV \u00e9 diversificado.\"  data-caption=\"Reprodu\u00e7\u00e3o\/JeanFLV\"  data-description=\"\">\r\n                                <img decoding=\"async\" src=\"https:\/\/www.cidademarketing.com.br\/marketing\/wp-content\/uploads\/2025\/03\/jean_flv_frutas_verduras_legumes_09-435x420.webp\" srcset=\"https:\/\/www.cidademarketing.com.br\/marketing\/wp-content\/uploads\/2025\/03\/jean_flv_frutas_verduras_legumes_09-435x420.webp 435w, https:\/\/www.cidademarketing.com.br\/marketing\/wp-content\/uploads\/2025\/03\/jean_flv_frutas_verduras_legumes_09-300x289.webp 300w, https:\/\/www.cidademarketing.com.br\/marketing\/wp-content\/uploads\/2025\/03\/jean_flv_frutas_verduras_legumes_09-640x617.webp 640w, https:\/\/www.cidademarketing.com.br\/marketing\/wp-content\/uploads\/2025\/03\/jean_flv_frutas_verduras_legumes_09-681x657.webp 681w, https:\/\/www.cidademarketing.com.br\/marketing\/wp-content\/uploads\/2025\/03\/jean_flv_frutas_verduras_legumes_09.webp 764w\" sizes=\"(max-width: 435px) 100vw, 435px\" alt=\"O avocado Hass importado &eacute; conhecido por sua casca rugosa e escura, que indica um fruto maduro e cremoso.\">\r\n                            <\/a>\r\n                            <figcaption class = \"td-slide-caption td-gallery-slide-content\"><div class = \"td-gallery-slide-copywrite\">Reprodu\u00e7\u00e3o\/JeanFLV<\/div><\/figcaption>\r\n                        <\/figure>\r\n                    <\/div>\r\n                    <div class = \"td-slide-item td-item10\">\r\n                        <figure class=\"td-slide-galery-figure td-slide-popup-gallery\">\r\n                            <a class=\"slide-gallery-image-link\" href=\"https:\/\/www.cidademarketing.com.br\/marketing\/wp-content\/uploads\/2025\/03\/jean_flv_frutas_verduras_legumes_10.webp\" title=\"O cat\u00e1logo de frutas, verduras e legumes da JeanFLV \u00e9 diversificado.\"  data-caption=\"Reprodu\u00e7\u00e3o\/JeanFLV\"  data-description=\"\">\r\n                                <img decoding=\"async\" src=\"https:\/\/www.cidademarketing.com.br\/marketing\/wp-content\/uploads\/2025\/03\/jean_flv_frutas_verduras_legumes_10-435x420.webp\" srcset=\"https:\/\/www.cidademarketing.com.br\/marketing\/wp-content\/uploads\/2025\/03\/jean_flv_frutas_verduras_legumes_10-435x420.webp 435w, https:\/\/www.cidademarketing.com.br\/marketing\/wp-content\/uploads\/2025\/03\/jean_flv_frutas_verduras_legumes_10-300x289.webp 300w, https:\/\/www.cidademarketing.com.br\/marketing\/wp-content\/uploads\/2025\/03\/jean_flv_frutas_verduras_legumes_10-640x617.webp 640w, https:\/\/www.cidademarketing.com.br\/marketing\/wp-content\/uploads\/2025\/03\/jean_flv_frutas_verduras_legumes_10-681x657.webp 681w, https:\/\/www.cidademarketing.com.br\/marketing\/wp-content\/uploads\/2025\/03\/jean_flv_frutas_verduras_legumes_10.webp 764w\" sizes=\"(max-width: 435px) 100vw, 435px\" alt=\"Maior tempo de prateleira, frutos em condi&ccedil;&otilde;es ideais para consumo in natura ou prepara&ccedil;&otilde;es. Sabor intenso e padr&atilde;o de frutos.\">\r\n                            <\/a>\r\n                            <figcaption class = \"td-slide-caption td-gallery-slide-content\"><div class = \"td-gallery-slide-copywrite\">Reprodu\u00e7\u00e3o\/JeanFLV<\/div><\/figcaption>\r\n                        <\/figure>\r\n                    <\/div>\r\n                    <div class = \"td-slide-item td-item11\">\r\n                        <figure class=\"td-slide-galery-figure td-slide-popup-gallery\">\r\n                            <a class=\"slide-gallery-image-link\" href=\"https:\/\/www.cidademarketing.com.br\/marketing\/wp-content\/uploads\/2025\/03\/jean_flv_frutas_verduras_legumes_11.webp\" title=\"O cat\u00e1logo de frutas, verduras e legumes da JeanFLV \u00e9 diversificado.\"  data-caption=\"Reprodu\u00e7\u00e3o\/JeanFLV\"  data-description=\"\">\r\n                                <img decoding=\"async\" src=\"https:\/\/www.cidademarketing.com.br\/marketing\/wp-content\/uploads\/2025\/03\/jean_flv_frutas_verduras_legumes_11-435x420.webp\" srcset=\"https:\/\/www.cidademarketing.com.br\/marketing\/wp-content\/uploads\/2025\/03\/jean_flv_frutas_verduras_legumes_11-435x420.webp 435w, https:\/\/www.cidademarketing.com.br\/marketing\/wp-content\/uploads\/2025\/03\/jean_flv_frutas_verduras_legumes_11-300x289.webp 300w, https:\/\/www.cidademarketing.com.br\/marketing\/wp-content\/uploads\/2025\/03\/jean_flv_frutas_verduras_legumes_11-640x617.webp 640w, https:\/\/www.cidademarketing.com.br\/marketing\/wp-content\/uploads\/2025\/03\/jean_flv_frutas_verduras_legumes_11-681x657.webp 681w, https:\/\/www.cidademarketing.com.br\/marketing\/wp-content\/uploads\/2025\/03\/jean_flv_frutas_verduras_legumes_11.webp 764w\" sizes=\"(max-width: 435px) 100vw, 435px\" alt=\"Mirtilos de variedades desenvolvida na Fl&oacute;rida, que trazem o padr&atilde;o dos frutos americanos para a produ&ccedil;&atilde;o brasileira.\">\r\n                            <\/a>\r\n                            <figcaption class = \"td-slide-caption td-gallery-slide-content\"><div class = \"td-gallery-slide-copywrite\">Reprodu\u00e7\u00e3o\/JeanFLV<\/div><\/figcaption>\r\n                        <\/figure>\r\n                    <\/div>\r\n                    <div class = \"td-slide-item td-item12\">\r\n                        <figure class=\"td-slide-galery-figure td-slide-popup-gallery\">\r\n                            <a class=\"slide-gallery-image-link\" href=\"https:\/\/www.cidademarketing.com.br\/marketing\/wp-content\/uploads\/2025\/03\/jean_flv_frutas_verduras_legumes_12.webp\" title=\"O cat\u00e1logo de frutas, verduras e legumes da JeanFLV \u00e9 diversificado.\"  data-caption=\"Reprodu\u00e7\u00e3o\/JeanFLV\"  data-description=\"\">\r\n                                <img decoding=\"async\" src=\"https:\/\/www.cidademarketing.com.br\/marketing\/wp-content\/uploads\/2025\/03\/jean_flv_frutas_verduras_legumes_12-435x420.webp\" srcset=\"https:\/\/www.cidademarketing.com.br\/marketing\/wp-content\/uploads\/2025\/03\/jean_flv_frutas_verduras_legumes_12-435x420.webp 435w, https:\/\/www.cidademarketing.com.br\/marketing\/wp-content\/uploads\/2025\/03\/jean_flv_frutas_verduras_legumes_12-300x289.webp 300w, https:\/\/www.cidademarketing.com.br\/marketing\/wp-content\/uploads\/2025\/03\/jean_flv_frutas_verduras_legumes_12-640x617.webp 640w, https:\/\/www.cidademarketing.com.br\/marketing\/wp-content\/uploads\/2025\/03\/jean_flv_frutas_verduras_legumes_12-681x657.webp 681w, https:\/\/www.cidademarketing.com.br\/marketing\/wp-content\/uploads\/2025\/03\/jean_flv_frutas_verduras_legumes_12.webp 764w\" sizes=\"(max-width: 435px) 100vw, 435px\" alt=\"Frutos de amora verdadeira com padr&atilde;o premium: tamanho uniforme e colora&ccedil;&atilde;o intensa.\">\r\n                            <\/a>\r\n                            <figcaption class = \"td-slide-caption td-gallery-slide-content\"><div class = \"td-gallery-slide-copywrite\">Reprodu\u00e7\u00e3o\/JeanFLV<\/div><\/figcaption>\r\n                        <\/figure>\r\n                    <\/div>\r\n                    <div class = \"td-slide-item td-item13\">\r\n                        <figure class=\"td-slide-galery-figure td-slide-popup-gallery\">\r\n                            <a class=\"slide-gallery-image-link\" href=\"https:\/\/www.cidademarketing.com.br\/marketing\/wp-content\/uploads\/2025\/03\/jean_flv_frutas_verduras_legumes_13.webp\" title=\"O cat\u00e1logo de frutas, verduras e legumes da JeanFLV \u00e9 diversificado.\"  data-caption=\"Reprodu\u00e7\u00e3o\/JeanFLV\"  data-description=\"\">\r\n                                <img decoding=\"async\" src=\"https:\/\/www.cidademarketing.com.br\/marketing\/wp-content\/uploads\/2025\/03\/jean_flv_frutas_verduras_legumes_13-435x420.webp\" srcset=\"https:\/\/www.cidademarketing.com.br\/marketing\/wp-content\/uploads\/2025\/03\/jean_flv_frutas_verduras_legumes_13-435x420.webp 435w, https:\/\/www.cidademarketing.com.br\/marketing\/wp-content\/uploads\/2025\/03\/jean_flv_frutas_verduras_legumes_13-300x289.webp 300w, https:\/\/www.cidademarketing.com.br\/marketing\/wp-content\/uploads\/2025\/03\/jean_flv_frutas_verduras_legumes_13-640x617.webp 640w, https:\/\/www.cidademarketing.com.br\/marketing\/wp-content\/uploads\/2025\/03\/jean_flv_frutas_verduras_legumes_13-681x657.webp 681w, https:\/\/www.cidademarketing.com.br\/marketing\/wp-content\/uploads\/2025\/03\/jean_flv_frutas_verduras_legumes_13.webp 764w\" sizes=\"(max-width: 435px) 100vw, 435px\" alt=\"Cajus selecionados, permitindo o m&aacute;ximo aproveitamento e rendimento no processamento.\">\r\n                            <\/a>\r\n                            <figcaption class = \"td-slide-caption td-gallery-slide-content\"><div class = \"td-gallery-slide-copywrite\">Reprodu\u00e7\u00e3o\/JeanFLV<\/div><\/figcaption>\r\n                        <\/figure>\r\n                    <\/div>\r\n                    <div class = \"td-slide-item td-item14\">\r\n                        <figure class=\"td-slide-galery-figure td-slide-popup-gallery\">\r\n                            <a class=\"slide-gallery-image-link\" href=\"https:\/\/www.cidademarketing.com.br\/marketing\/wp-content\/uploads\/2025\/03\/jean_flv_frutas_verduras_legumes_14.webp\" title=\"O cat\u00e1logo de frutas, verduras e legumes da JeanFLV \u00e9 diversificado.\"  data-caption=\"Reprodu\u00e7\u00e3o\/JeanFLV\"  data-description=\"\">\r\n                                <img decoding=\"async\" src=\"https:\/\/www.cidademarketing.com.br\/marketing\/wp-content\/uploads\/2025\/03\/jean_flv_frutas_verduras_legumes_14-435x420.webp\" srcset=\"https:\/\/www.cidademarketing.com.br\/marketing\/wp-content\/uploads\/2025\/03\/jean_flv_frutas_verduras_legumes_14-435x420.webp 435w, https:\/\/www.cidademarketing.com.br\/marketing\/wp-content\/uploads\/2025\/03\/jean_flv_frutas_verduras_legumes_14-300x289.webp 300w, https:\/\/www.cidademarketing.com.br\/marketing\/wp-content\/uploads\/2025\/03\/jean_flv_frutas_verduras_legumes_14-640x617.webp 640w, https:\/\/www.cidademarketing.com.br\/marketing\/wp-content\/uploads\/2025\/03\/jean_flv_frutas_verduras_legumes_14-681x657.webp 681w, https:\/\/www.cidademarketing.com.br\/marketing\/wp-content\/uploads\/2025\/03\/jean_flv_frutas_verduras_legumes_14.webp 764w\" sizes=\"(max-width: 435px) 100vw, 435px\" alt=\"Acerola com frutos de alta qualidade, ricos em vitamina C e sabor intenso.\">\r\n                            <\/a>\r\n                            <figcaption class = \"td-slide-caption td-gallery-slide-content\"><div class = \"td-gallery-slide-copywrite\">Reprodu\u00e7\u00e3o\/JeanFLV<\/div><\/figcaption>\r\n                        <\/figure>\r\n                    <\/div>\r\n                    <div class = \"td-slide-item td-item15\">\r\n                        <figure class=\"td-slide-galery-figure td-slide-popup-gallery\">\r\n                            <a class=\"slide-gallery-image-link\" href=\"https:\/\/www.cidademarketing.com.br\/marketing\/wp-content\/uploads\/2025\/03\/jean_flv_frutas_verduras_legumes_15.webp\" title=\"O cat\u00e1logo de frutas, verduras e legumes da JeanFLV \u00e9 diversificado.\"  data-caption=\"Reprodu\u00e7\u00e3o\/JeanFLV\"  data-description=\"\">\r\n                                <img decoding=\"async\" src=\"https:\/\/www.cidademarketing.com.br\/marketing\/wp-content\/uploads\/2025\/03\/jean_flv_frutas_verduras_legumes_15-435x420.webp\" srcset=\"https:\/\/www.cidademarketing.com.br\/marketing\/wp-content\/uploads\/2025\/03\/jean_flv_frutas_verduras_legumes_15-435x420.webp 435w, https:\/\/www.cidademarketing.com.br\/marketing\/wp-content\/uploads\/2025\/03\/jean_flv_frutas_verduras_legumes_15-300x289.webp 300w, https:\/\/www.cidademarketing.com.br\/marketing\/wp-content\/uploads\/2025\/03\/jean_flv_frutas_verduras_legumes_15-640x617.webp 640w, https:\/\/www.cidademarketing.com.br\/marketing\/wp-content\/uploads\/2025\/03\/jean_flv_frutas_verduras_legumes_15-681x657.webp 681w, https:\/\/www.cidademarketing.com.br\/marketing\/wp-content\/uploads\/2025\/03\/jean_flv_frutas_verduras_legumes_15.webp 764w\" sizes=\"(max-width: 435px) 100vw, 435px\" alt=\"Fruto ex&oacute;tico com casca fina e polpa suculenta e doce.\">\r\n                            <\/a>\r\n                            <figcaption class = \"td-slide-caption td-gallery-slide-content\"><div class = \"td-gallery-slide-copywrite\">Reprodu\u00e7\u00e3o\/JeanFLV<\/div><\/figcaption>\r\n                        <\/figure>\r\n                    <\/div>\r\n                            <\/div>\r\n                        <\/div>\r\n\r\n                        <div class = \"td-doubleSlider-2\">\r\n                            <div class = \"td-slider\">\r\n                                \r\n                    <div class = \"td-button td-item1\">\r\n                        <div class = \"td-border\"><\/div>\r\n                    <\/div>\r\n                    <div class = \"td-button td-item2\">\r\n                        <div class = \"td-border\"><\/div>\r\n                    <\/div>\r\n                    <div class = \"td-button td-item3\">\r\n                        <div class = \"td-border\"><\/div>\r\n                    <\/div>\r\n                    <div class = \"td-button td-item4\">\r\n                        <div class = \"td-border\"><\/div>\r\n                    <\/div>\r\n                    <div class = \"td-button td-item5\">\r\n                        <div class = \"td-border\"><\/div>\r\n                    <\/div>\r\n                    <div class = \"td-button td-item6\">\r\n                        <div class = \"td-border\"><\/div>\r\n                    <\/div>\r\n                    <div class = \"td-button td-item7\">\r\n                        <div class = \"td-border\"><\/div>\r\n                    <\/div>\r\n                    <div class = \"td-button td-item8\">\r\n                        <div class = \"td-border\"><\/div>\r\n                    <\/div>\r\n                    <div class = \"td-button td-item9\">\r\n                        <div class = \"td-border\"><\/div>\r\n                    <\/div>\r\n                    <div class = \"td-button td-item10\">\r\n                        <div class = \"td-border\"><\/div>\r\n                    <\/div>\r\n                    <div class = \"td-button td-item11\">\r\n                        <div class = \"td-border\"><\/div>\r\n                    <\/div>\r\n                    <div class = \"td-button td-item12\">\r\n                        <div class = \"td-border\"><\/div>\r\n                    <\/div>\r\n                    <div class = \"td-button td-item13\">\r\n                        <div class = \"td-border\"><\/div>\r\n                    <\/div>\r\n                    <div class = \"td-button td-item14\">\r\n                        <div class = \"td-border\"><\/div>\r\n                    <\/div>\r\n                    <div class = \"td-button td-item15\">\r\n                        <div class = \"td-border\"><\/div>\r\n                    <\/div>\r\n                            <\/div>\r\n                        <\/div>\r\n\r\n                    <\/div>\r\n\r\n                <\/div>\r\n                \n<p><strong>Solu\u00e7\u00f5es inovadoras para o varejo de frutas, legumes e verduras<\/strong><br \/>\nA JeanFLV se diferencia ao oferecer servi\u00e7os que otimizam a cadeia de suprimentos e impulsionam os neg\u00f3cios dos clientes. Entre os principais servi\u00e7os prestados est\u00e3o:<br \/>\n\u2022 Sales Management Consulting: Consultoria especializada para aprimorar estrat\u00e9gias de vendas e gest\u00e3o de equipes comerciais.<br \/>\n\u2022 Supply Channel: Gest\u00e3o eficiente da cadeia de suprimentos, proporcionando redu\u00e7\u00e3o de custos e aumento da efici\u00eancia operacional.<br \/>\n\u2022 Intermedia\u00e7\u00e3o Comercial: Planejamento e estrat\u00e9gia de mercado, apoio p\u00f3s-venda, controle de qualidade e acompanhamento aduaneiro.<br \/>\n\u2022 Gest\u00e3o de Canais de Distribui\u00e7\u00e3o: Permite maior disponibilidade de produtos e aumento das vendas.<br \/>\n\u2022 Gest\u00e3o de Marketing: Suporte na comunica\u00e7\u00e3o e a\u00e7\u00f5es promocionais para fortalecer as marcas e alavancar os neg\u00f3cios.<\/p>\n<figure id=\"attachment_55703\" aria-describedby=\"caption-attachment-55703\" style=\"width: 640px\" class=\"wp-caption alignnone\"><img decoding=\"async\" class=\"wp-image-55703 size-large\" src=\"https:\/\/www.cidademarketing.com.br\/marketing\/wp-content\/uploads\/2025\/03\/jeanflv_yvy_braziliannative_frutas_verduras_legumes_varejo_marca-1024x631.webp\" alt=\"Inspirada no significado da palavra YVY, que em tupi-guarani quer dizer &quot;terra sem males&quot;\" width=\"640\" height=\"394\" srcset=\"https:\/\/www.cidademarketing.com.br\/marketing\/wp-content\/uploads\/2025\/03\/jeanflv_yvy_braziliannative_frutas_verduras_legumes_varejo_marca-1024x631.webp 1024w, https:\/\/www.cidademarketing.com.br\/marketing\/wp-content\/uploads\/2025\/03\/jeanflv_yvy_braziliannative_frutas_verduras_legumes_varejo_marca-300x185.webp 300w, https:\/\/www.cidademarketing.com.br\/marketing\/wp-content\/uploads\/2025\/03\/jeanflv_yvy_braziliannative_frutas_verduras_legumes_varejo_marca-768x473.webp 768w, https:\/\/www.cidademarketing.com.br\/marketing\/wp-content\/uploads\/2025\/03\/jeanflv_yvy_braziliannative_frutas_verduras_legumes_varejo_marca-682x420.webp 682w, https:\/\/www.cidademarketing.com.br\/marketing\/wp-content\/uploads\/2025\/03\/jeanflv_yvy_braziliannative_frutas_verduras_legumes_varejo_marca-640x394.webp 640w, https:\/\/www.cidademarketing.com.br\/marketing\/wp-content\/uploads\/2025\/03\/jeanflv_yvy_braziliannative_frutas_verduras_legumes_varejo_marca-681x419.webp 681w, https:\/\/www.cidademarketing.com.br\/marketing\/wp-content\/uploads\/2025\/03\/jeanflv_yvy_braziliannative_frutas_verduras_legumes_varejo_marca.webp 1174w\" sizes=\"(max-width: 640px) 100vw, 640px\" \/><figcaption id=\"caption-attachment-55703\" class=\"wp-caption-text\">Divulga\u00e7\u00e3o<\/figcaption><\/figure>\n<p><strong>A marca e o compromisso com a sustentabilidade<\/strong><br \/>\nA marca JeanFLV est\u00e1 atrelada ao projeto YVY Native Foods, uma iniciativa que busca valorizar internacionalmente os produtos nativos brasileiros, apoiando comunidades locais, promovendo sustentabilidade e gerando impacto positivo no meio ambiente. Inspirada no significado da palavra YVY, que em tupi-guarani quer dizer &#8220;terra sem males&#8221;, a empresa tem como miss\u00e3o fortalecer os biomas brasileiros por meio de pr\u00e1ticas sustent\u00e1veis, contribuindo para um consumo consciente e a preserva\u00e7\u00e3o da biodiversidade.<\/p>\n<p>Com uma abordagem inovadora e um forte compromisso com seus clientes e com a sustentabilidade, a JeanFLV continua expandindo sua atua\u00e7\u00e3o no mercado varejista em parceria com produtores locais, nacionais e internacionais. A empresa incentiva a agricultura familiar e se consolida como refer\u00eancia no mercado de frutas, legumes e verduras no Brasil.<\/p>\n<p><strong>Com\u00e9rcio Eletr\u00f4nico JeanFLV<\/strong><br \/>\nSuprir o mercado varejista com frutas, verduras e legumes<br \/>\n<a href=\"https:\/\/www.jeanflv.com.br\/\" target=\"_blank\" rel=\"noopener\">https:\/\/www.jeanflv.com.br\/<\/a><br \/>\nWhatsApp <a href=\"https:\/\/api.whatsapp.com\/send\/?phone=5511914126697&amp;text=Bem-vindo+a+JeanFLV.+Como+podemos+te+ajudar+hoje%3F&amp;type=phone_number&amp;app_absent=0\" target=\"_blank\" rel=\"noopener\">(11) 91412-6697<\/a><br \/>\nEmail: <a href=\"mailto:contato@yvyfoods.com.br\">contato@yvyfoods.com.br<\/a> e <a href=\"mailto:vendas@yvyfoods.com.br\">vendas@yvyfoods.com.br<\/a><br \/>\n<strong>Projeto YVY Native Foods<\/strong><br \/>\nBioeconomia e preserva\u00e7\u00e3o do meio ambiente por meio da gera\u00e7\u00e3o de uma cadeia de valor.<br \/>\n<a href=\"https:\/\/yvyfoods.com.br\/\" target=\"_blank\" rel=\"noopener\">https:\/\/yvyfoods.com.br\/<\/a><\/p>\n","protected":false},"excerpt":{"rendered":"<p>Com ampla experi\u00eancia no mercado, a JeanFLV vem se destacando ao oferecer solu\u00e7\u00f5es log\u00edsticas e comerciais para pequenos varejistas e distribuidores de frutas, legumes e verduras frescas em todo o Brasil. A empresa se especializou em um atendimento personalizado, oferecendo a neg\u00f3cios locais maior controle sobre suas compras. Com ampla experi\u00eancia no com\u00e9rcio nacional e [&hellip;]<\/p>\n","protected":false},"author":1,"featured_media":55704,"comment_status":"open","ping_status":"open","sticky":false,"template":"","format":"standard","meta":{"tdm_status":"","tdm_grid_status":"","footnotes":""},"categories":[6],"tags":[5411,9025,9023,214,1302,9019,9020,28,9021,8859,9022,280,176,1303,9024],"class_list":["post-55702","post","type-post","status-publish","format-standard","has-post-thumbnail","hentry","category-noticias","tag-biodiversidade","tag-biomas","tag-distribuicao","tag-e-commerce","tag-frutas","tag-jeanflv","tag-legumes","tag-marketing","tag-mini-mercados","tag-padarias","tag-sacolao","tag-saude","tag-sustentabilidade","tag-verduras","tag-yvy-native-foods"],"yoast_head":"<!-- This site is optimized with the Yoast SEO plugin v27.5 - https:\/\/yoast.com\/product\/yoast-seo-wordpress\/ -->\n<title>JeanFLV cresce atendendo pequenos varejistas com frutas, legumes e verduras - CidadeMarketing<\/title>\n<meta name=\"robots\" content=\"index, follow, max-snippet:-1, max-image-preview:large, max-video-preview:-1\" \/>\n<link rel=\"canonical\" href=\"https:\/\/www.cidademarketing.com.br\/marketing\/2025\/03\/31\/jeanflv-cresce-atendendo-pequenos-varejistas-com-frutas-legumes-e-verduras\/\" \/>\n<meta property=\"og:locale\" content=\"pt_BR\" \/>\n<meta property=\"og:type\" content=\"article\" \/>\n<meta property=\"og:title\" content=\"JeanFLV cresce atendendo pequenos varejistas com frutas, legumes e verduras - CidadeMarketing\" \/>\n<meta property=\"og:description\" content=\"Com ampla experi\u00eancia no mercado, a JeanFLV vem se destacando ao oferecer solu\u00e7\u00f5es log\u00edsticas e comerciais para pequenos varejistas e distribuidores de frutas, legumes e verduras frescas em todo o Brasil. A empresa se especializou em um atendimento personalizado, oferecendo a neg\u00f3cios locais maior controle sobre suas compras. Com ampla experi\u00eancia no com\u00e9rcio nacional e [&hellip;]\" \/>\n<meta property=\"og:url\" content=\"https:\/\/www.cidademarketing.com.br\/marketing\/2025\/03\/31\/jeanflv-cresce-atendendo-pequenos-varejistas-com-frutas-legumes-e-verduras\/\" \/>\n<meta property=\"og:site_name\" content=\"CidadeMarketing\" \/>\n<meta property=\"article:publisher\" content=\"https:\/\/www.facebook.com\/portalcidademarketing\" \/>\n<meta property=\"article:author\" content=\"https:\/\/www.facebook.com\/thalesbrandao\" \/>\n<meta property=\"article:published_time\" content=\"2025-03-31T20:45:16+00:00\" \/>\n<meta property=\"article:modified_time\" content=\"2025-03-31T21:15:37+00:00\" \/>\n<meta property=\"og:image\" content=\"https:\/\/www.cidademarketing.com.br\/marketing\/wp-content\/uploads\/2025\/03\/jeanflv_yvy_braziliannative_frutas_verduras_legumes_varejo_.webp\" \/>\n\t<meta property=\"og:image:width\" content=\"688\" \/>\n\t<meta property=\"og:image:height\" content=\"692\" \/>\n\t<meta property=\"og:image:type\" content=\"image\/webp\" \/>\n<meta name=\"author\" content=\"Thales Brand\u00e3o\" \/>\n<meta name=\"twitter:card\" content=\"summary_large_image\" \/>\n<meta name=\"twitter:creator\" content=\"@http:\/\/www.twitter.com\/thalesbrandao\" \/>\n<meta name=\"twitter:site\" content=\"@CidadeMarketing\" \/>\n<meta name=\"twitter:label1\" content=\"Escrito por\" \/>\n\t<meta name=\"twitter:data1\" content=\"Thales Brand\u00e3o\" \/>\n\t<meta name=\"twitter:label2\" content=\"Est. tempo de leitura\" \/>\n\t<meta name=\"twitter:data2\" content=\"3 minutos\" \/>\n<script type=\"application\/ld+json\" class=\"yoast-schema-graph\">{\"@context\":\"https:\\\/\\\/schema.org\",\"@graph\":[{\"@type\":\"Article\",\"@id\":\"https:\\\/\\\/www.cidademarketing.com.br\\\/marketing\\\/2025\\\/03\\\/31\\\/jeanflv-cresce-atendendo-pequenos-varejistas-com-frutas-legumes-e-verduras\\\/#article\",\"isPartOf\":{\"@id\":\"https:\\\/\\\/www.cidademarketing.com.br\\\/marketing\\\/2025\\\/03\\\/31\\\/jeanflv-cresce-atendendo-pequenos-varejistas-com-frutas-legumes-e-verduras\\\/\"},\"author\":{\"name\":\"Thales Brand\u00e3o\",\"@id\":\"https:\\\/\\\/www.cidademarketing.com.br\\\/marketing\\\/#\\\/schema\\\/person\\\/02daff9f18bd9378c9e01eb6b2db155f\"},\"headline\":\"JeanFLV cresce atendendo pequenos varejistas com frutas, legumes e verduras\",\"datePublished\":\"2025-03-31T20:45:16+00:00\",\"dateModified\":\"2025-03-31T21:15:37+00:00\",\"mainEntityOfPage\":{\"@id\":\"https:\\\/\\\/www.cidademarketing.com.br\\\/marketing\\\/2025\\\/03\\\/31\\\/jeanflv-cresce-atendendo-pequenos-varejistas-com-frutas-legumes-e-verduras\\\/\"},\"wordCount\":661,\"commentCount\":0,\"publisher\":{\"@id\":\"https:\\\/\\\/www.cidademarketing.com.br\\\/marketing\\\/#organization\"},\"image\":{\"@id\":\"https:\\\/\\\/www.cidademarketing.com.br\\\/marketing\\\/2025\\\/03\\\/31\\\/jeanflv-cresce-atendendo-pequenos-varejistas-com-frutas-legumes-e-verduras\\\/#primaryimage\"},\"thumbnailUrl\":\"https:\\\/\\\/www.cidademarketing.com.br\\\/marketing\\\/wp-content\\\/uploads\\\/2025\\\/03\\\/jeanflv_yvy_braziliannative_frutas_verduras_legumes_varejo_.webp\",\"keywords\":[\"biodiversidade\",\"biomas\",\"distribui\u00e7\u00e3o\",\"e-commerce\",\"frutas\",\"JeanFLV\",\"legumes\",\"marketing\",\"mini mercados\",\"padarias\",\"sacol\u00e3o\",\"sa\u00fade\",\"sustentabilidade\",\"verduras\",\"YVY Native Foods\"],\"articleSection\":[\"Not\u00edcias\"],\"inLanguage\":\"pt-BR\",\"potentialAction\":[{\"@type\":\"CommentAction\",\"name\":\"Comment\",\"target\":[\"https:\\\/\\\/www.cidademarketing.com.br\\\/marketing\\\/2025\\\/03\\\/31\\\/jeanflv-cresce-atendendo-pequenos-varejistas-com-frutas-legumes-e-verduras\\\/#respond\"]}]},{\"@type\":\"WebPage\",\"@id\":\"https:\\\/\\\/www.cidademarketing.com.br\\\/marketing\\\/2025\\\/03\\\/31\\\/jeanflv-cresce-atendendo-pequenos-varejistas-com-frutas-legumes-e-verduras\\\/\",\"url\":\"https:\\\/\\\/www.cidademarketing.com.br\\\/marketing\\\/2025\\\/03\\\/31\\\/jeanflv-cresce-atendendo-pequenos-varejistas-com-frutas-legumes-e-verduras\\\/\",\"name\":\"JeanFLV cresce atendendo pequenos varejistas com frutas, legumes e verduras - CidadeMarketing\",\"isPartOf\":{\"@id\":\"https:\\\/\\\/www.cidademarketing.com.br\\\/marketing\\\/#website\"},\"primaryImageOfPage\":{\"@id\":\"https:\\\/\\\/www.cidademarketing.com.br\\\/marketing\\\/2025\\\/03\\\/31\\\/jeanflv-cresce-atendendo-pequenos-varejistas-com-frutas-legumes-e-verduras\\\/#primaryimage\"},\"image\":{\"@id\":\"https:\\\/\\\/www.cidademarketing.com.br\\\/marketing\\\/2025\\\/03\\\/31\\\/jeanflv-cresce-atendendo-pequenos-varejistas-com-frutas-legumes-e-verduras\\\/#primaryimage\"},\"thumbnailUrl\":\"https:\\\/\\\/www.cidademarketing.com.br\\\/marketing\\\/wp-content\\\/uploads\\\/2025\\\/03\\\/jeanflv_yvy_braziliannative_frutas_verduras_legumes_varejo_.webp\",\"datePublished\":\"2025-03-31T20:45:16+00:00\",\"dateModified\":\"2025-03-31T21:15:37+00:00\",\"breadcrumb\":{\"@id\":\"https:\\\/\\\/www.cidademarketing.com.br\\\/marketing\\\/2025\\\/03\\\/31\\\/jeanflv-cresce-atendendo-pequenos-varejistas-com-frutas-legumes-e-verduras\\\/#breadcrumb\"},\"inLanguage\":\"pt-BR\",\"potentialAction\":[{\"@type\":\"ReadAction\",\"target\":[\"https:\\\/\\\/www.cidademarketing.com.br\\\/marketing\\\/2025\\\/03\\\/31\\\/jeanflv-cresce-atendendo-pequenos-varejistas-com-frutas-legumes-e-verduras\\\/\"]}]},{\"@type\":\"ImageObject\",\"inLanguage\":\"pt-BR\",\"@id\":\"https:\\\/\\\/www.cidademarketing.com.br\\\/marketing\\\/2025\\\/03\\\/31\\\/jeanflv-cresce-atendendo-pequenos-varejistas-com-frutas-legumes-e-verduras\\\/#primaryimage\",\"url\":\"https:\\\/\\\/www.cidademarketing.com.br\\\/marketing\\\/wp-content\\\/uploads\\\/2025\\\/03\\\/jeanflv_yvy_braziliannative_frutas_verduras_legumes_varejo_.webp\",\"contentUrl\":\"https:\\\/\\\/www.cidademarketing.com.br\\\/marketing\\\/wp-content\\\/uploads\\\/2025\\\/03\\\/jeanflv_yvy_braziliannative_frutas_verduras_legumes_varejo_.webp\",\"width\":688,\"height\":692,\"caption\":\"O cat\u00e1logo de frutas, verduras e legumes da JeanFLV \u00e9 diversificado.\"},{\"@type\":\"BreadcrumbList\",\"@id\":\"https:\\\/\\\/www.cidademarketing.com.br\\\/marketing\\\/2025\\\/03\\\/31\\\/jeanflv-cresce-atendendo-pequenos-varejistas-com-frutas-legumes-e-verduras\\\/#breadcrumb\",\"itemListElement\":[{\"@type\":\"ListItem\",\"position\":1,\"name\":\"In\u00edcio\",\"item\":\"https:\\\/\\\/www.cidademarketing.com.br\\\/marketing\\\/\"},{\"@type\":\"ListItem\",\"position\":2,\"name\":\"JeanFLV cresce atendendo pequenos varejistas com frutas, legumes e verduras\"}]},{\"@type\":\"WebSite\",\"@id\":\"https:\\\/\\\/www.cidademarketing.com.br\\\/marketing\\\/#website\",\"url\":\"https:\\\/\\\/www.cidademarketing.com.br\\\/marketing\\\/\",\"name\":\"CidadeMarketing\",\"description\":\"Somos um ve\u00edculo de comunica\u00e7\u00e3o de destaque no Brasil, reconhecido por conte\u00fados nos segmentos de marketing, empreendedorismo e inova\u00e7\u00e3o.\",\"publisher\":{\"@id\":\"https:\\\/\\\/www.cidademarketing.com.br\\\/marketing\\\/#organization\"},\"alternateName\":\"CidadeMarketing\",\"potentialAction\":[{\"@type\":\"SearchAction\",\"target\":{\"@type\":\"EntryPoint\",\"urlTemplate\":\"https:\\\/\\\/www.cidademarketing.com.br\\\/marketing\\\/?s={search_term_string}\"},\"query-input\":{\"@type\":\"PropertyValueSpecification\",\"valueRequired\":true,\"valueName\":\"search_term_string\"}}],\"inLanguage\":\"pt-BR\"},{\"@type\":\"Organization\",\"@id\":\"https:\\\/\\\/www.cidademarketing.com.br\\\/marketing\\\/#organization\",\"name\":\"CidadeMarketing\",\"alternateName\":\"CidadeMarketing\",\"url\":\"https:\\\/\\\/www.cidademarketing.com.br\\\/marketing\\\/\",\"logo\":{\"@type\":\"ImageObject\",\"inLanguage\":\"pt-BR\",\"@id\":\"https:\\\/\\\/www.cidademarketing.com.br\\\/marketing\\\/#\\\/schema\\\/logo\\\/image\\\/\",\"url\":\"https:\\\/\\\/www.cidademarketing.com.br\\\/marketing\\\/wp-content\\\/uploads\\\/2020\\\/01\\\/cidademarketing_marca_mobile.png\",\"contentUrl\":\"https:\\\/\\\/www.cidademarketing.com.br\\\/marketing\\\/wp-content\\\/uploads\\\/2020\\\/01\\\/cidademarketing_marca_mobile.png\",\"width\":230,\"height\":92,\"caption\":\"CidadeMarketing\"},\"image\":{\"@id\":\"https:\\\/\\\/www.cidademarketing.com.br\\\/marketing\\\/#\\\/schema\\\/logo\\\/image\\\/\"},\"sameAs\":[\"https:\\\/\\\/www.facebook.com\\\/portalcidademarketing\",\"https:\\\/\\\/x.com\\\/CidadeMarketing\",\"https:\\\/\\\/www.instagram.com\\\/cidademarketing\\\/\"]},{\"@type\":\"Person\",\"@id\":\"https:\\\/\\\/www.cidademarketing.com.br\\\/marketing\\\/#\\\/schema\\\/person\\\/02daff9f18bd9378c9e01eb6b2db155f\",\"name\":\"Thales Brand\u00e3o\",\"image\":{\"@type\":\"ImageObject\",\"inLanguage\":\"pt-BR\",\"@id\":\"https:\\\/\\\/secure.gravatar.com\\\/avatar\\\/7ca3206950207cc3cb48feec56a8a7898741ab725c368d99d5d7a5a50aab80c6?s=96&d=mm&r=g\",\"url\":\"https:\\\/\\\/secure.gravatar.com\\\/avatar\\\/7ca3206950207cc3cb48feec56a8a7898741ab725c368d99d5d7a5a50aab80c6?s=96&d=mm&r=g\",\"contentUrl\":\"https:\\\/\\\/secure.gravatar.com\\\/avatar\\\/7ca3206950207cc3cb48feec56a8a7898741ab725c368d99d5d7a5a50aab80c6?s=96&d=mm&r=g\",\"caption\":\"Thales Brand\u00e3o\"},\"description\":\"Editor Executivo do Portal CidadeMarketing.com.br &gt; Mestre em Comunica\u00e7\u00e3o e Sociedade pela Universidade Federal de Sergipe. Possui MBA Executivo em Administra\u00e7\u00e3o com \u00eanfase em Marketing pela Funda\u00e7\u00e3o Get\u00falio Vargas - Rio de Janeiro. Consultor, Palestrante e Pesquisador sobre Empreendedorismo, Marketing, Redes Sociais e Neg\u00f3cios Digitais. Professor, Palestrante TedxTalks e Campus Party. Twitter: @ThalesBrandao\",\"sameAs\":[\"http:\\\/\\\/www.mandacaru.com.br\",\"https:\\\/\\\/www.facebook.com\\\/thalesbrandao\",\"http:\\\/\\\/www.instagram.com.br\\\/thalesbrandaoferreira\",\"https:\\\/\\\/www.linkedin.com\\\/in\\\/thales-brand\u00e3o-3948609\\\/\",\"https:\\\/\\\/x.com\\\/http:\\\/\\\/www.twitter.com\\\/thalesbrandao\"],\"url\":\"https:\\\/\\\/www.cidademarketing.com.br\\\/marketing\\\/author\\\/thalesbrandao\\\/\"}]}<\/script>\n<!-- \/ Yoast SEO plugin. -->","yoast_head_json":{"title":"JeanFLV cresce atendendo pequenos varejistas com frutas, legumes e verduras - CidadeMarketing","robots":{"index":"index","follow":"follow","max-snippet":"max-snippet:-1","max-image-preview":"max-image-preview:large","max-video-preview":"max-video-preview:-1"},"canonical":"https:\/\/www.cidademarketing.com.br\/marketing\/2025\/03\/31\/jeanflv-cresce-atendendo-pequenos-varejistas-com-frutas-legumes-e-verduras\/","og_locale":"pt_BR","og_type":"article","og_title":"JeanFLV cresce atendendo pequenos varejistas com frutas, legumes e verduras - CidadeMarketing","og_description":"Com ampla experi\u00eancia no mercado, a JeanFLV vem se destacando ao oferecer solu\u00e7\u00f5es log\u00edsticas e comerciais para pequenos varejistas e distribuidores de frutas, legumes e verduras frescas em todo o Brasil. A empresa se especializou em um atendimento personalizado, oferecendo a neg\u00f3cios locais maior controle sobre suas compras. Com ampla experi\u00eancia no com\u00e9rcio nacional e [&hellip;]","og_url":"https:\/\/www.cidademarketing.com.br\/marketing\/2025\/03\/31\/jeanflv-cresce-atendendo-pequenos-varejistas-com-frutas-legumes-e-verduras\/","og_site_name":"CidadeMarketing","article_publisher":"https:\/\/www.facebook.com\/portalcidademarketing","article_author":"https:\/\/www.facebook.com\/thalesbrandao","article_published_time":"2025-03-31T20:45:16+00:00","article_modified_time":"2025-03-31T21:15:37+00:00","og_image":[{"width":688,"height":692,"url":"https:\/\/www.cidademarketing.com.br\/marketing\/wp-content\/uploads\/2025\/03\/jeanflv_yvy_braziliannative_frutas_verduras_legumes_varejo_.webp","type":"image\/webp"}],"author":"Thales Brand\u00e3o","twitter_card":"summary_large_image","twitter_creator":"@http:\/\/www.twitter.com\/thalesbrandao","twitter_site":"@CidadeMarketing","twitter_misc":{"Escrito por":"Thales Brand\u00e3o","Est. tempo de leitura":"3 minutos"},"schema":{"@context":"https:\/\/schema.org","@graph":[{"@type":"Article","@id":"https:\/\/www.cidademarketing.com.br\/marketing\/2025\/03\/31\/jeanflv-cresce-atendendo-pequenos-varejistas-com-frutas-legumes-e-verduras\/#article","isPartOf":{"@id":"https:\/\/www.cidademarketing.com.br\/marketing\/2025\/03\/31\/jeanflv-cresce-atendendo-pequenos-varejistas-com-frutas-legumes-e-verduras\/"},"author":{"name":"Thales Brand\u00e3o","@id":"https:\/\/www.cidademarketing.com.br\/marketing\/#\/schema\/person\/02daff9f18bd9378c9e01eb6b2db155f"},"headline":"JeanFLV cresce atendendo pequenos varejistas com frutas, legumes e verduras","datePublished":"2025-03-31T20:45:16+00:00","dateModified":"2025-03-31T21:15:37+00:00","mainEntityOfPage":{"@id":"https:\/\/www.cidademarketing.com.br\/marketing\/2025\/03\/31\/jeanflv-cresce-atendendo-pequenos-varejistas-com-frutas-legumes-e-verduras\/"},"wordCount":661,"commentCount":0,"publisher":{"@id":"https:\/\/www.cidademarketing.com.br\/marketing\/#organization"},"image":{"@id":"https:\/\/www.cidademarketing.com.br\/marketing\/2025\/03\/31\/jeanflv-cresce-atendendo-pequenos-varejistas-com-frutas-legumes-e-verduras\/#primaryimage"},"thumbnailUrl":"https:\/\/www.cidademarketing.com.br\/marketing\/wp-content\/uploads\/2025\/03\/jeanflv_yvy_braziliannative_frutas_verduras_legumes_varejo_.webp","keywords":["biodiversidade","biomas","distribui\u00e7\u00e3o","e-commerce","frutas","JeanFLV","legumes","marketing","mini mercados","padarias","sacol\u00e3o","sa\u00fade","sustentabilidade","verduras","YVY Native Foods"],"articleSection":["Not\u00edcias"],"inLanguage":"pt-BR","potentialAction":[{"@type":"CommentAction","name":"Comment","target":["https:\/\/www.cidademarketing.com.br\/marketing\/2025\/03\/31\/jeanflv-cresce-atendendo-pequenos-varejistas-com-frutas-legumes-e-verduras\/#respond"]}]},{"@type":"WebPage","@id":"https:\/\/www.cidademarketing.com.br\/marketing\/2025\/03\/31\/jeanflv-cresce-atendendo-pequenos-varejistas-com-frutas-legumes-e-verduras\/","url":"https:\/\/www.cidademarketing.com.br\/marketing\/2025\/03\/31\/jeanflv-cresce-atendendo-pequenos-varejistas-com-frutas-legumes-e-verduras\/","name":"JeanFLV cresce atendendo pequenos varejistas com frutas, legumes e verduras - CidadeMarketing","isPartOf":{"@id":"https:\/\/www.cidademarketing.com.br\/marketing\/#website"},"primaryImageOfPage":{"@id":"https:\/\/www.cidademarketing.com.br\/marketing\/2025\/03\/31\/jeanflv-cresce-atendendo-pequenos-varejistas-com-frutas-legumes-e-verduras\/#primaryimage"},"image":{"@id":"https:\/\/www.cidademarketing.com.br\/marketing\/2025\/03\/31\/jeanflv-cresce-atendendo-pequenos-varejistas-com-frutas-legumes-e-verduras\/#primaryimage"},"thumbnailUrl":"https:\/\/www.cidademarketing.com.br\/marketing\/wp-content\/uploads\/2025\/03\/jeanflv_yvy_braziliannative_frutas_verduras_legumes_varejo_.webp","datePublished":"2025-03-31T20:45:16+00:00","dateModified":"2025-03-31T21:15:37+00:00","breadcrumb":{"@id":"https:\/\/www.cidademarketing.com.br\/marketing\/2025\/03\/31\/jeanflv-cresce-atendendo-pequenos-varejistas-com-frutas-legumes-e-verduras\/#breadcrumb"},"inLanguage":"pt-BR","potentialAction":[{"@type":"ReadAction","target":["https:\/\/www.cidademarketing.com.br\/marketing\/2025\/03\/31\/jeanflv-cresce-atendendo-pequenos-varejistas-com-frutas-legumes-e-verduras\/"]}]},{"@type":"ImageObject","inLanguage":"pt-BR","@id":"https:\/\/www.cidademarketing.com.br\/marketing\/2025\/03\/31\/jeanflv-cresce-atendendo-pequenos-varejistas-com-frutas-legumes-e-verduras\/#primaryimage","url":"https:\/\/www.cidademarketing.com.br\/marketing\/wp-content\/uploads\/2025\/03\/jeanflv_yvy_braziliannative_frutas_verduras_legumes_varejo_.webp","contentUrl":"https:\/\/www.cidademarketing.com.br\/marketing\/wp-content\/uploads\/2025\/03\/jeanflv_yvy_braziliannative_frutas_verduras_legumes_varejo_.webp","width":688,"height":692,"caption":"O cat\u00e1logo de frutas, verduras e legumes da JeanFLV \u00e9 diversificado."},{"@type":"BreadcrumbList","@id":"https:\/\/www.cidademarketing.com.br\/marketing\/2025\/03\/31\/jeanflv-cresce-atendendo-pequenos-varejistas-com-frutas-legumes-e-verduras\/#breadcrumb","itemListElement":[{"@type":"ListItem","position":1,"name":"In\u00edcio","item":"https:\/\/www.cidademarketing.com.br\/marketing\/"},{"@type":"ListItem","position":2,"name":"JeanFLV cresce atendendo pequenos varejistas com frutas, legumes e verduras"}]},{"@type":"WebSite","@id":"https:\/\/www.cidademarketing.com.br\/marketing\/#website","url":"https:\/\/www.cidademarketing.com.br\/marketing\/","name":"CidadeMarketing","description":"Somos um ve\u00edculo de comunica\u00e7\u00e3o de destaque no Brasil, reconhecido por conte\u00fados nos segmentos de marketing, empreendedorismo e inova\u00e7\u00e3o.","publisher":{"@id":"https:\/\/www.cidademarketing.com.br\/marketing\/#organization"},"alternateName":"CidadeMarketing","potentialAction":[{"@type":"SearchAction","target":{"@type":"EntryPoint","urlTemplate":"https:\/\/www.cidademarketing.com.br\/marketing\/?s={search_term_string}"},"query-input":{"@type":"PropertyValueSpecification","valueRequired":true,"valueName":"search_term_string"}}],"inLanguage":"pt-BR"},{"@type":"Organization","@id":"https:\/\/www.cidademarketing.com.br\/marketing\/#organization","name":"CidadeMarketing","alternateName":"CidadeMarketing","url":"https:\/\/www.cidademarketing.com.br\/marketing\/","logo":{"@type":"ImageObject","inLanguage":"pt-BR","@id":"https:\/\/www.cidademarketing.com.br\/marketing\/#\/schema\/logo\/image\/","url":"https:\/\/www.cidademarketing.com.br\/marketing\/wp-content\/uploads\/2020\/01\/cidademarketing_marca_mobile.png","contentUrl":"https:\/\/www.cidademarketing.com.br\/marketing\/wp-content\/uploads\/2020\/01\/cidademarketing_marca_mobile.png","width":230,"height":92,"caption":"CidadeMarketing"},"image":{"@id":"https:\/\/www.cidademarketing.com.br\/marketing\/#\/schema\/logo\/image\/"},"sameAs":["https:\/\/www.facebook.com\/portalcidademarketing","https:\/\/x.com\/CidadeMarketing","https:\/\/www.instagram.com\/cidademarketing\/"]},{"@type":"Person","@id":"https:\/\/www.cidademarketing.com.br\/marketing\/#\/schema\/person\/02daff9f18bd9378c9e01eb6b2db155f","name":"Thales Brand\u00e3o","image":{"@type":"ImageObject","inLanguage":"pt-BR","@id":"https:\/\/secure.gravatar.com\/avatar\/7ca3206950207cc3cb48feec56a8a7898741ab725c368d99d5d7a5a50aab80c6?s=96&d=mm&r=g","url":"https:\/\/secure.gravatar.com\/avatar\/7ca3206950207cc3cb48feec56a8a7898741ab725c368d99d5d7a5a50aab80c6?s=96&d=mm&r=g","contentUrl":"https:\/\/secure.gravatar.com\/avatar\/7ca3206950207cc3cb48feec56a8a7898741ab725c368d99d5d7a5a50aab80c6?s=96&d=mm&r=g","caption":"Thales Brand\u00e3o"},"description":"Editor Executivo do Portal CidadeMarketing.com.br &gt; Mestre em Comunica\u00e7\u00e3o e Sociedade pela Universidade Federal de Sergipe. Possui MBA Executivo em Administra\u00e7\u00e3o com \u00eanfase em Marketing pela Funda\u00e7\u00e3o Get\u00falio Vargas - Rio de Janeiro. Consultor, Palestrante e Pesquisador sobre Empreendedorismo, Marketing, Redes Sociais e Neg\u00f3cios Digitais. Professor, Palestrante TedxTalks e Campus Party. Twitter: @ThalesBrandao","sameAs":["http:\/\/www.mandacaru.com.br","https:\/\/www.facebook.com\/thalesbrandao","http:\/\/www.instagram.com.br\/thalesbrandaoferreira","https:\/\/www.linkedin.com\/in\/thales-brand\u00e3o-3948609\/","https:\/\/x.com\/http:\/\/www.twitter.com\/thalesbrandao"],"url":"https:\/\/www.cidademarketing.com.br\/marketing\/author\/thalesbrandao\/"}]}},"amp_enabled":true,"_links":{"self":[{"href":"https:\/\/www.cidademarketing.com.br\/marketing\/wp-json\/wp\/v2\/posts\/55702","targetHints":{"allow":["GET"]}}],"collection":[{"href":"https:\/\/www.cidademarketing.com.br\/marketing\/wp-json\/wp\/v2\/posts"}],"about":[{"href":"https:\/\/www.cidademarketing.com.br\/marketing\/wp-json\/wp\/v2\/types\/post"}],"author":[{"embeddable":true,"href":"https:\/\/www.cidademarketing.com.br\/marketing\/wp-json\/wp\/v2\/users\/1"}],"replies":[{"embeddable":true,"href":"https:\/\/www.cidademarketing.com.br\/marketing\/wp-json\/wp\/v2\/comments?post=55702"}],"version-history":[{"count":2,"href":"https:\/\/www.cidademarketing.com.br\/marketing\/wp-json\/wp\/v2\/posts\/55702\/revisions"}],"predecessor-version":[{"id":55722,"href":"https:\/\/www.cidademarketing.com.br\/marketing\/wp-json\/wp\/v2\/posts\/55702\/revisions\/55722"}],"wp:featuredmedia":[{"embeddable":true,"href":"https:\/\/www.cidademarketing.com.br\/marketing\/wp-json\/wp\/v2\/media\/55704"}],"wp:attachment":[{"href":"https:\/\/www.cidademarketing.com.br\/marketing\/wp-json\/wp\/v2\/media?parent=55702"}],"wp:term":[{"taxonomy":"category","embeddable":true,"href":"https:\/\/www.cidademarketing.com.br\/marketing\/wp-json\/wp\/v2\/categories?post=55702"},{"taxonomy":"post_tag","embeddable":true,"href":"https:\/\/www.cidademarketing.com.br\/marketing\/wp-json\/wp\/v2\/tags?post=55702"}],"curies":[{"name":"wp","href":"https:\/\/api.w.org\/{rel}","templated":true}]}}