{"id":55414,"date":"2025-03-12T14:59:46","date_gmt":"2025-03-12T17:59:46","guid":{"rendered":"https:\/\/www.cidademarketing.com.br\/marketing\/?p=55414"},"modified":"2025-03-12T14:59:46","modified_gmt":"2025-03-12T17:59:46","slug":"jardim-em-miniatura-lanca-colecao-de-terrarios-e-mini-jardins-em-homenagem-a-sao-jose","status":"publish","type":"post","link":"https:\/\/www.cidademarketing.com.br\/marketing\/2025\/03\/12\/jardim-em-miniatura-lanca-colecao-de-terrarios-e-mini-jardins-em-homenagem-a-sao-jose\/","title":{"rendered":"Jardim em Miniatura lan\u00e7a cole\u00e7\u00e3o de terr\u00e1rios e mini jardins em homenagem a S\u00e3o Jos\u00e9"},"content":{"rendered":"<p>O Jardim em Miniatura traz uma cole\u00e7\u00e3o especial de terr\u00e1rios e mini jardins inspirados na devo\u00e7\u00e3o a S\u00e3o Jos\u00e9, patrono da Igreja e s\u00edmbolo de prote\u00e7\u00e3o e f\u00e9. As pe\u00e7as, cuidadosamente elaboradas, oferecem uma forma delicada e significativa de decorar ambientes religiosos ou presentear aqueles que encontram conforto na intercess\u00e3o do santo.<\/p>\n<p>A solenidade de S\u00e3o Jos\u00e9, celebrada no dia 19 de mar\u00e7o, \u00e9 uma das datas mais importantes do calend\u00e1rio cat\u00f3lico. Segundo a tradi\u00e7\u00e3o, S\u00e3o Jos\u00e9 \u00e9 lembrado por sua dedica\u00e7\u00e3o \u00e0 Sagrada Fam\u00edlia e por representar valores como trabalho, humildade e sil\u00eancio \u2014 caracter\u00edsticas que tamb\u00e9m marcam o per\u00edodo da Quaresma, momento de recolhimento e reflex\u00e3o que antecede a P\u00e1scoa.<\/p>\n<p>Os terr\u00e1rios, montados em elegantes recipientes de vidro, e os mini jardins, dispostos em cumbucas de barro r\u00fastico com mini plantas coloridas, trazem S\u00e3o Jos\u00e9 como destaque principal. Al\u00e9m da beleza est\u00e9tica, essas composi\u00e7\u00f5es naturais carregam um forte apelo espiritual, tornando-se um presente repleto de simbolismo e afeto.<\/p>\n<p>Para tornar cada pe\u00e7a ainda mais especial, o Jardim em Miniatura permite a personaliza\u00e7\u00e3o com mensagens e delicadas plaquinhas, agregando um toque \u00fanico e exclusivo a cada cria\u00e7\u00e3o.<\/p>\n<p><img fetchpriority=\"high\" decoding=\"async\" class=\"alignnone wp-image-55416 size-full\" src=\"https:\/\/www.cidademarketing.com.br\/marketing\/wp-content\/uploads\/2025\/03\/terrario_fatima.webp\" alt=\"\" width=\"656\" height=\"693\" srcset=\"https:\/\/www.cidademarketing.com.br\/marketing\/wp-content\/uploads\/2025\/03\/terrario_fatima.webp 656w, https:\/\/www.cidademarketing.com.br\/marketing\/wp-content\/uploads\/2025\/03\/terrario_fatima-284x300.webp 284w, https:\/\/www.cidademarketing.com.br\/marketing\/wp-content\/uploads\/2025\/03\/terrario_fatima-398x420.webp 398w, https:\/\/www.cidademarketing.com.br\/marketing\/wp-content\/uploads\/2025\/03\/terrario_fatima-640x676.webp 640w\" sizes=\"(max-width: 656px) 100vw, 656px\" \/><\/p>\n<p>Com um portf\u00f3lio diversificado, a marca tamb\u00e9m oferece mini jardins e terr\u00e1rios dedicados a outros santos de grande devo\u00e7\u00e3o, como Nossa Senhora Aparecida, Nossa Senhora de F\u00e1tima, Santo Ant\u00f4nio, Santa Luzia, Nossa Senhora de Guadalupe e a Sagrada Fam\u00edlia.<\/p>\n<blockquote class=\"instagram-media\" style=\"background: #FFF; border: 0; border-radius: 3px; box-shadow: 0 0 1px 0 rgba(0,0,0,0.5),0 1px 10px 0 rgba(0,0,0,0.15); margin: 1px; max-width: 540px; min-width: 326px; padding: 0; width: calc(100% - 2px);\" data-instgrm-captioned=\"\" data-instgrm-permalink=\"https:\/\/www.instagram.com\/reel\/DHG2rtQO6Bj\/?utm_source=ig_embed&amp;utm_campaign=loading\" data-instgrm-version=\"14\">\n<div style=\"padding: 16px;\">\n<p>&nbsp;<\/p>\n<div style=\"display: flex; flex-direction: row; align-items: center;\">\n<div style=\"background-color: #f4f4f4; border-radius: 50%; flex-grow: 0; height: 40px; margin-right: 14px; width: 40px;\"><\/div>\n<div style=\"display: flex; flex-direction: column; flex-grow: 1; justify-content: center;\">\n<div style=\"background-color: #f4f4f4; border-radius: 4px; flex-grow: 0; height: 14px; margin-bottom: 6px; width: 100px;\"><\/div>\n<div style=\"background-color: #f4f4f4; border-radius: 4px; flex-grow: 0; height: 14px; width: 60px;\"><\/div>\n<\/div>\n<\/div>\n<div style=\"padding: 19% 0;\"><\/div>\n<div style=\"display: block; height: 50px; margin: 0 auto 12px; width: 50px;\"><\/div>\n<div style=\"padding-top: 8px;\">\n<div style=\"color: #3897f0; font-family: Arial,sans-serif; font-size: 14px; font-style: normal; font-weight: 550; line-height: 18px;\">Ver essa foto no Instagram<\/div>\n<\/div>\n<div style=\"padding: 12.5% 0;\"><\/div>\n<div style=\"display: flex; flex-direction: row; margin-bottom: 14px; align-items: center;\">\n<div>\n<div style=\"background-color: #f4f4f4; border-radius: 50%; height: 12.5px; width: 12.5px; transform: translateX(0px) translateY(7px);\"><\/div>\n<div style=\"background-color: #f4f4f4; height: 12.5px; transform: rotate(-45deg) translateX(3px) translateY(1px); width: 12.5px; flex-grow: 0; margin-right: 14px; margin-left: 2px;\"><\/div>\n<div style=\"background-color: #f4f4f4; border-radius: 50%; height: 12.5px; width: 12.5px; transform: translateX(9px) translateY(-18px);\"><\/div>\n<\/div>\n<div style=\"margin-left: 8px;\">\n<div style=\"background-color: #f4f4f4; border-radius: 50%; flex-grow: 0; height: 20px; width: 20px;\"><\/div>\n<div style=\"width: 0; height: 0; border-top: 2px solid transparent; border-left: 6px solid #f4f4f4; border-bottom: 2px solid transparent; transform: translateX(16px) translateY(-4px) rotate(30deg);\"><\/div>\n<\/div>\n<div style=\"margin-left: auto;\">\n<div style=\"width: 0px; border-top: 8px solid #F4F4F4; border-right: 8px solid transparent; transform: translateY(16px);\"><\/div>\n<div style=\"background-color: #f4f4f4; flex-grow: 0; height: 12px; width: 16px; transform: translateY(-4px);\"><\/div>\n<div style=\"width: 0; height: 0; border-top: 8px solid #F4F4F4; border-left: 8px solid transparent; transform: translateY(-4px) translateX(8px);\"><\/div>\n<\/div>\n<\/div>\n<div style=\"display: flex; flex-direction: column; flex-grow: 1; justify-content: center; margin-bottom: 24px;\">\n<div style=\"background-color: #f4f4f4; border-radius: 4px; flex-grow: 0; height: 14px; margin-bottom: 6px; width: 224px;\"><\/div>\n<div style=\"background-color: #f4f4f4; border-radius: 4px; flex-grow: 0; height: 14px; width: 144px;\"><\/div>\n<\/div>\n<p>&nbsp;<\/p>\n<p style=\"color: #c9c8cd; font-family: Arial,sans-serif; font-size: 14px; line-height: 17px; margin-bottom: 0; margin-top: 8px; overflow: hidden; padding: 8px 0 7px; text-align: center; text-overflow: ellipsis; white-space: nowrap;\"><a style=\"color: #c9c8cd; font-family: Arial,sans-serif; font-size: 14px; font-style: normal; font-weight: normal; line-height: 17px; text-decoration: none;\" href=\"https:\/\/www.instagram.com\/reel\/DHG2rtQO6Bj\/?utm_source=ig_embed&amp;utm_campaign=loading\" target=\"_blank\" rel=\"noopener\">Uma publica\u00e7\u00e3o compartilhada por Jardim em Miniatura (@jardimemminiatura)<\/a><\/p>\n<\/div>\n<\/blockquote>\n<p><script async src=\"\/\/www.instagram.com\/embed.js\"><\/script><\/p>\n<p>A entrega \u00e9 gratuita para Aracaju, e as pe\u00e7as podem ser enviadas para Salvador por meio de um parceiro log\u00edstico. O <a href=\"https:\/\/www.instagram.com\/jardimemminiatura\/\" target=\"_blank\" rel=\"noopener\">cat\u00e1logo de 2025<\/a> j\u00e1 est\u00e1 dispon\u00edvel, apresentando novidades e modelos exclusivos que unem natureza, f\u00e9 e delicadeza.<br \/>\nO Jardim em Miniatura se destaca pela avalia\u00e7\u00e3o m\u00e1xima de 5.0 no Google, refletindo a satisfa\u00e7\u00e3o e confian\u00e7a de seus clientes. Esse reconhecimento evidencia o cuidado minucioso na produ\u00e7\u00e3o de terr\u00e1rios e mini jardins, al\u00e9m da excel\u00eancia no atendimento, tanto no processo de compra quanto no p\u00f3s-venda, garantindo uma experi\u00eancia \u00fanica e personalizada.<\/p>\n","protected":false},"excerpt":{"rendered":"<p>O Jardim em Miniatura traz uma cole\u00e7\u00e3o especial de terr\u00e1rios e mini jardins inspirados na devo\u00e7\u00e3o a S\u00e3o Jos\u00e9, patrono da Igreja e s\u00edmbolo de prote\u00e7\u00e3o e f\u00e9. As pe\u00e7as, cuidadosamente elaboradas, oferecem uma forma delicada e significativa de decorar ambientes religiosos ou presentear aqueles que encontram conforto na intercess\u00e3o do santo. A solenidade de [&hellip;]<\/p>\n","protected":false},"author":1,"featured_media":55415,"comment_status":"open","ping_status":"open","sticky":false,"template":"","format":"standard","meta":{"tdm_status":"","tdm_grid_status":"","footnotes":""},"categories":[6],"tags":[8916,3782,8913,33,8914,5920,6779,5971,572,8915,5921],"class_list":["post-55414","post","type-post","status-publish","format-standard","has-post-thumbnail","hentry","category-noticias","tag-aparecida","tag-aracaju","tag-catolico","tag-estrategia","tag-fatima","tag-jardim-em-miniatura","tag-mini-jardim","tag-plantas","tag-salvador","tag-sao-jose","tag-terrario"],"yoast_head":"<!-- This site is optimized with the Yoast SEO plugin v27.4 - https:\/\/yoast.com\/product\/yoast-seo-wordpress\/ -->\n<title>Jardim em Miniatura lan\u00e7a cole\u00e7\u00e3o de terr\u00e1rios e mini jardins em homenagem a S\u00e3o Jos\u00e9 - CidadeMarketing<\/title>\n<meta name=\"robots\" content=\"index, follow, max-snippet:-1, max-image-preview:large, max-video-preview:-1\" \/>\n<link rel=\"canonical\" href=\"https:\/\/www.cidademarketing.com.br\/marketing\/2025\/03\/12\/jardim-em-miniatura-lanca-colecao-de-terrarios-e-mini-jardins-em-homenagem-a-sao-jose\/\" \/>\n<meta property=\"og:locale\" content=\"pt_BR\" \/>\n<meta property=\"og:type\" content=\"article\" \/>\n<meta property=\"og:title\" content=\"Jardim em Miniatura lan\u00e7a cole\u00e7\u00e3o de terr\u00e1rios e mini jardins em homenagem a S\u00e3o Jos\u00e9 - CidadeMarketing\" \/>\n<meta property=\"og:description\" content=\"O Jardim em Miniatura traz uma cole\u00e7\u00e3o especial de terr\u00e1rios e mini jardins inspirados na devo\u00e7\u00e3o a S\u00e3o Jos\u00e9, patrono da Igreja e s\u00edmbolo de prote\u00e7\u00e3o e f\u00e9. As pe\u00e7as, cuidadosamente elaboradas, oferecem uma forma delicada e significativa de decorar ambientes religiosos ou presentear aqueles que encontram conforto na intercess\u00e3o do santo. A solenidade de [&hellip;]\" \/>\n<meta property=\"og:url\" content=\"https:\/\/www.cidademarketing.com.br\/marketing\/2025\/03\/12\/jardim-em-miniatura-lanca-colecao-de-terrarios-e-mini-jardins-em-homenagem-a-sao-jose\/\" \/>\n<meta property=\"og:site_name\" content=\"CidadeMarketing\" \/>\n<meta property=\"article:publisher\" content=\"https:\/\/www.facebook.com\/portalcidademarketing\" \/>\n<meta property=\"article:author\" content=\"https:\/\/www.facebook.com\/thalesbrandao\" \/>\n<meta property=\"article:published_time\" content=\"2025-03-12T17:59:46+00:00\" \/>\n<meta property=\"og:image\" content=\"https:\/\/www.cidademarketing.com.br\/marketing\/wp-content\/uploads\/2025\/03\/saojose_terrario_minijardim.webp\" \/>\n\t<meta property=\"og:image:width\" content=\"1326\" \/>\n\t<meta property=\"og:image:height\" content=\"887\" \/>\n\t<meta property=\"og:image:type\" content=\"image\/webp\" \/>\n<meta name=\"author\" content=\"Thales Brand\u00e3o\" \/>\n<meta name=\"twitter:card\" content=\"summary_large_image\" \/>\n<meta name=\"twitter:creator\" content=\"@http:\/\/www.twitter.com\/thalesbrandao\" \/>\n<meta name=\"twitter:site\" content=\"@CidadeMarketing\" \/>\n<meta name=\"twitter:label1\" content=\"Escrito por\" \/>\n\t<meta name=\"twitter:data1\" content=\"Thales Brand\u00e3o\" \/>\n\t<meta name=\"twitter:label2\" content=\"Est. tempo de leitura\" \/>\n\t<meta name=\"twitter:data2\" content=\"2 minutos\" \/>\n<script type=\"application\/ld+json\" class=\"yoast-schema-graph\">{\"@context\":\"https:\\\/\\\/schema.org\",\"@graph\":[{\"@type\":\"Article\",\"@id\":\"https:\\\/\\\/www.cidademarketing.com.br\\\/marketing\\\/2025\\\/03\\\/12\\\/jardim-em-miniatura-lanca-colecao-de-terrarios-e-mini-jardins-em-homenagem-a-sao-jose\\\/#article\",\"isPartOf\":{\"@id\":\"https:\\\/\\\/www.cidademarketing.com.br\\\/marketing\\\/2025\\\/03\\\/12\\\/jardim-em-miniatura-lanca-colecao-de-terrarios-e-mini-jardins-em-homenagem-a-sao-jose\\\/\"},\"author\":{\"name\":\"Thales Brand\u00e3o\",\"@id\":\"https:\\\/\\\/www.cidademarketing.com.br\\\/marketing\\\/#\\\/schema\\\/person\\\/02daff9f18bd9378c9e01eb6b2db155f\"},\"headline\":\"Jardim em Miniatura lan\u00e7a cole\u00e7\u00e3o de terr\u00e1rios e mini jardins em homenagem a S\u00e3o Jos\u00e9\",\"datePublished\":\"2025-03-12T17:59:46+00:00\",\"mainEntityOfPage\":{\"@id\":\"https:\\\/\\\/www.cidademarketing.com.br\\\/marketing\\\/2025\\\/03\\\/12\\\/jardim-em-miniatura-lanca-colecao-de-terrarios-e-mini-jardins-em-homenagem-a-sao-jose\\\/\"},\"wordCount\":397,\"commentCount\":0,\"publisher\":{\"@id\":\"https:\\\/\\\/www.cidademarketing.com.br\\\/marketing\\\/#organization\"},\"image\":{\"@id\":\"https:\\\/\\\/www.cidademarketing.com.br\\\/marketing\\\/2025\\\/03\\\/12\\\/jardim-em-miniatura-lanca-colecao-de-terrarios-e-mini-jardins-em-homenagem-a-sao-jose\\\/#primaryimage\"},\"thumbnailUrl\":\"https:\\\/\\\/www.cidademarketing.com.br\\\/marketing\\\/wp-content\\\/uploads\\\/2025\\\/03\\\/saojose_terrario_minijardim.webp\",\"keywords\":[\"Aparecida\",\"Aracaju\",\"cat\u00f3lico\",\"estrat\u00e9gia\",\"F\u00e1tima\",\"Jardim em Miniatura\",\"mini jardim\",\"plantas\",\"Salvador\",\"S\u00e3o Jos\u00e9\",\"terr\u00e1rio\"],\"articleSection\":[\"Not\u00edcias\"],\"inLanguage\":\"pt-BR\",\"potentialAction\":[{\"@type\":\"CommentAction\",\"name\":\"Comment\",\"target\":[\"https:\\\/\\\/www.cidademarketing.com.br\\\/marketing\\\/2025\\\/03\\\/12\\\/jardim-em-miniatura-lanca-colecao-de-terrarios-e-mini-jardins-em-homenagem-a-sao-jose\\\/#respond\"]}]},{\"@type\":\"WebPage\",\"@id\":\"https:\\\/\\\/www.cidademarketing.com.br\\\/marketing\\\/2025\\\/03\\\/12\\\/jardim-em-miniatura-lanca-colecao-de-terrarios-e-mini-jardins-em-homenagem-a-sao-jose\\\/\",\"url\":\"https:\\\/\\\/www.cidademarketing.com.br\\\/marketing\\\/2025\\\/03\\\/12\\\/jardim-em-miniatura-lanca-colecao-de-terrarios-e-mini-jardins-em-homenagem-a-sao-jose\\\/\",\"name\":\"Jardim em Miniatura lan\u00e7a cole\u00e7\u00e3o de terr\u00e1rios e mini jardins em homenagem a S\u00e3o Jos\u00e9 - CidadeMarketing\",\"isPartOf\":{\"@id\":\"https:\\\/\\\/www.cidademarketing.com.br\\\/marketing\\\/#website\"},\"primaryImageOfPage\":{\"@id\":\"https:\\\/\\\/www.cidademarketing.com.br\\\/marketing\\\/2025\\\/03\\\/12\\\/jardim-em-miniatura-lanca-colecao-de-terrarios-e-mini-jardins-em-homenagem-a-sao-jose\\\/#primaryimage\"},\"image\":{\"@id\":\"https:\\\/\\\/www.cidademarketing.com.br\\\/marketing\\\/2025\\\/03\\\/12\\\/jardim-em-miniatura-lanca-colecao-de-terrarios-e-mini-jardins-em-homenagem-a-sao-jose\\\/#primaryimage\"},\"thumbnailUrl\":\"https:\\\/\\\/www.cidademarketing.com.br\\\/marketing\\\/wp-content\\\/uploads\\\/2025\\\/03\\\/saojose_terrario_minijardim.webp\",\"datePublished\":\"2025-03-12T17:59:46+00:00\",\"breadcrumb\":{\"@id\":\"https:\\\/\\\/www.cidademarketing.com.br\\\/marketing\\\/2025\\\/03\\\/12\\\/jardim-em-miniatura-lanca-colecao-de-terrarios-e-mini-jardins-em-homenagem-a-sao-jose\\\/#breadcrumb\"},\"inLanguage\":\"pt-BR\",\"potentialAction\":[{\"@type\":\"ReadAction\",\"target\":[\"https:\\\/\\\/www.cidademarketing.com.br\\\/marketing\\\/2025\\\/03\\\/12\\\/jardim-em-miniatura-lanca-colecao-de-terrarios-e-mini-jardins-em-homenagem-a-sao-jose\\\/\"]}]},{\"@type\":\"ImageObject\",\"inLanguage\":\"pt-BR\",\"@id\":\"https:\\\/\\\/www.cidademarketing.com.br\\\/marketing\\\/2025\\\/03\\\/12\\\/jardim-em-miniatura-lanca-colecao-de-terrarios-e-mini-jardins-em-homenagem-a-sao-jose\\\/#primaryimage\",\"url\":\"https:\\\/\\\/www.cidademarketing.com.br\\\/marketing\\\/wp-content\\\/uploads\\\/2025\\\/03\\\/saojose_terrario_minijardim.webp\",\"contentUrl\":\"https:\\\/\\\/www.cidademarketing.com.br\\\/marketing\\\/wp-content\\\/uploads\\\/2025\\\/03\\\/saojose_terrario_minijardim.webp\",\"width\":1326,\"height\":887},{\"@type\":\"BreadcrumbList\",\"@id\":\"https:\\\/\\\/www.cidademarketing.com.br\\\/marketing\\\/2025\\\/03\\\/12\\\/jardim-em-miniatura-lanca-colecao-de-terrarios-e-mini-jardins-em-homenagem-a-sao-jose\\\/#breadcrumb\",\"itemListElement\":[{\"@type\":\"ListItem\",\"position\":1,\"name\":\"In\u00edcio\",\"item\":\"https:\\\/\\\/www.cidademarketing.com.br\\\/marketing\\\/\"},{\"@type\":\"ListItem\",\"position\":2,\"name\":\"Jardim em Miniatura lan\u00e7a cole\u00e7\u00e3o de terr\u00e1rios e mini jardins em homenagem a S\u00e3o Jos\u00e9\"}]},{\"@type\":\"WebSite\",\"@id\":\"https:\\\/\\\/www.cidademarketing.com.br\\\/marketing\\\/#website\",\"url\":\"https:\\\/\\\/www.cidademarketing.com.br\\\/marketing\\\/\",\"name\":\"CidadeMarketing\",\"description\":\"Somos um ve\u00edculo de comunica\u00e7\u00e3o de destaque no Brasil, reconhecido por conte\u00fados nos segmentos de marketing, empreendedorismo e inova\u00e7\u00e3o.\",\"publisher\":{\"@id\":\"https:\\\/\\\/www.cidademarketing.com.br\\\/marketing\\\/#organization\"},\"alternateName\":\"CidadeMarketing\",\"potentialAction\":[{\"@type\":\"SearchAction\",\"target\":{\"@type\":\"EntryPoint\",\"urlTemplate\":\"https:\\\/\\\/www.cidademarketing.com.br\\\/marketing\\\/?s={search_term_string}\"},\"query-input\":{\"@type\":\"PropertyValueSpecification\",\"valueRequired\":true,\"valueName\":\"search_term_string\"}}],\"inLanguage\":\"pt-BR\"},{\"@type\":\"Organization\",\"@id\":\"https:\\\/\\\/www.cidademarketing.com.br\\\/marketing\\\/#organization\",\"name\":\"CidadeMarketing\",\"alternateName\":\"CidadeMarketing\",\"url\":\"https:\\\/\\\/www.cidademarketing.com.br\\\/marketing\\\/\",\"logo\":{\"@type\":\"ImageObject\",\"inLanguage\":\"pt-BR\",\"@id\":\"https:\\\/\\\/www.cidademarketing.com.br\\\/marketing\\\/#\\\/schema\\\/logo\\\/image\\\/\",\"url\":\"https:\\\/\\\/www.cidademarketing.com.br\\\/marketing\\\/wp-content\\\/uploads\\\/2020\\\/01\\\/cidademarketing_marca_mobile.png\",\"contentUrl\":\"https:\\\/\\\/www.cidademarketing.com.br\\\/marketing\\\/wp-content\\\/uploads\\\/2020\\\/01\\\/cidademarketing_marca_mobile.png\",\"width\":230,\"height\":92,\"caption\":\"CidadeMarketing\"},\"image\":{\"@id\":\"https:\\\/\\\/www.cidademarketing.com.br\\\/marketing\\\/#\\\/schema\\\/logo\\\/image\\\/\"},\"sameAs\":[\"https:\\\/\\\/www.facebook.com\\\/portalcidademarketing\",\"https:\\\/\\\/x.com\\\/CidadeMarketing\",\"https:\\\/\\\/www.instagram.com\\\/cidademarketing\\\/\"]},{\"@type\":\"Person\",\"@id\":\"https:\\\/\\\/www.cidademarketing.com.br\\\/marketing\\\/#\\\/schema\\\/person\\\/02daff9f18bd9378c9e01eb6b2db155f\",\"name\":\"Thales Brand\u00e3o\",\"image\":{\"@type\":\"ImageObject\",\"inLanguage\":\"pt-BR\",\"@id\":\"https:\\\/\\\/secure.gravatar.com\\\/avatar\\\/7ca3206950207cc3cb48feec56a8a7898741ab725c368d99d5d7a5a50aab80c6?s=96&d=mm&r=g\",\"url\":\"https:\\\/\\\/secure.gravatar.com\\\/avatar\\\/7ca3206950207cc3cb48feec56a8a7898741ab725c368d99d5d7a5a50aab80c6?s=96&d=mm&r=g\",\"contentUrl\":\"https:\\\/\\\/secure.gravatar.com\\\/avatar\\\/7ca3206950207cc3cb48feec56a8a7898741ab725c368d99d5d7a5a50aab80c6?s=96&d=mm&r=g\",\"caption\":\"Thales Brand\u00e3o\"},\"description\":\"Editor Executivo do Portal CidadeMarketing.com.br &gt; Mestre em Comunica\u00e7\u00e3o e Sociedade pela Universidade Federal de Sergipe. Possui MBA Executivo em Administra\u00e7\u00e3o com \u00eanfase em Marketing pela Funda\u00e7\u00e3o Get\u00falio Vargas - Rio de Janeiro. Consultor, Palestrante e Pesquisador sobre Empreendedorismo, Marketing, Redes Sociais e Neg\u00f3cios Digitais. Professor, Palestrante TedxTalks e Campus Party. Twitter: @ThalesBrandao\",\"sameAs\":[\"http:\\\/\\\/www.mandacaru.com.br\",\"https:\\\/\\\/www.facebook.com\\\/thalesbrandao\",\"http:\\\/\\\/www.instagram.com.br\\\/thalesbrandaoferreira\",\"https:\\\/\\\/www.linkedin.com\\\/in\\\/thales-brand\u00e3o-3948609\\\/\",\"https:\\\/\\\/x.com\\\/http:\\\/\\\/www.twitter.com\\\/thalesbrandao\"],\"url\":\"https:\\\/\\\/www.cidademarketing.com.br\\\/marketing\\\/author\\\/thalesbrandao\\\/\"}]}<\/script>\n<!-- \/ Yoast SEO plugin. -->","yoast_head_json":{"title":"Jardim em Miniatura lan\u00e7a cole\u00e7\u00e3o de terr\u00e1rios e mini jardins em homenagem a S\u00e3o Jos\u00e9 - CidadeMarketing","robots":{"index":"index","follow":"follow","max-snippet":"max-snippet:-1","max-image-preview":"max-image-preview:large","max-video-preview":"max-video-preview:-1"},"canonical":"https:\/\/www.cidademarketing.com.br\/marketing\/2025\/03\/12\/jardim-em-miniatura-lanca-colecao-de-terrarios-e-mini-jardins-em-homenagem-a-sao-jose\/","og_locale":"pt_BR","og_type":"article","og_title":"Jardim em Miniatura lan\u00e7a cole\u00e7\u00e3o de terr\u00e1rios e mini jardins em homenagem a S\u00e3o Jos\u00e9 - CidadeMarketing","og_description":"O Jardim em Miniatura traz uma cole\u00e7\u00e3o especial de terr\u00e1rios e mini jardins inspirados na devo\u00e7\u00e3o a S\u00e3o Jos\u00e9, patrono da Igreja e s\u00edmbolo de prote\u00e7\u00e3o e f\u00e9. As pe\u00e7as, cuidadosamente elaboradas, oferecem uma forma delicada e significativa de decorar ambientes religiosos ou presentear aqueles que encontram conforto na intercess\u00e3o do santo. A solenidade de [&hellip;]","og_url":"https:\/\/www.cidademarketing.com.br\/marketing\/2025\/03\/12\/jardim-em-miniatura-lanca-colecao-de-terrarios-e-mini-jardins-em-homenagem-a-sao-jose\/","og_site_name":"CidadeMarketing","article_publisher":"https:\/\/www.facebook.com\/portalcidademarketing","article_author":"https:\/\/www.facebook.com\/thalesbrandao","article_published_time":"2025-03-12T17:59:46+00:00","og_image":[{"width":1326,"height":887,"url":"https:\/\/www.cidademarketing.com.br\/marketing\/wp-content\/uploads\/2025\/03\/saojose_terrario_minijardim.webp","type":"image\/webp"}],"author":"Thales Brand\u00e3o","twitter_card":"summary_large_image","twitter_creator":"@http:\/\/www.twitter.com\/thalesbrandao","twitter_site":"@CidadeMarketing","twitter_misc":{"Escrito por":"Thales Brand\u00e3o","Est. tempo de leitura":"2 minutos"},"schema":{"@context":"https:\/\/schema.org","@graph":[{"@type":"Article","@id":"https:\/\/www.cidademarketing.com.br\/marketing\/2025\/03\/12\/jardim-em-miniatura-lanca-colecao-de-terrarios-e-mini-jardins-em-homenagem-a-sao-jose\/#article","isPartOf":{"@id":"https:\/\/www.cidademarketing.com.br\/marketing\/2025\/03\/12\/jardim-em-miniatura-lanca-colecao-de-terrarios-e-mini-jardins-em-homenagem-a-sao-jose\/"},"author":{"name":"Thales Brand\u00e3o","@id":"https:\/\/www.cidademarketing.com.br\/marketing\/#\/schema\/person\/02daff9f18bd9378c9e01eb6b2db155f"},"headline":"Jardim em Miniatura lan\u00e7a cole\u00e7\u00e3o de terr\u00e1rios e mini jardins em homenagem a S\u00e3o Jos\u00e9","datePublished":"2025-03-12T17:59:46+00:00","mainEntityOfPage":{"@id":"https:\/\/www.cidademarketing.com.br\/marketing\/2025\/03\/12\/jardim-em-miniatura-lanca-colecao-de-terrarios-e-mini-jardins-em-homenagem-a-sao-jose\/"},"wordCount":397,"commentCount":0,"publisher":{"@id":"https:\/\/www.cidademarketing.com.br\/marketing\/#organization"},"image":{"@id":"https:\/\/www.cidademarketing.com.br\/marketing\/2025\/03\/12\/jardim-em-miniatura-lanca-colecao-de-terrarios-e-mini-jardins-em-homenagem-a-sao-jose\/#primaryimage"},"thumbnailUrl":"https:\/\/www.cidademarketing.com.br\/marketing\/wp-content\/uploads\/2025\/03\/saojose_terrario_minijardim.webp","keywords":["Aparecida","Aracaju","cat\u00f3lico","estrat\u00e9gia","F\u00e1tima","Jardim em Miniatura","mini jardim","plantas","Salvador","S\u00e3o Jos\u00e9","terr\u00e1rio"],"articleSection":["Not\u00edcias"],"inLanguage":"pt-BR","potentialAction":[{"@type":"CommentAction","name":"Comment","target":["https:\/\/www.cidademarketing.com.br\/marketing\/2025\/03\/12\/jardim-em-miniatura-lanca-colecao-de-terrarios-e-mini-jardins-em-homenagem-a-sao-jose\/#respond"]}]},{"@type":"WebPage","@id":"https:\/\/www.cidademarketing.com.br\/marketing\/2025\/03\/12\/jardim-em-miniatura-lanca-colecao-de-terrarios-e-mini-jardins-em-homenagem-a-sao-jose\/","url":"https:\/\/www.cidademarketing.com.br\/marketing\/2025\/03\/12\/jardim-em-miniatura-lanca-colecao-de-terrarios-e-mini-jardins-em-homenagem-a-sao-jose\/","name":"Jardim em Miniatura lan\u00e7a cole\u00e7\u00e3o de terr\u00e1rios e mini jardins em homenagem a S\u00e3o Jos\u00e9 - CidadeMarketing","isPartOf":{"@id":"https:\/\/www.cidademarketing.com.br\/marketing\/#website"},"primaryImageOfPage":{"@id":"https:\/\/www.cidademarketing.com.br\/marketing\/2025\/03\/12\/jardim-em-miniatura-lanca-colecao-de-terrarios-e-mini-jardins-em-homenagem-a-sao-jose\/#primaryimage"},"image":{"@id":"https:\/\/www.cidademarketing.com.br\/marketing\/2025\/03\/12\/jardim-em-miniatura-lanca-colecao-de-terrarios-e-mini-jardins-em-homenagem-a-sao-jose\/#primaryimage"},"thumbnailUrl":"https:\/\/www.cidademarketing.com.br\/marketing\/wp-content\/uploads\/2025\/03\/saojose_terrario_minijardim.webp","datePublished":"2025-03-12T17:59:46+00:00","breadcrumb":{"@id":"https:\/\/www.cidademarketing.com.br\/marketing\/2025\/03\/12\/jardim-em-miniatura-lanca-colecao-de-terrarios-e-mini-jardins-em-homenagem-a-sao-jose\/#breadcrumb"},"inLanguage":"pt-BR","potentialAction":[{"@type":"ReadAction","target":["https:\/\/www.cidademarketing.com.br\/marketing\/2025\/03\/12\/jardim-em-miniatura-lanca-colecao-de-terrarios-e-mini-jardins-em-homenagem-a-sao-jose\/"]}]},{"@type":"ImageObject","inLanguage":"pt-BR","@id":"https:\/\/www.cidademarketing.com.br\/marketing\/2025\/03\/12\/jardim-em-miniatura-lanca-colecao-de-terrarios-e-mini-jardins-em-homenagem-a-sao-jose\/#primaryimage","url":"https:\/\/www.cidademarketing.com.br\/marketing\/wp-content\/uploads\/2025\/03\/saojose_terrario_minijardim.webp","contentUrl":"https:\/\/www.cidademarketing.com.br\/marketing\/wp-content\/uploads\/2025\/03\/saojose_terrario_minijardim.webp","width":1326,"height":887},{"@type":"BreadcrumbList","@id":"https:\/\/www.cidademarketing.com.br\/marketing\/2025\/03\/12\/jardim-em-miniatura-lanca-colecao-de-terrarios-e-mini-jardins-em-homenagem-a-sao-jose\/#breadcrumb","itemListElement":[{"@type":"ListItem","position":1,"name":"In\u00edcio","item":"https:\/\/www.cidademarketing.com.br\/marketing\/"},{"@type":"ListItem","position":2,"name":"Jardim em Miniatura lan\u00e7a cole\u00e7\u00e3o de terr\u00e1rios e mini jardins em homenagem a S\u00e3o Jos\u00e9"}]},{"@type":"WebSite","@id":"https:\/\/www.cidademarketing.com.br\/marketing\/#website","url":"https:\/\/www.cidademarketing.com.br\/marketing\/","name":"CidadeMarketing","description":"Somos um ve\u00edculo de comunica\u00e7\u00e3o de destaque no Brasil, reconhecido por conte\u00fados nos segmentos de marketing, empreendedorismo e inova\u00e7\u00e3o.","publisher":{"@id":"https:\/\/www.cidademarketing.com.br\/marketing\/#organization"},"alternateName":"CidadeMarketing","potentialAction":[{"@type":"SearchAction","target":{"@type":"EntryPoint","urlTemplate":"https:\/\/www.cidademarketing.com.br\/marketing\/?s={search_term_string}"},"query-input":{"@type":"PropertyValueSpecification","valueRequired":true,"valueName":"search_term_string"}}],"inLanguage":"pt-BR"},{"@type":"Organization","@id":"https:\/\/www.cidademarketing.com.br\/marketing\/#organization","name":"CidadeMarketing","alternateName":"CidadeMarketing","url":"https:\/\/www.cidademarketing.com.br\/marketing\/","logo":{"@type":"ImageObject","inLanguage":"pt-BR","@id":"https:\/\/www.cidademarketing.com.br\/marketing\/#\/schema\/logo\/image\/","url":"https:\/\/www.cidademarketing.com.br\/marketing\/wp-content\/uploads\/2020\/01\/cidademarketing_marca_mobile.png","contentUrl":"https:\/\/www.cidademarketing.com.br\/marketing\/wp-content\/uploads\/2020\/01\/cidademarketing_marca_mobile.png","width":230,"height":92,"caption":"CidadeMarketing"},"image":{"@id":"https:\/\/www.cidademarketing.com.br\/marketing\/#\/schema\/logo\/image\/"},"sameAs":["https:\/\/www.facebook.com\/portalcidademarketing","https:\/\/x.com\/CidadeMarketing","https:\/\/www.instagram.com\/cidademarketing\/"]},{"@type":"Person","@id":"https:\/\/www.cidademarketing.com.br\/marketing\/#\/schema\/person\/02daff9f18bd9378c9e01eb6b2db155f","name":"Thales Brand\u00e3o","image":{"@type":"ImageObject","inLanguage":"pt-BR","@id":"https:\/\/secure.gravatar.com\/avatar\/7ca3206950207cc3cb48feec56a8a7898741ab725c368d99d5d7a5a50aab80c6?s=96&d=mm&r=g","url":"https:\/\/secure.gravatar.com\/avatar\/7ca3206950207cc3cb48feec56a8a7898741ab725c368d99d5d7a5a50aab80c6?s=96&d=mm&r=g","contentUrl":"https:\/\/secure.gravatar.com\/avatar\/7ca3206950207cc3cb48feec56a8a7898741ab725c368d99d5d7a5a50aab80c6?s=96&d=mm&r=g","caption":"Thales Brand\u00e3o"},"description":"Editor Executivo do Portal CidadeMarketing.com.br &gt; Mestre em Comunica\u00e7\u00e3o e Sociedade pela Universidade Federal de Sergipe. Possui MBA Executivo em Administra\u00e7\u00e3o com \u00eanfase em Marketing pela Funda\u00e7\u00e3o Get\u00falio Vargas - Rio de Janeiro. Consultor, Palestrante e Pesquisador sobre Empreendedorismo, Marketing, Redes Sociais e Neg\u00f3cios Digitais. Professor, Palestrante TedxTalks e Campus Party. Twitter: @ThalesBrandao","sameAs":["http:\/\/www.mandacaru.com.br","https:\/\/www.facebook.com\/thalesbrandao","http:\/\/www.instagram.com.br\/thalesbrandaoferreira","https:\/\/www.linkedin.com\/in\/thales-brand\u00e3o-3948609\/","https:\/\/x.com\/http:\/\/www.twitter.com\/thalesbrandao"],"url":"https:\/\/www.cidademarketing.com.br\/marketing\/author\/thalesbrandao\/"}]}},"amp_enabled":true,"_links":{"self":[{"href":"https:\/\/www.cidademarketing.com.br\/marketing\/wp-json\/wp\/v2\/posts\/55414","targetHints":{"allow":["GET"]}}],"collection":[{"href":"https:\/\/www.cidademarketing.com.br\/marketing\/wp-json\/wp\/v2\/posts"}],"about":[{"href":"https:\/\/www.cidademarketing.com.br\/marketing\/wp-json\/wp\/v2\/types\/post"}],"author":[{"embeddable":true,"href":"https:\/\/www.cidademarketing.com.br\/marketing\/wp-json\/wp\/v2\/users\/1"}],"replies":[{"embeddable":true,"href":"https:\/\/www.cidademarketing.com.br\/marketing\/wp-json\/wp\/v2\/comments?post=55414"}],"version-history":[{"count":1,"href":"https:\/\/www.cidademarketing.com.br\/marketing\/wp-json\/wp\/v2\/posts\/55414\/revisions"}],"predecessor-version":[{"id":55417,"href":"https:\/\/www.cidademarketing.com.br\/marketing\/wp-json\/wp\/v2\/posts\/55414\/revisions\/55417"}],"wp:featuredmedia":[{"embeddable":true,"href":"https:\/\/www.cidademarketing.com.br\/marketing\/wp-json\/wp\/v2\/media\/55415"}],"wp:attachment":[{"href":"https:\/\/www.cidademarketing.com.br\/marketing\/wp-json\/wp\/v2\/media?parent=55414"}],"wp:term":[{"taxonomy":"category","embeddable":true,"href":"https:\/\/www.cidademarketing.com.br\/marketing\/wp-json\/wp\/v2\/categories?post=55414"},{"taxonomy":"post_tag","embeddable":true,"href":"https:\/\/www.cidademarketing.com.br\/marketing\/wp-json\/wp\/v2\/tags?post=55414"}],"curies":[{"name":"wp","href":"https:\/\/api.w.org\/{rel}","templated":true}]}}