{"id":55263,"date":"2025-03-01T18:54:03","date_gmt":"2025-03-01T21:54:03","guid":{"rendered":"https:\/\/www.cidademarketing.com.br\/marketing\/?p=55263"},"modified":"2025-03-01T19:02:14","modified_gmt":"2025-03-01T22:02:14","slug":"luisa-sonza-e-centrum-animaram-o-bbb-25-com-uma-festa-especial-de-carnaval","status":"publish","type":"post","link":"https:\/\/www.cidademarketing.com.br\/marketing\/2025\/03\/01\/luisa-sonza-e-centrum-animaram-o-bbb-25-com-uma-festa-especial-de-carnaval\/","title":{"rendered":"Lu\u00edsa Sonza e Centrum animaram o BBB 25 com uma festa especial de Carnaval"},"content":{"rendered":"<p>Em clima de Carnaval 2025, a Centrum promoveu uma noite inesquec\u00edvel dentro do Big Brother Brasil 25 (BBB 25), levando energia e divers\u00e3o para os participantes do reality. Com um show especial da cantora Lu\u00edsa Sonza, acompanhada da estrela argentina Emilia Mernes, a a\u00e7\u00e3o destacou a proposta do Centrum P\u00f3 Efervescente, multivitam\u00ednico que auxilia no metabolismo energ\u00e9tico e refor\u00e7a a imunidade.<\/p>\n<p>A ativa\u00e7\u00e3o trouxe um espet\u00e1culo visual e sensorial para os brothers e sisters, refor\u00e7ando o conceito inovador do produto, dispon\u00edvel nas vers\u00f5es Energia (guaran\u00e1) e Imunidade (laranja).\u00a0 A festa apresentou um figurino exclusivo para os participantes e uma decora\u00e7\u00e3o vibrante em tons de vermelho e branco. Al\u00e9m disso, contou com ativa\u00e7\u00f5es interativas, efeitos de ilumina\u00e7\u00e3o e pain\u00e9is de LED destacando a marca Centrum.<\/p>\n<p>As a\u00e7\u00f5es tamb\u00e9m envolvem intera\u00e7\u00f5es com a cantora nas redes sociais, que iniciou a divulga\u00e7\u00e3o do produto por meio dos Stories no Instagram.<\/p>\n","protected":false},"excerpt":{"rendered":"<p>Em clima de Carnaval 2025, a Centrum promoveu uma noite inesquec\u00edvel dentro do Big Brother Brasil 25 (BBB 25), levando energia e divers\u00e3o para os participantes do reality. Com um show especial da cantora Lu\u00edsa Sonza, acompanhada da estrela argentina Emilia Mernes, a a\u00e7\u00e3o destacou a proposta do Centrum P\u00f3 Efervescente, multivitam\u00ednico que auxilia no [&hellip;]<\/p>\n","protected":false},"author":1,"featured_media":55265,"comment_status":"open","ping_status":"open","sticky":false,"template":"","format":"standard","meta":{"tdm_status":"","tdm_grid_status":"","footnotes":""},"categories":[6],"tags":[6758,8619,3838,65,5599,2990,33,8865,28],"class_list":["post-55263","post","type-post","status-publish","format-standard","has-post-thumbnail","hentry","category-noticias","tag-ativacao","tag-bbb25","tag-big-brother-brasil","tag-campanha","tag-cantora","tag-centrum","tag-estrategia","tag-luiza-sonza","tag-marketing"],"yoast_head":"<!-- This site is optimized with the Yoast SEO plugin v27.5 - https:\/\/yoast.com\/product\/yoast-seo-wordpress\/ -->\n<title>Lu\u00edsa Sonza e Centrum animaram o BBB 25 com uma festa especial de Carnaval - CidadeMarketing<\/title>\n<meta name=\"robots\" content=\"index, follow, max-snippet:-1, max-image-preview:large, max-video-preview:-1\" \/>\n<link rel=\"canonical\" href=\"https:\/\/www.cidademarketing.com.br\/marketing\/2025\/03\/01\/luisa-sonza-e-centrum-animaram-o-bbb-25-com-uma-festa-especial-de-carnaval\/\" \/>\n<meta property=\"og:locale\" content=\"pt_BR\" \/>\n<meta property=\"og:type\" content=\"article\" \/>\n<meta property=\"og:title\" content=\"Lu\u00edsa Sonza e Centrum animaram o BBB 25 com uma festa especial de Carnaval - CidadeMarketing\" \/>\n<meta property=\"og:description\" content=\"Em clima de Carnaval 2025, a Centrum promoveu uma noite inesquec\u00edvel dentro do Big Brother Brasil 25 (BBB 25), levando energia e divers\u00e3o para os participantes do reality. Com um show especial da cantora Lu\u00edsa Sonza, acompanhada da estrela argentina Emilia Mernes, a a\u00e7\u00e3o destacou a proposta do Centrum P\u00f3 Efervescente, multivitam\u00ednico que auxilia no [&hellip;]\" \/>\n<meta property=\"og:url\" content=\"https:\/\/www.cidademarketing.com.br\/marketing\/2025\/03\/01\/luisa-sonza-e-centrum-animaram-o-bbb-25-com-uma-festa-especial-de-carnaval\/\" \/>\n<meta property=\"og:site_name\" content=\"CidadeMarketing\" \/>\n<meta property=\"article:publisher\" content=\"https:\/\/www.facebook.com\/portalcidademarketing\" \/>\n<meta property=\"article:author\" content=\"https:\/\/www.facebook.com\/thalesbrandao\" \/>\n<meta property=\"article:published_time\" content=\"2025-03-01T21:54:03+00:00\" \/>\n<meta property=\"article:modified_time\" content=\"2025-03-01T22:02:14+00:00\" \/>\n<meta property=\"og:image\" content=\"https:\/\/www.cidademarketing.com.br\/marketing\/wp-content\/uploads\/2025\/03\/centrum_luisa_sonza_bbb25.webp\" \/>\n\t<meta property=\"og:image:width\" content=\"945\" \/>\n\t<meta property=\"og:image:height\" content=\"606\" \/>\n\t<meta property=\"og:image:type\" content=\"image\/webp\" \/>\n<meta name=\"author\" content=\"Thales Brand\u00e3o\" \/>\n<meta name=\"twitter:card\" content=\"summary_large_image\" \/>\n<meta name=\"twitter:creator\" content=\"@http:\/\/www.twitter.com\/thalesbrandao\" \/>\n<meta name=\"twitter:site\" content=\"@CidadeMarketing\" \/>\n<meta name=\"twitter:label1\" content=\"Escrito por\" \/>\n\t<meta name=\"twitter:data1\" content=\"Thales Brand\u00e3o\" \/>\n\t<meta name=\"twitter:label2\" content=\"Est. tempo de leitura\" \/>\n\t<meta name=\"twitter:data2\" content=\"1 minuto\" \/>\n<script type=\"application\/ld+json\" class=\"yoast-schema-graph\">{\"@context\":\"https:\\\/\\\/schema.org\",\"@graph\":[{\"@type\":\"Article\",\"@id\":\"https:\\\/\\\/www.cidademarketing.com.br\\\/marketing\\\/2025\\\/03\\\/01\\\/luisa-sonza-e-centrum-animaram-o-bbb-25-com-uma-festa-especial-de-carnaval\\\/#article\",\"isPartOf\":{\"@id\":\"https:\\\/\\\/www.cidademarketing.com.br\\\/marketing\\\/2025\\\/03\\\/01\\\/luisa-sonza-e-centrum-animaram-o-bbb-25-com-uma-festa-especial-de-carnaval\\\/\"},\"author\":{\"name\":\"Thales Brand\u00e3o\",\"@id\":\"https:\\\/\\\/www.cidademarketing.com.br\\\/marketing\\\/#\\\/schema\\\/person\\\/02daff9f18bd9378c9e01eb6b2db155f\"},\"headline\":\"Lu\u00edsa Sonza e Centrum animaram o BBB 25 com uma festa especial de Carnaval\",\"datePublished\":\"2025-03-01T21:54:03+00:00\",\"dateModified\":\"2025-03-01T22:02:14+00:00\",\"mainEntityOfPage\":{\"@id\":\"https:\\\/\\\/www.cidademarketing.com.br\\\/marketing\\\/2025\\\/03\\\/01\\\/luisa-sonza-e-centrum-animaram-o-bbb-25-com-uma-festa-especial-de-carnaval\\\/\"},\"wordCount\":179,\"commentCount\":0,\"publisher\":{\"@id\":\"https:\\\/\\\/www.cidademarketing.com.br\\\/marketing\\\/#organization\"},\"image\":{\"@id\":\"https:\\\/\\\/www.cidademarketing.com.br\\\/marketing\\\/2025\\\/03\\\/01\\\/luisa-sonza-e-centrum-animaram-o-bbb-25-com-uma-festa-especial-de-carnaval\\\/#primaryimage\"},\"thumbnailUrl\":\"https:\\\/\\\/www.cidademarketing.com.br\\\/marketing\\\/wp-content\\\/uploads\\\/2025\\\/03\\\/centrum_luisa_sonza_bbb25.webp\",\"keywords\":[\"ativa\u00e7\u00e3o\",\"BBB25\",\"Big Brother Brasil\",\"campanha\",\"cantora\",\"Centrum\",\"estrat\u00e9gia\",\"Luiza Sonza\",\"marketing\"],\"articleSection\":[\"Not\u00edcias\"],\"inLanguage\":\"pt-BR\",\"potentialAction\":[{\"@type\":\"CommentAction\",\"name\":\"Comment\",\"target\":[\"https:\\\/\\\/www.cidademarketing.com.br\\\/marketing\\\/2025\\\/03\\\/01\\\/luisa-sonza-e-centrum-animaram-o-bbb-25-com-uma-festa-especial-de-carnaval\\\/#respond\"]}]},{\"@type\":\"WebPage\",\"@id\":\"https:\\\/\\\/www.cidademarketing.com.br\\\/marketing\\\/2025\\\/03\\\/01\\\/luisa-sonza-e-centrum-animaram-o-bbb-25-com-uma-festa-especial-de-carnaval\\\/\",\"url\":\"https:\\\/\\\/www.cidademarketing.com.br\\\/marketing\\\/2025\\\/03\\\/01\\\/luisa-sonza-e-centrum-animaram-o-bbb-25-com-uma-festa-especial-de-carnaval\\\/\",\"name\":\"Lu\u00edsa Sonza e Centrum animaram o BBB 25 com uma festa especial de Carnaval - CidadeMarketing\",\"isPartOf\":{\"@id\":\"https:\\\/\\\/www.cidademarketing.com.br\\\/marketing\\\/#website\"},\"primaryImageOfPage\":{\"@id\":\"https:\\\/\\\/www.cidademarketing.com.br\\\/marketing\\\/2025\\\/03\\\/01\\\/luisa-sonza-e-centrum-animaram-o-bbb-25-com-uma-festa-especial-de-carnaval\\\/#primaryimage\"},\"image\":{\"@id\":\"https:\\\/\\\/www.cidademarketing.com.br\\\/marketing\\\/2025\\\/03\\\/01\\\/luisa-sonza-e-centrum-animaram-o-bbb-25-com-uma-festa-especial-de-carnaval\\\/#primaryimage\"},\"thumbnailUrl\":\"https:\\\/\\\/www.cidademarketing.com.br\\\/marketing\\\/wp-content\\\/uploads\\\/2025\\\/03\\\/centrum_luisa_sonza_bbb25.webp\",\"datePublished\":\"2025-03-01T21:54:03+00:00\",\"dateModified\":\"2025-03-01T22:02:14+00:00\",\"breadcrumb\":{\"@id\":\"https:\\\/\\\/www.cidademarketing.com.br\\\/marketing\\\/2025\\\/03\\\/01\\\/luisa-sonza-e-centrum-animaram-o-bbb-25-com-uma-festa-especial-de-carnaval\\\/#breadcrumb\"},\"inLanguage\":\"pt-BR\",\"potentialAction\":[{\"@type\":\"ReadAction\",\"target\":[\"https:\\\/\\\/www.cidademarketing.com.br\\\/marketing\\\/2025\\\/03\\\/01\\\/luisa-sonza-e-centrum-animaram-o-bbb-25-com-uma-festa-especial-de-carnaval\\\/\"]}]},{\"@type\":\"ImageObject\",\"inLanguage\":\"pt-BR\",\"@id\":\"https:\\\/\\\/www.cidademarketing.com.br\\\/marketing\\\/2025\\\/03\\\/01\\\/luisa-sonza-e-centrum-animaram-o-bbb-25-com-uma-festa-especial-de-carnaval\\\/#primaryimage\",\"url\":\"https:\\\/\\\/www.cidademarketing.com.br\\\/marketing\\\/wp-content\\\/uploads\\\/2025\\\/03\\\/centrum_luisa_sonza_bbb25.webp\",\"contentUrl\":\"https:\\\/\\\/www.cidademarketing.com.br\\\/marketing\\\/wp-content\\\/uploads\\\/2025\\\/03\\\/centrum_luisa_sonza_bbb25.webp\",\"width\":945,\"height\":606},{\"@type\":\"BreadcrumbList\",\"@id\":\"https:\\\/\\\/www.cidademarketing.com.br\\\/marketing\\\/2025\\\/03\\\/01\\\/luisa-sonza-e-centrum-animaram-o-bbb-25-com-uma-festa-especial-de-carnaval\\\/#breadcrumb\",\"itemListElement\":[{\"@type\":\"ListItem\",\"position\":1,\"name\":\"In\u00edcio\",\"item\":\"https:\\\/\\\/www.cidademarketing.com.br\\\/marketing\\\/\"},{\"@type\":\"ListItem\",\"position\":2,\"name\":\"Lu\u00edsa Sonza e Centrum animaram o BBB 25 com uma festa especial de Carnaval\"}]},{\"@type\":\"WebSite\",\"@id\":\"https:\\\/\\\/www.cidademarketing.com.br\\\/marketing\\\/#website\",\"url\":\"https:\\\/\\\/www.cidademarketing.com.br\\\/marketing\\\/\",\"name\":\"CidadeMarketing\",\"description\":\"Somos um ve\u00edculo de comunica\u00e7\u00e3o de destaque no Brasil, reconhecido por conte\u00fados nos segmentos de marketing, empreendedorismo e inova\u00e7\u00e3o.\",\"publisher\":{\"@id\":\"https:\\\/\\\/www.cidademarketing.com.br\\\/marketing\\\/#organization\"},\"alternateName\":\"CidadeMarketing\",\"potentialAction\":[{\"@type\":\"SearchAction\",\"target\":{\"@type\":\"EntryPoint\",\"urlTemplate\":\"https:\\\/\\\/www.cidademarketing.com.br\\\/marketing\\\/?s={search_term_string}\"},\"query-input\":{\"@type\":\"PropertyValueSpecification\",\"valueRequired\":true,\"valueName\":\"search_term_string\"}}],\"inLanguage\":\"pt-BR\"},{\"@type\":\"Organization\",\"@id\":\"https:\\\/\\\/www.cidademarketing.com.br\\\/marketing\\\/#organization\",\"name\":\"CidadeMarketing\",\"alternateName\":\"CidadeMarketing\",\"url\":\"https:\\\/\\\/www.cidademarketing.com.br\\\/marketing\\\/\",\"logo\":{\"@type\":\"ImageObject\",\"inLanguage\":\"pt-BR\",\"@id\":\"https:\\\/\\\/www.cidademarketing.com.br\\\/marketing\\\/#\\\/schema\\\/logo\\\/image\\\/\",\"url\":\"https:\\\/\\\/www.cidademarketing.com.br\\\/marketing\\\/wp-content\\\/uploads\\\/2020\\\/01\\\/cidademarketing_marca_mobile.png\",\"contentUrl\":\"https:\\\/\\\/www.cidademarketing.com.br\\\/marketing\\\/wp-content\\\/uploads\\\/2020\\\/01\\\/cidademarketing_marca_mobile.png\",\"width\":230,\"height\":92,\"caption\":\"CidadeMarketing\"},\"image\":{\"@id\":\"https:\\\/\\\/www.cidademarketing.com.br\\\/marketing\\\/#\\\/schema\\\/logo\\\/image\\\/\"},\"sameAs\":[\"https:\\\/\\\/www.facebook.com\\\/portalcidademarketing\",\"https:\\\/\\\/x.com\\\/CidadeMarketing\",\"https:\\\/\\\/www.instagram.com\\\/cidademarketing\\\/\"]},{\"@type\":\"Person\",\"@id\":\"https:\\\/\\\/www.cidademarketing.com.br\\\/marketing\\\/#\\\/schema\\\/person\\\/02daff9f18bd9378c9e01eb6b2db155f\",\"name\":\"Thales Brand\u00e3o\",\"image\":{\"@type\":\"ImageObject\",\"inLanguage\":\"pt-BR\",\"@id\":\"https:\\\/\\\/secure.gravatar.com\\\/avatar\\\/7ca3206950207cc3cb48feec56a8a7898741ab725c368d99d5d7a5a50aab80c6?s=96&d=mm&r=g\",\"url\":\"https:\\\/\\\/secure.gravatar.com\\\/avatar\\\/7ca3206950207cc3cb48feec56a8a7898741ab725c368d99d5d7a5a50aab80c6?s=96&d=mm&r=g\",\"contentUrl\":\"https:\\\/\\\/secure.gravatar.com\\\/avatar\\\/7ca3206950207cc3cb48feec56a8a7898741ab725c368d99d5d7a5a50aab80c6?s=96&d=mm&r=g\",\"caption\":\"Thales Brand\u00e3o\"},\"description\":\"Editor Executivo do Portal CidadeMarketing.com.br &gt; Mestre em Comunica\u00e7\u00e3o e Sociedade pela Universidade Federal de Sergipe. Possui MBA Executivo em Administra\u00e7\u00e3o com \u00eanfase em Marketing pela Funda\u00e7\u00e3o Get\u00falio Vargas - Rio de Janeiro. Consultor, Palestrante e Pesquisador sobre Empreendedorismo, Marketing, Redes Sociais e Neg\u00f3cios Digitais. Professor, Palestrante TedxTalks e Campus Party. Twitter: @ThalesBrandao\",\"sameAs\":[\"http:\\\/\\\/www.mandacaru.com.br\",\"https:\\\/\\\/www.facebook.com\\\/thalesbrandao\",\"http:\\\/\\\/www.instagram.com.br\\\/thalesbrandaoferreira\",\"https:\\\/\\\/www.linkedin.com\\\/in\\\/thales-brand\u00e3o-3948609\\\/\",\"https:\\\/\\\/x.com\\\/http:\\\/\\\/www.twitter.com\\\/thalesbrandao\"],\"url\":\"https:\\\/\\\/www.cidademarketing.com.br\\\/marketing\\\/author\\\/thalesbrandao\\\/\"}]}<\/script>\n<!-- \/ Yoast SEO plugin. -->","yoast_head_json":{"title":"Lu\u00edsa Sonza e Centrum animaram o BBB 25 com uma festa especial de Carnaval - CidadeMarketing","robots":{"index":"index","follow":"follow","max-snippet":"max-snippet:-1","max-image-preview":"max-image-preview:large","max-video-preview":"max-video-preview:-1"},"canonical":"https:\/\/www.cidademarketing.com.br\/marketing\/2025\/03\/01\/luisa-sonza-e-centrum-animaram-o-bbb-25-com-uma-festa-especial-de-carnaval\/","og_locale":"pt_BR","og_type":"article","og_title":"Lu\u00edsa Sonza e Centrum animaram o BBB 25 com uma festa especial de Carnaval - CidadeMarketing","og_description":"Em clima de Carnaval 2025, a Centrum promoveu uma noite inesquec\u00edvel dentro do Big Brother Brasil 25 (BBB 25), levando energia e divers\u00e3o para os participantes do reality. Com um show especial da cantora Lu\u00edsa Sonza, acompanhada da estrela argentina Emilia Mernes, a a\u00e7\u00e3o destacou a proposta do Centrum P\u00f3 Efervescente, multivitam\u00ednico que auxilia no [&hellip;]","og_url":"https:\/\/www.cidademarketing.com.br\/marketing\/2025\/03\/01\/luisa-sonza-e-centrum-animaram-o-bbb-25-com-uma-festa-especial-de-carnaval\/","og_site_name":"CidadeMarketing","article_publisher":"https:\/\/www.facebook.com\/portalcidademarketing","article_author":"https:\/\/www.facebook.com\/thalesbrandao","article_published_time":"2025-03-01T21:54:03+00:00","article_modified_time":"2025-03-01T22:02:14+00:00","og_image":[{"width":945,"height":606,"url":"https:\/\/www.cidademarketing.com.br\/marketing\/wp-content\/uploads\/2025\/03\/centrum_luisa_sonza_bbb25.webp","type":"image\/webp"}],"author":"Thales Brand\u00e3o","twitter_card":"summary_large_image","twitter_creator":"@http:\/\/www.twitter.com\/thalesbrandao","twitter_site":"@CidadeMarketing","twitter_misc":{"Escrito por":"Thales Brand\u00e3o","Est. tempo de leitura":"1 minuto"},"schema":{"@context":"https:\/\/schema.org","@graph":[{"@type":"Article","@id":"https:\/\/www.cidademarketing.com.br\/marketing\/2025\/03\/01\/luisa-sonza-e-centrum-animaram-o-bbb-25-com-uma-festa-especial-de-carnaval\/#article","isPartOf":{"@id":"https:\/\/www.cidademarketing.com.br\/marketing\/2025\/03\/01\/luisa-sonza-e-centrum-animaram-o-bbb-25-com-uma-festa-especial-de-carnaval\/"},"author":{"name":"Thales Brand\u00e3o","@id":"https:\/\/www.cidademarketing.com.br\/marketing\/#\/schema\/person\/02daff9f18bd9378c9e01eb6b2db155f"},"headline":"Lu\u00edsa Sonza e Centrum animaram o BBB 25 com uma festa especial de Carnaval","datePublished":"2025-03-01T21:54:03+00:00","dateModified":"2025-03-01T22:02:14+00:00","mainEntityOfPage":{"@id":"https:\/\/www.cidademarketing.com.br\/marketing\/2025\/03\/01\/luisa-sonza-e-centrum-animaram-o-bbb-25-com-uma-festa-especial-de-carnaval\/"},"wordCount":179,"commentCount":0,"publisher":{"@id":"https:\/\/www.cidademarketing.com.br\/marketing\/#organization"},"image":{"@id":"https:\/\/www.cidademarketing.com.br\/marketing\/2025\/03\/01\/luisa-sonza-e-centrum-animaram-o-bbb-25-com-uma-festa-especial-de-carnaval\/#primaryimage"},"thumbnailUrl":"https:\/\/www.cidademarketing.com.br\/marketing\/wp-content\/uploads\/2025\/03\/centrum_luisa_sonza_bbb25.webp","keywords":["ativa\u00e7\u00e3o","BBB25","Big Brother Brasil","campanha","cantora","Centrum","estrat\u00e9gia","Luiza Sonza","marketing"],"articleSection":["Not\u00edcias"],"inLanguage":"pt-BR","potentialAction":[{"@type":"CommentAction","name":"Comment","target":["https:\/\/www.cidademarketing.com.br\/marketing\/2025\/03\/01\/luisa-sonza-e-centrum-animaram-o-bbb-25-com-uma-festa-especial-de-carnaval\/#respond"]}]},{"@type":"WebPage","@id":"https:\/\/www.cidademarketing.com.br\/marketing\/2025\/03\/01\/luisa-sonza-e-centrum-animaram-o-bbb-25-com-uma-festa-especial-de-carnaval\/","url":"https:\/\/www.cidademarketing.com.br\/marketing\/2025\/03\/01\/luisa-sonza-e-centrum-animaram-o-bbb-25-com-uma-festa-especial-de-carnaval\/","name":"Lu\u00edsa Sonza e Centrum animaram o BBB 25 com uma festa especial de Carnaval - CidadeMarketing","isPartOf":{"@id":"https:\/\/www.cidademarketing.com.br\/marketing\/#website"},"primaryImageOfPage":{"@id":"https:\/\/www.cidademarketing.com.br\/marketing\/2025\/03\/01\/luisa-sonza-e-centrum-animaram-o-bbb-25-com-uma-festa-especial-de-carnaval\/#primaryimage"},"image":{"@id":"https:\/\/www.cidademarketing.com.br\/marketing\/2025\/03\/01\/luisa-sonza-e-centrum-animaram-o-bbb-25-com-uma-festa-especial-de-carnaval\/#primaryimage"},"thumbnailUrl":"https:\/\/www.cidademarketing.com.br\/marketing\/wp-content\/uploads\/2025\/03\/centrum_luisa_sonza_bbb25.webp","datePublished":"2025-03-01T21:54:03+00:00","dateModified":"2025-03-01T22:02:14+00:00","breadcrumb":{"@id":"https:\/\/www.cidademarketing.com.br\/marketing\/2025\/03\/01\/luisa-sonza-e-centrum-animaram-o-bbb-25-com-uma-festa-especial-de-carnaval\/#breadcrumb"},"inLanguage":"pt-BR","potentialAction":[{"@type":"ReadAction","target":["https:\/\/www.cidademarketing.com.br\/marketing\/2025\/03\/01\/luisa-sonza-e-centrum-animaram-o-bbb-25-com-uma-festa-especial-de-carnaval\/"]}]},{"@type":"ImageObject","inLanguage":"pt-BR","@id":"https:\/\/www.cidademarketing.com.br\/marketing\/2025\/03\/01\/luisa-sonza-e-centrum-animaram-o-bbb-25-com-uma-festa-especial-de-carnaval\/#primaryimage","url":"https:\/\/www.cidademarketing.com.br\/marketing\/wp-content\/uploads\/2025\/03\/centrum_luisa_sonza_bbb25.webp","contentUrl":"https:\/\/www.cidademarketing.com.br\/marketing\/wp-content\/uploads\/2025\/03\/centrum_luisa_sonza_bbb25.webp","width":945,"height":606},{"@type":"BreadcrumbList","@id":"https:\/\/www.cidademarketing.com.br\/marketing\/2025\/03\/01\/luisa-sonza-e-centrum-animaram-o-bbb-25-com-uma-festa-especial-de-carnaval\/#breadcrumb","itemListElement":[{"@type":"ListItem","position":1,"name":"In\u00edcio","item":"https:\/\/www.cidademarketing.com.br\/marketing\/"},{"@type":"ListItem","position":2,"name":"Lu\u00edsa Sonza e Centrum animaram o BBB 25 com uma festa especial de Carnaval"}]},{"@type":"WebSite","@id":"https:\/\/www.cidademarketing.com.br\/marketing\/#website","url":"https:\/\/www.cidademarketing.com.br\/marketing\/","name":"CidadeMarketing","description":"Somos um ve\u00edculo de comunica\u00e7\u00e3o de destaque no Brasil, reconhecido por conte\u00fados nos segmentos de marketing, empreendedorismo e inova\u00e7\u00e3o.","publisher":{"@id":"https:\/\/www.cidademarketing.com.br\/marketing\/#organization"},"alternateName":"CidadeMarketing","potentialAction":[{"@type":"SearchAction","target":{"@type":"EntryPoint","urlTemplate":"https:\/\/www.cidademarketing.com.br\/marketing\/?s={search_term_string}"},"query-input":{"@type":"PropertyValueSpecification","valueRequired":true,"valueName":"search_term_string"}}],"inLanguage":"pt-BR"},{"@type":"Organization","@id":"https:\/\/www.cidademarketing.com.br\/marketing\/#organization","name":"CidadeMarketing","alternateName":"CidadeMarketing","url":"https:\/\/www.cidademarketing.com.br\/marketing\/","logo":{"@type":"ImageObject","inLanguage":"pt-BR","@id":"https:\/\/www.cidademarketing.com.br\/marketing\/#\/schema\/logo\/image\/","url":"https:\/\/www.cidademarketing.com.br\/marketing\/wp-content\/uploads\/2020\/01\/cidademarketing_marca_mobile.png","contentUrl":"https:\/\/www.cidademarketing.com.br\/marketing\/wp-content\/uploads\/2020\/01\/cidademarketing_marca_mobile.png","width":230,"height":92,"caption":"CidadeMarketing"},"image":{"@id":"https:\/\/www.cidademarketing.com.br\/marketing\/#\/schema\/logo\/image\/"},"sameAs":["https:\/\/www.facebook.com\/portalcidademarketing","https:\/\/x.com\/CidadeMarketing","https:\/\/www.instagram.com\/cidademarketing\/"]},{"@type":"Person","@id":"https:\/\/www.cidademarketing.com.br\/marketing\/#\/schema\/person\/02daff9f18bd9378c9e01eb6b2db155f","name":"Thales Brand\u00e3o","image":{"@type":"ImageObject","inLanguage":"pt-BR","@id":"https:\/\/secure.gravatar.com\/avatar\/7ca3206950207cc3cb48feec56a8a7898741ab725c368d99d5d7a5a50aab80c6?s=96&d=mm&r=g","url":"https:\/\/secure.gravatar.com\/avatar\/7ca3206950207cc3cb48feec56a8a7898741ab725c368d99d5d7a5a50aab80c6?s=96&d=mm&r=g","contentUrl":"https:\/\/secure.gravatar.com\/avatar\/7ca3206950207cc3cb48feec56a8a7898741ab725c368d99d5d7a5a50aab80c6?s=96&d=mm&r=g","caption":"Thales Brand\u00e3o"},"description":"Editor Executivo do Portal CidadeMarketing.com.br &gt; Mestre em Comunica\u00e7\u00e3o e Sociedade pela Universidade Federal de Sergipe. Possui MBA Executivo em Administra\u00e7\u00e3o com \u00eanfase em Marketing pela Funda\u00e7\u00e3o Get\u00falio Vargas - Rio de Janeiro. Consultor, Palestrante e Pesquisador sobre Empreendedorismo, Marketing, Redes Sociais e Neg\u00f3cios Digitais. Professor, Palestrante TedxTalks e Campus Party. Twitter: @ThalesBrandao","sameAs":["http:\/\/www.mandacaru.com.br","https:\/\/www.facebook.com\/thalesbrandao","http:\/\/www.instagram.com.br\/thalesbrandaoferreira","https:\/\/www.linkedin.com\/in\/thales-brand\u00e3o-3948609\/","https:\/\/x.com\/http:\/\/www.twitter.com\/thalesbrandao"],"url":"https:\/\/www.cidademarketing.com.br\/marketing\/author\/thalesbrandao\/"}]}},"amp_enabled":true,"_links":{"self":[{"href":"https:\/\/www.cidademarketing.com.br\/marketing\/wp-json\/wp\/v2\/posts\/55263","targetHints":{"allow":["GET"]}}],"collection":[{"href":"https:\/\/www.cidademarketing.com.br\/marketing\/wp-json\/wp\/v2\/posts"}],"about":[{"href":"https:\/\/www.cidademarketing.com.br\/marketing\/wp-json\/wp\/v2\/types\/post"}],"author":[{"embeddable":true,"href":"https:\/\/www.cidademarketing.com.br\/marketing\/wp-json\/wp\/v2\/users\/1"}],"replies":[{"embeddable":true,"href":"https:\/\/www.cidademarketing.com.br\/marketing\/wp-json\/wp\/v2\/comments?post=55263"}],"version-history":[{"count":1,"href":"https:\/\/www.cidademarketing.com.br\/marketing\/wp-json\/wp\/v2\/posts\/55263\/revisions"}],"predecessor-version":[{"id":55266,"href":"https:\/\/www.cidademarketing.com.br\/marketing\/wp-json\/wp\/v2\/posts\/55263\/revisions\/55266"}],"wp:featuredmedia":[{"embeddable":true,"href":"https:\/\/www.cidademarketing.com.br\/marketing\/wp-json\/wp\/v2\/media\/55265"}],"wp:attachment":[{"href":"https:\/\/www.cidademarketing.com.br\/marketing\/wp-json\/wp\/v2\/media?parent=55263"}],"wp:term":[{"taxonomy":"category","embeddable":true,"href":"https:\/\/www.cidademarketing.com.br\/marketing\/wp-json\/wp\/v2\/categories?post=55263"},{"taxonomy":"post_tag","embeddable":true,"href":"https:\/\/www.cidademarketing.com.br\/marketing\/wp-json\/wp\/v2\/tags?post=55263"}],"curies":[{"name":"wp","href":"https:\/\/api.w.org\/{rel}","templated":true}]}}