{"id":55046,"date":"2025-02-16T01:01:24","date_gmt":"2025-02-16T04:01:24","guid":{"rendered":"https:\/\/www.cidademarketing.com.br\/marketing\/?p=55046"},"modified":"2025-02-16T01:01:24","modified_gmt":"2025-02-16T04:01:24","slug":"inflacao-no-cafe-da-manha-preco-do-cafe-e-dos-ovos-dispara-no-brasil","status":"publish","type":"post","link":"https:\/\/www.cidademarketing.com.br\/marketing\/2025\/02\/16\/inflacao-no-cafe-da-manha-preco-do-cafe-e-dos-ovos-dispara-no-brasil\/","title":{"rendered":"Infla\u00e7\u00e3o no Caf\u00e9 da Manh\u00e3: Pre\u00e7o do caf\u00e9 e dos ovos dispara no Brasil"},"content":{"rendered":"<p data-pm-slice=\"1 1 []\">Tomar um caf\u00e9 acompanhado de ovos no caf\u00e9 da manh\u00e3 \u00e9 um h\u00e1bito enraizado na cultura alimentar dos brasileiros. No entanto, essa tradi\u00e7\u00e3o tem se tornado cada vez mais cara devido \u00e0 infla\u00e7\u00e3o dos alimentos. A combina\u00e7\u00e3o de fatores clim\u00e1ticos extremos, oscila\u00e7\u00f5es cambiais e o poder de mercado dos grandes produtores tem impulsionado o aumento dos pre\u00e7os do caf\u00e9 e dos ovos, impactando diretamente o bolso dos consumidores.<\/p>\n<figure id=\"attachment_55052\" aria-describedby=\"caption-attachment-55052\" style=\"width: 640px\" class=\"wp-caption alignnone\"><img fetchpriority=\"high\" decoding=\"async\" class=\"wp-image-55052 size-large\" src=\"https:\/\/www.cidademarketing.com.br\/marketing\/wp-content\/uploads\/2025\/02\/altadopreco_cafe_04-1024x766.webp\" alt=\"\" width=\"640\" height=\"479\" srcset=\"https:\/\/www.cidademarketing.com.br\/marketing\/wp-content\/uploads\/2025\/02\/altadopreco_cafe_04-1024x766.webp 1024w, https:\/\/www.cidademarketing.com.br\/marketing\/wp-content\/uploads\/2025\/02\/altadopreco_cafe_04-300x224.webp 300w, https:\/\/www.cidademarketing.com.br\/marketing\/wp-content\/uploads\/2025\/02\/altadopreco_cafe_04-768x575.webp 768w, https:\/\/www.cidademarketing.com.br\/marketing\/wp-content\/uploads\/2025\/02\/altadopreco_cafe_04-561x420.webp 561w, https:\/\/www.cidademarketing.com.br\/marketing\/wp-content\/uploads\/2025\/02\/altadopreco_cafe_04-80x60.webp 80w, https:\/\/www.cidademarketing.com.br\/marketing\/wp-content\/uploads\/2025\/02\/altadopreco_cafe_04-100x75.webp 100w, https:\/\/www.cidademarketing.com.br\/marketing\/wp-content\/uploads\/2025\/02\/altadopreco_cafe_04-180x135.webp 180w, https:\/\/www.cidademarketing.com.br\/marketing\/wp-content\/uploads\/2025\/02\/altadopreco_cafe_04-238x178.webp 238w, https:\/\/www.cidademarketing.com.br\/marketing\/wp-content\/uploads\/2025\/02\/altadopreco_cafe_04-265x198.webp 265w, https:\/\/www.cidademarketing.com.br\/marketing\/wp-content\/uploads\/2025\/02\/altadopreco_cafe_04-640x479.webp 640w, https:\/\/www.cidademarketing.com.br\/marketing\/wp-content\/uploads\/2025\/02\/altadopreco_cafe_04-681x510.webp 681w, https:\/\/www.cidademarketing.com.br\/marketing\/wp-content\/uploads\/2025\/02\/altadopreco_cafe_04.webp 1188w\" sizes=\"(max-width: 640px) 100vw, 640px\" \/><figcaption id=\"caption-attachment-55052\" class=\"wp-caption-text\">Os consumidores t\u00eam buscado alternativas, como a compra de ovos caipiras diretamente de produtores familiares. Foto: Thales Brand\u00e3o<\/figcaption><\/figure>\n<p>O caf\u00e9 \u00e9 uma das bebidas mais consumidas no Brasil e no mundo, estando presente diariamente na rotina de milh\u00f5es de pessoas. No entanto, o pre\u00e7o do produto tem disparado devido a uma prolongada seca que afetou a safra de 2025. A falta de chuvas reduziu significativamente a oferta, pressionando os pre\u00e7os no mercado.<\/p>\n<p>Al\u00e9m das adversidades clim\u00e1ticas, a irriga\u00e7\u00e3o, que poderia minimizar os danos, \u00e9 uma alternativa cara e muitas vezes invi\u00e1vel devido \u00e0 escassez de \u00e1gua. Essa realidade tem afetado tanto os pequenos quanto os grandes produtores, limitando a produ\u00e7\u00e3o e elevando os custos repassados ao consumidor final.<\/p>\n<p>At\u00e9 novembro, os principais importadores do caf\u00e9 brasileiro foram os Estados Unidos (7,419 milh\u00f5es de sacas, ou 16% do total), Alemanha (7,228 milh\u00f5es), B\u00e9lgica (4,070 milh\u00f5es), It\u00e1lia (3,702 milh\u00f5es) e Jap\u00e3o (2,053 milh\u00f5es). O volume exportado para o Jap\u00e3o apresentou uma leve queda de 0,3% em rela\u00e7\u00e3o ao mesmo per\u00edodo de 2023. A esp\u00e9cie de caf\u00e9 mais exportada continua sendo a ar\u00e1bica, com mais de 33,97 milh\u00f5es de sacas enviadas ao exterior em 2024.<\/p>\n<p>Os ovos tamb\u00e9m sofreram uma expressiva alta de pre\u00e7o, impulsionada pelo calor extremo que atinge diversas regi\u00f5es do Brasil, com temperaturas chegando aos 40\u00b0C e sensa\u00e7\u00e3o t\u00e9rmica ainda maior. As aves s\u00e3o altamente sens\u00edveis ao calor, o que impacta diretamente sua produtividade. Em condi\u00e7\u00f5es clim\u00e1ticas adversas, elas consomem menos alimento, produzem menos ovos e algumas n\u00e3o resistem, elevando a taxa de mortalidade.<\/p>\n<p>Outro fator que tem pressionado o pre\u00e7o dos ovos \u00e9 o aumento expressivo no custo da ra\u00e7\u00e3o para as galinhas. Como resultado, os produtores repassam esses custos ao consumidor final. Em cidades menores, grandes fornecedores controlam o mercado, distribuindo para quitandas, pequenos mercados e padarias a pre\u00e7os elevados, sem margem para concorr\u00eancia.<\/p>\n<p>Em Sergipe, por exemplo, uma cartela com 30 ovos vermelhos varia entre R$ 25 e R$ 35, enquanto o caf\u00e9 torrado e mo\u00eddo de 500 gramas pode custar de R$ 24 a R$ 40. Marcas tradicionais e renomadas no mercado, como a Nescaf\u00e9, chegam a vender um pote de 100g de caf\u00e9 por R$ 22,19.<\/p>\n<figure id=\"attachment_55055\" aria-describedby=\"caption-attachment-55055\" style=\"width: 673px\" class=\"wp-caption alignnone\"><img decoding=\"async\" class=\"wp-image-55055 size-full\" src=\"https:\/\/www.cidademarketing.com.br\/marketing\/wp-content\/uploads\/2025\/02\/altadopreco_cafe_01.webp\" alt=\"\" width=\"673\" height=\"887\" srcset=\"https:\/\/www.cidademarketing.com.br\/marketing\/wp-content\/uploads\/2025\/02\/altadopreco_cafe_01.webp 673w, https:\/\/www.cidademarketing.com.br\/marketing\/wp-content\/uploads\/2025\/02\/altadopreco_cafe_01-228x300.webp 228w, https:\/\/www.cidademarketing.com.br\/marketing\/wp-content\/uploads\/2025\/02\/altadopreco_cafe_01-319x420.webp 319w, https:\/\/www.cidademarketing.com.br\/marketing\/wp-content\/uploads\/2025\/02\/altadopreco_cafe_01-640x844.webp 640w\" sizes=\"(max-width: 673px) 100vw, 673px\" \/><figcaption id=\"caption-attachment-55055\" class=\"wp-caption-text\">Os pre\u00e7os do caf\u00e9 de marcas renomadas tendem a ser ainda mais elevados. Foto: Thales Brand\u00e3o<\/figcaption><\/figure>\n<p>Com essa alta, consumidores buscam alternativas, recorrendo a produtores familiares que criam galinhas soltas em quintais e vendem ovos caipiras, conhecidos no Nordeste como &#8220;ovos de capoeira&#8221;. Muitos desses produtores caseiros conseguem oferecer pre\u00e7os mais acess\u00edveis do que os praticados no com\u00e9rcio formal.<\/p>\n<p>Segundo a Ag\u00eancia Brasil, a Associa\u00e7\u00e3o Brasileira da Ind\u00fastria de Caf\u00e9 (Abic) prev\u00ea que a safra deste ano, cuja colheita come\u00e7a em abril, contribua para a estabiliza\u00e7\u00e3o dos pre\u00e7os. O setor tamb\u00e9m tem grandes expectativas para a safra de 2025, que pode superar o recorde de 2020, ampliando a oferta e reduzindo os pre\u00e7os do caf\u00e9. No entanto, at\u00e9 que isso se concretize, os consumidores ainda devem sentir no bolso os efeitos da alta, j\u00e1 que a ind\u00fastria ainda precisa repassar os custos elevados da produ\u00e7\u00e3o.<\/p>\n<p>Diante desse cen\u00e1rio, a infla\u00e7\u00e3o no caf\u00e9 da manh\u00e3 do brasileiro deve continuar a ser um desafio nos pr\u00f3ximos meses. As condi\u00e7\u00f5es clim\u00e1ticas e os custos de produ\u00e7\u00e3o indicam que os pre\u00e7os podem permanecer elevados. Enquanto isso, consumidores buscam alternativas para driblar a alta dos pre\u00e7os, seja comprando diretamente de pequenos produtores ou reduzindo o consumo desses itens t\u00e3o presentes na cultura alimentar do Brasil.<\/p>\n","protected":false},"excerpt":{"rendered":"<p>Tomar um caf\u00e9 acompanhado de ovos no caf\u00e9 da manh\u00e3 \u00e9 um h\u00e1bito enraizado na cultura alimentar dos brasileiros. No entanto, essa tradi\u00e7\u00e3o tem se tornado cada vez mais cara devido \u00e0 infla\u00e7\u00e3o dos alimentos. A combina\u00e7\u00e3o de fatores clim\u00e1ticos extremos, oscila\u00e7\u00f5es cambiais e o poder de mercado dos grandes produtores tem impulsionado o aumento [&hellip;]<\/p>\n","protected":false},"author":1,"featured_media":55051,"comment_status":"open","ping_status":"open","sticky":false,"template":"","format":"standard","meta":{"tdm_status":"","tdm_grid_status":"","footnotes":""},"categories":[6],"tags":[594,8813,1746,7325,1948,60,1041,206,30,1415,884,490],"class_list":["post-55046","post","type-post","status-publish","format-standard","has-post-thumbnail","hentry","category-noticias","tag-agronegocio","tag-alta","tag-cafe","tag-cafe-da-manha","tag-clima","tag-governo-federal","tag-inflacao","tag-mercado","tag-nordeste","tag-ovos","tag-preco","tag-sergipe"],"yoast_head":"<!-- This site is optimized with the Yoast SEO plugin v27.5 - https:\/\/yoast.com\/product\/yoast-seo-wordpress\/ -->\n<title>Infla\u00e7\u00e3o no Caf\u00e9 da Manh\u00e3: Pre\u00e7o do caf\u00e9 e dos ovos dispara no Brasil - CidadeMarketing<\/title>\n<meta name=\"robots\" content=\"index, follow, max-snippet:-1, max-image-preview:large, max-video-preview:-1\" \/>\n<link rel=\"canonical\" href=\"https:\/\/www.cidademarketing.com.br\/marketing\/2025\/02\/16\/inflacao-no-cafe-da-manha-preco-do-cafe-e-dos-ovos-dispara-no-brasil\/\" \/>\n<meta property=\"og:locale\" content=\"pt_BR\" \/>\n<meta property=\"og:type\" content=\"article\" \/>\n<meta property=\"og:title\" content=\"Infla\u00e7\u00e3o no Caf\u00e9 da Manh\u00e3: Pre\u00e7o do caf\u00e9 e dos ovos dispara no Brasil - CidadeMarketing\" \/>\n<meta property=\"og:description\" content=\"Tomar um caf\u00e9 acompanhado de ovos no caf\u00e9 da manh\u00e3 \u00e9 um h\u00e1bito enraizado na cultura alimentar dos brasileiros. No entanto, essa tradi\u00e7\u00e3o tem se tornado cada vez mais cara devido \u00e0 infla\u00e7\u00e3o dos alimentos. A combina\u00e7\u00e3o de fatores clim\u00e1ticos extremos, oscila\u00e7\u00f5es cambiais e o poder de mercado dos grandes produtores tem impulsionado o aumento [&hellip;]\" \/>\n<meta property=\"og:url\" content=\"https:\/\/www.cidademarketing.com.br\/marketing\/2025\/02\/16\/inflacao-no-cafe-da-manha-preco-do-cafe-e-dos-ovos-dispara-no-brasil\/\" \/>\n<meta property=\"og:site_name\" content=\"CidadeMarketing\" \/>\n<meta property=\"article:publisher\" content=\"https:\/\/www.facebook.com\/portalcidademarketing\" \/>\n<meta property=\"article:author\" content=\"https:\/\/www.facebook.com\/thalesbrandao\" \/>\n<meta property=\"article:published_time\" content=\"2025-02-16T04:01:24+00:00\" \/>\n<meta property=\"og:image\" content=\"https:\/\/www.cidademarketing.com.br\/marketing\/wp-content\/uploads\/2025\/02\/altadopreco_cafe_05.webp\" \/>\n\t<meta property=\"og:image:width\" content=\"705\" \/>\n\t<meta property=\"og:image:height\" content=\"527\" \/>\n\t<meta property=\"og:image:type\" content=\"image\/webp\" \/>\n<meta name=\"author\" content=\"Thales Brand\u00e3o\" \/>\n<meta name=\"twitter:card\" content=\"summary_large_image\" \/>\n<meta name=\"twitter:creator\" content=\"@http:\/\/www.twitter.com\/thalesbrandao\" \/>\n<meta name=\"twitter:site\" content=\"@CidadeMarketing\" \/>\n<meta name=\"twitter:label1\" content=\"Escrito por\" \/>\n\t<meta name=\"twitter:data1\" content=\"Thales Brand\u00e3o\" \/>\n\t<meta name=\"twitter:label2\" content=\"Est. tempo de leitura\" \/>\n\t<meta name=\"twitter:data2\" content=\"3 minutos\" \/>\n<script type=\"application\/ld+json\" class=\"yoast-schema-graph\">{\"@context\":\"https:\\\/\\\/schema.org\",\"@graph\":[{\"@type\":\"Article\",\"@id\":\"https:\\\/\\\/www.cidademarketing.com.br\\\/marketing\\\/2025\\\/02\\\/16\\\/inflacao-no-cafe-da-manha-preco-do-cafe-e-dos-ovos-dispara-no-brasil\\\/#article\",\"isPartOf\":{\"@id\":\"https:\\\/\\\/www.cidademarketing.com.br\\\/marketing\\\/2025\\\/02\\\/16\\\/inflacao-no-cafe-da-manha-preco-do-cafe-e-dos-ovos-dispara-no-brasil\\\/\"},\"author\":{\"name\":\"Thales Brand\u00e3o\",\"@id\":\"https:\\\/\\\/www.cidademarketing.com.br\\\/marketing\\\/#\\\/schema\\\/person\\\/02daff9f18bd9378c9e01eb6b2db155f\"},\"headline\":\"Infla\u00e7\u00e3o no Caf\u00e9 da Manh\u00e3: Pre\u00e7o do caf\u00e9 e dos ovos dispara no Brasil\",\"datePublished\":\"2025-02-16T04:01:24+00:00\",\"mainEntityOfPage\":{\"@id\":\"https:\\\/\\\/www.cidademarketing.com.br\\\/marketing\\\/2025\\\/02\\\/16\\\/inflacao-no-cafe-da-manha-preco-do-cafe-e-dos-ovos-dispara-no-brasil\\\/\"},\"wordCount\":713,\"commentCount\":0,\"publisher\":{\"@id\":\"https:\\\/\\\/www.cidademarketing.com.br\\\/marketing\\\/#organization\"},\"image\":{\"@id\":\"https:\\\/\\\/www.cidademarketing.com.br\\\/marketing\\\/2025\\\/02\\\/16\\\/inflacao-no-cafe-da-manha-preco-do-cafe-e-dos-ovos-dispara-no-brasil\\\/#primaryimage\"},\"thumbnailUrl\":\"https:\\\/\\\/www.cidademarketing.com.br\\\/marketing\\\/wp-content\\\/uploads\\\/2025\\\/02\\\/altadopreco_cafe_05.webp\",\"keywords\":[\"agroneg\u00f3cio\",\"alta\",\"caf\u00e9\",\"caf\u00e9 da manh\u00e3\",\"clima\",\"Governo Federal\",\"infla\u00e7\u00e3o\",\"mercado\",\"Nordeste\",\"Ovos\",\"pre\u00e7o\",\"Sergipe\"],\"articleSection\":[\"Not\u00edcias\"],\"inLanguage\":\"pt-BR\",\"potentialAction\":[{\"@type\":\"CommentAction\",\"name\":\"Comment\",\"target\":[\"https:\\\/\\\/www.cidademarketing.com.br\\\/marketing\\\/2025\\\/02\\\/16\\\/inflacao-no-cafe-da-manha-preco-do-cafe-e-dos-ovos-dispara-no-brasil\\\/#respond\"]}]},{\"@type\":\"WebPage\",\"@id\":\"https:\\\/\\\/www.cidademarketing.com.br\\\/marketing\\\/2025\\\/02\\\/16\\\/inflacao-no-cafe-da-manha-preco-do-cafe-e-dos-ovos-dispara-no-brasil\\\/\",\"url\":\"https:\\\/\\\/www.cidademarketing.com.br\\\/marketing\\\/2025\\\/02\\\/16\\\/inflacao-no-cafe-da-manha-preco-do-cafe-e-dos-ovos-dispara-no-brasil\\\/\",\"name\":\"Infla\u00e7\u00e3o no Caf\u00e9 da Manh\u00e3: Pre\u00e7o do caf\u00e9 e dos ovos dispara no Brasil - CidadeMarketing\",\"isPartOf\":{\"@id\":\"https:\\\/\\\/www.cidademarketing.com.br\\\/marketing\\\/#website\"},\"primaryImageOfPage\":{\"@id\":\"https:\\\/\\\/www.cidademarketing.com.br\\\/marketing\\\/2025\\\/02\\\/16\\\/inflacao-no-cafe-da-manha-preco-do-cafe-e-dos-ovos-dispara-no-brasil\\\/#primaryimage\"},\"image\":{\"@id\":\"https:\\\/\\\/www.cidademarketing.com.br\\\/marketing\\\/2025\\\/02\\\/16\\\/inflacao-no-cafe-da-manha-preco-do-cafe-e-dos-ovos-dispara-no-brasil\\\/#primaryimage\"},\"thumbnailUrl\":\"https:\\\/\\\/www.cidademarketing.com.br\\\/marketing\\\/wp-content\\\/uploads\\\/2025\\\/02\\\/altadopreco_cafe_05.webp\",\"datePublished\":\"2025-02-16T04:01:24+00:00\",\"breadcrumb\":{\"@id\":\"https:\\\/\\\/www.cidademarketing.com.br\\\/marketing\\\/2025\\\/02\\\/16\\\/inflacao-no-cafe-da-manha-preco-do-cafe-e-dos-ovos-dispara-no-brasil\\\/#breadcrumb\"},\"inLanguage\":\"pt-BR\",\"potentialAction\":[{\"@type\":\"ReadAction\",\"target\":[\"https:\\\/\\\/www.cidademarketing.com.br\\\/marketing\\\/2025\\\/02\\\/16\\\/inflacao-no-cafe-da-manha-preco-do-cafe-e-dos-ovos-dispara-no-brasil\\\/\"]}]},{\"@type\":\"ImageObject\",\"inLanguage\":\"pt-BR\",\"@id\":\"https:\\\/\\\/www.cidademarketing.com.br\\\/marketing\\\/2025\\\/02\\\/16\\\/inflacao-no-cafe-da-manha-preco-do-cafe-e-dos-ovos-dispara-no-brasil\\\/#primaryimage\",\"url\":\"https:\\\/\\\/www.cidademarketing.com.br\\\/marketing\\\/wp-content\\\/uploads\\\/2025\\\/02\\\/altadopreco_cafe_05.webp\",\"contentUrl\":\"https:\\\/\\\/www.cidademarketing.com.br\\\/marketing\\\/wp-content\\\/uploads\\\/2025\\\/02\\\/altadopreco_cafe_05.webp\",\"width\":705,\"height\":527,\"caption\":\"O caf\u00e9 Marat\u00e1, na embalagem de 500 gramas, pode ser encontrado por quase R$ 40. Foto: Thales Brand\u00e3o\"},{\"@type\":\"BreadcrumbList\",\"@id\":\"https:\\\/\\\/www.cidademarketing.com.br\\\/marketing\\\/2025\\\/02\\\/16\\\/inflacao-no-cafe-da-manha-preco-do-cafe-e-dos-ovos-dispara-no-brasil\\\/#breadcrumb\",\"itemListElement\":[{\"@type\":\"ListItem\",\"position\":1,\"name\":\"In\u00edcio\",\"item\":\"https:\\\/\\\/www.cidademarketing.com.br\\\/marketing\\\/\"},{\"@type\":\"ListItem\",\"position\":2,\"name\":\"Infla\u00e7\u00e3o no Caf\u00e9 da Manh\u00e3: Pre\u00e7o do caf\u00e9 e dos ovos dispara no Brasil\"}]},{\"@type\":\"WebSite\",\"@id\":\"https:\\\/\\\/www.cidademarketing.com.br\\\/marketing\\\/#website\",\"url\":\"https:\\\/\\\/www.cidademarketing.com.br\\\/marketing\\\/\",\"name\":\"CidadeMarketing\",\"description\":\"Somos um ve\u00edculo de comunica\u00e7\u00e3o de destaque no Brasil, reconhecido por conte\u00fados nos segmentos de marketing, empreendedorismo e inova\u00e7\u00e3o.\",\"publisher\":{\"@id\":\"https:\\\/\\\/www.cidademarketing.com.br\\\/marketing\\\/#organization\"},\"alternateName\":\"CidadeMarketing\",\"potentialAction\":[{\"@type\":\"SearchAction\",\"target\":{\"@type\":\"EntryPoint\",\"urlTemplate\":\"https:\\\/\\\/www.cidademarketing.com.br\\\/marketing\\\/?s={search_term_string}\"},\"query-input\":{\"@type\":\"PropertyValueSpecification\",\"valueRequired\":true,\"valueName\":\"search_term_string\"}}],\"inLanguage\":\"pt-BR\"},{\"@type\":\"Organization\",\"@id\":\"https:\\\/\\\/www.cidademarketing.com.br\\\/marketing\\\/#organization\",\"name\":\"CidadeMarketing\",\"alternateName\":\"CidadeMarketing\",\"url\":\"https:\\\/\\\/www.cidademarketing.com.br\\\/marketing\\\/\",\"logo\":{\"@type\":\"ImageObject\",\"inLanguage\":\"pt-BR\",\"@id\":\"https:\\\/\\\/www.cidademarketing.com.br\\\/marketing\\\/#\\\/schema\\\/logo\\\/image\\\/\",\"url\":\"https:\\\/\\\/www.cidademarketing.com.br\\\/marketing\\\/wp-content\\\/uploads\\\/2020\\\/01\\\/cidademarketing_marca_mobile.png\",\"contentUrl\":\"https:\\\/\\\/www.cidademarketing.com.br\\\/marketing\\\/wp-content\\\/uploads\\\/2020\\\/01\\\/cidademarketing_marca_mobile.png\",\"width\":230,\"height\":92,\"caption\":\"CidadeMarketing\"},\"image\":{\"@id\":\"https:\\\/\\\/www.cidademarketing.com.br\\\/marketing\\\/#\\\/schema\\\/logo\\\/image\\\/\"},\"sameAs\":[\"https:\\\/\\\/www.facebook.com\\\/portalcidademarketing\",\"https:\\\/\\\/x.com\\\/CidadeMarketing\",\"https:\\\/\\\/www.instagram.com\\\/cidademarketing\\\/\"]},{\"@type\":\"Person\",\"@id\":\"https:\\\/\\\/www.cidademarketing.com.br\\\/marketing\\\/#\\\/schema\\\/person\\\/02daff9f18bd9378c9e01eb6b2db155f\",\"name\":\"Thales Brand\u00e3o\",\"image\":{\"@type\":\"ImageObject\",\"inLanguage\":\"pt-BR\",\"@id\":\"https:\\\/\\\/secure.gravatar.com\\\/avatar\\\/7ca3206950207cc3cb48feec56a8a7898741ab725c368d99d5d7a5a50aab80c6?s=96&d=mm&r=g\",\"url\":\"https:\\\/\\\/secure.gravatar.com\\\/avatar\\\/7ca3206950207cc3cb48feec56a8a7898741ab725c368d99d5d7a5a50aab80c6?s=96&d=mm&r=g\",\"contentUrl\":\"https:\\\/\\\/secure.gravatar.com\\\/avatar\\\/7ca3206950207cc3cb48feec56a8a7898741ab725c368d99d5d7a5a50aab80c6?s=96&d=mm&r=g\",\"caption\":\"Thales Brand\u00e3o\"},\"description\":\"Editor Executivo do Portal CidadeMarketing.com.br &gt; Mestre em Comunica\u00e7\u00e3o e Sociedade pela Universidade Federal de Sergipe. Possui MBA Executivo em Administra\u00e7\u00e3o com \u00eanfase em Marketing pela Funda\u00e7\u00e3o Get\u00falio Vargas - Rio de Janeiro. Consultor, Palestrante e Pesquisador sobre Empreendedorismo, Marketing, Redes Sociais e Neg\u00f3cios Digitais. Professor, Palestrante TedxTalks e Campus Party. Twitter: @ThalesBrandao\",\"sameAs\":[\"http:\\\/\\\/www.mandacaru.com.br\",\"https:\\\/\\\/www.facebook.com\\\/thalesbrandao\",\"http:\\\/\\\/www.instagram.com.br\\\/thalesbrandaoferreira\",\"https:\\\/\\\/www.linkedin.com\\\/in\\\/thales-brand\u00e3o-3948609\\\/\",\"https:\\\/\\\/x.com\\\/http:\\\/\\\/www.twitter.com\\\/thalesbrandao\"],\"url\":\"https:\\\/\\\/www.cidademarketing.com.br\\\/marketing\\\/author\\\/thalesbrandao\\\/\"}]}<\/script>\n<!-- \/ Yoast SEO plugin. -->","yoast_head_json":{"title":"Infla\u00e7\u00e3o no Caf\u00e9 da Manh\u00e3: Pre\u00e7o do caf\u00e9 e dos ovos dispara no Brasil - CidadeMarketing","robots":{"index":"index","follow":"follow","max-snippet":"max-snippet:-1","max-image-preview":"max-image-preview:large","max-video-preview":"max-video-preview:-1"},"canonical":"https:\/\/www.cidademarketing.com.br\/marketing\/2025\/02\/16\/inflacao-no-cafe-da-manha-preco-do-cafe-e-dos-ovos-dispara-no-brasil\/","og_locale":"pt_BR","og_type":"article","og_title":"Infla\u00e7\u00e3o no Caf\u00e9 da Manh\u00e3: Pre\u00e7o do caf\u00e9 e dos ovos dispara no Brasil - CidadeMarketing","og_description":"Tomar um caf\u00e9 acompanhado de ovos no caf\u00e9 da manh\u00e3 \u00e9 um h\u00e1bito enraizado na cultura alimentar dos brasileiros. No entanto, essa tradi\u00e7\u00e3o tem se tornado cada vez mais cara devido \u00e0 infla\u00e7\u00e3o dos alimentos. A combina\u00e7\u00e3o de fatores clim\u00e1ticos extremos, oscila\u00e7\u00f5es cambiais e o poder de mercado dos grandes produtores tem impulsionado o aumento [&hellip;]","og_url":"https:\/\/www.cidademarketing.com.br\/marketing\/2025\/02\/16\/inflacao-no-cafe-da-manha-preco-do-cafe-e-dos-ovos-dispara-no-brasil\/","og_site_name":"CidadeMarketing","article_publisher":"https:\/\/www.facebook.com\/portalcidademarketing","article_author":"https:\/\/www.facebook.com\/thalesbrandao","article_published_time":"2025-02-16T04:01:24+00:00","og_image":[{"width":705,"height":527,"url":"https:\/\/www.cidademarketing.com.br\/marketing\/wp-content\/uploads\/2025\/02\/altadopreco_cafe_05.webp","type":"image\/webp"}],"author":"Thales Brand\u00e3o","twitter_card":"summary_large_image","twitter_creator":"@http:\/\/www.twitter.com\/thalesbrandao","twitter_site":"@CidadeMarketing","twitter_misc":{"Escrito por":"Thales Brand\u00e3o","Est. tempo de leitura":"3 minutos"},"schema":{"@context":"https:\/\/schema.org","@graph":[{"@type":"Article","@id":"https:\/\/www.cidademarketing.com.br\/marketing\/2025\/02\/16\/inflacao-no-cafe-da-manha-preco-do-cafe-e-dos-ovos-dispara-no-brasil\/#article","isPartOf":{"@id":"https:\/\/www.cidademarketing.com.br\/marketing\/2025\/02\/16\/inflacao-no-cafe-da-manha-preco-do-cafe-e-dos-ovos-dispara-no-brasil\/"},"author":{"name":"Thales Brand\u00e3o","@id":"https:\/\/www.cidademarketing.com.br\/marketing\/#\/schema\/person\/02daff9f18bd9378c9e01eb6b2db155f"},"headline":"Infla\u00e7\u00e3o no Caf\u00e9 da Manh\u00e3: Pre\u00e7o do caf\u00e9 e dos ovos dispara no Brasil","datePublished":"2025-02-16T04:01:24+00:00","mainEntityOfPage":{"@id":"https:\/\/www.cidademarketing.com.br\/marketing\/2025\/02\/16\/inflacao-no-cafe-da-manha-preco-do-cafe-e-dos-ovos-dispara-no-brasil\/"},"wordCount":713,"commentCount":0,"publisher":{"@id":"https:\/\/www.cidademarketing.com.br\/marketing\/#organization"},"image":{"@id":"https:\/\/www.cidademarketing.com.br\/marketing\/2025\/02\/16\/inflacao-no-cafe-da-manha-preco-do-cafe-e-dos-ovos-dispara-no-brasil\/#primaryimage"},"thumbnailUrl":"https:\/\/www.cidademarketing.com.br\/marketing\/wp-content\/uploads\/2025\/02\/altadopreco_cafe_05.webp","keywords":["agroneg\u00f3cio","alta","caf\u00e9","caf\u00e9 da manh\u00e3","clima","Governo Federal","infla\u00e7\u00e3o","mercado","Nordeste","Ovos","pre\u00e7o","Sergipe"],"articleSection":["Not\u00edcias"],"inLanguage":"pt-BR","potentialAction":[{"@type":"CommentAction","name":"Comment","target":["https:\/\/www.cidademarketing.com.br\/marketing\/2025\/02\/16\/inflacao-no-cafe-da-manha-preco-do-cafe-e-dos-ovos-dispara-no-brasil\/#respond"]}]},{"@type":"WebPage","@id":"https:\/\/www.cidademarketing.com.br\/marketing\/2025\/02\/16\/inflacao-no-cafe-da-manha-preco-do-cafe-e-dos-ovos-dispara-no-brasil\/","url":"https:\/\/www.cidademarketing.com.br\/marketing\/2025\/02\/16\/inflacao-no-cafe-da-manha-preco-do-cafe-e-dos-ovos-dispara-no-brasil\/","name":"Infla\u00e7\u00e3o no Caf\u00e9 da Manh\u00e3: Pre\u00e7o do caf\u00e9 e dos ovos dispara no Brasil - CidadeMarketing","isPartOf":{"@id":"https:\/\/www.cidademarketing.com.br\/marketing\/#website"},"primaryImageOfPage":{"@id":"https:\/\/www.cidademarketing.com.br\/marketing\/2025\/02\/16\/inflacao-no-cafe-da-manha-preco-do-cafe-e-dos-ovos-dispara-no-brasil\/#primaryimage"},"image":{"@id":"https:\/\/www.cidademarketing.com.br\/marketing\/2025\/02\/16\/inflacao-no-cafe-da-manha-preco-do-cafe-e-dos-ovos-dispara-no-brasil\/#primaryimage"},"thumbnailUrl":"https:\/\/www.cidademarketing.com.br\/marketing\/wp-content\/uploads\/2025\/02\/altadopreco_cafe_05.webp","datePublished":"2025-02-16T04:01:24+00:00","breadcrumb":{"@id":"https:\/\/www.cidademarketing.com.br\/marketing\/2025\/02\/16\/inflacao-no-cafe-da-manha-preco-do-cafe-e-dos-ovos-dispara-no-brasil\/#breadcrumb"},"inLanguage":"pt-BR","potentialAction":[{"@type":"ReadAction","target":["https:\/\/www.cidademarketing.com.br\/marketing\/2025\/02\/16\/inflacao-no-cafe-da-manha-preco-do-cafe-e-dos-ovos-dispara-no-brasil\/"]}]},{"@type":"ImageObject","inLanguage":"pt-BR","@id":"https:\/\/www.cidademarketing.com.br\/marketing\/2025\/02\/16\/inflacao-no-cafe-da-manha-preco-do-cafe-e-dos-ovos-dispara-no-brasil\/#primaryimage","url":"https:\/\/www.cidademarketing.com.br\/marketing\/wp-content\/uploads\/2025\/02\/altadopreco_cafe_05.webp","contentUrl":"https:\/\/www.cidademarketing.com.br\/marketing\/wp-content\/uploads\/2025\/02\/altadopreco_cafe_05.webp","width":705,"height":527,"caption":"O caf\u00e9 Marat\u00e1, na embalagem de 500 gramas, pode ser encontrado por quase R$ 40. Foto: Thales Brand\u00e3o"},{"@type":"BreadcrumbList","@id":"https:\/\/www.cidademarketing.com.br\/marketing\/2025\/02\/16\/inflacao-no-cafe-da-manha-preco-do-cafe-e-dos-ovos-dispara-no-brasil\/#breadcrumb","itemListElement":[{"@type":"ListItem","position":1,"name":"In\u00edcio","item":"https:\/\/www.cidademarketing.com.br\/marketing\/"},{"@type":"ListItem","position":2,"name":"Infla\u00e7\u00e3o no Caf\u00e9 da Manh\u00e3: Pre\u00e7o do caf\u00e9 e dos ovos dispara no Brasil"}]},{"@type":"WebSite","@id":"https:\/\/www.cidademarketing.com.br\/marketing\/#website","url":"https:\/\/www.cidademarketing.com.br\/marketing\/","name":"CidadeMarketing","description":"Somos um ve\u00edculo de comunica\u00e7\u00e3o de destaque no Brasil, reconhecido por conte\u00fados nos segmentos de marketing, empreendedorismo e inova\u00e7\u00e3o.","publisher":{"@id":"https:\/\/www.cidademarketing.com.br\/marketing\/#organization"},"alternateName":"CidadeMarketing","potentialAction":[{"@type":"SearchAction","target":{"@type":"EntryPoint","urlTemplate":"https:\/\/www.cidademarketing.com.br\/marketing\/?s={search_term_string}"},"query-input":{"@type":"PropertyValueSpecification","valueRequired":true,"valueName":"search_term_string"}}],"inLanguage":"pt-BR"},{"@type":"Organization","@id":"https:\/\/www.cidademarketing.com.br\/marketing\/#organization","name":"CidadeMarketing","alternateName":"CidadeMarketing","url":"https:\/\/www.cidademarketing.com.br\/marketing\/","logo":{"@type":"ImageObject","inLanguage":"pt-BR","@id":"https:\/\/www.cidademarketing.com.br\/marketing\/#\/schema\/logo\/image\/","url":"https:\/\/www.cidademarketing.com.br\/marketing\/wp-content\/uploads\/2020\/01\/cidademarketing_marca_mobile.png","contentUrl":"https:\/\/www.cidademarketing.com.br\/marketing\/wp-content\/uploads\/2020\/01\/cidademarketing_marca_mobile.png","width":230,"height":92,"caption":"CidadeMarketing"},"image":{"@id":"https:\/\/www.cidademarketing.com.br\/marketing\/#\/schema\/logo\/image\/"},"sameAs":["https:\/\/www.facebook.com\/portalcidademarketing","https:\/\/x.com\/CidadeMarketing","https:\/\/www.instagram.com\/cidademarketing\/"]},{"@type":"Person","@id":"https:\/\/www.cidademarketing.com.br\/marketing\/#\/schema\/person\/02daff9f18bd9378c9e01eb6b2db155f","name":"Thales Brand\u00e3o","image":{"@type":"ImageObject","inLanguage":"pt-BR","@id":"https:\/\/secure.gravatar.com\/avatar\/7ca3206950207cc3cb48feec56a8a7898741ab725c368d99d5d7a5a50aab80c6?s=96&d=mm&r=g","url":"https:\/\/secure.gravatar.com\/avatar\/7ca3206950207cc3cb48feec56a8a7898741ab725c368d99d5d7a5a50aab80c6?s=96&d=mm&r=g","contentUrl":"https:\/\/secure.gravatar.com\/avatar\/7ca3206950207cc3cb48feec56a8a7898741ab725c368d99d5d7a5a50aab80c6?s=96&d=mm&r=g","caption":"Thales Brand\u00e3o"},"description":"Editor Executivo do Portal CidadeMarketing.com.br &gt; Mestre em Comunica\u00e7\u00e3o e Sociedade pela Universidade Federal de Sergipe. Possui MBA Executivo em Administra\u00e7\u00e3o com \u00eanfase em Marketing pela Funda\u00e7\u00e3o Get\u00falio Vargas - Rio de Janeiro. Consultor, Palestrante e Pesquisador sobre Empreendedorismo, Marketing, Redes Sociais e Neg\u00f3cios Digitais. Professor, Palestrante TedxTalks e Campus Party. Twitter: @ThalesBrandao","sameAs":["http:\/\/www.mandacaru.com.br","https:\/\/www.facebook.com\/thalesbrandao","http:\/\/www.instagram.com.br\/thalesbrandaoferreira","https:\/\/www.linkedin.com\/in\/thales-brand\u00e3o-3948609\/","https:\/\/x.com\/http:\/\/www.twitter.com\/thalesbrandao"],"url":"https:\/\/www.cidademarketing.com.br\/marketing\/author\/thalesbrandao\/"}]}},"amp_enabled":true,"_links":{"self":[{"href":"https:\/\/www.cidademarketing.com.br\/marketing\/wp-json\/wp\/v2\/posts\/55046","targetHints":{"allow":["GET"]}}],"collection":[{"href":"https:\/\/www.cidademarketing.com.br\/marketing\/wp-json\/wp\/v2\/posts"}],"about":[{"href":"https:\/\/www.cidademarketing.com.br\/marketing\/wp-json\/wp\/v2\/types\/post"}],"author":[{"embeddable":true,"href":"https:\/\/www.cidademarketing.com.br\/marketing\/wp-json\/wp\/v2\/users\/1"}],"replies":[{"embeddable":true,"href":"https:\/\/www.cidademarketing.com.br\/marketing\/wp-json\/wp\/v2\/comments?post=55046"}],"version-history":[{"count":5,"href":"https:\/\/www.cidademarketing.com.br\/marketing\/wp-json\/wp\/v2\/posts\/55046\/revisions"}],"predecessor-version":[{"id":55056,"href":"https:\/\/www.cidademarketing.com.br\/marketing\/wp-json\/wp\/v2\/posts\/55046\/revisions\/55056"}],"wp:featuredmedia":[{"embeddable":true,"href":"https:\/\/www.cidademarketing.com.br\/marketing\/wp-json\/wp\/v2\/media\/55051"}],"wp:attachment":[{"href":"https:\/\/www.cidademarketing.com.br\/marketing\/wp-json\/wp\/v2\/media?parent=55046"}],"wp:term":[{"taxonomy":"category","embeddable":true,"href":"https:\/\/www.cidademarketing.com.br\/marketing\/wp-json\/wp\/v2\/categories?post=55046"},{"taxonomy":"post_tag","embeddable":true,"href":"https:\/\/www.cidademarketing.com.br\/marketing\/wp-json\/wp\/v2\/tags?post=55046"}],"curies":[{"name":"wp","href":"https:\/\/api.w.org\/{rel}","templated":true}]}}