{"id":54976,"date":"2025-02-13T14:45:41","date_gmt":"2025-02-13T17:45:41","guid":{"rendered":"https:\/\/www.cidademarketing.com.br\/marketing\/?p=54976"},"modified":"2025-02-13T14:45:41","modified_gmt":"2025-02-13T17:45:41","slug":"brahma-lanca-latas-comemorativas-em-homenagem-as-escolas-de-samba-do-rio","status":"publish","type":"post","link":"https:\/\/www.cidademarketing.com.br\/marketing\/2025\/02\/13\/brahma-lanca-latas-comemorativas-em-homenagem-as-escolas-de-samba-do-rio\/","title":{"rendered":"Brahma lan\u00e7a latas comemorativas em homenagem \u00e0s escolas de samba do Rio"},"content":{"rendered":"<p>Como anfitri\u00e3 do Carnaval, a Brahma nasceu no cora\u00e7\u00e3o da folia, entre o som das baterias e o brilho dos desfiles na Sapuca\u00ed. Sua hist\u00f3ria se entrela\u00e7a cada vez mais com a festa, e agora essa conex\u00e3o ganha um novo marco: pela primeira vez, as ic\u00f4nicas latas tem\u00e1ticas da cerveja N\u00ba 1, criadas exclusivamente para celebrar as 12 escolas de samba do Grupo Especial, chegam aos supermercados do Rio de Janeiro. Em 2024, a edi\u00e7\u00e3o especial foi vendida exclusivamente nas quadras das escolas de samba. No entanto, devido ao enorme sucesso, a marca decidiu ampliar a distribui\u00e7\u00e3o, tornando as latas acess\u00edveis tamb\u00e9m nas ruas.<\/p>\n<blockquote class=\"instagram-media\" style=\"background: #FFF; border: 0; border-radius: 3px; box-shadow: 0 0 1px 0 rgba(0,0,0,0.5),0 1px 10px 0 rgba(0,0,0,0.15); margin: 1px; max-width: 540px; min-width: 326px; padding: 0; width: calc(100% - 2px);\" data-instgrm-captioned=\"\" data-instgrm-permalink=\"https:\/\/www.instagram.com\/reel\/DFvnwLrR4rv\/?utm_source=ig_embed&amp;utm_campaign=loading\" data-instgrm-version=\"14\">\n<div style=\"padding: 16px;\">\n<p>&nbsp;<\/p>\n<div style=\"display: flex; flex-direction: row; align-items: center;\">\n<div style=\"background-color: #f4f4f4; border-radius: 50%; flex-grow: 0; height: 40px; margin-right: 14px; width: 40px;\"><\/div>\n<div style=\"display: flex; flex-direction: column; flex-grow: 1; justify-content: center;\">\n<div style=\"background-color: #f4f4f4; border-radius: 4px; flex-grow: 0; height: 14px; margin-bottom: 6px; width: 100px;\"><\/div>\n<div style=\"background-color: #f4f4f4; border-radius: 4px; flex-grow: 0; height: 14px; width: 60px;\"><\/div>\n<\/div>\n<\/div>\n<div style=\"padding: 19% 0;\"><\/div>\n<div style=\"display: block; height: 50px; margin: 0 auto 12px; width: 50px;\"><\/div>\n<div style=\"padding-top: 8px;\">\n<div style=\"color: #3897f0; font-family: Arial,sans-serif; font-size: 14px; font-style: normal; font-weight: 550; line-height: 18px;\">Ver essa foto no Instagram<\/div>\n<\/div>\n<div style=\"padding: 12.5% 0;\"><\/div>\n<div style=\"display: flex; flex-direction: row; margin-bottom: 14px; align-items: center;\">\n<div>\n<div style=\"background-color: #f4f4f4; border-radius: 50%; height: 12.5px; width: 12.5px; transform: translateX(0px) translateY(7px);\"><\/div>\n<div style=\"background-color: #f4f4f4; height: 12.5px; transform: rotate(-45deg) translateX(3px) translateY(1px); width: 12.5px; flex-grow: 0; margin-right: 14px; margin-left: 2px;\"><\/div>\n<div style=\"background-color: #f4f4f4; border-radius: 50%; height: 12.5px; width: 12.5px; transform: translateX(9px) translateY(-18px);\"><\/div>\n<\/div>\n<div style=\"margin-left: 8px;\">\n<div style=\"background-color: #f4f4f4; border-radius: 50%; flex-grow: 0; height: 20px; width: 20px;\"><\/div>\n<div style=\"width: 0; height: 0; border-top: 2px solid transparent; border-left: 6px solid #f4f4f4; border-bottom: 2px solid transparent; transform: translateX(16px) translateY(-4px) rotate(30deg);\"><\/div>\n<\/div>\n<div style=\"margin-left: auto;\">\n<div style=\"width: 0px; border-top: 8px solid #F4F4F4; border-right: 8px solid transparent; transform: translateY(16px);\"><\/div>\n<div style=\"background-color: #f4f4f4; flex-grow: 0; height: 12px; width: 16px; transform: translateY(-4px);\"><\/div>\n<div style=\"width: 0; height: 0; border-top: 8px solid #F4F4F4; border-left: 8px solid transparent; transform: translateY(-4px) translateX(8px);\"><\/div>\n<\/div>\n<\/div>\n<div style=\"display: flex; flex-direction: column; flex-grow: 1; justify-content: center; margin-bottom: 24px;\">\n<div style=\"background-color: #f4f4f4; border-radius: 4px; flex-grow: 0; height: 14px; margin-bottom: 6px; width: 224px;\"><\/div>\n<div style=\"background-color: #f4f4f4; border-radius: 4px; flex-grow: 0; height: 14px; width: 144px;\"><\/div>\n<\/div>\n<p>&nbsp;<\/p>\n<p style=\"color: #c9c8cd; font-family: Arial,sans-serif; font-size: 14px; line-height: 17px; margin-bottom: 0; margin-top: 8px; overflow: hidden; padding: 8px 0 7px; text-align: center; text-overflow: ellipsis; white-space: nowrap;\"><a style=\"color: #c9c8cd; font-family: Arial,sans-serif; font-size: 14px; font-style: normal; font-weight: normal; line-height: 17px; text-decoration: none;\" href=\"https:\/\/www.instagram.com\/reel\/DFvnwLrR4rv\/?utm_source=ig_embed&amp;utm_campaign=loading\" target=\"_blank\" rel=\"noopener\">Uma publica\u00e7\u00e3o compartilhada por Brahma Oficial (@brahmacerveja)<\/a><\/p>\n<\/div>\n<\/blockquote>\n<p><script async src=\"\/\/www.instagram.com\/embed.js\"><\/script><\/p>\n<p>A iniciativa come\u00e7ou no ano passado, quando a Brahma se uniu \u00e0s agremia\u00e7\u00f5es cariocas para desenvolver embalagens exclusivas que traduzissem, por meio de cores e detalhes, a identidade de cada escola. A proposta permite que os consumidores levem para casa um peda\u00e7o da magia do Carnaval, fortalecendo ainda mais sua conex\u00e3o com a festa, enquanto Brahma reafirma seu compromisso com as tradi\u00e7\u00f5es e paix\u00f5es nacionais.<\/p>\n<p>A grande novidade deste ano \u00e9 que, antes, as latas eram comercializadas exclusivamente nas quadras durante os ensaios. Agora, estar\u00e3o dispon\u00edveis nos principais supermercados do Rio de Janeiro, nos ensaios das escolas e nos bares da Marqu\u00eas de Sapuca\u00ed durante os desfiles. Al\u00e9m disso, as latas chegam na vers\u00e3o de 473ml, o lat\u00e3o preferido dos cariocas.<\/p>\n<p>A democratiza\u00e7\u00e3o do acesso \u00e0s latas marca um novo cap\u00edtulo na rela\u00e7\u00e3o da Brahma com o Carnaval do Rio. Al\u00e9m disso, a marca repetir\u00e1 a a\u00e7\u00e3o das latas douradas, um pr\u00eamio especial para a escola campe\u00e3 do Carnaval 2025, que ser\u00e1 entregue logo ap\u00f3s a apura\u00e7\u00e3o dos votos.<\/p>\n","protected":false},"excerpt":{"rendered":"<p>Como anfitri\u00e3 do Carnaval, a Brahma nasceu no cora\u00e7\u00e3o da folia, entre o som das baterias e o brilho dos desfiles na Sapuca\u00ed. Sua hist\u00f3ria se entrela\u00e7a cada vez mais com a festa, e agora essa conex\u00e3o ganha um novo marco: pela primeira vez, as ic\u00f4nicas latas tem\u00e1ticas da cerveja N\u00ba 1, criadas exclusivamente para [&hellip;]<\/p>\n","protected":false},"author":1,"featured_media":54977,"comment_status":"open","ping_status":"open","sticky":false,"template":"","format":"standard","meta":{"tdm_status":"","tdm_grid_status":"","footnotes":""},"categories":[6],"tags":[335,1209,223,225,33,709,7087,28,569,199],"class_list":["post-54976","post","type-post","status-publish","format-standard","has-post-thumbnail","hentry","category-noticias","tag-brahma","tag-carnaval","tag-design","tag-embalagem","tag-estrategia","tag-identidade-visual","tag-lata","tag-marketing","tag-rio","tag-rio-de-janeiro"],"yoast_head":"<!-- This site is optimized with the Yoast SEO plugin v27.5 - https:\/\/yoast.com\/product\/yoast-seo-wordpress\/ -->\n<title>Brahma lan\u00e7a latas comemorativas em homenagem \u00e0s escolas de samba do Rio - CidadeMarketing<\/title>\n<meta name=\"robots\" content=\"index, follow, max-snippet:-1, max-image-preview:large, max-video-preview:-1\" \/>\n<link rel=\"canonical\" href=\"https:\/\/www.cidademarketing.com.br\/marketing\/2025\/02\/13\/brahma-lanca-latas-comemorativas-em-homenagem-as-escolas-de-samba-do-rio\/\" \/>\n<meta property=\"og:locale\" content=\"pt_BR\" \/>\n<meta property=\"og:type\" content=\"article\" \/>\n<meta property=\"og:title\" content=\"Brahma lan\u00e7a latas comemorativas em homenagem \u00e0s escolas de samba do Rio - CidadeMarketing\" \/>\n<meta property=\"og:description\" content=\"Como anfitri\u00e3 do Carnaval, a Brahma nasceu no cora\u00e7\u00e3o da folia, entre o som das baterias e o brilho dos desfiles na Sapuca\u00ed. Sua hist\u00f3ria se entrela\u00e7a cada vez mais com a festa, e agora essa conex\u00e3o ganha um novo marco: pela primeira vez, as ic\u00f4nicas latas tem\u00e1ticas da cerveja N\u00ba 1, criadas exclusivamente para [&hellip;]\" \/>\n<meta property=\"og:url\" content=\"https:\/\/www.cidademarketing.com.br\/marketing\/2025\/02\/13\/brahma-lanca-latas-comemorativas-em-homenagem-as-escolas-de-samba-do-rio\/\" \/>\n<meta property=\"og:site_name\" content=\"CidadeMarketing\" \/>\n<meta property=\"article:publisher\" content=\"https:\/\/www.facebook.com\/portalcidademarketing\" \/>\n<meta property=\"article:author\" content=\"https:\/\/www.facebook.com\/thalesbrandao\" \/>\n<meta property=\"article:published_time\" content=\"2025-02-13T17:45:41+00:00\" \/>\n<meta property=\"og:image\" content=\"https:\/\/www.cidademarketing.com.br\/marketing\/wp-content\/uploads\/2025\/02\/brahma_embalagem_rio_carnaval.webp\" \/>\n\t<meta property=\"og:image:width\" content=\"1600\" \/>\n\t<meta property=\"og:image:height\" content=\"1200\" \/>\n\t<meta property=\"og:image:type\" content=\"image\/webp\" \/>\n<meta name=\"author\" content=\"Thales Brand\u00e3o\" \/>\n<meta name=\"twitter:card\" content=\"summary_large_image\" \/>\n<meta name=\"twitter:creator\" content=\"@http:\/\/www.twitter.com\/thalesbrandao\" \/>\n<meta name=\"twitter:site\" content=\"@CidadeMarketing\" \/>\n<meta name=\"twitter:label1\" content=\"Escrito por\" \/>\n\t<meta name=\"twitter:data1\" content=\"Thales Brand\u00e3o\" \/>\n\t<meta name=\"twitter:label2\" content=\"Est. tempo de leitura\" \/>\n\t<meta name=\"twitter:data2\" content=\"2 minutos\" \/>\n<script type=\"application\/ld+json\" class=\"yoast-schema-graph\">{\"@context\":\"https:\\\/\\\/schema.org\",\"@graph\":[{\"@type\":\"Article\",\"@id\":\"https:\\\/\\\/www.cidademarketing.com.br\\\/marketing\\\/2025\\\/02\\\/13\\\/brahma-lanca-latas-comemorativas-em-homenagem-as-escolas-de-samba-do-rio\\\/#article\",\"isPartOf\":{\"@id\":\"https:\\\/\\\/www.cidademarketing.com.br\\\/marketing\\\/2025\\\/02\\\/13\\\/brahma-lanca-latas-comemorativas-em-homenagem-as-escolas-de-samba-do-rio\\\/\"},\"author\":{\"name\":\"Thales Brand\u00e3o\",\"@id\":\"https:\\\/\\\/www.cidademarketing.com.br\\\/marketing\\\/#\\\/schema\\\/person\\\/02daff9f18bd9378c9e01eb6b2db155f\"},\"headline\":\"Brahma lan\u00e7a latas comemorativas em homenagem \u00e0s escolas de samba do Rio\",\"datePublished\":\"2025-02-13T17:45:41+00:00\",\"mainEntityOfPage\":{\"@id\":\"https:\\\/\\\/www.cidademarketing.com.br\\\/marketing\\\/2025\\\/02\\\/13\\\/brahma-lanca-latas-comemorativas-em-homenagem-as-escolas-de-samba-do-rio\\\/\"},\"wordCount\":326,\"commentCount\":0,\"publisher\":{\"@id\":\"https:\\\/\\\/www.cidademarketing.com.br\\\/marketing\\\/#organization\"},\"image\":{\"@id\":\"https:\\\/\\\/www.cidademarketing.com.br\\\/marketing\\\/2025\\\/02\\\/13\\\/brahma-lanca-latas-comemorativas-em-homenagem-as-escolas-de-samba-do-rio\\\/#primaryimage\"},\"thumbnailUrl\":\"https:\\\/\\\/www.cidademarketing.com.br\\\/marketing\\\/wp-content\\\/uploads\\\/2025\\\/02\\\/brahma_embalagem_rio_carnaval.webp\",\"keywords\":[\"Brahma\",\"Carnaval\",\"design\",\"embalagem\",\"estrat\u00e9gia\",\"identidade visual\",\"lata\",\"marketing\",\"Rio\",\"Rio de Janeiro\"],\"articleSection\":[\"Not\u00edcias\"],\"inLanguage\":\"pt-BR\",\"potentialAction\":[{\"@type\":\"CommentAction\",\"name\":\"Comment\",\"target\":[\"https:\\\/\\\/www.cidademarketing.com.br\\\/marketing\\\/2025\\\/02\\\/13\\\/brahma-lanca-latas-comemorativas-em-homenagem-as-escolas-de-samba-do-rio\\\/#respond\"]}]},{\"@type\":\"WebPage\",\"@id\":\"https:\\\/\\\/www.cidademarketing.com.br\\\/marketing\\\/2025\\\/02\\\/13\\\/brahma-lanca-latas-comemorativas-em-homenagem-as-escolas-de-samba-do-rio\\\/\",\"url\":\"https:\\\/\\\/www.cidademarketing.com.br\\\/marketing\\\/2025\\\/02\\\/13\\\/brahma-lanca-latas-comemorativas-em-homenagem-as-escolas-de-samba-do-rio\\\/\",\"name\":\"Brahma lan\u00e7a latas comemorativas em homenagem \u00e0s escolas de samba do Rio - CidadeMarketing\",\"isPartOf\":{\"@id\":\"https:\\\/\\\/www.cidademarketing.com.br\\\/marketing\\\/#website\"},\"primaryImageOfPage\":{\"@id\":\"https:\\\/\\\/www.cidademarketing.com.br\\\/marketing\\\/2025\\\/02\\\/13\\\/brahma-lanca-latas-comemorativas-em-homenagem-as-escolas-de-samba-do-rio\\\/#primaryimage\"},\"image\":{\"@id\":\"https:\\\/\\\/www.cidademarketing.com.br\\\/marketing\\\/2025\\\/02\\\/13\\\/brahma-lanca-latas-comemorativas-em-homenagem-as-escolas-de-samba-do-rio\\\/#primaryimage\"},\"thumbnailUrl\":\"https:\\\/\\\/www.cidademarketing.com.br\\\/marketing\\\/wp-content\\\/uploads\\\/2025\\\/02\\\/brahma_embalagem_rio_carnaval.webp\",\"datePublished\":\"2025-02-13T17:45:41+00:00\",\"breadcrumb\":{\"@id\":\"https:\\\/\\\/www.cidademarketing.com.br\\\/marketing\\\/2025\\\/02\\\/13\\\/brahma-lanca-latas-comemorativas-em-homenagem-as-escolas-de-samba-do-rio\\\/#breadcrumb\"},\"inLanguage\":\"pt-BR\",\"potentialAction\":[{\"@type\":\"ReadAction\",\"target\":[\"https:\\\/\\\/www.cidademarketing.com.br\\\/marketing\\\/2025\\\/02\\\/13\\\/brahma-lanca-latas-comemorativas-em-homenagem-as-escolas-de-samba-do-rio\\\/\"]}]},{\"@type\":\"ImageObject\",\"inLanguage\":\"pt-BR\",\"@id\":\"https:\\\/\\\/www.cidademarketing.com.br\\\/marketing\\\/2025\\\/02\\\/13\\\/brahma-lanca-latas-comemorativas-em-homenagem-as-escolas-de-samba-do-rio\\\/#primaryimage\",\"url\":\"https:\\\/\\\/www.cidademarketing.com.br\\\/marketing\\\/wp-content\\\/uploads\\\/2025\\\/02\\\/brahma_embalagem_rio_carnaval.webp\",\"contentUrl\":\"https:\\\/\\\/www.cidademarketing.com.br\\\/marketing\\\/wp-content\\\/uploads\\\/2025\\\/02\\\/brahma_embalagem_rio_carnaval.webp\",\"width\":1600,\"height\":1200,\"caption\":\"Divulga\u00e7\u00e3o\"},{\"@type\":\"BreadcrumbList\",\"@id\":\"https:\\\/\\\/www.cidademarketing.com.br\\\/marketing\\\/2025\\\/02\\\/13\\\/brahma-lanca-latas-comemorativas-em-homenagem-as-escolas-de-samba-do-rio\\\/#breadcrumb\",\"itemListElement\":[{\"@type\":\"ListItem\",\"position\":1,\"name\":\"In\u00edcio\",\"item\":\"https:\\\/\\\/www.cidademarketing.com.br\\\/marketing\\\/\"},{\"@type\":\"ListItem\",\"position\":2,\"name\":\"Brahma lan\u00e7a latas comemorativas em homenagem \u00e0s escolas de samba do Rio\"}]},{\"@type\":\"WebSite\",\"@id\":\"https:\\\/\\\/www.cidademarketing.com.br\\\/marketing\\\/#website\",\"url\":\"https:\\\/\\\/www.cidademarketing.com.br\\\/marketing\\\/\",\"name\":\"CidadeMarketing\",\"description\":\"Somos um ve\u00edculo de comunica\u00e7\u00e3o de destaque no Brasil, reconhecido por conte\u00fados nos segmentos de marketing, empreendedorismo e inova\u00e7\u00e3o.\",\"publisher\":{\"@id\":\"https:\\\/\\\/www.cidademarketing.com.br\\\/marketing\\\/#organization\"},\"alternateName\":\"CidadeMarketing\",\"potentialAction\":[{\"@type\":\"SearchAction\",\"target\":{\"@type\":\"EntryPoint\",\"urlTemplate\":\"https:\\\/\\\/www.cidademarketing.com.br\\\/marketing\\\/?s={search_term_string}\"},\"query-input\":{\"@type\":\"PropertyValueSpecification\",\"valueRequired\":true,\"valueName\":\"search_term_string\"}}],\"inLanguage\":\"pt-BR\"},{\"@type\":\"Organization\",\"@id\":\"https:\\\/\\\/www.cidademarketing.com.br\\\/marketing\\\/#organization\",\"name\":\"CidadeMarketing\",\"alternateName\":\"CidadeMarketing\",\"url\":\"https:\\\/\\\/www.cidademarketing.com.br\\\/marketing\\\/\",\"logo\":{\"@type\":\"ImageObject\",\"inLanguage\":\"pt-BR\",\"@id\":\"https:\\\/\\\/www.cidademarketing.com.br\\\/marketing\\\/#\\\/schema\\\/logo\\\/image\\\/\",\"url\":\"https:\\\/\\\/www.cidademarketing.com.br\\\/marketing\\\/wp-content\\\/uploads\\\/2020\\\/01\\\/cidademarketing_marca_mobile.png\",\"contentUrl\":\"https:\\\/\\\/www.cidademarketing.com.br\\\/marketing\\\/wp-content\\\/uploads\\\/2020\\\/01\\\/cidademarketing_marca_mobile.png\",\"width\":230,\"height\":92,\"caption\":\"CidadeMarketing\"},\"image\":{\"@id\":\"https:\\\/\\\/www.cidademarketing.com.br\\\/marketing\\\/#\\\/schema\\\/logo\\\/image\\\/\"},\"sameAs\":[\"https:\\\/\\\/www.facebook.com\\\/portalcidademarketing\",\"https:\\\/\\\/x.com\\\/CidadeMarketing\",\"https:\\\/\\\/www.instagram.com\\\/cidademarketing\\\/\"]},{\"@type\":\"Person\",\"@id\":\"https:\\\/\\\/www.cidademarketing.com.br\\\/marketing\\\/#\\\/schema\\\/person\\\/02daff9f18bd9378c9e01eb6b2db155f\",\"name\":\"Thales Brand\u00e3o\",\"image\":{\"@type\":\"ImageObject\",\"inLanguage\":\"pt-BR\",\"@id\":\"https:\\\/\\\/secure.gravatar.com\\\/avatar\\\/7ca3206950207cc3cb48feec56a8a7898741ab725c368d99d5d7a5a50aab80c6?s=96&d=mm&r=g\",\"url\":\"https:\\\/\\\/secure.gravatar.com\\\/avatar\\\/7ca3206950207cc3cb48feec56a8a7898741ab725c368d99d5d7a5a50aab80c6?s=96&d=mm&r=g\",\"contentUrl\":\"https:\\\/\\\/secure.gravatar.com\\\/avatar\\\/7ca3206950207cc3cb48feec56a8a7898741ab725c368d99d5d7a5a50aab80c6?s=96&d=mm&r=g\",\"caption\":\"Thales Brand\u00e3o\"},\"description\":\"Editor Executivo do Portal CidadeMarketing.com.br &gt; Mestre em Comunica\u00e7\u00e3o e Sociedade pela Universidade Federal de Sergipe. Possui MBA Executivo em Administra\u00e7\u00e3o com \u00eanfase em Marketing pela Funda\u00e7\u00e3o Get\u00falio Vargas - Rio de Janeiro. Consultor, Palestrante e Pesquisador sobre Empreendedorismo, Marketing, Redes Sociais e Neg\u00f3cios Digitais. Professor, Palestrante TedxTalks e Campus Party. Twitter: @ThalesBrandao\",\"sameAs\":[\"http:\\\/\\\/www.mandacaru.com.br\",\"https:\\\/\\\/www.facebook.com\\\/thalesbrandao\",\"http:\\\/\\\/www.instagram.com.br\\\/thalesbrandaoferreira\",\"https:\\\/\\\/www.linkedin.com\\\/in\\\/thales-brand\u00e3o-3948609\\\/\",\"https:\\\/\\\/x.com\\\/http:\\\/\\\/www.twitter.com\\\/thalesbrandao\"],\"url\":\"https:\\\/\\\/www.cidademarketing.com.br\\\/marketing\\\/author\\\/thalesbrandao\\\/\"}]}<\/script>\n<!-- \/ Yoast SEO plugin. -->","yoast_head_json":{"title":"Brahma lan\u00e7a latas comemorativas em homenagem \u00e0s escolas de samba do Rio - CidadeMarketing","robots":{"index":"index","follow":"follow","max-snippet":"max-snippet:-1","max-image-preview":"max-image-preview:large","max-video-preview":"max-video-preview:-1"},"canonical":"https:\/\/www.cidademarketing.com.br\/marketing\/2025\/02\/13\/brahma-lanca-latas-comemorativas-em-homenagem-as-escolas-de-samba-do-rio\/","og_locale":"pt_BR","og_type":"article","og_title":"Brahma lan\u00e7a latas comemorativas em homenagem \u00e0s escolas de samba do Rio - CidadeMarketing","og_description":"Como anfitri\u00e3 do Carnaval, a Brahma nasceu no cora\u00e7\u00e3o da folia, entre o som das baterias e o brilho dos desfiles na Sapuca\u00ed. Sua hist\u00f3ria se entrela\u00e7a cada vez mais com a festa, e agora essa conex\u00e3o ganha um novo marco: pela primeira vez, as ic\u00f4nicas latas tem\u00e1ticas da cerveja N\u00ba 1, criadas exclusivamente para [&hellip;]","og_url":"https:\/\/www.cidademarketing.com.br\/marketing\/2025\/02\/13\/brahma-lanca-latas-comemorativas-em-homenagem-as-escolas-de-samba-do-rio\/","og_site_name":"CidadeMarketing","article_publisher":"https:\/\/www.facebook.com\/portalcidademarketing","article_author":"https:\/\/www.facebook.com\/thalesbrandao","article_published_time":"2025-02-13T17:45:41+00:00","og_image":[{"width":1600,"height":1200,"url":"https:\/\/www.cidademarketing.com.br\/marketing\/wp-content\/uploads\/2025\/02\/brahma_embalagem_rio_carnaval.webp","type":"image\/webp"}],"author":"Thales Brand\u00e3o","twitter_card":"summary_large_image","twitter_creator":"@http:\/\/www.twitter.com\/thalesbrandao","twitter_site":"@CidadeMarketing","twitter_misc":{"Escrito por":"Thales Brand\u00e3o","Est. tempo de leitura":"2 minutos"},"schema":{"@context":"https:\/\/schema.org","@graph":[{"@type":"Article","@id":"https:\/\/www.cidademarketing.com.br\/marketing\/2025\/02\/13\/brahma-lanca-latas-comemorativas-em-homenagem-as-escolas-de-samba-do-rio\/#article","isPartOf":{"@id":"https:\/\/www.cidademarketing.com.br\/marketing\/2025\/02\/13\/brahma-lanca-latas-comemorativas-em-homenagem-as-escolas-de-samba-do-rio\/"},"author":{"name":"Thales Brand\u00e3o","@id":"https:\/\/www.cidademarketing.com.br\/marketing\/#\/schema\/person\/02daff9f18bd9378c9e01eb6b2db155f"},"headline":"Brahma lan\u00e7a latas comemorativas em homenagem \u00e0s escolas de samba do Rio","datePublished":"2025-02-13T17:45:41+00:00","mainEntityOfPage":{"@id":"https:\/\/www.cidademarketing.com.br\/marketing\/2025\/02\/13\/brahma-lanca-latas-comemorativas-em-homenagem-as-escolas-de-samba-do-rio\/"},"wordCount":326,"commentCount":0,"publisher":{"@id":"https:\/\/www.cidademarketing.com.br\/marketing\/#organization"},"image":{"@id":"https:\/\/www.cidademarketing.com.br\/marketing\/2025\/02\/13\/brahma-lanca-latas-comemorativas-em-homenagem-as-escolas-de-samba-do-rio\/#primaryimage"},"thumbnailUrl":"https:\/\/www.cidademarketing.com.br\/marketing\/wp-content\/uploads\/2025\/02\/brahma_embalagem_rio_carnaval.webp","keywords":["Brahma","Carnaval","design","embalagem","estrat\u00e9gia","identidade visual","lata","marketing","Rio","Rio de Janeiro"],"articleSection":["Not\u00edcias"],"inLanguage":"pt-BR","potentialAction":[{"@type":"CommentAction","name":"Comment","target":["https:\/\/www.cidademarketing.com.br\/marketing\/2025\/02\/13\/brahma-lanca-latas-comemorativas-em-homenagem-as-escolas-de-samba-do-rio\/#respond"]}]},{"@type":"WebPage","@id":"https:\/\/www.cidademarketing.com.br\/marketing\/2025\/02\/13\/brahma-lanca-latas-comemorativas-em-homenagem-as-escolas-de-samba-do-rio\/","url":"https:\/\/www.cidademarketing.com.br\/marketing\/2025\/02\/13\/brahma-lanca-latas-comemorativas-em-homenagem-as-escolas-de-samba-do-rio\/","name":"Brahma lan\u00e7a latas comemorativas em homenagem \u00e0s escolas de samba do Rio - CidadeMarketing","isPartOf":{"@id":"https:\/\/www.cidademarketing.com.br\/marketing\/#website"},"primaryImageOfPage":{"@id":"https:\/\/www.cidademarketing.com.br\/marketing\/2025\/02\/13\/brahma-lanca-latas-comemorativas-em-homenagem-as-escolas-de-samba-do-rio\/#primaryimage"},"image":{"@id":"https:\/\/www.cidademarketing.com.br\/marketing\/2025\/02\/13\/brahma-lanca-latas-comemorativas-em-homenagem-as-escolas-de-samba-do-rio\/#primaryimage"},"thumbnailUrl":"https:\/\/www.cidademarketing.com.br\/marketing\/wp-content\/uploads\/2025\/02\/brahma_embalagem_rio_carnaval.webp","datePublished":"2025-02-13T17:45:41+00:00","breadcrumb":{"@id":"https:\/\/www.cidademarketing.com.br\/marketing\/2025\/02\/13\/brahma-lanca-latas-comemorativas-em-homenagem-as-escolas-de-samba-do-rio\/#breadcrumb"},"inLanguage":"pt-BR","potentialAction":[{"@type":"ReadAction","target":["https:\/\/www.cidademarketing.com.br\/marketing\/2025\/02\/13\/brahma-lanca-latas-comemorativas-em-homenagem-as-escolas-de-samba-do-rio\/"]}]},{"@type":"ImageObject","inLanguage":"pt-BR","@id":"https:\/\/www.cidademarketing.com.br\/marketing\/2025\/02\/13\/brahma-lanca-latas-comemorativas-em-homenagem-as-escolas-de-samba-do-rio\/#primaryimage","url":"https:\/\/www.cidademarketing.com.br\/marketing\/wp-content\/uploads\/2025\/02\/brahma_embalagem_rio_carnaval.webp","contentUrl":"https:\/\/www.cidademarketing.com.br\/marketing\/wp-content\/uploads\/2025\/02\/brahma_embalagem_rio_carnaval.webp","width":1600,"height":1200,"caption":"Divulga\u00e7\u00e3o"},{"@type":"BreadcrumbList","@id":"https:\/\/www.cidademarketing.com.br\/marketing\/2025\/02\/13\/brahma-lanca-latas-comemorativas-em-homenagem-as-escolas-de-samba-do-rio\/#breadcrumb","itemListElement":[{"@type":"ListItem","position":1,"name":"In\u00edcio","item":"https:\/\/www.cidademarketing.com.br\/marketing\/"},{"@type":"ListItem","position":2,"name":"Brahma lan\u00e7a latas comemorativas em homenagem \u00e0s escolas de samba do Rio"}]},{"@type":"WebSite","@id":"https:\/\/www.cidademarketing.com.br\/marketing\/#website","url":"https:\/\/www.cidademarketing.com.br\/marketing\/","name":"CidadeMarketing","description":"Somos um ve\u00edculo de comunica\u00e7\u00e3o de destaque no Brasil, reconhecido por conte\u00fados nos segmentos de marketing, empreendedorismo e inova\u00e7\u00e3o.","publisher":{"@id":"https:\/\/www.cidademarketing.com.br\/marketing\/#organization"},"alternateName":"CidadeMarketing","potentialAction":[{"@type":"SearchAction","target":{"@type":"EntryPoint","urlTemplate":"https:\/\/www.cidademarketing.com.br\/marketing\/?s={search_term_string}"},"query-input":{"@type":"PropertyValueSpecification","valueRequired":true,"valueName":"search_term_string"}}],"inLanguage":"pt-BR"},{"@type":"Organization","@id":"https:\/\/www.cidademarketing.com.br\/marketing\/#organization","name":"CidadeMarketing","alternateName":"CidadeMarketing","url":"https:\/\/www.cidademarketing.com.br\/marketing\/","logo":{"@type":"ImageObject","inLanguage":"pt-BR","@id":"https:\/\/www.cidademarketing.com.br\/marketing\/#\/schema\/logo\/image\/","url":"https:\/\/www.cidademarketing.com.br\/marketing\/wp-content\/uploads\/2020\/01\/cidademarketing_marca_mobile.png","contentUrl":"https:\/\/www.cidademarketing.com.br\/marketing\/wp-content\/uploads\/2020\/01\/cidademarketing_marca_mobile.png","width":230,"height":92,"caption":"CidadeMarketing"},"image":{"@id":"https:\/\/www.cidademarketing.com.br\/marketing\/#\/schema\/logo\/image\/"},"sameAs":["https:\/\/www.facebook.com\/portalcidademarketing","https:\/\/x.com\/CidadeMarketing","https:\/\/www.instagram.com\/cidademarketing\/"]},{"@type":"Person","@id":"https:\/\/www.cidademarketing.com.br\/marketing\/#\/schema\/person\/02daff9f18bd9378c9e01eb6b2db155f","name":"Thales Brand\u00e3o","image":{"@type":"ImageObject","inLanguage":"pt-BR","@id":"https:\/\/secure.gravatar.com\/avatar\/7ca3206950207cc3cb48feec56a8a7898741ab725c368d99d5d7a5a50aab80c6?s=96&d=mm&r=g","url":"https:\/\/secure.gravatar.com\/avatar\/7ca3206950207cc3cb48feec56a8a7898741ab725c368d99d5d7a5a50aab80c6?s=96&d=mm&r=g","contentUrl":"https:\/\/secure.gravatar.com\/avatar\/7ca3206950207cc3cb48feec56a8a7898741ab725c368d99d5d7a5a50aab80c6?s=96&d=mm&r=g","caption":"Thales Brand\u00e3o"},"description":"Editor Executivo do Portal CidadeMarketing.com.br &gt; Mestre em Comunica\u00e7\u00e3o e Sociedade pela Universidade Federal de Sergipe. Possui MBA Executivo em Administra\u00e7\u00e3o com \u00eanfase em Marketing pela Funda\u00e7\u00e3o Get\u00falio Vargas - Rio de Janeiro. Consultor, Palestrante e Pesquisador sobre Empreendedorismo, Marketing, Redes Sociais e Neg\u00f3cios Digitais. Professor, Palestrante TedxTalks e Campus Party. Twitter: @ThalesBrandao","sameAs":["http:\/\/www.mandacaru.com.br","https:\/\/www.facebook.com\/thalesbrandao","http:\/\/www.instagram.com.br\/thalesbrandaoferreira","https:\/\/www.linkedin.com\/in\/thales-brand\u00e3o-3948609\/","https:\/\/x.com\/http:\/\/www.twitter.com\/thalesbrandao"],"url":"https:\/\/www.cidademarketing.com.br\/marketing\/author\/thalesbrandao\/"}]}},"amp_enabled":true,"_links":{"self":[{"href":"https:\/\/www.cidademarketing.com.br\/marketing\/wp-json\/wp\/v2\/posts\/54976","targetHints":{"allow":["GET"]}}],"collection":[{"href":"https:\/\/www.cidademarketing.com.br\/marketing\/wp-json\/wp\/v2\/posts"}],"about":[{"href":"https:\/\/www.cidademarketing.com.br\/marketing\/wp-json\/wp\/v2\/types\/post"}],"author":[{"embeddable":true,"href":"https:\/\/www.cidademarketing.com.br\/marketing\/wp-json\/wp\/v2\/users\/1"}],"replies":[{"embeddable":true,"href":"https:\/\/www.cidademarketing.com.br\/marketing\/wp-json\/wp\/v2\/comments?post=54976"}],"version-history":[{"count":1,"href":"https:\/\/www.cidademarketing.com.br\/marketing\/wp-json\/wp\/v2\/posts\/54976\/revisions"}],"predecessor-version":[{"id":54978,"href":"https:\/\/www.cidademarketing.com.br\/marketing\/wp-json\/wp\/v2\/posts\/54976\/revisions\/54978"}],"wp:featuredmedia":[{"embeddable":true,"href":"https:\/\/www.cidademarketing.com.br\/marketing\/wp-json\/wp\/v2\/media\/54977"}],"wp:attachment":[{"href":"https:\/\/www.cidademarketing.com.br\/marketing\/wp-json\/wp\/v2\/media?parent=54976"}],"wp:term":[{"taxonomy":"category","embeddable":true,"href":"https:\/\/www.cidademarketing.com.br\/marketing\/wp-json\/wp\/v2\/categories?post=54976"},{"taxonomy":"post_tag","embeddable":true,"href":"https:\/\/www.cidademarketing.com.br\/marketing\/wp-json\/wp\/v2\/tags?post=54976"}],"curies":[{"name":"wp","href":"https:\/\/api.w.org\/{rel}","templated":true}]}}