{"id":54958,"date":"2025-02-13T12:30:13","date_gmt":"2025-02-13T15:30:13","guid":{"rendered":"https:\/\/www.cidademarketing.com.br\/marketing\/?p=54958"},"modified":"2025-02-13T12:30:13","modified_gmt":"2025-02-13T15:30:13","slug":"lady-gaga-no-rio-de-janeiro-em-2025","status":"publish","type":"post","link":"https:\/\/www.cidademarketing.com.br\/marketing\/2025\/02\/13\/lady-gaga-no-rio-de-janeiro-em-2025\/","title":{"rendered":"Lady Gaga no Rio de Janeiro em 2025"},"content":{"rendered":"<p>O prefeito Eduardo Paes confirmou oficialmente a vinda de Lady Gaga ao Rio de Janeiro para um show no dia 3 de maio de 2025. O an\u00fancio, feito nesta ter\u00e7a-feira, gerou grande expectativa entre os f\u00e3s da cantora e consolidou a estrat\u00e9gia da cidade de sediar grandes eventos internacionais.<\/p>\n<p>Paes destacou a import\u00e2ncia de espet\u00e1culos desse porte para a economia carioca, ressaltando que eles movimentam o setor tur\u00edstico, aumentam a ocupa\u00e7\u00e3o hoteleira e impulsionam restaurantes e com\u00e9rcios locais. O prefeito tamb\u00e9m relembrou o sucesso do show gratuito de Madonna em Copacabana, no ano passado, que teve um enorme retorno midi\u00e1tico e econ\u00f4mico para a cidade.<\/p>\n<p>A vinda de Lady Gaga ao Brasil j\u00e1 vinha sendo especulada desde o final de 2024. Em dezembro, o subsecret\u00e1rio de Eventos do estado, Rodrigo Castro, mencionou a apresenta\u00e7\u00e3o ao falar sobre os destaques do calend\u00e1rio fluminense de 2025. Desde novembro, rumores circulavam sobre a realiza\u00e7\u00e3o do show gratuito na Praia de Copacabana, nos mesmos moldes do evento protagonizado por Madonna. As especula\u00e7\u00f5es ganharam ainda mais for\u00e7a ap\u00f3s Eduardo Paes sugerir a novidade em publica\u00e7\u00f5es nas redes sociais.<\/p>\n<p>O \u00faltimo show de Lady Gaga no Brasil aconteceu em 2012. Em 2017, a cantora precisou cancelar sua participa\u00e7\u00e3o no Rock in Rio devido a fortes dores na coluna causadas por fibromialgia. Agora, a artista retorna para um evento hist\u00f3rico, que ser\u00e1 transmitido ao vivo pela TV Globo, Multishow e Globoplay.<\/p>\n<p>Al\u00e9m da apresenta\u00e7\u00e3o de Lady Gaga, Eduardo Paes tamb\u00e9m revelou que planeja trazer a banda U2 para o Rio de Janeiro no pr\u00f3ximo ano. A estrat\u00e9gia refor\u00e7a o compromisso da cidade em sediar grandes espet\u00e1culos musicais e fortalecer sua posi\u00e7\u00e3o como um dos principais polos culturais e tur\u00edsticos do mundo.<\/p>\n<p data-start=\"0\" data-end=\"523\">O show de Madonna em Copacabana, realizado em 2024, entrou para a hist\u00f3ria como um dos maiores espet\u00e1culos musicais j\u00e1 vistos no Brasil. Com um p\u00fablico estimado em mais de 1,6 milh\u00e3o de pessoas, a apresenta\u00e7\u00e3o gratuita atraiu f\u00e3s de todo o pa\u00eds e do exterior, consolidando o Rio de Janeiro como um dos principais palcos para grandes eventos internacionais. A Rainha do Pop entregou uma performance memor\u00e1vel, repleta de hits que marcaram gera\u00e7\u00f5es, efeitos visuais impressionantes e um palco grandioso montado \u00e0 beira-mar.<\/p>\n<p data-start=\"525\" data-end=\"1133\" data-is-last-node=\"\">Al\u00e9m do impacto cultural, o evento movimentou a economia carioca de forma expressiva. Hot\u00e9is registraram ocupa\u00e7\u00e3o m\u00e1xima, restaurantes e bares tiveram aumento significativo no faturamento, e o com\u00e9rcio local foi impulsionado pelo grande fluxo de turistas. O espet\u00e1culo tamb\u00e9m gerou grande repercuss\u00e3o midi\u00e1tica, com ampla cobertura da imprensa nacional e internacional, destacando o Rio de Janeiro como destino tur\u00edstico de grandes propor\u00e7\u00f5es. Esse sucesso serviu de inspira\u00e7\u00e3o para a vinda de Lady Gaga, refor\u00e7ando a estrat\u00e9gia da prefeitura de trazer mais artistas de renome para shows gratuitos na cidade.<\/p>\n","protected":false},"excerpt":{"rendered":"<p>O prefeito Eduardo Paes confirmou oficialmente a vinda de Lady Gaga ao Rio de Janeiro para um show no dia 3 de maio de 2025. O an\u00fancio, feito nesta ter\u00e7a-feira, gerou grande expectativa entre os f\u00e3s da cantora e consolidou a estrat\u00e9gia da cidade de sediar grandes eventos internacionais. Paes destacou a import\u00e2ncia de espet\u00e1culos [&hellip;]<\/p>\n","protected":false},"author":1,"featured_media":54961,"comment_status":"open","ping_status":"open","sticky":false,"template":"","format":"standard","meta":{"tdm_status":"","tdm_grid_status":"","footnotes":""},"categories":[6],"tags":[65,1371,33,805,8797,6880,28,206,1742,569,199,230],"class_list":["post-54958","post","type-post","status-publish","format-standard","has-post-thumbnail","hentry","category-noticias","tag-campanha","tag-economia","tag-estrategia","tag-experiencia","tag-lady-gaga","tag-madonna","tag-marketing","tag-mercado","tag-musica","tag-rio","tag-rio-de-janeiro","tag-turismo"],"yoast_head":"<!-- This site is optimized with the Yoast SEO plugin v27.5 - https:\/\/yoast.com\/product\/yoast-seo-wordpress\/ -->\n<title>Lady Gaga no Rio de Janeiro em 2025 - CidadeMarketing<\/title>\n<meta name=\"robots\" content=\"index, follow, max-snippet:-1, max-image-preview:large, max-video-preview:-1\" \/>\n<link rel=\"canonical\" href=\"https:\/\/www.cidademarketing.com.br\/marketing\/2025\/02\/13\/lady-gaga-no-rio-de-janeiro-em-2025\/\" \/>\n<meta property=\"og:locale\" content=\"pt_BR\" \/>\n<meta property=\"og:type\" content=\"article\" \/>\n<meta property=\"og:title\" content=\"Lady Gaga no Rio de Janeiro em 2025 - CidadeMarketing\" \/>\n<meta property=\"og:description\" content=\"O prefeito Eduardo Paes confirmou oficialmente a vinda de Lady Gaga ao Rio de Janeiro para um show no dia 3 de maio de 2025. O an\u00fancio, feito nesta ter\u00e7a-feira, gerou grande expectativa entre os f\u00e3s da cantora e consolidou a estrat\u00e9gia da cidade de sediar grandes eventos internacionais. Paes destacou a import\u00e2ncia de espet\u00e1culos [&hellip;]\" \/>\n<meta property=\"og:url\" content=\"https:\/\/www.cidademarketing.com.br\/marketing\/2025\/02\/13\/lady-gaga-no-rio-de-janeiro-em-2025\/\" \/>\n<meta property=\"og:site_name\" content=\"CidadeMarketing\" \/>\n<meta property=\"article:publisher\" content=\"https:\/\/www.facebook.com\/portalcidademarketing\" \/>\n<meta property=\"article:author\" content=\"https:\/\/www.facebook.com\/thalesbrandao\" \/>\n<meta property=\"article:published_time\" content=\"2025-02-13T15:30:13+00:00\" \/>\n<meta property=\"og:image\" content=\"https:\/\/www.cidademarketing.com.br\/marketing\/wp-content\/uploads\/2025\/02\/show_ladygaga_riodejaneiro.webp\" \/>\n\t<meta property=\"og:image:width\" content=\"1792\" \/>\n\t<meta property=\"og:image:height\" content=\"1024\" \/>\n\t<meta property=\"og:image:type\" content=\"image\/webp\" \/>\n<meta name=\"author\" content=\"Thales Brand\u00e3o\" \/>\n<meta name=\"twitter:card\" content=\"summary_large_image\" \/>\n<meta name=\"twitter:creator\" content=\"@http:\/\/www.twitter.com\/thalesbrandao\" \/>\n<meta name=\"twitter:site\" content=\"@CidadeMarketing\" \/>\n<meta name=\"twitter:label1\" content=\"Escrito por\" \/>\n\t<meta name=\"twitter:data1\" content=\"Thales Brand\u00e3o\" \/>\n\t<meta name=\"twitter:label2\" content=\"Est. tempo de leitura\" \/>\n\t<meta name=\"twitter:data2\" content=\"3 minutos\" \/>\n<script type=\"application\/ld+json\" class=\"yoast-schema-graph\">{\"@context\":\"https:\\\/\\\/schema.org\",\"@graph\":[{\"@type\":\"Article\",\"@id\":\"https:\\\/\\\/www.cidademarketing.com.br\\\/marketing\\\/2025\\\/02\\\/13\\\/lady-gaga-no-rio-de-janeiro-em-2025\\\/#article\",\"isPartOf\":{\"@id\":\"https:\\\/\\\/www.cidademarketing.com.br\\\/marketing\\\/2025\\\/02\\\/13\\\/lady-gaga-no-rio-de-janeiro-em-2025\\\/\"},\"author\":{\"name\":\"Thales Brand\u00e3o\",\"@id\":\"https:\\\/\\\/www.cidademarketing.com.br\\\/marketing\\\/#\\\/schema\\\/person\\\/02daff9f18bd9378c9e01eb6b2db155f\"},\"headline\":\"Lady Gaga no Rio de Janeiro em 2025\",\"datePublished\":\"2025-02-13T15:30:13+00:00\",\"mainEntityOfPage\":{\"@id\":\"https:\\\/\\\/www.cidademarketing.com.br\\\/marketing\\\/2025\\\/02\\\/13\\\/lady-gaga-no-rio-de-janeiro-em-2025\\\/\"},\"wordCount\":509,\"commentCount\":0,\"publisher\":{\"@id\":\"https:\\\/\\\/www.cidademarketing.com.br\\\/marketing\\\/#organization\"},\"image\":{\"@id\":\"https:\\\/\\\/www.cidademarketing.com.br\\\/marketing\\\/2025\\\/02\\\/13\\\/lady-gaga-no-rio-de-janeiro-em-2025\\\/#primaryimage\"},\"thumbnailUrl\":\"https:\\\/\\\/www.cidademarketing.com.br\\\/marketing\\\/wp-content\\\/uploads\\\/2025\\\/02\\\/show_ladygaga_riodejaneiro.webp\",\"keywords\":[\"campanha\",\"economia\",\"estrat\u00e9gia\",\"experi\u00eancia\",\"Lady Gaga\",\"Madonna\",\"marketing\",\"mercado\",\"m\u00fasica\",\"Rio\",\"Rio de Janeiro\",\"turismo\"],\"articleSection\":[\"Not\u00edcias\"],\"inLanguage\":\"pt-BR\",\"potentialAction\":[{\"@type\":\"CommentAction\",\"name\":\"Comment\",\"target\":[\"https:\\\/\\\/www.cidademarketing.com.br\\\/marketing\\\/2025\\\/02\\\/13\\\/lady-gaga-no-rio-de-janeiro-em-2025\\\/#respond\"]}]},{\"@type\":\"WebPage\",\"@id\":\"https:\\\/\\\/www.cidademarketing.com.br\\\/marketing\\\/2025\\\/02\\\/13\\\/lady-gaga-no-rio-de-janeiro-em-2025\\\/\",\"url\":\"https:\\\/\\\/www.cidademarketing.com.br\\\/marketing\\\/2025\\\/02\\\/13\\\/lady-gaga-no-rio-de-janeiro-em-2025\\\/\",\"name\":\"Lady Gaga no Rio de Janeiro em 2025 - CidadeMarketing\",\"isPartOf\":{\"@id\":\"https:\\\/\\\/www.cidademarketing.com.br\\\/marketing\\\/#website\"},\"primaryImageOfPage\":{\"@id\":\"https:\\\/\\\/www.cidademarketing.com.br\\\/marketing\\\/2025\\\/02\\\/13\\\/lady-gaga-no-rio-de-janeiro-em-2025\\\/#primaryimage\"},\"image\":{\"@id\":\"https:\\\/\\\/www.cidademarketing.com.br\\\/marketing\\\/2025\\\/02\\\/13\\\/lady-gaga-no-rio-de-janeiro-em-2025\\\/#primaryimage\"},\"thumbnailUrl\":\"https:\\\/\\\/www.cidademarketing.com.br\\\/marketing\\\/wp-content\\\/uploads\\\/2025\\\/02\\\/show_ladygaga_riodejaneiro.webp\",\"datePublished\":\"2025-02-13T15:30:13+00:00\",\"breadcrumb\":{\"@id\":\"https:\\\/\\\/www.cidademarketing.com.br\\\/marketing\\\/2025\\\/02\\\/13\\\/lady-gaga-no-rio-de-janeiro-em-2025\\\/#breadcrumb\"},\"inLanguage\":\"pt-BR\",\"potentialAction\":[{\"@type\":\"ReadAction\",\"target\":[\"https:\\\/\\\/www.cidademarketing.com.br\\\/marketing\\\/2025\\\/02\\\/13\\\/lady-gaga-no-rio-de-janeiro-em-2025\\\/\"]}]},{\"@type\":\"ImageObject\",\"inLanguage\":\"pt-BR\",\"@id\":\"https:\\\/\\\/www.cidademarketing.com.br\\\/marketing\\\/2025\\\/02\\\/13\\\/lady-gaga-no-rio-de-janeiro-em-2025\\\/#primaryimage\",\"url\":\"https:\\\/\\\/www.cidademarketing.com.br\\\/marketing\\\/wp-content\\\/uploads\\\/2025\\\/02\\\/show_ladygaga_riodejaneiro.webp\",\"contentUrl\":\"https:\\\/\\\/www.cidademarketing.com.br\\\/marketing\\\/wp-content\\\/uploads\\\/2025\\\/02\\\/show_ladygaga_riodejaneiro.webp\",\"width\":1792,\"height\":1024,\"caption\":\"IA\"},{\"@type\":\"BreadcrumbList\",\"@id\":\"https:\\\/\\\/www.cidademarketing.com.br\\\/marketing\\\/2025\\\/02\\\/13\\\/lady-gaga-no-rio-de-janeiro-em-2025\\\/#breadcrumb\",\"itemListElement\":[{\"@type\":\"ListItem\",\"position\":1,\"name\":\"In\u00edcio\",\"item\":\"https:\\\/\\\/www.cidademarketing.com.br\\\/marketing\\\/\"},{\"@type\":\"ListItem\",\"position\":2,\"name\":\"Lady Gaga no Rio de Janeiro em 2025\"}]},{\"@type\":\"WebSite\",\"@id\":\"https:\\\/\\\/www.cidademarketing.com.br\\\/marketing\\\/#website\",\"url\":\"https:\\\/\\\/www.cidademarketing.com.br\\\/marketing\\\/\",\"name\":\"CidadeMarketing\",\"description\":\"Somos um ve\u00edculo de comunica\u00e7\u00e3o de destaque no Brasil, reconhecido por conte\u00fados nos segmentos de marketing, empreendedorismo e inova\u00e7\u00e3o.\",\"publisher\":{\"@id\":\"https:\\\/\\\/www.cidademarketing.com.br\\\/marketing\\\/#organization\"},\"alternateName\":\"CidadeMarketing\",\"potentialAction\":[{\"@type\":\"SearchAction\",\"target\":{\"@type\":\"EntryPoint\",\"urlTemplate\":\"https:\\\/\\\/www.cidademarketing.com.br\\\/marketing\\\/?s={search_term_string}\"},\"query-input\":{\"@type\":\"PropertyValueSpecification\",\"valueRequired\":true,\"valueName\":\"search_term_string\"}}],\"inLanguage\":\"pt-BR\"},{\"@type\":\"Organization\",\"@id\":\"https:\\\/\\\/www.cidademarketing.com.br\\\/marketing\\\/#organization\",\"name\":\"CidadeMarketing\",\"alternateName\":\"CidadeMarketing\",\"url\":\"https:\\\/\\\/www.cidademarketing.com.br\\\/marketing\\\/\",\"logo\":{\"@type\":\"ImageObject\",\"inLanguage\":\"pt-BR\",\"@id\":\"https:\\\/\\\/www.cidademarketing.com.br\\\/marketing\\\/#\\\/schema\\\/logo\\\/image\\\/\",\"url\":\"https:\\\/\\\/www.cidademarketing.com.br\\\/marketing\\\/wp-content\\\/uploads\\\/2020\\\/01\\\/cidademarketing_marca_mobile.png\",\"contentUrl\":\"https:\\\/\\\/www.cidademarketing.com.br\\\/marketing\\\/wp-content\\\/uploads\\\/2020\\\/01\\\/cidademarketing_marca_mobile.png\",\"width\":230,\"height\":92,\"caption\":\"CidadeMarketing\"},\"image\":{\"@id\":\"https:\\\/\\\/www.cidademarketing.com.br\\\/marketing\\\/#\\\/schema\\\/logo\\\/image\\\/\"},\"sameAs\":[\"https:\\\/\\\/www.facebook.com\\\/portalcidademarketing\",\"https:\\\/\\\/x.com\\\/CidadeMarketing\",\"https:\\\/\\\/www.instagram.com\\\/cidademarketing\\\/\"]},{\"@type\":\"Person\",\"@id\":\"https:\\\/\\\/www.cidademarketing.com.br\\\/marketing\\\/#\\\/schema\\\/person\\\/02daff9f18bd9378c9e01eb6b2db155f\",\"name\":\"Thales Brand\u00e3o\",\"image\":{\"@type\":\"ImageObject\",\"inLanguage\":\"pt-BR\",\"@id\":\"https:\\\/\\\/secure.gravatar.com\\\/avatar\\\/7ca3206950207cc3cb48feec56a8a7898741ab725c368d99d5d7a5a50aab80c6?s=96&d=mm&r=g\",\"url\":\"https:\\\/\\\/secure.gravatar.com\\\/avatar\\\/7ca3206950207cc3cb48feec56a8a7898741ab725c368d99d5d7a5a50aab80c6?s=96&d=mm&r=g\",\"contentUrl\":\"https:\\\/\\\/secure.gravatar.com\\\/avatar\\\/7ca3206950207cc3cb48feec56a8a7898741ab725c368d99d5d7a5a50aab80c6?s=96&d=mm&r=g\",\"caption\":\"Thales Brand\u00e3o\"},\"description\":\"Editor Executivo do Portal CidadeMarketing.com.br &gt; Mestre em Comunica\u00e7\u00e3o e Sociedade pela Universidade Federal de Sergipe. Possui MBA Executivo em Administra\u00e7\u00e3o com \u00eanfase em Marketing pela Funda\u00e7\u00e3o Get\u00falio Vargas - Rio de Janeiro. Consultor, Palestrante e Pesquisador sobre Empreendedorismo, Marketing, Redes Sociais e Neg\u00f3cios Digitais. Professor, Palestrante TedxTalks e Campus Party. Twitter: @ThalesBrandao\",\"sameAs\":[\"http:\\\/\\\/www.mandacaru.com.br\",\"https:\\\/\\\/www.facebook.com\\\/thalesbrandao\",\"http:\\\/\\\/www.instagram.com.br\\\/thalesbrandaoferreira\",\"https:\\\/\\\/www.linkedin.com\\\/in\\\/thales-brand\u00e3o-3948609\\\/\",\"https:\\\/\\\/x.com\\\/http:\\\/\\\/www.twitter.com\\\/thalesbrandao\"],\"url\":\"https:\\\/\\\/www.cidademarketing.com.br\\\/marketing\\\/author\\\/thalesbrandao\\\/\"}]}<\/script>\n<!-- \/ Yoast SEO plugin. -->","yoast_head_json":{"title":"Lady Gaga no Rio de Janeiro em 2025 - CidadeMarketing","robots":{"index":"index","follow":"follow","max-snippet":"max-snippet:-1","max-image-preview":"max-image-preview:large","max-video-preview":"max-video-preview:-1"},"canonical":"https:\/\/www.cidademarketing.com.br\/marketing\/2025\/02\/13\/lady-gaga-no-rio-de-janeiro-em-2025\/","og_locale":"pt_BR","og_type":"article","og_title":"Lady Gaga no Rio de Janeiro em 2025 - CidadeMarketing","og_description":"O prefeito Eduardo Paes confirmou oficialmente a vinda de Lady Gaga ao Rio de Janeiro para um show no dia 3 de maio de 2025. O an\u00fancio, feito nesta ter\u00e7a-feira, gerou grande expectativa entre os f\u00e3s da cantora e consolidou a estrat\u00e9gia da cidade de sediar grandes eventos internacionais. Paes destacou a import\u00e2ncia de espet\u00e1culos [&hellip;]","og_url":"https:\/\/www.cidademarketing.com.br\/marketing\/2025\/02\/13\/lady-gaga-no-rio-de-janeiro-em-2025\/","og_site_name":"CidadeMarketing","article_publisher":"https:\/\/www.facebook.com\/portalcidademarketing","article_author":"https:\/\/www.facebook.com\/thalesbrandao","article_published_time":"2025-02-13T15:30:13+00:00","og_image":[{"width":1792,"height":1024,"url":"https:\/\/www.cidademarketing.com.br\/marketing\/wp-content\/uploads\/2025\/02\/show_ladygaga_riodejaneiro.webp","type":"image\/webp"}],"author":"Thales Brand\u00e3o","twitter_card":"summary_large_image","twitter_creator":"@http:\/\/www.twitter.com\/thalesbrandao","twitter_site":"@CidadeMarketing","twitter_misc":{"Escrito por":"Thales Brand\u00e3o","Est. tempo de leitura":"3 minutos"},"schema":{"@context":"https:\/\/schema.org","@graph":[{"@type":"Article","@id":"https:\/\/www.cidademarketing.com.br\/marketing\/2025\/02\/13\/lady-gaga-no-rio-de-janeiro-em-2025\/#article","isPartOf":{"@id":"https:\/\/www.cidademarketing.com.br\/marketing\/2025\/02\/13\/lady-gaga-no-rio-de-janeiro-em-2025\/"},"author":{"name":"Thales Brand\u00e3o","@id":"https:\/\/www.cidademarketing.com.br\/marketing\/#\/schema\/person\/02daff9f18bd9378c9e01eb6b2db155f"},"headline":"Lady Gaga no Rio de Janeiro em 2025","datePublished":"2025-02-13T15:30:13+00:00","mainEntityOfPage":{"@id":"https:\/\/www.cidademarketing.com.br\/marketing\/2025\/02\/13\/lady-gaga-no-rio-de-janeiro-em-2025\/"},"wordCount":509,"commentCount":0,"publisher":{"@id":"https:\/\/www.cidademarketing.com.br\/marketing\/#organization"},"image":{"@id":"https:\/\/www.cidademarketing.com.br\/marketing\/2025\/02\/13\/lady-gaga-no-rio-de-janeiro-em-2025\/#primaryimage"},"thumbnailUrl":"https:\/\/www.cidademarketing.com.br\/marketing\/wp-content\/uploads\/2025\/02\/show_ladygaga_riodejaneiro.webp","keywords":["campanha","economia","estrat\u00e9gia","experi\u00eancia","Lady Gaga","Madonna","marketing","mercado","m\u00fasica","Rio","Rio de Janeiro","turismo"],"articleSection":["Not\u00edcias"],"inLanguage":"pt-BR","potentialAction":[{"@type":"CommentAction","name":"Comment","target":["https:\/\/www.cidademarketing.com.br\/marketing\/2025\/02\/13\/lady-gaga-no-rio-de-janeiro-em-2025\/#respond"]}]},{"@type":"WebPage","@id":"https:\/\/www.cidademarketing.com.br\/marketing\/2025\/02\/13\/lady-gaga-no-rio-de-janeiro-em-2025\/","url":"https:\/\/www.cidademarketing.com.br\/marketing\/2025\/02\/13\/lady-gaga-no-rio-de-janeiro-em-2025\/","name":"Lady Gaga no Rio de Janeiro em 2025 - CidadeMarketing","isPartOf":{"@id":"https:\/\/www.cidademarketing.com.br\/marketing\/#website"},"primaryImageOfPage":{"@id":"https:\/\/www.cidademarketing.com.br\/marketing\/2025\/02\/13\/lady-gaga-no-rio-de-janeiro-em-2025\/#primaryimage"},"image":{"@id":"https:\/\/www.cidademarketing.com.br\/marketing\/2025\/02\/13\/lady-gaga-no-rio-de-janeiro-em-2025\/#primaryimage"},"thumbnailUrl":"https:\/\/www.cidademarketing.com.br\/marketing\/wp-content\/uploads\/2025\/02\/show_ladygaga_riodejaneiro.webp","datePublished":"2025-02-13T15:30:13+00:00","breadcrumb":{"@id":"https:\/\/www.cidademarketing.com.br\/marketing\/2025\/02\/13\/lady-gaga-no-rio-de-janeiro-em-2025\/#breadcrumb"},"inLanguage":"pt-BR","potentialAction":[{"@type":"ReadAction","target":["https:\/\/www.cidademarketing.com.br\/marketing\/2025\/02\/13\/lady-gaga-no-rio-de-janeiro-em-2025\/"]}]},{"@type":"ImageObject","inLanguage":"pt-BR","@id":"https:\/\/www.cidademarketing.com.br\/marketing\/2025\/02\/13\/lady-gaga-no-rio-de-janeiro-em-2025\/#primaryimage","url":"https:\/\/www.cidademarketing.com.br\/marketing\/wp-content\/uploads\/2025\/02\/show_ladygaga_riodejaneiro.webp","contentUrl":"https:\/\/www.cidademarketing.com.br\/marketing\/wp-content\/uploads\/2025\/02\/show_ladygaga_riodejaneiro.webp","width":1792,"height":1024,"caption":"IA"},{"@type":"BreadcrumbList","@id":"https:\/\/www.cidademarketing.com.br\/marketing\/2025\/02\/13\/lady-gaga-no-rio-de-janeiro-em-2025\/#breadcrumb","itemListElement":[{"@type":"ListItem","position":1,"name":"In\u00edcio","item":"https:\/\/www.cidademarketing.com.br\/marketing\/"},{"@type":"ListItem","position":2,"name":"Lady Gaga no Rio de Janeiro em 2025"}]},{"@type":"WebSite","@id":"https:\/\/www.cidademarketing.com.br\/marketing\/#website","url":"https:\/\/www.cidademarketing.com.br\/marketing\/","name":"CidadeMarketing","description":"Somos um ve\u00edculo de comunica\u00e7\u00e3o de destaque no Brasil, reconhecido por conte\u00fados nos segmentos de marketing, empreendedorismo e inova\u00e7\u00e3o.","publisher":{"@id":"https:\/\/www.cidademarketing.com.br\/marketing\/#organization"},"alternateName":"CidadeMarketing","potentialAction":[{"@type":"SearchAction","target":{"@type":"EntryPoint","urlTemplate":"https:\/\/www.cidademarketing.com.br\/marketing\/?s={search_term_string}"},"query-input":{"@type":"PropertyValueSpecification","valueRequired":true,"valueName":"search_term_string"}}],"inLanguage":"pt-BR"},{"@type":"Organization","@id":"https:\/\/www.cidademarketing.com.br\/marketing\/#organization","name":"CidadeMarketing","alternateName":"CidadeMarketing","url":"https:\/\/www.cidademarketing.com.br\/marketing\/","logo":{"@type":"ImageObject","inLanguage":"pt-BR","@id":"https:\/\/www.cidademarketing.com.br\/marketing\/#\/schema\/logo\/image\/","url":"https:\/\/www.cidademarketing.com.br\/marketing\/wp-content\/uploads\/2020\/01\/cidademarketing_marca_mobile.png","contentUrl":"https:\/\/www.cidademarketing.com.br\/marketing\/wp-content\/uploads\/2020\/01\/cidademarketing_marca_mobile.png","width":230,"height":92,"caption":"CidadeMarketing"},"image":{"@id":"https:\/\/www.cidademarketing.com.br\/marketing\/#\/schema\/logo\/image\/"},"sameAs":["https:\/\/www.facebook.com\/portalcidademarketing","https:\/\/x.com\/CidadeMarketing","https:\/\/www.instagram.com\/cidademarketing\/"]},{"@type":"Person","@id":"https:\/\/www.cidademarketing.com.br\/marketing\/#\/schema\/person\/02daff9f18bd9378c9e01eb6b2db155f","name":"Thales Brand\u00e3o","image":{"@type":"ImageObject","inLanguage":"pt-BR","@id":"https:\/\/secure.gravatar.com\/avatar\/7ca3206950207cc3cb48feec56a8a7898741ab725c368d99d5d7a5a50aab80c6?s=96&d=mm&r=g","url":"https:\/\/secure.gravatar.com\/avatar\/7ca3206950207cc3cb48feec56a8a7898741ab725c368d99d5d7a5a50aab80c6?s=96&d=mm&r=g","contentUrl":"https:\/\/secure.gravatar.com\/avatar\/7ca3206950207cc3cb48feec56a8a7898741ab725c368d99d5d7a5a50aab80c6?s=96&d=mm&r=g","caption":"Thales Brand\u00e3o"},"description":"Editor Executivo do Portal CidadeMarketing.com.br &gt; Mestre em Comunica\u00e7\u00e3o e Sociedade pela Universidade Federal de Sergipe. Possui MBA Executivo em Administra\u00e7\u00e3o com \u00eanfase em Marketing pela Funda\u00e7\u00e3o Get\u00falio Vargas - Rio de Janeiro. Consultor, Palestrante e Pesquisador sobre Empreendedorismo, Marketing, Redes Sociais e Neg\u00f3cios Digitais. Professor, Palestrante TedxTalks e Campus Party. Twitter: @ThalesBrandao","sameAs":["http:\/\/www.mandacaru.com.br","https:\/\/www.facebook.com\/thalesbrandao","http:\/\/www.instagram.com.br\/thalesbrandaoferreira","https:\/\/www.linkedin.com\/in\/thales-brand\u00e3o-3948609\/","https:\/\/x.com\/http:\/\/www.twitter.com\/thalesbrandao"],"url":"https:\/\/www.cidademarketing.com.br\/marketing\/author\/thalesbrandao\/"}]}},"amp_enabled":true,"_links":{"self":[{"href":"https:\/\/www.cidademarketing.com.br\/marketing\/wp-json\/wp\/v2\/posts\/54958","targetHints":{"allow":["GET"]}}],"collection":[{"href":"https:\/\/www.cidademarketing.com.br\/marketing\/wp-json\/wp\/v2\/posts"}],"about":[{"href":"https:\/\/www.cidademarketing.com.br\/marketing\/wp-json\/wp\/v2\/types\/post"}],"author":[{"embeddable":true,"href":"https:\/\/www.cidademarketing.com.br\/marketing\/wp-json\/wp\/v2\/users\/1"}],"replies":[{"embeddable":true,"href":"https:\/\/www.cidademarketing.com.br\/marketing\/wp-json\/wp\/v2\/comments?post=54958"}],"version-history":[{"count":1,"href":"https:\/\/www.cidademarketing.com.br\/marketing\/wp-json\/wp\/v2\/posts\/54958\/revisions"}],"predecessor-version":[{"id":54962,"href":"https:\/\/www.cidademarketing.com.br\/marketing\/wp-json\/wp\/v2\/posts\/54958\/revisions\/54962"}],"wp:featuredmedia":[{"embeddable":true,"href":"https:\/\/www.cidademarketing.com.br\/marketing\/wp-json\/wp\/v2\/media\/54961"}],"wp:attachment":[{"href":"https:\/\/www.cidademarketing.com.br\/marketing\/wp-json\/wp\/v2\/media?parent=54958"}],"wp:term":[{"taxonomy":"category","embeddable":true,"href":"https:\/\/www.cidademarketing.com.br\/marketing\/wp-json\/wp\/v2\/categories?post=54958"},{"taxonomy":"post_tag","embeddable":true,"href":"https:\/\/www.cidademarketing.com.br\/marketing\/wp-json\/wp\/v2\/tags?post=54958"}],"curies":[{"name":"wp","href":"https:\/\/api.w.org\/{rel}","templated":true}]}}