{"id":54766,"date":"2025-01-30T23:31:44","date_gmt":"2025-01-31T02:31:44","guid":{"rendered":"https:\/\/www.cidademarketing.com.br\/marketing\/?p=54766"},"modified":"2025-01-30T23:34:22","modified_gmt":"2025-01-31T02:34:22","slug":"sabina-simonato-assume-o-bom-dia-sao-paulo-apos-saida-de-rodrigo-bocardi","status":"publish","type":"post","link":"https:\/\/www.cidademarketing.com.br\/marketing\/2025\/01\/30\/sabina-simonato-assume-o-bom-dia-sao-paulo-apos-saida-de-rodrigo-bocardi\/","title":{"rendered":"Sabina Simonato assume o Bom Dia S\u00e3o Paulo ap\u00f3s sa\u00edda de Rodrigo Bocardi"},"content":{"rendered":"<p>A TV Globo anunciou que Sabina Simonato, 40, ser\u00e1 a nova apresentadora interina do Bom Dia S\u00e3o Paulo, substituindo Rodrigo Bocardi, 49, ap\u00f3s a demiss\u00e3o do jornalista nesta quinta-feira (30). Al\u00e9m do comando interino do telejornal matinal, a profissional tamb\u00e9m estar\u00e1 \u00e0 frente do Bom Dia S\u00e1bado, ao lado de Marcelo Pereira, cuja estreia est\u00e1 marcada para o pr\u00f3ximo s\u00e1bado (1\u00ba de fevereiro).<\/p>\n<p>Sabina, que j\u00e1 atuava como coapresentadora do Bom Dia SP, assume o comando do jornal a partir desta sexta-feira (31). Sua trajet\u00f3ria na emissora inclui reportagens de destaque e presen\u00e7a constante na programa\u00e7\u00e3o matinal da Globo, consolidando-se como um rosto conhecido do p\u00fablico paulista.<\/p>\n<p>Rodrigo Bocardi ingressou na TV Globo em 1999, onde construiu uma carreira s\u00f3lida ao longo de quase 26 anos. Entre 2009 e 2013, atuou como correspondente internacional em Nova York, cobrindo eventos de relev\u00e2ncia global. De volta ao Brasil, assumiu o Bom Dia S\u00e3o Paulo em maio de 2013, conquistando a audi\u00eancia com seu estilo direto e an\u00e1lises aprofundadas sobre os temas do cotidiano.<\/p>\n<p>Al\u00e9m do jornal matinal, Bocardi participou de diversas edi\u00e7\u00f5es do Jornal Nacional como parte do rod\u00edzio de apresentadores e esteve \u00e0 frente de transmiss\u00f5es especiais, como o Carnaval de S\u00e3o Paulo em 2023. Sua \u00faltima apari\u00e7\u00e3o na bancada do Jornal Nacional foi no \u00faltimo s\u00e1bado (25), ao lado de Ana Paula Ara\u00fajo.<\/p>\n<p>At\u00e9 o momento, Rodrigo Bocardi n\u00e3o se manifestou publicamente sobre sua sa\u00edda da emissora.\u00a0 A nomea\u00e7\u00e3o de Sabina Simonato refor\u00e7a a aposta da Globo em rostos j\u00e1 conhecidos pelo p\u00fablico para manter a continuidade do jornal matinal. Com a estreia do Bom Dia S\u00e1bado, a emissora amplia sua grade jornal\u00edstica aos fins de semana, oferecendo um novo formato de notici\u00e1rio aos telespectadores paulistas.<\/p>\n<p>Ainda n\u00e3o h\u00e1 confirma\u00e7\u00e3o oficial sobre a escolha definitiva para o comando do Bom Dia S\u00e3o Paulo. No entanto, a emissora segue ajustando sua programa\u00e7\u00e3o para manter a lideran\u00e7a na audi\u00eancia matinal.<\/p>\n<p>A mudan\u00e7a repercutiu nas redes sociais, tornando Rodrigo Bocardi um dos assuntos mais comentados no X, antigo Twitter. No Google Trends, o tema tamb\u00e9m ganhou destaque, registrando mais de 50 mil buscas.<\/p>\n","protected":false},"excerpt":{"rendered":"<p>A TV Globo anunciou que Sabina Simonato, 40, ser\u00e1 a nova apresentadora interina do Bom Dia S\u00e3o Paulo, substituindo Rodrigo Bocardi, 49, ap\u00f3s a demiss\u00e3o do jornalista nesta quinta-feira (30). Al\u00e9m do comando interino do telejornal matinal, a profissional tamb\u00e9m estar\u00e1 \u00e0 frente do Bom Dia S\u00e1bado, ao lado de Marcelo Pereira, cuja estreia est\u00e1 [&hellip;]<\/p>\n","protected":false},"author":1,"featured_media":54767,"comment_status":"open","ping_status":"open","sticky":false,"template":"","format":"standard","meta":{"tdm_status":"","tdm_grid_status":"","footnotes":""},"categories":[6],"tags":[8736,308,215,645,1024,28,8735,8737,656,1200,1017],"class_list":["post-54766","post","type-post","status-publish","format-standard","has-post-thumbnail","hentry","category-noticias","tag-ancora","tag-comunicacao","tag-globo","tag-jornalismo","tag-jornalista","tag-marketing","tag-rodrigo-bocardi","tag-sabina-simonato","tag-sao-paulo","tag-sp","tag-tv-globo"],"yoast_head":"<!-- This site is optimized with the Yoast SEO plugin v27.5 - https:\/\/yoast.com\/product\/yoast-seo-wordpress\/ -->\n<title>Sabina Simonato assume o Bom Dia S\u00e3o Paulo ap\u00f3s sa\u00edda de Rodrigo Bocardi - CidadeMarketing<\/title>\n<meta name=\"robots\" content=\"index, follow, max-snippet:-1, max-image-preview:large, max-video-preview:-1\" \/>\n<link rel=\"canonical\" href=\"https:\/\/www.cidademarketing.com.br\/marketing\/2025\/01\/30\/sabina-simonato-assume-o-bom-dia-sao-paulo-apos-saida-de-rodrigo-bocardi\/\" \/>\n<meta property=\"og:locale\" content=\"pt_BR\" \/>\n<meta property=\"og:type\" content=\"article\" \/>\n<meta property=\"og:title\" content=\"Sabina Simonato assume o Bom Dia S\u00e3o Paulo ap\u00f3s sa\u00edda de Rodrigo Bocardi - CidadeMarketing\" \/>\n<meta property=\"og:description\" content=\"A TV Globo anunciou que Sabina Simonato, 40, ser\u00e1 a nova apresentadora interina do Bom Dia S\u00e3o Paulo, substituindo Rodrigo Bocardi, 49, ap\u00f3s a demiss\u00e3o do jornalista nesta quinta-feira (30). Al\u00e9m do comando interino do telejornal matinal, a profissional tamb\u00e9m estar\u00e1 \u00e0 frente do Bom Dia S\u00e1bado, ao lado de Marcelo Pereira, cuja estreia est\u00e1 [&hellip;]\" \/>\n<meta property=\"og:url\" content=\"https:\/\/www.cidademarketing.com.br\/marketing\/2025\/01\/30\/sabina-simonato-assume-o-bom-dia-sao-paulo-apos-saida-de-rodrigo-bocardi\/\" \/>\n<meta property=\"og:site_name\" content=\"CidadeMarketing\" \/>\n<meta property=\"article:publisher\" content=\"https:\/\/www.facebook.com\/portalcidademarketing\" \/>\n<meta property=\"article:author\" content=\"https:\/\/www.facebook.com\/thalesbrandao\" \/>\n<meta property=\"article:published_time\" content=\"2025-01-31T02:31:44+00:00\" \/>\n<meta property=\"article:modified_time\" content=\"2025-01-31T02:34:22+00:00\" \/>\n<meta property=\"og:image\" content=\"https:\/\/www.cidademarketing.com.br\/marketing\/wp-content\/uploads\/2025\/01\/Rodrigo_Bocardi_e_Sabina_Simonato.webp\" \/>\n\t<meta property=\"og:image:width\" content=\"833\" \/>\n\t<meta property=\"og:image:height\" content=\"839\" \/>\n\t<meta property=\"og:image:type\" content=\"image\/webp\" \/>\n<meta name=\"author\" content=\"Thales Brand\u00e3o\" \/>\n<meta name=\"twitter:card\" content=\"summary_large_image\" \/>\n<meta name=\"twitter:creator\" content=\"@http:\/\/www.twitter.com\/thalesbrandao\" \/>\n<meta name=\"twitter:site\" content=\"@CidadeMarketing\" \/>\n<meta name=\"twitter:label1\" content=\"Escrito por\" \/>\n\t<meta name=\"twitter:data1\" content=\"Thales Brand\u00e3o\" \/>\n\t<meta name=\"twitter:label2\" content=\"Est. tempo de leitura\" \/>\n\t<meta name=\"twitter:data2\" content=\"2 minutos\" \/>\n<script type=\"application\/ld+json\" class=\"yoast-schema-graph\">{\"@context\":\"https:\\\/\\\/schema.org\",\"@graph\":[{\"@type\":\"Article\",\"@id\":\"https:\\\/\\\/www.cidademarketing.com.br\\\/marketing\\\/2025\\\/01\\\/30\\\/sabina-simonato-assume-o-bom-dia-sao-paulo-apos-saida-de-rodrigo-bocardi\\\/#article\",\"isPartOf\":{\"@id\":\"https:\\\/\\\/www.cidademarketing.com.br\\\/marketing\\\/2025\\\/01\\\/30\\\/sabina-simonato-assume-o-bom-dia-sao-paulo-apos-saida-de-rodrigo-bocardi\\\/\"},\"author\":{\"name\":\"Thales Brand\u00e3o\",\"@id\":\"https:\\\/\\\/www.cidademarketing.com.br\\\/marketing\\\/#\\\/schema\\\/person\\\/02daff9f18bd9378c9e01eb6b2db155f\"},\"headline\":\"Sabina Simonato assume o Bom Dia S\u00e3o Paulo ap\u00f3s sa\u00edda de Rodrigo Bocardi\",\"datePublished\":\"2025-01-31T02:31:44+00:00\",\"dateModified\":\"2025-01-31T02:34:22+00:00\",\"mainEntityOfPage\":{\"@id\":\"https:\\\/\\\/www.cidademarketing.com.br\\\/marketing\\\/2025\\\/01\\\/30\\\/sabina-simonato-assume-o-bom-dia-sao-paulo-apos-saida-de-rodrigo-bocardi\\\/\"},\"wordCount\":392,\"commentCount\":0,\"publisher\":{\"@id\":\"https:\\\/\\\/www.cidademarketing.com.br\\\/marketing\\\/#organization\"},\"image\":{\"@id\":\"https:\\\/\\\/www.cidademarketing.com.br\\\/marketing\\\/2025\\\/01\\\/30\\\/sabina-simonato-assume-o-bom-dia-sao-paulo-apos-saida-de-rodrigo-bocardi\\\/#primaryimage\"},\"thumbnailUrl\":\"https:\\\/\\\/www.cidademarketing.com.br\\\/marketing\\\/wp-content\\\/uploads\\\/2025\\\/01\\\/Rodrigo_Bocardi_e_Sabina_Simonato.webp\",\"keywords\":[\"\u00e2ncora\",\"comunica\u00e7\u00e3o\",\"Globo\",\"jornalismo\",\"jornalista\",\"marketing\",\"Rodrigo Bocardi\",\"Sabina Simonato\",\"S\u00e3o Paulo\",\"SP\",\"TV Globo\"],\"articleSection\":[\"Not\u00edcias\"],\"inLanguage\":\"pt-BR\",\"potentialAction\":[{\"@type\":\"CommentAction\",\"name\":\"Comment\",\"target\":[\"https:\\\/\\\/www.cidademarketing.com.br\\\/marketing\\\/2025\\\/01\\\/30\\\/sabina-simonato-assume-o-bom-dia-sao-paulo-apos-saida-de-rodrigo-bocardi\\\/#respond\"]}]},{\"@type\":\"WebPage\",\"@id\":\"https:\\\/\\\/www.cidademarketing.com.br\\\/marketing\\\/2025\\\/01\\\/30\\\/sabina-simonato-assume-o-bom-dia-sao-paulo-apos-saida-de-rodrigo-bocardi\\\/\",\"url\":\"https:\\\/\\\/www.cidademarketing.com.br\\\/marketing\\\/2025\\\/01\\\/30\\\/sabina-simonato-assume-o-bom-dia-sao-paulo-apos-saida-de-rodrigo-bocardi\\\/\",\"name\":\"Sabina Simonato assume o Bom Dia S\u00e3o Paulo ap\u00f3s sa\u00edda de Rodrigo Bocardi - CidadeMarketing\",\"isPartOf\":{\"@id\":\"https:\\\/\\\/www.cidademarketing.com.br\\\/marketing\\\/#website\"},\"primaryImageOfPage\":{\"@id\":\"https:\\\/\\\/www.cidademarketing.com.br\\\/marketing\\\/2025\\\/01\\\/30\\\/sabina-simonato-assume-o-bom-dia-sao-paulo-apos-saida-de-rodrigo-bocardi\\\/#primaryimage\"},\"image\":{\"@id\":\"https:\\\/\\\/www.cidademarketing.com.br\\\/marketing\\\/2025\\\/01\\\/30\\\/sabina-simonato-assume-o-bom-dia-sao-paulo-apos-saida-de-rodrigo-bocardi\\\/#primaryimage\"},\"thumbnailUrl\":\"https:\\\/\\\/www.cidademarketing.com.br\\\/marketing\\\/wp-content\\\/uploads\\\/2025\\\/01\\\/Rodrigo_Bocardi_e_Sabina_Simonato.webp\",\"datePublished\":\"2025-01-31T02:31:44+00:00\",\"dateModified\":\"2025-01-31T02:34:22+00:00\",\"breadcrumb\":{\"@id\":\"https:\\\/\\\/www.cidademarketing.com.br\\\/marketing\\\/2025\\\/01\\\/30\\\/sabina-simonato-assume-o-bom-dia-sao-paulo-apos-saida-de-rodrigo-bocardi\\\/#breadcrumb\"},\"inLanguage\":\"pt-BR\",\"potentialAction\":[{\"@type\":\"ReadAction\",\"target\":[\"https:\\\/\\\/www.cidademarketing.com.br\\\/marketing\\\/2025\\\/01\\\/30\\\/sabina-simonato-assume-o-bom-dia-sao-paulo-apos-saida-de-rodrigo-bocardi\\\/\"]}]},{\"@type\":\"ImageObject\",\"inLanguage\":\"pt-BR\",\"@id\":\"https:\\\/\\\/www.cidademarketing.com.br\\\/marketing\\\/2025\\\/01\\\/30\\\/sabina-simonato-assume-o-bom-dia-sao-paulo-apos-saida-de-rodrigo-bocardi\\\/#primaryimage\",\"url\":\"https:\\\/\\\/www.cidademarketing.com.br\\\/marketing\\\/wp-content\\\/uploads\\\/2025\\\/01\\\/Rodrigo_Bocardi_e_Sabina_Simonato.webp\",\"contentUrl\":\"https:\\\/\\\/www.cidademarketing.com.br\\\/marketing\\\/wp-content\\\/uploads\\\/2025\\\/01\\\/Rodrigo_Bocardi_e_Sabina_Simonato.webp\",\"width\":833,\"height\":839,\"caption\":\"Rodrigo Bocardi e Sabina Simonato. Reprodu\u00e7\u00e3o\\\/Instagram\"},{\"@type\":\"BreadcrumbList\",\"@id\":\"https:\\\/\\\/www.cidademarketing.com.br\\\/marketing\\\/2025\\\/01\\\/30\\\/sabina-simonato-assume-o-bom-dia-sao-paulo-apos-saida-de-rodrigo-bocardi\\\/#breadcrumb\",\"itemListElement\":[{\"@type\":\"ListItem\",\"position\":1,\"name\":\"In\u00edcio\",\"item\":\"https:\\\/\\\/www.cidademarketing.com.br\\\/marketing\\\/\"},{\"@type\":\"ListItem\",\"position\":2,\"name\":\"Sabina Simonato assume o Bom Dia S\u00e3o Paulo ap\u00f3s sa\u00edda de Rodrigo Bocardi\"}]},{\"@type\":\"WebSite\",\"@id\":\"https:\\\/\\\/www.cidademarketing.com.br\\\/marketing\\\/#website\",\"url\":\"https:\\\/\\\/www.cidademarketing.com.br\\\/marketing\\\/\",\"name\":\"CidadeMarketing\",\"description\":\"Somos um ve\u00edculo de comunica\u00e7\u00e3o de destaque no Brasil, reconhecido por conte\u00fados nos segmentos de marketing, empreendedorismo e inova\u00e7\u00e3o.\",\"publisher\":{\"@id\":\"https:\\\/\\\/www.cidademarketing.com.br\\\/marketing\\\/#organization\"},\"alternateName\":\"CidadeMarketing\",\"potentialAction\":[{\"@type\":\"SearchAction\",\"target\":{\"@type\":\"EntryPoint\",\"urlTemplate\":\"https:\\\/\\\/www.cidademarketing.com.br\\\/marketing\\\/?s={search_term_string}\"},\"query-input\":{\"@type\":\"PropertyValueSpecification\",\"valueRequired\":true,\"valueName\":\"search_term_string\"}}],\"inLanguage\":\"pt-BR\"},{\"@type\":\"Organization\",\"@id\":\"https:\\\/\\\/www.cidademarketing.com.br\\\/marketing\\\/#organization\",\"name\":\"CidadeMarketing\",\"alternateName\":\"CidadeMarketing\",\"url\":\"https:\\\/\\\/www.cidademarketing.com.br\\\/marketing\\\/\",\"logo\":{\"@type\":\"ImageObject\",\"inLanguage\":\"pt-BR\",\"@id\":\"https:\\\/\\\/www.cidademarketing.com.br\\\/marketing\\\/#\\\/schema\\\/logo\\\/image\\\/\",\"url\":\"https:\\\/\\\/www.cidademarketing.com.br\\\/marketing\\\/wp-content\\\/uploads\\\/2020\\\/01\\\/cidademarketing_marca_mobile.png\",\"contentUrl\":\"https:\\\/\\\/www.cidademarketing.com.br\\\/marketing\\\/wp-content\\\/uploads\\\/2020\\\/01\\\/cidademarketing_marca_mobile.png\",\"width\":230,\"height\":92,\"caption\":\"CidadeMarketing\"},\"image\":{\"@id\":\"https:\\\/\\\/www.cidademarketing.com.br\\\/marketing\\\/#\\\/schema\\\/logo\\\/image\\\/\"},\"sameAs\":[\"https:\\\/\\\/www.facebook.com\\\/portalcidademarketing\",\"https:\\\/\\\/x.com\\\/CidadeMarketing\",\"https:\\\/\\\/www.instagram.com\\\/cidademarketing\\\/\"]},{\"@type\":\"Person\",\"@id\":\"https:\\\/\\\/www.cidademarketing.com.br\\\/marketing\\\/#\\\/schema\\\/person\\\/02daff9f18bd9378c9e01eb6b2db155f\",\"name\":\"Thales Brand\u00e3o\",\"image\":{\"@type\":\"ImageObject\",\"inLanguage\":\"pt-BR\",\"@id\":\"https:\\\/\\\/secure.gravatar.com\\\/avatar\\\/7ca3206950207cc3cb48feec56a8a7898741ab725c368d99d5d7a5a50aab80c6?s=96&d=mm&r=g\",\"url\":\"https:\\\/\\\/secure.gravatar.com\\\/avatar\\\/7ca3206950207cc3cb48feec56a8a7898741ab725c368d99d5d7a5a50aab80c6?s=96&d=mm&r=g\",\"contentUrl\":\"https:\\\/\\\/secure.gravatar.com\\\/avatar\\\/7ca3206950207cc3cb48feec56a8a7898741ab725c368d99d5d7a5a50aab80c6?s=96&d=mm&r=g\",\"caption\":\"Thales Brand\u00e3o\"},\"description\":\"Editor Executivo do Portal CidadeMarketing.com.br &gt; Mestre em Comunica\u00e7\u00e3o e Sociedade pela Universidade Federal de Sergipe. Possui MBA Executivo em Administra\u00e7\u00e3o com \u00eanfase em Marketing pela Funda\u00e7\u00e3o Get\u00falio Vargas - Rio de Janeiro. Consultor, Palestrante e Pesquisador sobre Empreendedorismo, Marketing, Redes Sociais e Neg\u00f3cios Digitais. Professor, Palestrante TedxTalks e Campus Party. Twitter: @ThalesBrandao\",\"sameAs\":[\"http:\\\/\\\/www.mandacaru.com.br\",\"https:\\\/\\\/www.facebook.com\\\/thalesbrandao\",\"http:\\\/\\\/www.instagram.com.br\\\/thalesbrandaoferreira\",\"https:\\\/\\\/www.linkedin.com\\\/in\\\/thales-brand\u00e3o-3948609\\\/\",\"https:\\\/\\\/x.com\\\/http:\\\/\\\/www.twitter.com\\\/thalesbrandao\"],\"url\":\"https:\\\/\\\/www.cidademarketing.com.br\\\/marketing\\\/author\\\/thalesbrandao\\\/\"}]}<\/script>\n<!-- \/ Yoast SEO plugin. -->","yoast_head_json":{"title":"Sabina Simonato assume o Bom Dia S\u00e3o Paulo ap\u00f3s sa\u00edda de Rodrigo Bocardi - CidadeMarketing","robots":{"index":"index","follow":"follow","max-snippet":"max-snippet:-1","max-image-preview":"max-image-preview:large","max-video-preview":"max-video-preview:-1"},"canonical":"https:\/\/www.cidademarketing.com.br\/marketing\/2025\/01\/30\/sabina-simonato-assume-o-bom-dia-sao-paulo-apos-saida-de-rodrigo-bocardi\/","og_locale":"pt_BR","og_type":"article","og_title":"Sabina Simonato assume o Bom Dia S\u00e3o Paulo ap\u00f3s sa\u00edda de Rodrigo Bocardi - CidadeMarketing","og_description":"A TV Globo anunciou que Sabina Simonato, 40, ser\u00e1 a nova apresentadora interina do Bom Dia S\u00e3o Paulo, substituindo Rodrigo Bocardi, 49, ap\u00f3s a demiss\u00e3o do jornalista nesta quinta-feira (30). Al\u00e9m do comando interino do telejornal matinal, a profissional tamb\u00e9m estar\u00e1 \u00e0 frente do Bom Dia S\u00e1bado, ao lado de Marcelo Pereira, cuja estreia est\u00e1 [&hellip;]","og_url":"https:\/\/www.cidademarketing.com.br\/marketing\/2025\/01\/30\/sabina-simonato-assume-o-bom-dia-sao-paulo-apos-saida-de-rodrigo-bocardi\/","og_site_name":"CidadeMarketing","article_publisher":"https:\/\/www.facebook.com\/portalcidademarketing","article_author":"https:\/\/www.facebook.com\/thalesbrandao","article_published_time":"2025-01-31T02:31:44+00:00","article_modified_time":"2025-01-31T02:34:22+00:00","og_image":[{"width":833,"height":839,"url":"https:\/\/www.cidademarketing.com.br\/marketing\/wp-content\/uploads\/2025\/01\/Rodrigo_Bocardi_e_Sabina_Simonato.webp","type":"image\/webp"}],"author":"Thales Brand\u00e3o","twitter_card":"summary_large_image","twitter_creator":"@http:\/\/www.twitter.com\/thalesbrandao","twitter_site":"@CidadeMarketing","twitter_misc":{"Escrito por":"Thales Brand\u00e3o","Est. tempo de leitura":"2 minutos"},"schema":{"@context":"https:\/\/schema.org","@graph":[{"@type":"Article","@id":"https:\/\/www.cidademarketing.com.br\/marketing\/2025\/01\/30\/sabina-simonato-assume-o-bom-dia-sao-paulo-apos-saida-de-rodrigo-bocardi\/#article","isPartOf":{"@id":"https:\/\/www.cidademarketing.com.br\/marketing\/2025\/01\/30\/sabina-simonato-assume-o-bom-dia-sao-paulo-apos-saida-de-rodrigo-bocardi\/"},"author":{"name":"Thales Brand\u00e3o","@id":"https:\/\/www.cidademarketing.com.br\/marketing\/#\/schema\/person\/02daff9f18bd9378c9e01eb6b2db155f"},"headline":"Sabina Simonato assume o Bom Dia S\u00e3o Paulo ap\u00f3s sa\u00edda de Rodrigo Bocardi","datePublished":"2025-01-31T02:31:44+00:00","dateModified":"2025-01-31T02:34:22+00:00","mainEntityOfPage":{"@id":"https:\/\/www.cidademarketing.com.br\/marketing\/2025\/01\/30\/sabina-simonato-assume-o-bom-dia-sao-paulo-apos-saida-de-rodrigo-bocardi\/"},"wordCount":392,"commentCount":0,"publisher":{"@id":"https:\/\/www.cidademarketing.com.br\/marketing\/#organization"},"image":{"@id":"https:\/\/www.cidademarketing.com.br\/marketing\/2025\/01\/30\/sabina-simonato-assume-o-bom-dia-sao-paulo-apos-saida-de-rodrigo-bocardi\/#primaryimage"},"thumbnailUrl":"https:\/\/www.cidademarketing.com.br\/marketing\/wp-content\/uploads\/2025\/01\/Rodrigo_Bocardi_e_Sabina_Simonato.webp","keywords":["\u00e2ncora","comunica\u00e7\u00e3o","Globo","jornalismo","jornalista","marketing","Rodrigo Bocardi","Sabina Simonato","S\u00e3o Paulo","SP","TV Globo"],"articleSection":["Not\u00edcias"],"inLanguage":"pt-BR","potentialAction":[{"@type":"CommentAction","name":"Comment","target":["https:\/\/www.cidademarketing.com.br\/marketing\/2025\/01\/30\/sabina-simonato-assume-o-bom-dia-sao-paulo-apos-saida-de-rodrigo-bocardi\/#respond"]}]},{"@type":"WebPage","@id":"https:\/\/www.cidademarketing.com.br\/marketing\/2025\/01\/30\/sabina-simonato-assume-o-bom-dia-sao-paulo-apos-saida-de-rodrigo-bocardi\/","url":"https:\/\/www.cidademarketing.com.br\/marketing\/2025\/01\/30\/sabina-simonato-assume-o-bom-dia-sao-paulo-apos-saida-de-rodrigo-bocardi\/","name":"Sabina Simonato assume o Bom Dia S\u00e3o Paulo ap\u00f3s sa\u00edda de Rodrigo Bocardi - CidadeMarketing","isPartOf":{"@id":"https:\/\/www.cidademarketing.com.br\/marketing\/#website"},"primaryImageOfPage":{"@id":"https:\/\/www.cidademarketing.com.br\/marketing\/2025\/01\/30\/sabina-simonato-assume-o-bom-dia-sao-paulo-apos-saida-de-rodrigo-bocardi\/#primaryimage"},"image":{"@id":"https:\/\/www.cidademarketing.com.br\/marketing\/2025\/01\/30\/sabina-simonato-assume-o-bom-dia-sao-paulo-apos-saida-de-rodrigo-bocardi\/#primaryimage"},"thumbnailUrl":"https:\/\/www.cidademarketing.com.br\/marketing\/wp-content\/uploads\/2025\/01\/Rodrigo_Bocardi_e_Sabina_Simonato.webp","datePublished":"2025-01-31T02:31:44+00:00","dateModified":"2025-01-31T02:34:22+00:00","breadcrumb":{"@id":"https:\/\/www.cidademarketing.com.br\/marketing\/2025\/01\/30\/sabina-simonato-assume-o-bom-dia-sao-paulo-apos-saida-de-rodrigo-bocardi\/#breadcrumb"},"inLanguage":"pt-BR","potentialAction":[{"@type":"ReadAction","target":["https:\/\/www.cidademarketing.com.br\/marketing\/2025\/01\/30\/sabina-simonato-assume-o-bom-dia-sao-paulo-apos-saida-de-rodrigo-bocardi\/"]}]},{"@type":"ImageObject","inLanguage":"pt-BR","@id":"https:\/\/www.cidademarketing.com.br\/marketing\/2025\/01\/30\/sabina-simonato-assume-o-bom-dia-sao-paulo-apos-saida-de-rodrigo-bocardi\/#primaryimage","url":"https:\/\/www.cidademarketing.com.br\/marketing\/wp-content\/uploads\/2025\/01\/Rodrigo_Bocardi_e_Sabina_Simonato.webp","contentUrl":"https:\/\/www.cidademarketing.com.br\/marketing\/wp-content\/uploads\/2025\/01\/Rodrigo_Bocardi_e_Sabina_Simonato.webp","width":833,"height":839,"caption":"Rodrigo Bocardi e Sabina Simonato. Reprodu\u00e7\u00e3o\/Instagram"},{"@type":"BreadcrumbList","@id":"https:\/\/www.cidademarketing.com.br\/marketing\/2025\/01\/30\/sabina-simonato-assume-o-bom-dia-sao-paulo-apos-saida-de-rodrigo-bocardi\/#breadcrumb","itemListElement":[{"@type":"ListItem","position":1,"name":"In\u00edcio","item":"https:\/\/www.cidademarketing.com.br\/marketing\/"},{"@type":"ListItem","position":2,"name":"Sabina Simonato assume o Bom Dia S\u00e3o Paulo ap\u00f3s sa\u00edda de Rodrigo Bocardi"}]},{"@type":"WebSite","@id":"https:\/\/www.cidademarketing.com.br\/marketing\/#website","url":"https:\/\/www.cidademarketing.com.br\/marketing\/","name":"CidadeMarketing","description":"Somos um ve\u00edculo de comunica\u00e7\u00e3o de destaque no Brasil, reconhecido por conte\u00fados nos segmentos de marketing, empreendedorismo e inova\u00e7\u00e3o.","publisher":{"@id":"https:\/\/www.cidademarketing.com.br\/marketing\/#organization"},"alternateName":"CidadeMarketing","potentialAction":[{"@type":"SearchAction","target":{"@type":"EntryPoint","urlTemplate":"https:\/\/www.cidademarketing.com.br\/marketing\/?s={search_term_string}"},"query-input":{"@type":"PropertyValueSpecification","valueRequired":true,"valueName":"search_term_string"}}],"inLanguage":"pt-BR"},{"@type":"Organization","@id":"https:\/\/www.cidademarketing.com.br\/marketing\/#organization","name":"CidadeMarketing","alternateName":"CidadeMarketing","url":"https:\/\/www.cidademarketing.com.br\/marketing\/","logo":{"@type":"ImageObject","inLanguage":"pt-BR","@id":"https:\/\/www.cidademarketing.com.br\/marketing\/#\/schema\/logo\/image\/","url":"https:\/\/www.cidademarketing.com.br\/marketing\/wp-content\/uploads\/2020\/01\/cidademarketing_marca_mobile.png","contentUrl":"https:\/\/www.cidademarketing.com.br\/marketing\/wp-content\/uploads\/2020\/01\/cidademarketing_marca_mobile.png","width":230,"height":92,"caption":"CidadeMarketing"},"image":{"@id":"https:\/\/www.cidademarketing.com.br\/marketing\/#\/schema\/logo\/image\/"},"sameAs":["https:\/\/www.facebook.com\/portalcidademarketing","https:\/\/x.com\/CidadeMarketing","https:\/\/www.instagram.com\/cidademarketing\/"]},{"@type":"Person","@id":"https:\/\/www.cidademarketing.com.br\/marketing\/#\/schema\/person\/02daff9f18bd9378c9e01eb6b2db155f","name":"Thales Brand\u00e3o","image":{"@type":"ImageObject","inLanguage":"pt-BR","@id":"https:\/\/secure.gravatar.com\/avatar\/7ca3206950207cc3cb48feec56a8a7898741ab725c368d99d5d7a5a50aab80c6?s=96&d=mm&r=g","url":"https:\/\/secure.gravatar.com\/avatar\/7ca3206950207cc3cb48feec56a8a7898741ab725c368d99d5d7a5a50aab80c6?s=96&d=mm&r=g","contentUrl":"https:\/\/secure.gravatar.com\/avatar\/7ca3206950207cc3cb48feec56a8a7898741ab725c368d99d5d7a5a50aab80c6?s=96&d=mm&r=g","caption":"Thales Brand\u00e3o"},"description":"Editor Executivo do Portal CidadeMarketing.com.br &gt; Mestre em Comunica\u00e7\u00e3o e Sociedade pela Universidade Federal de Sergipe. Possui MBA Executivo em Administra\u00e7\u00e3o com \u00eanfase em Marketing pela Funda\u00e7\u00e3o Get\u00falio Vargas - Rio de Janeiro. Consultor, Palestrante e Pesquisador sobre Empreendedorismo, Marketing, Redes Sociais e Neg\u00f3cios Digitais. Professor, Palestrante TedxTalks e Campus Party. Twitter: @ThalesBrandao","sameAs":["http:\/\/www.mandacaru.com.br","https:\/\/www.facebook.com\/thalesbrandao","http:\/\/www.instagram.com.br\/thalesbrandaoferreira","https:\/\/www.linkedin.com\/in\/thales-brand\u00e3o-3948609\/","https:\/\/x.com\/http:\/\/www.twitter.com\/thalesbrandao"],"url":"https:\/\/www.cidademarketing.com.br\/marketing\/author\/thalesbrandao\/"}]}},"amp_enabled":true,"_links":{"self":[{"href":"https:\/\/www.cidademarketing.com.br\/marketing\/wp-json\/wp\/v2\/posts\/54766","targetHints":{"allow":["GET"]}}],"collection":[{"href":"https:\/\/www.cidademarketing.com.br\/marketing\/wp-json\/wp\/v2\/posts"}],"about":[{"href":"https:\/\/www.cidademarketing.com.br\/marketing\/wp-json\/wp\/v2\/types\/post"}],"author":[{"embeddable":true,"href":"https:\/\/www.cidademarketing.com.br\/marketing\/wp-json\/wp\/v2\/users\/1"}],"replies":[{"embeddable":true,"href":"https:\/\/www.cidademarketing.com.br\/marketing\/wp-json\/wp\/v2\/comments?post=54766"}],"version-history":[{"count":3,"href":"https:\/\/www.cidademarketing.com.br\/marketing\/wp-json\/wp\/v2\/posts\/54766\/revisions"}],"predecessor-version":[{"id":54770,"href":"https:\/\/www.cidademarketing.com.br\/marketing\/wp-json\/wp\/v2\/posts\/54766\/revisions\/54770"}],"wp:featuredmedia":[{"embeddable":true,"href":"https:\/\/www.cidademarketing.com.br\/marketing\/wp-json\/wp\/v2\/media\/54767"}],"wp:attachment":[{"href":"https:\/\/www.cidademarketing.com.br\/marketing\/wp-json\/wp\/v2\/media?parent=54766"}],"wp:term":[{"taxonomy":"category","embeddable":true,"href":"https:\/\/www.cidademarketing.com.br\/marketing\/wp-json\/wp\/v2\/categories?post=54766"},{"taxonomy":"post_tag","embeddable":true,"href":"https:\/\/www.cidademarketing.com.br\/marketing\/wp-json\/wp\/v2\/tags?post=54766"}],"curies":[{"name":"wp","href":"https:\/\/api.w.org\/{rel}","templated":true}]}}