{"id":54737,"date":"2025-01-29T11:13:07","date_gmt":"2025-01-29T14:13:07","guid":{"rendered":"https:\/\/www.cidademarketing.com.br\/marketing\/?p=54737"},"modified":"2025-01-29T11:21:02","modified_gmt":"2025-01-29T14:21:02","slug":"no-ritmo-da-musica-festa-avon-lanca-acao-promocional-com-ivete-sangalo-e-ana-castela","status":"publish","type":"post","link":"https:\/\/www.cidademarketing.com.br\/marketing\/2025\/01\/29\/no-ritmo-da-musica-festa-avon-lanca-acao-promocional-com-ivete-sangalo-e-ana-castela\/","title":{"rendered":"No ritmo da m\u00fasica &#8220;Festa&#8221;, Avon lan\u00e7a a\u00e7\u00e3o promocional com Ivete Sangalo e Ana Castela"},"content":{"rendered":"<p>A Avon acaba de anunciar uma campanha promocional, estrelada por duas das maiores artistas da m\u00fasica brasileira: Ivete Sangalo e Ana Castela. Embaixadoras da marca, as cantoras se uniram para apresentar uma vers\u00e3o exclusiva do hit \u201cFesta\u201d, um dos grandes sucessos de Ivete, como parte da nova a\u00e7\u00e3o de maquiagem da Avon.<\/p>\n<blockquote class=\"instagram-media\" style=\"background: #FFF; border: 0; border-radius: 3px; box-shadow: 0 0 1px 0 rgba(0,0,0,0.5),0 1px 10px 0 rgba(0,0,0,0.15); margin: 1px; max-width: 540px; min-width: 326px; padding: 0; width: calc(100% - 2px);\" data-instgrm-captioned=\"\" data-instgrm-permalink=\"https:\/\/www.instagram.com\/reel\/DFZAZDGp1pz\/?utm_source=ig_embed&amp;utm_campaign=loading\" data-instgrm-version=\"14\">\n<div style=\"padding: 16px;\">\n<p>&nbsp;<\/p>\n<div style=\"display: flex; flex-direction: row; align-items: center;\">\n<div style=\"background-color: #f4f4f4; border-radius: 50%; flex-grow: 0; height: 40px; margin-right: 14px; width: 40px;\"><\/div>\n<div style=\"display: flex; flex-direction: column; flex-grow: 1; justify-content: center;\">\n<div style=\"background-color: #f4f4f4; border-radius: 4px; flex-grow: 0; height: 14px; margin-bottom: 6px; width: 100px;\"><\/div>\n<div style=\"background-color: #f4f4f4; border-radius: 4px; flex-grow: 0; height: 14px; width: 60px;\"><\/div>\n<\/div>\n<\/div>\n<div style=\"padding: 19% 0;\"><\/div>\n<div style=\"display: block; height: 50px; margin: 0 auto 12px; width: 50px;\"><\/div>\n<div style=\"padding-top: 8px;\">\n<div style=\"color: #3897f0; font-family: Arial,sans-serif; font-size: 14px; font-style: normal; font-weight: 550; line-height: 18px;\">Ver essa foto no Instagram<\/div>\n<\/div>\n<div style=\"padding: 12.5% 0;\"><\/div>\n<div style=\"display: flex; flex-direction: row; margin-bottom: 14px; align-items: center;\">\n<div>\n<div style=\"background-color: #f4f4f4; border-radius: 50%; height: 12.5px; width: 12.5px; transform: translateX(0px) translateY(7px);\"><\/div>\n<div style=\"background-color: #f4f4f4; height: 12.5px; transform: rotate(-45deg) translateX(3px) translateY(1px); width: 12.5px; flex-grow: 0; margin-right: 14px; margin-left: 2px;\"><\/div>\n<div style=\"background-color: #f4f4f4; border-radius: 50%; height: 12.5px; width: 12.5px; transform: translateX(9px) translateY(-18px);\"><\/div>\n<\/div>\n<div style=\"margin-left: 8px;\">\n<div style=\"background-color: #f4f4f4; border-radius: 50%; flex-grow: 0; height: 20px; width: 20px;\"><\/div>\n<div style=\"width: 0; height: 0; border-top: 2px solid transparent; border-left: 6px solid #f4f4f4; border-bottom: 2px solid transparent; transform: translateX(16px) translateY(-4px) rotate(30deg);\"><\/div>\n<\/div>\n<div style=\"margin-left: auto;\">\n<div style=\"width: 0px; border-top: 8px solid #F4F4F4; border-right: 8px solid transparent; transform: translateY(16px);\"><\/div>\n<div style=\"background-color: #f4f4f4; flex-grow: 0; height: 12px; width: 16px; transform: translateY(-4px);\"><\/div>\n<div style=\"width: 0; height: 0; border-top: 8px solid #F4F4F4; border-left: 8px solid transparent; transform: translateY(-4px) translateX(8px);\"><\/div>\n<\/div>\n<\/div>\n<div style=\"display: flex; flex-direction: column; flex-grow: 1; justify-content: center; margin-bottom: 24px;\">\n<div style=\"background-color: #f4f4f4; border-radius: 4px; flex-grow: 0; height: 14px; margin-bottom: 6px; width: 224px;\"><\/div>\n<div style=\"background-color: #f4f4f4; border-radius: 4px; flex-grow: 0; height: 14px; width: 144px;\"><\/div>\n<\/div>\n<p>&nbsp;<\/p>\n<p style=\"color: #c9c8cd; font-family: Arial,sans-serif; font-size: 14px; line-height: 17px; margin-bottom: 0; margin-top: 8px; overflow: hidden; padding: 8px 0 7px; text-align: center; text-overflow: ellipsis; white-space: nowrap;\"><a style=\"color: #c9c8cd; font-family: Arial,sans-serif; font-size: 14px; font-style: normal; font-weight: normal; line-height: 17px; text-decoration: none;\" href=\"https:\/\/www.instagram.com\/reel\/DFZAZDGp1pz\/?utm_source=ig_embed&amp;utm_campaign=loading\" target=\"_blank\" rel=\"noopener\">Uma publica\u00e7\u00e3o compartilhada por Avon Brasil \ud83d\udc84 (@avonbrasil)<\/a><\/p>\n<\/div>\n<\/blockquote>\n<p><script async src=\"\/\/www.instagram.com\/embed.js\"><\/script><\/p>\n<p>O single especial, intitulado \u201cFesta do Batom\u201d, celebra a promo\u00e7\u00e3o exclusiva da marca, que oferecer\u00e1 mais de mil pr\u00eamios aos consumidores, incluindo uma casa pr\u00f3pria, atrav\u00e9s da compra de batons premiados. A nova vers\u00e3o da m\u00fasica combina a energia do ax\u00e9 baiano de Ivete com a pegada sertaneja de Ana Castela, criando uma mistura inovadora e envolvente. O videoclipe in\u00e9dito ser\u00e1 lan\u00e7ado no dia 28 de janeiro e estar\u00e1 dispon\u00edvel em todas as redes sociais da Avon.<\/p>\n<p>Ivete Sangalo, uma das artistas mais queridas do Brasil, tem uma trajet\u00f3ria repleta de hits como &#8220;<a href=\"https:\/\/open.spotify.com\/intl-pt\/album\/6FEJSBFIqZe9GYN2xaAP52\" target=\"_blank\" rel=\"noopener\">Macetando<\/a>&#8220;, &#8220;Energia de Gostosa&#8221; e &#8220;<a href=\"https:\/\/open.spotify.com\/intl-pt\/track\/6oSMm35tlmLqMFKLfkcokV\" target=\"_blank\" rel=\"noopener\">Festa<\/a>&#8220;.\u00a0J\u00e1 Ana Castela, com apenas 21 anos, \u00e9 um fen\u00f4meno da m\u00fasica sertaneja. Vencedora do Grammy Latino na categoria Melhor \u00c1lbum de M\u00fasica Sertaneja, a artista tamb\u00e9m \u00e9 a \u00fanica mulher entre os 10 cantores mais ouvidos no Spotify Brasil em 2024.<\/p>\n<div class=\"youtube-embed\" data-video_id=\"_cqMC-veIbg\"><iframe title=\"Festa Do Batom Avon com Ivete Sangalo e Ana Castela \ud83d\udc84\u2728\" width=\"640\" height=\"360\" src=\"https:\/\/www.youtube.com\/embed\/_cqMC-veIbg?feature=oembed&#038;enablejsapi=1\" frameborder=\"0\" allow=\"accelerometer; autoplay; clipboard-write; encrypted-media; gyroscope; picture-in-picture; web-share\" referrerpolicy=\"strict-origin-when-cross-origin\" allowfullscreen><\/iframe><\/div>\n<p>Para participar da promo\u00e7\u00e3o, basta adquirir qualquer batom das p\u00e1ginas do ciclo 03 da Revista Avon. Se encontrar o &#8220;Batom Iluminado&#8221;, o consumidor ganha pr\u00eamios instantaneamente. S\u00e3o mais de R$ 1 milh\u00e3o em pr\u00eamios, incluindo maletas de maquiagem recheadas de produtos Avon, 10 pr\u00eamios de R$ 10.000 em dinheiro e at\u00e9 uma casa pr\u00f3pria. Quanto mais batons adquiridos, maiores s\u00e3o as chances de ganhar.<\/p>\n<p>O regulamento completo da promo\u00e7\u00e3o est\u00e1 dispon\u00edvel no site oficial: <a href=\"https:\/\/festadobatomavon.com.br\" target=\"_blank\" rel=\"noopener\">https:\/\/festadobatomavon.com.br<\/a>.<\/p>\n<p>Consulte o regulamento completo e a autoriza\u00e7\u00e3o. Per\u00edodo de participa\u00e7\u00e3o de 28\/01\/2025 a 01\/04\/2025. Resgate de pr\u00eamios a partir de 28\/01\/2025.&#8221;<\/p>\n","protected":false},"excerpt":{"rendered":"<p>A Avon acaba de anunciar uma campanha promocional, estrelada por duas das maiores artistas da m\u00fasica brasileira: Ivete Sangalo e Ana Castela. Embaixadoras da marca, as cantoras se uniram para apresentar uma vers\u00e3o exclusiva do hit \u201cFesta\u201d, um dos grandes sucessos de Ivete, como parte da nova a\u00e7\u00e3o de maquiagem da Avon. &nbsp; Ver essa [&hellip;]<\/p>\n","protected":false},"author":1,"featured_media":54739,"comment_status":"open","ping_status":"open","sticky":false,"template":"","format":"standard","meta":{"tdm_status":"","tdm_grid_status":"","footnotes":""},"categories":[6,14],"tags":[8721,1528,4755,8724,65,33,8722,246,8723,28,443,1742,1428,66,2798],"class_list":["post-54737","post","type-post","status-publish","format-standard","has-post-thumbnail","hentry","category-noticias","category-videos","tag-ana-castela","tag-avon","tag-axe","tag-batom","tag-campanha","tag-estrategia","tag-festa","tag-ivete-sangalo","tag-macetando","tag-marketing","tag-marketing-promocional","tag-musica","tag-promocional","tag-propaganda","tag-sertanejo"],"yoast_head":"<!-- This site is optimized with the Yoast SEO plugin v27.5 - https:\/\/yoast.com\/product\/yoast-seo-wordpress\/ -->\n<title>No ritmo da m\u00fasica &quot;Festa&quot;, Avon lan\u00e7a a\u00e7\u00e3o promocional com Ivete Sangalo e Ana Castela - CidadeMarketing<\/title>\n<meta name=\"robots\" content=\"index, follow, max-snippet:-1, max-image-preview:large, max-video-preview:-1\" \/>\n<link rel=\"canonical\" href=\"https:\/\/www.cidademarketing.com.br\/marketing\/2025\/01\/29\/no-ritmo-da-musica-festa-avon-lanca-acao-promocional-com-ivete-sangalo-e-ana-castela\/\" \/>\n<meta property=\"og:locale\" content=\"pt_BR\" \/>\n<meta property=\"og:type\" content=\"article\" \/>\n<meta property=\"og:title\" content=\"No ritmo da m\u00fasica &quot;Festa&quot;, Avon lan\u00e7a a\u00e7\u00e3o promocional com Ivete Sangalo e Ana Castela - CidadeMarketing\" \/>\n<meta property=\"og:description\" content=\"A Avon acaba de anunciar uma campanha promocional, estrelada por duas das maiores artistas da m\u00fasica brasileira: Ivete Sangalo e Ana Castela. Embaixadoras da marca, as cantoras se uniram para apresentar uma vers\u00e3o exclusiva do hit \u201cFesta\u201d, um dos grandes sucessos de Ivete, como parte da nova a\u00e7\u00e3o de maquiagem da Avon. &nbsp; Ver essa [&hellip;]\" \/>\n<meta property=\"og:url\" content=\"https:\/\/www.cidademarketing.com.br\/marketing\/2025\/01\/29\/no-ritmo-da-musica-festa-avon-lanca-acao-promocional-com-ivete-sangalo-e-ana-castela\/\" \/>\n<meta property=\"og:site_name\" content=\"CidadeMarketing\" \/>\n<meta property=\"article:publisher\" content=\"https:\/\/www.facebook.com\/portalcidademarketing\" \/>\n<meta property=\"article:author\" content=\"https:\/\/www.facebook.com\/thalesbrandao\" \/>\n<meta property=\"article:published_time\" content=\"2025-01-29T14:13:07+00:00\" \/>\n<meta property=\"article:modified_time\" content=\"2025-01-29T14:21:02+00:00\" \/>\n<meta property=\"og:image\" content=\"https:\/\/www.cidademarketing.com.br\/marketing\/wp-content\/uploads\/2025\/01\/avon_anacastela_ivetesangalo-1.webp\" \/>\n\t<meta property=\"og:image:width\" content=\"1119\" \/>\n\t<meta property=\"og:image:height\" content=\"626\" \/>\n\t<meta property=\"og:image:type\" content=\"image\/webp\" \/>\n<meta name=\"author\" content=\"Thales Brand\u00e3o\" \/>\n<meta name=\"twitter:card\" content=\"summary_large_image\" \/>\n<meta name=\"twitter:creator\" content=\"@http:\/\/www.twitter.com\/thalesbrandao\" \/>\n<meta name=\"twitter:site\" content=\"@CidadeMarketing\" \/>\n<meta name=\"twitter:label1\" content=\"Escrito por\" \/>\n\t<meta name=\"twitter:data1\" content=\"Thales Brand\u00e3o\" \/>\n\t<meta name=\"twitter:label2\" content=\"Est. tempo de leitura\" \/>\n\t<meta name=\"twitter:data2\" content=\"2 minutos\" \/>\n<script type=\"application\/ld+json\" class=\"yoast-schema-graph\">{\"@context\":\"https:\\\/\\\/schema.org\",\"@graph\":[{\"@type\":\"Article\",\"@id\":\"https:\\\/\\\/www.cidademarketing.com.br\\\/marketing\\\/2025\\\/01\\\/29\\\/no-ritmo-da-musica-festa-avon-lanca-acao-promocional-com-ivete-sangalo-e-ana-castela\\\/#article\",\"isPartOf\":{\"@id\":\"https:\\\/\\\/www.cidademarketing.com.br\\\/marketing\\\/2025\\\/01\\\/29\\\/no-ritmo-da-musica-festa-avon-lanca-acao-promocional-com-ivete-sangalo-e-ana-castela\\\/\"},\"author\":{\"name\":\"Thales Brand\u00e3o\",\"@id\":\"https:\\\/\\\/www.cidademarketing.com.br\\\/marketing\\\/#\\\/schema\\\/person\\\/02daff9f18bd9378c9e01eb6b2db155f\"},\"headline\":\"No ritmo da m\u00fasica &#8220;Festa&#8221;, Avon lan\u00e7a a\u00e7\u00e3o promocional com Ivete Sangalo e Ana Castela\",\"datePublished\":\"2025-01-29T14:13:07+00:00\",\"dateModified\":\"2025-01-29T14:21:02+00:00\",\"mainEntityOfPage\":{\"@id\":\"https:\\\/\\\/www.cidademarketing.com.br\\\/marketing\\\/2025\\\/01\\\/29\\\/no-ritmo-da-musica-festa-avon-lanca-acao-promocional-com-ivete-sangalo-e-ana-castela\\\/\"},\"wordCount\":353,\"commentCount\":0,\"publisher\":{\"@id\":\"https:\\\/\\\/www.cidademarketing.com.br\\\/marketing\\\/#organization\"},\"image\":{\"@id\":\"https:\\\/\\\/www.cidademarketing.com.br\\\/marketing\\\/2025\\\/01\\\/29\\\/no-ritmo-da-musica-festa-avon-lanca-acao-promocional-com-ivete-sangalo-e-ana-castela\\\/#primaryimage\"},\"thumbnailUrl\":\"https:\\\/\\\/www.cidademarketing.com.br\\\/marketing\\\/wp-content\\\/uploads\\\/2025\\\/01\\\/avon_anacastela_ivetesangalo-1.webp\",\"keywords\":[\"Ana Castela\",\"Avon\",\"Ax\u00e9\",\"Batom\",\"campanha\",\"estrat\u00e9gia\",\"Festa\",\"Ivete Sangalo\",\"Macetando\",\"marketing\",\"marketing promocional\",\"m\u00fasica\",\"promocional\",\"propaganda\",\"sertanejo\"],\"articleSection\":[\"Not\u00edcias\",\"Videos\"],\"inLanguage\":\"pt-BR\",\"potentialAction\":[{\"@type\":\"CommentAction\",\"name\":\"Comment\",\"target\":[\"https:\\\/\\\/www.cidademarketing.com.br\\\/marketing\\\/2025\\\/01\\\/29\\\/no-ritmo-da-musica-festa-avon-lanca-acao-promocional-com-ivete-sangalo-e-ana-castela\\\/#respond\"]}]},{\"@type\":\"WebPage\",\"@id\":\"https:\\\/\\\/www.cidademarketing.com.br\\\/marketing\\\/2025\\\/01\\\/29\\\/no-ritmo-da-musica-festa-avon-lanca-acao-promocional-com-ivete-sangalo-e-ana-castela\\\/\",\"url\":\"https:\\\/\\\/www.cidademarketing.com.br\\\/marketing\\\/2025\\\/01\\\/29\\\/no-ritmo-da-musica-festa-avon-lanca-acao-promocional-com-ivete-sangalo-e-ana-castela\\\/\",\"name\":\"No ritmo da m\u00fasica \\\"Festa\\\", Avon lan\u00e7a a\u00e7\u00e3o promocional com Ivete Sangalo e Ana Castela - CidadeMarketing\",\"isPartOf\":{\"@id\":\"https:\\\/\\\/www.cidademarketing.com.br\\\/marketing\\\/#website\"},\"primaryImageOfPage\":{\"@id\":\"https:\\\/\\\/www.cidademarketing.com.br\\\/marketing\\\/2025\\\/01\\\/29\\\/no-ritmo-da-musica-festa-avon-lanca-acao-promocional-com-ivete-sangalo-e-ana-castela\\\/#primaryimage\"},\"image\":{\"@id\":\"https:\\\/\\\/www.cidademarketing.com.br\\\/marketing\\\/2025\\\/01\\\/29\\\/no-ritmo-da-musica-festa-avon-lanca-acao-promocional-com-ivete-sangalo-e-ana-castela\\\/#primaryimage\"},\"thumbnailUrl\":\"https:\\\/\\\/www.cidademarketing.com.br\\\/marketing\\\/wp-content\\\/uploads\\\/2025\\\/01\\\/avon_anacastela_ivetesangalo-1.webp\",\"datePublished\":\"2025-01-29T14:13:07+00:00\",\"dateModified\":\"2025-01-29T14:21:02+00:00\",\"breadcrumb\":{\"@id\":\"https:\\\/\\\/www.cidademarketing.com.br\\\/marketing\\\/2025\\\/01\\\/29\\\/no-ritmo-da-musica-festa-avon-lanca-acao-promocional-com-ivete-sangalo-e-ana-castela\\\/#breadcrumb\"},\"inLanguage\":\"pt-BR\",\"potentialAction\":[{\"@type\":\"ReadAction\",\"target\":[\"https:\\\/\\\/www.cidademarketing.com.br\\\/marketing\\\/2025\\\/01\\\/29\\\/no-ritmo-da-musica-festa-avon-lanca-acao-promocional-com-ivete-sangalo-e-ana-castela\\\/\"]}]},{\"@type\":\"ImageObject\",\"inLanguage\":\"pt-BR\",\"@id\":\"https:\\\/\\\/www.cidademarketing.com.br\\\/marketing\\\/2025\\\/01\\\/29\\\/no-ritmo-da-musica-festa-avon-lanca-acao-promocional-com-ivete-sangalo-e-ana-castela\\\/#primaryimage\",\"url\":\"https:\\\/\\\/www.cidademarketing.com.br\\\/marketing\\\/wp-content\\\/uploads\\\/2025\\\/01\\\/avon_anacastela_ivetesangalo-1.webp\",\"contentUrl\":\"https:\\\/\\\/www.cidademarketing.com.br\\\/marketing\\\/wp-content\\\/uploads\\\/2025\\\/01\\\/avon_anacastela_ivetesangalo-1.webp\",\"width\":1119,\"height\":626,\"caption\":\"Reprodu\u00e7\u00e3o\"},{\"@type\":\"BreadcrumbList\",\"@id\":\"https:\\\/\\\/www.cidademarketing.com.br\\\/marketing\\\/2025\\\/01\\\/29\\\/no-ritmo-da-musica-festa-avon-lanca-acao-promocional-com-ivete-sangalo-e-ana-castela\\\/#breadcrumb\",\"itemListElement\":[{\"@type\":\"ListItem\",\"position\":1,\"name\":\"In\u00edcio\",\"item\":\"https:\\\/\\\/www.cidademarketing.com.br\\\/marketing\\\/\"},{\"@type\":\"ListItem\",\"position\":2,\"name\":\"No ritmo da m\u00fasica &#8220;Festa&#8221;, Avon lan\u00e7a a\u00e7\u00e3o promocional com Ivete Sangalo e Ana Castela\"}]},{\"@type\":\"WebSite\",\"@id\":\"https:\\\/\\\/www.cidademarketing.com.br\\\/marketing\\\/#website\",\"url\":\"https:\\\/\\\/www.cidademarketing.com.br\\\/marketing\\\/\",\"name\":\"CidadeMarketing\",\"description\":\"Somos um ve\u00edculo de comunica\u00e7\u00e3o de destaque no Brasil, reconhecido por conte\u00fados nos segmentos de marketing, empreendedorismo e inova\u00e7\u00e3o.\",\"publisher\":{\"@id\":\"https:\\\/\\\/www.cidademarketing.com.br\\\/marketing\\\/#organization\"},\"alternateName\":\"CidadeMarketing\",\"potentialAction\":[{\"@type\":\"SearchAction\",\"target\":{\"@type\":\"EntryPoint\",\"urlTemplate\":\"https:\\\/\\\/www.cidademarketing.com.br\\\/marketing\\\/?s={search_term_string}\"},\"query-input\":{\"@type\":\"PropertyValueSpecification\",\"valueRequired\":true,\"valueName\":\"search_term_string\"}}],\"inLanguage\":\"pt-BR\"},{\"@type\":\"Organization\",\"@id\":\"https:\\\/\\\/www.cidademarketing.com.br\\\/marketing\\\/#organization\",\"name\":\"CidadeMarketing\",\"alternateName\":\"CidadeMarketing\",\"url\":\"https:\\\/\\\/www.cidademarketing.com.br\\\/marketing\\\/\",\"logo\":{\"@type\":\"ImageObject\",\"inLanguage\":\"pt-BR\",\"@id\":\"https:\\\/\\\/www.cidademarketing.com.br\\\/marketing\\\/#\\\/schema\\\/logo\\\/image\\\/\",\"url\":\"https:\\\/\\\/www.cidademarketing.com.br\\\/marketing\\\/wp-content\\\/uploads\\\/2020\\\/01\\\/cidademarketing_marca_mobile.png\",\"contentUrl\":\"https:\\\/\\\/www.cidademarketing.com.br\\\/marketing\\\/wp-content\\\/uploads\\\/2020\\\/01\\\/cidademarketing_marca_mobile.png\",\"width\":230,\"height\":92,\"caption\":\"CidadeMarketing\"},\"image\":{\"@id\":\"https:\\\/\\\/www.cidademarketing.com.br\\\/marketing\\\/#\\\/schema\\\/logo\\\/image\\\/\"},\"sameAs\":[\"https:\\\/\\\/www.facebook.com\\\/portalcidademarketing\",\"https:\\\/\\\/x.com\\\/CidadeMarketing\",\"https:\\\/\\\/www.instagram.com\\\/cidademarketing\\\/\"]},{\"@type\":\"Person\",\"@id\":\"https:\\\/\\\/www.cidademarketing.com.br\\\/marketing\\\/#\\\/schema\\\/person\\\/02daff9f18bd9378c9e01eb6b2db155f\",\"name\":\"Thales Brand\u00e3o\",\"image\":{\"@type\":\"ImageObject\",\"inLanguage\":\"pt-BR\",\"@id\":\"https:\\\/\\\/secure.gravatar.com\\\/avatar\\\/7ca3206950207cc3cb48feec56a8a7898741ab725c368d99d5d7a5a50aab80c6?s=96&d=mm&r=g\",\"url\":\"https:\\\/\\\/secure.gravatar.com\\\/avatar\\\/7ca3206950207cc3cb48feec56a8a7898741ab725c368d99d5d7a5a50aab80c6?s=96&d=mm&r=g\",\"contentUrl\":\"https:\\\/\\\/secure.gravatar.com\\\/avatar\\\/7ca3206950207cc3cb48feec56a8a7898741ab725c368d99d5d7a5a50aab80c6?s=96&d=mm&r=g\",\"caption\":\"Thales Brand\u00e3o\"},\"description\":\"Editor Executivo do Portal CidadeMarketing.com.br &gt; Mestre em Comunica\u00e7\u00e3o e Sociedade pela Universidade Federal de Sergipe. Possui MBA Executivo em Administra\u00e7\u00e3o com \u00eanfase em Marketing pela Funda\u00e7\u00e3o Get\u00falio Vargas - Rio de Janeiro. Consultor, Palestrante e Pesquisador sobre Empreendedorismo, Marketing, Redes Sociais e Neg\u00f3cios Digitais. Professor, Palestrante TedxTalks e Campus Party. Twitter: @ThalesBrandao\",\"sameAs\":[\"http:\\\/\\\/www.mandacaru.com.br\",\"https:\\\/\\\/www.facebook.com\\\/thalesbrandao\",\"http:\\\/\\\/www.instagram.com.br\\\/thalesbrandaoferreira\",\"https:\\\/\\\/www.linkedin.com\\\/in\\\/thales-brand\u00e3o-3948609\\\/\",\"https:\\\/\\\/x.com\\\/http:\\\/\\\/www.twitter.com\\\/thalesbrandao\"],\"url\":\"https:\\\/\\\/www.cidademarketing.com.br\\\/marketing\\\/author\\\/thalesbrandao\\\/\"}]}<\/script>\n<!-- \/ Yoast SEO plugin. -->","yoast_head_json":{"title":"No ritmo da m\u00fasica \"Festa\", Avon lan\u00e7a a\u00e7\u00e3o promocional com Ivete Sangalo e Ana Castela - CidadeMarketing","robots":{"index":"index","follow":"follow","max-snippet":"max-snippet:-1","max-image-preview":"max-image-preview:large","max-video-preview":"max-video-preview:-1"},"canonical":"https:\/\/www.cidademarketing.com.br\/marketing\/2025\/01\/29\/no-ritmo-da-musica-festa-avon-lanca-acao-promocional-com-ivete-sangalo-e-ana-castela\/","og_locale":"pt_BR","og_type":"article","og_title":"No ritmo da m\u00fasica \"Festa\", Avon lan\u00e7a a\u00e7\u00e3o promocional com Ivete Sangalo e Ana Castela - CidadeMarketing","og_description":"A Avon acaba de anunciar uma campanha promocional, estrelada por duas das maiores artistas da m\u00fasica brasileira: Ivete Sangalo e Ana Castela. Embaixadoras da marca, as cantoras se uniram para apresentar uma vers\u00e3o exclusiva do hit \u201cFesta\u201d, um dos grandes sucessos de Ivete, como parte da nova a\u00e7\u00e3o de maquiagem da Avon. &nbsp; Ver essa [&hellip;]","og_url":"https:\/\/www.cidademarketing.com.br\/marketing\/2025\/01\/29\/no-ritmo-da-musica-festa-avon-lanca-acao-promocional-com-ivete-sangalo-e-ana-castela\/","og_site_name":"CidadeMarketing","article_publisher":"https:\/\/www.facebook.com\/portalcidademarketing","article_author":"https:\/\/www.facebook.com\/thalesbrandao","article_published_time":"2025-01-29T14:13:07+00:00","article_modified_time":"2025-01-29T14:21:02+00:00","og_image":[{"width":1119,"height":626,"url":"https:\/\/www.cidademarketing.com.br\/marketing\/wp-content\/uploads\/2025\/01\/avon_anacastela_ivetesangalo-1.webp","type":"image\/webp"}],"author":"Thales Brand\u00e3o","twitter_card":"summary_large_image","twitter_creator":"@http:\/\/www.twitter.com\/thalesbrandao","twitter_site":"@CidadeMarketing","twitter_misc":{"Escrito por":"Thales Brand\u00e3o","Est. tempo de leitura":"2 minutos"},"schema":{"@context":"https:\/\/schema.org","@graph":[{"@type":"Article","@id":"https:\/\/www.cidademarketing.com.br\/marketing\/2025\/01\/29\/no-ritmo-da-musica-festa-avon-lanca-acao-promocional-com-ivete-sangalo-e-ana-castela\/#article","isPartOf":{"@id":"https:\/\/www.cidademarketing.com.br\/marketing\/2025\/01\/29\/no-ritmo-da-musica-festa-avon-lanca-acao-promocional-com-ivete-sangalo-e-ana-castela\/"},"author":{"name":"Thales Brand\u00e3o","@id":"https:\/\/www.cidademarketing.com.br\/marketing\/#\/schema\/person\/02daff9f18bd9378c9e01eb6b2db155f"},"headline":"No ritmo da m\u00fasica &#8220;Festa&#8221;, Avon lan\u00e7a a\u00e7\u00e3o promocional com Ivete Sangalo e Ana Castela","datePublished":"2025-01-29T14:13:07+00:00","dateModified":"2025-01-29T14:21:02+00:00","mainEntityOfPage":{"@id":"https:\/\/www.cidademarketing.com.br\/marketing\/2025\/01\/29\/no-ritmo-da-musica-festa-avon-lanca-acao-promocional-com-ivete-sangalo-e-ana-castela\/"},"wordCount":353,"commentCount":0,"publisher":{"@id":"https:\/\/www.cidademarketing.com.br\/marketing\/#organization"},"image":{"@id":"https:\/\/www.cidademarketing.com.br\/marketing\/2025\/01\/29\/no-ritmo-da-musica-festa-avon-lanca-acao-promocional-com-ivete-sangalo-e-ana-castela\/#primaryimage"},"thumbnailUrl":"https:\/\/www.cidademarketing.com.br\/marketing\/wp-content\/uploads\/2025\/01\/avon_anacastela_ivetesangalo-1.webp","keywords":["Ana Castela","Avon","Ax\u00e9","Batom","campanha","estrat\u00e9gia","Festa","Ivete Sangalo","Macetando","marketing","marketing promocional","m\u00fasica","promocional","propaganda","sertanejo"],"articleSection":["Not\u00edcias","Videos"],"inLanguage":"pt-BR","potentialAction":[{"@type":"CommentAction","name":"Comment","target":["https:\/\/www.cidademarketing.com.br\/marketing\/2025\/01\/29\/no-ritmo-da-musica-festa-avon-lanca-acao-promocional-com-ivete-sangalo-e-ana-castela\/#respond"]}]},{"@type":"WebPage","@id":"https:\/\/www.cidademarketing.com.br\/marketing\/2025\/01\/29\/no-ritmo-da-musica-festa-avon-lanca-acao-promocional-com-ivete-sangalo-e-ana-castela\/","url":"https:\/\/www.cidademarketing.com.br\/marketing\/2025\/01\/29\/no-ritmo-da-musica-festa-avon-lanca-acao-promocional-com-ivete-sangalo-e-ana-castela\/","name":"No ritmo da m\u00fasica \"Festa\", Avon lan\u00e7a a\u00e7\u00e3o promocional com Ivete Sangalo e Ana Castela - CidadeMarketing","isPartOf":{"@id":"https:\/\/www.cidademarketing.com.br\/marketing\/#website"},"primaryImageOfPage":{"@id":"https:\/\/www.cidademarketing.com.br\/marketing\/2025\/01\/29\/no-ritmo-da-musica-festa-avon-lanca-acao-promocional-com-ivete-sangalo-e-ana-castela\/#primaryimage"},"image":{"@id":"https:\/\/www.cidademarketing.com.br\/marketing\/2025\/01\/29\/no-ritmo-da-musica-festa-avon-lanca-acao-promocional-com-ivete-sangalo-e-ana-castela\/#primaryimage"},"thumbnailUrl":"https:\/\/www.cidademarketing.com.br\/marketing\/wp-content\/uploads\/2025\/01\/avon_anacastela_ivetesangalo-1.webp","datePublished":"2025-01-29T14:13:07+00:00","dateModified":"2025-01-29T14:21:02+00:00","breadcrumb":{"@id":"https:\/\/www.cidademarketing.com.br\/marketing\/2025\/01\/29\/no-ritmo-da-musica-festa-avon-lanca-acao-promocional-com-ivete-sangalo-e-ana-castela\/#breadcrumb"},"inLanguage":"pt-BR","potentialAction":[{"@type":"ReadAction","target":["https:\/\/www.cidademarketing.com.br\/marketing\/2025\/01\/29\/no-ritmo-da-musica-festa-avon-lanca-acao-promocional-com-ivete-sangalo-e-ana-castela\/"]}]},{"@type":"ImageObject","inLanguage":"pt-BR","@id":"https:\/\/www.cidademarketing.com.br\/marketing\/2025\/01\/29\/no-ritmo-da-musica-festa-avon-lanca-acao-promocional-com-ivete-sangalo-e-ana-castela\/#primaryimage","url":"https:\/\/www.cidademarketing.com.br\/marketing\/wp-content\/uploads\/2025\/01\/avon_anacastela_ivetesangalo-1.webp","contentUrl":"https:\/\/www.cidademarketing.com.br\/marketing\/wp-content\/uploads\/2025\/01\/avon_anacastela_ivetesangalo-1.webp","width":1119,"height":626,"caption":"Reprodu\u00e7\u00e3o"},{"@type":"BreadcrumbList","@id":"https:\/\/www.cidademarketing.com.br\/marketing\/2025\/01\/29\/no-ritmo-da-musica-festa-avon-lanca-acao-promocional-com-ivete-sangalo-e-ana-castela\/#breadcrumb","itemListElement":[{"@type":"ListItem","position":1,"name":"In\u00edcio","item":"https:\/\/www.cidademarketing.com.br\/marketing\/"},{"@type":"ListItem","position":2,"name":"No ritmo da m\u00fasica &#8220;Festa&#8221;, Avon lan\u00e7a a\u00e7\u00e3o promocional com Ivete Sangalo e Ana Castela"}]},{"@type":"WebSite","@id":"https:\/\/www.cidademarketing.com.br\/marketing\/#website","url":"https:\/\/www.cidademarketing.com.br\/marketing\/","name":"CidadeMarketing","description":"Somos um ve\u00edculo de comunica\u00e7\u00e3o de destaque no Brasil, reconhecido por conte\u00fados nos segmentos de marketing, empreendedorismo e inova\u00e7\u00e3o.","publisher":{"@id":"https:\/\/www.cidademarketing.com.br\/marketing\/#organization"},"alternateName":"CidadeMarketing","potentialAction":[{"@type":"SearchAction","target":{"@type":"EntryPoint","urlTemplate":"https:\/\/www.cidademarketing.com.br\/marketing\/?s={search_term_string}"},"query-input":{"@type":"PropertyValueSpecification","valueRequired":true,"valueName":"search_term_string"}}],"inLanguage":"pt-BR"},{"@type":"Organization","@id":"https:\/\/www.cidademarketing.com.br\/marketing\/#organization","name":"CidadeMarketing","alternateName":"CidadeMarketing","url":"https:\/\/www.cidademarketing.com.br\/marketing\/","logo":{"@type":"ImageObject","inLanguage":"pt-BR","@id":"https:\/\/www.cidademarketing.com.br\/marketing\/#\/schema\/logo\/image\/","url":"https:\/\/www.cidademarketing.com.br\/marketing\/wp-content\/uploads\/2020\/01\/cidademarketing_marca_mobile.png","contentUrl":"https:\/\/www.cidademarketing.com.br\/marketing\/wp-content\/uploads\/2020\/01\/cidademarketing_marca_mobile.png","width":230,"height":92,"caption":"CidadeMarketing"},"image":{"@id":"https:\/\/www.cidademarketing.com.br\/marketing\/#\/schema\/logo\/image\/"},"sameAs":["https:\/\/www.facebook.com\/portalcidademarketing","https:\/\/x.com\/CidadeMarketing","https:\/\/www.instagram.com\/cidademarketing\/"]},{"@type":"Person","@id":"https:\/\/www.cidademarketing.com.br\/marketing\/#\/schema\/person\/02daff9f18bd9378c9e01eb6b2db155f","name":"Thales Brand\u00e3o","image":{"@type":"ImageObject","inLanguage":"pt-BR","@id":"https:\/\/secure.gravatar.com\/avatar\/7ca3206950207cc3cb48feec56a8a7898741ab725c368d99d5d7a5a50aab80c6?s=96&d=mm&r=g","url":"https:\/\/secure.gravatar.com\/avatar\/7ca3206950207cc3cb48feec56a8a7898741ab725c368d99d5d7a5a50aab80c6?s=96&d=mm&r=g","contentUrl":"https:\/\/secure.gravatar.com\/avatar\/7ca3206950207cc3cb48feec56a8a7898741ab725c368d99d5d7a5a50aab80c6?s=96&d=mm&r=g","caption":"Thales Brand\u00e3o"},"description":"Editor Executivo do Portal CidadeMarketing.com.br &gt; Mestre em Comunica\u00e7\u00e3o e Sociedade pela Universidade Federal de Sergipe. Possui MBA Executivo em Administra\u00e7\u00e3o com \u00eanfase em Marketing pela Funda\u00e7\u00e3o Get\u00falio Vargas - Rio de Janeiro. Consultor, Palestrante e Pesquisador sobre Empreendedorismo, Marketing, Redes Sociais e Neg\u00f3cios Digitais. Professor, Palestrante TedxTalks e Campus Party. Twitter: @ThalesBrandao","sameAs":["http:\/\/www.mandacaru.com.br","https:\/\/www.facebook.com\/thalesbrandao","http:\/\/www.instagram.com.br\/thalesbrandaoferreira","https:\/\/www.linkedin.com\/in\/thales-brand\u00e3o-3948609\/","https:\/\/x.com\/http:\/\/www.twitter.com\/thalesbrandao"],"url":"https:\/\/www.cidademarketing.com.br\/marketing\/author\/thalesbrandao\/"}]}},"amp_enabled":true,"_links":{"self":[{"href":"https:\/\/www.cidademarketing.com.br\/marketing\/wp-json\/wp\/v2\/posts\/54737","targetHints":{"allow":["GET"]}}],"collection":[{"href":"https:\/\/www.cidademarketing.com.br\/marketing\/wp-json\/wp\/v2\/posts"}],"about":[{"href":"https:\/\/www.cidademarketing.com.br\/marketing\/wp-json\/wp\/v2\/types\/post"}],"author":[{"embeddable":true,"href":"https:\/\/www.cidademarketing.com.br\/marketing\/wp-json\/wp\/v2\/users\/1"}],"replies":[{"embeddable":true,"href":"https:\/\/www.cidademarketing.com.br\/marketing\/wp-json\/wp\/v2\/comments?post=54737"}],"version-history":[{"count":3,"href":"https:\/\/www.cidademarketing.com.br\/marketing\/wp-json\/wp\/v2\/posts\/54737\/revisions"}],"predecessor-version":[{"id":54742,"href":"https:\/\/www.cidademarketing.com.br\/marketing\/wp-json\/wp\/v2\/posts\/54737\/revisions\/54742"}],"wp:featuredmedia":[{"embeddable":true,"href":"https:\/\/www.cidademarketing.com.br\/marketing\/wp-json\/wp\/v2\/media\/54739"}],"wp:attachment":[{"href":"https:\/\/www.cidademarketing.com.br\/marketing\/wp-json\/wp\/v2\/media?parent=54737"}],"wp:term":[{"taxonomy":"category","embeddable":true,"href":"https:\/\/www.cidademarketing.com.br\/marketing\/wp-json\/wp\/v2\/categories?post=54737"},{"taxonomy":"post_tag","embeddable":true,"href":"https:\/\/www.cidademarketing.com.br\/marketing\/wp-json\/wp\/v2\/tags?post=54737"}],"curies":[{"name":"wp","href":"https:\/\/api.w.org\/{rel}","templated":true}]}}