{"id":54687,"date":"2025-01-24T12:46:03","date_gmt":"2025-01-24T15:46:03","guid":{"rendered":"https:\/\/www.cidademarketing.com.br\/marketing\/?p=54687"},"modified":"2025-01-24T12:46:03","modified_gmt":"2025-01-24T15:46:03","slug":"rio-open-2025-zverev-rune-musetti-baez-e-fonseca-entre-os-destaques-confirmados-para-o-torneio","status":"publish","type":"post","link":"https:\/\/www.cidademarketing.com.br\/marketing\/2025\/01\/24\/rio-open-2025-zverev-rune-musetti-baez-e-fonseca-entre-os-destaques-confirmados-para-o-torneio\/","title":{"rendered":"Rio Open 2025: Zverev, Rune, Musetti, Baez e Fonseca entre os destaques confirmados para o torneio"},"content":{"rendered":"<p>A ATP divulgou nesta ter\u00e7a-feira a lista completa dos tenistas que disputar\u00e3o a 11\u00aa edi\u00e7\u00e3o do Rio Open, apresentado pela Claro. O torneio, que \u00e9 o \u00fanico ATP 500 da Am\u00e9rica do Sul, acontecer\u00e1 entre os dias 15 e 23 de fevereiro no Jockey Club Brasileiro, no Rio de Janeiro, e contar\u00e1 com estrelas do circuito como Alexander Zverev, Holger Rune, Lorenzo Musetti, o brasileiro Jo\u00e3o Fonseca e o atual campe\u00e3o, Sebastian Baez.<\/p>\n<p>Alexander Zverev, atual n\u00famero 2 do mundo, far\u00e1 sua aguardada estreia no Rio Open. Com 22 t\u00edtulos no curr\u00edculo, incluindo o ouro ol\u00edmpico em T\u00f3quio (2021) e duas conquistas no ATP Finals, o alem\u00e3o chega como um dos grandes favoritos. Alexander Zverev avan\u00e7ou para a final do Australian Open 2025 ap\u00f3s a desist\u00eancia de Novak Djokovic durante a partida realizada hoje, 24\/01. Agora, Zverev enfrentar\u00e1 Jannik Sinner, que garantiu sua vaga ao vencer o jovem talento Ben Shelton em uma partida disputada, prometendo um confronto emocionante na decis\u00e3o do torneio.<br \/>\nHolger Rune, n\u00famero 13 do ranking, tamb\u00e9m disputar\u00e1 pela primeira vez o torneio. O dinamarqu\u00eas \u00e9 conhecido por seu talento no saibro e por sua ascens\u00e3o mete\u00f3rica no circuito nos \u00faltimos anos.<\/p>\n<p>Outro destaque \u00e9 o italiano Lorenzo Musetti, medalhista de bronze nos Jogos Ol\u00edmpicos de Paris 2024, que retorna ao Rio Open ap\u00f3s sua participa\u00e7\u00e3o em 2023. Com apenas 22 anos, o jovem tenista j\u00e1 \u00e9 considerado um dos mais vers\u00e1teis do circuito e promete dar trabalho aos advers\u00e1rios.<\/p>\n<p>O argentino Sebastian Baez, atual campe\u00e3o do Rio Open, est\u00e1 de volta em busca de um feito hist\u00f3rico: ser o primeiro bicampe\u00e3o do torneio. Baez conquistou o t\u00edtulo em 2024 ao derrotar Mariano Navone na final e espera repetir o sucesso no saibro carioca.<\/p>\n<p>Jo\u00e3o Fonseca, uma das grandes promessas do t\u00eanis brasileiro, recebeu um convite para a chave principal do torneio. O carioca de apenas 18 anos vem chamando aten\u00e7\u00e3o no circuito, com conquistas como o t\u00edtulo do Next Gen ATP Finals e vit\u00f3rias expressivas contra advers\u00e1rios de peso, como Andrey Rublev.<\/p>\n<p>Thiago Wild, atual 79\u00ba do ranking, tamb\u00e9m estar\u00e1 na chave principal e busca superar sua campanha de 2024, quando chegou \u00e0s quartas de final. J\u00e1 Jo\u00e3o Lucas Reis garantiu uma vaga no qualifying ap\u00f3s vencer a Proc\u00f3pio Cup, competi\u00e7\u00e3o nacional que premia o campe\u00e3o com acesso ao torneio.<\/p>\n<p>Al\u00e9m dos favoritos, o Rio Open 2025 contar\u00e1 com tenistas de diversas nacionalidades e perfis de jogo. Entre eles, o chileno Nicolas Jarry, o espanhol Alejandro Davidovich Fokina e o argentino Mariano Navone, vice-campe\u00e3o da edi\u00e7\u00e3o passada.<\/p>\n<p>\u201cNesta edi\u00e7\u00e3o, estamos trazendo um line-up de alt\u00edssimo n\u00edvel, com grandes novidades como Zverev e Rune, e a volta de Musetti j\u00e1 consolidado entre os melhores do mundo. Do lado dos brasileiros, Fonseca e Wild prometem campanhas emocionantes. \u00c9 um torneio que mant\u00e9m a tradi\u00e7\u00e3o de atrair os melhores do saibro, al\u00e9m de oferecer grandes experi\u00eancias para os f\u00e3s\u201d, declarou Luiz Carvalho, diretor do Rio Open.<\/p>\n<p>A chave principal do torneio ter\u00e1 32 jogadores, com vagas para 23 tenistas do ranking da ATP, tr\u00eas wild cards, quatro do qualifying e uma para special exempt. O qualifying ser\u00e1 realizado nos dias 15 e 16 de fevereiro, com entrada gratuita no Jockey Club Brasileiro.<\/p>\n<p>Desde sua cria\u00e7\u00e3o, o Rio Open j\u00e1 consagrou grandes nomes do t\u00eanis, como Rafael Nadal (2014), David Ferrer (2015) e Carlos Alcaraz (2022). Em 2025, a expectativa \u00e9 por mais um cap\u00edtulo memor\u00e1vel na hist\u00f3ria do torneio.<\/p>\n<p>Lista de inscritos \u2013 Rio Open 2025 (principais nomes):<br \/>\n<span style=\"font-family: 'Arial',sans-serif; color: black;\">Alexander Zverev (GER) &#8211; 2\u00ba<\/span><span style=\"font-family: 'Arial',sans-serif;\"><br \/>\n<span style=\"color: black;\">Holger Rune (DEN) &#8211; 13\u00ba<\/span><br \/>\n<span style=\"color: black;\">Lorenzo Musetti (ITA) &#8211; 15\u00ba<\/span><br \/>\n<span style=\"color: black;\">Alejandro Tabilo (CHI) &#8211; 26\u00ba<\/span><br \/>\n<span style=\"color: black;\">Sebastian Baez (ARG) &#8211; 28\u00ba<\/span><br \/>\n<span style=\"color: black;\">Francisco Cerundolo (ARG) &#8211; 31\u00ba<\/span><br \/>\n<span style=\"color: black;\">Nicolas Jarry (CHI) &#8211; 36\u00ba<\/span><br \/>\n<span style=\"color: black;\">Tomas Martin Etcheverry (ARG) &#8211; 38\u00ba<\/span><br \/>\n<span style=\"color: black;\">Pedro Martinez (ESP) &#8211; 44\u00ba<\/span><br \/>\n<span style=\"color: black;\">Luciano Darderi (ITA) &#8211; 45\u00ba<\/span><br \/>\n<span style=\"color: black;\">Mariano Navone (ARG) &#8211; 47\u00ba<\/span><br \/>\n<span style=\"color: black;\">Roberto Carballes Baena (ESP) &#8211; 57\u00ba<\/span><br \/>\n<span style=\"color: black;\">Alexandre Muller (FRA) &#8211; 58\u00ba<\/span><br \/>\n<span style=\"color: black;\">Jaume Munar (ESP) &#8211; 62\u00ba<\/span><br \/>\n<span style=\"color: black;\">Alejandro Davidovich Fokina (ESP) &#8211; 66\u00ba<\/span><br \/>\n<span style=\"color: black;\">Buyunchaokete (CHN) &#8211; 67\u00ba<\/span><br \/>\n<span style=\"color: black;\">Corentin Moutet (FRA) &#8211; 69\u00ba<\/span><br \/>\n<span style=\"color: black;\">Facundo Diaz Acosta (ARG) &#8211; 73\u00ba<\/span><br \/>\n<span style=\"color: black;\">Alexander Shevchenko (KAZ) &#8211; 77\u00ba<\/span><br \/>\n<span style=\"color: black;\">Thiago Wild (BRA) &#8211; 79\u00ba<\/span><br \/>\n<span style=\"color: black;\">Dusan Lajovic (SRB) &#8211; 80\u00ba<\/span><br \/>\n<span style=\"color: black;\">Hugo Gaston (FRA) &#8211; 81\u00ba<\/span><br \/>\n<span style=\"color: black;\">Damir Dzumhur (BIH) &#8211; 82\u00ba<\/span><br \/>\n<span style=\"color: black;\">WC &#8211; Jo\u00e3o Fonseca (BRA) &#8211; 112\u00ba<\/span><\/span><\/p>\n<p>Os campe\u00f5es do Rio Open<br \/>\n2014 &#8211; Rafael Nadal (ESP)<br \/>\n2015 &#8211; David Ferrer (ESP)<br \/>\n2016 &#8211; Pablo Cuevas (URU)<br \/>\n2017 &#8211; Dominic Thiem (AUT)<br \/>\n2018 &#8211; Diego Schwartzman (ARG)<br \/>\n2019 &#8211; Laslo Djere (SRB)<br \/>\n2020 &#8211; Cristian Garin (CHI)<br \/>\n2022 &#8211; Carlos Alcaraz (ESP)<br \/>\n2023 &#8211; Cameron Norrie (GBR)<br \/>\n2024 &#8211; Sebastian Baez (ARG)<\/p>\n<p>O Rio Open \u00e9 promovido pela IMM e realizado pelo ICT, consolidando-se como um dos eventos esportivos mais prestigiados do Brasil.<\/p>\n","protected":false},"excerpt":{"rendered":"<p>A ATP divulgou nesta ter\u00e7a-feira a lista completa dos tenistas que disputar\u00e3o a 11\u00aa edi\u00e7\u00e3o do Rio Open, apresentado pela Claro. O torneio, que \u00e9 o \u00fanico ATP 500 da Am\u00e9rica do Sul, acontecer\u00e1 entre os dias 15 e 23 de fevereiro no Jockey Club Brasileiro, no Rio de Janeiro, e contar\u00e1 com estrelas do [&hellip;]<\/p>\n","protected":false},"author":1,"featured_media":54688,"comment_status":"open","ping_status":"open","sticky":false,"template":"","format":"standard","meta":{"tdm_status":"","tdm_grid_status":"","footnotes":""},"categories":[6],"tags":[4295,6774,33,179,6760,28,199,7290,7324,1448,8614,6999],"class_list":["post-54687","post","type-post","status-publish","format-standard","has-post-thumbnail","hentry","category-noticias","tag-america-latina","tag-baez","tag-estrategia","tag-evento","tag-joao-fonseca","tag-marketing","tag-rio-de-janeiro","tag-rio-open-2025","tag-rune","tag-tenis","tag-tenistas","tag-zverev"],"yoast_head":"<!-- This site is optimized with the Yoast SEO plugin v27.5 - https:\/\/yoast.com\/product\/yoast-seo-wordpress\/ -->\n<title>Rio Open 2025: Zverev, Rune, Musetti, Baez e Fonseca entre os destaques confirmados para o torneio - CidadeMarketing<\/title>\n<meta name=\"robots\" content=\"index, follow, max-snippet:-1, max-image-preview:large, max-video-preview:-1\" \/>\n<link rel=\"canonical\" href=\"https:\/\/www.cidademarketing.com.br\/marketing\/2025\/01\/24\/rio-open-2025-zverev-rune-musetti-baez-e-fonseca-entre-os-destaques-confirmados-para-o-torneio\/\" \/>\n<meta property=\"og:locale\" content=\"pt_BR\" \/>\n<meta property=\"og:type\" content=\"article\" \/>\n<meta property=\"og:title\" content=\"Rio Open 2025: Zverev, Rune, Musetti, Baez e Fonseca entre os destaques confirmados para o torneio - CidadeMarketing\" \/>\n<meta property=\"og:description\" content=\"A ATP divulgou nesta ter\u00e7a-feira a lista completa dos tenistas que disputar\u00e3o a 11\u00aa edi\u00e7\u00e3o do Rio Open, apresentado pela Claro. O torneio, que \u00e9 o \u00fanico ATP 500 da Am\u00e9rica do Sul, acontecer\u00e1 entre os dias 15 e 23 de fevereiro no Jockey Club Brasileiro, no Rio de Janeiro, e contar\u00e1 com estrelas do [&hellip;]\" \/>\n<meta property=\"og:url\" content=\"https:\/\/www.cidademarketing.com.br\/marketing\/2025\/01\/24\/rio-open-2025-zverev-rune-musetti-baez-e-fonseca-entre-os-destaques-confirmados-para-o-torneio\/\" \/>\n<meta property=\"og:site_name\" content=\"CidadeMarketing\" \/>\n<meta property=\"article:publisher\" content=\"https:\/\/www.facebook.com\/portalcidademarketing\" \/>\n<meta property=\"article:author\" content=\"https:\/\/www.facebook.com\/thalesbrandao\" \/>\n<meta property=\"article:published_time\" content=\"2025-01-24T15:46:03+00:00\" \/>\n<meta property=\"og:image\" content=\"https:\/\/www.cidademarketing.com.br\/marketing\/wp-content\/uploads\/2025\/01\/rioopen_2025_atletas.webp\" \/>\n\t<meta property=\"og:image:width\" content=\"1394\" \/>\n\t<meta property=\"og:image:height\" content=\"827\" \/>\n\t<meta property=\"og:image:type\" content=\"image\/webp\" \/>\n<meta name=\"author\" content=\"Thales Brand\u00e3o\" \/>\n<meta name=\"twitter:card\" content=\"summary_large_image\" \/>\n<meta name=\"twitter:creator\" content=\"@http:\/\/www.twitter.com\/thalesbrandao\" \/>\n<meta name=\"twitter:site\" content=\"@CidadeMarketing\" \/>\n<meta name=\"twitter:label1\" content=\"Escrito por\" \/>\n\t<meta name=\"twitter:data1\" content=\"Thales Brand\u00e3o\" \/>\n\t<meta name=\"twitter:label2\" content=\"Est. tempo de leitura\" \/>\n\t<meta name=\"twitter:data2\" content=\"4 minutos\" \/>\n<script type=\"application\/ld+json\" class=\"yoast-schema-graph\">{\"@context\":\"https:\\\/\\\/schema.org\",\"@graph\":[{\"@type\":\"Article\",\"@id\":\"https:\\\/\\\/www.cidademarketing.com.br\\\/marketing\\\/2025\\\/01\\\/24\\\/rio-open-2025-zverev-rune-musetti-baez-e-fonseca-entre-os-destaques-confirmados-para-o-torneio\\\/#article\",\"isPartOf\":{\"@id\":\"https:\\\/\\\/www.cidademarketing.com.br\\\/marketing\\\/2025\\\/01\\\/24\\\/rio-open-2025-zverev-rune-musetti-baez-e-fonseca-entre-os-destaques-confirmados-para-o-torneio\\\/\"},\"author\":{\"name\":\"Thales Brand\u00e3o\",\"@id\":\"https:\\\/\\\/www.cidademarketing.com.br\\\/marketing\\\/#\\\/schema\\\/person\\\/02daff9f18bd9378c9e01eb6b2db155f\"},\"headline\":\"Rio Open 2025: Zverev, Rune, Musetti, Baez e Fonseca entre os destaques confirmados para o torneio\",\"datePublished\":\"2025-01-24T15:46:03+00:00\",\"mainEntityOfPage\":{\"@id\":\"https:\\\/\\\/www.cidademarketing.com.br\\\/marketing\\\/2025\\\/01\\\/24\\\/rio-open-2025-zverev-rune-musetti-baez-e-fonseca-entre-os-destaques-confirmados-para-o-torneio\\\/\"},\"wordCount\":787,\"commentCount\":0,\"publisher\":{\"@id\":\"https:\\\/\\\/www.cidademarketing.com.br\\\/marketing\\\/#organization\"},\"image\":{\"@id\":\"https:\\\/\\\/www.cidademarketing.com.br\\\/marketing\\\/2025\\\/01\\\/24\\\/rio-open-2025-zverev-rune-musetti-baez-e-fonseca-entre-os-destaques-confirmados-para-o-torneio\\\/#primaryimage\"},\"thumbnailUrl\":\"https:\\\/\\\/www.cidademarketing.com.br\\\/marketing\\\/wp-content\\\/uploads\\\/2025\\\/01\\\/rioopen_2025_atletas.webp\",\"keywords\":[\"Am\u00e9rica Latina\",\"Baez\",\"estrat\u00e9gia\",\"evento\",\"Jo\u00e3o Fonseca\",\"marketing\",\"Rio de Janeiro\",\"Rio Open 2025\",\"Rune\",\"t\u00eanis\",\"tenistas\",\"Zverev\"],\"articleSection\":[\"Not\u00edcias\"],\"inLanguage\":\"pt-BR\",\"potentialAction\":[{\"@type\":\"CommentAction\",\"name\":\"Comment\",\"target\":[\"https:\\\/\\\/www.cidademarketing.com.br\\\/marketing\\\/2025\\\/01\\\/24\\\/rio-open-2025-zverev-rune-musetti-baez-e-fonseca-entre-os-destaques-confirmados-para-o-torneio\\\/#respond\"]}]},{\"@type\":\"WebPage\",\"@id\":\"https:\\\/\\\/www.cidademarketing.com.br\\\/marketing\\\/2025\\\/01\\\/24\\\/rio-open-2025-zverev-rune-musetti-baez-e-fonseca-entre-os-destaques-confirmados-para-o-torneio\\\/\",\"url\":\"https:\\\/\\\/www.cidademarketing.com.br\\\/marketing\\\/2025\\\/01\\\/24\\\/rio-open-2025-zverev-rune-musetti-baez-e-fonseca-entre-os-destaques-confirmados-para-o-torneio\\\/\",\"name\":\"Rio Open 2025: Zverev, Rune, Musetti, Baez e Fonseca entre os destaques confirmados para o torneio - CidadeMarketing\",\"isPartOf\":{\"@id\":\"https:\\\/\\\/www.cidademarketing.com.br\\\/marketing\\\/#website\"},\"primaryImageOfPage\":{\"@id\":\"https:\\\/\\\/www.cidademarketing.com.br\\\/marketing\\\/2025\\\/01\\\/24\\\/rio-open-2025-zverev-rune-musetti-baez-e-fonseca-entre-os-destaques-confirmados-para-o-torneio\\\/#primaryimage\"},\"image\":{\"@id\":\"https:\\\/\\\/www.cidademarketing.com.br\\\/marketing\\\/2025\\\/01\\\/24\\\/rio-open-2025-zverev-rune-musetti-baez-e-fonseca-entre-os-destaques-confirmados-para-o-torneio\\\/#primaryimage\"},\"thumbnailUrl\":\"https:\\\/\\\/www.cidademarketing.com.br\\\/marketing\\\/wp-content\\\/uploads\\\/2025\\\/01\\\/rioopen_2025_atletas.webp\",\"datePublished\":\"2025-01-24T15:46:03+00:00\",\"breadcrumb\":{\"@id\":\"https:\\\/\\\/www.cidademarketing.com.br\\\/marketing\\\/2025\\\/01\\\/24\\\/rio-open-2025-zverev-rune-musetti-baez-e-fonseca-entre-os-destaques-confirmados-para-o-torneio\\\/#breadcrumb\"},\"inLanguage\":\"pt-BR\",\"potentialAction\":[{\"@type\":\"ReadAction\",\"target\":[\"https:\\\/\\\/www.cidademarketing.com.br\\\/marketing\\\/2025\\\/01\\\/24\\\/rio-open-2025-zverev-rune-musetti-baez-e-fonseca-entre-os-destaques-confirmados-para-o-torneio\\\/\"]}]},{\"@type\":\"ImageObject\",\"inLanguage\":\"pt-BR\",\"@id\":\"https:\\\/\\\/www.cidademarketing.com.br\\\/marketing\\\/2025\\\/01\\\/24\\\/rio-open-2025-zverev-rune-musetti-baez-e-fonseca-entre-os-destaques-confirmados-para-o-torneio\\\/#primaryimage\",\"url\":\"https:\\\/\\\/www.cidademarketing.com.br\\\/marketing\\\/wp-content\\\/uploads\\\/2025\\\/01\\\/rioopen_2025_atletas.webp\",\"contentUrl\":\"https:\\\/\\\/www.cidademarketing.com.br\\\/marketing\\\/wp-content\\\/uploads\\\/2025\\\/01\\\/rioopen_2025_atletas.webp\",\"width\":1394,\"height\":827,\"caption\":\"Divulga\u00e7\u00e3o\"},{\"@type\":\"BreadcrumbList\",\"@id\":\"https:\\\/\\\/www.cidademarketing.com.br\\\/marketing\\\/2025\\\/01\\\/24\\\/rio-open-2025-zverev-rune-musetti-baez-e-fonseca-entre-os-destaques-confirmados-para-o-torneio\\\/#breadcrumb\",\"itemListElement\":[{\"@type\":\"ListItem\",\"position\":1,\"name\":\"In\u00edcio\",\"item\":\"https:\\\/\\\/www.cidademarketing.com.br\\\/marketing\\\/\"},{\"@type\":\"ListItem\",\"position\":2,\"name\":\"Rio Open 2025: Zverev, Rune, Musetti, Baez e Fonseca entre os destaques confirmados para o torneio\"}]},{\"@type\":\"WebSite\",\"@id\":\"https:\\\/\\\/www.cidademarketing.com.br\\\/marketing\\\/#website\",\"url\":\"https:\\\/\\\/www.cidademarketing.com.br\\\/marketing\\\/\",\"name\":\"CidadeMarketing\",\"description\":\"Somos um ve\u00edculo de comunica\u00e7\u00e3o de destaque no Brasil, reconhecido por conte\u00fados nos segmentos de marketing, empreendedorismo e inova\u00e7\u00e3o.\",\"publisher\":{\"@id\":\"https:\\\/\\\/www.cidademarketing.com.br\\\/marketing\\\/#organization\"},\"alternateName\":\"CidadeMarketing\",\"potentialAction\":[{\"@type\":\"SearchAction\",\"target\":{\"@type\":\"EntryPoint\",\"urlTemplate\":\"https:\\\/\\\/www.cidademarketing.com.br\\\/marketing\\\/?s={search_term_string}\"},\"query-input\":{\"@type\":\"PropertyValueSpecification\",\"valueRequired\":true,\"valueName\":\"search_term_string\"}}],\"inLanguage\":\"pt-BR\"},{\"@type\":\"Organization\",\"@id\":\"https:\\\/\\\/www.cidademarketing.com.br\\\/marketing\\\/#organization\",\"name\":\"CidadeMarketing\",\"alternateName\":\"CidadeMarketing\",\"url\":\"https:\\\/\\\/www.cidademarketing.com.br\\\/marketing\\\/\",\"logo\":{\"@type\":\"ImageObject\",\"inLanguage\":\"pt-BR\",\"@id\":\"https:\\\/\\\/www.cidademarketing.com.br\\\/marketing\\\/#\\\/schema\\\/logo\\\/image\\\/\",\"url\":\"https:\\\/\\\/www.cidademarketing.com.br\\\/marketing\\\/wp-content\\\/uploads\\\/2020\\\/01\\\/cidademarketing_marca_mobile.png\",\"contentUrl\":\"https:\\\/\\\/www.cidademarketing.com.br\\\/marketing\\\/wp-content\\\/uploads\\\/2020\\\/01\\\/cidademarketing_marca_mobile.png\",\"width\":230,\"height\":92,\"caption\":\"CidadeMarketing\"},\"image\":{\"@id\":\"https:\\\/\\\/www.cidademarketing.com.br\\\/marketing\\\/#\\\/schema\\\/logo\\\/image\\\/\"},\"sameAs\":[\"https:\\\/\\\/www.facebook.com\\\/portalcidademarketing\",\"https:\\\/\\\/x.com\\\/CidadeMarketing\",\"https:\\\/\\\/www.instagram.com\\\/cidademarketing\\\/\"]},{\"@type\":\"Person\",\"@id\":\"https:\\\/\\\/www.cidademarketing.com.br\\\/marketing\\\/#\\\/schema\\\/person\\\/02daff9f18bd9378c9e01eb6b2db155f\",\"name\":\"Thales Brand\u00e3o\",\"image\":{\"@type\":\"ImageObject\",\"inLanguage\":\"pt-BR\",\"@id\":\"https:\\\/\\\/secure.gravatar.com\\\/avatar\\\/7ca3206950207cc3cb48feec56a8a7898741ab725c368d99d5d7a5a50aab80c6?s=96&d=mm&r=g\",\"url\":\"https:\\\/\\\/secure.gravatar.com\\\/avatar\\\/7ca3206950207cc3cb48feec56a8a7898741ab725c368d99d5d7a5a50aab80c6?s=96&d=mm&r=g\",\"contentUrl\":\"https:\\\/\\\/secure.gravatar.com\\\/avatar\\\/7ca3206950207cc3cb48feec56a8a7898741ab725c368d99d5d7a5a50aab80c6?s=96&d=mm&r=g\",\"caption\":\"Thales Brand\u00e3o\"},\"description\":\"Editor Executivo do Portal CidadeMarketing.com.br &gt; Mestre em Comunica\u00e7\u00e3o e Sociedade pela Universidade Federal de Sergipe. Possui MBA Executivo em Administra\u00e7\u00e3o com \u00eanfase em Marketing pela Funda\u00e7\u00e3o Get\u00falio Vargas - Rio de Janeiro. Consultor, Palestrante e Pesquisador sobre Empreendedorismo, Marketing, Redes Sociais e Neg\u00f3cios Digitais. Professor, Palestrante TedxTalks e Campus Party. Twitter: @ThalesBrandao\",\"sameAs\":[\"http:\\\/\\\/www.mandacaru.com.br\",\"https:\\\/\\\/www.facebook.com\\\/thalesbrandao\",\"http:\\\/\\\/www.instagram.com.br\\\/thalesbrandaoferreira\",\"https:\\\/\\\/www.linkedin.com\\\/in\\\/thales-brand\u00e3o-3948609\\\/\",\"https:\\\/\\\/x.com\\\/http:\\\/\\\/www.twitter.com\\\/thalesbrandao\"],\"url\":\"https:\\\/\\\/www.cidademarketing.com.br\\\/marketing\\\/author\\\/thalesbrandao\\\/\"}]}<\/script>\n<!-- \/ Yoast SEO plugin. -->","yoast_head_json":{"title":"Rio Open 2025: Zverev, Rune, Musetti, Baez e Fonseca entre os destaques confirmados para o torneio - CidadeMarketing","robots":{"index":"index","follow":"follow","max-snippet":"max-snippet:-1","max-image-preview":"max-image-preview:large","max-video-preview":"max-video-preview:-1"},"canonical":"https:\/\/www.cidademarketing.com.br\/marketing\/2025\/01\/24\/rio-open-2025-zverev-rune-musetti-baez-e-fonseca-entre-os-destaques-confirmados-para-o-torneio\/","og_locale":"pt_BR","og_type":"article","og_title":"Rio Open 2025: Zverev, Rune, Musetti, Baez e Fonseca entre os destaques confirmados para o torneio - CidadeMarketing","og_description":"A ATP divulgou nesta ter\u00e7a-feira a lista completa dos tenistas que disputar\u00e3o a 11\u00aa edi\u00e7\u00e3o do Rio Open, apresentado pela Claro. O torneio, que \u00e9 o \u00fanico ATP 500 da Am\u00e9rica do Sul, acontecer\u00e1 entre os dias 15 e 23 de fevereiro no Jockey Club Brasileiro, no Rio de Janeiro, e contar\u00e1 com estrelas do [&hellip;]","og_url":"https:\/\/www.cidademarketing.com.br\/marketing\/2025\/01\/24\/rio-open-2025-zverev-rune-musetti-baez-e-fonseca-entre-os-destaques-confirmados-para-o-torneio\/","og_site_name":"CidadeMarketing","article_publisher":"https:\/\/www.facebook.com\/portalcidademarketing","article_author":"https:\/\/www.facebook.com\/thalesbrandao","article_published_time":"2025-01-24T15:46:03+00:00","og_image":[{"width":1394,"height":827,"url":"https:\/\/www.cidademarketing.com.br\/marketing\/wp-content\/uploads\/2025\/01\/rioopen_2025_atletas.webp","type":"image\/webp"}],"author":"Thales Brand\u00e3o","twitter_card":"summary_large_image","twitter_creator":"@http:\/\/www.twitter.com\/thalesbrandao","twitter_site":"@CidadeMarketing","twitter_misc":{"Escrito por":"Thales Brand\u00e3o","Est. tempo de leitura":"4 minutos"},"schema":{"@context":"https:\/\/schema.org","@graph":[{"@type":"Article","@id":"https:\/\/www.cidademarketing.com.br\/marketing\/2025\/01\/24\/rio-open-2025-zverev-rune-musetti-baez-e-fonseca-entre-os-destaques-confirmados-para-o-torneio\/#article","isPartOf":{"@id":"https:\/\/www.cidademarketing.com.br\/marketing\/2025\/01\/24\/rio-open-2025-zverev-rune-musetti-baez-e-fonseca-entre-os-destaques-confirmados-para-o-torneio\/"},"author":{"name":"Thales Brand\u00e3o","@id":"https:\/\/www.cidademarketing.com.br\/marketing\/#\/schema\/person\/02daff9f18bd9378c9e01eb6b2db155f"},"headline":"Rio Open 2025: Zverev, Rune, Musetti, Baez e Fonseca entre os destaques confirmados para o torneio","datePublished":"2025-01-24T15:46:03+00:00","mainEntityOfPage":{"@id":"https:\/\/www.cidademarketing.com.br\/marketing\/2025\/01\/24\/rio-open-2025-zverev-rune-musetti-baez-e-fonseca-entre-os-destaques-confirmados-para-o-torneio\/"},"wordCount":787,"commentCount":0,"publisher":{"@id":"https:\/\/www.cidademarketing.com.br\/marketing\/#organization"},"image":{"@id":"https:\/\/www.cidademarketing.com.br\/marketing\/2025\/01\/24\/rio-open-2025-zverev-rune-musetti-baez-e-fonseca-entre-os-destaques-confirmados-para-o-torneio\/#primaryimage"},"thumbnailUrl":"https:\/\/www.cidademarketing.com.br\/marketing\/wp-content\/uploads\/2025\/01\/rioopen_2025_atletas.webp","keywords":["Am\u00e9rica Latina","Baez","estrat\u00e9gia","evento","Jo\u00e3o Fonseca","marketing","Rio de Janeiro","Rio Open 2025","Rune","t\u00eanis","tenistas","Zverev"],"articleSection":["Not\u00edcias"],"inLanguage":"pt-BR","potentialAction":[{"@type":"CommentAction","name":"Comment","target":["https:\/\/www.cidademarketing.com.br\/marketing\/2025\/01\/24\/rio-open-2025-zverev-rune-musetti-baez-e-fonseca-entre-os-destaques-confirmados-para-o-torneio\/#respond"]}]},{"@type":"WebPage","@id":"https:\/\/www.cidademarketing.com.br\/marketing\/2025\/01\/24\/rio-open-2025-zverev-rune-musetti-baez-e-fonseca-entre-os-destaques-confirmados-para-o-torneio\/","url":"https:\/\/www.cidademarketing.com.br\/marketing\/2025\/01\/24\/rio-open-2025-zverev-rune-musetti-baez-e-fonseca-entre-os-destaques-confirmados-para-o-torneio\/","name":"Rio Open 2025: Zverev, Rune, Musetti, Baez e Fonseca entre os destaques confirmados para o torneio - CidadeMarketing","isPartOf":{"@id":"https:\/\/www.cidademarketing.com.br\/marketing\/#website"},"primaryImageOfPage":{"@id":"https:\/\/www.cidademarketing.com.br\/marketing\/2025\/01\/24\/rio-open-2025-zverev-rune-musetti-baez-e-fonseca-entre-os-destaques-confirmados-para-o-torneio\/#primaryimage"},"image":{"@id":"https:\/\/www.cidademarketing.com.br\/marketing\/2025\/01\/24\/rio-open-2025-zverev-rune-musetti-baez-e-fonseca-entre-os-destaques-confirmados-para-o-torneio\/#primaryimage"},"thumbnailUrl":"https:\/\/www.cidademarketing.com.br\/marketing\/wp-content\/uploads\/2025\/01\/rioopen_2025_atletas.webp","datePublished":"2025-01-24T15:46:03+00:00","breadcrumb":{"@id":"https:\/\/www.cidademarketing.com.br\/marketing\/2025\/01\/24\/rio-open-2025-zverev-rune-musetti-baez-e-fonseca-entre-os-destaques-confirmados-para-o-torneio\/#breadcrumb"},"inLanguage":"pt-BR","potentialAction":[{"@type":"ReadAction","target":["https:\/\/www.cidademarketing.com.br\/marketing\/2025\/01\/24\/rio-open-2025-zverev-rune-musetti-baez-e-fonseca-entre-os-destaques-confirmados-para-o-torneio\/"]}]},{"@type":"ImageObject","inLanguage":"pt-BR","@id":"https:\/\/www.cidademarketing.com.br\/marketing\/2025\/01\/24\/rio-open-2025-zverev-rune-musetti-baez-e-fonseca-entre-os-destaques-confirmados-para-o-torneio\/#primaryimage","url":"https:\/\/www.cidademarketing.com.br\/marketing\/wp-content\/uploads\/2025\/01\/rioopen_2025_atletas.webp","contentUrl":"https:\/\/www.cidademarketing.com.br\/marketing\/wp-content\/uploads\/2025\/01\/rioopen_2025_atletas.webp","width":1394,"height":827,"caption":"Divulga\u00e7\u00e3o"},{"@type":"BreadcrumbList","@id":"https:\/\/www.cidademarketing.com.br\/marketing\/2025\/01\/24\/rio-open-2025-zverev-rune-musetti-baez-e-fonseca-entre-os-destaques-confirmados-para-o-torneio\/#breadcrumb","itemListElement":[{"@type":"ListItem","position":1,"name":"In\u00edcio","item":"https:\/\/www.cidademarketing.com.br\/marketing\/"},{"@type":"ListItem","position":2,"name":"Rio Open 2025: Zverev, Rune, Musetti, Baez e Fonseca entre os destaques confirmados para o torneio"}]},{"@type":"WebSite","@id":"https:\/\/www.cidademarketing.com.br\/marketing\/#website","url":"https:\/\/www.cidademarketing.com.br\/marketing\/","name":"CidadeMarketing","description":"Somos um ve\u00edculo de comunica\u00e7\u00e3o de destaque no Brasil, reconhecido por conte\u00fados nos segmentos de marketing, empreendedorismo e inova\u00e7\u00e3o.","publisher":{"@id":"https:\/\/www.cidademarketing.com.br\/marketing\/#organization"},"alternateName":"CidadeMarketing","potentialAction":[{"@type":"SearchAction","target":{"@type":"EntryPoint","urlTemplate":"https:\/\/www.cidademarketing.com.br\/marketing\/?s={search_term_string}"},"query-input":{"@type":"PropertyValueSpecification","valueRequired":true,"valueName":"search_term_string"}}],"inLanguage":"pt-BR"},{"@type":"Organization","@id":"https:\/\/www.cidademarketing.com.br\/marketing\/#organization","name":"CidadeMarketing","alternateName":"CidadeMarketing","url":"https:\/\/www.cidademarketing.com.br\/marketing\/","logo":{"@type":"ImageObject","inLanguage":"pt-BR","@id":"https:\/\/www.cidademarketing.com.br\/marketing\/#\/schema\/logo\/image\/","url":"https:\/\/www.cidademarketing.com.br\/marketing\/wp-content\/uploads\/2020\/01\/cidademarketing_marca_mobile.png","contentUrl":"https:\/\/www.cidademarketing.com.br\/marketing\/wp-content\/uploads\/2020\/01\/cidademarketing_marca_mobile.png","width":230,"height":92,"caption":"CidadeMarketing"},"image":{"@id":"https:\/\/www.cidademarketing.com.br\/marketing\/#\/schema\/logo\/image\/"},"sameAs":["https:\/\/www.facebook.com\/portalcidademarketing","https:\/\/x.com\/CidadeMarketing","https:\/\/www.instagram.com\/cidademarketing\/"]},{"@type":"Person","@id":"https:\/\/www.cidademarketing.com.br\/marketing\/#\/schema\/person\/02daff9f18bd9378c9e01eb6b2db155f","name":"Thales Brand\u00e3o","image":{"@type":"ImageObject","inLanguage":"pt-BR","@id":"https:\/\/secure.gravatar.com\/avatar\/7ca3206950207cc3cb48feec56a8a7898741ab725c368d99d5d7a5a50aab80c6?s=96&d=mm&r=g","url":"https:\/\/secure.gravatar.com\/avatar\/7ca3206950207cc3cb48feec56a8a7898741ab725c368d99d5d7a5a50aab80c6?s=96&d=mm&r=g","contentUrl":"https:\/\/secure.gravatar.com\/avatar\/7ca3206950207cc3cb48feec56a8a7898741ab725c368d99d5d7a5a50aab80c6?s=96&d=mm&r=g","caption":"Thales Brand\u00e3o"},"description":"Editor Executivo do Portal CidadeMarketing.com.br &gt; Mestre em Comunica\u00e7\u00e3o e Sociedade pela Universidade Federal de Sergipe. Possui MBA Executivo em Administra\u00e7\u00e3o com \u00eanfase em Marketing pela Funda\u00e7\u00e3o Get\u00falio Vargas - Rio de Janeiro. Consultor, Palestrante e Pesquisador sobre Empreendedorismo, Marketing, Redes Sociais e Neg\u00f3cios Digitais. Professor, Palestrante TedxTalks e Campus Party. Twitter: @ThalesBrandao","sameAs":["http:\/\/www.mandacaru.com.br","https:\/\/www.facebook.com\/thalesbrandao","http:\/\/www.instagram.com.br\/thalesbrandaoferreira","https:\/\/www.linkedin.com\/in\/thales-brand\u00e3o-3948609\/","https:\/\/x.com\/http:\/\/www.twitter.com\/thalesbrandao"],"url":"https:\/\/www.cidademarketing.com.br\/marketing\/author\/thalesbrandao\/"}]}},"amp_enabled":true,"_links":{"self":[{"href":"https:\/\/www.cidademarketing.com.br\/marketing\/wp-json\/wp\/v2\/posts\/54687","targetHints":{"allow":["GET"]}}],"collection":[{"href":"https:\/\/www.cidademarketing.com.br\/marketing\/wp-json\/wp\/v2\/posts"}],"about":[{"href":"https:\/\/www.cidademarketing.com.br\/marketing\/wp-json\/wp\/v2\/types\/post"}],"author":[{"embeddable":true,"href":"https:\/\/www.cidademarketing.com.br\/marketing\/wp-json\/wp\/v2\/users\/1"}],"replies":[{"embeddable":true,"href":"https:\/\/www.cidademarketing.com.br\/marketing\/wp-json\/wp\/v2\/comments?post=54687"}],"version-history":[{"count":1,"href":"https:\/\/www.cidademarketing.com.br\/marketing\/wp-json\/wp\/v2\/posts\/54687\/revisions"}],"predecessor-version":[{"id":54689,"href":"https:\/\/www.cidademarketing.com.br\/marketing\/wp-json\/wp\/v2\/posts\/54687\/revisions\/54689"}],"wp:featuredmedia":[{"embeddable":true,"href":"https:\/\/www.cidademarketing.com.br\/marketing\/wp-json\/wp\/v2\/media\/54688"}],"wp:attachment":[{"href":"https:\/\/www.cidademarketing.com.br\/marketing\/wp-json\/wp\/v2\/media?parent=54687"}],"wp:term":[{"taxonomy":"category","embeddable":true,"href":"https:\/\/www.cidademarketing.com.br\/marketing\/wp-json\/wp\/v2\/categories?post=54687"},{"taxonomy":"post_tag","embeddable":true,"href":"https:\/\/www.cidademarketing.com.br\/marketing\/wp-json\/wp\/v2\/tags?post=54687"}],"curies":[{"name":"wp","href":"https:\/\/api.w.org\/{rel}","templated":true}]}}