{"id":54659,"date":"2025-01-23T17:55:23","date_gmt":"2025-01-23T20:55:23","guid":{"rendered":"https:\/\/www.cidademarketing.com.br\/marketing\/?p=54659"},"modified":"2025-01-23T17:57:55","modified_gmt":"2025-01-23T20:57:55","slug":"web-estrategica-traz-victor-magalhaes-para-a-frente-comercial-mirando-o-mercado-enterprise","status":"publish","type":"post","link":"https:\/\/www.cidademarketing.com.br\/marketing\/2025\/01\/23\/web-estrategica-traz-victor-magalhaes-para-a-frente-comercial-mirando-o-mercado-enterprise\/","title":{"rendered":"Web Estrat\u00e9gica traz Victor Magalh\u00e3es para a frente comercial mirando o mercado enterprise"},"content":{"rendered":"<p>O executivo assume a frente de novos neg\u00f3cios e ficar\u00e1 respons\u00e1vel por aumentar a participa\u00e7\u00e3o da Web Estrat\u00e9gica em projetos com grandes marcas. Atualmente, a empresa j\u00e1 possui em seu portf\u00f3lio algumas das maiores marcas do pa\u00eds, como Magalu, Electrolux, Netshoes, Epson, EDP Energias, Panvel, Omie, entre outras.<\/p>\n<p>Esse movimento da Web Estrat\u00e9gica faz parte de um projeto de expans\u00e3o no mercado de conte\u00fado, especialmente no n\u00edvel enterprise. &#8220;J\u00e1 criamos a estrat\u00e9gia e produzimos conte\u00fado para grandes empresas brasileiras e globais. Os resultados que trazemos para esses clientes falam por si e agora chegou o momento de consolidarmos a Web Estrat\u00e9gica como a consultoria de conte\u00fado e SEO para as grandes marcas. Contar com a experi\u00eancia do Victor ser\u00e1 fundamental nessa miss\u00e3o&#8221;, afirma Rafael Rez, CMO da empresa.<\/p>\n<p>Victor Magalh\u00e3es atua no mercado digital desde 2001. Nos \u00faltimos 12 anos, foi s\u00f3cio-diretor na ag\u00eancia Cadastra, passando pela lideran\u00e7a das \u00e1reas de SEO, CRO, Digital Analytics, CRM e UX. No ano de 2019, recebeu o Pr\u00eamio Abradi de Melhor Profissional de SEO.<\/p>\n<p>\u201cA Web Estrat\u00e9gica j\u00e1 \u00e9 bastante conhecida pela excel\u00eancia no trabalho e por suas entregas em SEO e Conte\u00fado. Isso me d\u00e1 a seguran\u00e7a de que, junto com a experi\u00eancia que adquiri em grandes projetos nos \u00faltimos anos, vamos fazer um trabalho importante de consolidar ainda mais a empresa no cen\u00e1rio enterprise e trazer bons resultados principalmente em propostas de alta complexidade\u201d, complementa Victor.<\/p>\n<p>Nos \u00faltimos anos, a Web Estrat\u00e9gica tem investido ativamente em pessoas e capacita\u00e7\u00e3o para se manter \u00e0 frente do mercado em termos de qualidade das entregas. Segundo Rafael Rez, &#8220;o porte das empresas que atendemos exige um time experiente, que saiba falar em profundidade dos detalhes t\u00e9cnicos, mas que tamb\u00e9m saiba o papel do nosso trabalho para os objetivos de neg\u00f3cio dos nossos clientes. \u00c9 por isso que trabalhamos com alguns dos profissionais que s\u00e3o refer\u00eancia no Brasil em SEO e conte\u00fado. Boa parte deles atua conosco em grandes projetos h\u00e1 mais de 10 anos&#8221;.<\/p>\n<p><strong>Proje\u00e7\u00f5es de crescimento para 2025<\/strong><br \/>\nA empresa viu seu faturamento aumentar em 6 vezes desde 2020 e segue em ritmo de crescimento. Nos \u00faltimos meses, marcas como \u00c2nima Educa\u00e7\u00e3o, Epson e Youcom foram alguns dos clientes conquistados pela <a href=\"https:\/\/webestrategica.com.br\/\" target=\"_blank\" rel=\"noopener\">Web Estrat\u00e9gica<\/a>, demonstrando a sua atua\u00e7\u00e3o em diferentes segmentos de mercado, como varejo, educa\u00e7\u00e3o e ind\u00fastria.<\/p>\n<p>Para 2025, a Web Estrat\u00e9gica projeta um crescimento ainda maior do que no ano anterior. \u201cApesar dos desafios do cen\u00e1rio macroecon\u00f4mico, a preocupa\u00e7\u00e3o das marcas com a qualidade dos seus conte\u00fados tem aumentado e isso deve ser ainda mais forte em 2025. A oferta de conte\u00fado na internet \u00e9 cada vez maior, impulsionada principalmente por ferramentas de IA. Mas boa parte desse conte\u00fado n\u00e3o \u00e9 \u00fatil e nem confi\u00e1vel. O conte\u00fado de qualidade se tornou mais escasso, mas ao mesmo tempo \u00e9 mais valorizado. As marcas que querem ser relevantes est\u00e3o atentas a isso\u201d, defende Rafael.<\/p>\n<p>Para educar o mercado sobre a import\u00e2ncia de conte\u00fado de qualidade e como produzi-lo, a empresa est\u00e1 organizando o <a href=\"https:\/\/contentexperience.com.br\/\" target=\"_blank\" rel=\"noopener\">Content Experience<\/a>, um evento de n\u00edvel avan\u00e7ado focado em Marketing de Conte\u00fado. O evento \u00e9 presencial e ocorre nos dias 13 e 14 de maio em S\u00e3o Paulo. Entre os palestrantes confirmados est\u00e3o nomes relevantes do mercado, como Rafael Kiso, Camila Renaux, T\u00e9rcio Alves e Lucas Yokota. Victor Magalh\u00e3es tamb\u00e9m subir\u00e1 ao palco para compartilhar sua experi\u00eancia na \u00e1rea com os participantes, mostrando como provar o valor do conte\u00fado ao longo da jornada do cliente.<\/p>\n","protected":false},"excerpt":{"rendered":"<p>O executivo assume a frente de novos neg\u00f3cios e ficar\u00e1 respons\u00e1vel por aumentar a participa\u00e7\u00e3o da Web Estrat\u00e9gica em projetos com grandes marcas. Atualmente, a empresa j\u00e1 possui em seu portf\u00f3lio algumas das maiores marcas do pa\u00eds, como Magalu, Electrolux, Netshoes, Epson, EDP Energias, Panvel, Omie, entre outras. Esse movimento da Web Estrat\u00e9gica faz parte [&hellip;]<\/p>\n","protected":false},"author":1,"featured_media":54660,"comment_status":"open","ping_status":"open","sticky":false,"template":"","format":"standard","meta":{"tdm_status":"","tdm_grid_status":"","footnotes":""},"categories":[6],"tags":[65,1065,926,33,28,817,26,240,8699,1866,8700,8698],"class_list":["post-54659","post","type-post","status-publish","format-standard","has-post-thumbnail","hentry","category-noticias","tag-campanha","tag-comercial","tag-conteudo","tag-estrategia","tag-marketing","tag-marketing-de-conteudo","tag-marketing-digital","tag-mercado-digital","tag-search-engine-optimization","tag-seo","tag-victor-magalhaes","tag-web-estrategica"],"yoast_head":"<!-- This site is optimized with the Yoast SEO plugin v27.5 - https:\/\/yoast.com\/product\/yoast-seo-wordpress\/ -->\n<title>Web Estrat\u00e9gica traz Victor Magalh\u00e3es para a frente comercial mirando o mercado enterprise - CidadeMarketing<\/title>\n<meta name=\"robots\" content=\"index, follow, max-snippet:-1, max-image-preview:large, max-video-preview:-1\" \/>\n<link rel=\"canonical\" href=\"https:\/\/www.cidademarketing.com.br\/marketing\/2025\/01\/23\/web-estrategica-traz-victor-magalhaes-para-a-frente-comercial-mirando-o-mercado-enterprise\/\" \/>\n<meta property=\"og:locale\" content=\"pt_BR\" \/>\n<meta property=\"og:type\" content=\"article\" \/>\n<meta property=\"og:title\" content=\"Web Estrat\u00e9gica traz Victor Magalh\u00e3es para a frente comercial mirando o mercado enterprise - CidadeMarketing\" \/>\n<meta property=\"og:description\" content=\"O executivo assume a frente de novos neg\u00f3cios e ficar\u00e1 respons\u00e1vel por aumentar a participa\u00e7\u00e3o da Web Estrat\u00e9gica em projetos com grandes marcas. Atualmente, a empresa j\u00e1 possui em seu portf\u00f3lio algumas das maiores marcas do pa\u00eds, como Magalu, Electrolux, Netshoes, Epson, EDP Energias, Panvel, Omie, entre outras. Esse movimento da Web Estrat\u00e9gica faz parte [&hellip;]\" \/>\n<meta property=\"og:url\" content=\"https:\/\/www.cidademarketing.com.br\/marketing\/2025\/01\/23\/web-estrategica-traz-victor-magalhaes-para-a-frente-comercial-mirando-o-mercado-enterprise\/\" \/>\n<meta property=\"og:site_name\" content=\"CidadeMarketing\" \/>\n<meta property=\"article:publisher\" content=\"https:\/\/www.facebook.com\/portalcidademarketing\" \/>\n<meta property=\"article:author\" content=\"https:\/\/www.facebook.com\/thalesbrandao\" \/>\n<meta property=\"article:published_time\" content=\"2025-01-23T20:55:23+00:00\" \/>\n<meta property=\"article:modified_time\" content=\"2025-01-23T20:57:55+00:00\" \/>\n<meta property=\"og:image\" content=\"https:\/\/www.cidademarketing.com.br\/marketing\/wp-content\/uploads\/2025\/01\/webestrategica_victor_magalhaes.webp\" \/>\n\t<meta property=\"og:image:width\" content=\"914\" \/>\n\t<meta property=\"og:image:height\" content=\"556\" \/>\n\t<meta property=\"og:image:type\" content=\"image\/webp\" \/>\n<meta name=\"author\" content=\"Thales Brand\u00e3o\" \/>\n<meta name=\"twitter:card\" content=\"summary_large_image\" \/>\n<meta name=\"twitter:creator\" content=\"@http:\/\/www.twitter.com\/thalesbrandao\" \/>\n<meta name=\"twitter:site\" content=\"@CidadeMarketing\" \/>\n<meta name=\"twitter:label1\" content=\"Escrito por\" \/>\n\t<meta name=\"twitter:data1\" content=\"Thales Brand\u00e3o\" \/>\n\t<meta name=\"twitter:label2\" content=\"Est. tempo de leitura\" \/>\n\t<meta name=\"twitter:data2\" content=\"3 minutos\" \/>\n<script type=\"application\/ld+json\" class=\"yoast-schema-graph\">{\"@context\":\"https:\\\/\\\/schema.org\",\"@graph\":[{\"@type\":\"Article\",\"@id\":\"https:\\\/\\\/www.cidademarketing.com.br\\\/marketing\\\/2025\\\/01\\\/23\\\/web-estrategica-traz-victor-magalhaes-para-a-frente-comercial-mirando-o-mercado-enterprise\\\/#article\",\"isPartOf\":{\"@id\":\"https:\\\/\\\/www.cidademarketing.com.br\\\/marketing\\\/2025\\\/01\\\/23\\\/web-estrategica-traz-victor-magalhaes-para-a-frente-comercial-mirando-o-mercado-enterprise\\\/\"},\"author\":{\"name\":\"Thales Brand\u00e3o\",\"@id\":\"https:\\\/\\\/www.cidademarketing.com.br\\\/marketing\\\/#\\\/schema\\\/person\\\/02daff9f18bd9378c9e01eb6b2db155f\"},\"headline\":\"Web Estrat\u00e9gica traz Victor Magalh\u00e3es para a frente comercial mirando o mercado enterprise\",\"datePublished\":\"2025-01-23T20:55:23+00:00\",\"dateModified\":\"2025-01-23T20:57:55+00:00\",\"mainEntityOfPage\":{\"@id\":\"https:\\\/\\\/www.cidademarketing.com.br\\\/marketing\\\/2025\\\/01\\\/23\\\/web-estrategica-traz-victor-magalhaes-para-a-frente-comercial-mirando-o-mercado-enterprise\\\/\"},\"wordCount\":635,\"commentCount\":0,\"publisher\":{\"@id\":\"https:\\\/\\\/www.cidademarketing.com.br\\\/marketing\\\/#organization\"},\"image\":{\"@id\":\"https:\\\/\\\/www.cidademarketing.com.br\\\/marketing\\\/2025\\\/01\\\/23\\\/web-estrategica-traz-victor-magalhaes-para-a-frente-comercial-mirando-o-mercado-enterprise\\\/#primaryimage\"},\"thumbnailUrl\":\"https:\\\/\\\/www.cidademarketing.com.br\\\/marketing\\\/wp-content\\\/uploads\\\/2025\\\/01\\\/webestrategica_victor_magalhaes.webp\",\"keywords\":[\"campanha\",\"comercial\",\"conte\u00fado\",\"estrat\u00e9gia\",\"marketing\",\"marketing de conte\u00fado\",\"marketing digital\",\"mercado digital\",\"Search Engine Optimization\",\"SEO\",\"Victor Magalh\u00e3es\",\"Web Estrat\u00e9gica\"],\"articleSection\":[\"Not\u00edcias\"],\"inLanguage\":\"pt-BR\",\"potentialAction\":[{\"@type\":\"CommentAction\",\"name\":\"Comment\",\"target\":[\"https:\\\/\\\/www.cidademarketing.com.br\\\/marketing\\\/2025\\\/01\\\/23\\\/web-estrategica-traz-victor-magalhaes-para-a-frente-comercial-mirando-o-mercado-enterprise\\\/#respond\"]}]},{\"@type\":\"WebPage\",\"@id\":\"https:\\\/\\\/www.cidademarketing.com.br\\\/marketing\\\/2025\\\/01\\\/23\\\/web-estrategica-traz-victor-magalhaes-para-a-frente-comercial-mirando-o-mercado-enterprise\\\/\",\"url\":\"https:\\\/\\\/www.cidademarketing.com.br\\\/marketing\\\/2025\\\/01\\\/23\\\/web-estrategica-traz-victor-magalhaes-para-a-frente-comercial-mirando-o-mercado-enterprise\\\/\",\"name\":\"Web Estrat\u00e9gica traz Victor Magalh\u00e3es para a frente comercial mirando o mercado enterprise - CidadeMarketing\",\"isPartOf\":{\"@id\":\"https:\\\/\\\/www.cidademarketing.com.br\\\/marketing\\\/#website\"},\"primaryImageOfPage\":{\"@id\":\"https:\\\/\\\/www.cidademarketing.com.br\\\/marketing\\\/2025\\\/01\\\/23\\\/web-estrategica-traz-victor-magalhaes-para-a-frente-comercial-mirando-o-mercado-enterprise\\\/#primaryimage\"},\"image\":{\"@id\":\"https:\\\/\\\/www.cidademarketing.com.br\\\/marketing\\\/2025\\\/01\\\/23\\\/web-estrategica-traz-victor-magalhaes-para-a-frente-comercial-mirando-o-mercado-enterprise\\\/#primaryimage\"},\"thumbnailUrl\":\"https:\\\/\\\/www.cidademarketing.com.br\\\/marketing\\\/wp-content\\\/uploads\\\/2025\\\/01\\\/webestrategica_victor_magalhaes.webp\",\"datePublished\":\"2025-01-23T20:55:23+00:00\",\"dateModified\":\"2025-01-23T20:57:55+00:00\",\"breadcrumb\":{\"@id\":\"https:\\\/\\\/www.cidademarketing.com.br\\\/marketing\\\/2025\\\/01\\\/23\\\/web-estrategica-traz-victor-magalhaes-para-a-frente-comercial-mirando-o-mercado-enterprise\\\/#breadcrumb\"},\"inLanguage\":\"pt-BR\",\"potentialAction\":[{\"@type\":\"ReadAction\",\"target\":[\"https:\\\/\\\/www.cidademarketing.com.br\\\/marketing\\\/2025\\\/01\\\/23\\\/web-estrategica-traz-victor-magalhaes-para-a-frente-comercial-mirando-o-mercado-enterprise\\\/\"]}]},{\"@type\":\"ImageObject\",\"inLanguage\":\"pt-BR\",\"@id\":\"https:\\\/\\\/www.cidademarketing.com.br\\\/marketing\\\/2025\\\/01\\\/23\\\/web-estrategica-traz-victor-magalhaes-para-a-frente-comercial-mirando-o-mercado-enterprise\\\/#primaryimage\",\"url\":\"https:\\\/\\\/www.cidademarketing.com.br\\\/marketing\\\/wp-content\\\/uploads\\\/2025\\\/01\\\/webestrategica_victor_magalhaes.webp\",\"contentUrl\":\"https:\\\/\\\/www.cidademarketing.com.br\\\/marketing\\\/wp-content\\\/uploads\\\/2025\\\/01\\\/webestrategica_victor_magalhaes.webp\",\"width\":914,\"height\":556,\"caption\":\"Divulga\u00e7\u00e3o\"},{\"@type\":\"BreadcrumbList\",\"@id\":\"https:\\\/\\\/www.cidademarketing.com.br\\\/marketing\\\/2025\\\/01\\\/23\\\/web-estrategica-traz-victor-magalhaes-para-a-frente-comercial-mirando-o-mercado-enterprise\\\/#breadcrumb\",\"itemListElement\":[{\"@type\":\"ListItem\",\"position\":1,\"name\":\"In\u00edcio\",\"item\":\"https:\\\/\\\/www.cidademarketing.com.br\\\/marketing\\\/\"},{\"@type\":\"ListItem\",\"position\":2,\"name\":\"Web Estrat\u00e9gica traz Victor Magalh\u00e3es para a frente comercial mirando o mercado enterprise\"}]},{\"@type\":\"WebSite\",\"@id\":\"https:\\\/\\\/www.cidademarketing.com.br\\\/marketing\\\/#website\",\"url\":\"https:\\\/\\\/www.cidademarketing.com.br\\\/marketing\\\/\",\"name\":\"CidadeMarketing\",\"description\":\"Somos um ve\u00edculo de comunica\u00e7\u00e3o de destaque no Brasil, reconhecido por conte\u00fados nos segmentos de marketing, empreendedorismo e inova\u00e7\u00e3o.\",\"publisher\":{\"@id\":\"https:\\\/\\\/www.cidademarketing.com.br\\\/marketing\\\/#organization\"},\"alternateName\":\"CidadeMarketing\",\"potentialAction\":[{\"@type\":\"SearchAction\",\"target\":{\"@type\":\"EntryPoint\",\"urlTemplate\":\"https:\\\/\\\/www.cidademarketing.com.br\\\/marketing\\\/?s={search_term_string}\"},\"query-input\":{\"@type\":\"PropertyValueSpecification\",\"valueRequired\":true,\"valueName\":\"search_term_string\"}}],\"inLanguage\":\"pt-BR\"},{\"@type\":\"Organization\",\"@id\":\"https:\\\/\\\/www.cidademarketing.com.br\\\/marketing\\\/#organization\",\"name\":\"CidadeMarketing\",\"alternateName\":\"CidadeMarketing\",\"url\":\"https:\\\/\\\/www.cidademarketing.com.br\\\/marketing\\\/\",\"logo\":{\"@type\":\"ImageObject\",\"inLanguage\":\"pt-BR\",\"@id\":\"https:\\\/\\\/www.cidademarketing.com.br\\\/marketing\\\/#\\\/schema\\\/logo\\\/image\\\/\",\"url\":\"https:\\\/\\\/www.cidademarketing.com.br\\\/marketing\\\/wp-content\\\/uploads\\\/2020\\\/01\\\/cidademarketing_marca_mobile.png\",\"contentUrl\":\"https:\\\/\\\/www.cidademarketing.com.br\\\/marketing\\\/wp-content\\\/uploads\\\/2020\\\/01\\\/cidademarketing_marca_mobile.png\",\"width\":230,\"height\":92,\"caption\":\"CidadeMarketing\"},\"image\":{\"@id\":\"https:\\\/\\\/www.cidademarketing.com.br\\\/marketing\\\/#\\\/schema\\\/logo\\\/image\\\/\"},\"sameAs\":[\"https:\\\/\\\/www.facebook.com\\\/portalcidademarketing\",\"https:\\\/\\\/x.com\\\/CidadeMarketing\",\"https:\\\/\\\/www.instagram.com\\\/cidademarketing\\\/\"]},{\"@type\":\"Person\",\"@id\":\"https:\\\/\\\/www.cidademarketing.com.br\\\/marketing\\\/#\\\/schema\\\/person\\\/02daff9f18bd9378c9e01eb6b2db155f\",\"name\":\"Thales Brand\u00e3o\",\"image\":{\"@type\":\"ImageObject\",\"inLanguage\":\"pt-BR\",\"@id\":\"https:\\\/\\\/secure.gravatar.com\\\/avatar\\\/7ca3206950207cc3cb48feec56a8a7898741ab725c368d99d5d7a5a50aab80c6?s=96&d=mm&r=g\",\"url\":\"https:\\\/\\\/secure.gravatar.com\\\/avatar\\\/7ca3206950207cc3cb48feec56a8a7898741ab725c368d99d5d7a5a50aab80c6?s=96&d=mm&r=g\",\"contentUrl\":\"https:\\\/\\\/secure.gravatar.com\\\/avatar\\\/7ca3206950207cc3cb48feec56a8a7898741ab725c368d99d5d7a5a50aab80c6?s=96&d=mm&r=g\",\"caption\":\"Thales Brand\u00e3o\"},\"description\":\"Editor Executivo do Portal CidadeMarketing.com.br &gt; Mestre em Comunica\u00e7\u00e3o e Sociedade pela Universidade Federal de Sergipe. Possui MBA Executivo em Administra\u00e7\u00e3o com \u00eanfase em Marketing pela Funda\u00e7\u00e3o Get\u00falio Vargas - Rio de Janeiro. Consultor, Palestrante e Pesquisador sobre Empreendedorismo, Marketing, Redes Sociais e Neg\u00f3cios Digitais. Professor, Palestrante TedxTalks e Campus Party. Twitter: @ThalesBrandao\",\"sameAs\":[\"http:\\\/\\\/www.mandacaru.com.br\",\"https:\\\/\\\/www.facebook.com\\\/thalesbrandao\",\"http:\\\/\\\/www.instagram.com.br\\\/thalesbrandaoferreira\",\"https:\\\/\\\/www.linkedin.com\\\/in\\\/thales-brand\u00e3o-3948609\\\/\",\"https:\\\/\\\/x.com\\\/http:\\\/\\\/www.twitter.com\\\/thalesbrandao\"],\"url\":\"https:\\\/\\\/www.cidademarketing.com.br\\\/marketing\\\/author\\\/thalesbrandao\\\/\"}]}<\/script>\n<!-- \/ Yoast SEO plugin. -->","yoast_head_json":{"title":"Web Estrat\u00e9gica traz Victor Magalh\u00e3es para a frente comercial mirando o mercado enterprise - CidadeMarketing","robots":{"index":"index","follow":"follow","max-snippet":"max-snippet:-1","max-image-preview":"max-image-preview:large","max-video-preview":"max-video-preview:-1"},"canonical":"https:\/\/www.cidademarketing.com.br\/marketing\/2025\/01\/23\/web-estrategica-traz-victor-magalhaes-para-a-frente-comercial-mirando-o-mercado-enterprise\/","og_locale":"pt_BR","og_type":"article","og_title":"Web Estrat\u00e9gica traz Victor Magalh\u00e3es para a frente comercial mirando o mercado enterprise - CidadeMarketing","og_description":"O executivo assume a frente de novos neg\u00f3cios e ficar\u00e1 respons\u00e1vel por aumentar a participa\u00e7\u00e3o da Web Estrat\u00e9gica em projetos com grandes marcas. Atualmente, a empresa j\u00e1 possui em seu portf\u00f3lio algumas das maiores marcas do pa\u00eds, como Magalu, Electrolux, Netshoes, Epson, EDP Energias, Panvel, Omie, entre outras. Esse movimento da Web Estrat\u00e9gica faz parte [&hellip;]","og_url":"https:\/\/www.cidademarketing.com.br\/marketing\/2025\/01\/23\/web-estrategica-traz-victor-magalhaes-para-a-frente-comercial-mirando-o-mercado-enterprise\/","og_site_name":"CidadeMarketing","article_publisher":"https:\/\/www.facebook.com\/portalcidademarketing","article_author":"https:\/\/www.facebook.com\/thalesbrandao","article_published_time":"2025-01-23T20:55:23+00:00","article_modified_time":"2025-01-23T20:57:55+00:00","og_image":[{"width":914,"height":556,"url":"https:\/\/www.cidademarketing.com.br\/marketing\/wp-content\/uploads\/2025\/01\/webestrategica_victor_magalhaes.webp","type":"image\/webp"}],"author":"Thales Brand\u00e3o","twitter_card":"summary_large_image","twitter_creator":"@http:\/\/www.twitter.com\/thalesbrandao","twitter_site":"@CidadeMarketing","twitter_misc":{"Escrito por":"Thales Brand\u00e3o","Est. tempo de leitura":"3 minutos"},"schema":{"@context":"https:\/\/schema.org","@graph":[{"@type":"Article","@id":"https:\/\/www.cidademarketing.com.br\/marketing\/2025\/01\/23\/web-estrategica-traz-victor-magalhaes-para-a-frente-comercial-mirando-o-mercado-enterprise\/#article","isPartOf":{"@id":"https:\/\/www.cidademarketing.com.br\/marketing\/2025\/01\/23\/web-estrategica-traz-victor-magalhaes-para-a-frente-comercial-mirando-o-mercado-enterprise\/"},"author":{"name":"Thales Brand\u00e3o","@id":"https:\/\/www.cidademarketing.com.br\/marketing\/#\/schema\/person\/02daff9f18bd9378c9e01eb6b2db155f"},"headline":"Web Estrat\u00e9gica traz Victor Magalh\u00e3es para a frente comercial mirando o mercado enterprise","datePublished":"2025-01-23T20:55:23+00:00","dateModified":"2025-01-23T20:57:55+00:00","mainEntityOfPage":{"@id":"https:\/\/www.cidademarketing.com.br\/marketing\/2025\/01\/23\/web-estrategica-traz-victor-magalhaes-para-a-frente-comercial-mirando-o-mercado-enterprise\/"},"wordCount":635,"commentCount":0,"publisher":{"@id":"https:\/\/www.cidademarketing.com.br\/marketing\/#organization"},"image":{"@id":"https:\/\/www.cidademarketing.com.br\/marketing\/2025\/01\/23\/web-estrategica-traz-victor-magalhaes-para-a-frente-comercial-mirando-o-mercado-enterprise\/#primaryimage"},"thumbnailUrl":"https:\/\/www.cidademarketing.com.br\/marketing\/wp-content\/uploads\/2025\/01\/webestrategica_victor_magalhaes.webp","keywords":["campanha","comercial","conte\u00fado","estrat\u00e9gia","marketing","marketing de conte\u00fado","marketing digital","mercado digital","Search Engine Optimization","SEO","Victor Magalh\u00e3es","Web Estrat\u00e9gica"],"articleSection":["Not\u00edcias"],"inLanguage":"pt-BR","potentialAction":[{"@type":"CommentAction","name":"Comment","target":["https:\/\/www.cidademarketing.com.br\/marketing\/2025\/01\/23\/web-estrategica-traz-victor-magalhaes-para-a-frente-comercial-mirando-o-mercado-enterprise\/#respond"]}]},{"@type":"WebPage","@id":"https:\/\/www.cidademarketing.com.br\/marketing\/2025\/01\/23\/web-estrategica-traz-victor-magalhaes-para-a-frente-comercial-mirando-o-mercado-enterprise\/","url":"https:\/\/www.cidademarketing.com.br\/marketing\/2025\/01\/23\/web-estrategica-traz-victor-magalhaes-para-a-frente-comercial-mirando-o-mercado-enterprise\/","name":"Web Estrat\u00e9gica traz Victor Magalh\u00e3es para a frente comercial mirando o mercado enterprise - CidadeMarketing","isPartOf":{"@id":"https:\/\/www.cidademarketing.com.br\/marketing\/#website"},"primaryImageOfPage":{"@id":"https:\/\/www.cidademarketing.com.br\/marketing\/2025\/01\/23\/web-estrategica-traz-victor-magalhaes-para-a-frente-comercial-mirando-o-mercado-enterprise\/#primaryimage"},"image":{"@id":"https:\/\/www.cidademarketing.com.br\/marketing\/2025\/01\/23\/web-estrategica-traz-victor-magalhaes-para-a-frente-comercial-mirando-o-mercado-enterprise\/#primaryimage"},"thumbnailUrl":"https:\/\/www.cidademarketing.com.br\/marketing\/wp-content\/uploads\/2025\/01\/webestrategica_victor_magalhaes.webp","datePublished":"2025-01-23T20:55:23+00:00","dateModified":"2025-01-23T20:57:55+00:00","breadcrumb":{"@id":"https:\/\/www.cidademarketing.com.br\/marketing\/2025\/01\/23\/web-estrategica-traz-victor-magalhaes-para-a-frente-comercial-mirando-o-mercado-enterprise\/#breadcrumb"},"inLanguage":"pt-BR","potentialAction":[{"@type":"ReadAction","target":["https:\/\/www.cidademarketing.com.br\/marketing\/2025\/01\/23\/web-estrategica-traz-victor-magalhaes-para-a-frente-comercial-mirando-o-mercado-enterprise\/"]}]},{"@type":"ImageObject","inLanguage":"pt-BR","@id":"https:\/\/www.cidademarketing.com.br\/marketing\/2025\/01\/23\/web-estrategica-traz-victor-magalhaes-para-a-frente-comercial-mirando-o-mercado-enterprise\/#primaryimage","url":"https:\/\/www.cidademarketing.com.br\/marketing\/wp-content\/uploads\/2025\/01\/webestrategica_victor_magalhaes.webp","contentUrl":"https:\/\/www.cidademarketing.com.br\/marketing\/wp-content\/uploads\/2025\/01\/webestrategica_victor_magalhaes.webp","width":914,"height":556,"caption":"Divulga\u00e7\u00e3o"},{"@type":"BreadcrumbList","@id":"https:\/\/www.cidademarketing.com.br\/marketing\/2025\/01\/23\/web-estrategica-traz-victor-magalhaes-para-a-frente-comercial-mirando-o-mercado-enterprise\/#breadcrumb","itemListElement":[{"@type":"ListItem","position":1,"name":"In\u00edcio","item":"https:\/\/www.cidademarketing.com.br\/marketing\/"},{"@type":"ListItem","position":2,"name":"Web Estrat\u00e9gica traz Victor Magalh\u00e3es para a frente comercial mirando o mercado enterprise"}]},{"@type":"WebSite","@id":"https:\/\/www.cidademarketing.com.br\/marketing\/#website","url":"https:\/\/www.cidademarketing.com.br\/marketing\/","name":"CidadeMarketing","description":"Somos um ve\u00edculo de comunica\u00e7\u00e3o de destaque no Brasil, reconhecido por conte\u00fados nos segmentos de marketing, empreendedorismo e inova\u00e7\u00e3o.","publisher":{"@id":"https:\/\/www.cidademarketing.com.br\/marketing\/#organization"},"alternateName":"CidadeMarketing","potentialAction":[{"@type":"SearchAction","target":{"@type":"EntryPoint","urlTemplate":"https:\/\/www.cidademarketing.com.br\/marketing\/?s={search_term_string}"},"query-input":{"@type":"PropertyValueSpecification","valueRequired":true,"valueName":"search_term_string"}}],"inLanguage":"pt-BR"},{"@type":"Organization","@id":"https:\/\/www.cidademarketing.com.br\/marketing\/#organization","name":"CidadeMarketing","alternateName":"CidadeMarketing","url":"https:\/\/www.cidademarketing.com.br\/marketing\/","logo":{"@type":"ImageObject","inLanguage":"pt-BR","@id":"https:\/\/www.cidademarketing.com.br\/marketing\/#\/schema\/logo\/image\/","url":"https:\/\/www.cidademarketing.com.br\/marketing\/wp-content\/uploads\/2020\/01\/cidademarketing_marca_mobile.png","contentUrl":"https:\/\/www.cidademarketing.com.br\/marketing\/wp-content\/uploads\/2020\/01\/cidademarketing_marca_mobile.png","width":230,"height":92,"caption":"CidadeMarketing"},"image":{"@id":"https:\/\/www.cidademarketing.com.br\/marketing\/#\/schema\/logo\/image\/"},"sameAs":["https:\/\/www.facebook.com\/portalcidademarketing","https:\/\/x.com\/CidadeMarketing","https:\/\/www.instagram.com\/cidademarketing\/"]},{"@type":"Person","@id":"https:\/\/www.cidademarketing.com.br\/marketing\/#\/schema\/person\/02daff9f18bd9378c9e01eb6b2db155f","name":"Thales Brand\u00e3o","image":{"@type":"ImageObject","inLanguage":"pt-BR","@id":"https:\/\/secure.gravatar.com\/avatar\/7ca3206950207cc3cb48feec56a8a7898741ab725c368d99d5d7a5a50aab80c6?s=96&d=mm&r=g","url":"https:\/\/secure.gravatar.com\/avatar\/7ca3206950207cc3cb48feec56a8a7898741ab725c368d99d5d7a5a50aab80c6?s=96&d=mm&r=g","contentUrl":"https:\/\/secure.gravatar.com\/avatar\/7ca3206950207cc3cb48feec56a8a7898741ab725c368d99d5d7a5a50aab80c6?s=96&d=mm&r=g","caption":"Thales Brand\u00e3o"},"description":"Editor Executivo do Portal CidadeMarketing.com.br &gt; Mestre em Comunica\u00e7\u00e3o e Sociedade pela Universidade Federal de Sergipe. Possui MBA Executivo em Administra\u00e7\u00e3o com \u00eanfase em Marketing pela Funda\u00e7\u00e3o Get\u00falio Vargas - Rio de Janeiro. Consultor, Palestrante e Pesquisador sobre Empreendedorismo, Marketing, Redes Sociais e Neg\u00f3cios Digitais. Professor, Palestrante TedxTalks e Campus Party. Twitter: @ThalesBrandao","sameAs":["http:\/\/www.mandacaru.com.br","https:\/\/www.facebook.com\/thalesbrandao","http:\/\/www.instagram.com.br\/thalesbrandaoferreira","https:\/\/www.linkedin.com\/in\/thales-brand\u00e3o-3948609\/","https:\/\/x.com\/http:\/\/www.twitter.com\/thalesbrandao"],"url":"https:\/\/www.cidademarketing.com.br\/marketing\/author\/thalesbrandao\/"}]}},"amp_enabled":true,"_links":{"self":[{"href":"https:\/\/www.cidademarketing.com.br\/marketing\/wp-json\/wp\/v2\/posts\/54659","targetHints":{"allow":["GET"]}}],"collection":[{"href":"https:\/\/www.cidademarketing.com.br\/marketing\/wp-json\/wp\/v2\/posts"}],"about":[{"href":"https:\/\/www.cidademarketing.com.br\/marketing\/wp-json\/wp\/v2\/types\/post"}],"author":[{"embeddable":true,"href":"https:\/\/www.cidademarketing.com.br\/marketing\/wp-json\/wp\/v2\/users\/1"}],"replies":[{"embeddable":true,"href":"https:\/\/www.cidademarketing.com.br\/marketing\/wp-json\/wp\/v2\/comments?post=54659"}],"version-history":[{"count":3,"href":"https:\/\/www.cidademarketing.com.br\/marketing\/wp-json\/wp\/v2\/posts\/54659\/revisions"}],"predecessor-version":[{"id":54663,"href":"https:\/\/www.cidademarketing.com.br\/marketing\/wp-json\/wp\/v2\/posts\/54659\/revisions\/54663"}],"wp:featuredmedia":[{"embeddable":true,"href":"https:\/\/www.cidademarketing.com.br\/marketing\/wp-json\/wp\/v2\/media\/54660"}],"wp:attachment":[{"href":"https:\/\/www.cidademarketing.com.br\/marketing\/wp-json\/wp\/v2\/media?parent=54659"}],"wp:term":[{"taxonomy":"category","embeddable":true,"href":"https:\/\/www.cidademarketing.com.br\/marketing\/wp-json\/wp\/v2\/categories?post=54659"},{"taxonomy":"post_tag","embeddable":true,"href":"https:\/\/www.cidademarketing.com.br\/marketing\/wp-json\/wp\/v2\/tags?post=54659"}],"curies":[{"name":"wp","href":"https:\/\/api.w.org\/{rel}","templated":true}]}}