{"id":54608,"date":"2025-01-17T14:31:58","date_gmt":"2025-01-17T17:31:58","guid":{"rendered":"https:\/\/www.cidademarketing.com.br\/marketing\/?p=54608"},"modified":"2025-01-18T01:18:48","modified_gmt":"2025-01-18T04:18:48","slug":"joao-fonseca-confirmado-na-chave-principal-do-rio-open-2025","status":"publish","type":"post","link":"https:\/\/www.cidademarketing.com.br\/marketing\/2025\/01\/17\/joao-fonseca-confirmado-na-chave-principal-do-rio-open-2025\/","title":{"rendered":"Jo\u00e3o Fonseca confirmado na chave principal do Rio Open 2025"},"content":{"rendered":"<p data-pm-slice=\"1 1 []\">Um dos maiores fen\u00f4menos do t\u00eanis mundial, o jovem Jo\u00e3o Fonseca, de 18 anos, est\u00e1 garantido na chave principal do Rio Open 2025, apresentado pela Claro. O torneio, maior evento de t\u00eanis da Am\u00e9rica do Sul, acontecer\u00e1 entre os dias 15 e 23 de fevereiro, no Jockey Club Brasileiro, no Rio de Janeiro. Fonseca recebeu o primeiro convite do ATP 500 carioca, reafirmando sua ascens\u00e3o mete\u00f3rica no circuito profissional.<\/p>\n<p>Jo\u00e3o Fonseca impressionou o mundo do t\u00eanis em 2024, especialmente com sua performance no pr\u00f3prio Rio Open, onde alcan\u00e7ou as quartas de final. Na ocasi\u00e3o, ele superou nomes como Arthur Fils e Cristian Garin, consolidando-se como uma das grandes promessas do esporte. Esse resultado foi crucial para sua decis\u00e3o de migrar para o circuito profissional, abandonando a possibilidade de atuar no t\u00eanis universit\u00e1rio.<\/p>\n<p>A hist\u00f3ria de Fonseca com o Rio Open come\u00e7a bem antes de sua estreia como jogador. Desde 2014, ele frequentava o torneio como torcedor, acompanhando de perto \u00eddolos como Rafael Nadal. Em 2022, deu um passo \u00e0 frente ao atuar como sparring oficial do evento, treinando com atletas como Carlos Alcaraz e Matteo Berrettini. No ano seguinte, recebeu um convite para disputar sua primeira chave principal de um torneio ATP, tamb\u00e9m no Rio Open.<\/p>\n<p>O ano de 2023 foi especial para Jo\u00e3o Fonseca, que brilhou no circuito juvenil. Ele conquistou o t\u00edtulo do US Open juvenil, alcan\u00e7ou o posto de n\u00famero 1 do mundo no ranking da ITF e foi premiado como campe\u00e3o mundial juvenil. Esses feitos o prepararam para um 2024 ainda mais marcante, que incluiu vit\u00f3rias no Challenger de Lexington e sua primeira participa\u00e7\u00e3o em Wimbledon, no qualifying do Grand Slam.<\/p>\n<p>Mas o auge de sua carreira at\u00e9 agora veio no fim de 2024, quando Fonseca venceu o Next Gen ATP Finals, torneio que re\u00fane os melhores tenistas sub-20 do mundo. A campanha impec\u00e1vel, sem derrotas, o colocou definitivamente no radar do t\u00eanis mundial. Embalado por esse sucesso, ele iniciou 2025 com t\u00edtulos consecutivos no Challenger de Camberra e no qualifying do Aberto da Austr\u00e1lia, onde eliminou o top 9 Andrey Rublev na estreia da chave principal.<\/p>\n<p>No Rio Open 2025, Fonseca se juntar\u00e1 a grandes nomes do t\u00eanis mundial, como Alexander Zverev, Holger Rune e Lorenzo Musetti, j\u00e1 confirmados na chave principal. O torneio tamb\u00e9m contar\u00e1 com a participa\u00e7\u00e3o de Jo\u00e3o Lucas Reis no qualifying, prometendo fortes emo\u00e7\u00f5es para os torcedores.<\/p>\n<blockquote class=\"instagram-media\" style=\"background: #FFF; border: 0; border-radius: 3px; box-shadow: 0 0 1px 0 rgba(0,0,0,0.5),0 1px 10px 0 rgba(0,0,0,0.15); margin: 1px; max-width: 540px; min-width: 326px; padding: 0; width: calc(100% - 2px);\" data-instgrm-captioned=\"\" data-instgrm-permalink=\"https:\/\/www.instagram.com\/reel\/DE7ghN9xX2u\/?utm_source=ig_embed&amp;utm_campaign=loading\" data-instgrm-version=\"14\">\n<div style=\"padding: 16px;\">\n<p>&nbsp;<\/p>\n<div style=\"display: flex; flex-direction: row; align-items: center;\">\n<div style=\"background-color: #f4f4f4; border-radius: 50%; flex-grow: 0; height: 40px; margin-right: 14px; width: 40px;\"><\/div>\n<div style=\"display: flex; flex-direction: column; flex-grow: 1; justify-content: center;\">\n<div style=\"background-color: #f4f4f4; border-radius: 4px; flex-grow: 0; height: 14px; margin-bottom: 6px; width: 100px;\"><\/div>\n<div style=\"background-color: #f4f4f4; border-radius: 4px; flex-grow: 0; height: 14px; width: 60px;\"><\/div>\n<\/div>\n<\/div>\n<div style=\"padding: 19% 0;\"><\/div>\n<div style=\"display: block; height: 50px; margin: 0 auto 12px; width: 50px;\"><\/div>\n<div style=\"padding-top: 8px;\">\n<div style=\"color: #3897f0; font-family: Arial,sans-serif; font-size: 14px; font-style: normal; font-weight: 550; line-height: 18px;\">Ver essa foto no Instagram<\/div>\n<\/div>\n<div style=\"padding: 12.5% 0;\"><\/div>\n<div style=\"display: flex; flex-direction: row; margin-bottom: 14px; align-items: center;\">\n<div>\n<div style=\"background-color: #f4f4f4; border-radius: 50%; height: 12.5px; width: 12.5px; transform: translateX(0px) translateY(7px);\"><\/div>\n<div style=\"background-color: #f4f4f4; height: 12.5px; transform: rotate(-45deg) translateX(3px) translateY(1px); width: 12.5px; flex-grow: 0; margin-right: 14px; margin-left: 2px;\"><\/div>\n<div style=\"background-color: #f4f4f4; border-radius: 50%; height: 12.5px; width: 12.5px; transform: translateX(9px) translateY(-18px);\"><\/div>\n<\/div>\n<div style=\"margin-left: 8px;\">\n<div style=\"background-color: #f4f4f4; border-radius: 50%; flex-grow: 0; height: 20px; width: 20px;\"><\/div>\n<div style=\"width: 0; height: 0; border-top: 2px solid transparent; border-left: 6px solid #f4f4f4; border-bottom: 2px solid transparent; transform: translateX(16px) translateY(-4px) rotate(30deg);\"><\/div>\n<\/div>\n<div style=\"margin-left: auto;\">\n<div style=\"width: 0px; border-top: 8px solid #F4F4F4; border-right: 8px solid transparent; transform: translateY(16px);\"><\/div>\n<div style=\"background-color: #f4f4f4; flex-grow: 0; height: 12px; width: 16px; transform: translateY(-4px);\"><\/div>\n<div style=\"width: 0; height: 0; border-top: 8px solid #F4F4F4; border-left: 8px solid transparent; transform: translateY(-4px) translateX(8px);\"><\/div>\n<\/div>\n<\/div>\n<div style=\"display: flex; flex-direction: column; flex-grow: 1; justify-content: center; margin-bottom: 24px;\">\n<div style=\"background-color: #f4f4f4; border-radius: 4px; flex-grow: 0; height: 14px; margin-bottom: 6px; width: 224px;\"><\/div>\n<div style=\"background-color: #f4f4f4; border-radius: 4px; flex-grow: 0; height: 14px; width: 144px;\"><\/div>\n<\/div>\n<p>&nbsp;<\/p>\n<p style=\"color: #c9c8cd; font-family: Arial,sans-serif; font-size: 14px; line-height: 17px; margin-bottom: 0; margin-top: 8px; overflow: hidden; padding: 8px 0 7px; text-align: center; text-overflow: ellipsis; white-space: nowrap;\"><a style=\"color: #c9c8cd; font-family: Arial,sans-serif; font-size: 14px; font-style: normal; font-weight: normal; line-height: 17px; text-decoration: none;\" href=\"https:\/\/www.instagram.com\/reel\/DE7ghN9xX2u\/?utm_source=ig_embed&amp;utm_campaign=loading\" target=\"_blank\" rel=\"noopener\">Uma publica\u00e7\u00e3o compartilhada por Rio Open (@rioopenoficial)<\/a><\/p>\n<\/div>\n<\/blockquote>\n<p><script async src=\"\/\/www.instagram.com\/embed.js\"><\/script><\/p>\n<p>O evento conta com patroc\u00ednio m\u00e1ster da Claro, patroc\u00ednio do Santander, Mubadala, Shell, BetNacional,Black Princess, Engie, Emirates e Zurich.\u00a0 Tamb\u00e9m com as empresas Rolex, KIA, Seara Gourmet, Herbissimo, EMS, B3, Star+, EMS, Disney Cruise Line e, ainda com White Martins, Rede D&#8217;or, Tegra Incorporadora, IBMEC, Caf\u00e9 Melitta, PremieRpet, Zetaflex, Shopping Leblon, ALLOS, Sorvete Magnum e Grey Goose. Al\u00e9m disso, ser\u00e1 transmitido pelo SporTV, com cobertura da ATP Media para mais de 140 pa\u00edses, reafirmando sua relev\u00e2ncia no cen\u00e1rio internacional.<\/p>\n","protected":false},"excerpt":{"rendered":"<p>Um dos maiores fen\u00f4menos do t\u00eanis mundial, o jovem Jo\u00e3o Fonseca, de 18 anos, est\u00e1 garantido na chave principal do Rio Open 2025, apresentado pela Claro. O torneio, maior evento de t\u00eanis da Am\u00e9rica do Sul, acontecer\u00e1 entre os dias 15 e 23 de fevereiro, no Jockey Club Brasileiro, no Rio de Janeiro. Fonseca recebeu [&hellip;]<\/p>\n","protected":false},"author":1,"featured_media":54610,"comment_status":"open","ping_status":"open","sticky":false,"template":"","format":"standard","meta":{"tdm_status":"","tdm_grid_status":"","footnotes":""},"categories":[6],"tags":[7292,288,33,6760,28,569,199,7290,441,1448,6767],"class_list":["post-54608","post","type-post","status-publish","format-standard","has-post-thumbnail","hentry","category-noticias","tag-atp-500","tag-claro","tag-estrategia","tag-joao-fonseca","tag-marketing","tag-rio","tag-rio-de-janeiro","tag-rio-open-2025","tag-santander","tag-tenis","tag-tenista"],"yoast_head":"<!-- This site is optimized with the Yoast SEO plugin v27.5 - https:\/\/yoast.com\/product\/yoast-seo-wordpress\/ -->\n<title>Jo\u00e3o Fonseca confirmado na chave principal do Rio Open 2025 - CidadeMarketing<\/title>\n<meta name=\"robots\" content=\"index, follow, max-snippet:-1, max-image-preview:large, max-video-preview:-1\" \/>\n<link rel=\"canonical\" href=\"https:\/\/www.cidademarketing.com.br\/marketing\/2025\/01\/17\/joao-fonseca-confirmado-na-chave-principal-do-rio-open-2025\/\" \/>\n<meta property=\"og:locale\" content=\"pt_BR\" \/>\n<meta property=\"og:type\" content=\"article\" \/>\n<meta property=\"og:title\" content=\"Jo\u00e3o Fonseca confirmado na chave principal do Rio Open 2025 - CidadeMarketing\" \/>\n<meta property=\"og:description\" content=\"Um dos maiores fen\u00f4menos do t\u00eanis mundial, o jovem Jo\u00e3o Fonseca, de 18 anos, est\u00e1 garantido na chave principal do Rio Open 2025, apresentado pela Claro. O torneio, maior evento de t\u00eanis da Am\u00e9rica do Sul, acontecer\u00e1 entre os dias 15 e 23 de fevereiro, no Jockey Club Brasileiro, no Rio de Janeiro. Fonseca recebeu [&hellip;]\" \/>\n<meta property=\"og:url\" content=\"https:\/\/www.cidademarketing.com.br\/marketing\/2025\/01\/17\/joao-fonseca-confirmado-na-chave-principal-do-rio-open-2025\/\" \/>\n<meta property=\"og:site_name\" content=\"CidadeMarketing\" \/>\n<meta property=\"article:publisher\" content=\"https:\/\/www.facebook.com\/portalcidademarketing\" \/>\n<meta property=\"article:author\" content=\"https:\/\/www.facebook.com\/thalesbrandao\" \/>\n<meta property=\"article:published_time\" content=\"2025-01-17T17:31:58+00:00\" \/>\n<meta property=\"article:modified_time\" content=\"2025-01-18T04:18:48+00:00\" \/>\n<meta property=\"og:image\" content=\"https:\/\/www.cidademarketing.com.br\/marketing\/wp-content\/uploads\/2025\/01\/joaofonseca_rioopen2025_.webp\" \/>\n\t<meta property=\"og:image:width\" content=\"1024\" \/>\n\t<meta property=\"og:image:height\" content=\"683\" \/>\n\t<meta property=\"og:image:type\" content=\"image\/webp\" \/>\n<meta name=\"author\" content=\"Thales Brand\u00e3o\" \/>\n<meta name=\"twitter:card\" content=\"summary_large_image\" \/>\n<meta name=\"twitter:creator\" content=\"@http:\/\/www.twitter.com\/thalesbrandao\" \/>\n<meta name=\"twitter:site\" content=\"@CidadeMarketing\" \/>\n<meta name=\"twitter:label1\" content=\"Escrito por\" \/>\n\t<meta name=\"twitter:data1\" content=\"Thales Brand\u00e3o\" \/>\n\t<meta name=\"twitter:label2\" content=\"Est. tempo de leitura\" \/>\n\t<meta name=\"twitter:data2\" content=\"3 minutos\" \/>\n<script type=\"application\/ld+json\" class=\"yoast-schema-graph\">{\"@context\":\"https:\\\/\\\/schema.org\",\"@graph\":[{\"@type\":\"Article\",\"@id\":\"https:\\\/\\\/www.cidademarketing.com.br\\\/marketing\\\/2025\\\/01\\\/17\\\/joao-fonseca-confirmado-na-chave-principal-do-rio-open-2025\\\/#article\",\"isPartOf\":{\"@id\":\"https:\\\/\\\/www.cidademarketing.com.br\\\/marketing\\\/2025\\\/01\\\/17\\\/joao-fonseca-confirmado-na-chave-principal-do-rio-open-2025\\\/\"},\"author\":{\"name\":\"Thales Brand\u00e3o\",\"@id\":\"https:\\\/\\\/www.cidademarketing.com.br\\\/marketing\\\/#\\\/schema\\\/person\\\/02daff9f18bd9378c9e01eb6b2db155f\"},\"headline\":\"Jo\u00e3o Fonseca confirmado na chave principal do Rio Open 2025\",\"datePublished\":\"2025-01-17T17:31:58+00:00\",\"dateModified\":\"2025-01-18T04:18:48+00:00\",\"mainEntityOfPage\":{\"@id\":\"https:\\\/\\\/www.cidademarketing.com.br\\\/marketing\\\/2025\\\/01\\\/17\\\/joao-fonseca-confirmado-na-chave-principal-do-rio-open-2025\\\/\"},\"wordCount\":528,\"commentCount\":0,\"publisher\":{\"@id\":\"https:\\\/\\\/www.cidademarketing.com.br\\\/marketing\\\/#organization\"},\"image\":{\"@id\":\"https:\\\/\\\/www.cidademarketing.com.br\\\/marketing\\\/2025\\\/01\\\/17\\\/joao-fonseca-confirmado-na-chave-principal-do-rio-open-2025\\\/#primaryimage\"},\"thumbnailUrl\":\"https:\\\/\\\/www.cidademarketing.com.br\\\/marketing\\\/wp-content\\\/uploads\\\/2025\\\/01\\\/joaofonseca_rioopen2025_.webp\",\"keywords\":[\"ATP 500\",\"Claro\",\"estrat\u00e9gia\",\"Jo\u00e3o Fonseca\",\"marketing\",\"Rio\",\"Rio de Janeiro\",\"Rio Open 2025\",\"Santander\",\"t\u00eanis\",\"tenista\"],\"articleSection\":[\"Not\u00edcias\"],\"inLanguage\":\"pt-BR\",\"potentialAction\":[{\"@type\":\"CommentAction\",\"name\":\"Comment\",\"target\":[\"https:\\\/\\\/www.cidademarketing.com.br\\\/marketing\\\/2025\\\/01\\\/17\\\/joao-fonseca-confirmado-na-chave-principal-do-rio-open-2025\\\/#respond\"]}]},{\"@type\":\"WebPage\",\"@id\":\"https:\\\/\\\/www.cidademarketing.com.br\\\/marketing\\\/2025\\\/01\\\/17\\\/joao-fonseca-confirmado-na-chave-principal-do-rio-open-2025\\\/\",\"url\":\"https:\\\/\\\/www.cidademarketing.com.br\\\/marketing\\\/2025\\\/01\\\/17\\\/joao-fonseca-confirmado-na-chave-principal-do-rio-open-2025\\\/\",\"name\":\"Jo\u00e3o Fonseca confirmado na chave principal do Rio Open 2025 - CidadeMarketing\",\"isPartOf\":{\"@id\":\"https:\\\/\\\/www.cidademarketing.com.br\\\/marketing\\\/#website\"},\"primaryImageOfPage\":{\"@id\":\"https:\\\/\\\/www.cidademarketing.com.br\\\/marketing\\\/2025\\\/01\\\/17\\\/joao-fonseca-confirmado-na-chave-principal-do-rio-open-2025\\\/#primaryimage\"},\"image\":{\"@id\":\"https:\\\/\\\/www.cidademarketing.com.br\\\/marketing\\\/2025\\\/01\\\/17\\\/joao-fonseca-confirmado-na-chave-principal-do-rio-open-2025\\\/#primaryimage\"},\"thumbnailUrl\":\"https:\\\/\\\/www.cidademarketing.com.br\\\/marketing\\\/wp-content\\\/uploads\\\/2025\\\/01\\\/joaofonseca_rioopen2025_.webp\",\"datePublished\":\"2025-01-17T17:31:58+00:00\",\"dateModified\":\"2025-01-18T04:18:48+00:00\",\"breadcrumb\":{\"@id\":\"https:\\\/\\\/www.cidademarketing.com.br\\\/marketing\\\/2025\\\/01\\\/17\\\/joao-fonseca-confirmado-na-chave-principal-do-rio-open-2025\\\/#breadcrumb\"},\"inLanguage\":\"pt-BR\",\"potentialAction\":[{\"@type\":\"ReadAction\",\"target\":[\"https:\\\/\\\/www.cidademarketing.com.br\\\/marketing\\\/2025\\\/01\\\/17\\\/joao-fonseca-confirmado-na-chave-principal-do-rio-open-2025\\\/\"]}]},{\"@type\":\"ImageObject\",\"inLanguage\":\"pt-BR\",\"@id\":\"https:\\\/\\\/www.cidademarketing.com.br\\\/marketing\\\/2025\\\/01\\\/17\\\/joao-fonseca-confirmado-na-chave-principal-do-rio-open-2025\\\/#primaryimage\",\"url\":\"https:\\\/\\\/www.cidademarketing.com.br\\\/marketing\\\/wp-content\\\/uploads\\\/2025\\\/01\\\/joaofonseca_rioopen2025_.webp\",\"contentUrl\":\"https:\\\/\\\/www.cidademarketing.com.br\\\/marketing\\\/wp-content\\\/uploads\\\/2025\\\/01\\\/joaofonseca_rioopen2025_.webp\",\"width\":1024,\"height\":683,\"caption\":\"Divulga\u00e7\u00e3o\"},{\"@type\":\"BreadcrumbList\",\"@id\":\"https:\\\/\\\/www.cidademarketing.com.br\\\/marketing\\\/2025\\\/01\\\/17\\\/joao-fonseca-confirmado-na-chave-principal-do-rio-open-2025\\\/#breadcrumb\",\"itemListElement\":[{\"@type\":\"ListItem\",\"position\":1,\"name\":\"In\u00edcio\",\"item\":\"https:\\\/\\\/www.cidademarketing.com.br\\\/marketing\\\/\"},{\"@type\":\"ListItem\",\"position\":2,\"name\":\"Jo\u00e3o Fonseca confirmado na chave principal do Rio Open 2025\"}]},{\"@type\":\"WebSite\",\"@id\":\"https:\\\/\\\/www.cidademarketing.com.br\\\/marketing\\\/#website\",\"url\":\"https:\\\/\\\/www.cidademarketing.com.br\\\/marketing\\\/\",\"name\":\"CidadeMarketing\",\"description\":\"Somos um ve\u00edculo de comunica\u00e7\u00e3o de destaque no Brasil, reconhecido por conte\u00fados nos segmentos de marketing, empreendedorismo e inova\u00e7\u00e3o.\",\"publisher\":{\"@id\":\"https:\\\/\\\/www.cidademarketing.com.br\\\/marketing\\\/#organization\"},\"alternateName\":\"CidadeMarketing\",\"potentialAction\":[{\"@type\":\"SearchAction\",\"target\":{\"@type\":\"EntryPoint\",\"urlTemplate\":\"https:\\\/\\\/www.cidademarketing.com.br\\\/marketing\\\/?s={search_term_string}\"},\"query-input\":{\"@type\":\"PropertyValueSpecification\",\"valueRequired\":true,\"valueName\":\"search_term_string\"}}],\"inLanguage\":\"pt-BR\"},{\"@type\":\"Organization\",\"@id\":\"https:\\\/\\\/www.cidademarketing.com.br\\\/marketing\\\/#organization\",\"name\":\"CidadeMarketing\",\"alternateName\":\"CidadeMarketing\",\"url\":\"https:\\\/\\\/www.cidademarketing.com.br\\\/marketing\\\/\",\"logo\":{\"@type\":\"ImageObject\",\"inLanguage\":\"pt-BR\",\"@id\":\"https:\\\/\\\/www.cidademarketing.com.br\\\/marketing\\\/#\\\/schema\\\/logo\\\/image\\\/\",\"url\":\"https:\\\/\\\/www.cidademarketing.com.br\\\/marketing\\\/wp-content\\\/uploads\\\/2020\\\/01\\\/cidademarketing_marca_mobile.png\",\"contentUrl\":\"https:\\\/\\\/www.cidademarketing.com.br\\\/marketing\\\/wp-content\\\/uploads\\\/2020\\\/01\\\/cidademarketing_marca_mobile.png\",\"width\":230,\"height\":92,\"caption\":\"CidadeMarketing\"},\"image\":{\"@id\":\"https:\\\/\\\/www.cidademarketing.com.br\\\/marketing\\\/#\\\/schema\\\/logo\\\/image\\\/\"},\"sameAs\":[\"https:\\\/\\\/www.facebook.com\\\/portalcidademarketing\",\"https:\\\/\\\/x.com\\\/CidadeMarketing\",\"https:\\\/\\\/www.instagram.com\\\/cidademarketing\\\/\"]},{\"@type\":\"Person\",\"@id\":\"https:\\\/\\\/www.cidademarketing.com.br\\\/marketing\\\/#\\\/schema\\\/person\\\/02daff9f18bd9378c9e01eb6b2db155f\",\"name\":\"Thales Brand\u00e3o\",\"image\":{\"@type\":\"ImageObject\",\"inLanguage\":\"pt-BR\",\"@id\":\"https:\\\/\\\/secure.gravatar.com\\\/avatar\\\/7ca3206950207cc3cb48feec56a8a7898741ab725c368d99d5d7a5a50aab80c6?s=96&d=mm&r=g\",\"url\":\"https:\\\/\\\/secure.gravatar.com\\\/avatar\\\/7ca3206950207cc3cb48feec56a8a7898741ab725c368d99d5d7a5a50aab80c6?s=96&d=mm&r=g\",\"contentUrl\":\"https:\\\/\\\/secure.gravatar.com\\\/avatar\\\/7ca3206950207cc3cb48feec56a8a7898741ab725c368d99d5d7a5a50aab80c6?s=96&d=mm&r=g\",\"caption\":\"Thales Brand\u00e3o\"},\"description\":\"Editor Executivo do Portal CidadeMarketing.com.br &gt; Mestre em Comunica\u00e7\u00e3o e Sociedade pela Universidade Federal de Sergipe. Possui MBA Executivo em Administra\u00e7\u00e3o com \u00eanfase em Marketing pela Funda\u00e7\u00e3o Get\u00falio Vargas - Rio de Janeiro. Consultor, Palestrante e Pesquisador sobre Empreendedorismo, Marketing, Redes Sociais e Neg\u00f3cios Digitais. Professor, Palestrante TedxTalks e Campus Party. Twitter: @ThalesBrandao\",\"sameAs\":[\"http:\\\/\\\/www.mandacaru.com.br\",\"https:\\\/\\\/www.facebook.com\\\/thalesbrandao\",\"http:\\\/\\\/www.instagram.com.br\\\/thalesbrandaoferreira\",\"https:\\\/\\\/www.linkedin.com\\\/in\\\/thales-brand\u00e3o-3948609\\\/\",\"https:\\\/\\\/x.com\\\/http:\\\/\\\/www.twitter.com\\\/thalesbrandao\"],\"url\":\"https:\\\/\\\/www.cidademarketing.com.br\\\/marketing\\\/author\\\/thalesbrandao\\\/\"}]}<\/script>\n<!-- \/ Yoast SEO plugin. -->","yoast_head_json":{"title":"Jo\u00e3o Fonseca confirmado na chave principal do Rio Open 2025 - CidadeMarketing","robots":{"index":"index","follow":"follow","max-snippet":"max-snippet:-1","max-image-preview":"max-image-preview:large","max-video-preview":"max-video-preview:-1"},"canonical":"https:\/\/www.cidademarketing.com.br\/marketing\/2025\/01\/17\/joao-fonseca-confirmado-na-chave-principal-do-rio-open-2025\/","og_locale":"pt_BR","og_type":"article","og_title":"Jo\u00e3o Fonseca confirmado na chave principal do Rio Open 2025 - CidadeMarketing","og_description":"Um dos maiores fen\u00f4menos do t\u00eanis mundial, o jovem Jo\u00e3o Fonseca, de 18 anos, est\u00e1 garantido na chave principal do Rio Open 2025, apresentado pela Claro. O torneio, maior evento de t\u00eanis da Am\u00e9rica do Sul, acontecer\u00e1 entre os dias 15 e 23 de fevereiro, no Jockey Club Brasileiro, no Rio de Janeiro. Fonseca recebeu [&hellip;]","og_url":"https:\/\/www.cidademarketing.com.br\/marketing\/2025\/01\/17\/joao-fonseca-confirmado-na-chave-principal-do-rio-open-2025\/","og_site_name":"CidadeMarketing","article_publisher":"https:\/\/www.facebook.com\/portalcidademarketing","article_author":"https:\/\/www.facebook.com\/thalesbrandao","article_published_time":"2025-01-17T17:31:58+00:00","article_modified_time":"2025-01-18T04:18:48+00:00","og_image":[{"width":1024,"height":683,"url":"https:\/\/www.cidademarketing.com.br\/marketing\/wp-content\/uploads\/2025\/01\/joaofonseca_rioopen2025_.webp","type":"image\/webp"}],"author":"Thales Brand\u00e3o","twitter_card":"summary_large_image","twitter_creator":"@http:\/\/www.twitter.com\/thalesbrandao","twitter_site":"@CidadeMarketing","twitter_misc":{"Escrito por":"Thales Brand\u00e3o","Est. tempo de leitura":"3 minutos"},"schema":{"@context":"https:\/\/schema.org","@graph":[{"@type":"Article","@id":"https:\/\/www.cidademarketing.com.br\/marketing\/2025\/01\/17\/joao-fonseca-confirmado-na-chave-principal-do-rio-open-2025\/#article","isPartOf":{"@id":"https:\/\/www.cidademarketing.com.br\/marketing\/2025\/01\/17\/joao-fonseca-confirmado-na-chave-principal-do-rio-open-2025\/"},"author":{"name":"Thales Brand\u00e3o","@id":"https:\/\/www.cidademarketing.com.br\/marketing\/#\/schema\/person\/02daff9f18bd9378c9e01eb6b2db155f"},"headline":"Jo\u00e3o Fonseca confirmado na chave principal do Rio Open 2025","datePublished":"2025-01-17T17:31:58+00:00","dateModified":"2025-01-18T04:18:48+00:00","mainEntityOfPage":{"@id":"https:\/\/www.cidademarketing.com.br\/marketing\/2025\/01\/17\/joao-fonseca-confirmado-na-chave-principal-do-rio-open-2025\/"},"wordCount":528,"commentCount":0,"publisher":{"@id":"https:\/\/www.cidademarketing.com.br\/marketing\/#organization"},"image":{"@id":"https:\/\/www.cidademarketing.com.br\/marketing\/2025\/01\/17\/joao-fonseca-confirmado-na-chave-principal-do-rio-open-2025\/#primaryimage"},"thumbnailUrl":"https:\/\/www.cidademarketing.com.br\/marketing\/wp-content\/uploads\/2025\/01\/joaofonseca_rioopen2025_.webp","keywords":["ATP 500","Claro","estrat\u00e9gia","Jo\u00e3o Fonseca","marketing","Rio","Rio de Janeiro","Rio Open 2025","Santander","t\u00eanis","tenista"],"articleSection":["Not\u00edcias"],"inLanguage":"pt-BR","potentialAction":[{"@type":"CommentAction","name":"Comment","target":["https:\/\/www.cidademarketing.com.br\/marketing\/2025\/01\/17\/joao-fonseca-confirmado-na-chave-principal-do-rio-open-2025\/#respond"]}]},{"@type":"WebPage","@id":"https:\/\/www.cidademarketing.com.br\/marketing\/2025\/01\/17\/joao-fonseca-confirmado-na-chave-principal-do-rio-open-2025\/","url":"https:\/\/www.cidademarketing.com.br\/marketing\/2025\/01\/17\/joao-fonseca-confirmado-na-chave-principal-do-rio-open-2025\/","name":"Jo\u00e3o Fonseca confirmado na chave principal do Rio Open 2025 - CidadeMarketing","isPartOf":{"@id":"https:\/\/www.cidademarketing.com.br\/marketing\/#website"},"primaryImageOfPage":{"@id":"https:\/\/www.cidademarketing.com.br\/marketing\/2025\/01\/17\/joao-fonseca-confirmado-na-chave-principal-do-rio-open-2025\/#primaryimage"},"image":{"@id":"https:\/\/www.cidademarketing.com.br\/marketing\/2025\/01\/17\/joao-fonseca-confirmado-na-chave-principal-do-rio-open-2025\/#primaryimage"},"thumbnailUrl":"https:\/\/www.cidademarketing.com.br\/marketing\/wp-content\/uploads\/2025\/01\/joaofonseca_rioopen2025_.webp","datePublished":"2025-01-17T17:31:58+00:00","dateModified":"2025-01-18T04:18:48+00:00","breadcrumb":{"@id":"https:\/\/www.cidademarketing.com.br\/marketing\/2025\/01\/17\/joao-fonseca-confirmado-na-chave-principal-do-rio-open-2025\/#breadcrumb"},"inLanguage":"pt-BR","potentialAction":[{"@type":"ReadAction","target":["https:\/\/www.cidademarketing.com.br\/marketing\/2025\/01\/17\/joao-fonseca-confirmado-na-chave-principal-do-rio-open-2025\/"]}]},{"@type":"ImageObject","inLanguage":"pt-BR","@id":"https:\/\/www.cidademarketing.com.br\/marketing\/2025\/01\/17\/joao-fonseca-confirmado-na-chave-principal-do-rio-open-2025\/#primaryimage","url":"https:\/\/www.cidademarketing.com.br\/marketing\/wp-content\/uploads\/2025\/01\/joaofonseca_rioopen2025_.webp","contentUrl":"https:\/\/www.cidademarketing.com.br\/marketing\/wp-content\/uploads\/2025\/01\/joaofonseca_rioopen2025_.webp","width":1024,"height":683,"caption":"Divulga\u00e7\u00e3o"},{"@type":"BreadcrumbList","@id":"https:\/\/www.cidademarketing.com.br\/marketing\/2025\/01\/17\/joao-fonseca-confirmado-na-chave-principal-do-rio-open-2025\/#breadcrumb","itemListElement":[{"@type":"ListItem","position":1,"name":"In\u00edcio","item":"https:\/\/www.cidademarketing.com.br\/marketing\/"},{"@type":"ListItem","position":2,"name":"Jo\u00e3o Fonseca confirmado na chave principal do Rio Open 2025"}]},{"@type":"WebSite","@id":"https:\/\/www.cidademarketing.com.br\/marketing\/#website","url":"https:\/\/www.cidademarketing.com.br\/marketing\/","name":"CidadeMarketing","description":"Somos um ve\u00edculo de comunica\u00e7\u00e3o de destaque no Brasil, reconhecido por conte\u00fados nos segmentos de marketing, empreendedorismo e inova\u00e7\u00e3o.","publisher":{"@id":"https:\/\/www.cidademarketing.com.br\/marketing\/#organization"},"alternateName":"CidadeMarketing","potentialAction":[{"@type":"SearchAction","target":{"@type":"EntryPoint","urlTemplate":"https:\/\/www.cidademarketing.com.br\/marketing\/?s={search_term_string}"},"query-input":{"@type":"PropertyValueSpecification","valueRequired":true,"valueName":"search_term_string"}}],"inLanguage":"pt-BR"},{"@type":"Organization","@id":"https:\/\/www.cidademarketing.com.br\/marketing\/#organization","name":"CidadeMarketing","alternateName":"CidadeMarketing","url":"https:\/\/www.cidademarketing.com.br\/marketing\/","logo":{"@type":"ImageObject","inLanguage":"pt-BR","@id":"https:\/\/www.cidademarketing.com.br\/marketing\/#\/schema\/logo\/image\/","url":"https:\/\/www.cidademarketing.com.br\/marketing\/wp-content\/uploads\/2020\/01\/cidademarketing_marca_mobile.png","contentUrl":"https:\/\/www.cidademarketing.com.br\/marketing\/wp-content\/uploads\/2020\/01\/cidademarketing_marca_mobile.png","width":230,"height":92,"caption":"CidadeMarketing"},"image":{"@id":"https:\/\/www.cidademarketing.com.br\/marketing\/#\/schema\/logo\/image\/"},"sameAs":["https:\/\/www.facebook.com\/portalcidademarketing","https:\/\/x.com\/CidadeMarketing","https:\/\/www.instagram.com\/cidademarketing\/"]},{"@type":"Person","@id":"https:\/\/www.cidademarketing.com.br\/marketing\/#\/schema\/person\/02daff9f18bd9378c9e01eb6b2db155f","name":"Thales Brand\u00e3o","image":{"@type":"ImageObject","inLanguage":"pt-BR","@id":"https:\/\/secure.gravatar.com\/avatar\/7ca3206950207cc3cb48feec56a8a7898741ab725c368d99d5d7a5a50aab80c6?s=96&d=mm&r=g","url":"https:\/\/secure.gravatar.com\/avatar\/7ca3206950207cc3cb48feec56a8a7898741ab725c368d99d5d7a5a50aab80c6?s=96&d=mm&r=g","contentUrl":"https:\/\/secure.gravatar.com\/avatar\/7ca3206950207cc3cb48feec56a8a7898741ab725c368d99d5d7a5a50aab80c6?s=96&d=mm&r=g","caption":"Thales Brand\u00e3o"},"description":"Editor Executivo do Portal CidadeMarketing.com.br &gt; Mestre em Comunica\u00e7\u00e3o e Sociedade pela Universidade Federal de Sergipe. Possui MBA Executivo em Administra\u00e7\u00e3o com \u00eanfase em Marketing pela Funda\u00e7\u00e3o Get\u00falio Vargas - Rio de Janeiro. Consultor, Palestrante e Pesquisador sobre Empreendedorismo, Marketing, Redes Sociais e Neg\u00f3cios Digitais. Professor, Palestrante TedxTalks e Campus Party. Twitter: @ThalesBrandao","sameAs":["http:\/\/www.mandacaru.com.br","https:\/\/www.facebook.com\/thalesbrandao","http:\/\/www.instagram.com.br\/thalesbrandaoferreira","https:\/\/www.linkedin.com\/in\/thales-brand\u00e3o-3948609\/","https:\/\/x.com\/http:\/\/www.twitter.com\/thalesbrandao"],"url":"https:\/\/www.cidademarketing.com.br\/marketing\/author\/thalesbrandao\/"}]}},"amp_enabled":true,"_links":{"self":[{"href":"https:\/\/www.cidademarketing.com.br\/marketing\/wp-json\/wp\/v2\/posts\/54608","targetHints":{"allow":["GET"]}}],"collection":[{"href":"https:\/\/www.cidademarketing.com.br\/marketing\/wp-json\/wp\/v2\/posts"}],"about":[{"href":"https:\/\/www.cidademarketing.com.br\/marketing\/wp-json\/wp\/v2\/types\/post"}],"author":[{"embeddable":true,"href":"https:\/\/www.cidademarketing.com.br\/marketing\/wp-json\/wp\/v2\/users\/1"}],"replies":[{"embeddable":true,"href":"https:\/\/www.cidademarketing.com.br\/marketing\/wp-json\/wp\/v2\/comments?post=54608"}],"version-history":[{"count":2,"href":"https:\/\/www.cidademarketing.com.br\/marketing\/wp-json\/wp\/v2\/posts\/54608\/revisions"}],"predecessor-version":[{"id":54622,"href":"https:\/\/www.cidademarketing.com.br\/marketing\/wp-json\/wp\/v2\/posts\/54608\/revisions\/54622"}],"wp:featuredmedia":[{"embeddable":true,"href":"https:\/\/www.cidademarketing.com.br\/marketing\/wp-json\/wp\/v2\/media\/54610"}],"wp:attachment":[{"href":"https:\/\/www.cidademarketing.com.br\/marketing\/wp-json\/wp\/v2\/media?parent=54608"}],"wp:term":[{"taxonomy":"category","embeddable":true,"href":"https:\/\/www.cidademarketing.com.br\/marketing\/wp-json\/wp\/v2\/categories?post=54608"},{"taxonomy":"post_tag","embeddable":true,"href":"https:\/\/www.cidademarketing.com.br\/marketing\/wp-json\/wp\/v2\/tags?post=54608"}],"curies":[{"name":"wp","href":"https:\/\/api.w.org\/{rel}","templated":true}]}}