{"id":5439,"date":"2019-01-26T16:34:48","date_gmt":"2019-01-26T18:34:48","guid":{"rendered":"http:\/\/www.cidademarketing.com.br\/marketing\/?p=5439"},"modified":"2019-01-26T16:35:38","modified_gmt":"2019-01-26T18:35:38","slug":"vale-atualiza-informacoes-sobre-tragedia-em-brumadinho-minas-gerais","status":"publish","type":"post","link":"https:\/\/www.cidademarketing.com.br\/marketing\/2019\/01\/26\/vale-atualiza-informacoes-sobre-tragedia-em-brumadinho-minas-gerais\/","title":{"rendered":"Vale atualiza informa\u00e7\u00f5es sobre a trag\u00e9dia em Brumadinho, Minas Gerais"},"content":{"rendered":"\n<p> <\/p>\n\n\n\n<p>Equipes da Vale trabalham desde ontem, ininterruptamente, junto com o Corpo de Bombeiros e Defesa Civil, no apoio ao resgate das v\u00edtimas. A empresa colocou \u00e0 disposi\u00e7\u00e3o 40 ambul\u00e2ncias, 800 leitos e um helic\u00f3ptero para o apoio ao resgate, al\u00e9m de \u00e1gua pot\u00e1vel para a comunidade. Desde o rompimento, a Vale disponibilizou postos para atendimento aos atingidos. Nesses locais, empregados da empresa e volunt\u00e1rios est\u00e3o atuando na presta\u00e7\u00e3o de servi\u00e7o de acolhimento e identifica\u00e7\u00e3o.<\/p>\n\n\n\n<p>A Defesa Civil orientou que as pessoas das \u00e1reas atingidas ainda n\u00e3o retornem \u00e0s suas casas e que procurem o centro de acolhimento, com prioridade para a Esta\u00e7\u00e3o Conhecimento de Brumadinho.<\/p>\n\n\n\n<p>A prioridade m\u00e1xima da Vale, neste momento, \u00e9 apoiar nos resgates e atendimentos \u00e0s v\u00edtimas para ajudar a preservar e proteger a vida de empregados, pr\u00f3prios e terceiros, e das comunidades locais.<\/p>\n\n\n\n<p>A empresa est\u00e1 realizando a drenagem da Barragem 6 com o uso de bombas, para reduzir a quantidade de \u00e1gua. O monitoramento da estrutura est\u00e1 sendo realizado a cada uma hora, juntamente com a Defesa Civil e o Corpo de Bombeiros. A estabilidade da estrutura est\u00e1 sendo monitorada.<\/p>\n\n\n\n<h2 class=\"wp-block-heading\">Canais de atendimento<\/h2>\n\n\n\n<p>A Vale informa tamb\u00e9m que abriu canal para cadastro de interessados em prestar apoio aos atingidos pelo rompimento da barragem em Brumadinho. O cadastro de volunt\u00e1rios est\u00e1 sendo feito pelos n\u00fameros 0800 285 7000 (Al\u00f4 Ferrovia &#8211; priorit\u00e1rio) e 0800 821 5000 (Ouvidoria da Vale).<\/p>\n\n\n\n<p>Por esses mesmos telefones, a empresa est\u00e1 recebendo dados de sobreviventes encontrados, reporte de desaparecidos, solicita\u00e7\u00e3o de apoio emergencial (abrigo, \u00e1gua, cesta b\u00e1sica, roupa, medicamento, transporte etc) e repara\u00e7\u00e3o.<\/p>\n\n\n\n<p>As a\u00e7\u00f5es s\u00e3o do Comit\u00ea de Ajuda Humanit\u00e1ria, formado por uma equipe de assistentes sociais e psic\u00f3logos que fazem o atendimento aos atingidos e seus familiares.<\/p>\n\n\n\n<p>Eventuais doa\u00e7\u00f5es volunt\u00e1rias podem ser encaminhadas para o Centro Comunit\u00e1rio C\u00f3rrego do Feij\u00e3o (Estr. p\/ Casa Branca, Brumadinho &#8211; MG, 35460-000). Alimentos n\u00e3o perec\u00edveis, \u00e1gua e materiais de limpeza devem ser encaminhados para o 18\u00ba Batalh\u00e3o da PM de Contagem, 2 \u00ba Batalh\u00e3o de Bombeiros de Contagem, 66\u00ba Batalh\u00e3o da PM de Betim e 5\u00ba Batalh\u00e3o da PM da Gameleira, em Belo Horizonte.<\/p>\n\n\n\n<p><\/p>\n","protected":false},"excerpt":{"rendered":"<p>Equipes da Vale trabalham desde ontem, ininterruptamente, junto com o Corpo de Bombeiros e Defesa Civil, no apoio ao resgate das v\u00edtimas. A empresa colocou \u00e0 disposi\u00e7\u00e3o 40 ambul\u00e2ncias, 800 leitos e um helic\u00f3ptero para o apoio ao resgate, al\u00e9m de \u00e1gua pot\u00e1vel para a comunidade. Desde o rompimento, a Vale disponibilizou postos para atendimento [&hellip;]<\/p>\n","protected":false},"author":1,"featured_media":5440,"comment_status":"open","ping_status":"open","sticky":false,"template":"","format":"standard","meta":{"tdm_status":"","tdm_grid_status":"","footnotes":""},"categories":[6],"tags":[1238,1236,612],"class_list":["post-5439","post","type-post","status-publish","format-standard","has-post-thumbnail","hentry","category-noticias","tag-minas-gerais","tag-tragedia","tag-vale"],"yoast_head":"<!-- This site is optimized with the Yoast SEO plugin v27.5 - https:\/\/yoast.com\/product\/yoast-seo-wordpress\/ -->\n<title>Vale atualiza informa\u00e7\u00f5es sobre a trag\u00e9dia em Brumadinho, Minas Gerais - CidadeMarketing<\/title>\n<meta name=\"robots\" content=\"index, follow, max-snippet:-1, max-image-preview:large, max-video-preview:-1\" \/>\n<link rel=\"canonical\" href=\"https:\/\/www.cidademarketing.com.br\/marketing\/2019\/01\/26\/vale-atualiza-informacoes-sobre-tragedia-em-brumadinho-minas-gerais\/\" \/>\n<meta property=\"og:locale\" content=\"pt_BR\" \/>\n<meta property=\"og:type\" content=\"article\" \/>\n<meta property=\"og:title\" content=\"Vale atualiza informa\u00e7\u00f5es sobre a trag\u00e9dia em Brumadinho, Minas Gerais - CidadeMarketing\" \/>\n<meta property=\"og:description\" content=\"Equipes da Vale trabalham desde ontem, ininterruptamente, junto com o Corpo de Bombeiros e Defesa Civil, no apoio ao resgate das v\u00edtimas. A empresa colocou \u00e0 disposi\u00e7\u00e3o 40 ambul\u00e2ncias, 800 leitos e um helic\u00f3ptero para o apoio ao resgate, al\u00e9m de \u00e1gua pot\u00e1vel para a comunidade. Desde o rompimento, a Vale disponibilizou postos para atendimento [&hellip;]\" \/>\n<meta property=\"og:url\" content=\"https:\/\/www.cidademarketing.com.br\/marketing\/2019\/01\/26\/vale-atualiza-informacoes-sobre-tragedia-em-brumadinho-minas-gerais\/\" \/>\n<meta property=\"og:site_name\" content=\"CidadeMarketing\" \/>\n<meta property=\"article:publisher\" content=\"https:\/\/www.facebook.com\/portalcidademarketing\" \/>\n<meta property=\"article:author\" content=\"https:\/\/www.facebook.com\/thalesbrandao\" \/>\n<meta property=\"article:published_time\" content=\"2019-01-26T18:34:48+00:00\" \/>\n<meta property=\"article:modified_time\" content=\"2019-01-26T18:35:38+00:00\" \/>\n<meta property=\"og:image\" content=\"https:\/\/www.cidademarketing.com.br\/marketing\/wp-content\/uploads\/2019\/01\/brumadinho_vale.jpg\" \/>\n\t<meta property=\"og:image:width\" content=\"1181\" \/>\n\t<meta property=\"og:image:height\" content=\"544\" \/>\n\t<meta property=\"og:image:type\" content=\"image\/jpeg\" \/>\n<meta name=\"author\" content=\"Thales Brand\u00e3o\" \/>\n<meta name=\"twitter:card\" content=\"summary_large_image\" \/>\n<meta name=\"twitter:creator\" content=\"@http:\/\/www.twitter.com\/thalesbrandao\" \/>\n<meta name=\"twitter:site\" content=\"@CidadeMarketing\" \/>\n<meta name=\"twitter:label1\" content=\"Escrito por\" \/>\n\t<meta name=\"twitter:data1\" content=\"Thales Brand\u00e3o\" \/>\n\t<meta name=\"twitter:label2\" content=\"Est. tempo de leitura\" \/>\n\t<meta name=\"twitter:data2\" content=\"2 minutos\" \/>\n<script type=\"application\/ld+json\" class=\"yoast-schema-graph\">{\"@context\":\"https:\\\/\\\/schema.org\",\"@graph\":[{\"@type\":\"Article\",\"@id\":\"https:\\\/\\\/www.cidademarketing.com.br\\\/marketing\\\/2019\\\/01\\\/26\\\/vale-atualiza-informacoes-sobre-tragedia-em-brumadinho-minas-gerais\\\/#article\",\"isPartOf\":{\"@id\":\"https:\\\/\\\/www.cidademarketing.com.br\\\/marketing\\\/2019\\\/01\\\/26\\\/vale-atualiza-informacoes-sobre-tragedia-em-brumadinho-minas-gerais\\\/\"},\"author\":{\"name\":\"Thales Brand\u00e3o\",\"@id\":\"https:\\\/\\\/www.cidademarketing.com.br\\\/marketing\\\/#\\\/schema\\\/person\\\/02daff9f18bd9378c9e01eb6b2db155f\"},\"headline\":\"Vale atualiza informa\u00e7\u00f5es sobre a trag\u00e9dia em Brumadinho, Minas Gerais\",\"datePublished\":\"2019-01-26T18:34:48+00:00\",\"dateModified\":\"2019-01-26T18:35:38+00:00\",\"mainEntityOfPage\":{\"@id\":\"https:\\\/\\\/www.cidademarketing.com.br\\\/marketing\\\/2019\\\/01\\\/26\\\/vale-atualiza-informacoes-sobre-tragedia-em-brumadinho-minas-gerais\\\/\"},\"wordCount\":385,\"commentCount\":0,\"publisher\":{\"@id\":\"https:\\\/\\\/www.cidademarketing.com.br\\\/marketing\\\/#organization\"},\"image\":{\"@id\":\"https:\\\/\\\/www.cidademarketing.com.br\\\/marketing\\\/2019\\\/01\\\/26\\\/vale-atualiza-informacoes-sobre-tragedia-em-brumadinho-minas-gerais\\\/#primaryimage\"},\"thumbnailUrl\":\"https:\\\/\\\/www.cidademarketing.com.br\\\/marketing\\\/wp-content\\\/uploads\\\/2019\\\/01\\\/brumadinho_vale.jpg\",\"keywords\":[\"Minas Gerais\",\"trag\u00e9dia\",\"Vale\"],\"articleSection\":[\"Not\u00edcias\"],\"inLanguage\":\"pt-BR\",\"potentialAction\":[{\"@type\":\"CommentAction\",\"name\":\"Comment\",\"target\":[\"https:\\\/\\\/www.cidademarketing.com.br\\\/marketing\\\/2019\\\/01\\\/26\\\/vale-atualiza-informacoes-sobre-tragedia-em-brumadinho-minas-gerais\\\/#respond\"]}]},{\"@type\":\"WebPage\",\"@id\":\"https:\\\/\\\/www.cidademarketing.com.br\\\/marketing\\\/2019\\\/01\\\/26\\\/vale-atualiza-informacoes-sobre-tragedia-em-brumadinho-minas-gerais\\\/\",\"url\":\"https:\\\/\\\/www.cidademarketing.com.br\\\/marketing\\\/2019\\\/01\\\/26\\\/vale-atualiza-informacoes-sobre-tragedia-em-brumadinho-minas-gerais\\\/\",\"name\":\"Vale atualiza informa\u00e7\u00f5es sobre a trag\u00e9dia em Brumadinho, Minas Gerais - CidadeMarketing\",\"isPartOf\":{\"@id\":\"https:\\\/\\\/www.cidademarketing.com.br\\\/marketing\\\/#website\"},\"primaryImageOfPage\":{\"@id\":\"https:\\\/\\\/www.cidademarketing.com.br\\\/marketing\\\/2019\\\/01\\\/26\\\/vale-atualiza-informacoes-sobre-tragedia-em-brumadinho-minas-gerais\\\/#primaryimage\"},\"image\":{\"@id\":\"https:\\\/\\\/www.cidademarketing.com.br\\\/marketing\\\/2019\\\/01\\\/26\\\/vale-atualiza-informacoes-sobre-tragedia-em-brumadinho-minas-gerais\\\/#primaryimage\"},\"thumbnailUrl\":\"https:\\\/\\\/www.cidademarketing.com.br\\\/marketing\\\/wp-content\\\/uploads\\\/2019\\\/01\\\/brumadinho_vale.jpg\",\"datePublished\":\"2019-01-26T18:34:48+00:00\",\"dateModified\":\"2019-01-26T18:35:38+00:00\",\"breadcrumb\":{\"@id\":\"https:\\\/\\\/www.cidademarketing.com.br\\\/marketing\\\/2019\\\/01\\\/26\\\/vale-atualiza-informacoes-sobre-tragedia-em-brumadinho-minas-gerais\\\/#breadcrumb\"},\"inLanguage\":\"pt-BR\",\"potentialAction\":[{\"@type\":\"ReadAction\",\"target\":[\"https:\\\/\\\/www.cidademarketing.com.br\\\/marketing\\\/2019\\\/01\\\/26\\\/vale-atualiza-informacoes-sobre-tragedia-em-brumadinho-minas-gerais\\\/\"]}]},{\"@type\":\"ImageObject\",\"inLanguage\":\"pt-BR\",\"@id\":\"https:\\\/\\\/www.cidademarketing.com.br\\\/marketing\\\/2019\\\/01\\\/26\\\/vale-atualiza-informacoes-sobre-tragedia-em-brumadinho-minas-gerais\\\/#primaryimage\",\"url\":\"https:\\\/\\\/www.cidademarketing.com.br\\\/marketing\\\/wp-content\\\/uploads\\\/2019\\\/01\\\/brumadinho_vale.jpg\",\"contentUrl\":\"https:\\\/\\\/www.cidademarketing.com.br\\\/marketing\\\/wp-content\\\/uploads\\\/2019\\\/01\\\/brumadinho_vale.jpg\",\"width\":1181,\"height\":544,\"caption\":\"Reprodu\u00e7\u00e3o\"},{\"@type\":\"BreadcrumbList\",\"@id\":\"https:\\\/\\\/www.cidademarketing.com.br\\\/marketing\\\/2019\\\/01\\\/26\\\/vale-atualiza-informacoes-sobre-tragedia-em-brumadinho-minas-gerais\\\/#breadcrumb\",\"itemListElement\":[{\"@type\":\"ListItem\",\"position\":1,\"name\":\"In\u00edcio\",\"item\":\"https:\\\/\\\/www.cidademarketing.com.br\\\/marketing\\\/\"},{\"@type\":\"ListItem\",\"position\":2,\"name\":\"Vale atualiza informa\u00e7\u00f5es sobre a trag\u00e9dia em Brumadinho, Minas Gerais\"}]},{\"@type\":\"WebSite\",\"@id\":\"https:\\\/\\\/www.cidademarketing.com.br\\\/marketing\\\/#website\",\"url\":\"https:\\\/\\\/www.cidademarketing.com.br\\\/marketing\\\/\",\"name\":\"CidadeMarketing\",\"description\":\"Somos um ve\u00edculo de comunica\u00e7\u00e3o de destaque no Brasil, reconhecido por conte\u00fados nos segmentos de marketing, empreendedorismo e inova\u00e7\u00e3o.\",\"publisher\":{\"@id\":\"https:\\\/\\\/www.cidademarketing.com.br\\\/marketing\\\/#organization\"},\"alternateName\":\"CidadeMarketing\",\"potentialAction\":[{\"@type\":\"SearchAction\",\"target\":{\"@type\":\"EntryPoint\",\"urlTemplate\":\"https:\\\/\\\/www.cidademarketing.com.br\\\/marketing\\\/?s={search_term_string}\"},\"query-input\":{\"@type\":\"PropertyValueSpecification\",\"valueRequired\":true,\"valueName\":\"search_term_string\"}}],\"inLanguage\":\"pt-BR\"},{\"@type\":\"Organization\",\"@id\":\"https:\\\/\\\/www.cidademarketing.com.br\\\/marketing\\\/#organization\",\"name\":\"CidadeMarketing\",\"alternateName\":\"CidadeMarketing\",\"url\":\"https:\\\/\\\/www.cidademarketing.com.br\\\/marketing\\\/\",\"logo\":{\"@type\":\"ImageObject\",\"inLanguage\":\"pt-BR\",\"@id\":\"https:\\\/\\\/www.cidademarketing.com.br\\\/marketing\\\/#\\\/schema\\\/logo\\\/image\\\/\",\"url\":\"https:\\\/\\\/www.cidademarketing.com.br\\\/marketing\\\/wp-content\\\/uploads\\\/2020\\\/01\\\/cidademarketing_marca_mobile.png\",\"contentUrl\":\"https:\\\/\\\/www.cidademarketing.com.br\\\/marketing\\\/wp-content\\\/uploads\\\/2020\\\/01\\\/cidademarketing_marca_mobile.png\",\"width\":230,\"height\":92,\"caption\":\"CidadeMarketing\"},\"image\":{\"@id\":\"https:\\\/\\\/www.cidademarketing.com.br\\\/marketing\\\/#\\\/schema\\\/logo\\\/image\\\/\"},\"sameAs\":[\"https:\\\/\\\/www.facebook.com\\\/portalcidademarketing\",\"https:\\\/\\\/x.com\\\/CidadeMarketing\",\"https:\\\/\\\/www.instagram.com\\\/cidademarketing\\\/\"]},{\"@type\":\"Person\",\"@id\":\"https:\\\/\\\/www.cidademarketing.com.br\\\/marketing\\\/#\\\/schema\\\/person\\\/02daff9f18bd9378c9e01eb6b2db155f\",\"name\":\"Thales Brand\u00e3o\",\"image\":{\"@type\":\"ImageObject\",\"inLanguage\":\"pt-BR\",\"@id\":\"https:\\\/\\\/secure.gravatar.com\\\/avatar\\\/7ca3206950207cc3cb48feec56a8a7898741ab725c368d99d5d7a5a50aab80c6?s=96&d=mm&r=g\",\"url\":\"https:\\\/\\\/secure.gravatar.com\\\/avatar\\\/7ca3206950207cc3cb48feec56a8a7898741ab725c368d99d5d7a5a50aab80c6?s=96&d=mm&r=g\",\"contentUrl\":\"https:\\\/\\\/secure.gravatar.com\\\/avatar\\\/7ca3206950207cc3cb48feec56a8a7898741ab725c368d99d5d7a5a50aab80c6?s=96&d=mm&r=g\",\"caption\":\"Thales Brand\u00e3o\"},\"description\":\"Editor Executivo do Portal CidadeMarketing.com.br &gt; Mestre em Comunica\u00e7\u00e3o e Sociedade pela Universidade Federal de Sergipe. Possui MBA Executivo em Administra\u00e7\u00e3o com \u00eanfase em Marketing pela Funda\u00e7\u00e3o Get\u00falio Vargas - Rio de Janeiro. Consultor, Palestrante e Pesquisador sobre Empreendedorismo, Marketing, Redes Sociais e Neg\u00f3cios Digitais. Professor, Palestrante TedxTalks e Campus Party. Twitter: @ThalesBrandao\",\"sameAs\":[\"http:\\\/\\\/www.mandacaru.com.br\",\"https:\\\/\\\/www.facebook.com\\\/thalesbrandao\",\"http:\\\/\\\/www.instagram.com.br\\\/thalesbrandaoferreira\",\"https:\\\/\\\/www.linkedin.com\\\/in\\\/thales-brand\u00e3o-3948609\\\/\",\"https:\\\/\\\/x.com\\\/http:\\\/\\\/www.twitter.com\\\/thalesbrandao\"],\"url\":\"https:\\\/\\\/www.cidademarketing.com.br\\\/marketing\\\/author\\\/thalesbrandao\\\/\"}]}<\/script>\n<!-- \/ Yoast SEO plugin. -->","yoast_head_json":{"title":"Vale atualiza informa\u00e7\u00f5es sobre a trag\u00e9dia em Brumadinho, Minas Gerais - CidadeMarketing","robots":{"index":"index","follow":"follow","max-snippet":"max-snippet:-1","max-image-preview":"max-image-preview:large","max-video-preview":"max-video-preview:-1"},"canonical":"https:\/\/www.cidademarketing.com.br\/marketing\/2019\/01\/26\/vale-atualiza-informacoes-sobre-tragedia-em-brumadinho-minas-gerais\/","og_locale":"pt_BR","og_type":"article","og_title":"Vale atualiza informa\u00e7\u00f5es sobre a trag\u00e9dia em Brumadinho, Minas Gerais - CidadeMarketing","og_description":"Equipes da Vale trabalham desde ontem, ininterruptamente, junto com o Corpo de Bombeiros e Defesa Civil, no apoio ao resgate das v\u00edtimas. A empresa colocou \u00e0 disposi\u00e7\u00e3o 40 ambul\u00e2ncias, 800 leitos e um helic\u00f3ptero para o apoio ao resgate, al\u00e9m de \u00e1gua pot\u00e1vel para a comunidade. Desde o rompimento, a Vale disponibilizou postos para atendimento [&hellip;]","og_url":"https:\/\/www.cidademarketing.com.br\/marketing\/2019\/01\/26\/vale-atualiza-informacoes-sobre-tragedia-em-brumadinho-minas-gerais\/","og_site_name":"CidadeMarketing","article_publisher":"https:\/\/www.facebook.com\/portalcidademarketing","article_author":"https:\/\/www.facebook.com\/thalesbrandao","article_published_time":"2019-01-26T18:34:48+00:00","article_modified_time":"2019-01-26T18:35:38+00:00","og_image":[{"width":1181,"height":544,"url":"https:\/\/www.cidademarketing.com.br\/marketing\/wp-content\/uploads\/2019\/01\/brumadinho_vale.jpg","type":"image\/jpeg"}],"author":"Thales Brand\u00e3o","twitter_card":"summary_large_image","twitter_creator":"@http:\/\/www.twitter.com\/thalesbrandao","twitter_site":"@CidadeMarketing","twitter_misc":{"Escrito por":"Thales Brand\u00e3o","Est. tempo de leitura":"2 minutos"},"schema":{"@context":"https:\/\/schema.org","@graph":[{"@type":"Article","@id":"https:\/\/www.cidademarketing.com.br\/marketing\/2019\/01\/26\/vale-atualiza-informacoes-sobre-tragedia-em-brumadinho-minas-gerais\/#article","isPartOf":{"@id":"https:\/\/www.cidademarketing.com.br\/marketing\/2019\/01\/26\/vale-atualiza-informacoes-sobre-tragedia-em-brumadinho-minas-gerais\/"},"author":{"name":"Thales Brand\u00e3o","@id":"https:\/\/www.cidademarketing.com.br\/marketing\/#\/schema\/person\/02daff9f18bd9378c9e01eb6b2db155f"},"headline":"Vale atualiza informa\u00e7\u00f5es sobre a trag\u00e9dia em Brumadinho, Minas Gerais","datePublished":"2019-01-26T18:34:48+00:00","dateModified":"2019-01-26T18:35:38+00:00","mainEntityOfPage":{"@id":"https:\/\/www.cidademarketing.com.br\/marketing\/2019\/01\/26\/vale-atualiza-informacoes-sobre-tragedia-em-brumadinho-minas-gerais\/"},"wordCount":385,"commentCount":0,"publisher":{"@id":"https:\/\/www.cidademarketing.com.br\/marketing\/#organization"},"image":{"@id":"https:\/\/www.cidademarketing.com.br\/marketing\/2019\/01\/26\/vale-atualiza-informacoes-sobre-tragedia-em-brumadinho-minas-gerais\/#primaryimage"},"thumbnailUrl":"https:\/\/www.cidademarketing.com.br\/marketing\/wp-content\/uploads\/2019\/01\/brumadinho_vale.jpg","keywords":["Minas Gerais","trag\u00e9dia","Vale"],"articleSection":["Not\u00edcias"],"inLanguage":"pt-BR","potentialAction":[{"@type":"CommentAction","name":"Comment","target":["https:\/\/www.cidademarketing.com.br\/marketing\/2019\/01\/26\/vale-atualiza-informacoes-sobre-tragedia-em-brumadinho-minas-gerais\/#respond"]}]},{"@type":"WebPage","@id":"https:\/\/www.cidademarketing.com.br\/marketing\/2019\/01\/26\/vale-atualiza-informacoes-sobre-tragedia-em-brumadinho-minas-gerais\/","url":"https:\/\/www.cidademarketing.com.br\/marketing\/2019\/01\/26\/vale-atualiza-informacoes-sobre-tragedia-em-brumadinho-minas-gerais\/","name":"Vale atualiza informa\u00e7\u00f5es sobre a trag\u00e9dia em Brumadinho, Minas Gerais - CidadeMarketing","isPartOf":{"@id":"https:\/\/www.cidademarketing.com.br\/marketing\/#website"},"primaryImageOfPage":{"@id":"https:\/\/www.cidademarketing.com.br\/marketing\/2019\/01\/26\/vale-atualiza-informacoes-sobre-tragedia-em-brumadinho-minas-gerais\/#primaryimage"},"image":{"@id":"https:\/\/www.cidademarketing.com.br\/marketing\/2019\/01\/26\/vale-atualiza-informacoes-sobre-tragedia-em-brumadinho-minas-gerais\/#primaryimage"},"thumbnailUrl":"https:\/\/www.cidademarketing.com.br\/marketing\/wp-content\/uploads\/2019\/01\/brumadinho_vale.jpg","datePublished":"2019-01-26T18:34:48+00:00","dateModified":"2019-01-26T18:35:38+00:00","breadcrumb":{"@id":"https:\/\/www.cidademarketing.com.br\/marketing\/2019\/01\/26\/vale-atualiza-informacoes-sobre-tragedia-em-brumadinho-minas-gerais\/#breadcrumb"},"inLanguage":"pt-BR","potentialAction":[{"@type":"ReadAction","target":["https:\/\/www.cidademarketing.com.br\/marketing\/2019\/01\/26\/vale-atualiza-informacoes-sobre-tragedia-em-brumadinho-minas-gerais\/"]}]},{"@type":"ImageObject","inLanguage":"pt-BR","@id":"https:\/\/www.cidademarketing.com.br\/marketing\/2019\/01\/26\/vale-atualiza-informacoes-sobre-tragedia-em-brumadinho-minas-gerais\/#primaryimage","url":"https:\/\/www.cidademarketing.com.br\/marketing\/wp-content\/uploads\/2019\/01\/brumadinho_vale.jpg","contentUrl":"https:\/\/www.cidademarketing.com.br\/marketing\/wp-content\/uploads\/2019\/01\/brumadinho_vale.jpg","width":1181,"height":544,"caption":"Reprodu\u00e7\u00e3o"},{"@type":"BreadcrumbList","@id":"https:\/\/www.cidademarketing.com.br\/marketing\/2019\/01\/26\/vale-atualiza-informacoes-sobre-tragedia-em-brumadinho-minas-gerais\/#breadcrumb","itemListElement":[{"@type":"ListItem","position":1,"name":"In\u00edcio","item":"https:\/\/www.cidademarketing.com.br\/marketing\/"},{"@type":"ListItem","position":2,"name":"Vale atualiza informa\u00e7\u00f5es sobre a trag\u00e9dia em Brumadinho, Minas Gerais"}]},{"@type":"WebSite","@id":"https:\/\/www.cidademarketing.com.br\/marketing\/#website","url":"https:\/\/www.cidademarketing.com.br\/marketing\/","name":"CidadeMarketing","description":"Somos um ve\u00edculo de comunica\u00e7\u00e3o de destaque no Brasil, reconhecido por conte\u00fados nos segmentos de marketing, empreendedorismo e inova\u00e7\u00e3o.","publisher":{"@id":"https:\/\/www.cidademarketing.com.br\/marketing\/#organization"},"alternateName":"CidadeMarketing","potentialAction":[{"@type":"SearchAction","target":{"@type":"EntryPoint","urlTemplate":"https:\/\/www.cidademarketing.com.br\/marketing\/?s={search_term_string}"},"query-input":{"@type":"PropertyValueSpecification","valueRequired":true,"valueName":"search_term_string"}}],"inLanguage":"pt-BR"},{"@type":"Organization","@id":"https:\/\/www.cidademarketing.com.br\/marketing\/#organization","name":"CidadeMarketing","alternateName":"CidadeMarketing","url":"https:\/\/www.cidademarketing.com.br\/marketing\/","logo":{"@type":"ImageObject","inLanguage":"pt-BR","@id":"https:\/\/www.cidademarketing.com.br\/marketing\/#\/schema\/logo\/image\/","url":"https:\/\/www.cidademarketing.com.br\/marketing\/wp-content\/uploads\/2020\/01\/cidademarketing_marca_mobile.png","contentUrl":"https:\/\/www.cidademarketing.com.br\/marketing\/wp-content\/uploads\/2020\/01\/cidademarketing_marca_mobile.png","width":230,"height":92,"caption":"CidadeMarketing"},"image":{"@id":"https:\/\/www.cidademarketing.com.br\/marketing\/#\/schema\/logo\/image\/"},"sameAs":["https:\/\/www.facebook.com\/portalcidademarketing","https:\/\/x.com\/CidadeMarketing","https:\/\/www.instagram.com\/cidademarketing\/"]},{"@type":"Person","@id":"https:\/\/www.cidademarketing.com.br\/marketing\/#\/schema\/person\/02daff9f18bd9378c9e01eb6b2db155f","name":"Thales Brand\u00e3o","image":{"@type":"ImageObject","inLanguage":"pt-BR","@id":"https:\/\/secure.gravatar.com\/avatar\/7ca3206950207cc3cb48feec56a8a7898741ab725c368d99d5d7a5a50aab80c6?s=96&d=mm&r=g","url":"https:\/\/secure.gravatar.com\/avatar\/7ca3206950207cc3cb48feec56a8a7898741ab725c368d99d5d7a5a50aab80c6?s=96&d=mm&r=g","contentUrl":"https:\/\/secure.gravatar.com\/avatar\/7ca3206950207cc3cb48feec56a8a7898741ab725c368d99d5d7a5a50aab80c6?s=96&d=mm&r=g","caption":"Thales Brand\u00e3o"},"description":"Editor Executivo do Portal CidadeMarketing.com.br &gt; Mestre em Comunica\u00e7\u00e3o e Sociedade pela Universidade Federal de Sergipe. Possui MBA Executivo em Administra\u00e7\u00e3o com \u00eanfase em Marketing pela Funda\u00e7\u00e3o Get\u00falio Vargas - Rio de Janeiro. Consultor, Palestrante e Pesquisador sobre Empreendedorismo, Marketing, Redes Sociais e Neg\u00f3cios Digitais. Professor, Palestrante TedxTalks e Campus Party. Twitter: @ThalesBrandao","sameAs":["http:\/\/www.mandacaru.com.br","https:\/\/www.facebook.com\/thalesbrandao","http:\/\/www.instagram.com.br\/thalesbrandaoferreira","https:\/\/www.linkedin.com\/in\/thales-brand\u00e3o-3948609\/","https:\/\/x.com\/http:\/\/www.twitter.com\/thalesbrandao"],"url":"https:\/\/www.cidademarketing.com.br\/marketing\/author\/thalesbrandao\/"}]}},"amp_enabled":true,"_links":{"self":[{"href":"https:\/\/www.cidademarketing.com.br\/marketing\/wp-json\/wp\/v2\/posts\/5439","targetHints":{"allow":["GET"]}}],"collection":[{"href":"https:\/\/www.cidademarketing.com.br\/marketing\/wp-json\/wp\/v2\/posts"}],"about":[{"href":"https:\/\/www.cidademarketing.com.br\/marketing\/wp-json\/wp\/v2\/types\/post"}],"author":[{"embeddable":true,"href":"https:\/\/www.cidademarketing.com.br\/marketing\/wp-json\/wp\/v2\/users\/1"}],"replies":[{"embeddable":true,"href":"https:\/\/www.cidademarketing.com.br\/marketing\/wp-json\/wp\/v2\/comments?post=5439"}],"version-history":[{"count":2,"href":"https:\/\/www.cidademarketing.com.br\/marketing\/wp-json\/wp\/v2\/posts\/5439\/revisions"}],"predecessor-version":[{"id":5442,"href":"https:\/\/www.cidademarketing.com.br\/marketing\/wp-json\/wp\/v2\/posts\/5439\/revisions\/5442"}],"wp:featuredmedia":[{"embeddable":true,"href":"https:\/\/www.cidademarketing.com.br\/marketing\/wp-json\/wp\/v2\/media\/5440"}],"wp:attachment":[{"href":"https:\/\/www.cidademarketing.com.br\/marketing\/wp-json\/wp\/v2\/media?parent=5439"}],"wp:term":[{"taxonomy":"category","embeddable":true,"href":"https:\/\/www.cidademarketing.com.br\/marketing\/wp-json\/wp\/v2\/categories?post=5439"},{"taxonomy":"post_tag","embeddable":true,"href":"https:\/\/www.cidademarketing.com.br\/marketing\/wp-json\/wp\/v2\/tags?post=5439"}],"curies":[{"name":"wp","href":"https:\/\/api.w.org\/{rel}","templated":true}]}}