{"id":54377,"date":"2024-12-27T23:12:37","date_gmt":"2024-12-28T02:12:37","guid":{"rendered":"https:\/\/www.cidademarketing.com.br\/marketing\/?p=54377"},"modified":"2024-12-27T23:12:37","modified_gmt":"2024-12-28T02:12:37","slug":"ministerio-da-justica-altera-classificacao-de-chaves-e-chapolin-por-conteudo-sensivel","status":"publish","type":"post","link":"https:\/\/www.cidademarketing.com.br\/marketing\/2024\/12\/27\/ministerio-da-justica-altera-classificacao-de-chaves-e-chapolin-por-conteudo-sensivel\/","title":{"rendered":"Minist\u00e9rio da Justi\u00e7a altera classifica\u00e7\u00e3o de &#8220;Chaves&#8221; e &#8220;Chapolin&#8221; por conte\u00fado sens\u00edvel"},"content":{"rendered":"<p>O Minist\u00e9rio da Justi\u00e7a publicou nesta sexta-feira (27\/12), no Di\u00e1rio Oficial da Uni\u00e3o, a atualiza\u00e7\u00e3o da classifica\u00e7\u00e3o indicativa das ic\u00f4nicas s\u00e9ries mexicanas &#8220;Chaves&#8221; e &#8220;Chapolin&#8221;, exibidas atualmente pelo SBT. A mudan\u00e7a reflete preocupa\u00e7\u00f5es com elementos de conte\u00fado como drogas l\u00edcitas e viol\u00eancia.<\/p>\n<p>De acordo com o documento, &#8220;Chaves&#8221; passa a ser recomendado para maiores de 10 anos por conter &#8220;drogas l\u00edcitas e viol\u00eancia fantasiosa&#8221;, enquanto &#8220;Chapolin&#8221; recebeu uma classifica\u00e7\u00e3o mais restritiva, sendo indicado para maiores de 12 anos devido \u00e0 presen\u00e7a de &#8220;drogas l\u00edcitas e viol\u00eancia&#8221;.<\/p>\n<p>O Minist\u00e9rio tamb\u00e9m recomendou que &#8220;Chapolin&#8221; seja transmitido apenas ap\u00f3s as 20h na TV aberta. No entanto, o programa j\u00e1 \u00e9 exibido \u00e0s 22h pelo SBT, enquanto &#8220;Chaves&#8221;, que est\u00e1 na faixa das 20h45, mant\u00e9m sua programa\u00e7\u00e3o regular, sendo uma das principais audi\u00eancias da emissora.<\/p>\n<p>Embora a classifica\u00e7\u00e3o indicativa seja de responsabilidade do Minist\u00e9rio da Justi\u00e7a, a decis\u00e3o sobre os hor\u00e1rios de exibi\u00e7\u00e3o \u00e9 apenas orientativa. Desde 2016, uma decis\u00e3o do STF (Supremo Tribunal Federal) garantiu \u00e0s emissoras de TV o direito de decidir livremente a programa\u00e7\u00e3o, mesmo quando esta n\u00e3o segue as recomenda\u00e7\u00f5es da classifica\u00e7\u00e3o indicativa.<\/p>\n<p>O retorno das produ\u00e7\u00f5es de Roberto G\u00f3mez Bola\u00f1os (1929-2014) \u00e0 grade do SBT em dezembro foi muito aguardado pelos f\u00e3s, ap\u00f3s um hiato de quatro anos causado por disputas envolvendo direitos autorais que interromperam a transmiss\u00e3o em diversos pa\u00edses.<\/p>\n<p>Criadas nos anos 1970, &#8220;Chaves&#8221; (1972) e &#8220;Chapolin&#8221; (1973) tornaram-se fen\u00f4menos de audi\u00eancia ao mesclar humor ing\u00eanuo e situa\u00e7\u00f5es fantasiosas. Contudo, elementos como viol\u00eancia c\u00f4mica e representa\u00e7\u00f5es de consumo de subst\u00e2ncias l\u00edcitas motivaram o ajuste na classifica\u00e7\u00e3o, destacando o cuidado em proteger o p\u00fablico infantojuvenil.<\/p>\n<p>Apesar das mudan\u00e7as, as s\u00e9ries continuam sendo um marco cultural, atraindo novos espectadores e cativando gera\u00e7\u00f5es que cresceram acompanhando as aventuras do garoto \u00f3rf\u00e3o da vila e do atrapalhado her\u00f3i de uniforme vermelho.<\/p>\n<figure id=\"attachment_54378\" aria-describedby=\"caption-attachment-54378\" style=\"width: 640px\" class=\"wp-caption alignnone\"><img fetchpriority=\"high\" decoding=\"async\" class=\"wp-image-54378 size-large\" src=\"https:\/\/www.cidademarketing.com.br\/marketing\/wp-content\/uploads\/2024\/12\/classificacao_chaves_chapolin_-946x1024.webp\" alt=\"\" width=\"640\" height=\"693\" srcset=\"https:\/\/www.cidademarketing.com.br\/marketing\/wp-content\/uploads\/2024\/12\/classificacao_chaves_chapolin_-946x1024.webp 946w, https:\/\/www.cidademarketing.com.br\/marketing\/wp-content\/uploads\/2024\/12\/classificacao_chaves_chapolin_-277x300.webp 277w, https:\/\/www.cidademarketing.com.br\/marketing\/wp-content\/uploads\/2024\/12\/classificacao_chaves_chapolin_-768x832.webp 768w, https:\/\/www.cidademarketing.com.br\/marketing\/wp-content\/uploads\/2024\/12\/classificacao_chaves_chapolin_-388x420.webp 388w, https:\/\/www.cidademarketing.com.br\/marketing\/wp-content\/uploads\/2024\/12\/classificacao_chaves_chapolin_-640x693.webp 640w, https:\/\/www.cidademarketing.com.br\/marketing\/wp-content\/uploads\/2024\/12\/classificacao_chaves_chapolin_-681x737.webp 681w, https:\/\/www.cidademarketing.com.br\/marketing\/wp-content\/uploads\/2024\/12\/classificacao_chaves_chapolin_.webp 1242w\" sizes=\"(max-width: 640px) 100vw, 640px\" \/><figcaption id=\"caption-attachment-54378\" class=\"wp-caption-text\">Reprodu\u00e7\u00e3o\/Di\u00e1rio Oficial da Uni\u00e3o<\/figcaption><\/figure>\n","protected":false},"excerpt":{"rendered":"<p>O Minist\u00e9rio da Justi\u00e7a publicou nesta sexta-feira (27\/12), no Di\u00e1rio Oficial da Uni\u00e3o, a atualiza\u00e7\u00e3o da classifica\u00e7\u00e3o indicativa das ic\u00f4nicas s\u00e9ries mexicanas &#8220;Chaves&#8221; e &#8220;Chapolin&#8221;, exibidas atualmente pelo SBT. A mudan\u00e7a reflete preocupa\u00e7\u00f5es com elementos de conte\u00fado como drogas l\u00edcitas e viol\u00eancia. De acordo com o documento, &#8220;Chaves&#8221; passa a ser recomendado para maiores de [&hellip;]<\/p>\n","protected":false},"author":1,"featured_media":54126,"comment_status":"open","ping_status":"open","sticky":false,"template":"","format":"standard","meta":{"tdm_status":"","tdm_grid_status":"","footnotes":""},"categories":[6],"tags":[799,798,8579,926,8580,28,1309,418,381],"class_list":["post-54377","post","type-post","status-publish","format-standard","has-post-thumbnail","hentry","category-noticias","tag-chapolin","tag-chaves","tag-classificacao","tag-conteudo","tag-idade","tag-marketing","tag-ministerio-da-justica","tag-sbt","tag-televisao"],"yoast_head":"<!-- This site is optimized with the Yoast SEO plugin v27.5 - https:\/\/yoast.com\/product\/yoast-seo-wordpress\/ -->\n<title>Minist\u00e9rio da Justi\u00e7a altera classifica\u00e7\u00e3o de &quot;Chaves&quot; e &quot;Chapolin&quot; por conte\u00fado sens\u00edvel - CidadeMarketing<\/title>\n<meta name=\"robots\" content=\"index, follow, max-snippet:-1, max-image-preview:large, max-video-preview:-1\" \/>\n<link rel=\"canonical\" href=\"https:\/\/www.cidademarketing.com.br\/marketing\/2024\/12\/27\/ministerio-da-justica-altera-classificacao-de-chaves-e-chapolin-por-conteudo-sensivel\/\" \/>\n<meta property=\"og:locale\" content=\"pt_BR\" \/>\n<meta property=\"og:type\" content=\"article\" \/>\n<meta property=\"og:title\" content=\"Minist\u00e9rio da Justi\u00e7a altera classifica\u00e7\u00e3o de &quot;Chaves&quot; e &quot;Chapolin&quot; por conte\u00fado sens\u00edvel - CidadeMarketing\" \/>\n<meta property=\"og:description\" content=\"O Minist\u00e9rio da Justi\u00e7a publicou nesta sexta-feira (27\/12), no Di\u00e1rio Oficial da Uni\u00e3o, a atualiza\u00e7\u00e3o da classifica\u00e7\u00e3o indicativa das ic\u00f4nicas s\u00e9ries mexicanas &#8220;Chaves&#8221; e &#8220;Chapolin&#8221;, exibidas atualmente pelo SBT. A mudan\u00e7a reflete preocupa\u00e7\u00f5es com elementos de conte\u00fado como drogas l\u00edcitas e viol\u00eancia. De acordo com o documento, &#8220;Chaves&#8221; passa a ser recomendado para maiores de [&hellip;]\" \/>\n<meta property=\"og:url\" content=\"https:\/\/www.cidademarketing.com.br\/marketing\/2024\/12\/27\/ministerio-da-justica-altera-classificacao-de-chaves-e-chapolin-por-conteudo-sensivel\/\" \/>\n<meta property=\"og:site_name\" content=\"CidadeMarketing\" \/>\n<meta property=\"article:publisher\" content=\"https:\/\/www.facebook.com\/portalcidademarketing\" \/>\n<meta property=\"article:author\" content=\"https:\/\/www.facebook.com\/thalesbrandao\" \/>\n<meta property=\"article:published_time\" content=\"2024-12-28T02:12:37+00:00\" \/>\n<meta property=\"og:image\" content=\"https:\/\/www.cidademarketing.com.br\/marketing\/wp-content\/uploads\/2024\/12\/sbt_chaves_.webp\" \/>\n\t<meta property=\"og:image:width\" content=\"1112\" \/>\n\t<meta property=\"og:image:height\" content=\"617\" \/>\n\t<meta property=\"og:image:type\" content=\"image\/webp\" \/>\n<meta name=\"author\" content=\"Thales Brand\u00e3o\" \/>\n<meta name=\"twitter:card\" content=\"summary_large_image\" \/>\n<meta name=\"twitter:creator\" content=\"@http:\/\/www.twitter.com\/thalesbrandao\" \/>\n<meta name=\"twitter:site\" content=\"@CidadeMarketing\" \/>\n<meta name=\"twitter:label1\" content=\"Escrito por\" \/>\n\t<meta name=\"twitter:data1\" content=\"Thales Brand\u00e3o\" \/>\n\t<meta name=\"twitter:label2\" content=\"Est. tempo de leitura\" \/>\n\t<meta name=\"twitter:data2\" content=\"2 minutos\" \/>\n<script type=\"application\/ld+json\" class=\"yoast-schema-graph\">{\"@context\":\"https:\\\/\\\/schema.org\",\"@graph\":[{\"@type\":\"Article\",\"@id\":\"https:\\\/\\\/www.cidademarketing.com.br\\\/marketing\\\/2024\\\/12\\\/27\\\/ministerio-da-justica-altera-classificacao-de-chaves-e-chapolin-por-conteudo-sensivel\\\/#article\",\"isPartOf\":{\"@id\":\"https:\\\/\\\/www.cidademarketing.com.br\\\/marketing\\\/2024\\\/12\\\/27\\\/ministerio-da-justica-altera-classificacao-de-chaves-e-chapolin-por-conteudo-sensivel\\\/\"},\"author\":{\"name\":\"Thales Brand\u00e3o\",\"@id\":\"https:\\\/\\\/www.cidademarketing.com.br\\\/marketing\\\/#\\\/schema\\\/person\\\/02daff9f18bd9378c9e01eb6b2db155f\"},\"headline\":\"Minist\u00e9rio da Justi\u00e7a altera classifica\u00e7\u00e3o de &#8220;Chaves&#8221; e &#8220;Chapolin&#8221; por conte\u00fado sens\u00edvel\",\"datePublished\":\"2024-12-28T02:12:37+00:00\",\"mainEntityOfPage\":{\"@id\":\"https:\\\/\\\/www.cidademarketing.com.br\\\/marketing\\\/2024\\\/12\\\/27\\\/ministerio-da-justica-altera-classificacao-de-chaves-e-chapolin-por-conteudo-sensivel\\\/\"},\"wordCount\":380,\"commentCount\":0,\"publisher\":{\"@id\":\"https:\\\/\\\/www.cidademarketing.com.br\\\/marketing\\\/#organization\"},\"image\":{\"@id\":\"https:\\\/\\\/www.cidademarketing.com.br\\\/marketing\\\/2024\\\/12\\\/27\\\/ministerio-da-justica-altera-classificacao-de-chaves-e-chapolin-por-conteudo-sensivel\\\/#primaryimage\"},\"thumbnailUrl\":\"https:\\\/\\\/www.cidademarketing.com.br\\\/marketing\\\/wp-content\\\/uploads\\\/2024\\\/12\\\/sbt_chaves_.webp\",\"keywords\":[\"Chapolin\",\"Chaves\",\"classifica\u00e7\u00e3o\",\"conte\u00fado\",\"idade\",\"marketing\",\"Minist\u00e9rio da Justi\u00e7a\",\"SBT\",\"televis\u00e3o\"],\"articleSection\":[\"Not\u00edcias\"],\"inLanguage\":\"pt-BR\",\"potentialAction\":[{\"@type\":\"CommentAction\",\"name\":\"Comment\",\"target\":[\"https:\\\/\\\/www.cidademarketing.com.br\\\/marketing\\\/2024\\\/12\\\/27\\\/ministerio-da-justica-altera-classificacao-de-chaves-e-chapolin-por-conteudo-sensivel\\\/#respond\"]}]},{\"@type\":\"WebPage\",\"@id\":\"https:\\\/\\\/www.cidademarketing.com.br\\\/marketing\\\/2024\\\/12\\\/27\\\/ministerio-da-justica-altera-classificacao-de-chaves-e-chapolin-por-conteudo-sensivel\\\/\",\"url\":\"https:\\\/\\\/www.cidademarketing.com.br\\\/marketing\\\/2024\\\/12\\\/27\\\/ministerio-da-justica-altera-classificacao-de-chaves-e-chapolin-por-conteudo-sensivel\\\/\",\"name\":\"Minist\u00e9rio da Justi\u00e7a altera classifica\u00e7\u00e3o de \\\"Chaves\\\" e \\\"Chapolin\\\" por conte\u00fado sens\u00edvel - CidadeMarketing\",\"isPartOf\":{\"@id\":\"https:\\\/\\\/www.cidademarketing.com.br\\\/marketing\\\/#website\"},\"primaryImageOfPage\":{\"@id\":\"https:\\\/\\\/www.cidademarketing.com.br\\\/marketing\\\/2024\\\/12\\\/27\\\/ministerio-da-justica-altera-classificacao-de-chaves-e-chapolin-por-conteudo-sensivel\\\/#primaryimage\"},\"image\":{\"@id\":\"https:\\\/\\\/www.cidademarketing.com.br\\\/marketing\\\/2024\\\/12\\\/27\\\/ministerio-da-justica-altera-classificacao-de-chaves-e-chapolin-por-conteudo-sensivel\\\/#primaryimage\"},\"thumbnailUrl\":\"https:\\\/\\\/www.cidademarketing.com.br\\\/marketing\\\/wp-content\\\/uploads\\\/2024\\\/12\\\/sbt_chaves_.webp\",\"datePublished\":\"2024-12-28T02:12:37+00:00\",\"breadcrumb\":{\"@id\":\"https:\\\/\\\/www.cidademarketing.com.br\\\/marketing\\\/2024\\\/12\\\/27\\\/ministerio-da-justica-altera-classificacao-de-chaves-e-chapolin-por-conteudo-sensivel\\\/#breadcrumb\"},\"inLanguage\":\"pt-BR\",\"potentialAction\":[{\"@type\":\"ReadAction\",\"target\":[\"https:\\\/\\\/www.cidademarketing.com.br\\\/marketing\\\/2024\\\/12\\\/27\\\/ministerio-da-justica-altera-classificacao-de-chaves-e-chapolin-por-conteudo-sensivel\\\/\"]}]},{\"@type\":\"ImageObject\",\"inLanguage\":\"pt-BR\",\"@id\":\"https:\\\/\\\/www.cidademarketing.com.br\\\/marketing\\\/2024\\\/12\\\/27\\\/ministerio-da-justica-altera-classificacao-de-chaves-e-chapolin-por-conteudo-sensivel\\\/#primaryimage\",\"url\":\"https:\\\/\\\/www.cidademarketing.com.br\\\/marketing\\\/wp-content\\\/uploads\\\/2024\\\/12\\\/sbt_chaves_.webp\",\"contentUrl\":\"https:\\\/\\\/www.cidademarketing.com.br\\\/marketing\\\/wp-content\\\/uploads\\\/2024\\\/12\\\/sbt_chaves_.webp\",\"width\":1112,\"height\":617,\"caption\":\"Reprodu\u00e7\u00e3o\\\/SBT\"},{\"@type\":\"BreadcrumbList\",\"@id\":\"https:\\\/\\\/www.cidademarketing.com.br\\\/marketing\\\/2024\\\/12\\\/27\\\/ministerio-da-justica-altera-classificacao-de-chaves-e-chapolin-por-conteudo-sensivel\\\/#breadcrumb\",\"itemListElement\":[{\"@type\":\"ListItem\",\"position\":1,\"name\":\"In\u00edcio\",\"item\":\"https:\\\/\\\/www.cidademarketing.com.br\\\/marketing\\\/\"},{\"@type\":\"ListItem\",\"position\":2,\"name\":\"Minist\u00e9rio da Justi\u00e7a altera classifica\u00e7\u00e3o de &#8220;Chaves&#8221; e &#8220;Chapolin&#8221; por conte\u00fado sens\u00edvel\"}]},{\"@type\":\"WebSite\",\"@id\":\"https:\\\/\\\/www.cidademarketing.com.br\\\/marketing\\\/#website\",\"url\":\"https:\\\/\\\/www.cidademarketing.com.br\\\/marketing\\\/\",\"name\":\"CidadeMarketing\",\"description\":\"Somos um ve\u00edculo de comunica\u00e7\u00e3o de destaque no Brasil, reconhecido por conte\u00fados nos segmentos de marketing, empreendedorismo e inova\u00e7\u00e3o.\",\"publisher\":{\"@id\":\"https:\\\/\\\/www.cidademarketing.com.br\\\/marketing\\\/#organization\"},\"alternateName\":\"CidadeMarketing\",\"potentialAction\":[{\"@type\":\"SearchAction\",\"target\":{\"@type\":\"EntryPoint\",\"urlTemplate\":\"https:\\\/\\\/www.cidademarketing.com.br\\\/marketing\\\/?s={search_term_string}\"},\"query-input\":{\"@type\":\"PropertyValueSpecification\",\"valueRequired\":true,\"valueName\":\"search_term_string\"}}],\"inLanguage\":\"pt-BR\"},{\"@type\":\"Organization\",\"@id\":\"https:\\\/\\\/www.cidademarketing.com.br\\\/marketing\\\/#organization\",\"name\":\"CidadeMarketing\",\"alternateName\":\"CidadeMarketing\",\"url\":\"https:\\\/\\\/www.cidademarketing.com.br\\\/marketing\\\/\",\"logo\":{\"@type\":\"ImageObject\",\"inLanguage\":\"pt-BR\",\"@id\":\"https:\\\/\\\/www.cidademarketing.com.br\\\/marketing\\\/#\\\/schema\\\/logo\\\/image\\\/\",\"url\":\"https:\\\/\\\/www.cidademarketing.com.br\\\/marketing\\\/wp-content\\\/uploads\\\/2020\\\/01\\\/cidademarketing_marca_mobile.png\",\"contentUrl\":\"https:\\\/\\\/www.cidademarketing.com.br\\\/marketing\\\/wp-content\\\/uploads\\\/2020\\\/01\\\/cidademarketing_marca_mobile.png\",\"width\":230,\"height\":92,\"caption\":\"CidadeMarketing\"},\"image\":{\"@id\":\"https:\\\/\\\/www.cidademarketing.com.br\\\/marketing\\\/#\\\/schema\\\/logo\\\/image\\\/\"},\"sameAs\":[\"https:\\\/\\\/www.facebook.com\\\/portalcidademarketing\",\"https:\\\/\\\/x.com\\\/CidadeMarketing\",\"https:\\\/\\\/www.instagram.com\\\/cidademarketing\\\/\"]},{\"@type\":\"Person\",\"@id\":\"https:\\\/\\\/www.cidademarketing.com.br\\\/marketing\\\/#\\\/schema\\\/person\\\/02daff9f18bd9378c9e01eb6b2db155f\",\"name\":\"Thales Brand\u00e3o\",\"image\":{\"@type\":\"ImageObject\",\"inLanguage\":\"pt-BR\",\"@id\":\"https:\\\/\\\/secure.gravatar.com\\\/avatar\\\/7ca3206950207cc3cb48feec56a8a7898741ab725c368d99d5d7a5a50aab80c6?s=96&d=mm&r=g\",\"url\":\"https:\\\/\\\/secure.gravatar.com\\\/avatar\\\/7ca3206950207cc3cb48feec56a8a7898741ab725c368d99d5d7a5a50aab80c6?s=96&d=mm&r=g\",\"contentUrl\":\"https:\\\/\\\/secure.gravatar.com\\\/avatar\\\/7ca3206950207cc3cb48feec56a8a7898741ab725c368d99d5d7a5a50aab80c6?s=96&d=mm&r=g\",\"caption\":\"Thales Brand\u00e3o\"},\"description\":\"Editor Executivo do Portal CidadeMarketing.com.br &gt; Mestre em Comunica\u00e7\u00e3o e Sociedade pela Universidade Federal de Sergipe. Possui MBA Executivo em Administra\u00e7\u00e3o com \u00eanfase em Marketing pela Funda\u00e7\u00e3o Get\u00falio Vargas - Rio de Janeiro. Consultor, Palestrante e Pesquisador sobre Empreendedorismo, Marketing, Redes Sociais e Neg\u00f3cios Digitais. Professor, Palestrante TedxTalks e Campus Party. Twitter: @ThalesBrandao\",\"sameAs\":[\"http:\\\/\\\/www.mandacaru.com.br\",\"https:\\\/\\\/www.facebook.com\\\/thalesbrandao\",\"http:\\\/\\\/www.instagram.com.br\\\/thalesbrandaoferreira\",\"https:\\\/\\\/www.linkedin.com\\\/in\\\/thales-brand\u00e3o-3948609\\\/\",\"https:\\\/\\\/x.com\\\/http:\\\/\\\/www.twitter.com\\\/thalesbrandao\"],\"url\":\"https:\\\/\\\/www.cidademarketing.com.br\\\/marketing\\\/author\\\/thalesbrandao\\\/\"}]}<\/script>\n<!-- \/ Yoast SEO plugin. -->","yoast_head_json":{"title":"Minist\u00e9rio da Justi\u00e7a altera classifica\u00e7\u00e3o de \"Chaves\" e \"Chapolin\" por conte\u00fado sens\u00edvel - CidadeMarketing","robots":{"index":"index","follow":"follow","max-snippet":"max-snippet:-1","max-image-preview":"max-image-preview:large","max-video-preview":"max-video-preview:-1"},"canonical":"https:\/\/www.cidademarketing.com.br\/marketing\/2024\/12\/27\/ministerio-da-justica-altera-classificacao-de-chaves-e-chapolin-por-conteudo-sensivel\/","og_locale":"pt_BR","og_type":"article","og_title":"Minist\u00e9rio da Justi\u00e7a altera classifica\u00e7\u00e3o de \"Chaves\" e \"Chapolin\" por conte\u00fado sens\u00edvel - CidadeMarketing","og_description":"O Minist\u00e9rio da Justi\u00e7a publicou nesta sexta-feira (27\/12), no Di\u00e1rio Oficial da Uni\u00e3o, a atualiza\u00e7\u00e3o da classifica\u00e7\u00e3o indicativa das ic\u00f4nicas s\u00e9ries mexicanas &#8220;Chaves&#8221; e &#8220;Chapolin&#8221;, exibidas atualmente pelo SBT. A mudan\u00e7a reflete preocupa\u00e7\u00f5es com elementos de conte\u00fado como drogas l\u00edcitas e viol\u00eancia. De acordo com o documento, &#8220;Chaves&#8221; passa a ser recomendado para maiores de [&hellip;]","og_url":"https:\/\/www.cidademarketing.com.br\/marketing\/2024\/12\/27\/ministerio-da-justica-altera-classificacao-de-chaves-e-chapolin-por-conteudo-sensivel\/","og_site_name":"CidadeMarketing","article_publisher":"https:\/\/www.facebook.com\/portalcidademarketing","article_author":"https:\/\/www.facebook.com\/thalesbrandao","article_published_time":"2024-12-28T02:12:37+00:00","og_image":[{"width":1112,"height":617,"url":"https:\/\/www.cidademarketing.com.br\/marketing\/wp-content\/uploads\/2024\/12\/sbt_chaves_.webp","type":"image\/webp"}],"author":"Thales Brand\u00e3o","twitter_card":"summary_large_image","twitter_creator":"@http:\/\/www.twitter.com\/thalesbrandao","twitter_site":"@CidadeMarketing","twitter_misc":{"Escrito por":"Thales Brand\u00e3o","Est. tempo de leitura":"2 minutos"},"schema":{"@context":"https:\/\/schema.org","@graph":[{"@type":"Article","@id":"https:\/\/www.cidademarketing.com.br\/marketing\/2024\/12\/27\/ministerio-da-justica-altera-classificacao-de-chaves-e-chapolin-por-conteudo-sensivel\/#article","isPartOf":{"@id":"https:\/\/www.cidademarketing.com.br\/marketing\/2024\/12\/27\/ministerio-da-justica-altera-classificacao-de-chaves-e-chapolin-por-conteudo-sensivel\/"},"author":{"name":"Thales Brand\u00e3o","@id":"https:\/\/www.cidademarketing.com.br\/marketing\/#\/schema\/person\/02daff9f18bd9378c9e01eb6b2db155f"},"headline":"Minist\u00e9rio da Justi\u00e7a altera classifica\u00e7\u00e3o de &#8220;Chaves&#8221; e &#8220;Chapolin&#8221; por conte\u00fado sens\u00edvel","datePublished":"2024-12-28T02:12:37+00:00","mainEntityOfPage":{"@id":"https:\/\/www.cidademarketing.com.br\/marketing\/2024\/12\/27\/ministerio-da-justica-altera-classificacao-de-chaves-e-chapolin-por-conteudo-sensivel\/"},"wordCount":380,"commentCount":0,"publisher":{"@id":"https:\/\/www.cidademarketing.com.br\/marketing\/#organization"},"image":{"@id":"https:\/\/www.cidademarketing.com.br\/marketing\/2024\/12\/27\/ministerio-da-justica-altera-classificacao-de-chaves-e-chapolin-por-conteudo-sensivel\/#primaryimage"},"thumbnailUrl":"https:\/\/www.cidademarketing.com.br\/marketing\/wp-content\/uploads\/2024\/12\/sbt_chaves_.webp","keywords":["Chapolin","Chaves","classifica\u00e7\u00e3o","conte\u00fado","idade","marketing","Minist\u00e9rio da Justi\u00e7a","SBT","televis\u00e3o"],"articleSection":["Not\u00edcias"],"inLanguage":"pt-BR","potentialAction":[{"@type":"CommentAction","name":"Comment","target":["https:\/\/www.cidademarketing.com.br\/marketing\/2024\/12\/27\/ministerio-da-justica-altera-classificacao-de-chaves-e-chapolin-por-conteudo-sensivel\/#respond"]}]},{"@type":"WebPage","@id":"https:\/\/www.cidademarketing.com.br\/marketing\/2024\/12\/27\/ministerio-da-justica-altera-classificacao-de-chaves-e-chapolin-por-conteudo-sensivel\/","url":"https:\/\/www.cidademarketing.com.br\/marketing\/2024\/12\/27\/ministerio-da-justica-altera-classificacao-de-chaves-e-chapolin-por-conteudo-sensivel\/","name":"Minist\u00e9rio da Justi\u00e7a altera classifica\u00e7\u00e3o de \"Chaves\" e \"Chapolin\" por conte\u00fado sens\u00edvel - CidadeMarketing","isPartOf":{"@id":"https:\/\/www.cidademarketing.com.br\/marketing\/#website"},"primaryImageOfPage":{"@id":"https:\/\/www.cidademarketing.com.br\/marketing\/2024\/12\/27\/ministerio-da-justica-altera-classificacao-de-chaves-e-chapolin-por-conteudo-sensivel\/#primaryimage"},"image":{"@id":"https:\/\/www.cidademarketing.com.br\/marketing\/2024\/12\/27\/ministerio-da-justica-altera-classificacao-de-chaves-e-chapolin-por-conteudo-sensivel\/#primaryimage"},"thumbnailUrl":"https:\/\/www.cidademarketing.com.br\/marketing\/wp-content\/uploads\/2024\/12\/sbt_chaves_.webp","datePublished":"2024-12-28T02:12:37+00:00","breadcrumb":{"@id":"https:\/\/www.cidademarketing.com.br\/marketing\/2024\/12\/27\/ministerio-da-justica-altera-classificacao-de-chaves-e-chapolin-por-conteudo-sensivel\/#breadcrumb"},"inLanguage":"pt-BR","potentialAction":[{"@type":"ReadAction","target":["https:\/\/www.cidademarketing.com.br\/marketing\/2024\/12\/27\/ministerio-da-justica-altera-classificacao-de-chaves-e-chapolin-por-conteudo-sensivel\/"]}]},{"@type":"ImageObject","inLanguage":"pt-BR","@id":"https:\/\/www.cidademarketing.com.br\/marketing\/2024\/12\/27\/ministerio-da-justica-altera-classificacao-de-chaves-e-chapolin-por-conteudo-sensivel\/#primaryimage","url":"https:\/\/www.cidademarketing.com.br\/marketing\/wp-content\/uploads\/2024\/12\/sbt_chaves_.webp","contentUrl":"https:\/\/www.cidademarketing.com.br\/marketing\/wp-content\/uploads\/2024\/12\/sbt_chaves_.webp","width":1112,"height":617,"caption":"Reprodu\u00e7\u00e3o\/SBT"},{"@type":"BreadcrumbList","@id":"https:\/\/www.cidademarketing.com.br\/marketing\/2024\/12\/27\/ministerio-da-justica-altera-classificacao-de-chaves-e-chapolin-por-conteudo-sensivel\/#breadcrumb","itemListElement":[{"@type":"ListItem","position":1,"name":"In\u00edcio","item":"https:\/\/www.cidademarketing.com.br\/marketing\/"},{"@type":"ListItem","position":2,"name":"Minist\u00e9rio da Justi\u00e7a altera classifica\u00e7\u00e3o de &#8220;Chaves&#8221; e &#8220;Chapolin&#8221; por conte\u00fado sens\u00edvel"}]},{"@type":"WebSite","@id":"https:\/\/www.cidademarketing.com.br\/marketing\/#website","url":"https:\/\/www.cidademarketing.com.br\/marketing\/","name":"CidadeMarketing","description":"Somos um ve\u00edculo de comunica\u00e7\u00e3o de destaque no Brasil, reconhecido por conte\u00fados nos segmentos de marketing, empreendedorismo e inova\u00e7\u00e3o.","publisher":{"@id":"https:\/\/www.cidademarketing.com.br\/marketing\/#organization"},"alternateName":"CidadeMarketing","potentialAction":[{"@type":"SearchAction","target":{"@type":"EntryPoint","urlTemplate":"https:\/\/www.cidademarketing.com.br\/marketing\/?s={search_term_string}"},"query-input":{"@type":"PropertyValueSpecification","valueRequired":true,"valueName":"search_term_string"}}],"inLanguage":"pt-BR"},{"@type":"Organization","@id":"https:\/\/www.cidademarketing.com.br\/marketing\/#organization","name":"CidadeMarketing","alternateName":"CidadeMarketing","url":"https:\/\/www.cidademarketing.com.br\/marketing\/","logo":{"@type":"ImageObject","inLanguage":"pt-BR","@id":"https:\/\/www.cidademarketing.com.br\/marketing\/#\/schema\/logo\/image\/","url":"https:\/\/www.cidademarketing.com.br\/marketing\/wp-content\/uploads\/2020\/01\/cidademarketing_marca_mobile.png","contentUrl":"https:\/\/www.cidademarketing.com.br\/marketing\/wp-content\/uploads\/2020\/01\/cidademarketing_marca_mobile.png","width":230,"height":92,"caption":"CidadeMarketing"},"image":{"@id":"https:\/\/www.cidademarketing.com.br\/marketing\/#\/schema\/logo\/image\/"},"sameAs":["https:\/\/www.facebook.com\/portalcidademarketing","https:\/\/x.com\/CidadeMarketing","https:\/\/www.instagram.com\/cidademarketing\/"]},{"@type":"Person","@id":"https:\/\/www.cidademarketing.com.br\/marketing\/#\/schema\/person\/02daff9f18bd9378c9e01eb6b2db155f","name":"Thales Brand\u00e3o","image":{"@type":"ImageObject","inLanguage":"pt-BR","@id":"https:\/\/secure.gravatar.com\/avatar\/7ca3206950207cc3cb48feec56a8a7898741ab725c368d99d5d7a5a50aab80c6?s=96&d=mm&r=g","url":"https:\/\/secure.gravatar.com\/avatar\/7ca3206950207cc3cb48feec56a8a7898741ab725c368d99d5d7a5a50aab80c6?s=96&d=mm&r=g","contentUrl":"https:\/\/secure.gravatar.com\/avatar\/7ca3206950207cc3cb48feec56a8a7898741ab725c368d99d5d7a5a50aab80c6?s=96&d=mm&r=g","caption":"Thales Brand\u00e3o"},"description":"Editor Executivo do Portal CidadeMarketing.com.br &gt; Mestre em Comunica\u00e7\u00e3o e Sociedade pela Universidade Federal de Sergipe. Possui MBA Executivo em Administra\u00e7\u00e3o com \u00eanfase em Marketing pela Funda\u00e7\u00e3o Get\u00falio Vargas - Rio de Janeiro. Consultor, Palestrante e Pesquisador sobre Empreendedorismo, Marketing, Redes Sociais e Neg\u00f3cios Digitais. Professor, Palestrante TedxTalks e Campus Party. Twitter: @ThalesBrandao","sameAs":["http:\/\/www.mandacaru.com.br","https:\/\/www.facebook.com\/thalesbrandao","http:\/\/www.instagram.com.br\/thalesbrandaoferreira","https:\/\/www.linkedin.com\/in\/thales-brand\u00e3o-3948609\/","https:\/\/x.com\/http:\/\/www.twitter.com\/thalesbrandao"],"url":"https:\/\/www.cidademarketing.com.br\/marketing\/author\/thalesbrandao\/"}]}},"amp_enabled":true,"_links":{"self":[{"href":"https:\/\/www.cidademarketing.com.br\/marketing\/wp-json\/wp\/v2\/posts\/54377","targetHints":{"allow":["GET"]}}],"collection":[{"href":"https:\/\/www.cidademarketing.com.br\/marketing\/wp-json\/wp\/v2\/posts"}],"about":[{"href":"https:\/\/www.cidademarketing.com.br\/marketing\/wp-json\/wp\/v2\/types\/post"}],"author":[{"embeddable":true,"href":"https:\/\/www.cidademarketing.com.br\/marketing\/wp-json\/wp\/v2\/users\/1"}],"replies":[{"embeddable":true,"href":"https:\/\/www.cidademarketing.com.br\/marketing\/wp-json\/wp\/v2\/comments?post=54377"}],"version-history":[{"count":1,"href":"https:\/\/www.cidademarketing.com.br\/marketing\/wp-json\/wp\/v2\/posts\/54377\/revisions"}],"predecessor-version":[{"id":54379,"href":"https:\/\/www.cidademarketing.com.br\/marketing\/wp-json\/wp\/v2\/posts\/54377\/revisions\/54379"}],"wp:featuredmedia":[{"embeddable":true,"href":"https:\/\/www.cidademarketing.com.br\/marketing\/wp-json\/wp\/v2\/media\/54126"}],"wp:attachment":[{"href":"https:\/\/www.cidademarketing.com.br\/marketing\/wp-json\/wp\/v2\/media?parent=54377"}],"wp:term":[{"taxonomy":"category","embeddable":true,"href":"https:\/\/www.cidademarketing.com.br\/marketing\/wp-json\/wp\/v2\/categories?post=54377"},{"taxonomy":"post_tag","embeddable":true,"href":"https:\/\/www.cidademarketing.com.br\/marketing\/wp-json\/wp\/v2\/tags?post=54377"}],"curies":[{"name":"wp","href":"https:\/\/api.w.org\/{rel}","templated":true}]}}