{"id":54368,"date":"2024-12-27T12:23:08","date_gmt":"2024-12-27T15:23:08","guid":{"rendered":"https:\/\/www.cidademarketing.com.br\/marketing\/?p=54368"},"modified":"2024-12-27T12:23:08","modified_gmt":"2024-12-27T15:23:08","slug":"casa-fiat-de-cultura-inaugura-exposicao-inedita-de-carlos-bracher-em-homenagem-a-belo-horizonte","status":"publish","type":"post","link":"https:\/\/www.cidademarketing.com.br\/marketing\/2024\/12\/27\/casa-fiat-de-cultura-inaugura-exposicao-inedita-de-carlos-bracher-em-homenagem-a-belo-horizonte\/","title":{"rendered":"Casa Fiat de Cultura inaugura exposi\u00e7\u00e3o in\u00e9dita de Carlos Bracher em homenagem a Belo Horizonte"},"content":{"rendered":"<p>Ap\u00f3s quase 10 anos da \u00faltima exposi\u00e7\u00e3o de Carlos Bracher em Belo Horizonte, a cidade ganha um presente especial em celebra\u00e7\u00e3o pelos seus 127 anos: uma exposi\u00e7\u00e3o in\u00e9dita deste renomado pintor mineiro. \u201cBelo Bracher Horizonte na Casa Fiat de Cultura\u201d re\u00fane mais de 60 obras do artista, entre pinturas em \u00f3leo sobre tela, aquarelas e desenhos a carv\u00e3o, capazes de transportar o olhar para a for\u00e7a de suas pinceladas e de suas perspectivas singulares, impregnadas de cores e fic\u00e7\u00f5es. Com curadoria de Fani Bracher, esposa do artista, a mostra apresenta desde o primeiro quadro feito em Belo Horizonte, retratando o Parque Municipal, at\u00e9 as mais de 30 obras, criadas exclusivamente para a exposi\u00e7\u00e3o, proporcionando uma vis\u00e3o, que \u00e9, ao mesmo tempo, pessoal e coletiva, das faces de Bracher em seus 84 anos de vida. A exposi\u00e7\u00e3o, que conta com o patroc\u00ednio da CSN, fica em cartaz de 12 de dezembro de 2024 a 9 de fevereiro de 2025, com entrada gratuita.<\/p>\n<p>Carlos Bracher \u00e9 mineiro, natural de Juiz de Fora, e um dos artistas pl\u00e1sticos mais prestigiados e premiados do Brasil. Ele escolheu Ouro Preto como local para viver, mas nutre profunda admira\u00e7\u00e3o por Belo Horizonte. A exposi\u00e7\u00e3o \u00e9, ent\u00e3o, a forma por meio da qual Bracher expressa seu amor pela capital mineira. Com suas obras, o artista convida o p\u00fablico a explorar a cidade sob uma nova perspectiva: cada pincelada, traduzida em cores, luzes e sombras, traz fragmentos da ess\u00eancia de BH, revelados por meio dos trajetos percorridos pelos olhos e pelo cora\u00e7\u00e3o do pintor.<\/p>\n<p>\u201cBelo Horizonte \u00e9 minha quase cidade natal. Sou de uma terra muito querida por mim, Juiz de Fora, mas em BH est\u00e3o minhas ra\u00edzes eletivas, sensoriais e sensitivas. Eu sempre vim a BH para ter mais vida, mais fontes, mais sabedoria. Eu queria muito fazer essa homenagem, demonstrar minha gratid\u00e3o \u00e0 cidade e \u00e0s pessoas\u201d, afirma Bracher.<br \/>\nAs lembran\u00e7as e a paix\u00e3o pela capital se transformam em arte. Os registros destacam as paisagens, a arquitetura \u2013 por meio de s\u00edmbolos ic\u00f4nicos da cidade \u2013, e as personalidades que ajudaram a construir a identidade cultural de BH. Na exposi\u00e7\u00e3o, o pintor estabelece um arco de tempo e viv\u00eancias entre o seu primeiro quadro de Belo Horizonte, pintado em 1963, no Parque Municipal Am\u00e9rico Renn\u00e9 Giannetti, e os dois \u00faltimos, a Pra\u00e7a da Liberdade e o Museu Ab\u00edlio Barreto, marcos do surgimento da cidade, que foram pintados ao ar livre.<\/p>\n<p>\u201cAo som da Nona Sinfonia (de Bethoven), Bachianas Brasileiras n\u00ba5 (de Villa Lobos) e da Paix\u00e3o Segundo S\u00e3o Matheus (de Bach) surge a cidade de Bracher. S\u00e3o quadros tecidos na linha do tempo e no bordado colorido de suas mem\u00f3rias e afetos\u201d, revela Fani Bracher, curadora da exposi\u00e7\u00e3o.<br \/>\nCom sobreposi\u00e7\u00f5es de tintas, pinceladas densas e contrastes fortes, o artista \u2013 autodidata \u2013 apresenta ao p\u00fablico, 60 telas, sendo a maioria delas produzidas em 2024 para integrar a exposi\u00e7\u00e3o. Entre as 37 obras in\u00e9ditas est\u00e3o a Pra\u00e7a da Liberdade e os pr\u00e9dios hist\u00f3ricos ao seu entorno; estandartes que retratam, por exemplo, a banda mineira Pato Fu, o Grupo Galp\u00e3o e o Grupo Corpo \u2013 representando sua conex\u00e3o com a m\u00fasica, o teatro e a dan\u00e7a; e os s\u00edmbolos da cidade, como o Viaduto Santa Tereza, a Pra\u00e7a da Esta\u00e7\u00e3o e a Avenida Afonso Pena.<\/p>\n<p>Nomes importantes como Juscelino Kubitschek e Milton Nascimento, que sempre foram inspira\u00e7\u00e3o para o artista, est\u00e3o representados nas telas das edifica\u00e7\u00f5es do Complexo da Pampulha e no n\u00facleo \u201cRostos da inspira\u00e7\u00e3o: retratos de arte e alma\u201d. Outro destaque \u00e9 a obra \u201cPaix\u00e3o segundo S\u00e3o Jo\u00e3o\u201d, que foi pintada ao vivo durante a execu\u00e7\u00e3o da obra de Bach por uma orquestra mineira, no dia 7 de abril de 2024. Esta tela poder\u00e1 ser apreciada tamb\u00e9m em seu verso, por trazer recados afetuosos e dedicat\u00f3rias \u2013 uma curiosidade \u00e0 parte apresentada na exposi\u00e7\u00e3o. Em um v\u00eddeo dispon\u00edvel na galeria da Casa Fiat de Cultura, o p\u00fablico ainda poder\u00e1 conhecer mais detalhes sobre o artista e seu processo criativo.<\/p>\n<p>\u201cAssim como Bracher, a Casa Fiat de Cultura tamb\u00e9m \u00e9 movida pela arte. Mais do que uma homenagem a Belo Horizonte, esta \u00e9 uma celebra\u00e7\u00e3o, um tributo a este grande artista que, com seu entusiasmo e energia criativa, amplia seu legado indel\u00e9vel, que transforma e inspira a todos n\u00f3s\u201d, celebra o presidente da Casa Fiat de Cultura, Massimo Cavallo.<br \/>\nA expografia da mostra, desenvolvida pela arquiteta Erika Foureaux, foi inspirada no ateli\u00ea de Bracher, que fica em Ouro Preto, para criar um ambiente que conecta o p\u00fablico ao processo de cria\u00e7\u00e3o e \u00e0s inspira\u00e7\u00f5es do artista. J\u00e1 as cores das paredes, em tons de marrom, verde, azul e roxo, foram escolhidas a partir das janelas da casa onde o pintor trabalha. Um cavalete, que faz parte da cole\u00e7\u00e3o pessoal de Bracher, tamb\u00e9m comp\u00f5e o espa\u00e7o e \u00e9 uma verdadeira obra de arte pelo seu simbolismo e import\u00e2ncia.<br \/>\nO projeto do qual a exposi\u00e7\u00e3o faz parte inclui um minidocument\u00e1rio, que tem dire\u00e7\u00e3o de Fred Tonucci e pesquisa iconogr\u00e1fica de Blima Bracher, e um livro, que ser\u00e3o lan\u00e7ados no final do per\u00edodo expositivo, completando a trajet\u00f3ria de Bracher. Todo projeto tem idealiza\u00e7\u00e3o de Carlos Bracher e Blima Bracher, coordena\u00e7\u00e3o geral de Tatyana Rubim, da Rubim Produ\u00e7\u00f5es, em colabora\u00e7\u00e3o com Jos\u00e9 Renato, da Portf\u00f3lio. As fotografias s\u00e3o de Cristiano Quintino.<\/p>\n<p>A exposi\u00e7\u00e3o \u201cBelo Bracher Horizonte na Casa Fiat de Cultura\u201d \u00e9 uma realiza\u00e7\u00e3o da Casa Fiat de Cultura e do Minist\u00e9rio da Cultura, por meio da Lei Federal de Incentivo \u00e0 Cultura. Conta com o patroc\u00ednio da Companhia Sider\u00fargica Nacional, copatroc\u00ednio do Banco Safra, da Usiminas e da Sada. Tem apoio institucional do Circuito Liberdade, al\u00e9m do apoio do Governo de Minas, do Programa Amigos da Casa, do eSuites e da Let\u2019s Atl\u00e2ntica.<\/p>\n<p>N\u00facleos da exposi\u00e7\u00e3o<br \/>\nA exposi\u00e7\u00e3o \u201cBelo Bracher Horizonte na Casa Fiat de Cultura\u201d est\u00e1 dividida em n\u00facleos, que apresentam a pluralidade das t\u00e9cnicas de Bracher e expressam sua conex\u00e3o emocional com a capital mineira.<\/p>\n<p>O azul de Bracher<br \/>\nBracher sempre encontrou na paisagem urbana a sua maior inspira\u00e7\u00e3o. A partir da Pra\u00e7a da Liberdade, um dos cart\u00f5es-postais de Belo Horizonte, o artista pinta o que encontra em seu entorno: o pr\u00e9dio do IEPHA, as curvas de Niemeyer, as linhas do coreto projetado por Edgard Nascentes Coelho, o neoclassicismo das edifica\u00e7\u00f5es tombadas e o pr\u00e9dio modernista da Casa Fiat de Cultura.<\/p>\n<p>Duas das obras que integram este n\u00facleo, Pra\u00e7a da Liberdade e Museu Ab\u00edlio Barreto, foram pintadas ao ar livre, sob o olhar do p\u00fablico, como uma forma de ilustrar a coexist\u00eancia da arte e do artista em processo criativo.<br \/>\nAs obras que comp\u00f5em este n\u00facleo s\u00e3o:<br \/>\n\u2022 Museu Ab\u00edlio Barreto (2024)<br \/>\n\u2022 Pra\u00e7a da Liberdade (2024)<br \/>\n\u2022 Pr\u00e9dio do IEPHA (2024)<br \/>\n\u2022 Pal\u00e1cio da Liberdade (2022)<br \/>\n\u2022 Antiga Secretaria do Interior e Educa\u00e7\u00e3o | Pr\u00e9dio Rosa (2024)<\/p>\n<p>A harmonia entre som, cor e movimento<br \/>\nApaixonado pelas m\u00faltiplas express\u00f5es art\u00edsticas, Bracher encontra na m\u00fasica, no teatro e na dan\u00e7a uma fonte inesgot\u00e1vel de inspira\u00e7\u00e3o. Reconhecendo a riqueza cultural de Minas Gerais, neste n\u00facleo o artista homenageia os renomados grupos mineiros, traduzindo essa conex\u00e3o em suas cria\u00e7\u00f5es.<br \/>\nS\u00e3o apresentados neste n\u00facleo os estandartes:<br \/>\n\u2022 Grupo Galp\u00e3o (2024)<br \/>\n\u2022 Grupo Corpo (2024)<br \/>\n\u2022 Pato Fu (2024)<br \/>\n\u2022 Skank (2024)<br \/>\n\u2022 Giramundo (2024)<\/p>\n<p>Pampulha: o sonho de JK pelas pinceladas de Bracher<br \/>\nNascida do sonho vision\u00e1rio de Juscelino Kubitschek, a Pampulha revela espa\u00e7os de contempla\u00e7\u00e3o que instigaram Bracher a criar sua pr\u00f3pria vers\u00e3o dela.<br \/>\nNeste n\u00facleo est\u00e3o:<br \/>\n\u2022 Museu de Arte da Pampulha (2024)<br \/>\n\u2022 Casa do Baile (2022)<br \/>\n\u2022 Igreja da Pampulha (2022)<\/p>\n<p>Entre o sagrado e o cotidiano: a f\u00e9 e os encontros<br \/>\nBracher acredita que, ao tocar o sagrado dentro de si, o ser humano se torna capaz de romper fronteiras e alcan\u00e7ar o inating\u00edvel. Ele revela, inclusive, que \u201co seu Deus \u00e9 a arte\u201d. Por isso, neste n\u00facleo est\u00e3o igrejas e outros locais emblem\u00e1ticos de Belo Horizonte.<br \/>\nS\u00e3o eles:<br \/>\n\u2022 Igreja Nossa Senhora da Boa Viagem (2024)<br \/>\n\u2022 Igreja S\u00e3o Jos\u00e9 (2022)<br \/>\n\u2022 Bas\u00edlica Nossa Senhora de Lourdes (2024)<br \/>\n\u2022 Casa Fiat de Cultura (2024)<br \/>\n\u2022 Minas T\u00eanis Clube (2024)<br \/>\n\u2022 Autom\u00f3vel Clube de Minas Gerais (2024)<br \/>\n\u2022 Conservat\u00f3rio de M\u00fasica (2024)<br \/>\n\u2022 Instituto Estadual de Educa\u00e7\u00e3o de Minas Gerais (2014)<br \/>\n\u2022 Academia Mineira de Letras (2022)<br \/>\n\u2022 Pal\u00e1cio das Artes (2024)<br \/>\n\u2022 Cine Theatro Brasil (2024)<br \/>\n\u2022 Viaduto Santa Tereza (2024)<br \/>\n\u2022 Av. Afonso Pena com vista para a Serra do Curral (2024)<br \/>\n\u2022 Mercado Central (2024)<br \/>\n\u2022 Prefeitura de Belo Horizonte (2024)<br \/>\n\u2022 Pra\u00e7a Sete de Setembro (2024)<\/p>\n<p>Rostos da inspira\u00e7\u00e3o: retratos de arte e alma<br \/>\nEste n\u00facleo re\u00fane figuras emblem\u00e1ticas que desempenharam um papel significativo na trajet\u00f3ria de Bracher em Belo Horizonte, evidenciando o aspecto mais \u00edntimo e emocional do pintor. Cada tela \u00e9 um retrato da admira\u00e7\u00e3o e do carinho de Bracher por personalidades que ajudaram a construir a identidade cultural da cidade.<br \/>\n\u2022 L\u00f4 Borges (2014)<br \/>\n\u2022 Samuel Rosa (2016)<br \/>\n\u2022 Otto Lara Rezende (1987)<br \/>\n\u2022 Affonso \u00c1vila (1975)<br \/>\n\u2022 Ailton Krenak (2023)<br \/>\n\u2022 Inim\u00e1 de Paula (1997)<br \/>\n\u2022 \u00c1lvaro Apocalipse (1994)<br \/>\n\u2022 Amilcar de Castro (1977)<br \/>\n\u2022 Ronaldo Fraga (2021)<br \/>\n\u2022 Pedro Cava (2023)<br \/>\n\u2022 Jos\u00e9 Alberto Nemer (1981)<br \/>\n\u2022 Milton Nascimento (1997)<br \/>\n\u2022 Maur\u00edcio Tizumba (2024)<br \/>\n\u2022 Jonas Bloch (2022)<\/p>\n<p>Arquitetura em tons de \u00e1gua: mem\u00f3rias e pinceladas<br \/>\nNove aquarelas, todas elas in\u00e9ditas, pintadas em 2024, comp\u00f5em este n\u00facleo. Elas apresentam ilustram algumas resid\u00eancias de Belo Horizonte de relev\u00e2ncia hist\u00f3rica, afetiva e arquitet\u00f4nica para Bracher. Um retrato de Gustavo Penna, um dos mais importantes arquitetos brasileiros, tamb\u00e9m est\u00e1 neste n\u00facleo.<br \/>\n\u2022 Casa 1 (2024)<br \/>\n\u2022 Casa 2 (2024)<br \/>\n\u2022 Casa 3 (2024)<br \/>\n\u2022 Casa 4 (2024)<br \/>\n\u2022 Casa 5 (2024)<br \/>\n\u2022 Casa 6 (2024)<br \/>\n\u2022 Casa 7 (2024)<br \/>\n\u2022 Casa 8 (2024)<br \/>\n\u2022 Casa 9 (2024)<br \/>\n\u2022 Gustavo Penna (2023)<\/p>\n<p>A harmonia das cores: a Paix\u00e3o segundo S\u00e3o Jo\u00e3o<br \/>\nA obra \u201cPaix\u00e3o segundo S\u00e3o Jo\u00e3o\u201d, de Johann Sebastian Bach, foi interpretada, em abril deste ano, pelo Coral L\u00edrico de Minas Gerais, acompanhado da Orquestra Sesiminas e de m\u00fasicos convidados. A melodia serviu como inspira\u00e7\u00e3o para Bracher, que transformou a for\u00e7a da m\u00fasica em arte, eternizando o espet\u00e1culo em um deslumbrante painel.<br \/>\n\u2022 Paix\u00e3o segundo S\u00e3o Jo\u00e3o (2024)<\/p>\n<p>Comunidade e cria\u00e7\u00e3o: o coletivo segundo Bracher<br \/>\nEste n\u00facleo da exposi\u00e7\u00e3o traz pinturas em \u00f3leo sobre tela, que revelam o mosaico da humanidade, feito de mem\u00f3rias, esperan\u00e7as e cumplicidade. E apresenta, tamb\u00e9m, os desenhos a carv\u00e3o \u2013 um processo de experimenta\u00e7\u00e3o cont\u00ednuo do artista, em que materiais, propor\u00e7\u00f5es e formas s\u00e3o explorados com liberdade.<br \/>\nFazem parte do n\u00facleo, as obras:<br \/>\n\u2022 Mineir\u00e3o &#8211; Cruzeiro (2022)<br \/>\n\u2022 Arena Atl\u00e9tico Mineiro (2024)<br \/>\n\u2022 Morro do Papagaio (2024)<br \/>\n\u2022 S\u00e3o Francisco (2024)<br \/>\n\u2022 M\u00e3o de S\u00e3o Francisco (2024)<\/p>\n<p>Um presente para a Casa Fiat de Cultura<br \/>\nA Casa Fiat de Cultura tamb\u00e9m ganhou um presente de Bracher. Na exposi\u00e7\u00e3o, dentre as mais de 60 obras exibidas, o p\u00fablico poder\u00e1 ver o espa\u00e7o cultural retratado pelos olhos do artista. O presente antecipa as comemora\u00e7\u00f5es pelos 19 anos da institui\u00e7\u00e3o, que ser\u00e1 celebrado em fevereiro de 2025.<\/p>\n<p>Carlos Bracher<br \/>\nCarlos Bracher \u00e9 o pintor brasileiro que mais exp\u00f4s no exterior em mostras individuais, como Paris, Roma, Mil\u00e3o, Moscou, T\u00f3quio, Pequim, Londres, Rotterdam, Praga, Basilea, Frankfurt, Haia, Madri, Lisboa, Montevid\u00e9u, Santiago do Chile, Bogot\u00e1 e Kingston. Sobre seu trabalho, j\u00e1 foram publicados sete livros e realizados dezenas de filmes e document\u00e1rios.<br \/>\nMineiro, de Juiz de Fora, dedicou-se \u00e0 escultura e \u00e0 pintura. Em 1964 ganha o &#8220;Pr\u00eamio de Viagem ao Estrangeiro&#8221;, o mais importante da arte brasileira, promovido pelo Museu Nacional de Belas Artes. Ele e sua esposa Fani se mudam para a Europa onde se estabelecem em Monsaraz e Paris. De volta ao Brasil, escolhem a cidade hist\u00f3rica de Ouro Preto para morar. Ali tamb\u00e9m se dedica \u00e0 literatura, sendo hoje membro da Academia Mineira e Letras e Doutor Honoris Causa pala UFOP (Universidade Federal de Ouro Preto).<\/p>\n<p>Casa Fiat de Cultura<br \/>\nA Casa Fiat de Cultura cumpre importante papel na transforma\u00e7\u00e3o do cen\u00e1rio cultural brasileiro, ao realizar prestigiadas exposi\u00e7\u00f5es. A programa\u00e7\u00e3o estimula a reflex\u00e3o e intera\u00e7\u00e3o do p\u00fablico com v\u00e1rias linguagens e movimentos art\u00edsticos, desde a arte cl\u00e1ssica at\u00e9 a arte digital e contempor\u00e2nea. Por meio do Programa Educativo, a institui\u00e7\u00e3o articula a\u00e7\u00f5es para ampliar a acessibilidade \u00e0s exposi\u00e7\u00f5es, desenvolvendo r\u00e9plicas de obras de arte em 3D, materiais em Braille e atendimento em libras. Mais de 90 mostras, de consagrados artistas brasileiros e internacionais, j\u00e1 foram expostas na Casa Fiat de Cultura, entre os quais Caravaggio, Rodin, Chagall, Tarsila, Portinari entre outros. H\u00e1 18 anos, o espa\u00e7o apresenta uma programa\u00e7\u00e3o diversificada, com m\u00fasica, palestras, resid\u00eancia art\u00edstica, al\u00e9m do Ateli\u00ea Aberto \u2013 espa\u00e7o de experimenta\u00e7\u00e3o art\u00edstica \u2013 e de programas de visitas com abordagem voltada para a valoriza\u00e7\u00e3o do patrim\u00f4nio cultural e art\u00edstico. A Casa Fiat de Cultura \u00e9 situada no hist\u00f3rico edif\u00edcio do Pal\u00e1cio dos Despachos e apresenta, em car\u00e1ter permanente, o painel de Portinari, Civiliza\u00e7\u00e3o Mineira, de 1959. O espa\u00e7o integra um dos mais expressivos corredores culturais do pa\u00eds, o Circuito Liberdade, em Belo Horizonte. Mais de 4 milh\u00f5es de pessoas j\u00e1 visitaram suas exposi\u00e7\u00f5es e 700 mil participaram de suas atividades educativas.<\/p>\n<p>SERVI\u00c7O<br \/>\nExposi\u00e7\u00e3o | \u201cBelo Bracher Horizonte na Casa Fiat de Cultura\u201d<br \/>\nPer\u00edodo expositivo: 12 de dezembro de 2024 a 9 de fevereiro de 2025<br \/>\nVisita\u00e7\u00e3o presencial: ter\u00e7a-feira a sexta-feira das 10h \u00e0s 21h; s\u00e1bados, domingos e feriados, das 10h \u00e0s 18h (exceto segundas-feiras)<br \/>\nTour virtual no site: www.casafiatdecultura.com.br<\/p>\n<p>Casa Fiat de Cultura<br \/>\nPra\u00e7a da Liberdade, 10, Funcion\u00e1rios \u2013 BH\/MG<br \/>\nCircuito Liberdade<\/p>\n<p>Hor\u00e1rio de Funcionamento<br \/>\nTer\u00e7a-feira a sexta-feira, das 10h \u00e0s 21h<br \/>\nS\u00e1bado, domingo e feriado, das 10h \u00e0s 18h<\/p>\n","protected":false},"excerpt":{"rendered":"<p>Ap\u00f3s quase 10 anos da \u00faltima exposi\u00e7\u00e3o de Carlos Bracher em Belo Horizonte, a cidade ganha um presente especial em celebra\u00e7\u00e3o pelos seus 127 anos: uma exposi\u00e7\u00e3o in\u00e9dita deste renomado pintor mineiro. \u201cBelo Bracher Horizonte na Casa Fiat de Cultura\u201d re\u00fane mais de 60 obras do artista, entre pinturas em \u00f3leo sobre tela, aquarelas e [&hellip;]<\/p>\n","protected":false},"author":1,"featured_media":54369,"comment_status":"open","ping_status":"open","sticky":false,"template":"","format":"standard","meta":{"tdm_status":"","tdm_grid_status":"","footnotes":""},"categories":[6],"tags":[2397,7611,1382,1187,8574,5270,722,356,28,8573],"class_list":["post-54368","post","type-post","status-publish","format-standard","has-post-thumbnail","hentry","category-noticias","tag-arte","tag-artista","tag-belo-horizonte","tag-bh","tag-carlos-bracher","tag-casa-fiat-de-cultura","tag-cultura","tag-fiat","tag-marketing","tag-pintura"],"yoast_head":"<!-- This site is optimized with the Yoast SEO plugin v27.5 - https:\/\/yoast.com\/product\/yoast-seo-wordpress\/ -->\n<title>Casa Fiat de Cultura inaugura exposi\u00e7\u00e3o in\u00e9dita de Carlos Bracher em homenagem a Belo Horizonte - CidadeMarketing<\/title>\n<meta name=\"robots\" content=\"index, follow, max-snippet:-1, max-image-preview:large, max-video-preview:-1\" \/>\n<link rel=\"canonical\" href=\"https:\/\/www.cidademarketing.com.br\/marketing\/2024\/12\/27\/casa-fiat-de-cultura-inaugura-exposicao-inedita-de-carlos-bracher-em-homenagem-a-belo-horizonte\/\" \/>\n<meta property=\"og:locale\" content=\"pt_BR\" \/>\n<meta property=\"og:type\" content=\"article\" \/>\n<meta property=\"og:title\" content=\"Casa Fiat de Cultura inaugura exposi\u00e7\u00e3o in\u00e9dita de Carlos Bracher em homenagem a Belo Horizonte - CidadeMarketing\" \/>\n<meta property=\"og:description\" content=\"Ap\u00f3s quase 10 anos da \u00faltima exposi\u00e7\u00e3o de Carlos Bracher em Belo Horizonte, a cidade ganha um presente especial em celebra\u00e7\u00e3o pelos seus 127 anos: uma exposi\u00e7\u00e3o in\u00e9dita deste renomado pintor mineiro. \u201cBelo Bracher Horizonte na Casa Fiat de Cultura\u201d re\u00fane mais de 60 obras do artista, entre pinturas em \u00f3leo sobre tela, aquarelas e [&hellip;]\" \/>\n<meta property=\"og:url\" content=\"https:\/\/www.cidademarketing.com.br\/marketing\/2024\/12\/27\/casa-fiat-de-cultura-inaugura-exposicao-inedita-de-carlos-bracher-em-homenagem-a-belo-horizonte\/\" \/>\n<meta property=\"og:site_name\" content=\"CidadeMarketing\" \/>\n<meta property=\"article:publisher\" content=\"https:\/\/www.facebook.com\/portalcidademarketing\" \/>\n<meta property=\"article:author\" content=\"https:\/\/www.facebook.com\/thalesbrandao\" \/>\n<meta property=\"article:published_time\" content=\"2024-12-27T15:23:08+00:00\" \/>\n<meta property=\"og:image\" content=\"https:\/\/www.cidademarketing.com.br\/marketing\/wp-content\/uploads\/2024\/12\/ViadutoSantaTereza_exposioBeloBracherHorizontenaCasaFiatdeCultura-scaled.webp\" \/>\n\t<meta property=\"og:image:width\" content=\"2560\" \/>\n\t<meta property=\"og:image:height\" content=\"1266\" \/>\n\t<meta property=\"og:image:type\" content=\"image\/webp\" \/>\n<meta name=\"author\" content=\"Thales Brand\u00e3o\" \/>\n<meta name=\"twitter:card\" content=\"summary_large_image\" \/>\n<meta name=\"twitter:creator\" content=\"@http:\/\/www.twitter.com\/thalesbrandao\" \/>\n<meta name=\"twitter:site\" content=\"@CidadeMarketing\" \/>\n<meta name=\"twitter:label1\" content=\"Escrito por\" \/>\n\t<meta name=\"twitter:data1\" content=\"Thales Brand\u00e3o\" \/>\n\t<meta name=\"twitter:label2\" content=\"Est. tempo de leitura\" \/>\n\t<meta name=\"twitter:data2\" content=\"12 minutos\" \/>\n<script type=\"application\/ld+json\" class=\"yoast-schema-graph\">{\"@context\":\"https:\\\/\\\/schema.org\",\"@graph\":[{\"@type\":\"Article\",\"@id\":\"https:\\\/\\\/www.cidademarketing.com.br\\\/marketing\\\/2024\\\/12\\\/27\\\/casa-fiat-de-cultura-inaugura-exposicao-inedita-de-carlos-bracher-em-homenagem-a-belo-horizonte\\\/#article\",\"isPartOf\":{\"@id\":\"https:\\\/\\\/www.cidademarketing.com.br\\\/marketing\\\/2024\\\/12\\\/27\\\/casa-fiat-de-cultura-inaugura-exposicao-inedita-de-carlos-bracher-em-homenagem-a-belo-horizonte\\\/\"},\"author\":{\"name\":\"Thales Brand\u00e3o\",\"@id\":\"https:\\\/\\\/www.cidademarketing.com.br\\\/marketing\\\/#\\\/schema\\\/person\\\/02daff9f18bd9378c9e01eb6b2db155f\"},\"headline\":\"Casa Fiat de Cultura inaugura exposi\u00e7\u00e3o in\u00e9dita de Carlos Bracher em homenagem a Belo Horizonte\",\"datePublished\":\"2024-12-27T15:23:08+00:00\",\"mainEntityOfPage\":{\"@id\":\"https:\\\/\\\/www.cidademarketing.com.br\\\/marketing\\\/2024\\\/12\\\/27\\\/casa-fiat-de-cultura-inaugura-exposicao-inedita-de-carlos-bracher-em-homenagem-a-belo-horizonte\\\/\"},\"wordCount\":2362,\"commentCount\":0,\"publisher\":{\"@id\":\"https:\\\/\\\/www.cidademarketing.com.br\\\/marketing\\\/#organization\"},\"image\":{\"@id\":\"https:\\\/\\\/www.cidademarketing.com.br\\\/marketing\\\/2024\\\/12\\\/27\\\/casa-fiat-de-cultura-inaugura-exposicao-inedita-de-carlos-bracher-em-homenagem-a-belo-horizonte\\\/#primaryimage\"},\"thumbnailUrl\":\"https:\\\/\\\/www.cidademarketing.com.br\\\/marketing\\\/wp-content\\\/uploads\\\/2024\\\/12\\\/ViadutoSantaTereza_exposioBeloBracherHorizontenaCasaFiatdeCultura-scaled.webp\",\"keywords\":[\"arte\",\"artista\",\"Belo Horizonte\",\"BH\",\"Carlos Bracher\",\"Casa Fiat de Cultura\",\"Cultura\",\"Fiat\",\"marketing\",\"pintura\"],\"articleSection\":[\"Not\u00edcias\"],\"inLanguage\":\"pt-BR\",\"potentialAction\":[{\"@type\":\"CommentAction\",\"name\":\"Comment\",\"target\":[\"https:\\\/\\\/www.cidademarketing.com.br\\\/marketing\\\/2024\\\/12\\\/27\\\/casa-fiat-de-cultura-inaugura-exposicao-inedita-de-carlos-bracher-em-homenagem-a-belo-horizonte\\\/#respond\"]}]},{\"@type\":\"WebPage\",\"@id\":\"https:\\\/\\\/www.cidademarketing.com.br\\\/marketing\\\/2024\\\/12\\\/27\\\/casa-fiat-de-cultura-inaugura-exposicao-inedita-de-carlos-bracher-em-homenagem-a-belo-horizonte\\\/\",\"url\":\"https:\\\/\\\/www.cidademarketing.com.br\\\/marketing\\\/2024\\\/12\\\/27\\\/casa-fiat-de-cultura-inaugura-exposicao-inedita-de-carlos-bracher-em-homenagem-a-belo-horizonte\\\/\",\"name\":\"Casa Fiat de Cultura inaugura exposi\u00e7\u00e3o in\u00e9dita de Carlos Bracher em homenagem a Belo Horizonte - CidadeMarketing\",\"isPartOf\":{\"@id\":\"https:\\\/\\\/www.cidademarketing.com.br\\\/marketing\\\/#website\"},\"primaryImageOfPage\":{\"@id\":\"https:\\\/\\\/www.cidademarketing.com.br\\\/marketing\\\/2024\\\/12\\\/27\\\/casa-fiat-de-cultura-inaugura-exposicao-inedita-de-carlos-bracher-em-homenagem-a-belo-horizonte\\\/#primaryimage\"},\"image\":{\"@id\":\"https:\\\/\\\/www.cidademarketing.com.br\\\/marketing\\\/2024\\\/12\\\/27\\\/casa-fiat-de-cultura-inaugura-exposicao-inedita-de-carlos-bracher-em-homenagem-a-belo-horizonte\\\/#primaryimage\"},\"thumbnailUrl\":\"https:\\\/\\\/www.cidademarketing.com.br\\\/marketing\\\/wp-content\\\/uploads\\\/2024\\\/12\\\/ViadutoSantaTereza_exposioBeloBracherHorizontenaCasaFiatdeCultura-scaled.webp\",\"datePublished\":\"2024-12-27T15:23:08+00:00\",\"breadcrumb\":{\"@id\":\"https:\\\/\\\/www.cidademarketing.com.br\\\/marketing\\\/2024\\\/12\\\/27\\\/casa-fiat-de-cultura-inaugura-exposicao-inedita-de-carlos-bracher-em-homenagem-a-belo-horizonte\\\/#breadcrumb\"},\"inLanguage\":\"pt-BR\",\"potentialAction\":[{\"@type\":\"ReadAction\",\"target\":[\"https:\\\/\\\/www.cidademarketing.com.br\\\/marketing\\\/2024\\\/12\\\/27\\\/casa-fiat-de-cultura-inaugura-exposicao-inedita-de-carlos-bracher-em-homenagem-a-belo-horizonte\\\/\"]}]},{\"@type\":\"ImageObject\",\"inLanguage\":\"pt-BR\",\"@id\":\"https:\\\/\\\/www.cidademarketing.com.br\\\/marketing\\\/2024\\\/12\\\/27\\\/casa-fiat-de-cultura-inaugura-exposicao-inedita-de-carlos-bracher-em-homenagem-a-belo-horizonte\\\/#primaryimage\",\"url\":\"https:\\\/\\\/www.cidademarketing.com.br\\\/marketing\\\/wp-content\\\/uploads\\\/2024\\\/12\\\/ViadutoSantaTereza_exposioBeloBracherHorizontenaCasaFiatdeCultura-scaled.webp\",\"contentUrl\":\"https:\\\/\\\/www.cidademarketing.com.br\\\/marketing\\\/wp-content\\\/uploads\\\/2024\\\/12\\\/ViadutoSantaTereza_exposioBeloBracherHorizontenaCasaFiatdeCultura-scaled.webp\",\"width\":2560,\"height\":1266,\"caption\":\"Cr\u00e9dito: Cristiano Quintino\"},{\"@type\":\"BreadcrumbList\",\"@id\":\"https:\\\/\\\/www.cidademarketing.com.br\\\/marketing\\\/2024\\\/12\\\/27\\\/casa-fiat-de-cultura-inaugura-exposicao-inedita-de-carlos-bracher-em-homenagem-a-belo-horizonte\\\/#breadcrumb\",\"itemListElement\":[{\"@type\":\"ListItem\",\"position\":1,\"name\":\"In\u00edcio\",\"item\":\"https:\\\/\\\/www.cidademarketing.com.br\\\/marketing\\\/\"},{\"@type\":\"ListItem\",\"position\":2,\"name\":\"Casa Fiat de Cultura inaugura exposi\u00e7\u00e3o in\u00e9dita de Carlos Bracher em homenagem a Belo Horizonte\"}]},{\"@type\":\"WebSite\",\"@id\":\"https:\\\/\\\/www.cidademarketing.com.br\\\/marketing\\\/#website\",\"url\":\"https:\\\/\\\/www.cidademarketing.com.br\\\/marketing\\\/\",\"name\":\"CidadeMarketing\",\"description\":\"Somos um ve\u00edculo de comunica\u00e7\u00e3o de destaque no Brasil, reconhecido por conte\u00fados nos segmentos de marketing, empreendedorismo e inova\u00e7\u00e3o.\",\"publisher\":{\"@id\":\"https:\\\/\\\/www.cidademarketing.com.br\\\/marketing\\\/#organization\"},\"alternateName\":\"CidadeMarketing\",\"potentialAction\":[{\"@type\":\"SearchAction\",\"target\":{\"@type\":\"EntryPoint\",\"urlTemplate\":\"https:\\\/\\\/www.cidademarketing.com.br\\\/marketing\\\/?s={search_term_string}\"},\"query-input\":{\"@type\":\"PropertyValueSpecification\",\"valueRequired\":true,\"valueName\":\"search_term_string\"}}],\"inLanguage\":\"pt-BR\"},{\"@type\":\"Organization\",\"@id\":\"https:\\\/\\\/www.cidademarketing.com.br\\\/marketing\\\/#organization\",\"name\":\"CidadeMarketing\",\"alternateName\":\"CidadeMarketing\",\"url\":\"https:\\\/\\\/www.cidademarketing.com.br\\\/marketing\\\/\",\"logo\":{\"@type\":\"ImageObject\",\"inLanguage\":\"pt-BR\",\"@id\":\"https:\\\/\\\/www.cidademarketing.com.br\\\/marketing\\\/#\\\/schema\\\/logo\\\/image\\\/\",\"url\":\"https:\\\/\\\/www.cidademarketing.com.br\\\/marketing\\\/wp-content\\\/uploads\\\/2020\\\/01\\\/cidademarketing_marca_mobile.png\",\"contentUrl\":\"https:\\\/\\\/www.cidademarketing.com.br\\\/marketing\\\/wp-content\\\/uploads\\\/2020\\\/01\\\/cidademarketing_marca_mobile.png\",\"width\":230,\"height\":92,\"caption\":\"CidadeMarketing\"},\"image\":{\"@id\":\"https:\\\/\\\/www.cidademarketing.com.br\\\/marketing\\\/#\\\/schema\\\/logo\\\/image\\\/\"},\"sameAs\":[\"https:\\\/\\\/www.facebook.com\\\/portalcidademarketing\",\"https:\\\/\\\/x.com\\\/CidadeMarketing\",\"https:\\\/\\\/www.instagram.com\\\/cidademarketing\\\/\"]},{\"@type\":\"Person\",\"@id\":\"https:\\\/\\\/www.cidademarketing.com.br\\\/marketing\\\/#\\\/schema\\\/person\\\/02daff9f18bd9378c9e01eb6b2db155f\",\"name\":\"Thales Brand\u00e3o\",\"image\":{\"@type\":\"ImageObject\",\"inLanguage\":\"pt-BR\",\"@id\":\"https:\\\/\\\/secure.gravatar.com\\\/avatar\\\/7ca3206950207cc3cb48feec56a8a7898741ab725c368d99d5d7a5a50aab80c6?s=96&d=mm&r=g\",\"url\":\"https:\\\/\\\/secure.gravatar.com\\\/avatar\\\/7ca3206950207cc3cb48feec56a8a7898741ab725c368d99d5d7a5a50aab80c6?s=96&d=mm&r=g\",\"contentUrl\":\"https:\\\/\\\/secure.gravatar.com\\\/avatar\\\/7ca3206950207cc3cb48feec56a8a7898741ab725c368d99d5d7a5a50aab80c6?s=96&d=mm&r=g\",\"caption\":\"Thales Brand\u00e3o\"},\"description\":\"Editor Executivo do Portal CidadeMarketing.com.br &gt; Mestre em Comunica\u00e7\u00e3o e Sociedade pela Universidade Federal de Sergipe. Possui MBA Executivo em Administra\u00e7\u00e3o com \u00eanfase em Marketing pela Funda\u00e7\u00e3o Get\u00falio Vargas - Rio de Janeiro. Consultor, Palestrante e Pesquisador sobre Empreendedorismo, Marketing, Redes Sociais e Neg\u00f3cios Digitais. Professor, Palestrante TedxTalks e Campus Party. Twitter: @ThalesBrandao\",\"sameAs\":[\"http:\\\/\\\/www.mandacaru.com.br\",\"https:\\\/\\\/www.facebook.com\\\/thalesbrandao\",\"http:\\\/\\\/www.instagram.com.br\\\/thalesbrandaoferreira\",\"https:\\\/\\\/www.linkedin.com\\\/in\\\/thales-brand\u00e3o-3948609\\\/\",\"https:\\\/\\\/x.com\\\/http:\\\/\\\/www.twitter.com\\\/thalesbrandao\"],\"url\":\"https:\\\/\\\/www.cidademarketing.com.br\\\/marketing\\\/author\\\/thalesbrandao\\\/\"}]}<\/script>\n<!-- \/ Yoast SEO plugin. -->","yoast_head_json":{"title":"Casa Fiat de Cultura inaugura exposi\u00e7\u00e3o in\u00e9dita de Carlos Bracher em homenagem a Belo Horizonte - CidadeMarketing","robots":{"index":"index","follow":"follow","max-snippet":"max-snippet:-1","max-image-preview":"max-image-preview:large","max-video-preview":"max-video-preview:-1"},"canonical":"https:\/\/www.cidademarketing.com.br\/marketing\/2024\/12\/27\/casa-fiat-de-cultura-inaugura-exposicao-inedita-de-carlos-bracher-em-homenagem-a-belo-horizonte\/","og_locale":"pt_BR","og_type":"article","og_title":"Casa Fiat de Cultura inaugura exposi\u00e7\u00e3o in\u00e9dita de Carlos Bracher em homenagem a Belo Horizonte - CidadeMarketing","og_description":"Ap\u00f3s quase 10 anos da \u00faltima exposi\u00e7\u00e3o de Carlos Bracher em Belo Horizonte, a cidade ganha um presente especial em celebra\u00e7\u00e3o pelos seus 127 anos: uma exposi\u00e7\u00e3o in\u00e9dita deste renomado pintor mineiro. \u201cBelo Bracher Horizonte na Casa Fiat de Cultura\u201d re\u00fane mais de 60 obras do artista, entre pinturas em \u00f3leo sobre tela, aquarelas e [&hellip;]","og_url":"https:\/\/www.cidademarketing.com.br\/marketing\/2024\/12\/27\/casa-fiat-de-cultura-inaugura-exposicao-inedita-de-carlos-bracher-em-homenagem-a-belo-horizonte\/","og_site_name":"CidadeMarketing","article_publisher":"https:\/\/www.facebook.com\/portalcidademarketing","article_author":"https:\/\/www.facebook.com\/thalesbrandao","article_published_time":"2024-12-27T15:23:08+00:00","og_image":[{"width":2560,"height":1266,"url":"https:\/\/www.cidademarketing.com.br\/marketing\/wp-content\/uploads\/2024\/12\/ViadutoSantaTereza_exposioBeloBracherHorizontenaCasaFiatdeCultura-scaled.webp","type":"image\/webp"}],"author":"Thales Brand\u00e3o","twitter_card":"summary_large_image","twitter_creator":"@http:\/\/www.twitter.com\/thalesbrandao","twitter_site":"@CidadeMarketing","twitter_misc":{"Escrito por":"Thales Brand\u00e3o","Est. tempo de leitura":"12 minutos"},"schema":{"@context":"https:\/\/schema.org","@graph":[{"@type":"Article","@id":"https:\/\/www.cidademarketing.com.br\/marketing\/2024\/12\/27\/casa-fiat-de-cultura-inaugura-exposicao-inedita-de-carlos-bracher-em-homenagem-a-belo-horizonte\/#article","isPartOf":{"@id":"https:\/\/www.cidademarketing.com.br\/marketing\/2024\/12\/27\/casa-fiat-de-cultura-inaugura-exposicao-inedita-de-carlos-bracher-em-homenagem-a-belo-horizonte\/"},"author":{"name":"Thales Brand\u00e3o","@id":"https:\/\/www.cidademarketing.com.br\/marketing\/#\/schema\/person\/02daff9f18bd9378c9e01eb6b2db155f"},"headline":"Casa Fiat de Cultura inaugura exposi\u00e7\u00e3o in\u00e9dita de Carlos Bracher em homenagem a Belo Horizonte","datePublished":"2024-12-27T15:23:08+00:00","mainEntityOfPage":{"@id":"https:\/\/www.cidademarketing.com.br\/marketing\/2024\/12\/27\/casa-fiat-de-cultura-inaugura-exposicao-inedita-de-carlos-bracher-em-homenagem-a-belo-horizonte\/"},"wordCount":2362,"commentCount":0,"publisher":{"@id":"https:\/\/www.cidademarketing.com.br\/marketing\/#organization"},"image":{"@id":"https:\/\/www.cidademarketing.com.br\/marketing\/2024\/12\/27\/casa-fiat-de-cultura-inaugura-exposicao-inedita-de-carlos-bracher-em-homenagem-a-belo-horizonte\/#primaryimage"},"thumbnailUrl":"https:\/\/www.cidademarketing.com.br\/marketing\/wp-content\/uploads\/2024\/12\/ViadutoSantaTereza_exposioBeloBracherHorizontenaCasaFiatdeCultura-scaled.webp","keywords":["arte","artista","Belo Horizonte","BH","Carlos Bracher","Casa Fiat de Cultura","Cultura","Fiat","marketing","pintura"],"articleSection":["Not\u00edcias"],"inLanguage":"pt-BR","potentialAction":[{"@type":"CommentAction","name":"Comment","target":["https:\/\/www.cidademarketing.com.br\/marketing\/2024\/12\/27\/casa-fiat-de-cultura-inaugura-exposicao-inedita-de-carlos-bracher-em-homenagem-a-belo-horizonte\/#respond"]}]},{"@type":"WebPage","@id":"https:\/\/www.cidademarketing.com.br\/marketing\/2024\/12\/27\/casa-fiat-de-cultura-inaugura-exposicao-inedita-de-carlos-bracher-em-homenagem-a-belo-horizonte\/","url":"https:\/\/www.cidademarketing.com.br\/marketing\/2024\/12\/27\/casa-fiat-de-cultura-inaugura-exposicao-inedita-de-carlos-bracher-em-homenagem-a-belo-horizonte\/","name":"Casa Fiat de Cultura inaugura exposi\u00e7\u00e3o in\u00e9dita de Carlos Bracher em homenagem a Belo Horizonte - CidadeMarketing","isPartOf":{"@id":"https:\/\/www.cidademarketing.com.br\/marketing\/#website"},"primaryImageOfPage":{"@id":"https:\/\/www.cidademarketing.com.br\/marketing\/2024\/12\/27\/casa-fiat-de-cultura-inaugura-exposicao-inedita-de-carlos-bracher-em-homenagem-a-belo-horizonte\/#primaryimage"},"image":{"@id":"https:\/\/www.cidademarketing.com.br\/marketing\/2024\/12\/27\/casa-fiat-de-cultura-inaugura-exposicao-inedita-de-carlos-bracher-em-homenagem-a-belo-horizonte\/#primaryimage"},"thumbnailUrl":"https:\/\/www.cidademarketing.com.br\/marketing\/wp-content\/uploads\/2024\/12\/ViadutoSantaTereza_exposioBeloBracherHorizontenaCasaFiatdeCultura-scaled.webp","datePublished":"2024-12-27T15:23:08+00:00","breadcrumb":{"@id":"https:\/\/www.cidademarketing.com.br\/marketing\/2024\/12\/27\/casa-fiat-de-cultura-inaugura-exposicao-inedita-de-carlos-bracher-em-homenagem-a-belo-horizonte\/#breadcrumb"},"inLanguage":"pt-BR","potentialAction":[{"@type":"ReadAction","target":["https:\/\/www.cidademarketing.com.br\/marketing\/2024\/12\/27\/casa-fiat-de-cultura-inaugura-exposicao-inedita-de-carlos-bracher-em-homenagem-a-belo-horizonte\/"]}]},{"@type":"ImageObject","inLanguage":"pt-BR","@id":"https:\/\/www.cidademarketing.com.br\/marketing\/2024\/12\/27\/casa-fiat-de-cultura-inaugura-exposicao-inedita-de-carlos-bracher-em-homenagem-a-belo-horizonte\/#primaryimage","url":"https:\/\/www.cidademarketing.com.br\/marketing\/wp-content\/uploads\/2024\/12\/ViadutoSantaTereza_exposioBeloBracherHorizontenaCasaFiatdeCultura-scaled.webp","contentUrl":"https:\/\/www.cidademarketing.com.br\/marketing\/wp-content\/uploads\/2024\/12\/ViadutoSantaTereza_exposioBeloBracherHorizontenaCasaFiatdeCultura-scaled.webp","width":2560,"height":1266,"caption":"Cr\u00e9dito: Cristiano Quintino"},{"@type":"BreadcrumbList","@id":"https:\/\/www.cidademarketing.com.br\/marketing\/2024\/12\/27\/casa-fiat-de-cultura-inaugura-exposicao-inedita-de-carlos-bracher-em-homenagem-a-belo-horizonte\/#breadcrumb","itemListElement":[{"@type":"ListItem","position":1,"name":"In\u00edcio","item":"https:\/\/www.cidademarketing.com.br\/marketing\/"},{"@type":"ListItem","position":2,"name":"Casa Fiat de Cultura inaugura exposi\u00e7\u00e3o in\u00e9dita de Carlos Bracher em homenagem a Belo Horizonte"}]},{"@type":"WebSite","@id":"https:\/\/www.cidademarketing.com.br\/marketing\/#website","url":"https:\/\/www.cidademarketing.com.br\/marketing\/","name":"CidadeMarketing","description":"Somos um ve\u00edculo de comunica\u00e7\u00e3o de destaque no Brasil, reconhecido por conte\u00fados nos segmentos de marketing, empreendedorismo e inova\u00e7\u00e3o.","publisher":{"@id":"https:\/\/www.cidademarketing.com.br\/marketing\/#organization"},"alternateName":"CidadeMarketing","potentialAction":[{"@type":"SearchAction","target":{"@type":"EntryPoint","urlTemplate":"https:\/\/www.cidademarketing.com.br\/marketing\/?s={search_term_string}"},"query-input":{"@type":"PropertyValueSpecification","valueRequired":true,"valueName":"search_term_string"}}],"inLanguage":"pt-BR"},{"@type":"Organization","@id":"https:\/\/www.cidademarketing.com.br\/marketing\/#organization","name":"CidadeMarketing","alternateName":"CidadeMarketing","url":"https:\/\/www.cidademarketing.com.br\/marketing\/","logo":{"@type":"ImageObject","inLanguage":"pt-BR","@id":"https:\/\/www.cidademarketing.com.br\/marketing\/#\/schema\/logo\/image\/","url":"https:\/\/www.cidademarketing.com.br\/marketing\/wp-content\/uploads\/2020\/01\/cidademarketing_marca_mobile.png","contentUrl":"https:\/\/www.cidademarketing.com.br\/marketing\/wp-content\/uploads\/2020\/01\/cidademarketing_marca_mobile.png","width":230,"height":92,"caption":"CidadeMarketing"},"image":{"@id":"https:\/\/www.cidademarketing.com.br\/marketing\/#\/schema\/logo\/image\/"},"sameAs":["https:\/\/www.facebook.com\/portalcidademarketing","https:\/\/x.com\/CidadeMarketing","https:\/\/www.instagram.com\/cidademarketing\/"]},{"@type":"Person","@id":"https:\/\/www.cidademarketing.com.br\/marketing\/#\/schema\/person\/02daff9f18bd9378c9e01eb6b2db155f","name":"Thales Brand\u00e3o","image":{"@type":"ImageObject","inLanguage":"pt-BR","@id":"https:\/\/secure.gravatar.com\/avatar\/7ca3206950207cc3cb48feec56a8a7898741ab725c368d99d5d7a5a50aab80c6?s=96&d=mm&r=g","url":"https:\/\/secure.gravatar.com\/avatar\/7ca3206950207cc3cb48feec56a8a7898741ab725c368d99d5d7a5a50aab80c6?s=96&d=mm&r=g","contentUrl":"https:\/\/secure.gravatar.com\/avatar\/7ca3206950207cc3cb48feec56a8a7898741ab725c368d99d5d7a5a50aab80c6?s=96&d=mm&r=g","caption":"Thales Brand\u00e3o"},"description":"Editor Executivo do Portal CidadeMarketing.com.br &gt; Mestre em Comunica\u00e7\u00e3o e Sociedade pela Universidade Federal de Sergipe. Possui MBA Executivo em Administra\u00e7\u00e3o com \u00eanfase em Marketing pela Funda\u00e7\u00e3o Get\u00falio Vargas - Rio de Janeiro. Consultor, Palestrante e Pesquisador sobre Empreendedorismo, Marketing, Redes Sociais e Neg\u00f3cios Digitais. Professor, Palestrante TedxTalks e Campus Party. Twitter: @ThalesBrandao","sameAs":["http:\/\/www.mandacaru.com.br","https:\/\/www.facebook.com\/thalesbrandao","http:\/\/www.instagram.com.br\/thalesbrandaoferreira","https:\/\/www.linkedin.com\/in\/thales-brand\u00e3o-3948609\/","https:\/\/x.com\/http:\/\/www.twitter.com\/thalesbrandao"],"url":"https:\/\/www.cidademarketing.com.br\/marketing\/author\/thalesbrandao\/"}]}},"amp_enabled":true,"_links":{"self":[{"href":"https:\/\/www.cidademarketing.com.br\/marketing\/wp-json\/wp\/v2\/posts\/54368","targetHints":{"allow":["GET"]}}],"collection":[{"href":"https:\/\/www.cidademarketing.com.br\/marketing\/wp-json\/wp\/v2\/posts"}],"about":[{"href":"https:\/\/www.cidademarketing.com.br\/marketing\/wp-json\/wp\/v2\/types\/post"}],"author":[{"embeddable":true,"href":"https:\/\/www.cidademarketing.com.br\/marketing\/wp-json\/wp\/v2\/users\/1"}],"replies":[{"embeddable":true,"href":"https:\/\/www.cidademarketing.com.br\/marketing\/wp-json\/wp\/v2\/comments?post=54368"}],"version-history":[{"count":1,"href":"https:\/\/www.cidademarketing.com.br\/marketing\/wp-json\/wp\/v2\/posts\/54368\/revisions"}],"predecessor-version":[{"id":54370,"href":"https:\/\/www.cidademarketing.com.br\/marketing\/wp-json\/wp\/v2\/posts\/54368\/revisions\/54370"}],"wp:featuredmedia":[{"embeddable":true,"href":"https:\/\/www.cidademarketing.com.br\/marketing\/wp-json\/wp\/v2\/media\/54369"}],"wp:attachment":[{"href":"https:\/\/www.cidademarketing.com.br\/marketing\/wp-json\/wp\/v2\/media?parent=54368"}],"wp:term":[{"taxonomy":"category","embeddable":true,"href":"https:\/\/www.cidademarketing.com.br\/marketing\/wp-json\/wp\/v2\/categories?post=54368"},{"taxonomy":"post_tag","embeddable":true,"href":"https:\/\/www.cidademarketing.com.br\/marketing\/wp-json\/wp\/v2\/tags?post=54368"}],"curies":[{"name":"wp","href":"https:\/\/api.w.org\/{rel}","templated":true}]}}