{"id":54361,"date":"2024-12-26T11:45:54","date_gmt":"2024-12-26T14:45:54","guid":{"rendered":"https:\/\/www.cidademarketing.com.br\/marketing\/?p=54361"},"modified":"2024-12-26T11:45:54","modified_gmt":"2024-12-26T14:45:54","slug":"quanto-sera-o-salario-minimo-em-2025","status":"publish","type":"post","link":"https:\/\/www.cidademarketing.com.br\/marketing\/2024\/12\/26\/quanto-sera-o-salario-minimo-em-2025\/","title":{"rendered":"Quanto ser\u00e1 o sal\u00e1rio m\u00ednimo em 2025?"},"content":{"rendered":"<p>O presidente Luiz In\u00e1cio Lula da Silva deve assinar nos pr\u00f3ximos dias um decreto que reajusta o sal\u00e1rio m\u00ednimo para 2025, enquanto o Congresso Nacional n\u00e3o conclui a vota\u00e7\u00e3o da Lei Or\u00e7ament\u00e1ria Anual (LOA). A proposta eleva o piso nacional para R$ 1.518, utilizando a nova regra de c\u00e1lculo aprovada recentemente pelos congressistas.<\/p>\n<p>Atualmente, o reajuste do sal\u00e1rio m\u00ednimo considera a infla\u00e7\u00e3o do ano anterior, somada ao crescimento do Produto Interno Bruto (PIB) de dois anos antes. Com a nova metodologia, o ganho real ser\u00e1 limitado a um teto de 2,5%, alinhando-se ao limite de crescimento das despesas p\u00fablicas estipulado pelo arcabou\u00e7o fiscal.<\/p>\n<p>A proje\u00e7\u00e3o para 2025 combina a infla\u00e7\u00e3o estimada de 4,90% e um incremento adicional entre 0,6% e 2,5%, condicionado ao desempenho das receitas do ano anterior.<br \/>\nA nova regra de c\u00e1lculo tem potencial para gerar uma economia acumulada de R$ 109 bilh\u00f5es entre 2025 e 2030, segundo estimativas do governo. Essa redu\u00e7\u00e3o nos gastos \u00e9 vista como fundamental para viabilizar investimentos em \u00e1reas priorit\u00e1rias sem comprometer a meta fiscal.<\/p>\n<p>O decreto presidencial ser\u00e1 publicado enquanto o Congresso Nacional retoma a discuss\u00e3o da LOA em mar\u00e7o, ap\u00f3s a elei\u00e7\u00e3o das presid\u00eancias da C\u00e2mara e do Senado, al\u00e9m da forma\u00e7\u00e3o das comiss\u00f5es permanentes. O governo aposta na medida para dar previsibilidade ao or\u00e7amento e refor\u00e7ar a sustentabilidade das contas p\u00fablicas.<\/p>\n<p>O sal\u00e1rio m\u00ednimo, elemento essencial para a economia brasileira, n\u00e3o apenas define a base salarial para os trabalhadores, mas tamb\u00e9m influencia diretamente benef\u00edcios sociais como aposentadorias e o Benef\u00edcio de Presta\u00e7\u00e3o Continuada (BPC). Com a nova regra aprovada pelo Congresso e as mudan\u00e7as no c\u00e1lculo, estima-se que o valor do sal\u00e1rio m\u00ednimo para 2025 ser\u00e1 de R$ 1.518. Essa nova pol\u00edtica tamb\u00e9m trar\u00e1 uma economia significativa para os cofres p\u00fablicos, prevista em R$ 110 bilh\u00f5es at\u00e9 2030, sendo R$ 2 bilh\u00f5es j\u00e1 no pr\u00f3ximo ano.<\/p>\n<p>Diferen\u00e7as entre as regras atuais e a nova proposta<br \/>\nAtualmente, a valoriza\u00e7\u00e3o do sal\u00e1rio m\u00ednimo \u00e9 calculada somando:<br \/>\nInfla\u00e7\u00e3o acumulada (INPC) nos \u00faltimos 12 meses at\u00e9 novembro.<br \/>\nCrescimento real do PIB consolidado de dois anos anteriores.<\/p>\n<p>Com a proposta do governo, o novo c\u00e1lculo leva em conta:<br \/>\nA infla\u00e7\u00e3o medida pelo INPC;<\/p>\n<p>O crescimento real do PIB, limitado a um teto de 2,5%, mesmo que o desempenho econ\u00f4mico seja superior.\u00a0 Essa trava de 2,5% est\u00e1 alinhada ao limite m\u00e1ximo de crescimento das despesas do governo, estabelecido no arcabou\u00e7o fiscal aprovado em 2023. Por exemplo, embora o PIB de 2023 tenha registrado um crescimento de 2,9%, o ajuste real do sal\u00e1rio m\u00ednimo ficar\u00e1 restrito ao teto estabelecido.<\/p>\n<p>O sal\u00e1rio m\u00ednimo desempenha um papel crucial no or\u00e7amento federal, pois reajusta diversos benef\u00edcios sociais. Segundo o governo, a nova regra ajudar\u00e1 a controlar o crescimento das despesas obrigat\u00f3rias, como aposentadorias e pens\u00f5es, aliviando a press\u00e3o sobre as contas p\u00fablicas.<\/p>\n<p>Economistas avaliam que, ao limitar o aumento real do sal\u00e1rio m\u00ednimo a 2,5%, ser\u00e1 poss\u00edvel reduzir o impacto fiscal causado pelo crescimento cont\u00ednuo dos benef\u00edcios previdenci\u00e1rios.<\/p>\n<p>Desde sua cria\u00e7\u00e3o em 1936, durante o governo de Get\u00falio Vargas, o sal\u00e1rio m\u00ednimo tem sido um balizador econ\u00f4mico e social. Confira o hist\u00f3rico recente:<\/p>\n<p><img fetchpriority=\"high\" decoding=\"async\" class=\"alignnone wp-image-54362 size-full\" src=\"https:\/\/www.cidademarketing.com.br\/marketing\/wp-content\/uploads\/2024\/12\/tabela_salariominimohistorico.webp\" alt=\"\" width=\"992\" height=\"297\" srcset=\"https:\/\/www.cidademarketing.com.br\/marketing\/wp-content\/uploads\/2024\/12\/tabela_salariominimohistorico.webp 992w, https:\/\/www.cidademarketing.com.br\/marketing\/wp-content\/uploads\/2024\/12\/tabela_salariominimohistorico-300x90.webp 300w, https:\/\/www.cidademarketing.com.br\/marketing\/wp-content\/uploads\/2024\/12\/tabela_salariominimohistorico-768x230.webp 768w, https:\/\/www.cidademarketing.com.br\/marketing\/wp-content\/uploads\/2024\/12\/tabela_salariominimohistorico-640x192.webp 640w, https:\/\/www.cidademarketing.com.br\/marketing\/wp-content\/uploads\/2024\/12\/tabela_salariominimohistorico-681x204.webp 681w\" sizes=\"(max-width: 992px) 100vw, 992px\" \/><\/p>\n<p>Outros anos tamb\u00e9m mostram um crescimento constante, destacando-se momentos de maior valoriza\u00e7\u00e3o, como em 2006 (16,67%) e 1995 (42,86%).<\/p>\n<p>O sal\u00e1rio m\u00ednimo foi criado para garantir o b\u00e1sico para a subsist\u00eancia do trabalhador e sua fam\u00edlia, funcionando como um instrumento de distribui\u00e7\u00e3o de renda e combate \u00e0 pobreza. Ao longo dos anos, ele tamb\u00e9m se consolidou como base para o c\u00e1lculo de benef\u00edcios sociais e refer\u00eancia para pol\u00edticas p\u00fablicas.<\/p>\n<p>Com a nova pol\u00edtica de reajuste, o governo busca equilibrar o aumento do poder de compra dos brasileiros com a sustentabilidade fiscal, enfrentando os desafios de um cen\u00e1rio econ\u00f4mico que exige controle e efici\u00eancia nos gastos p\u00fablicos.<\/p>\n","protected":false},"excerpt":{"rendered":"<p>O presidente Luiz In\u00e1cio Lula da Silva deve assinar nos pr\u00f3ximos dias um decreto que reajusta o sal\u00e1rio m\u00ednimo para 2025, enquanto o Congresso Nacional n\u00e3o conclui a vota\u00e7\u00e3o da Lei Or\u00e7ament\u00e1ria Anual (LOA). A proposta eleva o piso nacional para R$ 1.518, utilizando a nova regra de c\u00e1lculo aprovada recentemente pelos congressistas. Atualmente, o [&hellip;]<\/p>\n","protected":false},"author":1,"featured_media":54363,"comment_status":"open","ping_status":"open","sticky":false,"template":"","format":"standard","meta":{"tdm_status":"","tdm_grid_status":"","footnotes":""},"categories":[6],"tags":[2176,6557,1292,33,60,28,282,4956,1035,3519],"class_list":["post-54361","post","type-post","status-publish","format-standard","has-post-thumbnail","hentry","category-noticias","tag-carteira-assinada","tag-clt","tag-empresa","tag-estrategia","tag-governo-federal","tag-marketing","tag-pessoas","tag-salario","tag-salario-minimo","tag-valor"],"yoast_head":"<!-- This site is optimized with the Yoast SEO plugin v27.4 - https:\/\/yoast.com\/product\/yoast-seo-wordpress\/ -->\n<title>Quanto ser\u00e1 o sal\u00e1rio m\u00ednimo em 2025? - CidadeMarketing<\/title>\n<meta name=\"robots\" content=\"index, follow, max-snippet:-1, max-image-preview:large, max-video-preview:-1\" \/>\n<link rel=\"canonical\" href=\"https:\/\/www.cidademarketing.com.br\/marketing\/2024\/12\/26\/quanto-sera-o-salario-minimo-em-2025\/\" \/>\n<meta property=\"og:locale\" content=\"pt_BR\" \/>\n<meta property=\"og:type\" content=\"article\" \/>\n<meta property=\"og:title\" content=\"Quanto ser\u00e1 o sal\u00e1rio m\u00ednimo em 2025? - CidadeMarketing\" \/>\n<meta property=\"og:description\" content=\"O presidente Luiz In\u00e1cio Lula da Silva deve assinar nos pr\u00f3ximos dias um decreto que reajusta o sal\u00e1rio m\u00ednimo para 2025, enquanto o Congresso Nacional n\u00e3o conclui a vota\u00e7\u00e3o da Lei Or\u00e7ament\u00e1ria Anual (LOA). A proposta eleva o piso nacional para R$ 1.518, utilizando a nova regra de c\u00e1lculo aprovada recentemente pelos congressistas. Atualmente, o [&hellip;]\" \/>\n<meta property=\"og:url\" content=\"https:\/\/www.cidademarketing.com.br\/marketing\/2024\/12\/26\/quanto-sera-o-salario-minimo-em-2025\/\" \/>\n<meta property=\"og:site_name\" content=\"CidadeMarketing\" \/>\n<meta property=\"article:publisher\" content=\"https:\/\/www.facebook.com\/portalcidademarketing\" \/>\n<meta property=\"article:author\" content=\"https:\/\/www.facebook.com\/thalesbrandao\" \/>\n<meta property=\"article:published_time\" content=\"2024-12-26T14:45:54+00:00\" \/>\n<meta property=\"og:image\" content=\"https:\/\/www.cidademarketing.com.br\/marketing\/wp-content\/uploads\/2024\/12\/carteiradetrabalho_salariominimo_2025.webp\" \/>\n\t<meta property=\"og:image:width\" content=\"751\" \/>\n\t<meta property=\"og:image:height\" content=\"670\" \/>\n\t<meta property=\"og:image:type\" content=\"image\/webp\" \/>\n<meta name=\"author\" content=\"Thales Brand\u00e3o\" \/>\n<meta name=\"twitter:card\" content=\"summary_large_image\" \/>\n<meta name=\"twitter:creator\" content=\"@http:\/\/www.twitter.com\/thalesbrandao\" \/>\n<meta name=\"twitter:site\" content=\"@CidadeMarketing\" \/>\n<meta name=\"twitter:label1\" content=\"Escrito por\" \/>\n\t<meta name=\"twitter:data1\" content=\"Thales Brand\u00e3o\" \/>\n\t<meta name=\"twitter:label2\" content=\"Est. tempo de leitura\" \/>\n\t<meta name=\"twitter:data2\" content=\"3 minutos\" \/>\n<script type=\"application\/ld+json\" class=\"yoast-schema-graph\">{\"@context\":\"https:\\\/\\\/schema.org\",\"@graph\":[{\"@type\":\"Article\",\"@id\":\"https:\\\/\\\/www.cidademarketing.com.br\\\/marketing\\\/2024\\\/12\\\/26\\\/quanto-sera-o-salario-minimo-em-2025\\\/#article\",\"isPartOf\":{\"@id\":\"https:\\\/\\\/www.cidademarketing.com.br\\\/marketing\\\/2024\\\/12\\\/26\\\/quanto-sera-o-salario-minimo-em-2025\\\/\"},\"author\":{\"name\":\"Thales Brand\u00e3o\",\"@id\":\"https:\\\/\\\/www.cidademarketing.com.br\\\/marketing\\\/#\\\/schema\\\/person\\\/02daff9f18bd9378c9e01eb6b2db155f\"},\"headline\":\"Quanto ser\u00e1 o sal\u00e1rio m\u00ednimo em 2025?\",\"datePublished\":\"2024-12-26T14:45:54+00:00\",\"mainEntityOfPage\":{\"@id\":\"https:\\\/\\\/www.cidademarketing.com.br\\\/marketing\\\/2024\\\/12\\\/26\\\/quanto-sera-o-salario-minimo-em-2025\\\/\"},\"wordCount\":697,\"commentCount\":0,\"publisher\":{\"@id\":\"https:\\\/\\\/www.cidademarketing.com.br\\\/marketing\\\/#organization\"},\"image\":{\"@id\":\"https:\\\/\\\/www.cidademarketing.com.br\\\/marketing\\\/2024\\\/12\\\/26\\\/quanto-sera-o-salario-minimo-em-2025\\\/#primaryimage\"},\"thumbnailUrl\":\"https:\\\/\\\/www.cidademarketing.com.br\\\/marketing\\\/wp-content\\\/uploads\\\/2024\\\/12\\\/carteiradetrabalho_salariominimo_2025.webp\",\"keywords\":[\"carteira assinada\",\"CLT\",\"empresa\",\"estrat\u00e9gia\",\"Governo Federal\",\"marketing\",\"pessoas\",\"sal\u00e1rio\",\"sal\u00e1rio m\u00ednimo\",\"valor\"],\"articleSection\":[\"Not\u00edcias\"],\"inLanguage\":\"pt-BR\",\"potentialAction\":[{\"@type\":\"CommentAction\",\"name\":\"Comment\",\"target\":[\"https:\\\/\\\/www.cidademarketing.com.br\\\/marketing\\\/2024\\\/12\\\/26\\\/quanto-sera-o-salario-minimo-em-2025\\\/#respond\"]}]},{\"@type\":\"WebPage\",\"@id\":\"https:\\\/\\\/www.cidademarketing.com.br\\\/marketing\\\/2024\\\/12\\\/26\\\/quanto-sera-o-salario-minimo-em-2025\\\/\",\"url\":\"https:\\\/\\\/www.cidademarketing.com.br\\\/marketing\\\/2024\\\/12\\\/26\\\/quanto-sera-o-salario-minimo-em-2025\\\/\",\"name\":\"Quanto ser\u00e1 o sal\u00e1rio m\u00ednimo em 2025? - CidadeMarketing\",\"isPartOf\":{\"@id\":\"https:\\\/\\\/www.cidademarketing.com.br\\\/marketing\\\/#website\"},\"primaryImageOfPage\":{\"@id\":\"https:\\\/\\\/www.cidademarketing.com.br\\\/marketing\\\/2024\\\/12\\\/26\\\/quanto-sera-o-salario-minimo-em-2025\\\/#primaryimage\"},\"image\":{\"@id\":\"https:\\\/\\\/www.cidademarketing.com.br\\\/marketing\\\/2024\\\/12\\\/26\\\/quanto-sera-o-salario-minimo-em-2025\\\/#primaryimage\"},\"thumbnailUrl\":\"https:\\\/\\\/www.cidademarketing.com.br\\\/marketing\\\/wp-content\\\/uploads\\\/2024\\\/12\\\/carteiradetrabalho_salariominimo_2025.webp\",\"datePublished\":\"2024-12-26T14:45:54+00:00\",\"breadcrumb\":{\"@id\":\"https:\\\/\\\/www.cidademarketing.com.br\\\/marketing\\\/2024\\\/12\\\/26\\\/quanto-sera-o-salario-minimo-em-2025\\\/#breadcrumb\"},\"inLanguage\":\"pt-BR\",\"potentialAction\":[{\"@type\":\"ReadAction\",\"target\":[\"https:\\\/\\\/www.cidademarketing.com.br\\\/marketing\\\/2024\\\/12\\\/26\\\/quanto-sera-o-salario-minimo-em-2025\\\/\"]}]},{\"@type\":\"ImageObject\",\"inLanguage\":\"pt-BR\",\"@id\":\"https:\\\/\\\/www.cidademarketing.com.br\\\/marketing\\\/2024\\\/12\\\/26\\\/quanto-sera-o-salario-minimo-em-2025\\\/#primaryimage\",\"url\":\"https:\\\/\\\/www.cidademarketing.com.br\\\/marketing\\\/wp-content\\\/uploads\\\/2024\\\/12\\\/carteiradetrabalho_salariominimo_2025.webp\",\"contentUrl\":\"https:\\\/\\\/www.cidademarketing.com.br\\\/marketing\\\/wp-content\\\/uploads\\\/2024\\\/12\\\/carteiradetrabalho_salariominimo_2025.webp\",\"width\":751,\"height\":670},{\"@type\":\"BreadcrumbList\",\"@id\":\"https:\\\/\\\/www.cidademarketing.com.br\\\/marketing\\\/2024\\\/12\\\/26\\\/quanto-sera-o-salario-minimo-em-2025\\\/#breadcrumb\",\"itemListElement\":[{\"@type\":\"ListItem\",\"position\":1,\"name\":\"In\u00edcio\",\"item\":\"https:\\\/\\\/www.cidademarketing.com.br\\\/marketing\\\/\"},{\"@type\":\"ListItem\",\"position\":2,\"name\":\"Quanto ser\u00e1 o sal\u00e1rio m\u00ednimo em 2025?\"}]},{\"@type\":\"WebSite\",\"@id\":\"https:\\\/\\\/www.cidademarketing.com.br\\\/marketing\\\/#website\",\"url\":\"https:\\\/\\\/www.cidademarketing.com.br\\\/marketing\\\/\",\"name\":\"CidadeMarketing\",\"description\":\"Somos um ve\u00edculo de comunica\u00e7\u00e3o de destaque no Brasil, reconhecido por conte\u00fados nos segmentos de marketing, empreendedorismo e inova\u00e7\u00e3o.\",\"publisher\":{\"@id\":\"https:\\\/\\\/www.cidademarketing.com.br\\\/marketing\\\/#organization\"},\"alternateName\":\"CidadeMarketing\",\"potentialAction\":[{\"@type\":\"SearchAction\",\"target\":{\"@type\":\"EntryPoint\",\"urlTemplate\":\"https:\\\/\\\/www.cidademarketing.com.br\\\/marketing\\\/?s={search_term_string}\"},\"query-input\":{\"@type\":\"PropertyValueSpecification\",\"valueRequired\":true,\"valueName\":\"search_term_string\"}}],\"inLanguage\":\"pt-BR\"},{\"@type\":\"Organization\",\"@id\":\"https:\\\/\\\/www.cidademarketing.com.br\\\/marketing\\\/#organization\",\"name\":\"CidadeMarketing\",\"alternateName\":\"CidadeMarketing\",\"url\":\"https:\\\/\\\/www.cidademarketing.com.br\\\/marketing\\\/\",\"logo\":{\"@type\":\"ImageObject\",\"inLanguage\":\"pt-BR\",\"@id\":\"https:\\\/\\\/www.cidademarketing.com.br\\\/marketing\\\/#\\\/schema\\\/logo\\\/image\\\/\",\"url\":\"https:\\\/\\\/www.cidademarketing.com.br\\\/marketing\\\/wp-content\\\/uploads\\\/2020\\\/01\\\/cidademarketing_marca_mobile.png\",\"contentUrl\":\"https:\\\/\\\/www.cidademarketing.com.br\\\/marketing\\\/wp-content\\\/uploads\\\/2020\\\/01\\\/cidademarketing_marca_mobile.png\",\"width\":230,\"height\":92,\"caption\":\"CidadeMarketing\"},\"image\":{\"@id\":\"https:\\\/\\\/www.cidademarketing.com.br\\\/marketing\\\/#\\\/schema\\\/logo\\\/image\\\/\"},\"sameAs\":[\"https:\\\/\\\/www.facebook.com\\\/portalcidademarketing\",\"https:\\\/\\\/x.com\\\/CidadeMarketing\",\"https:\\\/\\\/www.instagram.com\\\/cidademarketing\\\/\"]},{\"@type\":\"Person\",\"@id\":\"https:\\\/\\\/www.cidademarketing.com.br\\\/marketing\\\/#\\\/schema\\\/person\\\/02daff9f18bd9378c9e01eb6b2db155f\",\"name\":\"Thales Brand\u00e3o\",\"image\":{\"@type\":\"ImageObject\",\"inLanguage\":\"pt-BR\",\"@id\":\"https:\\\/\\\/secure.gravatar.com\\\/avatar\\\/7ca3206950207cc3cb48feec56a8a7898741ab725c368d99d5d7a5a50aab80c6?s=96&d=mm&r=g\",\"url\":\"https:\\\/\\\/secure.gravatar.com\\\/avatar\\\/7ca3206950207cc3cb48feec56a8a7898741ab725c368d99d5d7a5a50aab80c6?s=96&d=mm&r=g\",\"contentUrl\":\"https:\\\/\\\/secure.gravatar.com\\\/avatar\\\/7ca3206950207cc3cb48feec56a8a7898741ab725c368d99d5d7a5a50aab80c6?s=96&d=mm&r=g\",\"caption\":\"Thales Brand\u00e3o\"},\"description\":\"Editor Executivo do Portal CidadeMarketing.com.br &gt; Mestre em Comunica\u00e7\u00e3o e Sociedade pela Universidade Federal de Sergipe. Possui MBA Executivo em Administra\u00e7\u00e3o com \u00eanfase em Marketing pela Funda\u00e7\u00e3o Get\u00falio Vargas - Rio de Janeiro. Consultor, Palestrante e Pesquisador sobre Empreendedorismo, Marketing, Redes Sociais e Neg\u00f3cios Digitais. Professor, Palestrante TedxTalks e Campus Party. Twitter: @ThalesBrandao\",\"sameAs\":[\"http:\\\/\\\/www.mandacaru.com.br\",\"https:\\\/\\\/www.facebook.com\\\/thalesbrandao\",\"http:\\\/\\\/www.instagram.com.br\\\/thalesbrandaoferreira\",\"https:\\\/\\\/www.linkedin.com\\\/in\\\/thales-brand\u00e3o-3948609\\\/\",\"https:\\\/\\\/x.com\\\/http:\\\/\\\/www.twitter.com\\\/thalesbrandao\"],\"url\":\"https:\\\/\\\/www.cidademarketing.com.br\\\/marketing\\\/author\\\/thalesbrandao\\\/\"}]}<\/script>\n<!-- \/ Yoast SEO plugin. -->","yoast_head_json":{"title":"Quanto ser\u00e1 o sal\u00e1rio m\u00ednimo em 2025? - CidadeMarketing","robots":{"index":"index","follow":"follow","max-snippet":"max-snippet:-1","max-image-preview":"max-image-preview:large","max-video-preview":"max-video-preview:-1"},"canonical":"https:\/\/www.cidademarketing.com.br\/marketing\/2024\/12\/26\/quanto-sera-o-salario-minimo-em-2025\/","og_locale":"pt_BR","og_type":"article","og_title":"Quanto ser\u00e1 o sal\u00e1rio m\u00ednimo em 2025? - CidadeMarketing","og_description":"O presidente Luiz In\u00e1cio Lula da Silva deve assinar nos pr\u00f3ximos dias um decreto que reajusta o sal\u00e1rio m\u00ednimo para 2025, enquanto o Congresso Nacional n\u00e3o conclui a vota\u00e7\u00e3o da Lei Or\u00e7ament\u00e1ria Anual (LOA). A proposta eleva o piso nacional para R$ 1.518, utilizando a nova regra de c\u00e1lculo aprovada recentemente pelos congressistas. Atualmente, o [&hellip;]","og_url":"https:\/\/www.cidademarketing.com.br\/marketing\/2024\/12\/26\/quanto-sera-o-salario-minimo-em-2025\/","og_site_name":"CidadeMarketing","article_publisher":"https:\/\/www.facebook.com\/portalcidademarketing","article_author":"https:\/\/www.facebook.com\/thalesbrandao","article_published_time":"2024-12-26T14:45:54+00:00","og_image":[{"width":751,"height":670,"url":"https:\/\/www.cidademarketing.com.br\/marketing\/wp-content\/uploads\/2024\/12\/carteiradetrabalho_salariominimo_2025.webp","type":"image\/webp"}],"author":"Thales Brand\u00e3o","twitter_card":"summary_large_image","twitter_creator":"@http:\/\/www.twitter.com\/thalesbrandao","twitter_site":"@CidadeMarketing","twitter_misc":{"Escrito por":"Thales Brand\u00e3o","Est. tempo de leitura":"3 minutos"},"schema":{"@context":"https:\/\/schema.org","@graph":[{"@type":"Article","@id":"https:\/\/www.cidademarketing.com.br\/marketing\/2024\/12\/26\/quanto-sera-o-salario-minimo-em-2025\/#article","isPartOf":{"@id":"https:\/\/www.cidademarketing.com.br\/marketing\/2024\/12\/26\/quanto-sera-o-salario-minimo-em-2025\/"},"author":{"name":"Thales Brand\u00e3o","@id":"https:\/\/www.cidademarketing.com.br\/marketing\/#\/schema\/person\/02daff9f18bd9378c9e01eb6b2db155f"},"headline":"Quanto ser\u00e1 o sal\u00e1rio m\u00ednimo em 2025?","datePublished":"2024-12-26T14:45:54+00:00","mainEntityOfPage":{"@id":"https:\/\/www.cidademarketing.com.br\/marketing\/2024\/12\/26\/quanto-sera-o-salario-minimo-em-2025\/"},"wordCount":697,"commentCount":0,"publisher":{"@id":"https:\/\/www.cidademarketing.com.br\/marketing\/#organization"},"image":{"@id":"https:\/\/www.cidademarketing.com.br\/marketing\/2024\/12\/26\/quanto-sera-o-salario-minimo-em-2025\/#primaryimage"},"thumbnailUrl":"https:\/\/www.cidademarketing.com.br\/marketing\/wp-content\/uploads\/2024\/12\/carteiradetrabalho_salariominimo_2025.webp","keywords":["carteira assinada","CLT","empresa","estrat\u00e9gia","Governo Federal","marketing","pessoas","sal\u00e1rio","sal\u00e1rio m\u00ednimo","valor"],"articleSection":["Not\u00edcias"],"inLanguage":"pt-BR","potentialAction":[{"@type":"CommentAction","name":"Comment","target":["https:\/\/www.cidademarketing.com.br\/marketing\/2024\/12\/26\/quanto-sera-o-salario-minimo-em-2025\/#respond"]}]},{"@type":"WebPage","@id":"https:\/\/www.cidademarketing.com.br\/marketing\/2024\/12\/26\/quanto-sera-o-salario-minimo-em-2025\/","url":"https:\/\/www.cidademarketing.com.br\/marketing\/2024\/12\/26\/quanto-sera-o-salario-minimo-em-2025\/","name":"Quanto ser\u00e1 o sal\u00e1rio m\u00ednimo em 2025? - CidadeMarketing","isPartOf":{"@id":"https:\/\/www.cidademarketing.com.br\/marketing\/#website"},"primaryImageOfPage":{"@id":"https:\/\/www.cidademarketing.com.br\/marketing\/2024\/12\/26\/quanto-sera-o-salario-minimo-em-2025\/#primaryimage"},"image":{"@id":"https:\/\/www.cidademarketing.com.br\/marketing\/2024\/12\/26\/quanto-sera-o-salario-minimo-em-2025\/#primaryimage"},"thumbnailUrl":"https:\/\/www.cidademarketing.com.br\/marketing\/wp-content\/uploads\/2024\/12\/carteiradetrabalho_salariominimo_2025.webp","datePublished":"2024-12-26T14:45:54+00:00","breadcrumb":{"@id":"https:\/\/www.cidademarketing.com.br\/marketing\/2024\/12\/26\/quanto-sera-o-salario-minimo-em-2025\/#breadcrumb"},"inLanguage":"pt-BR","potentialAction":[{"@type":"ReadAction","target":["https:\/\/www.cidademarketing.com.br\/marketing\/2024\/12\/26\/quanto-sera-o-salario-minimo-em-2025\/"]}]},{"@type":"ImageObject","inLanguage":"pt-BR","@id":"https:\/\/www.cidademarketing.com.br\/marketing\/2024\/12\/26\/quanto-sera-o-salario-minimo-em-2025\/#primaryimage","url":"https:\/\/www.cidademarketing.com.br\/marketing\/wp-content\/uploads\/2024\/12\/carteiradetrabalho_salariominimo_2025.webp","contentUrl":"https:\/\/www.cidademarketing.com.br\/marketing\/wp-content\/uploads\/2024\/12\/carteiradetrabalho_salariominimo_2025.webp","width":751,"height":670},{"@type":"BreadcrumbList","@id":"https:\/\/www.cidademarketing.com.br\/marketing\/2024\/12\/26\/quanto-sera-o-salario-minimo-em-2025\/#breadcrumb","itemListElement":[{"@type":"ListItem","position":1,"name":"In\u00edcio","item":"https:\/\/www.cidademarketing.com.br\/marketing\/"},{"@type":"ListItem","position":2,"name":"Quanto ser\u00e1 o sal\u00e1rio m\u00ednimo em 2025?"}]},{"@type":"WebSite","@id":"https:\/\/www.cidademarketing.com.br\/marketing\/#website","url":"https:\/\/www.cidademarketing.com.br\/marketing\/","name":"CidadeMarketing","description":"Somos um ve\u00edculo de comunica\u00e7\u00e3o de destaque no Brasil, reconhecido por conte\u00fados nos segmentos de marketing, empreendedorismo e inova\u00e7\u00e3o.","publisher":{"@id":"https:\/\/www.cidademarketing.com.br\/marketing\/#organization"},"alternateName":"CidadeMarketing","potentialAction":[{"@type":"SearchAction","target":{"@type":"EntryPoint","urlTemplate":"https:\/\/www.cidademarketing.com.br\/marketing\/?s={search_term_string}"},"query-input":{"@type":"PropertyValueSpecification","valueRequired":true,"valueName":"search_term_string"}}],"inLanguage":"pt-BR"},{"@type":"Organization","@id":"https:\/\/www.cidademarketing.com.br\/marketing\/#organization","name":"CidadeMarketing","alternateName":"CidadeMarketing","url":"https:\/\/www.cidademarketing.com.br\/marketing\/","logo":{"@type":"ImageObject","inLanguage":"pt-BR","@id":"https:\/\/www.cidademarketing.com.br\/marketing\/#\/schema\/logo\/image\/","url":"https:\/\/www.cidademarketing.com.br\/marketing\/wp-content\/uploads\/2020\/01\/cidademarketing_marca_mobile.png","contentUrl":"https:\/\/www.cidademarketing.com.br\/marketing\/wp-content\/uploads\/2020\/01\/cidademarketing_marca_mobile.png","width":230,"height":92,"caption":"CidadeMarketing"},"image":{"@id":"https:\/\/www.cidademarketing.com.br\/marketing\/#\/schema\/logo\/image\/"},"sameAs":["https:\/\/www.facebook.com\/portalcidademarketing","https:\/\/x.com\/CidadeMarketing","https:\/\/www.instagram.com\/cidademarketing\/"]},{"@type":"Person","@id":"https:\/\/www.cidademarketing.com.br\/marketing\/#\/schema\/person\/02daff9f18bd9378c9e01eb6b2db155f","name":"Thales Brand\u00e3o","image":{"@type":"ImageObject","inLanguage":"pt-BR","@id":"https:\/\/secure.gravatar.com\/avatar\/7ca3206950207cc3cb48feec56a8a7898741ab725c368d99d5d7a5a50aab80c6?s=96&d=mm&r=g","url":"https:\/\/secure.gravatar.com\/avatar\/7ca3206950207cc3cb48feec56a8a7898741ab725c368d99d5d7a5a50aab80c6?s=96&d=mm&r=g","contentUrl":"https:\/\/secure.gravatar.com\/avatar\/7ca3206950207cc3cb48feec56a8a7898741ab725c368d99d5d7a5a50aab80c6?s=96&d=mm&r=g","caption":"Thales Brand\u00e3o"},"description":"Editor Executivo do Portal CidadeMarketing.com.br &gt; Mestre em Comunica\u00e7\u00e3o e Sociedade pela Universidade Federal de Sergipe. Possui MBA Executivo em Administra\u00e7\u00e3o com \u00eanfase em Marketing pela Funda\u00e7\u00e3o Get\u00falio Vargas - Rio de Janeiro. Consultor, Palestrante e Pesquisador sobre Empreendedorismo, Marketing, Redes Sociais e Neg\u00f3cios Digitais. Professor, Palestrante TedxTalks e Campus Party. Twitter: @ThalesBrandao","sameAs":["http:\/\/www.mandacaru.com.br","https:\/\/www.facebook.com\/thalesbrandao","http:\/\/www.instagram.com.br\/thalesbrandaoferreira","https:\/\/www.linkedin.com\/in\/thales-brand\u00e3o-3948609\/","https:\/\/x.com\/http:\/\/www.twitter.com\/thalesbrandao"],"url":"https:\/\/www.cidademarketing.com.br\/marketing\/author\/thalesbrandao\/"}]}},"amp_enabled":true,"_links":{"self":[{"href":"https:\/\/www.cidademarketing.com.br\/marketing\/wp-json\/wp\/v2\/posts\/54361","targetHints":{"allow":["GET"]}}],"collection":[{"href":"https:\/\/www.cidademarketing.com.br\/marketing\/wp-json\/wp\/v2\/posts"}],"about":[{"href":"https:\/\/www.cidademarketing.com.br\/marketing\/wp-json\/wp\/v2\/types\/post"}],"author":[{"embeddable":true,"href":"https:\/\/www.cidademarketing.com.br\/marketing\/wp-json\/wp\/v2\/users\/1"}],"replies":[{"embeddable":true,"href":"https:\/\/www.cidademarketing.com.br\/marketing\/wp-json\/wp\/v2\/comments?post=54361"}],"version-history":[{"count":1,"href":"https:\/\/www.cidademarketing.com.br\/marketing\/wp-json\/wp\/v2\/posts\/54361\/revisions"}],"predecessor-version":[{"id":54364,"href":"https:\/\/www.cidademarketing.com.br\/marketing\/wp-json\/wp\/v2\/posts\/54361\/revisions\/54364"}],"wp:featuredmedia":[{"embeddable":true,"href":"https:\/\/www.cidademarketing.com.br\/marketing\/wp-json\/wp\/v2\/media\/54363"}],"wp:attachment":[{"href":"https:\/\/www.cidademarketing.com.br\/marketing\/wp-json\/wp\/v2\/media?parent=54361"}],"wp:term":[{"taxonomy":"category","embeddable":true,"href":"https:\/\/www.cidademarketing.com.br\/marketing\/wp-json\/wp\/v2\/categories?post=54361"},{"taxonomy":"post_tag","embeddable":true,"href":"https:\/\/www.cidademarketing.com.br\/marketing\/wp-json\/wp\/v2\/tags?post=54361"}],"curies":[{"name":"wp","href":"https:\/\/api.w.org\/{rel}","templated":true}]}}