{"id":54339,"date":"2024-12-23T13:41:03","date_gmt":"2024-12-23T16:41:03","guid":{"rendered":"https:\/\/www.cidademarketing.com.br\/marketing\/?p=54339"},"modified":"2024-12-23T13:41:03","modified_gmt":"2024-12-23T16:41:03","slug":"nissan-e-honda-se-juntam-para-acelerar-tecnologias-voltadas-para-a-eletrificacao-automotiva","status":"publish","type":"post","link":"https:\/\/www.cidademarketing.com.br\/marketing\/2024\/12\/23\/nissan-e-honda-se-juntam-para-acelerar-tecnologias-voltadas-para-a-eletrificacao-automotiva\/","title":{"rendered":"Nissan e Honda se juntam para acelerar tecnologias voltadas para a eletrifica\u00e7\u00e3o automotiva"},"content":{"rendered":"<p>Em uma movimenta\u00e7\u00e3o estrat\u00e9gica que promete redefinir o mercado automotivo global, a Nissan Motor Co., Ltd. e a Honda Motor Co., Ltd. anunciaram a assinatura de um memorando de entendimento (MOU) para a forma\u00e7\u00e3o de uma holding conjunta. A uni\u00e3o, que inclui potencialmente a Mitsubishi Motors, controlada pela Nissan, resultar\u00e1 na cria\u00e7\u00e3o do terceiro maior grupo automotivo do mundo, ficando atr\u00e1s apenas da Toyota e Volkswagen em volume de produ\u00e7\u00e3o e vendas.<\/p>\n<p>O acordo visa consolidar os recursos de ambas as empresas para acelerar o desenvolvimento de tecnologias voltadas \u00e0 eletrifica\u00e7\u00e3o e \u00e0 intelig\u00eancia automotiva, fundamentais para uma sociedade neutra em carbono. A alian\u00e7a tamb\u00e9m busca responder \u00e0s r\u00e1pidas mudan\u00e7as no setor automotivo, impulsionadas por inova\u00e7\u00f5es tecnol\u00f3gicas e transforma\u00e7\u00f5es nas demandas dos consumidores.<\/p>\n<p>Makoto Uchida, CEO da Nissan, declarou:<br \/>\n&#8220;Hoje marca um momento crucial \u00e0 medida que iniciamos as discuss\u00f5es sobre a integra\u00e7\u00e3o de neg\u00f3cios. A uni\u00e3o dos pontos fortes das duas empresas permitir\u00e1 oferecer valor incompar\u00e1vel aos nossos clientes globais.&#8221;<\/p>\n<p>Por sua vez, Toshihiro Mibe, CEO da Honda, enfatizou a import\u00e2ncia do momento:<br \/>\n&#8220;Superar as mudan\u00e7as desafiadoras na ind\u00fastria automobil\u00edstica exige a cria\u00e7\u00e3o de um novo valor de mobilidade por meio da uni\u00e3o de recursos que Honda e Nissan v\u00eam desenvolvendo ao longo dos anos.&#8221;<\/p>\n<p>As sinergias esperadas da integra\u00e7\u00e3o de neg\u00f3cios neste momento s\u00e3o:<\/p>\n<p><strong>Vantagens de escala ao padronizar plataformas de ve\u00edculos<\/strong><\/p>\n<p>Ao padronizar as plataformas de ve\u00edculos de ambas as empresas em v\u00e1rios segmentos de produtos, as empresas esperam criar produtos mais fortes, reduzir custos, aumentar a efici\u00eancia do desenvolvimento e melhorar a efici\u00eancia do investimento por meio de processos de produ\u00e7\u00e3o padronizados.<br \/>\nA integra\u00e7\u00e3o \u00e9 projetada para aumentar as vendas e os volumes operacionais, permitindo que as empresas reduzam os custos de desenvolvimento por ve\u00edculo, incluindo para futuros servi\u00e7os digitais, ao mesmo tempo em que maximizam os lucros.<br \/>\nAo acelerar a complementa\u00e7\u00e3o m\u00fatua de suas ofertas globais de ve\u00edculos &#8211; incluindo modelos ICE, HEV, PHEV e EV &#8211; a Nissan e a Honda estar\u00e3o melhor posicionadas para atender \u00e0s diversas necessidades dos clientes em todo o mundo e fornecer produtos ideais, levando \u00e0 melhoria da satisfa\u00e7\u00e3o do cliente.<\/p>\n<p><strong>Melhoria das capacidades de desenvolvimento e sinergias de custos por meio da integra\u00e7\u00e3o das fun\u00e7\u00f5es de P&amp;D<\/strong><\/p>\n<p>De acordo com o MOU para aprofundar a parceria estrat\u00e9gica e o acordo de pesquisa conjunta sobre tecnologias fundamentais datado de 1\u00ba de agosto, as duas empresas iniciaram uma pesquisa conjunta em tecnologias fundamentais na \u00e1rea de plataformas de autom\u00f3veis para ve\u00edculos definidos por software (SDVs) de pr\u00f3xima gera\u00e7\u00e3o, que \u00e9 a pedra angular do campo da intelig\u00eancia. Ap\u00f3s a integra\u00e7\u00e3o de neg\u00f3cios, ambas as empresas abranger\u00e3o uma colabora\u00e7\u00e3o mais integrada em todas as fun\u00e7\u00f5es de P&amp;D, incluindo pesquisa fundamental e de tecnologias para aplica\u00e7\u00e3o em ve\u00edculos. Espera-se que essa abordagem permita que ambas as empresas aprimorem de forma eficiente e r\u00e1pida sua expertise tecnol\u00f3gica, alcan\u00e7ando melhorias nas capacidades de desenvolvimento e redu\u00e7\u00f5es nos custos de desenvolvimento por meio da integra\u00e7\u00e3o de fun\u00e7\u00f5es sobrepostas.<\/p>\n<p><strong>Otimiza\u00e7\u00e3o de sistemas de produ\u00e7\u00e3o e instala\u00e7\u00f5es<\/strong><\/p>\n<p>As empresas preveem que a otimiza\u00e7\u00e3o de suas f\u00e1bricas e instala\u00e7\u00f5es de servi\u00e7os de energia, combinada com uma colabora\u00e7\u00e3o aprimorada por meio do uso compartilhado de linhas de produ\u00e7\u00e3o, resultar\u00e1 em uma melhoria substancial na utiliza\u00e7\u00e3o da capacidade, levando a uma redu\u00e7\u00e3o nos custos fixos.<\/p>\n<p><strong>Fortalecimento das vantagens competitivas em toda a cadeia de suprimentos por meio da integra\u00e7\u00e3o das fun\u00e7\u00f5es de compras<\/strong><\/p>\n<p>Para aproveitar totalmente as sinergias da otimiza\u00e7\u00e3o do desenvolvimento e da capacidade de produ\u00e7\u00e3o, ambas as empresas pretendem aumentar sua competitividade por meio da melhoria e otimiza\u00e7\u00e3o das opera\u00e7\u00f5es de compra e da obten\u00e7\u00e3o de pe\u00e7as comuns da mesma cadeia de suprimentos e em colabora\u00e7\u00e3o com parceiros de neg\u00f3cios.<\/p>\n<p><strong>Realizar sinergias de custos por meio de melhorias na efici\u00eancia operacional<\/strong><\/p>\n<p>As empresas esperam que a integra\u00e7\u00e3o de sistemas e opera\u00e7\u00f5es de back-office, juntamente com a atualiza\u00e7\u00e3o e padroniza\u00e7\u00e3o dos processos operacionais, gerem redu\u00e7\u00f5es significativas de custos.<\/p>\n<p><strong>Aquisi\u00e7\u00e3o de vantagens de escala por meio da integra\u00e7\u00e3o em fun\u00e7\u00f5es de financiamento de vendas<\/strong><\/p>\n<p>Ao integrar \u00e1reas relevantes das fun\u00e7\u00f5es de financiamento de vendas de ambas as empresas e expandir a escala de opera\u00e7\u00f5es, as empresas pretendem fornecer uma gama de solu\u00e7\u00f5es de mobilidade, incluindo novos servi\u00e7os financeiros durante todo o ciclo de vida do ve\u00edculo, aos clientes de ambas as organiza\u00e7\u00f5es.<\/p>\n<p><strong>Estabelecimento de uma base de talentos para intelig\u00eancia e eletrifica\u00e7\u00e3o<\/strong><\/p>\n<p>Os recursos humanos das empresas s\u00e3o um ativo inestim\u00e1vel, e estabelecer uma base s\u00f3lida de recursos humanos \u00e9 crucial para a transforma\u00e7\u00e3o que vir\u00e1 com a integra\u00e7\u00e3o empresarial. Ap\u00f3s a integra\u00e7\u00e3o, espera-se que o aumento das trocas de funcion\u00e1rios e da colabora\u00e7\u00e3o t\u00e9cnica entre as empresas promova mais desenvolvimento de habilidades. Al\u00e9m disso, ao alavancar o acesso de cada empresa aos mercados de talentos, atrair talentos excepcionais se tornar\u00e1 mais ating\u00edvel.<\/p>\n<p>A holding conjunta fortalecer\u00e1 a competitividade global das empresas e consolidar\u00e1 o Jap\u00e3o como um dos principais centros de inova\u00e7\u00e3o automotiva. Com receita de vendas projetada em mais de 30 trilh\u00f5es de ienes e lucro operacional superior a 3 trilh\u00f5es de ienes, o novo grupo ser\u00e1 um marco na ind\u00fastria.<\/p>\n<p>O cronograma para a integra\u00e7\u00e3o prev\u00ea a conclus\u00e3o das negocia\u00e7\u00f5es em junho de 2025, com a forma\u00e7\u00e3o da holding at\u00e9 agosto de 2026. A holding ser\u00e1 listada na Bolsa de Valores de T\u00f3quio, enquanto Nissan e Honda se tornar\u00e3o subsidi\u00e1rias integrais.<\/p>\n","protected":false},"excerpt":{"rendered":"<p>Em uma movimenta\u00e7\u00e3o estrat\u00e9gica que promete redefinir o mercado automotivo global, a Nissan Motor Co., Ltd. e a Honda Motor Co., Ltd. anunciaram a assinatura de um memorando de entendimento (MOU) para a forma\u00e7\u00e3o de uma holding conjunta. A uni\u00e3o, que inclui potencialmente a Mitsubishi Motors, controlada pela Nissan, resultar\u00e1 na cria\u00e7\u00e3o do terceiro maior [&hellip;]<\/p>\n","protected":false},"author":1,"featured_media":54340,"comment_status":"open","ping_status":"open","sticky":false,"template":"","format":"standard","meta":{"tdm_status":"","tdm_grid_status":"","footnotes":""},"categories":[6],"tags":[1421,65,4073,8562,33,767,780,28,316,562],"class_list":["post-54339","post","type-post","status-publish","format-standard","has-post-thumbnail","hentry","category-noticias","tag-automoveis","tag-campanha","tag-carro-eletrico","tag-eletrificacao","tag-estrategia","tag-fusao","tag-honda","tag-marketing","tag-nissan","tag-uniao"],"yoast_head":"<!-- This site is optimized with the Yoast SEO plugin v27.5 - https:\/\/yoast.com\/product\/yoast-seo-wordpress\/ -->\n<title>Nissan e Honda se juntam para acelerar tecnologias voltadas para a eletrifica\u00e7\u00e3o automotiva - CidadeMarketing<\/title>\n<meta name=\"robots\" content=\"index, follow, max-snippet:-1, max-image-preview:large, max-video-preview:-1\" \/>\n<link rel=\"canonical\" href=\"https:\/\/www.cidademarketing.com.br\/marketing\/2024\/12\/23\/nissan-e-honda-se-juntam-para-acelerar-tecnologias-voltadas-para-a-eletrificacao-automotiva\/\" \/>\n<meta property=\"og:locale\" content=\"pt_BR\" \/>\n<meta property=\"og:type\" content=\"article\" \/>\n<meta property=\"og:title\" content=\"Nissan e Honda se juntam para acelerar tecnologias voltadas para a eletrifica\u00e7\u00e3o automotiva - CidadeMarketing\" \/>\n<meta property=\"og:description\" content=\"Em uma movimenta\u00e7\u00e3o estrat\u00e9gica que promete redefinir o mercado automotivo global, a Nissan Motor Co., Ltd. e a Honda Motor Co., Ltd. anunciaram a assinatura de um memorando de entendimento (MOU) para a forma\u00e7\u00e3o de uma holding conjunta. A uni\u00e3o, que inclui potencialmente a Mitsubishi Motors, controlada pela Nissan, resultar\u00e1 na cria\u00e7\u00e3o do terceiro maior [&hellip;]\" \/>\n<meta property=\"og:url\" content=\"https:\/\/www.cidademarketing.com.br\/marketing\/2024\/12\/23\/nissan-e-honda-se-juntam-para-acelerar-tecnologias-voltadas-para-a-eletrificacao-automotiva\/\" \/>\n<meta property=\"og:site_name\" content=\"CidadeMarketing\" \/>\n<meta property=\"article:publisher\" content=\"https:\/\/www.facebook.com\/portalcidademarketing\" \/>\n<meta property=\"article:author\" content=\"https:\/\/www.facebook.com\/thalesbrandao\" \/>\n<meta property=\"article:published_time\" content=\"2024-12-23T16:41:03+00:00\" \/>\n<meta property=\"og:image\" content=\"https:\/\/www.cidademarketing.com.br\/marketing\/wp-content\/uploads\/2024\/12\/uniao_fusao_nissan_honda-scaled.webp\" \/>\n\t<meta property=\"og:image:width\" content=\"2560\" \/>\n\t<meta property=\"og:image:height\" content=\"1707\" \/>\n\t<meta property=\"og:image:type\" content=\"image\/webp\" \/>\n<meta name=\"author\" content=\"Thales Brand\u00e3o\" \/>\n<meta name=\"twitter:card\" content=\"summary_large_image\" \/>\n<meta name=\"twitter:creator\" content=\"@http:\/\/www.twitter.com\/thalesbrandao\" \/>\n<meta name=\"twitter:site\" content=\"@CidadeMarketing\" \/>\n<meta name=\"twitter:label1\" content=\"Escrito por\" \/>\n\t<meta name=\"twitter:data1\" content=\"Thales Brand\u00e3o\" \/>\n\t<meta name=\"twitter:label2\" content=\"Est. tempo de leitura\" \/>\n\t<meta name=\"twitter:data2\" content=\"5 minutos\" \/>\n<script type=\"application\/ld+json\" class=\"yoast-schema-graph\">{\"@context\":\"https:\\\/\\\/schema.org\",\"@graph\":[{\"@type\":\"Article\",\"@id\":\"https:\\\/\\\/www.cidademarketing.com.br\\\/marketing\\\/2024\\\/12\\\/23\\\/nissan-e-honda-se-juntam-para-acelerar-tecnologias-voltadas-para-a-eletrificacao-automotiva\\\/#article\",\"isPartOf\":{\"@id\":\"https:\\\/\\\/www.cidademarketing.com.br\\\/marketing\\\/2024\\\/12\\\/23\\\/nissan-e-honda-se-juntam-para-acelerar-tecnologias-voltadas-para-a-eletrificacao-automotiva\\\/\"},\"author\":{\"name\":\"Thales Brand\u00e3o\",\"@id\":\"https:\\\/\\\/www.cidademarketing.com.br\\\/marketing\\\/#\\\/schema\\\/person\\\/02daff9f18bd9378c9e01eb6b2db155f\"},\"headline\":\"Nissan e Honda se juntam para acelerar tecnologias voltadas para a eletrifica\u00e7\u00e3o automotiva\",\"datePublished\":\"2024-12-23T16:41:03+00:00\",\"mainEntityOfPage\":{\"@id\":\"https:\\\/\\\/www.cidademarketing.com.br\\\/marketing\\\/2024\\\/12\\\/23\\\/nissan-e-honda-se-juntam-para-acelerar-tecnologias-voltadas-para-a-eletrificacao-automotiva\\\/\"},\"wordCount\":1019,\"commentCount\":0,\"publisher\":{\"@id\":\"https:\\\/\\\/www.cidademarketing.com.br\\\/marketing\\\/#organization\"},\"image\":{\"@id\":\"https:\\\/\\\/www.cidademarketing.com.br\\\/marketing\\\/2024\\\/12\\\/23\\\/nissan-e-honda-se-juntam-para-acelerar-tecnologias-voltadas-para-a-eletrificacao-automotiva\\\/#primaryimage\"},\"thumbnailUrl\":\"https:\\\/\\\/www.cidademarketing.com.br\\\/marketing\\\/wp-content\\\/uploads\\\/2024\\\/12\\\/uniao_fusao_nissan_honda-scaled.webp\",\"keywords\":[\"autom\u00f3veis\",\"campanha\",\"carro el\u00e9trico\",\"eletrifica\u00e7\u00e3o\",\"estrat\u00e9gia\",\"fus\u00e3o\",\"Honda\",\"marketing\",\"Nissan\",\"Uni\u00e3o\"],\"articleSection\":[\"Not\u00edcias\"],\"inLanguage\":\"pt-BR\",\"potentialAction\":[{\"@type\":\"CommentAction\",\"name\":\"Comment\",\"target\":[\"https:\\\/\\\/www.cidademarketing.com.br\\\/marketing\\\/2024\\\/12\\\/23\\\/nissan-e-honda-se-juntam-para-acelerar-tecnologias-voltadas-para-a-eletrificacao-automotiva\\\/#respond\"]}]},{\"@type\":\"WebPage\",\"@id\":\"https:\\\/\\\/www.cidademarketing.com.br\\\/marketing\\\/2024\\\/12\\\/23\\\/nissan-e-honda-se-juntam-para-acelerar-tecnologias-voltadas-para-a-eletrificacao-automotiva\\\/\",\"url\":\"https:\\\/\\\/www.cidademarketing.com.br\\\/marketing\\\/2024\\\/12\\\/23\\\/nissan-e-honda-se-juntam-para-acelerar-tecnologias-voltadas-para-a-eletrificacao-automotiva\\\/\",\"name\":\"Nissan e Honda se juntam para acelerar tecnologias voltadas para a eletrifica\u00e7\u00e3o automotiva - CidadeMarketing\",\"isPartOf\":{\"@id\":\"https:\\\/\\\/www.cidademarketing.com.br\\\/marketing\\\/#website\"},\"primaryImageOfPage\":{\"@id\":\"https:\\\/\\\/www.cidademarketing.com.br\\\/marketing\\\/2024\\\/12\\\/23\\\/nissan-e-honda-se-juntam-para-acelerar-tecnologias-voltadas-para-a-eletrificacao-automotiva\\\/#primaryimage\"},\"image\":{\"@id\":\"https:\\\/\\\/www.cidademarketing.com.br\\\/marketing\\\/2024\\\/12\\\/23\\\/nissan-e-honda-se-juntam-para-acelerar-tecnologias-voltadas-para-a-eletrificacao-automotiva\\\/#primaryimage\"},\"thumbnailUrl\":\"https:\\\/\\\/www.cidademarketing.com.br\\\/marketing\\\/wp-content\\\/uploads\\\/2024\\\/12\\\/uniao_fusao_nissan_honda-scaled.webp\",\"datePublished\":\"2024-12-23T16:41:03+00:00\",\"breadcrumb\":{\"@id\":\"https:\\\/\\\/www.cidademarketing.com.br\\\/marketing\\\/2024\\\/12\\\/23\\\/nissan-e-honda-se-juntam-para-acelerar-tecnologias-voltadas-para-a-eletrificacao-automotiva\\\/#breadcrumb\"},\"inLanguage\":\"pt-BR\",\"potentialAction\":[{\"@type\":\"ReadAction\",\"target\":[\"https:\\\/\\\/www.cidademarketing.com.br\\\/marketing\\\/2024\\\/12\\\/23\\\/nissan-e-honda-se-juntam-para-acelerar-tecnologias-voltadas-para-a-eletrificacao-automotiva\\\/\"]}]},{\"@type\":\"ImageObject\",\"inLanguage\":\"pt-BR\",\"@id\":\"https:\\\/\\\/www.cidademarketing.com.br\\\/marketing\\\/2024\\\/12\\\/23\\\/nissan-e-honda-se-juntam-para-acelerar-tecnologias-voltadas-para-a-eletrificacao-automotiva\\\/#primaryimage\",\"url\":\"https:\\\/\\\/www.cidademarketing.com.br\\\/marketing\\\/wp-content\\\/uploads\\\/2024\\\/12\\\/uniao_fusao_nissan_honda-scaled.webp\",\"contentUrl\":\"https:\\\/\\\/www.cidademarketing.com.br\\\/marketing\\\/wp-content\\\/uploads\\\/2024\\\/12\\\/uniao_fusao_nissan_honda-scaled.webp\",\"width\":2560,\"height\":1707,\"caption\":\"Divulga\u00e7\u00e3o\"},{\"@type\":\"BreadcrumbList\",\"@id\":\"https:\\\/\\\/www.cidademarketing.com.br\\\/marketing\\\/2024\\\/12\\\/23\\\/nissan-e-honda-se-juntam-para-acelerar-tecnologias-voltadas-para-a-eletrificacao-automotiva\\\/#breadcrumb\",\"itemListElement\":[{\"@type\":\"ListItem\",\"position\":1,\"name\":\"In\u00edcio\",\"item\":\"https:\\\/\\\/www.cidademarketing.com.br\\\/marketing\\\/\"},{\"@type\":\"ListItem\",\"position\":2,\"name\":\"Nissan e Honda se juntam para acelerar tecnologias voltadas para a eletrifica\u00e7\u00e3o automotiva\"}]},{\"@type\":\"WebSite\",\"@id\":\"https:\\\/\\\/www.cidademarketing.com.br\\\/marketing\\\/#website\",\"url\":\"https:\\\/\\\/www.cidademarketing.com.br\\\/marketing\\\/\",\"name\":\"CidadeMarketing\",\"description\":\"Somos um ve\u00edculo de comunica\u00e7\u00e3o de destaque no Brasil, reconhecido por conte\u00fados nos segmentos de marketing, empreendedorismo e inova\u00e7\u00e3o.\",\"publisher\":{\"@id\":\"https:\\\/\\\/www.cidademarketing.com.br\\\/marketing\\\/#organization\"},\"alternateName\":\"CidadeMarketing\",\"potentialAction\":[{\"@type\":\"SearchAction\",\"target\":{\"@type\":\"EntryPoint\",\"urlTemplate\":\"https:\\\/\\\/www.cidademarketing.com.br\\\/marketing\\\/?s={search_term_string}\"},\"query-input\":{\"@type\":\"PropertyValueSpecification\",\"valueRequired\":true,\"valueName\":\"search_term_string\"}}],\"inLanguage\":\"pt-BR\"},{\"@type\":\"Organization\",\"@id\":\"https:\\\/\\\/www.cidademarketing.com.br\\\/marketing\\\/#organization\",\"name\":\"CidadeMarketing\",\"alternateName\":\"CidadeMarketing\",\"url\":\"https:\\\/\\\/www.cidademarketing.com.br\\\/marketing\\\/\",\"logo\":{\"@type\":\"ImageObject\",\"inLanguage\":\"pt-BR\",\"@id\":\"https:\\\/\\\/www.cidademarketing.com.br\\\/marketing\\\/#\\\/schema\\\/logo\\\/image\\\/\",\"url\":\"https:\\\/\\\/www.cidademarketing.com.br\\\/marketing\\\/wp-content\\\/uploads\\\/2020\\\/01\\\/cidademarketing_marca_mobile.png\",\"contentUrl\":\"https:\\\/\\\/www.cidademarketing.com.br\\\/marketing\\\/wp-content\\\/uploads\\\/2020\\\/01\\\/cidademarketing_marca_mobile.png\",\"width\":230,\"height\":92,\"caption\":\"CidadeMarketing\"},\"image\":{\"@id\":\"https:\\\/\\\/www.cidademarketing.com.br\\\/marketing\\\/#\\\/schema\\\/logo\\\/image\\\/\"},\"sameAs\":[\"https:\\\/\\\/www.facebook.com\\\/portalcidademarketing\",\"https:\\\/\\\/x.com\\\/CidadeMarketing\",\"https:\\\/\\\/www.instagram.com\\\/cidademarketing\\\/\"]},{\"@type\":\"Person\",\"@id\":\"https:\\\/\\\/www.cidademarketing.com.br\\\/marketing\\\/#\\\/schema\\\/person\\\/02daff9f18bd9378c9e01eb6b2db155f\",\"name\":\"Thales Brand\u00e3o\",\"image\":{\"@type\":\"ImageObject\",\"inLanguage\":\"pt-BR\",\"@id\":\"https:\\\/\\\/secure.gravatar.com\\\/avatar\\\/7ca3206950207cc3cb48feec56a8a7898741ab725c368d99d5d7a5a50aab80c6?s=96&d=mm&r=g\",\"url\":\"https:\\\/\\\/secure.gravatar.com\\\/avatar\\\/7ca3206950207cc3cb48feec56a8a7898741ab725c368d99d5d7a5a50aab80c6?s=96&d=mm&r=g\",\"contentUrl\":\"https:\\\/\\\/secure.gravatar.com\\\/avatar\\\/7ca3206950207cc3cb48feec56a8a7898741ab725c368d99d5d7a5a50aab80c6?s=96&d=mm&r=g\",\"caption\":\"Thales Brand\u00e3o\"},\"description\":\"Editor Executivo do Portal CidadeMarketing.com.br &gt; Mestre em Comunica\u00e7\u00e3o e Sociedade pela Universidade Federal de Sergipe. Possui MBA Executivo em Administra\u00e7\u00e3o com \u00eanfase em Marketing pela Funda\u00e7\u00e3o Get\u00falio Vargas - Rio de Janeiro. Consultor, Palestrante e Pesquisador sobre Empreendedorismo, Marketing, Redes Sociais e Neg\u00f3cios Digitais. Professor, Palestrante TedxTalks e Campus Party. Twitter: @ThalesBrandao\",\"sameAs\":[\"http:\\\/\\\/www.mandacaru.com.br\",\"https:\\\/\\\/www.facebook.com\\\/thalesbrandao\",\"http:\\\/\\\/www.instagram.com.br\\\/thalesbrandaoferreira\",\"https:\\\/\\\/www.linkedin.com\\\/in\\\/thales-brand\u00e3o-3948609\\\/\",\"https:\\\/\\\/x.com\\\/http:\\\/\\\/www.twitter.com\\\/thalesbrandao\"],\"url\":\"https:\\\/\\\/www.cidademarketing.com.br\\\/marketing\\\/author\\\/thalesbrandao\\\/\"}]}<\/script>\n<!-- \/ Yoast SEO plugin. -->","yoast_head_json":{"title":"Nissan e Honda se juntam para acelerar tecnologias voltadas para a eletrifica\u00e7\u00e3o automotiva - CidadeMarketing","robots":{"index":"index","follow":"follow","max-snippet":"max-snippet:-1","max-image-preview":"max-image-preview:large","max-video-preview":"max-video-preview:-1"},"canonical":"https:\/\/www.cidademarketing.com.br\/marketing\/2024\/12\/23\/nissan-e-honda-se-juntam-para-acelerar-tecnologias-voltadas-para-a-eletrificacao-automotiva\/","og_locale":"pt_BR","og_type":"article","og_title":"Nissan e Honda se juntam para acelerar tecnologias voltadas para a eletrifica\u00e7\u00e3o automotiva - CidadeMarketing","og_description":"Em uma movimenta\u00e7\u00e3o estrat\u00e9gica que promete redefinir o mercado automotivo global, a Nissan Motor Co., Ltd. e a Honda Motor Co., Ltd. anunciaram a assinatura de um memorando de entendimento (MOU) para a forma\u00e7\u00e3o de uma holding conjunta. A uni\u00e3o, que inclui potencialmente a Mitsubishi Motors, controlada pela Nissan, resultar\u00e1 na cria\u00e7\u00e3o do terceiro maior [&hellip;]","og_url":"https:\/\/www.cidademarketing.com.br\/marketing\/2024\/12\/23\/nissan-e-honda-se-juntam-para-acelerar-tecnologias-voltadas-para-a-eletrificacao-automotiva\/","og_site_name":"CidadeMarketing","article_publisher":"https:\/\/www.facebook.com\/portalcidademarketing","article_author":"https:\/\/www.facebook.com\/thalesbrandao","article_published_time":"2024-12-23T16:41:03+00:00","og_image":[{"width":2560,"height":1707,"url":"https:\/\/www.cidademarketing.com.br\/marketing\/wp-content\/uploads\/2024\/12\/uniao_fusao_nissan_honda-scaled.webp","type":"image\/webp"}],"author":"Thales Brand\u00e3o","twitter_card":"summary_large_image","twitter_creator":"@http:\/\/www.twitter.com\/thalesbrandao","twitter_site":"@CidadeMarketing","twitter_misc":{"Escrito por":"Thales Brand\u00e3o","Est. tempo de leitura":"5 minutos"},"schema":{"@context":"https:\/\/schema.org","@graph":[{"@type":"Article","@id":"https:\/\/www.cidademarketing.com.br\/marketing\/2024\/12\/23\/nissan-e-honda-se-juntam-para-acelerar-tecnologias-voltadas-para-a-eletrificacao-automotiva\/#article","isPartOf":{"@id":"https:\/\/www.cidademarketing.com.br\/marketing\/2024\/12\/23\/nissan-e-honda-se-juntam-para-acelerar-tecnologias-voltadas-para-a-eletrificacao-automotiva\/"},"author":{"name":"Thales Brand\u00e3o","@id":"https:\/\/www.cidademarketing.com.br\/marketing\/#\/schema\/person\/02daff9f18bd9378c9e01eb6b2db155f"},"headline":"Nissan e Honda se juntam para acelerar tecnologias voltadas para a eletrifica\u00e7\u00e3o automotiva","datePublished":"2024-12-23T16:41:03+00:00","mainEntityOfPage":{"@id":"https:\/\/www.cidademarketing.com.br\/marketing\/2024\/12\/23\/nissan-e-honda-se-juntam-para-acelerar-tecnologias-voltadas-para-a-eletrificacao-automotiva\/"},"wordCount":1019,"commentCount":0,"publisher":{"@id":"https:\/\/www.cidademarketing.com.br\/marketing\/#organization"},"image":{"@id":"https:\/\/www.cidademarketing.com.br\/marketing\/2024\/12\/23\/nissan-e-honda-se-juntam-para-acelerar-tecnologias-voltadas-para-a-eletrificacao-automotiva\/#primaryimage"},"thumbnailUrl":"https:\/\/www.cidademarketing.com.br\/marketing\/wp-content\/uploads\/2024\/12\/uniao_fusao_nissan_honda-scaled.webp","keywords":["autom\u00f3veis","campanha","carro el\u00e9trico","eletrifica\u00e7\u00e3o","estrat\u00e9gia","fus\u00e3o","Honda","marketing","Nissan","Uni\u00e3o"],"articleSection":["Not\u00edcias"],"inLanguage":"pt-BR","potentialAction":[{"@type":"CommentAction","name":"Comment","target":["https:\/\/www.cidademarketing.com.br\/marketing\/2024\/12\/23\/nissan-e-honda-se-juntam-para-acelerar-tecnologias-voltadas-para-a-eletrificacao-automotiva\/#respond"]}]},{"@type":"WebPage","@id":"https:\/\/www.cidademarketing.com.br\/marketing\/2024\/12\/23\/nissan-e-honda-se-juntam-para-acelerar-tecnologias-voltadas-para-a-eletrificacao-automotiva\/","url":"https:\/\/www.cidademarketing.com.br\/marketing\/2024\/12\/23\/nissan-e-honda-se-juntam-para-acelerar-tecnologias-voltadas-para-a-eletrificacao-automotiva\/","name":"Nissan e Honda se juntam para acelerar tecnologias voltadas para a eletrifica\u00e7\u00e3o automotiva - CidadeMarketing","isPartOf":{"@id":"https:\/\/www.cidademarketing.com.br\/marketing\/#website"},"primaryImageOfPage":{"@id":"https:\/\/www.cidademarketing.com.br\/marketing\/2024\/12\/23\/nissan-e-honda-se-juntam-para-acelerar-tecnologias-voltadas-para-a-eletrificacao-automotiva\/#primaryimage"},"image":{"@id":"https:\/\/www.cidademarketing.com.br\/marketing\/2024\/12\/23\/nissan-e-honda-se-juntam-para-acelerar-tecnologias-voltadas-para-a-eletrificacao-automotiva\/#primaryimage"},"thumbnailUrl":"https:\/\/www.cidademarketing.com.br\/marketing\/wp-content\/uploads\/2024\/12\/uniao_fusao_nissan_honda-scaled.webp","datePublished":"2024-12-23T16:41:03+00:00","breadcrumb":{"@id":"https:\/\/www.cidademarketing.com.br\/marketing\/2024\/12\/23\/nissan-e-honda-se-juntam-para-acelerar-tecnologias-voltadas-para-a-eletrificacao-automotiva\/#breadcrumb"},"inLanguage":"pt-BR","potentialAction":[{"@type":"ReadAction","target":["https:\/\/www.cidademarketing.com.br\/marketing\/2024\/12\/23\/nissan-e-honda-se-juntam-para-acelerar-tecnologias-voltadas-para-a-eletrificacao-automotiva\/"]}]},{"@type":"ImageObject","inLanguage":"pt-BR","@id":"https:\/\/www.cidademarketing.com.br\/marketing\/2024\/12\/23\/nissan-e-honda-se-juntam-para-acelerar-tecnologias-voltadas-para-a-eletrificacao-automotiva\/#primaryimage","url":"https:\/\/www.cidademarketing.com.br\/marketing\/wp-content\/uploads\/2024\/12\/uniao_fusao_nissan_honda-scaled.webp","contentUrl":"https:\/\/www.cidademarketing.com.br\/marketing\/wp-content\/uploads\/2024\/12\/uniao_fusao_nissan_honda-scaled.webp","width":2560,"height":1707,"caption":"Divulga\u00e7\u00e3o"},{"@type":"BreadcrumbList","@id":"https:\/\/www.cidademarketing.com.br\/marketing\/2024\/12\/23\/nissan-e-honda-se-juntam-para-acelerar-tecnologias-voltadas-para-a-eletrificacao-automotiva\/#breadcrumb","itemListElement":[{"@type":"ListItem","position":1,"name":"In\u00edcio","item":"https:\/\/www.cidademarketing.com.br\/marketing\/"},{"@type":"ListItem","position":2,"name":"Nissan e Honda se juntam para acelerar tecnologias voltadas para a eletrifica\u00e7\u00e3o automotiva"}]},{"@type":"WebSite","@id":"https:\/\/www.cidademarketing.com.br\/marketing\/#website","url":"https:\/\/www.cidademarketing.com.br\/marketing\/","name":"CidadeMarketing","description":"Somos um ve\u00edculo de comunica\u00e7\u00e3o de destaque no Brasil, reconhecido por conte\u00fados nos segmentos de marketing, empreendedorismo e inova\u00e7\u00e3o.","publisher":{"@id":"https:\/\/www.cidademarketing.com.br\/marketing\/#organization"},"alternateName":"CidadeMarketing","potentialAction":[{"@type":"SearchAction","target":{"@type":"EntryPoint","urlTemplate":"https:\/\/www.cidademarketing.com.br\/marketing\/?s={search_term_string}"},"query-input":{"@type":"PropertyValueSpecification","valueRequired":true,"valueName":"search_term_string"}}],"inLanguage":"pt-BR"},{"@type":"Organization","@id":"https:\/\/www.cidademarketing.com.br\/marketing\/#organization","name":"CidadeMarketing","alternateName":"CidadeMarketing","url":"https:\/\/www.cidademarketing.com.br\/marketing\/","logo":{"@type":"ImageObject","inLanguage":"pt-BR","@id":"https:\/\/www.cidademarketing.com.br\/marketing\/#\/schema\/logo\/image\/","url":"https:\/\/www.cidademarketing.com.br\/marketing\/wp-content\/uploads\/2020\/01\/cidademarketing_marca_mobile.png","contentUrl":"https:\/\/www.cidademarketing.com.br\/marketing\/wp-content\/uploads\/2020\/01\/cidademarketing_marca_mobile.png","width":230,"height":92,"caption":"CidadeMarketing"},"image":{"@id":"https:\/\/www.cidademarketing.com.br\/marketing\/#\/schema\/logo\/image\/"},"sameAs":["https:\/\/www.facebook.com\/portalcidademarketing","https:\/\/x.com\/CidadeMarketing","https:\/\/www.instagram.com\/cidademarketing\/"]},{"@type":"Person","@id":"https:\/\/www.cidademarketing.com.br\/marketing\/#\/schema\/person\/02daff9f18bd9378c9e01eb6b2db155f","name":"Thales Brand\u00e3o","image":{"@type":"ImageObject","inLanguage":"pt-BR","@id":"https:\/\/secure.gravatar.com\/avatar\/7ca3206950207cc3cb48feec56a8a7898741ab725c368d99d5d7a5a50aab80c6?s=96&d=mm&r=g","url":"https:\/\/secure.gravatar.com\/avatar\/7ca3206950207cc3cb48feec56a8a7898741ab725c368d99d5d7a5a50aab80c6?s=96&d=mm&r=g","contentUrl":"https:\/\/secure.gravatar.com\/avatar\/7ca3206950207cc3cb48feec56a8a7898741ab725c368d99d5d7a5a50aab80c6?s=96&d=mm&r=g","caption":"Thales Brand\u00e3o"},"description":"Editor Executivo do Portal CidadeMarketing.com.br &gt; Mestre em Comunica\u00e7\u00e3o e Sociedade pela Universidade Federal de Sergipe. Possui MBA Executivo em Administra\u00e7\u00e3o com \u00eanfase em Marketing pela Funda\u00e7\u00e3o Get\u00falio Vargas - Rio de Janeiro. Consultor, Palestrante e Pesquisador sobre Empreendedorismo, Marketing, Redes Sociais e Neg\u00f3cios Digitais. Professor, Palestrante TedxTalks e Campus Party. Twitter: @ThalesBrandao","sameAs":["http:\/\/www.mandacaru.com.br","https:\/\/www.facebook.com\/thalesbrandao","http:\/\/www.instagram.com.br\/thalesbrandaoferreira","https:\/\/www.linkedin.com\/in\/thales-brand\u00e3o-3948609\/","https:\/\/x.com\/http:\/\/www.twitter.com\/thalesbrandao"],"url":"https:\/\/www.cidademarketing.com.br\/marketing\/author\/thalesbrandao\/"}]}},"amp_enabled":true,"_links":{"self":[{"href":"https:\/\/www.cidademarketing.com.br\/marketing\/wp-json\/wp\/v2\/posts\/54339","targetHints":{"allow":["GET"]}}],"collection":[{"href":"https:\/\/www.cidademarketing.com.br\/marketing\/wp-json\/wp\/v2\/posts"}],"about":[{"href":"https:\/\/www.cidademarketing.com.br\/marketing\/wp-json\/wp\/v2\/types\/post"}],"author":[{"embeddable":true,"href":"https:\/\/www.cidademarketing.com.br\/marketing\/wp-json\/wp\/v2\/users\/1"}],"replies":[{"embeddable":true,"href":"https:\/\/www.cidademarketing.com.br\/marketing\/wp-json\/wp\/v2\/comments?post=54339"}],"version-history":[{"count":1,"href":"https:\/\/www.cidademarketing.com.br\/marketing\/wp-json\/wp\/v2\/posts\/54339\/revisions"}],"predecessor-version":[{"id":54341,"href":"https:\/\/www.cidademarketing.com.br\/marketing\/wp-json\/wp\/v2\/posts\/54339\/revisions\/54341"}],"wp:featuredmedia":[{"embeddable":true,"href":"https:\/\/www.cidademarketing.com.br\/marketing\/wp-json\/wp\/v2\/media\/54340"}],"wp:attachment":[{"href":"https:\/\/www.cidademarketing.com.br\/marketing\/wp-json\/wp\/v2\/media?parent=54339"}],"wp:term":[{"taxonomy":"category","embeddable":true,"href":"https:\/\/www.cidademarketing.com.br\/marketing\/wp-json\/wp\/v2\/categories?post=54339"},{"taxonomy":"post_tag","embeddable":true,"href":"https:\/\/www.cidademarketing.com.br\/marketing\/wp-json\/wp\/v2\/tags?post=54339"}],"curies":[{"name":"wp","href":"https:\/\/api.w.org\/{rel}","templated":true}]}}