{"id":54172,"date":"2024-12-11T15:42:40","date_gmt":"2024-12-11T18:42:40","guid":{"rendered":"https:\/\/www.cidademarketing.com.br\/marketing\/?p=54172"},"modified":"2024-12-11T15:43:11","modified_gmt":"2024-12-11T18:43:11","slug":"fora-do-ar-whatsapp-e-instagram-enfrentam-instabilidades-no-brasil-e-outros-paises","status":"publish","type":"post","link":"https:\/\/www.cidademarketing.com.br\/marketing\/2024\/12\/11\/fora-do-ar-whatsapp-e-instagram-enfrentam-instabilidades-no-brasil-e-outros-paises\/","title":{"rendered":"Fora do ar: WhatsApp e Instagram enfrentam instabilidades no Brasil e outros pa\u00edses"},"content":{"rendered":"<p>Na tarde desta quarta-feira (11), usu\u00e1rios do WhatsApp e Instagram enfrentaram dificuldades para acessar as plataformas. O problema, identificado por volta das 15h, foi amplamente reportado no site Downdetector, que monitora falhas em servi\u00e7os digitais em tempo real. At\u00e9 o momento, as instabilidades persistem, deixando muitos usu\u00e1rios e empresas sem acesso \u00e0s ferramentas.<\/p>\n<p>As reclama\u00e7\u00f5es rapidamente tomaram conta de outras redes sociais, como Twitter e Threads, onde usu\u00e1rios relataram o impacto das falhas. Para muitos, o WhatsApp \u00e9 a principal ferramenta de comunica\u00e7\u00e3o, enquanto o Instagram \u00e9 essencial para a promo\u00e7\u00e3o de produtos e servi\u00e7os.<\/p>\n<p>Neg\u00f3cios que utilizam o WhatsApp Business para atendimento ao cliente e fechamento de vendas foram especialmente afetados. Pequenos empreendedores expressaram preocupa\u00e7\u00e3o com a perda de oportunidades de neg\u00f3cios e atrasos em entregas e negocia\u00e7\u00f5es.<\/p>\n<p>A instabilidade tamb\u00e9m foi reportada por usu\u00e1rios de outros pa\u00edses e por ve\u00edculos de comunica\u00e7\u00e3o internacionais, destacando o alcance global do problema.<\/p>\n<p>O Downdetector apontou um pico de notifica\u00e7\u00f5es sobre problemas no WhatsApp e Instagram logo ap\u00f3s as 15h. Os relatos incluem mensagens que n\u00e3o s\u00e3o enviadas, falhas no carregamento de conte\u00fados no Instagram e dificuldades para acessar ambas as plataformas.<\/p>\n<p><img fetchpriority=\"high\" decoding=\"async\" class=\"alignnone wp-image-54173 size-full\" src=\"https:\/\/www.cidademarketing.com.br\/marketing\/wp-content\/uploads\/2024\/12\/foradoarwhatsapp.webp\" alt=\"\" width=\"984\" height=\"401\" srcset=\"https:\/\/www.cidademarketing.com.br\/marketing\/wp-content\/uploads\/2024\/12\/foradoarwhatsapp.webp 984w, https:\/\/www.cidademarketing.com.br\/marketing\/wp-content\/uploads\/2024\/12\/foradoarwhatsapp-300x122.webp 300w, https:\/\/www.cidademarketing.com.br\/marketing\/wp-content\/uploads\/2024\/12\/foradoarwhatsapp-768x313.webp 768w, https:\/\/www.cidademarketing.com.br\/marketing\/wp-content\/uploads\/2024\/12\/foradoarwhatsapp-640x261.webp 640w, https:\/\/www.cidademarketing.com.br\/marketing\/wp-content\/uploads\/2024\/12\/foradoarwhatsapp-681x278.webp 681w\" sizes=\"(max-width: 984px) 100vw, 984px\" \/><\/p>\n<p>At\u00e9 o fechamento desta mat\u00e9ria, o WhatsApp e o Instagram, ambos pertencentes \u00e0 Meta, n\u00e3o emitiram um comunicado oficial sobre a situa\u00e7\u00e3o. O espa\u00e7o segue aberto para esclarecimentos e atualiza\u00e7\u00f5es por parte da empresa.<\/p>\n","protected":false},"excerpt":{"rendered":"<p>Na tarde desta quarta-feira (11), usu\u00e1rios do WhatsApp e Instagram enfrentaram dificuldades para acessar as plataformas. O problema, identificado por volta das 15h, foi amplamente reportado no site Downdetector, que monitora falhas em servi\u00e7os digitais em tempo real. At\u00e9 o momento, as instabilidades persistem, deixando muitos usu\u00e1rios e empresas sem acesso \u00e0s ferramentas. As reclama\u00e7\u00f5es [&hellip;]<\/p>\n","protected":false},"author":1,"featured_media":50625,"comment_status":"open","ping_status":"open","sticky":false,"template":"","format":"standard","meta":{"tdm_status":"","tdm_grid_status":"","footnotes":""},"categories":[11,6],"tags":[308,8522,5223,1008,221,28,26,25,125],"class_list":["post-54172","post","type-post","status-publish","format-standard","has-post-thumbnail","hentry","category-digital","category-noticias","tag-comunicacao","tag-downdetector","tag-erro","tag-falhas","tag-instagram","tag-marketing","tag-marketing-digital","tag-redes-sociais","tag-whatsapp"],"yoast_head":"<!-- This site is optimized with the Yoast SEO plugin v27.5 - https:\/\/yoast.com\/product\/yoast-seo-wordpress\/ -->\n<title>Fora do ar: WhatsApp e Instagram enfrentam instabilidades no Brasil e outros pa\u00edses - CidadeMarketing<\/title>\n<meta name=\"robots\" content=\"index, follow, max-snippet:-1, max-image-preview:large, max-video-preview:-1\" \/>\n<link rel=\"canonical\" href=\"https:\/\/www.cidademarketing.com.br\/marketing\/2024\/12\/11\/fora-do-ar-whatsapp-e-instagram-enfrentam-instabilidades-no-brasil-e-outros-paises\/\" \/>\n<meta property=\"og:locale\" content=\"pt_BR\" \/>\n<meta property=\"og:type\" content=\"article\" \/>\n<meta property=\"og:title\" content=\"Fora do ar: WhatsApp e Instagram enfrentam instabilidades no Brasil e outros pa\u00edses - CidadeMarketing\" \/>\n<meta property=\"og:description\" content=\"Na tarde desta quarta-feira (11), usu\u00e1rios do WhatsApp e Instagram enfrentaram dificuldades para acessar as plataformas. O problema, identificado por volta das 15h, foi amplamente reportado no site Downdetector, que monitora falhas em servi\u00e7os digitais em tempo real. At\u00e9 o momento, as instabilidades persistem, deixando muitos usu\u00e1rios e empresas sem acesso \u00e0s ferramentas. As reclama\u00e7\u00f5es [&hellip;]\" \/>\n<meta property=\"og:url\" content=\"https:\/\/www.cidademarketing.com.br\/marketing\/2024\/12\/11\/fora-do-ar-whatsapp-e-instagram-enfrentam-instabilidades-no-brasil-e-outros-paises\/\" \/>\n<meta property=\"og:site_name\" content=\"CidadeMarketing\" \/>\n<meta property=\"article:publisher\" content=\"https:\/\/www.facebook.com\/portalcidademarketing\" \/>\n<meta property=\"article:author\" content=\"https:\/\/www.facebook.com\/thalesbrandao\" \/>\n<meta property=\"article:published_time\" content=\"2024-12-11T18:42:40+00:00\" \/>\n<meta property=\"article:modified_time\" content=\"2024-12-11T18:43:11+00:00\" \/>\n<meta property=\"og:image\" content=\"https:\/\/www.cidademarketing.com.br\/marketing\/wp-content\/uploads\/2024\/04\/whatsapp_marca.webp\" \/>\n\t<meta property=\"og:image:width\" content=\"864\" \/>\n\t<meta property=\"og:image:height\" content=\"864\" \/>\n\t<meta property=\"og:image:type\" content=\"image\/webp\" \/>\n<meta name=\"author\" content=\"Thales Brand\u00e3o\" \/>\n<meta name=\"twitter:card\" content=\"summary_large_image\" \/>\n<meta name=\"twitter:creator\" content=\"@http:\/\/www.twitter.com\/thalesbrandao\" \/>\n<meta name=\"twitter:site\" content=\"@CidadeMarketing\" \/>\n<meta name=\"twitter:label1\" content=\"Escrito por\" \/>\n\t<meta name=\"twitter:data1\" content=\"Thales Brand\u00e3o\" \/>\n\t<meta name=\"twitter:label2\" content=\"Est. tempo de leitura\" \/>\n\t<meta name=\"twitter:data2\" content=\"1 minuto\" \/>\n<script type=\"application\/ld+json\" class=\"yoast-schema-graph\">{\"@context\":\"https:\\\/\\\/schema.org\",\"@graph\":[{\"@type\":\"Article\",\"@id\":\"https:\\\/\\\/www.cidademarketing.com.br\\\/marketing\\\/2024\\\/12\\\/11\\\/fora-do-ar-whatsapp-e-instagram-enfrentam-instabilidades-no-brasil-e-outros-paises\\\/#article\",\"isPartOf\":{\"@id\":\"https:\\\/\\\/www.cidademarketing.com.br\\\/marketing\\\/2024\\\/12\\\/11\\\/fora-do-ar-whatsapp-e-instagram-enfrentam-instabilidades-no-brasil-e-outros-paises\\\/\"},\"author\":{\"name\":\"Thales Brand\u00e3o\",\"@id\":\"https:\\\/\\\/www.cidademarketing.com.br\\\/marketing\\\/#\\\/schema\\\/person\\\/02daff9f18bd9378c9e01eb6b2db155f\"},\"headline\":\"Fora do ar: WhatsApp e Instagram enfrentam instabilidades no Brasil e outros pa\u00edses\",\"datePublished\":\"2024-12-11T18:42:40+00:00\",\"dateModified\":\"2024-12-11T18:43:11+00:00\",\"mainEntityOfPage\":{\"@id\":\"https:\\\/\\\/www.cidademarketing.com.br\\\/marketing\\\/2024\\\/12\\\/11\\\/fora-do-ar-whatsapp-e-instagram-enfrentam-instabilidades-no-brasil-e-outros-paises\\\/\"},\"wordCount\":261,\"commentCount\":0,\"publisher\":{\"@id\":\"https:\\\/\\\/www.cidademarketing.com.br\\\/marketing\\\/#organization\"},\"image\":{\"@id\":\"https:\\\/\\\/www.cidademarketing.com.br\\\/marketing\\\/2024\\\/12\\\/11\\\/fora-do-ar-whatsapp-e-instagram-enfrentam-instabilidades-no-brasil-e-outros-paises\\\/#primaryimage\"},\"thumbnailUrl\":\"https:\\\/\\\/www.cidademarketing.com.br\\\/marketing\\\/wp-content\\\/uploads\\\/2024\\\/04\\\/whatsapp_marca.webp\",\"keywords\":[\"comunica\u00e7\u00e3o\",\"Downdetector\",\"erro\",\"falhas\",\"instagram\",\"marketing\",\"marketing digital\",\"redes sociais\",\"WhatsApp\"],\"articleSection\":[\"Digital\",\"Not\u00edcias\"],\"inLanguage\":\"pt-BR\",\"potentialAction\":[{\"@type\":\"CommentAction\",\"name\":\"Comment\",\"target\":[\"https:\\\/\\\/www.cidademarketing.com.br\\\/marketing\\\/2024\\\/12\\\/11\\\/fora-do-ar-whatsapp-e-instagram-enfrentam-instabilidades-no-brasil-e-outros-paises\\\/#respond\"]}]},{\"@type\":\"WebPage\",\"@id\":\"https:\\\/\\\/www.cidademarketing.com.br\\\/marketing\\\/2024\\\/12\\\/11\\\/fora-do-ar-whatsapp-e-instagram-enfrentam-instabilidades-no-brasil-e-outros-paises\\\/\",\"url\":\"https:\\\/\\\/www.cidademarketing.com.br\\\/marketing\\\/2024\\\/12\\\/11\\\/fora-do-ar-whatsapp-e-instagram-enfrentam-instabilidades-no-brasil-e-outros-paises\\\/\",\"name\":\"Fora do ar: WhatsApp e Instagram enfrentam instabilidades no Brasil e outros pa\u00edses - CidadeMarketing\",\"isPartOf\":{\"@id\":\"https:\\\/\\\/www.cidademarketing.com.br\\\/marketing\\\/#website\"},\"primaryImageOfPage\":{\"@id\":\"https:\\\/\\\/www.cidademarketing.com.br\\\/marketing\\\/2024\\\/12\\\/11\\\/fora-do-ar-whatsapp-e-instagram-enfrentam-instabilidades-no-brasil-e-outros-paises\\\/#primaryimage\"},\"image\":{\"@id\":\"https:\\\/\\\/www.cidademarketing.com.br\\\/marketing\\\/2024\\\/12\\\/11\\\/fora-do-ar-whatsapp-e-instagram-enfrentam-instabilidades-no-brasil-e-outros-paises\\\/#primaryimage\"},\"thumbnailUrl\":\"https:\\\/\\\/www.cidademarketing.com.br\\\/marketing\\\/wp-content\\\/uploads\\\/2024\\\/04\\\/whatsapp_marca.webp\",\"datePublished\":\"2024-12-11T18:42:40+00:00\",\"dateModified\":\"2024-12-11T18:43:11+00:00\",\"breadcrumb\":{\"@id\":\"https:\\\/\\\/www.cidademarketing.com.br\\\/marketing\\\/2024\\\/12\\\/11\\\/fora-do-ar-whatsapp-e-instagram-enfrentam-instabilidades-no-brasil-e-outros-paises\\\/#breadcrumb\"},\"inLanguage\":\"pt-BR\",\"potentialAction\":[{\"@type\":\"ReadAction\",\"target\":[\"https:\\\/\\\/www.cidademarketing.com.br\\\/marketing\\\/2024\\\/12\\\/11\\\/fora-do-ar-whatsapp-e-instagram-enfrentam-instabilidades-no-brasil-e-outros-paises\\\/\"]}]},{\"@type\":\"ImageObject\",\"inLanguage\":\"pt-BR\",\"@id\":\"https:\\\/\\\/www.cidademarketing.com.br\\\/marketing\\\/2024\\\/12\\\/11\\\/fora-do-ar-whatsapp-e-instagram-enfrentam-instabilidades-no-brasil-e-outros-paises\\\/#primaryimage\",\"url\":\"https:\\\/\\\/www.cidademarketing.com.br\\\/marketing\\\/wp-content\\\/uploads\\\/2024\\\/04\\\/whatsapp_marca.webp\",\"contentUrl\":\"https:\\\/\\\/www.cidademarketing.com.br\\\/marketing\\\/wp-content\\\/uploads\\\/2024\\\/04\\\/whatsapp_marca.webp\",\"width\":864,\"height\":864},{\"@type\":\"BreadcrumbList\",\"@id\":\"https:\\\/\\\/www.cidademarketing.com.br\\\/marketing\\\/2024\\\/12\\\/11\\\/fora-do-ar-whatsapp-e-instagram-enfrentam-instabilidades-no-brasil-e-outros-paises\\\/#breadcrumb\",\"itemListElement\":[{\"@type\":\"ListItem\",\"position\":1,\"name\":\"In\u00edcio\",\"item\":\"https:\\\/\\\/www.cidademarketing.com.br\\\/marketing\\\/\"},{\"@type\":\"ListItem\",\"position\":2,\"name\":\"Fora do ar: WhatsApp e Instagram enfrentam instabilidades no Brasil e outros pa\u00edses\"}]},{\"@type\":\"WebSite\",\"@id\":\"https:\\\/\\\/www.cidademarketing.com.br\\\/marketing\\\/#website\",\"url\":\"https:\\\/\\\/www.cidademarketing.com.br\\\/marketing\\\/\",\"name\":\"CidadeMarketing\",\"description\":\"Somos um ve\u00edculo de comunica\u00e7\u00e3o de destaque no Brasil, reconhecido por conte\u00fados nos segmentos de marketing, empreendedorismo e inova\u00e7\u00e3o.\",\"publisher\":{\"@id\":\"https:\\\/\\\/www.cidademarketing.com.br\\\/marketing\\\/#organization\"},\"alternateName\":\"CidadeMarketing\",\"potentialAction\":[{\"@type\":\"SearchAction\",\"target\":{\"@type\":\"EntryPoint\",\"urlTemplate\":\"https:\\\/\\\/www.cidademarketing.com.br\\\/marketing\\\/?s={search_term_string}\"},\"query-input\":{\"@type\":\"PropertyValueSpecification\",\"valueRequired\":true,\"valueName\":\"search_term_string\"}}],\"inLanguage\":\"pt-BR\"},{\"@type\":\"Organization\",\"@id\":\"https:\\\/\\\/www.cidademarketing.com.br\\\/marketing\\\/#organization\",\"name\":\"CidadeMarketing\",\"alternateName\":\"CidadeMarketing\",\"url\":\"https:\\\/\\\/www.cidademarketing.com.br\\\/marketing\\\/\",\"logo\":{\"@type\":\"ImageObject\",\"inLanguage\":\"pt-BR\",\"@id\":\"https:\\\/\\\/www.cidademarketing.com.br\\\/marketing\\\/#\\\/schema\\\/logo\\\/image\\\/\",\"url\":\"https:\\\/\\\/www.cidademarketing.com.br\\\/marketing\\\/wp-content\\\/uploads\\\/2020\\\/01\\\/cidademarketing_marca_mobile.png\",\"contentUrl\":\"https:\\\/\\\/www.cidademarketing.com.br\\\/marketing\\\/wp-content\\\/uploads\\\/2020\\\/01\\\/cidademarketing_marca_mobile.png\",\"width\":230,\"height\":92,\"caption\":\"CidadeMarketing\"},\"image\":{\"@id\":\"https:\\\/\\\/www.cidademarketing.com.br\\\/marketing\\\/#\\\/schema\\\/logo\\\/image\\\/\"},\"sameAs\":[\"https:\\\/\\\/www.facebook.com\\\/portalcidademarketing\",\"https:\\\/\\\/x.com\\\/CidadeMarketing\",\"https:\\\/\\\/www.instagram.com\\\/cidademarketing\\\/\"]},{\"@type\":\"Person\",\"@id\":\"https:\\\/\\\/www.cidademarketing.com.br\\\/marketing\\\/#\\\/schema\\\/person\\\/02daff9f18bd9378c9e01eb6b2db155f\",\"name\":\"Thales Brand\u00e3o\",\"image\":{\"@type\":\"ImageObject\",\"inLanguage\":\"pt-BR\",\"@id\":\"https:\\\/\\\/secure.gravatar.com\\\/avatar\\\/7ca3206950207cc3cb48feec56a8a7898741ab725c368d99d5d7a5a50aab80c6?s=96&d=mm&r=g\",\"url\":\"https:\\\/\\\/secure.gravatar.com\\\/avatar\\\/7ca3206950207cc3cb48feec56a8a7898741ab725c368d99d5d7a5a50aab80c6?s=96&d=mm&r=g\",\"contentUrl\":\"https:\\\/\\\/secure.gravatar.com\\\/avatar\\\/7ca3206950207cc3cb48feec56a8a7898741ab725c368d99d5d7a5a50aab80c6?s=96&d=mm&r=g\",\"caption\":\"Thales Brand\u00e3o\"},\"description\":\"Editor Executivo do Portal CidadeMarketing.com.br &gt; Mestre em Comunica\u00e7\u00e3o e Sociedade pela Universidade Federal de Sergipe. Possui MBA Executivo em Administra\u00e7\u00e3o com \u00eanfase em Marketing pela Funda\u00e7\u00e3o Get\u00falio Vargas - Rio de Janeiro. Consultor, Palestrante e Pesquisador sobre Empreendedorismo, Marketing, Redes Sociais e Neg\u00f3cios Digitais. Professor, Palestrante TedxTalks e Campus Party. Twitter: @ThalesBrandao\",\"sameAs\":[\"http:\\\/\\\/www.mandacaru.com.br\",\"https:\\\/\\\/www.facebook.com\\\/thalesbrandao\",\"http:\\\/\\\/www.instagram.com.br\\\/thalesbrandaoferreira\",\"https:\\\/\\\/www.linkedin.com\\\/in\\\/thales-brand\u00e3o-3948609\\\/\",\"https:\\\/\\\/x.com\\\/http:\\\/\\\/www.twitter.com\\\/thalesbrandao\"],\"url\":\"https:\\\/\\\/www.cidademarketing.com.br\\\/marketing\\\/author\\\/thalesbrandao\\\/\"}]}<\/script>\n<!-- \/ Yoast SEO plugin. -->","yoast_head_json":{"title":"Fora do ar: WhatsApp e Instagram enfrentam instabilidades no Brasil e outros pa\u00edses - CidadeMarketing","robots":{"index":"index","follow":"follow","max-snippet":"max-snippet:-1","max-image-preview":"max-image-preview:large","max-video-preview":"max-video-preview:-1"},"canonical":"https:\/\/www.cidademarketing.com.br\/marketing\/2024\/12\/11\/fora-do-ar-whatsapp-e-instagram-enfrentam-instabilidades-no-brasil-e-outros-paises\/","og_locale":"pt_BR","og_type":"article","og_title":"Fora do ar: WhatsApp e Instagram enfrentam instabilidades no Brasil e outros pa\u00edses - CidadeMarketing","og_description":"Na tarde desta quarta-feira (11), usu\u00e1rios do WhatsApp e Instagram enfrentaram dificuldades para acessar as plataformas. O problema, identificado por volta das 15h, foi amplamente reportado no site Downdetector, que monitora falhas em servi\u00e7os digitais em tempo real. At\u00e9 o momento, as instabilidades persistem, deixando muitos usu\u00e1rios e empresas sem acesso \u00e0s ferramentas. As reclama\u00e7\u00f5es [&hellip;]","og_url":"https:\/\/www.cidademarketing.com.br\/marketing\/2024\/12\/11\/fora-do-ar-whatsapp-e-instagram-enfrentam-instabilidades-no-brasil-e-outros-paises\/","og_site_name":"CidadeMarketing","article_publisher":"https:\/\/www.facebook.com\/portalcidademarketing","article_author":"https:\/\/www.facebook.com\/thalesbrandao","article_published_time":"2024-12-11T18:42:40+00:00","article_modified_time":"2024-12-11T18:43:11+00:00","og_image":[{"width":864,"height":864,"url":"https:\/\/www.cidademarketing.com.br\/marketing\/wp-content\/uploads\/2024\/04\/whatsapp_marca.webp","type":"image\/webp"}],"author":"Thales Brand\u00e3o","twitter_card":"summary_large_image","twitter_creator":"@http:\/\/www.twitter.com\/thalesbrandao","twitter_site":"@CidadeMarketing","twitter_misc":{"Escrito por":"Thales Brand\u00e3o","Est. tempo de leitura":"1 minuto"},"schema":{"@context":"https:\/\/schema.org","@graph":[{"@type":"Article","@id":"https:\/\/www.cidademarketing.com.br\/marketing\/2024\/12\/11\/fora-do-ar-whatsapp-e-instagram-enfrentam-instabilidades-no-brasil-e-outros-paises\/#article","isPartOf":{"@id":"https:\/\/www.cidademarketing.com.br\/marketing\/2024\/12\/11\/fora-do-ar-whatsapp-e-instagram-enfrentam-instabilidades-no-brasil-e-outros-paises\/"},"author":{"name":"Thales Brand\u00e3o","@id":"https:\/\/www.cidademarketing.com.br\/marketing\/#\/schema\/person\/02daff9f18bd9378c9e01eb6b2db155f"},"headline":"Fora do ar: WhatsApp e Instagram enfrentam instabilidades no Brasil e outros pa\u00edses","datePublished":"2024-12-11T18:42:40+00:00","dateModified":"2024-12-11T18:43:11+00:00","mainEntityOfPage":{"@id":"https:\/\/www.cidademarketing.com.br\/marketing\/2024\/12\/11\/fora-do-ar-whatsapp-e-instagram-enfrentam-instabilidades-no-brasil-e-outros-paises\/"},"wordCount":261,"commentCount":0,"publisher":{"@id":"https:\/\/www.cidademarketing.com.br\/marketing\/#organization"},"image":{"@id":"https:\/\/www.cidademarketing.com.br\/marketing\/2024\/12\/11\/fora-do-ar-whatsapp-e-instagram-enfrentam-instabilidades-no-brasil-e-outros-paises\/#primaryimage"},"thumbnailUrl":"https:\/\/www.cidademarketing.com.br\/marketing\/wp-content\/uploads\/2024\/04\/whatsapp_marca.webp","keywords":["comunica\u00e7\u00e3o","Downdetector","erro","falhas","instagram","marketing","marketing digital","redes sociais","WhatsApp"],"articleSection":["Digital","Not\u00edcias"],"inLanguage":"pt-BR","potentialAction":[{"@type":"CommentAction","name":"Comment","target":["https:\/\/www.cidademarketing.com.br\/marketing\/2024\/12\/11\/fora-do-ar-whatsapp-e-instagram-enfrentam-instabilidades-no-brasil-e-outros-paises\/#respond"]}]},{"@type":"WebPage","@id":"https:\/\/www.cidademarketing.com.br\/marketing\/2024\/12\/11\/fora-do-ar-whatsapp-e-instagram-enfrentam-instabilidades-no-brasil-e-outros-paises\/","url":"https:\/\/www.cidademarketing.com.br\/marketing\/2024\/12\/11\/fora-do-ar-whatsapp-e-instagram-enfrentam-instabilidades-no-brasil-e-outros-paises\/","name":"Fora do ar: WhatsApp e Instagram enfrentam instabilidades no Brasil e outros pa\u00edses - CidadeMarketing","isPartOf":{"@id":"https:\/\/www.cidademarketing.com.br\/marketing\/#website"},"primaryImageOfPage":{"@id":"https:\/\/www.cidademarketing.com.br\/marketing\/2024\/12\/11\/fora-do-ar-whatsapp-e-instagram-enfrentam-instabilidades-no-brasil-e-outros-paises\/#primaryimage"},"image":{"@id":"https:\/\/www.cidademarketing.com.br\/marketing\/2024\/12\/11\/fora-do-ar-whatsapp-e-instagram-enfrentam-instabilidades-no-brasil-e-outros-paises\/#primaryimage"},"thumbnailUrl":"https:\/\/www.cidademarketing.com.br\/marketing\/wp-content\/uploads\/2024\/04\/whatsapp_marca.webp","datePublished":"2024-12-11T18:42:40+00:00","dateModified":"2024-12-11T18:43:11+00:00","breadcrumb":{"@id":"https:\/\/www.cidademarketing.com.br\/marketing\/2024\/12\/11\/fora-do-ar-whatsapp-e-instagram-enfrentam-instabilidades-no-brasil-e-outros-paises\/#breadcrumb"},"inLanguage":"pt-BR","potentialAction":[{"@type":"ReadAction","target":["https:\/\/www.cidademarketing.com.br\/marketing\/2024\/12\/11\/fora-do-ar-whatsapp-e-instagram-enfrentam-instabilidades-no-brasil-e-outros-paises\/"]}]},{"@type":"ImageObject","inLanguage":"pt-BR","@id":"https:\/\/www.cidademarketing.com.br\/marketing\/2024\/12\/11\/fora-do-ar-whatsapp-e-instagram-enfrentam-instabilidades-no-brasil-e-outros-paises\/#primaryimage","url":"https:\/\/www.cidademarketing.com.br\/marketing\/wp-content\/uploads\/2024\/04\/whatsapp_marca.webp","contentUrl":"https:\/\/www.cidademarketing.com.br\/marketing\/wp-content\/uploads\/2024\/04\/whatsapp_marca.webp","width":864,"height":864},{"@type":"BreadcrumbList","@id":"https:\/\/www.cidademarketing.com.br\/marketing\/2024\/12\/11\/fora-do-ar-whatsapp-e-instagram-enfrentam-instabilidades-no-brasil-e-outros-paises\/#breadcrumb","itemListElement":[{"@type":"ListItem","position":1,"name":"In\u00edcio","item":"https:\/\/www.cidademarketing.com.br\/marketing\/"},{"@type":"ListItem","position":2,"name":"Fora do ar: WhatsApp e Instagram enfrentam instabilidades no Brasil e outros pa\u00edses"}]},{"@type":"WebSite","@id":"https:\/\/www.cidademarketing.com.br\/marketing\/#website","url":"https:\/\/www.cidademarketing.com.br\/marketing\/","name":"CidadeMarketing","description":"Somos um ve\u00edculo de comunica\u00e7\u00e3o de destaque no Brasil, reconhecido por conte\u00fados nos segmentos de marketing, empreendedorismo e inova\u00e7\u00e3o.","publisher":{"@id":"https:\/\/www.cidademarketing.com.br\/marketing\/#organization"},"alternateName":"CidadeMarketing","potentialAction":[{"@type":"SearchAction","target":{"@type":"EntryPoint","urlTemplate":"https:\/\/www.cidademarketing.com.br\/marketing\/?s={search_term_string}"},"query-input":{"@type":"PropertyValueSpecification","valueRequired":true,"valueName":"search_term_string"}}],"inLanguage":"pt-BR"},{"@type":"Organization","@id":"https:\/\/www.cidademarketing.com.br\/marketing\/#organization","name":"CidadeMarketing","alternateName":"CidadeMarketing","url":"https:\/\/www.cidademarketing.com.br\/marketing\/","logo":{"@type":"ImageObject","inLanguage":"pt-BR","@id":"https:\/\/www.cidademarketing.com.br\/marketing\/#\/schema\/logo\/image\/","url":"https:\/\/www.cidademarketing.com.br\/marketing\/wp-content\/uploads\/2020\/01\/cidademarketing_marca_mobile.png","contentUrl":"https:\/\/www.cidademarketing.com.br\/marketing\/wp-content\/uploads\/2020\/01\/cidademarketing_marca_mobile.png","width":230,"height":92,"caption":"CidadeMarketing"},"image":{"@id":"https:\/\/www.cidademarketing.com.br\/marketing\/#\/schema\/logo\/image\/"},"sameAs":["https:\/\/www.facebook.com\/portalcidademarketing","https:\/\/x.com\/CidadeMarketing","https:\/\/www.instagram.com\/cidademarketing\/"]},{"@type":"Person","@id":"https:\/\/www.cidademarketing.com.br\/marketing\/#\/schema\/person\/02daff9f18bd9378c9e01eb6b2db155f","name":"Thales Brand\u00e3o","image":{"@type":"ImageObject","inLanguage":"pt-BR","@id":"https:\/\/secure.gravatar.com\/avatar\/7ca3206950207cc3cb48feec56a8a7898741ab725c368d99d5d7a5a50aab80c6?s=96&d=mm&r=g","url":"https:\/\/secure.gravatar.com\/avatar\/7ca3206950207cc3cb48feec56a8a7898741ab725c368d99d5d7a5a50aab80c6?s=96&d=mm&r=g","contentUrl":"https:\/\/secure.gravatar.com\/avatar\/7ca3206950207cc3cb48feec56a8a7898741ab725c368d99d5d7a5a50aab80c6?s=96&d=mm&r=g","caption":"Thales Brand\u00e3o"},"description":"Editor Executivo do Portal CidadeMarketing.com.br &gt; Mestre em Comunica\u00e7\u00e3o e Sociedade pela Universidade Federal de Sergipe. Possui MBA Executivo em Administra\u00e7\u00e3o com \u00eanfase em Marketing pela Funda\u00e7\u00e3o Get\u00falio Vargas - Rio de Janeiro. Consultor, Palestrante e Pesquisador sobre Empreendedorismo, Marketing, Redes Sociais e Neg\u00f3cios Digitais. Professor, Palestrante TedxTalks e Campus Party. Twitter: @ThalesBrandao","sameAs":["http:\/\/www.mandacaru.com.br","https:\/\/www.facebook.com\/thalesbrandao","http:\/\/www.instagram.com.br\/thalesbrandaoferreira","https:\/\/www.linkedin.com\/in\/thales-brand\u00e3o-3948609\/","https:\/\/x.com\/http:\/\/www.twitter.com\/thalesbrandao"],"url":"https:\/\/www.cidademarketing.com.br\/marketing\/author\/thalesbrandao\/"}]}},"amp_enabled":true,"_links":{"self":[{"href":"https:\/\/www.cidademarketing.com.br\/marketing\/wp-json\/wp\/v2\/posts\/54172","targetHints":{"allow":["GET"]}}],"collection":[{"href":"https:\/\/www.cidademarketing.com.br\/marketing\/wp-json\/wp\/v2\/posts"}],"about":[{"href":"https:\/\/www.cidademarketing.com.br\/marketing\/wp-json\/wp\/v2\/types\/post"}],"author":[{"embeddable":true,"href":"https:\/\/www.cidademarketing.com.br\/marketing\/wp-json\/wp\/v2\/users\/1"}],"replies":[{"embeddable":true,"href":"https:\/\/www.cidademarketing.com.br\/marketing\/wp-json\/wp\/v2\/comments?post=54172"}],"version-history":[{"count":1,"href":"https:\/\/www.cidademarketing.com.br\/marketing\/wp-json\/wp\/v2\/posts\/54172\/revisions"}],"predecessor-version":[{"id":54174,"href":"https:\/\/www.cidademarketing.com.br\/marketing\/wp-json\/wp\/v2\/posts\/54172\/revisions\/54174"}],"wp:featuredmedia":[{"embeddable":true,"href":"https:\/\/www.cidademarketing.com.br\/marketing\/wp-json\/wp\/v2\/media\/50625"}],"wp:attachment":[{"href":"https:\/\/www.cidademarketing.com.br\/marketing\/wp-json\/wp\/v2\/media?parent=54172"}],"wp:term":[{"taxonomy":"category","embeddable":true,"href":"https:\/\/www.cidademarketing.com.br\/marketing\/wp-json\/wp\/v2\/categories?post=54172"},{"taxonomy":"post_tag","embeddable":true,"href":"https:\/\/www.cidademarketing.com.br\/marketing\/wp-json\/wp\/v2\/tags?post=54172"}],"curies":[{"name":"wp","href":"https:\/\/api.w.org\/{rel}","templated":true}]}}