{"id":5405,"date":"2019-01-26T00:22:31","date_gmt":"2019-01-26T02:22:31","guid":{"rendered":"http:\/\/www.cidademarketing.com.br\/marketing\/?p=5405"},"modified":"2019-01-26T00:22:32","modified_gmt":"2019-01-26T02:22:32","slug":"vale-esclarece-sobre-a-estrutura-da-barragem-que-rompeu-em-brumadinho-minas-gerais","status":"publish","type":"post","link":"https:\/\/www.cidademarketing.com.br\/marketing\/2019\/01\/26\/vale-esclarece-sobre-a-estrutura-da-barragem-que-rompeu-em-brumadinho-minas-gerais\/","title":{"rendered":"Vale esclarece sobre a estrutura da barragem que rompeu em Brumadinho, Minas Gerais"},"content":{"rendered":"\n<p>Vale emitiu um comunicado explicando sobre a hist\u00f3ria, estrutura, fiscaliza\u00e7\u00e3o e auditoria da barragem I da Mina C\u00f3rrego do Feij\u00e3o localizada na cidade de Brumadinho\/MG:<\/p>\n\n\n\n<p><em>&#8220;A Barragem I da Mina C\u00f3rrego do Feij\u00e3o tinha como finalidade a disposi\u00e7\u00e3o de rejeitos provenientes da produ\u00e7\u00e3o e ficava situada em Brumadinho (MG). A mesma estava inativa (n\u00e3o recebia rejeitos), n\u00e3o tinha a presen\u00e7a de lago e n\u00e3o existia nenhum outro tipo de atividade operacional em andamento. No momento, encontrava-se em desenvolvimento o projeto de descomissionamento da mesma.<\/em><\/p>\n\n\n\n<p><em>A barragem foi constru\u00edda em 1976, pela Ferteco Minera\u00e7\u00e3o (adquirida pela Vale em 27 de Abril de 2001), pelo m\u00e9todo de alteamento a montante. A altura da barragem era de 86 metros, o comprimento da crista de 720 metros. Os rejeitos dispostos ocupavam uma \u00e1rea de 249,5 mil m2 e o volume disposto era de 11,7 milh\u00f5es de m3.<\/em><\/p>\n\n\n\n<p><em>A Barragem I possu\u00eda Declara\u00e7\u00f5es de Condi\u00e7\u00e3o de Estabilidade emitidas pela empresa TUV SUD do Brasil, empresa internacional especializada em Geotecnia. As Declara\u00e7\u00f5es de Condi\u00e7\u00e3o de Estabilidade foram emitidas em 13\/06\/18 e em 26\/09\/18, referentes aos processos de Revis\u00e3o Peri\u00f3dica de Seguran\u00e7a de Barragens e Inspe\u00e7\u00e3o Regular de Seguran\u00e7a de Barragens, respectivamente, conforme determina a portaria DNPM 70.389\/2017. A barragem possu\u00eda Fator de Seguran\u00e7a de acordo com as boas pr\u00e1ticas mundiais e acima da refer\u00eancia da Norma Brasileira. Ambas as declara\u00e7\u00f5es de estabilidade mencionadas atestam a seguran\u00e7a f\u00edsica e hidr\u00e1ulica da barragem.<\/em><\/p>\n\n\n\n<p><em>A Barragem passava por inspe\u00e7\u00f5es de campo quinzenais, todas reportadas \u00e0 ANM (Ag\u00eancia Nacional de Minera\u00e7\u00e3o) atrav\u00e9s do SIGBM (Sistema Integrado de Gest\u00e3o de Seguran\u00e7a de Barragens de Minera\u00e7\u00e3o). Sendo que a \u00faltima inspe\u00e7\u00e3o cadastrada no sistema da ANM foi executada em 21\/12\/18. Adicionalmente, a mesma passou por inspe\u00e7\u00f5es em 08\/01\/19 e 22\/01\/19, com registro no sistema de monitoramento da Vale. O cadastramento da inspe\u00e7\u00e3o na ANM, conforme legisla\u00e7\u00e3o, deve ser executado at\u00e9 o final da quinzena seguinte. Todas estas inspe\u00e7\u00f5es n\u00e3o detectaram nenhuma altera\u00e7\u00e3o no estado de conserva\u00e7\u00e3o da estrutura.<\/em><\/p>\n\n\n\n<p><em>A Barragem possu\u00eda 94 piez\u00f4metros e 41 INAs (Indicador de N\u00edvel D\u00b4\u00c1gua) para seu monitoramento. As informa\u00e7\u00f5es dos instrumentos eram coletadas periodicamente e todos os seus dados analisados pelos geot\u00e9cnicos respons\u00e1veis pela barragem. Dos 94 piez\u00f4metros, 46 eram automatizados.<\/em><\/p>\n\n\n\n<p><em>A Barragem possu\u00eda PAEBM (Plano de A\u00e7\u00f5es Emergenciais de Barragem de Minera\u00e7\u00e3o), conforme determina portaria DNPM 70.389\/2017. O mesmo foi protocolado nas Defesas Civis Federal, Estadual e Municipal, entre os meses de junho e setembro de 2018. O PAEBM foi constru\u00eddo com base em um estudo de ruptura hipot\u00e9tica, que definiu a mancha de inunda\u00e7\u00e3o. Al\u00e9m disso, a barragem possu\u00eda sistema de v\u00eddeo monitoramento, sistema de alerta atrav\u00e9s de sirenes (todas testadas) e cadastramento da popula\u00e7\u00e3o \u00e0 jusante. Tamb\u00e9m foi realizado o simulado externo de emerg\u00eancia em 16\/06\/2018, sob coordena\u00e7\u00e3o das Defesas Civis, com o total apoio da Vale, e o treinamento interno com os funcion\u00e1rios em 23\/10\/18.<\/em><\/p>\n\n\n\n<p><em>Diante de todos os pontos descritos acima, estamos ainda buscando respostas para o ocorrido.&#8221;<\/em><\/p>\n","protected":false},"excerpt":{"rendered":"<p>Vale emitiu um comunicado explicando sobre a hist\u00f3ria, estrutura, fiscaliza\u00e7\u00e3o e auditoria da barragem I da Mina C\u00f3rrego do Feij\u00e3o localizada na cidade de Brumadinho\/MG: &#8220;A Barragem I da Mina C\u00f3rrego do Feij\u00e3o tinha como finalidade a disposi\u00e7\u00e3o de rejeitos provenientes da produ\u00e7\u00e3o e ficava situada em Brumadinho (MG). A mesma estava inativa (n\u00e3o recebia [&hellip;]<\/p>\n","protected":false},"author":1,"featured_media":5406,"comment_status":"open","ping_status":"open","sticky":false,"template":"","format":"standard","meta":{"tdm_status":"","tdm_grid_status":"","footnotes":""},"categories":[6],"tags":[1239,1237,1236,612],"class_list":["post-5405","post","type-post","status-publish","format-standard","has-post-thumbnail","hentry","category-noticias","tag-brumadinho","tag-meio-ambiente","tag-tragedia","tag-vale"],"yoast_head":"<!-- This site is optimized with the Yoast SEO plugin v27.5 - https:\/\/yoast.com\/product\/yoast-seo-wordpress\/ -->\n<title>Vale esclarece sobre a estrutura da barragem que rompeu em Brumadinho, Minas Gerais - CidadeMarketing<\/title>\n<meta name=\"robots\" content=\"index, follow, max-snippet:-1, max-image-preview:large, max-video-preview:-1\" \/>\n<link rel=\"canonical\" href=\"https:\/\/www.cidademarketing.com.br\/marketing\/2019\/01\/26\/vale-esclarece-sobre-a-estrutura-da-barragem-que-rompeu-em-brumadinho-minas-gerais\/\" \/>\n<meta property=\"og:locale\" content=\"pt_BR\" \/>\n<meta property=\"og:type\" content=\"article\" \/>\n<meta property=\"og:title\" content=\"Vale esclarece sobre a estrutura da barragem que rompeu em Brumadinho, Minas Gerais - CidadeMarketing\" \/>\n<meta property=\"og:description\" content=\"Vale emitiu um comunicado explicando sobre a hist\u00f3ria, estrutura, fiscaliza\u00e7\u00e3o e auditoria da barragem I da Mina C\u00f3rrego do Feij\u00e3o localizada na cidade de Brumadinho\/MG: &#8220;A Barragem I da Mina C\u00f3rrego do Feij\u00e3o tinha como finalidade a disposi\u00e7\u00e3o de rejeitos provenientes da produ\u00e7\u00e3o e ficava situada em Brumadinho (MG). A mesma estava inativa (n\u00e3o recebia [&hellip;]\" \/>\n<meta property=\"og:url\" content=\"https:\/\/www.cidademarketing.com.br\/marketing\/2019\/01\/26\/vale-esclarece-sobre-a-estrutura-da-barragem-que-rompeu-em-brumadinho-minas-gerais\/\" \/>\n<meta property=\"og:site_name\" content=\"CidadeMarketing\" \/>\n<meta property=\"article:publisher\" content=\"https:\/\/www.facebook.com\/portalcidademarketing\" \/>\n<meta property=\"article:author\" content=\"https:\/\/www.facebook.com\/thalesbrandao\" \/>\n<meta property=\"article:published_time\" content=\"2019-01-26T02:22:31+00:00\" \/>\n<meta property=\"article:modified_time\" content=\"2019-01-26T02:22:32+00:00\" \/>\n<meta property=\"og:image\" content=\"https:\/\/www.cidademarketing.com.br\/marketing\/wp-content\/uploads\/2019\/01\/vale_barragem_brumadinho.png\" \/>\n\t<meta property=\"og:image:width\" content=\"583\" \/>\n\t<meta property=\"og:image:height\" content=\"496\" \/>\n\t<meta property=\"og:image:type\" content=\"image\/png\" \/>\n<meta name=\"author\" content=\"Thales Brand\u00e3o\" \/>\n<meta name=\"twitter:card\" content=\"summary_large_image\" \/>\n<meta name=\"twitter:creator\" content=\"@http:\/\/www.twitter.com\/thalesbrandao\" \/>\n<meta name=\"twitter:site\" content=\"@CidadeMarketing\" \/>\n<meta name=\"twitter:label1\" content=\"Escrito por\" \/>\n\t<meta name=\"twitter:data1\" content=\"Thales Brand\u00e3o\" \/>\n\t<meta name=\"twitter:label2\" content=\"Est. tempo de leitura\" \/>\n\t<meta name=\"twitter:data2\" content=\"3 minutos\" \/>\n<script type=\"application\/ld+json\" class=\"yoast-schema-graph\">{\"@context\":\"https:\\\/\\\/schema.org\",\"@graph\":[{\"@type\":\"Article\",\"@id\":\"https:\\\/\\\/www.cidademarketing.com.br\\\/marketing\\\/2019\\\/01\\\/26\\\/vale-esclarece-sobre-a-estrutura-da-barragem-que-rompeu-em-brumadinho-minas-gerais\\\/#article\",\"isPartOf\":{\"@id\":\"https:\\\/\\\/www.cidademarketing.com.br\\\/marketing\\\/2019\\\/01\\\/26\\\/vale-esclarece-sobre-a-estrutura-da-barragem-que-rompeu-em-brumadinho-minas-gerais\\\/\"},\"author\":{\"name\":\"Thales Brand\u00e3o\",\"@id\":\"https:\\\/\\\/www.cidademarketing.com.br\\\/marketing\\\/#\\\/schema\\\/person\\\/02daff9f18bd9378c9e01eb6b2db155f\"},\"headline\":\"Vale esclarece sobre a estrutura da barragem que rompeu em Brumadinho, Minas Gerais\",\"datePublished\":\"2019-01-26T02:22:31+00:00\",\"dateModified\":\"2019-01-26T02:22:32+00:00\",\"mainEntityOfPage\":{\"@id\":\"https:\\\/\\\/www.cidademarketing.com.br\\\/marketing\\\/2019\\\/01\\\/26\\\/vale-esclarece-sobre-a-estrutura-da-barragem-que-rompeu-em-brumadinho-minas-gerais\\\/\"},\"wordCount\":550,\"commentCount\":0,\"publisher\":{\"@id\":\"https:\\\/\\\/www.cidademarketing.com.br\\\/marketing\\\/#organization\"},\"image\":{\"@id\":\"https:\\\/\\\/www.cidademarketing.com.br\\\/marketing\\\/2019\\\/01\\\/26\\\/vale-esclarece-sobre-a-estrutura-da-barragem-que-rompeu-em-brumadinho-minas-gerais\\\/#primaryimage\"},\"thumbnailUrl\":\"https:\\\/\\\/www.cidademarketing.com.br\\\/marketing\\\/wp-content\\\/uploads\\\/2019\\\/01\\\/vale_barragem_brumadinho.png\",\"keywords\":[\"Brumadinho\",\"meio ambiente\",\"trag\u00e9dia\",\"Vale\"],\"articleSection\":[\"Not\u00edcias\"],\"inLanguage\":\"pt-BR\",\"potentialAction\":[{\"@type\":\"CommentAction\",\"name\":\"Comment\",\"target\":[\"https:\\\/\\\/www.cidademarketing.com.br\\\/marketing\\\/2019\\\/01\\\/26\\\/vale-esclarece-sobre-a-estrutura-da-barragem-que-rompeu-em-brumadinho-minas-gerais\\\/#respond\"]}]},{\"@type\":\"WebPage\",\"@id\":\"https:\\\/\\\/www.cidademarketing.com.br\\\/marketing\\\/2019\\\/01\\\/26\\\/vale-esclarece-sobre-a-estrutura-da-barragem-que-rompeu-em-brumadinho-minas-gerais\\\/\",\"url\":\"https:\\\/\\\/www.cidademarketing.com.br\\\/marketing\\\/2019\\\/01\\\/26\\\/vale-esclarece-sobre-a-estrutura-da-barragem-que-rompeu-em-brumadinho-minas-gerais\\\/\",\"name\":\"Vale esclarece sobre a estrutura da barragem que rompeu em Brumadinho, Minas Gerais - CidadeMarketing\",\"isPartOf\":{\"@id\":\"https:\\\/\\\/www.cidademarketing.com.br\\\/marketing\\\/#website\"},\"primaryImageOfPage\":{\"@id\":\"https:\\\/\\\/www.cidademarketing.com.br\\\/marketing\\\/2019\\\/01\\\/26\\\/vale-esclarece-sobre-a-estrutura-da-barragem-que-rompeu-em-brumadinho-minas-gerais\\\/#primaryimage\"},\"image\":{\"@id\":\"https:\\\/\\\/www.cidademarketing.com.br\\\/marketing\\\/2019\\\/01\\\/26\\\/vale-esclarece-sobre-a-estrutura-da-barragem-que-rompeu-em-brumadinho-minas-gerais\\\/#primaryimage\"},\"thumbnailUrl\":\"https:\\\/\\\/www.cidademarketing.com.br\\\/marketing\\\/wp-content\\\/uploads\\\/2019\\\/01\\\/vale_barragem_brumadinho.png\",\"datePublished\":\"2019-01-26T02:22:31+00:00\",\"dateModified\":\"2019-01-26T02:22:32+00:00\",\"breadcrumb\":{\"@id\":\"https:\\\/\\\/www.cidademarketing.com.br\\\/marketing\\\/2019\\\/01\\\/26\\\/vale-esclarece-sobre-a-estrutura-da-barragem-que-rompeu-em-brumadinho-minas-gerais\\\/#breadcrumb\"},\"inLanguage\":\"pt-BR\",\"potentialAction\":[{\"@type\":\"ReadAction\",\"target\":[\"https:\\\/\\\/www.cidademarketing.com.br\\\/marketing\\\/2019\\\/01\\\/26\\\/vale-esclarece-sobre-a-estrutura-da-barragem-que-rompeu-em-brumadinho-minas-gerais\\\/\"]}]},{\"@type\":\"ImageObject\",\"inLanguage\":\"pt-BR\",\"@id\":\"https:\\\/\\\/www.cidademarketing.com.br\\\/marketing\\\/2019\\\/01\\\/26\\\/vale-esclarece-sobre-a-estrutura-da-barragem-que-rompeu-em-brumadinho-minas-gerais\\\/#primaryimage\",\"url\":\"https:\\\/\\\/www.cidademarketing.com.br\\\/marketing\\\/wp-content\\\/uploads\\\/2019\\\/01\\\/vale_barragem_brumadinho.png\",\"contentUrl\":\"https:\\\/\\\/www.cidademarketing.com.br\\\/marketing\\\/wp-content\\\/uploads\\\/2019\\\/01\\\/vale_barragem_brumadinho.png\",\"width\":583,\"height\":496,\"caption\":\"Divulga\u00e7\u00e3o\\\/Vale\"},{\"@type\":\"BreadcrumbList\",\"@id\":\"https:\\\/\\\/www.cidademarketing.com.br\\\/marketing\\\/2019\\\/01\\\/26\\\/vale-esclarece-sobre-a-estrutura-da-barragem-que-rompeu-em-brumadinho-minas-gerais\\\/#breadcrumb\",\"itemListElement\":[{\"@type\":\"ListItem\",\"position\":1,\"name\":\"In\u00edcio\",\"item\":\"https:\\\/\\\/www.cidademarketing.com.br\\\/marketing\\\/\"},{\"@type\":\"ListItem\",\"position\":2,\"name\":\"Vale esclarece sobre a estrutura da barragem que rompeu em Brumadinho, Minas Gerais\"}]},{\"@type\":\"WebSite\",\"@id\":\"https:\\\/\\\/www.cidademarketing.com.br\\\/marketing\\\/#website\",\"url\":\"https:\\\/\\\/www.cidademarketing.com.br\\\/marketing\\\/\",\"name\":\"CidadeMarketing\",\"description\":\"Somos um ve\u00edculo de comunica\u00e7\u00e3o de destaque no Brasil, reconhecido por conte\u00fados nos segmentos de marketing, empreendedorismo e inova\u00e7\u00e3o.\",\"publisher\":{\"@id\":\"https:\\\/\\\/www.cidademarketing.com.br\\\/marketing\\\/#organization\"},\"alternateName\":\"CidadeMarketing\",\"potentialAction\":[{\"@type\":\"SearchAction\",\"target\":{\"@type\":\"EntryPoint\",\"urlTemplate\":\"https:\\\/\\\/www.cidademarketing.com.br\\\/marketing\\\/?s={search_term_string}\"},\"query-input\":{\"@type\":\"PropertyValueSpecification\",\"valueRequired\":true,\"valueName\":\"search_term_string\"}}],\"inLanguage\":\"pt-BR\"},{\"@type\":\"Organization\",\"@id\":\"https:\\\/\\\/www.cidademarketing.com.br\\\/marketing\\\/#organization\",\"name\":\"CidadeMarketing\",\"alternateName\":\"CidadeMarketing\",\"url\":\"https:\\\/\\\/www.cidademarketing.com.br\\\/marketing\\\/\",\"logo\":{\"@type\":\"ImageObject\",\"inLanguage\":\"pt-BR\",\"@id\":\"https:\\\/\\\/www.cidademarketing.com.br\\\/marketing\\\/#\\\/schema\\\/logo\\\/image\\\/\",\"url\":\"https:\\\/\\\/www.cidademarketing.com.br\\\/marketing\\\/wp-content\\\/uploads\\\/2020\\\/01\\\/cidademarketing_marca_mobile.png\",\"contentUrl\":\"https:\\\/\\\/www.cidademarketing.com.br\\\/marketing\\\/wp-content\\\/uploads\\\/2020\\\/01\\\/cidademarketing_marca_mobile.png\",\"width\":230,\"height\":92,\"caption\":\"CidadeMarketing\"},\"image\":{\"@id\":\"https:\\\/\\\/www.cidademarketing.com.br\\\/marketing\\\/#\\\/schema\\\/logo\\\/image\\\/\"},\"sameAs\":[\"https:\\\/\\\/www.facebook.com\\\/portalcidademarketing\",\"https:\\\/\\\/x.com\\\/CidadeMarketing\",\"https:\\\/\\\/www.instagram.com\\\/cidademarketing\\\/\"]},{\"@type\":\"Person\",\"@id\":\"https:\\\/\\\/www.cidademarketing.com.br\\\/marketing\\\/#\\\/schema\\\/person\\\/02daff9f18bd9378c9e01eb6b2db155f\",\"name\":\"Thales Brand\u00e3o\",\"image\":{\"@type\":\"ImageObject\",\"inLanguage\":\"pt-BR\",\"@id\":\"https:\\\/\\\/secure.gravatar.com\\\/avatar\\\/7ca3206950207cc3cb48feec56a8a7898741ab725c368d99d5d7a5a50aab80c6?s=96&d=mm&r=g\",\"url\":\"https:\\\/\\\/secure.gravatar.com\\\/avatar\\\/7ca3206950207cc3cb48feec56a8a7898741ab725c368d99d5d7a5a50aab80c6?s=96&d=mm&r=g\",\"contentUrl\":\"https:\\\/\\\/secure.gravatar.com\\\/avatar\\\/7ca3206950207cc3cb48feec56a8a7898741ab725c368d99d5d7a5a50aab80c6?s=96&d=mm&r=g\",\"caption\":\"Thales Brand\u00e3o\"},\"description\":\"Editor Executivo do Portal CidadeMarketing.com.br &gt; Mestre em Comunica\u00e7\u00e3o e Sociedade pela Universidade Federal de Sergipe. Possui MBA Executivo em Administra\u00e7\u00e3o com \u00eanfase em Marketing pela Funda\u00e7\u00e3o Get\u00falio Vargas - Rio de Janeiro. Consultor, Palestrante e Pesquisador sobre Empreendedorismo, Marketing, Redes Sociais e Neg\u00f3cios Digitais. Professor, Palestrante TedxTalks e Campus Party. Twitter: @ThalesBrandao\",\"sameAs\":[\"http:\\\/\\\/www.mandacaru.com.br\",\"https:\\\/\\\/www.facebook.com\\\/thalesbrandao\",\"http:\\\/\\\/www.instagram.com.br\\\/thalesbrandaoferreira\",\"https:\\\/\\\/www.linkedin.com\\\/in\\\/thales-brand\u00e3o-3948609\\\/\",\"https:\\\/\\\/x.com\\\/http:\\\/\\\/www.twitter.com\\\/thalesbrandao\"],\"url\":\"https:\\\/\\\/www.cidademarketing.com.br\\\/marketing\\\/author\\\/thalesbrandao\\\/\"}]}<\/script>\n<!-- \/ Yoast SEO plugin. -->","yoast_head_json":{"title":"Vale esclarece sobre a estrutura da barragem que rompeu em Brumadinho, Minas Gerais - CidadeMarketing","robots":{"index":"index","follow":"follow","max-snippet":"max-snippet:-1","max-image-preview":"max-image-preview:large","max-video-preview":"max-video-preview:-1"},"canonical":"https:\/\/www.cidademarketing.com.br\/marketing\/2019\/01\/26\/vale-esclarece-sobre-a-estrutura-da-barragem-que-rompeu-em-brumadinho-minas-gerais\/","og_locale":"pt_BR","og_type":"article","og_title":"Vale esclarece sobre a estrutura da barragem que rompeu em Brumadinho, Minas Gerais - CidadeMarketing","og_description":"Vale emitiu um comunicado explicando sobre a hist\u00f3ria, estrutura, fiscaliza\u00e7\u00e3o e auditoria da barragem I da Mina C\u00f3rrego do Feij\u00e3o localizada na cidade de Brumadinho\/MG: &#8220;A Barragem I da Mina C\u00f3rrego do Feij\u00e3o tinha como finalidade a disposi\u00e7\u00e3o de rejeitos provenientes da produ\u00e7\u00e3o e ficava situada em Brumadinho (MG). A mesma estava inativa (n\u00e3o recebia [&hellip;]","og_url":"https:\/\/www.cidademarketing.com.br\/marketing\/2019\/01\/26\/vale-esclarece-sobre-a-estrutura-da-barragem-que-rompeu-em-brumadinho-minas-gerais\/","og_site_name":"CidadeMarketing","article_publisher":"https:\/\/www.facebook.com\/portalcidademarketing","article_author":"https:\/\/www.facebook.com\/thalesbrandao","article_published_time":"2019-01-26T02:22:31+00:00","article_modified_time":"2019-01-26T02:22:32+00:00","og_image":[{"width":583,"height":496,"url":"https:\/\/www.cidademarketing.com.br\/marketing\/wp-content\/uploads\/2019\/01\/vale_barragem_brumadinho.png","type":"image\/png"}],"author":"Thales Brand\u00e3o","twitter_card":"summary_large_image","twitter_creator":"@http:\/\/www.twitter.com\/thalesbrandao","twitter_site":"@CidadeMarketing","twitter_misc":{"Escrito por":"Thales Brand\u00e3o","Est. tempo de leitura":"3 minutos"},"schema":{"@context":"https:\/\/schema.org","@graph":[{"@type":"Article","@id":"https:\/\/www.cidademarketing.com.br\/marketing\/2019\/01\/26\/vale-esclarece-sobre-a-estrutura-da-barragem-que-rompeu-em-brumadinho-minas-gerais\/#article","isPartOf":{"@id":"https:\/\/www.cidademarketing.com.br\/marketing\/2019\/01\/26\/vale-esclarece-sobre-a-estrutura-da-barragem-que-rompeu-em-brumadinho-minas-gerais\/"},"author":{"name":"Thales Brand\u00e3o","@id":"https:\/\/www.cidademarketing.com.br\/marketing\/#\/schema\/person\/02daff9f18bd9378c9e01eb6b2db155f"},"headline":"Vale esclarece sobre a estrutura da barragem que rompeu em Brumadinho, Minas Gerais","datePublished":"2019-01-26T02:22:31+00:00","dateModified":"2019-01-26T02:22:32+00:00","mainEntityOfPage":{"@id":"https:\/\/www.cidademarketing.com.br\/marketing\/2019\/01\/26\/vale-esclarece-sobre-a-estrutura-da-barragem-que-rompeu-em-brumadinho-minas-gerais\/"},"wordCount":550,"commentCount":0,"publisher":{"@id":"https:\/\/www.cidademarketing.com.br\/marketing\/#organization"},"image":{"@id":"https:\/\/www.cidademarketing.com.br\/marketing\/2019\/01\/26\/vale-esclarece-sobre-a-estrutura-da-barragem-que-rompeu-em-brumadinho-minas-gerais\/#primaryimage"},"thumbnailUrl":"https:\/\/www.cidademarketing.com.br\/marketing\/wp-content\/uploads\/2019\/01\/vale_barragem_brumadinho.png","keywords":["Brumadinho","meio ambiente","trag\u00e9dia","Vale"],"articleSection":["Not\u00edcias"],"inLanguage":"pt-BR","potentialAction":[{"@type":"CommentAction","name":"Comment","target":["https:\/\/www.cidademarketing.com.br\/marketing\/2019\/01\/26\/vale-esclarece-sobre-a-estrutura-da-barragem-que-rompeu-em-brumadinho-minas-gerais\/#respond"]}]},{"@type":"WebPage","@id":"https:\/\/www.cidademarketing.com.br\/marketing\/2019\/01\/26\/vale-esclarece-sobre-a-estrutura-da-barragem-que-rompeu-em-brumadinho-minas-gerais\/","url":"https:\/\/www.cidademarketing.com.br\/marketing\/2019\/01\/26\/vale-esclarece-sobre-a-estrutura-da-barragem-que-rompeu-em-brumadinho-minas-gerais\/","name":"Vale esclarece sobre a estrutura da barragem que rompeu em Brumadinho, Minas Gerais - CidadeMarketing","isPartOf":{"@id":"https:\/\/www.cidademarketing.com.br\/marketing\/#website"},"primaryImageOfPage":{"@id":"https:\/\/www.cidademarketing.com.br\/marketing\/2019\/01\/26\/vale-esclarece-sobre-a-estrutura-da-barragem-que-rompeu-em-brumadinho-minas-gerais\/#primaryimage"},"image":{"@id":"https:\/\/www.cidademarketing.com.br\/marketing\/2019\/01\/26\/vale-esclarece-sobre-a-estrutura-da-barragem-que-rompeu-em-brumadinho-minas-gerais\/#primaryimage"},"thumbnailUrl":"https:\/\/www.cidademarketing.com.br\/marketing\/wp-content\/uploads\/2019\/01\/vale_barragem_brumadinho.png","datePublished":"2019-01-26T02:22:31+00:00","dateModified":"2019-01-26T02:22:32+00:00","breadcrumb":{"@id":"https:\/\/www.cidademarketing.com.br\/marketing\/2019\/01\/26\/vale-esclarece-sobre-a-estrutura-da-barragem-que-rompeu-em-brumadinho-minas-gerais\/#breadcrumb"},"inLanguage":"pt-BR","potentialAction":[{"@type":"ReadAction","target":["https:\/\/www.cidademarketing.com.br\/marketing\/2019\/01\/26\/vale-esclarece-sobre-a-estrutura-da-barragem-que-rompeu-em-brumadinho-minas-gerais\/"]}]},{"@type":"ImageObject","inLanguage":"pt-BR","@id":"https:\/\/www.cidademarketing.com.br\/marketing\/2019\/01\/26\/vale-esclarece-sobre-a-estrutura-da-barragem-que-rompeu-em-brumadinho-minas-gerais\/#primaryimage","url":"https:\/\/www.cidademarketing.com.br\/marketing\/wp-content\/uploads\/2019\/01\/vale_barragem_brumadinho.png","contentUrl":"https:\/\/www.cidademarketing.com.br\/marketing\/wp-content\/uploads\/2019\/01\/vale_barragem_brumadinho.png","width":583,"height":496,"caption":"Divulga\u00e7\u00e3o\/Vale"},{"@type":"BreadcrumbList","@id":"https:\/\/www.cidademarketing.com.br\/marketing\/2019\/01\/26\/vale-esclarece-sobre-a-estrutura-da-barragem-que-rompeu-em-brumadinho-minas-gerais\/#breadcrumb","itemListElement":[{"@type":"ListItem","position":1,"name":"In\u00edcio","item":"https:\/\/www.cidademarketing.com.br\/marketing\/"},{"@type":"ListItem","position":2,"name":"Vale esclarece sobre a estrutura da barragem que rompeu em Brumadinho, Minas Gerais"}]},{"@type":"WebSite","@id":"https:\/\/www.cidademarketing.com.br\/marketing\/#website","url":"https:\/\/www.cidademarketing.com.br\/marketing\/","name":"CidadeMarketing","description":"Somos um ve\u00edculo de comunica\u00e7\u00e3o de destaque no Brasil, reconhecido por conte\u00fados nos segmentos de marketing, empreendedorismo e inova\u00e7\u00e3o.","publisher":{"@id":"https:\/\/www.cidademarketing.com.br\/marketing\/#organization"},"alternateName":"CidadeMarketing","potentialAction":[{"@type":"SearchAction","target":{"@type":"EntryPoint","urlTemplate":"https:\/\/www.cidademarketing.com.br\/marketing\/?s={search_term_string}"},"query-input":{"@type":"PropertyValueSpecification","valueRequired":true,"valueName":"search_term_string"}}],"inLanguage":"pt-BR"},{"@type":"Organization","@id":"https:\/\/www.cidademarketing.com.br\/marketing\/#organization","name":"CidadeMarketing","alternateName":"CidadeMarketing","url":"https:\/\/www.cidademarketing.com.br\/marketing\/","logo":{"@type":"ImageObject","inLanguage":"pt-BR","@id":"https:\/\/www.cidademarketing.com.br\/marketing\/#\/schema\/logo\/image\/","url":"https:\/\/www.cidademarketing.com.br\/marketing\/wp-content\/uploads\/2020\/01\/cidademarketing_marca_mobile.png","contentUrl":"https:\/\/www.cidademarketing.com.br\/marketing\/wp-content\/uploads\/2020\/01\/cidademarketing_marca_mobile.png","width":230,"height":92,"caption":"CidadeMarketing"},"image":{"@id":"https:\/\/www.cidademarketing.com.br\/marketing\/#\/schema\/logo\/image\/"},"sameAs":["https:\/\/www.facebook.com\/portalcidademarketing","https:\/\/x.com\/CidadeMarketing","https:\/\/www.instagram.com\/cidademarketing\/"]},{"@type":"Person","@id":"https:\/\/www.cidademarketing.com.br\/marketing\/#\/schema\/person\/02daff9f18bd9378c9e01eb6b2db155f","name":"Thales Brand\u00e3o","image":{"@type":"ImageObject","inLanguage":"pt-BR","@id":"https:\/\/secure.gravatar.com\/avatar\/7ca3206950207cc3cb48feec56a8a7898741ab725c368d99d5d7a5a50aab80c6?s=96&d=mm&r=g","url":"https:\/\/secure.gravatar.com\/avatar\/7ca3206950207cc3cb48feec56a8a7898741ab725c368d99d5d7a5a50aab80c6?s=96&d=mm&r=g","contentUrl":"https:\/\/secure.gravatar.com\/avatar\/7ca3206950207cc3cb48feec56a8a7898741ab725c368d99d5d7a5a50aab80c6?s=96&d=mm&r=g","caption":"Thales Brand\u00e3o"},"description":"Editor Executivo do Portal CidadeMarketing.com.br &gt; Mestre em Comunica\u00e7\u00e3o e Sociedade pela Universidade Federal de Sergipe. Possui MBA Executivo em Administra\u00e7\u00e3o com \u00eanfase em Marketing pela Funda\u00e7\u00e3o Get\u00falio Vargas - Rio de Janeiro. Consultor, Palestrante e Pesquisador sobre Empreendedorismo, Marketing, Redes Sociais e Neg\u00f3cios Digitais. Professor, Palestrante TedxTalks e Campus Party. Twitter: @ThalesBrandao","sameAs":["http:\/\/www.mandacaru.com.br","https:\/\/www.facebook.com\/thalesbrandao","http:\/\/www.instagram.com.br\/thalesbrandaoferreira","https:\/\/www.linkedin.com\/in\/thales-brand\u00e3o-3948609\/","https:\/\/x.com\/http:\/\/www.twitter.com\/thalesbrandao"],"url":"https:\/\/www.cidademarketing.com.br\/marketing\/author\/thalesbrandao\/"}]}},"amp_enabled":true,"_links":{"self":[{"href":"https:\/\/www.cidademarketing.com.br\/marketing\/wp-json\/wp\/v2\/posts\/5405","targetHints":{"allow":["GET"]}}],"collection":[{"href":"https:\/\/www.cidademarketing.com.br\/marketing\/wp-json\/wp\/v2\/posts"}],"about":[{"href":"https:\/\/www.cidademarketing.com.br\/marketing\/wp-json\/wp\/v2\/types\/post"}],"author":[{"embeddable":true,"href":"https:\/\/www.cidademarketing.com.br\/marketing\/wp-json\/wp\/v2\/users\/1"}],"replies":[{"embeddable":true,"href":"https:\/\/www.cidademarketing.com.br\/marketing\/wp-json\/wp\/v2\/comments?post=5405"}],"version-history":[{"count":1,"href":"https:\/\/www.cidademarketing.com.br\/marketing\/wp-json\/wp\/v2\/posts\/5405\/revisions"}],"predecessor-version":[{"id":5407,"href":"https:\/\/www.cidademarketing.com.br\/marketing\/wp-json\/wp\/v2\/posts\/5405\/revisions\/5407"}],"wp:featuredmedia":[{"embeddable":true,"href":"https:\/\/www.cidademarketing.com.br\/marketing\/wp-json\/wp\/v2\/media\/5406"}],"wp:attachment":[{"href":"https:\/\/www.cidademarketing.com.br\/marketing\/wp-json\/wp\/v2\/media?parent=5405"}],"wp:term":[{"taxonomy":"category","embeddable":true,"href":"https:\/\/www.cidademarketing.com.br\/marketing\/wp-json\/wp\/v2\/categories?post=5405"},{"taxonomy":"post_tag","embeddable":true,"href":"https:\/\/www.cidademarketing.com.br\/marketing\/wp-json\/wp\/v2\/tags?post=5405"}],"curies":[{"name":"wp","href":"https:\/\/api.w.org\/{rel}","templated":true}]}}