{"id":54043,"date":"2024-12-04T08:40:28","date_gmt":"2024-12-04T11:40:28","guid":{"rendered":"https:\/\/www.cidademarketing.com.br\/marketing\/?p=54043"},"modified":"2024-12-04T08:40:28","modified_gmt":"2024-12-04T11:40:28","slug":"metro-de-sao-paulo-enfrenta-caos-na-linha-2-verde-com-filas-e-falhas","status":"publish","type":"post","link":"https:\/\/www.cidademarketing.com.br\/marketing\/2024\/12\/04\/metro-de-sao-paulo-enfrenta-caos-na-linha-2-verde-com-filas-e-falhas\/","title":{"rendered":"Metr\u00f4 de S\u00e3o Paulo enfrenta caos na linha 2-Verde com filas e falhas"},"content":{"rendered":"<p>A manh\u00e3 desta quarta-feira (4) foi marcada por caos e frustra\u00e7\u00e3o para os passageiros da Linha 2-Verde do Metr\u00f4 de S\u00e3o Paulo. Uma falha no sistema de sinaliza\u00e7\u00e3o e controle de trens resultou em opera\u00e7\u00e3o com velocidade reduzida, gerando longas filas e atrasos significativos.<\/p>\n<p>Segundo a Companhia do Metropolitano de S\u00e3o Paulo, o problema teve in\u00edcio \u00e0s 6h38 e afetou toda a extens\u00e3o da Linha 2-Verde, entre as esta\u00e7\u00f5es Vila Madalena e Vila Prudente. A falha tamb\u00e9m impactou o trecho compartilhado com a Linha 1-Azul, agravando a situa\u00e7\u00e3o em esta\u00e7\u00f5es-chave.<\/p>\n<p>Embora a companhia tenha informado que o sistema &#8220;entrou em processo de normaliza\u00e7\u00e3o&#8221; \u00e0s 7h50, a opera\u00e7\u00e3o continuava comprometida, com trens operando em baixa velocidade e plataformas superlotadas.<\/p>\n<p>Nas esta\u00e7\u00f5es mais movimentadas, como Consola\u00e7\u00e3o e Ana Rosa, as filas se estenderam at\u00e9 as ruas. Passageiros relataram esperas de quase uma hora para embarcar, enquanto alguns ficaram presos dentro dos trens parados nas plataformas por mais de 30 minutos.<\/p>\n<p>A situa\u00e7\u00e3o gerou indigna\u00e7\u00e3o entre os usu\u00e1rios, que utilizaram as redes sociais para cobrar explica\u00e7\u00f5es. \u201cEstou dentro do vag\u00e3o agora e o maquinista n\u00e3o d\u00e1 nenhuma satisfa\u00e7\u00e3o do que est\u00e1 acontecendo. Absurdo\u201d, desabafou um passageiro. Outra usu\u00e1ria criticou a falta de comunica\u00e7\u00e3o: \u201cN\u00e3o tem uma postagem, um aviso sobre a Linha Verde estar PARADA, n\u00e3o lenta, PARADA! No hor\u00e1rio de pico!\u201d.<\/p>\n<p>A Linha 2-Verde, que \u00e9 uma das principais do sistema metrovi\u00e1rio paulistano, atende diariamente milhares de passageiros.<\/p>\n","protected":false},"excerpt":{"rendered":"<p>A manh\u00e3 desta quarta-feira (4) foi marcada por caos e frustra\u00e7\u00e3o para os passageiros da Linha 2-Verde do Metr\u00f4 de S\u00e3o Paulo. Uma falha no sistema de sinaliza\u00e7\u00e3o e controle de trens resultou em opera\u00e7\u00e3o com velocidade reduzida, gerando longas filas e atrasos significativos. Segundo a Companhia do Metropolitano de S\u00e3o Paulo, o problema teve [&hellip;]<\/p>\n","protected":false},"author":1,"featured_media":54044,"comment_status":"open","ping_status":"open","sticky":false,"template":"","format":"standard","meta":{"tdm_status":"","tdm_grid_status":"","footnotes":""},"categories":[6],"tags":[33,1008,1040,28,1039,8452,656,752,1200,5265,8387],"class_list":["post-54043","post","type-post","status-publish","format-standard","has-post-thumbnail","hentry","category-noticias","tag-estrategia","tag-falhas","tag-logistica","tag-marketing","tag-metro","tag-metro-de-sao-paulo","tag-sao-paulo","tag-servico","tag-sp","tag-transporte","tag-usuarios"],"yoast_head":"<!-- This site is optimized with the Yoast SEO plugin v27.5 - https:\/\/yoast.com\/product\/yoast-seo-wordpress\/ -->\n<title>Metr\u00f4 de S\u00e3o Paulo enfrenta caos na linha 2-Verde com filas e falhas - CidadeMarketing<\/title>\n<meta name=\"robots\" content=\"index, follow, max-snippet:-1, max-image-preview:large, max-video-preview:-1\" \/>\n<link rel=\"canonical\" href=\"https:\/\/www.cidademarketing.com.br\/marketing\/2024\/12\/04\/metro-de-sao-paulo-enfrenta-caos-na-linha-2-verde-com-filas-e-falhas\/\" \/>\n<meta property=\"og:locale\" content=\"pt_BR\" \/>\n<meta property=\"og:type\" content=\"article\" \/>\n<meta property=\"og:title\" content=\"Metr\u00f4 de S\u00e3o Paulo enfrenta caos na linha 2-Verde com filas e falhas - CidadeMarketing\" \/>\n<meta property=\"og:description\" content=\"A manh\u00e3 desta quarta-feira (4) foi marcada por caos e frustra\u00e7\u00e3o para os passageiros da Linha 2-Verde do Metr\u00f4 de S\u00e3o Paulo. Uma falha no sistema de sinaliza\u00e7\u00e3o e controle de trens resultou em opera\u00e7\u00e3o com velocidade reduzida, gerando longas filas e atrasos significativos. Segundo a Companhia do Metropolitano de S\u00e3o Paulo, o problema teve [&hellip;]\" \/>\n<meta property=\"og:url\" content=\"https:\/\/www.cidademarketing.com.br\/marketing\/2024\/12\/04\/metro-de-sao-paulo-enfrenta-caos-na-linha-2-verde-com-filas-e-falhas\/\" \/>\n<meta property=\"og:site_name\" content=\"CidadeMarketing\" \/>\n<meta property=\"article:publisher\" content=\"https:\/\/www.facebook.com\/portalcidademarketing\" \/>\n<meta property=\"article:author\" content=\"https:\/\/www.facebook.com\/thalesbrandao\" \/>\n<meta property=\"article:published_time\" content=\"2024-12-04T11:40:28+00:00\" \/>\n<meta property=\"og:image\" content=\"https:\/\/www.cidademarketing.com.br\/marketing\/wp-content\/uploads\/2024\/12\/metroverde_falha_sp.webp\" \/>\n\t<meta property=\"og:image:width\" content=\"668\" \/>\n\t<meta property=\"og:image:height\" content=\"893\" \/>\n\t<meta property=\"og:image:type\" content=\"image\/webp\" \/>\n<meta name=\"author\" content=\"Thales Brand\u00e3o\" \/>\n<meta name=\"twitter:card\" content=\"summary_large_image\" \/>\n<meta name=\"twitter:creator\" content=\"@http:\/\/www.twitter.com\/thalesbrandao\" \/>\n<meta name=\"twitter:site\" content=\"@CidadeMarketing\" \/>\n<meta name=\"twitter:label1\" content=\"Escrito por\" \/>\n\t<meta name=\"twitter:data1\" content=\"Thales Brand\u00e3o\" \/>\n\t<meta name=\"twitter:label2\" content=\"Est. tempo de leitura\" \/>\n\t<meta name=\"twitter:data2\" content=\"1 minuto\" \/>\n<script type=\"application\/ld+json\" class=\"yoast-schema-graph\">{\"@context\":\"https:\\\/\\\/schema.org\",\"@graph\":[{\"@type\":\"Article\",\"@id\":\"https:\\\/\\\/www.cidademarketing.com.br\\\/marketing\\\/2024\\\/12\\\/04\\\/metro-de-sao-paulo-enfrenta-caos-na-linha-2-verde-com-filas-e-falhas\\\/#article\",\"isPartOf\":{\"@id\":\"https:\\\/\\\/www.cidademarketing.com.br\\\/marketing\\\/2024\\\/12\\\/04\\\/metro-de-sao-paulo-enfrenta-caos-na-linha-2-verde-com-filas-e-falhas\\\/\"},\"author\":{\"name\":\"Thales Brand\u00e3o\",\"@id\":\"https:\\\/\\\/www.cidademarketing.com.br\\\/marketing\\\/#\\\/schema\\\/person\\\/02daff9f18bd9378c9e01eb6b2db155f\"},\"headline\":\"Metr\u00f4 de S\u00e3o Paulo enfrenta caos na linha 2-Verde com filas e falhas\",\"datePublished\":\"2024-12-04T11:40:28+00:00\",\"mainEntityOfPage\":{\"@id\":\"https:\\\/\\\/www.cidademarketing.com.br\\\/marketing\\\/2024\\\/12\\\/04\\\/metro-de-sao-paulo-enfrenta-caos-na-linha-2-verde-com-filas-e-falhas\\\/\"},\"wordCount\":275,\"commentCount\":0,\"publisher\":{\"@id\":\"https:\\\/\\\/www.cidademarketing.com.br\\\/marketing\\\/#organization\"},\"image\":{\"@id\":\"https:\\\/\\\/www.cidademarketing.com.br\\\/marketing\\\/2024\\\/12\\\/04\\\/metro-de-sao-paulo-enfrenta-caos-na-linha-2-verde-com-filas-e-falhas\\\/#primaryimage\"},\"thumbnailUrl\":\"https:\\\/\\\/www.cidademarketing.com.br\\\/marketing\\\/wp-content\\\/uploads\\\/2024\\\/12\\\/metroverde_falha_sp.webp\",\"keywords\":[\"estrat\u00e9gia\",\"falhas\",\"log\u00edstica\",\"marketing\",\"metr\u00f5\",\"Metr\u00f4 de S\u00e3o Paulo\",\"S\u00e3o Paulo\",\"servi\u00e7o\",\"SP\",\"transporte\",\"usu\u00e1rios\"],\"articleSection\":[\"Not\u00edcias\"],\"inLanguage\":\"pt-BR\",\"potentialAction\":[{\"@type\":\"CommentAction\",\"name\":\"Comment\",\"target\":[\"https:\\\/\\\/www.cidademarketing.com.br\\\/marketing\\\/2024\\\/12\\\/04\\\/metro-de-sao-paulo-enfrenta-caos-na-linha-2-verde-com-filas-e-falhas\\\/#respond\"]}]},{\"@type\":\"WebPage\",\"@id\":\"https:\\\/\\\/www.cidademarketing.com.br\\\/marketing\\\/2024\\\/12\\\/04\\\/metro-de-sao-paulo-enfrenta-caos-na-linha-2-verde-com-filas-e-falhas\\\/\",\"url\":\"https:\\\/\\\/www.cidademarketing.com.br\\\/marketing\\\/2024\\\/12\\\/04\\\/metro-de-sao-paulo-enfrenta-caos-na-linha-2-verde-com-filas-e-falhas\\\/\",\"name\":\"Metr\u00f4 de S\u00e3o Paulo enfrenta caos na linha 2-Verde com filas e falhas - CidadeMarketing\",\"isPartOf\":{\"@id\":\"https:\\\/\\\/www.cidademarketing.com.br\\\/marketing\\\/#website\"},\"primaryImageOfPage\":{\"@id\":\"https:\\\/\\\/www.cidademarketing.com.br\\\/marketing\\\/2024\\\/12\\\/04\\\/metro-de-sao-paulo-enfrenta-caos-na-linha-2-verde-com-filas-e-falhas\\\/#primaryimage\"},\"image\":{\"@id\":\"https:\\\/\\\/www.cidademarketing.com.br\\\/marketing\\\/2024\\\/12\\\/04\\\/metro-de-sao-paulo-enfrenta-caos-na-linha-2-verde-com-filas-e-falhas\\\/#primaryimage\"},\"thumbnailUrl\":\"https:\\\/\\\/www.cidademarketing.com.br\\\/marketing\\\/wp-content\\\/uploads\\\/2024\\\/12\\\/metroverde_falha_sp.webp\",\"datePublished\":\"2024-12-04T11:40:28+00:00\",\"breadcrumb\":{\"@id\":\"https:\\\/\\\/www.cidademarketing.com.br\\\/marketing\\\/2024\\\/12\\\/04\\\/metro-de-sao-paulo-enfrenta-caos-na-linha-2-verde-com-filas-e-falhas\\\/#breadcrumb\"},\"inLanguage\":\"pt-BR\",\"potentialAction\":[{\"@type\":\"ReadAction\",\"target\":[\"https:\\\/\\\/www.cidademarketing.com.br\\\/marketing\\\/2024\\\/12\\\/04\\\/metro-de-sao-paulo-enfrenta-caos-na-linha-2-verde-com-filas-e-falhas\\\/\"]}]},{\"@type\":\"ImageObject\",\"inLanguage\":\"pt-BR\",\"@id\":\"https:\\\/\\\/www.cidademarketing.com.br\\\/marketing\\\/2024\\\/12\\\/04\\\/metro-de-sao-paulo-enfrenta-caos-na-linha-2-verde-com-filas-e-falhas\\\/#primaryimage\",\"url\":\"https:\\\/\\\/www.cidademarketing.com.br\\\/marketing\\\/wp-content\\\/uploads\\\/2024\\\/12\\\/metroverde_falha_sp.webp\",\"contentUrl\":\"https:\\\/\\\/www.cidademarketing.com.br\\\/marketing\\\/wp-content\\\/uploads\\\/2024\\\/12\\\/metroverde_falha_sp.webp\",\"width\":668,\"height\":893,\"caption\":\"Reprodu\u00e7\u00e3o\\\/X\"},{\"@type\":\"BreadcrumbList\",\"@id\":\"https:\\\/\\\/www.cidademarketing.com.br\\\/marketing\\\/2024\\\/12\\\/04\\\/metro-de-sao-paulo-enfrenta-caos-na-linha-2-verde-com-filas-e-falhas\\\/#breadcrumb\",\"itemListElement\":[{\"@type\":\"ListItem\",\"position\":1,\"name\":\"In\u00edcio\",\"item\":\"https:\\\/\\\/www.cidademarketing.com.br\\\/marketing\\\/\"},{\"@type\":\"ListItem\",\"position\":2,\"name\":\"Metr\u00f4 de S\u00e3o Paulo enfrenta caos na linha 2-Verde com filas e falhas\"}]},{\"@type\":\"WebSite\",\"@id\":\"https:\\\/\\\/www.cidademarketing.com.br\\\/marketing\\\/#website\",\"url\":\"https:\\\/\\\/www.cidademarketing.com.br\\\/marketing\\\/\",\"name\":\"CidadeMarketing\",\"description\":\"Somos um ve\u00edculo de comunica\u00e7\u00e3o de destaque no Brasil, reconhecido por conte\u00fados nos segmentos de marketing, empreendedorismo e inova\u00e7\u00e3o.\",\"publisher\":{\"@id\":\"https:\\\/\\\/www.cidademarketing.com.br\\\/marketing\\\/#organization\"},\"alternateName\":\"CidadeMarketing\",\"potentialAction\":[{\"@type\":\"SearchAction\",\"target\":{\"@type\":\"EntryPoint\",\"urlTemplate\":\"https:\\\/\\\/www.cidademarketing.com.br\\\/marketing\\\/?s={search_term_string}\"},\"query-input\":{\"@type\":\"PropertyValueSpecification\",\"valueRequired\":true,\"valueName\":\"search_term_string\"}}],\"inLanguage\":\"pt-BR\"},{\"@type\":\"Organization\",\"@id\":\"https:\\\/\\\/www.cidademarketing.com.br\\\/marketing\\\/#organization\",\"name\":\"CidadeMarketing\",\"alternateName\":\"CidadeMarketing\",\"url\":\"https:\\\/\\\/www.cidademarketing.com.br\\\/marketing\\\/\",\"logo\":{\"@type\":\"ImageObject\",\"inLanguage\":\"pt-BR\",\"@id\":\"https:\\\/\\\/www.cidademarketing.com.br\\\/marketing\\\/#\\\/schema\\\/logo\\\/image\\\/\",\"url\":\"https:\\\/\\\/www.cidademarketing.com.br\\\/marketing\\\/wp-content\\\/uploads\\\/2020\\\/01\\\/cidademarketing_marca_mobile.png\",\"contentUrl\":\"https:\\\/\\\/www.cidademarketing.com.br\\\/marketing\\\/wp-content\\\/uploads\\\/2020\\\/01\\\/cidademarketing_marca_mobile.png\",\"width\":230,\"height\":92,\"caption\":\"CidadeMarketing\"},\"image\":{\"@id\":\"https:\\\/\\\/www.cidademarketing.com.br\\\/marketing\\\/#\\\/schema\\\/logo\\\/image\\\/\"},\"sameAs\":[\"https:\\\/\\\/www.facebook.com\\\/portalcidademarketing\",\"https:\\\/\\\/x.com\\\/CidadeMarketing\",\"https:\\\/\\\/www.instagram.com\\\/cidademarketing\\\/\"]},{\"@type\":\"Person\",\"@id\":\"https:\\\/\\\/www.cidademarketing.com.br\\\/marketing\\\/#\\\/schema\\\/person\\\/02daff9f18bd9378c9e01eb6b2db155f\",\"name\":\"Thales Brand\u00e3o\",\"image\":{\"@type\":\"ImageObject\",\"inLanguage\":\"pt-BR\",\"@id\":\"https:\\\/\\\/secure.gravatar.com\\\/avatar\\\/7ca3206950207cc3cb48feec56a8a7898741ab725c368d99d5d7a5a50aab80c6?s=96&d=mm&r=g\",\"url\":\"https:\\\/\\\/secure.gravatar.com\\\/avatar\\\/7ca3206950207cc3cb48feec56a8a7898741ab725c368d99d5d7a5a50aab80c6?s=96&d=mm&r=g\",\"contentUrl\":\"https:\\\/\\\/secure.gravatar.com\\\/avatar\\\/7ca3206950207cc3cb48feec56a8a7898741ab725c368d99d5d7a5a50aab80c6?s=96&d=mm&r=g\",\"caption\":\"Thales Brand\u00e3o\"},\"description\":\"Editor Executivo do Portal CidadeMarketing.com.br &gt; Mestre em Comunica\u00e7\u00e3o e Sociedade pela Universidade Federal de Sergipe. Possui MBA Executivo em Administra\u00e7\u00e3o com \u00eanfase em Marketing pela Funda\u00e7\u00e3o Get\u00falio Vargas - Rio de Janeiro. Consultor, Palestrante e Pesquisador sobre Empreendedorismo, Marketing, Redes Sociais e Neg\u00f3cios Digitais. Professor, Palestrante TedxTalks e Campus Party. Twitter: @ThalesBrandao\",\"sameAs\":[\"http:\\\/\\\/www.mandacaru.com.br\",\"https:\\\/\\\/www.facebook.com\\\/thalesbrandao\",\"http:\\\/\\\/www.instagram.com.br\\\/thalesbrandaoferreira\",\"https:\\\/\\\/www.linkedin.com\\\/in\\\/thales-brand\u00e3o-3948609\\\/\",\"https:\\\/\\\/x.com\\\/http:\\\/\\\/www.twitter.com\\\/thalesbrandao\"],\"url\":\"https:\\\/\\\/www.cidademarketing.com.br\\\/marketing\\\/author\\\/thalesbrandao\\\/\"}]}<\/script>\n<!-- \/ Yoast SEO plugin. -->","yoast_head_json":{"title":"Metr\u00f4 de S\u00e3o Paulo enfrenta caos na linha 2-Verde com filas e falhas - CidadeMarketing","robots":{"index":"index","follow":"follow","max-snippet":"max-snippet:-1","max-image-preview":"max-image-preview:large","max-video-preview":"max-video-preview:-1"},"canonical":"https:\/\/www.cidademarketing.com.br\/marketing\/2024\/12\/04\/metro-de-sao-paulo-enfrenta-caos-na-linha-2-verde-com-filas-e-falhas\/","og_locale":"pt_BR","og_type":"article","og_title":"Metr\u00f4 de S\u00e3o Paulo enfrenta caos na linha 2-Verde com filas e falhas - CidadeMarketing","og_description":"A manh\u00e3 desta quarta-feira (4) foi marcada por caos e frustra\u00e7\u00e3o para os passageiros da Linha 2-Verde do Metr\u00f4 de S\u00e3o Paulo. Uma falha no sistema de sinaliza\u00e7\u00e3o e controle de trens resultou em opera\u00e7\u00e3o com velocidade reduzida, gerando longas filas e atrasos significativos. Segundo a Companhia do Metropolitano de S\u00e3o Paulo, o problema teve [&hellip;]","og_url":"https:\/\/www.cidademarketing.com.br\/marketing\/2024\/12\/04\/metro-de-sao-paulo-enfrenta-caos-na-linha-2-verde-com-filas-e-falhas\/","og_site_name":"CidadeMarketing","article_publisher":"https:\/\/www.facebook.com\/portalcidademarketing","article_author":"https:\/\/www.facebook.com\/thalesbrandao","article_published_time":"2024-12-04T11:40:28+00:00","og_image":[{"width":668,"height":893,"url":"https:\/\/www.cidademarketing.com.br\/marketing\/wp-content\/uploads\/2024\/12\/metroverde_falha_sp.webp","type":"image\/webp"}],"author":"Thales Brand\u00e3o","twitter_card":"summary_large_image","twitter_creator":"@http:\/\/www.twitter.com\/thalesbrandao","twitter_site":"@CidadeMarketing","twitter_misc":{"Escrito por":"Thales Brand\u00e3o","Est. tempo de leitura":"1 minuto"},"schema":{"@context":"https:\/\/schema.org","@graph":[{"@type":"Article","@id":"https:\/\/www.cidademarketing.com.br\/marketing\/2024\/12\/04\/metro-de-sao-paulo-enfrenta-caos-na-linha-2-verde-com-filas-e-falhas\/#article","isPartOf":{"@id":"https:\/\/www.cidademarketing.com.br\/marketing\/2024\/12\/04\/metro-de-sao-paulo-enfrenta-caos-na-linha-2-verde-com-filas-e-falhas\/"},"author":{"name":"Thales Brand\u00e3o","@id":"https:\/\/www.cidademarketing.com.br\/marketing\/#\/schema\/person\/02daff9f18bd9378c9e01eb6b2db155f"},"headline":"Metr\u00f4 de S\u00e3o Paulo enfrenta caos na linha 2-Verde com filas e falhas","datePublished":"2024-12-04T11:40:28+00:00","mainEntityOfPage":{"@id":"https:\/\/www.cidademarketing.com.br\/marketing\/2024\/12\/04\/metro-de-sao-paulo-enfrenta-caos-na-linha-2-verde-com-filas-e-falhas\/"},"wordCount":275,"commentCount":0,"publisher":{"@id":"https:\/\/www.cidademarketing.com.br\/marketing\/#organization"},"image":{"@id":"https:\/\/www.cidademarketing.com.br\/marketing\/2024\/12\/04\/metro-de-sao-paulo-enfrenta-caos-na-linha-2-verde-com-filas-e-falhas\/#primaryimage"},"thumbnailUrl":"https:\/\/www.cidademarketing.com.br\/marketing\/wp-content\/uploads\/2024\/12\/metroverde_falha_sp.webp","keywords":["estrat\u00e9gia","falhas","log\u00edstica","marketing","metr\u00f5","Metr\u00f4 de S\u00e3o Paulo","S\u00e3o Paulo","servi\u00e7o","SP","transporte","usu\u00e1rios"],"articleSection":["Not\u00edcias"],"inLanguage":"pt-BR","potentialAction":[{"@type":"CommentAction","name":"Comment","target":["https:\/\/www.cidademarketing.com.br\/marketing\/2024\/12\/04\/metro-de-sao-paulo-enfrenta-caos-na-linha-2-verde-com-filas-e-falhas\/#respond"]}]},{"@type":"WebPage","@id":"https:\/\/www.cidademarketing.com.br\/marketing\/2024\/12\/04\/metro-de-sao-paulo-enfrenta-caos-na-linha-2-verde-com-filas-e-falhas\/","url":"https:\/\/www.cidademarketing.com.br\/marketing\/2024\/12\/04\/metro-de-sao-paulo-enfrenta-caos-na-linha-2-verde-com-filas-e-falhas\/","name":"Metr\u00f4 de S\u00e3o Paulo enfrenta caos na linha 2-Verde com filas e falhas - CidadeMarketing","isPartOf":{"@id":"https:\/\/www.cidademarketing.com.br\/marketing\/#website"},"primaryImageOfPage":{"@id":"https:\/\/www.cidademarketing.com.br\/marketing\/2024\/12\/04\/metro-de-sao-paulo-enfrenta-caos-na-linha-2-verde-com-filas-e-falhas\/#primaryimage"},"image":{"@id":"https:\/\/www.cidademarketing.com.br\/marketing\/2024\/12\/04\/metro-de-sao-paulo-enfrenta-caos-na-linha-2-verde-com-filas-e-falhas\/#primaryimage"},"thumbnailUrl":"https:\/\/www.cidademarketing.com.br\/marketing\/wp-content\/uploads\/2024\/12\/metroverde_falha_sp.webp","datePublished":"2024-12-04T11:40:28+00:00","breadcrumb":{"@id":"https:\/\/www.cidademarketing.com.br\/marketing\/2024\/12\/04\/metro-de-sao-paulo-enfrenta-caos-na-linha-2-verde-com-filas-e-falhas\/#breadcrumb"},"inLanguage":"pt-BR","potentialAction":[{"@type":"ReadAction","target":["https:\/\/www.cidademarketing.com.br\/marketing\/2024\/12\/04\/metro-de-sao-paulo-enfrenta-caos-na-linha-2-verde-com-filas-e-falhas\/"]}]},{"@type":"ImageObject","inLanguage":"pt-BR","@id":"https:\/\/www.cidademarketing.com.br\/marketing\/2024\/12\/04\/metro-de-sao-paulo-enfrenta-caos-na-linha-2-verde-com-filas-e-falhas\/#primaryimage","url":"https:\/\/www.cidademarketing.com.br\/marketing\/wp-content\/uploads\/2024\/12\/metroverde_falha_sp.webp","contentUrl":"https:\/\/www.cidademarketing.com.br\/marketing\/wp-content\/uploads\/2024\/12\/metroverde_falha_sp.webp","width":668,"height":893,"caption":"Reprodu\u00e7\u00e3o\/X"},{"@type":"BreadcrumbList","@id":"https:\/\/www.cidademarketing.com.br\/marketing\/2024\/12\/04\/metro-de-sao-paulo-enfrenta-caos-na-linha-2-verde-com-filas-e-falhas\/#breadcrumb","itemListElement":[{"@type":"ListItem","position":1,"name":"In\u00edcio","item":"https:\/\/www.cidademarketing.com.br\/marketing\/"},{"@type":"ListItem","position":2,"name":"Metr\u00f4 de S\u00e3o Paulo enfrenta caos na linha 2-Verde com filas e falhas"}]},{"@type":"WebSite","@id":"https:\/\/www.cidademarketing.com.br\/marketing\/#website","url":"https:\/\/www.cidademarketing.com.br\/marketing\/","name":"CidadeMarketing","description":"Somos um ve\u00edculo de comunica\u00e7\u00e3o de destaque no Brasil, reconhecido por conte\u00fados nos segmentos de marketing, empreendedorismo e inova\u00e7\u00e3o.","publisher":{"@id":"https:\/\/www.cidademarketing.com.br\/marketing\/#organization"},"alternateName":"CidadeMarketing","potentialAction":[{"@type":"SearchAction","target":{"@type":"EntryPoint","urlTemplate":"https:\/\/www.cidademarketing.com.br\/marketing\/?s={search_term_string}"},"query-input":{"@type":"PropertyValueSpecification","valueRequired":true,"valueName":"search_term_string"}}],"inLanguage":"pt-BR"},{"@type":"Organization","@id":"https:\/\/www.cidademarketing.com.br\/marketing\/#organization","name":"CidadeMarketing","alternateName":"CidadeMarketing","url":"https:\/\/www.cidademarketing.com.br\/marketing\/","logo":{"@type":"ImageObject","inLanguage":"pt-BR","@id":"https:\/\/www.cidademarketing.com.br\/marketing\/#\/schema\/logo\/image\/","url":"https:\/\/www.cidademarketing.com.br\/marketing\/wp-content\/uploads\/2020\/01\/cidademarketing_marca_mobile.png","contentUrl":"https:\/\/www.cidademarketing.com.br\/marketing\/wp-content\/uploads\/2020\/01\/cidademarketing_marca_mobile.png","width":230,"height":92,"caption":"CidadeMarketing"},"image":{"@id":"https:\/\/www.cidademarketing.com.br\/marketing\/#\/schema\/logo\/image\/"},"sameAs":["https:\/\/www.facebook.com\/portalcidademarketing","https:\/\/x.com\/CidadeMarketing","https:\/\/www.instagram.com\/cidademarketing\/"]},{"@type":"Person","@id":"https:\/\/www.cidademarketing.com.br\/marketing\/#\/schema\/person\/02daff9f18bd9378c9e01eb6b2db155f","name":"Thales Brand\u00e3o","image":{"@type":"ImageObject","inLanguage":"pt-BR","@id":"https:\/\/secure.gravatar.com\/avatar\/7ca3206950207cc3cb48feec56a8a7898741ab725c368d99d5d7a5a50aab80c6?s=96&d=mm&r=g","url":"https:\/\/secure.gravatar.com\/avatar\/7ca3206950207cc3cb48feec56a8a7898741ab725c368d99d5d7a5a50aab80c6?s=96&d=mm&r=g","contentUrl":"https:\/\/secure.gravatar.com\/avatar\/7ca3206950207cc3cb48feec56a8a7898741ab725c368d99d5d7a5a50aab80c6?s=96&d=mm&r=g","caption":"Thales Brand\u00e3o"},"description":"Editor Executivo do Portal CidadeMarketing.com.br &gt; Mestre em Comunica\u00e7\u00e3o e Sociedade pela Universidade Federal de Sergipe. Possui MBA Executivo em Administra\u00e7\u00e3o com \u00eanfase em Marketing pela Funda\u00e7\u00e3o Get\u00falio Vargas - Rio de Janeiro. Consultor, Palestrante e Pesquisador sobre Empreendedorismo, Marketing, Redes Sociais e Neg\u00f3cios Digitais. Professor, Palestrante TedxTalks e Campus Party. Twitter: @ThalesBrandao","sameAs":["http:\/\/www.mandacaru.com.br","https:\/\/www.facebook.com\/thalesbrandao","http:\/\/www.instagram.com.br\/thalesbrandaoferreira","https:\/\/www.linkedin.com\/in\/thales-brand\u00e3o-3948609\/","https:\/\/x.com\/http:\/\/www.twitter.com\/thalesbrandao"],"url":"https:\/\/www.cidademarketing.com.br\/marketing\/author\/thalesbrandao\/"}]}},"amp_enabled":true,"_links":{"self":[{"href":"https:\/\/www.cidademarketing.com.br\/marketing\/wp-json\/wp\/v2\/posts\/54043","targetHints":{"allow":["GET"]}}],"collection":[{"href":"https:\/\/www.cidademarketing.com.br\/marketing\/wp-json\/wp\/v2\/posts"}],"about":[{"href":"https:\/\/www.cidademarketing.com.br\/marketing\/wp-json\/wp\/v2\/types\/post"}],"author":[{"embeddable":true,"href":"https:\/\/www.cidademarketing.com.br\/marketing\/wp-json\/wp\/v2\/users\/1"}],"replies":[{"embeddable":true,"href":"https:\/\/www.cidademarketing.com.br\/marketing\/wp-json\/wp\/v2\/comments?post=54043"}],"version-history":[{"count":1,"href":"https:\/\/www.cidademarketing.com.br\/marketing\/wp-json\/wp\/v2\/posts\/54043\/revisions"}],"predecessor-version":[{"id":54045,"href":"https:\/\/www.cidademarketing.com.br\/marketing\/wp-json\/wp\/v2\/posts\/54043\/revisions\/54045"}],"wp:featuredmedia":[{"embeddable":true,"href":"https:\/\/www.cidademarketing.com.br\/marketing\/wp-json\/wp\/v2\/media\/54044"}],"wp:attachment":[{"href":"https:\/\/www.cidademarketing.com.br\/marketing\/wp-json\/wp\/v2\/media?parent=54043"}],"wp:term":[{"taxonomy":"category","embeddable":true,"href":"https:\/\/www.cidademarketing.com.br\/marketing\/wp-json\/wp\/v2\/categories?post=54043"},{"taxonomy":"post_tag","embeddable":true,"href":"https:\/\/www.cidademarketing.com.br\/marketing\/wp-json\/wp\/v2\/tags?post=54043"}],"curies":[{"name":"wp","href":"https:\/\/api.w.org\/{rel}","templated":true}]}}