{"id":5399,"date":"2019-01-25T21:57:52","date_gmt":"2019-01-25T23:57:52","guid":{"rendered":"http:\/\/www.cidademarketing.com.br\/marketing\/?p=5399"},"modified":"2019-01-25T21:57:53","modified_gmt":"2019-01-25T23:57:53","slug":"estima-se-que-essa-onda-atingira-a-usina-hidreletrica-em-cerca-de-dois-dias-afirma-agencia-nacional-de-aguas-sobre-tragedia-em-brumadinho","status":"publish","type":"post","link":"https:\/\/www.cidademarketing.com.br\/marketing\/2019\/01\/25\/estima-se-que-essa-onda-atingira-a-usina-hidreletrica-em-cerca-de-dois-dias-afirma-agencia-nacional-de-aguas-sobre-tragedia-em-brumadinho\/","title":{"rendered":"&#8220;Estima-se que essa onda atingir\u00e1 a usina hidrel\u00e9trica em cerca de dois dias&#8221;, afirma Ag\u00eancia Nacional de \u00c1guas sobre trag\u00e9dia em Brumadinho"},"content":{"rendered":"\n<p>A barragem da Vale,\u00a0<a href=\"http:\/\/www.cidademarketing.com.br\/marketing\/2019\/01\/25\/nova-tragedia-barragem-da-vale-se-rompe-em-minas-gerais-e-lama-invade-regiao-de-brumadinho\/\" target=\"_blank\" rel=\"noreferrer noopener\" aria-label=\"rompida\u00a0no in\u00edcio da tarde de hoje (25) em Brumadinho (abre em uma nova aba)\">rompida\u00a0no in\u00edcio da tarde de hoje (25) em Brumadinho<\/a>, regi\u00e3o metropolitana de Belo Horizonte, estava classificada como de baixo risco de acidentes e alto potencial de danos. A informa\u00e7\u00e3o consta do\u00a0<em>Relat\u00f3rio de Seguran\u00e7a de Barragens<\/em>, elaborado pela Ag\u00eancia Nacional de \u00c1guas (ANA), a partir de informa\u00e7\u00f5es prestadas por \u00f3rg\u00e3os fiscalizadores ligados \u00e0a tem\u00e1tica. <\/p>\n\n\n\n<p>A \u00faltima edi\u00e7\u00e3o do relat\u00f3rio foi lan\u00e7ada em novembro do ano passado, com informa\u00e7\u00f5es relativas a 2017. Em nota encaminhada nesta tarde, a ag\u00eancia reguladora reafirmou que, para elaborar o documento, encaminhou formul\u00e1rio para os \u00f3rg\u00e3os fiscalizadores, que declararam as informa\u00e7\u00f5es sobre as barragens sob sua responsabilidade.<\/p>\n\n\n\n<p>&#8220;Neste question\u00e1rio, a ANA perguntou quais barragens estariam em situa\u00e7\u00e3o cr\u00edtica e a barragem rompida nesta sexta-feira n\u00e3o foi apontada como cr\u00edtica pela Ag\u00eancia Nacional de Minera\u00e7\u00e3o (ANM), respons\u00e1vel pelas informa\u00e7\u00f5es das barragens de rejeito de min\u00e9rio&#8221;, disse a ag\u00eancia, por meio de nota. A ag\u00eancia disse ainda que, para informa\u00e7\u00f5es sobre a barragem de rejeito de min\u00e9rio da Vale, a ANM deve ser consultada.<\/p>\n\n\n\n<p>Mais cedo, a ANA informou que est\u00e1 monitorando a onda de rejeitos da barragem, pois havia a preocupa\u00e7\u00e3o de que esse material atingisse a Usina Hidrel\u00e9trica Retiro Baixo, mas que a barragem da usina, localizada a 220 quil\u00f4metro do local do rompimento, possibilitar\u00e1 amortecimento da onda de rejeito. &#8220;Estima-se que essa onda atingir\u00e1 a usina em cerca de dois dias&#8221;, diz a nota.<\/p>\n\n\n\n<p>A ag\u00eancia destacou que se solidariza com os afetados pelo rompimento da barragem do C\u00f3rrego do Feij\u00e3o e informou que est\u00e1 coordenando a\u00e7\u00f5es para manuten\u00e7\u00e3o do abastecimento de \u00e1gua e sua qualidade para as cidades que captam \u00e1gua ao longo do Rio Paraopeba. &#8220;Estamos em constante comunica\u00e7\u00e3o com os \u00f3rg\u00e3os e autoridades federais e estaduais, inclusive no \u00e2mbito de recente Acordo de Coopera\u00e7\u00e3o sobre Seguran\u00e7a de Barragens, que est\u00e1 permitindo troca facilitada e mais r\u00e1pida de dados sobre a situa\u00e7\u00e3o no local do evento&#8221;.<\/p>\n\n\n\n<p>O relat\u00f3rio de 2017 aponta 45 barragens com risco de rompimento. Segundo o documento, o Brasil tem cerca de 23 mil barragens identificadas para diversas finalidades, como gera\u00e7\u00e3o de energia, ac\u00famulo de \u00e1gua ou rejeito de min\u00e9rios, caso da que se rompeu hoje.<\/p>\n\n\n\n<p><strong>CidadeMarketing com informa\u00e7\u00f5es da EBC.<\/strong><\/p>\n","protected":false},"excerpt":{"rendered":"<p>A barragem da Vale,\u00a0rompida\u00a0no in\u00edcio da tarde de hoje (25) em Brumadinho, regi\u00e3o metropolitana de Belo Horizonte, estava classificada como de baixo risco de acidentes e alto potencial de danos. A informa\u00e7\u00e3o consta do\u00a0Relat\u00f3rio de Seguran\u00e7a de Barragens, elaborado pela Ag\u00eancia Nacional de \u00c1guas (ANA), a partir de informa\u00e7\u00f5es prestadas por \u00f3rg\u00e3os fiscalizadores ligados \u00e0a [&hellip;]<\/p>\n","protected":false},"author":1,"featured_media":5371,"comment_status":"open","ping_status":"open","sticky":false,"template":"","format":"standard","meta":{"tdm_status":"","tdm_grid_status":"","footnotes":""},"categories":[6],"tags":[1243,1239,1237,176,1236,612],"class_list":["post-5399","post","type-post","status-publish","format-standard","has-post-thumbnail","hentry","category-noticias","tag-ana","tag-brumadinho","tag-meio-ambiente","tag-sustentabilidade","tag-tragedia","tag-vale"],"yoast_head":"<!-- This site is optimized with the Yoast SEO plugin v27.5 - https:\/\/yoast.com\/product\/yoast-seo-wordpress\/ -->\n<title>&quot;Estima-se que essa onda atingir\u00e1 a usina hidrel\u00e9trica em cerca de dois dias&quot;, afirma Ag\u00eancia Nacional de \u00c1guas sobre trag\u00e9dia em Brumadinho - CidadeMarketing<\/title>\n<meta name=\"robots\" content=\"index, follow, max-snippet:-1, max-image-preview:large, max-video-preview:-1\" \/>\n<link rel=\"canonical\" href=\"https:\/\/www.cidademarketing.com.br\/marketing\/2019\/01\/25\/estima-se-que-essa-onda-atingira-a-usina-hidreletrica-em-cerca-de-dois-dias-afirma-agencia-nacional-de-aguas-sobre-tragedia-em-brumadinho\/\" \/>\n<meta property=\"og:locale\" content=\"pt_BR\" \/>\n<meta property=\"og:type\" content=\"article\" \/>\n<meta property=\"og:title\" content=\"&quot;Estima-se que essa onda atingir\u00e1 a usina hidrel\u00e9trica em cerca de dois dias&quot;, afirma Ag\u00eancia Nacional de \u00c1guas sobre trag\u00e9dia em Brumadinho - CidadeMarketing\" \/>\n<meta property=\"og:description\" content=\"A barragem da Vale,\u00a0rompida\u00a0no in\u00edcio da tarde de hoje (25) em Brumadinho, regi\u00e3o metropolitana de Belo Horizonte, estava classificada como de baixo risco de acidentes e alto potencial de danos. A informa\u00e7\u00e3o consta do\u00a0Relat\u00f3rio de Seguran\u00e7a de Barragens, elaborado pela Ag\u00eancia Nacional de \u00c1guas (ANA), a partir de informa\u00e7\u00f5es prestadas por \u00f3rg\u00e3os fiscalizadores ligados \u00e0a [&hellip;]\" \/>\n<meta property=\"og:url\" content=\"https:\/\/www.cidademarketing.com.br\/marketing\/2019\/01\/25\/estima-se-que-essa-onda-atingira-a-usina-hidreletrica-em-cerca-de-dois-dias-afirma-agencia-nacional-de-aguas-sobre-tragedia-em-brumadinho\/\" \/>\n<meta property=\"og:site_name\" content=\"CidadeMarketing\" \/>\n<meta property=\"article:publisher\" content=\"https:\/\/www.facebook.com\/portalcidademarketing\" \/>\n<meta property=\"article:author\" content=\"https:\/\/www.facebook.com\/thalesbrandao\" \/>\n<meta property=\"article:published_time\" content=\"2019-01-25T23:57:52+00:00\" \/>\n<meta property=\"article:modified_time\" content=\"2019-01-25T23:57:53+00:00\" \/>\n<meta property=\"og:image\" content=\"https:\/\/www.cidademarketing.com.br\/marketing\/wp-content\/uploads\/2019\/01\/tragedia_vale_brumadinho_minas.jpg\" \/>\n\t<meta property=\"og:image:width\" content=\"1178\" \/>\n\t<meta property=\"og:image:height\" content=\"1195\" \/>\n\t<meta property=\"og:image:type\" content=\"image\/jpeg\" \/>\n<meta name=\"author\" content=\"Thales Brand\u00e3o\" \/>\n<meta name=\"twitter:card\" content=\"summary_large_image\" \/>\n<meta name=\"twitter:creator\" content=\"@http:\/\/www.twitter.com\/thalesbrandao\" \/>\n<meta name=\"twitter:site\" content=\"@CidadeMarketing\" \/>\n<meta name=\"twitter:label1\" content=\"Escrito por\" \/>\n\t<meta name=\"twitter:data1\" content=\"Thales Brand\u00e3o\" \/>\n\t<meta name=\"twitter:label2\" content=\"Est. tempo de leitura\" \/>\n\t<meta name=\"twitter:data2\" content=\"2 minutos\" \/>\n<script type=\"application\/ld+json\" class=\"yoast-schema-graph\">{\"@context\":\"https:\\\/\\\/schema.org\",\"@graph\":[{\"@type\":\"Article\",\"@id\":\"https:\\\/\\\/www.cidademarketing.com.br\\\/marketing\\\/2019\\\/01\\\/25\\\/estima-se-que-essa-onda-atingira-a-usina-hidreletrica-em-cerca-de-dois-dias-afirma-agencia-nacional-de-aguas-sobre-tragedia-em-brumadinho\\\/#article\",\"isPartOf\":{\"@id\":\"https:\\\/\\\/www.cidademarketing.com.br\\\/marketing\\\/2019\\\/01\\\/25\\\/estima-se-que-essa-onda-atingira-a-usina-hidreletrica-em-cerca-de-dois-dias-afirma-agencia-nacional-de-aguas-sobre-tragedia-em-brumadinho\\\/\"},\"author\":{\"name\":\"Thales Brand\u00e3o\",\"@id\":\"https:\\\/\\\/www.cidademarketing.com.br\\\/marketing\\\/#\\\/schema\\\/person\\\/02daff9f18bd9378c9e01eb6b2db155f\"},\"headline\":\"&#8220;Estima-se que essa onda atingir\u00e1 a usina hidrel\u00e9trica em cerca de dois dias&#8221;, afirma Ag\u00eancia Nacional de \u00c1guas sobre trag\u00e9dia em Brumadinho\",\"datePublished\":\"2019-01-25T23:57:52+00:00\",\"dateModified\":\"2019-01-25T23:57:53+00:00\",\"mainEntityOfPage\":{\"@id\":\"https:\\\/\\\/www.cidademarketing.com.br\\\/marketing\\\/2019\\\/01\\\/25\\\/estima-se-que-essa-onda-atingira-a-usina-hidreletrica-em-cerca-de-dois-dias-afirma-agencia-nacional-de-aguas-sobre-tragedia-em-brumadinho\\\/\"},\"wordCount\":435,\"commentCount\":0,\"publisher\":{\"@id\":\"https:\\\/\\\/www.cidademarketing.com.br\\\/marketing\\\/#organization\"},\"image\":{\"@id\":\"https:\\\/\\\/www.cidademarketing.com.br\\\/marketing\\\/2019\\\/01\\\/25\\\/estima-se-que-essa-onda-atingira-a-usina-hidreletrica-em-cerca-de-dois-dias-afirma-agencia-nacional-de-aguas-sobre-tragedia-em-brumadinho\\\/#primaryimage\"},\"thumbnailUrl\":\"https:\\\/\\\/www.cidademarketing.com.br\\\/marketing\\\/wp-content\\\/uploads\\\/2019\\\/01\\\/tragedia_vale_brumadinho_minas.jpg\",\"keywords\":[\"ANA\",\"Brumadinho\",\"meio ambiente\",\"sustentabilidade\",\"trag\u00e9dia\",\"Vale\"],\"articleSection\":[\"Not\u00edcias\"],\"inLanguage\":\"pt-BR\",\"potentialAction\":[{\"@type\":\"CommentAction\",\"name\":\"Comment\",\"target\":[\"https:\\\/\\\/www.cidademarketing.com.br\\\/marketing\\\/2019\\\/01\\\/25\\\/estima-se-que-essa-onda-atingira-a-usina-hidreletrica-em-cerca-de-dois-dias-afirma-agencia-nacional-de-aguas-sobre-tragedia-em-brumadinho\\\/#respond\"]}]},{\"@type\":\"WebPage\",\"@id\":\"https:\\\/\\\/www.cidademarketing.com.br\\\/marketing\\\/2019\\\/01\\\/25\\\/estima-se-que-essa-onda-atingira-a-usina-hidreletrica-em-cerca-de-dois-dias-afirma-agencia-nacional-de-aguas-sobre-tragedia-em-brumadinho\\\/\",\"url\":\"https:\\\/\\\/www.cidademarketing.com.br\\\/marketing\\\/2019\\\/01\\\/25\\\/estima-se-que-essa-onda-atingira-a-usina-hidreletrica-em-cerca-de-dois-dias-afirma-agencia-nacional-de-aguas-sobre-tragedia-em-brumadinho\\\/\",\"name\":\"\\\"Estima-se que essa onda atingir\u00e1 a usina hidrel\u00e9trica em cerca de dois dias\\\", afirma Ag\u00eancia Nacional de \u00c1guas sobre trag\u00e9dia em Brumadinho - CidadeMarketing\",\"isPartOf\":{\"@id\":\"https:\\\/\\\/www.cidademarketing.com.br\\\/marketing\\\/#website\"},\"primaryImageOfPage\":{\"@id\":\"https:\\\/\\\/www.cidademarketing.com.br\\\/marketing\\\/2019\\\/01\\\/25\\\/estima-se-que-essa-onda-atingira-a-usina-hidreletrica-em-cerca-de-dois-dias-afirma-agencia-nacional-de-aguas-sobre-tragedia-em-brumadinho\\\/#primaryimage\"},\"image\":{\"@id\":\"https:\\\/\\\/www.cidademarketing.com.br\\\/marketing\\\/2019\\\/01\\\/25\\\/estima-se-que-essa-onda-atingira-a-usina-hidreletrica-em-cerca-de-dois-dias-afirma-agencia-nacional-de-aguas-sobre-tragedia-em-brumadinho\\\/#primaryimage\"},\"thumbnailUrl\":\"https:\\\/\\\/www.cidademarketing.com.br\\\/marketing\\\/wp-content\\\/uploads\\\/2019\\\/01\\\/tragedia_vale_brumadinho_minas.jpg\",\"datePublished\":\"2019-01-25T23:57:52+00:00\",\"dateModified\":\"2019-01-25T23:57:53+00:00\",\"breadcrumb\":{\"@id\":\"https:\\\/\\\/www.cidademarketing.com.br\\\/marketing\\\/2019\\\/01\\\/25\\\/estima-se-que-essa-onda-atingira-a-usina-hidreletrica-em-cerca-de-dois-dias-afirma-agencia-nacional-de-aguas-sobre-tragedia-em-brumadinho\\\/#breadcrumb\"},\"inLanguage\":\"pt-BR\",\"potentialAction\":[{\"@type\":\"ReadAction\",\"target\":[\"https:\\\/\\\/www.cidademarketing.com.br\\\/marketing\\\/2019\\\/01\\\/25\\\/estima-se-que-essa-onda-atingira-a-usina-hidreletrica-em-cerca-de-dois-dias-afirma-agencia-nacional-de-aguas-sobre-tragedia-em-brumadinho\\\/\"]}]},{\"@type\":\"ImageObject\",\"inLanguage\":\"pt-BR\",\"@id\":\"https:\\\/\\\/www.cidademarketing.com.br\\\/marketing\\\/2019\\\/01\\\/25\\\/estima-se-que-essa-onda-atingira-a-usina-hidreletrica-em-cerca-de-dois-dias-afirma-agencia-nacional-de-aguas-sobre-tragedia-em-brumadinho\\\/#primaryimage\",\"url\":\"https:\\\/\\\/www.cidademarketing.com.br\\\/marketing\\\/wp-content\\\/uploads\\\/2019\\\/01\\\/tragedia_vale_brumadinho_minas.jpg\",\"contentUrl\":\"https:\\\/\\\/www.cidademarketing.com.br\\\/marketing\\\/wp-content\\\/uploads\\\/2019\\\/01\\\/tragedia_vale_brumadinho_minas.jpg\",\"width\":1178,\"height\":1195},{\"@type\":\"BreadcrumbList\",\"@id\":\"https:\\\/\\\/www.cidademarketing.com.br\\\/marketing\\\/2019\\\/01\\\/25\\\/estima-se-que-essa-onda-atingira-a-usina-hidreletrica-em-cerca-de-dois-dias-afirma-agencia-nacional-de-aguas-sobre-tragedia-em-brumadinho\\\/#breadcrumb\",\"itemListElement\":[{\"@type\":\"ListItem\",\"position\":1,\"name\":\"In\u00edcio\",\"item\":\"https:\\\/\\\/www.cidademarketing.com.br\\\/marketing\\\/\"},{\"@type\":\"ListItem\",\"position\":2,\"name\":\"&#8220;Estima-se que essa onda atingir\u00e1 a usina hidrel\u00e9trica em cerca de dois dias&#8221;, afirma Ag\u00eancia Nacional de \u00c1guas sobre trag\u00e9dia em Brumadinho\"}]},{\"@type\":\"WebSite\",\"@id\":\"https:\\\/\\\/www.cidademarketing.com.br\\\/marketing\\\/#website\",\"url\":\"https:\\\/\\\/www.cidademarketing.com.br\\\/marketing\\\/\",\"name\":\"CidadeMarketing\",\"description\":\"Somos um ve\u00edculo de comunica\u00e7\u00e3o de destaque no Brasil, reconhecido por conte\u00fados nos segmentos de marketing, empreendedorismo e inova\u00e7\u00e3o.\",\"publisher\":{\"@id\":\"https:\\\/\\\/www.cidademarketing.com.br\\\/marketing\\\/#organization\"},\"alternateName\":\"CidadeMarketing\",\"potentialAction\":[{\"@type\":\"SearchAction\",\"target\":{\"@type\":\"EntryPoint\",\"urlTemplate\":\"https:\\\/\\\/www.cidademarketing.com.br\\\/marketing\\\/?s={search_term_string}\"},\"query-input\":{\"@type\":\"PropertyValueSpecification\",\"valueRequired\":true,\"valueName\":\"search_term_string\"}}],\"inLanguage\":\"pt-BR\"},{\"@type\":\"Organization\",\"@id\":\"https:\\\/\\\/www.cidademarketing.com.br\\\/marketing\\\/#organization\",\"name\":\"CidadeMarketing\",\"alternateName\":\"CidadeMarketing\",\"url\":\"https:\\\/\\\/www.cidademarketing.com.br\\\/marketing\\\/\",\"logo\":{\"@type\":\"ImageObject\",\"inLanguage\":\"pt-BR\",\"@id\":\"https:\\\/\\\/www.cidademarketing.com.br\\\/marketing\\\/#\\\/schema\\\/logo\\\/image\\\/\",\"url\":\"https:\\\/\\\/www.cidademarketing.com.br\\\/marketing\\\/wp-content\\\/uploads\\\/2020\\\/01\\\/cidademarketing_marca_mobile.png\",\"contentUrl\":\"https:\\\/\\\/www.cidademarketing.com.br\\\/marketing\\\/wp-content\\\/uploads\\\/2020\\\/01\\\/cidademarketing_marca_mobile.png\",\"width\":230,\"height\":92,\"caption\":\"CidadeMarketing\"},\"image\":{\"@id\":\"https:\\\/\\\/www.cidademarketing.com.br\\\/marketing\\\/#\\\/schema\\\/logo\\\/image\\\/\"},\"sameAs\":[\"https:\\\/\\\/www.facebook.com\\\/portalcidademarketing\",\"https:\\\/\\\/x.com\\\/CidadeMarketing\",\"https:\\\/\\\/www.instagram.com\\\/cidademarketing\\\/\"]},{\"@type\":\"Person\",\"@id\":\"https:\\\/\\\/www.cidademarketing.com.br\\\/marketing\\\/#\\\/schema\\\/person\\\/02daff9f18bd9378c9e01eb6b2db155f\",\"name\":\"Thales Brand\u00e3o\",\"image\":{\"@type\":\"ImageObject\",\"inLanguage\":\"pt-BR\",\"@id\":\"https:\\\/\\\/secure.gravatar.com\\\/avatar\\\/7ca3206950207cc3cb48feec56a8a7898741ab725c368d99d5d7a5a50aab80c6?s=96&d=mm&r=g\",\"url\":\"https:\\\/\\\/secure.gravatar.com\\\/avatar\\\/7ca3206950207cc3cb48feec56a8a7898741ab725c368d99d5d7a5a50aab80c6?s=96&d=mm&r=g\",\"contentUrl\":\"https:\\\/\\\/secure.gravatar.com\\\/avatar\\\/7ca3206950207cc3cb48feec56a8a7898741ab725c368d99d5d7a5a50aab80c6?s=96&d=mm&r=g\",\"caption\":\"Thales Brand\u00e3o\"},\"description\":\"Editor Executivo do Portal CidadeMarketing.com.br &gt; Mestre em Comunica\u00e7\u00e3o e Sociedade pela Universidade Federal de Sergipe. Possui MBA Executivo em Administra\u00e7\u00e3o com \u00eanfase em Marketing pela Funda\u00e7\u00e3o Get\u00falio Vargas - Rio de Janeiro. Consultor, Palestrante e Pesquisador sobre Empreendedorismo, Marketing, Redes Sociais e Neg\u00f3cios Digitais. Professor, Palestrante TedxTalks e Campus Party. Twitter: @ThalesBrandao\",\"sameAs\":[\"http:\\\/\\\/www.mandacaru.com.br\",\"https:\\\/\\\/www.facebook.com\\\/thalesbrandao\",\"http:\\\/\\\/www.instagram.com.br\\\/thalesbrandaoferreira\",\"https:\\\/\\\/www.linkedin.com\\\/in\\\/thales-brand\u00e3o-3948609\\\/\",\"https:\\\/\\\/x.com\\\/http:\\\/\\\/www.twitter.com\\\/thalesbrandao\"],\"url\":\"https:\\\/\\\/www.cidademarketing.com.br\\\/marketing\\\/author\\\/thalesbrandao\\\/\"}]}<\/script>\n<!-- \/ Yoast SEO plugin. -->","yoast_head_json":{"title":"\"Estima-se que essa onda atingir\u00e1 a usina hidrel\u00e9trica em cerca de dois dias\", afirma Ag\u00eancia Nacional de \u00c1guas sobre trag\u00e9dia em Brumadinho - CidadeMarketing","robots":{"index":"index","follow":"follow","max-snippet":"max-snippet:-1","max-image-preview":"max-image-preview:large","max-video-preview":"max-video-preview:-1"},"canonical":"https:\/\/www.cidademarketing.com.br\/marketing\/2019\/01\/25\/estima-se-que-essa-onda-atingira-a-usina-hidreletrica-em-cerca-de-dois-dias-afirma-agencia-nacional-de-aguas-sobre-tragedia-em-brumadinho\/","og_locale":"pt_BR","og_type":"article","og_title":"\"Estima-se que essa onda atingir\u00e1 a usina hidrel\u00e9trica em cerca de dois dias\", afirma Ag\u00eancia Nacional de \u00c1guas sobre trag\u00e9dia em Brumadinho - CidadeMarketing","og_description":"A barragem da Vale,\u00a0rompida\u00a0no in\u00edcio da tarde de hoje (25) em Brumadinho, regi\u00e3o metropolitana de Belo Horizonte, estava classificada como de baixo risco de acidentes e alto potencial de danos. A informa\u00e7\u00e3o consta do\u00a0Relat\u00f3rio de Seguran\u00e7a de Barragens, elaborado pela Ag\u00eancia Nacional de \u00c1guas (ANA), a partir de informa\u00e7\u00f5es prestadas por \u00f3rg\u00e3os fiscalizadores ligados \u00e0a [&hellip;]","og_url":"https:\/\/www.cidademarketing.com.br\/marketing\/2019\/01\/25\/estima-se-que-essa-onda-atingira-a-usina-hidreletrica-em-cerca-de-dois-dias-afirma-agencia-nacional-de-aguas-sobre-tragedia-em-brumadinho\/","og_site_name":"CidadeMarketing","article_publisher":"https:\/\/www.facebook.com\/portalcidademarketing","article_author":"https:\/\/www.facebook.com\/thalesbrandao","article_published_time":"2019-01-25T23:57:52+00:00","article_modified_time":"2019-01-25T23:57:53+00:00","og_image":[{"width":1178,"height":1195,"url":"https:\/\/www.cidademarketing.com.br\/marketing\/wp-content\/uploads\/2019\/01\/tragedia_vale_brumadinho_minas.jpg","type":"image\/jpeg"}],"author":"Thales Brand\u00e3o","twitter_card":"summary_large_image","twitter_creator":"@http:\/\/www.twitter.com\/thalesbrandao","twitter_site":"@CidadeMarketing","twitter_misc":{"Escrito por":"Thales Brand\u00e3o","Est. tempo de leitura":"2 minutos"},"schema":{"@context":"https:\/\/schema.org","@graph":[{"@type":"Article","@id":"https:\/\/www.cidademarketing.com.br\/marketing\/2019\/01\/25\/estima-se-que-essa-onda-atingira-a-usina-hidreletrica-em-cerca-de-dois-dias-afirma-agencia-nacional-de-aguas-sobre-tragedia-em-brumadinho\/#article","isPartOf":{"@id":"https:\/\/www.cidademarketing.com.br\/marketing\/2019\/01\/25\/estima-se-que-essa-onda-atingira-a-usina-hidreletrica-em-cerca-de-dois-dias-afirma-agencia-nacional-de-aguas-sobre-tragedia-em-brumadinho\/"},"author":{"name":"Thales Brand\u00e3o","@id":"https:\/\/www.cidademarketing.com.br\/marketing\/#\/schema\/person\/02daff9f18bd9378c9e01eb6b2db155f"},"headline":"&#8220;Estima-se que essa onda atingir\u00e1 a usina hidrel\u00e9trica em cerca de dois dias&#8221;, afirma Ag\u00eancia Nacional de \u00c1guas sobre trag\u00e9dia em Brumadinho","datePublished":"2019-01-25T23:57:52+00:00","dateModified":"2019-01-25T23:57:53+00:00","mainEntityOfPage":{"@id":"https:\/\/www.cidademarketing.com.br\/marketing\/2019\/01\/25\/estima-se-que-essa-onda-atingira-a-usina-hidreletrica-em-cerca-de-dois-dias-afirma-agencia-nacional-de-aguas-sobre-tragedia-em-brumadinho\/"},"wordCount":435,"commentCount":0,"publisher":{"@id":"https:\/\/www.cidademarketing.com.br\/marketing\/#organization"},"image":{"@id":"https:\/\/www.cidademarketing.com.br\/marketing\/2019\/01\/25\/estima-se-que-essa-onda-atingira-a-usina-hidreletrica-em-cerca-de-dois-dias-afirma-agencia-nacional-de-aguas-sobre-tragedia-em-brumadinho\/#primaryimage"},"thumbnailUrl":"https:\/\/www.cidademarketing.com.br\/marketing\/wp-content\/uploads\/2019\/01\/tragedia_vale_brumadinho_minas.jpg","keywords":["ANA","Brumadinho","meio ambiente","sustentabilidade","trag\u00e9dia","Vale"],"articleSection":["Not\u00edcias"],"inLanguage":"pt-BR","potentialAction":[{"@type":"CommentAction","name":"Comment","target":["https:\/\/www.cidademarketing.com.br\/marketing\/2019\/01\/25\/estima-se-que-essa-onda-atingira-a-usina-hidreletrica-em-cerca-de-dois-dias-afirma-agencia-nacional-de-aguas-sobre-tragedia-em-brumadinho\/#respond"]}]},{"@type":"WebPage","@id":"https:\/\/www.cidademarketing.com.br\/marketing\/2019\/01\/25\/estima-se-que-essa-onda-atingira-a-usina-hidreletrica-em-cerca-de-dois-dias-afirma-agencia-nacional-de-aguas-sobre-tragedia-em-brumadinho\/","url":"https:\/\/www.cidademarketing.com.br\/marketing\/2019\/01\/25\/estima-se-que-essa-onda-atingira-a-usina-hidreletrica-em-cerca-de-dois-dias-afirma-agencia-nacional-de-aguas-sobre-tragedia-em-brumadinho\/","name":"\"Estima-se que essa onda atingir\u00e1 a usina hidrel\u00e9trica em cerca de dois dias\", afirma Ag\u00eancia Nacional de \u00c1guas sobre trag\u00e9dia em Brumadinho - CidadeMarketing","isPartOf":{"@id":"https:\/\/www.cidademarketing.com.br\/marketing\/#website"},"primaryImageOfPage":{"@id":"https:\/\/www.cidademarketing.com.br\/marketing\/2019\/01\/25\/estima-se-que-essa-onda-atingira-a-usina-hidreletrica-em-cerca-de-dois-dias-afirma-agencia-nacional-de-aguas-sobre-tragedia-em-brumadinho\/#primaryimage"},"image":{"@id":"https:\/\/www.cidademarketing.com.br\/marketing\/2019\/01\/25\/estima-se-que-essa-onda-atingira-a-usina-hidreletrica-em-cerca-de-dois-dias-afirma-agencia-nacional-de-aguas-sobre-tragedia-em-brumadinho\/#primaryimage"},"thumbnailUrl":"https:\/\/www.cidademarketing.com.br\/marketing\/wp-content\/uploads\/2019\/01\/tragedia_vale_brumadinho_minas.jpg","datePublished":"2019-01-25T23:57:52+00:00","dateModified":"2019-01-25T23:57:53+00:00","breadcrumb":{"@id":"https:\/\/www.cidademarketing.com.br\/marketing\/2019\/01\/25\/estima-se-que-essa-onda-atingira-a-usina-hidreletrica-em-cerca-de-dois-dias-afirma-agencia-nacional-de-aguas-sobre-tragedia-em-brumadinho\/#breadcrumb"},"inLanguage":"pt-BR","potentialAction":[{"@type":"ReadAction","target":["https:\/\/www.cidademarketing.com.br\/marketing\/2019\/01\/25\/estima-se-que-essa-onda-atingira-a-usina-hidreletrica-em-cerca-de-dois-dias-afirma-agencia-nacional-de-aguas-sobre-tragedia-em-brumadinho\/"]}]},{"@type":"ImageObject","inLanguage":"pt-BR","@id":"https:\/\/www.cidademarketing.com.br\/marketing\/2019\/01\/25\/estima-se-que-essa-onda-atingira-a-usina-hidreletrica-em-cerca-de-dois-dias-afirma-agencia-nacional-de-aguas-sobre-tragedia-em-brumadinho\/#primaryimage","url":"https:\/\/www.cidademarketing.com.br\/marketing\/wp-content\/uploads\/2019\/01\/tragedia_vale_brumadinho_minas.jpg","contentUrl":"https:\/\/www.cidademarketing.com.br\/marketing\/wp-content\/uploads\/2019\/01\/tragedia_vale_brumadinho_minas.jpg","width":1178,"height":1195},{"@type":"BreadcrumbList","@id":"https:\/\/www.cidademarketing.com.br\/marketing\/2019\/01\/25\/estima-se-que-essa-onda-atingira-a-usina-hidreletrica-em-cerca-de-dois-dias-afirma-agencia-nacional-de-aguas-sobre-tragedia-em-brumadinho\/#breadcrumb","itemListElement":[{"@type":"ListItem","position":1,"name":"In\u00edcio","item":"https:\/\/www.cidademarketing.com.br\/marketing\/"},{"@type":"ListItem","position":2,"name":"&#8220;Estima-se que essa onda atingir\u00e1 a usina hidrel\u00e9trica em cerca de dois dias&#8221;, afirma Ag\u00eancia Nacional de \u00c1guas sobre trag\u00e9dia em Brumadinho"}]},{"@type":"WebSite","@id":"https:\/\/www.cidademarketing.com.br\/marketing\/#website","url":"https:\/\/www.cidademarketing.com.br\/marketing\/","name":"CidadeMarketing","description":"Somos um ve\u00edculo de comunica\u00e7\u00e3o de destaque no Brasil, reconhecido por conte\u00fados nos segmentos de marketing, empreendedorismo e inova\u00e7\u00e3o.","publisher":{"@id":"https:\/\/www.cidademarketing.com.br\/marketing\/#organization"},"alternateName":"CidadeMarketing","potentialAction":[{"@type":"SearchAction","target":{"@type":"EntryPoint","urlTemplate":"https:\/\/www.cidademarketing.com.br\/marketing\/?s={search_term_string}"},"query-input":{"@type":"PropertyValueSpecification","valueRequired":true,"valueName":"search_term_string"}}],"inLanguage":"pt-BR"},{"@type":"Organization","@id":"https:\/\/www.cidademarketing.com.br\/marketing\/#organization","name":"CidadeMarketing","alternateName":"CidadeMarketing","url":"https:\/\/www.cidademarketing.com.br\/marketing\/","logo":{"@type":"ImageObject","inLanguage":"pt-BR","@id":"https:\/\/www.cidademarketing.com.br\/marketing\/#\/schema\/logo\/image\/","url":"https:\/\/www.cidademarketing.com.br\/marketing\/wp-content\/uploads\/2020\/01\/cidademarketing_marca_mobile.png","contentUrl":"https:\/\/www.cidademarketing.com.br\/marketing\/wp-content\/uploads\/2020\/01\/cidademarketing_marca_mobile.png","width":230,"height":92,"caption":"CidadeMarketing"},"image":{"@id":"https:\/\/www.cidademarketing.com.br\/marketing\/#\/schema\/logo\/image\/"},"sameAs":["https:\/\/www.facebook.com\/portalcidademarketing","https:\/\/x.com\/CidadeMarketing","https:\/\/www.instagram.com\/cidademarketing\/"]},{"@type":"Person","@id":"https:\/\/www.cidademarketing.com.br\/marketing\/#\/schema\/person\/02daff9f18bd9378c9e01eb6b2db155f","name":"Thales Brand\u00e3o","image":{"@type":"ImageObject","inLanguage":"pt-BR","@id":"https:\/\/secure.gravatar.com\/avatar\/7ca3206950207cc3cb48feec56a8a7898741ab725c368d99d5d7a5a50aab80c6?s=96&d=mm&r=g","url":"https:\/\/secure.gravatar.com\/avatar\/7ca3206950207cc3cb48feec56a8a7898741ab725c368d99d5d7a5a50aab80c6?s=96&d=mm&r=g","contentUrl":"https:\/\/secure.gravatar.com\/avatar\/7ca3206950207cc3cb48feec56a8a7898741ab725c368d99d5d7a5a50aab80c6?s=96&d=mm&r=g","caption":"Thales Brand\u00e3o"},"description":"Editor Executivo do Portal CidadeMarketing.com.br &gt; Mestre em Comunica\u00e7\u00e3o e Sociedade pela Universidade Federal de Sergipe. Possui MBA Executivo em Administra\u00e7\u00e3o com \u00eanfase em Marketing pela Funda\u00e7\u00e3o Get\u00falio Vargas - Rio de Janeiro. Consultor, Palestrante e Pesquisador sobre Empreendedorismo, Marketing, Redes Sociais e Neg\u00f3cios Digitais. Professor, Palestrante TedxTalks e Campus Party. Twitter: @ThalesBrandao","sameAs":["http:\/\/www.mandacaru.com.br","https:\/\/www.facebook.com\/thalesbrandao","http:\/\/www.instagram.com.br\/thalesbrandaoferreira","https:\/\/www.linkedin.com\/in\/thales-brand\u00e3o-3948609\/","https:\/\/x.com\/http:\/\/www.twitter.com\/thalesbrandao"],"url":"https:\/\/www.cidademarketing.com.br\/marketing\/author\/thalesbrandao\/"}]}},"amp_enabled":true,"_links":{"self":[{"href":"https:\/\/www.cidademarketing.com.br\/marketing\/wp-json\/wp\/v2\/posts\/5399","targetHints":{"allow":["GET"]}}],"collection":[{"href":"https:\/\/www.cidademarketing.com.br\/marketing\/wp-json\/wp\/v2\/posts"}],"about":[{"href":"https:\/\/www.cidademarketing.com.br\/marketing\/wp-json\/wp\/v2\/types\/post"}],"author":[{"embeddable":true,"href":"https:\/\/www.cidademarketing.com.br\/marketing\/wp-json\/wp\/v2\/users\/1"}],"replies":[{"embeddable":true,"href":"https:\/\/www.cidademarketing.com.br\/marketing\/wp-json\/wp\/v2\/comments?post=5399"}],"version-history":[{"count":1,"href":"https:\/\/www.cidademarketing.com.br\/marketing\/wp-json\/wp\/v2\/posts\/5399\/revisions"}],"predecessor-version":[{"id":5400,"href":"https:\/\/www.cidademarketing.com.br\/marketing\/wp-json\/wp\/v2\/posts\/5399\/revisions\/5400"}],"wp:featuredmedia":[{"embeddable":true,"href":"https:\/\/www.cidademarketing.com.br\/marketing\/wp-json\/wp\/v2\/media\/5371"}],"wp:attachment":[{"href":"https:\/\/www.cidademarketing.com.br\/marketing\/wp-json\/wp\/v2\/media?parent=5399"}],"wp:term":[{"taxonomy":"category","embeddable":true,"href":"https:\/\/www.cidademarketing.com.br\/marketing\/wp-json\/wp\/v2\/categories?post=5399"},{"taxonomy":"post_tag","embeddable":true,"href":"https:\/\/www.cidademarketing.com.br\/marketing\/wp-json\/wp\/v2\/tags?post=5399"}],"curies":[{"name":"wp","href":"https:\/\/api.w.org\/{rel}","templated":true}]}}