{"id":53867,"date":"2024-11-25T12:34:34","date_gmt":"2024-11-25T15:34:34","guid":{"rendered":"https:\/\/www.cidademarketing.com.br\/marketing\/?p=53867"},"modified":"2024-11-25T12:34:34","modified_gmt":"2024-11-25T15:34:34","slug":"em-acao-da-havas-life-msd-saude-animal-e-azul-celebram-parceria-com-aviao-tematico-para-destacar-a-conexao-entre-pets-e-tutores","status":"publish","type":"post","link":"https:\/\/www.cidademarketing.com.br\/marketing\/2024\/11\/25\/em-acao-da-havas-life-msd-saude-animal-e-azul-celebram-parceria-com-aviao-tematico-para-destacar-a-conexao-entre-pets-e-tutores\/","title":{"rendered":"Em a\u00e7\u00e3o da Havas Life, MSD Sa\u00fade Animal e Azul celebram parceria com avi\u00e3o tem\u00e1tico para destacar a conex\u00e3o entre pets e tutores"},"content":{"rendered":"<p>A MSD Sa\u00fade Animal e a companhia a\u00e9rea Azul se unem em uma parceria inovadora para celebrar a import\u00e2ncia dos pets na vida de seus tutores. A iniciativa inclui a personaliza\u00e7\u00e3o de um avi\u00e3o da Azul com as cores e mensagens de Bravecto\u00ae, ectoparasita que possui mais de 10 anos de atua\u00e7\u00e3o, destacando o cuidado e a prote\u00e7\u00e3o essenciais para que c\u00e3es e gatos possam estar sempre ao lado de suas fam\u00edlias, at\u00e9 mesmo em viagens.<\/p>\n<p>O lan\u00e7amento foi marcado por um voo inaugural na \u00faltima sexta-feira, 22, no qual influenciadores parceiros da marca foram convidados especiais para esse voo inaugural e levaram seus pets a bordo, refor\u00e7ando o conceito de celebrar todos os momentos com os animais de estima\u00e7\u00e3o. Durante o voo, os passageiros assistiram a um v\u00eddeo especial de Bravecto\u00ae, com informa\u00e7\u00f5es sobre o produto e sua import\u00e2ncia para a sa\u00fade e o bem-estar animal. Al\u00e9m disso, todos os tutores que embarcarem com seus pets receber\u00e3o um kit exclusivo Bravecto\u00ae, contendo produtos e acess\u00f3rios para seus animais.<\/p>\n<p>\u201cO objetivo dessa parceria \u00e9 refor\u00e7ar que os pets fazem parte de todas as ocasi\u00f5es da nossa vida, inclusive das viagens. Bravecto\u00ae \u00e9 o \u00fanico produto que oferece prote\u00e7\u00e3o prolongada contra pulgas e carrapatos com apenas uma dose, dando a tranquilidade necess\u00e1ria para que toda a fam\u00edlia desfrute ao m\u00e1ximo desses momentos. O avi\u00e3o tem\u00e1tico \u00e9 uma forma criativa de refor\u00e7ar essa mensagem e estimular experi\u00eancias memor\u00e1veis\u201d, explica Jayme Lima, diretor da unidade de neg\u00f3cios de Animais de Companhia da MSD Sa\u00fade Animal.<\/p>\n<p>A aeronave personalizada ficar\u00e1 em circula\u00e7\u00e3o por 8 meses, levando a mensagem de Bravecto\u00ae para diversos destinos do Brasil. Como parte da a\u00e7\u00e3o, todos os tutores que embarcarem com os seus pets durante esse tempo ir\u00e3o receber um kit exclusivo. A a\u00e7\u00e3o traduz a proposta de inova\u00e7\u00e3o e cuidado da MSD Sa\u00fade Animal, que busca integrar sa\u00fade, seguran\u00e7a e conviv\u00eancia em sua atua\u00e7\u00e3o.<\/p>\n<p>Para a Havas Life, ag\u00eancia respons\u00e1vel pela campanha, o projeto vai al\u00e9m da est\u00e9tica. \u2018\u2019Conectar duas marcas que s\u00e3o refer\u00eancia no que fazem \u00e9 uma ideia que conquista todos pela frente, n\u00e3o s\u00f3 quem ama pets. Tenho certeza de que os clientes de Bravecto v\u00e3o ficar encantados com o tratamento, o respeito e a prote\u00e7\u00e3o que finalmente nossos pets est\u00e3o ganhando\u2019\u2019, comenta Sergio Caruso, diretor Geral da Havas Life.<\/p>\n<p>Al\u00e9m disso, a Azul comemora a oportunidade de unir sua expertise em transporte a\u00e9reo com o cuidado animal. &#8220;Com a parceria com a Bravecto, refor\u00e7amos nossa miss\u00e3o de proporcionar a melhor experi\u00eancia, seja ela para Clientes ou para os pets, estes que s\u00e3o nossos companheiros insepar\u00e1veis\u201d, destaca Jason Ward, vice-presidente de Pessoas, Clientes e ESG e tutor da Zoey.<\/p>\n","protected":false},"excerpt":{"rendered":"<p>A MSD Sa\u00fade Animal e a companhia a\u00e9rea Azul se unem em uma parceria inovadora para celebrar a import\u00e2ncia dos pets na vida de seus tutores. A iniciativa inclui a personaliza\u00e7\u00e3o de um avi\u00e3o da Azul com as cores e mensagens de Bravecto\u00ae, ectoparasita que possui mais de 10 anos de atua\u00e7\u00e3o, destacando o cuidado [&hellip;]<\/p>\n","protected":false},"author":1,"featured_media":53869,"comment_status":"open","ping_status":"open","sticky":false,"template":"","format":"standard","meta":{"tdm_status":"","tdm_grid_status":"","footnotes":""},"categories":[6],"tags":[45,8336,65,308,33,8337,28,8335,55],"class_list":["post-53867","post","type-post","status-publish","format-standard","has-post-thumbnail","hentry","category-noticias","tag-azul","tag-bravecto","tag-campanha","tag-comunicacao","tag-estrategia","tag-havas-life","tag-marketing","tag-msd-saude-animal","tag-relacionamento"],"yoast_head":"<!-- This site is optimized with the Yoast SEO plugin v27.5 - https:\/\/yoast.com\/product\/yoast-seo-wordpress\/ -->\n<title>Em a\u00e7\u00e3o da Havas Life, MSD Sa\u00fade Animal e Azul celebram parceria com avi\u00e3o tem\u00e1tico para destacar a conex\u00e3o entre pets e tutores - CidadeMarketing<\/title>\n<meta name=\"robots\" content=\"index, follow, max-snippet:-1, max-image-preview:large, max-video-preview:-1\" \/>\n<link rel=\"canonical\" href=\"https:\/\/www.cidademarketing.com.br\/marketing\/2024\/11\/25\/em-acao-da-havas-life-msd-saude-animal-e-azul-celebram-parceria-com-aviao-tematico-para-destacar-a-conexao-entre-pets-e-tutores\/\" \/>\n<meta property=\"og:locale\" content=\"pt_BR\" \/>\n<meta property=\"og:type\" content=\"article\" \/>\n<meta property=\"og:title\" content=\"Em a\u00e7\u00e3o da Havas Life, MSD Sa\u00fade Animal e Azul celebram parceria com avi\u00e3o tem\u00e1tico para destacar a conex\u00e3o entre pets e tutores - CidadeMarketing\" \/>\n<meta property=\"og:description\" content=\"A MSD Sa\u00fade Animal e a companhia a\u00e9rea Azul se unem em uma parceria inovadora para celebrar a import\u00e2ncia dos pets na vida de seus tutores. A iniciativa inclui a personaliza\u00e7\u00e3o de um avi\u00e3o da Azul com as cores e mensagens de Bravecto\u00ae, ectoparasita que possui mais de 10 anos de atua\u00e7\u00e3o, destacando o cuidado [&hellip;]\" \/>\n<meta property=\"og:url\" content=\"https:\/\/www.cidademarketing.com.br\/marketing\/2024\/11\/25\/em-acao-da-havas-life-msd-saude-animal-e-azul-celebram-parceria-com-aviao-tematico-para-destacar-a-conexao-entre-pets-e-tutores\/\" \/>\n<meta property=\"og:site_name\" content=\"CidadeMarketing\" \/>\n<meta property=\"article:publisher\" content=\"https:\/\/www.facebook.com\/portalcidademarketing\" \/>\n<meta property=\"article:author\" content=\"https:\/\/www.facebook.com\/thalesbrandao\" \/>\n<meta property=\"article:published_time\" content=\"2024-11-25T15:34:34+00:00\" \/>\n<meta property=\"og:image\" content=\"https:\/\/www.cidademarketing.com.br\/marketing\/wp-content\/uploads\/2024\/11\/HavaLife_MSD-Saude-Animal-Azul_Bravecto.png\" \/>\n\t<meta property=\"og:image:width\" content=\"886\" \/>\n\t<meta property=\"og:image:height\" content=\"652\" \/>\n\t<meta property=\"og:image:type\" content=\"image\/png\" \/>\n<meta name=\"author\" content=\"Thales Brand\u00e3o\" \/>\n<meta name=\"twitter:card\" content=\"summary_large_image\" \/>\n<meta name=\"twitter:creator\" content=\"@http:\/\/www.twitter.com\/thalesbrandao\" \/>\n<meta name=\"twitter:site\" content=\"@CidadeMarketing\" \/>\n<meta name=\"twitter:label1\" content=\"Escrito por\" \/>\n\t<meta name=\"twitter:data1\" content=\"Thales Brand\u00e3o\" \/>\n\t<meta name=\"twitter:label2\" content=\"Est. tempo de leitura\" \/>\n\t<meta name=\"twitter:data2\" content=\"2 minutos\" \/>\n<script type=\"application\/ld+json\" class=\"yoast-schema-graph\">{\"@context\":\"https:\\\/\\\/schema.org\",\"@graph\":[{\"@type\":\"Article\",\"@id\":\"https:\\\/\\\/www.cidademarketing.com.br\\\/marketing\\\/2024\\\/11\\\/25\\\/em-acao-da-havas-life-msd-saude-animal-e-azul-celebram-parceria-com-aviao-tematico-para-destacar-a-conexao-entre-pets-e-tutores\\\/#article\",\"isPartOf\":{\"@id\":\"https:\\\/\\\/www.cidademarketing.com.br\\\/marketing\\\/2024\\\/11\\\/25\\\/em-acao-da-havas-life-msd-saude-animal-e-azul-celebram-parceria-com-aviao-tematico-para-destacar-a-conexao-entre-pets-e-tutores\\\/\"},\"author\":{\"name\":\"Thales Brand\u00e3o\",\"@id\":\"https:\\\/\\\/www.cidademarketing.com.br\\\/marketing\\\/#\\\/schema\\\/person\\\/02daff9f18bd9378c9e01eb6b2db155f\"},\"headline\":\"Em a\u00e7\u00e3o da Havas Life, MSD Sa\u00fade Animal e Azul celebram parceria com avi\u00e3o tem\u00e1tico para destacar a conex\u00e3o entre pets e tutores\",\"datePublished\":\"2024-11-25T15:34:34+00:00\",\"mainEntityOfPage\":{\"@id\":\"https:\\\/\\\/www.cidademarketing.com.br\\\/marketing\\\/2024\\\/11\\\/25\\\/em-acao-da-havas-life-msd-saude-animal-e-azul-celebram-parceria-com-aviao-tematico-para-destacar-a-conexao-entre-pets-e-tutores\\\/\"},\"wordCount\":523,\"commentCount\":0,\"publisher\":{\"@id\":\"https:\\\/\\\/www.cidademarketing.com.br\\\/marketing\\\/#organization\"},\"image\":{\"@id\":\"https:\\\/\\\/www.cidademarketing.com.br\\\/marketing\\\/2024\\\/11\\\/25\\\/em-acao-da-havas-life-msd-saude-animal-e-azul-celebram-parceria-com-aviao-tematico-para-destacar-a-conexao-entre-pets-e-tutores\\\/#primaryimage\"},\"thumbnailUrl\":\"https:\\\/\\\/www.cidademarketing.com.br\\\/marketing\\\/wp-content\\\/uploads\\\/2024\\\/11\\\/HavaLife_MSD-Saude-Animal-Azul_Bravecto.png\",\"keywords\":[\"Azul\",\"Bravecto\",\"campanha\",\"comunica\u00e7\u00e3o\",\"estrat\u00e9gia\",\"Havas Life\",\"marketing\",\"MSD Sa\u00fade Animal\",\"relacionamento\"],\"articleSection\":[\"Not\u00edcias\"],\"inLanguage\":\"pt-BR\",\"potentialAction\":[{\"@type\":\"CommentAction\",\"name\":\"Comment\",\"target\":[\"https:\\\/\\\/www.cidademarketing.com.br\\\/marketing\\\/2024\\\/11\\\/25\\\/em-acao-da-havas-life-msd-saude-animal-e-azul-celebram-parceria-com-aviao-tematico-para-destacar-a-conexao-entre-pets-e-tutores\\\/#respond\"]}]},{\"@type\":\"WebPage\",\"@id\":\"https:\\\/\\\/www.cidademarketing.com.br\\\/marketing\\\/2024\\\/11\\\/25\\\/em-acao-da-havas-life-msd-saude-animal-e-azul-celebram-parceria-com-aviao-tematico-para-destacar-a-conexao-entre-pets-e-tutores\\\/\",\"url\":\"https:\\\/\\\/www.cidademarketing.com.br\\\/marketing\\\/2024\\\/11\\\/25\\\/em-acao-da-havas-life-msd-saude-animal-e-azul-celebram-parceria-com-aviao-tematico-para-destacar-a-conexao-entre-pets-e-tutores\\\/\",\"name\":\"Em a\u00e7\u00e3o da Havas Life, MSD Sa\u00fade Animal e Azul celebram parceria com avi\u00e3o tem\u00e1tico para destacar a conex\u00e3o entre pets e tutores - CidadeMarketing\",\"isPartOf\":{\"@id\":\"https:\\\/\\\/www.cidademarketing.com.br\\\/marketing\\\/#website\"},\"primaryImageOfPage\":{\"@id\":\"https:\\\/\\\/www.cidademarketing.com.br\\\/marketing\\\/2024\\\/11\\\/25\\\/em-acao-da-havas-life-msd-saude-animal-e-azul-celebram-parceria-com-aviao-tematico-para-destacar-a-conexao-entre-pets-e-tutores\\\/#primaryimage\"},\"image\":{\"@id\":\"https:\\\/\\\/www.cidademarketing.com.br\\\/marketing\\\/2024\\\/11\\\/25\\\/em-acao-da-havas-life-msd-saude-animal-e-azul-celebram-parceria-com-aviao-tematico-para-destacar-a-conexao-entre-pets-e-tutores\\\/#primaryimage\"},\"thumbnailUrl\":\"https:\\\/\\\/www.cidademarketing.com.br\\\/marketing\\\/wp-content\\\/uploads\\\/2024\\\/11\\\/HavaLife_MSD-Saude-Animal-Azul_Bravecto.png\",\"datePublished\":\"2024-11-25T15:34:34+00:00\",\"breadcrumb\":{\"@id\":\"https:\\\/\\\/www.cidademarketing.com.br\\\/marketing\\\/2024\\\/11\\\/25\\\/em-acao-da-havas-life-msd-saude-animal-e-azul-celebram-parceria-com-aviao-tematico-para-destacar-a-conexao-entre-pets-e-tutores\\\/#breadcrumb\"},\"inLanguage\":\"pt-BR\",\"potentialAction\":[{\"@type\":\"ReadAction\",\"target\":[\"https:\\\/\\\/www.cidademarketing.com.br\\\/marketing\\\/2024\\\/11\\\/25\\\/em-acao-da-havas-life-msd-saude-animal-e-azul-celebram-parceria-com-aviao-tematico-para-destacar-a-conexao-entre-pets-e-tutores\\\/\"]}]},{\"@type\":\"ImageObject\",\"inLanguage\":\"pt-BR\",\"@id\":\"https:\\\/\\\/www.cidademarketing.com.br\\\/marketing\\\/2024\\\/11\\\/25\\\/em-acao-da-havas-life-msd-saude-animal-e-azul-celebram-parceria-com-aviao-tematico-para-destacar-a-conexao-entre-pets-e-tutores\\\/#primaryimage\",\"url\":\"https:\\\/\\\/www.cidademarketing.com.br\\\/marketing\\\/wp-content\\\/uploads\\\/2024\\\/11\\\/HavaLife_MSD-Saude-Animal-Azul_Bravecto.png\",\"contentUrl\":\"https:\\\/\\\/www.cidademarketing.com.br\\\/marketing\\\/wp-content\\\/uploads\\\/2024\\\/11\\\/HavaLife_MSD-Saude-Animal-Azul_Bravecto.png\",\"width\":886,\"height\":652,\"caption\":\"Divulga\u00e7\u00e3o\"},{\"@type\":\"BreadcrumbList\",\"@id\":\"https:\\\/\\\/www.cidademarketing.com.br\\\/marketing\\\/2024\\\/11\\\/25\\\/em-acao-da-havas-life-msd-saude-animal-e-azul-celebram-parceria-com-aviao-tematico-para-destacar-a-conexao-entre-pets-e-tutores\\\/#breadcrumb\",\"itemListElement\":[{\"@type\":\"ListItem\",\"position\":1,\"name\":\"In\u00edcio\",\"item\":\"https:\\\/\\\/www.cidademarketing.com.br\\\/marketing\\\/\"},{\"@type\":\"ListItem\",\"position\":2,\"name\":\"Em a\u00e7\u00e3o da Havas Life, MSD Sa\u00fade Animal e Azul celebram parceria com avi\u00e3o tem\u00e1tico para destacar a conex\u00e3o entre pets e tutores\"}]},{\"@type\":\"WebSite\",\"@id\":\"https:\\\/\\\/www.cidademarketing.com.br\\\/marketing\\\/#website\",\"url\":\"https:\\\/\\\/www.cidademarketing.com.br\\\/marketing\\\/\",\"name\":\"CidadeMarketing\",\"description\":\"Somos um ve\u00edculo de comunica\u00e7\u00e3o de destaque no Brasil, reconhecido por conte\u00fados nos segmentos de marketing, empreendedorismo e inova\u00e7\u00e3o.\",\"publisher\":{\"@id\":\"https:\\\/\\\/www.cidademarketing.com.br\\\/marketing\\\/#organization\"},\"alternateName\":\"CidadeMarketing\",\"potentialAction\":[{\"@type\":\"SearchAction\",\"target\":{\"@type\":\"EntryPoint\",\"urlTemplate\":\"https:\\\/\\\/www.cidademarketing.com.br\\\/marketing\\\/?s={search_term_string}\"},\"query-input\":{\"@type\":\"PropertyValueSpecification\",\"valueRequired\":true,\"valueName\":\"search_term_string\"}}],\"inLanguage\":\"pt-BR\"},{\"@type\":\"Organization\",\"@id\":\"https:\\\/\\\/www.cidademarketing.com.br\\\/marketing\\\/#organization\",\"name\":\"CidadeMarketing\",\"alternateName\":\"CidadeMarketing\",\"url\":\"https:\\\/\\\/www.cidademarketing.com.br\\\/marketing\\\/\",\"logo\":{\"@type\":\"ImageObject\",\"inLanguage\":\"pt-BR\",\"@id\":\"https:\\\/\\\/www.cidademarketing.com.br\\\/marketing\\\/#\\\/schema\\\/logo\\\/image\\\/\",\"url\":\"https:\\\/\\\/www.cidademarketing.com.br\\\/marketing\\\/wp-content\\\/uploads\\\/2020\\\/01\\\/cidademarketing_marca_mobile.png\",\"contentUrl\":\"https:\\\/\\\/www.cidademarketing.com.br\\\/marketing\\\/wp-content\\\/uploads\\\/2020\\\/01\\\/cidademarketing_marca_mobile.png\",\"width\":230,\"height\":92,\"caption\":\"CidadeMarketing\"},\"image\":{\"@id\":\"https:\\\/\\\/www.cidademarketing.com.br\\\/marketing\\\/#\\\/schema\\\/logo\\\/image\\\/\"},\"sameAs\":[\"https:\\\/\\\/www.facebook.com\\\/portalcidademarketing\",\"https:\\\/\\\/x.com\\\/CidadeMarketing\",\"https:\\\/\\\/www.instagram.com\\\/cidademarketing\\\/\"]},{\"@type\":\"Person\",\"@id\":\"https:\\\/\\\/www.cidademarketing.com.br\\\/marketing\\\/#\\\/schema\\\/person\\\/02daff9f18bd9378c9e01eb6b2db155f\",\"name\":\"Thales Brand\u00e3o\",\"image\":{\"@type\":\"ImageObject\",\"inLanguage\":\"pt-BR\",\"@id\":\"https:\\\/\\\/secure.gravatar.com\\\/avatar\\\/7ca3206950207cc3cb48feec56a8a7898741ab725c368d99d5d7a5a50aab80c6?s=96&d=mm&r=g\",\"url\":\"https:\\\/\\\/secure.gravatar.com\\\/avatar\\\/7ca3206950207cc3cb48feec56a8a7898741ab725c368d99d5d7a5a50aab80c6?s=96&d=mm&r=g\",\"contentUrl\":\"https:\\\/\\\/secure.gravatar.com\\\/avatar\\\/7ca3206950207cc3cb48feec56a8a7898741ab725c368d99d5d7a5a50aab80c6?s=96&d=mm&r=g\",\"caption\":\"Thales Brand\u00e3o\"},\"description\":\"Editor Executivo do Portal CidadeMarketing.com.br &gt; Mestre em Comunica\u00e7\u00e3o e Sociedade pela Universidade Federal de Sergipe. Possui MBA Executivo em Administra\u00e7\u00e3o com \u00eanfase em Marketing pela Funda\u00e7\u00e3o Get\u00falio Vargas - Rio de Janeiro. Consultor, Palestrante e Pesquisador sobre Empreendedorismo, Marketing, Redes Sociais e Neg\u00f3cios Digitais. Professor, Palestrante TedxTalks e Campus Party. Twitter: @ThalesBrandao\",\"sameAs\":[\"http:\\\/\\\/www.mandacaru.com.br\",\"https:\\\/\\\/www.facebook.com\\\/thalesbrandao\",\"http:\\\/\\\/www.instagram.com.br\\\/thalesbrandaoferreira\",\"https:\\\/\\\/www.linkedin.com\\\/in\\\/thales-brand\u00e3o-3948609\\\/\",\"https:\\\/\\\/x.com\\\/http:\\\/\\\/www.twitter.com\\\/thalesbrandao\"],\"url\":\"https:\\\/\\\/www.cidademarketing.com.br\\\/marketing\\\/author\\\/thalesbrandao\\\/\"}]}<\/script>\n<!-- \/ Yoast SEO plugin. -->","yoast_head_json":{"title":"Em a\u00e7\u00e3o da Havas Life, MSD Sa\u00fade Animal e Azul celebram parceria com avi\u00e3o tem\u00e1tico para destacar a conex\u00e3o entre pets e tutores - CidadeMarketing","robots":{"index":"index","follow":"follow","max-snippet":"max-snippet:-1","max-image-preview":"max-image-preview:large","max-video-preview":"max-video-preview:-1"},"canonical":"https:\/\/www.cidademarketing.com.br\/marketing\/2024\/11\/25\/em-acao-da-havas-life-msd-saude-animal-e-azul-celebram-parceria-com-aviao-tematico-para-destacar-a-conexao-entre-pets-e-tutores\/","og_locale":"pt_BR","og_type":"article","og_title":"Em a\u00e7\u00e3o da Havas Life, MSD Sa\u00fade Animal e Azul celebram parceria com avi\u00e3o tem\u00e1tico para destacar a conex\u00e3o entre pets e tutores - CidadeMarketing","og_description":"A MSD Sa\u00fade Animal e a companhia a\u00e9rea Azul se unem em uma parceria inovadora para celebrar a import\u00e2ncia dos pets na vida de seus tutores. A iniciativa inclui a personaliza\u00e7\u00e3o de um avi\u00e3o da Azul com as cores e mensagens de Bravecto\u00ae, ectoparasita que possui mais de 10 anos de atua\u00e7\u00e3o, destacando o cuidado [&hellip;]","og_url":"https:\/\/www.cidademarketing.com.br\/marketing\/2024\/11\/25\/em-acao-da-havas-life-msd-saude-animal-e-azul-celebram-parceria-com-aviao-tematico-para-destacar-a-conexao-entre-pets-e-tutores\/","og_site_name":"CidadeMarketing","article_publisher":"https:\/\/www.facebook.com\/portalcidademarketing","article_author":"https:\/\/www.facebook.com\/thalesbrandao","article_published_time":"2024-11-25T15:34:34+00:00","og_image":[{"width":886,"height":652,"url":"https:\/\/www.cidademarketing.com.br\/marketing\/wp-content\/uploads\/2024\/11\/HavaLife_MSD-Saude-Animal-Azul_Bravecto.png","type":"image\/png"}],"author":"Thales Brand\u00e3o","twitter_card":"summary_large_image","twitter_creator":"@http:\/\/www.twitter.com\/thalesbrandao","twitter_site":"@CidadeMarketing","twitter_misc":{"Escrito por":"Thales Brand\u00e3o","Est. tempo de leitura":"2 minutos"},"schema":{"@context":"https:\/\/schema.org","@graph":[{"@type":"Article","@id":"https:\/\/www.cidademarketing.com.br\/marketing\/2024\/11\/25\/em-acao-da-havas-life-msd-saude-animal-e-azul-celebram-parceria-com-aviao-tematico-para-destacar-a-conexao-entre-pets-e-tutores\/#article","isPartOf":{"@id":"https:\/\/www.cidademarketing.com.br\/marketing\/2024\/11\/25\/em-acao-da-havas-life-msd-saude-animal-e-azul-celebram-parceria-com-aviao-tematico-para-destacar-a-conexao-entre-pets-e-tutores\/"},"author":{"name":"Thales Brand\u00e3o","@id":"https:\/\/www.cidademarketing.com.br\/marketing\/#\/schema\/person\/02daff9f18bd9378c9e01eb6b2db155f"},"headline":"Em a\u00e7\u00e3o da Havas Life, MSD Sa\u00fade Animal e Azul celebram parceria com avi\u00e3o tem\u00e1tico para destacar a conex\u00e3o entre pets e tutores","datePublished":"2024-11-25T15:34:34+00:00","mainEntityOfPage":{"@id":"https:\/\/www.cidademarketing.com.br\/marketing\/2024\/11\/25\/em-acao-da-havas-life-msd-saude-animal-e-azul-celebram-parceria-com-aviao-tematico-para-destacar-a-conexao-entre-pets-e-tutores\/"},"wordCount":523,"commentCount":0,"publisher":{"@id":"https:\/\/www.cidademarketing.com.br\/marketing\/#organization"},"image":{"@id":"https:\/\/www.cidademarketing.com.br\/marketing\/2024\/11\/25\/em-acao-da-havas-life-msd-saude-animal-e-azul-celebram-parceria-com-aviao-tematico-para-destacar-a-conexao-entre-pets-e-tutores\/#primaryimage"},"thumbnailUrl":"https:\/\/www.cidademarketing.com.br\/marketing\/wp-content\/uploads\/2024\/11\/HavaLife_MSD-Saude-Animal-Azul_Bravecto.png","keywords":["Azul","Bravecto","campanha","comunica\u00e7\u00e3o","estrat\u00e9gia","Havas Life","marketing","MSD Sa\u00fade Animal","relacionamento"],"articleSection":["Not\u00edcias"],"inLanguage":"pt-BR","potentialAction":[{"@type":"CommentAction","name":"Comment","target":["https:\/\/www.cidademarketing.com.br\/marketing\/2024\/11\/25\/em-acao-da-havas-life-msd-saude-animal-e-azul-celebram-parceria-com-aviao-tematico-para-destacar-a-conexao-entre-pets-e-tutores\/#respond"]}]},{"@type":"WebPage","@id":"https:\/\/www.cidademarketing.com.br\/marketing\/2024\/11\/25\/em-acao-da-havas-life-msd-saude-animal-e-azul-celebram-parceria-com-aviao-tematico-para-destacar-a-conexao-entre-pets-e-tutores\/","url":"https:\/\/www.cidademarketing.com.br\/marketing\/2024\/11\/25\/em-acao-da-havas-life-msd-saude-animal-e-azul-celebram-parceria-com-aviao-tematico-para-destacar-a-conexao-entre-pets-e-tutores\/","name":"Em a\u00e7\u00e3o da Havas Life, MSD Sa\u00fade Animal e Azul celebram parceria com avi\u00e3o tem\u00e1tico para destacar a conex\u00e3o entre pets e tutores - CidadeMarketing","isPartOf":{"@id":"https:\/\/www.cidademarketing.com.br\/marketing\/#website"},"primaryImageOfPage":{"@id":"https:\/\/www.cidademarketing.com.br\/marketing\/2024\/11\/25\/em-acao-da-havas-life-msd-saude-animal-e-azul-celebram-parceria-com-aviao-tematico-para-destacar-a-conexao-entre-pets-e-tutores\/#primaryimage"},"image":{"@id":"https:\/\/www.cidademarketing.com.br\/marketing\/2024\/11\/25\/em-acao-da-havas-life-msd-saude-animal-e-azul-celebram-parceria-com-aviao-tematico-para-destacar-a-conexao-entre-pets-e-tutores\/#primaryimage"},"thumbnailUrl":"https:\/\/www.cidademarketing.com.br\/marketing\/wp-content\/uploads\/2024\/11\/HavaLife_MSD-Saude-Animal-Azul_Bravecto.png","datePublished":"2024-11-25T15:34:34+00:00","breadcrumb":{"@id":"https:\/\/www.cidademarketing.com.br\/marketing\/2024\/11\/25\/em-acao-da-havas-life-msd-saude-animal-e-azul-celebram-parceria-com-aviao-tematico-para-destacar-a-conexao-entre-pets-e-tutores\/#breadcrumb"},"inLanguage":"pt-BR","potentialAction":[{"@type":"ReadAction","target":["https:\/\/www.cidademarketing.com.br\/marketing\/2024\/11\/25\/em-acao-da-havas-life-msd-saude-animal-e-azul-celebram-parceria-com-aviao-tematico-para-destacar-a-conexao-entre-pets-e-tutores\/"]}]},{"@type":"ImageObject","inLanguage":"pt-BR","@id":"https:\/\/www.cidademarketing.com.br\/marketing\/2024\/11\/25\/em-acao-da-havas-life-msd-saude-animal-e-azul-celebram-parceria-com-aviao-tematico-para-destacar-a-conexao-entre-pets-e-tutores\/#primaryimage","url":"https:\/\/www.cidademarketing.com.br\/marketing\/wp-content\/uploads\/2024\/11\/HavaLife_MSD-Saude-Animal-Azul_Bravecto.png","contentUrl":"https:\/\/www.cidademarketing.com.br\/marketing\/wp-content\/uploads\/2024\/11\/HavaLife_MSD-Saude-Animal-Azul_Bravecto.png","width":886,"height":652,"caption":"Divulga\u00e7\u00e3o"},{"@type":"BreadcrumbList","@id":"https:\/\/www.cidademarketing.com.br\/marketing\/2024\/11\/25\/em-acao-da-havas-life-msd-saude-animal-e-azul-celebram-parceria-com-aviao-tematico-para-destacar-a-conexao-entre-pets-e-tutores\/#breadcrumb","itemListElement":[{"@type":"ListItem","position":1,"name":"In\u00edcio","item":"https:\/\/www.cidademarketing.com.br\/marketing\/"},{"@type":"ListItem","position":2,"name":"Em a\u00e7\u00e3o da Havas Life, MSD Sa\u00fade Animal e Azul celebram parceria com avi\u00e3o tem\u00e1tico para destacar a conex\u00e3o entre pets e tutores"}]},{"@type":"WebSite","@id":"https:\/\/www.cidademarketing.com.br\/marketing\/#website","url":"https:\/\/www.cidademarketing.com.br\/marketing\/","name":"CidadeMarketing","description":"Somos um ve\u00edculo de comunica\u00e7\u00e3o de destaque no Brasil, reconhecido por conte\u00fados nos segmentos de marketing, empreendedorismo e inova\u00e7\u00e3o.","publisher":{"@id":"https:\/\/www.cidademarketing.com.br\/marketing\/#organization"},"alternateName":"CidadeMarketing","potentialAction":[{"@type":"SearchAction","target":{"@type":"EntryPoint","urlTemplate":"https:\/\/www.cidademarketing.com.br\/marketing\/?s={search_term_string}"},"query-input":{"@type":"PropertyValueSpecification","valueRequired":true,"valueName":"search_term_string"}}],"inLanguage":"pt-BR"},{"@type":"Organization","@id":"https:\/\/www.cidademarketing.com.br\/marketing\/#organization","name":"CidadeMarketing","alternateName":"CidadeMarketing","url":"https:\/\/www.cidademarketing.com.br\/marketing\/","logo":{"@type":"ImageObject","inLanguage":"pt-BR","@id":"https:\/\/www.cidademarketing.com.br\/marketing\/#\/schema\/logo\/image\/","url":"https:\/\/www.cidademarketing.com.br\/marketing\/wp-content\/uploads\/2020\/01\/cidademarketing_marca_mobile.png","contentUrl":"https:\/\/www.cidademarketing.com.br\/marketing\/wp-content\/uploads\/2020\/01\/cidademarketing_marca_mobile.png","width":230,"height":92,"caption":"CidadeMarketing"},"image":{"@id":"https:\/\/www.cidademarketing.com.br\/marketing\/#\/schema\/logo\/image\/"},"sameAs":["https:\/\/www.facebook.com\/portalcidademarketing","https:\/\/x.com\/CidadeMarketing","https:\/\/www.instagram.com\/cidademarketing\/"]},{"@type":"Person","@id":"https:\/\/www.cidademarketing.com.br\/marketing\/#\/schema\/person\/02daff9f18bd9378c9e01eb6b2db155f","name":"Thales Brand\u00e3o","image":{"@type":"ImageObject","inLanguage":"pt-BR","@id":"https:\/\/secure.gravatar.com\/avatar\/7ca3206950207cc3cb48feec56a8a7898741ab725c368d99d5d7a5a50aab80c6?s=96&d=mm&r=g","url":"https:\/\/secure.gravatar.com\/avatar\/7ca3206950207cc3cb48feec56a8a7898741ab725c368d99d5d7a5a50aab80c6?s=96&d=mm&r=g","contentUrl":"https:\/\/secure.gravatar.com\/avatar\/7ca3206950207cc3cb48feec56a8a7898741ab725c368d99d5d7a5a50aab80c6?s=96&d=mm&r=g","caption":"Thales Brand\u00e3o"},"description":"Editor Executivo do Portal CidadeMarketing.com.br &gt; Mestre em Comunica\u00e7\u00e3o e Sociedade pela Universidade Federal de Sergipe. Possui MBA Executivo em Administra\u00e7\u00e3o com \u00eanfase em Marketing pela Funda\u00e7\u00e3o Get\u00falio Vargas - Rio de Janeiro. Consultor, Palestrante e Pesquisador sobre Empreendedorismo, Marketing, Redes Sociais e Neg\u00f3cios Digitais. Professor, Palestrante TedxTalks e Campus Party. Twitter: @ThalesBrandao","sameAs":["http:\/\/www.mandacaru.com.br","https:\/\/www.facebook.com\/thalesbrandao","http:\/\/www.instagram.com.br\/thalesbrandaoferreira","https:\/\/www.linkedin.com\/in\/thales-brand\u00e3o-3948609\/","https:\/\/x.com\/http:\/\/www.twitter.com\/thalesbrandao"],"url":"https:\/\/www.cidademarketing.com.br\/marketing\/author\/thalesbrandao\/"}]}},"amp_enabled":true,"_links":{"self":[{"href":"https:\/\/www.cidademarketing.com.br\/marketing\/wp-json\/wp\/v2\/posts\/53867","targetHints":{"allow":["GET"]}}],"collection":[{"href":"https:\/\/www.cidademarketing.com.br\/marketing\/wp-json\/wp\/v2\/posts"}],"about":[{"href":"https:\/\/www.cidademarketing.com.br\/marketing\/wp-json\/wp\/v2\/types\/post"}],"author":[{"embeddable":true,"href":"https:\/\/www.cidademarketing.com.br\/marketing\/wp-json\/wp\/v2\/users\/1"}],"replies":[{"embeddable":true,"href":"https:\/\/www.cidademarketing.com.br\/marketing\/wp-json\/wp\/v2\/comments?post=53867"}],"version-history":[{"count":1,"href":"https:\/\/www.cidademarketing.com.br\/marketing\/wp-json\/wp\/v2\/posts\/53867\/revisions"}],"predecessor-version":[{"id":53870,"href":"https:\/\/www.cidademarketing.com.br\/marketing\/wp-json\/wp\/v2\/posts\/53867\/revisions\/53870"}],"wp:featuredmedia":[{"embeddable":true,"href":"https:\/\/www.cidademarketing.com.br\/marketing\/wp-json\/wp\/v2\/media\/53869"}],"wp:attachment":[{"href":"https:\/\/www.cidademarketing.com.br\/marketing\/wp-json\/wp\/v2\/media?parent=53867"}],"wp:term":[{"taxonomy":"category","embeddable":true,"href":"https:\/\/www.cidademarketing.com.br\/marketing\/wp-json\/wp\/v2\/categories?post=53867"},{"taxonomy":"post_tag","embeddable":true,"href":"https:\/\/www.cidademarketing.com.br\/marketing\/wp-json\/wp\/v2\/tags?post=53867"}],"curies":[{"name":"wp","href":"https:\/\/api.w.org\/{rel}","templated":true}]}}