{"id":53797,"date":"2024-11-18T16:57:39","date_gmt":"2024-11-18T19:57:39","guid":{"rendered":"https:\/\/www.cidademarketing.com.br\/marketing\/?p=53797"},"modified":"2024-11-18T16:59:01","modified_gmt":"2024-11-18T19:59:01","slug":"black-friday-byd-apresenta-modelo-byd-king-2025-com-preco-abaixo-do-dolphin-em-acao-com-luciano-huck","status":"publish","type":"post","link":"https:\/\/www.cidademarketing.com.br\/marketing\/2024\/11\/18\/black-friday-byd-apresenta-modelo-byd-king-2025-com-preco-abaixo-do-dolphin-em-acao-com-luciano-huck\/","title":{"rendered":"Black Friday: BYD apresenta modelo BYD King 2025 com pre\u00e7o abaixo do Dolphin em a\u00e7\u00e3o com Luciano Huck"},"content":{"rendered":"<p>A BYD, marca de destaque no mercado de ve\u00edculos el\u00e9tricos e h\u00edbridos, lan\u00e7ou uma campanha especial de Black Friday estrelada pelo apresentador Luciano Huck. Durante a promo\u00e7\u00e3o, a empresa revelou ofertas exclusivas para dois de seus modelos, o BYD SONG PRO e o BYD KING, destacando a competitividade de pre\u00e7os e a inova\u00e7\u00e3o tecnol\u00f3gica dos ve\u00edculos.<\/p>\n<div style=\"width: 640px;\" class=\"wp-video\"><video class=\"wp-video-shortcode\" id=\"video-53797-1\" width=\"640\" height=\"350\" preload=\"metadata\" controls=\"controls\"><source type=\"video\/mp4\" src=\"https:\/\/www.cidademarketing.com.br\/marketing\/wp-content\/uploads\/2024\/11\/byd_luciano_huck_blackfriday.mp4?_=1\" \/><a href=\"https:\/\/www.cidademarketing.com.br\/marketing\/wp-content\/uploads\/2024\/11\/byd_luciano_huck_blackfriday.mp4\">https:\/\/www.cidademarketing.com.br\/marketing\/wp-content\/uploads\/2024\/11\/byd_luciano_huck_blackfriday.mp4<\/a><\/video><\/div>\n<p style=\"text-align: right;\"><em>Divulga\u00e7\u00e3o\/BYD<\/em><\/p>\n<p>A a\u00e7\u00e3o promocional foi amplamente divulgada no programa Doming\u00e3o com Huck, onde o apresentador destacou os ve\u00edculos BYD ao mostrar sua viagem \u00e0 Nova Zel\u00e2ndia, uma experi\u00eancia que refor\u00e7ou a presen\u00e7a global da marca. No palco, Huck apresentou as principais ofertas de Black Friday da BYD, incluindo descontos significativos em modelos que combinam alta tecnologia e sustentabilidade.<\/p>\n<p>A promo\u00e7\u00e3o inclui condi\u00e7\u00f5es especiais para os modelos h\u00edbridos BYD SONG PRO DM-i e BYD KING DM-i 2025. Confira os detalhes:<\/p>\n<p><strong>BYD SONG PRO DM-i 2025<br \/>\n<\/strong>Pre\u00e7o original: R$ 189.800,00<br \/>\nPre\u00e7o promocional: R$ 169.800,00<br \/>\nDesconto: R$ 20.000,00<\/p>\n<p><strong>BYD KING DM-i 2025<\/strong><br \/>\nPre\u00e7o original: R$ 175.800,00<br \/>\nPre\u00e7o promocional: R$ 149.800,00<br \/>\nDesconto: R$ 26.000,00<\/p>\n<p>O modelo BYD KING DM-i, com pre\u00e7o promocional de R$ 149.800,00, chega a ser mais acess\u00edvel do que o ve\u00edculo 100% el\u00e9trico DOLPHIN 2025, anunciado a R$ 159.800,00. Essa estrat\u00e9gia visa atrair novos consumidores interessados em ve\u00edculos h\u00edbridos e de baixo custo.<\/p>\n<p>Al\u00e9m dos descontos, a BYD est\u00e1 oferecendo vantagens exclusivas para quem adquirir os modelos durante a promo\u00e7\u00e3o:<\/p>\n<p><strong>Carregador port\u00e1til:<\/strong> Dispon\u00edvel para os modelos BYD Song Plus, BYD Song Pro e BYD King, 0 km, ano\/modelo 2023 a 2025.<br \/>\n<strong>Garantia na bateria:<\/strong> Cobertura de 8 anos, sem limite de quilometragem.<br \/>\n<strong>Revis\u00e3o gratuita para o BYD KING:<\/strong> Inclui 3 anos ou 36.000 km (o que ocorrer primeiro), seguindo os itens previstos no plano de manuten\u00e7\u00e3o.<\/p>\n<p>As ofertas s\u00e3o v\u00e1lidas at\u00e9 o dia 30 de novembro de 2024 ou enquanto durarem os estoques. Os interessados podem conferir os <a href=\"https:\/\/www.byd.com\/br\/ofertas\" target=\"_blank\" rel=\"noopener\">termos e condi\u00e7\u00f5es adicionais no site promocional da BYD<\/a>.<\/p>\n<p>A BYD alcan\u00e7ou um marco hist\u00f3rico no mercado brasileiro ao registrar a venda de 7.401 ve\u00edculos eletrificados em outubro, consolidando-se como uma refer\u00eancia no segmento. Dentre os modelos mais procurados, o BYD Dolphin Mini reafirmou sua lideran\u00e7a como o el\u00e9trico mais vendido no Brasil, com 2.808 unidades comercializadas. J\u00e1 entre os h\u00edbridos plug-in, a fam\u00edlia Song destacou-se ao dominar o mercado nacional, com 2.340 unidades vendidas, divididas entre 1.222 do Song Plus DM-i e 1.118 do Song Pro, refor\u00e7ando o sucesso da estrat\u00e9gia da marca no pa\u00eds.<\/p>\n","protected":false},"excerpt":{"rendered":"<p>A BYD, marca de destaque no mercado de ve\u00edculos el\u00e9tricos e h\u00edbridos, lan\u00e7ou uma campanha especial de Black Friday estrelada pelo apresentador Luciano Huck. Durante a promo\u00e7\u00e3o, a empresa revelou ofertas exclusivas para dois de seus modelos, o BYD SONG PRO e o BYD KING, destacando a competitividade de pre\u00e7os e a inova\u00e7\u00e3o tecnol\u00f3gica dos [&hellip;]<\/p>\n","protected":false},"author":1,"featured_media":53799,"comment_status":"open","ping_status":"open","sticky":false,"template":"","format":"standard","meta":{"tdm_status":"","tdm_grid_status":"","footnotes":""},"categories":[6],"tags":[591,6084,7028,8263,65,2356,8262,8264,33,2420,28,176,1829],"class_list":["post-53797","post","type-post","status-publish","format-standard","has-post-thumbnail","hentry","category-noticias","tag-black-friday","tag-byd","tag-byd-king","tag-byd-song","tag-campanha","tag-carro","tag-dolphin","tag-domingao-do-huck","tag-estrategia","tag-hibrido","tag-marketing","tag-sustentabilidade","tag-veiculo"],"yoast_head":"<!-- This site is optimized with the Yoast SEO plugin v27.5 - https:\/\/yoast.com\/product\/yoast-seo-wordpress\/ -->\n<title>Black Friday: BYD apresenta modelo BYD King 2025 com pre\u00e7o abaixo do Dolphin em a\u00e7\u00e3o com Luciano Huck - CidadeMarketing<\/title>\n<meta name=\"robots\" content=\"index, follow, max-snippet:-1, max-image-preview:large, max-video-preview:-1\" \/>\n<link rel=\"canonical\" href=\"https:\/\/www.cidademarketing.com.br\/marketing\/2024\/11\/18\/black-friday-byd-apresenta-modelo-byd-king-2025-com-preco-abaixo-do-dolphin-em-acao-com-luciano-huck\/\" \/>\n<meta property=\"og:locale\" content=\"pt_BR\" \/>\n<meta property=\"og:type\" content=\"article\" \/>\n<meta property=\"og:title\" content=\"Black Friday: BYD apresenta modelo BYD King 2025 com pre\u00e7o abaixo do Dolphin em a\u00e7\u00e3o com Luciano Huck - CidadeMarketing\" \/>\n<meta property=\"og:description\" content=\"A BYD, marca de destaque no mercado de ve\u00edculos el\u00e9tricos e h\u00edbridos, lan\u00e7ou uma campanha especial de Black Friday estrelada pelo apresentador Luciano Huck. Durante a promo\u00e7\u00e3o, a empresa revelou ofertas exclusivas para dois de seus modelos, o BYD SONG PRO e o BYD KING, destacando a competitividade de pre\u00e7os e a inova\u00e7\u00e3o tecnol\u00f3gica dos [&hellip;]\" \/>\n<meta property=\"og:url\" content=\"https:\/\/www.cidademarketing.com.br\/marketing\/2024\/11\/18\/black-friday-byd-apresenta-modelo-byd-king-2025-com-preco-abaixo-do-dolphin-em-acao-com-luciano-huck\/\" \/>\n<meta property=\"og:site_name\" content=\"CidadeMarketing\" \/>\n<meta property=\"article:publisher\" content=\"https:\/\/www.facebook.com\/portalcidademarketing\" \/>\n<meta property=\"article:author\" content=\"https:\/\/www.facebook.com\/thalesbrandao\" \/>\n<meta property=\"article:published_time\" content=\"2024-11-18T19:57:39+00:00\" \/>\n<meta property=\"article:modified_time\" content=\"2024-11-18T19:59:01+00:00\" \/>\n<meta property=\"og:image\" content=\"https:\/\/www.cidademarketing.com.br\/marketing\/wp-content\/uploads\/2024\/11\/byd_blackfriday_desconto.webp\" \/>\n\t<meta property=\"og:image:width\" content=\"1219\" \/>\n\t<meta property=\"og:image:height\" content=\"1219\" \/>\n\t<meta property=\"og:image:type\" content=\"image\/webp\" \/>\n<meta name=\"author\" content=\"Thales Brand\u00e3o\" \/>\n<meta name=\"twitter:card\" content=\"summary_large_image\" \/>\n<meta name=\"twitter:creator\" content=\"@http:\/\/www.twitter.com\/thalesbrandao\" \/>\n<meta name=\"twitter:site\" content=\"@CidadeMarketing\" \/>\n<meta name=\"twitter:label1\" content=\"Escrito por\" \/>\n\t<meta name=\"twitter:data1\" content=\"Thales Brand\u00e3o\" \/>\n\t<meta name=\"twitter:label2\" content=\"Est. tempo de leitura\" \/>\n\t<meta name=\"twitter:data2\" content=\"2 minutos\" \/>\n<script type=\"application\/ld+json\" class=\"yoast-schema-graph\">{\"@context\":\"https:\\\/\\\/schema.org\",\"@graph\":[{\"@type\":\"Article\",\"@id\":\"https:\\\/\\\/www.cidademarketing.com.br\\\/marketing\\\/2024\\\/11\\\/18\\\/black-friday-byd-apresenta-modelo-byd-king-2025-com-preco-abaixo-do-dolphin-em-acao-com-luciano-huck\\\/#article\",\"isPartOf\":{\"@id\":\"https:\\\/\\\/www.cidademarketing.com.br\\\/marketing\\\/2024\\\/11\\\/18\\\/black-friday-byd-apresenta-modelo-byd-king-2025-com-preco-abaixo-do-dolphin-em-acao-com-luciano-huck\\\/\"},\"author\":{\"name\":\"Thales Brand\u00e3o\",\"@id\":\"https:\\\/\\\/www.cidademarketing.com.br\\\/marketing\\\/#\\\/schema\\\/person\\\/02daff9f18bd9378c9e01eb6b2db155f\"},\"headline\":\"Black Friday: BYD apresenta modelo BYD King 2025 com pre\u00e7o abaixo do Dolphin em a\u00e7\u00e3o com Luciano Huck\",\"datePublished\":\"2024-11-18T19:57:39+00:00\",\"dateModified\":\"2024-11-18T19:59:01+00:00\",\"mainEntityOfPage\":{\"@id\":\"https:\\\/\\\/www.cidademarketing.com.br\\\/marketing\\\/2024\\\/11\\\/18\\\/black-friday-byd-apresenta-modelo-byd-king-2025-com-preco-abaixo-do-dolphin-em-acao-com-luciano-huck\\\/\"},\"wordCount\":462,\"commentCount\":0,\"publisher\":{\"@id\":\"https:\\\/\\\/www.cidademarketing.com.br\\\/marketing\\\/#organization\"},\"image\":{\"@id\":\"https:\\\/\\\/www.cidademarketing.com.br\\\/marketing\\\/2024\\\/11\\\/18\\\/black-friday-byd-apresenta-modelo-byd-king-2025-com-preco-abaixo-do-dolphin-em-acao-com-luciano-huck\\\/#primaryimage\"},\"thumbnailUrl\":\"https:\\\/\\\/www.cidademarketing.com.br\\\/marketing\\\/wp-content\\\/uploads\\\/2024\\\/11\\\/byd_blackfriday_desconto.webp\",\"keywords\":[\"Black Friday\",\"BYD\",\"BYD King\",\"BYD Song\",\"campanha\",\"carro\",\"Dolphin\",\"Doming\u00e3o do Huck\",\"estrat\u00e9gia\",\"h\u00edbrido\",\"marketing\",\"sustentabilidade\",\"ve\u00edculo\"],\"articleSection\":[\"Not\u00edcias\"],\"inLanguage\":\"pt-BR\",\"potentialAction\":[{\"@type\":\"CommentAction\",\"name\":\"Comment\",\"target\":[\"https:\\\/\\\/www.cidademarketing.com.br\\\/marketing\\\/2024\\\/11\\\/18\\\/black-friday-byd-apresenta-modelo-byd-king-2025-com-preco-abaixo-do-dolphin-em-acao-com-luciano-huck\\\/#respond\"]}]},{\"@type\":\"WebPage\",\"@id\":\"https:\\\/\\\/www.cidademarketing.com.br\\\/marketing\\\/2024\\\/11\\\/18\\\/black-friday-byd-apresenta-modelo-byd-king-2025-com-preco-abaixo-do-dolphin-em-acao-com-luciano-huck\\\/\",\"url\":\"https:\\\/\\\/www.cidademarketing.com.br\\\/marketing\\\/2024\\\/11\\\/18\\\/black-friday-byd-apresenta-modelo-byd-king-2025-com-preco-abaixo-do-dolphin-em-acao-com-luciano-huck\\\/\",\"name\":\"Black Friday: BYD apresenta modelo BYD King 2025 com pre\u00e7o abaixo do Dolphin em a\u00e7\u00e3o com Luciano Huck - CidadeMarketing\",\"isPartOf\":{\"@id\":\"https:\\\/\\\/www.cidademarketing.com.br\\\/marketing\\\/#website\"},\"primaryImageOfPage\":{\"@id\":\"https:\\\/\\\/www.cidademarketing.com.br\\\/marketing\\\/2024\\\/11\\\/18\\\/black-friday-byd-apresenta-modelo-byd-king-2025-com-preco-abaixo-do-dolphin-em-acao-com-luciano-huck\\\/#primaryimage\"},\"image\":{\"@id\":\"https:\\\/\\\/www.cidademarketing.com.br\\\/marketing\\\/2024\\\/11\\\/18\\\/black-friday-byd-apresenta-modelo-byd-king-2025-com-preco-abaixo-do-dolphin-em-acao-com-luciano-huck\\\/#primaryimage\"},\"thumbnailUrl\":\"https:\\\/\\\/www.cidademarketing.com.br\\\/marketing\\\/wp-content\\\/uploads\\\/2024\\\/11\\\/byd_blackfriday_desconto.webp\",\"datePublished\":\"2024-11-18T19:57:39+00:00\",\"dateModified\":\"2024-11-18T19:59:01+00:00\",\"breadcrumb\":{\"@id\":\"https:\\\/\\\/www.cidademarketing.com.br\\\/marketing\\\/2024\\\/11\\\/18\\\/black-friday-byd-apresenta-modelo-byd-king-2025-com-preco-abaixo-do-dolphin-em-acao-com-luciano-huck\\\/#breadcrumb\"},\"inLanguage\":\"pt-BR\",\"potentialAction\":[{\"@type\":\"ReadAction\",\"target\":[\"https:\\\/\\\/www.cidademarketing.com.br\\\/marketing\\\/2024\\\/11\\\/18\\\/black-friday-byd-apresenta-modelo-byd-king-2025-com-preco-abaixo-do-dolphin-em-acao-com-luciano-huck\\\/\"]}]},{\"@type\":\"ImageObject\",\"inLanguage\":\"pt-BR\",\"@id\":\"https:\\\/\\\/www.cidademarketing.com.br\\\/marketing\\\/2024\\\/11\\\/18\\\/black-friday-byd-apresenta-modelo-byd-king-2025-com-preco-abaixo-do-dolphin-em-acao-com-luciano-huck\\\/#primaryimage\",\"url\":\"https:\\\/\\\/www.cidademarketing.com.br\\\/marketing\\\/wp-content\\\/uploads\\\/2024\\\/11\\\/byd_blackfriday_desconto.webp\",\"contentUrl\":\"https:\\\/\\\/www.cidademarketing.com.br\\\/marketing\\\/wp-content\\\/uploads\\\/2024\\\/11\\\/byd_blackfriday_desconto.webp\",\"width\":1219,\"height\":1219,\"caption\":\"Divulga\u00e7\u00e3o\"},{\"@type\":\"BreadcrumbList\",\"@id\":\"https:\\\/\\\/www.cidademarketing.com.br\\\/marketing\\\/2024\\\/11\\\/18\\\/black-friday-byd-apresenta-modelo-byd-king-2025-com-preco-abaixo-do-dolphin-em-acao-com-luciano-huck\\\/#breadcrumb\",\"itemListElement\":[{\"@type\":\"ListItem\",\"position\":1,\"name\":\"In\u00edcio\",\"item\":\"https:\\\/\\\/www.cidademarketing.com.br\\\/marketing\\\/\"},{\"@type\":\"ListItem\",\"position\":2,\"name\":\"Black Friday: BYD apresenta modelo BYD King 2025 com pre\u00e7o abaixo do Dolphin em a\u00e7\u00e3o com Luciano Huck\"}]},{\"@type\":\"WebSite\",\"@id\":\"https:\\\/\\\/www.cidademarketing.com.br\\\/marketing\\\/#website\",\"url\":\"https:\\\/\\\/www.cidademarketing.com.br\\\/marketing\\\/\",\"name\":\"CidadeMarketing\",\"description\":\"Somos um ve\u00edculo de comunica\u00e7\u00e3o de destaque no Brasil, reconhecido por conte\u00fados nos segmentos de marketing, empreendedorismo e inova\u00e7\u00e3o.\",\"publisher\":{\"@id\":\"https:\\\/\\\/www.cidademarketing.com.br\\\/marketing\\\/#organization\"},\"alternateName\":\"CidadeMarketing\",\"potentialAction\":[{\"@type\":\"SearchAction\",\"target\":{\"@type\":\"EntryPoint\",\"urlTemplate\":\"https:\\\/\\\/www.cidademarketing.com.br\\\/marketing\\\/?s={search_term_string}\"},\"query-input\":{\"@type\":\"PropertyValueSpecification\",\"valueRequired\":true,\"valueName\":\"search_term_string\"}}],\"inLanguage\":\"pt-BR\"},{\"@type\":\"Organization\",\"@id\":\"https:\\\/\\\/www.cidademarketing.com.br\\\/marketing\\\/#organization\",\"name\":\"CidadeMarketing\",\"alternateName\":\"CidadeMarketing\",\"url\":\"https:\\\/\\\/www.cidademarketing.com.br\\\/marketing\\\/\",\"logo\":{\"@type\":\"ImageObject\",\"inLanguage\":\"pt-BR\",\"@id\":\"https:\\\/\\\/www.cidademarketing.com.br\\\/marketing\\\/#\\\/schema\\\/logo\\\/image\\\/\",\"url\":\"https:\\\/\\\/www.cidademarketing.com.br\\\/marketing\\\/wp-content\\\/uploads\\\/2020\\\/01\\\/cidademarketing_marca_mobile.png\",\"contentUrl\":\"https:\\\/\\\/www.cidademarketing.com.br\\\/marketing\\\/wp-content\\\/uploads\\\/2020\\\/01\\\/cidademarketing_marca_mobile.png\",\"width\":230,\"height\":92,\"caption\":\"CidadeMarketing\"},\"image\":{\"@id\":\"https:\\\/\\\/www.cidademarketing.com.br\\\/marketing\\\/#\\\/schema\\\/logo\\\/image\\\/\"},\"sameAs\":[\"https:\\\/\\\/www.facebook.com\\\/portalcidademarketing\",\"https:\\\/\\\/x.com\\\/CidadeMarketing\",\"https:\\\/\\\/www.instagram.com\\\/cidademarketing\\\/\"]},{\"@type\":\"Person\",\"@id\":\"https:\\\/\\\/www.cidademarketing.com.br\\\/marketing\\\/#\\\/schema\\\/person\\\/02daff9f18bd9378c9e01eb6b2db155f\",\"name\":\"Thales Brand\u00e3o\",\"image\":{\"@type\":\"ImageObject\",\"inLanguage\":\"pt-BR\",\"@id\":\"https:\\\/\\\/secure.gravatar.com\\\/avatar\\\/7ca3206950207cc3cb48feec56a8a7898741ab725c368d99d5d7a5a50aab80c6?s=96&d=mm&r=g\",\"url\":\"https:\\\/\\\/secure.gravatar.com\\\/avatar\\\/7ca3206950207cc3cb48feec56a8a7898741ab725c368d99d5d7a5a50aab80c6?s=96&d=mm&r=g\",\"contentUrl\":\"https:\\\/\\\/secure.gravatar.com\\\/avatar\\\/7ca3206950207cc3cb48feec56a8a7898741ab725c368d99d5d7a5a50aab80c6?s=96&d=mm&r=g\",\"caption\":\"Thales Brand\u00e3o\"},\"description\":\"Editor Executivo do Portal CidadeMarketing.com.br &gt; Mestre em Comunica\u00e7\u00e3o e Sociedade pela Universidade Federal de Sergipe. Possui MBA Executivo em Administra\u00e7\u00e3o com \u00eanfase em Marketing pela Funda\u00e7\u00e3o Get\u00falio Vargas - Rio de Janeiro. Consultor, Palestrante e Pesquisador sobre Empreendedorismo, Marketing, Redes Sociais e Neg\u00f3cios Digitais. Professor, Palestrante TedxTalks e Campus Party. Twitter: @ThalesBrandao\",\"sameAs\":[\"http:\\\/\\\/www.mandacaru.com.br\",\"https:\\\/\\\/www.facebook.com\\\/thalesbrandao\",\"http:\\\/\\\/www.instagram.com.br\\\/thalesbrandaoferreira\",\"https:\\\/\\\/www.linkedin.com\\\/in\\\/thales-brand\u00e3o-3948609\\\/\",\"https:\\\/\\\/x.com\\\/http:\\\/\\\/www.twitter.com\\\/thalesbrandao\"],\"url\":\"https:\\\/\\\/www.cidademarketing.com.br\\\/marketing\\\/author\\\/thalesbrandao\\\/\"}]}<\/script>\n<!-- \/ Yoast SEO plugin. -->","yoast_head_json":{"title":"Black Friday: BYD apresenta modelo BYD King 2025 com pre\u00e7o abaixo do Dolphin em a\u00e7\u00e3o com Luciano Huck - CidadeMarketing","robots":{"index":"index","follow":"follow","max-snippet":"max-snippet:-1","max-image-preview":"max-image-preview:large","max-video-preview":"max-video-preview:-1"},"canonical":"https:\/\/www.cidademarketing.com.br\/marketing\/2024\/11\/18\/black-friday-byd-apresenta-modelo-byd-king-2025-com-preco-abaixo-do-dolphin-em-acao-com-luciano-huck\/","og_locale":"pt_BR","og_type":"article","og_title":"Black Friday: BYD apresenta modelo BYD King 2025 com pre\u00e7o abaixo do Dolphin em a\u00e7\u00e3o com Luciano Huck - CidadeMarketing","og_description":"A BYD, marca de destaque no mercado de ve\u00edculos el\u00e9tricos e h\u00edbridos, lan\u00e7ou uma campanha especial de Black Friday estrelada pelo apresentador Luciano Huck. Durante a promo\u00e7\u00e3o, a empresa revelou ofertas exclusivas para dois de seus modelos, o BYD SONG PRO e o BYD KING, destacando a competitividade de pre\u00e7os e a inova\u00e7\u00e3o tecnol\u00f3gica dos [&hellip;]","og_url":"https:\/\/www.cidademarketing.com.br\/marketing\/2024\/11\/18\/black-friday-byd-apresenta-modelo-byd-king-2025-com-preco-abaixo-do-dolphin-em-acao-com-luciano-huck\/","og_site_name":"CidadeMarketing","article_publisher":"https:\/\/www.facebook.com\/portalcidademarketing","article_author":"https:\/\/www.facebook.com\/thalesbrandao","article_published_time":"2024-11-18T19:57:39+00:00","article_modified_time":"2024-11-18T19:59:01+00:00","og_image":[{"width":1219,"height":1219,"url":"https:\/\/www.cidademarketing.com.br\/marketing\/wp-content\/uploads\/2024\/11\/byd_blackfriday_desconto.webp","type":"image\/webp"}],"author":"Thales Brand\u00e3o","twitter_card":"summary_large_image","twitter_creator":"@http:\/\/www.twitter.com\/thalesbrandao","twitter_site":"@CidadeMarketing","twitter_misc":{"Escrito por":"Thales Brand\u00e3o","Est. tempo de leitura":"2 minutos"},"schema":{"@context":"https:\/\/schema.org","@graph":[{"@type":"Article","@id":"https:\/\/www.cidademarketing.com.br\/marketing\/2024\/11\/18\/black-friday-byd-apresenta-modelo-byd-king-2025-com-preco-abaixo-do-dolphin-em-acao-com-luciano-huck\/#article","isPartOf":{"@id":"https:\/\/www.cidademarketing.com.br\/marketing\/2024\/11\/18\/black-friday-byd-apresenta-modelo-byd-king-2025-com-preco-abaixo-do-dolphin-em-acao-com-luciano-huck\/"},"author":{"name":"Thales Brand\u00e3o","@id":"https:\/\/www.cidademarketing.com.br\/marketing\/#\/schema\/person\/02daff9f18bd9378c9e01eb6b2db155f"},"headline":"Black Friday: BYD apresenta modelo BYD King 2025 com pre\u00e7o abaixo do Dolphin em a\u00e7\u00e3o com Luciano Huck","datePublished":"2024-11-18T19:57:39+00:00","dateModified":"2024-11-18T19:59:01+00:00","mainEntityOfPage":{"@id":"https:\/\/www.cidademarketing.com.br\/marketing\/2024\/11\/18\/black-friday-byd-apresenta-modelo-byd-king-2025-com-preco-abaixo-do-dolphin-em-acao-com-luciano-huck\/"},"wordCount":462,"commentCount":0,"publisher":{"@id":"https:\/\/www.cidademarketing.com.br\/marketing\/#organization"},"image":{"@id":"https:\/\/www.cidademarketing.com.br\/marketing\/2024\/11\/18\/black-friday-byd-apresenta-modelo-byd-king-2025-com-preco-abaixo-do-dolphin-em-acao-com-luciano-huck\/#primaryimage"},"thumbnailUrl":"https:\/\/www.cidademarketing.com.br\/marketing\/wp-content\/uploads\/2024\/11\/byd_blackfriday_desconto.webp","keywords":["Black Friday","BYD","BYD King","BYD Song","campanha","carro","Dolphin","Doming\u00e3o do Huck","estrat\u00e9gia","h\u00edbrido","marketing","sustentabilidade","ve\u00edculo"],"articleSection":["Not\u00edcias"],"inLanguage":"pt-BR","potentialAction":[{"@type":"CommentAction","name":"Comment","target":["https:\/\/www.cidademarketing.com.br\/marketing\/2024\/11\/18\/black-friday-byd-apresenta-modelo-byd-king-2025-com-preco-abaixo-do-dolphin-em-acao-com-luciano-huck\/#respond"]}]},{"@type":"WebPage","@id":"https:\/\/www.cidademarketing.com.br\/marketing\/2024\/11\/18\/black-friday-byd-apresenta-modelo-byd-king-2025-com-preco-abaixo-do-dolphin-em-acao-com-luciano-huck\/","url":"https:\/\/www.cidademarketing.com.br\/marketing\/2024\/11\/18\/black-friday-byd-apresenta-modelo-byd-king-2025-com-preco-abaixo-do-dolphin-em-acao-com-luciano-huck\/","name":"Black Friday: BYD apresenta modelo BYD King 2025 com pre\u00e7o abaixo do Dolphin em a\u00e7\u00e3o com Luciano Huck - CidadeMarketing","isPartOf":{"@id":"https:\/\/www.cidademarketing.com.br\/marketing\/#website"},"primaryImageOfPage":{"@id":"https:\/\/www.cidademarketing.com.br\/marketing\/2024\/11\/18\/black-friday-byd-apresenta-modelo-byd-king-2025-com-preco-abaixo-do-dolphin-em-acao-com-luciano-huck\/#primaryimage"},"image":{"@id":"https:\/\/www.cidademarketing.com.br\/marketing\/2024\/11\/18\/black-friday-byd-apresenta-modelo-byd-king-2025-com-preco-abaixo-do-dolphin-em-acao-com-luciano-huck\/#primaryimage"},"thumbnailUrl":"https:\/\/www.cidademarketing.com.br\/marketing\/wp-content\/uploads\/2024\/11\/byd_blackfriday_desconto.webp","datePublished":"2024-11-18T19:57:39+00:00","dateModified":"2024-11-18T19:59:01+00:00","breadcrumb":{"@id":"https:\/\/www.cidademarketing.com.br\/marketing\/2024\/11\/18\/black-friday-byd-apresenta-modelo-byd-king-2025-com-preco-abaixo-do-dolphin-em-acao-com-luciano-huck\/#breadcrumb"},"inLanguage":"pt-BR","potentialAction":[{"@type":"ReadAction","target":["https:\/\/www.cidademarketing.com.br\/marketing\/2024\/11\/18\/black-friday-byd-apresenta-modelo-byd-king-2025-com-preco-abaixo-do-dolphin-em-acao-com-luciano-huck\/"]}]},{"@type":"ImageObject","inLanguage":"pt-BR","@id":"https:\/\/www.cidademarketing.com.br\/marketing\/2024\/11\/18\/black-friday-byd-apresenta-modelo-byd-king-2025-com-preco-abaixo-do-dolphin-em-acao-com-luciano-huck\/#primaryimage","url":"https:\/\/www.cidademarketing.com.br\/marketing\/wp-content\/uploads\/2024\/11\/byd_blackfriday_desconto.webp","contentUrl":"https:\/\/www.cidademarketing.com.br\/marketing\/wp-content\/uploads\/2024\/11\/byd_blackfriday_desconto.webp","width":1219,"height":1219,"caption":"Divulga\u00e7\u00e3o"},{"@type":"BreadcrumbList","@id":"https:\/\/www.cidademarketing.com.br\/marketing\/2024\/11\/18\/black-friday-byd-apresenta-modelo-byd-king-2025-com-preco-abaixo-do-dolphin-em-acao-com-luciano-huck\/#breadcrumb","itemListElement":[{"@type":"ListItem","position":1,"name":"In\u00edcio","item":"https:\/\/www.cidademarketing.com.br\/marketing\/"},{"@type":"ListItem","position":2,"name":"Black Friday: BYD apresenta modelo BYD King 2025 com pre\u00e7o abaixo do Dolphin em a\u00e7\u00e3o com Luciano Huck"}]},{"@type":"WebSite","@id":"https:\/\/www.cidademarketing.com.br\/marketing\/#website","url":"https:\/\/www.cidademarketing.com.br\/marketing\/","name":"CidadeMarketing","description":"Somos um ve\u00edculo de comunica\u00e7\u00e3o de destaque no Brasil, reconhecido por conte\u00fados nos segmentos de marketing, empreendedorismo e inova\u00e7\u00e3o.","publisher":{"@id":"https:\/\/www.cidademarketing.com.br\/marketing\/#organization"},"alternateName":"CidadeMarketing","potentialAction":[{"@type":"SearchAction","target":{"@type":"EntryPoint","urlTemplate":"https:\/\/www.cidademarketing.com.br\/marketing\/?s={search_term_string}"},"query-input":{"@type":"PropertyValueSpecification","valueRequired":true,"valueName":"search_term_string"}}],"inLanguage":"pt-BR"},{"@type":"Organization","@id":"https:\/\/www.cidademarketing.com.br\/marketing\/#organization","name":"CidadeMarketing","alternateName":"CidadeMarketing","url":"https:\/\/www.cidademarketing.com.br\/marketing\/","logo":{"@type":"ImageObject","inLanguage":"pt-BR","@id":"https:\/\/www.cidademarketing.com.br\/marketing\/#\/schema\/logo\/image\/","url":"https:\/\/www.cidademarketing.com.br\/marketing\/wp-content\/uploads\/2020\/01\/cidademarketing_marca_mobile.png","contentUrl":"https:\/\/www.cidademarketing.com.br\/marketing\/wp-content\/uploads\/2020\/01\/cidademarketing_marca_mobile.png","width":230,"height":92,"caption":"CidadeMarketing"},"image":{"@id":"https:\/\/www.cidademarketing.com.br\/marketing\/#\/schema\/logo\/image\/"},"sameAs":["https:\/\/www.facebook.com\/portalcidademarketing","https:\/\/x.com\/CidadeMarketing","https:\/\/www.instagram.com\/cidademarketing\/"]},{"@type":"Person","@id":"https:\/\/www.cidademarketing.com.br\/marketing\/#\/schema\/person\/02daff9f18bd9378c9e01eb6b2db155f","name":"Thales Brand\u00e3o","image":{"@type":"ImageObject","inLanguage":"pt-BR","@id":"https:\/\/secure.gravatar.com\/avatar\/7ca3206950207cc3cb48feec56a8a7898741ab725c368d99d5d7a5a50aab80c6?s=96&d=mm&r=g","url":"https:\/\/secure.gravatar.com\/avatar\/7ca3206950207cc3cb48feec56a8a7898741ab725c368d99d5d7a5a50aab80c6?s=96&d=mm&r=g","contentUrl":"https:\/\/secure.gravatar.com\/avatar\/7ca3206950207cc3cb48feec56a8a7898741ab725c368d99d5d7a5a50aab80c6?s=96&d=mm&r=g","caption":"Thales Brand\u00e3o"},"description":"Editor Executivo do Portal CidadeMarketing.com.br &gt; Mestre em Comunica\u00e7\u00e3o e Sociedade pela Universidade Federal de Sergipe. Possui MBA Executivo em Administra\u00e7\u00e3o com \u00eanfase em Marketing pela Funda\u00e7\u00e3o Get\u00falio Vargas - Rio de Janeiro. Consultor, Palestrante e Pesquisador sobre Empreendedorismo, Marketing, Redes Sociais e Neg\u00f3cios Digitais. Professor, Palestrante TedxTalks e Campus Party. Twitter: @ThalesBrandao","sameAs":["http:\/\/www.mandacaru.com.br","https:\/\/www.facebook.com\/thalesbrandao","http:\/\/www.instagram.com.br\/thalesbrandaoferreira","https:\/\/www.linkedin.com\/in\/thales-brand\u00e3o-3948609\/","https:\/\/x.com\/http:\/\/www.twitter.com\/thalesbrandao"],"url":"https:\/\/www.cidademarketing.com.br\/marketing\/author\/thalesbrandao\/"}]}},"amp_enabled":true,"_links":{"self":[{"href":"https:\/\/www.cidademarketing.com.br\/marketing\/wp-json\/wp\/v2\/posts\/53797","targetHints":{"allow":["GET"]}}],"collection":[{"href":"https:\/\/www.cidademarketing.com.br\/marketing\/wp-json\/wp\/v2\/posts"}],"about":[{"href":"https:\/\/www.cidademarketing.com.br\/marketing\/wp-json\/wp\/v2\/types\/post"}],"author":[{"embeddable":true,"href":"https:\/\/www.cidademarketing.com.br\/marketing\/wp-json\/wp\/v2\/users\/1"}],"replies":[{"embeddable":true,"href":"https:\/\/www.cidademarketing.com.br\/marketing\/wp-json\/wp\/v2\/comments?post=53797"}],"version-history":[{"count":3,"href":"https:\/\/www.cidademarketing.com.br\/marketing\/wp-json\/wp\/v2\/posts\/53797\/revisions"}],"predecessor-version":[{"id":53801,"href":"https:\/\/www.cidademarketing.com.br\/marketing\/wp-json\/wp\/v2\/posts\/53797\/revisions\/53801"}],"wp:featuredmedia":[{"embeddable":true,"href":"https:\/\/www.cidademarketing.com.br\/marketing\/wp-json\/wp\/v2\/media\/53799"}],"wp:attachment":[{"href":"https:\/\/www.cidademarketing.com.br\/marketing\/wp-json\/wp\/v2\/media?parent=53797"}],"wp:term":[{"taxonomy":"category","embeddable":true,"href":"https:\/\/www.cidademarketing.com.br\/marketing\/wp-json\/wp\/v2\/categories?post=53797"},{"taxonomy":"post_tag","embeddable":true,"href":"https:\/\/www.cidademarketing.com.br\/marketing\/wp-json\/wp\/v2\/tags?post=53797"}],"curies":[{"name":"wp","href":"https:\/\/api.w.org\/{rel}","templated":true}]}}