{"id":53770,"date":"2024-11-17T11:23:24","date_gmt":"2024-11-17T14:23:24","guid":{"rendered":"https:\/\/www.cidademarketing.com.br\/marketing\/?p=53770"},"modified":"2024-11-17T11:23:24","modified_gmt":"2024-11-17T14:23:24","slug":"loreal-paris-lanca-campanha-com-porta-dos-fundos-destacando-solar-expertise-the-invisible","status":"publish","type":"post","link":"https:\/\/www.cidademarketing.com.br\/marketing\/2024\/11\/17\/loreal-paris-lanca-campanha-com-porta-dos-fundos-destacando-solar-expertise-the-invisible\/","title":{"rendered":"L\u2019Or\u00e9al Paris lan\u00e7a campanha com Porta dos Fundos destacando Solar Expertise The Invisible"},"content":{"rendered":"<p>A L\u2019Or\u00e9al Paris, em parceria com o Porta dos Fundos, lan\u00e7ou nesta segunda-feira (11\/11) a campanha digital de sua nova linha de protetores solares Solar Expertise The Invisible. A a\u00e7\u00e3o traz a irrever\u00eancia do grupo de humor para destacar os diferenciais do produto, como invisibilidade em todos os tons de pele, textura ultraleve e preven\u00e7\u00e3o do fotoenvelhecimento.<\/p>\n<p>A esquete principal, intitulada &#8220;Funcion\u00e1ria Invis\u00edvel&#8221;, conta com a participa\u00e7\u00e3o de Clarice Falc\u00e3o, Macla Ten\u00f3rio e Maria Clara Gueiros. Dispon\u00edvel nos canais do Porta dos Fundos e nas redes sociais da marca, o v\u00eddeo apresenta a hist\u00f3ria de Marcia (Clarice Falc\u00e3o), que \u201cdesaparece\u201d estrategicamente sempre que sua chefe Carla (Maria Clara Gueiros) aparece com pedidos inc\u00f4modos no escrit\u00f3rio. Laura (Macla Ten\u00f3rio), sua colega de trabalho, fica intrigada com o segredo por tr\u00e1s desse desaparecimento e descobre que \u00e9 o efeito do novo Solar Expertise The Invisible.<\/p>\n<div class=\"youtube-embed\" data-video_id=\"4hHtMD0G3MY\"><iframe title=\"FUNCION\u00c1RIA INVIS\u00cdVEL\" width=\"640\" height=\"360\" src=\"https:\/\/www.youtube.com\/embed\/4hHtMD0G3MY?feature=oembed&#038;enablejsapi=1\" frameborder=\"0\" allow=\"accelerometer; autoplay; clipboard-write; encrypted-media; gyroscope; picture-in-picture; web-share\" referrerpolicy=\"strict-origin-when-cross-origin\" allowfullscreen><\/iframe><\/div>\n<p>Com um tom leve e divertido, a campanha busca conscientizar sobre a import\u00e2ncia do uso di\u00e1rio de protetor solar.\u00a0 Al\u00e9m da esquete principal, a estrat\u00e9gia da L\u2019Or\u00e9al Paris inclui um short e dois v\u00eddeos publicit\u00e1rios estrelados por Clarice Falc\u00e3o. Nesses conte\u00fados, situa\u00e7\u00f5es cotidianas s\u00e3o transformadas com o humor caracter\u00edstico do Porta dos Fundos, mostrando momentos em que todos gostariam de ficar \u201cinvis\u00edveis\u201d.<\/p>\n","protected":false},"excerpt":{"rendered":"<p>A L\u2019Or\u00e9al Paris, em parceria com o Porta dos Fundos, lan\u00e7ou nesta segunda-feira (11\/11) a campanha digital de sua nova linha de protetores solares Solar Expertise The Invisible. A a\u00e7\u00e3o traz a irrever\u00eancia do grupo de humor para destacar os diferenciais do produto, como invisibilidade em todos os tons de pele, textura ultraleve e preven\u00e7\u00e3o [&hellip;]<\/p>\n","protected":false},"author":1,"featured_media":53771,"comment_status":"open","ping_status":"open","sticky":false,"template":"","format":"standard","meta":{"tdm_status":"","tdm_grid_status":"","footnotes":""},"categories":[6,14],"tags":[65,8258,33,836,2392,28,26,66,181],"class_list":["post-53770","post","type-post","status-publish","format-standard","has-post-thumbnail","hentry","category-noticias","category-videos","tag-campanha","tag-clarice-falcao","tag-estrategia","tag-filme","tag-loreal-paris","tag-marketing","tag-marketing-digital","tag-propaganda","tag-publicidade"],"yoast_head":"<!-- This site is optimized with the Yoast SEO plugin v27.5 - https:\/\/yoast.com\/product\/yoast-seo-wordpress\/ -->\n<title>L\u2019Or\u00e9al Paris lan\u00e7a campanha com Porta dos Fundos destacando Solar Expertise The Invisible - CidadeMarketing<\/title>\n<meta name=\"robots\" content=\"index, follow, max-snippet:-1, max-image-preview:large, max-video-preview:-1\" \/>\n<link rel=\"canonical\" href=\"https:\/\/www.cidademarketing.com.br\/marketing\/2024\/11\/17\/loreal-paris-lanca-campanha-com-porta-dos-fundos-destacando-solar-expertise-the-invisible\/\" \/>\n<meta property=\"og:locale\" content=\"pt_BR\" \/>\n<meta property=\"og:type\" content=\"article\" \/>\n<meta property=\"og:title\" content=\"L\u2019Or\u00e9al Paris lan\u00e7a campanha com Porta dos Fundos destacando Solar Expertise The Invisible - CidadeMarketing\" \/>\n<meta property=\"og:description\" content=\"A L\u2019Or\u00e9al Paris, em parceria com o Porta dos Fundos, lan\u00e7ou nesta segunda-feira (11\/11) a campanha digital de sua nova linha de protetores solares Solar Expertise The Invisible. A a\u00e7\u00e3o traz a irrever\u00eancia do grupo de humor para destacar os diferenciais do produto, como invisibilidade em todos os tons de pele, textura ultraleve e preven\u00e7\u00e3o [&hellip;]\" \/>\n<meta property=\"og:url\" content=\"https:\/\/www.cidademarketing.com.br\/marketing\/2024\/11\/17\/loreal-paris-lanca-campanha-com-porta-dos-fundos-destacando-solar-expertise-the-invisible\/\" \/>\n<meta property=\"og:site_name\" content=\"CidadeMarketing\" \/>\n<meta property=\"article:publisher\" content=\"https:\/\/www.facebook.com\/portalcidademarketing\" \/>\n<meta property=\"article:author\" content=\"https:\/\/www.facebook.com\/thalesbrandao\" \/>\n<meta property=\"article:published_time\" content=\"2024-11-17T14:23:24+00:00\" \/>\n<meta property=\"og:image\" content=\"https:\/\/www.cidademarketing.com.br\/marketing\/wp-content\/uploads\/2024\/11\/loreal_paris_portadosfundos.webp\" \/>\n\t<meta property=\"og:image:width\" content=\"1124\" \/>\n\t<meta property=\"og:image:height\" content=\"619\" \/>\n\t<meta property=\"og:image:type\" content=\"image\/webp\" \/>\n<meta name=\"author\" content=\"Thales Brand\u00e3o\" \/>\n<meta name=\"twitter:card\" content=\"summary_large_image\" \/>\n<meta name=\"twitter:creator\" content=\"@http:\/\/www.twitter.com\/thalesbrandao\" \/>\n<meta name=\"twitter:site\" content=\"@CidadeMarketing\" \/>\n<meta name=\"twitter:label1\" content=\"Escrito por\" \/>\n\t<meta name=\"twitter:data1\" content=\"Thales Brand\u00e3o\" \/>\n\t<meta name=\"twitter:label2\" content=\"Est. tempo de leitura\" \/>\n\t<meta name=\"twitter:data2\" content=\"1 minuto\" \/>\n<script type=\"application\/ld+json\" class=\"yoast-schema-graph\">{\"@context\":\"https:\\\/\\\/schema.org\",\"@graph\":[{\"@type\":\"Article\",\"@id\":\"https:\\\/\\\/www.cidademarketing.com.br\\\/marketing\\\/2024\\\/11\\\/17\\\/loreal-paris-lanca-campanha-com-porta-dos-fundos-destacando-solar-expertise-the-invisible\\\/#article\",\"isPartOf\":{\"@id\":\"https:\\\/\\\/www.cidademarketing.com.br\\\/marketing\\\/2024\\\/11\\\/17\\\/loreal-paris-lanca-campanha-com-porta-dos-fundos-destacando-solar-expertise-the-invisible\\\/\"},\"author\":{\"name\":\"Thales Brand\u00e3o\",\"@id\":\"https:\\\/\\\/www.cidademarketing.com.br\\\/marketing\\\/#\\\/schema\\\/person\\\/02daff9f18bd9378c9e01eb6b2db155f\"},\"headline\":\"L\u2019Or\u00e9al Paris lan\u00e7a campanha com Porta dos Fundos destacando Solar Expertise The Invisible\",\"datePublished\":\"2024-11-17T14:23:24+00:00\",\"mainEntityOfPage\":{\"@id\":\"https:\\\/\\\/www.cidademarketing.com.br\\\/marketing\\\/2024\\\/11\\\/17\\\/loreal-paris-lanca-campanha-com-porta-dos-fundos-destacando-solar-expertise-the-invisible\\\/\"},\"wordCount\":263,\"commentCount\":0,\"publisher\":{\"@id\":\"https:\\\/\\\/www.cidademarketing.com.br\\\/marketing\\\/#organization\"},\"image\":{\"@id\":\"https:\\\/\\\/www.cidademarketing.com.br\\\/marketing\\\/2024\\\/11\\\/17\\\/loreal-paris-lanca-campanha-com-porta-dos-fundos-destacando-solar-expertise-the-invisible\\\/#primaryimage\"},\"thumbnailUrl\":\"https:\\\/\\\/www.cidademarketing.com.br\\\/marketing\\\/wp-content\\\/uploads\\\/2024\\\/11\\\/loreal_paris_portadosfundos.webp\",\"keywords\":[\"campanha\",\"Clarice Falc\u00e3o\",\"estrat\u00e9gia\",\"filme\",\"L\u2019Or\u00e9al Paris\",\"marketing\",\"marketing digital\",\"propaganda\",\"publicidade\"],\"articleSection\":[\"Not\u00edcias\",\"Videos\"],\"inLanguage\":\"pt-BR\",\"potentialAction\":[{\"@type\":\"CommentAction\",\"name\":\"Comment\",\"target\":[\"https:\\\/\\\/www.cidademarketing.com.br\\\/marketing\\\/2024\\\/11\\\/17\\\/loreal-paris-lanca-campanha-com-porta-dos-fundos-destacando-solar-expertise-the-invisible\\\/#respond\"]}]},{\"@type\":\"WebPage\",\"@id\":\"https:\\\/\\\/www.cidademarketing.com.br\\\/marketing\\\/2024\\\/11\\\/17\\\/loreal-paris-lanca-campanha-com-porta-dos-fundos-destacando-solar-expertise-the-invisible\\\/\",\"url\":\"https:\\\/\\\/www.cidademarketing.com.br\\\/marketing\\\/2024\\\/11\\\/17\\\/loreal-paris-lanca-campanha-com-porta-dos-fundos-destacando-solar-expertise-the-invisible\\\/\",\"name\":\"L\u2019Or\u00e9al Paris lan\u00e7a campanha com Porta dos Fundos destacando Solar Expertise The Invisible - CidadeMarketing\",\"isPartOf\":{\"@id\":\"https:\\\/\\\/www.cidademarketing.com.br\\\/marketing\\\/#website\"},\"primaryImageOfPage\":{\"@id\":\"https:\\\/\\\/www.cidademarketing.com.br\\\/marketing\\\/2024\\\/11\\\/17\\\/loreal-paris-lanca-campanha-com-porta-dos-fundos-destacando-solar-expertise-the-invisible\\\/#primaryimage\"},\"image\":{\"@id\":\"https:\\\/\\\/www.cidademarketing.com.br\\\/marketing\\\/2024\\\/11\\\/17\\\/loreal-paris-lanca-campanha-com-porta-dos-fundos-destacando-solar-expertise-the-invisible\\\/#primaryimage\"},\"thumbnailUrl\":\"https:\\\/\\\/www.cidademarketing.com.br\\\/marketing\\\/wp-content\\\/uploads\\\/2024\\\/11\\\/loreal_paris_portadosfundos.webp\",\"datePublished\":\"2024-11-17T14:23:24+00:00\",\"breadcrumb\":{\"@id\":\"https:\\\/\\\/www.cidademarketing.com.br\\\/marketing\\\/2024\\\/11\\\/17\\\/loreal-paris-lanca-campanha-com-porta-dos-fundos-destacando-solar-expertise-the-invisible\\\/#breadcrumb\"},\"inLanguage\":\"pt-BR\",\"potentialAction\":[{\"@type\":\"ReadAction\",\"target\":[\"https:\\\/\\\/www.cidademarketing.com.br\\\/marketing\\\/2024\\\/11\\\/17\\\/loreal-paris-lanca-campanha-com-porta-dos-fundos-destacando-solar-expertise-the-invisible\\\/\"]}]},{\"@type\":\"ImageObject\",\"inLanguage\":\"pt-BR\",\"@id\":\"https:\\\/\\\/www.cidademarketing.com.br\\\/marketing\\\/2024\\\/11\\\/17\\\/loreal-paris-lanca-campanha-com-porta-dos-fundos-destacando-solar-expertise-the-invisible\\\/#primaryimage\",\"url\":\"https:\\\/\\\/www.cidademarketing.com.br\\\/marketing\\\/wp-content\\\/uploads\\\/2024\\\/11\\\/loreal_paris_portadosfundos.webp\",\"contentUrl\":\"https:\\\/\\\/www.cidademarketing.com.br\\\/marketing\\\/wp-content\\\/uploads\\\/2024\\\/11\\\/loreal_paris_portadosfundos.webp\",\"width\":1124,\"height\":619,\"caption\":\"Reprodu\u00e7\u00e3o\"},{\"@type\":\"BreadcrumbList\",\"@id\":\"https:\\\/\\\/www.cidademarketing.com.br\\\/marketing\\\/2024\\\/11\\\/17\\\/loreal-paris-lanca-campanha-com-porta-dos-fundos-destacando-solar-expertise-the-invisible\\\/#breadcrumb\",\"itemListElement\":[{\"@type\":\"ListItem\",\"position\":1,\"name\":\"In\u00edcio\",\"item\":\"https:\\\/\\\/www.cidademarketing.com.br\\\/marketing\\\/\"},{\"@type\":\"ListItem\",\"position\":2,\"name\":\"L\u2019Or\u00e9al Paris lan\u00e7a campanha com Porta dos Fundos destacando Solar Expertise The Invisible\"}]},{\"@type\":\"WebSite\",\"@id\":\"https:\\\/\\\/www.cidademarketing.com.br\\\/marketing\\\/#website\",\"url\":\"https:\\\/\\\/www.cidademarketing.com.br\\\/marketing\\\/\",\"name\":\"CidadeMarketing\",\"description\":\"Somos um ve\u00edculo de comunica\u00e7\u00e3o de destaque no Brasil, reconhecido por conte\u00fados nos segmentos de marketing, empreendedorismo e inova\u00e7\u00e3o.\",\"publisher\":{\"@id\":\"https:\\\/\\\/www.cidademarketing.com.br\\\/marketing\\\/#organization\"},\"alternateName\":\"CidadeMarketing\",\"potentialAction\":[{\"@type\":\"SearchAction\",\"target\":{\"@type\":\"EntryPoint\",\"urlTemplate\":\"https:\\\/\\\/www.cidademarketing.com.br\\\/marketing\\\/?s={search_term_string}\"},\"query-input\":{\"@type\":\"PropertyValueSpecification\",\"valueRequired\":true,\"valueName\":\"search_term_string\"}}],\"inLanguage\":\"pt-BR\"},{\"@type\":\"Organization\",\"@id\":\"https:\\\/\\\/www.cidademarketing.com.br\\\/marketing\\\/#organization\",\"name\":\"CidadeMarketing\",\"alternateName\":\"CidadeMarketing\",\"url\":\"https:\\\/\\\/www.cidademarketing.com.br\\\/marketing\\\/\",\"logo\":{\"@type\":\"ImageObject\",\"inLanguage\":\"pt-BR\",\"@id\":\"https:\\\/\\\/www.cidademarketing.com.br\\\/marketing\\\/#\\\/schema\\\/logo\\\/image\\\/\",\"url\":\"https:\\\/\\\/www.cidademarketing.com.br\\\/marketing\\\/wp-content\\\/uploads\\\/2020\\\/01\\\/cidademarketing_marca_mobile.png\",\"contentUrl\":\"https:\\\/\\\/www.cidademarketing.com.br\\\/marketing\\\/wp-content\\\/uploads\\\/2020\\\/01\\\/cidademarketing_marca_mobile.png\",\"width\":230,\"height\":92,\"caption\":\"CidadeMarketing\"},\"image\":{\"@id\":\"https:\\\/\\\/www.cidademarketing.com.br\\\/marketing\\\/#\\\/schema\\\/logo\\\/image\\\/\"},\"sameAs\":[\"https:\\\/\\\/www.facebook.com\\\/portalcidademarketing\",\"https:\\\/\\\/x.com\\\/CidadeMarketing\",\"https:\\\/\\\/www.instagram.com\\\/cidademarketing\\\/\"]},{\"@type\":\"Person\",\"@id\":\"https:\\\/\\\/www.cidademarketing.com.br\\\/marketing\\\/#\\\/schema\\\/person\\\/02daff9f18bd9378c9e01eb6b2db155f\",\"name\":\"Thales Brand\u00e3o\",\"image\":{\"@type\":\"ImageObject\",\"inLanguage\":\"pt-BR\",\"@id\":\"https:\\\/\\\/secure.gravatar.com\\\/avatar\\\/7ca3206950207cc3cb48feec56a8a7898741ab725c368d99d5d7a5a50aab80c6?s=96&d=mm&r=g\",\"url\":\"https:\\\/\\\/secure.gravatar.com\\\/avatar\\\/7ca3206950207cc3cb48feec56a8a7898741ab725c368d99d5d7a5a50aab80c6?s=96&d=mm&r=g\",\"contentUrl\":\"https:\\\/\\\/secure.gravatar.com\\\/avatar\\\/7ca3206950207cc3cb48feec56a8a7898741ab725c368d99d5d7a5a50aab80c6?s=96&d=mm&r=g\",\"caption\":\"Thales Brand\u00e3o\"},\"description\":\"Editor Executivo do Portal CidadeMarketing.com.br &gt; Mestre em Comunica\u00e7\u00e3o e Sociedade pela Universidade Federal de Sergipe. Possui MBA Executivo em Administra\u00e7\u00e3o com \u00eanfase em Marketing pela Funda\u00e7\u00e3o Get\u00falio Vargas - Rio de Janeiro. Consultor, Palestrante e Pesquisador sobre Empreendedorismo, Marketing, Redes Sociais e Neg\u00f3cios Digitais. Professor, Palestrante TedxTalks e Campus Party. Twitter: @ThalesBrandao\",\"sameAs\":[\"http:\\\/\\\/www.mandacaru.com.br\",\"https:\\\/\\\/www.facebook.com\\\/thalesbrandao\",\"http:\\\/\\\/www.instagram.com.br\\\/thalesbrandaoferreira\",\"https:\\\/\\\/www.linkedin.com\\\/in\\\/thales-brand\u00e3o-3948609\\\/\",\"https:\\\/\\\/x.com\\\/http:\\\/\\\/www.twitter.com\\\/thalesbrandao\"],\"url\":\"https:\\\/\\\/www.cidademarketing.com.br\\\/marketing\\\/author\\\/thalesbrandao\\\/\"}]}<\/script>\n<!-- \/ Yoast SEO plugin. -->","yoast_head_json":{"title":"L\u2019Or\u00e9al Paris lan\u00e7a campanha com Porta dos Fundos destacando Solar Expertise The Invisible - CidadeMarketing","robots":{"index":"index","follow":"follow","max-snippet":"max-snippet:-1","max-image-preview":"max-image-preview:large","max-video-preview":"max-video-preview:-1"},"canonical":"https:\/\/www.cidademarketing.com.br\/marketing\/2024\/11\/17\/loreal-paris-lanca-campanha-com-porta-dos-fundos-destacando-solar-expertise-the-invisible\/","og_locale":"pt_BR","og_type":"article","og_title":"L\u2019Or\u00e9al Paris lan\u00e7a campanha com Porta dos Fundos destacando Solar Expertise The Invisible - CidadeMarketing","og_description":"A L\u2019Or\u00e9al Paris, em parceria com o Porta dos Fundos, lan\u00e7ou nesta segunda-feira (11\/11) a campanha digital de sua nova linha de protetores solares Solar Expertise The Invisible. A a\u00e7\u00e3o traz a irrever\u00eancia do grupo de humor para destacar os diferenciais do produto, como invisibilidade em todos os tons de pele, textura ultraleve e preven\u00e7\u00e3o [&hellip;]","og_url":"https:\/\/www.cidademarketing.com.br\/marketing\/2024\/11\/17\/loreal-paris-lanca-campanha-com-porta-dos-fundos-destacando-solar-expertise-the-invisible\/","og_site_name":"CidadeMarketing","article_publisher":"https:\/\/www.facebook.com\/portalcidademarketing","article_author":"https:\/\/www.facebook.com\/thalesbrandao","article_published_time":"2024-11-17T14:23:24+00:00","og_image":[{"width":1124,"height":619,"url":"https:\/\/www.cidademarketing.com.br\/marketing\/wp-content\/uploads\/2024\/11\/loreal_paris_portadosfundos.webp","type":"image\/webp"}],"author":"Thales Brand\u00e3o","twitter_card":"summary_large_image","twitter_creator":"@http:\/\/www.twitter.com\/thalesbrandao","twitter_site":"@CidadeMarketing","twitter_misc":{"Escrito por":"Thales Brand\u00e3o","Est. tempo de leitura":"1 minuto"},"schema":{"@context":"https:\/\/schema.org","@graph":[{"@type":"Article","@id":"https:\/\/www.cidademarketing.com.br\/marketing\/2024\/11\/17\/loreal-paris-lanca-campanha-com-porta-dos-fundos-destacando-solar-expertise-the-invisible\/#article","isPartOf":{"@id":"https:\/\/www.cidademarketing.com.br\/marketing\/2024\/11\/17\/loreal-paris-lanca-campanha-com-porta-dos-fundos-destacando-solar-expertise-the-invisible\/"},"author":{"name":"Thales Brand\u00e3o","@id":"https:\/\/www.cidademarketing.com.br\/marketing\/#\/schema\/person\/02daff9f18bd9378c9e01eb6b2db155f"},"headline":"L\u2019Or\u00e9al Paris lan\u00e7a campanha com Porta dos Fundos destacando Solar Expertise The Invisible","datePublished":"2024-11-17T14:23:24+00:00","mainEntityOfPage":{"@id":"https:\/\/www.cidademarketing.com.br\/marketing\/2024\/11\/17\/loreal-paris-lanca-campanha-com-porta-dos-fundos-destacando-solar-expertise-the-invisible\/"},"wordCount":263,"commentCount":0,"publisher":{"@id":"https:\/\/www.cidademarketing.com.br\/marketing\/#organization"},"image":{"@id":"https:\/\/www.cidademarketing.com.br\/marketing\/2024\/11\/17\/loreal-paris-lanca-campanha-com-porta-dos-fundos-destacando-solar-expertise-the-invisible\/#primaryimage"},"thumbnailUrl":"https:\/\/www.cidademarketing.com.br\/marketing\/wp-content\/uploads\/2024\/11\/loreal_paris_portadosfundos.webp","keywords":["campanha","Clarice Falc\u00e3o","estrat\u00e9gia","filme","L\u2019Or\u00e9al Paris","marketing","marketing digital","propaganda","publicidade"],"articleSection":["Not\u00edcias","Videos"],"inLanguage":"pt-BR","potentialAction":[{"@type":"CommentAction","name":"Comment","target":["https:\/\/www.cidademarketing.com.br\/marketing\/2024\/11\/17\/loreal-paris-lanca-campanha-com-porta-dos-fundos-destacando-solar-expertise-the-invisible\/#respond"]}]},{"@type":"WebPage","@id":"https:\/\/www.cidademarketing.com.br\/marketing\/2024\/11\/17\/loreal-paris-lanca-campanha-com-porta-dos-fundos-destacando-solar-expertise-the-invisible\/","url":"https:\/\/www.cidademarketing.com.br\/marketing\/2024\/11\/17\/loreal-paris-lanca-campanha-com-porta-dos-fundos-destacando-solar-expertise-the-invisible\/","name":"L\u2019Or\u00e9al Paris lan\u00e7a campanha com Porta dos Fundos destacando Solar Expertise The Invisible - CidadeMarketing","isPartOf":{"@id":"https:\/\/www.cidademarketing.com.br\/marketing\/#website"},"primaryImageOfPage":{"@id":"https:\/\/www.cidademarketing.com.br\/marketing\/2024\/11\/17\/loreal-paris-lanca-campanha-com-porta-dos-fundos-destacando-solar-expertise-the-invisible\/#primaryimage"},"image":{"@id":"https:\/\/www.cidademarketing.com.br\/marketing\/2024\/11\/17\/loreal-paris-lanca-campanha-com-porta-dos-fundos-destacando-solar-expertise-the-invisible\/#primaryimage"},"thumbnailUrl":"https:\/\/www.cidademarketing.com.br\/marketing\/wp-content\/uploads\/2024\/11\/loreal_paris_portadosfundos.webp","datePublished":"2024-11-17T14:23:24+00:00","breadcrumb":{"@id":"https:\/\/www.cidademarketing.com.br\/marketing\/2024\/11\/17\/loreal-paris-lanca-campanha-com-porta-dos-fundos-destacando-solar-expertise-the-invisible\/#breadcrumb"},"inLanguage":"pt-BR","potentialAction":[{"@type":"ReadAction","target":["https:\/\/www.cidademarketing.com.br\/marketing\/2024\/11\/17\/loreal-paris-lanca-campanha-com-porta-dos-fundos-destacando-solar-expertise-the-invisible\/"]}]},{"@type":"ImageObject","inLanguage":"pt-BR","@id":"https:\/\/www.cidademarketing.com.br\/marketing\/2024\/11\/17\/loreal-paris-lanca-campanha-com-porta-dos-fundos-destacando-solar-expertise-the-invisible\/#primaryimage","url":"https:\/\/www.cidademarketing.com.br\/marketing\/wp-content\/uploads\/2024\/11\/loreal_paris_portadosfundos.webp","contentUrl":"https:\/\/www.cidademarketing.com.br\/marketing\/wp-content\/uploads\/2024\/11\/loreal_paris_portadosfundos.webp","width":1124,"height":619,"caption":"Reprodu\u00e7\u00e3o"},{"@type":"BreadcrumbList","@id":"https:\/\/www.cidademarketing.com.br\/marketing\/2024\/11\/17\/loreal-paris-lanca-campanha-com-porta-dos-fundos-destacando-solar-expertise-the-invisible\/#breadcrumb","itemListElement":[{"@type":"ListItem","position":1,"name":"In\u00edcio","item":"https:\/\/www.cidademarketing.com.br\/marketing\/"},{"@type":"ListItem","position":2,"name":"L\u2019Or\u00e9al Paris lan\u00e7a campanha com Porta dos Fundos destacando Solar Expertise The Invisible"}]},{"@type":"WebSite","@id":"https:\/\/www.cidademarketing.com.br\/marketing\/#website","url":"https:\/\/www.cidademarketing.com.br\/marketing\/","name":"CidadeMarketing","description":"Somos um ve\u00edculo de comunica\u00e7\u00e3o de destaque no Brasil, reconhecido por conte\u00fados nos segmentos de marketing, empreendedorismo e inova\u00e7\u00e3o.","publisher":{"@id":"https:\/\/www.cidademarketing.com.br\/marketing\/#organization"},"alternateName":"CidadeMarketing","potentialAction":[{"@type":"SearchAction","target":{"@type":"EntryPoint","urlTemplate":"https:\/\/www.cidademarketing.com.br\/marketing\/?s={search_term_string}"},"query-input":{"@type":"PropertyValueSpecification","valueRequired":true,"valueName":"search_term_string"}}],"inLanguage":"pt-BR"},{"@type":"Organization","@id":"https:\/\/www.cidademarketing.com.br\/marketing\/#organization","name":"CidadeMarketing","alternateName":"CidadeMarketing","url":"https:\/\/www.cidademarketing.com.br\/marketing\/","logo":{"@type":"ImageObject","inLanguage":"pt-BR","@id":"https:\/\/www.cidademarketing.com.br\/marketing\/#\/schema\/logo\/image\/","url":"https:\/\/www.cidademarketing.com.br\/marketing\/wp-content\/uploads\/2020\/01\/cidademarketing_marca_mobile.png","contentUrl":"https:\/\/www.cidademarketing.com.br\/marketing\/wp-content\/uploads\/2020\/01\/cidademarketing_marca_mobile.png","width":230,"height":92,"caption":"CidadeMarketing"},"image":{"@id":"https:\/\/www.cidademarketing.com.br\/marketing\/#\/schema\/logo\/image\/"},"sameAs":["https:\/\/www.facebook.com\/portalcidademarketing","https:\/\/x.com\/CidadeMarketing","https:\/\/www.instagram.com\/cidademarketing\/"]},{"@type":"Person","@id":"https:\/\/www.cidademarketing.com.br\/marketing\/#\/schema\/person\/02daff9f18bd9378c9e01eb6b2db155f","name":"Thales Brand\u00e3o","image":{"@type":"ImageObject","inLanguage":"pt-BR","@id":"https:\/\/secure.gravatar.com\/avatar\/7ca3206950207cc3cb48feec56a8a7898741ab725c368d99d5d7a5a50aab80c6?s=96&d=mm&r=g","url":"https:\/\/secure.gravatar.com\/avatar\/7ca3206950207cc3cb48feec56a8a7898741ab725c368d99d5d7a5a50aab80c6?s=96&d=mm&r=g","contentUrl":"https:\/\/secure.gravatar.com\/avatar\/7ca3206950207cc3cb48feec56a8a7898741ab725c368d99d5d7a5a50aab80c6?s=96&d=mm&r=g","caption":"Thales Brand\u00e3o"},"description":"Editor Executivo do Portal CidadeMarketing.com.br &gt; Mestre em Comunica\u00e7\u00e3o e Sociedade pela Universidade Federal de Sergipe. Possui MBA Executivo em Administra\u00e7\u00e3o com \u00eanfase em Marketing pela Funda\u00e7\u00e3o Get\u00falio Vargas - Rio de Janeiro. Consultor, Palestrante e Pesquisador sobre Empreendedorismo, Marketing, Redes Sociais e Neg\u00f3cios Digitais. Professor, Palestrante TedxTalks e Campus Party. Twitter: @ThalesBrandao","sameAs":["http:\/\/www.mandacaru.com.br","https:\/\/www.facebook.com\/thalesbrandao","http:\/\/www.instagram.com.br\/thalesbrandaoferreira","https:\/\/www.linkedin.com\/in\/thales-brand\u00e3o-3948609\/","https:\/\/x.com\/http:\/\/www.twitter.com\/thalesbrandao"],"url":"https:\/\/www.cidademarketing.com.br\/marketing\/author\/thalesbrandao\/"}]}},"amp_enabled":true,"_links":{"self":[{"href":"https:\/\/www.cidademarketing.com.br\/marketing\/wp-json\/wp\/v2\/posts\/53770","targetHints":{"allow":["GET"]}}],"collection":[{"href":"https:\/\/www.cidademarketing.com.br\/marketing\/wp-json\/wp\/v2\/posts"}],"about":[{"href":"https:\/\/www.cidademarketing.com.br\/marketing\/wp-json\/wp\/v2\/types\/post"}],"author":[{"embeddable":true,"href":"https:\/\/www.cidademarketing.com.br\/marketing\/wp-json\/wp\/v2\/users\/1"}],"replies":[{"embeddable":true,"href":"https:\/\/www.cidademarketing.com.br\/marketing\/wp-json\/wp\/v2\/comments?post=53770"}],"version-history":[{"count":2,"href":"https:\/\/www.cidademarketing.com.br\/marketing\/wp-json\/wp\/v2\/posts\/53770\/revisions"}],"predecessor-version":[{"id":53773,"href":"https:\/\/www.cidademarketing.com.br\/marketing\/wp-json\/wp\/v2\/posts\/53770\/revisions\/53773"}],"wp:featuredmedia":[{"embeddable":true,"href":"https:\/\/www.cidademarketing.com.br\/marketing\/wp-json\/wp\/v2\/media\/53771"}],"wp:attachment":[{"href":"https:\/\/www.cidademarketing.com.br\/marketing\/wp-json\/wp\/v2\/media?parent=53770"}],"wp:term":[{"taxonomy":"category","embeddable":true,"href":"https:\/\/www.cidademarketing.com.br\/marketing\/wp-json\/wp\/v2\/categories?post=53770"},{"taxonomy":"post_tag","embeddable":true,"href":"https:\/\/www.cidademarketing.com.br\/marketing\/wp-json\/wp\/v2\/tags?post=53770"}],"curies":[{"name":"wp","href":"https:\/\/api.w.org\/{rel}","templated":true}]}}