{"id":53753,"date":"2024-11-16T16:02:50","date_gmt":"2024-11-16T19:02:50","guid":{"rendered":"https:\/\/www.cidademarketing.com.br\/marketing\/?p=53753"},"modified":"2024-11-16T16:02:50","modified_gmt":"2024-11-16T19:02:50","slug":"governo-federal-reduz-impostos-para-medicamentos-contra-cancer-e-aumenta-para-placas-solares","status":"publish","type":"post","link":"https:\/\/www.cidademarketing.com.br\/marketing\/2024\/11\/16\/governo-federal-reduz-impostos-para-medicamentos-contra-cancer-e-aumenta-para-placas-solares\/","title":{"rendered":"Governo Federal reduz impostos para medicamentos contra c\u00e2ncer e aumenta para placas solares"},"content":{"rendered":"<p>O Comit\u00ea Executivo de Gest\u00e3o da C\u00e2mara de Com\u00e9rcio Exterior (Gecex-Camex) anunciou, nesta segunda-feira (11\/11), uma s\u00e9rie de medidas tribut\u00e1rias que impactam setores estrat\u00e9gicos da economia. Entre as decis\u00f5es, destaca-se a redu\u00e7\u00e3o a 0% das tarifas de <a href=\"https:\/\/www.gov.br\/mdic\/pt-br\/assuntos\/camex\/atas-e-resolucoes\/gecex\/extratos\/deliberacoes-da-220a-reuniao-ordinaria-do-comite-executivo-de-gestao-gecex\" target=\"_blank\" rel=\"noopener\">importa\u00e7\u00e3o de 13 produtos<\/a>, incluindo medicamentos utilizados no tratamento de c\u00e2ncer de pr\u00f3stata e outros tipos de c\u00e2ncer, al\u00e9m de insumos essenciais \u00e0 \u00e1rea da sa\u00fade, como materiais para produ\u00e7\u00e3o de luvas m\u00e9dicas e filmes radiogr\u00e1ficos.<\/p>\n<p>A decis\u00e3o abrange produtos cuja al\u00edquota de importa\u00e7\u00e3o variava entre 3,6% e 18%, promovendo um al\u00edvio fiscal significativo para insumos de sa\u00fade e outros setores. Entre os itens contemplados est\u00e3o:<\/p>\n<p>Medicamentos oncol\u00f3gicos para c\u00e2ncer de pr\u00f3stata e outros tipos;<br \/>\nP\u00e1s e\u00f3licas para energia renov\u00e1vel;<br \/>\nPneus e defensivos agr\u00edcolas;<br \/>\nLentes de contato hidrogel;<br \/>\nFilmes radiogr\u00e1ficos.<\/p>\n<p>Al\u00e9m disso, foram aprovados Ex-tarif\u00e1rios para 226 c\u00f3digos NCM de bens de capital (BK) e outros 202 para o Regime de Autope\u00e7as N\u00e3o Produzidas, garantindo redu\u00e7\u00e3o tribut\u00e1ria para produtos sem produ\u00e7\u00e3o nacional similar, fomentando a moderniza\u00e7\u00e3o industrial e tecnol\u00f3gica.<\/p>\n<p>No entanto, o Gecex tamb\u00e9m aprovou eleva\u00e7\u00f5es tarif\u00e1rias para fortalecer a produ\u00e7\u00e3o local e estimular a gera\u00e7\u00e3o de empregos no Brasil. Uma das principais mudan\u00e7as foi o aumento do imposto de importa\u00e7\u00e3o sobre c\u00e9lulas fotovoltaicas, componentes-chave na fabrica\u00e7\u00e3o de placas solares, cuja al\u00edquota passou de 9,6% para 25%.<\/p>\n<p>Essa medida busca fomentar a ind\u00fastria nacional, mas gerou preocupa\u00e7\u00f5es entre especialistas e setores da sociedade ligados \u00e0 energia renov\u00e1vel, que apontam o risco de encarecimento das tecnologias solares no pa\u00eds.<\/p>\n<p>Segundo o governo, a redu\u00e7\u00e3o das tarifas de importa\u00e7\u00e3o de insumos m\u00e9dicos e industriais visa ampliar o acesso a tecnologias e tratamentos de sa\u00fade, al\u00e9m de incentivar o desenvolvimento de setores estrat\u00e9gicos. J\u00e1 o aumento tarif\u00e1rio para placas solares e outros insumos de vidro busca fortalecer a cadeia produtiva interna, alinhando-se \u00e0 pol\u00edtica de incentivo \u00e0 industrializa\u00e7\u00e3o local.<\/p>\n","protected":false},"excerpt":{"rendered":"<p>O Comit\u00ea Executivo de Gest\u00e3o da C\u00e2mara de Com\u00e9rcio Exterior (Gecex-Camex) anunciou, nesta segunda-feira (11\/11), uma s\u00e9rie de medidas tribut\u00e1rias que impactam setores estrat\u00e9gicos da economia. Entre as decis\u00f5es, destaca-se a redu\u00e7\u00e3o a 0% das tarifas de importa\u00e7\u00e3o de 13 produtos, incluindo medicamentos utilizados no tratamento de c\u00e2ncer de pr\u00f3stata e outros tipos de c\u00e2ncer, [&hellip;]<\/p>\n","protected":false},"author":1,"featured_media":53754,"comment_status":"open","ping_status":"open","sticky":false,"template":"","format":"standard","meta":{"tdm_status":"","tdm_grid_status":"","footnotes":""},"categories":[6],"tags":[6084,8248,8246,8249,51,1371,33,60,1111,28,8250,8247],"class_list":["post-53753","post","type-post","status-publish","format-standard","has-post-thumbnail","hentry","category-noticias","tag-byd","tag-cadeia-produtiva","tag-camex","tag-celulas-fotovoltaicas","tag-consumidor","tag-economia","tag-estrategia","tag-governo-federal","tag-impostos","tag-marketing","tag-negocios-internacionais","tag-placas-solares"],"yoast_head":"<!-- This site is optimized with the Yoast SEO plugin v27.5 - https:\/\/yoast.com\/product\/yoast-seo-wordpress\/ -->\n<title>Governo Federal reduz impostos para medicamentos contra c\u00e2ncer e aumenta para placas solares - CidadeMarketing<\/title>\n<meta name=\"robots\" content=\"index, follow, max-snippet:-1, max-image-preview:large, max-video-preview:-1\" \/>\n<link rel=\"canonical\" href=\"https:\/\/www.cidademarketing.com.br\/marketing\/2024\/11\/16\/governo-federal-reduz-impostos-para-medicamentos-contra-cancer-e-aumenta-para-placas-solares\/\" \/>\n<meta property=\"og:locale\" content=\"pt_BR\" \/>\n<meta property=\"og:type\" content=\"article\" \/>\n<meta property=\"og:title\" content=\"Governo Federal reduz impostos para medicamentos contra c\u00e2ncer e aumenta para placas solares - CidadeMarketing\" \/>\n<meta property=\"og:description\" content=\"O Comit\u00ea Executivo de Gest\u00e3o da C\u00e2mara de Com\u00e9rcio Exterior (Gecex-Camex) anunciou, nesta segunda-feira (11\/11), uma s\u00e9rie de medidas tribut\u00e1rias que impactam setores estrat\u00e9gicos da economia. Entre as decis\u00f5es, destaca-se a redu\u00e7\u00e3o a 0% das tarifas de importa\u00e7\u00e3o de 13 produtos, incluindo medicamentos utilizados no tratamento de c\u00e2ncer de pr\u00f3stata e outros tipos de c\u00e2ncer, [&hellip;]\" \/>\n<meta property=\"og:url\" content=\"https:\/\/www.cidademarketing.com.br\/marketing\/2024\/11\/16\/governo-federal-reduz-impostos-para-medicamentos-contra-cancer-e-aumenta-para-placas-solares\/\" \/>\n<meta property=\"og:site_name\" content=\"CidadeMarketing\" \/>\n<meta property=\"article:publisher\" content=\"https:\/\/www.facebook.com\/portalcidademarketing\" \/>\n<meta property=\"article:author\" content=\"https:\/\/www.facebook.com\/thalesbrandao\" \/>\n<meta property=\"article:published_time\" content=\"2024-11-16T19:02:50+00:00\" \/>\n<meta property=\"og:image\" content=\"https:\/\/www.cidademarketing.com.br\/marketing\/wp-content\/uploads\/2024\/11\/reduzacao_impostoscontraocancer.webp\" \/>\n\t<meta property=\"og:image:width\" content=\"892\" \/>\n\t<meta property=\"og:image:height\" content=\"893\" \/>\n\t<meta property=\"og:image:type\" content=\"image\/webp\" \/>\n<meta name=\"author\" content=\"Thales Brand\u00e3o\" \/>\n<meta name=\"twitter:card\" content=\"summary_large_image\" \/>\n<meta name=\"twitter:creator\" content=\"@http:\/\/www.twitter.com\/thalesbrandao\" \/>\n<meta name=\"twitter:site\" content=\"@CidadeMarketing\" \/>\n<meta name=\"twitter:label1\" content=\"Escrito por\" \/>\n\t<meta name=\"twitter:data1\" content=\"Thales Brand\u00e3o\" \/>\n\t<meta name=\"twitter:label2\" content=\"Est. tempo de leitura\" \/>\n\t<meta name=\"twitter:data2\" content=\"2 minutos\" \/>\n<script type=\"application\/ld+json\" class=\"yoast-schema-graph\">{\"@context\":\"https:\\\/\\\/schema.org\",\"@graph\":[{\"@type\":\"Article\",\"@id\":\"https:\\\/\\\/www.cidademarketing.com.br\\\/marketing\\\/2024\\\/11\\\/16\\\/governo-federal-reduz-impostos-para-medicamentos-contra-cancer-e-aumenta-para-placas-solares\\\/#article\",\"isPartOf\":{\"@id\":\"https:\\\/\\\/www.cidademarketing.com.br\\\/marketing\\\/2024\\\/11\\\/16\\\/governo-federal-reduz-impostos-para-medicamentos-contra-cancer-e-aumenta-para-placas-solares\\\/\"},\"author\":{\"name\":\"Thales Brand\u00e3o\",\"@id\":\"https:\\\/\\\/www.cidademarketing.com.br\\\/marketing\\\/#\\\/schema\\\/person\\\/02daff9f18bd9378c9e01eb6b2db155f\"},\"headline\":\"Governo Federal reduz impostos para medicamentos contra c\u00e2ncer e aumenta para placas solares\",\"datePublished\":\"2024-11-16T19:02:50+00:00\",\"mainEntityOfPage\":{\"@id\":\"https:\\\/\\\/www.cidademarketing.com.br\\\/marketing\\\/2024\\\/11\\\/16\\\/governo-federal-reduz-impostos-para-medicamentos-contra-cancer-e-aumenta-para-placas-solares\\\/\"},\"wordCount\":368,\"commentCount\":0,\"publisher\":{\"@id\":\"https:\\\/\\\/www.cidademarketing.com.br\\\/marketing\\\/#organization\"},\"image\":{\"@id\":\"https:\\\/\\\/www.cidademarketing.com.br\\\/marketing\\\/2024\\\/11\\\/16\\\/governo-federal-reduz-impostos-para-medicamentos-contra-cancer-e-aumenta-para-placas-solares\\\/#primaryimage\"},\"thumbnailUrl\":\"https:\\\/\\\/www.cidademarketing.com.br\\\/marketing\\\/wp-content\\\/uploads\\\/2024\\\/11\\\/reduzacao_impostoscontraocancer.webp\",\"keywords\":[\"BYD\",\"Cadeia produtiva\",\"Camex\",\"C\u00e9lulas fotovoltaicas\",\"consumidor\",\"economia\",\"estrat\u00e9gia\",\"Governo Federal\",\"Impostos\",\"marketing\",\"neg\u00f3cios internacionais\",\"placas solares\"],\"articleSection\":[\"Not\u00edcias\"],\"inLanguage\":\"pt-BR\",\"potentialAction\":[{\"@type\":\"CommentAction\",\"name\":\"Comment\",\"target\":[\"https:\\\/\\\/www.cidademarketing.com.br\\\/marketing\\\/2024\\\/11\\\/16\\\/governo-federal-reduz-impostos-para-medicamentos-contra-cancer-e-aumenta-para-placas-solares\\\/#respond\"]}]},{\"@type\":\"WebPage\",\"@id\":\"https:\\\/\\\/www.cidademarketing.com.br\\\/marketing\\\/2024\\\/11\\\/16\\\/governo-federal-reduz-impostos-para-medicamentos-contra-cancer-e-aumenta-para-placas-solares\\\/\",\"url\":\"https:\\\/\\\/www.cidademarketing.com.br\\\/marketing\\\/2024\\\/11\\\/16\\\/governo-federal-reduz-impostos-para-medicamentos-contra-cancer-e-aumenta-para-placas-solares\\\/\",\"name\":\"Governo Federal reduz impostos para medicamentos contra c\u00e2ncer e aumenta para placas solares - CidadeMarketing\",\"isPartOf\":{\"@id\":\"https:\\\/\\\/www.cidademarketing.com.br\\\/marketing\\\/#website\"},\"primaryImageOfPage\":{\"@id\":\"https:\\\/\\\/www.cidademarketing.com.br\\\/marketing\\\/2024\\\/11\\\/16\\\/governo-federal-reduz-impostos-para-medicamentos-contra-cancer-e-aumenta-para-placas-solares\\\/#primaryimage\"},\"image\":{\"@id\":\"https:\\\/\\\/www.cidademarketing.com.br\\\/marketing\\\/2024\\\/11\\\/16\\\/governo-federal-reduz-impostos-para-medicamentos-contra-cancer-e-aumenta-para-placas-solares\\\/#primaryimage\"},\"thumbnailUrl\":\"https:\\\/\\\/www.cidademarketing.com.br\\\/marketing\\\/wp-content\\\/uploads\\\/2024\\\/11\\\/reduzacao_impostoscontraocancer.webp\",\"datePublished\":\"2024-11-16T19:02:50+00:00\",\"breadcrumb\":{\"@id\":\"https:\\\/\\\/www.cidademarketing.com.br\\\/marketing\\\/2024\\\/11\\\/16\\\/governo-federal-reduz-impostos-para-medicamentos-contra-cancer-e-aumenta-para-placas-solares\\\/#breadcrumb\"},\"inLanguage\":\"pt-BR\",\"potentialAction\":[{\"@type\":\"ReadAction\",\"target\":[\"https:\\\/\\\/www.cidademarketing.com.br\\\/marketing\\\/2024\\\/11\\\/16\\\/governo-federal-reduz-impostos-para-medicamentos-contra-cancer-e-aumenta-para-placas-solares\\\/\"]}]},{\"@type\":\"ImageObject\",\"inLanguage\":\"pt-BR\",\"@id\":\"https:\\\/\\\/www.cidademarketing.com.br\\\/marketing\\\/2024\\\/11\\\/16\\\/governo-federal-reduz-impostos-para-medicamentos-contra-cancer-e-aumenta-para-placas-solares\\\/#primaryimage\",\"url\":\"https:\\\/\\\/www.cidademarketing.com.br\\\/marketing\\\/wp-content\\\/uploads\\\/2024\\\/11\\\/reduzacao_impostoscontraocancer.webp\",\"contentUrl\":\"https:\\\/\\\/www.cidademarketing.com.br\\\/marketing\\\/wp-content\\\/uploads\\\/2024\\\/11\\\/reduzacao_impostoscontraocancer.webp\",\"width\":892,\"height\":893,\"caption\":\"IA\"},{\"@type\":\"BreadcrumbList\",\"@id\":\"https:\\\/\\\/www.cidademarketing.com.br\\\/marketing\\\/2024\\\/11\\\/16\\\/governo-federal-reduz-impostos-para-medicamentos-contra-cancer-e-aumenta-para-placas-solares\\\/#breadcrumb\",\"itemListElement\":[{\"@type\":\"ListItem\",\"position\":1,\"name\":\"In\u00edcio\",\"item\":\"https:\\\/\\\/www.cidademarketing.com.br\\\/marketing\\\/\"},{\"@type\":\"ListItem\",\"position\":2,\"name\":\"Governo Federal reduz impostos para medicamentos contra c\u00e2ncer e aumenta para placas solares\"}]},{\"@type\":\"WebSite\",\"@id\":\"https:\\\/\\\/www.cidademarketing.com.br\\\/marketing\\\/#website\",\"url\":\"https:\\\/\\\/www.cidademarketing.com.br\\\/marketing\\\/\",\"name\":\"CidadeMarketing\",\"description\":\"Somos um ve\u00edculo de comunica\u00e7\u00e3o de destaque no Brasil, reconhecido por conte\u00fados nos segmentos de marketing, empreendedorismo e inova\u00e7\u00e3o.\",\"publisher\":{\"@id\":\"https:\\\/\\\/www.cidademarketing.com.br\\\/marketing\\\/#organization\"},\"alternateName\":\"CidadeMarketing\",\"potentialAction\":[{\"@type\":\"SearchAction\",\"target\":{\"@type\":\"EntryPoint\",\"urlTemplate\":\"https:\\\/\\\/www.cidademarketing.com.br\\\/marketing\\\/?s={search_term_string}\"},\"query-input\":{\"@type\":\"PropertyValueSpecification\",\"valueRequired\":true,\"valueName\":\"search_term_string\"}}],\"inLanguage\":\"pt-BR\"},{\"@type\":\"Organization\",\"@id\":\"https:\\\/\\\/www.cidademarketing.com.br\\\/marketing\\\/#organization\",\"name\":\"CidadeMarketing\",\"alternateName\":\"CidadeMarketing\",\"url\":\"https:\\\/\\\/www.cidademarketing.com.br\\\/marketing\\\/\",\"logo\":{\"@type\":\"ImageObject\",\"inLanguage\":\"pt-BR\",\"@id\":\"https:\\\/\\\/www.cidademarketing.com.br\\\/marketing\\\/#\\\/schema\\\/logo\\\/image\\\/\",\"url\":\"https:\\\/\\\/www.cidademarketing.com.br\\\/marketing\\\/wp-content\\\/uploads\\\/2020\\\/01\\\/cidademarketing_marca_mobile.png\",\"contentUrl\":\"https:\\\/\\\/www.cidademarketing.com.br\\\/marketing\\\/wp-content\\\/uploads\\\/2020\\\/01\\\/cidademarketing_marca_mobile.png\",\"width\":230,\"height\":92,\"caption\":\"CidadeMarketing\"},\"image\":{\"@id\":\"https:\\\/\\\/www.cidademarketing.com.br\\\/marketing\\\/#\\\/schema\\\/logo\\\/image\\\/\"},\"sameAs\":[\"https:\\\/\\\/www.facebook.com\\\/portalcidademarketing\",\"https:\\\/\\\/x.com\\\/CidadeMarketing\",\"https:\\\/\\\/www.instagram.com\\\/cidademarketing\\\/\"]},{\"@type\":\"Person\",\"@id\":\"https:\\\/\\\/www.cidademarketing.com.br\\\/marketing\\\/#\\\/schema\\\/person\\\/02daff9f18bd9378c9e01eb6b2db155f\",\"name\":\"Thales Brand\u00e3o\",\"image\":{\"@type\":\"ImageObject\",\"inLanguage\":\"pt-BR\",\"@id\":\"https:\\\/\\\/secure.gravatar.com\\\/avatar\\\/7ca3206950207cc3cb48feec56a8a7898741ab725c368d99d5d7a5a50aab80c6?s=96&d=mm&r=g\",\"url\":\"https:\\\/\\\/secure.gravatar.com\\\/avatar\\\/7ca3206950207cc3cb48feec56a8a7898741ab725c368d99d5d7a5a50aab80c6?s=96&d=mm&r=g\",\"contentUrl\":\"https:\\\/\\\/secure.gravatar.com\\\/avatar\\\/7ca3206950207cc3cb48feec56a8a7898741ab725c368d99d5d7a5a50aab80c6?s=96&d=mm&r=g\",\"caption\":\"Thales Brand\u00e3o\"},\"description\":\"Editor Executivo do Portal CidadeMarketing.com.br &gt; Mestre em Comunica\u00e7\u00e3o e Sociedade pela Universidade Federal de Sergipe. Possui MBA Executivo em Administra\u00e7\u00e3o com \u00eanfase em Marketing pela Funda\u00e7\u00e3o Get\u00falio Vargas - Rio de Janeiro. Consultor, Palestrante e Pesquisador sobre Empreendedorismo, Marketing, Redes Sociais e Neg\u00f3cios Digitais. Professor, Palestrante TedxTalks e Campus Party. Twitter: @ThalesBrandao\",\"sameAs\":[\"http:\\\/\\\/www.mandacaru.com.br\",\"https:\\\/\\\/www.facebook.com\\\/thalesbrandao\",\"http:\\\/\\\/www.instagram.com.br\\\/thalesbrandaoferreira\",\"https:\\\/\\\/www.linkedin.com\\\/in\\\/thales-brand\u00e3o-3948609\\\/\",\"https:\\\/\\\/x.com\\\/http:\\\/\\\/www.twitter.com\\\/thalesbrandao\"],\"url\":\"https:\\\/\\\/www.cidademarketing.com.br\\\/marketing\\\/author\\\/thalesbrandao\\\/\"}]}<\/script>\n<!-- \/ Yoast SEO plugin. -->","yoast_head_json":{"title":"Governo Federal reduz impostos para medicamentos contra c\u00e2ncer e aumenta para placas solares - CidadeMarketing","robots":{"index":"index","follow":"follow","max-snippet":"max-snippet:-1","max-image-preview":"max-image-preview:large","max-video-preview":"max-video-preview:-1"},"canonical":"https:\/\/www.cidademarketing.com.br\/marketing\/2024\/11\/16\/governo-federal-reduz-impostos-para-medicamentos-contra-cancer-e-aumenta-para-placas-solares\/","og_locale":"pt_BR","og_type":"article","og_title":"Governo Federal reduz impostos para medicamentos contra c\u00e2ncer e aumenta para placas solares - CidadeMarketing","og_description":"O Comit\u00ea Executivo de Gest\u00e3o da C\u00e2mara de Com\u00e9rcio Exterior (Gecex-Camex) anunciou, nesta segunda-feira (11\/11), uma s\u00e9rie de medidas tribut\u00e1rias que impactam setores estrat\u00e9gicos da economia. Entre as decis\u00f5es, destaca-se a redu\u00e7\u00e3o a 0% das tarifas de importa\u00e7\u00e3o de 13 produtos, incluindo medicamentos utilizados no tratamento de c\u00e2ncer de pr\u00f3stata e outros tipos de c\u00e2ncer, [&hellip;]","og_url":"https:\/\/www.cidademarketing.com.br\/marketing\/2024\/11\/16\/governo-federal-reduz-impostos-para-medicamentos-contra-cancer-e-aumenta-para-placas-solares\/","og_site_name":"CidadeMarketing","article_publisher":"https:\/\/www.facebook.com\/portalcidademarketing","article_author":"https:\/\/www.facebook.com\/thalesbrandao","article_published_time":"2024-11-16T19:02:50+00:00","og_image":[{"width":892,"height":893,"url":"https:\/\/www.cidademarketing.com.br\/marketing\/wp-content\/uploads\/2024\/11\/reduzacao_impostoscontraocancer.webp","type":"image\/webp"}],"author":"Thales Brand\u00e3o","twitter_card":"summary_large_image","twitter_creator":"@http:\/\/www.twitter.com\/thalesbrandao","twitter_site":"@CidadeMarketing","twitter_misc":{"Escrito por":"Thales Brand\u00e3o","Est. tempo de leitura":"2 minutos"},"schema":{"@context":"https:\/\/schema.org","@graph":[{"@type":"Article","@id":"https:\/\/www.cidademarketing.com.br\/marketing\/2024\/11\/16\/governo-federal-reduz-impostos-para-medicamentos-contra-cancer-e-aumenta-para-placas-solares\/#article","isPartOf":{"@id":"https:\/\/www.cidademarketing.com.br\/marketing\/2024\/11\/16\/governo-federal-reduz-impostos-para-medicamentos-contra-cancer-e-aumenta-para-placas-solares\/"},"author":{"name":"Thales Brand\u00e3o","@id":"https:\/\/www.cidademarketing.com.br\/marketing\/#\/schema\/person\/02daff9f18bd9378c9e01eb6b2db155f"},"headline":"Governo Federal reduz impostos para medicamentos contra c\u00e2ncer e aumenta para placas solares","datePublished":"2024-11-16T19:02:50+00:00","mainEntityOfPage":{"@id":"https:\/\/www.cidademarketing.com.br\/marketing\/2024\/11\/16\/governo-federal-reduz-impostos-para-medicamentos-contra-cancer-e-aumenta-para-placas-solares\/"},"wordCount":368,"commentCount":0,"publisher":{"@id":"https:\/\/www.cidademarketing.com.br\/marketing\/#organization"},"image":{"@id":"https:\/\/www.cidademarketing.com.br\/marketing\/2024\/11\/16\/governo-federal-reduz-impostos-para-medicamentos-contra-cancer-e-aumenta-para-placas-solares\/#primaryimage"},"thumbnailUrl":"https:\/\/www.cidademarketing.com.br\/marketing\/wp-content\/uploads\/2024\/11\/reduzacao_impostoscontraocancer.webp","keywords":["BYD","Cadeia produtiva","Camex","C\u00e9lulas fotovoltaicas","consumidor","economia","estrat\u00e9gia","Governo Federal","Impostos","marketing","neg\u00f3cios internacionais","placas solares"],"articleSection":["Not\u00edcias"],"inLanguage":"pt-BR","potentialAction":[{"@type":"CommentAction","name":"Comment","target":["https:\/\/www.cidademarketing.com.br\/marketing\/2024\/11\/16\/governo-federal-reduz-impostos-para-medicamentos-contra-cancer-e-aumenta-para-placas-solares\/#respond"]}]},{"@type":"WebPage","@id":"https:\/\/www.cidademarketing.com.br\/marketing\/2024\/11\/16\/governo-federal-reduz-impostos-para-medicamentos-contra-cancer-e-aumenta-para-placas-solares\/","url":"https:\/\/www.cidademarketing.com.br\/marketing\/2024\/11\/16\/governo-federal-reduz-impostos-para-medicamentos-contra-cancer-e-aumenta-para-placas-solares\/","name":"Governo Federal reduz impostos para medicamentos contra c\u00e2ncer e aumenta para placas solares - CidadeMarketing","isPartOf":{"@id":"https:\/\/www.cidademarketing.com.br\/marketing\/#website"},"primaryImageOfPage":{"@id":"https:\/\/www.cidademarketing.com.br\/marketing\/2024\/11\/16\/governo-federal-reduz-impostos-para-medicamentos-contra-cancer-e-aumenta-para-placas-solares\/#primaryimage"},"image":{"@id":"https:\/\/www.cidademarketing.com.br\/marketing\/2024\/11\/16\/governo-federal-reduz-impostos-para-medicamentos-contra-cancer-e-aumenta-para-placas-solares\/#primaryimage"},"thumbnailUrl":"https:\/\/www.cidademarketing.com.br\/marketing\/wp-content\/uploads\/2024\/11\/reduzacao_impostoscontraocancer.webp","datePublished":"2024-11-16T19:02:50+00:00","breadcrumb":{"@id":"https:\/\/www.cidademarketing.com.br\/marketing\/2024\/11\/16\/governo-federal-reduz-impostos-para-medicamentos-contra-cancer-e-aumenta-para-placas-solares\/#breadcrumb"},"inLanguage":"pt-BR","potentialAction":[{"@type":"ReadAction","target":["https:\/\/www.cidademarketing.com.br\/marketing\/2024\/11\/16\/governo-federal-reduz-impostos-para-medicamentos-contra-cancer-e-aumenta-para-placas-solares\/"]}]},{"@type":"ImageObject","inLanguage":"pt-BR","@id":"https:\/\/www.cidademarketing.com.br\/marketing\/2024\/11\/16\/governo-federal-reduz-impostos-para-medicamentos-contra-cancer-e-aumenta-para-placas-solares\/#primaryimage","url":"https:\/\/www.cidademarketing.com.br\/marketing\/wp-content\/uploads\/2024\/11\/reduzacao_impostoscontraocancer.webp","contentUrl":"https:\/\/www.cidademarketing.com.br\/marketing\/wp-content\/uploads\/2024\/11\/reduzacao_impostoscontraocancer.webp","width":892,"height":893,"caption":"IA"},{"@type":"BreadcrumbList","@id":"https:\/\/www.cidademarketing.com.br\/marketing\/2024\/11\/16\/governo-federal-reduz-impostos-para-medicamentos-contra-cancer-e-aumenta-para-placas-solares\/#breadcrumb","itemListElement":[{"@type":"ListItem","position":1,"name":"In\u00edcio","item":"https:\/\/www.cidademarketing.com.br\/marketing\/"},{"@type":"ListItem","position":2,"name":"Governo Federal reduz impostos para medicamentos contra c\u00e2ncer e aumenta para placas solares"}]},{"@type":"WebSite","@id":"https:\/\/www.cidademarketing.com.br\/marketing\/#website","url":"https:\/\/www.cidademarketing.com.br\/marketing\/","name":"CidadeMarketing","description":"Somos um ve\u00edculo de comunica\u00e7\u00e3o de destaque no Brasil, reconhecido por conte\u00fados nos segmentos de marketing, empreendedorismo e inova\u00e7\u00e3o.","publisher":{"@id":"https:\/\/www.cidademarketing.com.br\/marketing\/#organization"},"alternateName":"CidadeMarketing","potentialAction":[{"@type":"SearchAction","target":{"@type":"EntryPoint","urlTemplate":"https:\/\/www.cidademarketing.com.br\/marketing\/?s={search_term_string}"},"query-input":{"@type":"PropertyValueSpecification","valueRequired":true,"valueName":"search_term_string"}}],"inLanguage":"pt-BR"},{"@type":"Organization","@id":"https:\/\/www.cidademarketing.com.br\/marketing\/#organization","name":"CidadeMarketing","alternateName":"CidadeMarketing","url":"https:\/\/www.cidademarketing.com.br\/marketing\/","logo":{"@type":"ImageObject","inLanguage":"pt-BR","@id":"https:\/\/www.cidademarketing.com.br\/marketing\/#\/schema\/logo\/image\/","url":"https:\/\/www.cidademarketing.com.br\/marketing\/wp-content\/uploads\/2020\/01\/cidademarketing_marca_mobile.png","contentUrl":"https:\/\/www.cidademarketing.com.br\/marketing\/wp-content\/uploads\/2020\/01\/cidademarketing_marca_mobile.png","width":230,"height":92,"caption":"CidadeMarketing"},"image":{"@id":"https:\/\/www.cidademarketing.com.br\/marketing\/#\/schema\/logo\/image\/"},"sameAs":["https:\/\/www.facebook.com\/portalcidademarketing","https:\/\/x.com\/CidadeMarketing","https:\/\/www.instagram.com\/cidademarketing\/"]},{"@type":"Person","@id":"https:\/\/www.cidademarketing.com.br\/marketing\/#\/schema\/person\/02daff9f18bd9378c9e01eb6b2db155f","name":"Thales Brand\u00e3o","image":{"@type":"ImageObject","inLanguage":"pt-BR","@id":"https:\/\/secure.gravatar.com\/avatar\/7ca3206950207cc3cb48feec56a8a7898741ab725c368d99d5d7a5a50aab80c6?s=96&d=mm&r=g","url":"https:\/\/secure.gravatar.com\/avatar\/7ca3206950207cc3cb48feec56a8a7898741ab725c368d99d5d7a5a50aab80c6?s=96&d=mm&r=g","contentUrl":"https:\/\/secure.gravatar.com\/avatar\/7ca3206950207cc3cb48feec56a8a7898741ab725c368d99d5d7a5a50aab80c6?s=96&d=mm&r=g","caption":"Thales Brand\u00e3o"},"description":"Editor Executivo do Portal CidadeMarketing.com.br &gt; Mestre em Comunica\u00e7\u00e3o e Sociedade pela Universidade Federal de Sergipe. Possui MBA Executivo em Administra\u00e7\u00e3o com \u00eanfase em Marketing pela Funda\u00e7\u00e3o Get\u00falio Vargas - Rio de Janeiro. Consultor, Palestrante e Pesquisador sobre Empreendedorismo, Marketing, Redes Sociais e Neg\u00f3cios Digitais. Professor, Palestrante TedxTalks e Campus Party. Twitter: @ThalesBrandao","sameAs":["http:\/\/www.mandacaru.com.br","https:\/\/www.facebook.com\/thalesbrandao","http:\/\/www.instagram.com.br\/thalesbrandaoferreira","https:\/\/www.linkedin.com\/in\/thales-brand\u00e3o-3948609\/","https:\/\/x.com\/http:\/\/www.twitter.com\/thalesbrandao"],"url":"https:\/\/www.cidademarketing.com.br\/marketing\/author\/thalesbrandao\/"}]}},"amp_enabled":true,"_links":{"self":[{"href":"https:\/\/www.cidademarketing.com.br\/marketing\/wp-json\/wp\/v2\/posts\/53753","targetHints":{"allow":["GET"]}}],"collection":[{"href":"https:\/\/www.cidademarketing.com.br\/marketing\/wp-json\/wp\/v2\/posts"}],"about":[{"href":"https:\/\/www.cidademarketing.com.br\/marketing\/wp-json\/wp\/v2\/types\/post"}],"author":[{"embeddable":true,"href":"https:\/\/www.cidademarketing.com.br\/marketing\/wp-json\/wp\/v2\/users\/1"}],"replies":[{"embeddable":true,"href":"https:\/\/www.cidademarketing.com.br\/marketing\/wp-json\/wp\/v2\/comments?post=53753"}],"version-history":[{"count":1,"href":"https:\/\/www.cidademarketing.com.br\/marketing\/wp-json\/wp\/v2\/posts\/53753\/revisions"}],"predecessor-version":[{"id":53755,"href":"https:\/\/www.cidademarketing.com.br\/marketing\/wp-json\/wp\/v2\/posts\/53753\/revisions\/53755"}],"wp:featuredmedia":[{"embeddable":true,"href":"https:\/\/www.cidademarketing.com.br\/marketing\/wp-json\/wp\/v2\/media\/53754"}],"wp:attachment":[{"href":"https:\/\/www.cidademarketing.com.br\/marketing\/wp-json\/wp\/v2\/media?parent=53753"}],"wp:term":[{"taxonomy":"category","embeddable":true,"href":"https:\/\/www.cidademarketing.com.br\/marketing\/wp-json\/wp\/v2\/categories?post=53753"},{"taxonomy":"post_tag","embeddable":true,"href":"https:\/\/www.cidademarketing.com.br\/marketing\/wp-json\/wp\/v2\/tags?post=53753"}],"curies":[{"name":"wp","href":"https:\/\/api.w.org\/{rel}","templated":true}]}}