{"id":53649,"date":"2024-11-07T23:16:46","date_gmt":"2024-11-08T02:16:46","guid":{"rendered":"https:\/\/www.cidademarketing.com.br\/marketing\/?p=53649"},"modified":"2024-11-07T23:16:46","modified_gmt":"2024-11-08T02:16:46","slug":"melissa-frizzante-desembarca-no-brasil-com-experiencia-sensorial","status":"publish","type":"post","link":"https:\/\/www.cidademarketing.com.br\/marketing\/2024\/11\/07\/melissa-frizzante-desembarca-no-brasil-com-experiencia-sensorial\/","title":{"rendered":"Melissa Frizzante desembarca no Brasil com experi\u00eancia sensorial"},"content":{"rendered":"<p>Em novembro, a Melissa traz ao Brasil sua ativa\u00e7\u00e3o global Melissa Frizzante, depois de estrear em Mil\u00e3o e Paris. Inspirada no ic\u00f4nico sabor de tutti-frutti, a marca que redefine as famosas jellies expande sua ess\u00eancia para o paladar, com eventos em S\u00e3o Paulo, Rio de Janeiro e Trancoso, que prometem conquistar o p\u00fablico com uma experi\u00eancia \u00fanica e imersiva.<\/p>\n\r\n                <style type=\"text\/css\">\r\n                    \r\n                    #tdi_1  .td-doubleSlider-2 .td-item1 {\r\n                        background: url(https:\/\/www.cidademarketing.com.br\/marketing\/wp-content\/uploads\/2024\/11\/Melissa_Frizzante_01-80x60.webp) 0 0 no-repeat;\r\n                    }\r\n                    #tdi_1  .td-doubleSlider-2 .td-item2 {\r\n                        background: url(https:\/\/www.cidademarketing.com.br\/marketing\/wp-content\/uploads\/2024\/11\/Melissa_Frizzante_02-80x60.webp) 0 0 no-repeat;\r\n                    }\r\n                    #tdi_1  .td-doubleSlider-2 .td-item3 {\r\n                        background: url(https:\/\/www.cidademarketing.com.br\/marketing\/wp-content\/uploads\/2024\/11\/Melissa_Frizzante_03-80x60.webp) 0 0 no-repeat;\r\n                    }\r\n                <\/style>\r\n\r\n                <div id=\"tdi_1\" class=\"td-gallery td-slide-on-2-columns\">\r\n                    <div class=\"post_td_gallery\">\r\n                        <div class=\"td-gallery-slide-top\">\r\n                           <div class=\"td-gallery-title\"><\/div>\r\n\r\n                            <div class=\"td-gallery-controls-wrapper\">\r\n                                <div class=\"td-gallery-slide-count\"><span class=\"td-gallery-slide-item-focus\">1<\/span> de 3<\/div>\r\n                                <div class=\"td-gallery-slide-prev-next-but\">\r\n                                    <i class = \"td-icon-left doubleSliderPrevButton\"><\/i>\r\n                                    <i class = \"td-icon-right doubleSliderNextButton\"><\/i>\r\n                                <\/div>\r\n                            <\/div>\r\n                        <\/div>\r\n\r\n                        <div class = \"td-doubleSlider-1 \">\r\n                            <div class = \"td-slider\">\r\n                                \r\n                    <div class = \"td-slide-item td-item1\">\r\n                        <figure class=\"td-slide-galery-figure td-slide-popup-gallery\">\r\n                            <a class=\"slide-gallery-image-link\" href=\"https:\/\/www.cidademarketing.com.br\/marketing\/wp-content\/uploads\/2024\/11\/Melissa_Frizzante_01.webp\" title=\"Melissa Frizzante\"  data-caption=\"\"  data-description=\"\">\r\n                                <img decoding=\"async\" src=\"https:\/\/www.cidademarketing.com.br\/marketing\/wp-content\/uploads\/2024\/11\/Melissa_Frizzante_01-280x420.webp\" srcset=\"https:\/\/www.cidademarketing.com.br\/marketing\/wp-content\/uploads\/2024\/11\/Melissa_Frizzante_01-280x420.webp 280w, https:\/\/www.cidademarketing.com.br\/marketing\/wp-content\/uploads\/2024\/11\/Melissa_Frizzante_01-200x300.webp 200w, https:\/\/www.cidademarketing.com.br\/marketing\/wp-content\/uploads\/2024\/11\/Melissa_Frizzante_01-682x1024.webp 682w, https:\/\/www.cidademarketing.com.br\/marketing\/wp-content\/uploads\/2024\/11\/Melissa_Frizzante_01-768x1152.webp 768w, https:\/\/www.cidademarketing.com.br\/marketing\/wp-content\/uploads\/2024\/11\/Melissa_Frizzante_01-1024x1536.webp 1024w, https:\/\/www.cidademarketing.com.br\/marketing\/wp-content\/uploads\/2024\/11\/Melissa_Frizzante_01-640x960.webp 640w, https:\/\/www.cidademarketing.com.br\/marketing\/wp-content\/uploads\/2024\/11\/Melissa_Frizzante_01-681x1022.webp 681w, https:\/\/www.cidademarketing.com.br\/marketing\/wp-content\/uploads\/2024\/11\/Melissa_Frizzante_01.webp 1333w\" sizes=\"(max-width: 280px) 100vw, 280px\" alt=\"\">\r\n                            <\/a>\r\n                            \r\n                        <\/figure>\r\n                    <\/div>\r\n                    <div class = \"td-slide-item td-item2\">\r\n                        <figure class=\"td-slide-galery-figure td-slide-popup-gallery\">\r\n                            <a class=\"slide-gallery-image-link\" href=\"https:\/\/www.cidademarketing.com.br\/marketing\/wp-content\/uploads\/2024\/11\/Melissa_Frizzante_02.webp\" title=\"Melissa Frizzante\"  data-caption=\"\"  data-description=\"\">\r\n                                <img decoding=\"async\" src=\"https:\/\/www.cidademarketing.com.br\/marketing\/wp-content\/uploads\/2024\/11\/Melissa_Frizzante_02-280x420.webp\" srcset=\"https:\/\/www.cidademarketing.com.br\/marketing\/wp-content\/uploads\/2024\/11\/Melissa_Frizzante_02-280x420.webp 280w, https:\/\/www.cidademarketing.com.br\/marketing\/wp-content\/uploads\/2024\/11\/Melissa_Frizzante_02-200x300.webp 200w, https:\/\/www.cidademarketing.com.br\/marketing\/wp-content\/uploads\/2024\/11\/Melissa_Frizzante_02-684x1024.webp 684w, https:\/\/www.cidademarketing.com.br\/marketing\/wp-content\/uploads\/2024\/11\/Melissa_Frizzante_02-768x1151.webp 768w, https:\/\/www.cidademarketing.com.br\/marketing\/wp-content\/uploads\/2024\/11\/Melissa_Frizzante_02-1025x1536.webp 1025w, https:\/\/www.cidademarketing.com.br\/marketing\/wp-content\/uploads\/2024\/11\/Melissa_Frizzante_02-640x959.webp 640w, https:\/\/www.cidademarketing.com.br\/marketing\/wp-content\/uploads\/2024\/11\/Melissa_Frizzante_02-681x1020.webp 681w, https:\/\/www.cidademarketing.com.br\/marketing\/wp-content\/uploads\/2024\/11\/Melissa_Frizzante_02.webp 1335w\" sizes=\"(max-width: 280px) 100vw, 280px\" alt=\"\">\r\n                            <\/a>\r\n                            \r\n                        <\/figure>\r\n                    <\/div>\r\n                    <div class = \"td-slide-item td-item3\">\r\n                        <figure class=\"td-slide-galery-figure td-slide-popup-gallery\">\r\n                            <a class=\"slide-gallery-image-link\" href=\"https:\/\/www.cidademarketing.com.br\/marketing\/wp-content\/uploads\/2024\/11\/Melissa_Frizzante_03.webp\" title=\"Melissa Frizzante\"  data-caption=\"\"  data-description=\"\">\r\n                                <img decoding=\"async\" src=\"https:\/\/www.cidademarketing.com.br\/marketing\/wp-content\/uploads\/2024\/11\/Melissa_Frizzante_03-629x420.webp\" srcset=\"https:\/\/www.cidademarketing.com.br\/marketing\/wp-content\/uploads\/2024\/11\/Melissa_Frizzante_03-629x420.webp 629w, https:\/\/www.cidademarketing.com.br\/marketing\/wp-content\/uploads\/2024\/11\/Melissa_Frizzante_03-300x200.webp 300w, https:\/\/www.cidademarketing.com.br\/marketing\/wp-content\/uploads\/2024\/11\/Melissa_Frizzante_03-1024x684.webp 1024w, https:\/\/www.cidademarketing.com.br\/marketing\/wp-content\/uploads\/2024\/11\/Melissa_Frizzante_03-768x513.webp 768w, https:\/\/www.cidademarketing.com.br\/marketing\/wp-content\/uploads\/2024\/11\/Melissa_Frizzante_03-1536x1025.webp 1536w, https:\/\/www.cidademarketing.com.br\/marketing\/wp-content\/uploads\/2024\/11\/Melissa_Frizzante_03-537x360.webp 537w, https:\/\/www.cidademarketing.com.br\/marketing\/wp-content\/uploads\/2024\/11\/Melissa_Frizzante_03-640x427.webp 640w, https:\/\/www.cidademarketing.com.br\/marketing\/wp-content\/uploads\/2024\/11\/Melissa_Frizzante_03-681x455.webp 681w, https:\/\/www.cidademarketing.com.br\/marketing\/wp-content\/uploads\/2024\/11\/Melissa_Frizzante_03.webp 2000w\" sizes=\"(max-width: 629px) 100vw, 629px\" alt=\"\">\r\n                            <\/a>\r\n                            \r\n                        <\/figure>\r\n                    <\/div>\r\n                            <\/div>\r\n                        <\/div>\r\n\r\n                        <div class = \"td-doubleSlider-2\">\r\n                            <div class = \"td-slider\">\r\n                                \r\n                    <div class = \"td-button td-item1\">\r\n                        <div class = \"td-border\"><\/div>\r\n                    <\/div>\r\n                    <div class = \"td-button td-item2\">\r\n                        <div class = \"td-border\"><\/div>\r\n                    <\/div>\r\n                    <div class = \"td-button td-item3\">\r\n                        <div class = \"td-border\"><\/div>\r\n                    <\/div>\r\n                            <\/div>\r\n                        <\/div>\r\n\r\n                    <\/div>\r\n\r\n                <\/div>\r\n                \n<p>A Melissa Frizzante foi idealizada em torno de uma \u00fanica pergunta: &#8220;Se a Melissa tivesse um sabor, qual seria?&#8221; Para responder, a marca desenvolveu tr\u00eas sodas italianas exclusivas com sabores que refletem o esp\u00edrito e as cores da Melissa Possession, um dos modelos mais ic\u00f4nicos da marca. As sodas \u2013 Don\u2019t Worry Be Berry (cassis), Jelly Spritz (cereja) e Watermelon Haze (melancia) \u2013 ser\u00e3o distribu\u00eddas gratuitamente nos eventos e acompanham o lan\u00e7amento das novas vers\u00f5es da Melissa Possession e da bolsa Melissa Refraction, dispon\u00edveis para compra nos espa\u00e7os da ativa\u00e7\u00e3o.<\/p>\n<p>A ativa\u00e7\u00e3o ser\u00e1 realizada em tr\u00eas cidades ic\u00f4nicas brasileiras, cada uma com sua pr\u00f3pria atmosfera e atrativos especiais:<\/p>\n<p><strong>S\u00e3o Paulo (SP):<\/strong> nos dias 9 e 10 de novembro, no Cubo JK, um local inovador e repleto de criatividade, com uma piscina de bolinhas colorida para o p\u00fablico explorar.<\/p>\n<p><strong>Rio de Janeiro (RJ):<\/strong> nos dias 16 e 17 de novembro, no Morro da Urca, Parque Bondinho\u00ae, com uma vista deslumbrante da cidade, proporcionando uma conex\u00e3o \u00fanica entre o p\u00fablico e a natureza carioca.<\/p>\n<p><strong>Trancoso (BA):<\/strong> dias 30 de novembro e 1\u00ba de dezembro, na Casa Quadrado, um marco local que une tradi\u00e7\u00e3o e modernidade em meio ao charme baiano.<\/p>\n<p>A ativa\u00e7\u00e3o ainda oferece a venda dos produtos exclusivos da Melissa Frizzante a partir de 9 de novembro, tamb\u00e9m no <a href=\"https:\/\/play.google.com\/store\/apps\/details?id=br.melissa.com&amp;hl=pt_BR\" target=\"_blank\" rel=\"noopener\">aplicativo Melissa<\/a> e no site oficial <a href=\"http:\/\/melissa.com.br\" target=\"_blank\" rel=\"noopener\">melissa.com.br<\/a>, com entregas para todo o Brasil.<\/p>\n","protected":false},"excerpt":{"rendered":"<p>Em novembro, a Melissa traz ao Brasil sua ativa\u00e7\u00e3o global Melissa Frizzante, depois de estrear em Mil\u00e3o e Paris. Inspirada no ic\u00f4nico sabor de tutti-frutti, a marca que redefine as famosas jellies expande sua ess\u00eancia para o paladar, com eventos em S\u00e3o Paulo, Rio de Janeiro e Trancoso, que prometem conquistar o p\u00fablico com uma [&hellip;]<\/p>\n","protected":false},"author":1,"featured_media":53650,"comment_status":"open","ping_status":"open","sticky":false,"template":"","format":"standard","meta":{"tdm_status":"","tdm_grid_status":"","footnotes":""},"categories":[6],"tags":[65,33,805,7315,28,776,527,8093,199,656,918,8094],"class_list":["post-53649","post","type-post","status-publish","format-standard","has-post-thumbnail","hentry","category-noticias","tag-campanha","tag-estrategia","tag-experiencia","tag-experiencia-sensorial","tag-marketing","tag-marketing-sensorial","tag-melissa","tag-melissa-frizzante","tag-rio-de-janeiro","tag-sao-paulo","tag-trancoso","tag-tutti-frutti"],"yoast_head":"<!-- This site is optimized with the Yoast SEO plugin v27.5 - https:\/\/yoast.com\/product\/yoast-seo-wordpress\/ -->\n<title>Melissa Frizzante desembarca no Brasil com experi\u00eancia sensorial - CidadeMarketing<\/title>\n<meta name=\"robots\" content=\"index, follow, max-snippet:-1, max-image-preview:large, max-video-preview:-1\" \/>\n<link rel=\"canonical\" href=\"https:\/\/www.cidademarketing.com.br\/marketing\/2024\/11\/07\/melissa-frizzante-desembarca-no-brasil-com-experiencia-sensorial\/\" \/>\n<meta property=\"og:locale\" content=\"pt_BR\" \/>\n<meta property=\"og:type\" content=\"article\" \/>\n<meta property=\"og:title\" content=\"Melissa Frizzante desembarca no Brasil com experi\u00eancia sensorial - CidadeMarketing\" \/>\n<meta property=\"og:description\" content=\"Em novembro, a Melissa traz ao Brasil sua ativa\u00e7\u00e3o global Melissa Frizzante, depois de estrear em Mil\u00e3o e Paris. Inspirada no ic\u00f4nico sabor de tutti-frutti, a marca que redefine as famosas jellies expande sua ess\u00eancia para o paladar, com eventos em S\u00e3o Paulo, Rio de Janeiro e Trancoso, que prometem conquistar o p\u00fablico com uma [&hellip;]\" \/>\n<meta property=\"og:url\" content=\"https:\/\/www.cidademarketing.com.br\/marketing\/2024\/11\/07\/melissa-frizzante-desembarca-no-brasil-com-experiencia-sensorial\/\" \/>\n<meta property=\"og:site_name\" content=\"CidadeMarketing\" \/>\n<meta property=\"article:publisher\" content=\"https:\/\/www.facebook.com\/portalcidademarketing\" \/>\n<meta property=\"article:author\" content=\"https:\/\/www.facebook.com\/thalesbrandao\" \/>\n<meta property=\"article:published_time\" content=\"2024-11-08T02:16:46+00:00\" \/>\n<meta property=\"og:image\" content=\"https:\/\/www.cidademarketing.com.br\/marketing\/wp-content\/uploads\/2024\/11\/Melissa_Frizzante_03.webp\" \/>\n\t<meta property=\"og:image:width\" content=\"2000\" \/>\n\t<meta property=\"og:image:height\" content=\"1335\" \/>\n\t<meta property=\"og:image:type\" content=\"image\/webp\" \/>\n<meta name=\"author\" content=\"Thales Brand\u00e3o\" \/>\n<meta name=\"twitter:card\" content=\"summary_large_image\" \/>\n<meta name=\"twitter:creator\" content=\"@http:\/\/www.twitter.com\/thalesbrandao\" \/>\n<meta name=\"twitter:site\" content=\"@CidadeMarketing\" \/>\n<meta name=\"twitter:label1\" content=\"Escrito por\" \/>\n\t<meta name=\"twitter:data1\" content=\"Thales Brand\u00e3o\" \/>\n\t<meta name=\"twitter:label2\" content=\"Est. tempo de leitura\" \/>\n\t<meta name=\"twitter:data2\" content=\"2 minutos\" \/>\n<script type=\"application\/ld+json\" class=\"yoast-schema-graph\">{\"@context\":\"https:\\\/\\\/schema.org\",\"@graph\":[{\"@type\":\"Article\",\"@id\":\"https:\\\/\\\/www.cidademarketing.com.br\\\/marketing\\\/2024\\\/11\\\/07\\\/melissa-frizzante-desembarca-no-brasil-com-experiencia-sensorial\\\/#article\",\"isPartOf\":{\"@id\":\"https:\\\/\\\/www.cidademarketing.com.br\\\/marketing\\\/2024\\\/11\\\/07\\\/melissa-frizzante-desembarca-no-brasil-com-experiencia-sensorial\\\/\"},\"author\":{\"name\":\"Thales Brand\u00e3o\",\"@id\":\"https:\\\/\\\/www.cidademarketing.com.br\\\/marketing\\\/#\\\/schema\\\/person\\\/02daff9f18bd9378c9e01eb6b2db155f\"},\"headline\":\"Melissa Frizzante desembarca no Brasil com experi\u00eancia sensorial\",\"datePublished\":\"2024-11-08T02:16:46+00:00\",\"mainEntityOfPage\":{\"@id\":\"https:\\\/\\\/www.cidademarketing.com.br\\\/marketing\\\/2024\\\/11\\\/07\\\/melissa-frizzante-desembarca-no-brasil-com-experiencia-sensorial\\\/\"},\"wordCount\":328,\"commentCount\":0,\"publisher\":{\"@id\":\"https:\\\/\\\/www.cidademarketing.com.br\\\/marketing\\\/#organization\"},\"image\":{\"@id\":\"https:\\\/\\\/www.cidademarketing.com.br\\\/marketing\\\/2024\\\/11\\\/07\\\/melissa-frizzante-desembarca-no-brasil-com-experiencia-sensorial\\\/#primaryimage\"},\"thumbnailUrl\":\"https:\\\/\\\/www.cidademarketing.com.br\\\/marketing\\\/wp-content\\\/uploads\\\/2024\\\/11\\\/Melissa_Frizzante_03.webp\",\"keywords\":[\"campanha\",\"estrat\u00e9gia\",\"experi\u00eancia\",\"experi\u00eancia sensorial\",\"marketing\",\"marketing sensorial\",\"Melissa\",\"Melissa Frizzante\",\"Rio de Janeiro\",\"S\u00e3o Paulo\",\"Trancoso\",\"tutti-frutti\"],\"articleSection\":[\"Not\u00edcias\"],\"inLanguage\":\"pt-BR\",\"potentialAction\":[{\"@type\":\"CommentAction\",\"name\":\"Comment\",\"target\":[\"https:\\\/\\\/www.cidademarketing.com.br\\\/marketing\\\/2024\\\/11\\\/07\\\/melissa-frizzante-desembarca-no-brasil-com-experiencia-sensorial\\\/#respond\"]}]},{\"@type\":\"WebPage\",\"@id\":\"https:\\\/\\\/www.cidademarketing.com.br\\\/marketing\\\/2024\\\/11\\\/07\\\/melissa-frizzante-desembarca-no-brasil-com-experiencia-sensorial\\\/\",\"url\":\"https:\\\/\\\/www.cidademarketing.com.br\\\/marketing\\\/2024\\\/11\\\/07\\\/melissa-frizzante-desembarca-no-brasil-com-experiencia-sensorial\\\/\",\"name\":\"Melissa Frizzante desembarca no Brasil com experi\u00eancia sensorial - CidadeMarketing\",\"isPartOf\":{\"@id\":\"https:\\\/\\\/www.cidademarketing.com.br\\\/marketing\\\/#website\"},\"primaryImageOfPage\":{\"@id\":\"https:\\\/\\\/www.cidademarketing.com.br\\\/marketing\\\/2024\\\/11\\\/07\\\/melissa-frizzante-desembarca-no-brasil-com-experiencia-sensorial\\\/#primaryimage\"},\"image\":{\"@id\":\"https:\\\/\\\/www.cidademarketing.com.br\\\/marketing\\\/2024\\\/11\\\/07\\\/melissa-frizzante-desembarca-no-brasil-com-experiencia-sensorial\\\/#primaryimage\"},\"thumbnailUrl\":\"https:\\\/\\\/www.cidademarketing.com.br\\\/marketing\\\/wp-content\\\/uploads\\\/2024\\\/11\\\/Melissa_Frizzante_03.webp\",\"datePublished\":\"2024-11-08T02:16:46+00:00\",\"breadcrumb\":{\"@id\":\"https:\\\/\\\/www.cidademarketing.com.br\\\/marketing\\\/2024\\\/11\\\/07\\\/melissa-frizzante-desembarca-no-brasil-com-experiencia-sensorial\\\/#breadcrumb\"},\"inLanguage\":\"pt-BR\",\"potentialAction\":[{\"@type\":\"ReadAction\",\"target\":[\"https:\\\/\\\/www.cidademarketing.com.br\\\/marketing\\\/2024\\\/11\\\/07\\\/melissa-frizzante-desembarca-no-brasil-com-experiencia-sensorial\\\/\"]}]},{\"@type\":\"ImageObject\",\"inLanguage\":\"pt-BR\",\"@id\":\"https:\\\/\\\/www.cidademarketing.com.br\\\/marketing\\\/2024\\\/11\\\/07\\\/melissa-frizzante-desembarca-no-brasil-com-experiencia-sensorial\\\/#primaryimage\",\"url\":\"https:\\\/\\\/www.cidademarketing.com.br\\\/marketing\\\/wp-content\\\/uploads\\\/2024\\\/11\\\/Melissa_Frizzante_03.webp\",\"contentUrl\":\"https:\\\/\\\/www.cidademarketing.com.br\\\/marketing\\\/wp-content\\\/uploads\\\/2024\\\/11\\\/Melissa_Frizzante_03.webp\",\"width\":2000,\"height\":1335},{\"@type\":\"BreadcrumbList\",\"@id\":\"https:\\\/\\\/www.cidademarketing.com.br\\\/marketing\\\/2024\\\/11\\\/07\\\/melissa-frizzante-desembarca-no-brasil-com-experiencia-sensorial\\\/#breadcrumb\",\"itemListElement\":[{\"@type\":\"ListItem\",\"position\":1,\"name\":\"In\u00edcio\",\"item\":\"https:\\\/\\\/www.cidademarketing.com.br\\\/marketing\\\/\"},{\"@type\":\"ListItem\",\"position\":2,\"name\":\"Melissa Frizzante desembarca no Brasil com experi\u00eancia sensorial\"}]},{\"@type\":\"WebSite\",\"@id\":\"https:\\\/\\\/www.cidademarketing.com.br\\\/marketing\\\/#website\",\"url\":\"https:\\\/\\\/www.cidademarketing.com.br\\\/marketing\\\/\",\"name\":\"CidadeMarketing\",\"description\":\"Somos um ve\u00edculo de comunica\u00e7\u00e3o de destaque no Brasil, reconhecido por conte\u00fados nos segmentos de marketing, empreendedorismo e inova\u00e7\u00e3o.\",\"publisher\":{\"@id\":\"https:\\\/\\\/www.cidademarketing.com.br\\\/marketing\\\/#organization\"},\"alternateName\":\"CidadeMarketing\",\"potentialAction\":[{\"@type\":\"SearchAction\",\"target\":{\"@type\":\"EntryPoint\",\"urlTemplate\":\"https:\\\/\\\/www.cidademarketing.com.br\\\/marketing\\\/?s={search_term_string}\"},\"query-input\":{\"@type\":\"PropertyValueSpecification\",\"valueRequired\":true,\"valueName\":\"search_term_string\"}}],\"inLanguage\":\"pt-BR\"},{\"@type\":\"Organization\",\"@id\":\"https:\\\/\\\/www.cidademarketing.com.br\\\/marketing\\\/#organization\",\"name\":\"CidadeMarketing\",\"alternateName\":\"CidadeMarketing\",\"url\":\"https:\\\/\\\/www.cidademarketing.com.br\\\/marketing\\\/\",\"logo\":{\"@type\":\"ImageObject\",\"inLanguage\":\"pt-BR\",\"@id\":\"https:\\\/\\\/www.cidademarketing.com.br\\\/marketing\\\/#\\\/schema\\\/logo\\\/image\\\/\",\"url\":\"https:\\\/\\\/www.cidademarketing.com.br\\\/marketing\\\/wp-content\\\/uploads\\\/2020\\\/01\\\/cidademarketing_marca_mobile.png\",\"contentUrl\":\"https:\\\/\\\/www.cidademarketing.com.br\\\/marketing\\\/wp-content\\\/uploads\\\/2020\\\/01\\\/cidademarketing_marca_mobile.png\",\"width\":230,\"height\":92,\"caption\":\"CidadeMarketing\"},\"image\":{\"@id\":\"https:\\\/\\\/www.cidademarketing.com.br\\\/marketing\\\/#\\\/schema\\\/logo\\\/image\\\/\"},\"sameAs\":[\"https:\\\/\\\/www.facebook.com\\\/portalcidademarketing\",\"https:\\\/\\\/x.com\\\/CidadeMarketing\",\"https:\\\/\\\/www.instagram.com\\\/cidademarketing\\\/\"]},{\"@type\":\"Person\",\"@id\":\"https:\\\/\\\/www.cidademarketing.com.br\\\/marketing\\\/#\\\/schema\\\/person\\\/02daff9f18bd9378c9e01eb6b2db155f\",\"name\":\"Thales Brand\u00e3o\",\"image\":{\"@type\":\"ImageObject\",\"inLanguage\":\"pt-BR\",\"@id\":\"https:\\\/\\\/secure.gravatar.com\\\/avatar\\\/7ca3206950207cc3cb48feec56a8a7898741ab725c368d99d5d7a5a50aab80c6?s=96&d=mm&r=g\",\"url\":\"https:\\\/\\\/secure.gravatar.com\\\/avatar\\\/7ca3206950207cc3cb48feec56a8a7898741ab725c368d99d5d7a5a50aab80c6?s=96&d=mm&r=g\",\"contentUrl\":\"https:\\\/\\\/secure.gravatar.com\\\/avatar\\\/7ca3206950207cc3cb48feec56a8a7898741ab725c368d99d5d7a5a50aab80c6?s=96&d=mm&r=g\",\"caption\":\"Thales Brand\u00e3o\"},\"description\":\"Editor Executivo do Portal CidadeMarketing.com.br &gt; Mestre em Comunica\u00e7\u00e3o e Sociedade pela Universidade Federal de Sergipe. Possui MBA Executivo em Administra\u00e7\u00e3o com \u00eanfase em Marketing pela Funda\u00e7\u00e3o Get\u00falio Vargas - Rio de Janeiro. Consultor, Palestrante e Pesquisador sobre Empreendedorismo, Marketing, Redes Sociais e Neg\u00f3cios Digitais. Professor, Palestrante TedxTalks e Campus Party. Twitter: @ThalesBrandao\",\"sameAs\":[\"http:\\\/\\\/www.mandacaru.com.br\",\"https:\\\/\\\/www.facebook.com\\\/thalesbrandao\",\"http:\\\/\\\/www.instagram.com.br\\\/thalesbrandaoferreira\",\"https:\\\/\\\/www.linkedin.com\\\/in\\\/thales-brand\u00e3o-3948609\\\/\",\"https:\\\/\\\/x.com\\\/http:\\\/\\\/www.twitter.com\\\/thalesbrandao\"],\"url\":\"https:\\\/\\\/www.cidademarketing.com.br\\\/marketing\\\/author\\\/thalesbrandao\\\/\"}]}<\/script>\n<!-- \/ Yoast SEO plugin. -->","yoast_head_json":{"title":"Melissa Frizzante desembarca no Brasil com experi\u00eancia sensorial - CidadeMarketing","robots":{"index":"index","follow":"follow","max-snippet":"max-snippet:-1","max-image-preview":"max-image-preview:large","max-video-preview":"max-video-preview:-1"},"canonical":"https:\/\/www.cidademarketing.com.br\/marketing\/2024\/11\/07\/melissa-frizzante-desembarca-no-brasil-com-experiencia-sensorial\/","og_locale":"pt_BR","og_type":"article","og_title":"Melissa Frizzante desembarca no Brasil com experi\u00eancia sensorial - CidadeMarketing","og_description":"Em novembro, a Melissa traz ao Brasil sua ativa\u00e7\u00e3o global Melissa Frizzante, depois de estrear em Mil\u00e3o e Paris. Inspirada no ic\u00f4nico sabor de tutti-frutti, a marca que redefine as famosas jellies expande sua ess\u00eancia para o paladar, com eventos em S\u00e3o Paulo, Rio de Janeiro e Trancoso, que prometem conquistar o p\u00fablico com uma [&hellip;]","og_url":"https:\/\/www.cidademarketing.com.br\/marketing\/2024\/11\/07\/melissa-frizzante-desembarca-no-brasil-com-experiencia-sensorial\/","og_site_name":"CidadeMarketing","article_publisher":"https:\/\/www.facebook.com\/portalcidademarketing","article_author":"https:\/\/www.facebook.com\/thalesbrandao","article_published_time":"2024-11-08T02:16:46+00:00","og_image":[{"width":2000,"height":1335,"url":"https:\/\/www.cidademarketing.com.br\/marketing\/wp-content\/uploads\/2024\/11\/Melissa_Frizzante_03.webp","type":"image\/webp"}],"author":"Thales Brand\u00e3o","twitter_card":"summary_large_image","twitter_creator":"@http:\/\/www.twitter.com\/thalesbrandao","twitter_site":"@CidadeMarketing","twitter_misc":{"Escrito por":"Thales Brand\u00e3o","Est. tempo de leitura":"2 minutos"},"schema":{"@context":"https:\/\/schema.org","@graph":[{"@type":"Article","@id":"https:\/\/www.cidademarketing.com.br\/marketing\/2024\/11\/07\/melissa-frizzante-desembarca-no-brasil-com-experiencia-sensorial\/#article","isPartOf":{"@id":"https:\/\/www.cidademarketing.com.br\/marketing\/2024\/11\/07\/melissa-frizzante-desembarca-no-brasil-com-experiencia-sensorial\/"},"author":{"name":"Thales Brand\u00e3o","@id":"https:\/\/www.cidademarketing.com.br\/marketing\/#\/schema\/person\/02daff9f18bd9378c9e01eb6b2db155f"},"headline":"Melissa Frizzante desembarca no Brasil com experi\u00eancia sensorial","datePublished":"2024-11-08T02:16:46+00:00","mainEntityOfPage":{"@id":"https:\/\/www.cidademarketing.com.br\/marketing\/2024\/11\/07\/melissa-frizzante-desembarca-no-brasil-com-experiencia-sensorial\/"},"wordCount":328,"commentCount":0,"publisher":{"@id":"https:\/\/www.cidademarketing.com.br\/marketing\/#organization"},"image":{"@id":"https:\/\/www.cidademarketing.com.br\/marketing\/2024\/11\/07\/melissa-frizzante-desembarca-no-brasil-com-experiencia-sensorial\/#primaryimage"},"thumbnailUrl":"https:\/\/www.cidademarketing.com.br\/marketing\/wp-content\/uploads\/2024\/11\/Melissa_Frizzante_03.webp","keywords":["campanha","estrat\u00e9gia","experi\u00eancia","experi\u00eancia sensorial","marketing","marketing sensorial","Melissa","Melissa Frizzante","Rio de Janeiro","S\u00e3o Paulo","Trancoso","tutti-frutti"],"articleSection":["Not\u00edcias"],"inLanguage":"pt-BR","potentialAction":[{"@type":"CommentAction","name":"Comment","target":["https:\/\/www.cidademarketing.com.br\/marketing\/2024\/11\/07\/melissa-frizzante-desembarca-no-brasil-com-experiencia-sensorial\/#respond"]}]},{"@type":"WebPage","@id":"https:\/\/www.cidademarketing.com.br\/marketing\/2024\/11\/07\/melissa-frizzante-desembarca-no-brasil-com-experiencia-sensorial\/","url":"https:\/\/www.cidademarketing.com.br\/marketing\/2024\/11\/07\/melissa-frizzante-desembarca-no-brasil-com-experiencia-sensorial\/","name":"Melissa Frizzante desembarca no Brasil com experi\u00eancia sensorial - CidadeMarketing","isPartOf":{"@id":"https:\/\/www.cidademarketing.com.br\/marketing\/#website"},"primaryImageOfPage":{"@id":"https:\/\/www.cidademarketing.com.br\/marketing\/2024\/11\/07\/melissa-frizzante-desembarca-no-brasil-com-experiencia-sensorial\/#primaryimage"},"image":{"@id":"https:\/\/www.cidademarketing.com.br\/marketing\/2024\/11\/07\/melissa-frizzante-desembarca-no-brasil-com-experiencia-sensorial\/#primaryimage"},"thumbnailUrl":"https:\/\/www.cidademarketing.com.br\/marketing\/wp-content\/uploads\/2024\/11\/Melissa_Frizzante_03.webp","datePublished":"2024-11-08T02:16:46+00:00","breadcrumb":{"@id":"https:\/\/www.cidademarketing.com.br\/marketing\/2024\/11\/07\/melissa-frizzante-desembarca-no-brasil-com-experiencia-sensorial\/#breadcrumb"},"inLanguage":"pt-BR","potentialAction":[{"@type":"ReadAction","target":["https:\/\/www.cidademarketing.com.br\/marketing\/2024\/11\/07\/melissa-frizzante-desembarca-no-brasil-com-experiencia-sensorial\/"]}]},{"@type":"ImageObject","inLanguage":"pt-BR","@id":"https:\/\/www.cidademarketing.com.br\/marketing\/2024\/11\/07\/melissa-frizzante-desembarca-no-brasil-com-experiencia-sensorial\/#primaryimage","url":"https:\/\/www.cidademarketing.com.br\/marketing\/wp-content\/uploads\/2024\/11\/Melissa_Frizzante_03.webp","contentUrl":"https:\/\/www.cidademarketing.com.br\/marketing\/wp-content\/uploads\/2024\/11\/Melissa_Frizzante_03.webp","width":2000,"height":1335},{"@type":"BreadcrumbList","@id":"https:\/\/www.cidademarketing.com.br\/marketing\/2024\/11\/07\/melissa-frizzante-desembarca-no-brasil-com-experiencia-sensorial\/#breadcrumb","itemListElement":[{"@type":"ListItem","position":1,"name":"In\u00edcio","item":"https:\/\/www.cidademarketing.com.br\/marketing\/"},{"@type":"ListItem","position":2,"name":"Melissa Frizzante desembarca no Brasil com experi\u00eancia sensorial"}]},{"@type":"WebSite","@id":"https:\/\/www.cidademarketing.com.br\/marketing\/#website","url":"https:\/\/www.cidademarketing.com.br\/marketing\/","name":"CidadeMarketing","description":"Somos um ve\u00edculo de comunica\u00e7\u00e3o de destaque no Brasil, reconhecido por conte\u00fados nos segmentos de marketing, empreendedorismo e inova\u00e7\u00e3o.","publisher":{"@id":"https:\/\/www.cidademarketing.com.br\/marketing\/#organization"},"alternateName":"CidadeMarketing","potentialAction":[{"@type":"SearchAction","target":{"@type":"EntryPoint","urlTemplate":"https:\/\/www.cidademarketing.com.br\/marketing\/?s={search_term_string}"},"query-input":{"@type":"PropertyValueSpecification","valueRequired":true,"valueName":"search_term_string"}}],"inLanguage":"pt-BR"},{"@type":"Organization","@id":"https:\/\/www.cidademarketing.com.br\/marketing\/#organization","name":"CidadeMarketing","alternateName":"CidadeMarketing","url":"https:\/\/www.cidademarketing.com.br\/marketing\/","logo":{"@type":"ImageObject","inLanguage":"pt-BR","@id":"https:\/\/www.cidademarketing.com.br\/marketing\/#\/schema\/logo\/image\/","url":"https:\/\/www.cidademarketing.com.br\/marketing\/wp-content\/uploads\/2020\/01\/cidademarketing_marca_mobile.png","contentUrl":"https:\/\/www.cidademarketing.com.br\/marketing\/wp-content\/uploads\/2020\/01\/cidademarketing_marca_mobile.png","width":230,"height":92,"caption":"CidadeMarketing"},"image":{"@id":"https:\/\/www.cidademarketing.com.br\/marketing\/#\/schema\/logo\/image\/"},"sameAs":["https:\/\/www.facebook.com\/portalcidademarketing","https:\/\/x.com\/CidadeMarketing","https:\/\/www.instagram.com\/cidademarketing\/"]},{"@type":"Person","@id":"https:\/\/www.cidademarketing.com.br\/marketing\/#\/schema\/person\/02daff9f18bd9378c9e01eb6b2db155f","name":"Thales Brand\u00e3o","image":{"@type":"ImageObject","inLanguage":"pt-BR","@id":"https:\/\/secure.gravatar.com\/avatar\/7ca3206950207cc3cb48feec56a8a7898741ab725c368d99d5d7a5a50aab80c6?s=96&d=mm&r=g","url":"https:\/\/secure.gravatar.com\/avatar\/7ca3206950207cc3cb48feec56a8a7898741ab725c368d99d5d7a5a50aab80c6?s=96&d=mm&r=g","contentUrl":"https:\/\/secure.gravatar.com\/avatar\/7ca3206950207cc3cb48feec56a8a7898741ab725c368d99d5d7a5a50aab80c6?s=96&d=mm&r=g","caption":"Thales Brand\u00e3o"},"description":"Editor Executivo do Portal CidadeMarketing.com.br &gt; Mestre em Comunica\u00e7\u00e3o e Sociedade pela Universidade Federal de Sergipe. Possui MBA Executivo em Administra\u00e7\u00e3o com \u00eanfase em Marketing pela Funda\u00e7\u00e3o Get\u00falio Vargas - Rio de Janeiro. Consultor, Palestrante e Pesquisador sobre Empreendedorismo, Marketing, Redes Sociais e Neg\u00f3cios Digitais. Professor, Palestrante TedxTalks e Campus Party. Twitter: @ThalesBrandao","sameAs":["http:\/\/www.mandacaru.com.br","https:\/\/www.facebook.com\/thalesbrandao","http:\/\/www.instagram.com.br\/thalesbrandaoferreira","https:\/\/www.linkedin.com\/in\/thales-brand\u00e3o-3948609\/","https:\/\/x.com\/http:\/\/www.twitter.com\/thalesbrandao"],"url":"https:\/\/www.cidademarketing.com.br\/marketing\/author\/thalesbrandao\/"}]}},"amp_enabled":true,"_links":{"self":[{"href":"https:\/\/www.cidademarketing.com.br\/marketing\/wp-json\/wp\/v2\/posts\/53649","targetHints":{"allow":["GET"]}}],"collection":[{"href":"https:\/\/www.cidademarketing.com.br\/marketing\/wp-json\/wp\/v2\/posts"}],"about":[{"href":"https:\/\/www.cidademarketing.com.br\/marketing\/wp-json\/wp\/v2\/types\/post"}],"author":[{"embeddable":true,"href":"https:\/\/www.cidademarketing.com.br\/marketing\/wp-json\/wp\/v2\/users\/1"}],"replies":[{"embeddable":true,"href":"https:\/\/www.cidademarketing.com.br\/marketing\/wp-json\/wp\/v2\/comments?post=53649"}],"version-history":[{"count":1,"href":"https:\/\/www.cidademarketing.com.br\/marketing\/wp-json\/wp\/v2\/posts\/53649\/revisions"}],"predecessor-version":[{"id":53653,"href":"https:\/\/www.cidademarketing.com.br\/marketing\/wp-json\/wp\/v2\/posts\/53649\/revisions\/53653"}],"wp:featuredmedia":[{"embeddable":true,"href":"https:\/\/www.cidademarketing.com.br\/marketing\/wp-json\/wp\/v2\/media\/53650"}],"wp:attachment":[{"href":"https:\/\/www.cidademarketing.com.br\/marketing\/wp-json\/wp\/v2\/media?parent=53649"}],"wp:term":[{"taxonomy":"category","embeddable":true,"href":"https:\/\/www.cidademarketing.com.br\/marketing\/wp-json\/wp\/v2\/categories?post=53649"},{"taxonomy":"post_tag","embeddable":true,"href":"https:\/\/www.cidademarketing.com.br\/marketing\/wp-json\/wp\/v2\/tags?post=53649"}],"curies":[{"name":"wp","href":"https:\/\/api.w.org\/{rel}","templated":true}]}}