{"id":53574,"date":"2024-11-04T12:38:42","date_gmt":"2024-11-04T15:38:42","guid":{"rendered":"https:\/\/www.cidademarketing.com.br\/marketing\/?p=53574"},"modified":"2024-11-04T12:38:42","modified_gmt":"2024-11-04T15:38:42","slug":"ivete-sangalo-anuncia-big-mac-por-r-7-em-nova-campanha-da-mequi-friday","status":"publish","type":"post","link":"https:\/\/www.cidademarketing.com.br\/marketing\/2024\/11\/04\/ivete-sangalo-anuncia-big-mac-por-r-7-em-nova-campanha-da-mequi-friday\/","title":{"rendered":"Ivete Sangalo anuncia Big Mac por R$ 7 em nova campanha da M\u00e9qui Friday"},"content":{"rendered":"<p>A temporada de ofertas da M\u00e9qui Friday come\u00e7ou com tudo, e, neste ano, Ivete Sangalo assume o comando! A partir desta segunda-feira, 4 de novembro, o McDonald\u2019s lan\u00e7a sua nova campanha com o tema \u201cVeveta no comando. E o M\u00e9qui cheio de ofertas\u201d. Para abrir a primeira semana, o destaque vai para o cl\u00e1ssico Big Mac por apenas R$7, al\u00e9m de b\u00f4nus em pontos para os clientes no programa de fidelidade Meu M\u00e9qui.<\/p>\n<p>A edi\u00e7\u00e3o deste ano chega com uma s\u00e9rie de ofertas que prometem agitar o m\u00eas de novembro. De 4 a 10 de novembro, os mais de 10,5 milh\u00f5es de membros do programa de fidelidade Meu M\u00e9qui podem ganhar 12 mil pontos extras com uma compra identificada, troc\u00e1veis por um <a href=\"https:\/\/www.tiktok.com\/@mcdonalds_br\/video\/7432423102895705350\" target=\"_blank\" rel=\"noopener\">Cheeseburger gr\u00e1tis<\/a>. J\u00e1 o Big Mac estar\u00e1 dispon\u00edvel por apenas R$ 7 na primeira compra identificada via Pe\u00e7a e Retire ou McDelivery, at\u00e9 o dia 17 de novembro.<\/p>\n<blockquote class=\"tiktok-embed\" cite=\"https:\/\/www.tiktok.com\/@mcdonalds_br\/video\/7432423102895705350\" data-video-id=\"7432423102895705350\" data-embed-from=\"oembed\" style=\"max-width:605px; min-width:325px;\">\n<section> <a target=\"_blank\" title=\"@mcdonalds_br\" href=\"https:\/\/www.tiktok.com\/@mcdonalds_br?refer=embed\">@mcdonalds_br<\/a> <\/p>\n<p>12 mil pontos extras que valem um cheeseburger quentinho! Isso \u00e9 Veveta no Comando da nossa M\u00e9qui Friday. Compre e aproveite!<\/p>\n<p> <a target=\"_blank\" title=\"\u266c som original - M\u00e9qui - M\u00e9qui\" href=\"https:\/\/www.tiktok.com\/music\/som-original-M\u00e9qui-7432423130720766725?refer=embed\">\u266c som original &#8211; M\u00e9qui &#8211; M\u00e9qui<\/a> <\/section>\n<\/blockquote>\n<p> <script async src=\"https:\/\/www.tiktok.com\/embed.js\"><\/script><\/p>\n<p>Na campanha Ivete Sangalo assume o comando das promo\u00e7\u00f5es em uma central de controle. A a\u00e7\u00e3o inclui estrat\u00e9gia de m\u00eddia, com an\u00fancios para TV, conte\u00fados exclusivos para o <a href=\"https:\/\/www.tiktok.com\/@mcdonalds_br\/video\/7432383158743600390\" target=\"_blank\" rel=\"noopener\">TikTok<\/a>, m\u00eddia externa (OOH), e impressa. &#8220;Pensou que a mam\u00e3e n\u00e3o iria controlar tudo? Aqui \u00e9 oferta para valer!&#8221;, declarou Ivete em um dos filmes da campanha, trazendo seu carisma e autenticidade para a M\u00e9qui Friday.<\/p>\n<div class=\"youtube-embed\" data-video_id=\"OaTlYd8P09o\"><iframe title=\"M\u00e9qui Friday! Veveta no comando e o M\u00e9qui cheio de ofertas\" width=\"640\" height=\"360\" src=\"https:\/\/www.youtube.com\/embed\/OaTlYd8P09o?feature=oembed&#038;enablejsapi=1\" frameborder=\"0\" allow=\"accelerometer; autoplay; clipboard-write; encrypted-media; gyroscope; picture-in-picture; web-share\" referrerpolicy=\"strict-origin-when-cross-origin\" allowfullscreen><\/iframe><\/div>\n<p>Para aumentar o alcance, Ivete convidou personalidades como Giovanna Antonelli, Marco T\u00falio, Samanta Alves e Fab\u00e3o, que assumem o controle das promo\u00e7\u00f5es em algumas das campanhas.\u00a0 A campanha conta com 10 filmes que ser\u00e3o exibidos em canais de TV e redes sociais, com desdobramentos no digital e m\u00eddia impressa.<\/p>\n","protected":false},"excerpt":{"rendered":"<p>A temporada de ofertas da M\u00e9qui Friday come\u00e7ou com tudo, e, neste ano, Ivete Sangalo assume o comando! A partir desta segunda-feira, 4 de novembro, o McDonald\u2019s lan\u00e7a sua nova campanha com o tema \u201cVeveta no comando. E o M\u00e9qui cheio de ofertas\u201d. Para abrir a primeira semana, o destaque vai para o cl\u00e1ssico Big [&hellip;]<\/p>\n","protected":false},"author":1,"featured_media":53575,"comment_status":"open","ping_status":"open","sticky":false,"template":"","format":"standard","meta":{"tdm_status":"","tdm_grid_status":"","footnotes":""},"categories":[6,14],"tags":[6028,65,1380,33,39,246,28,43,4922,4893,8051],"class_list":["post-53574","post","type-post","status-publish","format-standard","has-post-thumbnail","hentry","category-noticias","category-videos","tag-big-mac","tag-campanha","tag-desconto","tag-estrategia","tag-investimento","tag-ivete-sangalo","tag-marketing","tag-mcdonalds","tag-mequi-friday","tag-ofertas","tag-veveta"],"yoast_head":"<!-- This site is optimized with the Yoast SEO plugin v27.4 - https:\/\/yoast.com\/product\/yoast-seo-wordpress\/ -->\n<title>Ivete Sangalo anuncia Big Mac por R$ 7 em nova campanha da M\u00e9qui Friday - CidadeMarketing<\/title>\n<meta name=\"robots\" content=\"index, follow, max-snippet:-1, max-image-preview:large, max-video-preview:-1\" \/>\n<link rel=\"canonical\" href=\"https:\/\/www.cidademarketing.com.br\/marketing\/2024\/11\/04\/ivete-sangalo-anuncia-big-mac-por-r-7-em-nova-campanha-da-mequi-friday\/\" \/>\n<meta property=\"og:locale\" content=\"pt_BR\" \/>\n<meta property=\"og:type\" content=\"article\" \/>\n<meta property=\"og:title\" content=\"Ivete Sangalo anuncia Big Mac por R$ 7 em nova campanha da M\u00e9qui Friday - CidadeMarketing\" \/>\n<meta property=\"og:description\" content=\"A temporada de ofertas da M\u00e9qui Friday come\u00e7ou com tudo, e, neste ano, Ivete Sangalo assume o comando! A partir desta segunda-feira, 4 de novembro, o McDonald\u2019s lan\u00e7a sua nova campanha com o tema \u201cVeveta no comando. E o M\u00e9qui cheio de ofertas\u201d. Para abrir a primeira semana, o destaque vai para o cl\u00e1ssico Big [&hellip;]\" \/>\n<meta property=\"og:url\" content=\"https:\/\/www.cidademarketing.com.br\/marketing\/2024\/11\/04\/ivete-sangalo-anuncia-big-mac-por-r-7-em-nova-campanha-da-mequi-friday\/\" \/>\n<meta property=\"og:site_name\" content=\"CidadeMarketing\" \/>\n<meta property=\"article:publisher\" content=\"https:\/\/www.facebook.com\/portalcidademarketing\" \/>\n<meta property=\"article:author\" content=\"https:\/\/www.facebook.com\/thalesbrandao\" \/>\n<meta property=\"article:published_time\" content=\"2024-11-04T15:38:42+00:00\" \/>\n<meta property=\"og:image\" content=\"https:\/\/www.cidademarketing.com.br\/marketing\/wp-content\/uploads\/2024\/11\/mequi_bigmac_7reais_ivete.webp\" \/>\n\t<meta property=\"og:image:width\" content=\"1127\" \/>\n\t<meta property=\"og:image:height\" content=\"620\" \/>\n\t<meta property=\"og:image:type\" content=\"image\/webp\" \/>\n<meta name=\"author\" content=\"Thales Brand\u00e3o\" \/>\n<meta name=\"twitter:card\" content=\"summary_large_image\" \/>\n<meta name=\"twitter:creator\" content=\"@http:\/\/www.twitter.com\/thalesbrandao\" \/>\n<meta name=\"twitter:site\" content=\"@CidadeMarketing\" \/>\n<meta name=\"twitter:label1\" content=\"Escrito por\" \/>\n\t<meta name=\"twitter:data1\" content=\"Thales Brand\u00e3o\" \/>\n\t<meta name=\"twitter:label2\" content=\"Est. tempo de leitura\" \/>\n\t<meta name=\"twitter:data2\" content=\"2 minutos\" \/>\n<script type=\"application\/ld+json\" class=\"yoast-schema-graph\">{\"@context\":\"https:\\\/\\\/schema.org\",\"@graph\":[{\"@type\":\"Article\",\"@id\":\"https:\\\/\\\/www.cidademarketing.com.br\\\/marketing\\\/2024\\\/11\\\/04\\\/ivete-sangalo-anuncia-big-mac-por-r-7-em-nova-campanha-da-mequi-friday\\\/#article\",\"isPartOf\":{\"@id\":\"https:\\\/\\\/www.cidademarketing.com.br\\\/marketing\\\/2024\\\/11\\\/04\\\/ivete-sangalo-anuncia-big-mac-por-r-7-em-nova-campanha-da-mequi-friday\\\/\"},\"author\":{\"name\":\"Thales Brand\u00e3o\",\"@id\":\"https:\\\/\\\/www.cidademarketing.com.br\\\/marketing\\\/#\\\/schema\\\/person\\\/02daff9f18bd9378c9e01eb6b2db155f\"},\"headline\":\"Ivete Sangalo anuncia Big Mac por R$ 7 em nova campanha da M\u00e9qui Friday\",\"datePublished\":\"2024-11-04T15:38:42+00:00\",\"mainEntityOfPage\":{\"@id\":\"https:\\\/\\\/www.cidademarketing.com.br\\\/marketing\\\/2024\\\/11\\\/04\\\/ivete-sangalo-anuncia-big-mac-por-r-7-em-nova-campanha-da-mequi-friday\\\/\"},\"wordCount\":321,\"commentCount\":0,\"publisher\":{\"@id\":\"https:\\\/\\\/www.cidademarketing.com.br\\\/marketing\\\/#organization\"},\"image\":{\"@id\":\"https:\\\/\\\/www.cidademarketing.com.br\\\/marketing\\\/2024\\\/11\\\/04\\\/ivete-sangalo-anuncia-big-mac-por-r-7-em-nova-campanha-da-mequi-friday\\\/#primaryimage\"},\"thumbnailUrl\":\"https:\\\/\\\/www.cidademarketing.com.br\\\/marketing\\\/wp-content\\\/uploads\\\/2024\\\/11\\\/mequi_bigmac_7reais_ivete.webp\",\"keywords\":[\"Big Mac\",\"campanha\",\"desconto\",\"estrat\u00e9gia\",\"investimento\",\"Ivete Sangalo\",\"marketing\",\"McDonald\u00b4s\",\"M\u00e9qui Friday\",\"ofertas\",\"Veveta\"],\"articleSection\":[\"Not\u00edcias\",\"Videos\"],\"inLanguage\":\"pt-BR\",\"potentialAction\":[{\"@type\":\"CommentAction\",\"name\":\"Comment\",\"target\":[\"https:\\\/\\\/www.cidademarketing.com.br\\\/marketing\\\/2024\\\/11\\\/04\\\/ivete-sangalo-anuncia-big-mac-por-r-7-em-nova-campanha-da-mequi-friday\\\/#respond\"]}]},{\"@type\":\"WebPage\",\"@id\":\"https:\\\/\\\/www.cidademarketing.com.br\\\/marketing\\\/2024\\\/11\\\/04\\\/ivete-sangalo-anuncia-big-mac-por-r-7-em-nova-campanha-da-mequi-friday\\\/\",\"url\":\"https:\\\/\\\/www.cidademarketing.com.br\\\/marketing\\\/2024\\\/11\\\/04\\\/ivete-sangalo-anuncia-big-mac-por-r-7-em-nova-campanha-da-mequi-friday\\\/\",\"name\":\"Ivete Sangalo anuncia Big Mac por R$ 7 em nova campanha da M\u00e9qui Friday - CidadeMarketing\",\"isPartOf\":{\"@id\":\"https:\\\/\\\/www.cidademarketing.com.br\\\/marketing\\\/#website\"},\"primaryImageOfPage\":{\"@id\":\"https:\\\/\\\/www.cidademarketing.com.br\\\/marketing\\\/2024\\\/11\\\/04\\\/ivete-sangalo-anuncia-big-mac-por-r-7-em-nova-campanha-da-mequi-friday\\\/#primaryimage\"},\"image\":{\"@id\":\"https:\\\/\\\/www.cidademarketing.com.br\\\/marketing\\\/2024\\\/11\\\/04\\\/ivete-sangalo-anuncia-big-mac-por-r-7-em-nova-campanha-da-mequi-friday\\\/#primaryimage\"},\"thumbnailUrl\":\"https:\\\/\\\/www.cidademarketing.com.br\\\/marketing\\\/wp-content\\\/uploads\\\/2024\\\/11\\\/mequi_bigmac_7reais_ivete.webp\",\"datePublished\":\"2024-11-04T15:38:42+00:00\",\"breadcrumb\":{\"@id\":\"https:\\\/\\\/www.cidademarketing.com.br\\\/marketing\\\/2024\\\/11\\\/04\\\/ivete-sangalo-anuncia-big-mac-por-r-7-em-nova-campanha-da-mequi-friday\\\/#breadcrumb\"},\"inLanguage\":\"pt-BR\",\"potentialAction\":[{\"@type\":\"ReadAction\",\"target\":[\"https:\\\/\\\/www.cidademarketing.com.br\\\/marketing\\\/2024\\\/11\\\/04\\\/ivete-sangalo-anuncia-big-mac-por-r-7-em-nova-campanha-da-mequi-friday\\\/\"]}]},{\"@type\":\"ImageObject\",\"inLanguage\":\"pt-BR\",\"@id\":\"https:\\\/\\\/www.cidademarketing.com.br\\\/marketing\\\/2024\\\/11\\\/04\\\/ivete-sangalo-anuncia-big-mac-por-r-7-em-nova-campanha-da-mequi-friday\\\/#primaryimage\",\"url\":\"https:\\\/\\\/www.cidademarketing.com.br\\\/marketing\\\/wp-content\\\/uploads\\\/2024\\\/11\\\/mequi_bigmac_7reais_ivete.webp\",\"contentUrl\":\"https:\\\/\\\/www.cidademarketing.com.br\\\/marketing\\\/wp-content\\\/uploads\\\/2024\\\/11\\\/mequi_bigmac_7reais_ivete.webp\",\"width\":1127,\"height\":620,\"caption\":\"Reprodu\u00e7\u00e3o\"},{\"@type\":\"BreadcrumbList\",\"@id\":\"https:\\\/\\\/www.cidademarketing.com.br\\\/marketing\\\/2024\\\/11\\\/04\\\/ivete-sangalo-anuncia-big-mac-por-r-7-em-nova-campanha-da-mequi-friday\\\/#breadcrumb\",\"itemListElement\":[{\"@type\":\"ListItem\",\"position\":1,\"name\":\"In\u00edcio\",\"item\":\"https:\\\/\\\/www.cidademarketing.com.br\\\/marketing\\\/\"},{\"@type\":\"ListItem\",\"position\":2,\"name\":\"Ivete Sangalo anuncia Big Mac por R$ 7 em nova campanha da M\u00e9qui Friday\"}]},{\"@type\":\"WebSite\",\"@id\":\"https:\\\/\\\/www.cidademarketing.com.br\\\/marketing\\\/#website\",\"url\":\"https:\\\/\\\/www.cidademarketing.com.br\\\/marketing\\\/\",\"name\":\"CidadeMarketing\",\"description\":\"Somos um ve\u00edculo de comunica\u00e7\u00e3o de destaque no Brasil, reconhecido por conte\u00fados nos segmentos de marketing, empreendedorismo e inova\u00e7\u00e3o.\",\"publisher\":{\"@id\":\"https:\\\/\\\/www.cidademarketing.com.br\\\/marketing\\\/#organization\"},\"alternateName\":\"CidadeMarketing\",\"potentialAction\":[{\"@type\":\"SearchAction\",\"target\":{\"@type\":\"EntryPoint\",\"urlTemplate\":\"https:\\\/\\\/www.cidademarketing.com.br\\\/marketing\\\/?s={search_term_string}\"},\"query-input\":{\"@type\":\"PropertyValueSpecification\",\"valueRequired\":true,\"valueName\":\"search_term_string\"}}],\"inLanguage\":\"pt-BR\"},{\"@type\":\"Organization\",\"@id\":\"https:\\\/\\\/www.cidademarketing.com.br\\\/marketing\\\/#organization\",\"name\":\"CidadeMarketing\",\"alternateName\":\"CidadeMarketing\",\"url\":\"https:\\\/\\\/www.cidademarketing.com.br\\\/marketing\\\/\",\"logo\":{\"@type\":\"ImageObject\",\"inLanguage\":\"pt-BR\",\"@id\":\"https:\\\/\\\/www.cidademarketing.com.br\\\/marketing\\\/#\\\/schema\\\/logo\\\/image\\\/\",\"url\":\"https:\\\/\\\/www.cidademarketing.com.br\\\/marketing\\\/wp-content\\\/uploads\\\/2020\\\/01\\\/cidademarketing_marca_mobile.png\",\"contentUrl\":\"https:\\\/\\\/www.cidademarketing.com.br\\\/marketing\\\/wp-content\\\/uploads\\\/2020\\\/01\\\/cidademarketing_marca_mobile.png\",\"width\":230,\"height\":92,\"caption\":\"CidadeMarketing\"},\"image\":{\"@id\":\"https:\\\/\\\/www.cidademarketing.com.br\\\/marketing\\\/#\\\/schema\\\/logo\\\/image\\\/\"},\"sameAs\":[\"https:\\\/\\\/www.facebook.com\\\/portalcidademarketing\",\"https:\\\/\\\/x.com\\\/CidadeMarketing\",\"https:\\\/\\\/www.instagram.com\\\/cidademarketing\\\/\"]},{\"@type\":\"Person\",\"@id\":\"https:\\\/\\\/www.cidademarketing.com.br\\\/marketing\\\/#\\\/schema\\\/person\\\/02daff9f18bd9378c9e01eb6b2db155f\",\"name\":\"Thales Brand\u00e3o\",\"image\":{\"@type\":\"ImageObject\",\"inLanguage\":\"pt-BR\",\"@id\":\"https:\\\/\\\/secure.gravatar.com\\\/avatar\\\/7ca3206950207cc3cb48feec56a8a7898741ab725c368d99d5d7a5a50aab80c6?s=96&d=mm&r=g\",\"url\":\"https:\\\/\\\/secure.gravatar.com\\\/avatar\\\/7ca3206950207cc3cb48feec56a8a7898741ab725c368d99d5d7a5a50aab80c6?s=96&d=mm&r=g\",\"contentUrl\":\"https:\\\/\\\/secure.gravatar.com\\\/avatar\\\/7ca3206950207cc3cb48feec56a8a7898741ab725c368d99d5d7a5a50aab80c6?s=96&d=mm&r=g\",\"caption\":\"Thales Brand\u00e3o\"},\"description\":\"Editor Executivo do Portal CidadeMarketing.com.br &gt; Mestre em Comunica\u00e7\u00e3o e Sociedade pela Universidade Federal de Sergipe. Possui MBA Executivo em Administra\u00e7\u00e3o com \u00eanfase em Marketing pela Funda\u00e7\u00e3o Get\u00falio Vargas - Rio de Janeiro. Consultor, Palestrante e Pesquisador sobre Empreendedorismo, Marketing, Redes Sociais e Neg\u00f3cios Digitais. Professor, Palestrante TedxTalks e Campus Party. Twitter: @ThalesBrandao\",\"sameAs\":[\"http:\\\/\\\/www.mandacaru.com.br\",\"https:\\\/\\\/www.facebook.com\\\/thalesbrandao\",\"http:\\\/\\\/www.instagram.com.br\\\/thalesbrandaoferreira\",\"https:\\\/\\\/www.linkedin.com\\\/in\\\/thales-brand\u00e3o-3948609\\\/\",\"https:\\\/\\\/x.com\\\/http:\\\/\\\/www.twitter.com\\\/thalesbrandao\"],\"url\":\"https:\\\/\\\/www.cidademarketing.com.br\\\/marketing\\\/author\\\/thalesbrandao\\\/\"}]}<\/script>\n<!-- \/ Yoast SEO plugin. -->","yoast_head_json":{"title":"Ivete Sangalo anuncia Big Mac por R$ 7 em nova campanha da M\u00e9qui Friday - CidadeMarketing","robots":{"index":"index","follow":"follow","max-snippet":"max-snippet:-1","max-image-preview":"max-image-preview:large","max-video-preview":"max-video-preview:-1"},"canonical":"https:\/\/www.cidademarketing.com.br\/marketing\/2024\/11\/04\/ivete-sangalo-anuncia-big-mac-por-r-7-em-nova-campanha-da-mequi-friday\/","og_locale":"pt_BR","og_type":"article","og_title":"Ivete Sangalo anuncia Big Mac por R$ 7 em nova campanha da M\u00e9qui Friday - CidadeMarketing","og_description":"A temporada de ofertas da M\u00e9qui Friday come\u00e7ou com tudo, e, neste ano, Ivete Sangalo assume o comando! A partir desta segunda-feira, 4 de novembro, o McDonald\u2019s lan\u00e7a sua nova campanha com o tema \u201cVeveta no comando. E o M\u00e9qui cheio de ofertas\u201d. Para abrir a primeira semana, o destaque vai para o cl\u00e1ssico Big [&hellip;]","og_url":"https:\/\/www.cidademarketing.com.br\/marketing\/2024\/11\/04\/ivete-sangalo-anuncia-big-mac-por-r-7-em-nova-campanha-da-mequi-friday\/","og_site_name":"CidadeMarketing","article_publisher":"https:\/\/www.facebook.com\/portalcidademarketing","article_author":"https:\/\/www.facebook.com\/thalesbrandao","article_published_time":"2024-11-04T15:38:42+00:00","og_image":[{"width":1127,"height":620,"url":"https:\/\/www.cidademarketing.com.br\/marketing\/wp-content\/uploads\/2024\/11\/mequi_bigmac_7reais_ivete.webp","type":"image\/webp"}],"author":"Thales Brand\u00e3o","twitter_card":"summary_large_image","twitter_creator":"@http:\/\/www.twitter.com\/thalesbrandao","twitter_site":"@CidadeMarketing","twitter_misc":{"Escrito por":"Thales Brand\u00e3o","Est. tempo de leitura":"2 minutos"},"schema":{"@context":"https:\/\/schema.org","@graph":[{"@type":"Article","@id":"https:\/\/www.cidademarketing.com.br\/marketing\/2024\/11\/04\/ivete-sangalo-anuncia-big-mac-por-r-7-em-nova-campanha-da-mequi-friday\/#article","isPartOf":{"@id":"https:\/\/www.cidademarketing.com.br\/marketing\/2024\/11\/04\/ivete-sangalo-anuncia-big-mac-por-r-7-em-nova-campanha-da-mequi-friday\/"},"author":{"name":"Thales Brand\u00e3o","@id":"https:\/\/www.cidademarketing.com.br\/marketing\/#\/schema\/person\/02daff9f18bd9378c9e01eb6b2db155f"},"headline":"Ivete Sangalo anuncia Big Mac por R$ 7 em nova campanha da M\u00e9qui Friday","datePublished":"2024-11-04T15:38:42+00:00","mainEntityOfPage":{"@id":"https:\/\/www.cidademarketing.com.br\/marketing\/2024\/11\/04\/ivete-sangalo-anuncia-big-mac-por-r-7-em-nova-campanha-da-mequi-friday\/"},"wordCount":321,"commentCount":0,"publisher":{"@id":"https:\/\/www.cidademarketing.com.br\/marketing\/#organization"},"image":{"@id":"https:\/\/www.cidademarketing.com.br\/marketing\/2024\/11\/04\/ivete-sangalo-anuncia-big-mac-por-r-7-em-nova-campanha-da-mequi-friday\/#primaryimage"},"thumbnailUrl":"https:\/\/www.cidademarketing.com.br\/marketing\/wp-content\/uploads\/2024\/11\/mequi_bigmac_7reais_ivete.webp","keywords":["Big Mac","campanha","desconto","estrat\u00e9gia","investimento","Ivete Sangalo","marketing","McDonald\u00b4s","M\u00e9qui Friday","ofertas","Veveta"],"articleSection":["Not\u00edcias","Videos"],"inLanguage":"pt-BR","potentialAction":[{"@type":"CommentAction","name":"Comment","target":["https:\/\/www.cidademarketing.com.br\/marketing\/2024\/11\/04\/ivete-sangalo-anuncia-big-mac-por-r-7-em-nova-campanha-da-mequi-friday\/#respond"]}]},{"@type":"WebPage","@id":"https:\/\/www.cidademarketing.com.br\/marketing\/2024\/11\/04\/ivete-sangalo-anuncia-big-mac-por-r-7-em-nova-campanha-da-mequi-friday\/","url":"https:\/\/www.cidademarketing.com.br\/marketing\/2024\/11\/04\/ivete-sangalo-anuncia-big-mac-por-r-7-em-nova-campanha-da-mequi-friday\/","name":"Ivete Sangalo anuncia Big Mac por R$ 7 em nova campanha da M\u00e9qui Friday - CidadeMarketing","isPartOf":{"@id":"https:\/\/www.cidademarketing.com.br\/marketing\/#website"},"primaryImageOfPage":{"@id":"https:\/\/www.cidademarketing.com.br\/marketing\/2024\/11\/04\/ivete-sangalo-anuncia-big-mac-por-r-7-em-nova-campanha-da-mequi-friday\/#primaryimage"},"image":{"@id":"https:\/\/www.cidademarketing.com.br\/marketing\/2024\/11\/04\/ivete-sangalo-anuncia-big-mac-por-r-7-em-nova-campanha-da-mequi-friday\/#primaryimage"},"thumbnailUrl":"https:\/\/www.cidademarketing.com.br\/marketing\/wp-content\/uploads\/2024\/11\/mequi_bigmac_7reais_ivete.webp","datePublished":"2024-11-04T15:38:42+00:00","breadcrumb":{"@id":"https:\/\/www.cidademarketing.com.br\/marketing\/2024\/11\/04\/ivete-sangalo-anuncia-big-mac-por-r-7-em-nova-campanha-da-mequi-friday\/#breadcrumb"},"inLanguage":"pt-BR","potentialAction":[{"@type":"ReadAction","target":["https:\/\/www.cidademarketing.com.br\/marketing\/2024\/11\/04\/ivete-sangalo-anuncia-big-mac-por-r-7-em-nova-campanha-da-mequi-friday\/"]}]},{"@type":"ImageObject","inLanguage":"pt-BR","@id":"https:\/\/www.cidademarketing.com.br\/marketing\/2024\/11\/04\/ivete-sangalo-anuncia-big-mac-por-r-7-em-nova-campanha-da-mequi-friday\/#primaryimage","url":"https:\/\/www.cidademarketing.com.br\/marketing\/wp-content\/uploads\/2024\/11\/mequi_bigmac_7reais_ivete.webp","contentUrl":"https:\/\/www.cidademarketing.com.br\/marketing\/wp-content\/uploads\/2024\/11\/mequi_bigmac_7reais_ivete.webp","width":1127,"height":620,"caption":"Reprodu\u00e7\u00e3o"},{"@type":"BreadcrumbList","@id":"https:\/\/www.cidademarketing.com.br\/marketing\/2024\/11\/04\/ivete-sangalo-anuncia-big-mac-por-r-7-em-nova-campanha-da-mequi-friday\/#breadcrumb","itemListElement":[{"@type":"ListItem","position":1,"name":"In\u00edcio","item":"https:\/\/www.cidademarketing.com.br\/marketing\/"},{"@type":"ListItem","position":2,"name":"Ivete Sangalo anuncia Big Mac por R$ 7 em nova campanha da M\u00e9qui Friday"}]},{"@type":"WebSite","@id":"https:\/\/www.cidademarketing.com.br\/marketing\/#website","url":"https:\/\/www.cidademarketing.com.br\/marketing\/","name":"CidadeMarketing","description":"Somos um ve\u00edculo de comunica\u00e7\u00e3o de destaque no Brasil, reconhecido por conte\u00fados nos segmentos de marketing, empreendedorismo e inova\u00e7\u00e3o.","publisher":{"@id":"https:\/\/www.cidademarketing.com.br\/marketing\/#organization"},"alternateName":"CidadeMarketing","potentialAction":[{"@type":"SearchAction","target":{"@type":"EntryPoint","urlTemplate":"https:\/\/www.cidademarketing.com.br\/marketing\/?s={search_term_string}"},"query-input":{"@type":"PropertyValueSpecification","valueRequired":true,"valueName":"search_term_string"}}],"inLanguage":"pt-BR"},{"@type":"Organization","@id":"https:\/\/www.cidademarketing.com.br\/marketing\/#organization","name":"CidadeMarketing","alternateName":"CidadeMarketing","url":"https:\/\/www.cidademarketing.com.br\/marketing\/","logo":{"@type":"ImageObject","inLanguage":"pt-BR","@id":"https:\/\/www.cidademarketing.com.br\/marketing\/#\/schema\/logo\/image\/","url":"https:\/\/www.cidademarketing.com.br\/marketing\/wp-content\/uploads\/2020\/01\/cidademarketing_marca_mobile.png","contentUrl":"https:\/\/www.cidademarketing.com.br\/marketing\/wp-content\/uploads\/2020\/01\/cidademarketing_marca_mobile.png","width":230,"height":92,"caption":"CidadeMarketing"},"image":{"@id":"https:\/\/www.cidademarketing.com.br\/marketing\/#\/schema\/logo\/image\/"},"sameAs":["https:\/\/www.facebook.com\/portalcidademarketing","https:\/\/x.com\/CidadeMarketing","https:\/\/www.instagram.com\/cidademarketing\/"]},{"@type":"Person","@id":"https:\/\/www.cidademarketing.com.br\/marketing\/#\/schema\/person\/02daff9f18bd9378c9e01eb6b2db155f","name":"Thales Brand\u00e3o","image":{"@type":"ImageObject","inLanguage":"pt-BR","@id":"https:\/\/secure.gravatar.com\/avatar\/7ca3206950207cc3cb48feec56a8a7898741ab725c368d99d5d7a5a50aab80c6?s=96&d=mm&r=g","url":"https:\/\/secure.gravatar.com\/avatar\/7ca3206950207cc3cb48feec56a8a7898741ab725c368d99d5d7a5a50aab80c6?s=96&d=mm&r=g","contentUrl":"https:\/\/secure.gravatar.com\/avatar\/7ca3206950207cc3cb48feec56a8a7898741ab725c368d99d5d7a5a50aab80c6?s=96&d=mm&r=g","caption":"Thales Brand\u00e3o"},"description":"Editor Executivo do Portal CidadeMarketing.com.br &gt; Mestre em Comunica\u00e7\u00e3o e Sociedade pela Universidade Federal de Sergipe. Possui MBA Executivo em Administra\u00e7\u00e3o com \u00eanfase em Marketing pela Funda\u00e7\u00e3o Get\u00falio Vargas - Rio de Janeiro. Consultor, Palestrante e Pesquisador sobre Empreendedorismo, Marketing, Redes Sociais e Neg\u00f3cios Digitais. Professor, Palestrante TedxTalks e Campus Party. Twitter: @ThalesBrandao","sameAs":["http:\/\/www.mandacaru.com.br","https:\/\/www.facebook.com\/thalesbrandao","http:\/\/www.instagram.com.br\/thalesbrandaoferreira","https:\/\/www.linkedin.com\/in\/thales-brand\u00e3o-3948609\/","https:\/\/x.com\/http:\/\/www.twitter.com\/thalesbrandao"],"url":"https:\/\/www.cidademarketing.com.br\/marketing\/author\/thalesbrandao\/"}]}},"amp_enabled":true,"_links":{"self":[{"href":"https:\/\/www.cidademarketing.com.br\/marketing\/wp-json\/wp\/v2\/posts\/53574","targetHints":{"allow":["GET"]}}],"collection":[{"href":"https:\/\/www.cidademarketing.com.br\/marketing\/wp-json\/wp\/v2\/posts"}],"about":[{"href":"https:\/\/www.cidademarketing.com.br\/marketing\/wp-json\/wp\/v2\/types\/post"}],"author":[{"embeddable":true,"href":"https:\/\/www.cidademarketing.com.br\/marketing\/wp-json\/wp\/v2\/users\/1"}],"replies":[{"embeddable":true,"href":"https:\/\/www.cidademarketing.com.br\/marketing\/wp-json\/wp\/v2\/comments?post=53574"}],"version-history":[{"count":1,"href":"https:\/\/www.cidademarketing.com.br\/marketing\/wp-json\/wp\/v2\/posts\/53574\/revisions"}],"predecessor-version":[{"id":53576,"href":"https:\/\/www.cidademarketing.com.br\/marketing\/wp-json\/wp\/v2\/posts\/53574\/revisions\/53576"}],"wp:featuredmedia":[{"embeddable":true,"href":"https:\/\/www.cidademarketing.com.br\/marketing\/wp-json\/wp\/v2\/media\/53575"}],"wp:attachment":[{"href":"https:\/\/www.cidademarketing.com.br\/marketing\/wp-json\/wp\/v2\/media?parent=53574"}],"wp:term":[{"taxonomy":"category","embeddable":true,"href":"https:\/\/www.cidademarketing.com.br\/marketing\/wp-json\/wp\/v2\/categories?post=53574"},{"taxonomy":"post_tag","embeddable":true,"href":"https:\/\/www.cidademarketing.com.br\/marketing\/wp-json\/wp\/v2\/tags?post=53574"}],"curies":[{"name":"wp","href":"https:\/\/api.w.org\/{rel}","templated":true}]}}