{"id":53498,"date":"2024-10-30T02:05:27","date_gmt":"2024-10-30T05:05:27","guid":{"rendered":"https:\/\/www.cidademarketing.com.br\/marketing\/?p=53498"},"modified":"2024-10-30T02:05:27","modified_gmt":"2024-10-30T05:05:27","slug":"apos-uma-decada-ana-paula-padrao-deixa-a-band-e-se-despede-do-masterchef","status":"publish","type":"post","link":"https:\/\/www.cidademarketing.com.br\/marketing\/2024\/10\/30\/apos-uma-decada-ana-paula-padrao-deixa-a-band-e-se-despede-do-masterchef\/","title":{"rendered":"Ap\u00f3s uma d\u00e9cada, Ana Paula Padr\u00e3o deixa a Band e se despede do MasterChef"},"content":{"rendered":"<p>Ap\u00f3s uma longa e consolidada carreira na Band, a jornalista e apresentadora Ana Paula Padr\u00e3o, 58 anos, anunciou seu desligamento da emissora, marcando o fim de um ciclo de dez anos. Desde sua chegada em 2014, Ana Paula se destacou na transi\u00e7\u00e3o do jornalismo para o entretenimento, especialmente como apresentadora do programa MasterChef, um dos maiores sucessos da emissora. Em nota oficial, a Band comunicou que a decis\u00e3o de encerrar o contrato foi em comum acordo com a emissora.<\/p>\n<p>Natural de Bras\u00edlia, Ana Paula Padr\u00e3o come\u00e7ou sua carreira na televis\u00e3o na d\u00e9cada de 1980, como rep\u00f3rter na TV Bras\u00edlia, afiliada da Rede Manchete. Em 1987, ela foi contratada pela TV Globo, onde trabalhou como correspondente internacional em Londres e Nova York. Durante esse per\u00edodo, cobriu eventos de impacto global, como a guerra no Afeganist\u00e3o, o conflito em Kosovo e os ataques de 11 de setembro nos Estados Unidos. A experi\u00eancia a consolidou como uma das principais jornalistas do pa\u00eds, levando-a ao posto de \u00e2ncora e editora-executiva do Jornal da Globo.<\/p>\n<p>Em 2005, Ana Paula migrou para o SBT, onde comandou o SBT Brasil como \u00e2ncora e editora-chefe. No ano seguinte, passou a apresentar o programa de reportagens especiais SBT Realidade. Ap\u00f3s sua sa\u00edda do SBT, em 2009, foi contratada pela Record TV, onde ficou por cinco anos \u00e0 frente do Jornal da Record.<\/p>\n<p>Ana Paula Padr\u00e3o entrou para a Band em 2014, surpreendendo o p\u00fablico com sua transi\u00e7\u00e3o para o entretenimento. Ela foi escolhida para apresentar o MasterChef, reality show de gastronomia que logo se tornou um dos programas mais populares do Brasil. Ao longo dos anos, Ana Paula conduziu diversas edi\u00e7\u00f5es do programa, criando uma forte conex\u00e3o com o p\u00fablico. Sua despedida final ser\u00e1 na temporada especial MasterChef Confeitaria, programada para ir ao ar entre 19 de novembro e 19 de dezembro.<\/p>\n<p>Pelas <a href=\"https:\/\/www.instagram.com\/p\/DBuqbJKM_Sb\/\" target=\"_blank\" rel=\"noopener\">redes sociais<\/a>, Ana Paula Padr\u00e3o fez quest\u00e3o de expressar sua admira\u00e7\u00e3o pelo MasterChef, programa que ela define como o &#8220;programa gastron\u00f4mico mais importante do Brasil&#8221;. Segundo a apresentadora, a atra\u00e7\u00e3o n\u00e3o apenas revolucionou o entretenimento culin\u00e1rio, mas tamb\u00e9m \u201cmudou a maneira como o brasileiro v\u00ea comida e valoriza os incr\u00edveis insumos que este pa\u00eds tem\u201d. Ela relembrou o in\u00edcio de sua trajet\u00f3ria no reality show e reconheceu o impacto inesperado que o programa teria em sua vida e na dos participantes: \u201cNaquele momento eu jamais poderia imaginar o tamanho que isso teria no futuro e nem como essas pessoas se tornariam tamb\u00e9m a minha fam\u00edlia. E muito menos que, 10 anos depois, a gente ainda estaria junto entregando um produto de tanta repercuss\u00e3o.\u201d<\/p>\n<p>A apresentadora tamb\u00e9m aproveitou a ocasi\u00e3o para agradecer \u00e0 Band pelos anos de parceria e apoio no <a href=\"https:\/\/www.band.uol.com.br\/entretenimento\/masterchef\/noticias\/ana-paula-padrao-deixa-o-masterchef-apos-10-anos-202410291910\" target=\"_blank\" rel=\"noopener\">MasterChef<\/a>. \u201cUm obrigada especial, especial\u00edssimo, \u00e0 Band, grupo que teve a coragem de levar ao ar essa aventura 10 anos atr\u00e1s e t\u00e3o bem conduzi-la\u201d, declarou. Ela celebrou o trabalho realizado e a dedica\u00e7\u00e3o de toda a equipe, afirmando que todos os envolvidos podem sentir orgulho do programa: \u201cTodos n\u00f3s podemos ter orgulho porque fizemos e fazemos bem-feito.\u201d<\/p>\n<p>Em comunicado divulgado pela Band, Ana Paula anunciou seus planos para o futuro. Ap\u00f3s o t\u00e9rmino do contrato, ela vai se dedicar a um projeto educacional no setor privado, marcando uma nova fase em sua trajet\u00f3ria profissional. Embora ainda n\u00e3o tenha dado detalhes, essa nova empreitada demonstra sua busca por explorar novas \u00e1reas, mantendo o compromisso com a comunica\u00e7\u00e3o e a informa\u00e7\u00e3o.<\/p>\n<p>Ana Paula Padr\u00e3o deixa um legado marcante em suas passagens pelo jornalismo e entretenimento, destacando-se como uma das figuras mais vers\u00e1teis e respeitadas da televis\u00e3o brasileira.<\/p>\n","protected":false},"excerpt":{"rendered":"<p>Ap\u00f3s uma longa e consolidada carreira na Band, a jornalista e apresentadora Ana Paula Padr\u00e3o, 58 anos, anunciou seu desligamento da emissora, marcando o fim de um ciclo de dez anos. Desde sua chegada em 2014, Ana Paula se destacou na transi\u00e7\u00e3o do jornalismo para o entretenimento, especialmente como apresentadora do programa MasterChef, um dos [&hellip;]<\/p>\n","protected":false},"author":1,"featured_media":41324,"comment_status":"open","ping_status":"open","sticky":false,"template":"","format":"standard","meta":{"tdm_status":"","tdm_grid_status":"","footnotes":""},"categories":[6],"tags":[7997,7998,308,33,1024,28,1501,592],"class_list":["post-53498","post","type-post","status-publish","format-standard","has-post-thumbnail","hentry","category-noticias","tag-ana-paula-padrao","tag-apresentadora","tag-comunicacao","tag-estrategia","tag-jornalista","tag-marketing","tag-masterchef","tag-mulher"],"yoast_head":"<!-- This site is optimized with the Yoast SEO plugin v27.5 - https:\/\/yoast.com\/product\/yoast-seo-wordpress\/ -->\n<title>Ap\u00f3s uma d\u00e9cada, Ana Paula Padr\u00e3o deixa a Band e se despede do MasterChef - CidadeMarketing<\/title>\n<meta name=\"robots\" content=\"index, follow, max-snippet:-1, max-image-preview:large, max-video-preview:-1\" \/>\n<link rel=\"canonical\" href=\"https:\/\/www.cidademarketing.com.br\/marketing\/2024\/10\/30\/apos-uma-decada-ana-paula-padrao-deixa-a-band-e-se-despede-do-masterchef\/\" \/>\n<meta property=\"og:locale\" content=\"pt_BR\" \/>\n<meta property=\"og:type\" content=\"article\" \/>\n<meta property=\"og:title\" content=\"Ap\u00f3s uma d\u00e9cada, Ana Paula Padr\u00e3o deixa a Band e se despede do MasterChef - CidadeMarketing\" \/>\n<meta property=\"og:description\" content=\"Ap\u00f3s uma longa e consolidada carreira na Band, a jornalista e apresentadora Ana Paula Padr\u00e3o, 58 anos, anunciou seu desligamento da emissora, marcando o fim de um ciclo de dez anos. Desde sua chegada em 2014, Ana Paula se destacou na transi\u00e7\u00e3o do jornalismo para o entretenimento, especialmente como apresentadora do programa MasterChef, um dos [&hellip;]\" \/>\n<meta property=\"og:url\" content=\"https:\/\/www.cidademarketing.com.br\/marketing\/2024\/10\/30\/apos-uma-decada-ana-paula-padrao-deixa-a-band-e-se-despede-do-masterchef\/\" \/>\n<meta property=\"og:site_name\" content=\"CidadeMarketing\" \/>\n<meta property=\"article:publisher\" content=\"https:\/\/www.facebook.com\/portalcidademarketing\" \/>\n<meta property=\"article:author\" content=\"https:\/\/www.facebook.com\/thalesbrandao\" \/>\n<meta property=\"article:published_time\" content=\"2024-10-30T05:05:27+00:00\" \/>\n<meta property=\"og:image\" content=\"https:\/\/www.cidademarketing.com.br\/marketing\/wp-content\/uploads\/2022\/12\/masterchef_05.jpg\" \/>\n\t<meta property=\"og:image:width\" content=\"2048\" \/>\n\t<meta property=\"og:image:height\" content=\"1365\" \/>\n\t<meta property=\"og:image:type\" content=\"image\/jpeg\" \/>\n<meta name=\"author\" content=\"Thales Brand\u00e3o\" \/>\n<meta name=\"twitter:card\" content=\"summary_large_image\" \/>\n<meta name=\"twitter:creator\" content=\"@http:\/\/www.twitter.com\/thalesbrandao\" \/>\n<meta name=\"twitter:site\" content=\"@CidadeMarketing\" \/>\n<meta name=\"twitter:label1\" content=\"Escrito por\" \/>\n\t<meta name=\"twitter:data1\" content=\"Thales Brand\u00e3o\" \/>\n\t<meta name=\"twitter:label2\" content=\"Est. tempo de leitura\" \/>\n\t<meta name=\"twitter:data2\" content=\"3 minutos\" \/>\n<script type=\"application\/ld+json\" class=\"yoast-schema-graph\">{\"@context\":\"https:\\\/\\\/schema.org\",\"@graph\":[{\"@type\":\"Article\",\"@id\":\"https:\\\/\\\/www.cidademarketing.com.br\\\/marketing\\\/2024\\\/10\\\/30\\\/apos-uma-decada-ana-paula-padrao-deixa-a-band-e-se-despede-do-masterchef\\\/#article\",\"isPartOf\":{\"@id\":\"https:\\\/\\\/www.cidademarketing.com.br\\\/marketing\\\/2024\\\/10\\\/30\\\/apos-uma-decada-ana-paula-padrao-deixa-a-band-e-se-despede-do-masterchef\\\/\"},\"author\":{\"name\":\"Thales Brand\u00e3o\",\"@id\":\"https:\\\/\\\/www.cidademarketing.com.br\\\/marketing\\\/#\\\/schema\\\/person\\\/02daff9f18bd9378c9e01eb6b2db155f\"},\"headline\":\"Ap\u00f3s uma d\u00e9cada, Ana Paula Padr\u00e3o deixa a Band e se despede do MasterChef\",\"datePublished\":\"2024-10-30T05:05:27+00:00\",\"mainEntityOfPage\":{\"@id\":\"https:\\\/\\\/www.cidademarketing.com.br\\\/marketing\\\/2024\\\/10\\\/30\\\/apos-uma-decada-ana-paula-padrao-deixa-a-band-e-se-despede-do-masterchef\\\/\"},\"wordCount\":646,\"commentCount\":0,\"publisher\":{\"@id\":\"https:\\\/\\\/www.cidademarketing.com.br\\\/marketing\\\/#organization\"},\"image\":{\"@id\":\"https:\\\/\\\/www.cidademarketing.com.br\\\/marketing\\\/2024\\\/10\\\/30\\\/apos-uma-decada-ana-paula-padrao-deixa-a-band-e-se-despede-do-masterchef\\\/#primaryimage\"},\"thumbnailUrl\":\"https:\\\/\\\/www.cidademarketing.com.br\\\/marketing\\\/wp-content\\\/uploads\\\/2022\\\/12\\\/masterchef_05.jpg\",\"keywords\":[\"Ana Paula Padr\u00e3o\",\"apresentadora\",\"comunica\u00e7\u00e3o\",\"estrat\u00e9gia\",\"jornalista\",\"marketing\",\"Masterchef\",\"mulher\"],\"articleSection\":[\"Not\u00edcias\"],\"inLanguage\":\"pt-BR\",\"potentialAction\":[{\"@type\":\"CommentAction\",\"name\":\"Comment\",\"target\":[\"https:\\\/\\\/www.cidademarketing.com.br\\\/marketing\\\/2024\\\/10\\\/30\\\/apos-uma-decada-ana-paula-padrao-deixa-a-band-e-se-despede-do-masterchef\\\/#respond\"]}]},{\"@type\":\"WebPage\",\"@id\":\"https:\\\/\\\/www.cidademarketing.com.br\\\/marketing\\\/2024\\\/10\\\/30\\\/apos-uma-decada-ana-paula-padrao-deixa-a-band-e-se-despede-do-masterchef\\\/\",\"url\":\"https:\\\/\\\/www.cidademarketing.com.br\\\/marketing\\\/2024\\\/10\\\/30\\\/apos-uma-decada-ana-paula-padrao-deixa-a-band-e-se-despede-do-masterchef\\\/\",\"name\":\"Ap\u00f3s uma d\u00e9cada, Ana Paula Padr\u00e3o deixa a Band e se despede do MasterChef - CidadeMarketing\",\"isPartOf\":{\"@id\":\"https:\\\/\\\/www.cidademarketing.com.br\\\/marketing\\\/#website\"},\"primaryImageOfPage\":{\"@id\":\"https:\\\/\\\/www.cidademarketing.com.br\\\/marketing\\\/2024\\\/10\\\/30\\\/apos-uma-decada-ana-paula-padrao-deixa-a-band-e-se-despede-do-masterchef\\\/#primaryimage\"},\"image\":{\"@id\":\"https:\\\/\\\/www.cidademarketing.com.br\\\/marketing\\\/2024\\\/10\\\/30\\\/apos-uma-decada-ana-paula-padrao-deixa-a-band-e-se-despede-do-masterchef\\\/#primaryimage\"},\"thumbnailUrl\":\"https:\\\/\\\/www.cidademarketing.com.br\\\/marketing\\\/wp-content\\\/uploads\\\/2022\\\/12\\\/masterchef_05.jpg\",\"datePublished\":\"2024-10-30T05:05:27+00:00\",\"breadcrumb\":{\"@id\":\"https:\\\/\\\/www.cidademarketing.com.br\\\/marketing\\\/2024\\\/10\\\/30\\\/apos-uma-decada-ana-paula-padrao-deixa-a-band-e-se-despede-do-masterchef\\\/#breadcrumb\"},\"inLanguage\":\"pt-BR\",\"potentialAction\":[{\"@type\":\"ReadAction\",\"target\":[\"https:\\\/\\\/www.cidademarketing.com.br\\\/marketing\\\/2024\\\/10\\\/30\\\/apos-uma-decada-ana-paula-padrao-deixa-a-band-e-se-despede-do-masterchef\\\/\"]}]},{\"@type\":\"ImageObject\",\"inLanguage\":\"pt-BR\",\"@id\":\"https:\\\/\\\/www.cidademarketing.com.br\\\/marketing\\\/2024\\\/10\\\/30\\\/apos-uma-decada-ana-paula-padrao-deixa-a-band-e-se-despede-do-masterchef\\\/#primaryimage\",\"url\":\"https:\\\/\\\/www.cidademarketing.com.br\\\/marketing\\\/wp-content\\\/uploads\\\/2022\\\/12\\\/masterchef_05.jpg\",\"contentUrl\":\"https:\\\/\\\/www.cidademarketing.com.br\\\/marketing\\\/wp-content\\\/uploads\\\/2022\\\/12\\\/masterchef_05.jpg\",\"width\":2048,\"height\":1365,\"caption\":\"Cr\u00e9dito: Melissa Haidar\\\/Band\"},{\"@type\":\"BreadcrumbList\",\"@id\":\"https:\\\/\\\/www.cidademarketing.com.br\\\/marketing\\\/2024\\\/10\\\/30\\\/apos-uma-decada-ana-paula-padrao-deixa-a-band-e-se-despede-do-masterchef\\\/#breadcrumb\",\"itemListElement\":[{\"@type\":\"ListItem\",\"position\":1,\"name\":\"In\u00edcio\",\"item\":\"https:\\\/\\\/www.cidademarketing.com.br\\\/marketing\\\/\"},{\"@type\":\"ListItem\",\"position\":2,\"name\":\"Ap\u00f3s uma d\u00e9cada, Ana Paula Padr\u00e3o deixa a Band e se despede do MasterChef\"}]},{\"@type\":\"WebSite\",\"@id\":\"https:\\\/\\\/www.cidademarketing.com.br\\\/marketing\\\/#website\",\"url\":\"https:\\\/\\\/www.cidademarketing.com.br\\\/marketing\\\/\",\"name\":\"CidadeMarketing\",\"description\":\"Somos um ve\u00edculo de comunica\u00e7\u00e3o de destaque no Brasil, reconhecido por conte\u00fados nos segmentos de marketing, empreendedorismo e inova\u00e7\u00e3o.\",\"publisher\":{\"@id\":\"https:\\\/\\\/www.cidademarketing.com.br\\\/marketing\\\/#organization\"},\"alternateName\":\"CidadeMarketing\",\"potentialAction\":[{\"@type\":\"SearchAction\",\"target\":{\"@type\":\"EntryPoint\",\"urlTemplate\":\"https:\\\/\\\/www.cidademarketing.com.br\\\/marketing\\\/?s={search_term_string}\"},\"query-input\":{\"@type\":\"PropertyValueSpecification\",\"valueRequired\":true,\"valueName\":\"search_term_string\"}}],\"inLanguage\":\"pt-BR\"},{\"@type\":\"Organization\",\"@id\":\"https:\\\/\\\/www.cidademarketing.com.br\\\/marketing\\\/#organization\",\"name\":\"CidadeMarketing\",\"alternateName\":\"CidadeMarketing\",\"url\":\"https:\\\/\\\/www.cidademarketing.com.br\\\/marketing\\\/\",\"logo\":{\"@type\":\"ImageObject\",\"inLanguage\":\"pt-BR\",\"@id\":\"https:\\\/\\\/www.cidademarketing.com.br\\\/marketing\\\/#\\\/schema\\\/logo\\\/image\\\/\",\"url\":\"https:\\\/\\\/www.cidademarketing.com.br\\\/marketing\\\/wp-content\\\/uploads\\\/2020\\\/01\\\/cidademarketing_marca_mobile.png\",\"contentUrl\":\"https:\\\/\\\/www.cidademarketing.com.br\\\/marketing\\\/wp-content\\\/uploads\\\/2020\\\/01\\\/cidademarketing_marca_mobile.png\",\"width\":230,\"height\":92,\"caption\":\"CidadeMarketing\"},\"image\":{\"@id\":\"https:\\\/\\\/www.cidademarketing.com.br\\\/marketing\\\/#\\\/schema\\\/logo\\\/image\\\/\"},\"sameAs\":[\"https:\\\/\\\/www.facebook.com\\\/portalcidademarketing\",\"https:\\\/\\\/x.com\\\/CidadeMarketing\",\"https:\\\/\\\/www.instagram.com\\\/cidademarketing\\\/\"]},{\"@type\":\"Person\",\"@id\":\"https:\\\/\\\/www.cidademarketing.com.br\\\/marketing\\\/#\\\/schema\\\/person\\\/02daff9f18bd9378c9e01eb6b2db155f\",\"name\":\"Thales Brand\u00e3o\",\"image\":{\"@type\":\"ImageObject\",\"inLanguage\":\"pt-BR\",\"@id\":\"https:\\\/\\\/secure.gravatar.com\\\/avatar\\\/7ca3206950207cc3cb48feec56a8a7898741ab725c368d99d5d7a5a50aab80c6?s=96&d=mm&r=g\",\"url\":\"https:\\\/\\\/secure.gravatar.com\\\/avatar\\\/7ca3206950207cc3cb48feec56a8a7898741ab725c368d99d5d7a5a50aab80c6?s=96&d=mm&r=g\",\"contentUrl\":\"https:\\\/\\\/secure.gravatar.com\\\/avatar\\\/7ca3206950207cc3cb48feec56a8a7898741ab725c368d99d5d7a5a50aab80c6?s=96&d=mm&r=g\",\"caption\":\"Thales Brand\u00e3o\"},\"description\":\"Editor Executivo do Portal CidadeMarketing.com.br &gt; Mestre em Comunica\u00e7\u00e3o e Sociedade pela Universidade Federal de Sergipe. Possui MBA Executivo em Administra\u00e7\u00e3o com \u00eanfase em Marketing pela Funda\u00e7\u00e3o Get\u00falio Vargas - Rio de Janeiro. Consultor, Palestrante e Pesquisador sobre Empreendedorismo, Marketing, Redes Sociais e Neg\u00f3cios Digitais. Professor, Palestrante TedxTalks e Campus Party. Twitter: @ThalesBrandao\",\"sameAs\":[\"http:\\\/\\\/www.mandacaru.com.br\",\"https:\\\/\\\/www.facebook.com\\\/thalesbrandao\",\"http:\\\/\\\/www.instagram.com.br\\\/thalesbrandaoferreira\",\"https:\\\/\\\/www.linkedin.com\\\/in\\\/thales-brand\u00e3o-3948609\\\/\",\"https:\\\/\\\/x.com\\\/http:\\\/\\\/www.twitter.com\\\/thalesbrandao\"],\"url\":\"https:\\\/\\\/www.cidademarketing.com.br\\\/marketing\\\/author\\\/thalesbrandao\\\/\"}]}<\/script>\n<!-- \/ Yoast SEO plugin. -->","yoast_head_json":{"title":"Ap\u00f3s uma d\u00e9cada, Ana Paula Padr\u00e3o deixa a Band e se despede do MasterChef - CidadeMarketing","robots":{"index":"index","follow":"follow","max-snippet":"max-snippet:-1","max-image-preview":"max-image-preview:large","max-video-preview":"max-video-preview:-1"},"canonical":"https:\/\/www.cidademarketing.com.br\/marketing\/2024\/10\/30\/apos-uma-decada-ana-paula-padrao-deixa-a-band-e-se-despede-do-masterchef\/","og_locale":"pt_BR","og_type":"article","og_title":"Ap\u00f3s uma d\u00e9cada, Ana Paula Padr\u00e3o deixa a Band e se despede do MasterChef - CidadeMarketing","og_description":"Ap\u00f3s uma longa e consolidada carreira na Band, a jornalista e apresentadora Ana Paula Padr\u00e3o, 58 anos, anunciou seu desligamento da emissora, marcando o fim de um ciclo de dez anos. Desde sua chegada em 2014, Ana Paula se destacou na transi\u00e7\u00e3o do jornalismo para o entretenimento, especialmente como apresentadora do programa MasterChef, um dos [&hellip;]","og_url":"https:\/\/www.cidademarketing.com.br\/marketing\/2024\/10\/30\/apos-uma-decada-ana-paula-padrao-deixa-a-band-e-se-despede-do-masterchef\/","og_site_name":"CidadeMarketing","article_publisher":"https:\/\/www.facebook.com\/portalcidademarketing","article_author":"https:\/\/www.facebook.com\/thalesbrandao","article_published_time":"2024-10-30T05:05:27+00:00","og_image":[{"width":2048,"height":1365,"url":"https:\/\/www.cidademarketing.com.br\/marketing\/wp-content\/uploads\/2022\/12\/masterchef_05.jpg","type":"image\/jpeg"}],"author":"Thales Brand\u00e3o","twitter_card":"summary_large_image","twitter_creator":"@http:\/\/www.twitter.com\/thalesbrandao","twitter_site":"@CidadeMarketing","twitter_misc":{"Escrito por":"Thales Brand\u00e3o","Est. tempo de leitura":"3 minutos"},"schema":{"@context":"https:\/\/schema.org","@graph":[{"@type":"Article","@id":"https:\/\/www.cidademarketing.com.br\/marketing\/2024\/10\/30\/apos-uma-decada-ana-paula-padrao-deixa-a-band-e-se-despede-do-masterchef\/#article","isPartOf":{"@id":"https:\/\/www.cidademarketing.com.br\/marketing\/2024\/10\/30\/apos-uma-decada-ana-paula-padrao-deixa-a-band-e-se-despede-do-masterchef\/"},"author":{"name":"Thales Brand\u00e3o","@id":"https:\/\/www.cidademarketing.com.br\/marketing\/#\/schema\/person\/02daff9f18bd9378c9e01eb6b2db155f"},"headline":"Ap\u00f3s uma d\u00e9cada, Ana Paula Padr\u00e3o deixa a Band e se despede do MasterChef","datePublished":"2024-10-30T05:05:27+00:00","mainEntityOfPage":{"@id":"https:\/\/www.cidademarketing.com.br\/marketing\/2024\/10\/30\/apos-uma-decada-ana-paula-padrao-deixa-a-band-e-se-despede-do-masterchef\/"},"wordCount":646,"commentCount":0,"publisher":{"@id":"https:\/\/www.cidademarketing.com.br\/marketing\/#organization"},"image":{"@id":"https:\/\/www.cidademarketing.com.br\/marketing\/2024\/10\/30\/apos-uma-decada-ana-paula-padrao-deixa-a-band-e-se-despede-do-masterchef\/#primaryimage"},"thumbnailUrl":"https:\/\/www.cidademarketing.com.br\/marketing\/wp-content\/uploads\/2022\/12\/masterchef_05.jpg","keywords":["Ana Paula Padr\u00e3o","apresentadora","comunica\u00e7\u00e3o","estrat\u00e9gia","jornalista","marketing","Masterchef","mulher"],"articleSection":["Not\u00edcias"],"inLanguage":"pt-BR","potentialAction":[{"@type":"CommentAction","name":"Comment","target":["https:\/\/www.cidademarketing.com.br\/marketing\/2024\/10\/30\/apos-uma-decada-ana-paula-padrao-deixa-a-band-e-se-despede-do-masterchef\/#respond"]}]},{"@type":"WebPage","@id":"https:\/\/www.cidademarketing.com.br\/marketing\/2024\/10\/30\/apos-uma-decada-ana-paula-padrao-deixa-a-band-e-se-despede-do-masterchef\/","url":"https:\/\/www.cidademarketing.com.br\/marketing\/2024\/10\/30\/apos-uma-decada-ana-paula-padrao-deixa-a-band-e-se-despede-do-masterchef\/","name":"Ap\u00f3s uma d\u00e9cada, Ana Paula Padr\u00e3o deixa a Band e se despede do MasterChef - CidadeMarketing","isPartOf":{"@id":"https:\/\/www.cidademarketing.com.br\/marketing\/#website"},"primaryImageOfPage":{"@id":"https:\/\/www.cidademarketing.com.br\/marketing\/2024\/10\/30\/apos-uma-decada-ana-paula-padrao-deixa-a-band-e-se-despede-do-masterchef\/#primaryimage"},"image":{"@id":"https:\/\/www.cidademarketing.com.br\/marketing\/2024\/10\/30\/apos-uma-decada-ana-paula-padrao-deixa-a-band-e-se-despede-do-masterchef\/#primaryimage"},"thumbnailUrl":"https:\/\/www.cidademarketing.com.br\/marketing\/wp-content\/uploads\/2022\/12\/masterchef_05.jpg","datePublished":"2024-10-30T05:05:27+00:00","breadcrumb":{"@id":"https:\/\/www.cidademarketing.com.br\/marketing\/2024\/10\/30\/apos-uma-decada-ana-paula-padrao-deixa-a-band-e-se-despede-do-masterchef\/#breadcrumb"},"inLanguage":"pt-BR","potentialAction":[{"@type":"ReadAction","target":["https:\/\/www.cidademarketing.com.br\/marketing\/2024\/10\/30\/apos-uma-decada-ana-paula-padrao-deixa-a-band-e-se-despede-do-masterchef\/"]}]},{"@type":"ImageObject","inLanguage":"pt-BR","@id":"https:\/\/www.cidademarketing.com.br\/marketing\/2024\/10\/30\/apos-uma-decada-ana-paula-padrao-deixa-a-band-e-se-despede-do-masterchef\/#primaryimage","url":"https:\/\/www.cidademarketing.com.br\/marketing\/wp-content\/uploads\/2022\/12\/masterchef_05.jpg","contentUrl":"https:\/\/www.cidademarketing.com.br\/marketing\/wp-content\/uploads\/2022\/12\/masterchef_05.jpg","width":2048,"height":1365,"caption":"Cr\u00e9dito: Melissa Haidar\/Band"},{"@type":"BreadcrumbList","@id":"https:\/\/www.cidademarketing.com.br\/marketing\/2024\/10\/30\/apos-uma-decada-ana-paula-padrao-deixa-a-band-e-se-despede-do-masterchef\/#breadcrumb","itemListElement":[{"@type":"ListItem","position":1,"name":"In\u00edcio","item":"https:\/\/www.cidademarketing.com.br\/marketing\/"},{"@type":"ListItem","position":2,"name":"Ap\u00f3s uma d\u00e9cada, Ana Paula Padr\u00e3o deixa a Band e se despede do MasterChef"}]},{"@type":"WebSite","@id":"https:\/\/www.cidademarketing.com.br\/marketing\/#website","url":"https:\/\/www.cidademarketing.com.br\/marketing\/","name":"CidadeMarketing","description":"Somos um ve\u00edculo de comunica\u00e7\u00e3o de destaque no Brasil, reconhecido por conte\u00fados nos segmentos de marketing, empreendedorismo e inova\u00e7\u00e3o.","publisher":{"@id":"https:\/\/www.cidademarketing.com.br\/marketing\/#organization"},"alternateName":"CidadeMarketing","potentialAction":[{"@type":"SearchAction","target":{"@type":"EntryPoint","urlTemplate":"https:\/\/www.cidademarketing.com.br\/marketing\/?s={search_term_string}"},"query-input":{"@type":"PropertyValueSpecification","valueRequired":true,"valueName":"search_term_string"}}],"inLanguage":"pt-BR"},{"@type":"Organization","@id":"https:\/\/www.cidademarketing.com.br\/marketing\/#organization","name":"CidadeMarketing","alternateName":"CidadeMarketing","url":"https:\/\/www.cidademarketing.com.br\/marketing\/","logo":{"@type":"ImageObject","inLanguage":"pt-BR","@id":"https:\/\/www.cidademarketing.com.br\/marketing\/#\/schema\/logo\/image\/","url":"https:\/\/www.cidademarketing.com.br\/marketing\/wp-content\/uploads\/2020\/01\/cidademarketing_marca_mobile.png","contentUrl":"https:\/\/www.cidademarketing.com.br\/marketing\/wp-content\/uploads\/2020\/01\/cidademarketing_marca_mobile.png","width":230,"height":92,"caption":"CidadeMarketing"},"image":{"@id":"https:\/\/www.cidademarketing.com.br\/marketing\/#\/schema\/logo\/image\/"},"sameAs":["https:\/\/www.facebook.com\/portalcidademarketing","https:\/\/x.com\/CidadeMarketing","https:\/\/www.instagram.com\/cidademarketing\/"]},{"@type":"Person","@id":"https:\/\/www.cidademarketing.com.br\/marketing\/#\/schema\/person\/02daff9f18bd9378c9e01eb6b2db155f","name":"Thales Brand\u00e3o","image":{"@type":"ImageObject","inLanguage":"pt-BR","@id":"https:\/\/secure.gravatar.com\/avatar\/7ca3206950207cc3cb48feec56a8a7898741ab725c368d99d5d7a5a50aab80c6?s=96&d=mm&r=g","url":"https:\/\/secure.gravatar.com\/avatar\/7ca3206950207cc3cb48feec56a8a7898741ab725c368d99d5d7a5a50aab80c6?s=96&d=mm&r=g","contentUrl":"https:\/\/secure.gravatar.com\/avatar\/7ca3206950207cc3cb48feec56a8a7898741ab725c368d99d5d7a5a50aab80c6?s=96&d=mm&r=g","caption":"Thales Brand\u00e3o"},"description":"Editor Executivo do Portal CidadeMarketing.com.br &gt; Mestre em Comunica\u00e7\u00e3o e Sociedade pela Universidade Federal de Sergipe. Possui MBA Executivo em Administra\u00e7\u00e3o com \u00eanfase em Marketing pela Funda\u00e7\u00e3o Get\u00falio Vargas - Rio de Janeiro. Consultor, Palestrante e Pesquisador sobre Empreendedorismo, Marketing, Redes Sociais e Neg\u00f3cios Digitais. Professor, Palestrante TedxTalks e Campus Party. Twitter: @ThalesBrandao","sameAs":["http:\/\/www.mandacaru.com.br","https:\/\/www.facebook.com\/thalesbrandao","http:\/\/www.instagram.com.br\/thalesbrandaoferreira","https:\/\/www.linkedin.com\/in\/thales-brand\u00e3o-3948609\/","https:\/\/x.com\/http:\/\/www.twitter.com\/thalesbrandao"],"url":"https:\/\/www.cidademarketing.com.br\/marketing\/author\/thalesbrandao\/"}]}},"amp_enabled":true,"_links":{"self":[{"href":"https:\/\/www.cidademarketing.com.br\/marketing\/wp-json\/wp\/v2\/posts\/53498","targetHints":{"allow":["GET"]}}],"collection":[{"href":"https:\/\/www.cidademarketing.com.br\/marketing\/wp-json\/wp\/v2\/posts"}],"about":[{"href":"https:\/\/www.cidademarketing.com.br\/marketing\/wp-json\/wp\/v2\/types\/post"}],"author":[{"embeddable":true,"href":"https:\/\/www.cidademarketing.com.br\/marketing\/wp-json\/wp\/v2\/users\/1"}],"replies":[{"embeddable":true,"href":"https:\/\/www.cidademarketing.com.br\/marketing\/wp-json\/wp\/v2\/comments?post=53498"}],"version-history":[{"count":2,"href":"https:\/\/www.cidademarketing.com.br\/marketing\/wp-json\/wp\/v2\/posts\/53498\/revisions"}],"predecessor-version":[{"id":53500,"href":"https:\/\/www.cidademarketing.com.br\/marketing\/wp-json\/wp\/v2\/posts\/53498\/revisions\/53500"}],"wp:featuredmedia":[{"embeddable":true,"href":"https:\/\/www.cidademarketing.com.br\/marketing\/wp-json\/wp\/v2\/media\/41324"}],"wp:attachment":[{"href":"https:\/\/www.cidademarketing.com.br\/marketing\/wp-json\/wp\/v2\/media?parent=53498"}],"wp:term":[{"taxonomy":"category","embeddable":true,"href":"https:\/\/www.cidademarketing.com.br\/marketing\/wp-json\/wp\/v2\/categories?post=53498"},{"taxonomy":"post_tag","embeddable":true,"href":"https:\/\/www.cidademarketing.com.br\/marketing\/wp-json\/wp\/v2\/tags?post=53498"}],"curies":[{"name":"wp","href":"https:\/\/api.w.org\/{rel}","templated":true}]}}