{"id":53490,"date":"2024-10-29T10:55:03","date_gmt":"2024-10-29T13:55:03","guid":{"rendered":"https:\/\/www.cidademarketing.com.br\/marketing\/?p=53490"},"modified":"2024-10-29T10:55:03","modified_gmt":"2024-10-29T13:55:03","slug":"prefeito-tiktoker-seja-aquilo-que-voce-e-nas-redes-sociais-afirma-joao-campos-em-entrevista-ao-roda-viva","status":"publish","type":"post","link":"https:\/\/www.cidademarketing.com.br\/marketing\/2024\/10\/29\/prefeito-tiktoker-seja-aquilo-que-voce-e-nas-redes-sociais-afirma-joao-campos-em-entrevista-ao-roda-viva\/","title":{"rendered":"Prefeito TikToker: &#8220;Seja aquilo que voc\u00ea \u00e9 nas redes sociais&#8221;, afirma Jo\u00e3o Campos em entrevista ao Roda Viva"},"content":{"rendered":"<p>Jo\u00e3o Campos, reeleito com uma vit\u00f3ria expressiva no primeiro turno, alcan\u00e7ou 78,11% dos votos v\u00e1lidos, consolidando sua posi\u00e7\u00e3o como prefeito de Recife com amplo apoio popular. Aos 30 anos, ele se destacou n\u00e3o apenas pelo desempenho nas urnas, mas tamb\u00e9m por sua presen\u00e7a ativa e inovadora nas redes sociais, onde se tornou conhecido como o \u201cprefeito TikToker\u201d.<\/p>\n<p>Essa vit\u00f3ria \u00e9 vista como um reflexo do trabalho desenvolvido ao longo de seu primeiro mandato, marcado por pol\u00edticas voltadas ao desenvolvimento urbano e inclus\u00e3o digital, al\u00e9m de uma comunica\u00e7\u00e3o direta com a popula\u00e7\u00e3o. Em entrevista ao Roda Viva, Jo\u00e3o Campos abordou a import\u00e2ncia dessa conex\u00e3o digital, destacando como a presen\u00e7a nas redes contribuiu para sua popularidade e proximidade com os eleitores, sobretudo os mais jovens.<\/p>\n<p>Durante a entrevista, Campos ofereceu uma s\u00e9rie de insights e dicas valiosas sobre como o mercado digital pode impulsionar transforma\u00e7\u00f5es significativas, n\u00e3o apenas na administra\u00e7\u00e3o p\u00fablica, mas tamb\u00e9m para empres\u00e1rios, empreendedores e jovens profissionais interessados em explorar o setor.<\/p>\n<p>A entrevista de Jo\u00e3o Campos no Roda Viva\u00a0come\u00e7ou abordando temas de pol\u00edtica e alian\u00e7as estrat\u00e9gicas, incluindo sua representatividade ao lado de sua namorada, a deputada federal T\u00e1bata Amaral. O prefeito destacou a relev\u00e2ncia dessas parcerias para impulsionar agendas de inova\u00e7\u00e3o e desenvolvimento social. J\u00e1 na segunda parte do programa, a conversa direcionou-se \u00e0 sua identidade como jovem pol\u00edtico e ao uso das redes sociais como ferramenta de comunica\u00e7\u00e3o direta com o p\u00fablico, gerando alta audi\u00eancia e engajamento, principalmente entre jovens eleitores. Conhecido pelo dinamismo e presen\u00e7a digital, Jo\u00e3o Campos tamb\u00e9m ressaltou sua contribui\u00e7\u00e3o como autor do Marco Legal das Startups e do Empreendedorismo Inovador, legisla\u00e7\u00e3o que visa facilitar o ambiente de neg\u00f3cios e estimular a inova\u00e7\u00e3o tecnol\u00f3gica no Brasil.<\/p>\n<p>&#8220;A rede social n\u00e3o \u00e9 apenas um instrumento de comunica\u00e7\u00e3o, mas tamb\u00e9m um canal de transpar\u00eancia. Ela deve refletir a presen\u00e7a de um governo. Quando estou comunicando algo nas redes, n\u00e3o estou apresentando uma fic\u00e7\u00e3o; estou mostrando algo concreto que foi realizado na cidade. A rede social precisa funcionar n\u00e3o apenas como meio de comunica\u00e7\u00e3o, mas como um instrumento de transpar\u00eancia,&#8221; disse Jo\u00e3o Campos.<\/p>\n<p>Campos, que \u00e9 o prefeito mais jovem a liderar a capital pernambucana, abordou como o uso de dados e a inova\u00e7\u00e3o digital est\u00e3o transformando a cidade de Recife. Segundo ele, tecnologias, redes sociais e educa\u00e7\u00e3o s\u00e3o fundamentais para entender melhor as necessidades da popula\u00e7\u00e3o e aumentar a efici\u00eancia dos servi\u00e7os p\u00fablicos. Na ocasi\u00e3o, o prefeito destacou o Programa Summer Camp, por meio do qual foram enviados 105 alunos e 10 docentes para destinos como Inglaterra, Canad\u00e1 e Estados Unidos.<\/p>\n<p>&nbsp;<\/p>\n<div class=\"youtube-embed\" data-video_id=\"\"><iframe title=\"Roda Viva | Jo\u00e3o Campos | 28\/10\/2024\" width=\"640\" height=\"360\" src=\"https:\/\/www.youtube.com\/embed\/YhttxgkdSBE?start=3945&#038;feature=oembed\" frameborder=\"0\" allow=\"accelerometer; autoplay; clipboard-write; encrypted-media; gyroscope; picture-in-picture; web-share\" referrerpolicy=\"strict-origin-when-cross-origin\" allowfullscreen><\/iframe><\/div>\n<p>&#8220;Acredito que as pessoas precisam mostrar quem realmente s\u00e3o. O problema com as redes sociais ocorre quando o que se comunica \u00e9 diferente do que realmente se \u00e9 \u2013 isso \u00e9 incoer\u00eancia. Muitos apresentam uma imagem que n\u00e3o corresponde \u00e0 realidade. N\u00e3o existe uma f\u00f3rmula m\u00e1gica para ganhar seguidores. Minha dica \u00e9: seja voc\u00ea mesmo nas redes sociais. A comunica\u00e7\u00e3o \u00e9 fundamental; as pessoas querem um prefeito que saiba se comunicar e que defenda sua cidade.&#8221; afirmou Jo\u00e3o Campos.<\/p>\n<p>&#8220;\u00c9 um grande erro adotar uma comunica\u00e7\u00e3o violenta nas redes sociais; esse n\u00e3o \u00e9 o caminho,&#8221; explicou Jo\u00e3o Campos, prefeito de Recife. &#8220;Precisamos de uma comunica\u00e7\u00e3o leve, com bom humor e espontaneidade, para que as coisas aconte\u00e7am naturalmente. \u00c9 fundamental aplicar uma l\u00f3gica digital nas redes. \u00c9 preciso correr dessa l\u00f3gica de sensacionalismo e fake news&#8221;<\/p>\n<p>Hoje, 29 de outubro, o prefeito Jo\u00e3o Campos acumula 850 mil seguidores e 20,5 milh\u00f5es de curtidas no TikTok, al\u00e9m de 2,7 milh\u00f5es de seguidores no Instagram. No TikTok, sua irrever\u00eancia e autenticidade s\u00e3o evidentes em v\u00eddeos que combinam suas atividades di\u00e1rias pessoais com momentos da vida p\u00fablica, destacando obras e intera\u00e7\u00f5es com a popula\u00e7\u00e3o.<\/p>\n<blockquote class=\"tiktok-embed\" cite=\"https:\/\/www.tiktok.com\/@joaocampos\/video\/7427549528263380257\" data-video-id=\"7427549528263380257\" data-embed-from=\"oembed\" style=\"max-width:605px; min-width:325px;\">\n<section> <a target=\"_blank\" title=\"@joaocampos\" href=\"https:\/\/www.tiktok.com\/@joaocampos?refer=embed\">@joaocampos<\/a> <\/p>\n<p>Sabe aquela sensa\u00e7\u00e3o boa de quando a gente faz um exerc\u00edcio? \ud83c\udfc3\u200d\u2642\ufe0fTodo mundo que corre sabe, \u00e9 a famosa endorfina! \ud83d\udca5\ud83d\ude04 Para mim, al\u00e9m da alegria de estar em movimento, tem tamb\u00e9m a felicidade de ver o tanto de obra que a gente entregou pelo Recife \ud83c\udfd7\ufe0f\ud83c\udfd9\ufe0f e o impacto delas na vida das pessoas. \u2764\ufe0f Quando \u201cbate a endorfina\u201d \u00e9 bom demais, n\u00e9 n\u00e3o? \ud83d\udcaa\u2728 <a title=\"pratodomundo\" target=\"_blank\" href=\"https:\/\/www.tiktok.com\/tag\/pratodomundo?refer=embed\">#PraTodoMundo<\/a> Trechos em v\u00eddeo de Jo\u00e3o Campos correndo pelas ruas da cidade, enquanto mostra empolgado obras da prefeitura e interage com as pessoas.<\/p>\n<p> <a target=\"_blank\" title=\"\u266c som original - Jo\u00e3o Campos\" href=\"https:\/\/www.tiktok.com\/music\/som-original-7427549596622785313?refer=embed\">\u266c som original &#8211; Jo\u00e3o Campos<\/a> <\/section>\n<\/blockquote>\n<p> <script async src=\"https:\/\/www.tiktok.com\/embed.js\"><\/script><\/p>\n<p>Em um exemplo, ele compartilha uma corrida matinal onde mostra as obras j\u00e1 conclu\u00eddas e conversa com moradores nas ruas. Em outro, visita o <a href=\"https:\/\/www.tiktok.com\/@joaocampos\/video\/7424333228061904160\" target=\"_blank\" rel=\"noopener\">Morro da Concei\u00e7\u00e3o<\/a> ao lado de uma educadora f\u00edsica, subindo as escadarias do bairro e colhendo depoimentos sobre os espa\u00e7os p\u00fablicos e participa\u00e7\u00e3o coletiva sobre ilumina\u00e7\u00e3o. Campos tamb\u00e9m usa conte\u00fados criativos para mostrar o trabalho na cidade, como em um v\u00eddeo onde aparece relaxando na <a href=\"https:\/\/www.tiktok.com\/@joaocampos\/video\/7411917000273972512\" target=\"_blank\" rel=\"noopener\">praia num s\u00e1bado<\/a>, apenas para revelar que, na verdade, est\u00e1 fiscalizando as melhorias da orla de Recife. Ele tamb\u00e9m incorpora <a href=\"https:\/\/www.tiktok.com\/@joaocampos\/video\/7414673143391997217\" target=\"_blank\" rel=\"noopener\">dan\u00e7as em seus v\u00eddeos<\/a>, sempre embalado por m\u00fasicas populares, envolvendo moradores e celebrando a cultura local.<\/p>\n","protected":false},"excerpt":{"rendered":"<p>Jo\u00e3o Campos, reeleito com uma vit\u00f3ria expressiva no primeiro turno, alcan\u00e7ou 78,11% dos votos v\u00e1lidos, consolidando sua posi\u00e7\u00e3o como prefeito de Recife com amplo apoio popular. Aos 30 anos, ele se destacou n\u00e3o apenas pelo desempenho nas urnas, mas tamb\u00e9m por sua presen\u00e7a ativa e inovadora nas redes sociais, onde se tornou conhecido como o [&hellip;]<\/p>\n","protected":false},"author":1,"featured_media":53491,"comment_status":"open","ping_status":"open","sticky":false,"template":"","format":"standard","meta":{"tdm_status":"","tdm_grid_status":"","footnotes":""},"categories":[11,6],"tags":[308,33,7981,817,26,3570,1510,25,2911,5986,6275],"class_list":["post-53490","post","type-post","status-publish","format-standard","has-post-thumbnail","hentry","category-digital","category-noticias","tag-comunicacao","tag-estrategia","tag-joao-campos","tag-marketing-de-conteudo","tag-marketing-digital","tag-prefeito","tag-recife","tag-redes-sociais","tag-tiktok","tag-tiktoker","tag-transparencia"],"yoast_head":"<!-- This site is optimized with the Yoast SEO plugin v27.5 - https:\/\/yoast.com\/product\/yoast-seo-wordpress\/ -->\n<title>Prefeito TikToker: &quot;Seja aquilo que voc\u00ea \u00e9 nas redes sociais&quot;, afirma Jo\u00e3o Campos em entrevista ao Roda Viva - CidadeMarketing<\/title>\n<meta name=\"robots\" content=\"index, follow, max-snippet:-1, max-image-preview:large, max-video-preview:-1\" \/>\n<link rel=\"canonical\" href=\"https:\/\/www.cidademarketing.com.br\/marketing\/2024\/10\/29\/prefeito-tiktoker-seja-aquilo-que-voce-e-nas-redes-sociais-afirma-joao-campos-em-entrevista-ao-roda-viva\/\" \/>\n<meta property=\"og:locale\" content=\"pt_BR\" \/>\n<meta property=\"og:type\" content=\"article\" \/>\n<meta property=\"og:title\" content=\"Prefeito TikToker: &quot;Seja aquilo que voc\u00ea \u00e9 nas redes sociais&quot;, afirma Jo\u00e3o Campos em entrevista ao Roda Viva - CidadeMarketing\" \/>\n<meta property=\"og:description\" content=\"Jo\u00e3o Campos, reeleito com uma vit\u00f3ria expressiva no primeiro turno, alcan\u00e7ou 78,11% dos votos v\u00e1lidos, consolidando sua posi\u00e7\u00e3o como prefeito de Recife com amplo apoio popular. Aos 30 anos, ele se destacou n\u00e3o apenas pelo desempenho nas urnas, mas tamb\u00e9m por sua presen\u00e7a ativa e inovadora nas redes sociais, onde se tornou conhecido como o [&hellip;]\" \/>\n<meta property=\"og:url\" content=\"https:\/\/www.cidademarketing.com.br\/marketing\/2024\/10\/29\/prefeito-tiktoker-seja-aquilo-que-voce-e-nas-redes-sociais-afirma-joao-campos-em-entrevista-ao-roda-viva\/\" \/>\n<meta property=\"og:site_name\" content=\"CidadeMarketing\" \/>\n<meta property=\"article:publisher\" content=\"https:\/\/www.facebook.com\/portalcidademarketing\" \/>\n<meta property=\"article:author\" content=\"https:\/\/www.facebook.com\/thalesbrandao\" \/>\n<meta property=\"article:published_time\" content=\"2024-10-29T13:55:03+00:00\" \/>\n<meta property=\"og:image\" content=\"https:\/\/www.cidademarketing.com.br\/marketing\/wp-content\/uploads\/2024\/10\/joaocampos_tiktoker_prefeito_recife_rodaviva.webp\" \/>\n\t<meta property=\"og:image:width\" content=\"1127\" \/>\n\t<meta property=\"og:image:height\" content=\"633\" \/>\n\t<meta property=\"og:image:type\" content=\"image\/webp\" \/>\n<meta name=\"author\" content=\"Thales Brand\u00e3o\" \/>\n<meta name=\"twitter:card\" content=\"summary_large_image\" \/>\n<meta name=\"twitter:creator\" content=\"@http:\/\/www.twitter.com\/thalesbrandao\" \/>\n<meta name=\"twitter:site\" content=\"@CidadeMarketing\" \/>\n<meta name=\"twitter:label1\" content=\"Escrito por\" \/>\n\t<meta name=\"twitter:data1\" content=\"Thales Brand\u00e3o\" \/>\n\t<meta name=\"twitter:label2\" content=\"Est. tempo de leitura\" \/>\n\t<meta name=\"twitter:data2\" content=\"4 minutos\" \/>\n<script type=\"application\/ld+json\" class=\"yoast-schema-graph\">{\"@context\":\"https:\\\/\\\/schema.org\",\"@graph\":[{\"@type\":\"Article\",\"@id\":\"https:\\\/\\\/www.cidademarketing.com.br\\\/marketing\\\/2024\\\/10\\\/29\\\/prefeito-tiktoker-seja-aquilo-que-voce-e-nas-redes-sociais-afirma-joao-campos-em-entrevista-ao-roda-viva\\\/#article\",\"isPartOf\":{\"@id\":\"https:\\\/\\\/www.cidademarketing.com.br\\\/marketing\\\/2024\\\/10\\\/29\\\/prefeito-tiktoker-seja-aquilo-que-voce-e-nas-redes-sociais-afirma-joao-campos-em-entrevista-ao-roda-viva\\\/\"},\"author\":{\"name\":\"Thales Brand\u00e3o\",\"@id\":\"https:\\\/\\\/www.cidademarketing.com.br\\\/marketing\\\/#\\\/schema\\\/person\\\/02daff9f18bd9378c9e01eb6b2db155f\"},\"headline\":\"Prefeito TikToker: &#8220;Seja aquilo que voc\u00ea \u00e9 nas redes sociais&#8221;, afirma Jo\u00e3o Campos em entrevista ao Roda Viva\",\"datePublished\":\"2024-10-29T13:55:03+00:00\",\"mainEntityOfPage\":{\"@id\":\"https:\\\/\\\/www.cidademarketing.com.br\\\/marketing\\\/2024\\\/10\\\/29\\\/prefeito-tiktoker-seja-aquilo-que-voce-e-nas-redes-sociais-afirma-joao-campos-em-entrevista-ao-roda-viva\\\/\"},\"wordCount\":843,\"commentCount\":0,\"publisher\":{\"@id\":\"https:\\\/\\\/www.cidademarketing.com.br\\\/marketing\\\/#organization\"},\"image\":{\"@id\":\"https:\\\/\\\/www.cidademarketing.com.br\\\/marketing\\\/2024\\\/10\\\/29\\\/prefeito-tiktoker-seja-aquilo-que-voce-e-nas-redes-sociais-afirma-joao-campos-em-entrevista-ao-roda-viva\\\/#primaryimage\"},\"thumbnailUrl\":\"https:\\\/\\\/www.cidademarketing.com.br\\\/marketing\\\/wp-content\\\/uploads\\\/2024\\\/10\\\/joaocampos_tiktoker_prefeito_recife_rodaviva.webp\",\"keywords\":[\"comunica\u00e7\u00e3o\",\"estrat\u00e9gia\",\"Jo\u00e3o Campos\",\"marketing de conte\u00fado\",\"marketing digital\",\"prefeito\",\"Recife\",\"redes sociais\",\"TikTok\",\"Tiktoker\",\"transpar\u00eancia\"],\"articleSection\":[\"Digital\",\"Not\u00edcias\"],\"inLanguage\":\"pt-BR\",\"potentialAction\":[{\"@type\":\"CommentAction\",\"name\":\"Comment\",\"target\":[\"https:\\\/\\\/www.cidademarketing.com.br\\\/marketing\\\/2024\\\/10\\\/29\\\/prefeito-tiktoker-seja-aquilo-que-voce-e-nas-redes-sociais-afirma-joao-campos-em-entrevista-ao-roda-viva\\\/#respond\"]}]},{\"@type\":\"WebPage\",\"@id\":\"https:\\\/\\\/www.cidademarketing.com.br\\\/marketing\\\/2024\\\/10\\\/29\\\/prefeito-tiktoker-seja-aquilo-que-voce-e-nas-redes-sociais-afirma-joao-campos-em-entrevista-ao-roda-viva\\\/\",\"url\":\"https:\\\/\\\/www.cidademarketing.com.br\\\/marketing\\\/2024\\\/10\\\/29\\\/prefeito-tiktoker-seja-aquilo-que-voce-e-nas-redes-sociais-afirma-joao-campos-em-entrevista-ao-roda-viva\\\/\",\"name\":\"Prefeito TikToker: \\\"Seja aquilo que voc\u00ea \u00e9 nas redes sociais\\\", afirma Jo\u00e3o Campos em entrevista ao Roda Viva - CidadeMarketing\",\"isPartOf\":{\"@id\":\"https:\\\/\\\/www.cidademarketing.com.br\\\/marketing\\\/#website\"},\"primaryImageOfPage\":{\"@id\":\"https:\\\/\\\/www.cidademarketing.com.br\\\/marketing\\\/2024\\\/10\\\/29\\\/prefeito-tiktoker-seja-aquilo-que-voce-e-nas-redes-sociais-afirma-joao-campos-em-entrevista-ao-roda-viva\\\/#primaryimage\"},\"image\":{\"@id\":\"https:\\\/\\\/www.cidademarketing.com.br\\\/marketing\\\/2024\\\/10\\\/29\\\/prefeito-tiktoker-seja-aquilo-que-voce-e-nas-redes-sociais-afirma-joao-campos-em-entrevista-ao-roda-viva\\\/#primaryimage\"},\"thumbnailUrl\":\"https:\\\/\\\/www.cidademarketing.com.br\\\/marketing\\\/wp-content\\\/uploads\\\/2024\\\/10\\\/joaocampos_tiktoker_prefeito_recife_rodaviva.webp\",\"datePublished\":\"2024-10-29T13:55:03+00:00\",\"breadcrumb\":{\"@id\":\"https:\\\/\\\/www.cidademarketing.com.br\\\/marketing\\\/2024\\\/10\\\/29\\\/prefeito-tiktoker-seja-aquilo-que-voce-e-nas-redes-sociais-afirma-joao-campos-em-entrevista-ao-roda-viva\\\/#breadcrumb\"},\"inLanguage\":\"pt-BR\",\"potentialAction\":[{\"@type\":\"ReadAction\",\"target\":[\"https:\\\/\\\/www.cidademarketing.com.br\\\/marketing\\\/2024\\\/10\\\/29\\\/prefeito-tiktoker-seja-aquilo-que-voce-e-nas-redes-sociais-afirma-joao-campos-em-entrevista-ao-roda-viva\\\/\"]}]},{\"@type\":\"ImageObject\",\"inLanguage\":\"pt-BR\",\"@id\":\"https:\\\/\\\/www.cidademarketing.com.br\\\/marketing\\\/2024\\\/10\\\/29\\\/prefeito-tiktoker-seja-aquilo-que-voce-e-nas-redes-sociais-afirma-joao-campos-em-entrevista-ao-roda-viva\\\/#primaryimage\",\"url\":\"https:\\\/\\\/www.cidademarketing.com.br\\\/marketing\\\/wp-content\\\/uploads\\\/2024\\\/10\\\/joaocampos_tiktoker_prefeito_recife_rodaviva.webp\",\"contentUrl\":\"https:\\\/\\\/www.cidademarketing.com.br\\\/marketing\\\/wp-content\\\/uploads\\\/2024\\\/10\\\/joaocampos_tiktoker_prefeito_recife_rodaviva.webp\",\"width\":1127,\"height\":633,\"caption\":\"Reprodu\u00e7\u00e3o\"},{\"@type\":\"BreadcrumbList\",\"@id\":\"https:\\\/\\\/www.cidademarketing.com.br\\\/marketing\\\/2024\\\/10\\\/29\\\/prefeito-tiktoker-seja-aquilo-que-voce-e-nas-redes-sociais-afirma-joao-campos-em-entrevista-ao-roda-viva\\\/#breadcrumb\",\"itemListElement\":[{\"@type\":\"ListItem\",\"position\":1,\"name\":\"In\u00edcio\",\"item\":\"https:\\\/\\\/www.cidademarketing.com.br\\\/marketing\\\/\"},{\"@type\":\"ListItem\",\"position\":2,\"name\":\"Prefeito TikToker: &#8220;Seja aquilo que voc\u00ea \u00e9 nas redes sociais&#8221;, afirma Jo\u00e3o Campos em entrevista ao Roda Viva\"}]},{\"@type\":\"WebSite\",\"@id\":\"https:\\\/\\\/www.cidademarketing.com.br\\\/marketing\\\/#website\",\"url\":\"https:\\\/\\\/www.cidademarketing.com.br\\\/marketing\\\/\",\"name\":\"CidadeMarketing\",\"description\":\"Somos um ve\u00edculo de comunica\u00e7\u00e3o de destaque no Brasil, reconhecido por conte\u00fados nos segmentos de marketing, empreendedorismo e inova\u00e7\u00e3o.\",\"publisher\":{\"@id\":\"https:\\\/\\\/www.cidademarketing.com.br\\\/marketing\\\/#organization\"},\"alternateName\":\"CidadeMarketing\",\"potentialAction\":[{\"@type\":\"SearchAction\",\"target\":{\"@type\":\"EntryPoint\",\"urlTemplate\":\"https:\\\/\\\/www.cidademarketing.com.br\\\/marketing\\\/?s={search_term_string}\"},\"query-input\":{\"@type\":\"PropertyValueSpecification\",\"valueRequired\":true,\"valueName\":\"search_term_string\"}}],\"inLanguage\":\"pt-BR\"},{\"@type\":\"Organization\",\"@id\":\"https:\\\/\\\/www.cidademarketing.com.br\\\/marketing\\\/#organization\",\"name\":\"CidadeMarketing\",\"alternateName\":\"CidadeMarketing\",\"url\":\"https:\\\/\\\/www.cidademarketing.com.br\\\/marketing\\\/\",\"logo\":{\"@type\":\"ImageObject\",\"inLanguage\":\"pt-BR\",\"@id\":\"https:\\\/\\\/www.cidademarketing.com.br\\\/marketing\\\/#\\\/schema\\\/logo\\\/image\\\/\",\"url\":\"https:\\\/\\\/www.cidademarketing.com.br\\\/marketing\\\/wp-content\\\/uploads\\\/2020\\\/01\\\/cidademarketing_marca_mobile.png\",\"contentUrl\":\"https:\\\/\\\/www.cidademarketing.com.br\\\/marketing\\\/wp-content\\\/uploads\\\/2020\\\/01\\\/cidademarketing_marca_mobile.png\",\"width\":230,\"height\":92,\"caption\":\"CidadeMarketing\"},\"image\":{\"@id\":\"https:\\\/\\\/www.cidademarketing.com.br\\\/marketing\\\/#\\\/schema\\\/logo\\\/image\\\/\"},\"sameAs\":[\"https:\\\/\\\/www.facebook.com\\\/portalcidademarketing\",\"https:\\\/\\\/x.com\\\/CidadeMarketing\",\"https:\\\/\\\/www.instagram.com\\\/cidademarketing\\\/\"]},{\"@type\":\"Person\",\"@id\":\"https:\\\/\\\/www.cidademarketing.com.br\\\/marketing\\\/#\\\/schema\\\/person\\\/02daff9f18bd9378c9e01eb6b2db155f\",\"name\":\"Thales Brand\u00e3o\",\"image\":{\"@type\":\"ImageObject\",\"inLanguage\":\"pt-BR\",\"@id\":\"https:\\\/\\\/secure.gravatar.com\\\/avatar\\\/7ca3206950207cc3cb48feec56a8a7898741ab725c368d99d5d7a5a50aab80c6?s=96&d=mm&r=g\",\"url\":\"https:\\\/\\\/secure.gravatar.com\\\/avatar\\\/7ca3206950207cc3cb48feec56a8a7898741ab725c368d99d5d7a5a50aab80c6?s=96&d=mm&r=g\",\"contentUrl\":\"https:\\\/\\\/secure.gravatar.com\\\/avatar\\\/7ca3206950207cc3cb48feec56a8a7898741ab725c368d99d5d7a5a50aab80c6?s=96&d=mm&r=g\",\"caption\":\"Thales Brand\u00e3o\"},\"description\":\"Editor Executivo do Portal CidadeMarketing.com.br &gt; Mestre em Comunica\u00e7\u00e3o e Sociedade pela Universidade Federal de Sergipe. Possui MBA Executivo em Administra\u00e7\u00e3o com \u00eanfase em Marketing pela Funda\u00e7\u00e3o Get\u00falio Vargas - Rio de Janeiro. Consultor, Palestrante e Pesquisador sobre Empreendedorismo, Marketing, Redes Sociais e Neg\u00f3cios Digitais. Professor, Palestrante TedxTalks e Campus Party. Twitter: @ThalesBrandao\",\"sameAs\":[\"http:\\\/\\\/www.mandacaru.com.br\",\"https:\\\/\\\/www.facebook.com\\\/thalesbrandao\",\"http:\\\/\\\/www.instagram.com.br\\\/thalesbrandaoferreira\",\"https:\\\/\\\/www.linkedin.com\\\/in\\\/thales-brand\u00e3o-3948609\\\/\",\"https:\\\/\\\/x.com\\\/http:\\\/\\\/www.twitter.com\\\/thalesbrandao\"],\"url\":\"https:\\\/\\\/www.cidademarketing.com.br\\\/marketing\\\/author\\\/thalesbrandao\\\/\"}]}<\/script>\n<!-- \/ Yoast SEO plugin. -->","yoast_head_json":{"title":"Prefeito TikToker: \"Seja aquilo que voc\u00ea \u00e9 nas redes sociais\", afirma Jo\u00e3o Campos em entrevista ao Roda Viva - CidadeMarketing","robots":{"index":"index","follow":"follow","max-snippet":"max-snippet:-1","max-image-preview":"max-image-preview:large","max-video-preview":"max-video-preview:-1"},"canonical":"https:\/\/www.cidademarketing.com.br\/marketing\/2024\/10\/29\/prefeito-tiktoker-seja-aquilo-que-voce-e-nas-redes-sociais-afirma-joao-campos-em-entrevista-ao-roda-viva\/","og_locale":"pt_BR","og_type":"article","og_title":"Prefeito TikToker: \"Seja aquilo que voc\u00ea \u00e9 nas redes sociais\", afirma Jo\u00e3o Campos em entrevista ao Roda Viva - CidadeMarketing","og_description":"Jo\u00e3o Campos, reeleito com uma vit\u00f3ria expressiva no primeiro turno, alcan\u00e7ou 78,11% dos votos v\u00e1lidos, consolidando sua posi\u00e7\u00e3o como prefeito de Recife com amplo apoio popular. Aos 30 anos, ele se destacou n\u00e3o apenas pelo desempenho nas urnas, mas tamb\u00e9m por sua presen\u00e7a ativa e inovadora nas redes sociais, onde se tornou conhecido como o [&hellip;]","og_url":"https:\/\/www.cidademarketing.com.br\/marketing\/2024\/10\/29\/prefeito-tiktoker-seja-aquilo-que-voce-e-nas-redes-sociais-afirma-joao-campos-em-entrevista-ao-roda-viva\/","og_site_name":"CidadeMarketing","article_publisher":"https:\/\/www.facebook.com\/portalcidademarketing","article_author":"https:\/\/www.facebook.com\/thalesbrandao","article_published_time":"2024-10-29T13:55:03+00:00","og_image":[{"width":1127,"height":633,"url":"https:\/\/www.cidademarketing.com.br\/marketing\/wp-content\/uploads\/2024\/10\/joaocampos_tiktoker_prefeito_recife_rodaviva.webp","type":"image\/webp"}],"author":"Thales Brand\u00e3o","twitter_card":"summary_large_image","twitter_creator":"@http:\/\/www.twitter.com\/thalesbrandao","twitter_site":"@CidadeMarketing","twitter_misc":{"Escrito por":"Thales Brand\u00e3o","Est. tempo de leitura":"4 minutos"},"schema":{"@context":"https:\/\/schema.org","@graph":[{"@type":"Article","@id":"https:\/\/www.cidademarketing.com.br\/marketing\/2024\/10\/29\/prefeito-tiktoker-seja-aquilo-que-voce-e-nas-redes-sociais-afirma-joao-campos-em-entrevista-ao-roda-viva\/#article","isPartOf":{"@id":"https:\/\/www.cidademarketing.com.br\/marketing\/2024\/10\/29\/prefeito-tiktoker-seja-aquilo-que-voce-e-nas-redes-sociais-afirma-joao-campos-em-entrevista-ao-roda-viva\/"},"author":{"name":"Thales Brand\u00e3o","@id":"https:\/\/www.cidademarketing.com.br\/marketing\/#\/schema\/person\/02daff9f18bd9378c9e01eb6b2db155f"},"headline":"Prefeito TikToker: &#8220;Seja aquilo que voc\u00ea \u00e9 nas redes sociais&#8221;, afirma Jo\u00e3o Campos em entrevista ao Roda Viva","datePublished":"2024-10-29T13:55:03+00:00","mainEntityOfPage":{"@id":"https:\/\/www.cidademarketing.com.br\/marketing\/2024\/10\/29\/prefeito-tiktoker-seja-aquilo-que-voce-e-nas-redes-sociais-afirma-joao-campos-em-entrevista-ao-roda-viva\/"},"wordCount":843,"commentCount":0,"publisher":{"@id":"https:\/\/www.cidademarketing.com.br\/marketing\/#organization"},"image":{"@id":"https:\/\/www.cidademarketing.com.br\/marketing\/2024\/10\/29\/prefeito-tiktoker-seja-aquilo-que-voce-e-nas-redes-sociais-afirma-joao-campos-em-entrevista-ao-roda-viva\/#primaryimage"},"thumbnailUrl":"https:\/\/www.cidademarketing.com.br\/marketing\/wp-content\/uploads\/2024\/10\/joaocampos_tiktoker_prefeito_recife_rodaviva.webp","keywords":["comunica\u00e7\u00e3o","estrat\u00e9gia","Jo\u00e3o Campos","marketing de conte\u00fado","marketing digital","prefeito","Recife","redes sociais","TikTok","Tiktoker","transpar\u00eancia"],"articleSection":["Digital","Not\u00edcias"],"inLanguage":"pt-BR","potentialAction":[{"@type":"CommentAction","name":"Comment","target":["https:\/\/www.cidademarketing.com.br\/marketing\/2024\/10\/29\/prefeito-tiktoker-seja-aquilo-que-voce-e-nas-redes-sociais-afirma-joao-campos-em-entrevista-ao-roda-viva\/#respond"]}]},{"@type":"WebPage","@id":"https:\/\/www.cidademarketing.com.br\/marketing\/2024\/10\/29\/prefeito-tiktoker-seja-aquilo-que-voce-e-nas-redes-sociais-afirma-joao-campos-em-entrevista-ao-roda-viva\/","url":"https:\/\/www.cidademarketing.com.br\/marketing\/2024\/10\/29\/prefeito-tiktoker-seja-aquilo-que-voce-e-nas-redes-sociais-afirma-joao-campos-em-entrevista-ao-roda-viva\/","name":"Prefeito TikToker: \"Seja aquilo que voc\u00ea \u00e9 nas redes sociais\", afirma Jo\u00e3o Campos em entrevista ao Roda Viva - CidadeMarketing","isPartOf":{"@id":"https:\/\/www.cidademarketing.com.br\/marketing\/#website"},"primaryImageOfPage":{"@id":"https:\/\/www.cidademarketing.com.br\/marketing\/2024\/10\/29\/prefeito-tiktoker-seja-aquilo-que-voce-e-nas-redes-sociais-afirma-joao-campos-em-entrevista-ao-roda-viva\/#primaryimage"},"image":{"@id":"https:\/\/www.cidademarketing.com.br\/marketing\/2024\/10\/29\/prefeito-tiktoker-seja-aquilo-que-voce-e-nas-redes-sociais-afirma-joao-campos-em-entrevista-ao-roda-viva\/#primaryimage"},"thumbnailUrl":"https:\/\/www.cidademarketing.com.br\/marketing\/wp-content\/uploads\/2024\/10\/joaocampos_tiktoker_prefeito_recife_rodaviva.webp","datePublished":"2024-10-29T13:55:03+00:00","breadcrumb":{"@id":"https:\/\/www.cidademarketing.com.br\/marketing\/2024\/10\/29\/prefeito-tiktoker-seja-aquilo-que-voce-e-nas-redes-sociais-afirma-joao-campos-em-entrevista-ao-roda-viva\/#breadcrumb"},"inLanguage":"pt-BR","potentialAction":[{"@type":"ReadAction","target":["https:\/\/www.cidademarketing.com.br\/marketing\/2024\/10\/29\/prefeito-tiktoker-seja-aquilo-que-voce-e-nas-redes-sociais-afirma-joao-campos-em-entrevista-ao-roda-viva\/"]}]},{"@type":"ImageObject","inLanguage":"pt-BR","@id":"https:\/\/www.cidademarketing.com.br\/marketing\/2024\/10\/29\/prefeito-tiktoker-seja-aquilo-que-voce-e-nas-redes-sociais-afirma-joao-campos-em-entrevista-ao-roda-viva\/#primaryimage","url":"https:\/\/www.cidademarketing.com.br\/marketing\/wp-content\/uploads\/2024\/10\/joaocampos_tiktoker_prefeito_recife_rodaviva.webp","contentUrl":"https:\/\/www.cidademarketing.com.br\/marketing\/wp-content\/uploads\/2024\/10\/joaocampos_tiktoker_prefeito_recife_rodaviva.webp","width":1127,"height":633,"caption":"Reprodu\u00e7\u00e3o"},{"@type":"BreadcrumbList","@id":"https:\/\/www.cidademarketing.com.br\/marketing\/2024\/10\/29\/prefeito-tiktoker-seja-aquilo-que-voce-e-nas-redes-sociais-afirma-joao-campos-em-entrevista-ao-roda-viva\/#breadcrumb","itemListElement":[{"@type":"ListItem","position":1,"name":"In\u00edcio","item":"https:\/\/www.cidademarketing.com.br\/marketing\/"},{"@type":"ListItem","position":2,"name":"Prefeito TikToker: &#8220;Seja aquilo que voc\u00ea \u00e9 nas redes sociais&#8221;, afirma Jo\u00e3o Campos em entrevista ao Roda Viva"}]},{"@type":"WebSite","@id":"https:\/\/www.cidademarketing.com.br\/marketing\/#website","url":"https:\/\/www.cidademarketing.com.br\/marketing\/","name":"CidadeMarketing","description":"Somos um ve\u00edculo de comunica\u00e7\u00e3o de destaque no Brasil, reconhecido por conte\u00fados nos segmentos de marketing, empreendedorismo e inova\u00e7\u00e3o.","publisher":{"@id":"https:\/\/www.cidademarketing.com.br\/marketing\/#organization"},"alternateName":"CidadeMarketing","potentialAction":[{"@type":"SearchAction","target":{"@type":"EntryPoint","urlTemplate":"https:\/\/www.cidademarketing.com.br\/marketing\/?s={search_term_string}"},"query-input":{"@type":"PropertyValueSpecification","valueRequired":true,"valueName":"search_term_string"}}],"inLanguage":"pt-BR"},{"@type":"Organization","@id":"https:\/\/www.cidademarketing.com.br\/marketing\/#organization","name":"CidadeMarketing","alternateName":"CidadeMarketing","url":"https:\/\/www.cidademarketing.com.br\/marketing\/","logo":{"@type":"ImageObject","inLanguage":"pt-BR","@id":"https:\/\/www.cidademarketing.com.br\/marketing\/#\/schema\/logo\/image\/","url":"https:\/\/www.cidademarketing.com.br\/marketing\/wp-content\/uploads\/2020\/01\/cidademarketing_marca_mobile.png","contentUrl":"https:\/\/www.cidademarketing.com.br\/marketing\/wp-content\/uploads\/2020\/01\/cidademarketing_marca_mobile.png","width":230,"height":92,"caption":"CidadeMarketing"},"image":{"@id":"https:\/\/www.cidademarketing.com.br\/marketing\/#\/schema\/logo\/image\/"},"sameAs":["https:\/\/www.facebook.com\/portalcidademarketing","https:\/\/x.com\/CidadeMarketing","https:\/\/www.instagram.com\/cidademarketing\/"]},{"@type":"Person","@id":"https:\/\/www.cidademarketing.com.br\/marketing\/#\/schema\/person\/02daff9f18bd9378c9e01eb6b2db155f","name":"Thales Brand\u00e3o","image":{"@type":"ImageObject","inLanguage":"pt-BR","@id":"https:\/\/secure.gravatar.com\/avatar\/7ca3206950207cc3cb48feec56a8a7898741ab725c368d99d5d7a5a50aab80c6?s=96&d=mm&r=g","url":"https:\/\/secure.gravatar.com\/avatar\/7ca3206950207cc3cb48feec56a8a7898741ab725c368d99d5d7a5a50aab80c6?s=96&d=mm&r=g","contentUrl":"https:\/\/secure.gravatar.com\/avatar\/7ca3206950207cc3cb48feec56a8a7898741ab725c368d99d5d7a5a50aab80c6?s=96&d=mm&r=g","caption":"Thales Brand\u00e3o"},"description":"Editor Executivo do Portal CidadeMarketing.com.br &gt; Mestre em Comunica\u00e7\u00e3o e Sociedade pela Universidade Federal de Sergipe. Possui MBA Executivo em Administra\u00e7\u00e3o com \u00eanfase em Marketing pela Funda\u00e7\u00e3o Get\u00falio Vargas - Rio de Janeiro. Consultor, Palestrante e Pesquisador sobre Empreendedorismo, Marketing, Redes Sociais e Neg\u00f3cios Digitais. Professor, Palestrante TedxTalks e Campus Party. Twitter: @ThalesBrandao","sameAs":["http:\/\/www.mandacaru.com.br","https:\/\/www.facebook.com\/thalesbrandao","http:\/\/www.instagram.com.br\/thalesbrandaoferreira","https:\/\/www.linkedin.com\/in\/thales-brand\u00e3o-3948609\/","https:\/\/x.com\/http:\/\/www.twitter.com\/thalesbrandao"],"url":"https:\/\/www.cidademarketing.com.br\/marketing\/author\/thalesbrandao\/"}]}},"amp_enabled":true,"_links":{"self":[{"href":"https:\/\/www.cidademarketing.com.br\/marketing\/wp-json\/wp\/v2\/posts\/53490","targetHints":{"allow":["GET"]}}],"collection":[{"href":"https:\/\/www.cidademarketing.com.br\/marketing\/wp-json\/wp\/v2\/posts"}],"about":[{"href":"https:\/\/www.cidademarketing.com.br\/marketing\/wp-json\/wp\/v2\/types\/post"}],"author":[{"embeddable":true,"href":"https:\/\/www.cidademarketing.com.br\/marketing\/wp-json\/wp\/v2\/users\/1"}],"replies":[{"embeddable":true,"href":"https:\/\/www.cidademarketing.com.br\/marketing\/wp-json\/wp\/v2\/comments?post=53490"}],"version-history":[{"count":1,"href":"https:\/\/www.cidademarketing.com.br\/marketing\/wp-json\/wp\/v2\/posts\/53490\/revisions"}],"predecessor-version":[{"id":53492,"href":"https:\/\/www.cidademarketing.com.br\/marketing\/wp-json\/wp\/v2\/posts\/53490\/revisions\/53492"}],"wp:featuredmedia":[{"embeddable":true,"href":"https:\/\/www.cidademarketing.com.br\/marketing\/wp-json\/wp\/v2\/media\/53491"}],"wp:attachment":[{"href":"https:\/\/www.cidademarketing.com.br\/marketing\/wp-json\/wp\/v2\/media?parent=53490"}],"wp:term":[{"taxonomy":"category","embeddable":true,"href":"https:\/\/www.cidademarketing.com.br\/marketing\/wp-json\/wp\/v2\/categories?post=53490"},{"taxonomy":"post_tag","embeddable":true,"href":"https:\/\/www.cidademarketing.com.br\/marketing\/wp-json\/wp\/v2\/tags?post=53490"}],"curies":[{"name":"wp","href":"https:\/\/api.w.org\/{rel}","templated":true}]}}