{"id":53465,"date":"2024-10-28T10:33:25","date_gmt":"2024-10-28T13:33:25","guid":{"rendered":"https:\/\/www.cidademarketing.com.br\/marketing\/?p=53465"},"modified":"2024-10-28T10:33:25","modified_gmt":"2024-10-28T13:33:25","slug":"prudential-apresenta-vidas-que-protegem","status":"publish","type":"post","link":"https:\/\/www.cidademarketing.com.br\/marketing\/2024\/10\/28\/prudential-apresenta-vidas-que-protegem\/","title":{"rendered":"Prudential apresenta \u201cVidas que Protegem\u201d"},"content":{"rendered":"<p>A Prudential do Brasil iniciou neste m\u00eas, a nova temporada da webs\u00e9rie &#8220;Vidas que Protegem&#8221;, uma s\u00e9rie emocionante que enaltece o esp\u00edrito empreendedor de seus franqueados, cuja miss\u00e3o principal \u00e9 proteger vidas. Com o objetivo de motivar outros franqueados, despertar o interesse em novas pessoas que desejam empreender, e tamb\u00e9m, explicar o importante papel de um seguro de vida na vida das pessoas, a webs\u00e9rie traz \u00e0 tona hist\u00f3rias reais de sucesso, mostrando o impacto transformador de uma carreira dedicada \u00e0 prote\u00e7\u00e3o de vidas. A cria\u00e7\u00e3o \u00e9 da Made.<\/p>\n<p>Nos 11 epis\u00f3dios semanais ser\u00e3o abordados temas como a decis\u00e3o de iniciar uma nova carreira, as mudan\u00e7as significativas que isso trouxe para suas vidas e o impacto emocional dos pagamentos de pr\u00eamios que ressignificam a import\u00e2ncia da prote\u00e7\u00e3o financeira. Al\u00e9m disso, a webs\u00e9rie ressalta o modelo de neg\u00f3cios de sucesso da Prudential, uma empresa com mais de 150 anos de hist\u00f3ria global e 26 anos no Brasil, protegendo mais de 4 milh\u00f5es de vidas no pa\u00eds.<\/p>\n<p>\u201cBuscamos, agora, n\u00e3o apenas contar hist\u00f3rias aut\u00eanticas dos franqueados da Prudential, mas tamb\u00e9m destacar a ess\u00eancia humana por tr\u00e1s de cada relato, refor\u00e7ando o papel transformador da Prudential na vida do franqueado e de seus clientes. A segunda temporada continua sendo sobre o que temos de mais importante: a vida\u201d, afirma \u00c1lvaro Rodrigues, CEO da Made.<\/p>\n<figure id=\"attachment_53466\" aria-describedby=\"caption-attachment-53466\" style=\"width: 640px\" class=\"wp-caption alignnone\"><img fetchpriority=\"high\" decoding=\"async\" class=\"wp-image-53466 size-large\" src=\"https:\/\/www.cidademarketing.com.br\/marketing\/wp-content\/uploads\/2024\/10\/campanha_prudential_agenciamade_02-1024x576.webp\" alt=\"\" width=\"640\" height=\"360\" srcset=\"https:\/\/www.cidademarketing.com.br\/marketing\/wp-content\/uploads\/2024\/10\/campanha_prudential_agenciamade_02-1024x576.webp 1024w, https:\/\/www.cidademarketing.com.br\/marketing\/wp-content\/uploads\/2024\/10\/campanha_prudential_agenciamade_02-300x169.webp 300w, https:\/\/www.cidademarketing.com.br\/marketing\/wp-content\/uploads\/2024\/10\/campanha_prudential_agenciamade_02-768x432.webp 768w, https:\/\/www.cidademarketing.com.br\/marketing\/wp-content\/uploads\/2024\/10\/campanha_prudential_agenciamade_02-747x420.webp 747w, https:\/\/www.cidademarketing.com.br\/marketing\/wp-content\/uploads\/2024\/10\/campanha_prudential_agenciamade_02-640x360.webp 640w, https:\/\/www.cidademarketing.com.br\/marketing\/wp-content\/uploads\/2024\/10\/campanha_prudential_agenciamade_02-681x383.webp 681w, https:\/\/www.cidademarketing.com.br\/marketing\/wp-content\/uploads\/2024\/10\/campanha_prudential_agenciamade_02.webp 1280w\" sizes=\"(max-width: 640px) 100vw, 640px\" \/><figcaption id=\"caption-attachment-53466\" class=\"wp-caption-text\">Divulga\u00e7\u00e3o<\/figcaption><\/figure>\n<p>Diferente da primeira temporada, onde os epis\u00f3dios foram gravados no Teatro Prudential e seguiam o formato tradicional de entrevistador e entrevistado, nesta nova temporada, a equipe de filmagem foi at\u00e9 as cidades dos franqueados para capturar a rotina e o dia a dia desses empres\u00e1rios no pr\u00f3prio ambiente em que vivem e trabalham. Entre as cidades destacadas est\u00e3o Fortaleza (1 epis\u00f3dio), S\u00e3o Paulo (4 epis\u00f3dios), Ribeir\u00e3o Preto (1 epis\u00f3dio), Belo Horizonte (4 epis\u00f3dios) e Vit\u00f3ria (1 epis\u00f3dio).<\/p>\n<p>Essa nova abordagem busca mostrar de perto como a decis\u00e3o de empreender com a Prudential impacta n\u00e3o s\u00f3 suas vidas, mas tamb\u00e9m a vida de milhares de clientes. A webs\u00e9rie tem produ\u00e7\u00e3o da Silence.<\/p>\n<p><iframe title=\"Vidas que Protegem 2\u00aa temporada [epis\u00f3dio 04] Carla Caldo\" width=\"640\" height=\"360\" src=\"https:\/\/www.youtube.com\/embed\/0aiIh6-REDI?feature=oembed\" frameborder=\"0\" allow=\"accelerometer; autoplay; clipboard-write; encrypted-media; gyroscope; picture-in-picture; web-share\" referrerpolicy=\"strict-origin-when-cross-origin\" allowfullscreen><\/iframe><\/p>\n<p>FICHA T\u00c9CNICA &#8211; VIDAS QUE PROTEGEM<\/p>\n<p>Made:<br \/>\nCEO: \u00c1lvaro Rodrigues<br \/>\nCCO: Lu\u00eds Claudio Salvestroni<br \/>\nCOO: Ricardo Zanella<br \/>\nCria\u00e7\u00e3o: Lu\u00eds Claudio Salvestroni, Bruno Castor, Igor Gon\u00e7alvez e Vitor Fontanezzi<br \/>\nGest\u00e3o da Marca: Karen Muliterno, Maira Nogueira e Oleg Loretto<br \/>\nM\u00eddia On: Eduardo Moraes e Wanderson Magalh\u00e3es.<br \/>\nPlanejamento Digital: Raphael Sperle<br \/>\nCommunity Manager: Jo\u00e3o Ricardo Gon\u00e7alves<br \/>\nAprova\u00e7\u00e3o no cliente: Fernanda Riezemberg, Marcia Fernandes, Carla Conti<\/p>\n<p>Produtora Silence:<br \/>\nDire\u00e7\u00e3o: Dudu Lopes<br \/>\nCo-dire\u00e7\u00e3o: Roberta Barley<br \/>\nRoteiro e argumento: Daniela Peixoto e Roberta Barley<br \/>\nAssistente de dire\u00e7\u00e3o e produ\u00e7\u00e3o: Bruno Giannotti<br \/>\nDire\u00e7\u00e3o de fotografia: Andr\u00e9 Andrade<br \/>\nGaffer: Jo\u00e3o Gabriel Brito<br \/>\nMontagem: J\u00falio Oliveira<br \/>\nColor grading: Dudu Lopes<\/p>\n","protected":false},"excerpt":{"rendered":"<p>A Prudential do Brasil iniciou neste m\u00eas, a nova temporada da webs\u00e9rie &#8220;Vidas que Protegem&#8221;, uma s\u00e9rie emocionante que enaltece o esp\u00edrito empreendedor de seus franqueados, cuja miss\u00e3o principal \u00e9 proteger vidas. Com o objetivo de motivar outros franqueados, despertar o interesse em novas pessoas que desejam empreender, e tamb\u00e9m, explicar o importante papel de [&hellip;]<\/p>\n","protected":false},"author":1,"featured_media":53467,"comment_status":"open","ping_status":"open","sticky":false,"template":"","format":"standard","meta":{"tdm_status":"","tdm_grid_status":"","footnotes":""},"categories":[6,14],"tags":[7185,7926,65,308,33,28,66,7184,181,7927],"class_list":["post-53465","post","type-post","status-publish","format-standard","has-post-thumbnail","hentry","category-noticias","category-videos","tag-agencia-made","tag-alvaro-rodrigues","tag-campanha","tag-comunicacao","tag-estrategia","tag-marketing","tag-propaganda","tag-prudential","tag-publicidade","tag-webserio"],"yoast_head":"<!-- This site is optimized with the Yoast SEO plugin v27.5 - https:\/\/yoast.com\/product\/yoast-seo-wordpress\/ -->\n<title>Prudential apresenta \u201cVidas que Protegem\u201d - CidadeMarketing<\/title>\n<meta name=\"robots\" content=\"index, follow, max-snippet:-1, max-image-preview:large, max-video-preview:-1\" \/>\n<link rel=\"canonical\" href=\"https:\/\/www.cidademarketing.com.br\/marketing\/2024\/10\/28\/prudential-apresenta-vidas-que-protegem\/\" \/>\n<meta property=\"og:locale\" content=\"pt_BR\" \/>\n<meta property=\"og:type\" content=\"article\" \/>\n<meta property=\"og:title\" content=\"Prudential apresenta \u201cVidas que Protegem\u201d - CidadeMarketing\" \/>\n<meta property=\"og:description\" content=\"A Prudential do Brasil iniciou neste m\u00eas, a nova temporada da webs\u00e9rie &#8220;Vidas que Protegem&#8221;, uma s\u00e9rie emocionante que enaltece o esp\u00edrito empreendedor de seus franqueados, cuja miss\u00e3o principal \u00e9 proteger vidas. Com o objetivo de motivar outros franqueados, despertar o interesse em novas pessoas que desejam empreender, e tamb\u00e9m, explicar o importante papel de [&hellip;]\" \/>\n<meta property=\"og:url\" content=\"https:\/\/www.cidademarketing.com.br\/marketing\/2024\/10\/28\/prudential-apresenta-vidas-que-protegem\/\" \/>\n<meta property=\"og:site_name\" content=\"CidadeMarketing\" \/>\n<meta property=\"article:publisher\" content=\"https:\/\/www.facebook.com\/portalcidademarketing\" \/>\n<meta property=\"article:author\" content=\"https:\/\/www.facebook.com\/thalesbrandao\" \/>\n<meta property=\"article:published_time\" content=\"2024-10-28T13:33:25+00:00\" \/>\n<meta property=\"og:image\" content=\"https:\/\/www.cidademarketing.com.br\/marketing\/wp-content\/uploads\/2024\/10\/campanha_prudential_agenciamade_01.webp\" \/>\n\t<meta property=\"og:image:width\" content=\"1280\" \/>\n\t<meta property=\"og:image:height\" content=\"720\" \/>\n\t<meta property=\"og:image:type\" content=\"image\/webp\" \/>\n<meta name=\"author\" content=\"Thales Brand\u00e3o\" \/>\n<meta name=\"twitter:card\" content=\"summary_large_image\" \/>\n<meta name=\"twitter:creator\" content=\"@http:\/\/www.twitter.com\/thalesbrandao\" \/>\n<meta name=\"twitter:site\" content=\"@CidadeMarketing\" \/>\n<meta name=\"twitter:label1\" content=\"Escrito por\" \/>\n\t<meta name=\"twitter:data1\" content=\"Thales Brand\u00e3o\" \/>\n\t<meta name=\"twitter:label2\" content=\"Est. tempo de leitura\" \/>\n\t<meta name=\"twitter:data2\" content=\"3 minutos\" \/>\n<script type=\"application\/ld+json\" class=\"yoast-schema-graph\">{\"@context\":\"https:\\\/\\\/schema.org\",\"@graph\":[{\"@type\":\"Article\",\"@id\":\"https:\\\/\\\/www.cidademarketing.com.br\\\/marketing\\\/2024\\\/10\\\/28\\\/prudential-apresenta-vidas-que-protegem\\\/#article\",\"isPartOf\":{\"@id\":\"https:\\\/\\\/www.cidademarketing.com.br\\\/marketing\\\/2024\\\/10\\\/28\\\/prudential-apresenta-vidas-que-protegem\\\/\"},\"author\":{\"name\":\"Thales Brand\u00e3o\",\"@id\":\"https:\\\/\\\/www.cidademarketing.com.br\\\/marketing\\\/#\\\/schema\\\/person\\\/02daff9f18bd9378c9e01eb6b2db155f\"},\"headline\":\"Prudential apresenta \u201cVidas que Protegem\u201d\",\"datePublished\":\"2024-10-28T13:33:25+00:00\",\"mainEntityOfPage\":{\"@id\":\"https:\\\/\\\/www.cidademarketing.com.br\\\/marketing\\\/2024\\\/10\\\/28\\\/prudential-apresenta-vidas-que-protegem\\\/\"},\"wordCount\":507,\"commentCount\":0,\"publisher\":{\"@id\":\"https:\\\/\\\/www.cidademarketing.com.br\\\/marketing\\\/#organization\"},\"image\":{\"@id\":\"https:\\\/\\\/www.cidademarketing.com.br\\\/marketing\\\/2024\\\/10\\\/28\\\/prudential-apresenta-vidas-que-protegem\\\/#primaryimage\"},\"thumbnailUrl\":\"https:\\\/\\\/www.cidademarketing.com.br\\\/marketing\\\/wp-content\\\/uploads\\\/2024\\\/10\\\/campanha_prudential_agenciamade_01.webp\",\"keywords\":[\"Ag\u00eancia Made\",\"\u00c1lvaro Rodrigues\",\"campanha\",\"comunica\u00e7\u00e3o\",\"estrat\u00e9gia\",\"marketing\",\"propaganda\",\"Prudential\",\"publicidade\",\"webs\u00e9rio\"],\"articleSection\":[\"Not\u00edcias\",\"Videos\"],\"inLanguage\":\"pt-BR\",\"potentialAction\":[{\"@type\":\"CommentAction\",\"name\":\"Comment\",\"target\":[\"https:\\\/\\\/www.cidademarketing.com.br\\\/marketing\\\/2024\\\/10\\\/28\\\/prudential-apresenta-vidas-que-protegem\\\/#respond\"]}]},{\"@type\":\"WebPage\",\"@id\":\"https:\\\/\\\/www.cidademarketing.com.br\\\/marketing\\\/2024\\\/10\\\/28\\\/prudential-apresenta-vidas-que-protegem\\\/\",\"url\":\"https:\\\/\\\/www.cidademarketing.com.br\\\/marketing\\\/2024\\\/10\\\/28\\\/prudential-apresenta-vidas-que-protegem\\\/\",\"name\":\"Prudential apresenta \u201cVidas que Protegem\u201d - CidadeMarketing\",\"isPartOf\":{\"@id\":\"https:\\\/\\\/www.cidademarketing.com.br\\\/marketing\\\/#website\"},\"primaryImageOfPage\":{\"@id\":\"https:\\\/\\\/www.cidademarketing.com.br\\\/marketing\\\/2024\\\/10\\\/28\\\/prudential-apresenta-vidas-que-protegem\\\/#primaryimage\"},\"image\":{\"@id\":\"https:\\\/\\\/www.cidademarketing.com.br\\\/marketing\\\/2024\\\/10\\\/28\\\/prudential-apresenta-vidas-que-protegem\\\/#primaryimage\"},\"thumbnailUrl\":\"https:\\\/\\\/www.cidademarketing.com.br\\\/marketing\\\/wp-content\\\/uploads\\\/2024\\\/10\\\/campanha_prudential_agenciamade_01.webp\",\"datePublished\":\"2024-10-28T13:33:25+00:00\",\"breadcrumb\":{\"@id\":\"https:\\\/\\\/www.cidademarketing.com.br\\\/marketing\\\/2024\\\/10\\\/28\\\/prudential-apresenta-vidas-que-protegem\\\/#breadcrumb\"},\"inLanguage\":\"pt-BR\",\"potentialAction\":[{\"@type\":\"ReadAction\",\"target\":[\"https:\\\/\\\/www.cidademarketing.com.br\\\/marketing\\\/2024\\\/10\\\/28\\\/prudential-apresenta-vidas-que-protegem\\\/\"]}]},{\"@type\":\"ImageObject\",\"inLanguage\":\"pt-BR\",\"@id\":\"https:\\\/\\\/www.cidademarketing.com.br\\\/marketing\\\/2024\\\/10\\\/28\\\/prudential-apresenta-vidas-que-protegem\\\/#primaryimage\",\"url\":\"https:\\\/\\\/www.cidademarketing.com.br\\\/marketing\\\/wp-content\\\/uploads\\\/2024\\\/10\\\/campanha_prudential_agenciamade_01.webp\",\"contentUrl\":\"https:\\\/\\\/www.cidademarketing.com.br\\\/marketing\\\/wp-content\\\/uploads\\\/2024\\\/10\\\/campanha_prudential_agenciamade_01.webp\",\"width\":1280,\"height\":720,\"caption\":\"Divulga\u00e7\u00e3o\"},{\"@type\":\"BreadcrumbList\",\"@id\":\"https:\\\/\\\/www.cidademarketing.com.br\\\/marketing\\\/2024\\\/10\\\/28\\\/prudential-apresenta-vidas-que-protegem\\\/#breadcrumb\",\"itemListElement\":[{\"@type\":\"ListItem\",\"position\":1,\"name\":\"In\u00edcio\",\"item\":\"https:\\\/\\\/www.cidademarketing.com.br\\\/marketing\\\/\"},{\"@type\":\"ListItem\",\"position\":2,\"name\":\"Prudential apresenta \u201cVidas que Protegem\u201d\"}]},{\"@type\":\"WebSite\",\"@id\":\"https:\\\/\\\/www.cidademarketing.com.br\\\/marketing\\\/#website\",\"url\":\"https:\\\/\\\/www.cidademarketing.com.br\\\/marketing\\\/\",\"name\":\"CidadeMarketing\",\"description\":\"Somos um ve\u00edculo de comunica\u00e7\u00e3o de destaque no Brasil, reconhecido por conte\u00fados nos segmentos de marketing, empreendedorismo e inova\u00e7\u00e3o.\",\"publisher\":{\"@id\":\"https:\\\/\\\/www.cidademarketing.com.br\\\/marketing\\\/#organization\"},\"alternateName\":\"CidadeMarketing\",\"potentialAction\":[{\"@type\":\"SearchAction\",\"target\":{\"@type\":\"EntryPoint\",\"urlTemplate\":\"https:\\\/\\\/www.cidademarketing.com.br\\\/marketing\\\/?s={search_term_string}\"},\"query-input\":{\"@type\":\"PropertyValueSpecification\",\"valueRequired\":true,\"valueName\":\"search_term_string\"}}],\"inLanguage\":\"pt-BR\"},{\"@type\":\"Organization\",\"@id\":\"https:\\\/\\\/www.cidademarketing.com.br\\\/marketing\\\/#organization\",\"name\":\"CidadeMarketing\",\"alternateName\":\"CidadeMarketing\",\"url\":\"https:\\\/\\\/www.cidademarketing.com.br\\\/marketing\\\/\",\"logo\":{\"@type\":\"ImageObject\",\"inLanguage\":\"pt-BR\",\"@id\":\"https:\\\/\\\/www.cidademarketing.com.br\\\/marketing\\\/#\\\/schema\\\/logo\\\/image\\\/\",\"url\":\"https:\\\/\\\/www.cidademarketing.com.br\\\/marketing\\\/wp-content\\\/uploads\\\/2020\\\/01\\\/cidademarketing_marca_mobile.png\",\"contentUrl\":\"https:\\\/\\\/www.cidademarketing.com.br\\\/marketing\\\/wp-content\\\/uploads\\\/2020\\\/01\\\/cidademarketing_marca_mobile.png\",\"width\":230,\"height\":92,\"caption\":\"CidadeMarketing\"},\"image\":{\"@id\":\"https:\\\/\\\/www.cidademarketing.com.br\\\/marketing\\\/#\\\/schema\\\/logo\\\/image\\\/\"},\"sameAs\":[\"https:\\\/\\\/www.facebook.com\\\/portalcidademarketing\",\"https:\\\/\\\/x.com\\\/CidadeMarketing\",\"https:\\\/\\\/www.instagram.com\\\/cidademarketing\\\/\"]},{\"@type\":\"Person\",\"@id\":\"https:\\\/\\\/www.cidademarketing.com.br\\\/marketing\\\/#\\\/schema\\\/person\\\/02daff9f18bd9378c9e01eb6b2db155f\",\"name\":\"Thales Brand\u00e3o\",\"image\":{\"@type\":\"ImageObject\",\"inLanguage\":\"pt-BR\",\"@id\":\"https:\\\/\\\/secure.gravatar.com\\\/avatar\\\/7ca3206950207cc3cb48feec56a8a7898741ab725c368d99d5d7a5a50aab80c6?s=96&d=mm&r=g\",\"url\":\"https:\\\/\\\/secure.gravatar.com\\\/avatar\\\/7ca3206950207cc3cb48feec56a8a7898741ab725c368d99d5d7a5a50aab80c6?s=96&d=mm&r=g\",\"contentUrl\":\"https:\\\/\\\/secure.gravatar.com\\\/avatar\\\/7ca3206950207cc3cb48feec56a8a7898741ab725c368d99d5d7a5a50aab80c6?s=96&d=mm&r=g\",\"caption\":\"Thales Brand\u00e3o\"},\"description\":\"Editor Executivo do Portal CidadeMarketing.com.br &gt; Mestre em Comunica\u00e7\u00e3o e Sociedade pela Universidade Federal de Sergipe. Possui MBA Executivo em Administra\u00e7\u00e3o com \u00eanfase em Marketing pela Funda\u00e7\u00e3o Get\u00falio Vargas - Rio de Janeiro. Consultor, Palestrante e Pesquisador sobre Empreendedorismo, Marketing, Redes Sociais e Neg\u00f3cios Digitais. Professor, Palestrante TedxTalks e Campus Party. Twitter: @ThalesBrandao\",\"sameAs\":[\"http:\\\/\\\/www.mandacaru.com.br\",\"https:\\\/\\\/www.facebook.com\\\/thalesbrandao\",\"http:\\\/\\\/www.instagram.com.br\\\/thalesbrandaoferreira\",\"https:\\\/\\\/www.linkedin.com\\\/in\\\/thales-brand\u00e3o-3948609\\\/\",\"https:\\\/\\\/x.com\\\/http:\\\/\\\/www.twitter.com\\\/thalesbrandao\"],\"url\":\"https:\\\/\\\/www.cidademarketing.com.br\\\/marketing\\\/author\\\/thalesbrandao\\\/\"}]}<\/script>\n<!-- \/ Yoast SEO plugin. -->","yoast_head_json":{"title":"Prudential apresenta \u201cVidas que Protegem\u201d - CidadeMarketing","robots":{"index":"index","follow":"follow","max-snippet":"max-snippet:-1","max-image-preview":"max-image-preview:large","max-video-preview":"max-video-preview:-1"},"canonical":"https:\/\/www.cidademarketing.com.br\/marketing\/2024\/10\/28\/prudential-apresenta-vidas-que-protegem\/","og_locale":"pt_BR","og_type":"article","og_title":"Prudential apresenta \u201cVidas que Protegem\u201d - CidadeMarketing","og_description":"A Prudential do Brasil iniciou neste m\u00eas, a nova temporada da webs\u00e9rie &#8220;Vidas que Protegem&#8221;, uma s\u00e9rie emocionante que enaltece o esp\u00edrito empreendedor de seus franqueados, cuja miss\u00e3o principal \u00e9 proteger vidas. Com o objetivo de motivar outros franqueados, despertar o interesse em novas pessoas que desejam empreender, e tamb\u00e9m, explicar o importante papel de [&hellip;]","og_url":"https:\/\/www.cidademarketing.com.br\/marketing\/2024\/10\/28\/prudential-apresenta-vidas-que-protegem\/","og_site_name":"CidadeMarketing","article_publisher":"https:\/\/www.facebook.com\/portalcidademarketing","article_author":"https:\/\/www.facebook.com\/thalesbrandao","article_published_time":"2024-10-28T13:33:25+00:00","og_image":[{"width":1280,"height":720,"url":"https:\/\/www.cidademarketing.com.br\/marketing\/wp-content\/uploads\/2024\/10\/campanha_prudential_agenciamade_01.webp","type":"image\/webp"}],"author":"Thales Brand\u00e3o","twitter_card":"summary_large_image","twitter_creator":"@http:\/\/www.twitter.com\/thalesbrandao","twitter_site":"@CidadeMarketing","twitter_misc":{"Escrito por":"Thales Brand\u00e3o","Est. tempo de leitura":"3 minutos"},"schema":{"@context":"https:\/\/schema.org","@graph":[{"@type":"Article","@id":"https:\/\/www.cidademarketing.com.br\/marketing\/2024\/10\/28\/prudential-apresenta-vidas-que-protegem\/#article","isPartOf":{"@id":"https:\/\/www.cidademarketing.com.br\/marketing\/2024\/10\/28\/prudential-apresenta-vidas-que-protegem\/"},"author":{"name":"Thales Brand\u00e3o","@id":"https:\/\/www.cidademarketing.com.br\/marketing\/#\/schema\/person\/02daff9f18bd9378c9e01eb6b2db155f"},"headline":"Prudential apresenta \u201cVidas que Protegem\u201d","datePublished":"2024-10-28T13:33:25+00:00","mainEntityOfPage":{"@id":"https:\/\/www.cidademarketing.com.br\/marketing\/2024\/10\/28\/prudential-apresenta-vidas-que-protegem\/"},"wordCount":507,"commentCount":0,"publisher":{"@id":"https:\/\/www.cidademarketing.com.br\/marketing\/#organization"},"image":{"@id":"https:\/\/www.cidademarketing.com.br\/marketing\/2024\/10\/28\/prudential-apresenta-vidas-que-protegem\/#primaryimage"},"thumbnailUrl":"https:\/\/www.cidademarketing.com.br\/marketing\/wp-content\/uploads\/2024\/10\/campanha_prudential_agenciamade_01.webp","keywords":["Ag\u00eancia Made","\u00c1lvaro Rodrigues","campanha","comunica\u00e7\u00e3o","estrat\u00e9gia","marketing","propaganda","Prudential","publicidade","webs\u00e9rio"],"articleSection":["Not\u00edcias","Videos"],"inLanguage":"pt-BR","potentialAction":[{"@type":"CommentAction","name":"Comment","target":["https:\/\/www.cidademarketing.com.br\/marketing\/2024\/10\/28\/prudential-apresenta-vidas-que-protegem\/#respond"]}]},{"@type":"WebPage","@id":"https:\/\/www.cidademarketing.com.br\/marketing\/2024\/10\/28\/prudential-apresenta-vidas-que-protegem\/","url":"https:\/\/www.cidademarketing.com.br\/marketing\/2024\/10\/28\/prudential-apresenta-vidas-que-protegem\/","name":"Prudential apresenta \u201cVidas que Protegem\u201d - CidadeMarketing","isPartOf":{"@id":"https:\/\/www.cidademarketing.com.br\/marketing\/#website"},"primaryImageOfPage":{"@id":"https:\/\/www.cidademarketing.com.br\/marketing\/2024\/10\/28\/prudential-apresenta-vidas-que-protegem\/#primaryimage"},"image":{"@id":"https:\/\/www.cidademarketing.com.br\/marketing\/2024\/10\/28\/prudential-apresenta-vidas-que-protegem\/#primaryimage"},"thumbnailUrl":"https:\/\/www.cidademarketing.com.br\/marketing\/wp-content\/uploads\/2024\/10\/campanha_prudential_agenciamade_01.webp","datePublished":"2024-10-28T13:33:25+00:00","breadcrumb":{"@id":"https:\/\/www.cidademarketing.com.br\/marketing\/2024\/10\/28\/prudential-apresenta-vidas-que-protegem\/#breadcrumb"},"inLanguage":"pt-BR","potentialAction":[{"@type":"ReadAction","target":["https:\/\/www.cidademarketing.com.br\/marketing\/2024\/10\/28\/prudential-apresenta-vidas-que-protegem\/"]}]},{"@type":"ImageObject","inLanguage":"pt-BR","@id":"https:\/\/www.cidademarketing.com.br\/marketing\/2024\/10\/28\/prudential-apresenta-vidas-que-protegem\/#primaryimage","url":"https:\/\/www.cidademarketing.com.br\/marketing\/wp-content\/uploads\/2024\/10\/campanha_prudential_agenciamade_01.webp","contentUrl":"https:\/\/www.cidademarketing.com.br\/marketing\/wp-content\/uploads\/2024\/10\/campanha_prudential_agenciamade_01.webp","width":1280,"height":720,"caption":"Divulga\u00e7\u00e3o"},{"@type":"BreadcrumbList","@id":"https:\/\/www.cidademarketing.com.br\/marketing\/2024\/10\/28\/prudential-apresenta-vidas-que-protegem\/#breadcrumb","itemListElement":[{"@type":"ListItem","position":1,"name":"In\u00edcio","item":"https:\/\/www.cidademarketing.com.br\/marketing\/"},{"@type":"ListItem","position":2,"name":"Prudential apresenta \u201cVidas que Protegem\u201d"}]},{"@type":"WebSite","@id":"https:\/\/www.cidademarketing.com.br\/marketing\/#website","url":"https:\/\/www.cidademarketing.com.br\/marketing\/","name":"CidadeMarketing","description":"Somos um ve\u00edculo de comunica\u00e7\u00e3o de destaque no Brasil, reconhecido por conte\u00fados nos segmentos de marketing, empreendedorismo e inova\u00e7\u00e3o.","publisher":{"@id":"https:\/\/www.cidademarketing.com.br\/marketing\/#organization"},"alternateName":"CidadeMarketing","potentialAction":[{"@type":"SearchAction","target":{"@type":"EntryPoint","urlTemplate":"https:\/\/www.cidademarketing.com.br\/marketing\/?s={search_term_string}"},"query-input":{"@type":"PropertyValueSpecification","valueRequired":true,"valueName":"search_term_string"}}],"inLanguage":"pt-BR"},{"@type":"Organization","@id":"https:\/\/www.cidademarketing.com.br\/marketing\/#organization","name":"CidadeMarketing","alternateName":"CidadeMarketing","url":"https:\/\/www.cidademarketing.com.br\/marketing\/","logo":{"@type":"ImageObject","inLanguage":"pt-BR","@id":"https:\/\/www.cidademarketing.com.br\/marketing\/#\/schema\/logo\/image\/","url":"https:\/\/www.cidademarketing.com.br\/marketing\/wp-content\/uploads\/2020\/01\/cidademarketing_marca_mobile.png","contentUrl":"https:\/\/www.cidademarketing.com.br\/marketing\/wp-content\/uploads\/2020\/01\/cidademarketing_marca_mobile.png","width":230,"height":92,"caption":"CidadeMarketing"},"image":{"@id":"https:\/\/www.cidademarketing.com.br\/marketing\/#\/schema\/logo\/image\/"},"sameAs":["https:\/\/www.facebook.com\/portalcidademarketing","https:\/\/x.com\/CidadeMarketing","https:\/\/www.instagram.com\/cidademarketing\/"]},{"@type":"Person","@id":"https:\/\/www.cidademarketing.com.br\/marketing\/#\/schema\/person\/02daff9f18bd9378c9e01eb6b2db155f","name":"Thales Brand\u00e3o","image":{"@type":"ImageObject","inLanguage":"pt-BR","@id":"https:\/\/secure.gravatar.com\/avatar\/7ca3206950207cc3cb48feec56a8a7898741ab725c368d99d5d7a5a50aab80c6?s=96&d=mm&r=g","url":"https:\/\/secure.gravatar.com\/avatar\/7ca3206950207cc3cb48feec56a8a7898741ab725c368d99d5d7a5a50aab80c6?s=96&d=mm&r=g","contentUrl":"https:\/\/secure.gravatar.com\/avatar\/7ca3206950207cc3cb48feec56a8a7898741ab725c368d99d5d7a5a50aab80c6?s=96&d=mm&r=g","caption":"Thales Brand\u00e3o"},"description":"Editor Executivo do Portal CidadeMarketing.com.br &gt; Mestre em Comunica\u00e7\u00e3o e Sociedade pela Universidade Federal de Sergipe. Possui MBA Executivo em Administra\u00e7\u00e3o com \u00eanfase em Marketing pela Funda\u00e7\u00e3o Get\u00falio Vargas - Rio de Janeiro. Consultor, Palestrante e Pesquisador sobre Empreendedorismo, Marketing, Redes Sociais e Neg\u00f3cios Digitais. Professor, Palestrante TedxTalks e Campus Party. Twitter: @ThalesBrandao","sameAs":["http:\/\/www.mandacaru.com.br","https:\/\/www.facebook.com\/thalesbrandao","http:\/\/www.instagram.com.br\/thalesbrandaoferreira","https:\/\/www.linkedin.com\/in\/thales-brand\u00e3o-3948609\/","https:\/\/x.com\/http:\/\/www.twitter.com\/thalesbrandao"],"url":"https:\/\/www.cidademarketing.com.br\/marketing\/author\/thalesbrandao\/"}]}},"amp_enabled":true,"_links":{"self":[{"href":"https:\/\/www.cidademarketing.com.br\/marketing\/wp-json\/wp\/v2\/posts\/53465","targetHints":{"allow":["GET"]}}],"collection":[{"href":"https:\/\/www.cidademarketing.com.br\/marketing\/wp-json\/wp\/v2\/posts"}],"about":[{"href":"https:\/\/www.cidademarketing.com.br\/marketing\/wp-json\/wp\/v2\/types\/post"}],"author":[{"embeddable":true,"href":"https:\/\/www.cidademarketing.com.br\/marketing\/wp-json\/wp\/v2\/users\/1"}],"replies":[{"embeddable":true,"href":"https:\/\/www.cidademarketing.com.br\/marketing\/wp-json\/wp\/v2\/comments?post=53465"}],"version-history":[{"count":1,"href":"https:\/\/www.cidademarketing.com.br\/marketing\/wp-json\/wp\/v2\/posts\/53465\/revisions"}],"predecessor-version":[{"id":53468,"href":"https:\/\/www.cidademarketing.com.br\/marketing\/wp-json\/wp\/v2\/posts\/53465\/revisions\/53468"}],"wp:featuredmedia":[{"embeddable":true,"href":"https:\/\/www.cidademarketing.com.br\/marketing\/wp-json\/wp\/v2\/media\/53467"}],"wp:attachment":[{"href":"https:\/\/www.cidademarketing.com.br\/marketing\/wp-json\/wp\/v2\/media?parent=53465"}],"wp:term":[{"taxonomy":"category","embeddable":true,"href":"https:\/\/www.cidademarketing.com.br\/marketing\/wp-json\/wp\/v2\/categories?post=53465"},{"taxonomy":"post_tag","embeddable":true,"href":"https:\/\/www.cidademarketing.com.br\/marketing\/wp-json\/wp\/v2\/tags?post=53465"}],"curies":[{"name":"wp","href":"https:\/\/api.w.org\/{rel}","templated":true}]}}