{"id":53193,"date":"2024-10-16T16:31:15","date_gmt":"2024-10-16T19:31:15","guid":{"rendered":"https:\/\/www.cidademarketing.com.br\/marketing\/?p=53193"},"modified":"2024-10-16T16:31:15","modified_gmt":"2024-10-16T19:31:15","slug":"nestle-anuncia-embalagens-100-feitas-de-plastico-reciclado","status":"publish","type":"post","link":"https:\/\/www.cidademarketing.com.br\/marketing\/2024\/10\/16\/nestle-anuncia-embalagens-100-feitas-de-plastico-reciclado\/","title":{"rendered":"Nestl\u00e9 anuncia embalagens 100% feitas de pl\u00e1stico reciclado"},"content":{"rendered":"<p>A Nestl\u00e9 acaba de dar mais um importante passo em dire\u00e7\u00e3o \u00e0 sustentabilidade. Em um comunicado publicado pelo CEO da Nestl\u00e9 Brasil, Marcelo Melchior, em seu perfil no LinkedIn, a gigante de alimentos anunciou o lan\u00e7amento de novas embalagens feitas com materiais 100% reciclados, utilizando um processo avan\u00e7ado certificado pela organiza\u00e7\u00e3o de sustentabilidade global ISCC.<\/p>\n<p><strong>KitKat: pioneiro em embalagens recicladas no Brasil<br \/>\n<\/strong>KitKat se tornou a primeira marca de chocolates no Brasil a adotar embalagens 100% feitas de pl\u00e1stico reciclado. O projeto foi realizado em um per\u00edodo de apenas oito meses ap\u00f3s a aprova\u00e7\u00e3o da Ag\u00eancia Nacional de Vigil\u00e2ncia Sanit\u00e1ria (ANVISA) para o uso de materiais reciclados p\u00f3s-consumo (PCR) em embalagens que entram em contato direto com alimentos. A iniciativa visa mostrar ao mercado a viabilidade dessas embalagens em larga escala, al\u00e9m de impulsionar a economia circular ao aumentar a demanda por materiais reciclados.<\/p>\n<figure id=\"attachment_53195\" aria-describedby=\"caption-attachment-53195\" style=\"width: 895px\" class=\"wp-caption alignnone\"><img fetchpriority=\"high\" decoding=\"async\" class=\"wp-image-53195 size-full\" src=\"https:\/\/www.cidademarketing.com.br\/marketing\/wp-content\/uploads\/2024\/10\/kitkat_plasticoreciclado_100_02.webp\" alt=\"\" width=\"895\" height=\"895\" srcset=\"https:\/\/www.cidademarketing.com.br\/marketing\/wp-content\/uploads\/2024\/10\/kitkat_plasticoreciclado_100_02.webp 895w, https:\/\/www.cidademarketing.com.br\/marketing\/wp-content\/uploads\/2024\/10\/kitkat_plasticoreciclado_100_02-300x300.webp 300w, https:\/\/www.cidademarketing.com.br\/marketing\/wp-content\/uploads\/2024\/10\/kitkat_plasticoreciclado_100_02-150x150.webp 150w, https:\/\/www.cidademarketing.com.br\/marketing\/wp-content\/uploads\/2024\/10\/kitkat_plasticoreciclado_100_02-768x768.webp 768w, https:\/\/www.cidademarketing.com.br\/marketing\/wp-content\/uploads\/2024\/10\/kitkat_plasticoreciclado_100_02-420x420.webp 420w, https:\/\/www.cidademarketing.com.br\/marketing\/wp-content\/uploads\/2024\/10\/kitkat_plasticoreciclado_100_02-640x640.webp 640w, https:\/\/www.cidademarketing.com.br\/marketing\/wp-content\/uploads\/2024\/10\/kitkat_plasticoreciclado_100_02-681x681.webp 681w\" sizes=\"(max-width: 895px) 100vw, 895px\" \/><figcaption id=\"caption-attachment-53195\" class=\"wp-caption-text\">Divulga\u00e7\u00e3o<\/figcaption><\/figure>\n<p><strong>Purina: embalagens sustent\u00e1veis para ra\u00e7\u00f5es<\/strong><br \/>\nAl\u00e9m do KitKat, a marca de ra\u00e7\u00f5es Purina tamb\u00e9m deu in\u00edcio a essa jornada sustent\u00e1vel. A empresa lan\u00e7ou embalagens contendo 30% de pl\u00e1stico reciclado (r-PE) obtido por meio de reciclagem avan\u00e7ada. O primeiro produto a adotar a nova embalagem \u00e9 a ra\u00e7\u00e3o Bonzo Adulto, com planos de expandir a iniciativa para toda a linha da marca gradativamente.<\/p>\n<figure id=\"attachment_53196\" aria-describedby=\"caption-attachment-53196\" style=\"width: 895px\" class=\"wp-caption alignnone\"><img decoding=\"async\" class=\"wp-image-53196 size-full\" src=\"https:\/\/www.cidademarketing.com.br\/marketing\/wp-content\/uploads\/2024\/10\/purina_plasticoreciclado_100_01.webp\" alt=\"\" width=\"895\" height=\"895\" srcset=\"https:\/\/www.cidademarketing.com.br\/marketing\/wp-content\/uploads\/2024\/10\/purina_plasticoreciclado_100_01.webp 895w, https:\/\/www.cidademarketing.com.br\/marketing\/wp-content\/uploads\/2024\/10\/purina_plasticoreciclado_100_01-300x300.webp 300w, https:\/\/www.cidademarketing.com.br\/marketing\/wp-content\/uploads\/2024\/10\/purina_plasticoreciclado_100_01-150x150.webp 150w, https:\/\/www.cidademarketing.com.br\/marketing\/wp-content\/uploads\/2024\/10\/purina_plasticoreciclado_100_01-768x768.webp 768w, https:\/\/www.cidademarketing.com.br\/marketing\/wp-content\/uploads\/2024\/10\/purina_plasticoreciclado_100_01-420x420.webp 420w, https:\/\/www.cidademarketing.com.br\/marketing\/wp-content\/uploads\/2024\/10\/purina_plasticoreciclado_100_01-640x640.webp 640w, https:\/\/www.cidademarketing.com.br\/marketing\/wp-content\/uploads\/2024\/10\/purina_plasticoreciclado_100_01-681x681.webp 681w\" sizes=\"(max-width: 895px) 100vw, 895px\" \/><figcaption id=\"caption-attachment-53196\" class=\"wp-caption-text\">Divulga\u00e7\u00e3o<\/figcaption><\/figure>\n<p><strong>Meta global de redu\u00e7\u00e3o de pl\u00e1stico virgem<\/strong><br \/>\nEsse movimento faz parte da meta global da Nestl\u00e9 de reduzir em um ter\u00e7o o uso de pl\u00e1stico virgem em suas embalagens at\u00e9 2025. At\u00e9 o momento, a empresa j\u00e1 atingiu 98% desse objetivo. Marcelo Melchior refor\u00e7ou a import\u00e2ncia de compartilhar cada conquista nessa jornada rumo a um futuro mais sustent\u00e1vel: \u201cCada avan\u00e7o \u00e9 mais um passo dado nessa dire\u00e7\u00e3o e merece ser compartilhado!\u201d.<\/p>\n<p>Com essas a\u00e7\u00f5es, a Nestl\u00e9 continua avan\u00e7ando no compromisso de projetar todas as suas embalagens para reciclagem ou reutiliza\u00e7\u00e3o, contribuindo para uma economia circular e para a redu\u00e7\u00e3o do impacto ambiental.<\/p>\n","protected":false},"excerpt":{"rendered":"<p>A Nestl\u00e9 acaba de dar mais um importante passo em dire\u00e7\u00e3o \u00e0 sustentabilidade. Em um comunicado publicado pelo CEO da Nestl\u00e9 Brasil, Marcelo Melchior, em seu perfil no LinkedIn, a gigante de alimentos anunciou o lan\u00e7amento de novas embalagens feitas com materiais 100% reciclados, utilizando um processo avan\u00e7ado certificado pela organiza\u00e7\u00e3o de sustentabilidade global ISCC. [&hellip;]<\/p>\n","protected":false},"author":1,"featured_media":53195,"comment_status":"open","ping_status":"open","sticky":false,"template":"","format":"standard","meta":{"tdm_status":"","tdm_grid_status":"","footnotes":""},"categories":[6],"tags":[158,6009,7798,33,7799,630,28,131,5279,5630,176],"class_list":["post-53193","post","type-post","status-publish","format-standard","has-post-thumbnail","hentry","category-noticias","tag-anvisa","tag-economia-circular","tag-embalagem-sustentavel","tag-estrategia","tag-iscc","tag-kitkat","tag-marketing","tag-nestle","tag-plastico","tag-purina","tag-sustentabilidade"],"yoast_head":"<!-- This site is optimized with the Yoast SEO plugin v27.5 - https:\/\/yoast.com\/product\/yoast-seo-wordpress\/ -->\n<title>Nestl\u00e9 anuncia embalagens 100% feitas de pl\u00e1stico reciclado - CidadeMarketing<\/title>\n<meta name=\"robots\" content=\"index, follow, max-snippet:-1, max-image-preview:large, max-video-preview:-1\" \/>\n<link rel=\"canonical\" href=\"https:\/\/www.cidademarketing.com.br\/marketing\/2024\/10\/16\/nestle-anuncia-embalagens-100-feitas-de-plastico-reciclado\/\" \/>\n<meta property=\"og:locale\" content=\"pt_BR\" \/>\n<meta property=\"og:type\" content=\"article\" \/>\n<meta property=\"og:title\" content=\"Nestl\u00e9 anuncia embalagens 100% feitas de pl\u00e1stico reciclado - CidadeMarketing\" \/>\n<meta property=\"og:description\" content=\"A Nestl\u00e9 acaba de dar mais um importante passo em dire\u00e7\u00e3o \u00e0 sustentabilidade. Em um comunicado publicado pelo CEO da Nestl\u00e9 Brasil, Marcelo Melchior, em seu perfil no LinkedIn, a gigante de alimentos anunciou o lan\u00e7amento de novas embalagens feitas com materiais 100% reciclados, utilizando um processo avan\u00e7ado certificado pela organiza\u00e7\u00e3o de sustentabilidade global ISCC. [&hellip;]\" \/>\n<meta property=\"og:url\" content=\"https:\/\/www.cidademarketing.com.br\/marketing\/2024\/10\/16\/nestle-anuncia-embalagens-100-feitas-de-plastico-reciclado\/\" \/>\n<meta property=\"og:site_name\" content=\"CidadeMarketing\" \/>\n<meta property=\"article:publisher\" content=\"https:\/\/www.facebook.com\/portalcidademarketing\" \/>\n<meta property=\"article:author\" content=\"https:\/\/www.facebook.com\/thalesbrandao\" \/>\n<meta property=\"article:published_time\" content=\"2024-10-16T19:31:15+00:00\" \/>\n<meta property=\"og:image\" content=\"https:\/\/www.cidademarketing.com.br\/marketing\/wp-content\/uploads\/2024\/10\/kitkat_plasticoreciclado_100_02.webp\" \/>\n\t<meta property=\"og:image:width\" content=\"895\" \/>\n\t<meta property=\"og:image:height\" content=\"895\" \/>\n\t<meta property=\"og:image:type\" content=\"image\/webp\" \/>\n<meta name=\"author\" content=\"Thales Brand\u00e3o\" \/>\n<meta name=\"twitter:card\" content=\"summary_large_image\" \/>\n<meta name=\"twitter:creator\" content=\"@http:\/\/www.twitter.com\/thalesbrandao\" \/>\n<meta name=\"twitter:site\" content=\"@CidadeMarketing\" \/>\n<meta name=\"twitter:label1\" content=\"Escrito por\" \/>\n\t<meta name=\"twitter:data1\" content=\"Thales Brand\u00e3o\" \/>\n\t<meta name=\"twitter:label2\" content=\"Est. tempo de leitura\" \/>\n\t<meta name=\"twitter:data2\" content=\"2 minutos\" \/>\n<script type=\"application\/ld+json\" class=\"yoast-schema-graph\">{\"@context\":\"https:\\\/\\\/schema.org\",\"@graph\":[{\"@type\":\"Article\",\"@id\":\"https:\\\/\\\/www.cidademarketing.com.br\\\/marketing\\\/2024\\\/10\\\/16\\\/nestle-anuncia-embalagens-100-feitas-de-plastico-reciclado\\\/#article\",\"isPartOf\":{\"@id\":\"https:\\\/\\\/www.cidademarketing.com.br\\\/marketing\\\/2024\\\/10\\\/16\\\/nestle-anuncia-embalagens-100-feitas-de-plastico-reciclado\\\/\"},\"author\":{\"name\":\"Thales Brand\u00e3o\",\"@id\":\"https:\\\/\\\/www.cidademarketing.com.br\\\/marketing\\\/#\\\/schema\\\/person\\\/02daff9f18bd9378c9e01eb6b2db155f\"},\"headline\":\"Nestl\u00e9 anuncia embalagens 100% feitas de pl\u00e1stico reciclado\",\"datePublished\":\"2024-10-16T19:31:15+00:00\",\"mainEntityOfPage\":{\"@id\":\"https:\\\/\\\/www.cidademarketing.com.br\\\/marketing\\\/2024\\\/10\\\/16\\\/nestle-anuncia-embalagens-100-feitas-de-plastico-reciclado\\\/\"},\"wordCount\":363,\"commentCount\":0,\"publisher\":{\"@id\":\"https:\\\/\\\/www.cidademarketing.com.br\\\/marketing\\\/#organization\"},\"image\":{\"@id\":\"https:\\\/\\\/www.cidademarketing.com.br\\\/marketing\\\/2024\\\/10\\\/16\\\/nestle-anuncia-embalagens-100-feitas-de-plastico-reciclado\\\/#primaryimage\"},\"thumbnailUrl\":\"https:\\\/\\\/www.cidademarketing.com.br\\\/marketing\\\/wp-content\\\/uploads\\\/2024\\\/10\\\/kitkat_plasticoreciclado_100_02.webp\",\"keywords\":[\"Anvisa\",\"economia circular\",\"embalagem sustent\u00e1vel\",\"estrat\u00e9gia\",\"ISCC\",\"KitKat\",\"marketing\",\"Nestl\u00e9\",\"pl\u00e1stico\",\"Purina\",\"sustentabilidade\"],\"articleSection\":[\"Not\u00edcias\"],\"inLanguage\":\"pt-BR\",\"potentialAction\":[{\"@type\":\"CommentAction\",\"name\":\"Comment\",\"target\":[\"https:\\\/\\\/www.cidademarketing.com.br\\\/marketing\\\/2024\\\/10\\\/16\\\/nestle-anuncia-embalagens-100-feitas-de-plastico-reciclado\\\/#respond\"]}]},{\"@type\":\"WebPage\",\"@id\":\"https:\\\/\\\/www.cidademarketing.com.br\\\/marketing\\\/2024\\\/10\\\/16\\\/nestle-anuncia-embalagens-100-feitas-de-plastico-reciclado\\\/\",\"url\":\"https:\\\/\\\/www.cidademarketing.com.br\\\/marketing\\\/2024\\\/10\\\/16\\\/nestle-anuncia-embalagens-100-feitas-de-plastico-reciclado\\\/\",\"name\":\"Nestl\u00e9 anuncia embalagens 100% feitas de pl\u00e1stico reciclado - CidadeMarketing\",\"isPartOf\":{\"@id\":\"https:\\\/\\\/www.cidademarketing.com.br\\\/marketing\\\/#website\"},\"primaryImageOfPage\":{\"@id\":\"https:\\\/\\\/www.cidademarketing.com.br\\\/marketing\\\/2024\\\/10\\\/16\\\/nestle-anuncia-embalagens-100-feitas-de-plastico-reciclado\\\/#primaryimage\"},\"image\":{\"@id\":\"https:\\\/\\\/www.cidademarketing.com.br\\\/marketing\\\/2024\\\/10\\\/16\\\/nestle-anuncia-embalagens-100-feitas-de-plastico-reciclado\\\/#primaryimage\"},\"thumbnailUrl\":\"https:\\\/\\\/www.cidademarketing.com.br\\\/marketing\\\/wp-content\\\/uploads\\\/2024\\\/10\\\/kitkat_plasticoreciclado_100_02.webp\",\"datePublished\":\"2024-10-16T19:31:15+00:00\",\"breadcrumb\":{\"@id\":\"https:\\\/\\\/www.cidademarketing.com.br\\\/marketing\\\/2024\\\/10\\\/16\\\/nestle-anuncia-embalagens-100-feitas-de-plastico-reciclado\\\/#breadcrumb\"},\"inLanguage\":\"pt-BR\",\"potentialAction\":[{\"@type\":\"ReadAction\",\"target\":[\"https:\\\/\\\/www.cidademarketing.com.br\\\/marketing\\\/2024\\\/10\\\/16\\\/nestle-anuncia-embalagens-100-feitas-de-plastico-reciclado\\\/\"]}]},{\"@type\":\"ImageObject\",\"inLanguage\":\"pt-BR\",\"@id\":\"https:\\\/\\\/www.cidademarketing.com.br\\\/marketing\\\/2024\\\/10\\\/16\\\/nestle-anuncia-embalagens-100-feitas-de-plastico-reciclado\\\/#primaryimage\",\"url\":\"https:\\\/\\\/www.cidademarketing.com.br\\\/marketing\\\/wp-content\\\/uploads\\\/2024\\\/10\\\/kitkat_plasticoreciclado_100_02.webp\",\"contentUrl\":\"https:\\\/\\\/www.cidademarketing.com.br\\\/marketing\\\/wp-content\\\/uploads\\\/2024\\\/10\\\/kitkat_plasticoreciclado_100_02.webp\",\"width\":895,\"height\":895,\"caption\":\"Divulga\u00e7\u00e3o\"},{\"@type\":\"BreadcrumbList\",\"@id\":\"https:\\\/\\\/www.cidademarketing.com.br\\\/marketing\\\/2024\\\/10\\\/16\\\/nestle-anuncia-embalagens-100-feitas-de-plastico-reciclado\\\/#breadcrumb\",\"itemListElement\":[{\"@type\":\"ListItem\",\"position\":1,\"name\":\"In\u00edcio\",\"item\":\"https:\\\/\\\/www.cidademarketing.com.br\\\/marketing\\\/\"},{\"@type\":\"ListItem\",\"position\":2,\"name\":\"Nestl\u00e9 anuncia embalagens 100% feitas de pl\u00e1stico reciclado\"}]},{\"@type\":\"WebSite\",\"@id\":\"https:\\\/\\\/www.cidademarketing.com.br\\\/marketing\\\/#website\",\"url\":\"https:\\\/\\\/www.cidademarketing.com.br\\\/marketing\\\/\",\"name\":\"CidadeMarketing\",\"description\":\"Somos um ve\u00edculo de comunica\u00e7\u00e3o de destaque no Brasil, reconhecido por conte\u00fados nos segmentos de marketing, empreendedorismo e inova\u00e7\u00e3o.\",\"publisher\":{\"@id\":\"https:\\\/\\\/www.cidademarketing.com.br\\\/marketing\\\/#organization\"},\"alternateName\":\"CidadeMarketing\",\"potentialAction\":[{\"@type\":\"SearchAction\",\"target\":{\"@type\":\"EntryPoint\",\"urlTemplate\":\"https:\\\/\\\/www.cidademarketing.com.br\\\/marketing\\\/?s={search_term_string}\"},\"query-input\":{\"@type\":\"PropertyValueSpecification\",\"valueRequired\":true,\"valueName\":\"search_term_string\"}}],\"inLanguage\":\"pt-BR\"},{\"@type\":\"Organization\",\"@id\":\"https:\\\/\\\/www.cidademarketing.com.br\\\/marketing\\\/#organization\",\"name\":\"CidadeMarketing\",\"alternateName\":\"CidadeMarketing\",\"url\":\"https:\\\/\\\/www.cidademarketing.com.br\\\/marketing\\\/\",\"logo\":{\"@type\":\"ImageObject\",\"inLanguage\":\"pt-BR\",\"@id\":\"https:\\\/\\\/www.cidademarketing.com.br\\\/marketing\\\/#\\\/schema\\\/logo\\\/image\\\/\",\"url\":\"https:\\\/\\\/www.cidademarketing.com.br\\\/marketing\\\/wp-content\\\/uploads\\\/2020\\\/01\\\/cidademarketing_marca_mobile.png\",\"contentUrl\":\"https:\\\/\\\/www.cidademarketing.com.br\\\/marketing\\\/wp-content\\\/uploads\\\/2020\\\/01\\\/cidademarketing_marca_mobile.png\",\"width\":230,\"height\":92,\"caption\":\"CidadeMarketing\"},\"image\":{\"@id\":\"https:\\\/\\\/www.cidademarketing.com.br\\\/marketing\\\/#\\\/schema\\\/logo\\\/image\\\/\"},\"sameAs\":[\"https:\\\/\\\/www.facebook.com\\\/portalcidademarketing\",\"https:\\\/\\\/x.com\\\/CidadeMarketing\",\"https:\\\/\\\/www.instagram.com\\\/cidademarketing\\\/\"]},{\"@type\":\"Person\",\"@id\":\"https:\\\/\\\/www.cidademarketing.com.br\\\/marketing\\\/#\\\/schema\\\/person\\\/02daff9f18bd9378c9e01eb6b2db155f\",\"name\":\"Thales Brand\u00e3o\",\"image\":{\"@type\":\"ImageObject\",\"inLanguage\":\"pt-BR\",\"@id\":\"https:\\\/\\\/secure.gravatar.com\\\/avatar\\\/7ca3206950207cc3cb48feec56a8a7898741ab725c368d99d5d7a5a50aab80c6?s=96&d=mm&r=g\",\"url\":\"https:\\\/\\\/secure.gravatar.com\\\/avatar\\\/7ca3206950207cc3cb48feec56a8a7898741ab725c368d99d5d7a5a50aab80c6?s=96&d=mm&r=g\",\"contentUrl\":\"https:\\\/\\\/secure.gravatar.com\\\/avatar\\\/7ca3206950207cc3cb48feec56a8a7898741ab725c368d99d5d7a5a50aab80c6?s=96&d=mm&r=g\",\"caption\":\"Thales Brand\u00e3o\"},\"description\":\"Editor Executivo do Portal CidadeMarketing.com.br &gt; Mestre em Comunica\u00e7\u00e3o e Sociedade pela Universidade Federal de Sergipe. Possui MBA Executivo em Administra\u00e7\u00e3o com \u00eanfase em Marketing pela Funda\u00e7\u00e3o Get\u00falio Vargas - Rio de Janeiro. Consultor, Palestrante e Pesquisador sobre Empreendedorismo, Marketing, Redes Sociais e Neg\u00f3cios Digitais. Professor, Palestrante TedxTalks e Campus Party. Twitter: @ThalesBrandao\",\"sameAs\":[\"http:\\\/\\\/www.mandacaru.com.br\",\"https:\\\/\\\/www.facebook.com\\\/thalesbrandao\",\"http:\\\/\\\/www.instagram.com.br\\\/thalesbrandaoferreira\",\"https:\\\/\\\/www.linkedin.com\\\/in\\\/thales-brand\u00e3o-3948609\\\/\",\"https:\\\/\\\/x.com\\\/http:\\\/\\\/www.twitter.com\\\/thalesbrandao\"],\"url\":\"https:\\\/\\\/www.cidademarketing.com.br\\\/marketing\\\/author\\\/thalesbrandao\\\/\"}]}<\/script>\n<!-- \/ Yoast SEO plugin. -->","yoast_head_json":{"title":"Nestl\u00e9 anuncia embalagens 100% feitas de pl\u00e1stico reciclado - CidadeMarketing","robots":{"index":"index","follow":"follow","max-snippet":"max-snippet:-1","max-image-preview":"max-image-preview:large","max-video-preview":"max-video-preview:-1"},"canonical":"https:\/\/www.cidademarketing.com.br\/marketing\/2024\/10\/16\/nestle-anuncia-embalagens-100-feitas-de-plastico-reciclado\/","og_locale":"pt_BR","og_type":"article","og_title":"Nestl\u00e9 anuncia embalagens 100% feitas de pl\u00e1stico reciclado - CidadeMarketing","og_description":"A Nestl\u00e9 acaba de dar mais um importante passo em dire\u00e7\u00e3o \u00e0 sustentabilidade. Em um comunicado publicado pelo CEO da Nestl\u00e9 Brasil, Marcelo Melchior, em seu perfil no LinkedIn, a gigante de alimentos anunciou o lan\u00e7amento de novas embalagens feitas com materiais 100% reciclados, utilizando um processo avan\u00e7ado certificado pela organiza\u00e7\u00e3o de sustentabilidade global ISCC. [&hellip;]","og_url":"https:\/\/www.cidademarketing.com.br\/marketing\/2024\/10\/16\/nestle-anuncia-embalagens-100-feitas-de-plastico-reciclado\/","og_site_name":"CidadeMarketing","article_publisher":"https:\/\/www.facebook.com\/portalcidademarketing","article_author":"https:\/\/www.facebook.com\/thalesbrandao","article_published_time":"2024-10-16T19:31:15+00:00","og_image":[{"width":895,"height":895,"url":"https:\/\/www.cidademarketing.com.br\/marketing\/wp-content\/uploads\/2024\/10\/kitkat_plasticoreciclado_100_02.webp","type":"image\/webp"}],"author":"Thales Brand\u00e3o","twitter_card":"summary_large_image","twitter_creator":"@http:\/\/www.twitter.com\/thalesbrandao","twitter_site":"@CidadeMarketing","twitter_misc":{"Escrito por":"Thales Brand\u00e3o","Est. tempo de leitura":"2 minutos"},"schema":{"@context":"https:\/\/schema.org","@graph":[{"@type":"Article","@id":"https:\/\/www.cidademarketing.com.br\/marketing\/2024\/10\/16\/nestle-anuncia-embalagens-100-feitas-de-plastico-reciclado\/#article","isPartOf":{"@id":"https:\/\/www.cidademarketing.com.br\/marketing\/2024\/10\/16\/nestle-anuncia-embalagens-100-feitas-de-plastico-reciclado\/"},"author":{"name":"Thales Brand\u00e3o","@id":"https:\/\/www.cidademarketing.com.br\/marketing\/#\/schema\/person\/02daff9f18bd9378c9e01eb6b2db155f"},"headline":"Nestl\u00e9 anuncia embalagens 100% feitas de pl\u00e1stico reciclado","datePublished":"2024-10-16T19:31:15+00:00","mainEntityOfPage":{"@id":"https:\/\/www.cidademarketing.com.br\/marketing\/2024\/10\/16\/nestle-anuncia-embalagens-100-feitas-de-plastico-reciclado\/"},"wordCount":363,"commentCount":0,"publisher":{"@id":"https:\/\/www.cidademarketing.com.br\/marketing\/#organization"},"image":{"@id":"https:\/\/www.cidademarketing.com.br\/marketing\/2024\/10\/16\/nestle-anuncia-embalagens-100-feitas-de-plastico-reciclado\/#primaryimage"},"thumbnailUrl":"https:\/\/www.cidademarketing.com.br\/marketing\/wp-content\/uploads\/2024\/10\/kitkat_plasticoreciclado_100_02.webp","keywords":["Anvisa","economia circular","embalagem sustent\u00e1vel","estrat\u00e9gia","ISCC","KitKat","marketing","Nestl\u00e9","pl\u00e1stico","Purina","sustentabilidade"],"articleSection":["Not\u00edcias"],"inLanguage":"pt-BR","potentialAction":[{"@type":"CommentAction","name":"Comment","target":["https:\/\/www.cidademarketing.com.br\/marketing\/2024\/10\/16\/nestle-anuncia-embalagens-100-feitas-de-plastico-reciclado\/#respond"]}]},{"@type":"WebPage","@id":"https:\/\/www.cidademarketing.com.br\/marketing\/2024\/10\/16\/nestle-anuncia-embalagens-100-feitas-de-plastico-reciclado\/","url":"https:\/\/www.cidademarketing.com.br\/marketing\/2024\/10\/16\/nestle-anuncia-embalagens-100-feitas-de-plastico-reciclado\/","name":"Nestl\u00e9 anuncia embalagens 100% feitas de pl\u00e1stico reciclado - CidadeMarketing","isPartOf":{"@id":"https:\/\/www.cidademarketing.com.br\/marketing\/#website"},"primaryImageOfPage":{"@id":"https:\/\/www.cidademarketing.com.br\/marketing\/2024\/10\/16\/nestle-anuncia-embalagens-100-feitas-de-plastico-reciclado\/#primaryimage"},"image":{"@id":"https:\/\/www.cidademarketing.com.br\/marketing\/2024\/10\/16\/nestle-anuncia-embalagens-100-feitas-de-plastico-reciclado\/#primaryimage"},"thumbnailUrl":"https:\/\/www.cidademarketing.com.br\/marketing\/wp-content\/uploads\/2024\/10\/kitkat_plasticoreciclado_100_02.webp","datePublished":"2024-10-16T19:31:15+00:00","breadcrumb":{"@id":"https:\/\/www.cidademarketing.com.br\/marketing\/2024\/10\/16\/nestle-anuncia-embalagens-100-feitas-de-plastico-reciclado\/#breadcrumb"},"inLanguage":"pt-BR","potentialAction":[{"@type":"ReadAction","target":["https:\/\/www.cidademarketing.com.br\/marketing\/2024\/10\/16\/nestle-anuncia-embalagens-100-feitas-de-plastico-reciclado\/"]}]},{"@type":"ImageObject","inLanguage":"pt-BR","@id":"https:\/\/www.cidademarketing.com.br\/marketing\/2024\/10\/16\/nestle-anuncia-embalagens-100-feitas-de-plastico-reciclado\/#primaryimage","url":"https:\/\/www.cidademarketing.com.br\/marketing\/wp-content\/uploads\/2024\/10\/kitkat_plasticoreciclado_100_02.webp","contentUrl":"https:\/\/www.cidademarketing.com.br\/marketing\/wp-content\/uploads\/2024\/10\/kitkat_plasticoreciclado_100_02.webp","width":895,"height":895,"caption":"Divulga\u00e7\u00e3o"},{"@type":"BreadcrumbList","@id":"https:\/\/www.cidademarketing.com.br\/marketing\/2024\/10\/16\/nestle-anuncia-embalagens-100-feitas-de-plastico-reciclado\/#breadcrumb","itemListElement":[{"@type":"ListItem","position":1,"name":"In\u00edcio","item":"https:\/\/www.cidademarketing.com.br\/marketing\/"},{"@type":"ListItem","position":2,"name":"Nestl\u00e9 anuncia embalagens 100% feitas de pl\u00e1stico reciclado"}]},{"@type":"WebSite","@id":"https:\/\/www.cidademarketing.com.br\/marketing\/#website","url":"https:\/\/www.cidademarketing.com.br\/marketing\/","name":"CidadeMarketing","description":"Somos um ve\u00edculo de comunica\u00e7\u00e3o de destaque no Brasil, reconhecido por conte\u00fados nos segmentos de marketing, empreendedorismo e inova\u00e7\u00e3o.","publisher":{"@id":"https:\/\/www.cidademarketing.com.br\/marketing\/#organization"},"alternateName":"CidadeMarketing","potentialAction":[{"@type":"SearchAction","target":{"@type":"EntryPoint","urlTemplate":"https:\/\/www.cidademarketing.com.br\/marketing\/?s={search_term_string}"},"query-input":{"@type":"PropertyValueSpecification","valueRequired":true,"valueName":"search_term_string"}}],"inLanguage":"pt-BR"},{"@type":"Organization","@id":"https:\/\/www.cidademarketing.com.br\/marketing\/#organization","name":"CidadeMarketing","alternateName":"CidadeMarketing","url":"https:\/\/www.cidademarketing.com.br\/marketing\/","logo":{"@type":"ImageObject","inLanguage":"pt-BR","@id":"https:\/\/www.cidademarketing.com.br\/marketing\/#\/schema\/logo\/image\/","url":"https:\/\/www.cidademarketing.com.br\/marketing\/wp-content\/uploads\/2020\/01\/cidademarketing_marca_mobile.png","contentUrl":"https:\/\/www.cidademarketing.com.br\/marketing\/wp-content\/uploads\/2020\/01\/cidademarketing_marca_mobile.png","width":230,"height":92,"caption":"CidadeMarketing"},"image":{"@id":"https:\/\/www.cidademarketing.com.br\/marketing\/#\/schema\/logo\/image\/"},"sameAs":["https:\/\/www.facebook.com\/portalcidademarketing","https:\/\/x.com\/CidadeMarketing","https:\/\/www.instagram.com\/cidademarketing\/"]},{"@type":"Person","@id":"https:\/\/www.cidademarketing.com.br\/marketing\/#\/schema\/person\/02daff9f18bd9378c9e01eb6b2db155f","name":"Thales Brand\u00e3o","image":{"@type":"ImageObject","inLanguage":"pt-BR","@id":"https:\/\/secure.gravatar.com\/avatar\/7ca3206950207cc3cb48feec56a8a7898741ab725c368d99d5d7a5a50aab80c6?s=96&d=mm&r=g","url":"https:\/\/secure.gravatar.com\/avatar\/7ca3206950207cc3cb48feec56a8a7898741ab725c368d99d5d7a5a50aab80c6?s=96&d=mm&r=g","contentUrl":"https:\/\/secure.gravatar.com\/avatar\/7ca3206950207cc3cb48feec56a8a7898741ab725c368d99d5d7a5a50aab80c6?s=96&d=mm&r=g","caption":"Thales Brand\u00e3o"},"description":"Editor Executivo do Portal CidadeMarketing.com.br &gt; Mestre em Comunica\u00e7\u00e3o e Sociedade pela Universidade Federal de Sergipe. Possui MBA Executivo em Administra\u00e7\u00e3o com \u00eanfase em Marketing pela Funda\u00e7\u00e3o Get\u00falio Vargas - Rio de Janeiro. Consultor, Palestrante e Pesquisador sobre Empreendedorismo, Marketing, Redes Sociais e Neg\u00f3cios Digitais. Professor, Palestrante TedxTalks e Campus Party. Twitter: @ThalesBrandao","sameAs":["http:\/\/www.mandacaru.com.br","https:\/\/www.facebook.com\/thalesbrandao","http:\/\/www.instagram.com.br\/thalesbrandaoferreira","https:\/\/www.linkedin.com\/in\/thales-brand\u00e3o-3948609\/","https:\/\/x.com\/http:\/\/www.twitter.com\/thalesbrandao"],"url":"https:\/\/www.cidademarketing.com.br\/marketing\/author\/thalesbrandao\/"}]}},"amp_enabled":true,"_links":{"self":[{"href":"https:\/\/www.cidademarketing.com.br\/marketing\/wp-json\/wp\/v2\/posts\/53193","targetHints":{"allow":["GET"]}}],"collection":[{"href":"https:\/\/www.cidademarketing.com.br\/marketing\/wp-json\/wp\/v2\/posts"}],"about":[{"href":"https:\/\/www.cidademarketing.com.br\/marketing\/wp-json\/wp\/v2\/types\/post"}],"author":[{"embeddable":true,"href":"https:\/\/www.cidademarketing.com.br\/marketing\/wp-json\/wp\/v2\/users\/1"}],"replies":[{"embeddable":true,"href":"https:\/\/www.cidademarketing.com.br\/marketing\/wp-json\/wp\/v2\/comments?post=53193"}],"version-history":[{"count":1,"href":"https:\/\/www.cidademarketing.com.br\/marketing\/wp-json\/wp\/v2\/posts\/53193\/revisions"}],"predecessor-version":[{"id":53197,"href":"https:\/\/www.cidademarketing.com.br\/marketing\/wp-json\/wp\/v2\/posts\/53193\/revisions\/53197"}],"wp:featuredmedia":[{"embeddable":true,"href":"https:\/\/www.cidademarketing.com.br\/marketing\/wp-json\/wp\/v2\/media\/53195"}],"wp:attachment":[{"href":"https:\/\/www.cidademarketing.com.br\/marketing\/wp-json\/wp\/v2\/media?parent=53193"}],"wp:term":[{"taxonomy":"category","embeddable":true,"href":"https:\/\/www.cidademarketing.com.br\/marketing\/wp-json\/wp\/v2\/categories?post=53193"},{"taxonomy":"post_tag","embeddable":true,"href":"https:\/\/www.cidademarketing.com.br\/marketing\/wp-json\/wp\/v2\/tags?post=53193"}],"curies":[{"name":"wp","href":"https:\/\/api.w.org\/{rel}","templated":true}]}}