{"id":53090,"date":"2024-10-11T14:52:15","date_gmt":"2024-10-11T17:52:15","guid":{"rendered":"https:\/\/www.cidademarketing.com.br\/marketing\/?p=53090"},"modified":"2024-10-11T14:54:20","modified_gmt":"2024-10-11T17:54:20","slug":"jardim-em-miniatura-e-agua-mineral-monte-claro-marcam-presenca-na-super-vendas-sergipe","status":"publish","type":"post","link":"https:\/\/www.cidademarketing.com.br\/marketing\/2024\/10\/11\/jardim-em-miniatura-e-agua-mineral-monte-claro-marcam-presenca-na-super-vendas-sergipe\/","title":{"rendered":"Jardim em Miniatura e \u00c1gua Mineral Monte Claro marcam presen\u00e7a na Super Vendas Sergipe"},"content":{"rendered":"<p>O Jardim em Miniatura marcou presen\u00e7a na maior feira de neg\u00f3cios de Sergipe, a Super Vendas Sergipe 2024, realizada no AM Malls, o Centro de Conven\u00e7\u00f5es de Aracaju. Em parceria com a \u00c1gua Mineral Monte Claro, a empresa especialista em terr\u00e1rios, mini jardins e bonsais trouxe sua expertise para o evento, decorando o estande da marca com pe\u00e7as naturais e exclusivas.<\/p>\n<p>O destaque ficou por conta de um mini jardim encantador, que inclu\u00eda uma \u00e1rvore em miniatura, musgos, plantas coloridas e um substrato especial, tudo acondicionado em uma elegante cumbuca de barro. A pe\u00e7a chamou aten\u00e7\u00e3o por uma charmosa cena de uma menininha no balan\u00e7o em madeira, bebendo \u00e1gua, uma refer\u00eancia \u00e0 identidade da marca Monte Claro, que busca representar a pureza, sabor e o frescor em seus produtos.<\/p>\n<figure id=\"attachment_53103\" aria-describedby=\"caption-attachment-53103\" style=\"width: 640px\" class=\"wp-caption alignnone\"><img fetchpriority=\"high\" decoding=\"async\" class=\"wp-image-53103 size-large\" src=\"https:\/\/www.cidademarketing.com.br\/marketing\/wp-content\/uploads\/2024\/10\/jardimemminiatura_terrario_minijardim_02-1024x663.webp\" alt=\"\" width=\"640\" height=\"414\" srcset=\"https:\/\/www.cidademarketing.com.br\/marketing\/wp-content\/uploads\/2024\/10\/jardimemminiatura_terrario_minijardim_02-1024x663.webp 1024w, https:\/\/www.cidademarketing.com.br\/marketing\/wp-content\/uploads\/2024\/10\/jardimemminiatura_terrario_minijardim_02-300x194.webp 300w, https:\/\/www.cidademarketing.com.br\/marketing\/wp-content\/uploads\/2024\/10\/jardimemminiatura_terrario_minijardim_02-768x497.webp 768w, https:\/\/www.cidademarketing.com.br\/marketing\/wp-content\/uploads\/2024\/10\/jardimemminiatura_terrario_minijardim_02-649x420.webp 649w, https:\/\/www.cidademarketing.com.br\/marketing\/wp-content\/uploads\/2024\/10\/jardimemminiatura_terrario_minijardim_02-341x220.webp 341w, https:\/\/www.cidademarketing.com.br\/marketing\/wp-content\/uploads\/2024\/10\/jardimemminiatura_terrario_minijardim_02-640x414.webp 640w, https:\/\/www.cidademarketing.com.br\/marketing\/wp-content\/uploads\/2024\/10\/jardimemminiatura_terrario_minijardim_02-681x441.webp 681w, https:\/\/www.cidademarketing.com.br\/marketing\/wp-content\/uploads\/2024\/10\/jardimemminiatura_terrario_minijardim_02.webp 1346w\" sizes=\"(max-width: 640px) 100vw, 640px\" \/><figcaption id=\"caption-attachment-53103\" class=\"wp-caption-text\">Divulga\u00e7\u00e3o<\/figcaption><\/figure>\n<p>&#8220;A parceria entre o <a href=\"https:\/\/www.instagram.com\/jardimemminiatura\/\" target=\"_blank\" rel=\"noopener\">Jardim em Miniatura<\/a> e a marca Monte Claro \u00e9 extremamente valiosa para nosso projeto de terr\u00e1rios, mini jardins e bonsais, pois ambos os neg\u00f3cios compartilham objetivos comuns relacionados \u00e0 vida, sa\u00fade, meio ambiente e sustentabilidade. Nossa presen\u00e7a no estande da Monte Claro atraiu pessoas interessadas em conhecer nossos projetos, compreendendo que nossas pe\u00e7as s\u00e3o ideais para decorar lares, escrit\u00f3rios ou presentear algu\u00e9m especial. Al\u00e9m disso, elas puderam conhecer de perto as t\u00e9cnicas que utilizamos no desenvolvimento de cada mini jardim,&#8221; afirmou Thales Brand\u00e3o, idealizador do Jardim em Miniatura.<\/p>\n<p>Al\u00e9m disso, o estande da \u00c1gua Mineral Monte Claro ofereceu uma experi\u00eancia interativa para os visitantes. Com um ambiente vivo, decorado com plantas naturais, a Monte Claro apresentou sua linha de produtos para degusta\u00e7\u00e3o, incluindo \u00e1guas minerais em garrafas de 290ml, 500ml, 1,5L e gal\u00f5es de 20L. Um dos pontos altos foi a cria\u00e7\u00e3o de coquet\u00e9is especiais feitos com os sucos da linha Monte Claro Fruits, dispon\u00edveis nos sabores Maracuj\u00e1, Guaran\u00e1 com A\u00e7a\u00ed, Uva e Citrus, preparados pelo bartender Samuel Oliveira.<\/p>\n\r\n                <style type=\"text\/css\">\r\n                    \r\n                    #tdi_1  .td-doubleSlider-2 .td-item1 {\r\n                        background: url(https:\/\/www.cidademarketing.com.br\/marketing\/wp-content\/uploads\/2024\/10\/monteclaro_aguamineral_fruits_sucos_04-80x60.webp) 0 0 no-repeat;\r\n                    }\r\n                    #tdi_1  .td-doubleSlider-2 .td-item2 {\r\n                        background: url(https:\/\/www.cidademarketing.com.br\/marketing\/wp-content\/uploads\/2024\/10\/monteclaro_aguamineral_fruits_sucos_03-80x60.webp) 0 0 no-repeat;\r\n                    }\r\n                    #tdi_1  .td-doubleSlider-2 .td-item3 {\r\n                        background: url(https:\/\/www.cidademarketing.com.br\/marketing\/wp-content\/uploads\/2024\/10\/monteclaro_aguamineral_fruits_sucos_02-80x60.webp) 0 0 no-repeat;\r\n                    }\r\n                    #tdi_1  .td-doubleSlider-2 .td-item4 {\r\n                        background: url(https:\/\/www.cidademarketing.com.br\/marketing\/wp-content\/uploads\/2024\/10\/monteclaro_aguamineral_fruits_sucos_05-80x60.webp) 0 0 no-repeat;\r\n                    }\r\n                    #tdi_1  .td-doubleSlider-2 .td-item5 {\r\n                        background: url(https:\/\/www.cidademarketing.com.br\/marketing\/wp-content\/uploads\/2024\/10\/monteclaro_aguamineral_fruits_sucos_06-80x60.webp) 0 0 no-repeat;\r\n                    }\r\n                    #tdi_1  .td-doubleSlider-2 .td-item6 {\r\n                        background: url(https:\/\/www.cidademarketing.com.br\/marketing\/wp-content\/uploads\/2024\/10\/monteclaro_aguamineral_fruits_sucos_01-80x60.webp) 0 0 no-repeat;\r\n                    }\r\n                    #tdi_1  .td-doubleSlider-2 .td-item7 {\r\n                        background: url(https:\/\/www.cidademarketing.com.br\/marketing\/wp-content\/uploads\/2024\/10\/monteclaro_aguamineral_fruits_sucos_07-80x60.webp) 0 0 no-repeat;\r\n                    }\r\n                    #tdi_1  .td-doubleSlider-2 .td-item8 {\r\n                        background: url(https:\/\/www.cidademarketing.com.br\/marketing\/wp-content\/uploads\/2024\/10\/monteclaro_aguamineral_fruits_sucos_08-80x60.webp) 0 0 no-repeat;\r\n                    }\r\n                    #tdi_1  .td-doubleSlider-2 .td-item9 {\r\n                        background: url(https:\/\/www.cidademarketing.com.br\/marketing\/wp-content\/uploads\/2024\/10\/monteclaro_aguamineral_fruits_sucos_09-80x60.webp) 0 0 no-repeat;\r\n                    }\r\n                <\/style>\r\n\r\n                <div id=\"tdi_1\" class=\"td-gallery td-slide-on-2-columns\">\r\n                    <div class=\"post_td_gallery\">\r\n                        <div class=\"td-gallery-slide-top\">\r\n                           <div class=\"td-gallery-title\"><\/div>\r\n\r\n                            <div class=\"td-gallery-controls-wrapper\">\r\n                                <div class=\"td-gallery-slide-count\"><span class=\"td-gallery-slide-item-focus\">1<\/span> de 9<\/div>\r\n                                <div class=\"td-gallery-slide-prev-next-but\">\r\n                                    <i class = \"td-icon-left doubleSliderPrevButton\"><\/i>\r\n                                    <i class = \"td-icon-right doubleSliderNextButton\"><\/i>\r\n                                <\/div>\r\n                            <\/div>\r\n                        <\/div>\r\n\r\n                        <div class = \"td-doubleSlider-1 \">\r\n                            <div class = \"td-slider\">\r\n                                \r\n                    <div class = \"td-slide-item td-item1\">\r\n                        <figure class=\"td-slide-galery-figure td-slide-popup-gallery\">\r\n                            <a class=\"slide-gallery-image-link\" href=\"https:\/\/www.cidademarketing.com.br\/marketing\/wp-content\/uploads\/2024\/10\/monteclaro_aguamineral_fruits_sucos_04.webp\" title=\"Marca Monte Claro\"  data-caption=\"\"  data-description=\"\">\r\n                                <img decoding=\"async\" src=\"https:\/\/www.cidademarketing.com.br\/marketing\/wp-content\/uploads\/2024\/10\/monteclaro_aguamineral_fruits_sucos_04-319x420.webp\" srcset=\"https:\/\/www.cidademarketing.com.br\/marketing\/wp-content\/uploads\/2024\/10\/monteclaro_aguamineral_fruits_sucos_04-319x420.webp 319w, https:\/\/www.cidademarketing.com.br\/marketing\/wp-content\/uploads\/2024\/10\/monteclaro_aguamineral_fruits_sucos_04-228x300.webp 228w, https:\/\/www.cidademarketing.com.br\/marketing\/wp-content\/uploads\/2024\/10\/monteclaro_aguamineral_fruits_sucos_04-640x841.webp 640w, https:\/\/www.cidademarketing.com.br\/marketing\/wp-content\/uploads\/2024\/10\/monteclaro_aguamineral_fruits_sucos_04-681x895.webp 681w, https:\/\/www.cidademarketing.com.br\/marketing\/wp-content\/uploads\/2024\/10\/monteclaro_aguamineral_fruits_sucos_04.webp 683w\" sizes=\"(max-width: 319px) 100vw, 319px\" alt=\"\">\r\n                            <\/a>\r\n                            \r\n                        <\/figure>\r\n                    <\/div>\r\n                    <div class = \"td-slide-item td-item2\">\r\n                        <figure class=\"td-slide-galery-figure td-slide-popup-gallery\">\r\n                            <a class=\"slide-gallery-image-link\" href=\"https:\/\/www.cidademarketing.com.br\/marketing\/wp-content\/uploads\/2024\/10\/monteclaro_aguamineral_fruits_sucos_03.webp\" title=\"Marca Monte Claro\"  data-caption=\"\"  data-description=\"\">\r\n                                <img decoding=\"async\" src=\"https:\/\/www.cidademarketing.com.br\/marketing\/wp-content\/uploads\/2024\/10\/monteclaro_aguamineral_fruits_sucos_03-319x420.webp\" srcset=\"https:\/\/www.cidademarketing.com.br\/marketing\/wp-content\/uploads\/2024\/10\/monteclaro_aguamineral_fruits_sucos_03-319x420.webp 319w, https:\/\/www.cidademarketing.com.br\/marketing\/wp-content\/uploads\/2024\/10\/monteclaro_aguamineral_fruits_sucos_03-228x300.webp 228w, https:\/\/www.cidademarketing.com.br\/marketing\/wp-content\/uploads\/2024\/10\/monteclaro_aguamineral_fruits_sucos_03-640x841.webp 640w, https:\/\/www.cidademarketing.com.br\/marketing\/wp-content\/uploads\/2024\/10\/monteclaro_aguamineral_fruits_sucos_03-681x895.webp 681w, https:\/\/www.cidademarketing.com.br\/marketing\/wp-content\/uploads\/2024\/10\/monteclaro_aguamineral_fruits_sucos_03.webp 683w\" sizes=\"(max-width: 319px) 100vw, 319px\" alt=\"\">\r\n                            <\/a>\r\n                            \r\n                        <\/figure>\r\n                    <\/div>\r\n                    <div class = \"td-slide-item td-item3\">\r\n                        <figure class=\"td-slide-galery-figure td-slide-popup-gallery\">\r\n                            <a class=\"slide-gallery-image-link\" href=\"https:\/\/www.cidademarketing.com.br\/marketing\/wp-content\/uploads\/2024\/10\/monteclaro_aguamineral_fruits_sucos_02.webp\" title=\"Marca Monte Claro\"  data-caption=\"\"  data-description=\"\">\r\n                                <img decoding=\"async\" src=\"https:\/\/www.cidademarketing.com.br\/marketing\/wp-content\/uploads\/2024\/10\/monteclaro_aguamineral_fruits_sucos_02-319x420.webp\" srcset=\"https:\/\/www.cidademarketing.com.br\/marketing\/wp-content\/uploads\/2024\/10\/monteclaro_aguamineral_fruits_sucos_02-319x420.webp 319w, https:\/\/www.cidademarketing.com.br\/marketing\/wp-content\/uploads\/2024\/10\/monteclaro_aguamineral_fruits_sucos_02-228x300.webp 228w, https:\/\/www.cidademarketing.com.br\/marketing\/wp-content\/uploads\/2024\/10\/monteclaro_aguamineral_fruits_sucos_02-640x841.webp 640w, https:\/\/www.cidademarketing.com.br\/marketing\/wp-content\/uploads\/2024\/10\/monteclaro_aguamineral_fruits_sucos_02-681x895.webp 681w, https:\/\/www.cidademarketing.com.br\/marketing\/wp-content\/uploads\/2024\/10\/monteclaro_aguamineral_fruits_sucos_02.webp 683w\" sizes=\"(max-width: 319px) 100vw, 319px\" alt=\"\">\r\n                            <\/a>\r\n                            \r\n                        <\/figure>\r\n                    <\/div>\r\n                    <div class = \"td-slide-item td-item4\">\r\n                        <figure class=\"td-slide-galery-figure td-slide-popup-gallery\">\r\n                            <a class=\"slide-gallery-image-link\" href=\"https:\/\/www.cidademarketing.com.br\/marketing\/wp-content\/uploads\/2024\/10\/monteclaro_aguamineral_fruits_sucos_05.webp\" title=\"Marca Monte Claro\"  data-caption=\"\"  data-description=\"\">\r\n                                <img decoding=\"async\" src=\"https:\/\/www.cidademarketing.com.br\/marketing\/wp-content\/uploads\/2024\/10\/monteclaro_aguamineral_fruits_sucos_05-319x420.webp\" srcset=\"https:\/\/www.cidademarketing.com.br\/marketing\/wp-content\/uploads\/2024\/10\/monteclaro_aguamineral_fruits_sucos_05-319x420.webp 319w, https:\/\/www.cidademarketing.com.br\/marketing\/wp-content\/uploads\/2024\/10\/monteclaro_aguamineral_fruits_sucos_05-228x300.webp 228w, https:\/\/www.cidademarketing.com.br\/marketing\/wp-content\/uploads\/2024\/10\/monteclaro_aguamineral_fruits_sucos_05-640x841.webp 640w, https:\/\/www.cidademarketing.com.br\/marketing\/wp-content\/uploads\/2024\/10\/monteclaro_aguamineral_fruits_sucos_05-681x895.webp 681w, https:\/\/www.cidademarketing.com.br\/marketing\/wp-content\/uploads\/2024\/10\/monteclaro_aguamineral_fruits_sucos_05.webp 683w\" sizes=\"(max-width: 319px) 100vw, 319px\" alt=\"\">\r\n                            <\/a>\r\n                            \r\n                        <\/figure>\r\n                    <\/div>\r\n                    <div class = \"td-slide-item td-item5\">\r\n                        <figure class=\"td-slide-galery-figure td-slide-popup-gallery\">\r\n                            <a class=\"slide-gallery-image-link\" href=\"https:\/\/www.cidademarketing.com.br\/marketing\/wp-content\/uploads\/2024\/10\/monteclaro_aguamineral_fruits_sucos_06.webp\" title=\"Marca Monte Claro\"  data-caption=\"\"  data-description=\"\">\r\n                                <img decoding=\"async\" src=\"https:\/\/www.cidademarketing.com.br\/marketing\/wp-content\/uploads\/2024\/10\/monteclaro_aguamineral_fruits_sucos_06-319x420.webp\" srcset=\"https:\/\/www.cidademarketing.com.br\/marketing\/wp-content\/uploads\/2024\/10\/monteclaro_aguamineral_fruits_sucos_06-319x420.webp 319w, https:\/\/www.cidademarketing.com.br\/marketing\/wp-content\/uploads\/2024\/10\/monteclaro_aguamineral_fruits_sucos_06-228x300.webp 228w, https:\/\/www.cidademarketing.com.br\/marketing\/wp-content\/uploads\/2024\/10\/monteclaro_aguamineral_fruits_sucos_06-640x841.webp 640w, https:\/\/www.cidademarketing.com.br\/marketing\/wp-content\/uploads\/2024\/10\/monteclaro_aguamineral_fruits_sucos_06-681x895.webp 681w, https:\/\/www.cidademarketing.com.br\/marketing\/wp-content\/uploads\/2024\/10\/monteclaro_aguamineral_fruits_sucos_06.webp 683w\" sizes=\"(max-width: 319px) 100vw, 319px\" alt=\"\">\r\n                            <\/a>\r\n                            \r\n                        <\/figure>\r\n                    <\/div>\r\n                    <div class = \"td-slide-item td-item6\">\r\n                        <figure class=\"td-slide-galery-figure td-slide-popup-gallery\">\r\n                            <a class=\"slide-gallery-image-link\" href=\"https:\/\/www.cidademarketing.com.br\/marketing\/wp-content\/uploads\/2024\/10\/monteclaro_aguamineral_fruits_sucos_01.webp\" title=\"Marca Monte Claro\"  data-caption=\"\"  data-description=\"\">\r\n                                <img decoding=\"async\" src=\"https:\/\/www.cidademarketing.com.br\/marketing\/wp-content\/uploads\/2024\/10\/monteclaro_aguamineral_fruits_sucos_01-319x420.webp\" srcset=\"https:\/\/www.cidademarketing.com.br\/marketing\/wp-content\/uploads\/2024\/10\/monteclaro_aguamineral_fruits_sucos_01-319x420.webp 319w, https:\/\/www.cidademarketing.com.br\/marketing\/wp-content\/uploads\/2024\/10\/monteclaro_aguamineral_fruits_sucos_01-228x300.webp 228w, https:\/\/www.cidademarketing.com.br\/marketing\/wp-content\/uploads\/2024\/10\/monteclaro_aguamineral_fruits_sucos_01-640x841.webp 640w, https:\/\/www.cidademarketing.com.br\/marketing\/wp-content\/uploads\/2024\/10\/monteclaro_aguamineral_fruits_sucos_01-681x895.webp 681w, https:\/\/www.cidademarketing.com.br\/marketing\/wp-content\/uploads\/2024\/10\/monteclaro_aguamineral_fruits_sucos_01.webp 683w\" sizes=\"(max-width: 319px) 100vw, 319px\" alt=\"\">\r\n                            <\/a>\r\n                            \r\n                        <\/figure>\r\n                    <\/div>\r\n                    <div class = \"td-slide-item td-item7\">\r\n                        <figure class=\"td-slide-galery-figure td-slide-popup-gallery\">\r\n                            <a class=\"slide-gallery-image-link\" href=\"https:\/\/www.cidademarketing.com.br\/marketing\/wp-content\/uploads\/2024\/10\/monteclaro_aguamineral_fruits_sucos_07.webp\" title=\"Marca Monte Claro\"  data-caption=\"\"  data-description=\"\">\r\n                                <img decoding=\"async\" src=\"https:\/\/www.cidademarketing.com.br\/marketing\/wp-content\/uploads\/2024\/10\/monteclaro_aguamineral_fruits_sucos_07-319x420.webp\" srcset=\"https:\/\/www.cidademarketing.com.br\/marketing\/wp-content\/uploads\/2024\/10\/monteclaro_aguamineral_fruits_sucos_07-319x420.webp 319w, https:\/\/www.cidademarketing.com.br\/marketing\/wp-content\/uploads\/2024\/10\/monteclaro_aguamineral_fruits_sucos_07-228x300.webp 228w, https:\/\/www.cidademarketing.com.br\/marketing\/wp-content\/uploads\/2024\/10\/monteclaro_aguamineral_fruits_sucos_07-640x841.webp 640w, https:\/\/www.cidademarketing.com.br\/marketing\/wp-content\/uploads\/2024\/10\/monteclaro_aguamineral_fruits_sucos_07-681x895.webp 681w, https:\/\/www.cidademarketing.com.br\/marketing\/wp-content\/uploads\/2024\/10\/monteclaro_aguamineral_fruits_sucos_07.webp 683w\" sizes=\"(max-width: 319px) 100vw, 319px\" alt=\"\">\r\n                            <\/a>\r\n                            \r\n                        <\/figure>\r\n                    <\/div>\r\n                    <div class = \"td-slide-item td-item8\">\r\n                        <figure class=\"td-slide-galery-figure td-slide-popup-gallery\">\r\n                            <a class=\"slide-gallery-image-link\" href=\"https:\/\/www.cidademarketing.com.br\/marketing\/wp-content\/uploads\/2024\/10\/monteclaro_aguamineral_fruits_sucos_08.webp\" title=\"Marca Monte Claro\"  data-caption=\"\"  data-description=\"\">\r\n                                <img decoding=\"async\" src=\"https:\/\/www.cidademarketing.com.br\/marketing\/wp-content\/uploads\/2024\/10\/monteclaro_aguamineral_fruits_sucos_08-319x420.webp\" srcset=\"https:\/\/www.cidademarketing.com.br\/marketing\/wp-content\/uploads\/2024\/10\/monteclaro_aguamineral_fruits_sucos_08-319x420.webp 319w, https:\/\/www.cidademarketing.com.br\/marketing\/wp-content\/uploads\/2024\/10\/monteclaro_aguamineral_fruits_sucos_08-228x300.webp 228w, https:\/\/www.cidademarketing.com.br\/marketing\/wp-content\/uploads\/2024\/10\/monteclaro_aguamineral_fruits_sucos_08-640x841.webp 640w, https:\/\/www.cidademarketing.com.br\/marketing\/wp-content\/uploads\/2024\/10\/monteclaro_aguamineral_fruits_sucos_08-681x895.webp 681w, https:\/\/www.cidademarketing.com.br\/marketing\/wp-content\/uploads\/2024\/10\/monteclaro_aguamineral_fruits_sucos_08.webp 683w\" sizes=\"(max-width: 319px) 100vw, 319px\" alt=\"\">\r\n                            <\/a>\r\n                            \r\n                        <\/figure>\r\n                    <\/div>\r\n                    <div class = \"td-slide-item td-item9\">\r\n                        <figure class=\"td-slide-galery-figure td-slide-popup-gallery\">\r\n                            <a class=\"slide-gallery-image-link\" href=\"https:\/\/www.cidademarketing.com.br\/marketing\/wp-content\/uploads\/2024\/10\/monteclaro_aguamineral_fruits_sucos_09.webp\" title=\"Marca Monte Claro\"  data-caption=\"\"  data-description=\"\">\r\n                                <img decoding=\"async\" src=\"https:\/\/www.cidademarketing.com.br\/marketing\/wp-content\/uploads\/2024\/10\/monteclaro_aguamineral_fruits_sucos_09-563x420.webp\" srcset=\"https:\/\/www.cidademarketing.com.br\/marketing\/wp-content\/uploads\/2024\/10\/monteclaro_aguamineral_fruits_sucos_09-563x420.webp 563w, https:\/\/www.cidademarketing.com.br\/marketing\/wp-content\/uploads\/2024\/10\/monteclaro_aguamineral_fruits_sucos_09-300x224.webp 300w, https:\/\/www.cidademarketing.com.br\/marketing\/wp-content\/uploads\/2024\/10\/monteclaro_aguamineral_fruits_sucos_09-1024x764.webp 1024w, https:\/\/www.cidademarketing.com.br\/marketing\/wp-content\/uploads\/2024\/10\/monteclaro_aguamineral_fruits_sucos_09-768x573.webp 768w, https:\/\/www.cidademarketing.com.br\/marketing\/wp-content\/uploads\/2024\/10\/monteclaro_aguamineral_fruits_sucos_09-80x60.webp 80w, https:\/\/www.cidademarketing.com.br\/marketing\/wp-content\/uploads\/2024\/10\/monteclaro_aguamineral_fruits_sucos_09-100x75.webp 100w, https:\/\/www.cidademarketing.com.br\/marketing\/wp-content\/uploads\/2024\/10\/monteclaro_aguamineral_fruits_sucos_09-180x135.webp 180w, https:\/\/www.cidademarketing.com.br\/marketing\/wp-content\/uploads\/2024\/10\/monteclaro_aguamineral_fruits_sucos_09-238x178.webp 238w, https:\/\/www.cidademarketing.com.br\/marketing\/wp-content\/uploads\/2024\/10\/monteclaro_aguamineral_fruits_sucos_09-265x198.webp 265w, https:\/\/www.cidademarketing.com.br\/marketing\/wp-content\/uploads\/2024\/10\/monteclaro_aguamineral_fruits_sucos_09-640x477.webp 640w, https:\/\/www.cidademarketing.com.br\/marketing\/wp-content\/uploads\/2024\/10\/monteclaro_aguamineral_fruits_sucos_09-681x508.webp 681w, https:\/\/www.cidademarketing.com.br\/marketing\/wp-content\/uploads\/2024\/10\/monteclaro_aguamineral_fruits_sucos_09.webp 1199w\" sizes=\"(max-width: 563px) 100vw, 563px\" alt=\"\">\r\n                            <\/a>\r\n                            \r\n                        <\/figure>\r\n                    <\/div>\r\n                            <\/div>\r\n                        <\/div>\r\n\r\n                        <div class = \"td-doubleSlider-2\">\r\n                            <div class = \"td-slider\">\r\n                                \r\n                    <div class = \"td-button td-item1\">\r\n                        <div class = \"td-border\"><\/div>\r\n                    <\/div>\r\n                    <div class = \"td-button td-item2\">\r\n                        <div class = \"td-border\"><\/div>\r\n                    <\/div>\r\n                    <div class = \"td-button td-item3\">\r\n                        <div class = \"td-border\"><\/div>\r\n                    <\/div>\r\n                    <div class = \"td-button td-item4\">\r\n                        <div class = \"td-border\"><\/div>\r\n                    <\/div>\r\n                    <div class = \"td-button td-item5\">\r\n                        <div class = \"td-border\"><\/div>\r\n                    <\/div>\r\n                    <div class = \"td-button td-item6\">\r\n                        <div class = \"td-border\"><\/div>\r\n                    <\/div>\r\n                    <div class = \"td-button td-item7\">\r\n                        <div class = \"td-border\"><\/div>\r\n                    <\/div>\r\n                    <div class = \"td-button td-item8\">\r\n                        <div class = \"td-border\"><\/div>\r\n                    <\/div>\r\n                    <div class = \"td-button td-item9\">\r\n                        <div class = \"td-border\"><\/div>\r\n                    <\/div>\r\n                            <\/div>\r\n                        <\/div>\r\n\r\n                    <\/div>\r\n\r\n                <\/div>\r\n                \n<p>Como parte da estrat\u00e9gia de engajamento, os visitantes puderam participar de um sorteio exclusivo de um terr\u00e1rio em vidro, produzido especialmente para a feira. A pe\u00e7a, com uma miniatura de uma menina sentada em um campo verde de musgos e mini plantas coloridas, foi uma das atra\u00e7\u00f5es mais cobi\u00e7adas. A campanha tamb\u00e9m incluiu o uso de um QR Code din\u00e2mico, permitindo que os visitantes se inscrevessem no sorteio e fortalecessem o relacionamento com as marcas atrav\u00e9s da gera\u00e7\u00e3o de leads.<\/p>\n<p>&#8220;O evento \u00e9 fundamental para a exposi\u00e7\u00e3o da marca Monte Claro, que tem crescido a cada dia, atendendo as fam\u00edlias brasileiras com um produto vital: a \u00e1gua mineral. Al\u00e9m disso, apresentamos nosso portf\u00f3lio Monte Claro Fruits, que inclui nossa linha de sucos. Criamos uma experi\u00eancia interativa para os visitantes da feira, permitindo que conhe\u00e7am nossos produtos e estreitando o relacionamento com todos os interessados, incluindo clientes, fornecedores e a sociedade como um todo&#8221;, afirma Japiassu Ramalho, fundador e diretor da Monte Claro.<\/p>\n<p>A Monte Claro tamb\u00e9m apostou em uma ampla campanha de divulga\u00e7\u00e3o, com v\u00eddeos institucionais, bandeirolas, ecobags, bal\u00e3o infl\u00e1vel, flyers e um card\u00e1pio especial de drinks, al\u00e9m de cartazes e conte\u00fados desenvolvidos para as <a href=\"https:\/\/www.instagram.com\/aguamonteclaro\/\" target=\"_blank\" rel=\"noopener\">redes sociais<\/a>, refor\u00e7ando sua presen\u00e7a digital.<\/p>\n<div style=\"width: 640px;\" class=\"wp-video\"><video class=\"wp-video-shortcode\" id=\"video-53090-1\" width=\"640\" height=\"362\" preload=\"metadata\" controls=\"controls\"><source type=\"video\/mp4\" src=\"https:\/\/www.cidademarketing.com.br\/marketing\/wp-content\/uploads\/2024\/10\/monteclaro_aguamineral_sucos_japiassu.mp4?_=1\" \/><a href=\"https:\/\/www.cidademarketing.com.br\/marketing\/wp-content\/uploads\/2024\/10\/monteclaro_aguamineral_sucos_japiassu.mp4\">https:\/\/www.cidademarketing.com.br\/marketing\/wp-content\/uploads\/2024\/10\/monteclaro_aguamineral_sucos_japiassu.mp4<\/a><\/video><\/div>\n<p>&nbsp;<\/p>\n<p><strong>Sobre a marca Monte Claro<\/strong><br \/>\nFundada em 2010, a <a href=\"https:\/\/aguamonteclaro.com.br\/\" target=\"_blank\" rel=\"noopener\">Monte Claro<\/a> \u00e9 uma marca renomada no segmento de bebidas, consolidando-se como refer\u00eancia na vida dos brasileiros. Com um portf\u00f3lio diversificado que inclui \u00e1gua mineral de alta qualidade e sucos saborosos, a empresa atende uma ampla rede de varejo em Sergipe e nas regi\u00f5es circunvizinhas de Alagoas e Bahia. Seus produtos s\u00e3o distribu\u00eddos em supermercados, minimercados e restaurantes, al\u00e9m de incentivar pequenos empreendedores locais.<br \/>\nComprometida com o bem-estar e a sa\u00fade esportiva, a Monte Claro patrocina e apoia uma variedade de eventos esportivos, como corridas de rua, times de futebol, surfe, beach tennis, futev\u00f4lei e v\u00f4lei de praia, promovendo um estilo de vida ativo e saud\u00e1vel.<br \/>\nA f\u00e1brica da Monte Claro est\u00e1 situada na Ch\u00e1cara \u00c1guas Claras, no Povoado Aningas, em S\u00e3o Crist\u00f3v\u00e3o\/SE, onde a marca mant\u00e9m seu compromisso com a qualidade e a sustentabilidade. Com um foco em responsabilidade social e sa\u00fade, a Monte Claro continua a ser uma escolha confi\u00e1vel e preferida entre os consumidores.<\/p>\n<p><strong>Sobre a Super Vendas Sergipe 2024<\/strong><br \/>\nAp\u00f3s nove anos sem edi\u00e7\u00f5es, a Super Vendas Sergipe retornou em 2024 como o principal evento de neg\u00f3cios para os setores supermercadista, atacadista e de distribui\u00e7\u00e3o no estado. Com mais de 80 expositores e uma \u00e1rea de 1.600m\u00b2, a feira espera atrair mais de 15 mil visitantes entre os dias 9, 10 e 11 de outubro. Organizada pela Associa\u00e7\u00e3o Sergipana dos Supermercados (ASES), em parceria com o SINCADISE e a FECOM\u00c9RCIO, o evento oferece uma oportunidade \u00fanica de networking, troca de experi\u00eancias e gera\u00e7\u00e3o de neg\u00f3cios, com estimativas de movimentar mais de 150 milh\u00f5es de reais em transa\u00e7\u00f5es.<\/p>\n","protected":false},"excerpt":{"rendered":"<p>O Jardim em Miniatura marcou presen\u00e7a na maior feira de neg\u00f3cios de Sergipe, a Super Vendas Sergipe 2024, realizada no AM Malls, o Centro de Conven\u00e7\u00f5es de Aracaju. Em parceria com a \u00c1gua Mineral Monte Claro, a empresa especialista em terr\u00e1rios, mini jardins e bonsais trouxe sua expertise para o evento, decorando o estande da [&hellip;]<\/p>\n","protected":false},"author":1,"featured_media":53099,"comment_status":"open","ping_status":"open","sticky":false,"template":"","format":"standard","meta":{"tdm_status":"","tdm_grid_status":"","footnotes":""},"categories":[6],"tags":[2309,7394,7766,65,33,1772,7768,5920,28,6779,7765,7767,235,7764,5921,7769],"class_list":["post-53090","post","type-post","status-publish","format-standard","has-post-thumbnail","hentry","category-noticias","tag-agua","tag-agua-mineral","tag-agua-mineral-monte-claro","tag-campanha","tag-estrategia","tag-feira","tag-japiassu-ramalho","tag-jardim-em-miniatura","tag-marketing","tag-mini-jardim","tag-monte-claro","tag-monte-claro-fruits","tag-parceria","tag-sucos","tag-terrario","tag-thales-brandao"],"yoast_head":"<!-- This site is optimized with the Yoast SEO plugin v27.5 - https:\/\/yoast.com\/product\/yoast-seo-wordpress\/ -->\n<title>Jardim em Miniatura e \u00c1gua Mineral Monte Claro marcam presen\u00e7a na Super Vendas Sergipe - CidadeMarketing<\/title>\n<meta name=\"robots\" content=\"index, follow, max-snippet:-1, max-image-preview:large, max-video-preview:-1\" \/>\n<link rel=\"canonical\" href=\"https:\/\/www.cidademarketing.com.br\/marketing\/2024\/10\/11\/jardim-em-miniatura-e-agua-mineral-monte-claro-marcam-presenca-na-super-vendas-sergipe\/\" \/>\n<meta property=\"og:locale\" content=\"pt_BR\" \/>\n<meta property=\"og:type\" content=\"article\" \/>\n<meta property=\"og:title\" content=\"Jardim em Miniatura e \u00c1gua Mineral Monte Claro marcam presen\u00e7a na Super Vendas Sergipe - CidadeMarketing\" \/>\n<meta property=\"og:description\" content=\"O Jardim em Miniatura marcou presen\u00e7a na maior feira de neg\u00f3cios de Sergipe, a Super Vendas Sergipe 2024, realizada no AM Malls, o Centro de Conven\u00e7\u00f5es de Aracaju. Em parceria com a \u00c1gua Mineral Monte Claro, a empresa especialista em terr\u00e1rios, mini jardins e bonsais trouxe sua expertise para o evento, decorando o estande da [&hellip;]\" \/>\n<meta property=\"og:url\" content=\"https:\/\/www.cidademarketing.com.br\/marketing\/2024\/10\/11\/jardim-em-miniatura-e-agua-mineral-monte-claro-marcam-presenca-na-super-vendas-sergipe\/\" \/>\n<meta property=\"og:site_name\" content=\"CidadeMarketing\" \/>\n<meta property=\"article:publisher\" content=\"https:\/\/www.facebook.com\/portalcidademarketing\" \/>\n<meta property=\"article:author\" content=\"https:\/\/www.facebook.com\/thalesbrandao\" \/>\n<meta property=\"article:published_time\" content=\"2024-10-11T17:52:15+00:00\" \/>\n<meta property=\"article:modified_time\" content=\"2024-10-11T17:54:20+00:00\" \/>\n<meta property=\"og:image\" content=\"https:\/\/www.cidademarketing.com.br\/marketing\/wp-content\/uploads\/2024\/10\/monteclaro_aguamineral_fruits_sucos_03.webp\" \/>\n\t<meta property=\"og:image:width\" content=\"683\" \/>\n\t<meta property=\"og:image:height\" content=\"898\" \/>\n\t<meta property=\"og:image:type\" content=\"image\/webp\" \/>\n<meta name=\"author\" content=\"Thales Brand\u00e3o\" \/>\n<meta name=\"twitter:card\" content=\"summary_large_image\" \/>\n<meta name=\"twitter:creator\" content=\"@http:\/\/www.twitter.com\/thalesbrandao\" \/>\n<meta name=\"twitter:site\" content=\"@CidadeMarketing\" \/>\n<meta name=\"twitter:label1\" content=\"Escrito por\" \/>\n\t<meta name=\"twitter:data1\" content=\"Thales Brand\u00e3o\" \/>\n\t<meta name=\"twitter:label2\" content=\"Est. tempo de leitura\" \/>\n\t<meta name=\"twitter:data2\" content=\"4 minutos\" \/>\n<script type=\"application\/ld+json\" class=\"yoast-schema-graph\">{\"@context\":\"https:\\\/\\\/schema.org\",\"@graph\":[{\"@type\":\"Article\",\"@id\":\"https:\\\/\\\/www.cidademarketing.com.br\\\/marketing\\\/2024\\\/10\\\/11\\\/jardim-em-miniatura-e-agua-mineral-monte-claro-marcam-presenca-na-super-vendas-sergipe\\\/#article\",\"isPartOf\":{\"@id\":\"https:\\\/\\\/www.cidademarketing.com.br\\\/marketing\\\/2024\\\/10\\\/11\\\/jardim-em-miniatura-e-agua-mineral-monte-claro-marcam-presenca-na-super-vendas-sergipe\\\/\"},\"author\":{\"name\":\"Thales Brand\u00e3o\",\"@id\":\"https:\\\/\\\/www.cidademarketing.com.br\\\/marketing\\\/#\\\/schema\\\/person\\\/02daff9f18bd9378c9e01eb6b2db155f\"},\"headline\":\"Jardim em Miniatura e \u00c1gua Mineral Monte Claro marcam presen\u00e7a na Super Vendas Sergipe\",\"datePublished\":\"2024-10-11T17:52:15+00:00\",\"dateModified\":\"2024-10-11T17:54:20+00:00\",\"mainEntityOfPage\":{\"@id\":\"https:\\\/\\\/www.cidademarketing.com.br\\\/marketing\\\/2024\\\/10\\\/11\\\/jardim-em-miniatura-e-agua-mineral-monte-claro-marcam-presenca-na-super-vendas-sergipe\\\/\"},\"wordCount\":892,\"commentCount\":0,\"publisher\":{\"@id\":\"https:\\\/\\\/www.cidademarketing.com.br\\\/marketing\\\/#organization\"},\"image\":{\"@id\":\"https:\\\/\\\/www.cidademarketing.com.br\\\/marketing\\\/2024\\\/10\\\/11\\\/jardim-em-miniatura-e-agua-mineral-monte-claro-marcam-presenca-na-super-vendas-sergipe\\\/#primaryimage\"},\"thumbnailUrl\":\"https:\\\/\\\/www.cidademarketing.com.br\\\/marketing\\\/wp-content\\\/uploads\\\/2024\\\/10\\\/monteclaro_aguamineral_fruits_sucos_03.webp\",\"keywords\":[\"\u00e1gua\",\"\u00e1gua mineral\",\"\u00c1gua Mineral Monte Claro\",\"campanha\",\"estrat\u00e9gia\",\"feira\",\"Japiassu Ramalho\",\"Jardim em Miniatura\",\"marketing\",\"mini jardim\",\"Monte Claro\",\"Monte Claro Fruits\",\"parceria\",\"sucos\",\"terr\u00e1rio\",\"Thales Brand\u00e3o\"],\"articleSection\":[\"Not\u00edcias\"],\"inLanguage\":\"pt-BR\",\"potentialAction\":[{\"@type\":\"CommentAction\",\"name\":\"Comment\",\"target\":[\"https:\\\/\\\/www.cidademarketing.com.br\\\/marketing\\\/2024\\\/10\\\/11\\\/jardim-em-miniatura-e-agua-mineral-monte-claro-marcam-presenca-na-super-vendas-sergipe\\\/#respond\"]}]},{\"@type\":\"WebPage\",\"@id\":\"https:\\\/\\\/www.cidademarketing.com.br\\\/marketing\\\/2024\\\/10\\\/11\\\/jardim-em-miniatura-e-agua-mineral-monte-claro-marcam-presenca-na-super-vendas-sergipe\\\/\",\"url\":\"https:\\\/\\\/www.cidademarketing.com.br\\\/marketing\\\/2024\\\/10\\\/11\\\/jardim-em-miniatura-e-agua-mineral-monte-claro-marcam-presenca-na-super-vendas-sergipe\\\/\",\"name\":\"Jardim em Miniatura e \u00c1gua Mineral Monte Claro marcam presen\u00e7a na Super Vendas Sergipe - CidadeMarketing\",\"isPartOf\":{\"@id\":\"https:\\\/\\\/www.cidademarketing.com.br\\\/marketing\\\/#website\"},\"primaryImageOfPage\":{\"@id\":\"https:\\\/\\\/www.cidademarketing.com.br\\\/marketing\\\/2024\\\/10\\\/11\\\/jardim-em-miniatura-e-agua-mineral-monte-claro-marcam-presenca-na-super-vendas-sergipe\\\/#primaryimage\"},\"image\":{\"@id\":\"https:\\\/\\\/www.cidademarketing.com.br\\\/marketing\\\/2024\\\/10\\\/11\\\/jardim-em-miniatura-e-agua-mineral-monte-claro-marcam-presenca-na-super-vendas-sergipe\\\/#primaryimage\"},\"thumbnailUrl\":\"https:\\\/\\\/www.cidademarketing.com.br\\\/marketing\\\/wp-content\\\/uploads\\\/2024\\\/10\\\/monteclaro_aguamineral_fruits_sucos_03.webp\",\"datePublished\":\"2024-10-11T17:52:15+00:00\",\"dateModified\":\"2024-10-11T17:54:20+00:00\",\"breadcrumb\":{\"@id\":\"https:\\\/\\\/www.cidademarketing.com.br\\\/marketing\\\/2024\\\/10\\\/11\\\/jardim-em-miniatura-e-agua-mineral-monte-claro-marcam-presenca-na-super-vendas-sergipe\\\/#breadcrumb\"},\"inLanguage\":\"pt-BR\",\"potentialAction\":[{\"@type\":\"ReadAction\",\"target\":[\"https:\\\/\\\/www.cidademarketing.com.br\\\/marketing\\\/2024\\\/10\\\/11\\\/jardim-em-miniatura-e-agua-mineral-monte-claro-marcam-presenca-na-super-vendas-sergipe\\\/\"]}]},{\"@type\":\"ImageObject\",\"inLanguage\":\"pt-BR\",\"@id\":\"https:\\\/\\\/www.cidademarketing.com.br\\\/marketing\\\/2024\\\/10\\\/11\\\/jardim-em-miniatura-e-agua-mineral-monte-claro-marcam-presenca-na-super-vendas-sergipe\\\/#primaryimage\",\"url\":\"https:\\\/\\\/www.cidademarketing.com.br\\\/marketing\\\/wp-content\\\/uploads\\\/2024\\\/10\\\/monteclaro_aguamineral_fruits_sucos_03.webp\",\"contentUrl\":\"https:\\\/\\\/www.cidademarketing.com.br\\\/marketing\\\/wp-content\\\/uploads\\\/2024\\\/10\\\/monteclaro_aguamineral_fruits_sucos_03.webp\",\"width\":683,\"height\":898},{\"@type\":\"BreadcrumbList\",\"@id\":\"https:\\\/\\\/www.cidademarketing.com.br\\\/marketing\\\/2024\\\/10\\\/11\\\/jardim-em-miniatura-e-agua-mineral-monte-claro-marcam-presenca-na-super-vendas-sergipe\\\/#breadcrumb\",\"itemListElement\":[{\"@type\":\"ListItem\",\"position\":1,\"name\":\"In\u00edcio\",\"item\":\"https:\\\/\\\/www.cidademarketing.com.br\\\/marketing\\\/\"},{\"@type\":\"ListItem\",\"position\":2,\"name\":\"Jardim em Miniatura e \u00c1gua Mineral Monte Claro marcam presen\u00e7a na Super Vendas Sergipe\"}]},{\"@type\":\"WebSite\",\"@id\":\"https:\\\/\\\/www.cidademarketing.com.br\\\/marketing\\\/#website\",\"url\":\"https:\\\/\\\/www.cidademarketing.com.br\\\/marketing\\\/\",\"name\":\"CidadeMarketing\",\"description\":\"Somos um ve\u00edculo de comunica\u00e7\u00e3o de destaque no Brasil, reconhecido por conte\u00fados nos segmentos de marketing, empreendedorismo e inova\u00e7\u00e3o.\",\"publisher\":{\"@id\":\"https:\\\/\\\/www.cidademarketing.com.br\\\/marketing\\\/#organization\"},\"alternateName\":\"CidadeMarketing\",\"potentialAction\":[{\"@type\":\"SearchAction\",\"target\":{\"@type\":\"EntryPoint\",\"urlTemplate\":\"https:\\\/\\\/www.cidademarketing.com.br\\\/marketing\\\/?s={search_term_string}\"},\"query-input\":{\"@type\":\"PropertyValueSpecification\",\"valueRequired\":true,\"valueName\":\"search_term_string\"}}],\"inLanguage\":\"pt-BR\"},{\"@type\":\"Organization\",\"@id\":\"https:\\\/\\\/www.cidademarketing.com.br\\\/marketing\\\/#organization\",\"name\":\"CidadeMarketing\",\"alternateName\":\"CidadeMarketing\",\"url\":\"https:\\\/\\\/www.cidademarketing.com.br\\\/marketing\\\/\",\"logo\":{\"@type\":\"ImageObject\",\"inLanguage\":\"pt-BR\",\"@id\":\"https:\\\/\\\/www.cidademarketing.com.br\\\/marketing\\\/#\\\/schema\\\/logo\\\/image\\\/\",\"url\":\"https:\\\/\\\/www.cidademarketing.com.br\\\/marketing\\\/wp-content\\\/uploads\\\/2020\\\/01\\\/cidademarketing_marca_mobile.png\",\"contentUrl\":\"https:\\\/\\\/www.cidademarketing.com.br\\\/marketing\\\/wp-content\\\/uploads\\\/2020\\\/01\\\/cidademarketing_marca_mobile.png\",\"width\":230,\"height\":92,\"caption\":\"CidadeMarketing\"},\"image\":{\"@id\":\"https:\\\/\\\/www.cidademarketing.com.br\\\/marketing\\\/#\\\/schema\\\/logo\\\/image\\\/\"},\"sameAs\":[\"https:\\\/\\\/www.facebook.com\\\/portalcidademarketing\",\"https:\\\/\\\/x.com\\\/CidadeMarketing\",\"https:\\\/\\\/www.instagram.com\\\/cidademarketing\\\/\"]},{\"@type\":\"Person\",\"@id\":\"https:\\\/\\\/www.cidademarketing.com.br\\\/marketing\\\/#\\\/schema\\\/person\\\/02daff9f18bd9378c9e01eb6b2db155f\",\"name\":\"Thales Brand\u00e3o\",\"image\":{\"@type\":\"ImageObject\",\"inLanguage\":\"pt-BR\",\"@id\":\"https:\\\/\\\/secure.gravatar.com\\\/avatar\\\/7ca3206950207cc3cb48feec56a8a7898741ab725c368d99d5d7a5a50aab80c6?s=96&d=mm&r=g\",\"url\":\"https:\\\/\\\/secure.gravatar.com\\\/avatar\\\/7ca3206950207cc3cb48feec56a8a7898741ab725c368d99d5d7a5a50aab80c6?s=96&d=mm&r=g\",\"contentUrl\":\"https:\\\/\\\/secure.gravatar.com\\\/avatar\\\/7ca3206950207cc3cb48feec56a8a7898741ab725c368d99d5d7a5a50aab80c6?s=96&d=mm&r=g\",\"caption\":\"Thales Brand\u00e3o\"},\"description\":\"Editor Executivo do Portal CidadeMarketing.com.br &gt; Mestre em Comunica\u00e7\u00e3o e Sociedade pela Universidade Federal de Sergipe. Possui MBA Executivo em Administra\u00e7\u00e3o com \u00eanfase em Marketing pela Funda\u00e7\u00e3o Get\u00falio Vargas - Rio de Janeiro. Consultor, Palestrante e Pesquisador sobre Empreendedorismo, Marketing, Redes Sociais e Neg\u00f3cios Digitais. Professor, Palestrante TedxTalks e Campus Party. Twitter: @ThalesBrandao\",\"sameAs\":[\"http:\\\/\\\/www.mandacaru.com.br\",\"https:\\\/\\\/www.facebook.com\\\/thalesbrandao\",\"http:\\\/\\\/www.instagram.com.br\\\/thalesbrandaoferreira\",\"https:\\\/\\\/www.linkedin.com\\\/in\\\/thales-brand\u00e3o-3948609\\\/\",\"https:\\\/\\\/x.com\\\/http:\\\/\\\/www.twitter.com\\\/thalesbrandao\"],\"url\":\"https:\\\/\\\/www.cidademarketing.com.br\\\/marketing\\\/author\\\/thalesbrandao\\\/\"}]}<\/script>\n<!-- \/ Yoast SEO plugin. -->","yoast_head_json":{"title":"Jardim em Miniatura e \u00c1gua Mineral Monte Claro marcam presen\u00e7a na Super Vendas Sergipe - CidadeMarketing","robots":{"index":"index","follow":"follow","max-snippet":"max-snippet:-1","max-image-preview":"max-image-preview:large","max-video-preview":"max-video-preview:-1"},"canonical":"https:\/\/www.cidademarketing.com.br\/marketing\/2024\/10\/11\/jardim-em-miniatura-e-agua-mineral-monte-claro-marcam-presenca-na-super-vendas-sergipe\/","og_locale":"pt_BR","og_type":"article","og_title":"Jardim em Miniatura e \u00c1gua Mineral Monte Claro marcam presen\u00e7a na Super Vendas Sergipe - CidadeMarketing","og_description":"O Jardim em Miniatura marcou presen\u00e7a na maior feira de neg\u00f3cios de Sergipe, a Super Vendas Sergipe 2024, realizada no AM Malls, o Centro de Conven\u00e7\u00f5es de Aracaju. Em parceria com a \u00c1gua Mineral Monte Claro, a empresa especialista em terr\u00e1rios, mini jardins e bonsais trouxe sua expertise para o evento, decorando o estande da [&hellip;]","og_url":"https:\/\/www.cidademarketing.com.br\/marketing\/2024\/10\/11\/jardim-em-miniatura-e-agua-mineral-monte-claro-marcam-presenca-na-super-vendas-sergipe\/","og_site_name":"CidadeMarketing","article_publisher":"https:\/\/www.facebook.com\/portalcidademarketing","article_author":"https:\/\/www.facebook.com\/thalesbrandao","article_published_time":"2024-10-11T17:52:15+00:00","article_modified_time":"2024-10-11T17:54:20+00:00","og_image":[{"width":683,"height":898,"url":"https:\/\/www.cidademarketing.com.br\/marketing\/wp-content\/uploads\/2024\/10\/monteclaro_aguamineral_fruits_sucos_03.webp","type":"image\/webp"}],"author":"Thales Brand\u00e3o","twitter_card":"summary_large_image","twitter_creator":"@http:\/\/www.twitter.com\/thalesbrandao","twitter_site":"@CidadeMarketing","twitter_misc":{"Escrito por":"Thales Brand\u00e3o","Est. tempo de leitura":"4 minutos"},"schema":{"@context":"https:\/\/schema.org","@graph":[{"@type":"Article","@id":"https:\/\/www.cidademarketing.com.br\/marketing\/2024\/10\/11\/jardim-em-miniatura-e-agua-mineral-monte-claro-marcam-presenca-na-super-vendas-sergipe\/#article","isPartOf":{"@id":"https:\/\/www.cidademarketing.com.br\/marketing\/2024\/10\/11\/jardim-em-miniatura-e-agua-mineral-monte-claro-marcam-presenca-na-super-vendas-sergipe\/"},"author":{"name":"Thales Brand\u00e3o","@id":"https:\/\/www.cidademarketing.com.br\/marketing\/#\/schema\/person\/02daff9f18bd9378c9e01eb6b2db155f"},"headline":"Jardim em Miniatura e \u00c1gua Mineral Monte Claro marcam presen\u00e7a na Super Vendas Sergipe","datePublished":"2024-10-11T17:52:15+00:00","dateModified":"2024-10-11T17:54:20+00:00","mainEntityOfPage":{"@id":"https:\/\/www.cidademarketing.com.br\/marketing\/2024\/10\/11\/jardim-em-miniatura-e-agua-mineral-monte-claro-marcam-presenca-na-super-vendas-sergipe\/"},"wordCount":892,"commentCount":0,"publisher":{"@id":"https:\/\/www.cidademarketing.com.br\/marketing\/#organization"},"image":{"@id":"https:\/\/www.cidademarketing.com.br\/marketing\/2024\/10\/11\/jardim-em-miniatura-e-agua-mineral-monte-claro-marcam-presenca-na-super-vendas-sergipe\/#primaryimage"},"thumbnailUrl":"https:\/\/www.cidademarketing.com.br\/marketing\/wp-content\/uploads\/2024\/10\/monteclaro_aguamineral_fruits_sucos_03.webp","keywords":["\u00e1gua","\u00e1gua mineral","\u00c1gua Mineral Monte Claro","campanha","estrat\u00e9gia","feira","Japiassu Ramalho","Jardim em Miniatura","marketing","mini jardim","Monte Claro","Monte Claro Fruits","parceria","sucos","terr\u00e1rio","Thales Brand\u00e3o"],"articleSection":["Not\u00edcias"],"inLanguage":"pt-BR","potentialAction":[{"@type":"CommentAction","name":"Comment","target":["https:\/\/www.cidademarketing.com.br\/marketing\/2024\/10\/11\/jardim-em-miniatura-e-agua-mineral-monte-claro-marcam-presenca-na-super-vendas-sergipe\/#respond"]}]},{"@type":"WebPage","@id":"https:\/\/www.cidademarketing.com.br\/marketing\/2024\/10\/11\/jardim-em-miniatura-e-agua-mineral-monte-claro-marcam-presenca-na-super-vendas-sergipe\/","url":"https:\/\/www.cidademarketing.com.br\/marketing\/2024\/10\/11\/jardim-em-miniatura-e-agua-mineral-monte-claro-marcam-presenca-na-super-vendas-sergipe\/","name":"Jardim em Miniatura e \u00c1gua Mineral Monte Claro marcam presen\u00e7a na Super Vendas Sergipe - CidadeMarketing","isPartOf":{"@id":"https:\/\/www.cidademarketing.com.br\/marketing\/#website"},"primaryImageOfPage":{"@id":"https:\/\/www.cidademarketing.com.br\/marketing\/2024\/10\/11\/jardim-em-miniatura-e-agua-mineral-monte-claro-marcam-presenca-na-super-vendas-sergipe\/#primaryimage"},"image":{"@id":"https:\/\/www.cidademarketing.com.br\/marketing\/2024\/10\/11\/jardim-em-miniatura-e-agua-mineral-monte-claro-marcam-presenca-na-super-vendas-sergipe\/#primaryimage"},"thumbnailUrl":"https:\/\/www.cidademarketing.com.br\/marketing\/wp-content\/uploads\/2024\/10\/monteclaro_aguamineral_fruits_sucos_03.webp","datePublished":"2024-10-11T17:52:15+00:00","dateModified":"2024-10-11T17:54:20+00:00","breadcrumb":{"@id":"https:\/\/www.cidademarketing.com.br\/marketing\/2024\/10\/11\/jardim-em-miniatura-e-agua-mineral-monte-claro-marcam-presenca-na-super-vendas-sergipe\/#breadcrumb"},"inLanguage":"pt-BR","potentialAction":[{"@type":"ReadAction","target":["https:\/\/www.cidademarketing.com.br\/marketing\/2024\/10\/11\/jardim-em-miniatura-e-agua-mineral-monte-claro-marcam-presenca-na-super-vendas-sergipe\/"]}]},{"@type":"ImageObject","inLanguage":"pt-BR","@id":"https:\/\/www.cidademarketing.com.br\/marketing\/2024\/10\/11\/jardim-em-miniatura-e-agua-mineral-monte-claro-marcam-presenca-na-super-vendas-sergipe\/#primaryimage","url":"https:\/\/www.cidademarketing.com.br\/marketing\/wp-content\/uploads\/2024\/10\/monteclaro_aguamineral_fruits_sucos_03.webp","contentUrl":"https:\/\/www.cidademarketing.com.br\/marketing\/wp-content\/uploads\/2024\/10\/monteclaro_aguamineral_fruits_sucos_03.webp","width":683,"height":898},{"@type":"BreadcrumbList","@id":"https:\/\/www.cidademarketing.com.br\/marketing\/2024\/10\/11\/jardim-em-miniatura-e-agua-mineral-monte-claro-marcam-presenca-na-super-vendas-sergipe\/#breadcrumb","itemListElement":[{"@type":"ListItem","position":1,"name":"In\u00edcio","item":"https:\/\/www.cidademarketing.com.br\/marketing\/"},{"@type":"ListItem","position":2,"name":"Jardim em Miniatura e \u00c1gua Mineral Monte Claro marcam presen\u00e7a na Super Vendas Sergipe"}]},{"@type":"WebSite","@id":"https:\/\/www.cidademarketing.com.br\/marketing\/#website","url":"https:\/\/www.cidademarketing.com.br\/marketing\/","name":"CidadeMarketing","description":"Somos um ve\u00edculo de comunica\u00e7\u00e3o de destaque no Brasil, reconhecido por conte\u00fados nos segmentos de marketing, empreendedorismo e inova\u00e7\u00e3o.","publisher":{"@id":"https:\/\/www.cidademarketing.com.br\/marketing\/#organization"},"alternateName":"CidadeMarketing","potentialAction":[{"@type":"SearchAction","target":{"@type":"EntryPoint","urlTemplate":"https:\/\/www.cidademarketing.com.br\/marketing\/?s={search_term_string}"},"query-input":{"@type":"PropertyValueSpecification","valueRequired":true,"valueName":"search_term_string"}}],"inLanguage":"pt-BR"},{"@type":"Organization","@id":"https:\/\/www.cidademarketing.com.br\/marketing\/#organization","name":"CidadeMarketing","alternateName":"CidadeMarketing","url":"https:\/\/www.cidademarketing.com.br\/marketing\/","logo":{"@type":"ImageObject","inLanguage":"pt-BR","@id":"https:\/\/www.cidademarketing.com.br\/marketing\/#\/schema\/logo\/image\/","url":"https:\/\/www.cidademarketing.com.br\/marketing\/wp-content\/uploads\/2020\/01\/cidademarketing_marca_mobile.png","contentUrl":"https:\/\/www.cidademarketing.com.br\/marketing\/wp-content\/uploads\/2020\/01\/cidademarketing_marca_mobile.png","width":230,"height":92,"caption":"CidadeMarketing"},"image":{"@id":"https:\/\/www.cidademarketing.com.br\/marketing\/#\/schema\/logo\/image\/"},"sameAs":["https:\/\/www.facebook.com\/portalcidademarketing","https:\/\/x.com\/CidadeMarketing","https:\/\/www.instagram.com\/cidademarketing\/"]},{"@type":"Person","@id":"https:\/\/www.cidademarketing.com.br\/marketing\/#\/schema\/person\/02daff9f18bd9378c9e01eb6b2db155f","name":"Thales Brand\u00e3o","image":{"@type":"ImageObject","inLanguage":"pt-BR","@id":"https:\/\/secure.gravatar.com\/avatar\/7ca3206950207cc3cb48feec56a8a7898741ab725c368d99d5d7a5a50aab80c6?s=96&d=mm&r=g","url":"https:\/\/secure.gravatar.com\/avatar\/7ca3206950207cc3cb48feec56a8a7898741ab725c368d99d5d7a5a50aab80c6?s=96&d=mm&r=g","contentUrl":"https:\/\/secure.gravatar.com\/avatar\/7ca3206950207cc3cb48feec56a8a7898741ab725c368d99d5d7a5a50aab80c6?s=96&d=mm&r=g","caption":"Thales Brand\u00e3o"},"description":"Editor Executivo do Portal CidadeMarketing.com.br &gt; Mestre em Comunica\u00e7\u00e3o e Sociedade pela Universidade Federal de Sergipe. Possui MBA Executivo em Administra\u00e7\u00e3o com \u00eanfase em Marketing pela Funda\u00e7\u00e3o Get\u00falio Vargas - Rio de Janeiro. Consultor, Palestrante e Pesquisador sobre Empreendedorismo, Marketing, Redes Sociais e Neg\u00f3cios Digitais. Professor, Palestrante TedxTalks e Campus Party. Twitter: @ThalesBrandao","sameAs":["http:\/\/www.mandacaru.com.br","https:\/\/www.facebook.com\/thalesbrandao","http:\/\/www.instagram.com.br\/thalesbrandaoferreira","https:\/\/www.linkedin.com\/in\/thales-brand\u00e3o-3948609\/","https:\/\/x.com\/http:\/\/www.twitter.com\/thalesbrandao"],"url":"https:\/\/www.cidademarketing.com.br\/marketing\/author\/thalesbrandao\/"}]}},"amp_enabled":true,"_links":{"self":[{"href":"https:\/\/www.cidademarketing.com.br\/marketing\/wp-json\/wp\/v2\/posts\/53090","targetHints":{"allow":["GET"]}}],"collection":[{"href":"https:\/\/www.cidademarketing.com.br\/marketing\/wp-json\/wp\/v2\/posts"}],"about":[{"href":"https:\/\/www.cidademarketing.com.br\/marketing\/wp-json\/wp\/v2\/types\/post"}],"author":[{"embeddable":true,"href":"https:\/\/www.cidademarketing.com.br\/marketing\/wp-json\/wp\/v2\/users\/1"}],"replies":[{"embeddable":true,"href":"https:\/\/www.cidademarketing.com.br\/marketing\/wp-json\/wp\/v2\/comments?post=53090"}],"version-history":[{"count":3,"href":"https:\/\/www.cidademarketing.com.br\/marketing\/wp-json\/wp\/v2\/posts\/53090\/revisions"}],"predecessor-version":[{"id":53104,"href":"https:\/\/www.cidademarketing.com.br\/marketing\/wp-json\/wp\/v2\/posts\/53090\/revisions\/53104"}],"wp:featuredmedia":[{"embeddable":true,"href":"https:\/\/www.cidademarketing.com.br\/marketing\/wp-json\/wp\/v2\/media\/53099"}],"wp:attachment":[{"href":"https:\/\/www.cidademarketing.com.br\/marketing\/wp-json\/wp\/v2\/media?parent=53090"}],"wp:term":[{"taxonomy":"category","embeddable":true,"href":"https:\/\/www.cidademarketing.com.br\/marketing\/wp-json\/wp\/v2\/categories?post=53090"},{"taxonomy":"post_tag","embeddable":true,"href":"https:\/\/www.cidademarketing.com.br\/marketing\/wp-json\/wp\/v2\/tags?post=53090"}],"curies":[{"name":"wp","href":"https:\/\/api.w.org\/{rel}","templated":true}]}}