{"id":52968,"date":"2024-10-03T21:24:52","date_gmt":"2024-10-04T00:24:52","guid":{"rendered":"https:\/\/www.cidademarketing.com.br\/marketing\/?p=52968"},"modified":"2024-10-03T21:24:52","modified_gmt":"2024-10-04T00:24:52","slug":"debate-da-globo-com-os-candidatos-a-prefeitura-de-sao-paulo-confira-o-horario-e-regras","status":"publish","type":"post","link":"https:\/\/www.cidademarketing.com.br\/marketing\/2024\/10\/03\/debate-da-globo-com-os-candidatos-a-prefeitura-de-sao-paulo-confira-o-horario-e-regras\/","title":{"rendered":"Debate da Globo com os candidatos \u00e0 Prefeitura de S\u00e3o Paulo: Confira o hor\u00e1rio e regras"},"content":{"rendered":"<p>Nesta quinta-feira, 3 de outubro, a TV Globo transmitir\u00e1 o debate entre os principais candidatos \u00e0 Prefeitura de S\u00e3o Paulo. O evento come\u00e7ar\u00e1 \u00e0s 22h e poder\u00e1 ser acompanhado ao vivo na TV Globo, GloboNews, e Globoplay. Entre os candidatos confirmados est\u00e3o Datena (PSDB), Guilherme Boulos (PSOL), Pablo Mar\u00e7al (PRTB), Ricardo Nunes (MDB) e Tabata Amaral (PSB).<\/p>\n<p><strong>Como ser\u00e1 o debate?<\/strong><br \/>\nO debate ser\u00e1 dividido em quatro blocos. Dois blocos ter\u00e3o temas livres, enquanto os outros dois ter\u00e3o temas sorteados ao vivo. Os candidatos far\u00e3o perguntas e responder\u00e3o dentro de tempos pr\u00e9-determinados: cada pergunta ter\u00e1 40 segundos, com 1 minuto e 40 segundos para a resposta. Ap\u00f3s a resposta, haver\u00e1 tempo para r\u00e9plica e tr\u00e9plica, permitindo maior intera\u00e7\u00e3o entre os participantes.<\/p>\n<p><strong>Regras de seguran\u00e7a e conduta<\/strong><br \/>\nPara evitar tumultos, a entrada de armas de fogo foi proibida, e haver\u00e1 controle de seguran\u00e7a com detectores de metais. Al\u00e9m disso, \u00e9 proibido filmar, fotografar ou realizar transmiss\u00f5es ao vivo (lives) durante o debate ou nos intervalos. A TV Globo estabeleceu que qualquer infra\u00e7\u00e3o dessas regras resultar\u00e1 em penalidades.<\/p>\n<p>Em casos de comportamento inadequado, como ofensas verbais, os candidatos podem ser advertidos at\u00e9 tr\u00eas vezes. A primeira advert\u00eancia resultar\u00e1 na perda de um minuto das considera\u00e7\u00f5es finais (que t\u00eam dura\u00e7\u00e3o total de dois minutos). A segunda advert\u00eancia far\u00e1 o candidato perder o direito de fazer as considera\u00e7\u00f5es finais. E na terceira advert\u00eancia, o candidato ser\u00e1 convidado a se retirar do debate. O mediador, C\u00e9sar Tralli, ter\u00e1 autoridade para cortar o som do candidato em caso de infra\u00e7\u00f5es.<\/p>\n<p><strong>Uso do conte\u00fado do debate nas redes sociais<\/strong><br \/>\nOs candidatos poder\u00e3o usar at\u00e9 15 minutos de imagens do debate em suas redes sociais oficiais, desde que o conte\u00fado n\u00e3o seja tirado de contexto. Entretanto, o uso dessas imagens para propaganda eleitoral est\u00e1 proibido, refor\u00e7ando as regras de conduta durante a campanha.<\/p>\n","protected":false},"excerpt":{"rendered":"<p>Nesta quinta-feira, 3 de outubro, a TV Globo transmitir\u00e1 o debate entre os principais candidatos \u00e0 Prefeitura de S\u00e3o Paulo. O evento come\u00e7ar\u00e1 \u00e0s 22h e poder\u00e1 ser acompanhado ao vivo na TV Globo, GloboNews, e Globoplay. Entre os candidatos confirmados est\u00e3o Datena (PSDB), Guilherme Boulos (PSOL), Pablo Mar\u00e7al (PRTB), Ricardo Nunes (MDB) e Tabata [&hellip;]<\/p>\n","protected":false},"author":1,"featured_media":52969,"comment_status":"open","ping_status":"open","sticky":false,"template":"","format":"standard","meta":{"tdm_status":"","tdm_grid_status":"","footnotes":""},"categories":[6],"tags":[7698,5332,7701,33,7699,28,3570,1250,7603,656,1200,7700,1017],"class_list":["post-52968","post","type-post","status-publish","format-standard","has-post-thumbnail","hentry","category-noticias","tag-datena","tag-debate","tag-eleicoes-2024","tag-estrategia","tag-marcal","tag-marketing","tag-prefeito","tag-prefeitura","tag-ricardo-nunes","tag-sao-paulo","tag-sp","tag-tabata","tag-tv-globo"],"yoast_head":"<!-- This site is optimized with the Yoast SEO plugin v27.4 - https:\/\/yoast.com\/product\/yoast-seo-wordpress\/ -->\n<title>Debate da Globo com os candidatos \u00e0 Prefeitura de S\u00e3o Paulo: Confira o hor\u00e1rio e regras - CidadeMarketing<\/title>\n<meta name=\"robots\" content=\"index, follow, max-snippet:-1, max-image-preview:large, max-video-preview:-1\" \/>\n<link rel=\"canonical\" href=\"https:\/\/www.cidademarketing.com.br\/marketing\/2024\/10\/03\/debate-da-globo-com-os-candidatos-a-prefeitura-de-sao-paulo-confira-o-horario-e-regras\/\" \/>\n<meta property=\"og:locale\" content=\"pt_BR\" \/>\n<meta property=\"og:type\" content=\"article\" \/>\n<meta property=\"og:title\" content=\"Debate da Globo com os candidatos \u00e0 Prefeitura de S\u00e3o Paulo: Confira o hor\u00e1rio e regras - CidadeMarketing\" \/>\n<meta property=\"og:description\" content=\"Nesta quinta-feira, 3 de outubro, a TV Globo transmitir\u00e1 o debate entre os principais candidatos \u00e0 Prefeitura de S\u00e3o Paulo. O evento come\u00e7ar\u00e1 \u00e0s 22h e poder\u00e1 ser acompanhado ao vivo na TV Globo, GloboNews, e Globoplay. Entre os candidatos confirmados est\u00e3o Datena (PSDB), Guilherme Boulos (PSOL), Pablo Mar\u00e7al (PRTB), Ricardo Nunes (MDB) e Tabata [&hellip;]\" \/>\n<meta property=\"og:url\" content=\"https:\/\/www.cidademarketing.com.br\/marketing\/2024\/10\/03\/debate-da-globo-com-os-candidatos-a-prefeitura-de-sao-paulo-confira-o-horario-e-regras\/\" \/>\n<meta property=\"og:site_name\" content=\"CidadeMarketing\" \/>\n<meta property=\"article:publisher\" content=\"https:\/\/www.facebook.com\/portalcidademarketing\" \/>\n<meta property=\"article:author\" content=\"https:\/\/www.facebook.com\/thalesbrandao\" \/>\n<meta property=\"article:published_time\" content=\"2024-10-04T00:24:52+00:00\" \/>\n<meta property=\"og:image\" content=\"https:\/\/www.cidademarketing.com.br\/marketing\/wp-content\/uploads\/2024\/10\/tvglobo_marca.webp\" \/>\n\t<meta property=\"og:image:width\" content=\"960\" \/>\n\t<meta property=\"og:image:height\" content=\"960\" \/>\n\t<meta property=\"og:image:type\" content=\"image\/webp\" \/>\n<meta name=\"author\" content=\"Thales Brand\u00e3o\" \/>\n<meta name=\"twitter:card\" content=\"summary_large_image\" \/>\n<meta name=\"twitter:creator\" content=\"@http:\/\/www.twitter.com\/thalesbrandao\" \/>\n<meta name=\"twitter:site\" content=\"@CidadeMarketing\" \/>\n<meta name=\"twitter:label1\" content=\"Escrito por\" \/>\n\t<meta name=\"twitter:data1\" content=\"Thales Brand\u00e3o\" \/>\n\t<meta name=\"twitter:label2\" content=\"Est. tempo de leitura\" \/>\n\t<meta name=\"twitter:data2\" content=\"2 minutos\" \/>\n<script type=\"application\/ld+json\" class=\"yoast-schema-graph\">{\"@context\":\"https:\\\/\\\/schema.org\",\"@graph\":[{\"@type\":\"Article\",\"@id\":\"https:\\\/\\\/www.cidademarketing.com.br\\\/marketing\\\/2024\\\/10\\\/03\\\/debate-da-globo-com-os-candidatos-a-prefeitura-de-sao-paulo-confira-o-horario-e-regras\\\/#article\",\"isPartOf\":{\"@id\":\"https:\\\/\\\/www.cidademarketing.com.br\\\/marketing\\\/2024\\\/10\\\/03\\\/debate-da-globo-com-os-candidatos-a-prefeitura-de-sao-paulo-confira-o-horario-e-regras\\\/\"},\"author\":{\"name\":\"Thales Brand\u00e3o\",\"@id\":\"https:\\\/\\\/www.cidademarketing.com.br\\\/marketing\\\/#\\\/schema\\\/person\\\/02daff9f18bd9378c9e01eb6b2db155f\"},\"headline\":\"Debate da Globo com os candidatos \u00e0 Prefeitura de S\u00e3o Paulo: Confira o hor\u00e1rio e regras\",\"datePublished\":\"2024-10-04T00:24:52+00:00\",\"mainEntityOfPage\":{\"@id\":\"https:\\\/\\\/www.cidademarketing.com.br\\\/marketing\\\/2024\\\/10\\\/03\\\/debate-da-globo-com-os-candidatos-a-prefeitura-de-sao-paulo-confira-o-horario-e-regras\\\/\"},\"wordCount\":348,\"commentCount\":0,\"publisher\":{\"@id\":\"https:\\\/\\\/www.cidademarketing.com.br\\\/marketing\\\/#organization\"},\"image\":{\"@id\":\"https:\\\/\\\/www.cidademarketing.com.br\\\/marketing\\\/2024\\\/10\\\/03\\\/debate-da-globo-com-os-candidatos-a-prefeitura-de-sao-paulo-confira-o-horario-e-regras\\\/#primaryimage\"},\"thumbnailUrl\":\"https:\\\/\\\/www.cidademarketing.com.br\\\/marketing\\\/wp-content\\\/uploads\\\/2024\\\/10\\\/tvglobo_marca.webp\",\"keywords\":[\"Datena\",\"debate\",\"elei\u00e7\u00f5es 2024\",\"estrat\u00e9gia\",\"Mar\u00e7al\",\"marketing\",\"prefeito\",\"Prefeitura\",\"Ricardo Nunes\",\"S\u00e3o Paulo\",\"SP\",\"Tabata\",\"TV Globo\"],\"articleSection\":[\"Not\u00edcias\"],\"inLanguage\":\"pt-BR\",\"potentialAction\":[{\"@type\":\"CommentAction\",\"name\":\"Comment\",\"target\":[\"https:\\\/\\\/www.cidademarketing.com.br\\\/marketing\\\/2024\\\/10\\\/03\\\/debate-da-globo-com-os-candidatos-a-prefeitura-de-sao-paulo-confira-o-horario-e-regras\\\/#respond\"]}]},{\"@type\":\"WebPage\",\"@id\":\"https:\\\/\\\/www.cidademarketing.com.br\\\/marketing\\\/2024\\\/10\\\/03\\\/debate-da-globo-com-os-candidatos-a-prefeitura-de-sao-paulo-confira-o-horario-e-regras\\\/\",\"url\":\"https:\\\/\\\/www.cidademarketing.com.br\\\/marketing\\\/2024\\\/10\\\/03\\\/debate-da-globo-com-os-candidatos-a-prefeitura-de-sao-paulo-confira-o-horario-e-regras\\\/\",\"name\":\"Debate da Globo com os candidatos \u00e0 Prefeitura de S\u00e3o Paulo: Confira o hor\u00e1rio e regras - CidadeMarketing\",\"isPartOf\":{\"@id\":\"https:\\\/\\\/www.cidademarketing.com.br\\\/marketing\\\/#website\"},\"primaryImageOfPage\":{\"@id\":\"https:\\\/\\\/www.cidademarketing.com.br\\\/marketing\\\/2024\\\/10\\\/03\\\/debate-da-globo-com-os-candidatos-a-prefeitura-de-sao-paulo-confira-o-horario-e-regras\\\/#primaryimage\"},\"image\":{\"@id\":\"https:\\\/\\\/www.cidademarketing.com.br\\\/marketing\\\/2024\\\/10\\\/03\\\/debate-da-globo-com-os-candidatos-a-prefeitura-de-sao-paulo-confira-o-horario-e-regras\\\/#primaryimage\"},\"thumbnailUrl\":\"https:\\\/\\\/www.cidademarketing.com.br\\\/marketing\\\/wp-content\\\/uploads\\\/2024\\\/10\\\/tvglobo_marca.webp\",\"datePublished\":\"2024-10-04T00:24:52+00:00\",\"breadcrumb\":{\"@id\":\"https:\\\/\\\/www.cidademarketing.com.br\\\/marketing\\\/2024\\\/10\\\/03\\\/debate-da-globo-com-os-candidatos-a-prefeitura-de-sao-paulo-confira-o-horario-e-regras\\\/#breadcrumb\"},\"inLanguage\":\"pt-BR\",\"potentialAction\":[{\"@type\":\"ReadAction\",\"target\":[\"https:\\\/\\\/www.cidademarketing.com.br\\\/marketing\\\/2024\\\/10\\\/03\\\/debate-da-globo-com-os-candidatos-a-prefeitura-de-sao-paulo-confira-o-horario-e-regras\\\/\"]}]},{\"@type\":\"ImageObject\",\"inLanguage\":\"pt-BR\",\"@id\":\"https:\\\/\\\/www.cidademarketing.com.br\\\/marketing\\\/2024\\\/10\\\/03\\\/debate-da-globo-com-os-candidatos-a-prefeitura-de-sao-paulo-confira-o-horario-e-regras\\\/#primaryimage\",\"url\":\"https:\\\/\\\/www.cidademarketing.com.br\\\/marketing\\\/wp-content\\\/uploads\\\/2024\\\/10\\\/tvglobo_marca.webp\",\"contentUrl\":\"https:\\\/\\\/www.cidademarketing.com.br\\\/marketing\\\/wp-content\\\/uploads\\\/2024\\\/10\\\/tvglobo_marca.webp\",\"width\":960,\"height\":960},{\"@type\":\"BreadcrumbList\",\"@id\":\"https:\\\/\\\/www.cidademarketing.com.br\\\/marketing\\\/2024\\\/10\\\/03\\\/debate-da-globo-com-os-candidatos-a-prefeitura-de-sao-paulo-confira-o-horario-e-regras\\\/#breadcrumb\",\"itemListElement\":[{\"@type\":\"ListItem\",\"position\":1,\"name\":\"In\u00edcio\",\"item\":\"https:\\\/\\\/www.cidademarketing.com.br\\\/marketing\\\/\"},{\"@type\":\"ListItem\",\"position\":2,\"name\":\"Debate da Globo com os candidatos \u00e0 Prefeitura de S\u00e3o Paulo: Confira o hor\u00e1rio e regras\"}]},{\"@type\":\"WebSite\",\"@id\":\"https:\\\/\\\/www.cidademarketing.com.br\\\/marketing\\\/#website\",\"url\":\"https:\\\/\\\/www.cidademarketing.com.br\\\/marketing\\\/\",\"name\":\"CidadeMarketing\",\"description\":\"Somos um ve\u00edculo de comunica\u00e7\u00e3o de destaque no Brasil, reconhecido por conte\u00fados nos segmentos de marketing, empreendedorismo e inova\u00e7\u00e3o.\",\"publisher\":{\"@id\":\"https:\\\/\\\/www.cidademarketing.com.br\\\/marketing\\\/#organization\"},\"alternateName\":\"CidadeMarketing\",\"potentialAction\":[{\"@type\":\"SearchAction\",\"target\":{\"@type\":\"EntryPoint\",\"urlTemplate\":\"https:\\\/\\\/www.cidademarketing.com.br\\\/marketing\\\/?s={search_term_string}\"},\"query-input\":{\"@type\":\"PropertyValueSpecification\",\"valueRequired\":true,\"valueName\":\"search_term_string\"}}],\"inLanguage\":\"pt-BR\"},{\"@type\":\"Organization\",\"@id\":\"https:\\\/\\\/www.cidademarketing.com.br\\\/marketing\\\/#organization\",\"name\":\"CidadeMarketing\",\"alternateName\":\"CidadeMarketing\",\"url\":\"https:\\\/\\\/www.cidademarketing.com.br\\\/marketing\\\/\",\"logo\":{\"@type\":\"ImageObject\",\"inLanguage\":\"pt-BR\",\"@id\":\"https:\\\/\\\/www.cidademarketing.com.br\\\/marketing\\\/#\\\/schema\\\/logo\\\/image\\\/\",\"url\":\"https:\\\/\\\/www.cidademarketing.com.br\\\/marketing\\\/wp-content\\\/uploads\\\/2020\\\/01\\\/cidademarketing_marca_mobile.png\",\"contentUrl\":\"https:\\\/\\\/www.cidademarketing.com.br\\\/marketing\\\/wp-content\\\/uploads\\\/2020\\\/01\\\/cidademarketing_marca_mobile.png\",\"width\":230,\"height\":92,\"caption\":\"CidadeMarketing\"},\"image\":{\"@id\":\"https:\\\/\\\/www.cidademarketing.com.br\\\/marketing\\\/#\\\/schema\\\/logo\\\/image\\\/\"},\"sameAs\":[\"https:\\\/\\\/www.facebook.com\\\/portalcidademarketing\",\"https:\\\/\\\/x.com\\\/CidadeMarketing\",\"https:\\\/\\\/www.instagram.com\\\/cidademarketing\\\/\"]},{\"@type\":\"Person\",\"@id\":\"https:\\\/\\\/www.cidademarketing.com.br\\\/marketing\\\/#\\\/schema\\\/person\\\/02daff9f18bd9378c9e01eb6b2db155f\",\"name\":\"Thales Brand\u00e3o\",\"image\":{\"@type\":\"ImageObject\",\"inLanguage\":\"pt-BR\",\"@id\":\"https:\\\/\\\/secure.gravatar.com\\\/avatar\\\/7ca3206950207cc3cb48feec56a8a7898741ab725c368d99d5d7a5a50aab80c6?s=96&d=mm&r=g\",\"url\":\"https:\\\/\\\/secure.gravatar.com\\\/avatar\\\/7ca3206950207cc3cb48feec56a8a7898741ab725c368d99d5d7a5a50aab80c6?s=96&d=mm&r=g\",\"contentUrl\":\"https:\\\/\\\/secure.gravatar.com\\\/avatar\\\/7ca3206950207cc3cb48feec56a8a7898741ab725c368d99d5d7a5a50aab80c6?s=96&d=mm&r=g\",\"caption\":\"Thales Brand\u00e3o\"},\"description\":\"Editor Executivo do Portal CidadeMarketing.com.br &gt; Mestre em Comunica\u00e7\u00e3o e Sociedade pela Universidade Federal de Sergipe. Possui MBA Executivo em Administra\u00e7\u00e3o com \u00eanfase em Marketing pela Funda\u00e7\u00e3o Get\u00falio Vargas - Rio de Janeiro. Consultor, Palestrante e Pesquisador sobre Empreendedorismo, Marketing, Redes Sociais e Neg\u00f3cios Digitais. Professor, Palestrante TedxTalks e Campus Party. Twitter: @ThalesBrandao\",\"sameAs\":[\"http:\\\/\\\/www.mandacaru.com.br\",\"https:\\\/\\\/www.facebook.com\\\/thalesbrandao\",\"http:\\\/\\\/www.instagram.com.br\\\/thalesbrandaoferreira\",\"https:\\\/\\\/www.linkedin.com\\\/in\\\/thales-brand\u00e3o-3948609\\\/\",\"https:\\\/\\\/x.com\\\/http:\\\/\\\/www.twitter.com\\\/thalesbrandao\"],\"url\":\"https:\\\/\\\/www.cidademarketing.com.br\\\/marketing\\\/author\\\/thalesbrandao\\\/\"}]}<\/script>\n<!-- \/ Yoast SEO plugin. -->","yoast_head_json":{"title":"Debate da Globo com os candidatos \u00e0 Prefeitura de S\u00e3o Paulo: Confira o hor\u00e1rio e regras - CidadeMarketing","robots":{"index":"index","follow":"follow","max-snippet":"max-snippet:-1","max-image-preview":"max-image-preview:large","max-video-preview":"max-video-preview:-1"},"canonical":"https:\/\/www.cidademarketing.com.br\/marketing\/2024\/10\/03\/debate-da-globo-com-os-candidatos-a-prefeitura-de-sao-paulo-confira-o-horario-e-regras\/","og_locale":"pt_BR","og_type":"article","og_title":"Debate da Globo com os candidatos \u00e0 Prefeitura de S\u00e3o Paulo: Confira o hor\u00e1rio e regras - CidadeMarketing","og_description":"Nesta quinta-feira, 3 de outubro, a TV Globo transmitir\u00e1 o debate entre os principais candidatos \u00e0 Prefeitura de S\u00e3o Paulo. O evento come\u00e7ar\u00e1 \u00e0s 22h e poder\u00e1 ser acompanhado ao vivo na TV Globo, GloboNews, e Globoplay. Entre os candidatos confirmados est\u00e3o Datena (PSDB), Guilherme Boulos (PSOL), Pablo Mar\u00e7al (PRTB), Ricardo Nunes (MDB) e Tabata [&hellip;]","og_url":"https:\/\/www.cidademarketing.com.br\/marketing\/2024\/10\/03\/debate-da-globo-com-os-candidatos-a-prefeitura-de-sao-paulo-confira-o-horario-e-regras\/","og_site_name":"CidadeMarketing","article_publisher":"https:\/\/www.facebook.com\/portalcidademarketing","article_author":"https:\/\/www.facebook.com\/thalesbrandao","article_published_time":"2024-10-04T00:24:52+00:00","og_image":[{"width":960,"height":960,"url":"https:\/\/www.cidademarketing.com.br\/marketing\/wp-content\/uploads\/2024\/10\/tvglobo_marca.webp","type":"image\/webp"}],"author":"Thales Brand\u00e3o","twitter_card":"summary_large_image","twitter_creator":"@http:\/\/www.twitter.com\/thalesbrandao","twitter_site":"@CidadeMarketing","twitter_misc":{"Escrito por":"Thales Brand\u00e3o","Est. tempo de leitura":"2 minutos"},"schema":{"@context":"https:\/\/schema.org","@graph":[{"@type":"Article","@id":"https:\/\/www.cidademarketing.com.br\/marketing\/2024\/10\/03\/debate-da-globo-com-os-candidatos-a-prefeitura-de-sao-paulo-confira-o-horario-e-regras\/#article","isPartOf":{"@id":"https:\/\/www.cidademarketing.com.br\/marketing\/2024\/10\/03\/debate-da-globo-com-os-candidatos-a-prefeitura-de-sao-paulo-confira-o-horario-e-regras\/"},"author":{"name":"Thales Brand\u00e3o","@id":"https:\/\/www.cidademarketing.com.br\/marketing\/#\/schema\/person\/02daff9f18bd9378c9e01eb6b2db155f"},"headline":"Debate da Globo com os candidatos \u00e0 Prefeitura de S\u00e3o Paulo: Confira o hor\u00e1rio e regras","datePublished":"2024-10-04T00:24:52+00:00","mainEntityOfPage":{"@id":"https:\/\/www.cidademarketing.com.br\/marketing\/2024\/10\/03\/debate-da-globo-com-os-candidatos-a-prefeitura-de-sao-paulo-confira-o-horario-e-regras\/"},"wordCount":348,"commentCount":0,"publisher":{"@id":"https:\/\/www.cidademarketing.com.br\/marketing\/#organization"},"image":{"@id":"https:\/\/www.cidademarketing.com.br\/marketing\/2024\/10\/03\/debate-da-globo-com-os-candidatos-a-prefeitura-de-sao-paulo-confira-o-horario-e-regras\/#primaryimage"},"thumbnailUrl":"https:\/\/www.cidademarketing.com.br\/marketing\/wp-content\/uploads\/2024\/10\/tvglobo_marca.webp","keywords":["Datena","debate","elei\u00e7\u00f5es 2024","estrat\u00e9gia","Mar\u00e7al","marketing","prefeito","Prefeitura","Ricardo Nunes","S\u00e3o Paulo","SP","Tabata","TV Globo"],"articleSection":["Not\u00edcias"],"inLanguage":"pt-BR","potentialAction":[{"@type":"CommentAction","name":"Comment","target":["https:\/\/www.cidademarketing.com.br\/marketing\/2024\/10\/03\/debate-da-globo-com-os-candidatos-a-prefeitura-de-sao-paulo-confira-o-horario-e-regras\/#respond"]}]},{"@type":"WebPage","@id":"https:\/\/www.cidademarketing.com.br\/marketing\/2024\/10\/03\/debate-da-globo-com-os-candidatos-a-prefeitura-de-sao-paulo-confira-o-horario-e-regras\/","url":"https:\/\/www.cidademarketing.com.br\/marketing\/2024\/10\/03\/debate-da-globo-com-os-candidatos-a-prefeitura-de-sao-paulo-confira-o-horario-e-regras\/","name":"Debate da Globo com os candidatos \u00e0 Prefeitura de S\u00e3o Paulo: Confira o hor\u00e1rio e regras - CidadeMarketing","isPartOf":{"@id":"https:\/\/www.cidademarketing.com.br\/marketing\/#website"},"primaryImageOfPage":{"@id":"https:\/\/www.cidademarketing.com.br\/marketing\/2024\/10\/03\/debate-da-globo-com-os-candidatos-a-prefeitura-de-sao-paulo-confira-o-horario-e-regras\/#primaryimage"},"image":{"@id":"https:\/\/www.cidademarketing.com.br\/marketing\/2024\/10\/03\/debate-da-globo-com-os-candidatos-a-prefeitura-de-sao-paulo-confira-o-horario-e-regras\/#primaryimage"},"thumbnailUrl":"https:\/\/www.cidademarketing.com.br\/marketing\/wp-content\/uploads\/2024\/10\/tvglobo_marca.webp","datePublished":"2024-10-04T00:24:52+00:00","breadcrumb":{"@id":"https:\/\/www.cidademarketing.com.br\/marketing\/2024\/10\/03\/debate-da-globo-com-os-candidatos-a-prefeitura-de-sao-paulo-confira-o-horario-e-regras\/#breadcrumb"},"inLanguage":"pt-BR","potentialAction":[{"@type":"ReadAction","target":["https:\/\/www.cidademarketing.com.br\/marketing\/2024\/10\/03\/debate-da-globo-com-os-candidatos-a-prefeitura-de-sao-paulo-confira-o-horario-e-regras\/"]}]},{"@type":"ImageObject","inLanguage":"pt-BR","@id":"https:\/\/www.cidademarketing.com.br\/marketing\/2024\/10\/03\/debate-da-globo-com-os-candidatos-a-prefeitura-de-sao-paulo-confira-o-horario-e-regras\/#primaryimage","url":"https:\/\/www.cidademarketing.com.br\/marketing\/wp-content\/uploads\/2024\/10\/tvglobo_marca.webp","contentUrl":"https:\/\/www.cidademarketing.com.br\/marketing\/wp-content\/uploads\/2024\/10\/tvglobo_marca.webp","width":960,"height":960},{"@type":"BreadcrumbList","@id":"https:\/\/www.cidademarketing.com.br\/marketing\/2024\/10\/03\/debate-da-globo-com-os-candidatos-a-prefeitura-de-sao-paulo-confira-o-horario-e-regras\/#breadcrumb","itemListElement":[{"@type":"ListItem","position":1,"name":"In\u00edcio","item":"https:\/\/www.cidademarketing.com.br\/marketing\/"},{"@type":"ListItem","position":2,"name":"Debate da Globo com os candidatos \u00e0 Prefeitura de S\u00e3o Paulo: Confira o hor\u00e1rio e regras"}]},{"@type":"WebSite","@id":"https:\/\/www.cidademarketing.com.br\/marketing\/#website","url":"https:\/\/www.cidademarketing.com.br\/marketing\/","name":"CidadeMarketing","description":"Somos um ve\u00edculo de comunica\u00e7\u00e3o de destaque no Brasil, reconhecido por conte\u00fados nos segmentos de marketing, empreendedorismo e inova\u00e7\u00e3o.","publisher":{"@id":"https:\/\/www.cidademarketing.com.br\/marketing\/#organization"},"alternateName":"CidadeMarketing","potentialAction":[{"@type":"SearchAction","target":{"@type":"EntryPoint","urlTemplate":"https:\/\/www.cidademarketing.com.br\/marketing\/?s={search_term_string}"},"query-input":{"@type":"PropertyValueSpecification","valueRequired":true,"valueName":"search_term_string"}}],"inLanguage":"pt-BR"},{"@type":"Organization","@id":"https:\/\/www.cidademarketing.com.br\/marketing\/#organization","name":"CidadeMarketing","alternateName":"CidadeMarketing","url":"https:\/\/www.cidademarketing.com.br\/marketing\/","logo":{"@type":"ImageObject","inLanguage":"pt-BR","@id":"https:\/\/www.cidademarketing.com.br\/marketing\/#\/schema\/logo\/image\/","url":"https:\/\/www.cidademarketing.com.br\/marketing\/wp-content\/uploads\/2020\/01\/cidademarketing_marca_mobile.png","contentUrl":"https:\/\/www.cidademarketing.com.br\/marketing\/wp-content\/uploads\/2020\/01\/cidademarketing_marca_mobile.png","width":230,"height":92,"caption":"CidadeMarketing"},"image":{"@id":"https:\/\/www.cidademarketing.com.br\/marketing\/#\/schema\/logo\/image\/"},"sameAs":["https:\/\/www.facebook.com\/portalcidademarketing","https:\/\/x.com\/CidadeMarketing","https:\/\/www.instagram.com\/cidademarketing\/"]},{"@type":"Person","@id":"https:\/\/www.cidademarketing.com.br\/marketing\/#\/schema\/person\/02daff9f18bd9378c9e01eb6b2db155f","name":"Thales Brand\u00e3o","image":{"@type":"ImageObject","inLanguage":"pt-BR","@id":"https:\/\/secure.gravatar.com\/avatar\/7ca3206950207cc3cb48feec56a8a7898741ab725c368d99d5d7a5a50aab80c6?s=96&d=mm&r=g","url":"https:\/\/secure.gravatar.com\/avatar\/7ca3206950207cc3cb48feec56a8a7898741ab725c368d99d5d7a5a50aab80c6?s=96&d=mm&r=g","contentUrl":"https:\/\/secure.gravatar.com\/avatar\/7ca3206950207cc3cb48feec56a8a7898741ab725c368d99d5d7a5a50aab80c6?s=96&d=mm&r=g","caption":"Thales Brand\u00e3o"},"description":"Editor Executivo do Portal CidadeMarketing.com.br &gt; Mestre em Comunica\u00e7\u00e3o e Sociedade pela Universidade Federal de Sergipe. Possui MBA Executivo em Administra\u00e7\u00e3o com \u00eanfase em Marketing pela Funda\u00e7\u00e3o Get\u00falio Vargas - Rio de Janeiro. Consultor, Palestrante e Pesquisador sobre Empreendedorismo, Marketing, Redes Sociais e Neg\u00f3cios Digitais. Professor, Palestrante TedxTalks e Campus Party. Twitter: @ThalesBrandao","sameAs":["http:\/\/www.mandacaru.com.br","https:\/\/www.facebook.com\/thalesbrandao","http:\/\/www.instagram.com.br\/thalesbrandaoferreira","https:\/\/www.linkedin.com\/in\/thales-brand\u00e3o-3948609\/","https:\/\/x.com\/http:\/\/www.twitter.com\/thalesbrandao"],"url":"https:\/\/www.cidademarketing.com.br\/marketing\/author\/thalesbrandao\/"}]}},"amp_enabled":true,"_links":{"self":[{"href":"https:\/\/www.cidademarketing.com.br\/marketing\/wp-json\/wp\/v2\/posts\/52968","targetHints":{"allow":["GET"]}}],"collection":[{"href":"https:\/\/www.cidademarketing.com.br\/marketing\/wp-json\/wp\/v2\/posts"}],"about":[{"href":"https:\/\/www.cidademarketing.com.br\/marketing\/wp-json\/wp\/v2\/types\/post"}],"author":[{"embeddable":true,"href":"https:\/\/www.cidademarketing.com.br\/marketing\/wp-json\/wp\/v2\/users\/1"}],"replies":[{"embeddable":true,"href":"https:\/\/www.cidademarketing.com.br\/marketing\/wp-json\/wp\/v2\/comments?post=52968"}],"version-history":[{"count":1,"href":"https:\/\/www.cidademarketing.com.br\/marketing\/wp-json\/wp\/v2\/posts\/52968\/revisions"}],"predecessor-version":[{"id":52970,"href":"https:\/\/www.cidademarketing.com.br\/marketing\/wp-json\/wp\/v2\/posts\/52968\/revisions\/52970"}],"wp:featuredmedia":[{"embeddable":true,"href":"https:\/\/www.cidademarketing.com.br\/marketing\/wp-json\/wp\/v2\/media\/52969"}],"wp:attachment":[{"href":"https:\/\/www.cidademarketing.com.br\/marketing\/wp-json\/wp\/v2\/media?parent=52968"}],"wp:term":[{"taxonomy":"category","embeddable":true,"href":"https:\/\/www.cidademarketing.com.br\/marketing\/wp-json\/wp\/v2\/categories?post=52968"},{"taxonomy":"post_tag","embeddable":true,"href":"https:\/\/www.cidademarketing.com.br\/marketing\/wp-json\/wp\/v2\/tags?post=52968"}],"curies":[{"name":"wp","href":"https:\/\/api.w.org\/{rel}","templated":true}]}}