{"id":52964,"date":"2024-10-03T17:39:44","date_gmt":"2024-10-03T20:39:44","guid":{"rendered":"https:\/\/www.cidademarketing.com.br\/marketing\/?p=52964"},"modified":"2024-10-03T17:39:44","modified_gmt":"2024-10-03T20:39:44","slug":"correios-anunciam-concurso-publico-com-edital-em-outubro-e-provas-em-dezembro","status":"publish","type":"post","link":"https:\/\/www.cidademarketing.com.br\/marketing\/2024\/10\/03\/correios-anunciam-concurso-publico-com-edital-em-outubro-e-provas-em-dezembro\/","title":{"rendered":"Correios anunciam concurso p\u00fablico com edital em outubro e provas em dezembro"},"content":{"rendered":"<p>Os Correios divulgaram nesta quinta-feira (3) que as provas de seu aguardado concurso p\u00fablico ser\u00e3o realizadas no dia 15 de dezembro. O edital, que detalha as regras e crit\u00e9rios de sele\u00e7\u00e3o, ser\u00e1 publicado na pr\u00f3xima quarta-feira, 9 de outubro. Este \u00e9 o primeiro concurso p\u00fablico em \u00e2mbito nacional realizado pela estatal desde 2011.<\/p>\n<p>O certame contar\u00e1 com 3.468 vagas no total, sendo 3.099 oportunidades para o cargo de agente de Correios (n\u00edvel m\u00e9dio) e 369 para analista de Correios (n\u00edvel superior). Os sal\u00e1rios iniciais oferecidos variam entre R$ 2.429,26 para agentes e R$ 6.872,48 para analistas. Al\u00e9m dessas vagas imediatas, tamb\u00e9m haver\u00e1 cadastro reserva para 5.344 agentes e 631 analistas.<\/p>\n<p><strong>Provas e formato do concurso<\/strong><br \/>\nAs provas objetivas ser\u00e3o aplicadas em todos os estados brasileiros e no Distrito Federal, abrangendo at\u00e9 306 localidades. A organiza\u00e7\u00e3o do concurso ser\u00e1 conduzida pelo Instituto Brasileiro de Forma\u00e7\u00e3o e Capacita\u00e7\u00e3o (IBFC). Para o cargo de agente, o exame consistir\u00e1 em quest\u00f5es de m\u00faltipla escolha sobre conhecimentos gerais e espec\u00edficos. J\u00e1 para os candidatos a analista de Correios, al\u00e9m das quest\u00f5es objetivas, haver\u00e1 uma reda\u00e7\u00e3o dissertativa.<\/p>\n<p><strong>Cotas e reserva de vagas<\/strong><br \/>\nOs Correios tamb\u00e9m anunciaram que 30% das vagas ser\u00e3o reservadas para pessoas negras (pretas e pardas) e ind\u00edgenas, refor\u00e7ando o compromisso da empresa com a inclus\u00e3o e diversidade no ambiente de trabalho.<\/p>\n<p><strong>A demanda por novos profissionais<\/strong><br \/>\nA realiza\u00e7\u00e3o do concurso foi fruto de negocia\u00e7\u00f5es entre a estatal e federa\u00e7\u00f5es representativas dos trabalhadores durante o Acordo Coletivo de Trabalho 2023. Segundo os Correios, essa contrata\u00e7\u00e3o \u00e9 essencial para atender \u00e0s demandas acumuladas e reduzir a sobrecarga dos atuais colaboradores. O presidente da estatal, Fabiano Silva dos Santos, destacou a import\u00e2ncia de refor\u00e7ar o quadro de profissionais para que a empresa possa se adaptar \u00e0s novas exig\u00eancias do mercado e da sociedade.<\/p>\n<p>No entanto, a Federa\u00e7\u00e3o Interestadual dos Sindicatos dos Trabalhadores e Trabalhadoras dos Correios (Findect) criticou o n\u00famero de vagas, afirmando que a quantidade \u00e9 insuficiente para suprir o d\u00e9ficit de m\u00e3o de obra enfrentado pela empresa nos \u00faltimos anos.<\/p>\n<p><strong>Inscri\u00e7\u00f5es e outras oportunidades<\/strong><br \/>\nAs inscri\u00e7\u00f5es para o concurso dos Correios ser\u00e3o abertas ap\u00f3s a divulga\u00e7\u00e3o oficial do edital. Recentemente, a estatal tamb\u00e9m abriu outro concurso, com 33 vagas para as \u00e1reas de medicina e seguran\u00e7a do trabalho, com sal\u00e1rios de at\u00e9 R$ 6,8 mil.<\/p>\n","protected":false},"excerpt":{"rendered":"<p>Os Correios divulgaram nesta quinta-feira (3) que as provas de seu aguardado concurso p\u00fablico ser\u00e3o realizadas no dia 15 de dezembro. O edital, que detalha as regras e crit\u00e9rios de sele\u00e7\u00e3o, ser\u00e1 publicado na pr\u00f3xima quarta-feira, 9 de outubro. Este \u00e9 o primeiro concurso p\u00fablico em \u00e2mbito nacional realizado pela estatal desde 2011. O certame [&hellip;]<\/p>\n","protected":false},"author":1,"featured_media":52965,"comment_status":"open","ping_status":"open","sticky":false,"template":"","format":"standard","meta":{"tdm_status":"","tdm_grid_status":"","footnotes":""},"categories":[6],"tags":[251,1028,1955,130,6575,33,28,282,7538],"class_list":["post-52964","post","type-post","status-publish","format-standard","has-post-thumbnail","hentry","category-noticias","tag-carreira","tag-concurso","tag-concurso-publico","tag-correios","tag-edital","tag-estrategia","tag-marketing","tag-pessoas","tag-provas"],"yoast_head":"<!-- This site is optimized with the Yoast SEO plugin v27.5 - https:\/\/yoast.com\/product\/yoast-seo-wordpress\/ -->\n<title>Correios anunciam concurso p\u00fablico com edital em outubro e provas em dezembro - CidadeMarketing<\/title>\n<meta name=\"robots\" content=\"index, follow, max-snippet:-1, max-image-preview:large, max-video-preview:-1\" \/>\n<link rel=\"canonical\" href=\"https:\/\/www.cidademarketing.com.br\/marketing\/2024\/10\/03\/correios-anunciam-concurso-publico-com-edital-em-outubro-e-provas-em-dezembro\/\" \/>\n<meta property=\"og:locale\" content=\"pt_BR\" \/>\n<meta property=\"og:type\" content=\"article\" \/>\n<meta property=\"og:title\" content=\"Correios anunciam concurso p\u00fablico com edital em outubro e provas em dezembro - CidadeMarketing\" \/>\n<meta property=\"og:description\" content=\"Os Correios divulgaram nesta quinta-feira (3) que as provas de seu aguardado concurso p\u00fablico ser\u00e3o realizadas no dia 15 de dezembro. O edital, que detalha as regras e crit\u00e9rios de sele\u00e7\u00e3o, ser\u00e1 publicado na pr\u00f3xima quarta-feira, 9 de outubro. Este \u00e9 o primeiro concurso p\u00fablico em \u00e2mbito nacional realizado pela estatal desde 2011. O certame [&hellip;]\" \/>\n<meta property=\"og:url\" content=\"https:\/\/www.cidademarketing.com.br\/marketing\/2024\/10\/03\/correios-anunciam-concurso-publico-com-edital-em-outubro-e-provas-em-dezembro\/\" \/>\n<meta property=\"og:site_name\" content=\"CidadeMarketing\" \/>\n<meta property=\"article:publisher\" content=\"https:\/\/www.facebook.com\/portalcidademarketing\" \/>\n<meta property=\"article:author\" content=\"https:\/\/www.facebook.com\/thalesbrandao\" \/>\n<meta property=\"article:published_time\" content=\"2024-10-03T20:39:44+00:00\" \/>\n<meta property=\"og:image\" content=\"https:\/\/www.cidademarketing.com.br\/marketing\/wp-content\/uploads\/2024\/10\/correios_concursopublico.webp\" \/>\n\t<meta property=\"og:image:width\" content=\"681\" \/>\n\t<meta property=\"og:image:height\" content=\"901\" \/>\n\t<meta property=\"og:image:type\" content=\"image\/webp\" \/>\n<meta name=\"author\" content=\"Thales Brand\u00e3o\" \/>\n<meta name=\"twitter:card\" content=\"summary_large_image\" \/>\n<meta name=\"twitter:creator\" content=\"@http:\/\/www.twitter.com\/thalesbrandao\" \/>\n<meta name=\"twitter:site\" content=\"@CidadeMarketing\" \/>\n<meta name=\"twitter:label1\" content=\"Escrito por\" \/>\n\t<meta name=\"twitter:data1\" content=\"Thales Brand\u00e3o\" \/>\n\t<meta name=\"twitter:label2\" content=\"Est. tempo de leitura\" \/>\n\t<meta name=\"twitter:data2\" content=\"2 minutos\" \/>\n<script type=\"application\/ld+json\" class=\"yoast-schema-graph\">{\"@context\":\"https:\\\/\\\/schema.org\",\"@graph\":[{\"@type\":\"Article\",\"@id\":\"https:\\\/\\\/www.cidademarketing.com.br\\\/marketing\\\/2024\\\/10\\\/03\\\/correios-anunciam-concurso-publico-com-edital-em-outubro-e-provas-em-dezembro\\\/#article\",\"isPartOf\":{\"@id\":\"https:\\\/\\\/www.cidademarketing.com.br\\\/marketing\\\/2024\\\/10\\\/03\\\/correios-anunciam-concurso-publico-com-edital-em-outubro-e-provas-em-dezembro\\\/\"},\"author\":{\"name\":\"Thales Brand\u00e3o\",\"@id\":\"https:\\\/\\\/www.cidademarketing.com.br\\\/marketing\\\/#\\\/schema\\\/person\\\/02daff9f18bd9378c9e01eb6b2db155f\"},\"headline\":\"Correios anunciam concurso p\u00fablico com edital em outubro e provas em dezembro\",\"datePublished\":\"2024-10-03T20:39:44+00:00\",\"mainEntityOfPage\":{\"@id\":\"https:\\\/\\\/www.cidademarketing.com.br\\\/marketing\\\/2024\\\/10\\\/03\\\/correios-anunciam-concurso-publico-com-edital-em-outubro-e-provas-em-dezembro\\\/\"},\"wordCount\":421,\"commentCount\":0,\"publisher\":{\"@id\":\"https:\\\/\\\/www.cidademarketing.com.br\\\/marketing\\\/#organization\"},\"image\":{\"@id\":\"https:\\\/\\\/www.cidademarketing.com.br\\\/marketing\\\/2024\\\/10\\\/03\\\/correios-anunciam-concurso-publico-com-edital-em-outubro-e-provas-em-dezembro\\\/#primaryimage\"},\"thumbnailUrl\":\"https:\\\/\\\/www.cidademarketing.com.br\\\/marketing\\\/wp-content\\\/uploads\\\/2024\\\/10\\\/correios_concursopublico.webp\",\"keywords\":[\"carreira\",\"concurso\",\"Concurso P\u00fablico\",\"Correios\",\"edital\",\"estrat\u00e9gia\",\"marketing\",\"pessoas\",\"provas\"],\"articleSection\":[\"Not\u00edcias\"],\"inLanguage\":\"pt-BR\",\"potentialAction\":[{\"@type\":\"CommentAction\",\"name\":\"Comment\",\"target\":[\"https:\\\/\\\/www.cidademarketing.com.br\\\/marketing\\\/2024\\\/10\\\/03\\\/correios-anunciam-concurso-publico-com-edital-em-outubro-e-provas-em-dezembro\\\/#respond\"]}]},{\"@type\":\"WebPage\",\"@id\":\"https:\\\/\\\/www.cidademarketing.com.br\\\/marketing\\\/2024\\\/10\\\/03\\\/correios-anunciam-concurso-publico-com-edital-em-outubro-e-provas-em-dezembro\\\/\",\"url\":\"https:\\\/\\\/www.cidademarketing.com.br\\\/marketing\\\/2024\\\/10\\\/03\\\/correios-anunciam-concurso-publico-com-edital-em-outubro-e-provas-em-dezembro\\\/\",\"name\":\"Correios anunciam concurso p\u00fablico com edital em outubro e provas em dezembro - CidadeMarketing\",\"isPartOf\":{\"@id\":\"https:\\\/\\\/www.cidademarketing.com.br\\\/marketing\\\/#website\"},\"primaryImageOfPage\":{\"@id\":\"https:\\\/\\\/www.cidademarketing.com.br\\\/marketing\\\/2024\\\/10\\\/03\\\/correios-anunciam-concurso-publico-com-edital-em-outubro-e-provas-em-dezembro\\\/#primaryimage\"},\"image\":{\"@id\":\"https:\\\/\\\/www.cidademarketing.com.br\\\/marketing\\\/2024\\\/10\\\/03\\\/correios-anunciam-concurso-publico-com-edital-em-outubro-e-provas-em-dezembro\\\/#primaryimage\"},\"thumbnailUrl\":\"https:\\\/\\\/www.cidademarketing.com.br\\\/marketing\\\/wp-content\\\/uploads\\\/2024\\\/10\\\/correios_concursopublico.webp\",\"datePublished\":\"2024-10-03T20:39:44+00:00\",\"breadcrumb\":{\"@id\":\"https:\\\/\\\/www.cidademarketing.com.br\\\/marketing\\\/2024\\\/10\\\/03\\\/correios-anunciam-concurso-publico-com-edital-em-outubro-e-provas-em-dezembro\\\/#breadcrumb\"},\"inLanguage\":\"pt-BR\",\"potentialAction\":[{\"@type\":\"ReadAction\",\"target\":[\"https:\\\/\\\/www.cidademarketing.com.br\\\/marketing\\\/2024\\\/10\\\/03\\\/correios-anunciam-concurso-publico-com-edital-em-outubro-e-provas-em-dezembro\\\/\"]}]},{\"@type\":\"ImageObject\",\"inLanguage\":\"pt-BR\",\"@id\":\"https:\\\/\\\/www.cidademarketing.com.br\\\/marketing\\\/2024\\\/10\\\/03\\\/correios-anunciam-concurso-publico-com-edital-em-outubro-e-provas-em-dezembro\\\/#primaryimage\",\"url\":\"https:\\\/\\\/www.cidademarketing.com.br\\\/marketing\\\/wp-content\\\/uploads\\\/2024\\\/10\\\/correios_concursopublico.webp\",\"contentUrl\":\"https:\\\/\\\/www.cidademarketing.com.br\\\/marketing\\\/wp-content\\\/uploads\\\/2024\\\/10\\\/correios_concursopublico.webp\",\"width\":681,\"height\":901,\"caption\":\"Foto: Thales Brand\u00e3o Cidade de Penedo\\\/AL.\"},{\"@type\":\"BreadcrumbList\",\"@id\":\"https:\\\/\\\/www.cidademarketing.com.br\\\/marketing\\\/2024\\\/10\\\/03\\\/correios-anunciam-concurso-publico-com-edital-em-outubro-e-provas-em-dezembro\\\/#breadcrumb\",\"itemListElement\":[{\"@type\":\"ListItem\",\"position\":1,\"name\":\"In\u00edcio\",\"item\":\"https:\\\/\\\/www.cidademarketing.com.br\\\/marketing\\\/\"},{\"@type\":\"ListItem\",\"position\":2,\"name\":\"Correios anunciam concurso p\u00fablico com edital em outubro e provas em dezembro\"}]},{\"@type\":\"WebSite\",\"@id\":\"https:\\\/\\\/www.cidademarketing.com.br\\\/marketing\\\/#website\",\"url\":\"https:\\\/\\\/www.cidademarketing.com.br\\\/marketing\\\/\",\"name\":\"CidadeMarketing\",\"description\":\"Somos um ve\u00edculo de comunica\u00e7\u00e3o de destaque no Brasil, reconhecido por conte\u00fados nos segmentos de marketing, empreendedorismo e inova\u00e7\u00e3o.\",\"publisher\":{\"@id\":\"https:\\\/\\\/www.cidademarketing.com.br\\\/marketing\\\/#organization\"},\"alternateName\":\"CidadeMarketing\",\"potentialAction\":[{\"@type\":\"SearchAction\",\"target\":{\"@type\":\"EntryPoint\",\"urlTemplate\":\"https:\\\/\\\/www.cidademarketing.com.br\\\/marketing\\\/?s={search_term_string}\"},\"query-input\":{\"@type\":\"PropertyValueSpecification\",\"valueRequired\":true,\"valueName\":\"search_term_string\"}}],\"inLanguage\":\"pt-BR\"},{\"@type\":\"Organization\",\"@id\":\"https:\\\/\\\/www.cidademarketing.com.br\\\/marketing\\\/#organization\",\"name\":\"CidadeMarketing\",\"alternateName\":\"CidadeMarketing\",\"url\":\"https:\\\/\\\/www.cidademarketing.com.br\\\/marketing\\\/\",\"logo\":{\"@type\":\"ImageObject\",\"inLanguage\":\"pt-BR\",\"@id\":\"https:\\\/\\\/www.cidademarketing.com.br\\\/marketing\\\/#\\\/schema\\\/logo\\\/image\\\/\",\"url\":\"https:\\\/\\\/www.cidademarketing.com.br\\\/marketing\\\/wp-content\\\/uploads\\\/2020\\\/01\\\/cidademarketing_marca_mobile.png\",\"contentUrl\":\"https:\\\/\\\/www.cidademarketing.com.br\\\/marketing\\\/wp-content\\\/uploads\\\/2020\\\/01\\\/cidademarketing_marca_mobile.png\",\"width\":230,\"height\":92,\"caption\":\"CidadeMarketing\"},\"image\":{\"@id\":\"https:\\\/\\\/www.cidademarketing.com.br\\\/marketing\\\/#\\\/schema\\\/logo\\\/image\\\/\"},\"sameAs\":[\"https:\\\/\\\/www.facebook.com\\\/portalcidademarketing\",\"https:\\\/\\\/x.com\\\/CidadeMarketing\",\"https:\\\/\\\/www.instagram.com\\\/cidademarketing\\\/\"]},{\"@type\":\"Person\",\"@id\":\"https:\\\/\\\/www.cidademarketing.com.br\\\/marketing\\\/#\\\/schema\\\/person\\\/02daff9f18bd9378c9e01eb6b2db155f\",\"name\":\"Thales Brand\u00e3o\",\"image\":{\"@type\":\"ImageObject\",\"inLanguage\":\"pt-BR\",\"@id\":\"https:\\\/\\\/secure.gravatar.com\\\/avatar\\\/7ca3206950207cc3cb48feec56a8a7898741ab725c368d99d5d7a5a50aab80c6?s=96&d=mm&r=g\",\"url\":\"https:\\\/\\\/secure.gravatar.com\\\/avatar\\\/7ca3206950207cc3cb48feec56a8a7898741ab725c368d99d5d7a5a50aab80c6?s=96&d=mm&r=g\",\"contentUrl\":\"https:\\\/\\\/secure.gravatar.com\\\/avatar\\\/7ca3206950207cc3cb48feec56a8a7898741ab725c368d99d5d7a5a50aab80c6?s=96&d=mm&r=g\",\"caption\":\"Thales Brand\u00e3o\"},\"description\":\"Editor Executivo do Portal CidadeMarketing.com.br &gt; Mestre em Comunica\u00e7\u00e3o e Sociedade pela Universidade Federal de Sergipe. Possui MBA Executivo em Administra\u00e7\u00e3o com \u00eanfase em Marketing pela Funda\u00e7\u00e3o Get\u00falio Vargas - Rio de Janeiro. Consultor, Palestrante e Pesquisador sobre Empreendedorismo, Marketing, Redes Sociais e Neg\u00f3cios Digitais. Professor, Palestrante TedxTalks e Campus Party. Twitter: @ThalesBrandao\",\"sameAs\":[\"http:\\\/\\\/www.mandacaru.com.br\",\"https:\\\/\\\/www.facebook.com\\\/thalesbrandao\",\"http:\\\/\\\/www.instagram.com.br\\\/thalesbrandaoferreira\",\"https:\\\/\\\/www.linkedin.com\\\/in\\\/thales-brand\u00e3o-3948609\\\/\",\"https:\\\/\\\/x.com\\\/http:\\\/\\\/www.twitter.com\\\/thalesbrandao\"],\"url\":\"https:\\\/\\\/www.cidademarketing.com.br\\\/marketing\\\/author\\\/thalesbrandao\\\/\"}]}<\/script>\n<!-- \/ Yoast SEO plugin. -->","yoast_head_json":{"title":"Correios anunciam concurso p\u00fablico com edital em outubro e provas em dezembro - CidadeMarketing","robots":{"index":"index","follow":"follow","max-snippet":"max-snippet:-1","max-image-preview":"max-image-preview:large","max-video-preview":"max-video-preview:-1"},"canonical":"https:\/\/www.cidademarketing.com.br\/marketing\/2024\/10\/03\/correios-anunciam-concurso-publico-com-edital-em-outubro-e-provas-em-dezembro\/","og_locale":"pt_BR","og_type":"article","og_title":"Correios anunciam concurso p\u00fablico com edital em outubro e provas em dezembro - CidadeMarketing","og_description":"Os Correios divulgaram nesta quinta-feira (3) que as provas de seu aguardado concurso p\u00fablico ser\u00e3o realizadas no dia 15 de dezembro. O edital, que detalha as regras e crit\u00e9rios de sele\u00e7\u00e3o, ser\u00e1 publicado na pr\u00f3xima quarta-feira, 9 de outubro. Este \u00e9 o primeiro concurso p\u00fablico em \u00e2mbito nacional realizado pela estatal desde 2011. O certame [&hellip;]","og_url":"https:\/\/www.cidademarketing.com.br\/marketing\/2024\/10\/03\/correios-anunciam-concurso-publico-com-edital-em-outubro-e-provas-em-dezembro\/","og_site_name":"CidadeMarketing","article_publisher":"https:\/\/www.facebook.com\/portalcidademarketing","article_author":"https:\/\/www.facebook.com\/thalesbrandao","article_published_time":"2024-10-03T20:39:44+00:00","og_image":[{"width":681,"height":901,"url":"https:\/\/www.cidademarketing.com.br\/marketing\/wp-content\/uploads\/2024\/10\/correios_concursopublico.webp","type":"image\/webp"}],"author":"Thales Brand\u00e3o","twitter_card":"summary_large_image","twitter_creator":"@http:\/\/www.twitter.com\/thalesbrandao","twitter_site":"@CidadeMarketing","twitter_misc":{"Escrito por":"Thales Brand\u00e3o","Est. tempo de leitura":"2 minutos"},"schema":{"@context":"https:\/\/schema.org","@graph":[{"@type":"Article","@id":"https:\/\/www.cidademarketing.com.br\/marketing\/2024\/10\/03\/correios-anunciam-concurso-publico-com-edital-em-outubro-e-provas-em-dezembro\/#article","isPartOf":{"@id":"https:\/\/www.cidademarketing.com.br\/marketing\/2024\/10\/03\/correios-anunciam-concurso-publico-com-edital-em-outubro-e-provas-em-dezembro\/"},"author":{"name":"Thales Brand\u00e3o","@id":"https:\/\/www.cidademarketing.com.br\/marketing\/#\/schema\/person\/02daff9f18bd9378c9e01eb6b2db155f"},"headline":"Correios anunciam concurso p\u00fablico com edital em outubro e provas em dezembro","datePublished":"2024-10-03T20:39:44+00:00","mainEntityOfPage":{"@id":"https:\/\/www.cidademarketing.com.br\/marketing\/2024\/10\/03\/correios-anunciam-concurso-publico-com-edital-em-outubro-e-provas-em-dezembro\/"},"wordCount":421,"commentCount":0,"publisher":{"@id":"https:\/\/www.cidademarketing.com.br\/marketing\/#organization"},"image":{"@id":"https:\/\/www.cidademarketing.com.br\/marketing\/2024\/10\/03\/correios-anunciam-concurso-publico-com-edital-em-outubro-e-provas-em-dezembro\/#primaryimage"},"thumbnailUrl":"https:\/\/www.cidademarketing.com.br\/marketing\/wp-content\/uploads\/2024\/10\/correios_concursopublico.webp","keywords":["carreira","concurso","Concurso P\u00fablico","Correios","edital","estrat\u00e9gia","marketing","pessoas","provas"],"articleSection":["Not\u00edcias"],"inLanguage":"pt-BR","potentialAction":[{"@type":"CommentAction","name":"Comment","target":["https:\/\/www.cidademarketing.com.br\/marketing\/2024\/10\/03\/correios-anunciam-concurso-publico-com-edital-em-outubro-e-provas-em-dezembro\/#respond"]}]},{"@type":"WebPage","@id":"https:\/\/www.cidademarketing.com.br\/marketing\/2024\/10\/03\/correios-anunciam-concurso-publico-com-edital-em-outubro-e-provas-em-dezembro\/","url":"https:\/\/www.cidademarketing.com.br\/marketing\/2024\/10\/03\/correios-anunciam-concurso-publico-com-edital-em-outubro-e-provas-em-dezembro\/","name":"Correios anunciam concurso p\u00fablico com edital em outubro e provas em dezembro - CidadeMarketing","isPartOf":{"@id":"https:\/\/www.cidademarketing.com.br\/marketing\/#website"},"primaryImageOfPage":{"@id":"https:\/\/www.cidademarketing.com.br\/marketing\/2024\/10\/03\/correios-anunciam-concurso-publico-com-edital-em-outubro-e-provas-em-dezembro\/#primaryimage"},"image":{"@id":"https:\/\/www.cidademarketing.com.br\/marketing\/2024\/10\/03\/correios-anunciam-concurso-publico-com-edital-em-outubro-e-provas-em-dezembro\/#primaryimage"},"thumbnailUrl":"https:\/\/www.cidademarketing.com.br\/marketing\/wp-content\/uploads\/2024\/10\/correios_concursopublico.webp","datePublished":"2024-10-03T20:39:44+00:00","breadcrumb":{"@id":"https:\/\/www.cidademarketing.com.br\/marketing\/2024\/10\/03\/correios-anunciam-concurso-publico-com-edital-em-outubro-e-provas-em-dezembro\/#breadcrumb"},"inLanguage":"pt-BR","potentialAction":[{"@type":"ReadAction","target":["https:\/\/www.cidademarketing.com.br\/marketing\/2024\/10\/03\/correios-anunciam-concurso-publico-com-edital-em-outubro-e-provas-em-dezembro\/"]}]},{"@type":"ImageObject","inLanguage":"pt-BR","@id":"https:\/\/www.cidademarketing.com.br\/marketing\/2024\/10\/03\/correios-anunciam-concurso-publico-com-edital-em-outubro-e-provas-em-dezembro\/#primaryimage","url":"https:\/\/www.cidademarketing.com.br\/marketing\/wp-content\/uploads\/2024\/10\/correios_concursopublico.webp","contentUrl":"https:\/\/www.cidademarketing.com.br\/marketing\/wp-content\/uploads\/2024\/10\/correios_concursopublico.webp","width":681,"height":901,"caption":"Foto: Thales Brand\u00e3o Cidade de Penedo\/AL."},{"@type":"BreadcrumbList","@id":"https:\/\/www.cidademarketing.com.br\/marketing\/2024\/10\/03\/correios-anunciam-concurso-publico-com-edital-em-outubro-e-provas-em-dezembro\/#breadcrumb","itemListElement":[{"@type":"ListItem","position":1,"name":"In\u00edcio","item":"https:\/\/www.cidademarketing.com.br\/marketing\/"},{"@type":"ListItem","position":2,"name":"Correios anunciam concurso p\u00fablico com edital em outubro e provas em dezembro"}]},{"@type":"WebSite","@id":"https:\/\/www.cidademarketing.com.br\/marketing\/#website","url":"https:\/\/www.cidademarketing.com.br\/marketing\/","name":"CidadeMarketing","description":"Somos um ve\u00edculo de comunica\u00e7\u00e3o de destaque no Brasil, reconhecido por conte\u00fados nos segmentos de marketing, empreendedorismo e inova\u00e7\u00e3o.","publisher":{"@id":"https:\/\/www.cidademarketing.com.br\/marketing\/#organization"},"alternateName":"CidadeMarketing","potentialAction":[{"@type":"SearchAction","target":{"@type":"EntryPoint","urlTemplate":"https:\/\/www.cidademarketing.com.br\/marketing\/?s={search_term_string}"},"query-input":{"@type":"PropertyValueSpecification","valueRequired":true,"valueName":"search_term_string"}}],"inLanguage":"pt-BR"},{"@type":"Organization","@id":"https:\/\/www.cidademarketing.com.br\/marketing\/#organization","name":"CidadeMarketing","alternateName":"CidadeMarketing","url":"https:\/\/www.cidademarketing.com.br\/marketing\/","logo":{"@type":"ImageObject","inLanguage":"pt-BR","@id":"https:\/\/www.cidademarketing.com.br\/marketing\/#\/schema\/logo\/image\/","url":"https:\/\/www.cidademarketing.com.br\/marketing\/wp-content\/uploads\/2020\/01\/cidademarketing_marca_mobile.png","contentUrl":"https:\/\/www.cidademarketing.com.br\/marketing\/wp-content\/uploads\/2020\/01\/cidademarketing_marca_mobile.png","width":230,"height":92,"caption":"CidadeMarketing"},"image":{"@id":"https:\/\/www.cidademarketing.com.br\/marketing\/#\/schema\/logo\/image\/"},"sameAs":["https:\/\/www.facebook.com\/portalcidademarketing","https:\/\/x.com\/CidadeMarketing","https:\/\/www.instagram.com\/cidademarketing\/"]},{"@type":"Person","@id":"https:\/\/www.cidademarketing.com.br\/marketing\/#\/schema\/person\/02daff9f18bd9378c9e01eb6b2db155f","name":"Thales Brand\u00e3o","image":{"@type":"ImageObject","inLanguage":"pt-BR","@id":"https:\/\/secure.gravatar.com\/avatar\/7ca3206950207cc3cb48feec56a8a7898741ab725c368d99d5d7a5a50aab80c6?s=96&d=mm&r=g","url":"https:\/\/secure.gravatar.com\/avatar\/7ca3206950207cc3cb48feec56a8a7898741ab725c368d99d5d7a5a50aab80c6?s=96&d=mm&r=g","contentUrl":"https:\/\/secure.gravatar.com\/avatar\/7ca3206950207cc3cb48feec56a8a7898741ab725c368d99d5d7a5a50aab80c6?s=96&d=mm&r=g","caption":"Thales Brand\u00e3o"},"description":"Editor Executivo do Portal CidadeMarketing.com.br &gt; Mestre em Comunica\u00e7\u00e3o e Sociedade pela Universidade Federal de Sergipe. Possui MBA Executivo em Administra\u00e7\u00e3o com \u00eanfase em Marketing pela Funda\u00e7\u00e3o Get\u00falio Vargas - Rio de Janeiro. Consultor, Palestrante e Pesquisador sobre Empreendedorismo, Marketing, Redes Sociais e Neg\u00f3cios Digitais. Professor, Palestrante TedxTalks e Campus Party. Twitter: @ThalesBrandao","sameAs":["http:\/\/www.mandacaru.com.br","https:\/\/www.facebook.com\/thalesbrandao","http:\/\/www.instagram.com.br\/thalesbrandaoferreira","https:\/\/www.linkedin.com\/in\/thales-brand\u00e3o-3948609\/","https:\/\/x.com\/http:\/\/www.twitter.com\/thalesbrandao"],"url":"https:\/\/www.cidademarketing.com.br\/marketing\/author\/thalesbrandao\/"}]}},"amp_enabled":true,"_links":{"self":[{"href":"https:\/\/www.cidademarketing.com.br\/marketing\/wp-json\/wp\/v2\/posts\/52964","targetHints":{"allow":["GET"]}}],"collection":[{"href":"https:\/\/www.cidademarketing.com.br\/marketing\/wp-json\/wp\/v2\/posts"}],"about":[{"href":"https:\/\/www.cidademarketing.com.br\/marketing\/wp-json\/wp\/v2\/types\/post"}],"author":[{"embeddable":true,"href":"https:\/\/www.cidademarketing.com.br\/marketing\/wp-json\/wp\/v2\/users\/1"}],"replies":[{"embeddable":true,"href":"https:\/\/www.cidademarketing.com.br\/marketing\/wp-json\/wp\/v2\/comments?post=52964"}],"version-history":[{"count":1,"href":"https:\/\/www.cidademarketing.com.br\/marketing\/wp-json\/wp\/v2\/posts\/52964\/revisions"}],"predecessor-version":[{"id":52966,"href":"https:\/\/www.cidademarketing.com.br\/marketing\/wp-json\/wp\/v2\/posts\/52964\/revisions\/52966"}],"wp:featuredmedia":[{"embeddable":true,"href":"https:\/\/www.cidademarketing.com.br\/marketing\/wp-json\/wp\/v2\/media\/52965"}],"wp:attachment":[{"href":"https:\/\/www.cidademarketing.com.br\/marketing\/wp-json\/wp\/v2\/media?parent=52964"}],"wp:term":[{"taxonomy":"category","embeddable":true,"href":"https:\/\/www.cidademarketing.com.br\/marketing\/wp-json\/wp\/v2\/categories?post=52964"},{"taxonomy":"post_tag","embeddable":true,"href":"https:\/\/www.cidademarketing.com.br\/marketing\/wp-json\/wp\/v2\/tags?post=52964"}],"curies":[{"name":"wp","href":"https:\/\/api.w.org\/{rel}","templated":true}]}}