{"id":52881,"date":"2024-09-29T23:28:21","date_gmt":"2024-09-30T02:28:21","guid":{"rendered":"https:\/\/www.cidademarketing.com.br\/marketing\/?p=52881"},"modified":"2024-09-29T23:28:21","modified_gmt":"2024-09-30T02:28:21","slug":"conta-de-luz-fica-mais-cara-em-outubro-e-o-impacto-nos-negocios","status":"publish","type":"post","link":"https:\/\/www.cidademarketing.com.br\/marketing\/2024\/09\/29\/conta-de-luz-fica-mais-cara-em-outubro-e-o-impacto-nos-negocios\/","title":{"rendered":"Conta de luz fica mais cara em outubro e o impacto nos neg\u00f3cios"},"content":{"rendered":"<p>A Ag\u00eancia Nacional de Energia El\u00e9trica (ANEEL) informou, nesta sexta-feira (27\/9), que a bandeira tarif\u00e1ria para o m\u00eas de outubro ser\u00e1 vermelha, patamar 2. Isso significa que os consumidores de energia el\u00e9trica conectados ao Sistema Interligado Nacional (SIN) ter\u00e3o uma cobran\u00e7a adicional em suas contas de luz.<\/p>\n<p>A tarifa extra ser\u00e1 de R$ 7,877 para cada 100 quilowatts-hora (kWh) consumidos. Os principais fatores que levaram \u00e0 ativa\u00e7\u00e3o da bandeira vermelha patamar 2 incluem o GSF (risco hidrol\u00f3gico) e o aumento do Pre\u00e7o de Liquida\u00e7\u00e3o de Diferen\u00e7as (PLD). Estes fatores foram influenciados pela baixa expectativa de aflu\u00eancia nos reservat\u00f3rios das hidrel\u00e9tricas e o consequente aumento no pre\u00e7o do mercado de energia ao longo do m\u00eas.<\/p>\n<p><strong>Contexto e hist\u00f3rico das bandeiras tarif\u00e1rias<\/strong><br \/>\nDesde abril de 2022, o Brasil vinha em uma sequ\u00eancia de bandeiras verdes, sinalizando condi\u00e7\u00f5es favor\u00e1veis para a gera\u00e7\u00e3o de energia. Esse cen\u00e1rio foi interrompido em julho de 2024, com a ativa\u00e7\u00e3o da bandeira amarela, seguida de verde em agosto, e, mais recentemente, a vermelha, patamar 1, em setembro. Agora, a situa\u00e7\u00e3o se agravou com a ativa\u00e7\u00e3o da bandeira vermelha patamar 2, o n\u00edvel mais caro do sistema.<\/p>\n<p><strong>Como funciona o sistema de bandeiras tarif\u00e1rias<\/strong><br \/>\nCriado pela ANEEL em 2015, o sistema de bandeiras tarif\u00e1rias tem como objetivo sinalizar ao consumidor os custos reais da gera\u00e7\u00e3o de energia no Brasil. Esse modelo leva em considera\u00e7\u00e3o a disponibilidade de recursos h\u00eddricos, o uso de fontes renov\u00e1veis e a necessidade de acionamento de usinas termel\u00e9tricas, que t\u00eam um custo de produ\u00e7\u00e3o mais elevado.<\/p>\n<p>Ao informar previamente o custo da energia, o sistema permite que os consumidores ajustem seu uso de eletricidade de acordo com as condi\u00e7\u00f5es do mercado. No passado, o impacto das varia\u00e7\u00f5es de custo era repassado apenas nos reajustes tarif\u00e1rios anuais, o que n\u00e3o dava ao consumidor a oportunidade de modificar seu comportamento de consumo em tempo real.<\/p>\n<p><strong>Consumo consciente e sustentabilidade<\/strong><br \/>\nDiante do aumento das tarifas, a ANEEL refor\u00e7a a import\u00e2ncia do uso consciente da energia, independentemente do cen\u00e1rio de gera\u00e7\u00e3o. Economizar energia n\u00e3o s\u00f3 alivia o impacto financeiro nas contas de luz, mas tamb\u00e9m contribui para a preserva\u00e7\u00e3o dos recursos naturais e a sustentabilidade do setor el\u00e9trico.<\/p>\n<p>Para mais detalhes sobre o sistema de bandeiras tarif\u00e1rias, a ANEEL disponibilizou um v\u00eddeo explicativo:<\/p>\n<div class=\"youtube-embed\" data-video_id=\"w1rS7_tGSvM\"><iframe title=\"O que s\u00e3o bandeiras tarif\u00e1rias?\" width=\"640\" height=\"360\" src=\"https:\/\/www.youtube.com\/embed\/w1rS7_tGSvM?feature=oembed&#038;enablejsapi=1\" frameborder=\"0\" allow=\"accelerometer; autoplay; clipboard-write; encrypted-media; gyroscope; picture-in-picture; web-share\" referrerpolicy=\"strict-origin-when-cross-origin\" allowfullscreen><\/iframe><\/div>\n<p><strong>O impacto nos neg\u00f3cios<\/strong><br \/>\nA ativa\u00e7\u00e3o da bandeira tarif\u00e1ria vermelha, patamar 2, tem um impacto significativo para os neg\u00f3cios, especialmente para aqueles que dependem de altos n\u00edveis de consumo energ\u00e9tico, como ind\u00fastrias, com\u00e9rcios e grandes redes de servi\u00e7os. O aumento no custo da energia el\u00e9trica eleva as despesas operacionais, o que pode comprometer a rentabilidade das empresas. Setores como manufatura, agroneg\u00f3cio e varejo podem ser diretamente afetados, for\u00e7ando os empres\u00e1rios a revisarem suas opera\u00e7\u00f5es e, em muitos casos, repassarem esses custos ao consumidor final, o que pode gerar infla\u00e7\u00e3o e reduzir o poder de compra da popula\u00e7\u00e3o.<\/p>\n<p>Al\u00e9m disso, o aumento nos custos energ\u00e9ticos exige das empresas uma maior preocupa\u00e7\u00e3o com a efici\u00eancia energ\u00e9tica e a ado\u00e7\u00e3o de tecnologias mais sustent\u00e1veis. Neg\u00f3cios que ainda n\u00e3o investiram em solu\u00e7\u00f5es para otimizar o uso de energia, como sistemas de ilumina\u00e7\u00e3o LED, automa\u00e7\u00e3o de processos e fontes de energia renov\u00e1vel, enfrentam agora a necessidade de acelerar essa transi\u00e7\u00e3o para reduzir seus gastos. A bandeira tarif\u00e1ria vermelha atua, portanto, como um catalisador para que as empresas busquem inova\u00e7\u00f5es que n\u00e3o s\u00f3 minimizem os custos, mas tamb\u00e9m contribuam para uma opera\u00e7\u00e3o mais sustent\u00e1vel a longo prazo.<\/p>\n","protected":false},"excerpt":{"rendered":"<p>A Ag\u00eancia Nacional de Energia El\u00e9trica (ANEEL) informou, nesta sexta-feira (27\/9), que a bandeira tarif\u00e1ria para o m\u00eas de outubro ser\u00e1 vermelha, patamar 2. Isso significa que os consumidores de energia el\u00e9trica conectados ao Sistema Interligado Nacional (SIN) ter\u00e3o uma cobran\u00e7a adicional em suas contas de luz. A tarifa extra ser\u00e1 de R$ 7,877 para [&hellip;]<\/p>\n","protected":false},"author":1,"featured_media":52886,"comment_status":"open","ping_status":"open","sticky":false,"template":"","format":"standard","meta":{"tdm_status":"","tdm_grid_status":"","footnotes":""},"categories":[6],"tags":[188,1344,147,190,33,7114,2094,28,1293,884,176],"class_list":["post-52881","post","type-post","status-publish","format-standard","has-post-thumbnail","hentry","category-noticias","tag-aneel","tag-aumento","tag-brasil","tag-energia","tag-estrategia","tag-impacto","tag-luz","tag-marketing","tag-negocio","tag-preco","tag-sustentabilidade"],"yoast_head":"<!-- This site is optimized with the Yoast SEO plugin v27.5 - https:\/\/yoast.com\/product\/yoast-seo-wordpress\/ -->\n<title>Conta de luz fica mais cara em outubro e o impacto nos neg\u00f3cios - CidadeMarketing<\/title>\n<meta name=\"robots\" content=\"index, follow, max-snippet:-1, max-image-preview:large, max-video-preview:-1\" \/>\n<link rel=\"canonical\" href=\"https:\/\/www.cidademarketing.com.br\/marketing\/2024\/09\/29\/conta-de-luz-fica-mais-cara-em-outubro-e-o-impacto-nos-negocios\/\" \/>\n<meta property=\"og:locale\" content=\"pt_BR\" \/>\n<meta property=\"og:type\" content=\"article\" \/>\n<meta property=\"og:title\" content=\"Conta de luz fica mais cara em outubro e o impacto nos neg\u00f3cios - CidadeMarketing\" \/>\n<meta property=\"og:description\" content=\"A Ag\u00eancia Nacional de Energia El\u00e9trica (ANEEL) informou, nesta sexta-feira (27\/9), que a bandeira tarif\u00e1ria para o m\u00eas de outubro ser\u00e1 vermelha, patamar 2. Isso significa que os consumidores de energia el\u00e9trica conectados ao Sistema Interligado Nacional (SIN) ter\u00e3o uma cobran\u00e7a adicional em suas contas de luz. A tarifa extra ser\u00e1 de R$ 7,877 para [&hellip;]\" \/>\n<meta property=\"og:url\" content=\"https:\/\/www.cidademarketing.com.br\/marketing\/2024\/09\/29\/conta-de-luz-fica-mais-cara-em-outubro-e-o-impacto-nos-negocios\/\" \/>\n<meta property=\"og:site_name\" content=\"CidadeMarketing\" \/>\n<meta property=\"article:publisher\" content=\"https:\/\/www.facebook.com\/portalcidademarketing\" \/>\n<meta property=\"article:author\" content=\"https:\/\/www.facebook.com\/thalesbrandao\" \/>\n<meta property=\"article:published_time\" content=\"2024-09-30T02:28:21+00:00\" \/>\n<meta property=\"og:image\" content=\"https:\/\/www.cidademarketing.com.br\/marketing\/wp-content\/uploads\/2024\/09\/energia_bandeiravermelha.webp\" \/>\n\t<meta property=\"og:image:width\" content=\"893\" \/>\n\t<meta property=\"og:image:height\" content=\"900\" \/>\n\t<meta property=\"og:image:type\" content=\"image\/webp\" \/>\n<meta name=\"author\" content=\"Thales Brand\u00e3o\" \/>\n<meta name=\"twitter:card\" content=\"summary_large_image\" \/>\n<meta name=\"twitter:creator\" content=\"@http:\/\/www.twitter.com\/thalesbrandao\" \/>\n<meta name=\"twitter:site\" content=\"@CidadeMarketing\" \/>\n<meta name=\"twitter:label1\" content=\"Escrito por\" \/>\n\t<meta name=\"twitter:data1\" content=\"Thales Brand\u00e3o\" \/>\n\t<meta name=\"twitter:label2\" content=\"Est. tempo de leitura\" \/>\n\t<meta name=\"twitter:data2\" content=\"3 minutos\" \/>\n<script type=\"application\/ld+json\" class=\"yoast-schema-graph\">{\"@context\":\"https:\\\/\\\/schema.org\",\"@graph\":[{\"@type\":\"Article\",\"@id\":\"https:\\\/\\\/www.cidademarketing.com.br\\\/marketing\\\/2024\\\/09\\\/29\\\/conta-de-luz-fica-mais-cara-em-outubro-e-o-impacto-nos-negocios\\\/#article\",\"isPartOf\":{\"@id\":\"https:\\\/\\\/www.cidademarketing.com.br\\\/marketing\\\/2024\\\/09\\\/29\\\/conta-de-luz-fica-mais-cara-em-outubro-e-o-impacto-nos-negocios\\\/\"},\"author\":{\"name\":\"Thales Brand\u00e3o\",\"@id\":\"https:\\\/\\\/www.cidademarketing.com.br\\\/marketing\\\/#\\\/schema\\\/person\\\/02daff9f18bd9378c9e01eb6b2db155f\"},\"headline\":\"Conta de luz fica mais cara em outubro e o impacto nos neg\u00f3cios\",\"datePublished\":\"2024-09-30T02:28:21+00:00\",\"mainEntityOfPage\":{\"@id\":\"https:\\\/\\\/www.cidademarketing.com.br\\\/marketing\\\/2024\\\/09\\\/29\\\/conta-de-luz-fica-mais-cara-em-outubro-e-o-impacto-nos-negocios\\\/\"},\"wordCount\":665,\"commentCount\":0,\"publisher\":{\"@id\":\"https:\\\/\\\/www.cidademarketing.com.br\\\/marketing\\\/#organization\"},\"image\":{\"@id\":\"https:\\\/\\\/www.cidademarketing.com.br\\\/marketing\\\/2024\\\/09\\\/29\\\/conta-de-luz-fica-mais-cara-em-outubro-e-o-impacto-nos-negocios\\\/#primaryimage\"},\"thumbnailUrl\":\"https:\\\/\\\/www.cidademarketing.com.br\\\/marketing\\\/wp-content\\\/uploads\\\/2024\\\/09\\\/energia_bandeiravermelha.webp\",\"keywords\":[\"Aneel\",\"aumento\",\"Brasil\",\"energia\",\"estrat\u00e9gia\",\"impacto\",\"luz\",\"marketing\",\"neg\u00f3cio\",\"pre\u00e7o\",\"sustentabilidade\"],\"articleSection\":[\"Not\u00edcias\"],\"inLanguage\":\"pt-BR\",\"potentialAction\":[{\"@type\":\"CommentAction\",\"name\":\"Comment\",\"target\":[\"https:\\\/\\\/www.cidademarketing.com.br\\\/marketing\\\/2024\\\/09\\\/29\\\/conta-de-luz-fica-mais-cara-em-outubro-e-o-impacto-nos-negocios\\\/#respond\"]}]},{\"@type\":\"WebPage\",\"@id\":\"https:\\\/\\\/www.cidademarketing.com.br\\\/marketing\\\/2024\\\/09\\\/29\\\/conta-de-luz-fica-mais-cara-em-outubro-e-o-impacto-nos-negocios\\\/\",\"url\":\"https:\\\/\\\/www.cidademarketing.com.br\\\/marketing\\\/2024\\\/09\\\/29\\\/conta-de-luz-fica-mais-cara-em-outubro-e-o-impacto-nos-negocios\\\/\",\"name\":\"Conta de luz fica mais cara em outubro e o impacto nos neg\u00f3cios - CidadeMarketing\",\"isPartOf\":{\"@id\":\"https:\\\/\\\/www.cidademarketing.com.br\\\/marketing\\\/#website\"},\"primaryImageOfPage\":{\"@id\":\"https:\\\/\\\/www.cidademarketing.com.br\\\/marketing\\\/2024\\\/09\\\/29\\\/conta-de-luz-fica-mais-cara-em-outubro-e-o-impacto-nos-negocios\\\/#primaryimage\"},\"image\":{\"@id\":\"https:\\\/\\\/www.cidademarketing.com.br\\\/marketing\\\/2024\\\/09\\\/29\\\/conta-de-luz-fica-mais-cara-em-outubro-e-o-impacto-nos-negocios\\\/#primaryimage\"},\"thumbnailUrl\":\"https:\\\/\\\/www.cidademarketing.com.br\\\/marketing\\\/wp-content\\\/uploads\\\/2024\\\/09\\\/energia_bandeiravermelha.webp\",\"datePublished\":\"2024-09-30T02:28:21+00:00\",\"breadcrumb\":{\"@id\":\"https:\\\/\\\/www.cidademarketing.com.br\\\/marketing\\\/2024\\\/09\\\/29\\\/conta-de-luz-fica-mais-cara-em-outubro-e-o-impacto-nos-negocios\\\/#breadcrumb\"},\"inLanguage\":\"pt-BR\",\"potentialAction\":[{\"@type\":\"ReadAction\",\"target\":[\"https:\\\/\\\/www.cidademarketing.com.br\\\/marketing\\\/2024\\\/09\\\/29\\\/conta-de-luz-fica-mais-cara-em-outubro-e-o-impacto-nos-negocios\\\/\"]}]},{\"@type\":\"ImageObject\",\"inLanguage\":\"pt-BR\",\"@id\":\"https:\\\/\\\/www.cidademarketing.com.br\\\/marketing\\\/2024\\\/09\\\/29\\\/conta-de-luz-fica-mais-cara-em-outubro-e-o-impacto-nos-negocios\\\/#primaryimage\",\"url\":\"https:\\\/\\\/www.cidademarketing.com.br\\\/marketing\\\/wp-content\\\/uploads\\\/2024\\\/09\\\/energia_bandeiravermelha.webp\",\"contentUrl\":\"https:\\\/\\\/www.cidademarketing.com.br\\\/marketing\\\/wp-content\\\/uploads\\\/2024\\\/09\\\/energia_bandeiravermelha.webp\",\"width\":893,\"height\":900,\"caption\":\"IA\"},{\"@type\":\"BreadcrumbList\",\"@id\":\"https:\\\/\\\/www.cidademarketing.com.br\\\/marketing\\\/2024\\\/09\\\/29\\\/conta-de-luz-fica-mais-cara-em-outubro-e-o-impacto-nos-negocios\\\/#breadcrumb\",\"itemListElement\":[{\"@type\":\"ListItem\",\"position\":1,\"name\":\"In\u00edcio\",\"item\":\"https:\\\/\\\/www.cidademarketing.com.br\\\/marketing\\\/\"},{\"@type\":\"ListItem\",\"position\":2,\"name\":\"Conta de luz fica mais cara em outubro e o impacto nos neg\u00f3cios\"}]},{\"@type\":\"WebSite\",\"@id\":\"https:\\\/\\\/www.cidademarketing.com.br\\\/marketing\\\/#website\",\"url\":\"https:\\\/\\\/www.cidademarketing.com.br\\\/marketing\\\/\",\"name\":\"CidadeMarketing\",\"description\":\"Somos um ve\u00edculo de comunica\u00e7\u00e3o de destaque no Brasil, reconhecido por conte\u00fados nos segmentos de marketing, empreendedorismo e inova\u00e7\u00e3o.\",\"publisher\":{\"@id\":\"https:\\\/\\\/www.cidademarketing.com.br\\\/marketing\\\/#organization\"},\"alternateName\":\"CidadeMarketing\",\"potentialAction\":[{\"@type\":\"SearchAction\",\"target\":{\"@type\":\"EntryPoint\",\"urlTemplate\":\"https:\\\/\\\/www.cidademarketing.com.br\\\/marketing\\\/?s={search_term_string}\"},\"query-input\":{\"@type\":\"PropertyValueSpecification\",\"valueRequired\":true,\"valueName\":\"search_term_string\"}}],\"inLanguage\":\"pt-BR\"},{\"@type\":\"Organization\",\"@id\":\"https:\\\/\\\/www.cidademarketing.com.br\\\/marketing\\\/#organization\",\"name\":\"CidadeMarketing\",\"alternateName\":\"CidadeMarketing\",\"url\":\"https:\\\/\\\/www.cidademarketing.com.br\\\/marketing\\\/\",\"logo\":{\"@type\":\"ImageObject\",\"inLanguage\":\"pt-BR\",\"@id\":\"https:\\\/\\\/www.cidademarketing.com.br\\\/marketing\\\/#\\\/schema\\\/logo\\\/image\\\/\",\"url\":\"https:\\\/\\\/www.cidademarketing.com.br\\\/marketing\\\/wp-content\\\/uploads\\\/2020\\\/01\\\/cidademarketing_marca_mobile.png\",\"contentUrl\":\"https:\\\/\\\/www.cidademarketing.com.br\\\/marketing\\\/wp-content\\\/uploads\\\/2020\\\/01\\\/cidademarketing_marca_mobile.png\",\"width\":230,\"height\":92,\"caption\":\"CidadeMarketing\"},\"image\":{\"@id\":\"https:\\\/\\\/www.cidademarketing.com.br\\\/marketing\\\/#\\\/schema\\\/logo\\\/image\\\/\"},\"sameAs\":[\"https:\\\/\\\/www.facebook.com\\\/portalcidademarketing\",\"https:\\\/\\\/x.com\\\/CidadeMarketing\",\"https:\\\/\\\/www.instagram.com\\\/cidademarketing\\\/\"]},{\"@type\":\"Person\",\"@id\":\"https:\\\/\\\/www.cidademarketing.com.br\\\/marketing\\\/#\\\/schema\\\/person\\\/02daff9f18bd9378c9e01eb6b2db155f\",\"name\":\"Thales Brand\u00e3o\",\"image\":{\"@type\":\"ImageObject\",\"inLanguage\":\"pt-BR\",\"@id\":\"https:\\\/\\\/secure.gravatar.com\\\/avatar\\\/7ca3206950207cc3cb48feec56a8a7898741ab725c368d99d5d7a5a50aab80c6?s=96&d=mm&r=g\",\"url\":\"https:\\\/\\\/secure.gravatar.com\\\/avatar\\\/7ca3206950207cc3cb48feec56a8a7898741ab725c368d99d5d7a5a50aab80c6?s=96&d=mm&r=g\",\"contentUrl\":\"https:\\\/\\\/secure.gravatar.com\\\/avatar\\\/7ca3206950207cc3cb48feec56a8a7898741ab725c368d99d5d7a5a50aab80c6?s=96&d=mm&r=g\",\"caption\":\"Thales Brand\u00e3o\"},\"description\":\"Editor Executivo do Portal CidadeMarketing.com.br &gt; Mestre em Comunica\u00e7\u00e3o e Sociedade pela Universidade Federal de Sergipe. Possui MBA Executivo em Administra\u00e7\u00e3o com \u00eanfase em Marketing pela Funda\u00e7\u00e3o Get\u00falio Vargas - Rio de Janeiro. Consultor, Palestrante e Pesquisador sobre Empreendedorismo, Marketing, Redes Sociais e Neg\u00f3cios Digitais. Professor, Palestrante TedxTalks e Campus Party. Twitter: @ThalesBrandao\",\"sameAs\":[\"http:\\\/\\\/www.mandacaru.com.br\",\"https:\\\/\\\/www.facebook.com\\\/thalesbrandao\",\"http:\\\/\\\/www.instagram.com.br\\\/thalesbrandaoferreira\",\"https:\\\/\\\/www.linkedin.com\\\/in\\\/thales-brand\u00e3o-3948609\\\/\",\"https:\\\/\\\/x.com\\\/http:\\\/\\\/www.twitter.com\\\/thalesbrandao\"],\"url\":\"https:\\\/\\\/www.cidademarketing.com.br\\\/marketing\\\/author\\\/thalesbrandao\\\/\"}]}<\/script>\n<!-- \/ Yoast SEO plugin. -->","yoast_head_json":{"title":"Conta de luz fica mais cara em outubro e o impacto nos neg\u00f3cios - CidadeMarketing","robots":{"index":"index","follow":"follow","max-snippet":"max-snippet:-1","max-image-preview":"max-image-preview:large","max-video-preview":"max-video-preview:-1"},"canonical":"https:\/\/www.cidademarketing.com.br\/marketing\/2024\/09\/29\/conta-de-luz-fica-mais-cara-em-outubro-e-o-impacto-nos-negocios\/","og_locale":"pt_BR","og_type":"article","og_title":"Conta de luz fica mais cara em outubro e o impacto nos neg\u00f3cios - CidadeMarketing","og_description":"A Ag\u00eancia Nacional de Energia El\u00e9trica (ANEEL) informou, nesta sexta-feira (27\/9), que a bandeira tarif\u00e1ria para o m\u00eas de outubro ser\u00e1 vermelha, patamar 2. Isso significa que os consumidores de energia el\u00e9trica conectados ao Sistema Interligado Nacional (SIN) ter\u00e3o uma cobran\u00e7a adicional em suas contas de luz. A tarifa extra ser\u00e1 de R$ 7,877 para [&hellip;]","og_url":"https:\/\/www.cidademarketing.com.br\/marketing\/2024\/09\/29\/conta-de-luz-fica-mais-cara-em-outubro-e-o-impacto-nos-negocios\/","og_site_name":"CidadeMarketing","article_publisher":"https:\/\/www.facebook.com\/portalcidademarketing","article_author":"https:\/\/www.facebook.com\/thalesbrandao","article_published_time":"2024-09-30T02:28:21+00:00","og_image":[{"width":893,"height":900,"url":"https:\/\/www.cidademarketing.com.br\/marketing\/wp-content\/uploads\/2024\/09\/energia_bandeiravermelha.webp","type":"image\/webp"}],"author":"Thales Brand\u00e3o","twitter_card":"summary_large_image","twitter_creator":"@http:\/\/www.twitter.com\/thalesbrandao","twitter_site":"@CidadeMarketing","twitter_misc":{"Escrito por":"Thales Brand\u00e3o","Est. tempo de leitura":"3 minutos"},"schema":{"@context":"https:\/\/schema.org","@graph":[{"@type":"Article","@id":"https:\/\/www.cidademarketing.com.br\/marketing\/2024\/09\/29\/conta-de-luz-fica-mais-cara-em-outubro-e-o-impacto-nos-negocios\/#article","isPartOf":{"@id":"https:\/\/www.cidademarketing.com.br\/marketing\/2024\/09\/29\/conta-de-luz-fica-mais-cara-em-outubro-e-o-impacto-nos-negocios\/"},"author":{"name":"Thales Brand\u00e3o","@id":"https:\/\/www.cidademarketing.com.br\/marketing\/#\/schema\/person\/02daff9f18bd9378c9e01eb6b2db155f"},"headline":"Conta de luz fica mais cara em outubro e o impacto nos neg\u00f3cios","datePublished":"2024-09-30T02:28:21+00:00","mainEntityOfPage":{"@id":"https:\/\/www.cidademarketing.com.br\/marketing\/2024\/09\/29\/conta-de-luz-fica-mais-cara-em-outubro-e-o-impacto-nos-negocios\/"},"wordCount":665,"commentCount":0,"publisher":{"@id":"https:\/\/www.cidademarketing.com.br\/marketing\/#organization"},"image":{"@id":"https:\/\/www.cidademarketing.com.br\/marketing\/2024\/09\/29\/conta-de-luz-fica-mais-cara-em-outubro-e-o-impacto-nos-negocios\/#primaryimage"},"thumbnailUrl":"https:\/\/www.cidademarketing.com.br\/marketing\/wp-content\/uploads\/2024\/09\/energia_bandeiravermelha.webp","keywords":["Aneel","aumento","Brasil","energia","estrat\u00e9gia","impacto","luz","marketing","neg\u00f3cio","pre\u00e7o","sustentabilidade"],"articleSection":["Not\u00edcias"],"inLanguage":"pt-BR","potentialAction":[{"@type":"CommentAction","name":"Comment","target":["https:\/\/www.cidademarketing.com.br\/marketing\/2024\/09\/29\/conta-de-luz-fica-mais-cara-em-outubro-e-o-impacto-nos-negocios\/#respond"]}]},{"@type":"WebPage","@id":"https:\/\/www.cidademarketing.com.br\/marketing\/2024\/09\/29\/conta-de-luz-fica-mais-cara-em-outubro-e-o-impacto-nos-negocios\/","url":"https:\/\/www.cidademarketing.com.br\/marketing\/2024\/09\/29\/conta-de-luz-fica-mais-cara-em-outubro-e-o-impacto-nos-negocios\/","name":"Conta de luz fica mais cara em outubro e o impacto nos neg\u00f3cios - CidadeMarketing","isPartOf":{"@id":"https:\/\/www.cidademarketing.com.br\/marketing\/#website"},"primaryImageOfPage":{"@id":"https:\/\/www.cidademarketing.com.br\/marketing\/2024\/09\/29\/conta-de-luz-fica-mais-cara-em-outubro-e-o-impacto-nos-negocios\/#primaryimage"},"image":{"@id":"https:\/\/www.cidademarketing.com.br\/marketing\/2024\/09\/29\/conta-de-luz-fica-mais-cara-em-outubro-e-o-impacto-nos-negocios\/#primaryimage"},"thumbnailUrl":"https:\/\/www.cidademarketing.com.br\/marketing\/wp-content\/uploads\/2024\/09\/energia_bandeiravermelha.webp","datePublished":"2024-09-30T02:28:21+00:00","breadcrumb":{"@id":"https:\/\/www.cidademarketing.com.br\/marketing\/2024\/09\/29\/conta-de-luz-fica-mais-cara-em-outubro-e-o-impacto-nos-negocios\/#breadcrumb"},"inLanguage":"pt-BR","potentialAction":[{"@type":"ReadAction","target":["https:\/\/www.cidademarketing.com.br\/marketing\/2024\/09\/29\/conta-de-luz-fica-mais-cara-em-outubro-e-o-impacto-nos-negocios\/"]}]},{"@type":"ImageObject","inLanguage":"pt-BR","@id":"https:\/\/www.cidademarketing.com.br\/marketing\/2024\/09\/29\/conta-de-luz-fica-mais-cara-em-outubro-e-o-impacto-nos-negocios\/#primaryimage","url":"https:\/\/www.cidademarketing.com.br\/marketing\/wp-content\/uploads\/2024\/09\/energia_bandeiravermelha.webp","contentUrl":"https:\/\/www.cidademarketing.com.br\/marketing\/wp-content\/uploads\/2024\/09\/energia_bandeiravermelha.webp","width":893,"height":900,"caption":"IA"},{"@type":"BreadcrumbList","@id":"https:\/\/www.cidademarketing.com.br\/marketing\/2024\/09\/29\/conta-de-luz-fica-mais-cara-em-outubro-e-o-impacto-nos-negocios\/#breadcrumb","itemListElement":[{"@type":"ListItem","position":1,"name":"In\u00edcio","item":"https:\/\/www.cidademarketing.com.br\/marketing\/"},{"@type":"ListItem","position":2,"name":"Conta de luz fica mais cara em outubro e o impacto nos neg\u00f3cios"}]},{"@type":"WebSite","@id":"https:\/\/www.cidademarketing.com.br\/marketing\/#website","url":"https:\/\/www.cidademarketing.com.br\/marketing\/","name":"CidadeMarketing","description":"Somos um ve\u00edculo de comunica\u00e7\u00e3o de destaque no Brasil, reconhecido por conte\u00fados nos segmentos de marketing, empreendedorismo e inova\u00e7\u00e3o.","publisher":{"@id":"https:\/\/www.cidademarketing.com.br\/marketing\/#organization"},"alternateName":"CidadeMarketing","potentialAction":[{"@type":"SearchAction","target":{"@type":"EntryPoint","urlTemplate":"https:\/\/www.cidademarketing.com.br\/marketing\/?s={search_term_string}"},"query-input":{"@type":"PropertyValueSpecification","valueRequired":true,"valueName":"search_term_string"}}],"inLanguage":"pt-BR"},{"@type":"Organization","@id":"https:\/\/www.cidademarketing.com.br\/marketing\/#organization","name":"CidadeMarketing","alternateName":"CidadeMarketing","url":"https:\/\/www.cidademarketing.com.br\/marketing\/","logo":{"@type":"ImageObject","inLanguage":"pt-BR","@id":"https:\/\/www.cidademarketing.com.br\/marketing\/#\/schema\/logo\/image\/","url":"https:\/\/www.cidademarketing.com.br\/marketing\/wp-content\/uploads\/2020\/01\/cidademarketing_marca_mobile.png","contentUrl":"https:\/\/www.cidademarketing.com.br\/marketing\/wp-content\/uploads\/2020\/01\/cidademarketing_marca_mobile.png","width":230,"height":92,"caption":"CidadeMarketing"},"image":{"@id":"https:\/\/www.cidademarketing.com.br\/marketing\/#\/schema\/logo\/image\/"},"sameAs":["https:\/\/www.facebook.com\/portalcidademarketing","https:\/\/x.com\/CidadeMarketing","https:\/\/www.instagram.com\/cidademarketing\/"]},{"@type":"Person","@id":"https:\/\/www.cidademarketing.com.br\/marketing\/#\/schema\/person\/02daff9f18bd9378c9e01eb6b2db155f","name":"Thales Brand\u00e3o","image":{"@type":"ImageObject","inLanguage":"pt-BR","@id":"https:\/\/secure.gravatar.com\/avatar\/7ca3206950207cc3cb48feec56a8a7898741ab725c368d99d5d7a5a50aab80c6?s=96&d=mm&r=g","url":"https:\/\/secure.gravatar.com\/avatar\/7ca3206950207cc3cb48feec56a8a7898741ab725c368d99d5d7a5a50aab80c6?s=96&d=mm&r=g","contentUrl":"https:\/\/secure.gravatar.com\/avatar\/7ca3206950207cc3cb48feec56a8a7898741ab725c368d99d5d7a5a50aab80c6?s=96&d=mm&r=g","caption":"Thales Brand\u00e3o"},"description":"Editor Executivo do Portal CidadeMarketing.com.br &gt; Mestre em Comunica\u00e7\u00e3o e Sociedade pela Universidade Federal de Sergipe. Possui MBA Executivo em Administra\u00e7\u00e3o com \u00eanfase em Marketing pela Funda\u00e7\u00e3o Get\u00falio Vargas - Rio de Janeiro. Consultor, Palestrante e Pesquisador sobre Empreendedorismo, Marketing, Redes Sociais e Neg\u00f3cios Digitais. Professor, Palestrante TedxTalks e Campus Party. Twitter: @ThalesBrandao","sameAs":["http:\/\/www.mandacaru.com.br","https:\/\/www.facebook.com\/thalesbrandao","http:\/\/www.instagram.com.br\/thalesbrandaoferreira","https:\/\/www.linkedin.com\/in\/thales-brand\u00e3o-3948609\/","https:\/\/x.com\/http:\/\/www.twitter.com\/thalesbrandao"],"url":"https:\/\/www.cidademarketing.com.br\/marketing\/author\/thalesbrandao\/"}]}},"amp_enabled":true,"_links":{"self":[{"href":"https:\/\/www.cidademarketing.com.br\/marketing\/wp-json\/wp\/v2\/posts\/52881","targetHints":{"allow":["GET"]}}],"collection":[{"href":"https:\/\/www.cidademarketing.com.br\/marketing\/wp-json\/wp\/v2\/posts"}],"about":[{"href":"https:\/\/www.cidademarketing.com.br\/marketing\/wp-json\/wp\/v2\/types\/post"}],"author":[{"embeddable":true,"href":"https:\/\/www.cidademarketing.com.br\/marketing\/wp-json\/wp\/v2\/users\/1"}],"replies":[{"embeddable":true,"href":"https:\/\/www.cidademarketing.com.br\/marketing\/wp-json\/wp\/v2\/comments?post=52881"}],"version-history":[{"count":2,"href":"https:\/\/www.cidademarketing.com.br\/marketing\/wp-json\/wp\/v2\/posts\/52881\/revisions"}],"predecessor-version":[{"id":52887,"href":"https:\/\/www.cidademarketing.com.br\/marketing\/wp-json\/wp\/v2\/posts\/52881\/revisions\/52887"}],"wp:featuredmedia":[{"embeddable":true,"href":"https:\/\/www.cidademarketing.com.br\/marketing\/wp-json\/wp\/v2\/media\/52886"}],"wp:attachment":[{"href":"https:\/\/www.cidademarketing.com.br\/marketing\/wp-json\/wp\/v2\/media?parent=52881"}],"wp:term":[{"taxonomy":"category","embeddable":true,"href":"https:\/\/www.cidademarketing.com.br\/marketing\/wp-json\/wp\/v2\/categories?post=52881"},{"taxonomy":"post_tag","embeddable":true,"href":"https:\/\/www.cidademarketing.com.br\/marketing\/wp-json\/wp\/v2\/tags?post=52881"}],"curies":[{"name":"wp","href":"https:\/\/api.w.org\/{rel}","templated":true}]}}