{"id":52680,"date":"2024-09-13T13:11:38","date_gmt":"2024-09-13T16:11:38","guid":{"rendered":"https:\/\/www.cidademarketing.com.br\/marketing\/?p=52680"},"modified":"2024-09-13T13:11:38","modified_gmt":"2024-09-13T16:11:38","slug":"rock-in-rio-2024-saiba-o-que-nao-pode-levar-para-o-festival","status":"publish","type":"post","link":"https:\/\/www.cidademarketing.com.br\/marketing\/2024\/09\/13\/rock-in-rio-2024-saiba-o-que-nao-pode-levar-para-o-festival\/","title":{"rendered":"Rock in Rio 2024: Saiba o que n\u00e3o pode levar para o festival"},"content":{"rendered":"<p>O Rock in Rio 2024 est\u00e1 chegando, e com ele, a empolga\u00e7\u00e3o de curtir shows \u00e9picos e uma experi\u00eancia inesquec\u00edvel. No entanto, para garantir a seguran\u00e7a de todos, \u00e9 essencial estar atento aos itens proibidos dentro da Cidade do Rock. Saber o que n\u00e3o pode ser levado para o evento \u00e9 fundamental para evitar contratempos na hora de passar pela seguran\u00e7a e aproveitar o festival ao m\u00e1ximo.<\/p>\n<p>Abaixo, destacamos cada item para que voc\u00ea possa curtir o festival sem preocupa\u00e7\u00f5es.<\/p>\n<h3>1. Garrafas de vidro ou de metal, independentemente da capacidade<\/h3>\n<p>Garrafas de qualquer material r\u00edgido como vidro ou metal est\u00e3o proibidas. Apenas garrafas de pl\u00e1stico de at\u00e9 500 ml, sem tampa, ser\u00e3o permitidas.<\/p>\n<h3>2. Garrafas com embalagem superior a 500ml<\/h3>\n<p>Qualquer recipiente que ultrapasse esse volume n\u00e3o ser\u00e1 autorizado, garantindo a seguran\u00e7a e fluidez na entrada.<\/p>\n<h3>3. Vape (cigarro eletr\u00f4nico)<\/h3>\n<p>Vapes, cigarros eletr\u00f4nicos e dispositivos semelhantes est\u00e3o banidos do evento, assim como qualquer tipo de cigarro.<\/p>\n<h3>4. Embalagens r\u00edgidas e com tampa (tipo &#8220;tupperware&#8221;)<\/h3>\n<p>Potes de pl\u00e1stico r\u00edgido, como tupperwares, n\u00e3o ser\u00e3o permitidos. Evite levar alimentos em recipientes desse tipo.<\/p>\n<h3>5. Copos t\u00e9rmicos, de vidro ou metal<\/h3>\n<p>Assim como garrafas, copos de materiais r\u00edgidos, como vidro e metal, est\u00e3o proibidos.<\/p>\n<h3>6. Latas<\/h3>\n<p>Latas de qualquer tamanho ou conte\u00fado n\u00e3o ser\u00e3o permitidas, seja de bebida ou qualquer outro produto.<\/p>\n<h3>7. Capacetes<\/h3>\n<p>Capacetes de moto ou qualquer outro tipo de prote\u00e7\u00e3o n\u00e3o ser\u00e3o aceitos dentro da Cidade do Rock.<\/p>\n<h3>8. Armas de fogo ou armas brancas (facas, canivetes, soco ingl\u00eas, etc.)<\/h3>\n<p>\u00c9 proibido portar qualquer tipo de arma de fogo ou arma branca, incluindo objetos cortantes ou perfurantes que possam ser utilizados como tal.<\/p>\n<h3>9. R\u00e9plicas de armas ou brinquedos que possam ser confundidos<\/h3>\n<p>Brinquedos que se assemelham a armas ou r\u00e9plicas que possam causar confus\u00e3o ser\u00e3o barrados na entrada.<\/p>\n<h3>10. Barracas, bancos, cadeiras, correntes, cordas e lanternas<\/h3>\n<p>Esses itens, que podem dificultar a circula\u00e7\u00e3o ou representar perigo, n\u00e3o poder\u00e3o ser levados para o evento.<\/p>\n<h3>11. Guarda-chuvas<\/h3>\n<p>Guarda-chuvas est\u00e3o proibidos. Recomenda-se que, em caso de chuva, o p\u00fablico utilize capas de chuva.<\/p>\n<h3>12. Objetos pontiagudos e cortantes<\/h3>\n<p>Itens como estiletes, tesouras, pin\u00e7as, cortadores de unha e saca-rolhas n\u00e3o s\u00e3o permitidos.<\/p>\n<h3>13. Fogos de artif\u00edcio, sinalizadores e dispositivos explosivos<\/h3>\n<p>Qualquer tipo de artefato pirot\u00e9cnico, como fogos de artif\u00edcio e sinalizadores, est\u00e3o estritamente proibidos.<\/p>\n<h3>14. Perfumes, cosm\u00e9ticos e desodorantes<\/h3>\n<p>Frascos de vidro, metal ou pl\u00e1stico contendo produtos cosm\u00e9ticos, inclusive desodorantes, est\u00e3o proibidos.<\/p>\n<h3>15. Subst\u00e2ncias inflam\u00e1veis ou corrosivas<\/h3>\n<p>Produtos como \u00e1lcool, removedores ou outros l\u00edquidos inflam\u00e1veis n\u00e3o podem entrar no festival.<\/p>\n<h3>16. Sprays<\/h3>\n<p>Produtos em aerosol, como sprays de cabelo, tintas ou desodorantes, est\u00e3o banidos do evento.<\/p>\n<h3>17. Tasers e dispositivos de incapacita\u00e7\u00e3o neuromuscular<\/h3>\n<p>Dispositivos de choque, como tasers, s\u00e3o proibidos por raz\u00f5es de seguran\u00e7a.<\/p>\n<h3>18. Ponteiros laser, luzes estrobosc\u00f3picas ou dispositivos emissores de luz<\/h3>\n<p>Objetos que possam interferir no palco ou incomodar o p\u00fablico, como ponteiros laser, est\u00e3o proibidos.<\/p>\n<h3>19. Bebidas em qualquer tipo de recipiente, exceto \u00e1gua<\/h3>\n<p>Somente garrafas de \u00e1gua pl\u00e1sticas de at\u00e9 500 ml (sem tampa) ser\u00e3o permitidas. Bebidas de outros tipos ou em outros recipientes n\u00e3o poder\u00e3o entrar.<\/p>\n<h3>20. Skates, bicicletas e ve\u00edculos motorizados ou n\u00e3o<\/h3>\n<p>Itens como skates, bicicletas, patinetes ou qualquer outro ve\u00edculo n\u00e3o poder\u00e3o ser levados para o evento.<\/p>\n<h3>21. Isopor, cooler ou utens\u00edlios de armazenagem<\/h3>\n<p>Qualquer tipo de cooler, isopor ou recipiente para armazenagem n\u00e3o \u00e9 permitido.<\/p>\n<h3>22. Bast\u00e3o de selfie<\/h3>\n<p>Selfie sticks est\u00e3o proibidos para evitar acidentes e garantir a visibilidade de todos.<\/p>\n<h3>23. C\u00e2meras e filmadoras profissionais<\/h3>\n<p>C\u00e2meras com lentes destac\u00e1veis, equipamentos de filmagem profissionais e drones n\u00e3o s\u00e3o permitidos sem a devida autoriza\u00e7\u00e3o.<\/p>\n<h3>24. Itens para marketing de emboscada<\/h3>\n<p>Qualquer item que possa ser utilizado para a\u00e7\u00f5es n\u00e3o autorizadas de marketing tamb\u00e9m est\u00e1 proibido.<\/p>\n<h3>25. Drogas ilegais e subst\u00e2ncias venenosas ou t\u00f3xicas<\/h3>\n<p>Drogas ilegais e subst\u00e2ncias perigosas est\u00e3o terminantemente proibidas dentro do festival.<\/p>\n<h3>26. Bandeiras ou cartazes com mensagens ofensivas ou comerciais<\/h3>\n<p>\u00c9 proibido portar bandeiras ou cartazes com mensagens comerciais ou que promovam discursos de \u00f3dio, discrimina\u00e7\u00e3o ou intoler\u00e2ncia.<\/p>\n<h3>27. Drones e ve\u00edculos a\u00e9reos n\u00e3o tripulados<\/h3>\n<p>Drones e outros dispositivos a\u00e9reos controlados remotamente est\u00e3o proibidos, salvo sob autoriza\u00e7\u00e3o pr\u00e9via.<\/p>\n<h3>28. Buzinas de ar comprimido e megafones<\/h3>\n<p>Itens que possam gerar ru\u00eddos altos, como buzinas de ar comprimido e megafones, est\u00e3o proibidos.<\/p>\n<h3>29. Tablets, laptops e powerbanks grandes<\/h3>\n<p>Powerbanks com dimens\u00f5es maiores que um celular, tablets e laptops n\u00e3o ser\u00e3o permitidos.<\/p>\n<h3>30. Tintas, corantes e produtos relacionados<\/h3>\n<p>Materiais que possam causar danos \u00e0s instala\u00e7\u00f5es ou ao p\u00fablico, como tintas e corantes, est\u00e3o banidos.<\/p>\n<h3>31. Mochilas e malas grandes<\/h3>\n<p>Bolsas, mochilas ou malas de grandes dimens\u00f5es n\u00e3o poder\u00e3o ser levadas ao festival.<\/p>\n<h3>32. Artigos pirot\u00e9cnicos<\/h3>\n<p>Sinalizadores ou outros artigos pirot\u00e9cnicos s\u00e3o estritamente proibidos.<\/p>\n","protected":false},"excerpt":{"rendered":"<p>O Rock in Rio 2024 est\u00e1 chegando, e com ele, a empolga\u00e7\u00e3o de curtir shows \u00e9picos e uma experi\u00eancia inesquec\u00edvel. No entanto, para garantir a seguran\u00e7a de todos, \u00e9 essencial estar atento aos itens proibidos dentro da Cidade do Rock. Saber o que n\u00e3o pode ser levado para o evento \u00e9 fundamental para evitar contratempos [&hellip;]<\/p>\n","protected":false},"author":1,"featured_media":52641,"comment_status":"open","ping_status":"open","sticky":false,"template":"","format":"standard","meta":{"tdm_status":"","tdm_grid_status":"","footnotes":""},"categories":[6],"tags":[7552,6758,33,6442,28,1742,7553,569,199,2136],"class_list":["post-52680","post","type-post","status-publish","format-standard","has-post-thumbnail","hentry","category-noticias","tag-acesso","tag-ativacao","tag-estrategia","tag-ingresso","tag-marketing","tag-musica","tag-proibido","tag-rio","tag-rio-de-janeiro","tag-rock-in-rio"],"yoast_head":"<!-- This site is optimized with the Yoast SEO plugin v27.5 - https:\/\/yoast.com\/product\/yoast-seo-wordpress\/ -->\n<title>Rock in Rio 2024: Saiba o que n\u00e3o pode levar para o festival - CidadeMarketing<\/title>\n<meta name=\"robots\" content=\"index, follow, max-snippet:-1, max-image-preview:large, max-video-preview:-1\" \/>\n<link rel=\"canonical\" href=\"https:\/\/www.cidademarketing.com.br\/marketing\/2024\/09\/13\/rock-in-rio-2024-saiba-o-que-nao-pode-levar-para-o-festival\/\" \/>\n<meta property=\"og:locale\" content=\"pt_BR\" \/>\n<meta property=\"og:type\" content=\"article\" \/>\n<meta property=\"og:title\" content=\"Rock in Rio 2024: Saiba o que n\u00e3o pode levar para o festival - CidadeMarketing\" \/>\n<meta property=\"og:description\" content=\"O Rock in Rio 2024 est\u00e1 chegando, e com ele, a empolga\u00e7\u00e3o de curtir shows \u00e9picos e uma experi\u00eancia inesquec\u00edvel. No entanto, para garantir a seguran\u00e7a de todos, \u00e9 essencial estar atento aos itens proibidos dentro da Cidade do Rock. Saber o que n\u00e3o pode ser levado para o evento \u00e9 fundamental para evitar contratempos [&hellip;]\" \/>\n<meta property=\"og:url\" content=\"https:\/\/www.cidademarketing.com.br\/marketing\/2024\/09\/13\/rock-in-rio-2024-saiba-o-que-nao-pode-levar-para-o-festival\/\" \/>\n<meta property=\"og:site_name\" content=\"CidadeMarketing\" \/>\n<meta property=\"article:publisher\" content=\"https:\/\/www.facebook.com\/portalcidademarketing\" \/>\n<meta property=\"article:author\" content=\"https:\/\/www.facebook.com\/thalesbrandao\" \/>\n<meta property=\"article:published_time\" content=\"2024-09-13T16:11:38+00:00\" \/>\n<meta property=\"og:image\" content=\"https:\/\/www.cidademarketing.com.br\/marketing\/wp-content\/uploads\/2024\/09\/rockinrio_2024.webp\" \/>\n\t<meta property=\"og:image:width\" content=\"1000\" \/>\n\t<meta property=\"og:image:height\" content=\"1000\" \/>\n\t<meta property=\"og:image:type\" content=\"image\/webp\" \/>\n<meta name=\"author\" content=\"Thales Brand\u00e3o\" \/>\n<meta name=\"twitter:card\" content=\"summary_large_image\" \/>\n<meta name=\"twitter:creator\" content=\"@http:\/\/www.twitter.com\/thalesbrandao\" \/>\n<meta name=\"twitter:site\" content=\"@CidadeMarketing\" \/>\n<meta name=\"twitter:label1\" content=\"Escrito por\" \/>\n\t<meta name=\"twitter:data1\" content=\"Thales Brand\u00e3o\" \/>\n\t<meta name=\"twitter:label2\" content=\"Est. tempo de leitura\" \/>\n\t<meta name=\"twitter:data2\" content=\"4 minutos\" \/>\n<script type=\"application\/ld+json\" class=\"yoast-schema-graph\">{\"@context\":\"https:\\\/\\\/schema.org\",\"@graph\":[{\"@type\":\"Article\",\"@id\":\"https:\\\/\\\/www.cidademarketing.com.br\\\/marketing\\\/2024\\\/09\\\/13\\\/rock-in-rio-2024-saiba-o-que-nao-pode-levar-para-o-festival\\\/#article\",\"isPartOf\":{\"@id\":\"https:\\\/\\\/www.cidademarketing.com.br\\\/marketing\\\/2024\\\/09\\\/13\\\/rock-in-rio-2024-saiba-o-que-nao-pode-levar-para-o-festival\\\/\"},\"author\":{\"name\":\"Thales Brand\u00e3o\",\"@id\":\"https:\\\/\\\/www.cidademarketing.com.br\\\/marketing\\\/#\\\/schema\\\/person\\\/02daff9f18bd9378c9e01eb6b2db155f\"},\"headline\":\"Rock in Rio 2024: Saiba o que n\u00e3o pode levar para o festival\",\"datePublished\":\"2024-09-13T16:11:38+00:00\",\"mainEntityOfPage\":{\"@id\":\"https:\\\/\\\/www.cidademarketing.com.br\\\/marketing\\\/2024\\\/09\\\/13\\\/rock-in-rio-2024-saiba-o-que-nao-pode-levar-para-o-festival\\\/\"},\"wordCount\":856,\"commentCount\":0,\"publisher\":{\"@id\":\"https:\\\/\\\/www.cidademarketing.com.br\\\/marketing\\\/#organization\"},\"image\":{\"@id\":\"https:\\\/\\\/www.cidademarketing.com.br\\\/marketing\\\/2024\\\/09\\\/13\\\/rock-in-rio-2024-saiba-o-que-nao-pode-levar-para-o-festival\\\/#primaryimage\"},\"thumbnailUrl\":\"https:\\\/\\\/www.cidademarketing.com.br\\\/marketing\\\/wp-content\\\/uploads\\\/2024\\\/09\\\/rockinrio_2024.webp\",\"keywords\":[\"acesso\",\"ativa\u00e7\u00e3o\",\"estrat\u00e9gia\",\"ingresso\",\"marketing\",\"m\u00fasica\",\"proibido\",\"Rio\",\"Rio de Janeiro\",\"Rock in Rio\"],\"articleSection\":[\"Not\u00edcias\"],\"inLanguage\":\"pt-BR\",\"potentialAction\":[{\"@type\":\"CommentAction\",\"name\":\"Comment\",\"target\":[\"https:\\\/\\\/www.cidademarketing.com.br\\\/marketing\\\/2024\\\/09\\\/13\\\/rock-in-rio-2024-saiba-o-que-nao-pode-levar-para-o-festival\\\/#respond\"]}]},{\"@type\":\"WebPage\",\"@id\":\"https:\\\/\\\/www.cidademarketing.com.br\\\/marketing\\\/2024\\\/09\\\/13\\\/rock-in-rio-2024-saiba-o-que-nao-pode-levar-para-o-festival\\\/\",\"url\":\"https:\\\/\\\/www.cidademarketing.com.br\\\/marketing\\\/2024\\\/09\\\/13\\\/rock-in-rio-2024-saiba-o-que-nao-pode-levar-para-o-festival\\\/\",\"name\":\"Rock in Rio 2024: Saiba o que n\u00e3o pode levar para o festival - CidadeMarketing\",\"isPartOf\":{\"@id\":\"https:\\\/\\\/www.cidademarketing.com.br\\\/marketing\\\/#website\"},\"primaryImageOfPage\":{\"@id\":\"https:\\\/\\\/www.cidademarketing.com.br\\\/marketing\\\/2024\\\/09\\\/13\\\/rock-in-rio-2024-saiba-o-que-nao-pode-levar-para-o-festival\\\/#primaryimage\"},\"image\":{\"@id\":\"https:\\\/\\\/www.cidademarketing.com.br\\\/marketing\\\/2024\\\/09\\\/13\\\/rock-in-rio-2024-saiba-o-que-nao-pode-levar-para-o-festival\\\/#primaryimage\"},\"thumbnailUrl\":\"https:\\\/\\\/www.cidademarketing.com.br\\\/marketing\\\/wp-content\\\/uploads\\\/2024\\\/09\\\/rockinrio_2024.webp\",\"datePublished\":\"2024-09-13T16:11:38+00:00\",\"breadcrumb\":{\"@id\":\"https:\\\/\\\/www.cidademarketing.com.br\\\/marketing\\\/2024\\\/09\\\/13\\\/rock-in-rio-2024-saiba-o-que-nao-pode-levar-para-o-festival\\\/#breadcrumb\"},\"inLanguage\":\"pt-BR\",\"potentialAction\":[{\"@type\":\"ReadAction\",\"target\":[\"https:\\\/\\\/www.cidademarketing.com.br\\\/marketing\\\/2024\\\/09\\\/13\\\/rock-in-rio-2024-saiba-o-que-nao-pode-levar-para-o-festival\\\/\"]}]},{\"@type\":\"ImageObject\",\"inLanguage\":\"pt-BR\",\"@id\":\"https:\\\/\\\/www.cidademarketing.com.br\\\/marketing\\\/2024\\\/09\\\/13\\\/rock-in-rio-2024-saiba-o-que-nao-pode-levar-para-o-festival\\\/#primaryimage\",\"url\":\"https:\\\/\\\/www.cidademarketing.com.br\\\/marketing\\\/wp-content\\\/uploads\\\/2024\\\/09\\\/rockinrio_2024.webp\",\"contentUrl\":\"https:\\\/\\\/www.cidademarketing.com.br\\\/marketing\\\/wp-content\\\/uploads\\\/2024\\\/09\\\/rockinrio_2024.webp\",\"width\":1000,\"height\":1000,\"caption\":\"Divulga\u00e7\u00e3o\"},{\"@type\":\"BreadcrumbList\",\"@id\":\"https:\\\/\\\/www.cidademarketing.com.br\\\/marketing\\\/2024\\\/09\\\/13\\\/rock-in-rio-2024-saiba-o-que-nao-pode-levar-para-o-festival\\\/#breadcrumb\",\"itemListElement\":[{\"@type\":\"ListItem\",\"position\":1,\"name\":\"In\u00edcio\",\"item\":\"https:\\\/\\\/www.cidademarketing.com.br\\\/marketing\\\/\"},{\"@type\":\"ListItem\",\"position\":2,\"name\":\"Rock in Rio 2024: Saiba o que n\u00e3o pode levar para o festival\"}]},{\"@type\":\"WebSite\",\"@id\":\"https:\\\/\\\/www.cidademarketing.com.br\\\/marketing\\\/#website\",\"url\":\"https:\\\/\\\/www.cidademarketing.com.br\\\/marketing\\\/\",\"name\":\"CidadeMarketing\",\"description\":\"Somos um ve\u00edculo de comunica\u00e7\u00e3o de destaque no Brasil, reconhecido por conte\u00fados nos segmentos de marketing, empreendedorismo e inova\u00e7\u00e3o.\",\"publisher\":{\"@id\":\"https:\\\/\\\/www.cidademarketing.com.br\\\/marketing\\\/#organization\"},\"alternateName\":\"CidadeMarketing\",\"potentialAction\":[{\"@type\":\"SearchAction\",\"target\":{\"@type\":\"EntryPoint\",\"urlTemplate\":\"https:\\\/\\\/www.cidademarketing.com.br\\\/marketing\\\/?s={search_term_string}\"},\"query-input\":{\"@type\":\"PropertyValueSpecification\",\"valueRequired\":true,\"valueName\":\"search_term_string\"}}],\"inLanguage\":\"pt-BR\"},{\"@type\":\"Organization\",\"@id\":\"https:\\\/\\\/www.cidademarketing.com.br\\\/marketing\\\/#organization\",\"name\":\"CidadeMarketing\",\"alternateName\":\"CidadeMarketing\",\"url\":\"https:\\\/\\\/www.cidademarketing.com.br\\\/marketing\\\/\",\"logo\":{\"@type\":\"ImageObject\",\"inLanguage\":\"pt-BR\",\"@id\":\"https:\\\/\\\/www.cidademarketing.com.br\\\/marketing\\\/#\\\/schema\\\/logo\\\/image\\\/\",\"url\":\"https:\\\/\\\/www.cidademarketing.com.br\\\/marketing\\\/wp-content\\\/uploads\\\/2020\\\/01\\\/cidademarketing_marca_mobile.png\",\"contentUrl\":\"https:\\\/\\\/www.cidademarketing.com.br\\\/marketing\\\/wp-content\\\/uploads\\\/2020\\\/01\\\/cidademarketing_marca_mobile.png\",\"width\":230,\"height\":92,\"caption\":\"CidadeMarketing\"},\"image\":{\"@id\":\"https:\\\/\\\/www.cidademarketing.com.br\\\/marketing\\\/#\\\/schema\\\/logo\\\/image\\\/\"},\"sameAs\":[\"https:\\\/\\\/www.facebook.com\\\/portalcidademarketing\",\"https:\\\/\\\/x.com\\\/CidadeMarketing\",\"https:\\\/\\\/www.instagram.com\\\/cidademarketing\\\/\"]},{\"@type\":\"Person\",\"@id\":\"https:\\\/\\\/www.cidademarketing.com.br\\\/marketing\\\/#\\\/schema\\\/person\\\/02daff9f18bd9378c9e01eb6b2db155f\",\"name\":\"Thales Brand\u00e3o\",\"image\":{\"@type\":\"ImageObject\",\"inLanguage\":\"pt-BR\",\"@id\":\"https:\\\/\\\/secure.gravatar.com\\\/avatar\\\/7ca3206950207cc3cb48feec56a8a7898741ab725c368d99d5d7a5a50aab80c6?s=96&d=mm&r=g\",\"url\":\"https:\\\/\\\/secure.gravatar.com\\\/avatar\\\/7ca3206950207cc3cb48feec56a8a7898741ab725c368d99d5d7a5a50aab80c6?s=96&d=mm&r=g\",\"contentUrl\":\"https:\\\/\\\/secure.gravatar.com\\\/avatar\\\/7ca3206950207cc3cb48feec56a8a7898741ab725c368d99d5d7a5a50aab80c6?s=96&d=mm&r=g\",\"caption\":\"Thales Brand\u00e3o\"},\"description\":\"Editor Executivo do Portal CidadeMarketing.com.br &gt; Mestre em Comunica\u00e7\u00e3o e Sociedade pela Universidade Federal de Sergipe. Possui MBA Executivo em Administra\u00e7\u00e3o com \u00eanfase em Marketing pela Funda\u00e7\u00e3o Get\u00falio Vargas - Rio de Janeiro. Consultor, Palestrante e Pesquisador sobre Empreendedorismo, Marketing, Redes Sociais e Neg\u00f3cios Digitais. Professor, Palestrante TedxTalks e Campus Party. Twitter: @ThalesBrandao\",\"sameAs\":[\"http:\\\/\\\/www.mandacaru.com.br\",\"https:\\\/\\\/www.facebook.com\\\/thalesbrandao\",\"http:\\\/\\\/www.instagram.com.br\\\/thalesbrandaoferreira\",\"https:\\\/\\\/www.linkedin.com\\\/in\\\/thales-brand\u00e3o-3948609\\\/\",\"https:\\\/\\\/x.com\\\/http:\\\/\\\/www.twitter.com\\\/thalesbrandao\"],\"url\":\"https:\\\/\\\/www.cidademarketing.com.br\\\/marketing\\\/author\\\/thalesbrandao\\\/\"}]}<\/script>\n<!-- \/ Yoast SEO plugin. -->","yoast_head_json":{"title":"Rock in Rio 2024: Saiba o que n\u00e3o pode levar para o festival - CidadeMarketing","robots":{"index":"index","follow":"follow","max-snippet":"max-snippet:-1","max-image-preview":"max-image-preview:large","max-video-preview":"max-video-preview:-1"},"canonical":"https:\/\/www.cidademarketing.com.br\/marketing\/2024\/09\/13\/rock-in-rio-2024-saiba-o-que-nao-pode-levar-para-o-festival\/","og_locale":"pt_BR","og_type":"article","og_title":"Rock in Rio 2024: Saiba o que n\u00e3o pode levar para o festival - CidadeMarketing","og_description":"O Rock in Rio 2024 est\u00e1 chegando, e com ele, a empolga\u00e7\u00e3o de curtir shows \u00e9picos e uma experi\u00eancia inesquec\u00edvel. No entanto, para garantir a seguran\u00e7a de todos, \u00e9 essencial estar atento aos itens proibidos dentro da Cidade do Rock. Saber o que n\u00e3o pode ser levado para o evento \u00e9 fundamental para evitar contratempos [&hellip;]","og_url":"https:\/\/www.cidademarketing.com.br\/marketing\/2024\/09\/13\/rock-in-rio-2024-saiba-o-que-nao-pode-levar-para-o-festival\/","og_site_name":"CidadeMarketing","article_publisher":"https:\/\/www.facebook.com\/portalcidademarketing","article_author":"https:\/\/www.facebook.com\/thalesbrandao","article_published_time":"2024-09-13T16:11:38+00:00","og_image":[{"width":1000,"height":1000,"url":"https:\/\/www.cidademarketing.com.br\/marketing\/wp-content\/uploads\/2024\/09\/rockinrio_2024.webp","type":"image\/webp"}],"author":"Thales Brand\u00e3o","twitter_card":"summary_large_image","twitter_creator":"@http:\/\/www.twitter.com\/thalesbrandao","twitter_site":"@CidadeMarketing","twitter_misc":{"Escrito por":"Thales Brand\u00e3o","Est. tempo de leitura":"4 minutos"},"schema":{"@context":"https:\/\/schema.org","@graph":[{"@type":"Article","@id":"https:\/\/www.cidademarketing.com.br\/marketing\/2024\/09\/13\/rock-in-rio-2024-saiba-o-que-nao-pode-levar-para-o-festival\/#article","isPartOf":{"@id":"https:\/\/www.cidademarketing.com.br\/marketing\/2024\/09\/13\/rock-in-rio-2024-saiba-o-que-nao-pode-levar-para-o-festival\/"},"author":{"name":"Thales Brand\u00e3o","@id":"https:\/\/www.cidademarketing.com.br\/marketing\/#\/schema\/person\/02daff9f18bd9378c9e01eb6b2db155f"},"headline":"Rock in Rio 2024: Saiba o que n\u00e3o pode levar para o festival","datePublished":"2024-09-13T16:11:38+00:00","mainEntityOfPage":{"@id":"https:\/\/www.cidademarketing.com.br\/marketing\/2024\/09\/13\/rock-in-rio-2024-saiba-o-que-nao-pode-levar-para-o-festival\/"},"wordCount":856,"commentCount":0,"publisher":{"@id":"https:\/\/www.cidademarketing.com.br\/marketing\/#organization"},"image":{"@id":"https:\/\/www.cidademarketing.com.br\/marketing\/2024\/09\/13\/rock-in-rio-2024-saiba-o-que-nao-pode-levar-para-o-festival\/#primaryimage"},"thumbnailUrl":"https:\/\/www.cidademarketing.com.br\/marketing\/wp-content\/uploads\/2024\/09\/rockinrio_2024.webp","keywords":["acesso","ativa\u00e7\u00e3o","estrat\u00e9gia","ingresso","marketing","m\u00fasica","proibido","Rio","Rio de Janeiro","Rock in Rio"],"articleSection":["Not\u00edcias"],"inLanguage":"pt-BR","potentialAction":[{"@type":"CommentAction","name":"Comment","target":["https:\/\/www.cidademarketing.com.br\/marketing\/2024\/09\/13\/rock-in-rio-2024-saiba-o-que-nao-pode-levar-para-o-festival\/#respond"]}]},{"@type":"WebPage","@id":"https:\/\/www.cidademarketing.com.br\/marketing\/2024\/09\/13\/rock-in-rio-2024-saiba-o-que-nao-pode-levar-para-o-festival\/","url":"https:\/\/www.cidademarketing.com.br\/marketing\/2024\/09\/13\/rock-in-rio-2024-saiba-o-que-nao-pode-levar-para-o-festival\/","name":"Rock in Rio 2024: Saiba o que n\u00e3o pode levar para o festival - CidadeMarketing","isPartOf":{"@id":"https:\/\/www.cidademarketing.com.br\/marketing\/#website"},"primaryImageOfPage":{"@id":"https:\/\/www.cidademarketing.com.br\/marketing\/2024\/09\/13\/rock-in-rio-2024-saiba-o-que-nao-pode-levar-para-o-festival\/#primaryimage"},"image":{"@id":"https:\/\/www.cidademarketing.com.br\/marketing\/2024\/09\/13\/rock-in-rio-2024-saiba-o-que-nao-pode-levar-para-o-festival\/#primaryimage"},"thumbnailUrl":"https:\/\/www.cidademarketing.com.br\/marketing\/wp-content\/uploads\/2024\/09\/rockinrio_2024.webp","datePublished":"2024-09-13T16:11:38+00:00","breadcrumb":{"@id":"https:\/\/www.cidademarketing.com.br\/marketing\/2024\/09\/13\/rock-in-rio-2024-saiba-o-que-nao-pode-levar-para-o-festival\/#breadcrumb"},"inLanguage":"pt-BR","potentialAction":[{"@type":"ReadAction","target":["https:\/\/www.cidademarketing.com.br\/marketing\/2024\/09\/13\/rock-in-rio-2024-saiba-o-que-nao-pode-levar-para-o-festival\/"]}]},{"@type":"ImageObject","inLanguage":"pt-BR","@id":"https:\/\/www.cidademarketing.com.br\/marketing\/2024\/09\/13\/rock-in-rio-2024-saiba-o-que-nao-pode-levar-para-o-festival\/#primaryimage","url":"https:\/\/www.cidademarketing.com.br\/marketing\/wp-content\/uploads\/2024\/09\/rockinrio_2024.webp","contentUrl":"https:\/\/www.cidademarketing.com.br\/marketing\/wp-content\/uploads\/2024\/09\/rockinrio_2024.webp","width":1000,"height":1000,"caption":"Divulga\u00e7\u00e3o"},{"@type":"BreadcrumbList","@id":"https:\/\/www.cidademarketing.com.br\/marketing\/2024\/09\/13\/rock-in-rio-2024-saiba-o-que-nao-pode-levar-para-o-festival\/#breadcrumb","itemListElement":[{"@type":"ListItem","position":1,"name":"In\u00edcio","item":"https:\/\/www.cidademarketing.com.br\/marketing\/"},{"@type":"ListItem","position":2,"name":"Rock in Rio 2024: Saiba o que n\u00e3o pode levar para o festival"}]},{"@type":"WebSite","@id":"https:\/\/www.cidademarketing.com.br\/marketing\/#website","url":"https:\/\/www.cidademarketing.com.br\/marketing\/","name":"CidadeMarketing","description":"Somos um ve\u00edculo de comunica\u00e7\u00e3o de destaque no Brasil, reconhecido por conte\u00fados nos segmentos de marketing, empreendedorismo e inova\u00e7\u00e3o.","publisher":{"@id":"https:\/\/www.cidademarketing.com.br\/marketing\/#organization"},"alternateName":"CidadeMarketing","potentialAction":[{"@type":"SearchAction","target":{"@type":"EntryPoint","urlTemplate":"https:\/\/www.cidademarketing.com.br\/marketing\/?s={search_term_string}"},"query-input":{"@type":"PropertyValueSpecification","valueRequired":true,"valueName":"search_term_string"}}],"inLanguage":"pt-BR"},{"@type":"Organization","@id":"https:\/\/www.cidademarketing.com.br\/marketing\/#organization","name":"CidadeMarketing","alternateName":"CidadeMarketing","url":"https:\/\/www.cidademarketing.com.br\/marketing\/","logo":{"@type":"ImageObject","inLanguage":"pt-BR","@id":"https:\/\/www.cidademarketing.com.br\/marketing\/#\/schema\/logo\/image\/","url":"https:\/\/www.cidademarketing.com.br\/marketing\/wp-content\/uploads\/2020\/01\/cidademarketing_marca_mobile.png","contentUrl":"https:\/\/www.cidademarketing.com.br\/marketing\/wp-content\/uploads\/2020\/01\/cidademarketing_marca_mobile.png","width":230,"height":92,"caption":"CidadeMarketing"},"image":{"@id":"https:\/\/www.cidademarketing.com.br\/marketing\/#\/schema\/logo\/image\/"},"sameAs":["https:\/\/www.facebook.com\/portalcidademarketing","https:\/\/x.com\/CidadeMarketing","https:\/\/www.instagram.com\/cidademarketing\/"]},{"@type":"Person","@id":"https:\/\/www.cidademarketing.com.br\/marketing\/#\/schema\/person\/02daff9f18bd9378c9e01eb6b2db155f","name":"Thales Brand\u00e3o","image":{"@type":"ImageObject","inLanguage":"pt-BR","@id":"https:\/\/secure.gravatar.com\/avatar\/7ca3206950207cc3cb48feec56a8a7898741ab725c368d99d5d7a5a50aab80c6?s=96&d=mm&r=g","url":"https:\/\/secure.gravatar.com\/avatar\/7ca3206950207cc3cb48feec56a8a7898741ab725c368d99d5d7a5a50aab80c6?s=96&d=mm&r=g","contentUrl":"https:\/\/secure.gravatar.com\/avatar\/7ca3206950207cc3cb48feec56a8a7898741ab725c368d99d5d7a5a50aab80c6?s=96&d=mm&r=g","caption":"Thales Brand\u00e3o"},"description":"Editor Executivo do Portal CidadeMarketing.com.br &gt; Mestre em Comunica\u00e7\u00e3o e Sociedade pela Universidade Federal de Sergipe. Possui MBA Executivo em Administra\u00e7\u00e3o com \u00eanfase em Marketing pela Funda\u00e7\u00e3o Get\u00falio Vargas - Rio de Janeiro. Consultor, Palestrante e Pesquisador sobre Empreendedorismo, Marketing, Redes Sociais e Neg\u00f3cios Digitais. Professor, Palestrante TedxTalks e Campus Party. Twitter: @ThalesBrandao","sameAs":["http:\/\/www.mandacaru.com.br","https:\/\/www.facebook.com\/thalesbrandao","http:\/\/www.instagram.com.br\/thalesbrandaoferreira","https:\/\/www.linkedin.com\/in\/thales-brand\u00e3o-3948609\/","https:\/\/x.com\/http:\/\/www.twitter.com\/thalesbrandao"],"url":"https:\/\/www.cidademarketing.com.br\/marketing\/author\/thalesbrandao\/"}]}},"amp_enabled":true,"_links":{"self":[{"href":"https:\/\/www.cidademarketing.com.br\/marketing\/wp-json\/wp\/v2\/posts\/52680","targetHints":{"allow":["GET"]}}],"collection":[{"href":"https:\/\/www.cidademarketing.com.br\/marketing\/wp-json\/wp\/v2\/posts"}],"about":[{"href":"https:\/\/www.cidademarketing.com.br\/marketing\/wp-json\/wp\/v2\/types\/post"}],"author":[{"embeddable":true,"href":"https:\/\/www.cidademarketing.com.br\/marketing\/wp-json\/wp\/v2\/users\/1"}],"replies":[{"embeddable":true,"href":"https:\/\/www.cidademarketing.com.br\/marketing\/wp-json\/wp\/v2\/comments?post=52680"}],"version-history":[{"count":1,"href":"https:\/\/www.cidademarketing.com.br\/marketing\/wp-json\/wp\/v2\/posts\/52680\/revisions"}],"predecessor-version":[{"id":52681,"href":"https:\/\/www.cidademarketing.com.br\/marketing\/wp-json\/wp\/v2\/posts\/52680\/revisions\/52681"}],"wp:featuredmedia":[{"embeddable":true,"href":"https:\/\/www.cidademarketing.com.br\/marketing\/wp-json\/wp\/v2\/media\/52641"}],"wp:attachment":[{"href":"https:\/\/www.cidademarketing.com.br\/marketing\/wp-json\/wp\/v2\/media?parent=52680"}],"wp:term":[{"taxonomy":"category","embeddable":true,"href":"https:\/\/www.cidademarketing.com.br\/marketing\/wp-json\/wp\/v2\/categories?post=52680"},{"taxonomy":"post_tag","embeddable":true,"href":"https:\/\/www.cidademarketing.com.br\/marketing\/wp-json\/wp\/v2\/tags?post=52680"}],"curies":[{"name":"wp","href":"https:\/\/api.w.org\/{rel}","templated":true}]}}