{"id":52592,"date":"2024-09-11T00:07:06","date_gmt":"2024-09-11T03:07:06","guid":{"rendered":"https:\/\/www.cidademarketing.com.br\/marketing\/?p=52592"},"modified":"2024-09-11T00:07:06","modified_gmt":"2024-09-11T03:07:06","slug":"prio-homenageia-atletas-paralimpicos-com-arte-urbana-nas-ruas-do-rio","status":"publish","type":"post","link":"https:\/\/www.cidademarketing.com.br\/marketing\/2024\/09\/11\/prio-homenageia-atletas-paralimpicos-com-arte-urbana-nas-ruas-do-rio\/","title":{"rendered":"PRIO homenageia atletas paral\u00edmpicos com arte urbana nas ruas do Rio"},"content":{"rendered":"<p>O Rio de Janeiro, ganhou um toque ainda mais especial com a iniciativa da PRIO. A empresa pintou diversas vagas de estacionamento exclusivas para pessoas com defici\u00eancia (PCD), transformando-as em verdadeiras obras de arte que homenageiam os atletas paral\u00edmpicos brasileiros.<\/p>\n<p>Em uma a\u00e7\u00e3o in\u00e9dita, a PRIO, maior empresa independente de \u00f3leo e g\u00e1s do Brasil, uniu arte, esporte e inclus\u00e3o social. A empresa pintou sete vagas de estacionamento em locais estrat\u00e9gicos da cidade do Rio de Janeiro, cada uma delas com uma ilustra\u00e7\u00e3o exclusiva inspirada em um dos atletas paral\u00edmpicos que fazem parte do #TimePRIO.<\/p>\n<p>A iniciativa, al\u00e9m de valorizar o trabalho desses atletas, tem como objetivo conscientizar a popula\u00e7\u00e3o sobre a import\u00e2ncia da acessibilidade e da inclus\u00e3o. Ao transformar as vagas em verdadeiras obras de arte, a PRIO chama a aten\u00e7\u00e3o para a necessidade de respeitar os espa\u00e7os destinados \u00e0s pessoas com defici\u00eancia.<\/p>\n<div class=\"youtube-embed\" data-video_id=\"iuxqbNBxBDE\"><iframe title=\"Mentes impar\u00e1veis do Time PRIO\" width=\"640\" height=\"360\" src=\"https:\/\/www.youtube.com\/embed\/iuxqbNBxBDE?start=7&#038;feature=oembed\" frameborder=\"0\" allow=\"accelerometer; autoplay; clipboard-write; encrypted-media; gyroscope; picture-in-picture; web-share\" referrerpolicy=\"strict-origin-when-cross-origin\" allowfullscreen><\/iframe><\/div>\n<p><strong>Os atletas homenageados<\/strong><\/p>\n<p>Entre os atletas homenageados est\u00e3o o nadador Gabrielzinho, que conquistou tr\u00eas medalhas de ouro nos Jogos Paral\u00edmpicos, e a judoca Alana Maldonado, tamb\u00e9m medalhista de ouro. Al\u00e9m deles, outros cinco atletas foram homenageados: Brenda Feitas, Wilians Ara\u00fajo, Julyana da Silva, Wallace Antonio, Diana Barcelos, Camille Rodrigues e Antonio Ten\u00f3rio.<\/p>\n<div class=\"youtube-embed\" data-video_id=\"Dqc9iGpE_6A\"><iframe title=\"Cole\u00e7\u00e3o A Mente \u00c9 Impar\u00e1vel - Boneco do Gabrielzinho\" width=\"640\" height=\"360\" src=\"https:\/\/www.youtube.com\/embed\/Dqc9iGpE_6A?feature=oembed&#038;enablejsapi=1\" frameborder=\"0\" allow=\"accelerometer; autoplay; clipboard-write; encrypted-media; gyroscope; picture-in-picture; web-share\" referrerpolicy=\"strict-origin-when-cross-origin\" allowfullscreen><\/iframe><\/div>\n<p><strong>Intera\u00e7\u00e3o com o p\u00fablico<\/strong><\/p>\n<p>Para estimular a intera\u00e7\u00e3o do p\u00fablico, a PRIO incluiu um QR Code em cada vaga pintada. Ao escanear o c\u00f3digo, as pessoas podem enviar mensagens de apoio diretamente para os atletas, criando uma rede de torcida e incentivando o esporte paral\u00edmpico.<\/p>\n<p><strong>O impacto da campanha<\/strong><\/p>\n<p>A campanha &#8220;Vaga Impar\u00e1vel&#8221; da PRIO \u00e9 um exemplo de como o esporte pode ser utilizado como ferramenta de transforma\u00e7\u00e3o social. Ao celebrar os feitos dos atletas paral\u00edmpicos e promover a acessibilidade, a empresa demonstra seu compromisso com a inclus\u00e3o e a diversidade.<\/p>\n<p>A Prio lan\u00e7ou uma a\u00e7\u00e3o especial em homenagem ao atleta paral\u00edmpico Gabrielzinho, criando um boneco miniaturizado que faz parte da cole\u00e7\u00e3o &#8220;A Mente \u00c9 Impar\u00e1vel&#8221;. A iniciativa visa celebrar a trajet\u00f3ria e supera\u00e7\u00e3o do atleta, destacando sua determina\u00e7\u00e3o e esp\u00edrito esportivo. A cole\u00e7\u00e3o \u00e9 um tributo \u00e0 for\u00e7a de vontade e ao talento dos atletas paral\u00edmpicos, refor\u00e7ando a import\u00e2ncia da inclus\u00e3o no esporte e inspirando novas gera\u00e7\u00f5es a acreditar no seu potencial.<\/p>\n<figure id=\"attachment_52593\" aria-describedby=\"caption-attachment-52593\" style=\"width: 640px\" class=\"wp-caption alignnone\"><img fetchpriority=\"high\" decoding=\"async\" class=\"wp-image-52593 size-large\" src=\"https:\/\/www.cidademarketing.com.br\/marketing\/wp-content\/uploads\/2024\/09\/gabrielzinho_prio_atleta-1024x568.webp\" alt=\"\" width=\"640\" height=\"355\" srcset=\"https:\/\/www.cidademarketing.com.br\/marketing\/wp-content\/uploads\/2024\/09\/gabrielzinho_prio_atleta-1024x568.webp 1024w, https:\/\/www.cidademarketing.com.br\/marketing\/wp-content\/uploads\/2024\/09\/gabrielzinho_prio_atleta-300x167.webp 300w, https:\/\/www.cidademarketing.com.br\/marketing\/wp-content\/uploads\/2024\/09\/gabrielzinho_prio_atleta-768x426.webp 768w, https:\/\/www.cidademarketing.com.br\/marketing\/wp-content\/uploads\/2024\/09\/gabrielzinho_prio_atleta-757x420.webp 757w, https:\/\/www.cidademarketing.com.br\/marketing\/wp-content\/uploads\/2024\/09\/gabrielzinho_prio_atleta-640x355.webp 640w, https:\/\/www.cidademarketing.com.br\/marketing\/wp-content\/uploads\/2024\/09\/gabrielzinho_prio_atleta-681x378.webp 681w, https:\/\/www.cidademarketing.com.br\/marketing\/wp-content\/uploads\/2024\/09\/gabrielzinho_prio_atleta.webp 1115w\" sizes=\"(max-width: 640px) 100vw, 640px\" \/><figcaption id=\"caption-attachment-52593\" class=\"wp-caption-text\">Reprodu\u00e7\u00e3o<\/figcaption><\/figure>\n","protected":false},"excerpt":{"rendered":"<p>O Rio de Janeiro, ganhou um toque ainda mais especial com a iniciativa da PRIO. A empresa pintou diversas vagas de estacionamento exclusivas para pessoas com defici\u00eancia (PCD), transformando-as em verdadeiras obras de arte que homenageiam os atletas paral\u00edmpicos brasileiros. Em uma a\u00e7\u00e3o in\u00e9dita, a PRIO, maior empresa independente de \u00f3leo e g\u00e1s do Brasil, [&hellip;]<\/p>\n","protected":false},"author":1,"featured_media":52594,"comment_status":"open","ping_status":"open","sticky":false,"template":"","format":"standard","meta":{"tdm_status":"","tdm_grid_status":"","footnotes":""},"categories":[6],"tags":[3286,2397,7518,7517,33,805,2699,28,177,6860,5338,281,199,7519],"class_list":["post-52592","post","type-post","status-publish","format-standard","has-post-thumbnail","hentry","category-noticias","tag-acessibilidade","tag-arte","tag-arte-urbana","tag-atletas-paralimpicos","tag-estrategia","tag-experiencia","tag-inclusao-social","tag-marketing","tag-marketing-social","tag-pcds","tag-prio","tag-responsabilidade-social","tag-rio-de-janeiro","tag-timeprio"],"yoast_head":"<!-- This site is optimized with the Yoast SEO plugin v27.4 - https:\/\/yoast.com\/product\/yoast-seo-wordpress\/ -->\n<title>PRIO homenageia atletas paral\u00edmpicos com arte urbana nas ruas do Rio - CidadeMarketing<\/title>\n<meta name=\"robots\" content=\"index, follow, max-snippet:-1, max-image-preview:large, max-video-preview:-1\" \/>\n<link rel=\"canonical\" href=\"https:\/\/www.cidademarketing.com.br\/marketing\/2024\/09\/11\/prio-homenageia-atletas-paralimpicos-com-arte-urbana-nas-ruas-do-rio\/\" \/>\n<meta property=\"og:locale\" content=\"pt_BR\" \/>\n<meta property=\"og:type\" content=\"article\" \/>\n<meta property=\"og:title\" content=\"PRIO homenageia atletas paral\u00edmpicos com arte urbana nas ruas do Rio - CidadeMarketing\" \/>\n<meta property=\"og:description\" content=\"O Rio de Janeiro, ganhou um toque ainda mais especial com a iniciativa da PRIO. A empresa pintou diversas vagas de estacionamento exclusivas para pessoas com defici\u00eancia (PCD), transformando-as em verdadeiras obras de arte que homenageiam os atletas paral\u00edmpicos brasileiros. Em uma a\u00e7\u00e3o in\u00e9dita, a PRIO, maior empresa independente de \u00f3leo e g\u00e1s do Brasil, [&hellip;]\" \/>\n<meta property=\"og:url\" content=\"https:\/\/www.cidademarketing.com.br\/marketing\/2024\/09\/11\/prio-homenageia-atletas-paralimpicos-com-arte-urbana-nas-ruas-do-rio\/\" \/>\n<meta property=\"og:site_name\" content=\"CidadeMarketing\" \/>\n<meta property=\"article:publisher\" content=\"https:\/\/www.facebook.com\/portalcidademarketing\" \/>\n<meta property=\"article:author\" content=\"https:\/\/www.facebook.com\/thalesbrandao\" \/>\n<meta property=\"article:published_time\" content=\"2024-09-11T03:07:06+00:00\" \/>\n<meta property=\"og:image\" content=\"https:\/\/www.cidademarketing.com.br\/marketing\/wp-content\/uploads\/2024\/09\/prio_campanha_pcd.webp\" \/>\n\t<meta property=\"og:image:width\" content=\"1115\" \/>\n\t<meta property=\"og:image:height\" content=\"619\" \/>\n\t<meta property=\"og:image:type\" content=\"image\/webp\" \/>\n<meta name=\"author\" content=\"Thales Brand\u00e3o\" \/>\n<meta name=\"twitter:card\" content=\"summary_large_image\" \/>\n<meta name=\"twitter:creator\" content=\"@http:\/\/www.twitter.com\/thalesbrandao\" \/>\n<meta name=\"twitter:site\" content=\"@CidadeMarketing\" \/>\n<meta name=\"twitter:label1\" content=\"Escrito por\" \/>\n\t<meta name=\"twitter:data1\" content=\"Thales Brand\u00e3o\" \/>\n\t<meta name=\"twitter:label2\" content=\"Est. tempo de leitura\" \/>\n\t<meta name=\"twitter:data2\" content=\"2 minutos\" \/>\n<script type=\"application\/ld+json\" class=\"yoast-schema-graph\">{\"@context\":\"https:\\\/\\\/schema.org\",\"@graph\":[{\"@type\":\"Article\",\"@id\":\"https:\\\/\\\/www.cidademarketing.com.br\\\/marketing\\\/2024\\\/09\\\/11\\\/prio-homenageia-atletas-paralimpicos-com-arte-urbana-nas-ruas-do-rio\\\/#article\",\"isPartOf\":{\"@id\":\"https:\\\/\\\/www.cidademarketing.com.br\\\/marketing\\\/2024\\\/09\\\/11\\\/prio-homenageia-atletas-paralimpicos-com-arte-urbana-nas-ruas-do-rio\\\/\"},\"author\":{\"name\":\"Thales Brand\u00e3o\",\"@id\":\"https:\\\/\\\/www.cidademarketing.com.br\\\/marketing\\\/#\\\/schema\\\/person\\\/02daff9f18bd9378c9e01eb6b2db155f\"},\"headline\":\"PRIO homenageia atletas paral\u00edmpicos com arte urbana nas ruas do Rio\",\"datePublished\":\"2024-09-11T03:07:06+00:00\",\"mainEntityOfPage\":{\"@id\":\"https:\\\/\\\/www.cidademarketing.com.br\\\/marketing\\\/2024\\\/09\\\/11\\\/prio-homenageia-atletas-paralimpicos-com-arte-urbana-nas-ruas-do-rio\\\/\"},\"wordCount\":448,\"commentCount\":0,\"publisher\":{\"@id\":\"https:\\\/\\\/www.cidademarketing.com.br\\\/marketing\\\/#organization\"},\"image\":{\"@id\":\"https:\\\/\\\/www.cidademarketing.com.br\\\/marketing\\\/2024\\\/09\\\/11\\\/prio-homenageia-atletas-paralimpicos-com-arte-urbana-nas-ruas-do-rio\\\/#primaryimage\"},\"thumbnailUrl\":\"https:\\\/\\\/www.cidademarketing.com.br\\\/marketing\\\/wp-content\\\/uploads\\\/2024\\\/09\\\/prio_campanha_pcd.webp\",\"keywords\":[\"acessibilidade\",\"arte\",\"arte urbana\",\"atletas paral\u00edmpicos\",\"estrat\u00e9gia\",\"experi\u00eancia\",\"inclus\u00e3o social\",\"marketing\",\"marketing social\",\"PCDs\",\"Prio\",\"responsabilidade social\",\"Rio de Janeiro\",\"TimePRIO\"],\"articleSection\":[\"Not\u00edcias\"],\"inLanguage\":\"pt-BR\",\"potentialAction\":[{\"@type\":\"CommentAction\",\"name\":\"Comment\",\"target\":[\"https:\\\/\\\/www.cidademarketing.com.br\\\/marketing\\\/2024\\\/09\\\/11\\\/prio-homenageia-atletas-paralimpicos-com-arte-urbana-nas-ruas-do-rio\\\/#respond\"]}]},{\"@type\":\"WebPage\",\"@id\":\"https:\\\/\\\/www.cidademarketing.com.br\\\/marketing\\\/2024\\\/09\\\/11\\\/prio-homenageia-atletas-paralimpicos-com-arte-urbana-nas-ruas-do-rio\\\/\",\"url\":\"https:\\\/\\\/www.cidademarketing.com.br\\\/marketing\\\/2024\\\/09\\\/11\\\/prio-homenageia-atletas-paralimpicos-com-arte-urbana-nas-ruas-do-rio\\\/\",\"name\":\"PRIO homenageia atletas paral\u00edmpicos com arte urbana nas ruas do Rio - CidadeMarketing\",\"isPartOf\":{\"@id\":\"https:\\\/\\\/www.cidademarketing.com.br\\\/marketing\\\/#website\"},\"primaryImageOfPage\":{\"@id\":\"https:\\\/\\\/www.cidademarketing.com.br\\\/marketing\\\/2024\\\/09\\\/11\\\/prio-homenageia-atletas-paralimpicos-com-arte-urbana-nas-ruas-do-rio\\\/#primaryimage\"},\"image\":{\"@id\":\"https:\\\/\\\/www.cidademarketing.com.br\\\/marketing\\\/2024\\\/09\\\/11\\\/prio-homenageia-atletas-paralimpicos-com-arte-urbana-nas-ruas-do-rio\\\/#primaryimage\"},\"thumbnailUrl\":\"https:\\\/\\\/www.cidademarketing.com.br\\\/marketing\\\/wp-content\\\/uploads\\\/2024\\\/09\\\/prio_campanha_pcd.webp\",\"datePublished\":\"2024-09-11T03:07:06+00:00\",\"breadcrumb\":{\"@id\":\"https:\\\/\\\/www.cidademarketing.com.br\\\/marketing\\\/2024\\\/09\\\/11\\\/prio-homenageia-atletas-paralimpicos-com-arte-urbana-nas-ruas-do-rio\\\/#breadcrumb\"},\"inLanguage\":\"pt-BR\",\"potentialAction\":[{\"@type\":\"ReadAction\",\"target\":[\"https:\\\/\\\/www.cidademarketing.com.br\\\/marketing\\\/2024\\\/09\\\/11\\\/prio-homenageia-atletas-paralimpicos-com-arte-urbana-nas-ruas-do-rio\\\/\"]}]},{\"@type\":\"ImageObject\",\"inLanguage\":\"pt-BR\",\"@id\":\"https:\\\/\\\/www.cidademarketing.com.br\\\/marketing\\\/2024\\\/09\\\/11\\\/prio-homenageia-atletas-paralimpicos-com-arte-urbana-nas-ruas-do-rio\\\/#primaryimage\",\"url\":\"https:\\\/\\\/www.cidademarketing.com.br\\\/marketing\\\/wp-content\\\/uploads\\\/2024\\\/09\\\/prio_campanha_pcd.webp\",\"contentUrl\":\"https:\\\/\\\/www.cidademarketing.com.br\\\/marketing\\\/wp-content\\\/uploads\\\/2024\\\/09\\\/prio_campanha_pcd.webp\",\"width\":1115,\"height\":619,\"caption\":\"Reprodu\u00e7\u00e3o\"},{\"@type\":\"BreadcrumbList\",\"@id\":\"https:\\\/\\\/www.cidademarketing.com.br\\\/marketing\\\/2024\\\/09\\\/11\\\/prio-homenageia-atletas-paralimpicos-com-arte-urbana-nas-ruas-do-rio\\\/#breadcrumb\",\"itemListElement\":[{\"@type\":\"ListItem\",\"position\":1,\"name\":\"In\u00edcio\",\"item\":\"https:\\\/\\\/www.cidademarketing.com.br\\\/marketing\\\/\"},{\"@type\":\"ListItem\",\"position\":2,\"name\":\"PRIO homenageia atletas paral\u00edmpicos com arte urbana nas ruas do Rio\"}]},{\"@type\":\"WebSite\",\"@id\":\"https:\\\/\\\/www.cidademarketing.com.br\\\/marketing\\\/#website\",\"url\":\"https:\\\/\\\/www.cidademarketing.com.br\\\/marketing\\\/\",\"name\":\"CidadeMarketing\",\"description\":\"Somos um ve\u00edculo de comunica\u00e7\u00e3o de destaque no Brasil, reconhecido por conte\u00fados nos segmentos de marketing, empreendedorismo e inova\u00e7\u00e3o.\",\"publisher\":{\"@id\":\"https:\\\/\\\/www.cidademarketing.com.br\\\/marketing\\\/#organization\"},\"alternateName\":\"CidadeMarketing\",\"potentialAction\":[{\"@type\":\"SearchAction\",\"target\":{\"@type\":\"EntryPoint\",\"urlTemplate\":\"https:\\\/\\\/www.cidademarketing.com.br\\\/marketing\\\/?s={search_term_string}\"},\"query-input\":{\"@type\":\"PropertyValueSpecification\",\"valueRequired\":true,\"valueName\":\"search_term_string\"}}],\"inLanguage\":\"pt-BR\"},{\"@type\":\"Organization\",\"@id\":\"https:\\\/\\\/www.cidademarketing.com.br\\\/marketing\\\/#organization\",\"name\":\"CidadeMarketing\",\"alternateName\":\"CidadeMarketing\",\"url\":\"https:\\\/\\\/www.cidademarketing.com.br\\\/marketing\\\/\",\"logo\":{\"@type\":\"ImageObject\",\"inLanguage\":\"pt-BR\",\"@id\":\"https:\\\/\\\/www.cidademarketing.com.br\\\/marketing\\\/#\\\/schema\\\/logo\\\/image\\\/\",\"url\":\"https:\\\/\\\/www.cidademarketing.com.br\\\/marketing\\\/wp-content\\\/uploads\\\/2020\\\/01\\\/cidademarketing_marca_mobile.png\",\"contentUrl\":\"https:\\\/\\\/www.cidademarketing.com.br\\\/marketing\\\/wp-content\\\/uploads\\\/2020\\\/01\\\/cidademarketing_marca_mobile.png\",\"width\":230,\"height\":92,\"caption\":\"CidadeMarketing\"},\"image\":{\"@id\":\"https:\\\/\\\/www.cidademarketing.com.br\\\/marketing\\\/#\\\/schema\\\/logo\\\/image\\\/\"},\"sameAs\":[\"https:\\\/\\\/www.facebook.com\\\/portalcidademarketing\",\"https:\\\/\\\/x.com\\\/CidadeMarketing\",\"https:\\\/\\\/www.instagram.com\\\/cidademarketing\\\/\"]},{\"@type\":\"Person\",\"@id\":\"https:\\\/\\\/www.cidademarketing.com.br\\\/marketing\\\/#\\\/schema\\\/person\\\/02daff9f18bd9378c9e01eb6b2db155f\",\"name\":\"Thales Brand\u00e3o\",\"image\":{\"@type\":\"ImageObject\",\"inLanguage\":\"pt-BR\",\"@id\":\"https:\\\/\\\/secure.gravatar.com\\\/avatar\\\/7ca3206950207cc3cb48feec56a8a7898741ab725c368d99d5d7a5a50aab80c6?s=96&d=mm&r=g\",\"url\":\"https:\\\/\\\/secure.gravatar.com\\\/avatar\\\/7ca3206950207cc3cb48feec56a8a7898741ab725c368d99d5d7a5a50aab80c6?s=96&d=mm&r=g\",\"contentUrl\":\"https:\\\/\\\/secure.gravatar.com\\\/avatar\\\/7ca3206950207cc3cb48feec56a8a7898741ab725c368d99d5d7a5a50aab80c6?s=96&d=mm&r=g\",\"caption\":\"Thales Brand\u00e3o\"},\"description\":\"Editor Executivo do Portal CidadeMarketing.com.br &gt; Mestre em Comunica\u00e7\u00e3o e Sociedade pela Universidade Federal de Sergipe. Possui MBA Executivo em Administra\u00e7\u00e3o com \u00eanfase em Marketing pela Funda\u00e7\u00e3o Get\u00falio Vargas - Rio de Janeiro. Consultor, Palestrante e Pesquisador sobre Empreendedorismo, Marketing, Redes Sociais e Neg\u00f3cios Digitais. Professor, Palestrante TedxTalks e Campus Party. Twitter: @ThalesBrandao\",\"sameAs\":[\"http:\\\/\\\/www.mandacaru.com.br\",\"https:\\\/\\\/www.facebook.com\\\/thalesbrandao\",\"http:\\\/\\\/www.instagram.com.br\\\/thalesbrandaoferreira\",\"https:\\\/\\\/www.linkedin.com\\\/in\\\/thales-brand\u00e3o-3948609\\\/\",\"https:\\\/\\\/x.com\\\/http:\\\/\\\/www.twitter.com\\\/thalesbrandao\"],\"url\":\"https:\\\/\\\/www.cidademarketing.com.br\\\/marketing\\\/author\\\/thalesbrandao\\\/\"}]}<\/script>\n<!-- \/ Yoast SEO plugin. -->","yoast_head_json":{"title":"PRIO homenageia atletas paral\u00edmpicos com arte urbana nas ruas do Rio - CidadeMarketing","robots":{"index":"index","follow":"follow","max-snippet":"max-snippet:-1","max-image-preview":"max-image-preview:large","max-video-preview":"max-video-preview:-1"},"canonical":"https:\/\/www.cidademarketing.com.br\/marketing\/2024\/09\/11\/prio-homenageia-atletas-paralimpicos-com-arte-urbana-nas-ruas-do-rio\/","og_locale":"pt_BR","og_type":"article","og_title":"PRIO homenageia atletas paral\u00edmpicos com arte urbana nas ruas do Rio - CidadeMarketing","og_description":"O Rio de Janeiro, ganhou um toque ainda mais especial com a iniciativa da PRIO. A empresa pintou diversas vagas de estacionamento exclusivas para pessoas com defici\u00eancia (PCD), transformando-as em verdadeiras obras de arte que homenageiam os atletas paral\u00edmpicos brasileiros. Em uma a\u00e7\u00e3o in\u00e9dita, a PRIO, maior empresa independente de \u00f3leo e g\u00e1s do Brasil, [&hellip;]","og_url":"https:\/\/www.cidademarketing.com.br\/marketing\/2024\/09\/11\/prio-homenageia-atletas-paralimpicos-com-arte-urbana-nas-ruas-do-rio\/","og_site_name":"CidadeMarketing","article_publisher":"https:\/\/www.facebook.com\/portalcidademarketing","article_author":"https:\/\/www.facebook.com\/thalesbrandao","article_published_time":"2024-09-11T03:07:06+00:00","og_image":[{"width":1115,"height":619,"url":"https:\/\/www.cidademarketing.com.br\/marketing\/wp-content\/uploads\/2024\/09\/prio_campanha_pcd.webp","type":"image\/webp"}],"author":"Thales Brand\u00e3o","twitter_card":"summary_large_image","twitter_creator":"@http:\/\/www.twitter.com\/thalesbrandao","twitter_site":"@CidadeMarketing","twitter_misc":{"Escrito por":"Thales Brand\u00e3o","Est. tempo de leitura":"2 minutos"},"schema":{"@context":"https:\/\/schema.org","@graph":[{"@type":"Article","@id":"https:\/\/www.cidademarketing.com.br\/marketing\/2024\/09\/11\/prio-homenageia-atletas-paralimpicos-com-arte-urbana-nas-ruas-do-rio\/#article","isPartOf":{"@id":"https:\/\/www.cidademarketing.com.br\/marketing\/2024\/09\/11\/prio-homenageia-atletas-paralimpicos-com-arte-urbana-nas-ruas-do-rio\/"},"author":{"name":"Thales Brand\u00e3o","@id":"https:\/\/www.cidademarketing.com.br\/marketing\/#\/schema\/person\/02daff9f18bd9378c9e01eb6b2db155f"},"headline":"PRIO homenageia atletas paral\u00edmpicos com arte urbana nas ruas do Rio","datePublished":"2024-09-11T03:07:06+00:00","mainEntityOfPage":{"@id":"https:\/\/www.cidademarketing.com.br\/marketing\/2024\/09\/11\/prio-homenageia-atletas-paralimpicos-com-arte-urbana-nas-ruas-do-rio\/"},"wordCount":448,"commentCount":0,"publisher":{"@id":"https:\/\/www.cidademarketing.com.br\/marketing\/#organization"},"image":{"@id":"https:\/\/www.cidademarketing.com.br\/marketing\/2024\/09\/11\/prio-homenageia-atletas-paralimpicos-com-arte-urbana-nas-ruas-do-rio\/#primaryimage"},"thumbnailUrl":"https:\/\/www.cidademarketing.com.br\/marketing\/wp-content\/uploads\/2024\/09\/prio_campanha_pcd.webp","keywords":["acessibilidade","arte","arte urbana","atletas paral\u00edmpicos","estrat\u00e9gia","experi\u00eancia","inclus\u00e3o social","marketing","marketing social","PCDs","Prio","responsabilidade social","Rio de Janeiro","TimePRIO"],"articleSection":["Not\u00edcias"],"inLanguage":"pt-BR","potentialAction":[{"@type":"CommentAction","name":"Comment","target":["https:\/\/www.cidademarketing.com.br\/marketing\/2024\/09\/11\/prio-homenageia-atletas-paralimpicos-com-arte-urbana-nas-ruas-do-rio\/#respond"]}]},{"@type":"WebPage","@id":"https:\/\/www.cidademarketing.com.br\/marketing\/2024\/09\/11\/prio-homenageia-atletas-paralimpicos-com-arte-urbana-nas-ruas-do-rio\/","url":"https:\/\/www.cidademarketing.com.br\/marketing\/2024\/09\/11\/prio-homenageia-atletas-paralimpicos-com-arte-urbana-nas-ruas-do-rio\/","name":"PRIO homenageia atletas paral\u00edmpicos com arte urbana nas ruas do Rio - CidadeMarketing","isPartOf":{"@id":"https:\/\/www.cidademarketing.com.br\/marketing\/#website"},"primaryImageOfPage":{"@id":"https:\/\/www.cidademarketing.com.br\/marketing\/2024\/09\/11\/prio-homenageia-atletas-paralimpicos-com-arte-urbana-nas-ruas-do-rio\/#primaryimage"},"image":{"@id":"https:\/\/www.cidademarketing.com.br\/marketing\/2024\/09\/11\/prio-homenageia-atletas-paralimpicos-com-arte-urbana-nas-ruas-do-rio\/#primaryimage"},"thumbnailUrl":"https:\/\/www.cidademarketing.com.br\/marketing\/wp-content\/uploads\/2024\/09\/prio_campanha_pcd.webp","datePublished":"2024-09-11T03:07:06+00:00","breadcrumb":{"@id":"https:\/\/www.cidademarketing.com.br\/marketing\/2024\/09\/11\/prio-homenageia-atletas-paralimpicos-com-arte-urbana-nas-ruas-do-rio\/#breadcrumb"},"inLanguage":"pt-BR","potentialAction":[{"@type":"ReadAction","target":["https:\/\/www.cidademarketing.com.br\/marketing\/2024\/09\/11\/prio-homenageia-atletas-paralimpicos-com-arte-urbana-nas-ruas-do-rio\/"]}]},{"@type":"ImageObject","inLanguage":"pt-BR","@id":"https:\/\/www.cidademarketing.com.br\/marketing\/2024\/09\/11\/prio-homenageia-atletas-paralimpicos-com-arte-urbana-nas-ruas-do-rio\/#primaryimage","url":"https:\/\/www.cidademarketing.com.br\/marketing\/wp-content\/uploads\/2024\/09\/prio_campanha_pcd.webp","contentUrl":"https:\/\/www.cidademarketing.com.br\/marketing\/wp-content\/uploads\/2024\/09\/prio_campanha_pcd.webp","width":1115,"height":619,"caption":"Reprodu\u00e7\u00e3o"},{"@type":"BreadcrumbList","@id":"https:\/\/www.cidademarketing.com.br\/marketing\/2024\/09\/11\/prio-homenageia-atletas-paralimpicos-com-arte-urbana-nas-ruas-do-rio\/#breadcrumb","itemListElement":[{"@type":"ListItem","position":1,"name":"In\u00edcio","item":"https:\/\/www.cidademarketing.com.br\/marketing\/"},{"@type":"ListItem","position":2,"name":"PRIO homenageia atletas paral\u00edmpicos com arte urbana nas ruas do Rio"}]},{"@type":"WebSite","@id":"https:\/\/www.cidademarketing.com.br\/marketing\/#website","url":"https:\/\/www.cidademarketing.com.br\/marketing\/","name":"CidadeMarketing","description":"Somos um ve\u00edculo de comunica\u00e7\u00e3o de destaque no Brasil, reconhecido por conte\u00fados nos segmentos de marketing, empreendedorismo e inova\u00e7\u00e3o.","publisher":{"@id":"https:\/\/www.cidademarketing.com.br\/marketing\/#organization"},"alternateName":"CidadeMarketing","potentialAction":[{"@type":"SearchAction","target":{"@type":"EntryPoint","urlTemplate":"https:\/\/www.cidademarketing.com.br\/marketing\/?s={search_term_string}"},"query-input":{"@type":"PropertyValueSpecification","valueRequired":true,"valueName":"search_term_string"}}],"inLanguage":"pt-BR"},{"@type":"Organization","@id":"https:\/\/www.cidademarketing.com.br\/marketing\/#organization","name":"CidadeMarketing","alternateName":"CidadeMarketing","url":"https:\/\/www.cidademarketing.com.br\/marketing\/","logo":{"@type":"ImageObject","inLanguage":"pt-BR","@id":"https:\/\/www.cidademarketing.com.br\/marketing\/#\/schema\/logo\/image\/","url":"https:\/\/www.cidademarketing.com.br\/marketing\/wp-content\/uploads\/2020\/01\/cidademarketing_marca_mobile.png","contentUrl":"https:\/\/www.cidademarketing.com.br\/marketing\/wp-content\/uploads\/2020\/01\/cidademarketing_marca_mobile.png","width":230,"height":92,"caption":"CidadeMarketing"},"image":{"@id":"https:\/\/www.cidademarketing.com.br\/marketing\/#\/schema\/logo\/image\/"},"sameAs":["https:\/\/www.facebook.com\/portalcidademarketing","https:\/\/x.com\/CidadeMarketing","https:\/\/www.instagram.com\/cidademarketing\/"]},{"@type":"Person","@id":"https:\/\/www.cidademarketing.com.br\/marketing\/#\/schema\/person\/02daff9f18bd9378c9e01eb6b2db155f","name":"Thales Brand\u00e3o","image":{"@type":"ImageObject","inLanguage":"pt-BR","@id":"https:\/\/secure.gravatar.com\/avatar\/7ca3206950207cc3cb48feec56a8a7898741ab725c368d99d5d7a5a50aab80c6?s=96&d=mm&r=g","url":"https:\/\/secure.gravatar.com\/avatar\/7ca3206950207cc3cb48feec56a8a7898741ab725c368d99d5d7a5a50aab80c6?s=96&d=mm&r=g","contentUrl":"https:\/\/secure.gravatar.com\/avatar\/7ca3206950207cc3cb48feec56a8a7898741ab725c368d99d5d7a5a50aab80c6?s=96&d=mm&r=g","caption":"Thales Brand\u00e3o"},"description":"Editor Executivo do Portal CidadeMarketing.com.br &gt; Mestre em Comunica\u00e7\u00e3o e Sociedade pela Universidade Federal de Sergipe. Possui MBA Executivo em Administra\u00e7\u00e3o com \u00eanfase em Marketing pela Funda\u00e7\u00e3o Get\u00falio Vargas - Rio de Janeiro. Consultor, Palestrante e Pesquisador sobre Empreendedorismo, Marketing, Redes Sociais e Neg\u00f3cios Digitais. Professor, Palestrante TedxTalks e Campus Party. Twitter: @ThalesBrandao","sameAs":["http:\/\/www.mandacaru.com.br","https:\/\/www.facebook.com\/thalesbrandao","http:\/\/www.instagram.com.br\/thalesbrandaoferreira","https:\/\/www.linkedin.com\/in\/thales-brand\u00e3o-3948609\/","https:\/\/x.com\/http:\/\/www.twitter.com\/thalesbrandao"],"url":"https:\/\/www.cidademarketing.com.br\/marketing\/author\/thalesbrandao\/"}]}},"amp_enabled":true,"_links":{"self":[{"href":"https:\/\/www.cidademarketing.com.br\/marketing\/wp-json\/wp\/v2\/posts\/52592","targetHints":{"allow":["GET"]}}],"collection":[{"href":"https:\/\/www.cidademarketing.com.br\/marketing\/wp-json\/wp\/v2\/posts"}],"about":[{"href":"https:\/\/www.cidademarketing.com.br\/marketing\/wp-json\/wp\/v2\/types\/post"}],"author":[{"embeddable":true,"href":"https:\/\/www.cidademarketing.com.br\/marketing\/wp-json\/wp\/v2\/users\/1"}],"replies":[{"embeddable":true,"href":"https:\/\/www.cidademarketing.com.br\/marketing\/wp-json\/wp\/v2\/comments?post=52592"}],"version-history":[{"count":1,"href":"https:\/\/www.cidademarketing.com.br\/marketing\/wp-json\/wp\/v2\/posts\/52592\/revisions"}],"predecessor-version":[{"id":52595,"href":"https:\/\/www.cidademarketing.com.br\/marketing\/wp-json\/wp\/v2\/posts\/52592\/revisions\/52595"}],"wp:featuredmedia":[{"embeddable":true,"href":"https:\/\/www.cidademarketing.com.br\/marketing\/wp-json\/wp\/v2\/media\/52594"}],"wp:attachment":[{"href":"https:\/\/www.cidademarketing.com.br\/marketing\/wp-json\/wp\/v2\/media?parent=52592"}],"wp:term":[{"taxonomy":"category","embeddable":true,"href":"https:\/\/www.cidademarketing.com.br\/marketing\/wp-json\/wp\/v2\/categories?post=52592"},{"taxonomy":"post_tag","embeddable":true,"href":"https:\/\/www.cidademarketing.com.br\/marketing\/wp-json\/wp\/v2\/tags?post=52592"}],"curies":[{"name":"wp","href":"https:\/\/api.w.org\/{rel}","templated":true}]}}